{"id":38217,"date":"2022-01-10T16:35:29","date_gmt":"2022-01-10T14:35:29","guid":{"rendered":"https:\/\/www.laguiadepamplona.com\/actualidad\/?p=38217"},"modified":"2023-04-11T11:48:37","modified_gmt":"2023-04-11T09:48:37","slug":"el-caudal-del-rio-arga-se-estabiliza-y-se-espera-su-evolucion-a-la-baja-en-las-proximas-horas-para-desactivar-los-niveles-de-alerta-establecidos-ayer-por-la-tarde","status":"publish","type":"post","link":"https:\/\/www.laguiadepamplona.com\/actualidad\/el-caudal-del-rio-arga-se-estabiliza-y-se-espera-su-evolucion-a-la-baja-en-las-proximas-horas-para-desactivar-los-niveles-de-alerta-establecidos-ayer-por-la-tarde\/","title":{"rendered":"El caudal del r\u00edo Arga se estabiliza y se espera su evoluci\u00f3n a la baja en las pr\u00f3ximas horas para desactivar los niveles de alerta establecidos ayer por la tarde"},"content":{"rendered":"<h5>Ma\u00f1ana martes se reanudar\u00e1 la zona azul en el sector de Rochapea Sur, excepto para aquellos vecinos afectados por las inundaciones de diciembre<\/h5>\n<p><!--more--><\/p>\n<p>La crecida del r\u00edo Arga a su paso por Pamplona no ha provocado afecciones importantes y se espera a la evoluci\u00f3n de su caudal en las pr\u00f3ximas horas para poder desactivar las alertas. En estos momentos, ese caudal se ha estabilizado y se prev\u00e9 que vaya descendiendo. La red viaria de Pamplona se encuentra abierta en su totalidad, excepto en la zona del Club Nataci\u00f3n y en la Magdalena, con restricciones de paso que se mantienen.<br \/>\n<script async src=\"\/\/pagead2.googlesyndication.com\/pagead\/js\/adsbygoogle.js\"><\/script><br \/>\n<!-- Noticias La Guia de Pamplona --><br \/>\n<ins class=\"adsbygoogle\"\nstyle=\"display:block\"\ndata-ad-client=\"ca-pub-6943679897239327\"\ndata-ad-slot=\"7048180777\"\ndata-ad-format=\"auto\"><\/ins><br \/>\n<script>\n(adsbygoogle = window.adsbygoogle || []).push({});\n<\/script><\/p>\n<p>La Polic\u00eda Municipal de Pamplona ha estado vigilando desde ayer la evoluci\u00f3n del cauce del r\u00edo Arga, que ha alcanzado este mediod\u00eda su punto m\u00e1s alto, con la mitad del caudal registrado en las inundaciones del pasado 10 de diciembre. Durante la tarde de ayer, Polic\u00eda Municipal remiti\u00f3 dos mensajes SMS a la ciudadan\u00eda para que se retiraran los veh\u00edculos de las zonas y los garajes inundables. Asimismo, se trabaj\u00f3 para retirar veh\u00edculos aparcados en las inmediaciones del r\u00edo en Rochapea o en la zona del Club Nataci\u00f3n, y se trabaj\u00f3 en la se\u00f1alizaci\u00f3n, precinto y corte al tr\u00e1fico de veh\u00edculos y peatonal de diferentes caminos, paseos y calles ante el riesgo de salida del r\u00edo.<\/p>\n<p>\u00danicamente se han anegado algunos caminos peatonales del parque fluvial del Arga en zonas como la Magdalena, el parque de Trinitarios o la zona del recinto ferial en Rochapea. Se prev\u00e9 que a lo largo de la tarde se desactiven los niveles de emergencia establecidos ayer, una vez que se ha estabilizado el caudal del r\u00edo. El Ayuntamiento y Polic\u00eda Municipal agradecen la colaboraci\u00f3n ciudadana ante la labor preventiva realizada desde ayer por la tarde e insisten en el cumplimiento de las recomendaciones y el respeto a la se\u00f1alizaci\u00f3n hasta que finalmente se desactive la alerta.<br \/>\n<script async src=\"\/\/pagead2.googlesyndication.com\/pagead\/js\/adsbygoogle.js\"><\/script><br \/>\n<!-- Noticias La Guia de Pamplona --><br \/>\n<ins class=\"adsbygoogle\"\nstyle=\"display:block\"\ndata-ad-client=\"ca-pub-6943679897239327\"\ndata-ad-slot=\"7048180777\"\ndata-ad-format=\"auto\"><\/ins><br \/>\n<script>\n(adsbygoogle = window.adsbygoogle || []).push({});\n<\/script><\/p>\n<p><strong>Ma\u00f1ana se reanuda la zona azul en Rochapea Sur<\/strong><\/p>\n<p>La previsi\u00f3n del final del aviso de avenida del r\u00edo Arga a su paso por Pamplona conllevar\u00e1 tambi\u00e9n que, a partir de ma\u00f1ana martes, vuelva funcionar con normalidad la zona azul en la zona de Rochapea Sur. Ayer por la tarde el Ayuntamiento de Pamplona decidi\u00f3 suspender el pago por aparcar en esa zona de la ciudad para que los vecinos y vecinas pudieran sacar sus veh\u00edculos de los garajes y estacionarlos en las plazas azules o naranjas en previsi\u00f3n de la crecida del r\u00edo.<\/p>\n<p>El Ayuntamiento de Pamplona mantiene la excepci\u00f3n de pago en esa zona azul a aquellos vecinos y vecinas de la zona afectados por las inundaciones del pasado 10 de diciembre, que todav\u00eda est\u00e1n pendientes de diferentes aspectos relacionados con los garajes subterr\u00e1neos que resultaron anegados por el agua.<br \/>\n<script async src=\"\/\/pagead2.googlesyndication.com\/pagead\/js\/adsbygoogle.js\"><\/script><br \/>\n<!-- Noticias La Guia de Pamplona --><br \/>\n<ins class=\"adsbygoogle\"\nstyle=\"display:block\"\ndata-ad-client=\"ca-pub-6943679897239327\"\ndata-ad-slot=\"7048180777\"\ndata-ad-format=\"auto\"><\/ins><br \/>\n<script>\n(adsbygoogle = window.adsbygoogle || []).push({});\n<\/script><\/p>\n<p>Tambi\u00e9n ma\u00f1ana martes est\u00e1 prevista una nueva reuni\u00f3n del grupo de trabajo sobre inundaciones, que se cre\u00f3 el pasado mes de diciembre para analizar las acciones necesarias para minimizar los efectos de las crecidas del Arga y las acciones de mejora que se puedan acometer. El grupo de trabajo est\u00e1 presidido por el alcalde de Pamplona, Enrique Maya, y lo conforman los responsables de Polic\u00eda Municipal y las \u00e1reas de Alcald\u00eda, de Seguridad Ciudadana, de Proyectos Estrat\u00e9gicos, Movilidad y Sostenibilidad y de la Gerencia de Urbanismo.<\/p>\n","protected":false},"excerpt":{"rendered":"<p>Ma\u00f1ana martes se reanudar\u00e1 la zona azul en el sector de Rochapea Sur, excepto para aquellos vecinos afectados por las inundaciones de diciembre<\/p>\n","protected":false},"author":1,"featured_media":38218,"comment_status":"open","ping_status":"closed","sticky":false,"template":"","format":"standard","meta":{"footnotes":""},"categories":[2],"tags":[],"class_list":["post-38217","post","type-post","status-publish","format-standard","has-post-thumbnail","hentry","category-ayuntamiento-pamplona"],"yoast_head":"<!-- This site is optimized with the Yoast SEO plugin v27.3 - https:\/\/yoast.com\/product\/yoast-seo-wordpress\/ -->\n<title>El caudal del r\u00edo Arga se estabiliza y se espera su evoluci\u00f3n a la baja en las pr\u00f3ximas horas para desactivar los niveles de alerta establecidos ayer por la tarde<\/title>\n<meta name=\"description\" content=\"Ma\u00f1ana martes se reanudar\u00e1 la zona azul en el sector de Rochapea Sur, excepto para aquellos vecinos afectados por las inundaciones de diciembre\" \/>\n<meta name=\"robots\" content=\"index, follow, max-snippet:-1, max-image-preview:large, max-video-preview:-1\" \/>\n<link rel=\"canonical\" href=\"https:\/\/www.laguiadepamplona.com\/actualidad\/el-caudal-del-rio-arga-se-estabiliza-y-se-espera-su-evolucion-a-la-baja-en-las-proximas-horas-para-desactivar-los-niveles-de-alerta-establecidos-ayer-por-la-tarde\/\" \/>\n<meta property=\"og:locale\" content=\"es_ES\" \/>\n<meta property=\"og:type\" content=\"article\" \/>\n<meta property=\"og:title\" content=\"El caudal del r\u00edo Arga se estabiliza y se espera su evoluci\u00f3n a la baja en las pr\u00f3ximas horas para desactivar los niveles de alerta establecidos ayer por la tarde\" \/>\n<meta property=\"og:description\" content=\"Ma\u00f1ana martes se reanudar\u00e1 la zona azul en el sector de Rochapea Sur, excepto para aquellos vecinos afectados por las inundaciones de diciembre\" \/>\n<meta property=\"og:url\" content=\"https:\/\/www.laguiadepamplona.com\/actualidad\/el-caudal-del-rio-arga-se-estabiliza-y-se-espera-su-evolucion-a-la-baja-en-las-proximas-horas-para-desactivar-los-niveles-de-alerta-establecidos-ayer-por-la-tarde\/\" \/>\n<meta property=\"og:site_name\" content=\"La Gu\u00eda de Pamplona\" \/>\n<meta property=\"article:publisher\" content=\"https:\/\/www.facebook.com\/laguiadepamplonacom-133175176762273\/?ref=hl\" \/>\n<meta property=\"article:published_time\" content=\"2022-01-10T14:35:29+00:00\" \/>\n<meta property=\"article:modified_time\" content=\"2023-04-11T09:48:37+00:00\" \/>\n<meta property=\"og:image\" content=\"https:\/\/www.laguiadepamplona.com\/actualidad\/wp-content\/uploads\/2022\/01\/subidadelargaee5a0597_0.jpg\" \/>\n\t<meta property=\"og:image:width\" content=\"1920\" \/>\n\t<meta property=\"og:image:height\" content=\"1280\" \/>\n\t<meta property=\"og:image:type\" content=\"image\/jpeg\" \/>\n<meta name=\"author\" content=\"La Gu\u00eda de Pamplona\" \/>\n<meta name=\"twitter:card\" content=\"summary_large_image\" \/>\n<meta name=\"twitter:creator\" content=\"@LaGuiadPamplona\" \/>\n<meta name=\"twitter:site\" content=\"@LaGuiadPamplona\" \/>\n<meta name=\"twitter:label1\" content=\"Escrito por\" \/>\n\t<meta name=\"twitter:data1\" content=\"La Gu\u00eda de Pamplona\" \/>\n\t<meta name=\"twitter:label2\" content=\"Tiempo de lectura\" \/>\n\t<meta name=\"twitter:data2\" content=\"3 minutos\" \/>\n<script type=\"application\/ld+json\" class=\"yoast-schema-graph\">{\"@context\":\"https:\\\/\\\/schema.org\",\"@graph\":[{\"@type\":\"Article\",\"@id\":\"https:\\\/\\\/www.laguiadepamplona.com\\\/actualidad\\\/el-caudal-del-rio-arga-se-estabiliza-y-se-espera-su-evolucion-a-la-baja-en-las-proximas-horas-para-desactivar-los-niveles-de-alerta-establecidos-ayer-por-la-tarde\\\/#article\",\"isPartOf\":{\"@id\":\"https:\\\/\\\/www.laguiadepamplona.com\\\/actualidad\\\/el-caudal-del-rio-arga-se-estabiliza-y-se-espera-su-evolucion-a-la-baja-en-las-proximas-horas-para-desactivar-los-niveles-de-alerta-establecidos-ayer-por-la-tarde\\\/\"},\"author\":{\"name\":\"La Gu\u00eda de Pamplona\",\"@id\":\"https:\\\/\\\/www.laguiadepamplona.com\\\/actualidad\\\/#\\\/schema\\\/person\\\/efe887376f0213d4657c93adc50b1fdb\"},\"headline\":\"El caudal del r\u00edo Arga se estabiliza y se espera su evoluci\u00f3n a la baja en las pr\u00f3ximas horas para desactivar los niveles de alerta establecidos ayer por la tarde\",\"datePublished\":\"2022-01-10T14:35:29+00:00\",\"dateModified\":\"2023-04-11T09:48:37+00:00\",\"mainEntityOfPage\":{\"@id\":\"https:\\\/\\\/www.laguiadepamplona.com\\\/actualidad\\\/el-caudal-del-rio-arga-se-estabiliza-y-se-espera-su-evolucion-a-la-baja-en-las-proximas-horas-para-desactivar-los-niveles-de-alerta-establecidos-ayer-por-la-tarde\\\/\"},\"wordCount\":614,\"commentCount\":0,\"publisher\":{\"@id\":\"https:\\\/\\\/www.laguiadepamplona.com\\\/actualidad\\\/#organization\"},\"image\":{\"@id\":\"https:\\\/\\\/www.laguiadepamplona.com\\\/actualidad\\\/el-caudal-del-rio-arga-se-estabiliza-y-se-espera-su-evolucion-a-la-baja-en-las-proximas-horas-para-desactivar-los-niveles-de-alerta-establecidos-ayer-por-la-tarde\\\/#primaryimage\"},\"thumbnailUrl\":\"https:\\\/\\\/www.laguiadepamplona.com\\\/actualidad\\\/wp-content\\\/uploads\\\/2022\\\/01\\\/subidadelargaee5a0597_0.jpg\",\"articleSection\":[\"Ayto Pamplona\"],\"inLanguage\":\"es\",\"potentialAction\":[{\"@type\":\"CommentAction\",\"name\":\"Comment\",\"target\":[\"https:\\\/\\\/www.laguiadepamplona.com\\\/actualidad\\\/el-caudal-del-rio-arga-se-estabiliza-y-se-espera-su-evolucion-a-la-baja-en-las-proximas-horas-para-desactivar-los-niveles-de-alerta-establecidos-ayer-por-la-tarde\\\/#respond\"]}]},{\"@type\":\"WebPage\",\"@id\":\"https:\\\/\\\/www.laguiadepamplona.com\\\/actualidad\\\/el-caudal-del-rio-arga-se-estabiliza-y-se-espera-su-evolucion-a-la-baja-en-las-proximas-horas-para-desactivar-los-niveles-de-alerta-establecidos-ayer-por-la-tarde\\\/\",\"url\":\"https:\\\/\\\/www.laguiadepamplona.com\\\/actualidad\\\/el-caudal-del-rio-arga-se-estabiliza-y-se-espera-su-evolucion-a-la-baja-en-las-proximas-horas-para-desactivar-los-niveles-de-alerta-establecidos-ayer-por-la-tarde\\\/\",\"name\":\"El caudal del r\u00edo Arga se estabiliza y se espera su evoluci\u00f3n a la baja en las pr\u00f3ximas horas para desactivar los niveles de alerta establecidos ayer por la tarde\",\"isPartOf\":{\"@id\":\"https:\\\/\\\/www.laguiadepamplona.com\\\/actualidad\\\/#website\"},\"primaryImageOfPage\":{\"@id\":\"https:\\\/\\\/www.laguiadepamplona.com\\\/actualidad\\\/el-caudal-del-rio-arga-se-estabiliza-y-se-espera-su-evolucion-a-la-baja-en-las-proximas-horas-para-desactivar-los-niveles-de-alerta-establecidos-ayer-por-la-tarde\\\/#primaryimage\"},\"image\":{\"@id\":\"https:\\\/\\\/www.laguiadepamplona.com\\\/actualidad\\\/el-caudal-del-rio-arga-se-estabiliza-y-se-espera-su-evolucion-a-la-baja-en-las-proximas-horas-para-desactivar-los-niveles-de-alerta-establecidos-ayer-por-la-tarde\\\/#primaryimage\"},\"thumbnailUrl\":\"https:\\\/\\\/www.laguiadepamplona.com\\\/actualidad\\\/wp-content\\\/uploads\\\/2022\\\/01\\\/subidadelargaee5a0597_0.jpg\",\"datePublished\":\"2022-01-10T14:35:29+00:00\",\"dateModified\":\"2023-04-11T09:48:37+00:00\",\"description\":\"Ma\u00f1ana martes se reanudar\u00e1 la zona azul en el sector de Rochapea Sur, excepto para aquellos vecinos afectados por las inundaciones de diciembre\",\"breadcrumb\":{\"@id\":\"https:\\\/\\\/www.laguiadepamplona.com\\\/actualidad\\\/el-caudal-del-rio-arga-se-estabiliza-y-se-espera-su-evolucion-a-la-baja-en-las-proximas-horas-para-desactivar-los-niveles-de-alerta-establecidos-ayer-por-la-tarde\\\/#breadcrumb\"},\"inLanguage\":\"es\",\"potentialAction\":[{\"@type\":\"ReadAction\",\"target\":[\"https:\\\/\\\/www.laguiadepamplona.com\\\/actualidad\\\/el-caudal-del-rio-arga-se-estabiliza-y-se-espera-su-evolucion-a-la-baja-en-las-proximas-horas-para-desactivar-los-niveles-de-alerta-establecidos-ayer-por-la-tarde\\\/\"]}]},{\"@type\":\"ImageObject\",\"inLanguage\":\"es\",\"@id\":\"https:\\\/\\\/www.laguiadepamplona.com\\\/actualidad\\\/el-caudal-del-rio-arga-se-estabiliza-y-se-espera-su-evolucion-a-la-baja-en-las-proximas-horas-para-desactivar-los-niveles-de-alerta-establecidos-ayer-por-la-tarde\\\/#primaryimage\",\"url\":\"https:\\\/\\\/www.laguiadepamplona.com\\\/actualidad\\\/wp-content\\\/uploads\\\/2022\\\/01\\\/subidadelargaee5a0597_0.jpg\",\"contentUrl\":\"https:\\\/\\\/www.laguiadepamplona.com\\\/actualidad\\\/wp-content\\\/uploads\\\/2022\\\/01\\\/subidadelargaee5a0597_0.jpg\",\"width\":1920,\"height\":1280},{\"@type\":\"BreadcrumbList\",\"@id\":\"https:\\\/\\\/www.laguiadepamplona.com\\\/actualidad\\\/el-caudal-del-rio-arga-se-estabiliza-y-se-espera-su-evolucion-a-la-baja-en-las-proximas-horas-para-desactivar-los-niveles-de-alerta-establecidos-ayer-por-la-tarde\\\/#breadcrumb\",\"itemListElement\":[{\"@type\":\"ListItem\",\"position\":1,\"name\":\"Portada\",\"item\":\"https:\\\/\\\/www.laguiadepamplona.com\\\/actualidad\\\/\"},{\"@type\":\"ListItem\",\"position\":2,\"name\":\"El caudal del r\u00edo Arga se estabiliza y se espera su evoluci\u00f3n a la baja en las pr\u00f3ximas horas para desactivar los niveles de alerta establecidos ayer por la tarde\"}]},{\"@type\":\"WebSite\",\"@id\":\"https:\\\/\\\/www.laguiadepamplona.com\\\/actualidad\\\/#website\",\"url\":\"https:\\\/\\\/www.laguiadepamplona.com\\\/actualidad\\\/\",\"name\":\"La gu\u00eda de Pamplona\",\"description\":\"Noticias de Pamplona\",\"publisher\":{\"@id\":\"https:\\\/\\\/www.laguiadepamplona.com\\\/actualidad\\\/#organization\"},\"potentialAction\":[{\"@type\":\"SearchAction\",\"target\":{\"@type\":\"EntryPoint\",\"urlTemplate\":\"https:\\\/\\\/www.laguiadepamplona.com\\\/actualidad\\\/?s={search_term_string}\"},\"query-input\":{\"@type\":\"PropertyValueSpecification\",\"valueRequired\":true,\"valueName\":\"search_term_string\"}}],\"inLanguage\":\"es\"},{\"@type\":\"Organization\",\"@id\":\"https:\\\/\\\/www.laguiadepamplona.com\\\/actualidad\\\/#organization\",\"name\":\"La Gu\u00eda de Pamplona \\\/ Noticias\",\"url\":\"https:\\\/\\\/www.laguiadepamplona.com\\\/actualidad\\\/\",\"logo\":{\"@type\":\"ImageObject\",\"inLanguage\":\"es\",\"@id\":\"https:\\\/\\\/www.laguiadepamplona.com\\\/actualidad\\\/#\\\/schema\\\/logo\\\/image\\\/\",\"url\":\"https:\\\/\\\/www.laguiadepamplona.com\\\/actualidad\\\/wp-content\\\/uploads\\\/2018\\\/11\\\/logo-laguiadepamplona18-web1.png\",\"contentUrl\":\"https:\\\/\\\/www.laguiadepamplona.com\\\/actualidad\\\/wp-content\\\/uploads\\\/2018\\\/11\\\/logo-laguiadepamplona18-web1.png\",\"width\":600,\"height\":196,\"caption\":\"La Gu\u00eda de Pamplona \\\/ Noticias\"},\"image\":{\"@id\":\"https:\\\/\\\/www.laguiadepamplona.com\\\/actualidad\\\/#\\\/schema\\\/logo\\\/image\\\/\"},\"sameAs\":[\"https:\\\/\\\/www.facebook.com\\\/laguiadepamplonacom-133175176762273\\\/?ref=hl\",\"https:\\\/\\\/x.com\\\/LaGuiadPamplona\",\"https:\\\/\\\/www.instagram.com\\\/la_guia_de_pamplona\\\/\",\"https:\\\/\\\/www.youtube.com\\\/user\\\/laguiadepamplona\"]},{\"@type\":\"Person\",\"@id\":\"https:\\\/\\\/www.laguiadepamplona.com\\\/actualidad\\\/#\\\/schema\\\/person\\\/efe887376f0213d4657c93adc50b1fdb\",\"name\":\"La Gu\u00eda de Pamplona\",\"image\":{\"@type\":\"ImageObject\",\"inLanguage\":\"es\",\"@id\":\"https:\\\/\\\/secure.gravatar.com\\\/avatar\\\/b6992f131dc8d30ab0dff15446e9d346d9dbd95992de0fef795073f5ea83a81c?s=96&d=mm&r=g\",\"url\":\"https:\\\/\\\/secure.gravatar.com\\\/avatar\\\/b6992f131dc8d30ab0dff15446e9d346d9dbd95992de0fef795073f5ea83a81c?s=96&d=mm&r=g\",\"contentUrl\":\"https:\\\/\\\/secure.gravatar.com\\\/avatar\\\/b6992f131dc8d30ab0dff15446e9d346d9dbd95992de0fef795073f5ea83a81c?s=96&d=mm&r=g\",\"caption\":\"La Gu\u00eda de Pamplona\"}}]}<\/script>\n<!-- \/ Yoast SEO plugin. -->","yoast_head_json":{"title":"El caudal del r\u00edo Arga se estabiliza y se espera su evoluci\u00f3n a la baja en las pr\u00f3ximas horas para desactivar los niveles de alerta establecidos ayer por la tarde","description":"Ma\u00f1ana martes se reanudar\u00e1 la zona azul en el sector de Rochapea Sur, excepto para aquellos vecinos afectados por las inundaciones de diciembre","robots":{"index":"index","follow":"follow","max-snippet":"max-snippet:-1","max-image-preview":"max-image-preview:large","max-video-preview":"max-video-preview:-1"},"canonical":"https:\/\/www.laguiadepamplona.com\/actualidad\/el-caudal-del-rio-arga-se-estabiliza-y-se-espera-su-evolucion-a-la-baja-en-las-proximas-horas-para-desactivar-los-niveles-de-alerta-establecidos-ayer-por-la-tarde\/","og_locale":"es_ES","og_type":"article","og_title":"El caudal del r\u00edo Arga se estabiliza y se espera su evoluci\u00f3n a la baja en las pr\u00f3ximas horas para desactivar los niveles de alerta establecidos ayer por la tarde","og_description":"Ma\u00f1ana martes se reanudar\u00e1 la zona azul en el sector de Rochapea Sur, excepto para aquellos vecinos afectados por las inundaciones de diciembre","og_url":"https:\/\/www.laguiadepamplona.com\/actualidad\/el-caudal-del-rio-arga-se-estabiliza-y-se-espera-su-evolucion-a-la-baja-en-las-proximas-horas-para-desactivar-los-niveles-de-alerta-establecidos-ayer-por-la-tarde\/","og_site_name":"La Gu\u00eda de Pamplona","article_publisher":"https:\/\/www.facebook.com\/laguiadepamplonacom-133175176762273\/?ref=hl","article_published_time":"2022-01-10T14:35:29+00:00","article_modified_time":"2023-04-11T09:48:37+00:00","og_image":[{"width":1920,"height":1280,"url":"https:\/\/www.laguiadepamplona.com\/actualidad\/wp-content\/uploads\/2022\/01\/subidadelargaee5a0597_0.jpg","type":"image\/jpeg"}],"author":"La Gu\u00eda de Pamplona","twitter_card":"summary_large_image","twitter_creator":"@LaGuiadPamplona","twitter_site":"@LaGuiadPamplona","twitter_misc":{"Escrito por":"La Gu\u00eda de Pamplona","Tiempo de lectura":"3 minutos"},"schema":{"@context":"https:\/\/schema.org","@graph":[{"@type":"Article","@id":"https:\/\/www.laguiadepamplona.com\/actualidad\/el-caudal-del-rio-arga-se-estabiliza-y-se-espera-su-evolucion-a-la-baja-en-las-proximas-horas-para-desactivar-los-niveles-de-alerta-establecidos-ayer-por-la-tarde\/#article","isPartOf":{"@id":"https:\/\/www.laguiadepamplona.com\/actualidad\/el-caudal-del-rio-arga-se-estabiliza-y-se-espera-su-evolucion-a-la-baja-en-las-proximas-horas-para-desactivar-los-niveles-de-alerta-establecidos-ayer-por-la-tarde\/"},"author":{"name":"La Gu\u00eda de Pamplona","@id":"https:\/\/www.laguiadepamplona.com\/actualidad\/#\/schema\/person\/efe887376f0213d4657c93adc50b1fdb"},"headline":"El caudal del r\u00edo Arga se estabiliza y se espera su evoluci\u00f3n a la baja en las pr\u00f3ximas horas para desactivar los niveles de alerta establecidos ayer por la tarde","datePublished":"2022-01-10T14:35:29+00:00","dateModified":"2023-04-11T09:48:37+00:00","mainEntityOfPage":{"@id":"https:\/\/www.laguiadepamplona.com\/actualidad\/el-caudal-del-rio-arga-se-estabiliza-y-se-espera-su-evolucion-a-la-baja-en-las-proximas-horas-para-desactivar-los-niveles-de-alerta-establecidos-ayer-por-la-tarde\/"},"wordCount":614,"commentCount":0,"publisher":{"@id":"https:\/\/www.laguiadepamplona.com\/actualidad\/#organization"},"image":{"@id":"https:\/\/www.laguiadepamplona.com\/actualidad\/el-caudal-del-rio-arga-se-estabiliza-y-se-espera-su-evolucion-a-la-baja-en-las-proximas-horas-para-desactivar-los-niveles-de-alerta-establecidos-ayer-por-la-tarde\/#primaryimage"},"thumbnailUrl":"https:\/\/www.laguiadepamplona.com\/actualidad\/wp-content\/uploads\/2022\/01\/subidadelargaee5a0597_0.jpg","articleSection":["Ayto Pamplona"],"inLanguage":"es","potentialAction":[{"@type":"CommentAction","name":"Comment","target":["https:\/\/www.laguiadepamplona.com\/actualidad\/el-caudal-del-rio-arga-se-estabiliza-y-se-espera-su-evolucion-a-la-baja-en-las-proximas-horas-para-desactivar-los-niveles-de-alerta-establecidos-ayer-por-la-tarde\/#respond"]}]},{"@type":"WebPage","@id":"https:\/\/www.laguiadepamplona.com\/actualidad\/el-caudal-del-rio-arga-se-estabiliza-y-se-espera-su-evolucion-a-la-baja-en-las-proximas-horas-para-desactivar-los-niveles-de-alerta-establecidos-ayer-por-la-tarde\/","url":"https:\/\/www.laguiadepamplona.com\/actualidad\/el-caudal-del-rio-arga-se-estabiliza-y-se-espera-su-evolucion-a-la-baja-en-las-proximas-horas-para-desactivar-los-niveles-de-alerta-establecidos-ayer-por-la-tarde\/","name":"El caudal del r\u00edo Arga se estabiliza y se espera su evoluci\u00f3n a la baja en las pr\u00f3ximas horas para desactivar los niveles de alerta establecidos ayer por la tarde","isPartOf":{"@id":"https:\/\/www.laguiadepamplona.com\/actualidad\/#website"},"primaryImageOfPage":{"@id":"https:\/\/www.laguiadepamplona.com\/actualidad\/el-caudal-del-rio-arga-se-estabiliza-y-se-espera-su-evolucion-a-la-baja-en-las-proximas-horas-para-desactivar-los-niveles-de-alerta-establecidos-ayer-por-la-tarde\/#primaryimage"},"image":{"@id":"https:\/\/www.laguiadepamplona.com\/actualidad\/el-caudal-del-rio-arga-se-estabiliza-y-se-espera-su-evolucion-a-la-baja-en-las-proximas-horas-para-desactivar-los-niveles-de-alerta-establecidos-ayer-por-la-tarde\/#primaryimage"},"thumbnailUrl":"https:\/\/www.laguiadepamplona.com\/actualidad\/wp-content\/uploads\/2022\/01\/subidadelargaee5a0597_0.jpg","datePublished":"2022-01-10T14:35:29+00:00","dateModified":"2023-04-11T09:48:37+00:00","description":"Ma\u00f1ana martes se reanudar\u00e1 la zona azul en el sector de Rochapea Sur, excepto para aquellos vecinos afectados por las inundaciones de diciembre","breadcrumb":{"@id":"https:\/\/www.laguiadepamplona.com\/actualidad\/el-caudal-del-rio-arga-se-estabiliza-y-se-espera-su-evolucion-a-la-baja-en-las-proximas-horas-para-desactivar-los-niveles-de-alerta-establecidos-ayer-por-la-tarde\/#breadcrumb"},"inLanguage":"es","potentialAction":[{"@type":"ReadAction","target":["https:\/\/www.laguiadepamplona.com\/actualidad\/el-caudal-del-rio-arga-se-estabiliza-y-se-espera-su-evolucion-a-la-baja-en-las-proximas-horas-para-desactivar-los-niveles-de-alerta-establecidos-ayer-por-la-tarde\/"]}]},{"@type":"ImageObject","inLanguage":"es","@id":"https:\/\/www.laguiadepamplona.com\/actualidad\/el-caudal-del-rio-arga-se-estabiliza-y-se-espera-su-evolucion-a-la-baja-en-las-proximas-horas-para-desactivar-los-niveles-de-alerta-establecidos-ayer-por-la-tarde\/#primaryimage","url":"https:\/\/www.laguiadepamplona.com\/actualidad\/wp-content\/uploads\/2022\/01\/subidadelargaee5a0597_0.jpg","contentUrl":"https:\/\/www.laguiadepamplona.com\/actualidad\/wp-content\/uploads\/2022\/01\/subidadelargaee5a0597_0.jpg","width":1920,"height":1280},{"@type":"BreadcrumbList","@id":"https:\/\/www.laguiadepamplona.com\/actualidad\/el-caudal-del-rio-arga-se-estabiliza-y-se-espera-su-evolucion-a-la-baja-en-las-proximas-horas-para-desactivar-los-niveles-de-alerta-establecidos-ayer-por-la-tarde\/#breadcrumb","itemListElement":[{"@type":"ListItem","position":1,"name":"Portada","item":"https:\/\/www.laguiadepamplona.com\/actualidad\/"},{"@type":"ListItem","position":2,"name":"El caudal del r\u00edo Arga se estabiliza y se espera su evoluci\u00f3n a la baja en las pr\u00f3ximas horas para desactivar los niveles de alerta establecidos ayer por la tarde"}]},{"@type":"WebSite","@id":"https:\/\/www.laguiadepamplona.com\/actualidad\/#website","url":"https:\/\/www.laguiadepamplona.com\/actualidad\/","name":"La gu\u00eda de Pamplona","description":"Noticias de Pamplona","publisher":{"@id":"https:\/\/www.laguiadepamplona.com\/actualidad\/#organization"},"potentialAction":[{"@type":"SearchAction","target":{"@type":"EntryPoint","urlTemplate":"https:\/\/www.laguiadepamplona.com\/actualidad\/?s={search_term_string}"},"query-input":{"@type":"PropertyValueSpecification","valueRequired":true,"valueName":"search_term_string"}}],"inLanguage":"es"},{"@type":"Organization","@id":"https:\/\/www.laguiadepamplona.com\/actualidad\/#organization","name":"La Gu\u00eda de Pamplona \/ Noticias","url":"https:\/\/www.laguiadepamplona.com\/actualidad\/","logo":{"@type":"ImageObject","inLanguage":"es","@id":"https:\/\/www.laguiadepamplona.com\/actualidad\/#\/schema\/logo\/image\/","url":"https:\/\/www.laguiadepamplona.com\/actualidad\/wp-content\/uploads\/2018\/11\/logo-laguiadepamplona18-web1.png","contentUrl":"https:\/\/www.laguiadepamplona.com\/actualidad\/wp-content\/uploads\/2018\/11\/logo-laguiadepamplona18-web1.png","width":600,"height":196,"caption":"La Gu\u00eda de Pamplona \/ Noticias"},"image":{"@id":"https:\/\/www.laguiadepamplona.com\/actualidad\/#\/schema\/logo\/image\/"},"sameAs":["https:\/\/www.facebook.com\/laguiadepamplonacom-133175176762273\/?ref=hl","https:\/\/x.com\/LaGuiadPamplona","https:\/\/www.instagram.com\/la_guia_de_pamplona\/","https:\/\/www.youtube.com\/user\/laguiadepamplona"]},{"@type":"Person","@id":"https:\/\/www.laguiadepamplona.com\/actualidad\/#\/schema\/person\/efe887376f0213d4657c93adc50b1fdb","name":"La Gu\u00eda de Pamplona","image":{"@type":"ImageObject","inLanguage":"es","@id":"https:\/\/secure.gravatar.com\/avatar\/b6992f131dc8d30ab0dff15446e9d346d9dbd95992de0fef795073f5ea83a81c?s=96&d=mm&r=g","url":"https:\/\/secure.gravatar.com\/avatar\/b6992f131dc8d30ab0dff15446e9d346d9dbd95992de0fef795073f5ea83a81c?s=96&d=mm&r=g","contentUrl":"https:\/\/secure.gravatar.com\/avatar\/b6992f131dc8d30ab0dff15446e9d346d9dbd95992de0fef795073f5ea83a81c?s=96&d=mm&r=g","caption":"La Gu\u00eda de Pamplona"}}]}},"post_mailing_queue_ids":[],"_links":{"self":[{"href":"https:\/\/www.laguiadepamplona.com\/actualidad\/wp-json\/wp\/v2\/posts\/38217","targetHints":{"allow":["GET"]}}],"collection":[{"href":"https:\/\/www.laguiadepamplona.com\/actualidad\/wp-json\/wp\/v2\/posts"}],"about":[{"href":"https:\/\/www.laguiadepamplona.com\/actualidad\/wp-json\/wp\/v2\/types\/post"}],"author":[{"embeddable":true,"href":"https:\/\/www.laguiadepamplona.com\/actualidad\/wp-json\/wp\/v2\/users\/1"}],"replies":[{"embeddable":true,"href":"https:\/\/www.laguiadepamplona.com\/actualidad\/wp-json\/wp\/v2\/comments?post=38217"}],"version-history":[{"count":0,"href":"https:\/\/www.laguiadepamplona.com\/actualidad\/wp-json\/wp\/v2\/posts\/38217\/revisions"}],"wp:featuredmedia":[{"embeddable":true,"href":"https:\/\/www.laguiadepamplona.com\/actualidad\/wp-json\/wp\/v2\/media\/38218"}],"wp:attachment":[{"href":"https:\/\/www.laguiadepamplona.com\/actualidad\/wp-json\/wp\/v2\/media?parent=38217"}],"wp:term":[{"taxonomy":"category","embeddable":true,"href":"https:\/\/www.laguiadepamplona.com\/actualidad\/wp-json\/wp\/v2\/categories?post=38217"},{"taxonomy":"post_tag","embeddable":true,"href":"https:\/\/www.laguiadepamplona.com\/actualidad\/wp-json\/wp\/v2\/tags?post=38217"}],"curies":[{"name":"wp","href":"https:\/\/api.w.org\/{rel}","templated":true}]}}