{"id":38209,"date":"2022-01-10T14:32:22","date_gmt":"2022-01-10T12:32:22","guid":{"rendered":"https:\/\/www.laguiadepamplona.com\/actualidad\/?p=38209"},"modified":"2023-04-11T11:48:37","modified_gmt":"2023-04-11T09:48:37","slug":"el-ciclo-urtarrijazz-22-propone-en-civivox-san-jorge-un-mes-de-enero-con-seis-conciertos-tres-conferencias-sobre-figuras-jazzisticas-y-una-exposicion","status":"publish","type":"post","link":"https:\/\/www.laguiadepamplona.com\/actualidad\/el-ciclo-urtarrijazz-22-propone-en-civivox-san-jorge-un-mes-de-enero-con-seis-conciertos-tres-conferencias-sobre-figuras-jazzisticas-y-una-exposicion\/","title":{"rendered":"El ciclo Urtarrijazz \u00b422, propone en Civivox San Jorge un mes de enero con seis conciertos, tres conferencias sobre figuras jazz\u00edsticas y una exposici\u00f3n"},"content":{"rendered":"<h5>Las actividades comienzan ma\u00f1ana martes con una conferencia sobre la figura del saxofonista falcesino Pedro Iturralde<\/h5>\n<p><!--more--><\/p>\n<p>Civivox San Jorge acoge durante este mes de enero el ciclo de jazz local, Urtarrijazz \u201922. Desde ma\u00f1ana martes hasta el 31 de enero se han programado una decena de actividades sobre este estilo musical, con seis conciertos, tres conferencias tem\u00e1ticas y una exposici\u00f3n. Todas las citas, excepto el concierto de \u2018N\u00f4 Tchon\u2019 del s\u00e1bado 29 de enero, tienen la entrada libre, previa inscripci\u00f3n en el tel\u00e9fono 010 \u2013 948 420 100, en los centros de la red Civivox o en la web municipal de Cultura, <a href=\"http:\/\/www.pamplonaescultura.es\" target=\"_blank\" rel=\"noopener\">www.pamplonaescultura.es<\/a>.<\/p>\n<p>Ma\u00f1ana martes comenzar\u00e1 el ciclo con una conferencia sobre la figura del saxofonista navarro Pedro Iturralde. El experto en m\u00fasica jazz, Patxi Tapiz, desglosar\u00e1 a partir de las 19.30 horas la figura del m\u00fasico falcesino, fallecido en noviembre de 2020. Durante d\u00e9cadas, Iturralde y Tete Montoli\u00fa fueron los m\u00fasicos de jazz en Espa\u00f1a por antonomasia. En esta charla se recordar\u00e1 la figura del maestro, siguiendo su carrera, pero, sobre todo, haciendo paradas en su m\u00fasica, que a d\u00eda de hoy sigue teniendo una vigencia total.<\/p>\n<p>El jazzman belga Toots Thielemans ser\u00e1 el protagonista de la charla prevista para el martes 18 de enero, tambi\u00e9n a las 19.30 horas. La conferencia pretende rendirle un homenaje con motivo del centenario de su nacimiento. Activo hasta los 92 a\u00f1os, Thielemans se convirti\u00f3 en una leyenda del jazz, siendo la gran figura y referencia del jazz con la arm\u00f3nica, y compartiendo escenario y grabaciones con grandes figuras internacionales del jazz. Se har\u00e1 un repaso a su vida y obra y se escuchar\u00e1 una selecci\u00f3n de sus temas m\u00e1s importantes. La sesi\u00f3n la impartir\u00e1 \u00cd\u00f1igo Porto.<\/p>\n<p>El martes 25 de enero, tambi\u00e9n a las 19.30 horas, el experto Patxi Tapiz hablar\u00e1 sobre John Coltrane, el saxofonista que m\u00e1s influencia ha tenido en el \u00faltimo medio siglo en el jazz. Aunque muri\u00f3 con apenas 40 a\u00f1os, tuvo tiempo suficiente para revolucionar este estilo musical en la convulsa d\u00e9cada de los a\u00f1os 60. Su legado llega hasta nuestros d\u00edas y, a d\u00eda de hoy se siguen publicando nuevas grabaciones que siguen amplificando el tama\u00f1o de una figura irrepetible.<br \/>\n<script async src=\"\/\/pagead2.googlesyndication.com\/pagead\/js\/adsbygoogle.js\"><\/script><br \/>\n<!-- Noticias La Guia de Pamplona --><br \/>\n<ins class=\"adsbygoogle\"\nstyle=\"display:block\"\ndata-ad-client=\"ca-pub-6943679897239327\"\ndata-ad-slot=\"7048180777\"\ndata-ad-format=\"auto\"><\/ins><br \/>\n<script>\n(adsbygoogle = window.adsbygoogle || []).push({});\n<\/script><\/p>\n<p><strong>Conciertos de esta semana<\/strong><\/p>\n<p>El primero de los seis conciertos tendr\u00e1 lugar este viernes a las 19.30 horas. Maite Iriarte propone \u2018Sintiente\u2019, su nuevo proyecto musical. Iriarte es m\u00fasica y psic\u00f3loga, y la vocaci\u00f3n con que nace este proyecto es explorar el poder de la m\u00fasica y sus aplicaciones terap\u00e9uticas. Con el jazz siempre como referencia continuada, explora g\u00e9neros y estilos muy variados, como boleros, bossa, swing, blues&#8230;<\/p>\n<p>El s\u00e1bado a las 19.30 horas Terela Grad\u00edn y Luis Gim\u00e9nez se adentran en la m\u00fasica popular brasile\u00f1a de la mano de Dori Caymmi, compositor, guitarrista, cantante y arreglista nacido en Salvador de Bah\u00eda, que cuenta con una amplia discograf\u00eda, as\u00ed como colaboraciones con otros artistas, desempe\u00f1ando tanto el papel de compositor como arreglista o guitarrista. \u2018Sings Caymii\u2019 es un viaje por Brasil, que parte del basto repertorio de Caymmi, que destaca por su riqueza mel\u00f3dica y arm\u00f3nica.<br \/>\n<script async src=\"\/\/pagead2.googlesyndication.com\/pagead\/js\/adsbygoogle.js\"><\/script><br \/>\n<!-- Noticias La Guia de Pamplona --><br \/>\n<ins class=\"adsbygoogle\"\nstyle=\"display:block\"\ndata-ad-client=\"ca-pub-6943679897239327\"\ndata-ad-slot=\"7048180777\"\ndata-ad-format=\"auto\"><\/ins><br \/>\n<script>\n(adsbygoogle = window.adsbygoogle || []).push({});\n<\/script><\/p>\n<p><strong>M\u00e1s propuestas los viernes y s\u00e1bados de enero<\/strong><\/p>\n<p>Para las pr\u00f3ximas semanas se han previsto otros conciertos como el de Arm\u00f3nica Le Whisky, el viernes 21 de enero, a las 19.30 horas. El grupo ofrecer\u00e1 un repertorio de temas propios y versiones, siempre desde la \u00f3ptica del jazz y con unos arreglos e instrumentaci\u00f3n in\u00e9ditos. La actuaci\u00f3n quiere ser un homenaje al centenario del nacimiento del belga Toots Thielemans, con una selecci\u00f3n de sus temas m\u00e1s importantes.<\/p>\n<p>Al d\u00eda siguiente, el s\u00e1bado 22, ser\u00e1 el turno de Move Quartet, con Alberto Arteta, \u00cd\u00f1igo Ruiz de Gordejuela, Borja Barrueta y Javier Call\u00e9n. La idea de partida de esta formaci\u00f3n y del concepto \u2018Move\u2019 sugiere dos conceptos concretos. Por un lado, el de dar forma a materiales musicales que empujan hacia adelante, hacia la vanguardia de la m\u00fasica popular contempor\u00e1nea, sin dejar de lado una pasi\u00f3n por la tradici\u00f3n del jazz y otras m\u00fasicas. Por otro, tratar humildemente de crear algo capaz de sensibilizar al oyente, y trascender lo unipersonal. Ambos conceptos encajan en esa definici\u00f3n de \u2018Move\u2019.<\/p>\n<p>El viernes 28 de enero se celebrar\u00e1 una \u2018Urtarri-jam session\u2019, un encuentro de m\u00fasicos de jazz, que tocan para su propio disfrute una m\u00fasica no escrita ni ensayada. Normalmente, se toca en grupo la melod\u00eda principal (a veces simplemente un riff) y a continuaci\u00f3n cada m\u00fasico presente improvisa sobre ella (o sobre la armon\u00eda). Participar\u00e1n, entre otros, Daniel Lizarraga, Alberto Arteta, Ram\u00f3n Garc\u00eda, Marcelo Escrich, Luis Gim\u00e9nez y Asier Ardaiz.<br \/>\n<script async src=\"\/\/pagead2.googlesyndication.com\/pagead\/js\/adsbygoogle.js\"><\/script><br \/>\n<!-- Noticias La Guia de Pamplona --><br \/>\n<ins class=\"adsbygoogle\"\nstyle=\"display:block\"\ndata-ad-client=\"ca-pub-6943679897239327\"\ndata-ad-slot=\"7048180777\"\ndata-ad-format=\"auto\"><\/ins><br \/>\n<script>\n(adsbygoogle = window.adsbygoogle || []).push({});\n<\/script><\/p>\n<p><strong>Nuevo proyecto de Javier Colina<\/strong><\/p>\n<p>Cerrar\u00e1 los conciertos \u2018N\u00f4 tchon (Nuestro suelo)\u2019, la \u00faltima propuesta de M\u00fb Mbana, Javier Colina, Juan Carlos Aracil y Jes\u00fas Ma\u00f1eru. Es un viaje a los confines del sonido desnudo, con aroma a tierra h\u00fameda, madera milenaria, una ceremonia tomando el folclore de Guinea Biss\u00e1u como punto de partida y llev\u00e1ndolo a lugares todav\u00eda sin explorar. Este proyecto liderado por el multiinstrumentista y poeta guineense M\u00fb Mbana se refugia en la liturgia po\u00e9tica a la Tierra.<\/p>\n<p>La compa\u00f1\u00eda para esta aventura es la m\u00e1s adecuada. La experiencia y magnitud de Javier Colina, la expresividad e intensidad de Juan Carlos Aracil y el respeto y creatividad de Jes\u00fas Ma\u00f1eru dibujan una sonoridad llena de improvisaci\u00f3n, matices, complicidad y confianza. Las letras, ritmo y melod\u00edas se mezclan en una explosi\u00f3n de sensaciones que hacen de sus conciertos toda una experiencia. Un abrazo optimista a la humanidad, un deleite para los sentidos.<\/p>\n<p>El concierto tendr\u00e1 lugar el 29 de enero, a las 19.30 horas, con entrada al precio de 3 euros. Se pueden adquirir en el tel\u00e9fono 010 \u2013 948 420 100, en cualquiera de los centros Civivox o a trav\u00e9s de la web <a href=\"http:\/\/www.pamplonaescultura.es\" target=\"_blank\" rel=\"noopener\">www.pamplonaescultura.es<\/a>.<\/p>\n<p>Un a\u00f1o m\u00e1s, el ciclo Urtarrijazz se completa con una exposici\u00f3n. \u2018Cinco a\u00f1os de Urtarrijazz Bortz Urte\u2019 es el t\u00edtulo de la muestra que acoge Civivox San Jorge hasta el 31 de enero. Se trata de una exposici\u00f3n fundamentalmente fotogr\u00e1fica, con instant\u00e1neas tomadas en todas las ediciones de este emblem\u00e1tico ciclo centrado en el jazz local. Fotograf\u00edas de conciertos e int\u00e9rpretes, charlas y ponentes; exposici\u00f3n y presentaci\u00f3n de libros, carteles, tarjetones, flyers y folletos. Tambi\u00e9n se reserva un espacio para exponer im\u00e1genes registradas en la presente edici\u00f3n, completando as\u00ed estos 5 a\u00f1os de ciclo de jazz local.<\/p>\n","protected":false},"excerpt":{"rendered":"<p>Las actividades comienzan ma\u00f1ana martes con una conferencia sobre la figura del saxofonista falcesino Pedro Iturralde<\/p>\n","protected":false},"author":1,"featured_media":38210,"comment_status":"open","ping_status":"closed","sticky":false,"template":"","format":"standard","meta":{"footnotes":""},"categories":[2],"tags":[],"class_list":["post-38209","post","type-post","status-publish","format-standard","has-post-thumbnail","hentry","category-ayuntamiento-pamplona"],"yoast_head":"<!-- This site is optimized with the Yoast SEO plugin v27.3 - https:\/\/yoast.com\/product\/yoast-seo-wordpress\/ -->\n<title>El ciclo Urtarrijazz \u00b422, propone en Civivox San Jorge un mes de enero con seis conciertos, tres conferencias sobre figuras jazz\u00edsticas y una exposici\u00f3n<\/title>\n<meta name=\"description\" content=\"Las actividades comienzan ma\u00f1ana martes con una conferencia sobre la figura del saxofonista falcesino Pedro Iturralde\" \/>\n<meta name=\"robots\" content=\"index, follow, max-snippet:-1, max-image-preview:large, max-video-preview:-1\" \/>\n<link rel=\"canonical\" href=\"https:\/\/www.laguiadepamplona.com\/actualidad\/el-ciclo-urtarrijazz-22-propone-en-civivox-san-jorge-un-mes-de-enero-con-seis-conciertos-tres-conferencias-sobre-figuras-jazzisticas-y-una-exposicion\/\" \/>\n<meta property=\"og:locale\" content=\"es_ES\" \/>\n<meta property=\"og:type\" content=\"article\" \/>\n<meta property=\"og:title\" content=\"El ciclo Urtarrijazz \u00b422, propone en Civivox San Jorge un mes de enero con seis conciertos, tres conferencias sobre figuras jazz\u00edsticas y una exposici\u00f3n\" \/>\n<meta property=\"og:description\" content=\"Las actividades comienzan ma\u00f1ana martes con una conferencia sobre la figura del saxofonista falcesino Pedro Iturralde\" \/>\n<meta property=\"og:url\" content=\"https:\/\/www.laguiadepamplona.com\/actualidad\/el-ciclo-urtarrijazz-22-propone-en-civivox-san-jorge-un-mes-de-enero-con-seis-conciertos-tres-conferencias-sobre-figuras-jazzisticas-y-una-exposicion\/\" \/>\n<meta property=\"og:site_name\" content=\"La Gu\u00eda de Pamplona\" \/>\n<meta property=\"article:publisher\" content=\"https:\/\/www.facebook.com\/laguiadepamplonacom-133175176762273\/?ref=hl\" \/>\n<meta property=\"article:published_time\" content=\"2022-01-10T12:32:22+00:00\" \/>\n<meta property=\"article:modified_time\" content=\"2023-04-11T09:48:37+00:00\" \/>\n<meta property=\"og:image\" content=\"https:\/\/www.laguiadepamplona.com\/actualidad\/wp-content\/uploads\/2022\/01\/pamplona_jazz-870x480-1.jpg\" \/>\n\t<meta property=\"og:image:width\" content=\"870\" \/>\n\t<meta property=\"og:image:height\" content=\"480\" \/>\n\t<meta property=\"og:image:type\" content=\"image\/jpeg\" \/>\n<meta name=\"author\" content=\"La Gu\u00eda de Pamplona\" \/>\n<meta name=\"twitter:card\" content=\"summary_large_image\" \/>\n<meta name=\"twitter:creator\" content=\"@LaGuiadPamplona\" \/>\n<meta name=\"twitter:site\" content=\"@LaGuiadPamplona\" \/>\n<meta name=\"twitter:label1\" content=\"Escrito por\" \/>\n\t<meta name=\"twitter:data1\" content=\"La Gu\u00eda de Pamplona\" \/>\n\t<meta name=\"twitter:label2\" content=\"Tiempo de lectura\" \/>\n\t<meta name=\"twitter:data2\" content=\"5 minutos\" \/>\n<script type=\"application\/ld+json\" class=\"yoast-schema-graph\">{\"@context\":\"https:\\\/\\\/schema.org\",\"@graph\":[{\"@type\":\"Article\",\"@id\":\"https:\\\/\\\/www.laguiadepamplona.com\\\/actualidad\\\/el-ciclo-urtarrijazz-22-propone-en-civivox-san-jorge-un-mes-de-enero-con-seis-conciertos-tres-conferencias-sobre-figuras-jazzisticas-y-una-exposicion\\\/#article\",\"isPartOf\":{\"@id\":\"https:\\\/\\\/www.laguiadepamplona.com\\\/actualidad\\\/el-ciclo-urtarrijazz-22-propone-en-civivox-san-jorge-un-mes-de-enero-con-seis-conciertos-tres-conferencias-sobre-figuras-jazzisticas-y-una-exposicion\\\/\"},\"author\":{\"name\":\"La Gu\u00eda de Pamplona\",\"@id\":\"https:\\\/\\\/www.laguiadepamplona.com\\\/actualidad\\\/#\\\/schema\\\/person\\\/efe887376f0213d4657c93adc50b1fdb\"},\"headline\":\"El ciclo Urtarrijazz \u00b422, propone en Civivox San Jorge un mes de enero con seis conciertos, tres conferencias sobre figuras jazz\u00edsticas y una exposici\u00f3n\",\"datePublished\":\"2022-01-10T12:32:22+00:00\",\"dateModified\":\"2023-04-11T09:48:37+00:00\",\"mainEntityOfPage\":{\"@id\":\"https:\\\/\\\/www.laguiadepamplona.com\\\/actualidad\\\/el-ciclo-urtarrijazz-22-propone-en-civivox-san-jorge-un-mes-de-enero-con-seis-conciertos-tres-conferencias-sobre-figuras-jazzisticas-y-una-exposicion\\\/\"},\"wordCount\":1153,\"commentCount\":0,\"publisher\":{\"@id\":\"https:\\\/\\\/www.laguiadepamplona.com\\\/actualidad\\\/#organization\"},\"image\":{\"@id\":\"https:\\\/\\\/www.laguiadepamplona.com\\\/actualidad\\\/el-ciclo-urtarrijazz-22-propone-en-civivox-san-jorge-un-mes-de-enero-con-seis-conciertos-tres-conferencias-sobre-figuras-jazzisticas-y-una-exposicion\\\/#primaryimage\"},\"thumbnailUrl\":\"https:\\\/\\\/www.laguiadepamplona.com\\\/actualidad\\\/wp-content\\\/uploads\\\/2022\\\/01\\\/pamplona_jazz-870x480-1.jpg\",\"articleSection\":[\"Ayto Pamplona\"],\"inLanguage\":\"es\",\"potentialAction\":[{\"@type\":\"CommentAction\",\"name\":\"Comment\",\"target\":[\"https:\\\/\\\/www.laguiadepamplona.com\\\/actualidad\\\/el-ciclo-urtarrijazz-22-propone-en-civivox-san-jorge-un-mes-de-enero-con-seis-conciertos-tres-conferencias-sobre-figuras-jazzisticas-y-una-exposicion\\\/#respond\"]}]},{\"@type\":\"WebPage\",\"@id\":\"https:\\\/\\\/www.laguiadepamplona.com\\\/actualidad\\\/el-ciclo-urtarrijazz-22-propone-en-civivox-san-jorge-un-mes-de-enero-con-seis-conciertos-tres-conferencias-sobre-figuras-jazzisticas-y-una-exposicion\\\/\",\"url\":\"https:\\\/\\\/www.laguiadepamplona.com\\\/actualidad\\\/el-ciclo-urtarrijazz-22-propone-en-civivox-san-jorge-un-mes-de-enero-con-seis-conciertos-tres-conferencias-sobre-figuras-jazzisticas-y-una-exposicion\\\/\",\"name\":\"El ciclo Urtarrijazz \u00b422, propone en Civivox San Jorge un mes de enero con seis conciertos, tres conferencias sobre figuras jazz\u00edsticas y una exposici\u00f3n\",\"isPartOf\":{\"@id\":\"https:\\\/\\\/www.laguiadepamplona.com\\\/actualidad\\\/#website\"},\"primaryImageOfPage\":{\"@id\":\"https:\\\/\\\/www.laguiadepamplona.com\\\/actualidad\\\/el-ciclo-urtarrijazz-22-propone-en-civivox-san-jorge-un-mes-de-enero-con-seis-conciertos-tres-conferencias-sobre-figuras-jazzisticas-y-una-exposicion\\\/#primaryimage\"},\"image\":{\"@id\":\"https:\\\/\\\/www.laguiadepamplona.com\\\/actualidad\\\/el-ciclo-urtarrijazz-22-propone-en-civivox-san-jorge-un-mes-de-enero-con-seis-conciertos-tres-conferencias-sobre-figuras-jazzisticas-y-una-exposicion\\\/#primaryimage\"},\"thumbnailUrl\":\"https:\\\/\\\/www.laguiadepamplona.com\\\/actualidad\\\/wp-content\\\/uploads\\\/2022\\\/01\\\/pamplona_jazz-870x480-1.jpg\",\"datePublished\":\"2022-01-10T12:32:22+00:00\",\"dateModified\":\"2023-04-11T09:48:37+00:00\",\"description\":\"Las actividades comienzan ma\u00f1ana martes con una conferencia sobre la figura del saxofonista falcesino Pedro Iturralde\",\"breadcrumb\":{\"@id\":\"https:\\\/\\\/www.laguiadepamplona.com\\\/actualidad\\\/el-ciclo-urtarrijazz-22-propone-en-civivox-san-jorge-un-mes-de-enero-con-seis-conciertos-tres-conferencias-sobre-figuras-jazzisticas-y-una-exposicion\\\/#breadcrumb\"},\"inLanguage\":\"es\",\"potentialAction\":[{\"@type\":\"ReadAction\",\"target\":[\"https:\\\/\\\/www.laguiadepamplona.com\\\/actualidad\\\/el-ciclo-urtarrijazz-22-propone-en-civivox-san-jorge-un-mes-de-enero-con-seis-conciertos-tres-conferencias-sobre-figuras-jazzisticas-y-una-exposicion\\\/\"]}]},{\"@type\":\"ImageObject\",\"inLanguage\":\"es\",\"@id\":\"https:\\\/\\\/www.laguiadepamplona.com\\\/actualidad\\\/el-ciclo-urtarrijazz-22-propone-en-civivox-san-jorge-un-mes-de-enero-con-seis-conciertos-tres-conferencias-sobre-figuras-jazzisticas-y-una-exposicion\\\/#primaryimage\",\"url\":\"https:\\\/\\\/www.laguiadepamplona.com\\\/actualidad\\\/wp-content\\\/uploads\\\/2022\\\/01\\\/pamplona_jazz-870x480-1.jpg\",\"contentUrl\":\"https:\\\/\\\/www.laguiadepamplona.com\\\/actualidad\\\/wp-content\\\/uploads\\\/2022\\\/01\\\/pamplona_jazz-870x480-1.jpg\",\"width\":870,\"height\":480},{\"@type\":\"BreadcrumbList\",\"@id\":\"https:\\\/\\\/www.laguiadepamplona.com\\\/actualidad\\\/el-ciclo-urtarrijazz-22-propone-en-civivox-san-jorge-un-mes-de-enero-con-seis-conciertos-tres-conferencias-sobre-figuras-jazzisticas-y-una-exposicion\\\/#breadcrumb\",\"itemListElement\":[{\"@type\":\"ListItem\",\"position\":1,\"name\":\"Portada\",\"item\":\"https:\\\/\\\/www.laguiadepamplona.com\\\/actualidad\\\/\"},{\"@type\":\"ListItem\",\"position\":2,\"name\":\"El ciclo Urtarrijazz \u00b422, propone en Civivox San Jorge un mes de enero con seis conciertos, tres conferencias sobre figuras jazz\u00edsticas y una exposici\u00f3n\"}]},{\"@type\":\"WebSite\",\"@id\":\"https:\\\/\\\/www.laguiadepamplona.com\\\/actualidad\\\/#website\",\"url\":\"https:\\\/\\\/www.laguiadepamplona.com\\\/actualidad\\\/\",\"name\":\"La gu\u00eda de Pamplona\",\"description\":\"Noticias de Pamplona\",\"publisher\":{\"@id\":\"https:\\\/\\\/www.laguiadepamplona.com\\\/actualidad\\\/#organization\"},\"potentialAction\":[{\"@type\":\"SearchAction\",\"target\":{\"@type\":\"EntryPoint\",\"urlTemplate\":\"https:\\\/\\\/www.laguiadepamplona.com\\\/actualidad\\\/?s={search_term_string}\"},\"query-input\":{\"@type\":\"PropertyValueSpecification\",\"valueRequired\":true,\"valueName\":\"search_term_string\"}}],\"inLanguage\":\"es\"},{\"@type\":\"Organization\",\"@id\":\"https:\\\/\\\/www.laguiadepamplona.com\\\/actualidad\\\/#organization\",\"name\":\"La Gu\u00eda de Pamplona \\\/ Noticias\",\"url\":\"https:\\\/\\\/www.laguiadepamplona.com\\\/actualidad\\\/\",\"logo\":{\"@type\":\"ImageObject\",\"inLanguage\":\"es\",\"@id\":\"https:\\\/\\\/www.laguiadepamplona.com\\\/actualidad\\\/#\\\/schema\\\/logo\\\/image\\\/\",\"url\":\"https:\\\/\\\/www.laguiadepamplona.com\\\/actualidad\\\/wp-content\\\/uploads\\\/2018\\\/11\\\/logo-laguiadepamplona18-web1.png\",\"contentUrl\":\"https:\\\/\\\/www.laguiadepamplona.com\\\/actualidad\\\/wp-content\\\/uploads\\\/2018\\\/11\\\/logo-laguiadepamplona18-web1.png\",\"width\":600,\"height\":196,\"caption\":\"La Gu\u00eda de Pamplona \\\/ Noticias\"},\"image\":{\"@id\":\"https:\\\/\\\/www.laguiadepamplona.com\\\/actualidad\\\/#\\\/schema\\\/logo\\\/image\\\/\"},\"sameAs\":[\"https:\\\/\\\/www.facebook.com\\\/laguiadepamplonacom-133175176762273\\\/?ref=hl\",\"https:\\\/\\\/x.com\\\/LaGuiadPamplona\",\"https:\\\/\\\/www.instagram.com\\\/la_guia_de_pamplona\\\/\",\"https:\\\/\\\/www.youtube.com\\\/user\\\/laguiadepamplona\"]},{\"@type\":\"Person\",\"@id\":\"https:\\\/\\\/www.laguiadepamplona.com\\\/actualidad\\\/#\\\/schema\\\/person\\\/efe887376f0213d4657c93adc50b1fdb\",\"name\":\"La Gu\u00eda de Pamplona\",\"image\":{\"@type\":\"ImageObject\",\"inLanguage\":\"es\",\"@id\":\"https:\\\/\\\/secure.gravatar.com\\\/avatar\\\/b6992f131dc8d30ab0dff15446e9d346d9dbd95992de0fef795073f5ea83a81c?s=96&d=mm&r=g\",\"url\":\"https:\\\/\\\/secure.gravatar.com\\\/avatar\\\/b6992f131dc8d30ab0dff15446e9d346d9dbd95992de0fef795073f5ea83a81c?s=96&d=mm&r=g\",\"contentUrl\":\"https:\\\/\\\/secure.gravatar.com\\\/avatar\\\/b6992f131dc8d30ab0dff15446e9d346d9dbd95992de0fef795073f5ea83a81c?s=96&d=mm&r=g\",\"caption\":\"La Gu\u00eda de Pamplona\"}}]}<\/script>\n<!-- \/ Yoast SEO plugin. -->","yoast_head_json":{"title":"El ciclo Urtarrijazz \u00b422, propone en Civivox San Jorge un mes de enero con seis conciertos, tres conferencias sobre figuras jazz\u00edsticas y una exposici\u00f3n","description":"Las actividades comienzan ma\u00f1ana martes con una conferencia sobre la figura del saxofonista falcesino Pedro Iturralde","robots":{"index":"index","follow":"follow","max-snippet":"max-snippet:-1","max-image-preview":"max-image-preview:large","max-video-preview":"max-video-preview:-1"},"canonical":"https:\/\/www.laguiadepamplona.com\/actualidad\/el-ciclo-urtarrijazz-22-propone-en-civivox-san-jorge-un-mes-de-enero-con-seis-conciertos-tres-conferencias-sobre-figuras-jazzisticas-y-una-exposicion\/","og_locale":"es_ES","og_type":"article","og_title":"El ciclo Urtarrijazz \u00b422, propone en Civivox San Jorge un mes de enero con seis conciertos, tres conferencias sobre figuras jazz\u00edsticas y una exposici\u00f3n","og_description":"Las actividades comienzan ma\u00f1ana martes con una conferencia sobre la figura del saxofonista falcesino Pedro Iturralde","og_url":"https:\/\/www.laguiadepamplona.com\/actualidad\/el-ciclo-urtarrijazz-22-propone-en-civivox-san-jorge-un-mes-de-enero-con-seis-conciertos-tres-conferencias-sobre-figuras-jazzisticas-y-una-exposicion\/","og_site_name":"La Gu\u00eda de Pamplona","article_publisher":"https:\/\/www.facebook.com\/laguiadepamplonacom-133175176762273\/?ref=hl","article_published_time":"2022-01-10T12:32:22+00:00","article_modified_time":"2023-04-11T09:48:37+00:00","og_image":[{"width":870,"height":480,"url":"https:\/\/www.laguiadepamplona.com\/actualidad\/wp-content\/uploads\/2022\/01\/pamplona_jazz-870x480-1.jpg","type":"image\/jpeg"}],"author":"La Gu\u00eda de Pamplona","twitter_card":"summary_large_image","twitter_creator":"@LaGuiadPamplona","twitter_site":"@LaGuiadPamplona","twitter_misc":{"Escrito por":"La Gu\u00eda de Pamplona","Tiempo de lectura":"5 minutos"},"schema":{"@context":"https:\/\/schema.org","@graph":[{"@type":"Article","@id":"https:\/\/www.laguiadepamplona.com\/actualidad\/el-ciclo-urtarrijazz-22-propone-en-civivox-san-jorge-un-mes-de-enero-con-seis-conciertos-tres-conferencias-sobre-figuras-jazzisticas-y-una-exposicion\/#article","isPartOf":{"@id":"https:\/\/www.laguiadepamplona.com\/actualidad\/el-ciclo-urtarrijazz-22-propone-en-civivox-san-jorge-un-mes-de-enero-con-seis-conciertos-tres-conferencias-sobre-figuras-jazzisticas-y-una-exposicion\/"},"author":{"name":"La Gu\u00eda de Pamplona","@id":"https:\/\/www.laguiadepamplona.com\/actualidad\/#\/schema\/person\/efe887376f0213d4657c93adc50b1fdb"},"headline":"El ciclo Urtarrijazz \u00b422, propone en Civivox San Jorge un mes de enero con seis conciertos, tres conferencias sobre figuras jazz\u00edsticas y una exposici\u00f3n","datePublished":"2022-01-10T12:32:22+00:00","dateModified":"2023-04-11T09:48:37+00:00","mainEntityOfPage":{"@id":"https:\/\/www.laguiadepamplona.com\/actualidad\/el-ciclo-urtarrijazz-22-propone-en-civivox-san-jorge-un-mes-de-enero-con-seis-conciertos-tres-conferencias-sobre-figuras-jazzisticas-y-una-exposicion\/"},"wordCount":1153,"commentCount":0,"publisher":{"@id":"https:\/\/www.laguiadepamplona.com\/actualidad\/#organization"},"image":{"@id":"https:\/\/www.laguiadepamplona.com\/actualidad\/el-ciclo-urtarrijazz-22-propone-en-civivox-san-jorge-un-mes-de-enero-con-seis-conciertos-tres-conferencias-sobre-figuras-jazzisticas-y-una-exposicion\/#primaryimage"},"thumbnailUrl":"https:\/\/www.laguiadepamplona.com\/actualidad\/wp-content\/uploads\/2022\/01\/pamplona_jazz-870x480-1.jpg","articleSection":["Ayto Pamplona"],"inLanguage":"es","potentialAction":[{"@type":"CommentAction","name":"Comment","target":["https:\/\/www.laguiadepamplona.com\/actualidad\/el-ciclo-urtarrijazz-22-propone-en-civivox-san-jorge-un-mes-de-enero-con-seis-conciertos-tres-conferencias-sobre-figuras-jazzisticas-y-una-exposicion\/#respond"]}]},{"@type":"WebPage","@id":"https:\/\/www.laguiadepamplona.com\/actualidad\/el-ciclo-urtarrijazz-22-propone-en-civivox-san-jorge-un-mes-de-enero-con-seis-conciertos-tres-conferencias-sobre-figuras-jazzisticas-y-una-exposicion\/","url":"https:\/\/www.laguiadepamplona.com\/actualidad\/el-ciclo-urtarrijazz-22-propone-en-civivox-san-jorge-un-mes-de-enero-con-seis-conciertos-tres-conferencias-sobre-figuras-jazzisticas-y-una-exposicion\/","name":"El ciclo Urtarrijazz \u00b422, propone en Civivox San Jorge un mes de enero con seis conciertos, tres conferencias sobre figuras jazz\u00edsticas y una exposici\u00f3n","isPartOf":{"@id":"https:\/\/www.laguiadepamplona.com\/actualidad\/#website"},"primaryImageOfPage":{"@id":"https:\/\/www.laguiadepamplona.com\/actualidad\/el-ciclo-urtarrijazz-22-propone-en-civivox-san-jorge-un-mes-de-enero-con-seis-conciertos-tres-conferencias-sobre-figuras-jazzisticas-y-una-exposicion\/#primaryimage"},"image":{"@id":"https:\/\/www.laguiadepamplona.com\/actualidad\/el-ciclo-urtarrijazz-22-propone-en-civivox-san-jorge-un-mes-de-enero-con-seis-conciertos-tres-conferencias-sobre-figuras-jazzisticas-y-una-exposicion\/#primaryimage"},"thumbnailUrl":"https:\/\/www.laguiadepamplona.com\/actualidad\/wp-content\/uploads\/2022\/01\/pamplona_jazz-870x480-1.jpg","datePublished":"2022-01-10T12:32:22+00:00","dateModified":"2023-04-11T09:48:37+00:00","description":"Las actividades comienzan ma\u00f1ana martes con una conferencia sobre la figura del saxofonista falcesino Pedro Iturralde","breadcrumb":{"@id":"https:\/\/www.laguiadepamplona.com\/actualidad\/el-ciclo-urtarrijazz-22-propone-en-civivox-san-jorge-un-mes-de-enero-con-seis-conciertos-tres-conferencias-sobre-figuras-jazzisticas-y-una-exposicion\/#breadcrumb"},"inLanguage":"es","potentialAction":[{"@type":"ReadAction","target":["https:\/\/www.laguiadepamplona.com\/actualidad\/el-ciclo-urtarrijazz-22-propone-en-civivox-san-jorge-un-mes-de-enero-con-seis-conciertos-tres-conferencias-sobre-figuras-jazzisticas-y-una-exposicion\/"]}]},{"@type":"ImageObject","inLanguage":"es","@id":"https:\/\/www.laguiadepamplona.com\/actualidad\/el-ciclo-urtarrijazz-22-propone-en-civivox-san-jorge-un-mes-de-enero-con-seis-conciertos-tres-conferencias-sobre-figuras-jazzisticas-y-una-exposicion\/#primaryimage","url":"https:\/\/www.laguiadepamplona.com\/actualidad\/wp-content\/uploads\/2022\/01\/pamplona_jazz-870x480-1.jpg","contentUrl":"https:\/\/www.laguiadepamplona.com\/actualidad\/wp-content\/uploads\/2022\/01\/pamplona_jazz-870x480-1.jpg","width":870,"height":480},{"@type":"BreadcrumbList","@id":"https:\/\/www.laguiadepamplona.com\/actualidad\/el-ciclo-urtarrijazz-22-propone-en-civivox-san-jorge-un-mes-de-enero-con-seis-conciertos-tres-conferencias-sobre-figuras-jazzisticas-y-una-exposicion\/#breadcrumb","itemListElement":[{"@type":"ListItem","position":1,"name":"Portada","item":"https:\/\/www.laguiadepamplona.com\/actualidad\/"},{"@type":"ListItem","position":2,"name":"El ciclo Urtarrijazz \u00b422, propone en Civivox San Jorge un mes de enero con seis conciertos, tres conferencias sobre figuras jazz\u00edsticas y una exposici\u00f3n"}]},{"@type":"WebSite","@id":"https:\/\/www.laguiadepamplona.com\/actualidad\/#website","url":"https:\/\/www.laguiadepamplona.com\/actualidad\/","name":"La gu\u00eda de Pamplona","description":"Noticias de Pamplona","publisher":{"@id":"https:\/\/www.laguiadepamplona.com\/actualidad\/#organization"},"potentialAction":[{"@type":"SearchAction","target":{"@type":"EntryPoint","urlTemplate":"https:\/\/www.laguiadepamplona.com\/actualidad\/?s={search_term_string}"},"query-input":{"@type":"PropertyValueSpecification","valueRequired":true,"valueName":"search_term_string"}}],"inLanguage":"es"},{"@type":"Organization","@id":"https:\/\/www.laguiadepamplona.com\/actualidad\/#organization","name":"La Gu\u00eda de Pamplona \/ Noticias","url":"https:\/\/www.laguiadepamplona.com\/actualidad\/","logo":{"@type":"ImageObject","inLanguage":"es","@id":"https:\/\/www.laguiadepamplona.com\/actualidad\/#\/schema\/logo\/image\/","url":"https:\/\/www.laguiadepamplona.com\/actualidad\/wp-content\/uploads\/2018\/11\/logo-laguiadepamplona18-web1.png","contentUrl":"https:\/\/www.laguiadepamplona.com\/actualidad\/wp-content\/uploads\/2018\/11\/logo-laguiadepamplona18-web1.png","width":600,"height":196,"caption":"La Gu\u00eda de Pamplona \/ Noticias"},"image":{"@id":"https:\/\/www.laguiadepamplona.com\/actualidad\/#\/schema\/logo\/image\/"},"sameAs":["https:\/\/www.facebook.com\/laguiadepamplonacom-133175176762273\/?ref=hl","https:\/\/x.com\/LaGuiadPamplona","https:\/\/www.instagram.com\/la_guia_de_pamplona\/","https:\/\/www.youtube.com\/user\/laguiadepamplona"]},{"@type":"Person","@id":"https:\/\/www.laguiadepamplona.com\/actualidad\/#\/schema\/person\/efe887376f0213d4657c93adc50b1fdb","name":"La Gu\u00eda de Pamplona","image":{"@type":"ImageObject","inLanguage":"es","@id":"https:\/\/secure.gravatar.com\/avatar\/b6992f131dc8d30ab0dff15446e9d346d9dbd95992de0fef795073f5ea83a81c?s=96&d=mm&r=g","url":"https:\/\/secure.gravatar.com\/avatar\/b6992f131dc8d30ab0dff15446e9d346d9dbd95992de0fef795073f5ea83a81c?s=96&d=mm&r=g","contentUrl":"https:\/\/secure.gravatar.com\/avatar\/b6992f131dc8d30ab0dff15446e9d346d9dbd95992de0fef795073f5ea83a81c?s=96&d=mm&r=g","caption":"La Gu\u00eda de Pamplona"}}]}},"post_mailing_queue_ids":[],"_links":{"self":[{"href":"https:\/\/www.laguiadepamplona.com\/actualidad\/wp-json\/wp\/v2\/posts\/38209","targetHints":{"allow":["GET"]}}],"collection":[{"href":"https:\/\/www.laguiadepamplona.com\/actualidad\/wp-json\/wp\/v2\/posts"}],"about":[{"href":"https:\/\/www.laguiadepamplona.com\/actualidad\/wp-json\/wp\/v2\/types\/post"}],"author":[{"embeddable":true,"href":"https:\/\/www.laguiadepamplona.com\/actualidad\/wp-json\/wp\/v2\/users\/1"}],"replies":[{"embeddable":true,"href":"https:\/\/www.laguiadepamplona.com\/actualidad\/wp-json\/wp\/v2\/comments?post=38209"}],"version-history":[{"count":0,"href":"https:\/\/www.laguiadepamplona.com\/actualidad\/wp-json\/wp\/v2\/posts\/38209\/revisions"}],"wp:featuredmedia":[{"embeddable":true,"href":"https:\/\/www.laguiadepamplona.com\/actualidad\/wp-json\/wp\/v2\/media\/38210"}],"wp:attachment":[{"href":"https:\/\/www.laguiadepamplona.com\/actualidad\/wp-json\/wp\/v2\/media?parent=38209"}],"wp:term":[{"taxonomy":"category","embeddable":true,"href":"https:\/\/www.laguiadepamplona.com\/actualidad\/wp-json\/wp\/v2\/categories?post=38209"},{"taxonomy":"post_tag","embeddable":true,"href":"https:\/\/www.laguiadepamplona.com\/actualidad\/wp-json\/wp\/v2\/tags?post=38209"}],"curies":[{"name":"wp","href":"https:\/\/api.w.org\/{rel}","templated":true}]}}