{"id":38202,"date":"2022-01-05T13:24:30","date_gmt":"2022-01-05T11:24:30","guid":{"rendered":"https:\/\/www.laguiadepamplona.com\/actualidad\/?p=38202"},"modified":"2023-04-11T11:48:37","modified_gmt":"2023-04-11T09:48:37","slug":"pamplona-se-acerca-a-los-centros-educativos-gracias-a-los-corresponsales-informativos","status":"publish","type":"post","link":"https:\/\/www.laguiadepamplona.com\/actualidad\/pamplona-se-acerca-a-los-centros-educativos-gracias-a-los-corresponsales-informativos\/","title":{"rendered":"Pamplona se acerca a los centros educativos gracias a los corresponsales informativos"},"content":{"rendered":"<h5>Estudiantes desde Secundaria hasta universidad trasladan a sus compa\u00f1eros la oferta cultural, formativa, de ocio, voluntariado y laboral para j\u00f3venes de Pamplona<\/h5>\n<p><!--more--><\/p>\n<p>Hacer llegar a las personas j\u00f3venes la amplia oferta de propuestas para ellas de que dispone la Oficina de Informaci\u00f3n de la Casa de la Juventud y dem\u00e1s entes e instituciones de Pamplona no es tarea sencilla. Es por ello que, desde hace ya 26 a\u00f1os, el Ayuntamiento de Pamplona organiza y mantiene el Programa Corresponsales Informativos, una iniciativa que implica directamente a la juventud en la transmisi\u00f3n de esas propuestas culturales, laborales, de ocio y voluntariado.<\/p>\n<p>Alumnado de centros educativos, usuarios de residencias de estudiantes y colegios mayores y j\u00f3venes vinculados a asociaciones y fundaciones de distinto tipo se convierten, durante un a\u00f1o, en portavoces de la Oficina de Informaci\u00f3n Juvenil de la Casa de la Juventud. Ellos trasladan a sus compa\u00f1eros y compa\u00f1eras todas aquellas iniciativas, cursos, cert\u00e1menes, espect\u00e1culos, necesidades de voluntariado, ofertas de formaci\u00f3n e incluso ofertas laborales que puedan ser de su inter\u00e9s, adoptando el papel de corresponsales. De cada uno de estos j\u00f3venes depende mantener vivo el Punto de Informaci\u00f3n Juvenil de su \u00e1mbito de actuaci\u00f3n.<br \/>\n<script async src=\"\/\/pagead2.googlesyndication.com\/pagead\/js\/adsbygoogle.js\"><\/script><br \/>\n<!-- Noticias La Guia de Pamplona --><br \/>\n<ins class=\"adsbygoogle\"\nstyle=\"display:block\"\ndata-ad-client=\"ca-pub-6943679897239327\"\ndata-ad-slot=\"7048180777\"\ndata-ad-format=\"auto\"><\/ins><br \/>\n<script>\n(adsbygoogle = window.adsbygoogle || []).push({});\n<\/script><\/p>\n<p>En la actualidad son 39 los centros y asociaciones colaboradoras. Cada uno de ellos cuenta con una pareja de corresponsales, de forma que suman 78 voces para extender la oferta para la juventud de la ciudad. Estos j\u00f3venes no solo se hacen eco de la programaci\u00f3n de la Casa de Juventud, sino que tambi\u00e9n trasladan las ventajas e iniciativas del Carn\u00e9 Joven, que gestiona el Instituto Navarro de Juventud, y la programaci\u00f3n del Teatro Gayarre, de la Filmoteca de Navarra, de Baluarte y de la Escuela Navarra de Teatro, entre otras entidades. De esta forma, los y las corresponsales informativos se convierten en altavoces para sus iguales, recomendando eventos y orientando y asesorando sobre cert\u00e1menes, ayudas, becas, viajes, intercambios, voluntariado, etc.<\/p>\n<p>Las personas que realizan esta labor de corresponsal\u00eda cuentan con el apoyo del equipo t\u00e9cnico de la Casa de la Juventud, que les asesora e informa sobre las novedades que surgen, de los plazos de solicitud y los medios para realizar inscripciones y tr\u00e1mites. Asimismo, los propios centros escolares, a trav\u00e9s del personal docente, facilitan la labor de corresponsal\u00eda.<br \/>\n<script async src=\"\/\/pagead2.googlesyndication.com\/pagead\/js\/adsbygoogle.js\"><\/script><br \/>\n<!-- Noticias La Guia de Pamplona --><br \/>\n<ins class=\"adsbygoogle\"\nstyle=\"display:block\"\ndata-ad-client=\"ca-pub-6943679897239327\"\ndata-ad-slot=\"7048180777\"\ndata-ad-format=\"auto\"><\/ins><br \/>\n<script>\n(adsbygoogle = window.adsbygoogle || []).push({});\n<\/script><\/p>\n<p>Convertirse en corresponsal exige cierta implicaci\u00f3n. En este sentido, es preciso que quienes se comprometan con el programa cumplan unos m\u00ednimos que garanticen el correcto funcionamiento de la iniciativa y que \u00e9sta sirva realmente para informar a la poblaci\u00f3n joven. As\u00ed, para ejercer la funci\u00f3n de corresponsal deben acudir al menos una vez por semana a la Casa de la Juventud para seleccionar la informaci\u00f3n que consideran relevante para sus compa\u00f1eros. Adem\u00e1s, tendr\u00e1n que exponer esa informaci\u00f3n en los centros a los que pertenecen y ofrecer un servicio de asesoramiento a sus compa\u00f1eros durante un m\u00ednimo de dos horas semanales.<\/p>\n<p>Esa implicaci\u00f3n, dedicaci\u00f3n y esfuerzo tiene su contrapartida mediante una beca en met\u00e1lico que el Consistorio otorga a los participantes. Pero, adem\u00e1s, aquellos corresponsales informativos que destaquen por su buen hacer recibir\u00e1n un premio adicional al finalizar el curso acad\u00e9mico. El Ayuntamiento de Pamplona premia tambi\u00e9n a aquellos centros que se implican en facilitar la labor de los corresponsales y les presta apoyo en el desarrollo de su labor.<\/p>\n","protected":false},"excerpt":{"rendered":"<p>Estudiantes desde Secundaria hasta universidad trasladan a sus compa\u00f1eros la oferta cultural, formativa, de ocio, voluntariado y laboral para j\u00f3venes de Pamplona<\/p>\n","protected":false},"author":1,"featured_media":37315,"comment_status":"open","ping_status":"closed","sticky":false,"template":"","format":"standard","meta":{"footnotes":""},"categories":[2],"tags":[],"class_list":["post-38202","post","type-post","status-publish","format-standard","has-post-thumbnail","hentry","category-ayuntamiento-pamplona"],"yoast_head":"<!-- This site is optimized with the Yoast SEO plugin v27.3 - https:\/\/yoast.com\/product\/yoast-seo-wordpress\/ -->\n<title>Pamplona se acerca a los centros educativos gracias a los corresponsales informativos<\/title>\n<meta name=\"description\" content=\"Estudiantes desde Secundaria hasta universidad trasladan a sus compa\u00f1eros la oferta cultural, formativa, de ocio, voluntariado y laboral para j\u00f3venes de Pamplona\" \/>\n<meta name=\"robots\" content=\"index, follow, max-snippet:-1, max-image-preview:large, max-video-preview:-1\" \/>\n<link rel=\"canonical\" href=\"https:\/\/www.laguiadepamplona.com\/actualidad\/pamplona-se-acerca-a-los-centros-educativos-gracias-a-los-corresponsales-informativos\/\" \/>\n<meta property=\"og:locale\" content=\"es_ES\" \/>\n<meta property=\"og:type\" content=\"article\" \/>\n<meta property=\"og:title\" content=\"Pamplona se acerca a los centros educativos gracias a los corresponsales informativos\" \/>\n<meta property=\"og:description\" content=\"Estudiantes desde Secundaria hasta universidad trasladan a sus compa\u00f1eros la oferta cultural, formativa, de ocio, voluntariado y laboral para j\u00f3venes de Pamplona\" \/>\n<meta property=\"og:url\" content=\"https:\/\/www.laguiadepamplona.com\/actualidad\/pamplona-se-acerca-a-los-centros-educativos-gracias-a-los-corresponsales-informativos\/\" \/>\n<meta property=\"og:site_name\" content=\"La Gu\u00eda de Pamplona\" \/>\n<meta property=\"article:publisher\" content=\"https:\/\/www.facebook.com\/laguiadepamplonacom-133175176762273\/?ref=hl\" \/>\n<meta property=\"article:published_time\" content=\"2022-01-05T11:24:30+00:00\" \/>\n<meta property=\"article:modified_time\" content=\"2023-04-11T09:48:37+00:00\" \/>\n<meta property=\"og:image\" content=\"https:\/\/www.laguiadepamplona.com\/actualidad\/wp-content\/uploads\/2021\/11\/corresponsales20211102_JMG3633.jpg\" \/>\n\t<meta property=\"og:image:width\" content=\"1920\" \/>\n\t<meta property=\"og:image:height\" content=\"1280\" \/>\n\t<meta property=\"og:image:type\" content=\"image\/jpeg\" \/>\n<meta name=\"author\" content=\"La Gu\u00eda de Pamplona\" \/>\n<meta name=\"twitter:card\" content=\"summary_large_image\" \/>\n<meta name=\"twitter:creator\" content=\"@LaGuiadPamplona\" \/>\n<meta name=\"twitter:site\" content=\"@LaGuiadPamplona\" \/>\n<meta name=\"twitter:label1\" content=\"Escrito por\" \/>\n\t<meta name=\"twitter:data1\" content=\"La Gu\u00eda de Pamplona\" \/>\n\t<meta name=\"twitter:label2\" content=\"Tiempo de lectura\" \/>\n\t<meta name=\"twitter:data2\" content=\"3 minutos\" \/>\n<script type=\"application\/ld+json\" class=\"yoast-schema-graph\">{\"@context\":\"https:\\\/\\\/schema.org\",\"@graph\":[{\"@type\":\"Article\",\"@id\":\"https:\\\/\\\/www.laguiadepamplona.com\\\/actualidad\\\/pamplona-se-acerca-a-los-centros-educativos-gracias-a-los-corresponsales-informativos\\\/#article\",\"isPartOf\":{\"@id\":\"https:\\\/\\\/www.laguiadepamplona.com\\\/actualidad\\\/pamplona-se-acerca-a-los-centros-educativos-gracias-a-los-corresponsales-informativos\\\/\"},\"author\":{\"name\":\"La Gu\u00eda de Pamplona\",\"@id\":\"https:\\\/\\\/www.laguiadepamplona.com\\\/actualidad\\\/#\\\/schema\\\/person\\\/efe887376f0213d4657c93adc50b1fdb\"},\"headline\":\"Pamplona se acerca a los centros educativos gracias a los corresponsales informativos\",\"datePublished\":\"2022-01-05T11:24:30+00:00\",\"dateModified\":\"2023-04-11T09:48:37+00:00\",\"mainEntityOfPage\":{\"@id\":\"https:\\\/\\\/www.laguiadepamplona.com\\\/actualidad\\\/pamplona-se-acerca-a-los-centros-educativos-gracias-a-los-corresponsales-informativos\\\/\"},\"wordCount\":598,\"commentCount\":0,\"publisher\":{\"@id\":\"https:\\\/\\\/www.laguiadepamplona.com\\\/actualidad\\\/#organization\"},\"image\":{\"@id\":\"https:\\\/\\\/www.laguiadepamplona.com\\\/actualidad\\\/pamplona-se-acerca-a-los-centros-educativos-gracias-a-los-corresponsales-informativos\\\/#primaryimage\"},\"thumbnailUrl\":\"https:\\\/\\\/www.laguiadepamplona.com\\\/actualidad\\\/wp-content\\\/uploads\\\/2021\\\/11\\\/corresponsales20211102_JMG3633.jpg\",\"articleSection\":[\"Ayto Pamplona\"],\"inLanguage\":\"es\",\"potentialAction\":[{\"@type\":\"CommentAction\",\"name\":\"Comment\",\"target\":[\"https:\\\/\\\/www.laguiadepamplona.com\\\/actualidad\\\/pamplona-se-acerca-a-los-centros-educativos-gracias-a-los-corresponsales-informativos\\\/#respond\"]}]},{\"@type\":\"WebPage\",\"@id\":\"https:\\\/\\\/www.laguiadepamplona.com\\\/actualidad\\\/pamplona-se-acerca-a-los-centros-educativos-gracias-a-los-corresponsales-informativos\\\/\",\"url\":\"https:\\\/\\\/www.laguiadepamplona.com\\\/actualidad\\\/pamplona-se-acerca-a-los-centros-educativos-gracias-a-los-corresponsales-informativos\\\/\",\"name\":\"Pamplona se acerca a los centros educativos gracias a los corresponsales informativos\",\"isPartOf\":{\"@id\":\"https:\\\/\\\/www.laguiadepamplona.com\\\/actualidad\\\/#website\"},\"primaryImageOfPage\":{\"@id\":\"https:\\\/\\\/www.laguiadepamplona.com\\\/actualidad\\\/pamplona-se-acerca-a-los-centros-educativos-gracias-a-los-corresponsales-informativos\\\/#primaryimage\"},\"image\":{\"@id\":\"https:\\\/\\\/www.laguiadepamplona.com\\\/actualidad\\\/pamplona-se-acerca-a-los-centros-educativos-gracias-a-los-corresponsales-informativos\\\/#primaryimage\"},\"thumbnailUrl\":\"https:\\\/\\\/www.laguiadepamplona.com\\\/actualidad\\\/wp-content\\\/uploads\\\/2021\\\/11\\\/corresponsales20211102_JMG3633.jpg\",\"datePublished\":\"2022-01-05T11:24:30+00:00\",\"dateModified\":\"2023-04-11T09:48:37+00:00\",\"description\":\"Estudiantes desde Secundaria hasta universidad trasladan a sus compa\u00f1eros la oferta cultural, formativa, de ocio, voluntariado y laboral para j\u00f3venes de Pamplona\",\"breadcrumb\":{\"@id\":\"https:\\\/\\\/www.laguiadepamplona.com\\\/actualidad\\\/pamplona-se-acerca-a-los-centros-educativos-gracias-a-los-corresponsales-informativos\\\/#breadcrumb\"},\"inLanguage\":\"es\",\"potentialAction\":[{\"@type\":\"ReadAction\",\"target\":[\"https:\\\/\\\/www.laguiadepamplona.com\\\/actualidad\\\/pamplona-se-acerca-a-los-centros-educativos-gracias-a-los-corresponsales-informativos\\\/\"]}]},{\"@type\":\"ImageObject\",\"inLanguage\":\"es\",\"@id\":\"https:\\\/\\\/www.laguiadepamplona.com\\\/actualidad\\\/pamplona-se-acerca-a-los-centros-educativos-gracias-a-los-corresponsales-informativos\\\/#primaryimage\",\"url\":\"https:\\\/\\\/www.laguiadepamplona.com\\\/actualidad\\\/wp-content\\\/uploads\\\/2021\\\/11\\\/corresponsales20211102_JMG3633.jpg\",\"contentUrl\":\"https:\\\/\\\/www.laguiadepamplona.com\\\/actualidad\\\/wp-content\\\/uploads\\\/2021\\\/11\\\/corresponsales20211102_JMG3633.jpg\",\"width\":1920,\"height\":1280,\"caption\":\"A* Jesus Garzaron F* 2021_11_02 T* Nuevos Corresponsales juveniles L* Casa de la Juventud\"},{\"@type\":\"BreadcrumbList\",\"@id\":\"https:\\\/\\\/www.laguiadepamplona.com\\\/actualidad\\\/pamplona-se-acerca-a-los-centros-educativos-gracias-a-los-corresponsales-informativos\\\/#breadcrumb\",\"itemListElement\":[{\"@type\":\"ListItem\",\"position\":1,\"name\":\"Portada\",\"item\":\"https:\\\/\\\/www.laguiadepamplona.com\\\/actualidad\\\/\"},{\"@type\":\"ListItem\",\"position\":2,\"name\":\"Pamplona se acerca a los centros educativos gracias a los corresponsales informativos\"}]},{\"@type\":\"WebSite\",\"@id\":\"https:\\\/\\\/www.laguiadepamplona.com\\\/actualidad\\\/#website\",\"url\":\"https:\\\/\\\/www.laguiadepamplona.com\\\/actualidad\\\/\",\"name\":\"La gu\u00eda de Pamplona\",\"description\":\"Noticias de Pamplona\",\"publisher\":{\"@id\":\"https:\\\/\\\/www.laguiadepamplona.com\\\/actualidad\\\/#organization\"},\"potentialAction\":[{\"@type\":\"SearchAction\",\"target\":{\"@type\":\"EntryPoint\",\"urlTemplate\":\"https:\\\/\\\/www.laguiadepamplona.com\\\/actualidad\\\/?s={search_term_string}\"},\"query-input\":{\"@type\":\"PropertyValueSpecification\",\"valueRequired\":true,\"valueName\":\"search_term_string\"}}],\"inLanguage\":\"es\"},{\"@type\":\"Organization\",\"@id\":\"https:\\\/\\\/www.laguiadepamplona.com\\\/actualidad\\\/#organization\",\"name\":\"La Gu\u00eda de Pamplona \\\/ Noticias\",\"url\":\"https:\\\/\\\/www.laguiadepamplona.com\\\/actualidad\\\/\",\"logo\":{\"@type\":\"ImageObject\",\"inLanguage\":\"es\",\"@id\":\"https:\\\/\\\/www.laguiadepamplona.com\\\/actualidad\\\/#\\\/schema\\\/logo\\\/image\\\/\",\"url\":\"https:\\\/\\\/www.laguiadepamplona.com\\\/actualidad\\\/wp-content\\\/uploads\\\/2018\\\/11\\\/logo-laguiadepamplona18-web1.png\",\"contentUrl\":\"https:\\\/\\\/www.laguiadepamplona.com\\\/actualidad\\\/wp-content\\\/uploads\\\/2018\\\/11\\\/logo-laguiadepamplona18-web1.png\",\"width\":600,\"height\":196,\"caption\":\"La Gu\u00eda de Pamplona \\\/ Noticias\"},\"image\":{\"@id\":\"https:\\\/\\\/www.laguiadepamplona.com\\\/actualidad\\\/#\\\/schema\\\/logo\\\/image\\\/\"},\"sameAs\":[\"https:\\\/\\\/www.facebook.com\\\/laguiadepamplonacom-133175176762273\\\/?ref=hl\",\"https:\\\/\\\/x.com\\\/LaGuiadPamplona\",\"https:\\\/\\\/www.instagram.com\\\/la_guia_de_pamplona\\\/\",\"https:\\\/\\\/www.youtube.com\\\/user\\\/laguiadepamplona\"]},{\"@type\":\"Person\",\"@id\":\"https:\\\/\\\/www.laguiadepamplona.com\\\/actualidad\\\/#\\\/schema\\\/person\\\/efe887376f0213d4657c93adc50b1fdb\",\"name\":\"La Gu\u00eda de Pamplona\",\"image\":{\"@type\":\"ImageObject\",\"inLanguage\":\"es\",\"@id\":\"https:\\\/\\\/secure.gravatar.com\\\/avatar\\\/b6992f131dc8d30ab0dff15446e9d346d9dbd95992de0fef795073f5ea83a81c?s=96&d=mm&r=g\",\"url\":\"https:\\\/\\\/secure.gravatar.com\\\/avatar\\\/b6992f131dc8d30ab0dff15446e9d346d9dbd95992de0fef795073f5ea83a81c?s=96&d=mm&r=g\",\"contentUrl\":\"https:\\\/\\\/secure.gravatar.com\\\/avatar\\\/b6992f131dc8d30ab0dff15446e9d346d9dbd95992de0fef795073f5ea83a81c?s=96&d=mm&r=g\",\"caption\":\"La Gu\u00eda de Pamplona\"}}]}<\/script>\n<!-- \/ Yoast SEO plugin. -->","yoast_head_json":{"title":"Pamplona se acerca a los centros educativos gracias a los corresponsales informativos","description":"Estudiantes desde Secundaria hasta universidad trasladan a sus compa\u00f1eros la oferta cultural, formativa, de ocio, voluntariado y laboral para j\u00f3venes de Pamplona","robots":{"index":"index","follow":"follow","max-snippet":"max-snippet:-1","max-image-preview":"max-image-preview:large","max-video-preview":"max-video-preview:-1"},"canonical":"https:\/\/www.laguiadepamplona.com\/actualidad\/pamplona-se-acerca-a-los-centros-educativos-gracias-a-los-corresponsales-informativos\/","og_locale":"es_ES","og_type":"article","og_title":"Pamplona se acerca a los centros educativos gracias a los corresponsales informativos","og_description":"Estudiantes desde Secundaria hasta universidad trasladan a sus compa\u00f1eros la oferta cultural, formativa, de ocio, voluntariado y laboral para j\u00f3venes de Pamplona","og_url":"https:\/\/www.laguiadepamplona.com\/actualidad\/pamplona-se-acerca-a-los-centros-educativos-gracias-a-los-corresponsales-informativos\/","og_site_name":"La Gu\u00eda de Pamplona","article_publisher":"https:\/\/www.facebook.com\/laguiadepamplonacom-133175176762273\/?ref=hl","article_published_time":"2022-01-05T11:24:30+00:00","article_modified_time":"2023-04-11T09:48:37+00:00","og_image":[{"width":1920,"height":1280,"url":"https:\/\/www.laguiadepamplona.com\/actualidad\/wp-content\/uploads\/2021\/11\/corresponsales20211102_JMG3633.jpg","type":"image\/jpeg"}],"author":"La Gu\u00eda de Pamplona","twitter_card":"summary_large_image","twitter_creator":"@LaGuiadPamplona","twitter_site":"@LaGuiadPamplona","twitter_misc":{"Escrito por":"La Gu\u00eda de Pamplona","Tiempo de lectura":"3 minutos"},"schema":{"@context":"https:\/\/schema.org","@graph":[{"@type":"Article","@id":"https:\/\/www.laguiadepamplona.com\/actualidad\/pamplona-se-acerca-a-los-centros-educativos-gracias-a-los-corresponsales-informativos\/#article","isPartOf":{"@id":"https:\/\/www.laguiadepamplona.com\/actualidad\/pamplona-se-acerca-a-los-centros-educativos-gracias-a-los-corresponsales-informativos\/"},"author":{"name":"La Gu\u00eda de Pamplona","@id":"https:\/\/www.laguiadepamplona.com\/actualidad\/#\/schema\/person\/efe887376f0213d4657c93adc50b1fdb"},"headline":"Pamplona se acerca a los centros educativos gracias a los corresponsales informativos","datePublished":"2022-01-05T11:24:30+00:00","dateModified":"2023-04-11T09:48:37+00:00","mainEntityOfPage":{"@id":"https:\/\/www.laguiadepamplona.com\/actualidad\/pamplona-se-acerca-a-los-centros-educativos-gracias-a-los-corresponsales-informativos\/"},"wordCount":598,"commentCount":0,"publisher":{"@id":"https:\/\/www.laguiadepamplona.com\/actualidad\/#organization"},"image":{"@id":"https:\/\/www.laguiadepamplona.com\/actualidad\/pamplona-se-acerca-a-los-centros-educativos-gracias-a-los-corresponsales-informativos\/#primaryimage"},"thumbnailUrl":"https:\/\/www.laguiadepamplona.com\/actualidad\/wp-content\/uploads\/2021\/11\/corresponsales20211102_JMG3633.jpg","articleSection":["Ayto Pamplona"],"inLanguage":"es","potentialAction":[{"@type":"CommentAction","name":"Comment","target":["https:\/\/www.laguiadepamplona.com\/actualidad\/pamplona-se-acerca-a-los-centros-educativos-gracias-a-los-corresponsales-informativos\/#respond"]}]},{"@type":"WebPage","@id":"https:\/\/www.laguiadepamplona.com\/actualidad\/pamplona-se-acerca-a-los-centros-educativos-gracias-a-los-corresponsales-informativos\/","url":"https:\/\/www.laguiadepamplona.com\/actualidad\/pamplona-se-acerca-a-los-centros-educativos-gracias-a-los-corresponsales-informativos\/","name":"Pamplona se acerca a los centros educativos gracias a los corresponsales informativos","isPartOf":{"@id":"https:\/\/www.laguiadepamplona.com\/actualidad\/#website"},"primaryImageOfPage":{"@id":"https:\/\/www.laguiadepamplona.com\/actualidad\/pamplona-se-acerca-a-los-centros-educativos-gracias-a-los-corresponsales-informativos\/#primaryimage"},"image":{"@id":"https:\/\/www.laguiadepamplona.com\/actualidad\/pamplona-se-acerca-a-los-centros-educativos-gracias-a-los-corresponsales-informativos\/#primaryimage"},"thumbnailUrl":"https:\/\/www.laguiadepamplona.com\/actualidad\/wp-content\/uploads\/2021\/11\/corresponsales20211102_JMG3633.jpg","datePublished":"2022-01-05T11:24:30+00:00","dateModified":"2023-04-11T09:48:37+00:00","description":"Estudiantes desde Secundaria hasta universidad trasladan a sus compa\u00f1eros la oferta cultural, formativa, de ocio, voluntariado y laboral para j\u00f3venes de Pamplona","breadcrumb":{"@id":"https:\/\/www.laguiadepamplona.com\/actualidad\/pamplona-se-acerca-a-los-centros-educativos-gracias-a-los-corresponsales-informativos\/#breadcrumb"},"inLanguage":"es","potentialAction":[{"@type":"ReadAction","target":["https:\/\/www.laguiadepamplona.com\/actualidad\/pamplona-se-acerca-a-los-centros-educativos-gracias-a-los-corresponsales-informativos\/"]}]},{"@type":"ImageObject","inLanguage":"es","@id":"https:\/\/www.laguiadepamplona.com\/actualidad\/pamplona-se-acerca-a-los-centros-educativos-gracias-a-los-corresponsales-informativos\/#primaryimage","url":"https:\/\/www.laguiadepamplona.com\/actualidad\/wp-content\/uploads\/2021\/11\/corresponsales20211102_JMG3633.jpg","contentUrl":"https:\/\/www.laguiadepamplona.com\/actualidad\/wp-content\/uploads\/2021\/11\/corresponsales20211102_JMG3633.jpg","width":1920,"height":1280,"caption":"A* Jesus Garzaron F* 2021_11_02 T* Nuevos Corresponsales juveniles L* Casa de la Juventud"},{"@type":"BreadcrumbList","@id":"https:\/\/www.laguiadepamplona.com\/actualidad\/pamplona-se-acerca-a-los-centros-educativos-gracias-a-los-corresponsales-informativos\/#breadcrumb","itemListElement":[{"@type":"ListItem","position":1,"name":"Portada","item":"https:\/\/www.laguiadepamplona.com\/actualidad\/"},{"@type":"ListItem","position":2,"name":"Pamplona se acerca a los centros educativos gracias a los corresponsales informativos"}]},{"@type":"WebSite","@id":"https:\/\/www.laguiadepamplona.com\/actualidad\/#website","url":"https:\/\/www.laguiadepamplona.com\/actualidad\/","name":"La gu\u00eda de Pamplona","description":"Noticias de Pamplona","publisher":{"@id":"https:\/\/www.laguiadepamplona.com\/actualidad\/#organization"},"potentialAction":[{"@type":"SearchAction","target":{"@type":"EntryPoint","urlTemplate":"https:\/\/www.laguiadepamplona.com\/actualidad\/?s={search_term_string}"},"query-input":{"@type":"PropertyValueSpecification","valueRequired":true,"valueName":"search_term_string"}}],"inLanguage":"es"},{"@type":"Organization","@id":"https:\/\/www.laguiadepamplona.com\/actualidad\/#organization","name":"La Gu\u00eda de Pamplona \/ Noticias","url":"https:\/\/www.laguiadepamplona.com\/actualidad\/","logo":{"@type":"ImageObject","inLanguage":"es","@id":"https:\/\/www.laguiadepamplona.com\/actualidad\/#\/schema\/logo\/image\/","url":"https:\/\/www.laguiadepamplona.com\/actualidad\/wp-content\/uploads\/2018\/11\/logo-laguiadepamplona18-web1.png","contentUrl":"https:\/\/www.laguiadepamplona.com\/actualidad\/wp-content\/uploads\/2018\/11\/logo-laguiadepamplona18-web1.png","width":600,"height":196,"caption":"La Gu\u00eda de Pamplona \/ Noticias"},"image":{"@id":"https:\/\/www.laguiadepamplona.com\/actualidad\/#\/schema\/logo\/image\/"},"sameAs":["https:\/\/www.facebook.com\/laguiadepamplonacom-133175176762273\/?ref=hl","https:\/\/x.com\/LaGuiadPamplona","https:\/\/www.instagram.com\/la_guia_de_pamplona\/","https:\/\/www.youtube.com\/user\/laguiadepamplona"]},{"@type":"Person","@id":"https:\/\/www.laguiadepamplona.com\/actualidad\/#\/schema\/person\/efe887376f0213d4657c93adc50b1fdb","name":"La Gu\u00eda de Pamplona","image":{"@type":"ImageObject","inLanguage":"es","@id":"https:\/\/secure.gravatar.com\/avatar\/b6992f131dc8d30ab0dff15446e9d346d9dbd95992de0fef795073f5ea83a81c?s=96&d=mm&r=g","url":"https:\/\/secure.gravatar.com\/avatar\/b6992f131dc8d30ab0dff15446e9d346d9dbd95992de0fef795073f5ea83a81c?s=96&d=mm&r=g","contentUrl":"https:\/\/secure.gravatar.com\/avatar\/b6992f131dc8d30ab0dff15446e9d346d9dbd95992de0fef795073f5ea83a81c?s=96&d=mm&r=g","caption":"La Gu\u00eda de Pamplona"}}]}},"post_mailing_queue_ids":[],"_links":{"self":[{"href":"https:\/\/www.laguiadepamplona.com\/actualidad\/wp-json\/wp\/v2\/posts\/38202","targetHints":{"allow":["GET"]}}],"collection":[{"href":"https:\/\/www.laguiadepamplona.com\/actualidad\/wp-json\/wp\/v2\/posts"}],"about":[{"href":"https:\/\/www.laguiadepamplona.com\/actualidad\/wp-json\/wp\/v2\/types\/post"}],"author":[{"embeddable":true,"href":"https:\/\/www.laguiadepamplona.com\/actualidad\/wp-json\/wp\/v2\/users\/1"}],"replies":[{"embeddable":true,"href":"https:\/\/www.laguiadepamplona.com\/actualidad\/wp-json\/wp\/v2\/comments?post=38202"}],"version-history":[{"count":0,"href":"https:\/\/www.laguiadepamplona.com\/actualidad\/wp-json\/wp\/v2\/posts\/38202\/revisions"}],"wp:featuredmedia":[{"embeddable":true,"href":"https:\/\/www.laguiadepamplona.com\/actualidad\/wp-json\/wp\/v2\/media\/37315"}],"wp:attachment":[{"href":"https:\/\/www.laguiadepamplona.com\/actualidad\/wp-json\/wp\/v2\/media?parent=38202"}],"wp:term":[{"taxonomy":"category","embeddable":true,"href":"https:\/\/www.laguiadepamplona.com\/actualidad\/wp-json\/wp\/v2\/categories?post=38202"},{"taxonomy":"post_tag","embeddable":true,"href":"https:\/\/www.laguiadepamplona.com\/actualidad\/wp-json\/wp\/v2\/tags?post=38202"}],"curies":[{"name":"wp","href":"https:\/\/api.w.org\/{rel}","templated":true}]}}