{"id":38198,"date":"2022-01-04T19:59:22","date_gmt":"2022-01-04T17:59:22","guid":{"rendered":"https:\/\/www.laguiadepamplona.com\/actualidad\/?p=38198"},"modified":"2023-04-11T11:48:37","modified_gmt":"2023-04-11T09:48:37","slug":"ssmm-los-reyes-magos-entraran-a-pamplona-por-la-magdalena-y-saludaran-a-la-infancia-desde-los-balcones-de-la-casa-consistorial","status":"publish","type":"post","link":"https:\/\/www.laguiadepamplona.com\/actualidad\/ssmm-los-reyes-magos-entraran-a-pamplona-por-la-magdalena-y-saludaran-a-la-infancia-desde-los-balcones-de-la-casa-consistorial\/","title":{"rendered":"SSMM los Reyes Magos entrar\u00e1n a Pamplona por la Magdalena y saludar\u00e1n a la infancia desde los balcones de la Casa Consistorial"},"content":{"rendered":"<h5>El tr\u00e1fico por la ciudad se ver\u00e1 afectado durante la llegada de Sus Majestades y, principalmente, durante la posterior Cabalgata<\/h5>\n<p><!--more--><\/p>\n<p>Sus Majestades los Reyes Magos de Oriente llegar\u00e1n a Pamplona ma\u00f1ana, mi\u00e9rcoles, a las 16 horas, por el tradicional recorrido a trav\u00e9s del puente de la Magdalena y el Portal de Francia. La comitiva real <u>ser\u00e1 recibida por el alcalde de la ciudad, Enrique Maya, y parte de la corporaci\u00f3n a las puertas de la Casa Consistorial, a las 17 horas<\/u>.<\/p>\n<p>Dadas la situaci\u00f3n de pandemia, el recibimiento se ha adaptado ligeramente, de forma que Sus Majestades saludar\u00e1n a los ni\u00f1os y ni\u00f1as asistentes desde los balcones del Ayuntamiento, en lugar de en el habitual escenario colocado a pie de calle. De esta manera, podr\u00e1n ser visibles desde mayor distancia, evitando as\u00ed aglomeraciones. Tambi\u00e9n en esta ocasi\u00f3n se prescindir\u00e1 del tradicional besamanos y del brindis que la corporaci\u00f3n municipal ofrec\u00eda a los Reyes Magos.<\/p>\n<p>Por su parte, la Asociaci\u00f3n Eunate de Familias de personas sordas de Navarra, en colaboraci\u00f3n con el Ayuntamiento, har\u00e1 accesible el acto de llegada de SS MM los Reyes Magos de Oriente para las personas sordas, ya que contar\u00e1 con int\u00e9rprete de lengua de signos.<\/p>\n<p>Como novedad, en esta ocasi\u00f3n, La Pamplonesa amenizar\u00e1 en la Plaza Consistorial la espera a Sus Majestades desde alrededor de las 16.30 horas. En a\u00f1os anteriores, la banda municipal acud\u00eda hasta el Portal de Francia para recibir a los Reyes Magos y acompa\u00f1arles durante el recorrido hasta el Ayuntamiento. Sin embargo, para este 2022 se ha optado por que permanezcan en un \u00fanico lugar, ya que durante la interpretaci\u00f3n musical para muchos de los integrantes es imposible llevar mascarilla.<br \/>\n<script async src=\"\/\/pagead2.googlesyndication.com\/pagead\/js\/adsbygoogle.js\"><\/script><br \/>\n<!-- Noticias La Guia de Pamplona --><br \/>\n<ins class=\"adsbygoogle\"\nstyle=\"display:block\"\ndata-ad-client=\"ca-pub-6943679897239327\"\ndata-ad-slot=\"7048180777\"\ndata-ad-format=\"auto\"><\/ins><br \/>\n<script>\n(adsbygoogle = window.adsbygoogle || []).push({});\n<\/script><\/p>\n<p><strong>Cortes de tr\u00e1fico para la Cabalgata<\/strong><\/p>\n<p>La llegada de Melchor, Gaspar y Baltasar provocar\u00e1 ciertas afecciones al tr\u00e1fico rodado por la ciudad. Polic\u00eda Municipal de Pamplona ha preparado un dispositivo para que todas las personas puedan disfrutar de los eventos previstos con total seguridad. Habr\u00e1 dos momentos en los que las afecciones ser\u00e1n m\u00e1s intensas. Por un lado, con la llegada en camello de Sus Majestades, que acaparar\u00e1 desde de las 15.30 hasta las 17 horas, aproximadamente. Y otro, durante la Cabalgata, a partir de las 18 horas.<\/p>\n<p>En concreto, desde las 15.30 horas de ma\u00f1ana mi\u00e9rcoles se proceder\u00e1 al cierre progresivo de las zonas de influencia de la llegada de los Reyes Magos. A esa primera hora se cerrar\u00e1n las calles Juan de Labrit y Vergel para facilitar el tr\u00e1nsito de SS.MM. los Reyes Magos entre la Magdalena y el Casco Antiguo de la ciudad. La comitiva pasar\u00e1 por el puente de la Magdalena, calle Labrit y Vergel para, a continuaci\u00f3n, recorrer los fosos al pie de las murallas y entrar en la ciudad por el portal de Francia, calle del Carmen y Mercaderes, hasta desembocar en la Plaza Consistorial hacia las 17 horas. Quedar\u00e1, por tanto, cerrado al tr\u00e1fico privado el cruce de las calles Magdalena y Juan de Labrit. Tampoco se podr\u00e1 acceder a la parte superior del portal de Francia.<\/p>\n<p>A las 19 horas comenzar\u00e1 la Cabalgata, que partir\u00e1 de la calle Abejeras, del colegio Santa Catalina Laboure, y concluir\u00e1 en el C.P. V\u00e1zquez de Mella. Ya desde las 17 horas se cerrar\u00e1 al tr\u00e1fico la calle Abejeras, en el tramo comprendido entre Seraf\u00edn Olave y la plaza de los Fueros, y entre San Juan Bosco y la rotonda de Erletokieta, para evitar el tr\u00e1fico hacia la calle Abejeras. A partir de las 18 horas se cortar\u00e1 la avenida de Zaragoza desde la calle Sadar y desde la plaza Pr\u00edncipe de Viana; as\u00ed como la plaza de la Paz, Yanguas y Miranda y la plaza de los Fueros.\u00a0 Por \u00faltimo, se cerrar\u00e1 la avenida Baja Navarra desde el Seminario, la avenida del Ej\u00e9rcito desde la plaza Juan XXIII y la avenida de P\u00edo XII desde la avenida de Sancho el Fuerte.<\/p>\n<p>Adem\u00e1s de estos cortes principales, se realizar\u00e1n otros cierres de calles de menor intensidad de tr\u00e1fico, que se ir\u00e1n ejecutando en funci\u00f3n de las necesidades.<br \/>\n<script async src=\"\/\/pagead2.googlesyndication.com\/pagead\/js\/adsbygoogle.js\"><\/script><br \/>\n<!-- Noticias La Guia de Pamplona --><br \/>\n<ins class=\"adsbygoogle\"\nstyle=\"display:block\"\ndata-ad-client=\"ca-pub-6943679897239327\"\ndata-ad-slot=\"7048180777\"\ndata-ad-format=\"auto\"><\/ins><br \/>\n<script>\n(adsbygoogle = window.adsbygoogle || []).push({});\n<\/script><\/p>\n<p><strong>Medidas de protecci\u00f3n<\/strong><\/p>\n<p>Ante la situaci\u00f3n de pandemia actual, se recuerda a las personas que acudan al recorrido la obligatoriedad de llevar mascarilla y la necesidad de seguir el resto de recomendaciones sobre higiene y protecci\u00f3n, como el uso de gel hidroalcoh\u00f3lico y, en la medida de los posible, mantener la distancia personal.<\/p>\n<p>Adem\u00e1s, como en ediciones anteriores se mantendr\u00e1 la cantidad de espacio vallado a lo largo del recorrido para favorecer la organizaci\u00f3n y el orden del evento.<\/p>\n<p>Al igual que en las \u00faltimas ediciones, se van a habilitar a lo largo del recorrido dos zonas espec\u00edficas y exclusivas para que se puedan ubicar en ellas personas con movilidad reducida y puedan ver la Cabalgata con una mayor comodidad. Estar\u00e1n en la Plaza del Castillo, frente a Casa Baleztena, y en la avenida de Zaragoza en el cruce con la calle Navarro Villoslada.<\/p>\n","protected":false},"excerpt":{"rendered":"<p>El tr\u00e1fico por la ciudad se ver\u00e1 afectado durante la llegada de Sus Majestades y, principalmente, durante la posterior Cabalgata<\/p>\n","protected":false},"author":1,"featured_media":19982,"comment_status":"open","ping_status":"closed","sticky":false,"template":"","format":"standard","meta":{"footnotes":""},"categories":[2],"tags":[],"class_list":["post-38198","post","type-post","status-publish","format-standard","has-post-thumbnail","hentry","category-ayuntamiento-pamplona"],"yoast_head":"<!-- This site is optimized with the Yoast SEO plugin v27.3 - https:\/\/yoast.com\/product\/yoast-seo-wordpress\/ -->\n<title>SSMM los Reyes Magos entrar\u00e1n a Pamplona por la Magdalena y saludar\u00e1n a la infancia desde los balcones de la Casa Consistorial<\/title>\n<meta name=\"description\" content=\"El tr\u00e1fico por la ciudad se ver\u00e1 afectado durante la llegada de Sus Majestades y, principalmente, durante la posterior Cabalgata\" \/>\n<meta name=\"robots\" content=\"index, follow, max-snippet:-1, max-image-preview:large, max-video-preview:-1\" \/>\n<link rel=\"canonical\" href=\"https:\/\/www.laguiadepamplona.com\/actualidad\/ssmm-los-reyes-magos-entraran-a-pamplona-por-la-magdalena-y-saludaran-a-la-infancia-desde-los-balcones-de-la-casa-consistorial\/\" \/>\n<meta property=\"og:locale\" content=\"es_ES\" \/>\n<meta property=\"og:type\" content=\"article\" \/>\n<meta property=\"og:title\" content=\"SSMM los Reyes Magos entrar\u00e1n a Pamplona por la Magdalena y saludar\u00e1n a la infancia desde los balcones de la Casa Consistorial\" \/>\n<meta property=\"og:description\" content=\"El tr\u00e1fico por la ciudad se ver\u00e1 afectado durante la llegada de Sus Majestades y, principalmente, durante la posterior Cabalgata\" \/>\n<meta property=\"og:url\" content=\"https:\/\/www.laguiadepamplona.com\/actualidad\/ssmm-los-reyes-magos-entraran-a-pamplona-por-la-magdalena-y-saludaran-a-la-infancia-desde-los-balcones-de-la-casa-consistorial\/\" \/>\n<meta property=\"og:site_name\" content=\"La Gu\u00eda de Pamplona\" \/>\n<meta property=\"article:publisher\" content=\"https:\/\/www.facebook.com\/laguiadepamplonacom-133175176762273\/?ref=hl\" \/>\n<meta property=\"article:published_time\" content=\"2022-01-04T17:59:22+00:00\" \/>\n<meta property=\"article:modified_time\" content=\"2023-04-11T09:48:37+00:00\" \/>\n<meta property=\"og:image\" content=\"https:\/\/www.laguiadepamplona.com\/actualidad\/wp-content\/uploads\/2019\/01\/cabalgata-reyes-magos-pamplona-2016.jpg\" \/>\n\t<meta property=\"og:image:width\" content=\"1000\" \/>\n\t<meta property=\"og:image:height\" content=\"667\" \/>\n\t<meta property=\"og:image:type\" content=\"image\/jpeg\" \/>\n<meta name=\"author\" content=\"La Gu\u00eda de Pamplona\" \/>\n<meta name=\"twitter:card\" content=\"summary_large_image\" \/>\n<meta name=\"twitter:creator\" content=\"@LaGuiadPamplona\" \/>\n<meta name=\"twitter:site\" content=\"@LaGuiadPamplona\" \/>\n<meta name=\"twitter:label1\" content=\"Escrito por\" \/>\n\t<meta name=\"twitter:data1\" content=\"La Gu\u00eda de Pamplona\" \/>\n\t<meta name=\"twitter:label2\" content=\"Tiempo de lectura\" \/>\n\t<meta name=\"twitter:data2\" content=\"4 minutos\" \/>\n<script type=\"application\/ld+json\" class=\"yoast-schema-graph\">{\"@context\":\"https:\\\/\\\/schema.org\",\"@graph\":[{\"@type\":\"Article\",\"@id\":\"https:\\\/\\\/www.laguiadepamplona.com\\\/actualidad\\\/ssmm-los-reyes-magos-entraran-a-pamplona-por-la-magdalena-y-saludaran-a-la-infancia-desde-los-balcones-de-la-casa-consistorial\\\/#article\",\"isPartOf\":{\"@id\":\"https:\\\/\\\/www.laguiadepamplona.com\\\/actualidad\\\/ssmm-los-reyes-magos-entraran-a-pamplona-por-la-magdalena-y-saludaran-a-la-infancia-desde-los-balcones-de-la-casa-consistorial\\\/\"},\"author\":{\"name\":\"La Gu\u00eda de Pamplona\",\"@id\":\"https:\\\/\\\/www.laguiadepamplona.com\\\/actualidad\\\/#\\\/schema\\\/person\\\/efe887376f0213d4657c93adc50b1fdb\"},\"headline\":\"SSMM los Reyes Magos entrar\u00e1n a Pamplona por la Magdalena y saludar\u00e1n a la infancia desde los balcones de la Casa Consistorial\",\"datePublished\":\"2022-01-04T17:59:22+00:00\",\"dateModified\":\"2023-04-11T09:48:37+00:00\",\"mainEntityOfPage\":{\"@id\":\"https:\\\/\\\/www.laguiadepamplona.com\\\/actualidad\\\/ssmm-los-reyes-magos-entraran-a-pamplona-por-la-magdalena-y-saludaran-a-la-infancia-desde-los-balcones-de-la-casa-consistorial\\\/\"},\"wordCount\":880,\"commentCount\":0,\"publisher\":{\"@id\":\"https:\\\/\\\/www.laguiadepamplona.com\\\/actualidad\\\/#organization\"},\"image\":{\"@id\":\"https:\\\/\\\/www.laguiadepamplona.com\\\/actualidad\\\/ssmm-los-reyes-magos-entraran-a-pamplona-por-la-magdalena-y-saludaran-a-la-infancia-desde-los-balcones-de-la-casa-consistorial\\\/#primaryimage\"},\"thumbnailUrl\":\"https:\\\/\\\/www.laguiadepamplona.com\\\/actualidad\\\/wp-content\\\/uploads\\\/2019\\\/01\\\/cabalgata-reyes-magos-pamplona-2016.jpg\",\"articleSection\":[\"Ayto Pamplona\"],\"inLanguage\":\"es\",\"potentialAction\":[{\"@type\":\"CommentAction\",\"name\":\"Comment\",\"target\":[\"https:\\\/\\\/www.laguiadepamplona.com\\\/actualidad\\\/ssmm-los-reyes-magos-entraran-a-pamplona-por-la-magdalena-y-saludaran-a-la-infancia-desde-los-balcones-de-la-casa-consistorial\\\/#respond\"]}]},{\"@type\":\"WebPage\",\"@id\":\"https:\\\/\\\/www.laguiadepamplona.com\\\/actualidad\\\/ssmm-los-reyes-magos-entraran-a-pamplona-por-la-magdalena-y-saludaran-a-la-infancia-desde-los-balcones-de-la-casa-consistorial\\\/\",\"url\":\"https:\\\/\\\/www.laguiadepamplona.com\\\/actualidad\\\/ssmm-los-reyes-magos-entraran-a-pamplona-por-la-magdalena-y-saludaran-a-la-infancia-desde-los-balcones-de-la-casa-consistorial\\\/\",\"name\":\"SSMM los Reyes Magos entrar\u00e1n a Pamplona por la Magdalena y saludar\u00e1n a la infancia desde los balcones de la Casa Consistorial\",\"isPartOf\":{\"@id\":\"https:\\\/\\\/www.laguiadepamplona.com\\\/actualidad\\\/#website\"},\"primaryImageOfPage\":{\"@id\":\"https:\\\/\\\/www.laguiadepamplona.com\\\/actualidad\\\/ssmm-los-reyes-magos-entraran-a-pamplona-por-la-magdalena-y-saludaran-a-la-infancia-desde-los-balcones-de-la-casa-consistorial\\\/#primaryimage\"},\"image\":{\"@id\":\"https:\\\/\\\/www.laguiadepamplona.com\\\/actualidad\\\/ssmm-los-reyes-magos-entraran-a-pamplona-por-la-magdalena-y-saludaran-a-la-infancia-desde-los-balcones-de-la-casa-consistorial\\\/#primaryimage\"},\"thumbnailUrl\":\"https:\\\/\\\/www.laguiadepamplona.com\\\/actualidad\\\/wp-content\\\/uploads\\\/2019\\\/01\\\/cabalgata-reyes-magos-pamplona-2016.jpg\",\"datePublished\":\"2022-01-04T17:59:22+00:00\",\"dateModified\":\"2023-04-11T09:48:37+00:00\",\"description\":\"El tr\u00e1fico por la ciudad se ver\u00e1 afectado durante la llegada de Sus Majestades y, principalmente, durante la posterior Cabalgata\",\"breadcrumb\":{\"@id\":\"https:\\\/\\\/www.laguiadepamplona.com\\\/actualidad\\\/ssmm-los-reyes-magos-entraran-a-pamplona-por-la-magdalena-y-saludaran-a-la-infancia-desde-los-balcones-de-la-casa-consistorial\\\/#breadcrumb\"},\"inLanguage\":\"es\",\"potentialAction\":[{\"@type\":\"ReadAction\",\"target\":[\"https:\\\/\\\/www.laguiadepamplona.com\\\/actualidad\\\/ssmm-los-reyes-magos-entraran-a-pamplona-por-la-magdalena-y-saludaran-a-la-infancia-desde-los-balcones-de-la-casa-consistorial\\\/\"]}]},{\"@type\":\"ImageObject\",\"inLanguage\":\"es\",\"@id\":\"https:\\\/\\\/www.laguiadepamplona.com\\\/actualidad\\\/ssmm-los-reyes-magos-entraran-a-pamplona-por-la-magdalena-y-saludaran-a-la-infancia-desde-los-balcones-de-la-casa-consistorial\\\/#primaryimage\",\"url\":\"https:\\\/\\\/www.laguiadepamplona.com\\\/actualidad\\\/wp-content\\\/uploads\\\/2019\\\/01\\\/cabalgata-reyes-magos-pamplona-2016.jpg\",\"contentUrl\":\"https:\\\/\\\/www.laguiadepamplona.com\\\/actualidad\\\/wp-content\\\/uploads\\\/2019\\\/01\\\/cabalgata-reyes-magos-pamplona-2016.jpg\",\"width\":1000,\"height\":667},{\"@type\":\"BreadcrumbList\",\"@id\":\"https:\\\/\\\/www.laguiadepamplona.com\\\/actualidad\\\/ssmm-los-reyes-magos-entraran-a-pamplona-por-la-magdalena-y-saludaran-a-la-infancia-desde-los-balcones-de-la-casa-consistorial\\\/#breadcrumb\",\"itemListElement\":[{\"@type\":\"ListItem\",\"position\":1,\"name\":\"Portada\",\"item\":\"https:\\\/\\\/www.laguiadepamplona.com\\\/actualidad\\\/\"},{\"@type\":\"ListItem\",\"position\":2,\"name\":\"SSMM los Reyes Magos entrar\u00e1n a Pamplona por la Magdalena y saludar\u00e1n a la infancia desde los balcones de la Casa Consistorial\"}]},{\"@type\":\"WebSite\",\"@id\":\"https:\\\/\\\/www.laguiadepamplona.com\\\/actualidad\\\/#website\",\"url\":\"https:\\\/\\\/www.laguiadepamplona.com\\\/actualidad\\\/\",\"name\":\"La gu\u00eda de Pamplona\",\"description\":\"Noticias de Pamplona\",\"publisher\":{\"@id\":\"https:\\\/\\\/www.laguiadepamplona.com\\\/actualidad\\\/#organization\"},\"potentialAction\":[{\"@type\":\"SearchAction\",\"target\":{\"@type\":\"EntryPoint\",\"urlTemplate\":\"https:\\\/\\\/www.laguiadepamplona.com\\\/actualidad\\\/?s={search_term_string}\"},\"query-input\":{\"@type\":\"PropertyValueSpecification\",\"valueRequired\":true,\"valueName\":\"search_term_string\"}}],\"inLanguage\":\"es\"},{\"@type\":\"Organization\",\"@id\":\"https:\\\/\\\/www.laguiadepamplona.com\\\/actualidad\\\/#organization\",\"name\":\"La Gu\u00eda de Pamplona \\\/ Noticias\",\"url\":\"https:\\\/\\\/www.laguiadepamplona.com\\\/actualidad\\\/\",\"logo\":{\"@type\":\"ImageObject\",\"inLanguage\":\"es\",\"@id\":\"https:\\\/\\\/www.laguiadepamplona.com\\\/actualidad\\\/#\\\/schema\\\/logo\\\/image\\\/\",\"url\":\"https:\\\/\\\/www.laguiadepamplona.com\\\/actualidad\\\/wp-content\\\/uploads\\\/2018\\\/11\\\/logo-laguiadepamplona18-web1.png\",\"contentUrl\":\"https:\\\/\\\/www.laguiadepamplona.com\\\/actualidad\\\/wp-content\\\/uploads\\\/2018\\\/11\\\/logo-laguiadepamplona18-web1.png\",\"width\":600,\"height\":196,\"caption\":\"La Gu\u00eda de Pamplona \\\/ Noticias\"},\"image\":{\"@id\":\"https:\\\/\\\/www.laguiadepamplona.com\\\/actualidad\\\/#\\\/schema\\\/logo\\\/image\\\/\"},\"sameAs\":[\"https:\\\/\\\/www.facebook.com\\\/laguiadepamplonacom-133175176762273\\\/?ref=hl\",\"https:\\\/\\\/x.com\\\/LaGuiadPamplona\",\"https:\\\/\\\/www.instagram.com\\\/la_guia_de_pamplona\\\/\",\"https:\\\/\\\/www.youtube.com\\\/user\\\/laguiadepamplona\"]},{\"@type\":\"Person\",\"@id\":\"https:\\\/\\\/www.laguiadepamplona.com\\\/actualidad\\\/#\\\/schema\\\/person\\\/efe887376f0213d4657c93adc50b1fdb\",\"name\":\"La Gu\u00eda de Pamplona\",\"image\":{\"@type\":\"ImageObject\",\"inLanguage\":\"es\",\"@id\":\"https:\\\/\\\/secure.gravatar.com\\\/avatar\\\/b6992f131dc8d30ab0dff15446e9d346d9dbd95992de0fef795073f5ea83a81c?s=96&d=mm&r=g\",\"url\":\"https:\\\/\\\/secure.gravatar.com\\\/avatar\\\/b6992f131dc8d30ab0dff15446e9d346d9dbd95992de0fef795073f5ea83a81c?s=96&d=mm&r=g\",\"contentUrl\":\"https:\\\/\\\/secure.gravatar.com\\\/avatar\\\/b6992f131dc8d30ab0dff15446e9d346d9dbd95992de0fef795073f5ea83a81c?s=96&d=mm&r=g\",\"caption\":\"La Gu\u00eda de Pamplona\"}}]}<\/script>\n<!-- \/ Yoast SEO plugin. -->","yoast_head_json":{"title":"SSMM los Reyes Magos entrar\u00e1n a Pamplona por la Magdalena y saludar\u00e1n a la infancia desde los balcones de la Casa Consistorial","description":"El tr\u00e1fico por la ciudad se ver\u00e1 afectado durante la llegada de Sus Majestades y, principalmente, durante la posterior Cabalgata","robots":{"index":"index","follow":"follow","max-snippet":"max-snippet:-1","max-image-preview":"max-image-preview:large","max-video-preview":"max-video-preview:-1"},"canonical":"https:\/\/www.laguiadepamplona.com\/actualidad\/ssmm-los-reyes-magos-entraran-a-pamplona-por-la-magdalena-y-saludaran-a-la-infancia-desde-los-balcones-de-la-casa-consistorial\/","og_locale":"es_ES","og_type":"article","og_title":"SSMM los Reyes Magos entrar\u00e1n a Pamplona por la Magdalena y saludar\u00e1n a la infancia desde los balcones de la Casa Consistorial","og_description":"El tr\u00e1fico por la ciudad se ver\u00e1 afectado durante la llegada de Sus Majestades y, principalmente, durante la posterior Cabalgata","og_url":"https:\/\/www.laguiadepamplona.com\/actualidad\/ssmm-los-reyes-magos-entraran-a-pamplona-por-la-magdalena-y-saludaran-a-la-infancia-desde-los-balcones-de-la-casa-consistorial\/","og_site_name":"La Gu\u00eda de Pamplona","article_publisher":"https:\/\/www.facebook.com\/laguiadepamplonacom-133175176762273\/?ref=hl","article_published_time":"2022-01-04T17:59:22+00:00","article_modified_time":"2023-04-11T09:48:37+00:00","og_image":[{"width":1000,"height":667,"url":"https:\/\/www.laguiadepamplona.com\/actualidad\/wp-content\/uploads\/2019\/01\/cabalgata-reyes-magos-pamplona-2016.jpg","type":"image\/jpeg"}],"author":"La Gu\u00eda de Pamplona","twitter_card":"summary_large_image","twitter_creator":"@LaGuiadPamplona","twitter_site":"@LaGuiadPamplona","twitter_misc":{"Escrito por":"La Gu\u00eda de Pamplona","Tiempo de lectura":"4 minutos"},"schema":{"@context":"https:\/\/schema.org","@graph":[{"@type":"Article","@id":"https:\/\/www.laguiadepamplona.com\/actualidad\/ssmm-los-reyes-magos-entraran-a-pamplona-por-la-magdalena-y-saludaran-a-la-infancia-desde-los-balcones-de-la-casa-consistorial\/#article","isPartOf":{"@id":"https:\/\/www.laguiadepamplona.com\/actualidad\/ssmm-los-reyes-magos-entraran-a-pamplona-por-la-magdalena-y-saludaran-a-la-infancia-desde-los-balcones-de-la-casa-consistorial\/"},"author":{"name":"La Gu\u00eda de Pamplona","@id":"https:\/\/www.laguiadepamplona.com\/actualidad\/#\/schema\/person\/efe887376f0213d4657c93adc50b1fdb"},"headline":"SSMM los Reyes Magos entrar\u00e1n a Pamplona por la Magdalena y saludar\u00e1n a la infancia desde los balcones de la Casa Consistorial","datePublished":"2022-01-04T17:59:22+00:00","dateModified":"2023-04-11T09:48:37+00:00","mainEntityOfPage":{"@id":"https:\/\/www.laguiadepamplona.com\/actualidad\/ssmm-los-reyes-magos-entraran-a-pamplona-por-la-magdalena-y-saludaran-a-la-infancia-desde-los-balcones-de-la-casa-consistorial\/"},"wordCount":880,"commentCount":0,"publisher":{"@id":"https:\/\/www.laguiadepamplona.com\/actualidad\/#organization"},"image":{"@id":"https:\/\/www.laguiadepamplona.com\/actualidad\/ssmm-los-reyes-magos-entraran-a-pamplona-por-la-magdalena-y-saludaran-a-la-infancia-desde-los-balcones-de-la-casa-consistorial\/#primaryimage"},"thumbnailUrl":"https:\/\/www.laguiadepamplona.com\/actualidad\/wp-content\/uploads\/2019\/01\/cabalgata-reyes-magos-pamplona-2016.jpg","articleSection":["Ayto Pamplona"],"inLanguage":"es","potentialAction":[{"@type":"CommentAction","name":"Comment","target":["https:\/\/www.laguiadepamplona.com\/actualidad\/ssmm-los-reyes-magos-entraran-a-pamplona-por-la-magdalena-y-saludaran-a-la-infancia-desde-los-balcones-de-la-casa-consistorial\/#respond"]}]},{"@type":"WebPage","@id":"https:\/\/www.laguiadepamplona.com\/actualidad\/ssmm-los-reyes-magos-entraran-a-pamplona-por-la-magdalena-y-saludaran-a-la-infancia-desde-los-balcones-de-la-casa-consistorial\/","url":"https:\/\/www.laguiadepamplona.com\/actualidad\/ssmm-los-reyes-magos-entraran-a-pamplona-por-la-magdalena-y-saludaran-a-la-infancia-desde-los-balcones-de-la-casa-consistorial\/","name":"SSMM los Reyes Magos entrar\u00e1n a Pamplona por la Magdalena y saludar\u00e1n a la infancia desde los balcones de la Casa Consistorial","isPartOf":{"@id":"https:\/\/www.laguiadepamplona.com\/actualidad\/#website"},"primaryImageOfPage":{"@id":"https:\/\/www.laguiadepamplona.com\/actualidad\/ssmm-los-reyes-magos-entraran-a-pamplona-por-la-magdalena-y-saludaran-a-la-infancia-desde-los-balcones-de-la-casa-consistorial\/#primaryimage"},"image":{"@id":"https:\/\/www.laguiadepamplona.com\/actualidad\/ssmm-los-reyes-magos-entraran-a-pamplona-por-la-magdalena-y-saludaran-a-la-infancia-desde-los-balcones-de-la-casa-consistorial\/#primaryimage"},"thumbnailUrl":"https:\/\/www.laguiadepamplona.com\/actualidad\/wp-content\/uploads\/2019\/01\/cabalgata-reyes-magos-pamplona-2016.jpg","datePublished":"2022-01-04T17:59:22+00:00","dateModified":"2023-04-11T09:48:37+00:00","description":"El tr\u00e1fico por la ciudad se ver\u00e1 afectado durante la llegada de Sus Majestades y, principalmente, durante la posterior Cabalgata","breadcrumb":{"@id":"https:\/\/www.laguiadepamplona.com\/actualidad\/ssmm-los-reyes-magos-entraran-a-pamplona-por-la-magdalena-y-saludaran-a-la-infancia-desde-los-balcones-de-la-casa-consistorial\/#breadcrumb"},"inLanguage":"es","potentialAction":[{"@type":"ReadAction","target":["https:\/\/www.laguiadepamplona.com\/actualidad\/ssmm-los-reyes-magos-entraran-a-pamplona-por-la-magdalena-y-saludaran-a-la-infancia-desde-los-balcones-de-la-casa-consistorial\/"]}]},{"@type":"ImageObject","inLanguage":"es","@id":"https:\/\/www.laguiadepamplona.com\/actualidad\/ssmm-los-reyes-magos-entraran-a-pamplona-por-la-magdalena-y-saludaran-a-la-infancia-desde-los-balcones-de-la-casa-consistorial\/#primaryimage","url":"https:\/\/www.laguiadepamplona.com\/actualidad\/wp-content\/uploads\/2019\/01\/cabalgata-reyes-magos-pamplona-2016.jpg","contentUrl":"https:\/\/www.laguiadepamplona.com\/actualidad\/wp-content\/uploads\/2019\/01\/cabalgata-reyes-magos-pamplona-2016.jpg","width":1000,"height":667},{"@type":"BreadcrumbList","@id":"https:\/\/www.laguiadepamplona.com\/actualidad\/ssmm-los-reyes-magos-entraran-a-pamplona-por-la-magdalena-y-saludaran-a-la-infancia-desde-los-balcones-de-la-casa-consistorial\/#breadcrumb","itemListElement":[{"@type":"ListItem","position":1,"name":"Portada","item":"https:\/\/www.laguiadepamplona.com\/actualidad\/"},{"@type":"ListItem","position":2,"name":"SSMM los Reyes Magos entrar\u00e1n a Pamplona por la Magdalena y saludar\u00e1n a la infancia desde los balcones de la Casa Consistorial"}]},{"@type":"WebSite","@id":"https:\/\/www.laguiadepamplona.com\/actualidad\/#website","url":"https:\/\/www.laguiadepamplona.com\/actualidad\/","name":"La gu\u00eda de Pamplona","description":"Noticias de Pamplona","publisher":{"@id":"https:\/\/www.laguiadepamplona.com\/actualidad\/#organization"},"potentialAction":[{"@type":"SearchAction","target":{"@type":"EntryPoint","urlTemplate":"https:\/\/www.laguiadepamplona.com\/actualidad\/?s={search_term_string}"},"query-input":{"@type":"PropertyValueSpecification","valueRequired":true,"valueName":"search_term_string"}}],"inLanguage":"es"},{"@type":"Organization","@id":"https:\/\/www.laguiadepamplona.com\/actualidad\/#organization","name":"La Gu\u00eda de Pamplona \/ Noticias","url":"https:\/\/www.laguiadepamplona.com\/actualidad\/","logo":{"@type":"ImageObject","inLanguage":"es","@id":"https:\/\/www.laguiadepamplona.com\/actualidad\/#\/schema\/logo\/image\/","url":"https:\/\/www.laguiadepamplona.com\/actualidad\/wp-content\/uploads\/2018\/11\/logo-laguiadepamplona18-web1.png","contentUrl":"https:\/\/www.laguiadepamplona.com\/actualidad\/wp-content\/uploads\/2018\/11\/logo-laguiadepamplona18-web1.png","width":600,"height":196,"caption":"La Gu\u00eda de Pamplona \/ Noticias"},"image":{"@id":"https:\/\/www.laguiadepamplona.com\/actualidad\/#\/schema\/logo\/image\/"},"sameAs":["https:\/\/www.facebook.com\/laguiadepamplonacom-133175176762273\/?ref=hl","https:\/\/x.com\/LaGuiadPamplona","https:\/\/www.instagram.com\/la_guia_de_pamplona\/","https:\/\/www.youtube.com\/user\/laguiadepamplona"]},{"@type":"Person","@id":"https:\/\/www.laguiadepamplona.com\/actualidad\/#\/schema\/person\/efe887376f0213d4657c93adc50b1fdb","name":"La Gu\u00eda de Pamplona","image":{"@type":"ImageObject","inLanguage":"es","@id":"https:\/\/secure.gravatar.com\/avatar\/b6992f131dc8d30ab0dff15446e9d346d9dbd95992de0fef795073f5ea83a81c?s=96&d=mm&r=g","url":"https:\/\/secure.gravatar.com\/avatar\/b6992f131dc8d30ab0dff15446e9d346d9dbd95992de0fef795073f5ea83a81c?s=96&d=mm&r=g","contentUrl":"https:\/\/secure.gravatar.com\/avatar\/b6992f131dc8d30ab0dff15446e9d346d9dbd95992de0fef795073f5ea83a81c?s=96&d=mm&r=g","caption":"La Gu\u00eda de Pamplona"}}]}},"post_mailing_queue_ids":[],"_links":{"self":[{"href":"https:\/\/www.laguiadepamplona.com\/actualidad\/wp-json\/wp\/v2\/posts\/38198","targetHints":{"allow":["GET"]}}],"collection":[{"href":"https:\/\/www.laguiadepamplona.com\/actualidad\/wp-json\/wp\/v2\/posts"}],"about":[{"href":"https:\/\/www.laguiadepamplona.com\/actualidad\/wp-json\/wp\/v2\/types\/post"}],"author":[{"embeddable":true,"href":"https:\/\/www.laguiadepamplona.com\/actualidad\/wp-json\/wp\/v2\/users\/1"}],"replies":[{"embeddable":true,"href":"https:\/\/www.laguiadepamplona.com\/actualidad\/wp-json\/wp\/v2\/comments?post=38198"}],"version-history":[{"count":0,"href":"https:\/\/www.laguiadepamplona.com\/actualidad\/wp-json\/wp\/v2\/posts\/38198\/revisions"}],"wp:featuredmedia":[{"embeddable":true,"href":"https:\/\/www.laguiadepamplona.com\/actualidad\/wp-json\/wp\/v2\/media\/19982"}],"wp:attachment":[{"href":"https:\/\/www.laguiadepamplona.com\/actualidad\/wp-json\/wp\/v2\/media?parent=38198"}],"wp:term":[{"taxonomy":"category","embeddable":true,"href":"https:\/\/www.laguiadepamplona.com\/actualidad\/wp-json\/wp\/v2\/categories?post=38198"},{"taxonomy":"post_tag","embeddable":true,"href":"https:\/\/www.laguiadepamplona.com\/actualidad\/wp-json\/wp\/v2\/tags?post=38198"}],"curies":[{"name":"wp","href":"https:\/\/api.w.org\/{rel}","templated":true}]}}