{"id":38189,"date":"2022-01-03T16:33:24","date_gmt":"2022-01-03T14:33:24","guid":{"rendered":"https:\/\/www.laguiadepamplona.com\/actualidad\/?p=38189"},"modified":"2023-04-11T11:48:37","modified_gmt":"2023-04-11T09:48:37","slug":"anfas-recibe-el-xx-haba-de-oro-que-entrega-desde-hace-dos-decadas-la-asociacion-cabalgata-reyes-magos","status":"publish","type":"post","link":"https:\/\/www.laguiadepamplona.com\/actualidad\/anfas-recibe-el-xx-haba-de-oro-que-entrega-desde-hace-dos-decadas-la-asociacion-cabalgata-reyes-magos\/","title":{"rendered":"ANFAS recibe el XX Haba de Oro que entrega desde hace dos d\u00e9cadas la Asociaci\u00f3n Cabalgata Reyes Magos"},"content":{"rendered":"<h5>El premio reconoce la labor de personas e instituciones en favor de la infancia y la adolescencia m\u00e1s desfavorecida<\/h5>\n<p><!--more--><\/p>\n<p>El XX Haba de Oro ha reca\u00eddo en ANFAS, la asociaci\u00f3n navarra en favor de las personas con discapacidad intelectual o del desarrollo, por la labor que impulsa desde hace sesenta a\u00f1os. Este premio, que otorga la Asociaci\u00f3n Cabalgata Reyes Magos de Pamplona desde hace ya dos d\u00e9cadas, supone un impulso an\u00edmico y econ\u00f3mico para las asociaciones y entidades que lo reciben y quiere premiar su labor en pro de la infancia y la adolescencia m\u00e1s vulnerable.<\/p>\n<p>El acta el jurado recoge entre los motivos para otorgarles el galard\u00f3n su apoyo y defensa diaria de los derechos de las personas con discapacidad, a la vez que su trabajo de concienciaci\u00f3n para conseguir que la sociedad navarra sea cada vez m\u00e1s inclusiva. Dice el texto \u201cla Asociaci\u00f3n ANFAS ofrece un apoyo fundamental en esta etapa en la que las personas comenzamos a desarrollar nuestros proyectos de vida y a relacionarnos con el entorno social\u201d y destaca el trabajo de ANFAS en sus programas para favorecer a la poblaci\u00f3n infantil y juvenil con trastornos de desarrollo o riesgo de padecerlos. En ese sentido, valora el acta el \u201cser ejemplo para la sociedad y representar valores indispensables para las personas como la libertad, la justicia, la responsabilidad y el respeto\u201d.<\/p>\n<p>El acto de entrega ha tenido lugar esta ma\u00f1ana en el patio del Palacio del Condestable. En \u00e9l, han participado el alcalde de Pamplona, Enrique Maya, y la presidenta de la Asociaci\u00f3n Cabalgata Reyes Magos de Pamplona, Mamen S\u00e1daba. El premio lo ha recogido el presidente de ANFAS, Javier Gold\u00e1raz Prados. El acto ha contado con la presencia, tambi\u00e9n, de miembros de la Corporaci\u00f3n municipal, miembros del jurado que ha concedido esta distinci\u00f3n y representantes de la entidad premiada.<\/p>\n<p><strong>Por una sociedad inclusiva con la diversidad funcional<\/strong><\/p>\n<p>ANFAS es un movimiento asociativo de Navarra que, desde 1961, presta apoyos y defiende los derechos de las personas con discapacidad intelectual o del desarrollo y de sus familias, apoyando a ni\u00f1os, ni\u00f1as y j\u00f3venes, y facilitando la conciliaci\u00f3n de su vida laboral y personal, para mejorar as\u00ed su calidad de vida. Y eso, desde un marco \u00e9tico que quiere involucrar a la sociedad en la inclusi\u00f3n de las personas con esta diversidad funcional como ciudadanos y ciudadanas en una Navarra justa y solidaria.<\/p>\n<p>ANFAS organiza de programas dirigidos a las personas con discapacidad intelectual o trastornos del desarrollo con el objetivo de mejorar su calidad de vida para garantizar que tengan los apoyos y servicios necesarios a lo largo de todas las etapas de su vida. Su objetivo es mantener el nivel cognitivo de las personas afectadas, adem\u00e1s de su nivel de comunicaci\u00f3n y movilidad, y proporcionando apoyos acad\u00e9micos y en habilidades sociales.<\/p>\n<p>La entidad tambi\u00e9n mantiene programas de apoyo a las familias de las personas afectadas prest\u00e1ndoles informaci\u00f3n, asesoramiento, formaci\u00f3n y medidas de conciliaci\u00f3n y de apoyo emocional. Pero m\u00e1s all\u00e1 de quienes est\u00e1n directamente afectados por una discapacidad intelectual o del desarrollo y de su entorno m\u00e1s cercano, ANFAS trabaja en materia de sensibilizaci\u00f3n social con charlas, visitas a colegios y a colectivos que lo solicitan. La entidad mantiene, adem\u00e1s, un programa de voluntariado y algunos de sus asociados trabajan gestionando el albergue para peregrinos del Camino de Santiago de Estella.<br \/>\n<script async src=\"\/\/pagead2.googlesyndication.com\/pagead\/js\/adsbygoogle.js\"><\/script><br \/>\n<!-- Noticias La Guia de Pamplona --><br \/>\n<ins class=\"adsbygoogle\"\nstyle=\"display:block\"\ndata-ad-client=\"ca-pub-6943679897239327\"\ndata-ad-slot=\"7048180777\"\ndata-ad-format=\"auto\"><\/ins><br \/>\n<script>\n(adsbygoogle = window.adsbygoogle || []).push({});\n<\/script><\/p>\n<p><strong>Trabajar por los menores m\u00e1s vulnerables<\/strong><\/p>\n<p>El Haba de Oro reconoce y premia la labor que personas e instituciones realizan en distintos \u00e1mbitos, siempre en favor de los menores o los j\u00f3venes m\u00e1s vulnerables. El premio, el Haba de Oro, consiste en un haba del tama\u00f1o aproximado de una nuez, realizada en oro macizo de 18 kilates, con un peso aproximado de 50 gramos. El haba lleva engastados tres brillantes que representan a los tres Reyes Magos, a Melchor, a Gaspar y a Baltasar.<\/p>\n<p>El jurado de esta edici\u00f3n del Haba de Oro lo han formado ocho personas en representaci\u00f3n de distintas instituciones y entidades. Han sido el acalde de Pamplona, Enrique Maya; Izaskun Azcona, delegada de Fundaci\u00f3n \u201cla Caixa\u201d en Navarra; Rafael Ruiz de la Cuesta en representaci\u00f3n del Tribunal Superior de Justicia de Navarra TSJN); Javier Leoz, en representaci\u00f3n del Arzobispado de Pamplona y Tudela y Olga Torrecilla por el Centro de Salud Mental Infanto-Juvenil \u201cNatividad Zubieta\u201d, servicio que fue galardonado con el Haba de Oro de la edici\u00f3n anterior.<\/p>\n<p>Tambi\u00e9n formaban parte de las deliberaciones Luis Campos, director general del Observatorio de la Realidad Social, de Planificaci\u00f3n y de Evaluaci\u00f3n de Pol\u00edticas Sociales; Mamen S\u00e1daba, presidenta de la Asociaci\u00f3n Cabalgata Reyes Magos de Pamplona y Leticia Vergara como Secretaria del jurado.<br \/>\n<script async src=\"\/\/pagead2.googlesyndication.com\/pagead\/js\/adsbygoogle.js\"><\/script><br \/>\n<!-- Noticias La Guia de Pamplona --><br \/>\n<ins class=\"adsbygoogle\"\nstyle=\"display:block\"\ndata-ad-client=\"ca-pub-6943679897239327\"\ndata-ad-slot=\"7048180777\"\ndata-ad-format=\"auto\"><\/ins><br \/>\n<script>\n(adsbygoogle = window.adsbygoogle || []).push({});\n<\/script><\/p>\n<p><strong>20 a\u00f1os, 20 reconocimientos<\/strong><\/p>\n<p>La primera Haba de Oro recay\u00f3 en 2002 en las Hijas de la Caridad por su instituci\u00f3n la Providencia. Al a\u00f1o siguiente el galard\u00f3n fue para la instituci\u00f3n Punto de Encuentro de Mensajeros por la Paz, en 2004 se otorg\u00f3 a ADANO (Asociaci\u00f3n de Ayuda a Ni\u00f1os con C\u00e1ncer de Navarra), en 2005 a la ONG Compartir Navarra, en 2006 a la Fundaci\u00f3n Ciganda Ferrer por el colegio El Molino y en 2007 para los padres adoptantes de toda Navarra.<\/p>\n<p>En 2008 el premio lo recibi\u00f3 el Colegio P\u00fablico Cardenal Ilund\u00e1in, en 2009 el aula infantil del entonces hospital Virgen del Camino de Pamplona y en 2010 la Fundaci\u00f3n Atena Psicoballet. Las siguientes cinco Habas de Oro fueron a parar tambi\u00e9n a instituciones que trabajan por el bien de los menores de edad. En 2011 el premio fue para las familias acogedoras de Navarra, en 2012 para el colegio Isterria, en 2013 al Centro Puente y en 2014 para la Asociaci\u00f3n Navarra Nuevo Futuro. El jurado del premio otorg\u00f3 el Haba de Oro 2015 a la Fundaci\u00f3n Itaka Escolapios y el de 2016 a Fundaci\u00f3n Ilund\u00e1in Haritz Berri.<\/p>\n<p>El listado se completa con el reconocimiento de 2017 para la Fundaci\u00f3n Xilema; 2018 para el Servicio Socioeducativo Intercultural (SEI); 2019 la Asociaci\u00f3n de Da\u00f1o Cerebral Adquirido infantil Hiru Hamabi\/ 3-12; 2020 el Centro de Salud Mental Infanto-Juvenil \u2018Natividad Zubieta\u2019 y este a\u00f1o la asociaci\u00f3n navarra en favor de las personas con discapacidad intelectual o del desarrollo ANFAS.<br \/>\n<script async src=\"\/\/pagead2.googlesyndication.com\/pagead\/js\/adsbygoogle.js\"><\/script><br \/>\n<!-- Noticias La Guia de Pamplona --><br \/>\n<ins class=\"adsbygoogle\"\nstyle=\"display:block\"\ndata-ad-client=\"ca-pub-6943679897239327\"\ndata-ad-slot=\"7048180777\"\ndata-ad-format=\"auto\"><\/ins><br \/>\n<script>\n(adsbygoogle = window.adsbygoogle || []).push({});\n<\/script><\/p>\n<p>&nbsp;<\/p>\n<h3>Galardones Haba de Oro<\/h3>\n<ul>\n<li>2002: Hijas de la Caridad, por su instituci\u00f3n La Providencia<\/li>\n<li>2003: Instituci\u00f3n Punto de Encuentro de Mensajeros por la Paz<\/li>\n<li>2004: Asociaci\u00f3n ADANO<\/li>\n<li>2005: ONG Compartir Navarra<\/li>\n<li>2006: Fundaci\u00f3n Ciganda Ferrer, por su instituci\u00f3n Colegio El Molino<\/li>\n<li>2007: Padres adoptantes de toda Navarra<\/li>\n<li>2008: Colegio P\u00fablico Cardenal Ilund\u00e1in<\/li>\n<li>2009: Aula infantil del Hospital Virgen del Camino<\/li>\n<li>2010: Fundaci\u00f3n Atena Psicoballet<\/li>\n<li>2011: Familias acogedoras de Navarra<\/li>\n<li>2012: Colegio Isterria<\/li>\n<li>2013: Centro Puente<\/li>\n<li>2014: Asociaci\u00f3n Navarra Nuevo Futuro<\/li>\n<li>2015: Fundaci\u00f3n Itaka-Escolapios<\/li>\n<li>2016: Fundaci\u00f3n Ilund\u00e1in Haritz Berri<\/li>\n<li>2017: Fundaci\u00f3n Xilema<\/li>\n<li>2018: Servicio Socioeducativo Intercultural (SEI)<\/li>\n<li>2019: Hiru Hamabi\/ 3-12<\/li>\n<li>2020: Centro de Salud Mental Infanto-Juvenil \u2018Natividad Zubieta\u2019<\/li>\n<li>2021: ANFAS<\/li>\n<\/ul>\n","protected":false},"excerpt":{"rendered":"<p>El premio reconoce la labor de personas e instituciones en favor de la infancia y la adolescencia m\u00e1s desfavorecida<\/p>\n","protected":false},"author":1,"featured_media":38190,"comment_status":"open","ping_status":"closed","sticky":false,"template":"","format":"standard","meta":{"footnotes":""},"categories":[2],"tags":[],"class_list":["post-38189","post","type-post","status-publish","format-standard","has-post-thumbnail","hentry","category-ayuntamiento-pamplona"],"yoast_head":"<!-- This site is optimized with the Yoast SEO plugin v27.3 - https:\/\/yoast.com\/product\/yoast-seo-wordpress\/ -->\n<title>ANFAS recibe el XX Haba de Oro que entrega desde hace dos d\u00e9cadas la Asociaci\u00f3n Cabalgata Reyes Magos<\/title>\n<meta name=\"description\" content=\"El premio reconoce la labor de personas e instituciones en favor de la infancia y la adolescencia m\u00e1s desfavorecida\" \/>\n<meta name=\"robots\" content=\"index, follow, max-snippet:-1, max-image-preview:large, max-video-preview:-1\" \/>\n<link rel=\"canonical\" href=\"https:\/\/www.laguiadepamplona.com\/actualidad\/anfas-recibe-el-xx-haba-de-oro-que-entrega-desde-hace-dos-decadas-la-asociacion-cabalgata-reyes-magos\/\" \/>\n<meta property=\"og:locale\" content=\"es_ES\" \/>\n<meta property=\"og:type\" content=\"article\" \/>\n<meta property=\"og:title\" content=\"ANFAS recibe el XX Haba de Oro que entrega desde hace dos d\u00e9cadas la Asociaci\u00f3n Cabalgata Reyes Magos\" \/>\n<meta property=\"og:description\" content=\"El premio reconoce la labor de personas e instituciones en favor de la infancia y la adolescencia m\u00e1s desfavorecida\" \/>\n<meta property=\"og:url\" content=\"https:\/\/www.laguiadepamplona.com\/actualidad\/anfas-recibe-el-xx-haba-de-oro-que-entrega-desde-hace-dos-decadas-la-asociacion-cabalgata-reyes-magos\/\" \/>\n<meta property=\"og:site_name\" content=\"La Gu\u00eda de Pamplona\" \/>\n<meta property=\"article:publisher\" content=\"https:\/\/www.facebook.com\/laguiadepamplonacom-133175176762273\/?ref=hl\" \/>\n<meta property=\"article:published_time\" content=\"2022-01-03T14:33:24+00:00\" \/>\n<meta property=\"article:modified_time\" content=\"2023-04-11T09:48:37+00:00\" \/>\n<meta property=\"og:image\" content=\"https:\/\/www.laguiadepamplona.com\/actualidad\/wp-content\/uploads\/2022\/01\/habadeoroanfasee5a0585.jpg\" \/>\n\t<meta property=\"og:image:width\" content=\"1920\" \/>\n\t<meta property=\"og:image:height\" content=\"1260\" \/>\n\t<meta property=\"og:image:type\" content=\"image\/jpeg\" \/>\n<meta name=\"author\" content=\"La Gu\u00eda de Pamplona\" \/>\n<meta name=\"twitter:card\" content=\"summary_large_image\" \/>\n<meta name=\"twitter:creator\" content=\"@LaGuiadPamplona\" \/>\n<meta name=\"twitter:site\" content=\"@LaGuiadPamplona\" \/>\n<meta name=\"twitter:label1\" content=\"Escrito por\" \/>\n\t<meta name=\"twitter:data1\" content=\"La Gu\u00eda de Pamplona\" \/>\n\t<meta name=\"twitter:label2\" content=\"Tiempo de lectura\" \/>\n\t<meta name=\"twitter:data2\" content=\"6 minutos\" \/>\n<script type=\"application\/ld+json\" class=\"yoast-schema-graph\">{\"@context\":\"https:\\\/\\\/schema.org\",\"@graph\":[{\"@type\":\"Article\",\"@id\":\"https:\\\/\\\/www.laguiadepamplona.com\\\/actualidad\\\/anfas-recibe-el-xx-haba-de-oro-que-entrega-desde-hace-dos-decadas-la-asociacion-cabalgata-reyes-magos\\\/#article\",\"isPartOf\":{\"@id\":\"https:\\\/\\\/www.laguiadepamplona.com\\\/actualidad\\\/anfas-recibe-el-xx-haba-de-oro-que-entrega-desde-hace-dos-decadas-la-asociacion-cabalgata-reyes-magos\\\/\"},\"author\":{\"name\":\"La Gu\u00eda de Pamplona\",\"@id\":\"https:\\\/\\\/www.laguiadepamplona.com\\\/actualidad\\\/#\\\/schema\\\/person\\\/efe887376f0213d4657c93adc50b1fdb\"},\"headline\":\"ANFAS recibe el XX Haba de Oro que entrega desde hace dos d\u00e9cadas la Asociaci\u00f3n Cabalgata Reyes Magos\",\"datePublished\":\"2022-01-03T14:33:24+00:00\",\"dateModified\":\"2023-04-11T09:48:37+00:00\",\"mainEntityOfPage\":{\"@id\":\"https:\\\/\\\/www.laguiadepamplona.com\\\/actualidad\\\/anfas-recibe-el-xx-haba-de-oro-que-entrega-desde-hace-dos-decadas-la-asociacion-cabalgata-reyes-magos\\\/\"},\"wordCount\":1199,\"commentCount\":0,\"publisher\":{\"@id\":\"https:\\\/\\\/www.laguiadepamplona.com\\\/actualidad\\\/#organization\"},\"image\":{\"@id\":\"https:\\\/\\\/www.laguiadepamplona.com\\\/actualidad\\\/anfas-recibe-el-xx-haba-de-oro-que-entrega-desde-hace-dos-decadas-la-asociacion-cabalgata-reyes-magos\\\/#primaryimage\"},\"thumbnailUrl\":\"https:\\\/\\\/www.laguiadepamplona.com\\\/actualidad\\\/wp-content\\\/uploads\\\/2022\\\/01\\\/habadeoroanfasee5a0585.jpg\",\"articleSection\":[\"Ayto Pamplona\"],\"inLanguage\":\"es\",\"potentialAction\":[{\"@type\":\"CommentAction\",\"name\":\"Comment\",\"target\":[\"https:\\\/\\\/www.laguiadepamplona.com\\\/actualidad\\\/anfas-recibe-el-xx-haba-de-oro-que-entrega-desde-hace-dos-decadas-la-asociacion-cabalgata-reyes-magos\\\/#respond\"]}]},{\"@type\":\"WebPage\",\"@id\":\"https:\\\/\\\/www.laguiadepamplona.com\\\/actualidad\\\/anfas-recibe-el-xx-haba-de-oro-que-entrega-desde-hace-dos-decadas-la-asociacion-cabalgata-reyes-magos\\\/\",\"url\":\"https:\\\/\\\/www.laguiadepamplona.com\\\/actualidad\\\/anfas-recibe-el-xx-haba-de-oro-que-entrega-desde-hace-dos-decadas-la-asociacion-cabalgata-reyes-magos\\\/\",\"name\":\"ANFAS recibe el XX Haba de Oro que entrega desde hace dos d\u00e9cadas la Asociaci\u00f3n Cabalgata Reyes Magos\",\"isPartOf\":{\"@id\":\"https:\\\/\\\/www.laguiadepamplona.com\\\/actualidad\\\/#website\"},\"primaryImageOfPage\":{\"@id\":\"https:\\\/\\\/www.laguiadepamplona.com\\\/actualidad\\\/anfas-recibe-el-xx-haba-de-oro-que-entrega-desde-hace-dos-decadas-la-asociacion-cabalgata-reyes-magos\\\/#primaryimage\"},\"image\":{\"@id\":\"https:\\\/\\\/www.laguiadepamplona.com\\\/actualidad\\\/anfas-recibe-el-xx-haba-de-oro-que-entrega-desde-hace-dos-decadas-la-asociacion-cabalgata-reyes-magos\\\/#primaryimage\"},\"thumbnailUrl\":\"https:\\\/\\\/www.laguiadepamplona.com\\\/actualidad\\\/wp-content\\\/uploads\\\/2022\\\/01\\\/habadeoroanfasee5a0585.jpg\",\"datePublished\":\"2022-01-03T14:33:24+00:00\",\"dateModified\":\"2023-04-11T09:48:37+00:00\",\"description\":\"El premio reconoce la labor de personas e instituciones en favor de la infancia y la adolescencia m\u00e1s desfavorecida\",\"breadcrumb\":{\"@id\":\"https:\\\/\\\/www.laguiadepamplona.com\\\/actualidad\\\/anfas-recibe-el-xx-haba-de-oro-que-entrega-desde-hace-dos-decadas-la-asociacion-cabalgata-reyes-magos\\\/#breadcrumb\"},\"inLanguage\":\"es\",\"potentialAction\":[{\"@type\":\"ReadAction\",\"target\":[\"https:\\\/\\\/www.laguiadepamplona.com\\\/actualidad\\\/anfas-recibe-el-xx-haba-de-oro-que-entrega-desde-hace-dos-decadas-la-asociacion-cabalgata-reyes-magos\\\/\"]}]},{\"@type\":\"ImageObject\",\"inLanguage\":\"es\",\"@id\":\"https:\\\/\\\/www.laguiadepamplona.com\\\/actualidad\\\/anfas-recibe-el-xx-haba-de-oro-que-entrega-desde-hace-dos-decadas-la-asociacion-cabalgata-reyes-magos\\\/#primaryimage\",\"url\":\"https:\\\/\\\/www.laguiadepamplona.com\\\/actualidad\\\/wp-content\\\/uploads\\\/2022\\\/01\\\/habadeoroanfasee5a0585.jpg\",\"contentUrl\":\"https:\\\/\\\/www.laguiadepamplona.com\\\/actualidad\\\/wp-content\\\/uploads\\\/2022\\\/01\\\/habadeoroanfasee5a0585.jpg\",\"width\":1920,\"height\":1260},{\"@type\":\"BreadcrumbList\",\"@id\":\"https:\\\/\\\/www.laguiadepamplona.com\\\/actualidad\\\/anfas-recibe-el-xx-haba-de-oro-que-entrega-desde-hace-dos-decadas-la-asociacion-cabalgata-reyes-magos\\\/#breadcrumb\",\"itemListElement\":[{\"@type\":\"ListItem\",\"position\":1,\"name\":\"Portada\",\"item\":\"https:\\\/\\\/www.laguiadepamplona.com\\\/actualidad\\\/\"},{\"@type\":\"ListItem\",\"position\":2,\"name\":\"ANFAS recibe el XX Haba de Oro que entrega desde hace dos d\u00e9cadas la Asociaci\u00f3n Cabalgata Reyes Magos\"}]},{\"@type\":\"WebSite\",\"@id\":\"https:\\\/\\\/www.laguiadepamplona.com\\\/actualidad\\\/#website\",\"url\":\"https:\\\/\\\/www.laguiadepamplona.com\\\/actualidad\\\/\",\"name\":\"La gu\u00eda de Pamplona\",\"description\":\"Noticias de Pamplona\",\"publisher\":{\"@id\":\"https:\\\/\\\/www.laguiadepamplona.com\\\/actualidad\\\/#organization\"},\"potentialAction\":[{\"@type\":\"SearchAction\",\"target\":{\"@type\":\"EntryPoint\",\"urlTemplate\":\"https:\\\/\\\/www.laguiadepamplona.com\\\/actualidad\\\/?s={search_term_string}\"},\"query-input\":{\"@type\":\"PropertyValueSpecification\",\"valueRequired\":true,\"valueName\":\"search_term_string\"}}],\"inLanguage\":\"es\"},{\"@type\":\"Organization\",\"@id\":\"https:\\\/\\\/www.laguiadepamplona.com\\\/actualidad\\\/#organization\",\"name\":\"La Gu\u00eda de Pamplona \\\/ Noticias\",\"url\":\"https:\\\/\\\/www.laguiadepamplona.com\\\/actualidad\\\/\",\"logo\":{\"@type\":\"ImageObject\",\"inLanguage\":\"es\",\"@id\":\"https:\\\/\\\/www.laguiadepamplona.com\\\/actualidad\\\/#\\\/schema\\\/logo\\\/image\\\/\",\"url\":\"https:\\\/\\\/www.laguiadepamplona.com\\\/actualidad\\\/wp-content\\\/uploads\\\/2018\\\/11\\\/logo-laguiadepamplona18-web1.png\",\"contentUrl\":\"https:\\\/\\\/www.laguiadepamplona.com\\\/actualidad\\\/wp-content\\\/uploads\\\/2018\\\/11\\\/logo-laguiadepamplona18-web1.png\",\"width\":600,\"height\":196,\"caption\":\"La Gu\u00eda de Pamplona \\\/ Noticias\"},\"image\":{\"@id\":\"https:\\\/\\\/www.laguiadepamplona.com\\\/actualidad\\\/#\\\/schema\\\/logo\\\/image\\\/\"},\"sameAs\":[\"https:\\\/\\\/www.facebook.com\\\/laguiadepamplonacom-133175176762273\\\/?ref=hl\",\"https:\\\/\\\/x.com\\\/LaGuiadPamplona\",\"https:\\\/\\\/www.instagram.com\\\/la_guia_de_pamplona\\\/\",\"https:\\\/\\\/www.youtube.com\\\/user\\\/laguiadepamplona\"]},{\"@type\":\"Person\",\"@id\":\"https:\\\/\\\/www.laguiadepamplona.com\\\/actualidad\\\/#\\\/schema\\\/person\\\/efe887376f0213d4657c93adc50b1fdb\",\"name\":\"La Gu\u00eda de Pamplona\",\"image\":{\"@type\":\"ImageObject\",\"inLanguage\":\"es\",\"@id\":\"https:\\\/\\\/secure.gravatar.com\\\/avatar\\\/b6992f131dc8d30ab0dff15446e9d346d9dbd95992de0fef795073f5ea83a81c?s=96&d=mm&r=g\",\"url\":\"https:\\\/\\\/secure.gravatar.com\\\/avatar\\\/b6992f131dc8d30ab0dff15446e9d346d9dbd95992de0fef795073f5ea83a81c?s=96&d=mm&r=g\",\"contentUrl\":\"https:\\\/\\\/secure.gravatar.com\\\/avatar\\\/b6992f131dc8d30ab0dff15446e9d346d9dbd95992de0fef795073f5ea83a81c?s=96&d=mm&r=g\",\"caption\":\"La Gu\u00eda de Pamplona\"}}]}<\/script>\n<!-- \/ Yoast SEO plugin. -->","yoast_head_json":{"title":"ANFAS recibe el XX Haba de Oro que entrega desde hace dos d\u00e9cadas la Asociaci\u00f3n Cabalgata Reyes Magos","description":"El premio reconoce la labor de personas e instituciones en favor de la infancia y la adolescencia m\u00e1s desfavorecida","robots":{"index":"index","follow":"follow","max-snippet":"max-snippet:-1","max-image-preview":"max-image-preview:large","max-video-preview":"max-video-preview:-1"},"canonical":"https:\/\/www.laguiadepamplona.com\/actualidad\/anfas-recibe-el-xx-haba-de-oro-que-entrega-desde-hace-dos-decadas-la-asociacion-cabalgata-reyes-magos\/","og_locale":"es_ES","og_type":"article","og_title":"ANFAS recibe el XX Haba de Oro que entrega desde hace dos d\u00e9cadas la Asociaci\u00f3n Cabalgata Reyes Magos","og_description":"El premio reconoce la labor de personas e instituciones en favor de la infancia y la adolescencia m\u00e1s desfavorecida","og_url":"https:\/\/www.laguiadepamplona.com\/actualidad\/anfas-recibe-el-xx-haba-de-oro-que-entrega-desde-hace-dos-decadas-la-asociacion-cabalgata-reyes-magos\/","og_site_name":"La Gu\u00eda de Pamplona","article_publisher":"https:\/\/www.facebook.com\/laguiadepamplonacom-133175176762273\/?ref=hl","article_published_time":"2022-01-03T14:33:24+00:00","article_modified_time":"2023-04-11T09:48:37+00:00","og_image":[{"width":1920,"height":1260,"url":"https:\/\/www.laguiadepamplona.com\/actualidad\/wp-content\/uploads\/2022\/01\/habadeoroanfasee5a0585.jpg","type":"image\/jpeg"}],"author":"La Gu\u00eda de Pamplona","twitter_card":"summary_large_image","twitter_creator":"@LaGuiadPamplona","twitter_site":"@LaGuiadPamplona","twitter_misc":{"Escrito por":"La Gu\u00eda de Pamplona","Tiempo de lectura":"6 minutos"},"schema":{"@context":"https:\/\/schema.org","@graph":[{"@type":"Article","@id":"https:\/\/www.laguiadepamplona.com\/actualidad\/anfas-recibe-el-xx-haba-de-oro-que-entrega-desde-hace-dos-decadas-la-asociacion-cabalgata-reyes-magos\/#article","isPartOf":{"@id":"https:\/\/www.laguiadepamplona.com\/actualidad\/anfas-recibe-el-xx-haba-de-oro-que-entrega-desde-hace-dos-decadas-la-asociacion-cabalgata-reyes-magos\/"},"author":{"name":"La Gu\u00eda de Pamplona","@id":"https:\/\/www.laguiadepamplona.com\/actualidad\/#\/schema\/person\/efe887376f0213d4657c93adc50b1fdb"},"headline":"ANFAS recibe el XX Haba de Oro que entrega desde hace dos d\u00e9cadas la Asociaci\u00f3n Cabalgata Reyes Magos","datePublished":"2022-01-03T14:33:24+00:00","dateModified":"2023-04-11T09:48:37+00:00","mainEntityOfPage":{"@id":"https:\/\/www.laguiadepamplona.com\/actualidad\/anfas-recibe-el-xx-haba-de-oro-que-entrega-desde-hace-dos-decadas-la-asociacion-cabalgata-reyes-magos\/"},"wordCount":1199,"commentCount":0,"publisher":{"@id":"https:\/\/www.laguiadepamplona.com\/actualidad\/#organization"},"image":{"@id":"https:\/\/www.laguiadepamplona.com\/actualidad\/anfas-recibe-el-xx-haba-de-oro-que-entrega-desde-hace-dos-decadas-la-asociacion-cabalgata-reyes-magos\/#primaryimage"},"thumbnailUrl":"https:\/\/www.laguiadepamplona.com\/actualidad\/wp-content\/uploads\/2022\/01\/habadeoroanfasee5a0585.jpg","articleSection":["Ayto Pamplona"],"inLanguage":"es","potentialAction":[{"@type":"CommentAction","name":"Comment","target":["https:\/\/www.laguiadepamplona.com\/actualidad\/anfas-recibe-el-xx-haba-de-oro-que-entrega-desde-hace-dos-decadas-la-asociacion-cabalgata-reyes-magos\/#respond"]}]},{"@type":"WebPage","@id":"https:\/\/www.laguiadepamplona.com\/actualidad\/anfas-recibe-el-xx-haba-de-oro-que-entrega-desde-hace-dos-decadas-la-asociacion-cabalgata-reyes-magos\/","url":"https:\/\/www.laguiadepamplona.com\/actualidad\/anfas-recibe-el-xx-haba-de-oro-que-entrega-desde-hace-dos-decadas-la-asociacion-cabalgata-reyes-magos\/","name":"ANFAS recibe el XX Haba de Oro que entrega desde hace dos d\u00e9cadas la Asociaci\u00f3n Cabalgata Reyes Magos","isPartOf":{"@id":"https:\/\/www.laguiadepamplona.com\/actualidad\/#website"},"primaryImageOfPage":{"@id":"https:\/\/www.laguiadepamplona.com\/actualidad\/anfas-recibe-el-xx-haba-de-oro-que-entrega-desde-hace-dos-decadas-la-asociacion-cabalgata-reyes-magos\/#primaryimage"},"image":{"@id":"https:\/\/www.laguiadepamplona.com\/actualidad\/anfas-recibe-el-xx-haba-de-oro-que-entrega-desde-hace-dos-decadas-la-asociacion-cabalgata-reyes-magos\/#primaryimage"},"thumbnailUrl":"https:\/\/www.laguiadepamplona.com\/actualidad\/wp-content\/uploads\/2022\/01\/habadeoroanfasee5a0585.jpg","datePublished":"2022-01-03T14:33:24+00:00","dateModified":"2023-04-11T09:48:37+00:00","description":"El premio reconoce la labor de personas e instituciones en favor de la infancia y la adolescencia m\u00e1s desfavorecida","breadcrumb":{"@id":"https:\/\/www.laguiadepamplona.com\/actualidad\/anfas-recibe-el-xx-haba-de-oro-que-entrega-desde-hace-dos-decadas-la-asociacion-cabalgata-reyes-magos\/#breadcrumb"},"inLanguage":"es","potentialAction":[{"@type":"ReadAction","target":["https:\/\/www.laguiadepamplona.com\/actualidad\/anfas-recibe-el-xx-haba-de-oro-que-entrega-desde-hace-dos-decadas-la-asociacion-cabalgata-reyes-magos\/"]}]},{"@type":"ImageObject","inLanguage":"es","@id":"https:\/\/www.laguiadepamplona.com\/actualidad\/anfas-recibe-el-xx-haba-de-oro-que-entrega-desde-hace-dos-decadas-la-asociacion-cabalgata-reyes-magos\/#primaryimage","url":"https:\/\/www.laguiadepamplona.com\/actualidad\/wp-content\/uploads\/2022\/01\/habadeoroanfasee5a0585.jpg","contentUrl":"https:\/\/www.laguiadepamplona.com\/actualidad\/wp-content\/uploads\/2022\/01\/habadeoroanfasee5a0585.jpg","width":1920,"height":1260},{"@type":"BreadcrumbList","@id":"https:\/\/www.laguiadepamplona.com\/actualidad\/anfas-recibe-el-xx-haba-de-oro-que-entrega-desde-hace-dos-decadas-la-asociacion-cabalgata-reyes-magos\/#breadcrumb","itemListElement":[{"@type":"ListItem","position":1,"name":"Portada","item":"https:\/\/www.laguiadepamplona.com\/actualidad\/"},{"@type":"ListItem","position":2,"name":"ANFAS recibe el XX Haba de Oro que entrega desde hace dos d\u00e9cadas la Asociaci\u00f3n Cabalgata Reyes Magos"}]},{"@type":"WebSite","@id":"https:\/\/www.laguiadepamplona.com\/actualidad\/#website","url":"https:\/\/www.laguiadepamplona.com\/actualidad\/","name":"La gu\u00eda de Pamplona","description":"Noticias de Pamplona","publisher":{"@id":"https:\/\/www.laguiadepamplona.com\/actualidad\/#organization"},"potentialAction":[{"@type":"SearchAction","target":{"@type":"EntryPoint","urlTemplate":"https:\/\/www.laguiadepamplona.com\/actualidad\/?s={search_term_string}"},"query-input":{"@type":"PropertyValueSpecification","valueRequired":true,"valueName":"search_term_string"}}],"inLanguage":"es"},{"@type":"Organization","@id":"https:\/\/www.laguiadepamplona.com\/actualidad\/#organization","name":"La Gu\u00eda de Pamplona \/ Noticias","url":"https:\/\/www.laguiadepamplona.com\/actualidad\/","logo":{"@type":"ImageObject","inLanguage":"es","@id":"https:\/\/www.laguiadepamplona.com\/actualidad\/#\/schema\/logo\/image\/","url":"https:\/\/www.laguiadepamplona.com\/actualidad\/wp-content\/uploads\/2018\/11\/logo-laguiadepamplona18-web1.png","contentUrl":"https:\/\/www.laguiadepamplona.com\/actualidad\/wp-content\/uploads\/2018\/11\/logo-laguiadepamplona18-web1.png","width":600,"height":196,"caption":"La Gu\u00eda de Pamplona \/ Noticias"},"image":{"@id":"https:\/\/www.laguiadepamplona.com\/actualidad\/#\/schema\/logo\/image\/"},"sameAs":["https:\/\/www.facebook.com\/laguiadepamplonacom-133175176762273\/?ref=hl","https:\/\/x.com\/LaGuiadPamplona","https:\/\/www.instagram.com\/la_guia_de_pamplona\/","https:\/\/www.youtube.com\/user\/laguiadepamplona"]},{"@type":"Person","@id":"https:\/\/www.laguiadepamplona.com\/actualidad\/#\/schema\/person\/efe887376f0213d4657c93adc50b1fdb","name":"La Gu\u00eda de Pamplona","image":{"@type":"ImageObject","inLanguage":"es","@id":"https:\/\/secure.gravatar.com\/avatar\/b6992f131dc8d30ab0dff15446e9d346d9dbd95992de0fef795073f5ea83a81c?s=96&d=mm&r=g","url":"https:\/\/secure.gravatar.com\/avatar\/b6992f131dc8d30ab0dff15446e9d346d9dbd95992de0fef795073f5ea83a81c?s=96&d=mm&r=g","contentUrl":"https:\/\/secure.gravatar.com\/avatar\/b6992f131dc8d30ab0dff15446e9d346d9dbd95992de0fef795073f5ea83a81c?s=96&d=mm&r=g","caption":"La Gu\u00eda de Pamplona"}}]}},"post_mailing_queue_ids":[],"_links":{"self":[{"href":"https:\/\/www.laguiadepamplona.com\/actualidad\/wp-json\/wp\/v2\/posts\/38189","targetHints":{"allow":["GET"]}}],"collection":[{"href":"https:\/\/www.laguiadepamplona.com\/actualidad\/wp-json\/wp\/v2\/posts"}],"about":[{"href":"https:\/\/www.laguiadepamplona.com\/actualidad\/wp-json\/wp\/v2\/types\/post"}],"author":[{"embeddable":true,"href":"https:\/\/www.laguiadepamplona.com\/actualidad\/wp-json\/wp\/v2\/users\/1"}],"replies":[{"embeddable":true,"href":"https:\/\/www.laguiadepamplona.com\/actualidad\/wp-json\/wp\/v2\/comments?post=38189"}],"version-history":[{"count":0,"href":"https:\/\/www.laguiadepamplona.com\/actualidad\/wp-json\/wp\/v2\/posts\/38189\/revisions"}],"wp:featuredmedia":[{"embeddable":true,"href":"https:\/\/www.laguiadepamplona.com\/actualidad\/wp-json\/wp\/v2\/media\/38190"}],"wp:attachment":[{"href":"https:\/\/www.laguiadepamplona.com\/actualidad\/wp-json\/wp\/v2\/media?parent=38189"}],"wp:term":[{"taxonomy":"category","embeddable":true,"href":"https:\/\/www.laguiadepamplona.com\/actualidad\/wp-json\/wp\/v2\/categories?post=38189"},{"taxonomy":"post_tag","embeddable":true,"href":"https:\/\/www.laguiadepamplona.com\/actualidad\/wp-json\/wp\/v2\/tags?post=38189"}],"curies":[{"name":"wp","href":"https:\/\/api.w.org\/{rel}","templated":true}]}}