{"id":38176,"date":"2021-12-30T18:39:48","date_gmt":"2021-12-30T16:39:48","guid":{"rendered":"https:\/\/www.laguiadepamplona.com\/actualidad\/?p=38176"},"modified":"2023-04-11T11:48:37","modified_gmt":"2023-04-11T09:48:37","slug":"explorar-las-emociones-propias-las-posibilidades-artisticas-de-los-audiovisuales-o-viajar-a-traves-de-creaciones-textiles-algunas-de-las-propuestas-de-la-decena-de-exposiciones-que-estos-dias-propo","status":"publish","type":"post","link":"https:\/\/www.laguiadepamplona.com\/actualidad\/explorar-las-emociones-propias-las-posibilidades-artisticas-de-los-audiovisuales-o-viajar-a-traves-de-creaciones-textiles-algunas-de-las-propuestas-de-la-decena-de-exposiciones-que-estos-dias-propo\/","title":{"rendered":"Explorar las emociones propias, las posibilidades art\u00edsticas de los audiovisuales, o viajar a trav\u00e9s de creaciones textiles, algunas de las propuestas de la decena de exposiciones que estos d\u00edas propone el Ayuntamiento"},"content":{"rendered":"<h5>Las salas de exposiciones de Ciudadela, los centros Civivox o la Casa de la Juventud ofrecen en Navidades una variedad de muestras gratuitas<\/h5>\n<p><!--more--><\/p>\n<p>El Ayuntamiento de Pamplona ofrece estos d\u00edas de Navidad de manera gratuita hasta diez propuestas de muestras art\u00edsticas, distribuidas por la ciudad. Las salas de exposiciones de la Ciudadela proponen, entre otros, \u2018El lenguaje de las telas\u2019, una invitaci\u00f3n a viajar al continente africano a trav\u00e9s del arte que se refleja en lo textil; o \u2018Audiovisiones\u2019, una creaci\u00f3n multidisciplinar que dirige la mirada al mundo contempor\u00e1neo. Otras propuestas se pueden visitar en la Casa de la Juventud, la Biblioteca P\u00fablica de la Txantrea o los centros Civivox, donde este lunes en Condestable inauguran la muestra \u2018CMY \u00bfK?\u2019.<\/p>\n<p>Civivox Condestable suma este lunes a su oferta expositiva una propuesta art\u00edstica centrada en el proceso creativo que sigue el artista Aitor Razkin a partir de un error. El proyecto se inicia cuando se intenta reproducir una cuatricrom\u00eda fiel de una fotograf\u00eda en detalle de una piedra. En ese proceso el artista comete un fallo que deriva en unas im\u00e1genes compuestas por franjas de colores y tramas, por lo que abandona la idea original de una imagen fiel a la realidad y decide empezar a trabajar desde la abstracci\u00f3n. La muestra \u2018CMY \u00bfK?\u2019 es el resultado de la experimentaci\u00f3n que sigue el autor despu\u00e9s de esa primera imagen distorsionada, en la que pasar\u00e1 del accidente a la b\u00fasqueda premeditada de esas composiciones. En esta exposici\u00f3n se puede apreciar el proceso creativo del autor con bocetos, pruebas y las ramificaciones a las que la experimentaci\u00f3n le acabar\u00e1 derivando. El artista muestra serigraf\u00edas de gran formato y colores vivos. Huye de la figuraci\u00f3n que ofrece una fotograf\u00eda, pero respeta los colores que se necesitan para construir una cuatricrom\u00eda. As\u00ed, consigue un resultado con im\u00e1genes con potentes manchas de cian, magenta y amarillo que dar\u00e1n viveza a la exposici\u00f3n, dejando el color negro en un segundo plano, pero sin abandonarlo del todo.<\/p>\n<p>Las salas de Condestable mantienen adem\u00e1s hasta el 9 de enero la muestra \u2018Dar luz al color\u2019, en la que se reflexiona sobre el duelo, la muerte, el arte y la vida a trav\u00e9s de los testimonios de 83 personas y la obra de 14 artistas. La muestra es fruto de la colaboraci\u00f3n de la Asociaci\u00f3n Goizargi y Maslow Industries y cuenta adem\u00e1s con un programa de actividades de mediaci\u00f3n. Con esta iniciativa se pretende, a partir de im\u00e1genes y audios compartidos por personas en duelo que han perdido a un ser querido, poner la muerte y el dolor en el espacio p\u00fablico, en el d\u00eda a d\u00eda, para normalizar y aceptar su presencia.<br \/>\n<script async src=\"\/\/pagead2.googlesyndication.com\/pagead\/js\/adsbygoogle.js\"><\/script><br \/>\n<!-- Noticias La Guia de Pamplona --><br \/>\n<ins class=\"adsbygoogle\"\nstyle=\"display:block\"\ndata-ad-client=\"ca-pub-6943679897239327\"\ndata-ad-slot=\"7048180777\"\ndata-ad-format=\"auto\"><\/ins><br \/>\n<script>\n(adsbygoogle = window.adsbygoogle || []).push({});\n<\/script><\/p>\n<p><strong>Ciudadela, un espacio p\u00fablico de exposiciones gratuitas en el centro de la ciudad<\/strong><\/p>\n<p>Las salas expositivas de Ciudadela proponen estos d\u00edas diferentes ideas a trav\u00e9s de una gran variedad de estilos. Hasta el 16 de enero, la primera planta del Pabell\u00f3n de Mixtos alberga la exposici\u00f3n\u00a0<strong>\u2018El lenguaje de las telas, arte textil en \u00c1frica Occidental\u2019<\/strong>, en la que se pueden contemplar las<strong>\u00a0fotograf\u00edas de<\/strong>\u00a0<strong>Kim Manresa<\/strong>\u00a0y las\u00a0<strong>creaciones de la dise\u00f1adora Maica de la Carrera<\/strong>. El trabajo de los artistas gira en torno a la vestimenta, cuyo origen, como el de los seres humanos, est\u00e1 precisamente en \u00c1frica. La forma de vestir, m\u00e1s all\u00e1 de una necesidad b\u00e1sica, se ha convertido tambi\u00e9n en una se\u00f1a de identidad individual y de pertenencia a un grupo, desde una \u201ctribu urbana\u201d, a una clase social determinada. Lo que se lleva puesto es tambi\u00e9n un lenguaje: comunica qui\u00e9n se es. En la planta baja del mismo edificio hist\u00f3rico de la Ciudadela la artista <strong>Nerea Lekuona<\/strong>\u00a0expone\u00a0<strong>\u2018Desataduras\u2019.<\/strong>\u00a0La muestra est\u00e1 compuesta por varias instalaciones construidas con palabras, frases y juegos \u00f3pticos sobre grandes papeles de color que invitan a reflexionar sobre \u2018La Transici\u00f3n\u2019.<\/p>\n<p><strong>La Sala de Armas de la Ciudadela acoge hasta el 13 de febrero \u2018Audiovisiones\u2019, una mirada al mundo contempor\u00e1neo con diferentes t\u00e9cnicas, formatos y lenguajes expresivos. En la muestra, compuesta por 27 obras y comisariada por Alicia Ventura, la Colecci\u00f3n de Arte Contempor\u00e1neo municipal \u201cdialoga\u201d con otras colecciones privadas de la Asociaci\u00f3n 9915. <\/strong>Las obras reflejan art\u00edsticamente preocupaciones propias de la contemporaneidad. Desde la inteligencia artificial y los aut\u00f3matas, al terrorismo global, los estereotipos de g\u00e9nero, el vertiginoso ritmo de la vida actual, hasta el papel del Arte en el reflejo o la definici\u00f3n de la identidad, las propuestas componen un collage audiovisual de vivencias presentes en el d\u00eda a d\u00eda, sea o no de manera consciente.<\/p>\n<p>La\u00a0<strong>po\u00e9tica del artista Jos\u00e9 Carlos D\u00edaz de Cerio llena l<\/strong>a sala\u00a0<strong>Polvor\u00edn de la Ciudadela\u00a0<\/strong>con su propuesta \u2018Lapso\u2019. Un lapso de tiempo, en algunos casos de m\u00e1s de doce a\u00f1os y en otros de apenas unos d\u00edas, vincula las obras de esta muestra, ya sea por la distancia entre las fechas de su realizaci\u00f3n o por la concepci\u00f3n de la idea que desarrollan.\u00a0<strong>Se trata de un recorrido por su obra desde su primera exposici\u00f3n \u2018Euritmia\u2019 hasta su producci\u00f3n m\u00e1s reciente, con la compa\u00f1\u00eda constante de armon\u00eda, equilibrio, ritmo y orden.\u00a0<\/strong>El contenido conceptual, t\u00e9cnico y filos\u00f3fico de todos ellos y su presencia en la obra invita a la reflexi\u00f3n, a la lectura detenida, a la re-creaci\u00f3n de quien la contempla con id\u00e9ntica serenidad e intenci\u00f3n de quien la crea. Por su parte, el\u00a0<strong>Horno de la Ciudadela<\/strong>\u00a0acoge hasta finales de enero la exposici\u00f3n del artista, dise\u00f1ador y arquitecto navarro,\u00a0<strong>Yago Vaillo, \u2018Chor\u00e9graphie ou l\u2019art de d\u00e9crire la dance\u2019<\/strong>.\u00a0<strong>La muestra combina danza y pintura, contemplaci\u00f3n y acci\u00f3n, estaticidad y performance.\u00a0<\/strong>Se compone de tres grandes piezas de papel\u2013lienzo, de 10,00 x 2,20 metros, pintadas con ayuda del movimiento de los pies de una bailarina de ballet y acompa\u00f1adas de la proyecci\u00f3n de un video referido a su making-of.<br \/>\n<script async src=\"\/\/pagead2.googlesyndication.com\/pagead\/js\/adsbygoogle.js\"><\/script><br \/>\n<!-- Noticias La Guia de Pamplona --><br \/>\n<ins class=\"adsbygoogle\"\nstyle=\"display:block\"\ndata-ad-client=\"ca-pub-6943679897239327\"\ndata-ad-slot=\"7048180777\"\ndata-ad-format=\"auto\"><\/ins><br \/>\n<script>\n(adsbygoogle = window.adsbygoogle || []).push({});\n<\/script><\/p>\n<p><strong>El barrio de la Txantrea o Casa de la Juventud: exposiciones distribuidas por la ciudad<\/strong><\/p>\n<p>La biblioteca p\u00fablica de la Txantrea se convierte tambi\u00e9n estos d\u00edas en una sala de exposici\u00f3n, albergando la muestra \u2018Liburu libreak-Libros libres\u2019. Dentro de las actividades puestas en marcha por el festival festival \u2018Brif Braf Bruf\u2019, esta propuesta cuenta con la colaboraci\u00f3n de 22 autores, que se plantean el reto de convertir en arte una colecci\u00f3n de libros sacados de una biblioteca infantil. Una iniciativa muy diferente es la que tambi\u00e9n estos d\u00edas ofrece la Casa de la Juventud de Pamplona. Con la exposici\u00f3n fotogr\u00e1fica \u2018As\u00ed somos\u2019, el alumnado en pr\u00e1cticas de las asesor\u00edas jur\u00eddicas de este servicio del Ayuntamiento de Pamplona conmemora el d\u00e9cimo aniversario de la Ley Foral de Juventud. La muestra se puede visitar de manera gratuita en la cafeter\u00eda de la Casa en su horario de apertura hasta el pr\u00f3ximo 15 de enero.<\/p>\n","protected":false},"excerpt":{"rendered":"<p>Las salas de exposiciones de Ciudadela, los centros Civivox o la Casa de la Juventud ofrecen en Navidades una variedad de muestras gratuitas<\/p>\n","protected":false},"author":1,"featured_media":38177,"comment_status":"open","ping_status":"closed","sticky":false,"template":"","format":"standard","meta":{"footnotes":""},"categories":[2],"tags":[],"class_list":["post-38176","post","type-post","status-publish","format-standard","has-post-thumbnail","hentry","category-ayuntamiento-pamplona"],"yoast_head":"<!-- This site is optimized with the Yoast SEO plugin v27.3 - https:\/\/yoast.com\/product\/yoast-seo-wordpress\/ -->\n<title>Explorar las emociones propias, las posibilidades art\u00edsticas de los audiovisuales, o viajar a trav\u00e9s de creaciones textiles, algunas de las propuestas de la decena de exposiciones que estos d\u00edas propone el Ayuntamiento<\/title>\n<meta name=\"description\" content=\"Las salas de exposiciones de Ciudadela, los centros Civivox o la Casa de la Juventud ofrecen en Navidades una variedad de muestras gratuitas\" \/>\n<meta name=\"robots\" content=\"index, follow, max-snippet:-1, max-image-preview:large, max-video-preview:-1\" \/>\n<link rel=\"canonical\" href=\"https:\/\/www.laguiadepamplona.com\/actualidad\/explorar-las-emociones-propias-las-posibilidades-artisticas-de-los-audiovisuales-o-viajar-a-traves-de-creaciones-textiles-algunas-de-las-propuestas-de-la-decena-de-exposiciones-que-estos-dias-propo\/\" \/>\n<meta property=\"og:locale\" content=\"es_ES\" \/>\n<meta property=\"og:type\" content=\"article\" \/>\n<meta property=\"og:title\" content=\"Explorar las emociones propias, las posibilidades art\u00edsticas de los audiovisuales, o viajar a trav\u00e9s de creaciones textiles, algunas de las propuestas de la decena de exposiciones que estos d\u00edas propone el Ayuntamiento\" \/>\n<meta property=\"og:description\" content=\"Las salas de exposiciones de Ciudadela, los centros Civivox o la Casa de la Juventud ofrecen en Navidades una variedad de muestras gratuitas\" \/>\n<meta property=\"og:url\" content=\"https:\/\/www.laguiadepamplona.com\/actualidad\/explorar-las-emociones-propias-las-posibilidades-artisticas-de-los-audiovisuales-o-viajar-a-traves-de-creaciones-textiles-algunas-de-las-propuestas-de-la-decena-de-exposiciones-que-estos-dias-propo\/\" \/>\n<meta property=\"og:site_name\" content=\"La Gu\u00eda de Pamplona\" \/>\n<meta property=\"article:publisher\" content=\"https:\/\/www.facebook.com\/laguiadepamplonacom-133175176762273\/?ref=hl\" \/>\n<meta property=\"article:published_time\" content=\"2021-12-30T16:39:48+00:00\" \/>\n<meta property=\"article:modified_time\" content=\"2023-04-11T09:48:37+00:00\" \/>\n<meta property=\"og:image\" content=\"https:\/\/www.laguiadepamplona.com\/actualidad\/wp-content\/uploads\/2021\/12\/africa-imprescindible.jpg\" \/>\n\t<meta property=\"og:image:width\" content=\"793\" \/>\n\t<meta property=\"og:image:height\" content=\"447\" \/>\n\t<meta property=\"og:image:type\" content=\"image\/jpeg\" \/>\n<meta name=\"author\" content=\"La Gu\u00eda de Pamplona\" \/>\n<meta name=\"twitter:card\" content=\"summary_large_image\" \/>\n<meta name=\"twitter:creator\" content=\"@LaGuiadPamplona\" \/>\n<meta name=\"twitter:site\" content=\"@LaGuiadPamplona\" \/>\n<meta name=\"twitter:label1\" content=\"Escrito por\" \/>\n\t<meta name=\"twitter:data1\" content=\"La Gu\u00eda de Pamplona\" \/>\n\t<meta name=\"twitter:label2\" content=\"Tiempo de lectura\" \/>\n\t<meta name=\"twitter:data2\" content=\"6 minutos\" \/>\n<script type=\"application\/ld+json\" class=\"yoast-schema-graph\">{\"@context\":\"https:\\\/\\\/schema.org\",\"@graph\":[{\"@type\":\"Article\",\"@id\":\"https:\\\/\\\/www.laguiadepamplona.com\\\/actualidad\\\/explorar-las-emociones-propias-las-posibilidades-artisticas-de-los-audiovisuales-o-viajar-a-traves-de-creaciones-textiles-algunas-de-las-propuestas-de-la-decena-de-exposiciones-que-estos-dias-propo\\\/#article\",\"isPartOf\":{\"@id\":\"https:\\\/\\\/www.laguiadepamplona.com\\\/actualidad\\\/explorar-las-emociones-propias-las-posibilidades-artisticas-de-los-audiovisuales-o-viajar-a-traves-de-creaciones-textiles-algunas-de-las-propuestas-de-la-decena-de-exposiciones-que-estos-dias-propo\\\/\"},\"author\":{\"name\":\"La Gu\u00eda de Pamplona\",\"@id\":\"https:\\\/\\\/www.laguiadepamplona.com\\\/actualidad\\\/#\\\/schema\\\/person\\\/efe887376f0213d4657c93adc50b1fdb\"},\"headline\":\"Explorar las emociones propias, las posibilidades art\u00edsticas de los audiovisuales, o viajar a trav\u00e9s de creaciones textiles, algunas de las propuestas de la decena de exposiciones que estos d\u00edas propone el Ayuntamiento\",\"datePublished\":\"2021-12-30T16:39:48+00:00\",\"dateModified\":\"2023-04-11T09:48:37+00:00\",\"mainEntityOfPage\":{\"@id\":\"https:\\\/\\\/www.laguiadepamplona.com\\\/actualidad\\\/explorar-las-emociones-propias-las-posibilidades-artisticas-de-los-audiovisuales-o-viajar-a-traves-de-creaciones-textiles-algunas-de-las-propuestas-de-la-decena-de-exposiciones-que-estos-dias-propo\\\/\"},\"wordCount\":1244,\"commentCount\":0,\"publisher\":{\"@id\":\"https:\\\/\\\/www.laguiadepamplona.com\\\/actualidad\\\/#organization\"},\"image\":{\"@id\":\"https:\\\/\\\/www.laguiadepamplona.com\\\/actualidad\\\/explorar-las-emociones-propias-las-posibilidades-artisticas-de-los-audiovisuales-o-viajar-a-traves-de-creaciones-textiles-algunas-de-las-propuestas-de-la-decena-de-exposiciones-que-estos-dias-propo\\\/#primaryimage\"},\"thumbnailUrl\":\"https:\\\/\\\/www.laguiadepamplona.com\\\/actualidad\\\/wp-content\\\/uploads\\\/2021\\\/12\\\/africa-imprescindible.jpg\",\"articleSection\":[\"Ayto Pamplona\"],\"inLanguage\":\"es\",\"potentialAction\":[{\"@type\":\"CommentAction\",\"name\":\"Comment\",\"target\":[\"https:\\\/\\\/www.laguiadepamplona.com\\\/actualidad\\\/explorar-las-emociones-propias-las-posibilidades-artisticas-de-los-audiovisuales-o-viajar-a-traves-de-creaciones-textiles-algunas-de-las-propuestas-de-la-decena-de-exposiciones-que-estos-dias-propo\\\/#respond\"]}]},{\"@type\":\"WebPage\",\"@id\":\"https:\\\/\\\/www.laguiadepamplona.com\\\/actualidad\\\/explorar-las-emociones-propias-las-posibilidades-artisticas-de-los-audiovisuales-o-viajar-a-traves-de-creaciones-textiles-algunas-de-las-propuestas-de-la-decena-de-exposiciones-que-estos-dias-propo\\\/\",\"url\":\"https:\\\/\\\/www.laguiadepamplona.com\\\/actualidad\\\/explorar-las-emociones-propias-las-posibilidades-artisticas-de-los-audiovisuales-o-viajar-a-traves-de-creaciones-textiles-algunas-de-las-propuestas-de-la-decena-de-exposiciones-que-estos-dias-propo\\\/\",\"name\":\"Explorar las emociones propias, las posibilidades art\u00edsticas de los audiovisuales, o viajar a trav\u00e9s de creaciones textiles, algunas de las propuestas de la decena de exposiciones que estos d\u00edas propone el Ayuntamiento\",\"isPartOf\":{\"@id\":\"https:\\\/\\\/www.laguiadepamplona.com\\\/actualidad\\\/#website\"},\"primaryImageOfPage\":{\"@id\":\"https:\\\/\\\/www.laguiadepamplona.com\\\/actualidad\\\/explorar-las-emociones-propias-las-posibilidades-artisticas-de-los-audiovisuales-o-viajar-a-traves-de-creaciones-textiles-algunas-de-las-propuestas-de-la-decena-de-exposiciones-que-estos-dias-propo\\\/#primaryimage\"},\"image\":{\"@id\":\"https:\\\/\\\/www.laguiadepamplona.com\\\/actualidad\\\/explorar-las-emociones-propias-las-posibilidades-artisticas-de-los-audiovisuales-o-viajar-a-traves-de-creaciones-textiles-algunas-de-las-propuestas-de-la-decena-de-exposiciones-que-estos-dias-propo\\\/#primaryimage\"},\"thumbnailUrl\":\"https:\\\/\\\/www.laguiadepamplona.com\\\/actualidad\\\/wp-content\\\/uploads\\\/2021\\\/12\\\/africa-imprescindible.jpg\",\"datePublished\":\"2021-12-30T16:39:48+00:00\",\"dateModified\":\"2023-04-11T09:48:37+00:00\",\"description\":\"Las salas de exposiciones de Ciudadela, los centros Civivox o la Casa de la Juventud ofrecen en Navidades una variedad de muestras gratuitas\",\"breadcrumb\":{\"@id\":\"https:\\\/\\\/www.laguiadepamplona.com\\\/actualidad\\\/explorar-las-emociones-propias-las-posibilidades-artisticas-de-los-audiovisuales-o-viajar-a-traves-de-creaciones-textiles-algunas-de-las-propuestas-de-la-decena-de-exposiciones-que-estos-dias-propo\\\/#breadcrumb\"},\"inLanguage\":\"es\",\"potentialAction\":[{\"@type\":\"ReadAction\",\"target\":[\"https:\\\/\\\/www.laguiadepamplona.com\\\/actualidad\\\/explorar-las-emociones-propias-las-posibilidades-artisticas-de-los-audiovisuales-o-viajar-a-traves-de-creaciones-textiles-algunas-de-las-propuestas-de-la-decena-de-exposiciones-que-estos-dias-propo\\\/\"]}]},{\"@type\":\"ImageObject\",\"inLanguage\":\"es\",\"@id\":\"https:\\\/\\\/www.laguiadepamplona.com\\\/actualidad\\\/explorar-las-emociones-propias-las-posibilidades-artisticas-de-los-audiovisuales-o-viajar-a-traves-de-creaciones-textiles-algunas-de-las-propuestas-de-la-decena-de-exposiciones-que-estos-dias-propo\\\/#primaryimage\",\"url\":\"https:\\\/\\\/www.laguiadepamplona.com\\\/actualidad\\\/wp-content\\\/uploads\\\/2021\\\/12\\\/africa-imprescindible.jpg\",\"contentUrl\":\"https:\\\/\\\/www.laguiadepamplona.com\\\/actualidad\\\/wp-content\\\/uploads\\\/2021\\\/12\\\/africa-imprescindible.jpg\",\"width\":793,\"height\":447},{\"@type\":\"BreadcrumbList\",\"@id\":\"https:\\\/\\\/www.laguiadepamplona.com\\\/actualidad\\\/explorar-las-emociones-propias-las-posibilidades-artisticas-de-los-audiovisuales-o-viajar-a-traves-de-creaciones-textiles-algunas-de-las-propuestas-de-la-decena-de-exposiciones-que-estos-dias-propo\\\/#breadcrumb\",\"itemListElement\":[{\"@type\":\"ListItem\",\"position\":1,\"name\":\"Portada\",\"item\":\"https:\\\/\\\/www.laguiadepamplona.com\\\/actualidad\\\/\"},{\"@type\":\"ListItem\",\"position\":2,\"name\":\"Explorar las emociones propias, las posibilidades art\u00edsticas de los audiovisuales, o viajar a trav\u00e9s de creaciones textiles, algunas de las propuestas de la decena de exposiciones que estos d\u00edas propone el Ayuntamiento\"}]},{\"@type\":\"WebSite\",\"@id\":\"https:\\\/\\\/www.laguiadepamplona.com\\\/actualidad\\\/#website\",\"url\":\"https:\\\/\\\/www.laguiadepamplona.com\\\/actualidad\\\/\",\"name\":\"La gu\u00eda de Pamplona\",\"description\":\"Noticias de Pamplona\",\"publisher\":{\"@id\":\"https:\\\/\\\/www.laguiadepamplona.com\\\/actualidad\\\/#organization\"},\"potentialAction\":[{\"@type\":\"SearchAction\",\"target\":{\"@type\":\"EntryPoint\",\"urlTemplate\":\"https:\\\/\\\/www.laguiadepamplona.com\\\/actualidad\\\/?s={search_term_string}\"},\"query-input\":{\"@type\":\"PropertyValueSpecification\",\"valueRequired\":true,\"valueName\":\"search_term_string\"}}],\"inLanguage\":\"es\"},{\"@type\":\"Organization\",\"@id\":\"https:\\\/\\\/www.laguiadepamplona.com\\\/actualidad\\\/#organization\",\"name\":\"La Gu\u00eda de Pamplona \\\/ Noticias\",\"url\":\"https:\\\/\\\/www.laguiadepamplona.com\\\/actualidad\\\/\",\"logo\":{\"@type\":\"ImageObject\",\"inLanguage\":\"es\",\"@id\":\"https:\\\/\\\/www.laguiadepamplona.com\\\/actualidad\\\/#\\\/schema\\\/logo\\\/image\\\/\",\"url\":\"https:\\\/\\\/www.laguiadepamplona.com\\\/actualidad\\\/wp-content\\\/uploads\\\/2018\\\/11\\\/logo-laguiadepamplona18-web1.png\",\"contentUrl\":\"https:\\\/\\\/www.laguiadepamplona.com\\\/actualidad\\\/wp-content\\\/uploads\\\/2018\\\/11\\\/logo-laguiadepamplona18-web1.png\",\"width\":600,\"height\":196,\"caption\":\"La Gu\u00eda de Pamplona \\\/ Noticias\"},\"image\":{\"@id\":\"https:\\\/\\\/www.laguiadepamplona.com\\\/actualidad\\\/#\\\/schema\\\/logo\\\/image\\\/\"},\"sameAs\":[\"https:\\\/\\\/www.facebook.com\\\/laguiadepamplonacom-133175176762273\\\/?ref=hl\",\"https:\\\/\\\/x.com\\\/LaGuiadPamplona\",\"https:\\\/\\\/www.instagram.com\\\/la_guia_de_pamplona\\\/\",\"https:\\\/\\\/www.youtube.com\\\/user\\\/laguiadepamplona\"]},{\"@type\":\"Person\",\"@id\":\"https:\\\/\\\/www.laguiadepamplona.com\\\/actualidad\\\/#\\\/schema\\\/person\\\/efe887376f0213d4657c93adc50b1fdb\",\"name\":\"La Gu\u00eda de Pamplona\",\"image\":{\"@type\":\"ImageObject\",\"inLanguage\":\"es\",\"@id\":\"https:\\\/\\\/secure.gravatar.com\\\/avatar\\\/b6992f131dc8d30ab0dff15446e9d346d9dbd95992de0fef795073f5ea83a81c?s=96&d=mm&r=g\",\"url\":\"https:\\\/\\\/secure.gravatar.com\\\/avatar\\\/b6992f131dc8d30ab0dff15446e9d346d9dbd95992de0fef795073f5ea83a81c?s=96&d=mm&r=g\",\"contentUrl\":\"https:\\\/\\\/secure.gravatar.com\\\/avatar\\\/b6992f131dc8d30ab0dff15446e9d346d9dbd95992de0fef795073f5ea83a81c?s=96&d=mm&r=g\",\"caption\":\"La Gu\u00eda de Pamplona\"}}]}<\/script>\n<!-- \/ Yoast SEO plugin. -->","yoast_head_json":{"title":"Explorar las emociones propias, las posibilidades art\u00edsticas de los audiovisuales, o viajar a trav\u00e9s de creaciones textiles, algunas de las propuestas de la decena de exposiciones que estos d\u00edas propone el Ayuntamiento","description":"Las salas de exposiciones de Ciudadela, los centros Civivox o la Casa de la Juventud ofrecen en Navidades una variedad de muestras gratuitas","robots":{"index":"index","follow":"follow","max-snippet":"max-snippet:-1","max-image-preview":"max-image-preview:large","max-video-preview":"max-video-preview:-1"},"canonical":"https:\/\/www.laguiadepamplona.com\/actualidad\/explorar-las-emociones-propias-las-posibilidades-artisticas-de-los-audiovisuales-o-viajar-a-traves-de-creaciones-textiles-algunas-de-las-propuestas-de-la-decena-de-exposiciones-que-estos-dias-propo\/","og_locale":"es_ES","og_type":"article","og_title":"Explorar las emociones propias, las posibilidades art\u00edsticas de los audiovisuales, o viajar a trav\u00e9s de creaciones textiles, algunas de las propuestas de la decena de exposiciones que estos d\u00edas propone el Ayuntamiento","og_description":"Las salas de exposiciones de Ciudadela, los centros Civivox o la Casa de la Juventud ofrecen en Navidades una variedad de muestras gratuitas","og_url":"https:\/\/www.laguiadepamplona.com\/actualidad\/explorar-las-emociones-propias-las-posibilidades-artisticas-de-los-audiovisuales-o-viajar-a-traves-de-creaciones-textiles-algunas-de-las-propuestas-de-la-decena-de-exposiciones-que-estos-dias-propo\/","og_site_name":"La Gu\u00eda de Pamplona","article_publisher":"https:\/\/www.facebook.com\/laguiadepamplonacom-133175176762273\/?ref=hl","article_published_time":"2021-12-30T16:39:48+00:00","article_modified_time":"2023-04-11T09:48:37+00:00","og_image":[{"width":793,"height":447,"url":"https:\/\/www.laguiadepamplona.com\/actualidad\/wp-content\/uploads\/2021\/12\/africa-imprescindible.jpg","type":"image\/jpeg"}],"author":"La Gu\u00eda de Pamplona","twitter_card":"summary_large_image","twitter_creator":"@LaGuiadPamplona","twitter_site":"@LaGuiadPamplona","twitter_misc":{"Escrito por":"La Gu\u00eda de Pamplona","Tiempo de lectura":"6 minutos"},"schema":{"@context":"https:\/\/schema.org","@graph":[{"@type":"Article","@id":"https:\/\/www.laguiadepamplona.com\/actualidad\/explorar-las-emociones-propias-las-posibilidades-artisticas-de-los-audiovisuales-o-viajar-a-traves-de-creaciones-textiles-algunas-de-las-propuestas-de-la-decena-de-exposiciones-que-estos-dias-propo\/#article","isPartOf":{"@id":"https:\/\/www.laguiadepamplona.com\/actualidad\/explorar-las-emociones-propias-las-posibilidades-artisticas-de-los-audiovisuales-o-viajar-a-traves-de-creaciones-textiles-algunas-de-las-propuestas-de-la-decena-de-exposiciones-que-estos-dias-propo\/"},"author":{"name":"La Gu\u00eda de Pamplona","@id":"https:\/\/www.laguiadepamplona.com\/actualidad\/#\/schema\/person\/efe887376f0213d4657c93adc50b1fdb"},"headline":"Explorar las emociones propias, las posibilidades art\u00edsticas de los audiovisuales, o viajar a trav\u00e9s de creaciones textiles, algunas de las propuestas de la decena de exposiciones que estos d\u00edas propone el Ayuntamiento","datePublished":"2021-12-30T16:39:48+00:00","dateModified":"2023-04-11T09:48:37+00:00","mainEntityOfPage":{"@id":"https:\/\/www.laguiadepamplona.com\/actualidad\/explorar-las-emociones-propias-las-posibilidades-artisticas-de-los-audiovisuales-o-viajar-a-traves-de-creaciones-textiles-algunas-de-las-propuestas-de-la-decena-de-exposiciones-que-estos-dias-propo\/"},"wordCount":1244,"commentCount":0,"publisher":{"@id":"https:\/\/www.laguiadepamplona.com\/actualidad\/#organization"},"image":{"@id":"https:\/\/www.laguiadepamplona.com\/actualidad\/explorar-las-emociones-propias-las-posibilidades-artisticas-de-los-audiovisuales-o-viajar-a-traves-de-creaciones-textiles-algunas-de-las-propuestas-de-la-decena-de-exposiciones-que-estos-dias-propo\/#primaryimage"},"thumbnailUrl":"https:\/\/www.laguiadepamplona.com\/actualidad\/wp-content\/uploads\/2021\/12\/africa-imprescindible.jpg","articleSection":["Ayto Pamplona"],"inLanguage":"es","potentialAction":[{"@type":"CommentAction","name":"Comment","target":["https:\/\/www.laguiadepamplona.com\/actualidad\/explorar-las-emociones-propias-las-posibilidades-artisticas-de-los-audiovisuales-o-viajar-a-traves-de-creaciones-textiles-algunas-de-las-propuestas-de-la-decena-de-exposiciones-que-estos-dias-propo\/#respond"]}]},{"@type":"WebPage","@id":"https:\/\/www.laguiadepamplona.com\/actualidad\/explorar-las-emociones-propias-las-posibilidades-artisticas-de-los-audiovisuales-o-viajar-a-traves-de-creaciones-textiles-algunas-de-las-propuestas-de-la-decena-de-exposiciones-que-estos-dias-propo\/","url":"https:\/\/www.laguiadepamplona.com\/actualidad\/explorar-las-emociones-propias-las-posibilidades-artisticas-de-los-audiovisuales-o-viajar-a-traves-de-creaciones-textiles-algunas-de-las-propuestas-de-la-decena-de-exposiciones-que-estos-dias-propo\/","name":"Explorar las emociones propias, las posibilidades art\u00edsticas de los audiovisuales, o viajar a trav\u00e9s de creaciones textiles, algunas de las propuestas de la decena de exposiciones que estos d\u00edas propone el Ayuntamiento","isPartOf":{"@id":"https:\/\/www.laguiadepamplona.com\/actualidad\/#website"},"primaryImageOfPage":{"@id":"https:\/\/www.laguiadepamplona.com\/actualidad\/explorar-las-emociones-propias-las-posibilidades-artisticas-de-los-audiovisuales-o-viajar-a-traves-de-creaciones-textiles-algunas-de-las-propuestas-de-la-decena-de-exposiciones-que-estos-dias-propo\/#primaryimage"},"image":{"@id":"https:\/\/www.laguiadepamplona.com\/actualidad\/explorar-las-emociones-propias-las-posibilidades-artisticas-de-los-audiovisuales-o-viajar-a-traves-de-creaciones-textiles-algunas-de-las-propuestas-de-la-decena-de-exposiciones-que-estos-dias-propo\/#primaryimage"},"thumbnailUrl":"https:\/\/www.laguiadepamplona.com\/actualidad\/wp-content\/uploads\/2021\/12\/africa-imprescindible.jpg","datePublished":"2021-12-30T16:39:48+00:00","dateModified":"2023-04-11T09:48:37+00:00","description":"Las salas de exposiciones de Ciudadela, los centros Civivox o la Casa de la Juventud ofrecen en Navidades una variedad de muestras gratuitas","breadcrumb":{"@id":"https:\/\/www.laguiadepamplona.com\/actualidad\/explorar-las-emociones-propias-las-posibilidades-artisticas-de-los-audiovisuales-o-viajar-a-traves-de-creaciones-textiles-algunas-de-las-propuestas-de-la-decena-de-exposiciones-que-estos-dias-propo\/#breadcrumb"},"inLanguage":"es","potentialAction":[{"@type":"ReadAction","target":["https:\/\/www.laguiadepamplona.com\/actualidad\/explorar-las-emociones-propias-las-posibilidades-artisticas-de-los-audiovisuales-o-viajar-a-traves-de-creaciones-textiles-algunas-de-las-propuestas-de-la-decena-de-exposiciones-que-estos-dias-propo\/"]}]},{"@type":"ImageObject","inLanguage":"es","@id":"https:\/\/www.laguiadepamplona.com\/actualidad\/explorar-las-emociones-propias-las-posibilidades-artisticas-de-los-audiovisuales-o-viajar-a-traves-de-creaciones-textiles-algunas-de-las-propuestas-de-la-decena-de-exposiciones-que-estos-dias-propo\/#primaryimage","url":"https:\/\/www.laguiadepamplona.com\/actualidad\/wp-content\/uploads\/2021\/12\/africa-imprescindible.jpg","contentUrl":"https:\/\/www.laguiadepamplona.com\/actualidad\/wp-content\/uploads\/2021\/12\/africa-imprescindible.jpg","width":793,"height":447},{"@type":"BreadcrumbList","@id":"https:\/\/www.laguiadepamplona.com\/actualidad\/explorar-las-emociones-propias-las-posibilidades-artisticas-de-los-audiovisuales-o-viajar-a-traves-de-creaciones-textiles-algunas-de-las-propuestas-de-la-decena-de-exposiciones-que-estos-dias-propo\/#breadcrumb","itemListElement":[{"@type":"ListItem","position":1,"name":"Portada","item":"https:\/\/www.laguiadepamplona.com\/actualidad\/"},{"@type":"ListItem","position":2,"name":"Explorar las emociones propias, las posibilidades art\u00edsticas de los audiovisuales, o viajar a trav\u00e9s de creaciones textiles, algunas de las propuestas de la decena de exposiciones que estos d\u00edas propone el Ayuntamiento"}]},{"@type":"WebSite","@id":"https:\/\/www.laguiadepamplona.com\/actualidad\/#website","url":"https:\/\/www.laguiadepamplona.com\/actualidad\/","name":"La gu\u00eda de Pamplona","description":"Noticias de Pamplona","publisher":{"@id":"https:\/\/www.laguiadepamplona.com\/actualidad\/#organization"},"potentialAction":[{"@type":"SearchAction","target":{"@type":"EntryPoint","urlTemplate":"https:\/\/www.laguiadepamplona.com\/actualidad\/?s={search_term_string}"},"query-input":{"@type":"PropertyValueSpecification","valueRequired":true,"valueName":"search_term_string"}}],"inLanguage":"es"},{"@type":"Organization","@id":"https:\/\/www.laguiadepamplona.com\/actualidad\/#organization","name":"La Gu\u00eda de Pamplona \/ Noticias","url":"https:\/\/www.laguiadepamplona.com\/actualidad\/","logo":{"@type":"ImageObject","inLanguage":"es","@id":"https:\/\/www.laguiadepamplona.com\/actualidad\/#\/schema\/logo\/image\/","url":"https:\/\/www.laguiadepamplona.com\/actualidad\/wp-content\/uploads\/2018\/11\/logo-laguiadepamplona18-web1.png","contentUrl":"https:\/\/www.laguiadepamplona.com\/actualidad\/wp-content\/uploads\/2018\/11\/logo-laguiadepamplona18-web1.png","width":600,"height":196,"caption":"La Gu\u00eda de Pamplona \/ Noticias"},"image":{"@id":"https:\/\/www.laguiadepamplona.com\/actualidad\/#\/schema\/logo\/image\/"},"sameAs":["https:\/\/www.facebook.com\/laguiadepamplonacom-133175176762273\/?ref=hl","https:\/\/x.com\/LaGuiadPamplona","https:\/\/www.instagram.com\/la_guia_de_pamplona\/","https:\/\/www.youtube.com\/user\/laguiadepamplona"]},{"@type":"Person","@id":"https:\/\/www.laguiadepamplona.com\/actualidad\/#\/schema\/person\/efe887376f0213d4657c93adc50b1fdb","name":"La Gu\u00eda de Pamplona","image":{"@type":"ImageObject","inLanguage":"es","@id":"https:\/\/secure.gravatar.com\/avatar\/b6992f131dc8d30ab0dff15446e9d346d9dbd95992de0fef795073f5ea83a81c?s=96&d=mm&r=g","url":"https:\/\/secure.gravatar.com\/avatar\/b6992f131dc8d30ab0dff15446e9d346d9dbd95992de0fef795073f5ea83a81c?s=96&d=mm&r=g","contentUrl":"https:\/\/secure.gravatar.com\/avatar\/b6992f131dc8d30ab0dff15446e9d346d9dbd95992de0fef795073f5ea83a81c?s=96&d=mm&r=g","caption":"La Gu\u00eda de Pamplona"}}]}},"post_mailing_queue_ids":[],"_links":{"self":[{"href":"https:\/\/www.laguiadepamplona.com\/actualidad\/wp-json\/wp\/v2\/posts\/38176","targetHints":{"allow":["GET"]}}],"collection":[{"href":"https:\/\/www.laguiadepamplona.com\/actualidad\/wp-json\/wp\/v2\/posts"}],"about":[{"href":"https:\/\/www.laguiadepamplona.com\/actualidad\/wp-json\/wp\/v2\/types\/post"}],"author":[{"embeddable":true,"href":"https:\/\/www.laguiadepamplona.com\/actualidad\/wp-json\/wp\/v2\/users\/1"}],"replies":[{"embeddable":true,"href":"https:\/\/www.laguiadepamplona.com\/actualidad\/wp-json\/wp\/v2\/comments?post=38176"}],"version-history":[{"count":0,"href":"https:\/\/www.laguiadepamplona.com\/actualidad\/wp-json\/wp\/v2\/posts\/38176\/revisions"}],"wp:featuredmedia":[{"embeddable":true,"href":"https:\/\/www.laguiadepamplona.com\/actualidad\/wp-json\/wp\/v2\/media\/38177"}],"wp:attachment":[{"href":"https:\/\/www.laguiadepamplona.com\/actualidad\/wp-json\/wp\/v2\/media?parent=38176"}],"wp:term":[{"taxonomy":"category","embeddable":true,"href":"https:\/\/www.laguiadepamplona.com\/actualidad\/wp-json\/wp\/v2\/categories?post=38176"},{"taxonomy":"post_tag","embeddable":true,"href":"https:\/\/www.laguiadepamplona.com\/actualidad\/wp-json\/wp\/v2\/tags?post=38176"}],"curies":[{"name":"wp","href":"https:\/\/api.w.org\/{rel}","templated":true}]}}