{"id":38169,"date":"2021-12-30T13:54:40","date_gmt":"2021-12-30T11:54:40","guid":{"rendered":"https:\/\/www.laguiadepamplona.com\/actualidad\/?p=38169"},"modified":"2023-04-11T11:48:37","modified_gmt":"2023-04-11T09:48:37","slug":"las-seis-escuelas-taller-del-ayuntamiento-de-pamplona-ofertan-102-plazas-para-jovenes-en-desempleo-menores-de-30-anos","status":"publish","type":"post","link":"https:\/\/www.laguiadepamplona.com\/actualidad\/las-seis-escuelas-taller-del-ayuntamiento-de-pamplona-ofertan-102-plazas-para-jovenes-en-desempleo-menores-de-30-anos\/","title":{"rendered":"Las seis Escuelas Taller del Ayuntamiento de Pamplona ofertan 102 plazas para j\u00f3venes en desempleo menores de 30 a\u00f1os"},"content":{"rendered":"<h5>Las escuelas durar\u00e1n 18 meses y est\u00e1 abierto el plazo de inscripci\u00f3n para matricularse a trav\u00e9s de la web del Servicio Navarro de Empleo<\/h5>\n<p><!--more--><\/p>\n<p>Las Escuelas Taller del Ayuntamiento de Pamplona presentan su oferta formativa dirigida a j\u00f3venes, de entre 16 y 30 a\u00f1os, en situaci\u00f3n de desempleo. Para este pr\u00f3ximo curso, se ofertan 102, repartidas entre las seis Escuelas Taller, 17 plazas por programa, que gestiona el Consistorio. La formaci\u00f3n que imparten incluye el almacenamiento, la gesti\u00f3n de residuos y el manejo de piedra natural; la rehabilitaci\u00f3n energ\u00e9tica en madera; la construcci\u00f3n sostenible y la eficiencia energ\u00e9tica en alba\u00f1iler\u00eda y mantenimiento de edificios, respectivamente. Tambi\u00e9n se impartir\u00e1n sendas escuelas taller en soldeo en la industria metal\u00fargica y conservaci\u00f3n y explotaci\u00f3n de los recursos naturales. Con el objetivo de promocionar las distintas escuelas taller y dar a conocer a su futuro alumnado y sus familias las caracter\u00edsticas de cada modalidad, el Ayuntamiento ha creado una p\u00e1gina web espec\u00edfica: <a href=\"http:\/\/escuelastaller.pamplona.es\" target=\"_blank\" rel=\"noopener\">http:\/\/escuelastaller.pamplona.es<\/a>.<br \/>\n<script async src=\"\/\/pagead2.googlesyndication.com\/pagead\/js\/adsbygoogle.js\"><\/script><br \/>\n<!-- Noticias La Guia de Pamplona --><br \/>\n<ins class=\"adsbygoogle\"\nstyle=\"display:block\"\ndata-ad-client=\"ca-pub-6943679897239327\"\ndata-ad-slot=\"7048180777\"\ndata-ad-format=\"auto\"><\/ins><br \/>\n<script>\n(adsbygoogle = window.adsbygoogle || []).push({});\n<\/script><\/p>\n<p>Esta iniciativa busca mejorar la empleabilidad de las personas en b\u00fasqueda de empleo ofreci\u00e9ndoles formaci\u00f3n y cualificaci\u00f3n profesional en distintas \u00e1reas y supone una apuesta municipal por la capacitaci\u00f3n y la inserci\u00f3n socio-laboral de la gente joven. Los cursos tienen una duraci\u00f3n de 18 meses y est\u00e1n concebidos como una formaci\u00f3n teorico-pr\u00e1ctica, siempre remunerada. As\u00ed, durante este tiempo, los alumnos reciben primero una beca, de nueve euros al d\u00eda durante tres meses, y despu\u00e9s un salario mensual que ronda los 830 euros brutos al mes durante 15 meses.<\/p>\n<p>La superaci\u00f3n de los cursos conlleva la obtenci\u00f3n del correspondiente certificado de profesionalidad de nivel 1 y\/o nivel 2 y la obtenci\u00f3n de competencias en otros \u00e1mbitos complementarios, dependiendo de la oferta formativa de la escuela. El \u00edndice de inserci\u00f3n al mercado laboral de estas iniciativas de cualificaci\u00f3n profesional, de promedio, ronda el 70%.<\/p>\n<p>El programa de Escuela Taller es una colaboraci\u00f3n entre Ayuntamiento de Pamplona y Gobierno de navarra a trav\u00e9s del Servicio Navarro de Empleo. El Consistorio aporta sus instalaciones en os Centros de Formaci\u00f3n de Landaben y Aranzadi, as\u00ed como en paseo de Enamorados,37, y tambi\u00e9n el personal docente y materiales, adem\u00e1s de becar al alumnado en la primera parte del programa. A cambio, adem\u00e1s de contribuir a la formaci\u00f3n de los ciudadanos m\u00e1s j\u00f3venes, utiliza la fase pr\u00e1ctica del programa (la llamada \u2018Obra social\u2019) para mejorar la ciudad.<br \/>\n<script async src=\"\/\/pagead2.googlesyndication.com\/pagead\/js\/adsbygoogle.js\"><\/script><br \/>\n<!-- Noticias La Guia de Pamplona --><br \/>\n<ins class=\"adsbygoogle\"\nstyle=\"display:block\"\ndata-ad-client=\"ca-pub-6943679897239327\"\ndata-ad-slot=\"7048180777\"\ndata-ad-format=\"auto\"><\/ins><br \/>\n<script>\n(adsbygoogle = window.adsbygoogle || []).push({});\n<\/script><\/p>\n<p><strong>M\u00e1s informaci\u00f3n y proceso de inscripci\u00f3n<\/strong><\/p>\n<p>Las personas interesadas en inscribirse deben hacerlo a trav\u00e9s de internet, en la direcci\u00f3n que ha habilitado el <a href=\"\/administracionelectronica.navarra.es\/EmpleoFormate.Internet\/Home\/Buscar?freetextFilter=EE_TT\" target=\"_blank\" rel=\"noopener\">Servicio Navarro de Empleo<\/a>, el espacio digital en el que est\u00e1n todas las escuelas financiadas. Una vez recibidas las solicitudes, dada la limitaci\u00f3n de plazas, se realizar\u00e1 un proceso de selecci\u00f3n que consistir\u00e1 en una prueba escrita sobre conocimientos b\u00e1sicos y una entrevista personal y, en algunas especialidades, una prueba de destreza manual.<\/p>\n<p>El Ayuntamiento de Pamplona esta edici\u00f3n de matriculaci\u00f3n ha creado una <a href=\"http:\/\/escuelastaller.pamplona.es\/\" target=\"_blank\" rel=\"noopener\">p\u00e1gina web espec\u00edfica<\/a> para promocionar las distintas escuelas taller y dar a conocer a su futuro alumnado y sus familias las caracter\u00edsticas de cada modalidad. La p\u00e1gina, que se puede leer en castellano y euskera, incluye un apartado espec\u00edfico dedicado a cada una de las escuelas en el que, adem\u00e1s de datos b\u00e1sicos como ubicaci\u00f3n o n\u00famero de alumnos, hay material audiovisual sobre distintas actuaciones que ha llevado a cabo el alumnado de ediciones anteriores.<\/p>\n<p>Tambi\u00e9n se incluye una descripci\u00f3n detallada de la formaci\u00f3n que recibir\u00e1 el alumnado y se detallan los trabajos reales realizados por alumnos de ediciones anteriores. Y para terminar, se pueden leer testimonios de parte del alumnado que narra en pocas palabras qu\u00e9 ha significado para ellos y ellas el paso por la escuela. Las seis escuelas del Ayuntamiento de Pamplona iniciar\u00e1n el curso el 25 de febrero.<br \/>\n<script async src=\"\/\/pagead2.googlesyndication.com\/pagead\/js\/adsbygoogle.js\"><\/script><br \/>\n<!-- Noticias La Guia de Pamplona --><br \/>\n<ins class=\"adsbygoogle\"\nstyle=\"display:block\"\ndata-ad-client=\"ca-pub-6943679897239327\"\ndata-ad-slot=\"7048180777\"\ndata-ad-format=\"auto\"><\/ins><br \/>\n<script>\n(adsbygoogle = window.adsbygoogle || []).push({});\n<\/script><\/p>\n<p>&nbsp;<\/p>\n<h3><strong>Cursos formativos de las Escuelas Taller de Pamplona<\/strong><\/h3>\n<ul>\n<li>Para j\u00f3venes de 16 a 30 a\u00f1os<\/li>\n<li>Plazas: 17<\/li>\n<li>Duraci\u00f3n: desde el 25 de febrero de 2022 hasta el 24 de agosto de 2023 (18 meses)<\/li>\n<\/ul>\n<p>&nbsp;<\/p>\n<p><strong><u>CENTRO DE FORMACI\u00d3N DE LANDABEN<\/u><\/strong><\/p>\n<p><strong>Almacenamiento, gesti\u00f3n de residuos y piedra natural<\/strong><\/p>\n<p>Pol\u00edgono Landaben calle A s\/n. Tlf: 948420786 \/649894237<\/p>\n<p>Horas de formaci\u00f3n: teor\u00eda 821 \/ pr\u00e1ctica 817<\/p>\n<p>Proceso de selecci\u00f3n: prueba escrita de conocimientos b\u00e1sicos y entrevista personalizada l<\/p>\n<p>Certificado de profesionalidad de nivel 1<\/p>\n<p><strong>Rehabilitaci\u00f3n energ\u00e9tica en madera <\/strong><\/p>\n<p>Pol\u00edgono Landaben calle A s\/n. Tlf: 948420786 \/649894237<\/p>\n<p>Horas de formaci\u00f3n: teor\u00eda 616 \/ pr\u00e1ctica 1.022<\/p>\n<p>Proceso de selecci\u00f3n: prueba escrita de conocimientos b\u00e1sicos entrevista personalizada y prueba pr\u00e1ctica de destreza manual<\/p>\n<p>Certificado de profesionalidad de nivel 1<\/p>\n<p><strong>Construcci\u00f3n sostenible en rehabilitaci\u00f3n de alba\u00f1iler\u00eda<\/strong><\/p>\n<p>Pol\u00edgono Landaben calle A s\/n. Tlf: 948420786 \/649894237<\/p>\n<p>Horas de formaci\u00f3n: teor\u00eda 836 \/pr\u00e1ctica 802<\/p>\n<p>Proceso de selecci\u00f3n: prueba escrita de conocimientos b\u00e1sicos y entrevista personalizada<\/p>\n<p>Certificado de profesionalidad de nivel 1<\/p>\n<p><strong>Eficiencia energ\u00e9tica en mantenimiento de edificios <\/strong><\/p>\n<p>Pol\u00edgono Landaben calle A s\/n. Tlf: 948420786 \/649894237<\/p>\n<p>Horas de formaci\u00f3n: teor\u00eda 928 \/pr\u00e1ctica 850<\/p>\n<p>Proceso de selecci\u00f3n: prueba escrita de conocimientos b\u00e1sicos entrevista personalizada y prueba pr\u00e1ctica de destreza manual<\/p>\n<p>Certificado de profesionalidad de nivel 1<\/p>\n<p><u>PASEO DE ENAMORADOS<\/u><\/p>\n<p><strong>T\u00e9cnicas operativas de Soldeo en la industria metal\u00fargica <\/strong><\/p>\n<p>Paseo de los Enamorados, n\u00famero 37. Tlf: 948420790 \/948315434<\/p>\n<p>Horas de formaci\u00f3n: 1.054<\/p>\n<p>Proceso de selecci\u00f3n: entrevista personalizada<\/p>\n<p>Certificado de profesionalidad de nivel 2<\/p>\n<p><u>CENTRO DE FORMACI\u00d3N ARANZADI<\/u><\/p>\n<p><strong>Conservaci\u00f3n y explotaci\u00f3n de los recursos naturales: bosque aut\u00f3ctono, sumidero de CO2 y jardines<\/strong><\/p>\n<p>Vuelta de Aranzadi s\/n. Tlf: 948420790<\/p>\n<p>Horas de formaci\u00f3n: 764<\/p>\n<p>Proceso de selecci\u00f3n: entrevista personalizada<\/p>\n<p>Certificado de profesionalidad de nivel 1<\/p>\n","protected":false},"excerpt":{"rendered":"<p>Las escuelas durar\u00e1n 18 meses y est\u00e1 abierto el plazo de inscripci\u00f3n para matricularse a trav\u00e9s de la web del Servicio Navarro de Empleo<\/p>\n","protected":false},"author":1,"featured_media":33283,"comment_status":"open","ping_status":"closed","sticky":false,"template":"","format":"standard","meta":{"footnotes":""},"categories":[2],"tags":[],"class_list":["post-38169","post","type-post","status-publish","format-standard","has-post-thumbnail","hentry","category-ayuntamiento-pamplona"],"yoast_head":"<!-- This site is optimized with the Yoast SEO plugin v27.3 - https:\/\/yoast.com\/product\/yoast-seo-wordpress\/ -->\n<title>Las seis Escuelas Taller del Ayuntamiento de Pamplona ofertan 102 plazas para j\u00f3venes en desempleo menores de 30 a\u00f1os<\/title>\n<meta name=\"description\" content=\"Las escuelas durar\u00e1n 18 meses y est\u00e1 abierto el plazo de inscripci\u00f3n para matricularse a trav\u00e9s de la web del Servicio Navarro de Empleo\" \/>\n<meta name=\"robots\" content=\"index, follow, max-snippet:-1, max-image-preview:large, max-video-preview:-1\" \/>\n<link rel=\"canonical\" href=\"https:\/\/www.laguiadepamplona.com\/actualidad\/las-seis-escuelas-taller-del-ayuntamiento-de-pamplona-ofertan-102-plazas-para-jovenes-en-desempleo-menores-de-30-anos\/\" \/>\n<meta property=\"og:locale\" content=\"es_ES\" \/>\n<meta property=\"og:type\" content=\"article\" \/>\n<meta property=\"og:title\" content=\"Las seis Escuelas Taller del Ayuntamiento de Pamplona ofertan 102 plazas para j\u00f3venes en desempleo menores de 30 a\u00f1os\" \/>\n<meta property=\"og:description\" content=\"Las escuelas durar\u00e1n 18 meses y est\u00e1 abierto el plazo de inscripci\u00f3n para matricularse a trav\u00e9s de la web del Servicio Navarro de Empleo\" \/>\n<meta property=\"og:url\" content=\"https:\/\/www.laguiadepamplona.com\/actualidad\/las-seis-escuelas-taller-del-ayuntamiento-de-pamplona-ofertan-102-plazas-para-jovenes-en-desempleo-menores-de-30-anos\/\" \/>\n<meta property=\"og:site_name\" content=\"La Gu\u00eda de Pamplona\" \/>\n<meta property=\"article:publisher\" content=\"https:\/\/www.facebook.com\/laguiadepamplonacom-133175176762273\/?ref=hl\" \/>\n<meta property=\"article:published_time\" content=\"2021-12-30T11:54:40+00:00\" \/>\n<meta property=\"article:modified_time\" content=\"2023-04-11T09:48:37+00:00\" \/>\n<meta property=\"og:image\" content=\"https:\/\/www.laguiadepamplona.com\/actualidad\/wp-content\/uploads\/2021\/02\/escuela-taller-horticultura-arantzadi.jpg\" \/>\n\t<meta property=\"og:image:width\" content=\"1600\" \/>\n\t<meta property=\"og:image:height\" content=\"1200\" \/>\n\t<meta property=\"og:image:type\" content=\"image\/jpeg\" \/>\n<meta name=\"author\" content=\"La Gu\u00eda de Pamplona\" \/>\n<meta name=\"twitter:card\" content=\"summary_large_image\" \/>\n<meta name=\"twitter:creator\" content=\"@LaGuiadPamplona\" \/>\n<meta name=\"twitter:site\" content=\"@LaGuiadPamplona\" \/>\n<meta name=\"twitter:label1\" content=\"Escrito por\" \/>\n\t<meta name=\"twitter:data1\" content=\"La Gu\u00eda de Pamplona\" \/>\n\t<meta name=\"twitter:label2\" content=\"Tiempo de lectura\" \/>\n\t<meta name=\"twitter:data2\" content=\"5 minutos\" \/>\n<script type=\"application\/ld+json\" class=\"yoast-schema-graph\">{\"@context\":\"https:\\\/\\\/schema.org\",\"@graph\":[{\"@type\":\"Article\",\"@id\":\"https:\\\/\\\/www.laguiadepamplona.com\\\/actualidad\\\/las-seis-escuelas-taller-del-ayuntamiento-de-pamplona-ofertan-102-plazas-para-jovenes-en-desempleo-menores-de-30-anos\\\/#article\",\"isPartOf\":{\"@id\":\"https:\\\/\\\/www.laguiadepamplona.com\\\/actualidad\\\/las-seis-escuelas-taller-del-ayuntamiento-de-pamplona-ofertan-102-plazas-para-jovenes-en-desempleo-menores-de-30-anos\\\/\"},\"author\":{\"name\":\"La Gu\u00eda de Pamplona\",\"@id\":\"https:\\\/\\\/www.laguiadepamplona.com\\\/actualidad\\\/#\\\/schema\\\/person\\\/efe887376f0213d4657c93adc50b1fdb\"},\"headline\":\"Las seis Escuelas Taller del Ayuntamiento de Pamplona ofertan 102 plazas para j\u00f3venes en desempleo menores de 30 a\u00f1os\",\"datePublished\":\"2021-12-30T11:54:40+00:00\",\"dateModified\":\"2023-04-11T09:48:37+00:00\",\"mainEntityOfPage\":{\"@id\":\"https:\\\/\\\/www.laguiadepamplona.com\\\/actualidad\\\/las-seis-escuelas-taller-del-ayuntamiento-de-pamplona-ofertan-102-plazas-para-jovenes-en-desempleo-menores-de-30-anos\\\/\"},\"wordCount\":999,\"commentCount\":0,\"publisher\":{\"@id\":\"https:\\\/\\\/www.laguiadepamplona.com\\\/actualidad\\\/#organization\"},\"image\":{\"@id\":\"https:\\\/\\\/www.laguiadepamplona.com\\\/actualidad\\\/las-seis-escuelas-taller-del-ayuntamiento-de-pamplona-ofertan-102-plazas-para-jovenes-en-desempleo-menores-de-30-anos\\\/#primaryimage\"},\"thumbnailUrl\":\"https:\\\/\\\/www.laguiadepamplona.com\\\/actualidad\\\/wp-content\\\/uploads\\\/2021\\\/02\\\/escuela-taller-horticultura-arantzadi.jpg\",\"articleSection\":[\"Ayto Pamplona\"],\"inLanguage\":\"es\",\"potentialAction\":[{\"@type\":\"CommentAction\",\"name\":\"Comment\",\"target\":[\"https:\\\/\\\/www.laguiadepamplona.com\\\/actualidad\\\/las-seis-escuelas-taller-del-ayuntamiento-de-pamplona-ofertan-102-plazas-para-jovenes-en-desempleo-menores-de-30-anos\\\/#respond\"]}]},{\"@type\":\"WebPage\",\"@id\":\"https:\\\/\\\/www.laguiadepamplona.com\\\/actualidad\\\/las-seis-escuelas-taller-del-ayuntamiento-de-pamplona-ofertan-102-plazas-para-jovenes-en-desempleo-menores-de-30-anos\\\/\",\"url\":\"https:\\\/\\\/www.laguiadepamplona.com\\\/actualidad\\\/las-seis-escuelas-taller-del-ayuntamiento-de-pamplona-ofertan-102-plazas-para-jovenes-en-desempleo-menores-de-30-anos\\\/\",\"name\":\"Las seis Escuelas Taller del Ayuntamiento de Pamplona ofertan 102 plazas para j\u00f3venes en desempleo menores de 30 a\u00f1os\",\"isPartOf\":{\"@id\":\"https:\\\/\\\/www.laguiadepamplona.com\\\/actualidad\\\/#website\"},\"primaryImageOfPage\":{\"@id\":\"https:\\\/\\\/www.laguiadepamplona.com\\\/actualidad\\\/las-seis-escuelas-taller-del-ayuntamiento-de-pamplona-ofertan-102-plazas-para-jovenes-en-desempleo-menores-de-30-anos\\\/#primaryimage\"},\"image\":{\"@id\":\"https:\\\/\\\/www.laguiadepamplona.com\\\/actualidad\\\/las-seis-escuelas-taller-del-ayuntamiento-de-pamplona-ofertan-102-plazas-para-jovenes-en-desempleo-menores-de-30-anos\\\/#primaryimage\"},\"thumbnailUrl\":\"https:\\\/\\\/www.laguiadepamplona.com\\\/actualidad\\\/wp-content\\\/uploads\\\/2021\\\/02\\\/escuela-taller-horticultura-arantzadi.jpg\",\"datePublished\":\"2021-12-30T11:54:40+00:00\",\"dateModified\":\"2023-04-11T09:48:37+00:00\",\"description\":\"Las escuelas durar\u00e1n 18 meses y est\u00e1 abierto el plazo de inscripci\u00f3n para matricularse a trav\u00e9s de la web del Servicio Navarro de Empleo\",\"breadcrumb\":{\"@id\":\"https:\\\/\\\/www.laguiadepamplona.com\\\/actualidad\\\/las-seis-escuelas-taller-del-ayuntamiento-de-pamplona-ofertan-102-plazas-para-jovenes-en-desempleo-menores-de-30-anos\\\/#breadcrumb\"},\"inLanguage\":\"es\",\"potentialAction\":[{\"@type\":\"ReadAction\",\"target\":[\"https:\\\/\\\/www.laguiadepamplona.com\\\/actualidad\\\/las-seis-escuelas-taller-del-ayuntamiento-de-pamplona-ofertan-102-plazas-para-jovenes-en-desempleo-menores-de-30-anos\\\/\"]}]},{\"@type\":\"ImageObject\",\"inLanguage\":\"es\",\"@id\":\"https:\\\/\\\/www.laguiadepamplona.com\\\/actualidad\\\/las-seis-escuelas-taller-del-ayuntamiento-de-pamplona-ofertan-102-plazas-para-jovenes-en-desempleo-menores-de-30-anos\\\/#primaryimage\",\"url\":\"https:\\\/\\\/www.laguiadepamplona.com\\\/actualidad\\\/wp-content\\\/uploads\\\/2021\\\/02\\\/escuela-taller-horticultura-arantzadi.jpg\",\"contentUrl\":\"https:\\\/\\\/www.laguiadepamplona.com\\\/actualidad\\\/wp-content\\\/uploads\\\/2021\\\/02\\\/escuela-taller-horticultura-arantzadi.jpg\",\"width\":1600,\"height\":1200},{\"@type\":\"BreadcrumbList\",\"@id\":\"https:\\\/\\\/www.laguiadepamplona.com\\\/actualidad\\\/las-seis-escuelas-taller-del-ayuntamiento-de-pamplona-ofertan-102-plazas-para-jovenes-en-desempleo-menores-de-30-anos\\\/#breadcrumb\",\"itemListElement\":[{\"@type\":\"ListItem\",\"position\":1,\"name\":\"Portada\",\"item\":\"https:\\\/\\\/www.laguiadepamplona.com\\\/actualidad\\\/\"},{\"@type\":\"ListItem\",\"position\":2,\"name\":\"Las seis Escuelas Taller del Ayuntamiento de Pamplona ofertan 102 plazas para j\u00f3venes en desempleo menores de 30 a\u00f1os\"}]},{\"@type\":\"WebSite\",\"@id\":\"https:\\\/\\\/www.laguiadepamplona.com\\\/actualidad\\\/#website\",\"url\":\"https:\\\/\\\/www.laguiadepamplona.com\\\/actualidad\\\/\",\"name\":\"La gu\u00eda de Pamplona\",\"description\":\"Noticias de Pamplona\",\"publisher\":{\"@id\":\"https:\\\/\\\/www.laguiadepamplona.com\\\/actualidad\\\/#organization\"},\"potentialAction\":[{\"@type\":\"SearchAction\",\"target\":{\"@type\":\"EntryPoint\",\"urlTemplate\":\"https:\\\/\\\/www.laguiadepamplona.com\\\/actualidad\\\/?s={search_term_string}\"},\"query-input\":{\"@type\":\"PropertyValueSpecification\",\"valueRequired\":true,\"valueName\":\"search_term_string\"}}],\"inLanguage\":\"es\"},{\"@type\":\"Organization\",\"@id\":\"https:\\\/\\\/www.laguiadepamplona.com\\\/actualidad\\\/#organization\",\"name\":\"La Gu\u00eda de Pamplona \\\/ Noticias\",\"url\":\"https:\\\/\\\/www.laguiadepamplona.com\\\/actualidad\\\/\",\"logo\":{\"@type\":\"ImageObject\",\"inLanguage\":\"es\",\"@id\":\"https:\\\/\\\/www.laguiadepamplona.com\\\/actualidad\\\/#\\\/schema\\\/logo\\\/image\\\/\",\"url\":\"https:\\\/\\\/www.laguiadepamplona.com\\\/actualidad\\\/wp-content\\\/uploads\\\/2018\\\/11\\\/logo-laguiadepamplona18-web1.png\",\"contentUrl\":\"https:\\\/\\\/www.laguiadepamplona.com\\\/actualidad\\\/wp-content\\\/uploads\\\/2018\\\/11\\\/logo-laguiadepamplona18-web1.png\",\"width\":600,\"height\":196,\"caption\":\"La Gu\u00eda de Pamplona \\\/ Noticias\"},\"image\":{\"@id\":\"https:\\\/\\\/www.laguiadepamplona.com\\\/actualidad\\\/#\\\/schema\\\/logo\\\/image\\\/\"},\"sameAs\":[\"https:\\\/\\\/www.facebook.com\\\/laguiadepamplonacom-133175176762273\\\/?ref=hl\",\"https:\\\/\\\/x.com\\\/LaGuiadPamplona\",\"https:\\\/\\\/www.instagram.com\\\/la_guia_de_pamplona\\\/\",\"https:\\\/\\\/www.youtube.com\\\/user\\\/laguiadepamplona\"]},{\"@type\":\"Person\",\"@id\":\"https:\\\/\\\/www.laguiadepamplona.com\\\/actualidad\\\/#\\\/schema\\\/person\\\/efe887376f0213d4657c93adc50b1fdb\",\"name\":\"La Gu\u00eda de Pamplona\",\"image\":{\"@type\":\"ImageObject\",\"inLanguage\":\"es\",\"@id\":\"https:\\\/\\\/secure.gravatar.com\\\/avatar\\\/b6992f131dc8d30ab0dff15446e9d346d9dbd95992de0fef795073f5ea83a81c?s=96&d=mm&r=g\",\"url\":\"https:\\\/\\\/secure.gravatar.com\\\/avatar\\\/b6992f131dc8d30ab0dff15446e9d346d9dbd95992de0fef795073f5ea83a81c?s=96&d=mm&r=g\",\"contentUrl\":\"https:\\\/\\\/secure.gravatar.com\\\/avatar\\\/b6992f131dc8d30ab0dff15446e9d346d9dbd95992de0fef795073f5ea83a81c?s=96&d=mm&r=g\",\"caption\":\"La Gu\u00eda de Pamplona\"}}]}<\/script>\n<!-- \/ Yoast SEO plugin. -->","yoast_head_json":{"title":"Las seis Escuelas Taller del Ayuntamiento de Pamplona ofertan 102 plazas para j\u00f3venes en desempleo menores de 30 a\u00f1os","description":"Las escuelas durar\u00e1n 18 meses y est\u00e1 abierto el plazo de inscripci\u00f3n para matricularse a trav\u00e9s de la web del Servicio Navarro de Empleo","robots":{"index":"index","follow":"follow","max-snippet":"max-snippet:-1","max-image-preview":"max-image-preview:large","max-video-preview":"max-video-preview:-1"},"canonical":"https:\/\/www.laguiadepamplona.com\/actualidad\/las-seis-escuelas-taller-del-ayuntamiento-de-pamplona-ofertan-102-plazas-para-jovenes-en-desempleo-menores-de-30-anos\/","og_locale":"es_ES","og_type":"article","og_title":"Las seis Escuelas Taller del Ayuntamiento de Pamplona ofertan 102 plazas para j\u00f3venes en desempleo menores de 30 a\u00f1os","og_description":"Las escuelas durar\u00e1n 18 meses y est\u00e1 abierto el plazo de inscripci\u00f3n para matricularse a trav\u00e9s de la web del Servicio Navarro de Empleo","og_url":"https:\/\/www.laguiadepamplona.com\/actualidad\/las-seis-escuelas-taller-del-ayuntamiento-de-pamplona-ofertan-102-plazas-para-jovenes-en-desempleo-menores-de-30-anos\/","og_site_name":"La Gu\u00eda de Pamplona","article_publisher":"https:\/\/www.facebook.com\/laguiadepamplonacom-133175176762273\/?ref=hl","article_published_time":"2021-12-30T11:54:40+00:00","article_modified_time":"2023-04-11T09:48:37+00:00","og_image":[{"width":1600,"height":1200,"url":"https:\/\/www.laguiadepamplona.com\/actualidad\/wp-content\/uploads\/2021\/02\/escuela-taller-horticultura-arantzadi.jpg","type":"image\/jpeg"}],"author":"La Gu\u00eda de Pamplona","twitter_card":"summary_large_image","twitter_creator":"@LaGuiadPamplona","twitter_site":"@LaGuiadPamplona","twitter_misc":{"Escrito por":"La Gu\u00eda de Pamplona","Tiempo de lectura":"5 minutos"},"schema":{"@context":"https:\/\/schema.org","@graph":[{"@type":"Article","@id":"https:\/\/www.laguiadepamplona.com\/actualidad\/las-seis-escuelas-taller-del-ayuntamiento-de-pamplona-ofertan-102-plazas-para-jovenes-en-desempleo-menores-de-30-anos\/#article","isPartOf":{"@id":"https:\/\/www.laguiadepamplona.com\/actualidad\/las-seis-escuelas-taller-del-ayuntamiento-de-pamplona-ofertan-102-plazas-para-jovenes-en-desempleo-menores-de-30-anos\/"},"author":{"name":"La Gu\u00eda de Pamplona","@id":"https:\/\/www.laguiadepamplona.com\/actualidad\/#\/schema\/person\/efe887376f0213d4657c93adc50b1fdb"},"headline":"Las seis Escuelas Taller del Ayuntamiento de Pamplona ofertan 102 plazas para j\u00f3venes en desempleo menores de 30 a\u00f1os","datePublished":"2021-12-30T11:54:40+00:00","dateModified":"2023-04-11T09:48:37+00:00","mainEntityOfPage":{"@id":"https:\/\/www.laguiadepamplona.com\/actualidad\/las-seis-escuelas-taller-del-ayuntamiento-de-pamplona-ofertan-102-plazas-para-jovenes-en-desempleo-menores-de-30-anos\/"},"wordCount":999,"commentCount":0,"publisher":{"@id":"https:\/\/www.laguiadepamplona.com\/actualidad\/#organization"},"image":{"@id":"https:\/\/www.laguiadepamplona.com\/actualidad\/las-seis-escuelas-taller-del-ayuntamiento-de-pamplona-ofertan-102-plazas-para-jovenes-en-desempleo-menores-de-30-anos\/#primaryimage"},"thumbnailUrl":"https:\/\/www.laguiadepamplona.com\/actualidad\/wp-content\/uploads\/2021\/02\/escuela-taller-horticultura-arantzadi.jpg","articleSection":["Ayto Pamplona"],"inLanguage":"es","potentialAction":[{"@type":"CommentAction","name":"Comment","target":["https:\/\/www.laguiadepamplona.com\/actualidad\/las-seis-escuelas-taller-del-ayuntamiento-de-pamplona-ofertan-102-plazas-para-jovenes-en-desempleo-menores-de-30-anos\/#respond"]}]},{"@type":"WebPage","@id":"https:\/\/www.laguiadepamplona.com\/actualidad\/las-seis-escuelas-taller-del-ayuntamiento-de-pamplona-ofertan-102-plazas-para-jovenes-en-desempleo-menores-de-30-anos\/","url":"https:\/\/www.laguiadepamplona.com\/actualidad\/las-seis-escuelas-taller-del-ayuntamiento-de-pamplona-ofertan-102-plazas-para-jovenes-en-desempleo-menores-de-30-anos\/","name":"Las seis Escuelas Taller del Ayuntamiento de Pamplona ofertan 102 plazas para j\u00f3venes en desempleo menores de 30 a\u00f1os","isPartOf":{"@id":"https:\/\/www.laguiadepamplona.com\/actualidad\/#website"},"primaryImageOfPage":{"@id":"https:\/\/www.laguiadepamplona.com\/actualidad\/las-seis-escuelas-taller-del-ayuntamiento-de-pamplona-ofertan-102-plazas-para-jovenes-en-desempleo-menores-de-30-anos\/#primaryimage"},"image":{"@id":"https:\/\/www.laguiadepamplona.com\/actualidad\/las-seis-escuelas-taller-del-ayuntamiento-de-pamplona-ofertan-102-plazas-para-jovenes-en-desempleo-menores-de-30-anos\/#primaryimage"},"thumbnailUrl":"https:\/\/www.laguiadepamplona.com\/actualidad\/wp-content\/uploads\/2021\/02\/escuela-taller-horticultura-arantzadi.jpg","datePublished":"2021-12-30T11:54:40+00:00","dateModified":"2023-04-11T09:48:37+00:00","description":"Las escuelas durar\u00e1n 18 meses y est\u00e1 abierto el plazo de inscripci\u00f3n para matricularse a trav\u00e9s de la web del Servicio Navarro de Empleo","breadcrumb":{"@id":"https:\/\/www.laguiadepamplona.com\/actualidad\/las-seis-escuelas-taller-del-ayuntamiento-de-pamplona-ofertan-102-plazas-para-jovenes-en-desempleo-menores-de-30-anos\/#breadcrumb"},"inLanguage":"es","potentialAction":[{"@type":"ReadAction","target":["https:\/\/www.laguiadepamplona.com\/actualidad\/las-seis-escuelas-taller-del-ayuntamiento-de-pamplona-ofertan-102-plazas-para-jovenes-en-desempleo-menores-de-30-anos\/"]}]},{"@type":"ImageObject","inLanguage":"es","@id":"https:\/\/www.laguiadepamplona.com\/actualidad\/las-seis-escuelas-taller-del-ayuntamiento-de-pamplona-ofertan-102-plazas-para-jovenes-en-desempleo-menores-de-30-anos\/#primaryimage","url":"https:\/\/www.laguiadepamplona.com\/actualidad\/wp-content\/uploads\/2021\/02\/escuela-taller-horticultura-arantzadi.jpg","contentUrl":"https:\/\/www.laguiadepamplona.com\/actualidad\/wp-content\/uploads\/2021\/02\/escuela-taller-horticultura-arantzadi.jpg","width":1600,"height":1200},{"@type":"BreadcrumbList","@id":"https:\/\/www.laguiadepamplona.com\/actualidad\/las-seis-escuelas-taller-del-ayuntamiento-de-pamplona-ofertan-102-plazas-para-jovenes-en-desempleo-menores-de-30-anos\/#breadcrumb","itemListElement":[{"@type":"ListItem","position":1,"name":"Portada","item":"https:\/\/www.laguiadepamplona.com\/actualidad\/"},{"@type":"ListItem","position":2,"name":"Las seis Escuelas Taller del Ayuntamiento de Pamplona ofertan 102 plazas para j\u00f3venes en desempleo menores de 30 a\u00f1os"}]},{"@type":"WebSite","@id":"https:\/\/www.laguiadepamplona.com\/actualidad\/#website","url":"https:\/\/www.laguiadepamplona.com\/actualidad\/","name":"La gu\u00eda de Pamplona","description":"Noticias de Pamplona","publisher":{"@id":"https:\/\/www.laguiadepamplona.com\/actualidad\/#organization"},"potentialAction":[{"@type":"SearchAction","target":{"@type":"EntryPoint","urlTemplate":"https:\/\/www.laguiadepamplona.com\/actualidad\/?s={search_term_string}"},"query-input":{"@type":"PropertyValueSpecification","valueRequired":true,"valueName":"search_term_string"}}],"inLanguage":"es"},{"@type":"Organization","@id":"https:\/\/www.laguiadepamplona.com\/actualidad\/#organization","name":"La Gu\u00eda de Pamplona \/ Noticias","url":"https:\/\/www.laguiadepamplona.com\/actualidad\/","logo":{"@type":"ImageObject","inLanguage":"es","@id":"https:\/\/www.laguiadepamplona.com\/actualidad\/#\/schema\/logo\/image\/","url":"https:\/\/www.laguiadepamplona.com\/actualidad\/wp-content\/uploads\/2018\/11\/logo-laguiadepamplona18-web1.png","contentUrl":"https:\/\/www.laguiadepamplona.com\/actualidad\/wp-content\/uploads\/2018\/11\/logo-laguiadepamplona18-web1.png","width":600,"height":196,"caption":"La Gu\u00eda de Pamplona \/ Noticias"},"image":{"@id":"https:\/\/www.laguiadepamplona.com\/actualidad\/#\/schema\/logo\/image\/"},"sameAs":["https:\/\/www.facebook.com\/laguiadepamplonacom-133175176762273\/?ref=hl","https:\/\/x.com\/LaGuiadPamplona","https:\/\/www.instagram.com\/la_guia_de_pamplona\/","https:\/\/www.youtube.com\/user\/laguiadepamplona"]},{"@type":"Person","@id":"https:\/\/www.laguiadepamplona.com\/actualidad\/#\/schema\/person\/efe887376f0213d4657c93adc50b1fdb","name":"La Gu\u00eda de Pamplona","image":{"@type":"ImageObject","inLanguage":"es","@id":"https:\/\/secure.gravatar.com\/avatar\/b6992f131dc8d30ab0dff15446e9d346d9dbd95992de0fef795073f5ea83a81c?s=96&d=mm&r=g","url":"https:\/\/secure.gravatar.com\/avatar\/b6992f131dc8d30ab0dff15446e9d346d9dbd95992de0fef795073f5ea83a81c?s=96&d=mm&r=g","contentUrl":"https:\/\/secure.gravatar.com\/avatar\/b6992f131dc8d30ab0dff15446e9d346d9dbd95992de0fef795073f5ea83a81c?s=96&d=mm&r=g","caption":"La Gu\u00eda de Pamplona"}}]}},"post_mailing_queue_ids":[],"_links":{"self":[{"href":"https:\/\/www.laguiadepamplona.com\/actualidad\/wp-json\/wp\/v2\/posts\/38169","targetHints":{"allow":["GET"]}}],"collection":[{"href":"https:\/\/www.laguiadepamplona.com\/actualidad\/wp-json\/wp\/v2\/posts"}],"about":[{"href":"https:\/\/www.laguiadepamplona.com\/actualidad\/wp-json\/wp\/v2\/types\/post"}],"author":[{"embeddable":true,"href":"https:\/\/www.laguiadepamplona.com\/actualidad\/wp-json\/wp\/v2\/users\/1"}],"replies":[{"embeddable":true,"href":"https:\/\/www.laguiadepamplona.com\/actualidad\/wp-json\/wp\/v2\/comments?post=38169"}],"version-history":[{"count":0,"href":"https:\/\/www.laguiadepamplona.com\/actualidad\/wp-json\/wp\/v2\/posts\/38169\/revisions"}],"wp:featuredmedia":[{"embeddable":true,"href":"https:\/\/www.laguiadepamplona.com\/actualidad\/wp-json\/wp\/v2\/media\/33283"}],"wp:attachment":[{"href":"https:\/\/www.laguiadepamplona.com\/actualidad\/wp-json\/wp\/v2\/media?parent=38169"}],"wp:term":[{"taxonomy":"category","embeddable":true,"href":"https:\/\/www.laguiadepamplona.com\/actualidad\/wp-json\/wp\/v2\/categories?post=38169"},{"taxonomy":"post_tag","embeddable":true,"href":"https:\/\/www.laguiadepamplona.com\/actualidad\/wp-json\/wp\/v2\/tags?post=38169"}],"curies":[{"name":"wp","href":"https:\/\/api.w.org\/{rel}","templated":true}]}}