{"id":38166,"date":"2021-12-29T18:39:46","date_gmt":"2021-12-29T16:39:46","guid":{"rendered":"https:\/\/www.laguiadepamplona.com\/actualidad\/?p=38166"},"modified":"2023-04-11T11:48:38","modified_gmt":"2023-04-11T09:48:38","slug":"el-ayuntamiento-de-pamplona-impulsa-un-plan-de-accesibilidad-de-caracter-estrategico-para-la-plena-integracion-de-personas-con-discapacidad-y-dificultades-funcionales","status":"publish","type":"post","link":"https:\/\/www.laguiadepamplona.com\/actualidad\/el-ayuntamiento-de-pamplona-impulsa-un-plan-de-accesibilidad-de-caracter-estrategico-para-la-plena-integracion-de-personas-con-discapacidad-y-dificultades-funcionales\/","title":{"rendered":"El Ayuntamiento de Pamplona impulsa un Plan de Accesibilidad de car\u00e1cter estrat\u00e9gico para la plena integraci\u00f3n de personas con discapacidad y dificultades funcionales"},"content":{"rendered":"<h5>La Junta de Gobierno Local licita la redacci\u00f3n de un plan estrat\u00e9gico e integral con horizonte 2026 que reforzar\u00e1 la inclusi\u00f3n para toda la ciudadan\u00eda<\/h5>\n<p><!--more--><\/p>\n<p>La Junta de Gobierno Local ha aprobado hoy la licitaci\u00f3n de la redacci\u00f3n de un Plan de Accesibilidad de car\u00e1cter estrat\u00e9gico, dimensi\u00f3n de ciudad y vocaci\u00f3n integral, que buscar\u00e1 recoger a todas las personas con dificultades funcionales diversas y las necesidades sociales en diferentes etapas de la vida, de cara a lograr la plena inclusi\u00f3n de toda la ciudadan\u00eda. Una inclusi\u00f3n no solo para los espacios f\u00edsicos, sino tambi\u00e9n para todos los productos y servicios del Consistorio, entendida como la obtenci\u00f3n de una igualdad de oportunidades efectiva que garantice la plena autonom\u00eda de las personas con discapacidad, pero tambi\u00e9n de todos aquellos ciudadanos y ciudadanas que se encuentran con limitaciones vinculadas a sus diferentes momentos y necesidades vitales.<\/p>\n<p>El texto que se redacte revisar\u00e1 y actualizar\u00e1 el Plan de Accesibilidad de la Ciudad, aprobado en el a\u00f1o 2001. La evoluci\u00f3n social, t\u00e9cnica y legal hace necesario redefinir los t\u00e9rminos y los contenidos de ese plan, realizar un diagn\u00f3stico de necesidades y avanzar hacia nuevas medidas. Este esfuerzo de la instituci\u00f3n es una tarea transversal que se incardina en la Estrategia 2030-Agenda Urbana de Pamplona, un plan a largo plazo que pretende el desarrollo urbano equilibrado, sostenible, competitivo e Integrado de Pamplona.<\/p>\n<p>En este primer paso, el Ayuntamiento ha aprobado hoy destinar inicialmente 55.000 euros a la redacci\u00f3n de un Plan Estrat\u00e9gico de Accesibilidad Integral de la Ciudad de Pamplona (2022\/2026). El documento deber\u00e1 establecer aquellas medidas que se deban realizar para lograr la accesibilidad, con su presupuesto y jerarquizadas para su progresiva implantaci\u00f3n, de forma que se asegure la mejora efectiva de las condiciones de accesibilidad integral en la ciudad. El Plan se lidera desde el \u00c1rea de Proyectos Estrat\u00e9gicos, Movilidad y Sostenibilidad, porque el principal elemento sobre el que se va a trabajar es el entorno urbano y edificado, aunque ser\u00e1 necesaria la implicaci\u00f3n de otras \u00e1reas ya que el plan tambi\u00e9n contempla la digitalizaci\u00f3n del entorno y las relaciones entre la administraci\u00f3n y la ciudadan\u00eda y el conjunto de servicios que ofrece el Ayuntamiento.<br \/>\n<script async src=\"\/\/pagead2.googlesyndication.com\/pagead\/js\/adsbygoogle.js\"><\/script><br \/>\n<!-- Noticias La Guia de Pamplona --><br \/>\n<ins class=\"adsbygoogle\"\nstyle=\"display:block\"\ndata-ad-client=\"ca-pub-6943679897239327\"\ndata-ad-slot=\"7048180777\"\ndata-ad-format=\"auto\"><\/ins><br \/>\n<script>\n(adsbygoogle = window.adsbygoogle || []).push({});\n<\/script><\/p>\n<p><strong>Un trabajo de diagn\u00f3stico, propuesta y difusi\u00f3n<\/strong><\/p>\n<p>La licitaci\u00f3n, que tiene un total de 100 puntos en concurso, otorga un m\u00e1ximo de 50 a la propuesta t\u00e9cnica, otros 40 como m\u00e1ximo a la oferta econ\u00f3mica y los 10 restantes a la presentaci\u00f3n de criterios sociales por parte de las empresas que concurran. La memoria t\u00e9cnica que se presente por parte de las licitadoras deber\u00e1 plantear un diagn\u00f3stico del estado actual, el dise\u00f1o de propuestas y medidas de actuaci\u00f3n seg\u00fan las herramientas y la metodolog\u00eda adecuada para llevarlas a cabo y, finalmente, una estrategia de implantaci\u00f3n del plan en la que deben contemplarse sistemas de comunicaci\u00f3n y participaci\u00f3n de la ciudadan\u00eda. El resultado deber\u00e1 ser un Plan Estrat\u00e9gico de Accesibilidad Integral y tendr\u00e1 que incluir la propuesta de v\u00edas y materiales adecuados para divulgarlo.<\/p>\n<p>Participaci\u00f3n y comunicaci\u00f3n son elementos que se valorar\u00e1n de forma clara puesto que el Ayuntamiento considera fundamental, no solo la solvencia t\u00e9cnica para alcanzar la excelencia en materia de accesibilidad universal del entorno f\u00edsico y virtual, sino que se logre la efectiva involucraci\u00f3n del personal t\u00e9cnico municipal y del conjunto de la sociedad. Entre los objetivos marcados est\u00e1 que tanto las entidades p\u00fablicas y privadas presentes en el municipio como la ciudadan\u00eda en general eleven significativamente la conciencia sobre un dise\u00f1o universal de soluciones inclusivas para todas las necesidades.<\/p>\n<p>El plazo de presentaci\u00f3n de ofertas ser\u00e1 de un m\u00ednimo de 15 d\u00edas desde la fecha de publicaci\u00f3n del anuncio en el Portal de Contrataci\u00f3n de Navarra con las bases que se estipule en la publicaci\u00f3n.<br \/>\n<script async src=\"\/\/pagead2.googlesyndication.com\/pagead\/js\/adsbygoogle.js\"><\/script><br \/>\n<!-- Noticias La Guia de Pamplona --><br \/>\n<ins class=\"adsbygoogle\"\nstyle=\"display:block\"\ndata-ad-client=\"ca-pub-6943679897239327\"\ndata-ad-slot=\"7048180777\"\ndata-ad-format=\"auto\"><\/ins><br \/>\n<script>\n(adsbygoogle = window.adsbygoogle || []).push({});\n<\/script><\/p>\n<p><strong>Una ciudad para todos y todas<\/strong><\/p>\n<p>La Carta Europea de los Derechos de las Personas con Discapacidad incide precisamente en el concepto de plena integraci\u00f3n, entendida como la igualdad de oportunidades efectiva para las personas con diversidad funcional en relaci\u00f3n al conjunto de la ciudadan\u00eda. En este sentido, se trata de garantizar para ellas la plena autonom\u00eda; en esencia, que no encuentren m\u00e1s dificultades que las dem\u00e1s personas por su condici\u00f3n y que sea el ambiente el que se adapte para que a trav\u00e9s de la discriminaci\u00f3n positiva estas personas no presenten dificultades en el desempe\u00f1o de su vida cotidiana. En este aspecto, se trata de trabajar en movilidad, vivienda, relaciones con las administraciones, salud, educaci\u00f3n, trabajo, familia, relaciones sociales, cultura, deporte, ocio, etc.<\/p>\n<p>Las medidas del Plan tendr\u00e1n que ponerse en contexto en una ciudad en continua transformaci\u00f3n para resolver los retos ambientales y sociales a nivel global y a nivel local y de los que las personas con discapacidad deben poder ser tambi\u00e9n part\u00edcipes y estar plenamente integrados.<\/p>\n<p>El Plan de Accesibilidad Integral se enmarca por tanto en la estrategia de ciudad Estrategia 2030 \u2013 Agenda Urbana de Pamplona, que a su vez responde a la contribuci\u00f3n de Pamplona a alcanzar los Objetivos de Desarrollo Sostenible 2030. Dentro de esta estrategia se incluyen cinco directrices, entre las que destacan, en este contexto, la primera (\u201cPamplona verde, ecol\u00f3gica y comprometida con el clima\u201d que tiene como primera l\u00ednea estrat\u00e9gica \u201cPamplona por una movilidad saludable, sostenible, inclusiva y accesible\u201d) y la segunda (\u201cPamplona socialmente inclusiva\u201d, cuya primera l\u00ednea estrat\u00e9gica es \u201cPamplona, ciudad integradora\u201d).<\/p>\n","protected":false},"excerpt":{"rendered":"<p>La Junta de Gobierno Local licita la redacci\u00f3n de un plan estrat\u00e9gico e integral con horizonte 2026 que reforzar\u00e1 la inclusi\u00f3n para toda la ciudadan\u00eda<\/p>\n","protected":false},"author":1,"featured_media":13274,"comment_status":"open","ping_status":"closed","sticky":false,"template":"","format":"standard","meta":{"footnotes":""},"categories":[2],"tags":[],"class_list":["post-38166","post","type-post","status-publish","format-standard","has-post-thumbnail","hentry","category-ayuntamiento-pamplona"],"yoast_head":"<!-- This site is optimized with the Yoast SEO plugin v27.3 - https:\/\/yoast.com\/product\/yoast-seo-wordpress\/ -->\n<title>El Ayuntamiento de Pamplona impulsa un Plan de Accesibilidad de car\u00e1cter estrat\u00e9gico para la plena integraci\u00f3n de personas con discapacidad y dificultades funcionales<\/title>\n<meta name=\"description\" content=\"La Junta de Gobierno Local licita la redacci\u00f3n de un plan estrat\u00e9gico e integral con horizonte 2026 que reforzar\u00e1 la inclusi\u00f3n para toda la ciudadan\u00eda\" \/>\n<meta name=\"robots\" content=\"index, follow, max-snippet:-1, max-image-preview:large, max-video-preview:-1\" \/>\n<link rel=\"canonical\" href=\"https:\/\/www.laguiadepamplona.com\/actualidad\/el-ayuntamiento-de-pamplona-impulsa-un-plan-de-accesibilidad-de-caracter-estrategico-para-la-plena-integracion-de-personas-con-discapacidad-y-dificultades-funcionales\/\" \/>\n<meta property=\"og:locale\" content=\"es_ES\" \/>\n<meta property=\"og:type\" content=\"article\" \/>\n<meta property=\"og:title\" content=\"El Ayuntamiento de Pamplona impulsa un Plan de Accesibilidad de car\u00e1cter estrat\u00e9gico para la plena integraci\u00f3n de personas con discapacidad y dificultades funcionales\" \/>\n<meta property=\"og:description\" content=\"La Junta de Gobierno Local licita la redacci\u00f3n de un plan estrat\u00e9gico e integral con horizonte 2026 que reforzar\u00e1 la inclusi\u00f3n para toda la ciudadan\u00eda\" \/>\n<meta property=\"og:url\" content=\"https:\/\/www.laguiadepamplona.com\/actualidad\/el-ayuntamiento-de-pamplona-impulsa-un-plan-de-accesibilidad-de-caracter-estrategico-para-la-plena-integracion-de-personas-con-discapacidad-y-dificultades-funcionales\/\" \/>\n<meta property=\"og:site_name\" content=\"La Gu\u00eda de Pamplona\" \/>\n<meta property=\"article:publisher\" content=\"https:\/\/www.facebook.com\/laguiadepamplonacom-133175176762273\/?ref=hl\" \/>\n<meta property=\"article:published_time\" content=\"2021-12-29T16:39:46+00:00\" \/>\n<meta property=\"article:modified_time\" content=\"2023-04-11T09:48:38+00:00\" \/>\n<meta property=\"og:image\" content=\"https:\/\/www.laguiadepamplona.com\/actualidad\/wp-content\/uploads\/2017\/05\/proyecto_ascensor_mendillorri.jpg\" \/>\n\t<meta property=\"og:image:width\" content=\"1000\" \/>\n\t<meta property=\"og:image:height\" content=\"665\" \/>\n\t<meta property=\"og:image:type\" content=\"image\/jpeg\" \/>\n<meta name=\"author\" content=\"La Gu\u00eda de Pamplona\" \/>\n<meta name=\"twitter:card\" content=\"summary_large_image\" \/>\n<meta name=\"twitter:creator\" content=\"@LaGuiadPamplona\" \/>\n<meta name=\"twitter:site\" content=\"@LaGuiadPamplona\" \/>\n<meta name=\"twitter:label1\" content=\"Escrito por\" \/>\n\t<meta name=\"twitter:data1\" content=\"La Gu\u00eda de Pamplona\" \/>\n\t<meta name=\"twitter:label2\" content=\"Tiempo de lectura\" \/>\n\t<meta name=\"twitter:data2\" content=\"5 minutos\" \/>\n<script type=\"application\/ld+json\" class=\"yoast-schema-graph\">{\"@context\":\"https:\\\/\\\/schema.org\",\"@graph\":[{\"@type\":\"Article\",\"@id\":\"https:\\\/\\\/www.laguiadepamplona.com\\\/actualidad\\\/el-ayuntamiento-de-pamplona-impulsa-un-plan-de-accesibilidad-de-caracter-estrategico-para-la-plena-integracion-de-personas-con-discapacidad-y-dificultades-funcionales\\\/#article\",\"isPartOf\":{\"@id\":\"https:\\\/\\\/www.laguiadepamplona.com\\\/actualidad\\\/el-ayuntamiento-de-pamplona-impulsa-un-plan-de-accesibilidad-de-caracter-estrategico-para-la-plena-integracion-de-personas-con-discapacidad-y-dificultades-funcionales\\\/\"},\"author\":{\"name\":\"La Gu\u00eda de Pamplona\",\"@id\":\"https:\\\/\\\/www.laguiadepamplona.com\\\/actualidad\\\/#\\\/schema\\\/person\\\/efe887376f0213d4657c93adc50b1fdb\"},\"headline\":\"El Ayuntamiento de Pamplona impulsa un Plan de Accesibilidad de car\u00e1cter estrat\u00e9gico para la plena integraci\u00f3n de personas con discapacidad y dificultades funcionales\",\"datePublished\":\"2021-12-29T16:39:46+00:00\",\"dateModified\":\"2023-04-11T09:48:38+00:00\",\"mainEntityOfPage\":{\"@id\":\"https:\\\/\\\/www.laguiadepamplona.com\\\/actualidad\\\/el-ayuntamiento-de-pamplona-impulsa-un-plan-de-accesibilidad-de-caracter-estrategico-para-la-plena-integracion-de-personas-con-discapacidad-y-dificultades-funcionales\\\/\"},\"wordCount\":986,\"commentCount\":0,\"publisher\":{\"@id\":\"https:\\\/\\\/www.laguiadepamplona.com\\\/actualidad\\\/#organization\"},\"image\":{\"@id\":\"https:\\\/\\\/www.laguiadepamplona.com\\\/actualidad\\\/el-ayuntamiento-de-pamplona-impulsa-un-plan-de-accesibilidad-de-caracter-estrategico-para-la-plena-integracion-de-personas-con-discapacidad-y-dificultades-funcionales\\\/#primaryimage\"},\"thumbnailUrl\":\"https:\\\/\\\/www.laguiadepamplona.com\\\/actualidad\\\/wp-content\\\/uploads\\\/2017\\\/05\\\/proyecto_ascensor_mendillorri.jpg\",\"articleSection\":[\"Ayto Pamplona\"],\"inLanguage\":\"es\",\"potentialAction\":[{\"@type\":\"CommentAction\",\"name\":\"Comment\",\"target\":[\"https:\\\/\\\/www.laguiadepamplona.com\\\/actualidad\\\/el-ayuntamiento-de-pamplona-impulsa-un-plan-de-accesibilidad-de-caracter-estrategico-para-la-plena-integracion-de-personas-con-discapacidad-y-dificultades-funcionales\\\/#respond\"]}]},{\"@type\":\"WebPage\",\"@id\":\"https:\\\/\\\/www.laguiadepamplona.com\\\/actualidad\\\/el-ayuntamiento-de-pamplona-impulsa-un-plan-de-accesibilidad-de-caracter-estrategico-para-la-plena-integracion-de-personas-con-discapacidad-y-dificultades-funcionales\\\/\",\"url\":\"https:\\\/\\\/www.laguiadepamplona.com\\\/actualidad\\\/el-ayuntamiento-de-pamplona-impulsa-un-plan-de-accesibilidad-de-caracter-estrategico-para-la-plena-integracion-de-personas-con-discapacidad-y-dificultades-funcionales\\\/\",\"name\":\"El Ayuntamiento de Pamplona impulsa un Plan de Accesibilidad de car\u00e1cter estrat\u00e9gico para la plena integraci\u00f3n de personas con discapacidad y dificultades funcionales\",\"isPartOf\":{\"@id\":\"https:\\\/\\\/www.laguiadepamplona.com\\\/actualidad\\\/#website\"},\"primaryImageOfPage\":{\"@id\":\"https:\\\/\\\/www.laguiadepamplona.com\\\/actualidad\\\/el-ayuntamiento-de-pamplona-impulsa-un-plan-de-accesibilidad-de-caracter-estrategico-para-la-plena-integracion-de-personas-con-discapacidad-y-dificultades-funcionales\\\/#primaryimage\"},\"image\":{\"@id\":\"https:\\\/\\\/www.laguiadepamplona.com\\\/actualidad\\\/el-ayuntamiento-de-pamplona-impulsa-un-plan-de-accesibilidad-de-caracter-estrategico-para-la-plena-integracion-de-personas-con-discapacidad-y-dificultades-funcionales\\\/#primaryimage\"},\"thumbnailUrl\":\"https:\\\/\\\/www.laguiadepamplona.com\\\/actualidad\\\/wp-content\\\/uploads\\\/2017\\\/05\\\/proyecto_ascensor_mendillorri.jpg\",\"datePublished\":\"2021-12-29T16:39:46+00:00\",\"dateModified\":\"2023-04-11T09:48:38+00:00\",\"description\":\"La Junta de Gobierno Local licita la redacci\u00f3n de un plan estrat\u00e9gico e integral con horizonte 2026 que reforzar\u00e1 la inclusi\u00f3n para toda la ciudadan\u00eda\",\"breadcrumb\":{\"@id\":\"https:\\\/\\\/www.laguiadepamplona.com\\\/actualidad\\\/el-ayuntamiento-de-pamplona-impulsa-un-plan-de-accesibilidad-de-caracter-estrategico-para-la-plena-integracion-de-personas-con-discapacidad-y-dificultades-funcionales\\\/#breadcrumb\"},\"inLanguage\":\"es\",\"potentialAction\":[{\"@type\":\"ReadAction\",\"target\":[\"https:\\\/\\\/www.laguiadepamplona.com\\\/actualidad\\\/el-ayuntamiento-de-pamplona-impulsa-un-plan-de-accesibilidad-de-caracter-estrategico-para-la-plena-integracion-de-personas-con-discapacidad-y-dificultades-funcionales\\\/\"]}]},{\"@type\":\"ImageObject\",\"inLanguage\":\"es\",\"@id\":\"https:\\\/\\\/www.laguiadepamplona.com\\\/actualidad\\\/el-ayuntamiento-de-pamplona-impulsa-un-plan-de-accesibilidad-de-caracter-estrategico-para-la-plena-integracion-de-personas-con-discapacidad-y-dificultades-funcionales\\\/#primaryimage\",\"url\":\"https:\\\/\\\/www.laguiadepamplona.com\\\/actualidad\\\/wp-content\\\/uploads\\\/2017\\\/05\\\/proyecto_ascensor_mendillorri.jpg\",\"contentUrl\":\"https:\\\/\\\/www.laguiadepamplona.com\\\/actualidad\\\/wp-content\\\/uploads\\\/2017\\\/05\\\/proyecto_ascensor_mendillorri.jpg\",\"width\":1000,\"height\":665},{\"@type\":\"BreadcrumbList\",\"@id\":\"https:\\\/\\\/www.laguiadepamplona.com\\\/actualidad\\\/el-ayuntamiento-de-pamplona-impulsa-un-plan-de-accesibilidad-de-caracter-estrategico-para-la-plena-integracion-de-personas-con-discapacidad-y-dificultades-funcionales\\\/#breadcrumb\",\"itemListElement\":[{\"@type\":\"ListItem\",\"position\":1,\"name\":\"Portada\",\"item\":\"https:\\\/\\\/www.laguiadepamplona.com\\\/actualidad\\\/\"},{\"@type\":\"ListItem\",\"position\":2,\"name\":\"El Ayuntamiento de Pamplona impulsa un Plan de Accesibilidad de car\u00e1cter estrat\u00e9gico para la plena integraci\u00f3n de personas con discapacidad y dificultades funcionales\"}]},{\"@type\":\"WebSite\",\"@id\":\"https:\\\/\\\/www.laguiadepamplona.com\\\/actualidad\\\/#website\",\"url\":\"https:\\\/\\\/www.laguiadepamplona.com\\\/actualidad\\\/\",\"name\":\"La gu\u00eda de Pamplona\",\"description\":\"Noticias de Pamplona\",\"publisher\":{\"@id\":\"https:\\\/\\\/www.laguiadepamplona.com\\\/actualidad\\\/#organization\"},\"potentialAction\":[{\"@type\":\"SearchAction\",\"target\":{\"@type\":\"EntryPoint\",\"urlTemplate\":\"https:\\\/\\\/www.laguiadepamplona.com\\\/actualidad\\\/?s={search_term_string}\"},\"query-input\":{\"@type\":\"PropertyValueSpecification\",\"valueRequired\":true,\"valueName\":\"search_term_string\"}}],\"inLanguage\":\"es\"},{\"@type\":\"Organization\",\"@id\":\"https:\\\/\\\/www.laguiadepamplona.com\\\/actualidad\\\/#organization\",\"name\":\"La Gu\u00eda de Pamplona \\\/ Noticias\",\"url\":\"https:\\\/\\\/www.laguiadepamplona.com\\\/actualidad\\\/\",\"logo\":{\"@type\":\"ImageObject\",\"inLanguage\":\"es\",\"@id\":\"https:\\\/\\\/www.laguiadepamplona.com\\\/actualidad\\\/#\\\/schema\\\/logo\\\/image\\\/\",\"url\":\"https:\\\/\\\/www.laguiadepamplona.com\\\/actualidad\\\/wp-content\\\/uploads\\\/2018\\\/11\\\/logo-laguiadepamplona18-web1.png\",\"contentUrl\":\"https:\\\/\\\/www.laguiadepamplona.com\\\/actualidad\\\/wp-content\\\/uploads\\\/2018\\\/11\\\/logo-laguiadepamplona18-web1.png\",\"width\":600,\"height\":196,\"caption\":\"La Gu\u00eda de Pamplona \\\/ Noticias\"},\"image\":{\"@id\":\"https:\\\/\\\/www.laguiadepamplona.com\\\/actualidad\\\/#\\\/schema\\\/logo\\\/image\\\/\"},\"sameAs\":[\"https:\\\/\\\/www.facebook.com\\\/laguiadepamplonacom-133175176762273\\\/?ref=hl\",\"https:\\\/\\\/x.com\\\/LaGuiadPamplona\",\"https:\\\/\\\/www.instagram.com\\\/la_guia_de_pamplona\\\/\",\"https:\\\/\\\/www.youtube.com\\\/user\\\/laguiadepamplona\"]},{\"@type\":\"Person\",\"@id\":\"https:\\\/\\\/www.laguiadepamplona.com\\\/actualidad\\\/#\\\/schema\\\/person\\\/efe887376f0213d4657c93adc50b1fdb\",\"name\":\"La Gu\u00eda de Pamplona\",\"image\":{\"@type\":\"ImageObject\",\"inLanguage\":\"es\",\"@id\":\"https:\\\/\\\/secure.gravatar.com\\\/avatar\\\/b6992f131dc8d30ab0dff15446e9d346d9dbd95992de0fef795073f5ea83a81c?s=96&d=mm&r=g\",\"url\":\"https:\\\/\\\/secure.gravatar.com\\\/avatar\\\/b6992f131dc8d30ab0dff15446e9d346d9dbd95992de0fef795073f5ea83a81c?s=96&d=mm&r=g\",\"contentUrl\":\"https:\\\/\\\/secure.gravatar.com\\\/avatar\\\/b6992f131dc8d30ab0dff15446e9d346d9dbd95992de0fef795073f5ea83a81c?s=96&d=mm&r=g\",\"caption\":\"La Gu\u00eda de Pamplona\"}}]}<\/script>\n<!-- \/ Yoast SEO plugin. -->","yoast_head_json":{"title":"El Ayuntamiento de Pamplona impulsa un Plan de Accesibilidad de car\u00e1cter estrat\u00e9gico para la plena integraci\u00f3n de personas con discapacidad y dificultades funcionales","description":"La Junta de Gobierno Local licita la redacci\u00f3n de un plan estrat\u00e9gico e integral con horizonte 2026 que reforzar\u00e1 la inclusi\u00f3n para toda la ciudadan\u00eda","robots":{"index":"index","follow":"follow","max-snippet":"max-snippet:-1","max-image-preview":"max-image-preview:large","max-video-preview":"max-video-preview:-1"},"canonical":"https:\/\/www.laguiadepamplona.com\/actualidad\/el-ayuntamiento-de-pamplona-impulsa-un-plan-de-accesibilidad-de-caracter-estrategico-para-la-plena-integracion-de-personas-con-discapacidad-y-dificultades-funcionales\/","og_locale":"es_ES","og_type":"article","og_title":"El Ayuntamiento de Pamplona impulsa un Plan de Accesibilidad de car\u00e1cter estrat\u00e9gico para la plena integraci\u00f3n de personas con discapacidad y dificultades funcionales","og_description":"La Junta de Gobierno Local licita la redacci\u00f3n de un plan estrat\u00e9gico e integral con horizonte 2026 que reforzar\u00e1 la inclusi\u00f3n para toda la ciudadan\u00eda","og_url":"https:\/\/www.laguiadepamplona.com\/actualidad\/el-ayuntamiento-de-pamplona-impulsa-un-plan-de-accesibilidad-de-caracter-estrategico-para-la-plena-integracion-de-personas-con-discapacidad-y-dificultades-funcionales\/","og_site_name":"La Gu\u00eda de Pamplona","article_publisher":"https:\/\/www.facebook.com\/laguiadepamplonacom-133175176762273\/?ref=hl","article_published_time":"2021-12-29T16:39:46+00:00","article_modified_time":"2023-04-11T09:48:38+00:00","og_image":[{"width":1000,"height":665,"url":"https:\/\/www.laguiadepamplona.com\/actualidad\/wp-content\/uploads\/2017\/05\/proyecto_ascensor_mendillorri.jpg","type":"image\/jpeg"}],"author":"La Gu\u00eda de Pamplona","twitter_card":"summary_large_image","twitter_creator":"@LaGuiadPamplona","twitter_site":"@LaGuiadPamplona","twitter_misc":{"Escrito por":"La Gu\u00eda de Pamplona","Tiempo de lectura":"5 minutos"},"schema":{"@context":"https:\/\/schema.org","@graph":[{"@type":"Article","@id":"https:\/\/www.laguiadepamplona.com\/actualidad\/el-ayuntamiento-de-pamplona-impulsa-un-plan-de-accesibilidad-de-caracter-estrategico-para-la-plena-integracion-de-personas-con-discapacidad-y-dificultades-funcionales\/#article","isPartOf":{"@id":"https:\/\/www.laguiadepamplona.com\/actualidad\/el-ayuntamiento-de-pamplona-impulsa-un-plan-de-accesibilidad-de-caracter-estrategico-para-la-plena-integracion-de-personas-con-discapacidad-y-dificultades-funcionales\/"},"author":{"name":"La Gu\u00eda de Pamplona","@id":"https:\/\/www.laguiadepamplona.com\/actualidad\/#\/schema\/person\/efe887376f0213d4657c93adc50b1fdb"},"headline":"El Ayuntamiento de Pamplona impulsa un Plan de Accesibilidad de car\u00e1cter estrat\u00e9gico para la plena integraci\u00f3n de personas con discapacidad y dificultades funcionales","datePublished":"2021-12-29T16:39:46+00:00","dateModified":"2023-04-11T09:48:38+00:00","mainEntityOfPage":{"@id":"https:\/\/www.laguiadepamplona.com\/actualidad\/el-ayuntamiento-de-pamplona-impulsa-un-plan-de-accesibilidad-de-caracter-estrategico-para-la-plena-integracion-de-personas-con-discapacidad-y-dificultades-funcionales\/"},"wordCount":986,"commentCount":0,"publisher":{"@id":"https:\/\/www.laguiadepamplona.com\/actualidad\/#organization"},"image":{"@id":"https:\/\/www.laguiadepamplona.com\/actualidad\/el-ayuntamiento-de-pamplona-impulsa-un-plan-de-accesibilidad-de-caracter-estrategico-para-la-plena-integracion-de-personas-con-discapacidad-y-dificultades-funcionales\/#primaryimage"},"thumbnailUrl":"https:\/\/www.laguiadepamplona.com\/actualidad\/wp-content\/uploads\/2017\/05\/proyecto_ascensor_mendillorri.jpg","articleSection":["Ayto Pamplona"],"inLanguage":"es","potentialAction":[{"@type":"CommentAction","name":"Comment","target":["https:\/\/www.laguiadepamplona.com\/actualidad\/el-ayuntamiento-de-pamplona-impulsa-un-plan-de-accesibilidad-de-caracter-estrategico-para-la-plena-integracion-de-personas-con-discapacidad-y-dificultades-funcionales\/#respond"]}]},{"@type":"WebPage","@id":"https:\/\/www.laguiadepamplona.com\/actualidad\/el-ayuntamiento-de-pamplona-impulsa-un-plan-de-accesibilidad-de-caracter-estrategico-para-la-plena-integracion-de-personas-con-discapacidad-y-dificultades-funcionales\/","url":"https:\/\/www.laguiadepamplona.com\/actualidad\/el-ayuntamiento-de-pamplona-impulsa-un-plan-de-accesibilidad-de-caracter-estrategico-para-la-plena-integracion-de-personas-con-discapacidad-y-dificultades-funcionales\/","name":"El Ayuntamiento de Pamplona impulsa un Plan de Accesibilidad de car\u00e1cter estrat\u00e9gico para la plena integraci\u00f3n de personas con discapacidad y dificultades funcionales","isPartOf":{"@id":"https:\/\/www.laguiadepamplona.com\/actualidad\/#website"},"primaryImageOfPage":{"@id":"https:\/\/www.laguiadepamplona.com\/actualidad\/el-ayuntamiento-de-pamplona-impulsa-un-plan-de-accesibilidad-de-caracter-estrategico-para-la-plena-integracion-de-personas-con-discapacidad-y-dificultades-funcionales\/#primaryimage"},"image":{"@id":"https:\/\/www.laguiadepamplona.com\/actualidad\/el-ayuntamiento-de-pamplona-impulsa-un-plan-de-accesibilidad-de-caracter-estrategico-para-la-plena-integracion-de-personas-con-discapacidad-y-dificultades-funcionales\/#primaryimage"},"thumbnailUrl":"https:\/\/www.laguiadepamplona.com\/actualidad\/wp-content\/uploads\/2017\/05\/proyecto_ascensor_mendillorri.jpg","datePublished":"2021-12-29T16:39:46+00:00","dateModified":"2023-04-11T09:48:38+00:00","description":"La Junta de Gobierno Local licita la redacci\u00f3n de un plan estrat\u00e9gico e integral con horizonte 2026 que reforzar\u00e1 la inclusi\u00f3n para toda la ciudadan\u00eda","breadcrumb":{"@id":"https:\/\/www.laguiadepamplona.com\/actualidad\/el-ayuntamiento-de-pamplona-impulsa-un-plan-de-accesibilidad-de-caracter-estrategico-para-la-plena-integracion-de-personas-con-discapacidad-y-dificultades-funcionales\/#breadcrumb"},"inLanguage":"es","potentialAction":[{"@type":"ReadAction","target":["https:\/\/www.laguiadepamplona.com\/actualidad\/el-ayuntamiento-de-pamplona-impulsa-un-plan-de-accesibilidad-de-caracter-estrategico-para-la-plena-integracion-de-personas-con-discapacidad-y-dificultades-funcionales\/"]}]},{"@type":"ImageObject","inLanguage":"es","@id":"https:\/\/www.laguiadepamplona.com\/actualidad\/el-ayuntamiento-de-pamplona-impulsa-un-plan-de-accesibilidad-de-caracter-estrategico-para-la-plena-integracion-de-personas-con-discapacidad-y-dificultades-funcionales\/#primaryimage","url":"https:\/\/www.laguiadepamplona.com\/actualidad\/wp-content\/uploads\/2017\/05\/proyecto_ascensor_mendillorri.jpg","contentUrl":"https:\/\/www.laguiadepamplona.com\/actualidad\/wp-content\/uploads\/2017\/05\/proyecto_ascensor_mendillorri.jpg","width":1000,"height":665},{"@type":"BreadcrumbList","@id":"https:\/\/www.laguiadepamplona.com\/actualidad\/el-ayuntamiento-de-pamplona-impulsa-un-plan-de-accesibilidad-de-caracter-estrategico-para-la-plena-integracion-de-personas-con-discapacidad-y-dificultades-funcionales\/#breadcrumb","itemListElement":[{"@type":"ListItem","position":1,"name":"Portada","item":"https:\/\/www.laguiadepamplona.com\/actualidad\/"},{"@type":"ListItem","position":2,"name":"El Ayuntamiento de Pamplona impulsa un Plan de Accesibilidad de car\u00e1cter estrat\u00e9gico para la plena integraci\u00f3n de personas con discapacidad y dificultades funcionales"}]},{"@type":"WebSite","@id":"https:\/\/www.laguiadepamplona.com\/actualidad\/#website","url":"https:\/\/www.laguiadepamplona.com\/actualidad\/","name":"La gu\u00eda de Pamplona","description":"Noticias de Pamplona","publisher":{"@id":"https:\/\/www.laguiadepamplona.com\/actualidad\/#organization"},"potentialAction":[{"@type":"SearchAction","target":{"@type":"EntryPoint","urlTemplate":"https:\/\/www.laguiadepamplona.com\/actualidad\/?s={search_term_string}"},"query-input":{"@type":"PropertyValueSpecification","valueRequired":true,"valueName":"search_term_string"}}],"inLanguage":"es"},{"@type":"Organization","@id":"https:\/\/www.laguiadepamplona.com\/actualidad\/#organization","name":"La Gu\u00eda de Pamplona \/ Noticias","url":"https:\/\/www.laguiadepamplona.com\/actualidad\/","logo":{"@type":"ImageObject","inLanguage":"es","@id":"https:\/\/www.laguiadepamplona.com\/actualidad\/#\/schema\/logo\/image\/","url":"https:\/\/www.laguiadepamplona.com\/actualidad\/wp-content\/uploads\/2018\/11\/logo-laguiadepamplona18-web1.png","contentUrl":"https:\/\/www.laguiadepamplona.com\/actualidad\/wp-content\/uploads\/2018\/11\/logo-laguiadepamplona18-web1.png","width":600,"height":196,"caption":"La Gu\u00eda de Pamplona \/ Noticias"},"image":{"@id":"https:\/\/www.laguiadepamplona.com\/actualidad\/#\/schema\/logo\/image\/"},"sameAs":["https:\/\/www.facebook.com\/laguiadepamplonacom-133175176762273\/?ref=hl","https:\/\/x.com\/LaGuiadPamplona","https:\/\/www.instagram.com\/la_guia_de_pamplona\/","https:\/\/www.youtube.com\/user\/laguiadepamplona"]},{"@type":"Person","@id":"https:\/\/www.laguiadepamplona.com\/actualidad\/#\/schema\/person\/efe887376f0213d4657c93adc50b1fdb","name":"La Gu\u00eda de Pamplona","image":{"@type":"ImageObject","inLanguage":"es","@id":"https:\/\/secure.gravatar.com\/avatar\/b6992f131dc8d30ab0dff15446e9d346d9dbd95992de0fef795073f5ea83a81c?s=96&d=mm&r=g","url":"https:\/\/secure.gravatar.com\/avatar\/b6992f131dc8d30ab0dff15446e9d346d9dbd95992de0fef795073f5ea83a81c?s=96&d=mm&r=g","contentUrl":"https:\/\/secure.gravatar.com\/avatar\/b6992f131dc8d30ab0dff15446e9d346d9dbd95992de0fef795073f5ea83a81c?s=96&d=mm&r=g","caption":"La Gu\u00eda de Pamplona"}}]}},"post_mailing_queue_ids":[],"_links":{"self":[{"href":"https:\/\/www.laguiadepamplona.com\/actualidad\/wp-json\/wp\/v2\/posts\/38166","targetHints":{"allow":["GET"]}}],"collection":[{"href":"https:\/\/www.laguiadepamplona.com\/actualidad\/wp-json\/wp\/v2\/posts"}],"about":[{"href":"https:\/\/www.laguiadepamplona.com\/actualidad\/wp-json\/wp\/v2\/types\/post"}],"author":[{"embeddable":true,"href":"https:\/\/www.laguiadepamplona.com\/actualidad\/wp-json\/wp\/v2\/users\/1"}],"replies":[{"embeddable":true,"href":"https:\/\/www.laguiadepamplona.com\/actualidad\/wp-json\/wp\/v2\/comments?post=38166"}],"version-history":[{"count":0,"href":"https:\/\/www.laguiadepamplona.com\/actualidad\/wp-json\/wp\/v2\/posts\/38166\/revisions"}],"wp:featuredmedia":[{"embeddable":true,"href":"https:\/\/www.laguiadepamplona.com\/actualidad\/wp-json\/wp\/v2\/media\/13274"}],"wp:attachment":[{"href":"https:\/\/www.laguiadepamplona.com\/actualidad\/wp-json\/wp\/v2\/media?parent=38166"}],"wp:term":[{"taxonomy":"category","embeddable":true,"href":"https:\/\/www.laguiadepamplona.com\/actualidad\/wp-json\/wp\/v2\/categories?post=38166"},{"taxonomy":"post_tag","embeddable":true,"href":"https:\/\/www.laguiadepamplona.com\/actualidad\/wp-json\/wp\/v2\/tags?post=38166"}],"curies":[{"name":"wp","href":"https:\/\/api.w.org\/{rel}","templated":true}]}}