{"id":38161,"date":"2021-12-29T18:37:30","date_gmt":"2021-12-29T16:37:30","guid":{"rendered":"https:\/\/www.laguiadepamplona.com\/actualidad\/?p=38161"},"modified":"2023-04-11T11:48:38","modified_gmt":"2023-04-11T09:48:38","slug":"un-mural-de-50m2-basado-en-la-tecnica-del-collage-y-realizado-por-alumnado-de-secundaria-y-artistas-de-la-ciudad-recuerda-que-pamplona-no-se-construyo-en-un-dia","status":"publish","type":"post","link":"https:\/\/www.laguiadepamplona.com\/actualidad\/un-mural-de-50m2-basado-en-la-tecnica-del-collage-y-realizado-por-alumnado-de-secundaria-y-artistas-de-la-ciudad-recuerda-que-pamplona-no-se-construyo-en-un-dia\/","title":{"rendered":"Un mural de 50m2, basado en la t\u00e9cnica del collage y realizado por alumnado de Secundaria y artistas de la ciudad, recuerda que \u2018Pamplona no se construy\u00f3 en un d\u00eda\u2019"},"content":{"rendered":"<h5>La nueva obra art\u00edstica de Pamplona Ciudad Educadora est\u00e1 emplazada en la plaza bajo la rotonda de confluencia entre calle Tajonar y avenida de Catalu\u00f1a<\/h5>\n<p><!--more--><\/p>\n<p>La ciudad estrena estos d\u00edas \u2018Pamplona no se construy\u00f3 en un d\u00eda\u2019, una nueva pieza de arte urbano que, en este caso, es un recuerdo permanente de la vocaci\u00f3n educadora de Pamplona en el espacio p\u00fablico. La ciudadan\u00eda puede contemplar, totalmente terminado, el mural de 50m<sup>2<\/sup> y producido por medio centenar de integrantes del alumnado de Secundaria del IES Navarra Villoslada y del Colegio Nuestra Se\u00f1ora del Huerto. Est\u00e1 situado en un espacio de paso entre el barrio de Lezkairu y la UPNA: la plaza peatonal bajo la rotonda de confluencia de la calle Tajonar y la avenida de Catalu\u00f1a.<br \/>\n<script async src=\"\/\/pagead2.googlesyndication.com\/pagead\/js\/adsbygoogle.js\"><\/script><br \/>\n<!-- Noticias La Guia de Pamplona --><br \/>\n<ins class=\"adsbygoogle\"\nstyle=\"display:block\"\ndata-ad-client=\"ca-pub-6943679897239327\"\ndata-ad-slot=\"7048180777\"\ndata-ad-format=\"auto\"><\/ins><br \/>\n<script>\n(adsbygoogle = window.adsbygoogle || []).push({});\n<\/script><\/p>\n<p>Los artistas Peio Iglesias y Leire Urbelz dirigieron y coordinaron este trabajo art\u00edstico cooperativo que empez\u00f3 a plasmarse sobre muro el 30 de noviembre, al hilo de la celebraci\u00f3n del D\u00eda de las Ciudades Educadoras 2021, y cuyo proceso creativo se trabaj\u00f3 previamente en talleres en los propios centros educativos y en la Escuela Municipal de Arte Catalina de Osc\u00e1riz. Su contenido, basado en la t\u00e9cnica del collage y plasmado alternando imagen figurativa en blanco y negro y motivos contempor\u00e1neos-pop en color, plantea una reflexi\u00f3n sobre la conexi\u00f3n entre pasado, presente y futuro de la ciudad a nivel hist\u00f3rico \u2013 art\u00edstico (arquitectura), pero tambi\u00e9n sobre la relaci\u00f3n entre paisaje, arquitectura y ser humano.<\/p>\n<p>Adem\u00e1s de contribuir a la conmemoraci\u00f3n del \u2018D\u00eda de la Ciudad Educadora 2021\u2019, y la aportaci\u00f3n de una nueva pieza art\u00edstica a la ciudad, esta iniciativa ha acercado los procesos e ideas del arte urbano a la comunidad educativa, involucr\u00e1ndola en la creaci\u00f3n directa; ha fomentado la convivencia entre estudiantes de diferentes centros educativos y redes (p\u00fablica\/ concertada) y ha incidido en el potencial que tiene el trabajo colectivo para cubrir necesidades individuales, como para adquirir conocimientos a trav\u00e9s de las discusiones sobre la historia y la arquitectura de Pamplona.<br \/>\n<script async src=\"\/\/pagead2.googlesyndication.com\/pagead\/js\/adsbygoogle.js\"><\/script><br \/>\n<!-- Noticias La Guia de Pamplona --><br \/>\n<ins class=\"adsbygoogle\"\nstyle=\"display:block\"\ndata-ad-client=\"ca-pub-6943679897239327\"\ndata-ad-slot=\"7048180777\"\ndata-ad-format=\"auto\"><\/ins><br \/>\n<script>\n(adsbygoogle = window.adsbygoogle || []).push({});\n<\/script><\/p>\n<p>Pamplona forma parte de la Red de Ciudades Educadoras, urbes que promueven una visi\u00f3n amplia de la educaci\u00f3n a lo largo de la vida para generar entre quienes las habitan oportunidades educativas que permitan desarrollar el potencial de todas las personas. Se trata de convertir a la ciudad en un motor de bienestar, convivencia, prosperidad, cohesi\u00f3n social y, tambi\u00e9n, de compromiso. Seg\u00fan el pre\u00e1mbulo de la Carta de Ciudades Educadoras, un documento con m\u00e1s de dos d\u00e9cadas de recorrido \u201cla Ciudad Educadora vive en un proceso permanente que tiene como finalidad la construcci\u00f3n de comunidad y de una ciudadan\u00eda libre, responsable y solidaria, capaz de convivir en la diferencia, de solucionar pac\u00edficamente sus conflictos y trabajar por el bien com\u00fan. Una ciudadan\u00eda consciente de los retos que la humanidad afronta actualmente y con conocimientos y habilidades que les permiten hacerse corresponsables de la b\u00fasqueda de soluciones que exige el momento hist\u00f3rico que vivimos\u201d.<\/p>\n","protected":false},"excerpt":{"rendered":"<p>La nueva obra art\u00edstica de Pamplona Ciudad Educadora est\u00e1 emplazada en la plaza bajo la rotonda de confluencia entre calle Tajonar y avenida de Catalu\u00f1a<\/p>\n","protected":false},"author":1,"featured_media":38162,"comment_status":"open","ping_status":"closed","sticky":false,"template":"","format":"standard","meta":{"footnotes":""},"categories":[2],"tags":[],"class_list":["post-38161","post","type-post","status-publish","format-standard","has-post-thumbnail","hentry","category-ayuntamiento-pamplona"],"yoast_head":"<!-- This site is optimized with the Yoast SEO plugin v27.3 - https:\/\/yoast.com\/product\/yoast-seo-wordpress\/ -->\n<title>Un mural de 50m2, basado en la t\u00e9cnica del collage y realizado por alumnado de Secundaria y artistas de la ciudad, recuerda que \u2018Pamplona no se construy\u00f3 en un d\u00eda\u2019<\/title>\n<meta name=\"description\" content=\"La nueva obra art\u00edstica de Pamplona Ciudad Educadora est\u00e1 emplazada en la plaza bajo la rotonda de confluencia entre calle Tajonar y avenida de Catalu\u00f1a\" \/>\n<meta name=\"robots\" content=\"index, follow, max-snippet:-1, max-image-preview:large, max-video-preview:-1\" \/>\n<link rel=\"canonical\" href=\"https:\/\/www.laguiadepamplona.com\/actualidad\/un-mural-de-50m2-basado-en-la-tecnica-del-collage-y-realizado-por-alumnado-de-secundaria-y-artistas-de-la-ciudad-recuerda-que-pamplona-no-se-construyo-en-un-dia\/\" \/>\n<meta property=\"og:locale\" content=\"es_ES\" \/>\n<meta property=\"og:type\" content=\"article\" \/>\n<meta property=\"og:title\" content=\"Un mural de 50m2, basado en la t\u00e9cnica del collage y realizado por alumnado de Secundaria y artistas de la ciudad, recuerda que \u2018Pamplona no se construy\u00f3 en un d\u00eda\u2019\" \/>\n<meta property=\"og:description\" content=\"La nueva obra art\u00edstica de Pamplona Ciudad Educadora est\u00e1 emplazada en la plaza bajo la rotonda de confluencia entre calle Tajonar y avenida de Catalu\u00f1a\" \/>\n<meta property=\"og:url\" content=\"https:\/\/www.laguiadepamplona.com\/actualidad\/un-mural-de-50m2-basado-en-la-tecnica-del-collage-y-realizado-por-alumnado-de-secundaria-y-artistas-de-la-ciudad-recuerda-que-pamplona-no-se-construyo-en-un-dia\/\" \/>\n<meta property=\"og:site_name\" content=\"La Gu\u00eda de Pamplona\" \/>\n<meta property=\"article:publisher\" content=\"https:\/\/www.facebook.com\/laguiadepamplonacom-133175176762273\/?ref=hl\" \/>\n<meta property=\"article:published_time\" content=\"2021-12-29T16:37:30+00:00\" \/>\n<meta property=\"article:modified_time\" content=\"2023-04-11T09:48:38+00:00\" \/>\n<meta property=\"og:image\" content=\"https:\/\/www.laguiadepamplona.com\/actualidad\/wp-content\/uploads\/2021\/12\/muralpamplonaciudadeducadoraee5a9129_0.jpg\" \/>\n\t<meta property=\"og:image:width\" content=\"1920\" \/>\n\t<meta property=\"og:image:height\" content=\"1280\" \/>\n\t<meta property=\"og:image:type\" content=\"image\/jpeg\" \/>\n<meta name=\"author\" content=\"La Gu\u00eda de Pamplona\" \/>\n<meta name=\"twitter:card\" content=\"summary_large_image\" \/>\n<meta name=\"twitter:creator\" content=\"@LaGuiadPamplona\" \/>\n<meta name=\"twitter:site\" content=\"@LaGuiadPamplona\" \/>\n<meta name=\"twitter:label1\" content=\"Escrito por\" \/>\n\t<meta name=\"twitter:data1\" content=\"La Gu\u00eda de Pamplona\" \/>\n\t<meta name=\"twitter:label2\" content=\"Tiempo de lectura\" \/>\n\t<meta name=\"twitter:data2\" content=\"3 minutos\" \/>\n<script type=\"application\/ld+json\" class=\"yoast-schema-graph\">{\"@context\":\"https:\\\/\\\/schema.org\",\"@graph\":[{\"@type\":\"Article\",\"@id\":\"https:\\\/\\\/www.laguiadepamplona.com\\\/actualidad\\\/un-mural-de-50m2-basado-en-la-tecnica-del-collage-y-realizado-por-alumnado-de-secundaria-y-artistas-de-la-ciudad-recuerda-que-pamplona-no-se-construyo-en-un-dia\\\/#article\",\"isPartOf\":{\"@id\":\"https:\\\/\\\/www.laguiadepamplona.com\\\/actualidad\\\/un-mural-de-50m2-basado-en-la-tecnica-del-collage-y-realizado-por-alumnado-de-secundaria-y-artistas-de-la-ciudad-recuerda-que-pamplona-no-se-construyo-en-un-dia\\\/\"},\"author\":{\"name\":\"La Gu\u00eda de Pamplona\",\"@id\":\"https:\\\/\\\/www.laguiadepamplona.com\\\/actualidad\\\/#\\\/schema\\\/person\\\/efe887376f0213d4657c93adc50b1fdb\"},\"headline\":\"Un mural de 50m2, basado en la t\u00e9cnica del collage y realizado por alumnado de Secundaria y artistas de la ciudad, recuerda que \u2018Pamplona no se construy\u00f3 en un d\u00eda\u2019\",\"datePublished\":\"2021-12-29T16:37:30+00:00\",\"dateModified\":\"2023-04-11T09:48:38+00:00\",\"mainEntityOfPage\":{\"@id\":\"https:\\\/\\\/www.laguiadepamplona.com\\\/actualidad\\\/un-mural-de-50m2-basado-en-la-tecnica-del-collage-y-realizado-por-alumnado-de-secundaria-y-artistas-de-la-ciudad-recuerda-que-pamplona-no-se-construyo-en-un-dia\\\/\"},\"wordCount\":554,\"commentCount\":0,\"publisher\":{\"@id\":\"https:\\\/\\\/www.laguiadepamplona.com\\\/actualidad\\\/#organization\"},\"image\":{\"@id\":\"https:\\\/\\\/www.laguiadepamplona.com\\\/actualidad\\\/un-mural-de-50m2-basado-en-la-tecnica-del-collage-y-realizado-por-alumnado-de-secundaria-y-artistas-de-la-ciudad-recuerda-que-pamplona-no-se-construyo-en-un-dia\\\/#primaryimage\"},\"thumbnailUrl\":\"https:\\\/\\\/www.laguiadepamplona.com\\\/actualidad\\\/wp-content\\\/uploads\\\/2021\\\/12\\\/muralpamplonaciudadeducadoraee5a9129_0.jpg\",\"articleSection\":[\"Ayto Pamplona\"],\"inLanguage\":\"es\",\"potentialAction\":[{\"@type\":\"CommentAction\",\"name\":\"Comment\",\"target\":[\"https:\\\/\\\/www.laguiadepamplona.com\\\/actualidad\\\/un-mural-de-50m2-basado-en-la-tecnica-del-collage-y-realizado-por-alumnado-de-secundaria-y-artistas-de-la-ciudad-recuerda-que-pamplona-no-se-construyo-en-un-dia\\\/#respond\"]}]},{\"@type\":\"WebPage\",\"@id\":\"https:\\\/\\\/www.laguiadepamplona.com\\\/actualidad\\\/un-mural-de-50m2-basado-en-la-tecnica-del-collage-y-realizado-por-alumnado-de-secundaria-y-artistas-de-la-ciudad-recuerda-que-pamplona-no-se-construyo-en-un-dia\\\/\",\"url\":\"https:\\\/\\\/www.laguiadepamplona.com\\\/actualidad\\\/un-mural-de-50m2-basado-en-la-tecnica-del-collage-y-realizado-por-alumnado-de-secundaria-y-artistas-de-la-ciudad-recuerda-que-pamplona-no-se-construyo-en-un-dia\\\/\",\"name\":\"Un mural de 50m2, basado en la t\u00e9cnica del collage y realizado por alumnado de Secundaria y artistas de la ciudad, recuerda que \u2018Pamplona no se construy\u00f3 en un d\u00eda\u2019\",\"isPartOf\":{\"@id\":\"https:\\\/\\\/www.laguiadepamplona.com\\\/actualidad\\\/#website\"},\"primaryImageOfPage\":{\"@id\":\"https:\\\/\\\/www.laguiadepamplona.com\\\/actualidad\\\/un-mural-de-50m2-basado-en-la-tecnica-del-collage-y-realizado-por-alumnado-de-secundaria-y-artistas-de-la-ciudad-recuerda-que-pamplona-no-se-construyo-en-un-dia\\\/#primaryimage\"},\"image\":{\"@id\":\"https:\\\/\\\/www.laguiadepamplona.com\\\/actualidad\\\/un-mural-de-50m2-basado-en-la-tecnica-del-collage-y-realizado-por-alumnado-de-secundaria-y-artistas-de-la-ciudad-recuerda-que-pamplona-no-se-construyo-en-un-dia\\\/#primaryimage\"},\"thumbnailUrl\":\"https:\\\/\\\/www.laguiadepamplona.com\\\/actualidad\\\/wp-content\\\/uploads\\\/2021\\\/12\\\/muralpamplonaciudadeducadoraee5a9129_0.jpg\",\"datePublished\":\"2021-12-29T16:37:30+00:00\",\"dateModified\":\"2023-04-11T09:48:38+00:00\",\"description\":\"La nueva obra art\u00edstica de Pamplona Ciudad Educadora est\u00e1 emplazada en la plaza bajo la rotonda de confluencia entre calle Tajonar y avenida de Catalu\u00f1a\",\"breadcrumb\":{\"@id\":\"https:\\\/\\\/www.laguiadepamplona.com\\\/actualidad\\\/un-mural-de-50m2-basado-en-la-tecnica-del-collage-y-realizado-por-alumnado-de-secundaria-y-artistas-de-la-ciudad-recuerda-que-pamplona-no-se-construyo-en-un-dia\\\/#breadcrumb\"},\"inLanguage\":\"es\",\"potentialAction\":[{\"@type\":\"ReadAction\",\"target\":[\"https:\\\/\\\/www.laguiadepamplona.com\\\/actualidad\\\/un-mural-de-50m2-basado-en-la-tecnica-del-collage-y-realizado-por-alumnado-de-secundaria-y-artistas-de-la-ciudad-recuerda-que-pamplona-no-se-construyo-en-un-dia\\\/\"]}]},{\"@type\":\"ImageObject\",\"inLanguage\":\"es\",\"@id\":\"https:\\\/\\\/www.laguiadepamplona.com\\\/actualidad\\\/un-mural-de-50m2-basado-en-la-tecnica-del-collage-y-realizado-por-alumnado-de-secundaria-y-artistas-de-la-ciudad-recuerda-que-pamplona-no-se-construyo-en-un-dia\\\/#primaryimage\",\"url\":\"https:\\\/\\\/www.laguiadepamplona.com\\\/actualidad\\\/wp-content\\\/uploads\\\/2021\\\/12\\\/muralpamplonaciudadeducadoraee5a9129_0.jpg\",\"contentUrl\":\"https:\\\/\\\/www.laguiadepamplona.com\\\/actualidad\\\/wp-content\\\/uploads\\\/2021\\\/12\\\/muralpamplonaciudadeducadoraee5a9129_0.jpg\",\"width\":1920,\"height\":1280},{\"@type\":\"BreadcrumbList\",\"@id\":\"https:\\\/\\\/www.laguiadepamplona.com\\\/actualidad\\\/un-mural-de-50m2-basado-en-la-tecnica-del-collage-y-realizado-por-alumnado-de-secundaria-y-artistas-de-la-ciudad-recuerda-que-pamplona-no-se-construyo-en-un-dia\\\/#breadcrumb\",\"itemListElement\":[{\"@type\":\"ListItem\",\"position\":1,\"name\":\"Portada\",\"item\":\"https:\\\/\\\/www.laguiadepamplona.com\\\/actualidad\\\/\"},{\"@type\":\"ListItem\",\"position\":2,\"name\":\"Un mural de 50m2, basado en la t\u00e9cnica del collage y realizado por alumnado de Secundaria y artistas de la ciudad, recuerda que \u2018Pamplona no se construy\u00f3 en un d\u00eda\u2019\"}]},{\"@type\":\"WebSite\",\"@id\":\"https:\\\/\\\/www.laguiadepamplona.com\\\/actualidad\\\/#website\",\"url\":\"https:\\\/\\\/www.laguiadepamplona.com\\\/actualidad\\\/\",\"name\":\"La gu\u00eda de Pamplona\",\"description\":\"Noticias de Pamplona\",\"publisher\":{\"@id\":\"https:\\\/\\\/www.laguiadepamplona.com\\\/actualidad\\\/#organization\"},\"potentialAction\":[{\"@type\":\"SearchAction\",\"target\":{\"@type\":\"EntryPoint\",\"urlTemplate\":\"https:\\\/\\\/www.laguiadepamplona.com\\\/actualidad\\\/?s={search_term_string}\"},\"query-input\":{\"@type\":\"PropertyValueSpecification\",\"valueRequired\":true,\"valueName\":\"search_term_string\"}}],\"inLanguage\":\"es\"},{\"@type\":\"Organization\",\"@id\":\"https:\\\/\\\/www.laguiadepamplona.com\\\/actualidad\\\/#organization\",\"name\":\"La Gu\u00eda de Pamplona \\\/ Noticias\",\"url\":\"https:\\\/\\\/www.laguiadepamplona.com\\\/actualidad\\\/\",\"logo\":{\"@type\":\"ImageObject\",\"inLanguage\":\"es\",\"@id\":\"https:\\\/\\\/www.laguiadepamplona.com\\\/actualidad\\\/#\\\/schema\\\/logo\\\/image\\\/\",\"url\":\"https:\\\/\\\/www.laguiadepamplona.com\\\/actualidad\\\/wp-content\\\/uploads\\\/2018\\\/11\\\/logo-laguiadepamplona18-web1.png\",\"contentUrl\":\"https:\\\/\\\/www.laguiadepamplona.com\\\/actualidad\\\/wp-content\\\/uploads\\\/2018\\\/11\\\/logo-laguiadepamplona18-web1.png\",\"width\":600,\"height\":196,\"caption\":\"La Gu\u00eda de Pamplona \\\/ Noticias\"},\"image\":{\"@id\":\"https:\\\/\\\/www.laguiadepamplona.com\\\/actualidad\\\/#\\\/schema\\\/logo\\\/image\\\/\"},\"sameAs\":[\"https:\\\/\\\/www.facebook.com\\\/laguiadepamplonacom-133175176762273\\\/?ref=hl\",\"https:\\\/\\\/x.com\\\/LaGuiadPamplona\",\"https:\\\/\\\/www.instagram.com\\\/la_guia_de_pamplona\\\/\",\"https:\\\/\\\/www.youtube.com\\\/user\\\/laguiadepamplona\"]},{\"@type\":\"Person\",\"@id\":\"https:\\\/\\\/www.laguiadepamplona.com\\\/actualidad\\\/#\\\/schema\\\/person\\\/efe887376f0213d4657c93adc50b1fdb\",\"name\":\"La Gu\u00eda de Pamplona\",\"image\":{\"@type\":\"ImageObject\",\"inLanguage\":\"es\",\"@id\":\"https:\\\/\\\/secure.gravatar.com\\\/avatar\\\/b6992f131dc8d30ab0dff15446e9d346d9dbd95992de0fef795073f5ea83a81c?s=96&d=mm&r=g\",\"url\":\"https:\\\/\\\/secure.gravatar.com\\\/avatar\\\/b6992f131dc8d30ab0dff15446e9d346d9dbd95992de0fef795073f5ea83a81c?s=96&d=mm&r=g\",\"contentUrl\":\"https:\\\/\\\/secure.gravatar.com\\\/avatar\\\/b6992f131dc8d30ab0dff15446e9d346d9dbd95992de0fef795073f5ea83a81c?s=96&d=mm&r=g\",\"caption\":\"La Gu\u00eda de Pamplona\"}}]}<\/script>\n<!-- \/ Yoast SEO plugin. -->","yoast_head_json":{"title":"Un mural de 50m2, basado en la t\u00e9cnica del collage y realizado por alumnado de Secundaria y artistas de la ciudad, recuerda que \u2018Pamplona no se construy\u00f3 en un d\u00eda\u2019","description":"La nueva obra art\u00edstica de Pamplona Ciudad Educadora est\u00e1 emplazada en la plaza bajo la rotonda de confluencia entre calle Tajonar y avenida de Catalu\u00f1a","robots":{"index":"index","follow":"follow","max-snippet":"max-snippet:-1","max-image-preview":"max-image-preview:large","max-video-preview":"max-video-preview:-1"},"canonical":"https:\/\/www.laguiadepamplona.com\/actualidad\/un-mural-de-50m2-basado-en-la-tecnica-del-collage-y-realizado-por-alumnado-de-secundaria-y-artistas-de-la-ciudad-recuerda-que-pamplona-no-se-construyo-en-un-dia\/","og_locale":"es_ES","og_type":"article","og_title":"Un mural de 50m2, basado en la t\u00e9cnica del collage y realizado por alumnado de Secundaria y artistas de la ciudad, recuerda que \u2018Pamplona no se construy\u00f3 en un d\u00eda\u2019","og_description":"La nueva obra art\u00edstica de Pamplona Ciudad Educadora est\u00e1 emplazada en la plaza bajo la rotonda de confluencia entre calle Tajonar y avenida de Catalu\u00f1a","og_url":"https:\/\/www.laguiadepamplona.com\/actualidad\/un-mural-de-50m2-basado-en-la-tecnica-del-collage-y-realizado-por-alumnado-de-secundaria-y-artistas-de-la-ciudad-recuerda-que-pamplona-no-se-construyo-en-un-dia\/","og_site_name":"La Gu\u00eda de Pamplona","article_publisher":"https:\/\/www.facebook.com\/laguiadepamplonacom-133175176762273\/?ref=hl","article_published_time":"2021-12-29T16:37:30+00:00","article_modified_time":"2023-04-11T09:48:38+00:00","og_image":[{"width":1920,"height":1280,"url":"https:\/\/www.laguiadepamplona.com\/actualidad\/wp-content\/uploads\/2021\/12\/muralpamplonaciudadeducadoraee5a9129_0.jpg","type":"image\/jpeg"}],"author":"La Gu\u00eda de Pamplona","twitter_card":"summary_large_image","twitter_creator":"@LaGuiadPamplona","twitter_site":"@LaGuiadPamplona","twitter_misc":{"Escrito por":"La Gu\u00eda de Pamplona","Tiempo de lectura":"3 minutos"},"schema":{"@context":"https:\/\/schema.org","@graph":[{"@type":"Article","@id":"https:\/\/www.laguiadepamplona.com\/actualidad\/un-mural-de-50m2-basado-en-la-tecnica-del-collage-y-realizado-por-alumnado-de-secundaria-y-artistas-de-la-ciudad-recuerda-que-pamplona-no-se-construyo-en-un-dia\/#article","isPartOf":{"@id":"https:\/\/www.laguiadepamplona.com\/actualidad\/un-mural-de-50m2-basado-en-la-tecnica-del-collage-y-realizado-por-alumnado-de-secundaria-y-artistas-de-la-ciudad-recuerda-que-pamplona-no-se-construyo-en-un-dia\/"},"author":{"name":"La Gu\u00eda de Pamplona","@id":"https:\/\/www.laguiadepamplona.com\/actualidad\/#\/schema\/person\/efe887376f0213d4657c93adc50b1fdb"},"headline":"Un mural de 50m2, basado en la t\u00e9cnica del collage y realizado por alumnado de Secundaria y artistas de la ciudad, recuerda que \u2018Pamplona no se construy\u00f3 en un d\u00eda\u2019","datePublished":"2021-12-29T16:37:30+00:00","dateModified":"2023-04-11T09:48:38+00:00","mainEntityOfPage":{"@id":"https:\/\/www.laguiadepamplona.com\/actualidad\/un-mural-de-50m2-basado-en-la-tecnica-del-collage-y-realizado-por-alumnado-de-secundaria-y-artistas-de-la-ciudad-recuerda-que-pamplona-no-se-construyo-en-un-dia\/"},"wordCount":554,"commentCount":0,"publisher":{"@id":"https:\/\/www.laguiadepamplona.com\/actualidad\/#organization"},"image":{"@id":"https:\/\/www.laguiadepamplona.com\/actualidad\/un-mural-de-50m2-basado-en-la-tecnica-del-collage-y-realizado-por-alumnado-de-secundaria-y-artistas-de-la-ciudad-recuerda-que-pamplona-no-se-construyo-en-un-dia\/#primaryimage"},"thumbnailUrl":"https:\/\/www.laguiadepamplona.com\/actualidad\/wp-content\/uploads\/2021\/12\/muralpamplonaciudadeducadoraee5a9129_0.jpg","articleSection":["Ayto Pamplona"],"inLanguage":"es","potentialAction":[{"@type":"CommentAction","name":"Comment","target":["https:\/\/www.laguiadepamplona.com\/actualidad\/un-mural-de-50m2-basado-en-la-tecnica-del-collage-y-realizado-por-alumnado-de-secundaria-y-artistas-de-la-ciudad-recuerda-que-pamplona-no-se-construyo-en-un-dia\/#respond"]}]},{"@type":"WebPage","@id":"https:\/\/www.laguiadepamplona.com\/actualidad\/un-mural-de-50m2-basado-en-la-tecnica-del-collage-y-realizado-por-alumnado-de-secundaria-y-artistas-de-la-ciudad-recuerda-que-pamplona-no-se-construyo-en-un-dia\/","url":"https:\/\/www.laguiadepamplona.com\/actualidad\/un-mural-de-50m2-basado-en-la-tecnica-del-collage-y-realizado-por-alumnado-de-secundaria-y-artistas-de-la-ciudad-recuerda-que-pamplona-no-se-construyo-en-un-dia\/","name":"Un mural de 50m2, basado en la t\u00e9cnica del collage y realizado por alumnado de Secundaria y artistas de la ciudad, recuerda que \u2018Pamplona no se construy\u00f3 en un d\u00eda\u2019","isPartOf":{"@id":"https:\/\/www.laguiadepamplona.com\/actualidad\/#website"},"primaryImageOfPage":{"@id":"https:\/\/www.laguiadepamplona.com\/actualidad\/un-mural-de-50m2-basado-en-la-tecnica-del-collage-y-realizado-por-alumnado-de-secundaria-y-artistas-de-la-ciudad-recuerda-que-pamplona-no-se-construyo-en-un-dia\/#primaryimage"},"image":{"@id":"https:\/\/www.laguiadepamplona.com\/actualidad\/un-mural-de-50m2-basado-en-la-tecnica-del-collage-y-realizado-por-alumnado-de-secundaria-y-artistas-de-la-ciudad-recuerda-que-pamplona-no-se-construyo-en-un-dia\/#primaryimage"},"thumbnailUrl":"https:\/\/www.laguiadepamplona.com\/actualidad\/wp-content\/uploads\/2021\/12\/muralpamplonaciudadeducadoraee5a9129_0.jpg","datePublished":"2021-12-29T16:37:30+00:00","dateModified":"2023-04-11T09:48:38+00:00","description":"La nueva obra art\u00edstica de Pamplona Ciudad Educadora est\u00e1 emplazada en la plaza bajo la rotonda de confluencia entre calle Tajonar y avenida de Catalu\u00f1a","breadcrumb":{"@id":"https:\/\/www.laguiadepamplona.com\/actualidad\/un-mural-de-50m2-basado-en-la-tecnica-del-collage-y-realizado-por-alumnado-de-secundaria-y-artistas-de-la-ciudad-recuerda-que-pamplona-no-se-construyo-en-un-dia\/#breadcrumb"},"inLanguage":"es","potentialAction":[{"@type":"ReadAction","target":["https:\/\/www.laguiadepamplona.com\/actualidad\/un-mural-de-50m2-basado-en-la-tecnica-del-collage-y-realizado-por-alumnado-de-secundaria-y-artistas-de-la-ciudad-recuerda-que-pamplona-no-se-construyo-en-un-dia\/"]}]},{"@type":"ImageObject","inLanguage":"es","@id":"https:\/\/www.laguiadepamplona.com\/actualidad\/un-mural-de-50m2-basado-en-la-tecnica-del-collage-y-realizado-por-alumnado-de-secundaria-y-artistas-de-la-ciudad-recuerda-que-pamplona-no-se-construyo-en-un-dia\/#primaryimage","url":"https:\/\/www.laguiadepamplona.com\/actualidad\/wp-content\/uploads\/2021\/12\/muralpamplonaciudadeducadoraee5a9129_0.jpg","contentUrl":"https:\/\/www.laguiadepamplona.com\/actualidad\/wp-content\/uploads\/2021\/12\/muralpamplonaciudadeducadoraee5a9129_0.jpg","width":1920,"height":1280},{"@type":"BreadcrumbList","@id":"https:\/\/www.laguiadepamplona.com\/actualidad\/un-mural-de-50m2-basado-en-la-tecnica-del-collage-y-realizado-por-alumnado-de-secundaria-y-artistas-de-la-ciudad-recuerda-que-pamplona-no-se-construyo-en-un-dia\/#breadcrumb","itemListElement":[{"@type":"ListItem","position":1,"name":"Portada","item":"https:\/\/www.laguiadepamplona.com\/actualidad\/"},{"@type":"ListItem","position":2,"name":"Un mural de 50m2, basado en la t\u00e9cnica del collage y realizado por alumnado de Secundaria y artistas de la ciudad, recuerda que \u2018Pamplona no se construy\u00f3 en un d\u00eda\u2019"}]},{"@type":"WebSite","@id":"https:\/\/www.laguiadepamplona.com\/actualidad\/#website","url":"https:\/\/www.laguiadepamplona.com\/actualidad\/","name":"La gu\u00eda de Pamplona","description":"Noticias de Pamplona","publisher":{"@id":"https:\/\/www.laguiadepamplona.com\/actualidad\/#organization"},"potentialAction":[{"@type":"SearchAction","target":{"@type":"EntryPoint","urlTemplate":"https:\/\/www.laguiadepamplona.com\/actualidad\/?s={search_term_string}"},"query-input":{"@type":"PropertyValueSpecification","valueRequired":true,"valueName":"search_term_string"}}],"inLanguage":"es"},{"@type":"Organization","@id":"https:\/\/www.laguiadepamplona.com\/actualidad\/#organization","name":"La Gu\u00eda de Pamplona \/ Noticias","url":"https:\/\/www.laguiadepamplona.com\/actualidad\/","logo":{"@type":"ImageObject","inLanguage":"es","@id":"https:\/\/www.laguiadepamplona.com\/actualidad\/#\/schema\/logo\/image\/","url":"https:\/\/www.laguiadepamplona.com\/actualidad\/wp-content\/uploads\/2018\/11\/logo-laguiadepamplona18-web1.png","contentUrl":"https:\/\/www.laguiadepamplona.com\/actualidad\/wp-content\/uploads\/2018\/11\/logo-laguiadepamplona18-web1.png","width":600,"height":196,"caption":"La Gu\u00eda de Pamplona \/ Noticias"},"image":{"@id":"https:\/\/www.laguiadepamplona.com\/actualidad\/#\/schema\/logo\/image\/"},"sameAs":["https:\/\/www.facebook.com\/laguiadepamplonacom-133175176762273\/?ref=hl","https:\/\/x.com\/LaGuiadPamplona","https:\/\/www.instagram.com\/la_guia_de_pamplona\/","https:\/\/www.youtube.com\/user\/laguiadepamplona"]},{"@type":"Person","@id":"https:\/\/www.laguiadepamplona.com\/actualidad\/#\/schema\/person\/efe887376f0213d4657c93adc50b1fdb","name":"La Gu\u00eda de Pamplona","image":{"@type":"ImageObject","inLanguage":"es","@id":"https:\/\/secure.gravatar.com\/avatar\/b6992f131dc8d30ab0dff15446e9d346d9dbd95992de0fef795073f5ea83a81c?s=96&d=mm&r=g","url":"https:\/\/secure.gravatar.com\/avatar\/b6992f131dc8d30ab0dff15446e9d346d9dbd95992de0fef795073f5ea83a81c?s=96&d=mm&r=g","contentUrl":"https:\/\/secure.gravatar.com\/avatar\/b6992f131dc8d30ab0dff15446e9d346d9dbd95992de0fef795073f5ea83a81c?s=96&d=mm&r=g","caption":"La Gu\u00eda de Pamplona"}}]}},"post_mailing_queue_ids":[],"_links":{"self":[{"href":"https:\/\/www.laguiadepamplona.com\/actualidad\/wp-json\/wp\/v2\/posts\/38161","targetHints":{"allow":["GET"]}}],"collection":[{"href":"https:\/\/www.laguiadepamplona.com\/actualidad\/wp-json\/wp\/v2\/posts"}],"about":[{"href":"https:\/\/www.laguiadepamplona.com\/actualidad\/wp-json\/wp\/v2\/types\/post"}],"author":[{"embeddable":true,"href":"https:\/\/www.laguiadepamplona.com\/actualidad\/wp-json\/wp\/v2\/users\/1"}],"replies":[{"embeddable":true,"href":"https:\/\/www.laguiadepamplona.com\/actualidad\/wp-json\/wp\/v2\/comments?post=38161"}],"version-history":[{"count":0,"href":"https:\/\/www.laguiadepamplona.com\/actualidad\/wp-json\/wp\/v2\/posts\/38161\/revisions"}],"wp:featuredmedia":[{"embeddable":true,"href":"https:\/\/www.laguiadepamplona.com\/actualidad\/wp-json\/wp\/v2\/media\/38162"}],"wp:attachment":[{"href":"https:\/\/www.laguiadepamplona.com\/actualidad\/wp-json\/wp\/v2\/media?parent=38161"}],"wp:term":[{"taxonomy":"category","embeddable":true,"href":"https:\/\/www.laguiadepamplona.com\/actualidad\/wp-json\/wp\/v2\/categories?post=38161"},{"taxonomy":"post_tag","embeddable":true,"href":"https:\/\/www.laguiadepamplona.com\/actualidad\/wp-json\/wp\/v2\/tags?post=38161"}],"curies":[{"name":"wp","href":"https:\/\/api.w.org\/{rel}","templated":true}]}}