{"id":38151,"date":"2021-12-28T14:54:43","date_gmt":"2021-12-28T12:54:43","guid":{"rendered":"https:\/\/www.laguiadepamplona.com\/actualidad\/?p=38151"},"modified":"2023-04-11T11:48:38","modified_gmt":"2023-04-11T09:48:38","slug":"aranzadi-estrena-pistas-de-padel-tras-las-reparaciones-realizadas-por-la-reciente-crecida-del-arga","status":"publish","type":"post","link":"https:\/\/www.laguiadepamplona.com\/actualidad\/aranzadi-estrena-pistas-de-padel-tras-las-reparaciones-realizadas-por-la-reciente-crecida-del-arga\/","title":{"rendered":"Aranzadi estrena pistas de p\u00e1del tras las reparaciones realizadas por la reciente crecida del Arga"},"content":{"rendered":"<h5>Los 11.156 euros de la intervenci\u00f3n han sido incluidos dentro de las reclamaciones municipales al Consorcio de Seguros<\/h5>\n<p><!--more--><\/p>\n<p>El Ayuntamiento de Pamplona ha arreglado las dos pistas de p\u00e1del del Complejo Deportivo Aranzadi que quedaron muy deterioradas tras la riada del pasado d\u00eda 10 en la que la entrada de agua provoc\u00f3 su inutilizaci\u00f3n. Las pistas hab\u00edan sido renovadas hace ahora un a\u00f1o, diciembre de 2020 y en estas semanas se han tenido que ejecutar de nuevo.<\/p>\n<p>La empresa encargada de las obras ha sido la misma que hizo la intervenci\u00f3n inicial: O.C.E.V (Grupo espacios verdes 2013). El importe de la intervenci\u00f3n ha sido de 11.156 euros en una actuaci\u00f3n que ha sido incluido dentro de las reclamaciones municipales al Consorcio de Seguros por los da\u00f1os de la riada. En noviembre de 2013 ya se tuvo que reparar el suelo de las pistas que se hab\u00eda visto afectado por las inundaciones del mes de junio de ese a\u00f1o.<br \/>\n<script async src=\"\/\/pagead2.googlesyndication.com\/pagead\/js\/adsbygoogle.js\"><\/script><br \/>\n<!-- Noticias La Guia de Pamplona --><br \/>\n<ins class=\"adsbygoogle\"\nstyle=\"display:block\"\ndata-ad-client=\"ca-pub-6943679897239327\"\ndata-ad-slot=\"7048180777\"\ndata-ad-format=\"auto\"><\/ins><br \/>\n<script>\n(adsbygoogle = window.adsbygoogle || []).push({});\n<\/script><\/p>\n<p>El suelo instalado es un c\u00e9sped artificial de \u00faltima generaci\u00f3n, fabricado mediante el sistema tufting. Los filamentos conforman un espesor de muy baja abrasi\u00f3n y est\u00e1n fabricados con polietileno y aditivos espec\u00edficos que se caracterizan por su alta resistencia y tratamiento anti UV, resistentes al calor y a variaciones climatol\u00f3gicas extremas. Todo ello genera un suelo con una gran estabilidad dimensional y una mayor resistencia al arranque de los filamentos.<\/p>\n<p>La Ciudad Deportiva Aranzadi cuenta con dos pistas de p\u00e1del cubiertas, que se inauguraron en enero de 2011, ocupando gran parte de la antigua pista polideportiva exterior, entre el polideportivo cubierto y la zona de los asadores. Se trata de una doble pista acristalada de 2x20x10 metros, con un pasillo intermedio de acceso y separaci\u00f3n de ambas canchas, que ocupa una superficie total de 528 metros cuadrados.<\/p>\n","protected":false},"excerpt":{"rendered":"<p>Los 11.156 euros de la intervenci\u00f3n han sido incluidos dentro de las reclamaciones municipales al Consorcio de Seguros<\/p>\n","protected":false},"author":1,"featured_media":38152,"comment_status":"open","ping_status":"closed","sticky":false,"template":"","format":"standard","meta":{"footnotes":""},"categories":[2],"tags":[],"class_list":["post-38151","post","type-post","status-publish","format-standard","has-post-thumbnail","hentry","category-ayuntamiento-pamplona"],"yoast_head":"<!-- This site is optimized with the Yoast SEO plugin v27.3 - https:\/\/yoast.com\/product\/yoast-seo-wordpress\/ -->\n<title>Aranzadi estrena pistas de p\u00e1del tras las reparaciones realizadas por la reciente crecida del Arga<\/title>\n<meta name=\"description\" content=\"Los 11.156 euros de la intervenci\u00f3n han sido incluidos dentro de las reclamaciones municipales al Consorcio de Seguros\" \/>\n<meta name=\"robots\" content=\"index, follow, max-snippet:-1, max-image-preview:large, max-video-preview:-1\" \/>\n<link rel=\"canonical\" href=\"https:\/\/www.laguiadepamplona.com\/actualidad\/aranzadi-estrena-pistas-de-padel-tras-las-reparaciones-realizadas-por-la-reciente-crecida-del-arga\/\" \/>\n<meta property=\"og:locale\" content=\"es_ES\" \/>\n<meta property=\"og:type\" content=\"article\" \/>\n<meta property=\"og:title\" content=\"Aranzadi estrena pistas de p\u00e1del tras las reparaciones realizadas por la reciente crecida del Arga\" \/>\n<meta property=\"og:description\" content=\"Los 11.156 euros de la intervenci\u00f3n han sido incluidos dentro de las reclamaciones municipales al Consorcio de Seguros\" \/>\n<meta property=\"og:url\" content=\"https:\/\/www.laguiadepamplona.com\/actualidad\/aranzadi-estrena-pistas-de-padel-tras-las-reparaciones-realizadas-por-la-reciente-crecida-del-arga\/\" \/>\n<meta property=\"og:site_name\" content=\"La Gu\u00eda de Pamplona\" \/>\n<meta property=\"article:publisher\" content=\"https:\/\/www.facebook.com\/laguiadepamplonacom-133175176762273\/?ref=hl\" \/>\n<meta property=\"article:published_time\" content=\"2021-12-28T12:54:43+00:00\" \/>\n<meta property=\"article:modified_time\" content=\"2023-04-11T09:48:38+00:00\" \/>\n<meta property=\"og:image\" content=\"https:\/\/www.laguiadepamplona.com\/actualidad\/wp-content\/uploads\/2021\/12\/pistas-padel.jpg\" \/>\n\t<meta property=\"og:image:width\" content=\"1920\" \/>\n\t<meta property=\"og:image:height\" content=\"1281\" \/>\n\t<meta property=\"og:image:type\" content=\"image\/jpeg\" \/>\n<meta name=\"author\" content=\"La Gu\u00eda de Pamplona\" \/>\n<meta name=\"twitter:card\" content=\"summary_large_image\" \/>\n<meta name=\"twitter:creator\" content=\"@LaGuiadPamplona\" \/>\n<meta name=\"twitter:site\" content=\"@LaGuiadPamplona\" \/>\n<meta name=\"twitter:label1\" content=\"Escrito por\" \/>\n\t<meta name=\"twitter:data1\" content=\"La Gu\u00eda de Pamplona\" \/>\n\t<meta name=\"twitter:label2\" content=\"Tiempo de lectura\" \/>\n\t<meta name=\"twitter:data2\" content=\"2 minutos\" \/>\n<script type=\"application\/ld+json\" class=\"yoast-schema-graph\">{\"@context\":\"https:\\\/\\\/schema.org\",\"@graph\":[{\"@type\":\"Article\",\"@id\":\"https:\\\/\\\/www.laguiadepamplona.com\\\/actualidad\\\/aranzadi-estrena-pistas-de-padel-tras-las-reparaciones-realizadas-por-la-reciente-crecida-del-arga\\\/#article\",\"isPartOf\":{\"@id\":\"https:\\\/\\\/www.laguiadepamplona.com\\\/actualidad\\\/aranzadi-estrena-pistas-de-padel-tras-las-reparaciones-realizadas-por-la-reciente-crecida-del-arga\\\/\"},\"author\":{\"name\":\"La Gu\u00eda de Pamplona\",\"@id\":\"https:\\\/\\\/www.laguiadepamplona.com\\\/actualidad\\\/#\\\/schema\\\/person\\\/efe887376f0213d4657c93adc50b1fdb\"},\"headline\":\"Aranzadi estrena pistas de p\u00e1del tras las reparaciones realizadas por la reciente crecida del Arga\",\"datePublished\":\"2021-12-28T12:54:43+00:00\",\"dateModified\":\"2023-04-11T09:48:38+00:00\",\"mainEntityOfPage\":{\"@id\":\"https:\\\/\\\/www.laguiadepamplona.com\\\/actualidad\\\/aranzadi-estrena-pistas-de-padel-tras-las-reparaciones-realizadas-por-la-reciente-crecida-del-arga\\\/\"},\"wordCount\":327,\"commentCount\":0,\"publisher\":{\"@id\":\"https:\\\/\\\/www.laguiadepamplona.com\\\/actualidad\\\/#organization\"},\"image\":{\"@id\":\"https:\\\/\\\/www.laguiadepamplona.com\\\/actualidad\\\/aranzadi-estrena-pistas-de-padel-tras-las-reparaciones-realizadas-por-la-reciente-crecida-del-arga\\\/#primaryimage\"},\"thumbnailUrl\":\"https:\\\/\\\/www.laguiadepamplona.com\\\/actualidad\\\/wp-content\\\/uploads\\\/2021\\\/12\\\/pistas-padel.jpg\",\"articleSection\":[\"Ayto Pamplona\"],\"inLanguage\":\"es\",\"potentialAction\":[{\"@type\":\"CommentAction\",\"name\":\"Comment\",\"target\":[\"https:\\\/\\\/www.laguiadepamplona.com\\\/actualidad\\\/aranzadi-estrena-pistas-de-padel-tras-las-reparaciones-realizadas-por-la-reciente-crecida-del-arga\\\/#respond\"]}]},{\"@type\":\"WebPage\",\"@id\":\"https:\\\/\\\/www.laguiadepamplona.com\\\/actualidad\\\/aranzadi-estrena-pistas-de-padel-tras-las-reparaciones-realizadas-por-la-reciente-crecida-del-arga\\\/\",\"url\":\"https:\\\/\\\/www.laguiadepamplona.com\\\/actualidad\\\/aranzadi-estrena-pistas-de-padel-tras-las-reparaciones-realizadas-por-la-reciente-crecida-del-arga\\\/\",\"name\":\"Aranzadi estrena pistas de p\u00e1del tras las reparaciones realizadas por la reciente crecida del Arga\",\"isPartOf\":{\"@id\":\"https:\\\/\\\/www.laguiadepamplona.com\\\/actualidad\\\/#website\"},\"primaryImageOfPage\":{\"@id\":\"https:\\\/\\\/www.laguiadepamplona.com\\\/actualidad\\\/aranzadi-estrena-pistas-de-padel-tras-las-reparaciones-realizadas-por-la-reciente-crecida-del-arga\\\/#primaryimage\"},\"image\":{\"@id\":\"https:\\\/\\\/www.laguiadepamplona.com\\\/actualidad\\\/aranzadi-estrena-pistas-de-padel-tras-las-reparaciones-realizadas-por-la-reciente-crecida-del-arga\\\/#primaryimage\"},\"thumbnailUrl\":\"https:\\\/\\\/www.laguiadepamplona.com\\\/actualidad\\\/wp-content\\\/uploads\\\/2021\\\/12\\\/pistas-padel.jpg\",\"datePublished\":\"2021-12-28T12:54:43+00:00\",\"dateModified\":\"2023-04-11T09:48:38+00:00\",\"description\":\"Los 11.156 euros de la intervenci\u00f3n han sido incluidos dentro de las reclamaciones municipales al Consorcio de Seguros\",\"breadcrumb\":{\"@id\":\"https:\\\/\\\/www.laguiadepamplona.com\\\/actualidad\\\/aranzadi-estrena-pistas-de-padel-tras-las-reparaciones-realizadas-por-la-reciente-crecida-del-arga\\\/#breadcrumb\"},\"inLanguage\":\"es\",\"potentialAction\":[{\"@type\":\"ReadAction\",\"target\":[\"https:\\\/\\\/www.laguiadepamplona.com\\\/actualidad\\\/aranzadi-estrena-pistas-de-padel-tras-las-reparaciones-realizadas-por-la-reciente-crecida-del-arga\\\/\"]}]},{\"@type\":\"ImageObject\",\"inLanguage\":\"es\",\"@id\":\"https:\\\/\\\/www.laguiadepamplona.com\\\/actualidad\\\/aranzadi-estrena-pistas-de-padel-tras-las-reparaciones-realizadas-por-la-reciente-crecida-del-arga\\\/#primaryimage\",\"url\":\"https:\\\/\\\/www.laguiadepamplona.com\\\/actualidad\\\/wp-content\\\/uploads\\\/2021\\\/12\\\/pistas-padel.jpg\",\"contentUrl\":\"https:\\\/\\\/www.laguiadepamplona.com\\\/actualidad\\\/wp-content\\\/uploads\\\/2021\\\/12\\\/pistas-padel.jpg\",\"width\":1920,\"height\":1281},{\"@type\":\"BreadcrumbList\",\"@id\":\"https:\\\/\\\/www.laguiadepamplona.com\\\/actualidad\\\/aranzadi-estrena-pistas-de-padel-tras-las-reparaciones-realizadas-por-la-reciente-crecida-del-arga\\\/#breadcrumb\",\"itemListElement\":[{\"@type\":\"ListItem\",\"position\":1,\"name\":\"Portada\",\"item\":\"https:\\\/\\\/www.laguiadepamplona.com\\\/actualidad\\\/\"},{\"@type\":\"ListItem\",\"position\":2,\"name\":\"Aranzadi estrena pistas de p\u00e1del tras las reparaciones realizadas por la reciente crecida del Arga\"}]},{\"@type\":\"WebSite\",\"@id\":\"https:\\\/\\\/www.laguiadepamplona.com\\\/actualidad\\\/#website\",\"url\":\"https:\\\/\\\/www.laguiadepamplona.com\\\/actualidad\\\/\",\"name\":\"La gu\u00eda de Pamplona\",\"description\":\"Noticias de Pamplona\",\"publisher\":{\"@id\":\"https:\\\/\\\/www.laguiadepamplona.com\\\/actualidad\\\/#organization\"},\"potentialAction\":[{\"@type\":\"SearchAction\",\"target\":{\"@type\":\"EntryPoint\",\"urlTemplate\":\"https:\\\/\\\/www.laguiadepamplona.com\\\/actualidad\\\/?s={search_term_string}\"},\"query-input\":{\"@type\":\"PropertyValueSpecification\",\"valueRequired\":true,\"valueName\":\"search_term_string\"}}],\"inLanguage\":\"es\"},{\"@type\":\"Organization\",\"@id\":\"https:\\\/\\\/www.laguiadepamplona.com\\\/actualidad\\\/#organization\",\"name\":\"La Gu\u00eda de Pamplona \\\/ Noticias\",\"url\":\"https:\\\/\\\/www.laguiadepamplona.com\\\/actualidad\\\/\",\"logo\":{\"@type\":\"ImageObject\",\"inLanguage\":\"es\",\"@id\":\"https:\\\/\\\/www.laguiadepamplona.com\\\/actualidad\\\/#\\\/schema\\\/logo\\\/image\\\/\",\"url\":\"https:\\\/\\\/www.laguiadepamplona.com\\\/actualidad\\\/wp-content\\\/uploads\\\/2018\\\/11\\\/logo-laguiadepamplona18-web1.png\",\"contentUrl\":\"https:\\\/\\\/www.laguiadepamplona.com\\\/actualidad\\\/wp-content\\\/uploads\\\/2018\\\/11\\\/logo-laguiadepamplona18-web1.png\",\"width\":600,\"height\":196,\"caption\":\"La Gu\u00eda de Pamplona \\\/ Noticias\"},\"image\":{\"@id\":\"https:\\\/\\\/www.laguiadepamplona.com\\\/actualidad\\\/#\\\/schema\\\/logo\\\/image\\\/\"},\"sameAs\":[\"https:\\\/\\\/www.facebook.com\\\/laguiadepamplonacom-133175176762273\\\/?ref=hl\",\"https:\\\/\\\/x.com\\\/LaGuiadPamplona\",\"https:\\\/\\\/www.instagram.com\\\/la_guia_de_pamplona\\\/\",\"https:\\\/\\\/www.youtube.com\\\/user\\\/laguiadepamplona\"]},{\"@type\":\"Person\",\"@id\":\"https:\\\/\\\/www.laguiadepamplona.com\\\/actualidad\\\/#\\\/schema\\\/person\\\/efe887376f0213d4657c93adc50b1fdb\",\"name\":\"La Gu\u00eda de Pamplona\",\"image\":{\"@type\":\"ImageObject\",\"inLanguage\":\"es\",\"@id\":\"https:\\\/\\\/secure.gravatar.com\\\/avatar\\\/b6992f131dc8d30ab0dff15446e9d346d9dbd95992de0fef795073f5ea83a81c?s=96&d=mm&r=g\",\"url\":\"https:\\\/\\\/secure.gravatar.com\\\/avatar\\\/b6992f131dc8d30ab0dff15446e9d346d9dbd95992de0fef795073f5ea83a81c?s=96&d=mm&r=g\",\"contentUrl\":\"https:\\\/\\\/secure.gravatar.com\\\/avatar\\\/b6992f131dc8d30ab0dff15446e9d346d9dbd95992de0fef795073f5ea83a81c?s=96&d=mm&r=g\",\"caption\":\"La Gu\u00eda de Pamplona\"}}]}<\/script>\n<!-- \/ Yoast SEO plugin. -->","yoast_head_json":{"title":"Aranzadi estrena pistas de p\u00e1del tras las reparaciones realizadas por la reciente crecida del Arga","description":"Los 11.156 euros de la intervenci\u00f3n han sido incluidos dentro de las reclamaciones municipales al Consorcio de Seguros","robots":{"index":"index","follow":"follow","max-snippet":"max-snippet:-1","max-image-preview":"max-image-preview:large","max-video-preview":"max-video-preview:-1"},"canonical":"https:\/\/www.laguiadepamplona.com\/actualidad\/aranzadi-estrena-pistas-de-padel-tras-las-reparaciones-realizadas-por-la-reciente-crecida-del-arga\/","og_locale":"es_ES","og_type":"article","og_title":"Aranzadi estrena pistas de p\u00e1del tras las reparaciones realizadas por la reciente crecida del Arga","og_description":"Los 11.156 euros de la intervenci\u00f3n han sido incluidos dentro de las reclamaciones municipales al Consorcio de Seguros","og_url":"https:\/\/www.laguiadepamplona.com\/actualidad\/aranzadi-estrena-pistas-de-padel-tras-las-reparaciones-realizadas-por-la-reciente-crecida-del-arga\/","og_site_name":"La Gu\u00eda de Pamplona","article_publisher":"https:\/\/www.facebook.com\/laguiadepamplonacom-133175176762273\/?ref=hl","article_published_time":"2021-12-28T12:54:43+00:00","article_modified_time":"2023-04-11T09:48:38+00:00","og_image":[{"width":1920,"height":1281,"url":"https:\/\/www.laguiadepamplona.com\/actualidad\/wp-content\/uploads\/2021\/12\/pistas-padel.jpg","type":"image\/jpeg"}],"author":"La Gu\u00eda de Pamplona","twitter_card":"summary_large_image","twitter_creator":"@LaGuiadPamplona","twitter_site":"@LaGuiadPamplona","twitter_misc":{"Escrito por":"La Gu\u00eda de Pamplona","Tiempo de lectura":"2 minutos"},"schema":{"@context":"https:\/\/schema.org","@graph":[{"@type":"Article","@id":"https:\/\/www.laguiadepamplona.com\/actualidad\/aranzadi-estrena-pistas-de-padel-tras-las-reparaciones-realizadas-por-la-reciente-crecida-del-arga\/#article","isPartOf":{"@id":"https:\/\/www.laguiadepamplona.com\/actualidad\/aranzadi-estrena-pistas-de-padel-tras-las-reparaciones-realizadas-por-la-reciente-crecida-del-arga\/"},"author":{"name":"La Gu\u00eda de Pamplona","@id":"https:\/\/www.laguiadepamplona.com\/actualidad\/#\/schema\/person\/efe887376f0213d4657c93adc50b1fdb"},"headline":"Aranzadi estrena pistas de p\u00e1del tras las reparaciones realizadas por la reciente crecida del Arga","datePublished":"2021-12-28T12:54:43+00:00","dateModified":"2023-04-11T09:48:38+00:00","mainEntityOfPage":{"@id":"https:\/\/www.laguiadepamplona.com\/actualidad\/aranzadi-estrena-pistas-de-padel-tras-las-reparaciones-realizadas-por-la-reciente-crecida-del-arga\/"},"wordCount":327,"commentCount":0,"publisher":{"@id":"https:\/\/www.laguiadepamplona.com\/actualidad\/#organization"},"image":{"@id":"https:\/\/www.laguiadepamplona.com\/actualidad\/aranzadi-estrena-pistas-de-padel-tras-las-reparaciones-realizadas-por-la-reciente-crecida-del-arga\/#primaryimage"},"thumbnailUrl":"https:\/\/www.laguiadepamplona.com\/actualidad\/wp-content\/uploads\/2021\/12\/pistas-padel.jpg","articleSection":["Ayto Pamplona"],"inLanguage":"es","potentialAction":[{"@type":"CommentAction","name":"Comment","target":["https:\/\/www.laguiadepamplona.com\/actualidad\/aranzadi-estrena-pistas-de-padel-tras-las-reparaciones-realizadas-por-la-reciente-crecida-del-arga\/#respond"]}]},{"@type":"WebPage","@id":"https:\/\/www.laguiadepamplona.com\/actualidad\/aranzadi-estrena-pistas-de-padel-tras-las-reparaciones-realizadas-por-la-reciente-crecida-del-arga\/","url":"https:\/\/www.laguiadepamplona.com\/actualidad\/aranzadi-estrena-pistas-de-padel-tras-las-reparaciones-realizadas-por-la-reciente-crecida-del-arga\/","name":"Aranzadi estrena pistas de p\u00e1del tras las reparaciones realizadas por la reciente crecida del Arga","isPartOf":{"@id":"https:\/\/www.laguiadepamplona.com\/actualidad\/#website"},"primaryImageOfPage":{"@id":"https:\/\/www.laguiadepamplona.com\/actualidad\/aranzadi-estrena-pistas-de-padel-tras-las-reparaciones-realizadas-por-la-reciente-crecida-del-arga\/#primaryimage"},"image":{"@id":"https:\/\/www.laguiadepamplona.com\/actualidad\/aranzadi-estrena-pistas-de-padel-tras-las-reparaciones-realizadas-por-la-reciente-crecida-del-arga\/#primaryimage"},"thumbnailUrl":"https:\/\/www.laguiadepamplona.com\/actualidad\/wp-content\/uploads\/2021\/12\/pistas-padel.jpg","datePublished":"2021-12-28T12:54:43+00:00","dateModified":"2023-04-11T09:48:38+00:00","description":"Los 11.156 euros de la intervenci\u00f3n han sido incluidos dentro de las reclamaciones municipales al Consorcio de Seguros","breadcrumb":{"@id":"https:\/\/www.laguiadepamplona.com\/actualidad\/aranzadi-estrena-pistas-de-padel-tras-las-reparaciones-realizadas-por-la-reciente-crecida-del-arga\/#breadcrumb"},"inLanguage":"es","potentialAction":[{"@type":"ReadAction","target":["https:\/\/www.laguiadepamplona.com\/actualidad\/aranzadi-estrena-pistas-de-padel-tras-las-reparaciones-realizadas-por-la-reciente-crecida-del-arga\/"]}]},{"@type":"ImageObject","inLanguage":"es","@id":"https:\/\/www.laguiadepamplona.com\/actualidad\/aranzadi-estrena-pistas-de-padel-tras-las-reparaciones-realizadas-por-la-reciente-crecida-del-arga\/#primaryimage","url":"https:\/\/www.laguiadepamplona.com\/actualidad\/wp-content\/uploads\/2021\/12\/pistas-padel.jpg","contentUrl":"https:\/\/www.laguiadepamplona.com\/actualidad\/wp-content\/uploads\/2021\/12\/pistas-padel.jpg","width":1920,"height":1281},{"@type":"BreadcrumbList","@id":"https:\/\/www.laguiadepamplona.com\/actualidad\/aranzadi-estrena-pistas-de-padel-tras-las-reparaciones-realizadas-por-la-reciente-crecida-del-arga\/#breadcrumb","itemListElement":[{"@type":"ListItem","position":1,"name":"Portada","item":"https:\/\/www.laguiadepamplona.com\/actualidad\/"},{"@type":"ListItem","position":2,"name":"Aranzadi estrena pistas de p\u00e1del tras las reparaciones realizadas por la reciente crecida del Arga"}]},{"@type":"WebSite","@id":"https:\/\/www.laguiadepamplona.com\/actualidad\/#website","url":"https:\/\/www.laguiadepamplona.com\/actualidad\/","name":"La gu\u00eda de Pamplona","description":"Noticias de Pamplona","publisher":{"@id":"https:\/\/www.laguiadepamplona.com\/actualidad\/#organization"},"potentialAction":[{"@type":"SearchAction","target":{"@type":"EntryPoint","urlTemplate":"https:\/\/www.laguiadepamplona.com\/actualidad\/?s={search_term_string}"},"query-input":{"@type":"PropertyValueSpecification","valueRequired":true,"valueName":"search_term_string"}}],"inLanguage":"es"},{"@type":"Organization","@id":"https:\/\/www.laguiadepamplona.com\/actualidad\/#organization","name":"La Gu\u00eda de Pamplona \/ Noticias","url":"https:\/\/www.laguiadepamplona.com\/actualidad\/","logo":{"@type":"ImageObject","inLanguage":"es","@id":"https:\/\/www.laguiadepamplona.com\/actualidad\/#\/schema\/logo\/image\/","url":"https:\/\/www.laguiadepamplona.com\/actualidad\/wp-content\/uploads\/2018\/11\/logo-laguiadepamplona18-web1.png","contentUrl":"https:\/\/www.laguiadepamplona.com\/actualidad\/wp-content\/uploads\/2018\/11\/logo-laguiadepamplona18-web1.png","width":600,"height":196,"caption":"La Gu\u00eda de Pamplona \/ Noticias"},"image":{"@id":"https:\/\/www.laguiadepamplona.com\/actualidad\/#\/schema\/logo\/image\/"},"sameAs":["https:\/\/www.facebook.com\/laguiadepamplonacom-133175176762273\/?ref=hl","https:\/\/x.com\/LaGuiadPamplona","https:\/\/www.instagram.com\/la_guia_de_pamplona\/","https:\/\/www.youtube.com\/user\/laguiadepamplona"]},{"@type":"Person","@id":"https:\/\/www.laguiadepamplona.com\/actualidad\/#\/schema\/person\/efe887376f0213d4657c93adc50b1fdb","name":"La Gu\u00eda de Pamplona","image":{"@type":"ImageObject","inLanguage":"es","@id":"https:\/\/secure.gravatar.com\/avatar\/b6992f131dc8d30ab0dff15446e9d346d9dbd95992de0fef795073f5ea83a81c?s=96&d=mm&r=g","url":"https:\/\/secure.gravatar.com\/avatar\/b6992f131dc8d30ab0dff15446e9d346d9dbd95992de0fef795073f5ea83a81c?s=96&d=mm&r=g","contentUrl":"https:\/\/secure.gravatar.com\/avatar\/b6992f131dc8d30ab0dff15446e9d346d9dbd95992de0fef795073f5ea83a81c?s=96&d=mm&r=g","caption":"La Gu\u00eda de Pamplona"}}]}},"post_mailing_queue_ids":[],"_links":{"self":[{"href":"https:\/\/www.laguiadepamplona.com\/actualidad\/wp-json\/wp\/v2\/posts\/38151","targetHints":{"allow":["GET"]}}],"collection":[{"href":"https:\/\/www.laguiadepamplona.com\/actualidad\/wp-json\/wp\/v2\/posts"}],"about":[{"href":"https:\/\/www.laguiadepamplona.com\/actualidad\/wp-json\/wp\/v2\/types\/post"}],"author":[{"embeddable":true,"href":"https:\/\/www.laguiadepamplona.com\/actualidad\/wp-json\/wp\/v2\/users\/1"}],"replies":[{"embeddable":true,"href":"https:\/\/www.laguiadepamplona.com\/actualidad\/wp-json\/wp\/v2\/comments?post=38151"}],"version-history":[{"count":0,"href":"https:\/\/www.laguiadepamplona.com\/actualidad\/wp-json\/wp\/v2\/posts\/38151\/revisions"}],"wp:featuredmedia":[{"embeddable":true,"href":"https:\/\/www.laguiadepamplona.com\/actualidad\/wp-json\/wp\/v2\/media\/38152"}],"wp:attachment":[{"href":"https:\/\/www.laguiadepamplona.com\/actualidad\/wp-json\/wp\/v2\/media?parent=38151"}],"wp:term":[{"taxonomy":"category","embeddable":true,"href":"https:\/\/www.laguiadepamplona.com\/actualidad\/wp-json\/wp\/v2\/categories?post=38151"},{"taxonomy":"post_tag","embeddable":true,"href":"https:\/\/www.laguiadepamplona.com\/actualidad\/wp-json\/wp\/v2\/tags?post=38151"}],"curies":[{"name":"wp","href":"https:\/\/api.w.org\/{rel}","templated":true}]}}