{"id":38149,"date":"2021-12-28T14:16:36","date_gmt":"2021-12-28T12:16:36","guid":{"rendered":"https:\/\/www.laguiadepamplona.com\/actualidad\/?p=38149"},"modified":"2023-04-11T11:48:38","modified_gmt":"2023-04-11T09:48:38","slug":"la-compania-pasadas-las-4-propone-para-este-jueves-en-condestable-el-cuento-musicalizado-leonora-y-los-60-granos-de-cafe-basado-en-la-opera-fidelio-de-beethoven","status":"publish","type":"post","link":"https:\/\/www.laguiadepamplona.com\/actualidad\/la-compania-pasadas-las-4-propone-para-este-jueves-en-condestable-el-cuento-musicalizado-leonora-y-los-60-granos-de-cafe-basado-en-la-opera-fidelio-de-beethoven\/","title":{"rendered":"La compa\u00f1\u00eda Pasadas las 4 propone para este jueves en Condestable el cuento musicalizado \u2018Leonora y los 60 granos de caf\u00e9\u2019, basado en la \u00f3pera \u2018Fidelio\u2019 de Beethoven"},"content":{"rendered":"<h5>Concluyen estos d\u00edas el ciclo de conciertos en iglesias y los recorridos de calle de coros y agrupaciones musicales en distintos barrios<\/h5>\n<p><!--more--><\/p>\n<p>Termina el a\u00f1o y concluyen algunos de los ciclos musicales programados para estos d\u00edas navide\u00f1os. El jueves tendr\u00e1 lugar el \u00faltimo concierto de los que se han llevado a cabo en iglesias de la ciudad, que protagonizar\u00e1 In Tempore Abesbatza y tambi\u00e9n finalizar\u00e1n las actuaciones musicales en calle que coros y agrupaciones musicales ha ofrecido en diferentes barrios. No faltar\u00e1 tampoco una cita en Condestable, con la compa\u00f1\u00eda Pasadas las 4 y el cuento musicalizado \u2018Leonora y los 60 granos de caf\u00e9\u2019.<br \/>\n<script async src=\"\/\/pagead2.googlesyndication.com\/pagead\/js\/adsbygoogle.js\"><\/script><br \/>\n<!-- Noticias La Guia de Pamplona --><br \/>\n<ins class=\"adsbygoogle\"\nstyle=\"display:block\"\ndata-ad-client=\"ca-pub-6943679897239327\"\ndata-ad-slot=\"7048180777\"\ndata-ad-format=\"auto\"><\/ins><br \/>\n<script>\n(adsbygoogle = window.adsbygoogle || []).push({});\n<\/script><\/p>\n<p>La obra se basa en la \u00f3pera \u2018Fidelio\u2019 de Ludwig Van Beethoven, apta para todos los p\u00fablicos. Se representar\u00e1 a partir de las 18.30 horas, con entradas a 3 euros, que se pueden adquirir a trav\u00e9s del tel\u00e9fono 010, la red Civivox y la web <a href=\"http:\/\/www.pamplonaescultura.es\" target=\"_blank\" rel=\"noopener\">www.pamplonaescultura.es<\/a>. Pizarro, un buitre gigante, petulante y envidioso, ha encerrado en su prisi\u00f3n a aves de todos los rincones del planeta. Entre ellas, Florest\u00e1n, un halc\u00f3n virtuoso de vuelos precisos y vertiginosos, amigo de Leonora, un \u00e1guila impresionante, de coraz\u00f3n grande y valiente, que se presenta en la prisi\u00f3n con el firme prop\u00f3sito de liberar a su querido camarada. Marcellina, una cacat\u00faa de colores apagados por el aburrimiento y Jaquino, un cuco perdidamente enamorado de esta cacat\u00faa descolorida, son los ayudantes de Rocco, el carcelero, el cuervo menos cuervo de todos los tiempos. En la prisi\u00f3n, todos conocen una antigua leyenda que cuenta que llegar\u00e1 un d\u00eda en el que sesenta granos de caf\u00e9, portados en el pico de una paloma, liberar\u00e1n a los p\u00e1jaros de sus jaulas y prisiones. \u00bfConseguir\u00e1 la inteligente Leonora convencer a la Paloma Fernanda para que aquella famosa leyenda se haga realidad?<\/p>\n<p>El mi\u00e9rcoles tendr\u00e1 lugar tambi\u00e9n la \u00faltima funci\u00f3n de \u2018El Cuco de Beethoven\u2019, taller musical infantil impartido por Beatriz Pom\u00e9s y Bel\u00e9n Otxotorena en Civivox Milagrosa. A partir precisamente del cuento musical \u2018Leonora y los sesenta granos de caf\u00e9\u2019, se sobrevolar\u00e1 por los parajes naturales que Beethoven describi\u00f3 en su pastoral y se descubrir\u00e1n otros p\u00e1jaros famosos de la Historia de la M\u00fasica. Dirigido a menores de 6 a 10 a\u00f1os, se desarrollar de 11 a 12.30 horas. La inscripci\u00f3n tiene un precio de 2 euros y se puede realizar en el 010, la propia red Civivox o <a href=\"http:\/\/www.pamplonaescultura.es\" target=\"_blank\" rel=\"noopener\">www.pamplonaescultura.es<\/a>.<br \/>\n<script async src=\"\/\/pagead2.googlesyndication.com\/pagead\/js\/adsbygoogle.js\"><\/script><br \/>\n<!-- Noticias La Guia de Pamplona --><br \/>\n<ins class=\"adsbygoogle\"\nstyle=\"display:block\"\ndata-ad-client=\"ca-pub-6943679897239327\"\ndata-ad-slot=\"7048180777\"\ndata-ad-format=\"auto\"><\/ins><br \/>\n<script>\n(adsbygoogle = window.adsbygoogle || []).push({});\n<\/script><\/p>\n<p><strong>\u00daltimo concierto, en la iglesia de Santo Domingo<\/strong><\/p>\n<p>In Tempore Abesbatza Coro &amp; Ensemble cierra este jueves el ciclo navide\u00f1o de conciertos en iglesia. Actuar\u00e1n a las 20 horas la iglesia de Santo Domingo, con entrada libre hasta completar el aforo. La formaci\u00f3n apuesta por el estreno nacional de \u2018The Holy Spirit Mass\u2019, de Kim Andr\u00e9 Arnesen, una obra cuyo texto, estructurado en un formato de misa al uso, trasciende el hecho religioso con la pretensi\u00f3n de lanzar un mensaje de reconciliaci\u00f3n con el mundo, de esperanza para su futuro y de paz. Compuesta para coro, conjunto de cuerdas y piano, se enmarca en un estilo de influencia cinematogr\u00e1fica que evoca tambi\u00e9n a la m\u00fasica de ra\u00edz noruega. El resultado es una obra que lleva al espectador por un viaje personal donde hay lugar para la introspecci\u00f3n y la reflexi\u00f3n, as\u00ed como para momentos en\u00e9rgicos y apasionantes.<\/p>\n<p>Contin\u00faa tambi\u00e9n la m\u00fasica en la calle por los barrios de la ciudad. Ma\u00f1ana mi\u00e9rcoles, a las 18 horas, cita con la Fanfarre Ezpelur en la avenida de Marcelo Celayeta confluencia con la calle Bernardino Tirapu. El jueves, tambi\u00e9n a las 18 horas, la m\u00fasica en la calle se traslada al barrio de Txantrea. Los Gaiteros Txantrea llevar\u00e1n su m\u00fasica a la plaza de Puente la Reina.<\/p>\n","protected":false},"excerpt":{"rendered":"<p>Concluyen estos d\u00edas el ciclo de conciertos en iglesias y los recorridos de calle de coros y agrupaciones musicales en distintos barrios<\/p>\n","protected":false},"author":1,"featured_media":38065,"comment_status":"open","ping_status":"closed","sticky":false,"template":"","format":"standard","meta":{"footnotes":""},"categories":[2],"tags":[],"class_list":["post-38149","post","type-post","status-publish","format-standard","has-post-thumbnail","hentry","category-ayuntamiento-pamplona"],"yoast_head":"<!-- This site is optimized with the Yoast SEO plugin v27.3 - https:\/\/yoast.com\/product\/yoast-seo-wordpress\/ -->\n<title>La compa\u00f1\u00eda Pasadas las 4 propone para este jueves en Condestable el cuento musicalizado \u2018Leonora y los 60 granos de caf\u00e9\u2019, basado en la \u00f3pera \u2018Fidelio\u2019 de Beethoven<\/title>\n<meta name=\"description\" content=\"Concluyen estos d\u00edas el ciclo de conciertos en iglesias y los recorridos de calle de coros y agrupaciones musicales en distintos barrios\" \/>\n<meta name=\"robots\" content=\"index, follow, max-snippet:-1, max-image-preview:large, max-video-preview:-1\" \/>\n<link rel=\"canonical\" href=\"https:\/\/www.laguiadepamplona.com\/actualidad\/la-compania-pasadas-las-4-propone-para-este-jueves-en-condestable-el-cuento-musicalizado-leonora-y-los-60-granos-de-cafe-basado-en-la-opera-fidelio-de-beethoven\/\" \/>\n<meta property=\"og:locale\" content=\"es_ES\" \/>\n<meta property=\"og:type\" content=\"article\" \/>\n<meta property=\"og:title\" content=\"La compa\u00f1\u00eda Pasadas las 4 propone para este jueves en Condestable el cuento musicalizado \u2018Leonora y los 60 granos de caf\u00e9\u2019, basado en la \u00f3pera \u2018Fidelio\u2019 de Beethoven\" \/>\n<meta property=\"og:description\" content=\"Concluyen estos d\u00edas el ciclo de conciertos en iglesias y los recorridos de calle de coros y agrupaciones musicales en distintos barrios\" \/>\n<meta property=\"og:url\" content=\"https:\/\/www.laguiadepamplona.com\/actualidad\/la-compania-pasadas-las-4-propone-para-este-jueves-en-condestable-el-cuento-musicalizado-leonora-y-los-60-granos-de-cafe-basado-en-la-opera-fidelio-de-beethoven\/\" \/>\n<meta property=\"og:site_name\" content=\"La Gu\u00eda de Pamplona\" \/>\n<meta property=\"article:publisher\" content=\"https:\/\/www.facebook.com\/laguiadepamplonacom-133175176762273\/?ref=hl\" \/>\n<meta property=\"article:published_time\" content=\"2021-12-28T12:16:36+00:00\" \/>\n<meta property=\"article:modified_time\" content=\"2023-04-11T09:48:38+00:00\" \/>\n<meta property=\"og:image\" content=\"https:\/\/www.laguiadepamplona.com\/actualidad\/wp-content\/uploads\/2021\/12\/regala-pamplona-1.jpg\" \/>\n\t<meta property=\"og:image:width\" content=\"1920\" \/>\n\t<meta property=\"og:image:height\" content=\"964\" \/>\n\t<meta property=\"og:image:type\" content=\"image\/jpeg\" \/>\n<meta name=\"author\" content=\"La Gu\u00eda de Pamplona\" \/>\n<meta name=\"twitter:card\" content=\"summary_large_image\" \/>\n<meta name=\"twitter:creator\" content=\"@LaGuiadPamplona\" \/>\n<meta name=\"twitter:site\" content=\"@LaGuiadPamplona\" \/>\n<meta name=\"twitter:label1\" content=\"Escrito por\" \/>\n\t<meta name=\"twitter:data1\" content=\"La Gu\u00eda de Pamplona\" \/>\n\t<meta name=\"twitter:label2\" content=\"Tiempo de lectura\" \/>\n\t<meta name=\"twitter:data2\" content=\"3 minutos\" \/>\n<script type=\"application\/ld+json\" class=\"yoast-schema-graph\">{\"@context\":\"https:\\\/\\\/schema.org\",\"@graph\":[{\"@type\":\"Article\",\"@id\":\"https:\\\/\\\/www.laguiadepamplona.com\\\/actualidad\\\/la-compania-pasadas-las-4-propone-para-este-jueves-en-condestable-el-cuento-musicalizado-leonora-y-los-60-granos-de-cafe-basado-en-la-opera-fidelio-de-beethoven\\\/#article\",\"isPartOf\":{\"@id\":\"https:\\\/\\\/www.laguiadepamplona.com\\\/actualidad\\\/la-compania-pasadas-las-4-propone-para-este-jueves-en-condestable-el-cuento-musicalizado-leonora-y-los-60-granos-de-cafe-basado-en-la-opera-fidelio-de-beethoven\\\/\"},\"author\":{\"name\":\"La Gu\u00eda de Pamplona\",\"@id\":\"https:\\\/\\\/www.laguiadepamplona.com\\\/actualidad\\\/#\\\/schema\\\/person\\\/efe887376f0213d4657c93adc50b1fdb\"},\"headline\":\"La compa\u00f1\u00eda Pasadas las 4 propone para este jueves en Condestable el cuento musicalizado \u2018Leonora y los 60 granos de caf\u00e9\u2019, basado en la \u00f3pera \u2018Fidelio\u2019 de Beethoven\",\"datePublished\":\"2021-12-28T12:16:36+00:00\",\"dateModified\":\"2023-04-11T09:48:38+00:00\",\"mainEntityOfPage\":{\"@id\":\"https:\\\/\\\/www.laguiadepamplona.com\\\/actualidad\\\/la-compania-pasadas-las-4-propone-para-este-jueves-en-condestable-el-cuento-musicalizado-leonora-y-los-60-granos-de-cafe-basado-en-la-opera-fidelio-de-beethoven\\\/\"},\"wordCount\":679,\"commentCount\":0,\"publisher\":{\"@id\":\"https:\\\/\\\/www.laguiadepamplona.com\\\/actualidad\\\/#organization\"},\"image\":{\"@id\":\"https:\\\/\\\/www.laguiadepamplona.com\\\/actualidad\\\/la-compania-pasadas-las-4-propone-para-este-jueves-en-condestable-el-cuento-musicalizado-leonora-y-los-60-granos-de-cafe-basado-en-la-opera-fidelio-de-beethoven\\\/#primaryimage\"},\"thumbnailUrl\":\"https:\\\/\\\/www.laguiadepamplona.com\\\/actualidad\\\/wp-content\\\/uploads\\\/2021\\\/12\\\/regala-pamplona-1.jpg\",\"articleSection\":[\"Ayto Pamplona\"],\"inLanguage\":\"es\",\"potentialAction\":[{\"@type\":\"CommentAction\",\"name\":\"Comment\",\"target\":[\"https:\\\/\\\/www.laguiadepamplona.com\\\/actualidad\\\/la-compania-pasadas-las-4-propone-para-este-jueves-en-condestable-el-cuento-musicalizado-leonora-y-los-60-granos-de-cafe-basado-en-la-opera-fidelio-de-beethoven\\\/#respond\"]}]},{\"@type\":\"WebPage\",\"@id\":\"https:\\\/\\\/www.laguiadepamplona.com\\\/actualidad\\\/la-compania-pasadas-las-4-propone-para-este-jueves-en-condestable-el-cuento-musicalizado-leonora-y-los-60-granos-de-cafe-basado-en-la-opera-fidelio-de-beethoven\\\/\",\"url\":\"https:\\\/\\\/www.laguiadepamplona.com\\\/actualidad\\\/la-compania-pasadas-las-4-propone-para-este-jueves-en-condestable-el-cuento-musicalizado-leonora-y-los-60-granos-de-cafe-basado-en-la-opera-fidelio-de-beethoven\\\/\",\"name\":\"La compa\u00f1\u00eda Pasadas las 4 propone para este jueves en Condestable el cuento musicalizado \u2018Leonora y los 60 granos de caf\u00e9\u2019, basado en la \u00f3pera \u2018Fidelio\u2019 de Beethoven\",\"isPartOf\":{\"@id\":\"https:\\\/\\\/www.laguiadepamplona.com\\\/actualidad\\\/#website\"},\"primaryImageOfPage\":{\"@id\":\"https:\\\/\\\/www.laguiadepamplona.com\\\/actualidad\\\/la-compania-pasadas-las-4-propone-para-este-jueves-en-condestable-el-cuento-musicalizado-leonora-y-los-60-granos-de-cafe-basado-en-la-opera-fidelio-de-beethoven\\\/#primaryimage\"},\"image\":{\"@id\":\"https:\\\/\\\/www.laguiadepamplona.com\\\/actualidad\\\/la-compania-pasadas-las-4-propone-para-este-jueves-en-condestable-el-cuento-musicalizado-leonora-y-los-60-granos-de-cafe-basado-en-la-opera-fidelio-de-beethoven\\\/#primaryimage\"},\"thumbnailUrl\":\"https:\\\/\\\/www.laguiadepamplona.com\\\/actualidad\\\/wp-content\\\/uploads\\\/2021\\\/12\\\/regala-pamplona-1.jpg\",\"datePublished\":\"2021-12-28T12:16:36+00:00\",\"dateModified\":\"2023-04-11T09:48:38+00:00\",\"description\":\"Concluyen estos d\u00edas el ciclo de conciertos en iglesias y los recorridos de calle de coros y agrupaciones musicales en distintos barrios\",\"breadcrumb\":{\"@id\":\"https:\\\/\\\/www.laguiadepamplona.com\\\/actualidad\\\/la-compania-pasadas-las-4-propone-para-este-jueves-en-condestable-el-cuento-musicalizado-leonora-y-los-60-granos-de-cafe-basado-en-la-opera-fidelio-de-beethoven\\\/#breadcrumb\"},\"inLanguage\":\"es\",\"potentialAction\":[{\"@type\":\"ReadAction\",\"target\":[\"https:\\\/\\\/www.laguiadepamplona.com\\\/actualidad\\\/la-compania-pasadas-las-4-propone-para-este-jueves-en-condestable-el-cuento-musicalizado-leonora-y-los-60-granos-de-cafe-basado-en-la-opera-fidelio-de-beethoven\\\/\"]}]},{\"@type\":\"ImageObject\",\"inLanguage\":\"es\",\"@id\":\"https:\\\/\\\/www.laguiadepamplona.com\\\/actualidad\\\/la-compania-pasadas-las-4-propone-para-este-jueves-en-condestable-el-cuento-musicalizado-leonora-y-los-60-granos-de-cafe-basado-en-la-opera-fidelio-de-beethoven\\\/#primaryimage\",\"url\":\"https:\\\/\\\/www.laguiadepamplona.com\\\/actualidad\\\/wp-content\\\/uploads\\\/2021\\\/12\\\/regala-pamplona-1.jpg\",\"contentUrl\":\"https:\\\/\\\/www.laguiadepamplona.com\\\/actualidad\\\/wp-content\\\/uploads\\\/2021\\\/12\\\/regala-pamplona-1.jpg\",\"width\":1920,\"height\":964},{\"@type\":\"BreadcrumbList\",\"@id\":\"https:\\\/\\\/www.laguiadepamplona.com\\\/actualidad\\\/la-compania-pasadas-las-4-propone-para-este-jueves-en-condestable-el-cuento-musicalizado-leonora-y-los-60-granos-de-cafe-basado-en-la-opera-fidelio-de-beethoven\\\/#breadcrumb\",\"itemListElement\":[{\"@type\":\"ListItem\",\"position\":1,\"name\":\"Portada\",\"item\":\"https:\\\/\\\/www.laguiadepamplona.com\\\/actualidad\\\/\"},{\"@type\":\"ListItem\",\"position\":2,\"name\":\"La compa\u00f1\u00eda Pasadas las 4 propone para este jueves en Condestable el cuento musicalizado \u2018Leonora y los 60 granos de caf\u00e9\u2019, basado en la \u00f3pera \u2018Fidelio\u2019 de Beethoven\"}]},{\"@type\":\"WebSite\",\"@id\":\"https:\\\/\\\/www.laguiadepamplona.com\\\/actualidad\\\/#website\",\"url\":\"https:\\\/\\\/www.laguiadepamplona.com\\\/actualidad\\\/\",\"name\":\"La gu\u00eda de Pamplona\",\"description\":\"Noticias de Pamplona\",\"publisher\":{\"@id\":\"https:\\\/\\\/www.laguiadepamplona.com\\\/actualidad\\\/#organization\"},\"potentialAction\":[{\"@type\":\"SearchAction\",\"target\":{\"@type\":\"EntryPoint\",\"urlTemplate\":\"https:\\\/\\\/www.laguiadepamplona.com\\\/actualidad\\\/?s={search_term_string}\"},\"query-input\":{\"@type\":\"PropertyValueSpecification\",\"valueRequired\":true,\"valueName\":\"search_term_string\"}}],\"inLanguage\":\"es\"},{\"@type\":\"Organization\",\"@id\":\"https:\\\/\\\/www.laguiadepamplona.com\\\/actualidad\\\/#organization\",\"name\":\"La Gu\u00eda de Pamplona \\\/ Noticias\",\"url\":\"https:\\\/\\\/www.laguiadepamplona.com\\\/actualidad\\\/\",\"logo\":{\"@type\":\"ImageObject\",\"inLanguage\":\"es\",\"@id\":\"https:\\\/\\\/www.laguiadepamplona.com\\\/actualidad\\\/#\\\/schema\\\/logo\\\/image\\\/\",\"url\":\"https:\\\/\\\/www.laguiadepamplona.com\\\/actualidad\\\/wp-content\\\/uploads\\\/2018\\\/11\\\/logo-laguiadepamplona18-web1.png\",\"contentUrl\":\"https:\\\/\\\/www.laguiadepamplona.com\\\/actualidad\\\/wp-content\\\/uploads\\\/2018\\\/11\\\/logo-laguiadepamplona18-web1.png\",\"width\":600,\"height\":196,\"caption\":\"La Gu\u00eda de Pamplona \\\/ Noticias\"},\"image\":{\"@id\":\"https:\\\/\\\/www.laguiadepamplona.com\\\/actualidad\\\/#\\\/schema\\\/logo\\\/image\\\/\"},\"sameAs\":[\"https:\\\/\\\/www.facebook.com\\\/laguiadepamplonacom-133175176762273\\\/?ref=hl\",\"https:\\\/\\\/x.com\\\/LaGuiadPamplona\",\"https:\\\/\\\/www.instagram.com\\\/la_guia_de_pamplona\\\/\",\"https:\\\/\\\/www.youtube.com\\\/user\\\/laguiadepamplona\"]},{\"@type\":\"Person\",\"@id\":\"https:\\\/\\\/www.laguiadepamplona.com\\\/actualidad\\\/#\\\/schema\\\/person\\\/efe887376f0213d4657c93adc50b1fdb\",\"name\":\"La Gu\u00eda de Pamplona\",\"image\":{\"@type\":\"ImageObject\",\"inLanguage\":\"es\",\"@id\":\"https:\\\/\\\/secure.gravatar.com\\\/avatar\\\/b6992f131dc8d30ab0dff15446e9d346d9dbd95992de0fef795073f5ea83a81c?s=96&d=mm&r=g\",\"url\":\"https:\\\/\\\/secure.gravatar.com\\\/avatar\\\/b6992f131dc8d30ab0dff15446e9d346d9dbd95992de0fef795073f5ea83a81c?s=96&d=mm&r=g\",\"contentUrl\":\"https:\\\/\\\/secure.gravatar.com\\\/avatar\\\/b6992f131dc8d30ab0dff15446e9d346d9dbd95992de0fef795073f5ea83a81c?s=96&d=mm&r=g\",\"caption\":\"La Gu\u00eda de Pamplona\"}}]}<\/script>\n<!-- \/ Yoast SEO plugin. -->","yoast_head_json":{"title":"La compa\u00f1\u00eda Pasadas las 4 propone para este jueves en Condestable el cuento musicalizado \u2018Leonora y los 60 granos de caf\u00e9\u2019, basado en la \u00f3pera \u2018Fidelio\u2019 de Beethoven","description":"Concluyen estos d\u00edas el ciclo de conciertos en iglesias y los recorridos de calle de coros y agrupaciones musicales en distintos barrios","robots":{"index":"index","follow":"follow","max-snippet":"max-snippet:-1","max-image-preview":"max-image-preview:large","max-video-preview":"max-video-preview:-1"},"canonical":"https:\/\/www.laguiadepamplona.com\/actualidad\/la-compania-pasadas-las-4-propone-para-este-jueves-en-condestable-el-cuento-musicalizado-leonora-y-los-60-granos-de-cafe-basado-en-la-opera-fidelio-de-beethoven\/","og_locale":"es_ES","og_type":"article","og_title":"La compa\u00f1\u00eda Pasadas las 4 propone para este jueves en Condestable el cuento musicalizado \u2018Leonora y los 60 granos de caf\u00e9\u2019, basado en la \u00f3pera \u2018Fidelio\u2019 de Beethoven","og_description":"Concluyen estos d\u00edas el ciclo de conciertos en iglesias y los recorridos de calle de coros y agrupaciones musicales en distintos barrios","og_url":"https:\/\/www.laguiadepamplona.com\/actualidad\/la-compania-pasadas-las-4-propone-para-este-jueves-en-condestable-el-cuento-musicalizado-leonora-y-los-60-granos-de-cafe-basado-en-la-opera-fidelio-de-beethoven\/","og_site_name":"La Gu\u00eda de Pamplona","article_publisher":"https:\/\/www.facebook.com\/laguiadepamplonacom-133175176762273\/?ref=hl","article_published_time":"2021-12-28T12:16:36+00:00","article_modified_time":"2023-04-11T09:48:38+00:00","og_image":[{"width":1920,"height":964,"url":"https:\/\/www.laguiadepamplona.com\/actualidad\/wp-content\/uploads\/2021\/12\/regala-pamplona-1.jpg","type":"image\/jpeg"}],"author":"La Gu\u00eda de Pamplona","twitter_card":"summary_large_image","twitter_creator":"@LaGuiadPamplona","twitter_site":"@LaGuiadPamplona","twitter_misc":{"Escrito por":"La Gu\u00eda de Pamplona","Tiempo de lectura":"3 minutos"},"schema":{"@context":"https:\/\/schema.org","@graph":[{"@type":"Article","@id":"https:\/\/www.laguiadepamplona.com\/actualidad\/la-compania-pasadas-las-4-propone-para-este-jueves-en-condestable-el-cuento-musicalizado-leonora-y-los-60-granos-de-cafe-basado-en-la-opera-fidelio-de-beethoven\/#article","isPartOf":{"@id":"https:\/\/www.laguiadepamplona.com\/actualidad\/la-compania-pasadas-las-4-propone-para-este-jueves-en-condestable-el-cuento-musicalizado-leonora-y-los-60-granos-de-cafe-basado-en-la-opera-fidelio-de-beethoven\/"},"author":{"name":"La Gu\u00eda de Pamplona","@id":"https:\/\/www.laguiadepamplona.com\/actualidad\/#\/schema\/person\/efe887376f0213d4657c93adc50b1fdb"},"headline":"La compa\u00f1\u00eda Pasadas las 4 propone para este jueves en Condestable el cuento musicalizado \u2018Leonora y los 60 granos de caf\u00e9\u2019, basado en la \u00f3pera \u2018Fidelio\u2019 de Beethoven","datePublished":"2021-12-28T12:16:36+00:00","dateModified":"2023-04-11T09:48:38+00:00","mainEntityOfPage":{"@id":"https:\/\/www.laguiadepamplona.com\/actualidad\/la-compania-pasadas-las-4-propone-para-este-jueves-en-condestable-el-cuento-musicalizado-leonora-y-los-60-granos-de-cafe-basado-en-la-opera-fidelio-de-beethoven\/"},"wordCount":679,"commentCount":0,"publisher":{"@id":"https:\/\/www.laguiadepamplona.com\/actualidad\/#organization"},"image":{"@id":"https:\/\/www.laguiadepamplona.com\/actualidad\/la-compania-pasadas-las-4-propone-para-este-jueves-en-condestable-el-cuento-musicalizado-leonora-y-los-60-granos-de-cafe-basado-en-la-opera-fidelio-de-beethoven\/#primaryimage"},"thumbnailUrl":"https:\/\/www.laguiadepamplona.com\/actualidad\/wp-content\/uploads\/2021\/12\/regala-pamplona-1.jpg","articleSection":["Ayto Pamplona"],"inLanguage":"es","potentialAction":[{"@type":"CommentAction","name":"Comment","target":["https:\/\/www.laguiadepamplona.com\/actualidad\/la-compania-pasadas-las-4-propone-para-este-jueves-en-condestable-el-cuento-musicalizado-leonora-y-los-60-granos-de-cafe-basado-en-la-opera-fidelio-de-beethoven\/#respond"]}]},{"@type":"WebPage","@id":"https:\/\/www.laguiadepamplona.com\/actualidad\/la-compania-pasadas-las-4-propone-para-este-jueves-en-condestable-el-cuento-musicalizado-leonora-y-los-60-granos-de-cafe-basado-en-la-opera-fidelio-de-beethoven\/","url":"https:\/\/www.laguiadepamplona.com\/actualidad\/la-compania-pasadas-las-4-propone-para-este-jueves-en-condestable-el-cuento-musicalizado-leonora-y-los-60-granos-de-cafe-basado-en-la-opera-fidelio-de-beethoven\/","name":"La compa\u00f1\u00eda Pasadas las 4 propone para este jueves en Condestable el cuento musicalizado \u2018Leonora y los 60 granos de caf\u00e9\u2019, basado en la \u00f3pera \u2018Fidelio\u2019 de Beethoven","isPartOf":{"@id":"https:\/\/www.laguiadepamplona.com\/actualidad\/#website"},"primaryImageOfPage":{"@id":"https:\/\/www.laguiadepamplona.com\/actualidad\/la-compania-pasadas-las-4-propone-para-este-jueves-en-condestable-el-cuento-musicalizado-leonora-y-los-60-granos-de-cafe-basado-en-la-opera-fidelio-de-beethoven\/#primaryimage"},"image":{"@id":"https:\/\/www.laguiadepamplona.com\/actualidad\/la-compania-pasadas-las-4-propone-para-este-jueves-en-condestable-el-cuento-musicalizado-leonora-y-los-60-granos-de-cafe-basado-en-la-opera-fidelio-de-beethoven\/#primaryimage"},"thumbnailUrl":"https:\/\/www.laguiadepamplona.com\/actualidad\/wp-content\/uploads\/2021\/12\/regala-pamplona-1.jpg","datePublished":"2021-12-28T12:16:36+00:00","dateModified":"2023-04-11T09:48:38+00:00","description":"Concluyen estos d\u00edas el ciclo de conciertos en iglesias y los recorridos de calle de coros y agrupaciones musicales en distintos barrios","breadcrumb":{"@id":"https:\/\/www.laguiadepamplona.com\/actualidad\/la-compania-pasadas-las-4-propone-para-este-jueves-en-condestable-el-cuento-musicalizado-leonora-y-los-60-granos-de-cafe-basado-en-la-opera-fidelio-de-beethoven\/#breadcrumb"},"inLanguage":"es","potentialAction":[{"@type":"ReadAction","target":["https:\/\/www.laguiadepamplona.com\/actualidad\/la-compania-pasadas-las-4-propone-para-este-jueves-en-condestable-el-cuento-musicalizado-leonora-y-los-60-granos-de-cafe-basado-en-la-opera-fidelio-de-beethoven\/"]}]},{"@type":"ImageObject","inLanguage":"es","@id":"https:\/\/www.laguiadepamplona.com\/actualidad\/la-compania-pasadas-las-4-propone-para-este-jueves-en-condestable-el-cuento-musicalizado-leonora-y-los-60-granos-de-cafe-basado-en-la-opera-fidelio-de-beethoven\/#primaryimage","url":"https:\/\/www.laguiadepamplona.com\/actualidad\/wp-content\/uploads\/2021\/12\/regala-pamplona-1.jpg","contentUrl":"https:\/\/www.laguiadepamplona.com\/actualidad\/wp-content\/uploads\/2021\/12\/regala-pamplona-1.jpg","width":1920,"height":964},{"@type":"BreadcrumbList","@id":"https:\/\/www.laguiadepamplona.com\/actualidad\/la-compania-pasadas-las-4-propone-para-este-jueves-en-condestable-el-cuento-musicalizado-leonora-y-los-60-granos-de-cafe-basado-en-la-opera-fidelio-de-beethoven\/#breadcrumb","itemListElement":[{"@type":"ListItem","position":1,"name":"Portada","item":"https:\/\/www.laguiadepamplona.com\/actualidad\/"},{"@type":"ListItem","position":2,"name":"La compa\u00f1\u00eda Pasadas las 4 propone para este jueves en Condestable el cuento musicalizado \u2018Leonora y los 60 granos de caf\u00e9\u2019, basado en la \u00f3pera \u2018Fidelio\u2019 de Beethoven"}]},{"@type":"WebSite","@id":"https:\/\/www.laguiadepamplona.com\/actualidad\/#website","url":"https:\/\/www.laguiadepamplona.com\/actualidad\/","name":"La gu\u00eda de Pamplona","description":"Noticias de Pamplona","publisher":{"@id":"https:\/\/www.laguiadepamplona.com\/actualidad\/#organization"},"potentialAction":[{"@type":"SearchAction","target":{"@type":"EntryPoint","urlTemplate":"https:\/\/www.laguiadepamplona.com\/actualidad\/?s={search_term_string}"},"query-input":{"@type":"PropertyValueSpecification","valueRequired":true,"valueName":"search_term_string"}}],"inLanguage":"es"},{"@type":"Organization","@id":"https:\/\/www.laguiadepamplona.com\/actualidad\/#organization","name":"La Gu\u00eda de Pamplona \/ Noticias","url":"https:\/\/www.laguiadepamplona.com\/actualidad\/","logo":{"@type":"ImageObject","inLanguage":"es","@id":"https:\/\/www.laguiadepamplona.com\/actualidad\/#\/schema\/logo\/image\/","url":"https:\/\/www.laguiadepamplona.com\/actualidad\/wp-content\/uploads\/2018\/11\/logo-laguiadepamplona18-web1.png","contentUrl":"https:\/\/www.laguiadepamplona.com\/actualidad\/wp-content\/uploads\/2018\/11\/logo-laguiadepamplona18-web1.png","width":600,"height":196,"caption":"La Gu\u00eda de Pamplona \/ Noticias"},"image":{"@id":"https:\/\/www.laguiadepamplona.com\/actualidad\/#\/schema\/logo\/image\/"},"sameAs":["https:\/\/www.facebook.com\/laguiadepamplonacom-133175176762273\/?ref=hl","https:\/\/x.com\/LaGuiadPamplona","https:\/\/www.instagram.com\/la_guia_de_pamplona\/","https:\/\/www.youtube.com\/user\/laguiadepamplona"]},{"@type":"Person","@id":"https:\/\/www.laguiadepamplona.com\/actualidad\/#\/schema\/person\/efe887376f0213d4657c93adc50b1fdb","name":"La Gu\u00eda de Pamplona","image":{"@type":"ImageObject","inLanguage":"es","@id":"https:\/\/secure.gravatar.com\/avatar\/b6992f131dc8d30ab0dff15446e9d346d9dbd95992de0fef795073f5ea83a81c?s=96&d=mm&r=g","url":"https:\/\/secure.gravatar.com\/avatar\/b6992f131dc8d30ab0dff15446e9d346d9dbd95992de0fef795073f5ea83a81c?s=96&d=mm&r=g","contentUrl":"https:\/\/secure.gravatar.com\/avatar\/b6992f131dc8d30ab0dff15446e9d346d9dbd95992de0fef795073f5ea83a81c?s=96&d=mm&r=g","caption":"La Gu\u00eda de Pamplona"}}]}},"post_mailing_queue_ids":[],"_links":{"self":[{"href":"https:\/\/www.laguiadepamplona.com\/actualidad\/wp-json\/wp\/v2\/posts\/38149","targetHints":{"allow":["GET"]}}],"collection":[{"href":"https:\/\/www.laguiadepamplona.com\/actualidad\/wp-json\/wp\/v2\/posts"}],"about":[{"href":"https:\/\/www.laguiadepamplona.com\/actualidad\/wp-json\/wp\/v2\/types\/post"}],"author":[{"embeddable":true,"href":"https:\/\/www.laguiadepamplona.com\/actualidad\/wp-json\/wp\/v2\/users\/1"}],"replies":[{"embeddable":true,"href":"https:\/\/www.laguiadepamplona.com\/actualidad\/wp-json\/wp\/v2\/comments?post=38149"}],"version-history":[{"count":0,"href":"https:\/\/www.laguiadepamplona.com\/actualidad\/wp-json\/wp\/v2\/posts\/38149\/revisions"}],"wp:featuredmedia":[{"embeddable":true,"href":"https:\/\/www.laguiadepamplona.com\/actualidad\/wp-json\/wp\/v2\/media\/38065"}],"wp:attachment":[{"href":"https:\/\/www.laguiadepamplona.com\/actualidad\/wp-json\/wp\/v2\/media?parent=38149"}],"wp:term":[{"taxonomy":"category","embeddable":true,"href":"https:\/\/www.laguiadepamplona.com\/actualidad\/wp-json\/wp\/v2\/categories?post=38149"},{"taxonomy":"post_tag","embeddable":true,"href":"https:\/\/www.laguiadepamplona.com\/actualidad\/wp-json\/wp\/v2\/tags?post=38149"}],"curies":[{"name":"wp","href":"https:\/\/api.w.org\/{rel}","templated":true}]}}