{"id":38134,"date":"2021-12-27T13:32:42","date_gmt":"2021-12-27T11:32:42","guid":{"rendered":"https:\/\/www.laguiadepamplona.com\/actualidad\/?p=38134"},"modified":"2023-04-11T11:48:38","modified_gmt":"2023-04-11T09:48:38","slug":"la-casa-de-la-juventud-acoge-asi-somos-una-exposicion-fotografica-que-difunde-la-oportunidades-y-deberes-que-consagra-la-ley-foral-de-juventud-de-navarra","status":"publish","type":"post","link":"https:\/\/www.laguiadepamplona.com\/actualidad\/la-casa-de-la-juventud-acoge-asi-somos-una-exposicion-fotografica-que-difunde-la-oportunidades-y-deberes-que-consagra-la-ley-foral-de-juventud-de-navarra\/","title":{"rendered":"La Casa de la Juventud acoge \u2018As\u00ed somos\u2019, una exposici\u00f3n fotogr\u00e1fica que difunde la oportunidades y deberes que consagra la Ley Foral de Juventud de Navarra"},"content":{"rendered":"<h5>La muestra es obra del alumnado en pr\u00e1cticas de las tres asesor\u00edas jur\u00eddicas que dan servicio a los j\u00f3venes desde esta dotaci\u00f3n municipal<\/h5>\n<p><!--more--><\/p>\n<p>La cafeter\u00eda de la Casa de la Juventud del Ayuntamiento de Pamplona acoge, hasta el pr\u00f3ximo 15 de enero, \u2018As\u00ed somos\u2019, una exposici\u00f3n fotogr\u00e1fica sobre las oportunidades y responsabilidades de la juventud, programada con motivo del d\u00e9cimo aniversario de la aprobaci\u00f3n de la Ley Foral 11\/2011 de 1 de abril, de Juventud de Navarra.<\/p>\n<p>Las paredes de la cafeter\u00eda muestran 12 im\u00e1genes realizadas por el alumnado en pr\u00e1cticas en las asesor\u00edas de la Casa relacionadas con el \u00e1mbito jur\u00eddico: tanto la asesor\u00eda jur\u00eddica general, como las asesor\u00edas de emprendimiento y asociacionismo. Sus autoras y autores son estudiantes en pr\u00e1cticas que provienen del grado en Derecho y del M\u00e1ster de Acceso a la Abogac\u00eda y que, adem\u00e1s de asesorar a otros j\u00f3venes, participan en esta muestra desde su compromiso de hacer difusi\u00f3n del Derecho entre las personas usuarias de la Casa de la Juventud.<br \/>\n<script async src=\"\/\/pagead2.googlesyndication.com\/pagead\/js\/adsbygoogle.js\"><\/script><br \/>\n<!-- Noticias La Guia de Pamplona --><br \/>\n<ins class=\"adsbygoogle\"\nstyle=\"display:block\"\ndata-ad-client=\"ca-pub-6943679897239327\"\ndata-ad-slot=\"7048180777\"\ndata-ad-format=\"auto\"><\/ins><br \/>\n<script>\n(adsbygoogle = window.adsbygoogle || []).push({});\n<\/script><\/p>\n<p>Las fotograf\u00edas van acompa\u00f1adas de textos que ilustran las oportunidades enunciadas a lo largo de esta Ley Foral para la consecuci\u00f3n de su autonom\u00eda y las mejores condiciones de desarrollo individual, as\u00ed como las responsabilidades de la juventud que consagra el art\u00edculo 4 de la norma foral, una ley que naci\u00f3 con la intenci\u00f3n de servir de herramienta para favorecer la autonom\u00eda de las personas j\u00f3venes y que ya lleva 10 a\u00f1os de recorrido. La norma defin\u00eda el t\u00e9rmino \u2018autonom\u00eda\u2019 en su pre\u00e1mbulo como aqu\u00e9lla capacidad de construir un proyecto propio de vida basado en la libertad de elecci\u00f3n personal y el ejercicio pleno de los derechos y responsabilidades reconocidos y amparados por el ordenamiento jur\u00eddico, un objetivo que la Casa respalda plenamente desde su creaci\u00f3n y al que se orienta habitualmente su programaci\u00f3n de cursos, talleres y actividades.<\/p>\n<p>La organizaci\u00f3n de la muestra y las fotograf\u00edas expuestas son obra de los miembros de asesor\u00edas Eva Saizar Azcue, Cristina Molins Ramos, Marta Aguilera Sistero, Alejandra Jaramillo Bejarano, Laura Bartrina Lima, Julia Carrasco Mart\u00edn, Maria Tornero Campa, Jose Manuel Motta Falc\u00f3n, Elisa Lecumberri, Leyre Mart\u00edn Ruiz, as\u00ed como de diversas personas j\u00f3venes que participan habitualmente en las actividades de las asesor\u00edas.<\/p>\n<p>La exposici\u00f3n se puede visitar de lunes a viernes de 10 a 13 horas y de 17 a 22 horas, con entrada libre, aunque sujeta a las limitaciones de aforo y medidas de seguridad sanitaria vigentes en cada momento.<br \/>\n<script async src=\"\/\/pagead2.googlesyndication.com\/pagead\/js\/adsbygoogle.js\"><\/script><br \/>\n<!-- Noticias La Guia de Pamplona --><br \/>\n<ins class=\"adsbygoogle\"\nstyle=\"display:block\"\ndata-ad-client=\"ca-pub-6943679897239327\"\ndata-ad-slot=\"7048180777\"\ndata-ad-format=\"auto\"><\/ins><br \/>\n<script>\n(adsbygoogle = window.adsbygoogle || []).push({});\n<\/script><\/p>\n<p>&nbsp;<\/p>\n<h3>Oportunidades y responsabilidades de las personas j\u00f3venes<\/h3>\n<p><strong><u>Art\u00edculo 4. 1. de la Ley Foral 11\/2011 de 1 de abril, de juventud de Navarra<\/u><\/strong><\/p>\n<p>1.Las personas j\u00f3venes, adem\u00e1s de aquellos derechos que la Constituci\u00f3n y el conjunto del ordenamiento jur\u00eddico les reconocen, ver\u00e1n amparadas, en el marco de su libertad de elecci\u00f3n, el conjunto de oportunidades enunciadas a lo largo de esta Ley Foral para la consecuci\u00f3n de su autonom\u00eda y las mejores condiciones de desarrollo individual, participaci\u00f3n y promoci\u00f3n.<\/p>\n<ol start=\"2\">\n<li>Las personas j\u00f3venes, adem\u00e1s de aquellos deberes que el ordenamiento jur\u00eddico les imponga, tienen entre otras, las siguientes responsabilidades:<\/li>\n<\/ol>\n<ul>\n<li>a) Respetar su propia integridad manteniendo unos h\u00e1bitos de vida saludables y responsables.<\/li>\n<li>b) Construir un proyecto de vida de acuerdo con los valores fundamentales, aprovechando las oportunidades de desarrollo individual y social.<\/li>\n<li>c) Desarrollar desde el esfuerzo el propio talento y capacidades, estando abiertos al conocimiento, la creatividad, la iniciativa empresarial, las relaciones y valores humanos, y las tecnolog\u00edas de la informaci\u00f3n y la comunicaci\u00f3n.<\/li>\n<li>d) Mantener un comportamiento c\u00edvico y participativo acorde con las exigencias de convivencia en sociedad, basadas en la igualdad, la tolerancia y el respeto a los derechos de las dem\u00e1s personas.<\/li>\n<li>e) Mantener un comportamiento igualitario y respetuoso con la diversidad de raza, sexo, religi\u00f3n, opini\u00f3n o cualquier otra condici\u00f3n o circunstancia personal o social.<\/li>\n<li>f) Asumir las responsabilidades que correspondan para el desarrollo econ\u00f3mico, social, pol\u00edtico y cultural, contribuyendo a la consecuci\u00f3n de una sociedad m\u00e1s justa y cohesionada.<\/li>\n<li>g) Contribuir al sustento del medio ambiente, respet\u00e1ndolo y colaborando en su conservaci\u00f3n y mejora.<\/li>\n<li>h) Hacer un uso responsable del ocio y tiempo libre, y de las nuevas tecnolog\u00edas.<\/li>\n<li>i) En el caso de los menores de edad, estudiar durante la ense\u00f1anza obligatoria, para contribuir as\u00ed a su formaci\u00f3n y al pleno desarrollo de su personalidad, teniendo la obligaci\u00f3n de asistir al centro docente y a respetar en \u00e9l las normas de convivencia.<\/li>\n<li>j) Asumir y cumplir los deberes, obligaciones y responsabilidades inherentes a la titularidad y ejercicio de los derechos que les son reconocidos.<\/li>\n<\/ul>\n","protected":false},"excerpt":{"rendered":"<p>La muestra es obra del alumnado en pr\u00e1cticas de las tres asesor\u00edas jur\u00eddicas que dan servicio a los j\u00f3venes desde esta dotaci\u00f3n municipal<\/p>\n","protected":false},"author":1,"featured_media":38135,"comment_status":"open","ping_status":"closed","sticky":false,"template":"","format":"standard","meta":{"footnotes":""},"categories":[2],"tags":[],"class_list":["post-38134","post","type-post","status-publish","format-standard","has-post-thumbnail","hentry","category-ayuntamiento-pamplona"],"yoast_head":"<!-- This site is optimized with the Yoast SEO plugin v27.3 - https:\/\/yoast.com\/product\/yoast-seo-wordpress\/ -->\n<title>La Casa de la Juventud acoge \u2018As\u00ed somos\u2019, una exposici\u00f3n fotogr\u00e1fica que difunde la oportunidades y deberes que consagra la Ley Foral de Juventud de Navarra<\/title>\n<meta name=\"description\" content=\"La muestra es obra del alumnado en pr\u00e1cticas de las tres asesor\u00edas jur\u00eddicas que dan servicio a los j\u00f3venes desde esta dotaci\u00f3n municipal\" \/>\n<meta name=\"robots\" content=\"index, follow, max-snippet:-1, max-image-preview:large, max-video-preview:-1\" \/>\n<link rel=\"canonical\" href=\"https:\/\/www.laguiadepamplona.com\/actualidad\/la-casa-de-la-juventud-acoge-asi-somos-una-exposicion-fotografica-que-difunde-la-oportunidades-y-deberes-que-consagra-la-ley-foral-de-juventud-de-navarra\/\" \/>\n<meta property=\"og:locale\" content=\"es_ES\" \/>\n<meta property=\"og:type\" content=\"article\" \/>\n<meta property=\"og:title\" content=\"La Casa de la Juventud acoge \u2018As\u00ed somos\u2019, una exposici\u00f3n fotogr\u00e1fica que difunde la oportunidades y deberes que consagra la Ley Foral de Juventud de Navarra\" \/>\n<meta property=\"og:description\" content=\"La muestra es obra del alumnado en pr\u00e1cticas de las tres asesor\u00edas jur\u00eddicas que dan servicio a los j\u00f3venes desde esta dotaci\u00f3n municipal\" \/>\n<meta property=\"og:url\" content=\"https:\/\/www.laguiadepamplona.com\/actualidad\/la-casa-de-la-juventud-acoge-asi-somos-una-exposicion-fotografica-que-difunde-la-oportunidades-y-deberes-que-consagra-la-ley-foral-de-juventud-de-navarra\/\" \/>\n<meta property=\"og:site_name\" content=\"La Gu\u00eda de Pamplona\" \/>\n<meta property=\"article:publisher\" content=\"https:\/\/www.facebook.com\/laguiadepamplonacom-133175176762273\/?ref=hl\" \/>\n<meta property=\"article:published_time\" content=\"2021-12-27T11:32:42+00:00\" \/>\n<meta property=\"article:modified_time\" content=\"2023-04-11T09:48:38+00:00\" \/>\n<meta property=\"og:image\" content=\"https:\/\/www.laguiadepamplona.com\/actualidad\/wp-content\/uploads\/2021\/12\/asi-somos.jpg\" \/>\n\t<meta property=\"og:image:width\" content=\"1131\" \/>\n\t<meta property=\"og:image:height\" content=\"1600\" \/>\n\t<meta property=\"og:image:type\" content=\"image\/jpeg\" \/>\n<meta name=\"author\" content=\"La Gu\u00eda de Pamplona\" \/>\n<meta name=\"twitter:card\" content=\"summary_large_image\" \/>\n<meta name=\"twitter:creator\" content=\"@LaGuiadPamplona\" \/>\n<meta name=\"twitter:site\" content=\"@LaGuiadPamplona\" \/>\n<meta name=\"twitter:label1\" content=\"Escrito por\" \/>\n\t<meta name=\"twitter:data1\" content=\"La Gu\u00eda de Pamplona\" \/>\n\t<meta name=\"twitter:label2\" content=\"Tiempo de lectura\" \/>\n\t<meta name=\"twitter:data2\" content=\"4 minutos\" \/>\n<script type=\"application\/ld+json\" class=\"yoast-schema-graph\">{\"@context\":\"https:\\\/\\\/schema.org\",\"@graph\":[{\"@type\":\"Article\",\"@id\":\"https:\\\/\\\/www.laguiadepamplona.com\\\/actualidad\\\/la-casa-de-la-juventud-acoge-asi-somos-una-exposicion-fotografica-que-difunde-la-oportunidades-y-deberes-que-consagra-la-ley-foral-de-juventud-de-navarra\\\/#article\",\"isPartOf\":{\"@id\":\"https:\\\/\\\/www.laguiadepamplona.com\\\/actualidad\\\/la-casa-de-la-juventud-acoge-asi-somos-una-exposicion-fotografica-que-difunde-la-oportunidades-y-deberes-que-consagra-la-ley-foral-de-juventud-de-navarra\\\/\"},\"author\":{\"name\":\"La Gu\u00eda de Pamplona\",\"@id\":\"https:\\\/\\\/www.laguiadepamplona.com\\\/actualidad\\\/#\\\/schema\\\/person\\\/efe887376f0213d4657c93adc50b1fdb\"},\"headline\":\"La Casa de la Juventud acoge \u2018As\u00ed somos\u2019, una exposici\u00f3n fotogr\u00e1fica que difunde la oportunidades y deberes que consagra la Ley Foral de Juventud de Navarra\",\"datePublished\":\"2021-12-27T11:32:42+00:00\",\"dateModified\":\"2023-04-11T09:48:38+00:00\",\"mainEntityOfPage\":{\"@id\":\"https:\\\/\\\/www.laguiadepamplona.com\\\/actualidad\\\/la-casa-de-la-juventud-acoge-asi-somos-una-exposicion-fotografica-que-difunde-la-oportunidades-y-deberes-que-consagra-la-ley-foral-de-juventud-de-navarra\\\/\"},\"wordCount\":846,\"commentCount\":0,\"publisher\":{\"@id\":\"https:\\\/\\\/www.laguiadepamplona.com\\\/actualidad\\\/#organization\"},\"image\":{\"@id\":\"https:\\\/\\\/www.laguiadepamplona.com\\\/actualidad\\\/la-casa-de-la-juventud-acoge-asi-somos-una-exposicion-fotografica-que-difunde-la-oportunidades-y-deberes-que-consagra-la-ley-foral-de-juventud-de-navarra\\\/#primaryimage\"},\"thumbnailUrl\":\"https:\\\/\\\/www.laguiadepamplona.com\\\/actualidad\\\/wp-content\\\/uploads\\\/2021\\\/12\\\/asi-somos.jpg\",\"articleSection\":[\"Ayto Pamplona\"],\"inLanguage\":\"es\",\"potentialAction\":[{\"@type\":\"CommentAction\",\"name\":\"Comment\",\"target\":[\"https:\\\/\\\/www.laguiadepamplona.com\\\/actualidad\\\/la-casa-de-la-juventud-acoge-asi-somos-una-exposicion-fotografica-que-difunde-la-oportunidades-y-deberes-que-consagra-la-ley-foral-de-juventud-de-navarra\\\/#respond\"]}]},{\"@type\":\"WebPage\",\"@id\":\"https:\\\/\\\/www.laguiadepamplona.com\\\/actualidad\\\/la-casa-de-la-juventud-acoge-asi-somos-una-exposicion-fotografica-que-difunde-la-oportunidades-y-deberes-que-consagra-la-ley-foral-de-juventud-de-navarra\\\/\",\"url\":\"https:\\\/\\\/www.laguiadepamplona.com\\\/actualidad\\\/la-casa-de-la-juventud-acoge-asi-somos-una-exposicion-fotografica-que-difunde-la-oportunidades-y-deberes-que-consagra-la-ley-foral-de-juventud-de-navarra\\\/\",\"name\":\"La Casa de la Juventud acoge \u2018As\u00ed somos\u2019, una exposici\u00f3n fotogr\u00e1fica que difunde la oportunidades y deberes que consagra la Ley Foral de Juventud de Navarra\",\"isPartOf\":{\"@id\":\"https:\\\/\\\/www.laguiadepamplona.com\\\/actualidad\\\/#website\"},\"primaryImageOfPage\":{\"@id\":\"https:\\\/\\\/www.laguiadepamplona.com\\\/actualidad\\\/la-casa-de-la-juventud-acoge-asi-somos-una-exposicion-fotografica-que-difunde-la-oportunidades-y-deberes-que-consagra-la-ley-foral-de-juventud-de-navarra\\\/#primaryimage\"},\"image\":{\"@id\":\"https:\\\/\\\/www.laguiadepamplona.com\\\/actualidad\\\/la-casa-de-la-juventud-acoge-asi-somos-una-exposicion-fotografica-que-difunde-la-oportunidades-y-deberes-que-consagra-la-ley-foral-de-juventud-de-navarra\\\/#primaryimage\"},\"thumbnailUrl\":\"https:\\\/\\\/www.laguiadepamplona.com\\\/actualidad\\\/wp-content\\\/uploads\\\/2021\\\/12\\\/asi-somos.jpg\",\"datePublished\":\"2021-12-27T11:32:42+00:00\",\"dateModified\":\"2023-04-11T09:48:38+00:00\",\"description\":\"La muestra es obra del alumnado en pr\u00e1cticas de las tres asesor\u00edas jur\u00eddicas que dan servicio a los j\u00f3venes desde esta dotaci\u00f3n municipal\",\"breadcrumb\":{\"@id\":\"https:\\\/\\\/www.laguiadepamplona.com\\\/actualidad\\\/la-casa-de-la-juventud-acoge-asi-somos-una-exposicion-fotografica-que-difunde-la-oportunidades-y-deberes-que-consagra-la-ley-foral-de-juventud-de-navarra\\\/#breadcrumb\"},\"inLanguage\":\"es\",\"potentialAction\":[{\"@type\":\"ReadAction\",\"target\":[\"https:\\\/\\\/www.laguiadepamplona.com\\\/actualidad\\\/la-casa-de-la-juventud-acoge-asi-somos-una-exposicion-fotografica-que-difunde-la-oportunidades-y-deberes-que-consagra-la-ley-foral-de-juventud-de-navarra\\\/\"]}]},{\"@type\":\"ImageObject\",\"inLanguage\":\"es\",\"@id\":\"https:\\\/\\\/www.laguiadepamplona.com\\\/actualidad\\\/la-casa-de-la-juventud-acoge-asi-somos-una-exposicion-fotografica-que-difunde-la-oportunidades-y-deberes-que-consagra-la-ley-foral-de-juventud-de-navarra\\\/#primaryimage\",\"url\":\"https:\\\/\\\/www.laguiadepamplona.com\\\/actualidad\\\/wp-content\\\/uploads\\\/2021\\\/12\\\/asi-somos.jpg\",\"contentUrl\":\"https:\\\/\\\/www.laguiadepamplona.com\\\/actualidad\\\/wp-content\\\/uploads\\\/2021\\\/12\\\/asi-somos.jpg\",\"width\":1131,\"height\":1600},{\"@type\":\"BreadcrumbList\",\"@id\":\"https:\\\/\\\/www.laguiadepamplona.com\\\/actualidad\\\/la-casa-de-la-juventud-acoge-asi-somos-una-exposicion-fotografica-que-difunde-la-oportunidades-y-deberes-que-consagra-la-ley-foral-de-juventud-de-navarra\\\/#breadcrumb\",\"itemListElement\":[{\"@type\":\"ListItem\",\"position\":1,\"name\":\"Portada\",\"item\":\"https:\\\/\\\/www.laguiadepamplona.com\\\/actualidad\\\/\"},{\"@type\":\"ListItem\",\"position\":2,\"name\":\"La Casa de la Juventud acoge \u2018As\u00ed somos\u2019, una exposici\u00f3n fotogr\u00e1fica que difunde la oportunidades y deberes que consagra la Ley Foral de Juventud de Navarra\"}]},{\"@type\":\"WebSite\",\"@id\":\"https:\\\/\\\/www.laguiadepamplona.com\\\/actualidad\\\/#website\",\"url\":\"https:\\\/\\\/www.laguiadepamplona.com\\\/actualidad\\\/\",\"name\":\"La gu\u00eda de Pamplona\",\"description\":\"Noticias de Pamplona\",\"publisher\":{\"@id\":\"https:\\\/\\\/www.laguiadepamplona.com\\\/actualidad\\\/#organization\"},\"potentialAction\":[{\"@type\":\"SearchAction\",\"target\":{\"@type\":\"EntryPoint\",\"urlTemplate\":\"https:\\\/\\\/www.laguiadepamplona.com\\\/actualidad\\\/?s={search_term_string}\"},\"query-input\":{\"@type\":\"PropertyValueSpecification\",\"valueRequired\":true,\"valueName\":\"search_term_string\"}}],\"inLanguage\":\"es\"},{\"@type\":\"Organization\",\"@id\":\"https:\\\/\\\/www.laguiadepamplona.com\\\/actualidad\\\/#organization\",\"name\":\"La Gu\u00eda de Pamplona \\\/ Noticias\",\"url\":\"https:\\\/\\\/www.laguiadepamplona.com\\\/actualidad\\\/\",\"logo\":{\"@type\":\"ImageObject\",\"inLanguage\":\"es\",\"@id\":\"https:\\\/\\\/www.laguiadepamplona.com\\\/actualidad\\\/#\\\/schema\\\/logo\\\/image\\\/\",\"url\":\"https:\\\/\\\/www.laguiadepamplona.com\\\/actualidad\\\/wp-content\\\/uploads\\\/2018\\\/11\\\/logo-laguiadepamplona18-web1.png\",\"contentUrl\":\"https:\\\/\\\/www.laguiadepamplona.com\\\/actualidad\\\/wp-content\\\/uploads\\\/2018\\\/11\\\/logo-laguiadepamplona18-web1.png\",\"width\":600,\"height\":196,\"caption\":\"La Gu\u00eda de Pamplona \\\/ Noticias\"},\"image\":{\"@id\":\"https:\\\/\\\/www.laguiadepamplona.com\\\/actualidad\\\/#\\\/schema\\\/logo\\\/image\\\/\"},\"sameAs\":[\"https:\\\/\\\/www.facebook.com\\\/laguiadepamplonacom-133175176762273\\\/?ref=hl\",\"https:\\\/\\\/x.com\\\/LaGuiadPamplona\",\"https:\\\/\\\/www.instagram.com\\\/la_guia_de_pamplona\\\/\",\"https:\\\/\\\/www.youtube.com\\\/user\\\/laguiadepamplona\"]},{\"@type\":\"Person\",\"@id\":\"https:\\\/\\\/www.laguiadepamplona.com\\\/actualidad\\\/#\\\/schema\\\/person\\\/efe887376f0213d4657c93adc50b1fdb\",\"name\":\"La Gu\u00eda de Pamplona\",\"image\":{\"@type\":\"ImageObject\",\"inLanguage\":\"es\",\"@id\":\"https:\\\/\\\/secure.gravatar.com\\\/avatar\\\/b6992f131dc8d30ab0dff15446e9d346d9dbd95992de0fef795073f5ea83a81c?s=96&d=mm&r=g\",\"url\":\"https:\\\/\\\/secure.gravatar.com\\\/avatar\\\/b6992f131dc8d30ab0dff15446e9d346d9dbd95992de0fef795073f5ea83a81c?s=96&d=mm&r=g\",\"contentUrl\":\"https:\\\/\\\/secure.gravatar.com\\\/avatar\\\/b6992f131dc8d30ab0dff15446e9d346d9dbd95992de0fef795073f5ea83a81c?s=96&d=mm&r=g\",\"caption\":\"La Gu\u00eda de Pamplona\"}}]}<\/script>\n<!-- \/ Yoast SEO plugin. -->","yoast_head_json":{"title":"La Casa de la Juventud acoge \u2018As\u00ed somos\u2019, una exposici\u00f3n fotogr\u00e1fica que difunde la oportunidades y deberes que consagra la Ley Foral de Juventud de Navarra","description":"La muestra es obra del alumnado en pr\u00e1cticas de las tres asesor\u00edas jur\u00eddicas que dan servicio a los j\u00f3venes desde esta dotaci\u00f3n municipal","robots":{"index":"index","follow":"follow","max-snippet":"max-snippet:-1","max-image-preview":"max-image-preview:large","max-video-preview":"max-video-preview:-1"},"canonical":"https:\/\/www.laguiadepamplona.com\/actualidad\/la-casa-de-la-juventud-acoge-asi-somos-una-exposicion-fotografica-que-difunde-la-oportunidades-y-deberes-que-consagra-la-ley-foral-de-juventud-de-navarra\/","og_locale":"es_ES","og_type":"article","og_title":"La Casa de la Juventud acoge \u2018As\u00ed somos\u2019, una exposici\u00f3n fotogr\u00e1fica que difunde la oportunidades y deberes que consagra la Ley Foral de Juventud de Navarra","og_description":"La muestra es obra del alumnado en pr\u00e1cticas de las tres asesor\u00edas jur\u00eddicas que dan servicio a los j\u00f3venes desde esta dotaci\u00f3n municipal","og_url":"https:\/\/www.laguiadepamplona.com\/actualidad\/la-casa-de-la-juventud-acoge-asi-somos-una-exposicion-fotografica-que-difunde-la-oportunidades-y-deberes-que-consagra-la-ley-foral-de-juventud-de-navarra\/","og_site_name":"La Gu\u00eda de Pamplona","article_publisher":"https:\/\/www.facebook.com\/laguiadepamplonacom-133175176762273\/?ref=hl","article_published_time":"2021-12-27T11:32:42+00:00","article_modified_time":"2023-04-11T09:48:38+00:00","og_image":[{"width":1131,"height":1600,"url":"https:\/\/www.laguiadepamplona.com\/actualidad\/wp-content\/uploads\/2021\/12\/asi-somos.jpg","type":"image\/jpeg"}],"author":"La Gu\u00eda de Pamplona","twitter_card":"summary_large_image","twitter_creator":"@LaGuiadPamplona","twitter_site":"@LaGuiadPamplona","twitter_misc":{"Escrito por":"La Gu\u00eda de Pamplona","Tiempo de lectura":"4 minutos"},"schema":{"@context":"https:\/\/schema.org","@graph":[{"@type":"Article","@id":"https:\/\/www.laguiadepamplona.com\/actualidad\/la-casa-de-la-juventud-acoge-asi-somos-una-exposicion-fotografica-que-difunde-la-oportunidades-y-deberes-que-consagra-la-ley-foral-de-juventud-de-navarra\/#article","isPartOf":{"@id":"https:\/\/www.laguiadepamplona.com\/actualidad\/la-casa-de-la-juventud-acoge-asi-somos-una-exposicion-fotografica-que-difunde-la-oportunidades-y-deberes-que-consagra-la-ley-foral-de-juventud-de-navarra\/"},"author":{"name":"La Gu\u00eda de Pamplona","@id":"https:\/\/www.laguiadepamplona.com\/actualidad\/#\/schema\/person\/efe887376f0213d4657c93adc50b1fdb"},"headline":"La Casa de la Juventud acoge \u2018As\u00ed somos\u2019, una exposici\u00f3n fotogr\u00e1fica que difunde la oportunidades y deberes que consagra la Ley Foral de Juventud de Navarra","datePublished":"2021-12-27T11:32:42+00:00","dateModified":"2023-04-11T09:48:38+00:00","mainEntityOfPage":{"@id":"https:\/\/www.laguiadepamplona.com\/actualidad\/la-casa-de-la-juventud-acoge-asi-somos-una-exposicion-fotografica-que-difunde-la-oportunidades-y-deberes-que-consagra-la-ley-foral-de-juventud-de-navarra\/"},"wordCount":846,"commentCount":0,"publisher":{"@id":"https:\/\/www.laguiadepamplona.com\/actualidad\/#organization"},"image":{"@id":"https:\/\/www.laguiadepamplona.com\/actualidad\/la-casa-de-la-juventud-acoge-asi-somos-una-exposicion-fotografica-que-difunde-la-oportunidades-y-deberes-que-consagra-la-ley-foral-de-juventud-de-navarra\/#primaryimage"},"thumbnailUrl":"https:\/\/www.laguiadepamplona.com\/actualidad\/wp-content\/uploads\/2021\/12\/asi-somos.jpg","articleSection":["Ayto Pamplona"],"inLanguage":"es","potentialAction":[{"@type":"CommentAction","name":"Comment","target":["https:\/\/www.laguiadepamplona.com\/actualidad\/la-casa-de-la-juventud-acoge-asi-somos-una-exposicion-fotografica-que-difunde-la-oportunidades-y-deberes-que-consagra-la-ley-foral-de-juventud-de-navarra\/#respond"]}]},{"@type":"WebPage","@id":"https:\/\/www.laguiadepamplona.com\/actualidad\/la-casa-de-la-juventud-acoge-asi-somos-una-exposicion-fotografica-que-difunde-la-oportunidades-y-deberes-que-consagra-la-ley-foral-de-juventud-de-navarra\/","url":"https:\/\/www.laguiadepamplona.com\/actualidad\/la-casa-de-la-juventud-acoge-asi-somos-una-exposicion-fotografica-que-difunde-la-oportunidades-y-deberes-que-consagra-la-ley-foral-de-juventud-de-navarra\/","name":"La Casa de la Juventud acoge \u2018As\u00ed somos\u2019, una exposici\u00f3n fotogr\u00e1fica que difunde la oportunidades y deberes que consagra la Ley Foral de Juventud de Navarra","isPartOf":{"@id":"https:\/\/www.laguiadepamplona.com\/actualidad\/#website"},"primaryImageOfPage":{"@id":"https:\/\/www.laguiadepamplona.com\/actualidad\/la-casa-de-la-juventud-acoge-asi-somos-una-exposicion-fotografica-que-difunde-la-oportunidades-y-deberes-que-consagra-la-ley-foral-de-juventud-de-navarra\/#primaryimage"},"image":{"@id":"https:\/\/www.laguiadepamplona.com\/actualidad\/la-casa-de-la-juventud-acoge-asi-somos-una-exposicion-fotografica-que-difunde-la-oportunidades-y-deberes-que-consagra-la-ley-foral-de-juventud-de-navarra\/#primaryimage"},"thumbnailUrl":"https:\/\/www.laguiadepamplona.com\/actualidad\/wp-content\/uploads\/2021\/12\/asi-somos.jpg","datePublished":"2021-12-27T11:32:42+00:00","dateModified":"2023-04-11T09:48:38+00:00","description":"La muestra es obra del alumnado en pr\u00e1cticas de las tres asesor\u00edas jur\u00eddicas que dan servicio a los j\u00f3venes desde esta dotaci\u00f3n municipal","breadcrumb":{"@id":"https:\/\/www.laguiadepamplona.com\/actualidad\/la-casa-de-la-juventud-acoge-asi-somos-una-exposicion-fotografica-que-difunde-la-oportunidades-y-deberes-que-consagra-la-ley-foral-de-juventud-de-navarra\/#breadcrumb"},"inLanguage":"es","potentialAction":[{"@type":"ReadAction","target":["https:\/\/www.laguiadepamplona.com\/actualidad\/la-casa-de-la-juventud-acoge-asi-somos-una-exposicion-fotografica-que-difunde-la-oportunidades-y-deberes-que-consagra-la-ley-foral-de-juventud-de-navarra\/"]}]},{"@type":"ImageObject","inLanguage":"es","@id":"https:\/\/www.laguiadepamplona.com\/actualidad\/la-casa-de-la-juventud-acoge-asi-somos-una-exposicion-fotografica-que-difunde-la-oportunidades-y-deberes-que-consagra-la-ley-foral-de-juventud-de-navarra\/#primaryimage","url":"https:\/\/www.laguiadepamplona.com\/actualidad\/wp-content\/uploads\/2021\/12\/asi-somos.jpg","contentUrl":"https:\/\/www.laguiadepamplona.com\/actualidad\/wp-content\/uploads\/2021\/12\/asi-somos.jpg","width":1131,"height":1600},{"@type":"BreadcrumbList","@id":"https:\/\/www.laguiadepamplona.com\/actualidad\/la-casa-de-la-juventud-acoge-asi-somos-una-exposicion-fotografica-que-difunde-la-oportunidades-y-deberes-que-consagra-la-ley-foral-de-juventud-de-navarra\/#breadcrumb","itemListElement":[{"@type":"ListItem","position":1,"name":"Portada","item":"https:\/\/www.laguiadepamplona.com\/actualidad\/"},{"@type":"ListItem","position":2,"name":"La Casa de la Juventud acoge \u2018As\u00ed somos\u2019, una exposici\u00f3n fotogr\u00e1fica que difunde la oportunidades y deberes que consagra la Ley Foral de Juventud de Navarra"}]},{"@type":"WebSite","@id":"https:\/\/www.laguiadepamplona.com\/actualidad\/#website","url":"https:\/\/www.laguiadepamplona.com\/actualidad\/","name":"La gu\u00eda de Pamplona","description":"Noticias de Pamplona","publisher":{"@id":"https:\/\/www.laguiadepamplona.com\/actualidad\/#organization"},"potentialAction":[{"@type":"SearchAction","target":{"@type":"EntryPoint","urlTemplate":"https:\/\/www.laguiadepamplona.com\/actualidad\/?s={search_term_string}"},"query-input":{"@type":"PropertyValueSpecification","valueRequired":true,"valueName":"search_term_string"}}],"inLanguage":"es"},{"@type":"Organization","@id":"https:\/\/www.laguiadepamplona.com\/actualidad\/#organization","name":"La Gu\u00eda de Pamplona \/ Noticias","url":"https:\/\/www.laguiadepamplona.com\/actualidad\/","logo":{"@type":"ImageObject","inLanguage":"es","@id":"https:\/\/www.laguiadepamplona.com\/actualidad\/#\/schema\/logo\/image\/","url":"https:\/\/www.laguiadepamplona.com\/actualidad\/wp-content\/uploads\/2018\/11\/logo-laguiadepamplona18-web1.png","contentUrl":"https:\/\/www.laguiadepamplona.com\/actualidad\/wp-content\/uploads\/2018\/11\/logo-laguiadepamplona18-web1.png","width":600,"height":196,"caption":"La Gu\u00eda de Pamplona \/ Noticias"},"image":{"@id":"https:\/\/www.laguiadepamplona.com\/actualidad\/#\/schema\/logo\/image\/"},"sameAs":["https:\/\/www.facebook.com\/laguiadepamplonacom-133175176762273\/?ref=hl","https:\/\/x.com\/LaGuiadPamplona","https:\/\/www.instagram.com\/la_guia_de_pamplona\/","https:\/\/www.youtube.com\/user\/laguiadepamplona"]},{"@type":"Person","@id":"https:\/\/www.laguiadepamplona.com\/actualidad\/#\/schema\/person\/efe887376f0213d4657c93adc50b1fdb","name":"La Gu\u00eda de Pamplona","image":{"@type":"ImageObject","inLanguage":"es","@id":"https:\/\/secure.gravatar.com\/avatar\/b6992f131dc8d30ab0dff15446e9d346d9dbd95992de0fef795073f5ea83a81c?s=96&d=mm&r=g","url":"https:\/\/secure.gravatar.com\/avatar\/b6992f131dc8d30ab0dff15446e9d346d9dbd95992de0fef795073f5ea83a81c?s=96&d=mm&r=g","contentUrl":"https:\/\/secure.gravatar.com\/avatar\/b6992f131dc8d30ab0dff15446e9d346d9dbd95992de0fef795073f5ea83a81c?s=96&d=mm&r=g","caption":"La Gu\u00eda de Pamplona"}}]}},"post_mailing_queue_ids":[],"_links":{"self":[{"href":"https:\/\/www.laguiadepamplona.com\/actualidad\/wp-json\/wp\/v2\/posts\/38134","targetHints":{"allow":["GET"]}}],"collection":[{"href":"https:\/\/www.laguiadepamplona.com\/actualidad\/wp-json\/wp\/v2\/posts"}],"about":[{"href":"https:\/\/www.laguiadepamplona.com\/actualidad\/wp-json\/wp\/v2\/types\/post"}],"author":[{"embeddable":true,"href":"https:\/\/www.laguiadepamplona.com\/actualidad\/wp-json\/wp\/v2\/users\/1"}],"replies":[{"embeddable":true,"href":"https:\/\/www.laguiadepamplona.com\/actualidad\/wp-json\/wp\/v2\/comments?post=38134"}],"version-history":[{"count":0,"href":"https:\/\/www.laguiadepamplona.com\/actualidad\/wp-json\/wp\/v2\/posts\/38134\/revisions"}],"wp:featuredmedia":[{"embeddable":true,"href":"https:\/\/www.laguiadepamplona.com\/actualidad\/wp-json\/wp\/v2\/media\/38135"}],"wp:attachment":[{"href":"https:\/\/www.laguiadepamplona.com\/actualidad\/wp-json\/wp\/v2\/media?parent=38134"}],"wp:term":[{"taxonomy":"category","embeddable":true,"href":"https:\/\/www.laguiadepamplona.com\/actualidad\/wp-json\/wp\/v2\/categories?post=38134"},{"taxonomy":"post_tag","embeddable":true,"href":"https:\/\/www.laguiadepamplona.com\/actualidad\/wp-json\/wp\/v2\/tags?post=38134"}],"curies":[{"name":"wp","href":"https:\/\/api.w.org\/{rel}","templated":true}]}}