{"id":38131,"date":"2021-12-27T13:29:43","date_gmt":"2021-12-27T11:29:43","guid":{"rendered":"https:\/\/www.laguiadepamplona.com\/actualidad\/?p=38131"},"modified":"2023-04-11T11:48:38","modified_gmt":"2023-04-11T09:48:38","slug":"el-ayuntamiento-de-pamplona-y-la-compania-suakai-ponen-en-marcha-reflejos-una-propuesta-artistica-inmersiva-en-la-que-cada-participante-puede-dirigir-su-propia-banda-sonora-en-direc","status":"publish","type":"post","link":"https:\/\/www.laguiadepamplona.com\/actualidad\/el-ayuntamiento-de-pamplona-y-la-compania-suakai-ponen-en-marcha-reflejos-una-propuesta-artistica-inmersiva-en-la-que-cada-participante-puede-dirigir-su-propia-banda-sonora-en-direc\/","title":{"rendered":"El Ayuntamiento de Pamplona y la compa\u00f1\u00eda Suakai ponen en marcha \u2018Reflejos\u2019, una propuesta art\u00edstica inmersiva en la que cada participante puede dirigir su propia banda sonora en directo"},"content":{"rendered":"<h5>Una carpa situada en Carlos III ofrece hasta el d\u00eda 9 de enero pases cada media hora, que se pueden reservar en la web <a href=\"http:\/\/www.pamplonaescultura.es\" target=\"_blank\" rel=\"noopener\">www.pamplonaescultura.es<\/a><\/h5>\n<p><!--more--><\/p>\n<p>La programaci\u00f3n cultural que el Ayuntamiento de Pamplona ha preparado para estas Navidades incluye la novedosa propuesta interactiva \u2018Reflejos\u2019, que ofrece pases cada media hora desde este lunes d\u00eda 27 hasta el pr\u00f3ximo 9 de enero. El proyecto art\u00edstico de la compa\u00f1\u00eda navarra Suakai adentra al espectador en un mundo en el que de manera virtual puede dirigir hasta a 350 m\u00fasicos para crear su propia banda sonora original. Esta experiencia se ofrece en grupos reducidos de personas, por lo que es necesario reservar el acceso a trav\u00e9s del sistema que ofrece la web <a href=\"http:\/\/www.pamplonaescultura.es\">www.pamplonaescultura.es<\/a><br \/>\n<script async src=\"\/\/pagead2.googlesyndication.com\/pagead\/js\/adsbygoogle.js\"><\/script><br \/>\n<!-- Noticias La Guia de Pamplona --><br \/>\n<ins class=\"adsbygoogle\"\nstyle=\"display:block\"\ndata-ad-client=\"ca-pub-6943679897239327\"\ndata-ad-slot=\"7048180777\"\ndata-ad-format=\"auto\"><\/ins><br \/>\n<script>\n(adsbygoogle = window.adsbygoogle || []).push({});\n<\/script><\/p>\n<p>\u201cReflejos, tu aventura en la m\u00fasica\u201d est\u00e1 trabajando con un concepto \u00fanico dentro de la historia del sector musical, la creaci\u00f3n y composici\u00f3n de una obra desde la perspectiva de interactividad. Es decir, a trav\u00e9s de esta obra de nueva creaci\u00f3n, recae en el p\u00fablico la responsabilidad de escoger qu\u00e9 es lo que se va a escuchar a continuaci\u00f3n, al estilo de los famosos libros \u2018elige tu propia aventura\u2019. Desde el inicio de la experiencia, y a trav\u00e9s de distintas historias relacionadas con el mundo de la m\u00fasica, el oyente, a trav\u00e9s de sus decisiones, puede pasar por m\u00e1s de 300 variables distintas, desembocando en un sinf\u00edn de finales diferentes de estilos totalmente contrastantes.<\/p>\n<p>En esta instalaci\u00f3n, que se ofrecer\u00e1 hasta el d\u00eda 9 de enero en una carpa situada en la avenida Carlos III, frente al Monumento del Encierro, las personas asistentes, colocadas en el lugar central, podr\u00e1n escuchar la m\u00fasica original a trav\u00e9s del sistema \u2018Dolby Atmos\u2019 o sonido envolvente, con numerosos altavoces tanto a su alrededor como en el propio techo de la instalaci\u00f3n. La variedad art\u00edstica de esta propuesta se deja ver en los m\u00faltiples estilos de m\u00fasica con los que se puede interactuar. Desde las bandas sonoras, m\u00fasica cl\u00e1sica o de coros, hasta los mariachis y charangas, pasando por el pop, el rock, el folk. Una gran pantalla permite ver las escenas en las que ir\u00e1n apareciendo todos los colectivos musicales que han participado. Se puede dirigir desde una pantalla t\u00e1ctil m\u00e1s peque\u00f1a, que est\u00e1 a disposici\u00f3n del participante.<br \/>\n<script async src=\"\/\/pagead2.googlesyndication.com\/pagead\/js\/adsbygoogle.js\"><\/script><br \/>\n<!-- Noticias La Guia de Pamplona --><br \/>\n<ins class=\"adsbygoogle\"\nstyle=\"display:block\"\ndata-ad-client=\"ca-pub-6943679897239327\"\ndata-ad-slot=\"7048180777\"\ndata-ad-format=\"auto\"><\/ins><br \/>\n<script>\n(adsbygoogle = window.adsbygoogle || []).push({});\n<\/script><\/p>\n<p><strong>\u2018Reflejos\u2019, un proyecto interactivo \u201cdiferente, innovador, y muy atrevido\u201d<\/strong><\/p>\n<p>\u2018Reflejos, tu aventura en la m\u00fasica\u2019 es un proyecto musical interactivo de la compa\u00f1\u00eda navarra Suakai, dirigida por Claudia Os\u00e9s e Iv\u00e1n Carmona, con la m\u00fasica original de este \u00faltimo. Para llevar a cabo este proyecto, han participado m\u00e1s de 350 m\u00fasicas y m\u00fasicos de todo Navarra de muy diferentes estilos musicales, as\u00ed como un amplio grupo de profesionales del sonido, la iluminaci\u00f3n, la programaci\u00f3n o el audiovisual.<\/p>\n<p><strong>La compa\u00f1\u00eda navarra Suakai<\/strong>\u00a0nace en 2016 con el objetivo de innovar en el mundo de las artes y la m\u00fasica, buscando una especializaci\u00f3n en la\u00a0<strong>producci\u00f3n de espect\u00e1culos musicales y esc\u00e9nicos<\/strong>, as\u00ed como en\u00a0<strong>producciones audiovisuales<\/strong>\u00a0de distintos estilos. Esta compa\u00f1\u00eda cuenta con una plantilla de m\u00fasicos formada por los<strong> instrumentistas de primera l\u00ednea del panorama nacional<\/strong>, que se combinan en distintas formaciones seg\u00fan las necesidades de cada producci\u00f3n. En 2020 uno de sus directores, Iv\u00e1n Carmona recibi\u00f3 el \u201cPremio a la Promoci\u00f3n del Talento Art\u00edstico 2020\u201d, otorgado por Gobierno de Navarra, a ra\u00edz del cual se empieza a desarrollar el proyecto que estas Navidades se muestra en Pamplona, con el que buscaban algo \u201c<strong>diferente<\/strong>, <strong>innovador<\/strong> y <strong>muy atrevido<\/strong>\u201d<br \/>\n<script async src=\"\/\/pagead2.googlesyndication.com\/pagead\/js\/adsbygoogle.js\"><\/script><br \/>\n<!-- Noticias La Guia de Pamplona --><br \/>\n<ins class=\"adsbygoogle\"\nstyle=\"display:block\"\ndata-ad-client=\"ca-pub-6943679897239327\"\ndata-ad-slot=\"7048180777\"\ndata-ad-format=\"auto\"><\/ins><br \/>\n<script>\n(adsbygoogle = window.adsbygoogle || []).push({});\n<\/script><\/p>\n<p>&nbsp;<\/p>\n<h3>Fechas y horarios de representaci\u00f3n<\/h3>\n<ul>\n<li>27 dic &#8211; 10h a 15h y de 16h a 21h<\/li>\n<li>28 dic &#8211; 10h a 15h y de 16h a 21h<\/li>\n<li>29 dic &#8211; 10h a 15h y de 16h a 21h<\/li>\n<li>30 dic &#8211; 10h a 15h y de 16h a 21h<\/li>\n<li>31 dic &#8211; 10h a 15h y de 16h a 19:30<\/li>\n<li>1 ene &#8211; 17h a 21h<\/li>\n<li>2 ene &#8211; 10h a 15h y de 16h a 21h<\/li>\n<li>3 ene &#8211; 10h a 15h y de 16h a 21h<\/li>\n<li>4 ene &#8211; 10h a 15h y de 16h a 21h<\/li>\n<li>5 ene &#8211; 10h a 15h<\/li>\n<li>6 ene &#8211; 17h a 21h<\/li>\n<li>7 ene &#8211; 10h a 15h y de 16h a 21h<\/li>\n<li>8 ene &#8211; 10h a 15h y de 16h a 21h<\/li>\n<li>9 ene &#8211; 10h a 15h y de 16h a 21h<\/li>\n<\/ul>\n","protected":false},"excerpt":{"rendered":"<p>Una carpa situada en Carlos III ofrece hasta el d\u00eda 9 de enero pases cada media hora, que se pueden reservar en la web www.pamplonaescultura.es<\/p>\n","protected":false},"author":1,"featured_media":38132,"comment_status":"open","ping_status":"closed","sticky":false,"template":"","format":"standard","meta":{"footnotes":""},"categories":[2],"tags":[],"class_list":["post-38131","post","type-post","status-publish","format-standard","has-post-thumbnail","hentry","category-ayuntamiento-pamplona"],"yoast_head":"<!-- This site is optimized with the Yoast SEO plugin v27.3 - https:\/\/yoast.com\/product\/yoast-seo-wordpress\/ -->\n<title>El Ayuntamiento de Pamplona y la compa\u00f1\u00eda Suakai ponen en marcha \u2018Reflejos\u2019, una propuesta art\u00edstica inmersiva en la que cada participante puede dirigir su propia banda sonora en directo<\/title>\n<meta name=\"description\" content=\"Una carpa situada en Carlos III ofrece hasta el d\u00eda 9 de enero pases cada media hora, que se pueden reservar en la web www.pamplonaescultura.es\" \/>\n<meta name=\"robots\" content=\"index, follow, max-snippet:-1, max-image-preview:large, max-video-preview:-1\" \/>\n<link rel=\"canonical\" href=\"https:\/\/www.laguiadepamplona.com\/actualidad\/el-ayuntamiento-de-pamplona-y-la-compania-suakai-ponen-en-marcha-reflejos-una-propuesta-artistica-inmersiva-en-la-que-cada-participante-puede-dirigir-su-propia-banda-sonora-en-direc\/\" \/>\n<meta property=\"og:locale\" content=\"es_ES\" \/>\n<meta property=\"og:type\" content=\"article\" \/>\n<meta property=\"og:title\" content=\"El Ayuntamiento de Pamplona y la compa\u00f1\u00eda Suakai ponen en marcha \u2018Reflejos\u2019, una propuesta art\u00edstica inmersiva en la que cada participante puede dirigir su propia banda sonora en directo\" \/>\n<meta property=\"og:description\" content=\"Una carpa situada en Carlos III ofrece hasta el d\u00eda 9 de enero pases cada media hora, que se pueden reservar en la web www.pamplonaescultura.es\" \/>\n<meta property=\"og:url\" content=\"https:\/\/www.laguiadepamplona.com\/actualidad\/el-ayuntamiento-de-pamplona-y-la-compania-suakai-ponen-en-marcha-reflejos-una-propuesta-artistica-inmersiva-en-la-que-cada-participante-puede-dirigir-su-propia-banda-sonora-en-direc\/\" \/>\n<meta property=\"og:site_name\" content=\"La Gu\u00eda de Pamplona\" \/>\n<meta property=\"article:publisher\" content=\"https:\/\/www.facebook.com\/laguiadepamplonacom-133175176762273\/?ref=hl\" \/>\n<meta property=\"article:published_time\" content=\"2021-12-27T11:29:43+00:00\" \/>\n<meta property=\"article:modified_time\" content=\"2023-04-11T09:48:38+00:00\" \/>\n<meta property=\"og:image\" content=\"https:\/\/www.laguiadepamplona.com\/actualidad\/wp-content\/uploads\/2021\/12\/espectsonoroee5a8901-reflejos.jpg\" \/>\n\t<meta property=\"og:image:width\" content=\"1920\" \/>\n\t<meta property=\"og:image:height\" content=\"1280\" \/>\n\t<meta property=\"og:image:type\" content=\"image\/jpeg\" \/>\n<meta name=\"author\" content=\"La Gu\u00eda de Pamplona\" \/>\n<meta name=\"twitter:card\" content=\"summary_large_image\" \/>\n<meta name=\"twitter:creator\" content=\"@LaGuiadPamplona\" \/>\n<meta name=\"twitter:site\" content=\"@LaGuiadPamplona\" \/>\n<meta name=\"twitter:label1\" content=\"Escrito por\" \/>\n\t<meta name=\"twitter:data1\" content=\"La Gu\u00eda de Pamplona\" \/>\n\t<meta name=\"twitter:label2\" content=\"Tiempo de lectura\" \/>\n\t<meta name=\"twitter:data2\" content=\"4 minutos\" \/>\n<script type=\"application\/ld+json\" class=\"yoast-schema-graph\">{\"@context\":\"https:\\\/\\\/schema.org\",\"@graph\":[{\"@type\":\"Article\",\"@id\":\"https:\\\/\\\/www.laguiadepamplona.com\\\/actualidad\\\/el-ayuntamiento-de-pamplona-y-la-compania-suakai-ponen-en-marcha-reflejos-una-propuesta-artistica-inmersiva-en-la-que-cada-participante-puede-dirigir-su-propia-banda-sonora-en-direc\\\/#article\",\"isPartOf\":{\"@id\":\"https:\\\/\\\/www.laguiadepamplona.com\\\/actualidad\\\/el-ayuntamiento-de-pamplona-y-la-compania-suakai-ponen-en-marcha-reflejos-una-propuesta-artistica-inmersiva-en-la-que-cada-participante-puede-dirigir-su-propia-banda-sonora-en-direc\\\/\"},\"author\":{\"name\":\"La Gu\u00eda de Pamplona\",\"@id\":\"https:\\\/\\\/www.laguiadepamplona.com\\\/actualidad\\\/#\\\/schema\\\/person\\\/efe887376f0213d4657c93adc50b1fdb\"},\"headline\":\"El Ayuntamiento de Pamplona y la compa\u00f1\u00eda Suakai ponen en marcha \u2018Reflejos\u2019, una propuesta art\u00edstica inmersiva en la que cada participante puede dirigir su propia banda sonora en directo\",\"datePublished\":\"2021-12-27T11:29:43+00:00\",\"dateModified\":\"2023-04-11T09:48:38+00:00\",\"mainEntityOfPage\":{\"@id\":\"https:\\\/\\\/www.laguiadepamplona.com\\\/actualidad\\\/el-ayuntamiento-de-pamplona-y-la-compania-suakai-ponen-en-marcha-reflejos-una-propuesta-artistica-inmersiva-en-la-que-cada-participante-puede-dirigir-su-propia-banda-sonora-en-direc\\\/\"},\"wordCount\":788,\"commentCount\":0,\"publisher\":{\"@id\":\"https:\\\/\\\/www.laguiadepamplona.com\\\/actualidad\\\/#organization\"},\"image\":{\"@id\":\"https:\\\/\\\/www.laguiadepamplona.com\\\/actualidad\\\/el-ayuntamiento-de-pamplona-y-la-compania-suakai-ponen-en-marcha-reflejos-una-propuesta-artistica-inmersiva-en-la-que-cada-participante-puede-dirigir-su-propia-banda-sonora-en-direc\\\/#primaryimage\"},\"thumbnailUrl\":\"https:\\\/\\\/www.laguiadepamplona.com\\\/actualidad\\\/wp-content\\\/uploads\\\/2021\\\/12\\\/espectsonoroee5a8901-reflejos.jpg\",\"articleSection\":[\"Ayto Pamplona\"],\"inLanguage\":\"es\",\"potentialAction\":[{\"@type\":\"CommentAction\",\"name\":\"Comment\",\"target\":[\"https:\\\/\\\/www.laguiadepamplona.com\\\/actualidad\\\/el-ayuntamiento-de-pamplona-y-la-compania-suakai-ponen-en-marcha-reflejos-una-propuesta-artistica-inmersiva-en-la-que-cada-participante-puede-dirigir-su-propia-banda-sonora-en-direc\\\/#respond\"]}]},{\"@type\":\"WebPage\",\"@id\":\"https:\\\/\\\/www.laguiadepamplona.com\\\/actualidad\\\/el-ayuntamiento-de-pamplona-y-la-compania-suakai-ponen-en-marcha-reflejos-una-propuesta-artistica-inmersiva-en-la-que-cada-participante-puede-dirigir-su-propia-banda-sonora-en-direc\\\/\",\"url\":\"https:\\\/\\\/www.laguiadepamplona.com\\\/actualidad\\\/el-ayuntamiento-de-pamplona-y-la-compania-suakai-ponen-en-marcha-reflejos-una-propuesta-artistica-inmersiva-en-la-que-cada-participante-puede-dirigir-su-propia-banda-sonora-en-direc\\\/\",\"name\":\"El Ayuntamiento de Pamplona y la compa\u00f1\u00eda Suakai ponen en marcha \u2018Reflejos\u2019, una propuesta art\u00edstica inmersiva en la que cada participante puede dirigir su propia banda sonora en directo\",\"isPartOf\":{\"@id\":\"https:\\\/\\\/www.laguiadepamplona.com\\\/actualidad\\\/#website\"},\"primaryImageOfPage\":{\"@id\":\"https:\\\/\\\/www.laguiadepamplona.com\\\/actualidad\\\/el-ayuntamiento-de-pamplona-y-la-compania-suakai-ponen-en-marcha-reflejos-una-propuesta-artistica-inmersiva-en-la-que-cada-participante-puede-dirigir-su-propia-banda-sonora-en-direc\\\/#primaryimage\"},\"image\":{\"@id\":\"https:\\\/\\\/www.laguiadepamplona.com\\\/actualidad\\\/el-ayuntamiento-de-pamplona-y-la-compania-suakai-ponen-en-marcha-reflejos-una-propuesta-artistica-inmersiva-en-la-que-cada-participante-puede-dirigir-su-propia-banda-sonora-en-direc\\\/#primaryimage\"},\"thumbnailUrl\":\"https:\\\/\\\/www.laguiadepamplona.com\\\/actualidad\\\/wp-content\\\/uploads\\\/2021\\\/12\\\/espectsonoroee5a8901-reflejos.jpg\",\"datePublished\":\"2021-12-27T11:29:43+00:00\",\"dateModified\":\"2023-04-11T09:48:38+00:00\",\"description\":\"Una carpa situada en Carlos III ofrece hasta el d\u00eda 9 de enero pases cada media hora, que se pueden reservar en la web www.pamplonaescultura.es\",\"breadcrumb\":{\"@id\":\"https:\\\/\\\/www.laguiadepamplona.com\\\/actualidad\\\/el-ayuntamiento-de-pamplona-y-la-compania-suakai-ponen-en-marcha-reflejos-una-propuesta-artistica-inmersiva-en-la-que-cada-participante-puede-dirigir-su-propia-banda-sonora-en-direc\\\/#breadcrumb\"},\"inLanguage\":\"es\",\"potentialAction\":[{\"@type\":\"ReadAction\",\"target\":[\"https:\\\/\\\/www.laguiadepamplona.com\\\/actualidad\\\/el-ayuntamiento-de-pamplona-y-la-compania-suakai-ponen-en-marcha-reflejos-una-propuesta-artistica-inmersiva-en-la-que-cada-participante-puede-dirigir-su-propia-banda-sonora-en-direc\\\/\"]}]},{\"@type\":\"ImageObject\",\"inLanguage\":\"es\",\"@id\":\"https:\\\/\\\/www.laguiadepamplona.com\\\/actualidad\\\/el-ayuntamiento-de-pamplona-y-la-compania-suakai-ponen-en-marcha-reflejos-una-propuesta-artistica-inmersiva-en-la-que-cada-participante-puede-dirigir-su-propia-banda-sonora-en-direc\\\/#primaryimage\",\"url\":\"https:\\\/\\\/www.laguiadepamplona.com\\\/actualidad\\\/wp-content\\\/uploads\\\/2021\\\/12\\\/espectsonoroee5a8901-reflejos.jpg\",\"contentUrl\":\"https:\\\/\\\/www.laguiadepamplona.com\\\/actualidad\\\/wp-content\\\/uploads\\\/2021\\\/12\\\/espectsonoroee5a8901-reflejos.jpg\",\"width\":1920,\"height\":1280},{\"@type\":\"BreadcrumbList\",\"@id\":\"https:\\\/\\\/www.laguiadepamplona.com\\\/actualidad\\\/el-ayuntamiento-de-pamplona-y-la-compania-suakai-ponen-en-marcha-reflejos-una-propuesta-artistica-inmersiva-en-la-que-cada-participante-puede-dirigir-su-propia-banda-sonora-en-direc\\\/#breadcrumb\",\"itemListElement\":[{\"@type\":\"ListItem\",\"position\":1,\"name\":\"Portada\",\"item\":\"https:\\\/\\\/www.laguiadepamplona.com\\\/actualidad\\\/\"},{\"@type\":\"ListItem\",\"position\":2,\"name\":\"El Ayuntamiento de Pamplona y la compa\u00f1\u00eda Suakai ponen en marcha \u2018Reflejos\u2019, una propuesta art\u00edstica inmersiva en la que cada participante puede dirigir su propia banda sonora en directo\"}]},{\"@type\":\"WebSite\",\"@id\":\"https:\\\/\\\/www.laguiadepamplona.com\\\/actualidad\\\/#website\",\"url\":\"https:\\\/\\\/www.laguiadepamplona.com\\\/actualidad\\\/\",\"name\":\"La gu\u00eda de Pamplona\",\"description\":\"Noticias de Pamplona\",\"publisher\":{\"@id\":\"https:\\\/\\\/www.laguiadepamplona.com\\\/actualidad\\\/#organization\"},\"potentialAction\":[{\"@type\":\"SearchAction\",\"target\":{\"@type\":\"EntryPoint\",\"urlTemplate\":\"https:\\\/\\\/www.laguiadepamplona.com\\\/actualidad\\\/?s={search_term_string}\"},\"query-input\":{\"@type\":\"PropertyValueSpecification\",\"valueRequired\":true,\"valueName\":\"search_term_string\"}}],\"inLanguage\":\"es\"},{\"@type\":\"Organization\",\"@id\":\"https:\\\/\\\/www.laguiadepamplona.com\\\/actualidad\\\/#organization\",\"name\":\"La Gu\u00eda de Pamplona \\\/ Noticias\",\"url\":\"https:\\\/\\\/www.laguiadepamplona.com\\\/actualidad\\\/\",\"logo\":{\"@type\":\"ImageObject\",\"inLanguage\":\"es\",\"@id\":\"https:\\\/\\\/www.laguiadepamplona.com\\\/actualidad\\\/#\\\/schema\\\/logo\\\/image\\\/\",\"url\":\"https:\\\/\\\/www.laguiadepamplona.com\\\/actualidad\\\/wp-content\\\/uploads\\\/2018\\\/11\\\/logo-laguiadepamplona18-web1.png\",\"contentUrl\":\"https:\\\/\\\/www.laguiadepamplona.com\\\/actualidad\\\/wp-content\\\/uploads\\\/2018\\\/11\\\/logo-laguiadepamplona18-web1.png\",\"width\":600,\"height\":196,\"caption\":\"La Gu\u00eda de Pamplona \\\/ Noticias\"},\"image\":{\"@id\":\"https:\\\/\\\/www.laguiadepamplona.com\\\/actualidad\\\/#\\\/schema\\\/logo\\\/image\\\/\"},\"sameAs\":[\"https:\\\/\\\/www.facebook.com\\\/laguiadepamplonacom-133175176762273\\\/?ref=hl\",\"https:\\\/\\\/x.com\\\/LaGuiadPamplona\",\"https:\\\/\\\/www.instagram.com\\\/la_guia_de_pamplona\\\/\",\"https:\\\/\\\/www.youtube.com\\\/user\\\/laguiadepamplona\"]},{\"@type\":\"Person\",\"@id\":\"https:\\\/\\\/www.laguiadepamplona.com\\\/actualidad\\\/#\\\/schema\\\/person\\\/efe887376f0213d4657c93adc50b1fdb\",\"name\":\"La Gu\u00eda de Pamplona\",\"image\":{\"@type\":\"ImageObject\",\"inLanguage\":\"es\",\"@id\":\"https:\\\/\\\/secure.gravatar.com\\\/avatar\\\/b6992f131dc8d30ab0dff15446e9d346d9dbd95992de0fef795073f5ea83a81c?s=96&d=mm&r=g\",\"url\":\"https:\\\/\\\/secure.gravatar.com\\\/avatar\\\/b6992f131dc8d30ab0dff15446e9d346d9dbd95992de0fef795073f5ea83a81c?s=96&d=mm&r=g\",\"contentUrl\":\"https:\\\/\\\/secure.gravatar.com\\\/avatar\\\/b6992f131dc8d30ab0dff15446e9d346d9dbd95992de0fef795073f5ea83a81c?s=96&d=mm&r=g\",\"caption\":\"La Gu\u00eda de Pamplona\"}}]}<\/script>\n<!-- \/ Yoast SEO plugin. -->","yoast_head_json":{"title":"El Ayuntamiento de Pamplona y la compa\u00f1\u00eda Suakai ponen en marcha \u2018Reflejos\u2019, una propuesta art\u00edstica inmersiva en la que cada participante puede dirigir su propia banda sonora en directo","description":"Una carpa situada en Carlos III ofrece hasta el d\u00eda 9 de enero pases cada media hora, que se pueden reservar en la web www.pamplonaescultura.es","robots":{"index":"index","follow":"follow","max-snippet":"max-snippet:-1","max-image-preview":"max-image-preview:large","max-video-preview":"max-video-preview:-1"},"canonical":"https:\/\/www.laguiadepamplona.com\/actualidad\/el-ayuntamiento-de-pamplona-y-la-compania-suakai-ponen-en-marcha-reflejos-una-propuesta-artistica-inmersiva-en-la-que-cada-participante-puede-dirigir-su-propia-banda-sonora-en-direc\/","og_locale":"es_ES","og_type":"article","og_title":"El Ayuntamiento de Pamplona y la compa\u00f1\u00eda Suakai ponen en marcha \u2018Reflejos\u2019, una propuesta art\u00edstica inmersiva en la que cada participante puede dirigir su propia banda sonora en directo","og_description":"Una carpa situada en Carlos III ofrece hasta el d\u00eda 9 de enero pases cada media hora, que se pueden reservar en la web www.pamplonaescultura.es","og_url":"https:\/\/www.laguiadepamplona.com\/actualidad\/el-ayuntamiento-de-pamplona-y-la-compania-suakai-ponen-en-marcha-reflejos-una-propuesta-artistica-inmersiva-en-la-que-cada-participante-puede-dirigir-su-propia-banda-sonora-en-direc\/","og_site_name":"La Gu\u00eda de Pamplona","article_publisher":"https:\/\/www.facebook.com\/laguiadepamplonacom-133175176762273\/?ref=hl","article_published_time":"2021-12-27T11:29:43+00:00","article_modified_time":"2023-04-11T09:48:38+00:00","og_image":[{"width":1920,"height":1280,"url":"https:\/\/www.laguiadepamplona.com\/actualidad\/wp-content\/uploads\/2021\/12\/espectsonoroee5a8901-reflejos.jpg","type":"image\/jpeg"}],"author":"La Gu\u00eda de Pamplona","twitter_card":"summary_large_image","twitter_creator":"@LaGuiadPamplona","twitter_site":"@LaGuiadPamplona","twitter_misc":{"Escrito por":"La Gu\u00eda de Pamplona","Tiempo de lectura":"4 minutos"},"schema":{"@context":"https:\/\/schema.org","@graph":[{"@type":"Article","@id":"https:\/\/www.laguiadepamplona.com\/actualidad\/el-ayuntamiento-de-pamplona-y-la-compania-suakai-ponen-en-marcha-reflejos-una-propuesta-artistica-inmersiva-en-la-que-cada-participante-puede-dirigir-su-propia-banda-sonora-en-direc\/#article","isPartOf":{"@id":"https:\/\/www.laguiadepamplona.com\/actualidad\/el-ayuntamiento-de-pamplona-y-la-compania-suakai-ponen-en-marcha-reflejos-una-propuesta-artistica-inmersiva-en-la-que-cada-participante-puede-dirigir-su-propia-banda-sonora-en-direc\/"},"author":{"name":"La Gu\u00eda de Pamplona","@id":"https:\/\/www.laguiadepamplona.com\/actualidad\/#\/schema\/person\/efe887376f0213d4657c93adc50b1fdb"},"headline":"El Ayuntamiento de Pamplona y la compa\u00f1\u00eda Suakai ponen en marcha \u2018Reflejos\u2019, una propuesta art\u00edstica inmersiva en la que cada participante puede dirigir su propia banda sonora en directo","datePublished":"2021-12-27T11:29:43+00:00","dateModified":"2023-04-11T09:48:38+00:00","mainEntityOfPage":{"@id":"https:\/\/www.laguiadepamplona.com\/actualidad\/el-ayuntamiento-de-pamplona-y-la-compania-suakai-ponen-en-marcha-reflejos-una-propuesta-artistica-inmersiva-en-la-que-cada-participante-puede-dirigir-su-propia-banda-sonora-en-direc\/"},"wordCount":788,"commentCount":0,"publisher":{"@id":"https:\/\/www.laguiadepamplona.com\/actualidad\/#organization"},"image":{"@id":"https:\/\/www.laguiadepamplona.com\/actualidad\/el-ayuntamiento-de-pamplona-y-la-compania-suakai-ponen-en-marcha-reflejos-una-propuesta-artistica-inmersiva-en-la-que-cada-participante-puede-dirigir-su-propia-banda-sonora-en-direc\/#primaryimage"},"thumbnailUrl":"https:\/\/www.laguiadepamplona.com\/actualidad\/wp-content\/uploads\/2021\/12\/espectsonoroee5a8901-reflejos.jpg","articleSection":["Ayto Pamplona"],"inLanguage":"es","potentialAction":[{"@type":"CommentAction","name":"Comment","target":["https:\/\/www.laguiadepamplona.com\/actualidad\/el-ayuntamiento-de-pamplona-y-la-compania-suakai-ponen-en-marcha-reflejos-una-propuesta-artistica-inmersiva-en-la-que-cada-participante-puede-dirigir-su-propia-banda-sonora-en-direc\/#respond"]}]},{"@type":"WebPage","@id":"https:\/\/www.laguiadepamplona.com\/actualidad\/el-ayuntamiento-de-pamplona-y-la-compania-suakai-ponen-en-marcha-reflejos-una-propuesta-artistica-inmersiva-en-la-que-cada-participante-puede-dirigir-su-propia-banda-sonora-en-direc\/","url":"https:\/\/www.laguiadepamplona.com\/actualidad\/el-ayuntamiento-de-pamplona-y-la-compania-suakai-ponen-en-marcha-reflejos-una-propuesta-artistica-inmersiva-en-la-que-cada-participante-puede-dirigir-su-propia-banda-sonora-en-direc\/","name":"El Ayuntamiento de Pamplona y la compa\u00f1\u00eda Suakai ponen en marcha \u2018Reflejos\u2019, una propuesta art\u00edstica inmersiva en la que cada participante puede dirigir su propia banda sonora en directo","isPartOf":{"@id":"https:\/\/www.laguiadepamplona.com\/actualidad\/#website"},"primaryImageOfPage":{"@id":"https:\/\/www.laguiadepamplona.com\/actualidad\/el-ayuntamiento-de-pamplona-y-la-compania-suakai-ponen-en-marcha-reflejos-una-propuesta-artistica-inmersiva-en-la-que-cada-participante-puede-dirigir-su-propia-banda-sonora-en-direc\/#primaryimage"},"image":{"@id":"https:\/\/www.laguiadepamplona.com\/actualidad\/el-ayuntamiento-de-pamplona-y-la-compania-suakai-ponen-en-marcha-reflejos-una-propuesta-artistica-inmersiva-en-la-que-cada-participante-puede-dirigir-su-propia-banda-sonora-en-direc\/#primaryimage"},"thumbnailUrl":"https:\/\/www.laguiadepamplona.com\/actualidad\/wp-content\/uploads\/2021\/12\/espectsonoroee5a8901-reflejos.jpg","datePublished":"2021-12-27T11:29:43+00:00","dateModified":"2023-04-11T09:48:38+00:00","description":"Una carpa situada en Carlos III ofrece hasta el d\u00eda 9 de enero pases cada media hora, que se pueden reservar en la web www.pamplonaescultura.es","breadcrumb":{"@id":"https:\/\/www.laguiadepamplona.com\/actualidad\/el-ayuntamiento-de-pamplona-y-la-compania-suakai-ponen-en-marcha-reflejos-una-propuesta-artistica-inmersiva-en-la-que-cada-participante-puede-dirigir-su-propia-banda-sonora-en-direc\/#breadcrumb"},"inLanguage":"es","potentialAction":[{"@type":"ReadAction","target":["https:\/\/www.laguiadepamplona.com\/actualidad\/el-ayuntamiento-de-pamplona-y-la-compania-suakai-ponen-en-marcha-reflejos-una-propuesta-artistica-inmersiva-en-la-que-cada-participante-puede-dirigir-su-propia-banda-sonora-en-direc\/"]}]},{"@type":"ImageObject","inLanguage":"es","@id":"https:\/\/www.laguiadepamplona.com\/actualidad\/el-ayuntamiento-de-pamplona-y-la-compania-suakai-ponen-en-marcha-reflejos-una-propuesta-artistica-inmersiva-en-la-que-cada-participante-puede-dirigir-su-propia-banda-sonora-en-direc\/#primaryimage","url":"https:\/\/www.laguiadepamplona.com\/actualidad\/wp-content\/uploads\/2021\/12\/espectsonoroee5a8901-reflejos.jpg","contentUrl":"https:\/\/www.laguiadepamplona.com\/actualidad\/wp-content\/uploads\/2021\/12\/espectsonoroee5a8901-reflejos.jpg","width":1920,"height":1280},{"@type":"BreadcrumbList","@id":"https:\/\/www.laguiadepamplona.com\/actualidad\/el-ayuntamiento-de-pamplona-y-la-compania-suakai-ponen-en-marcha-reflejos-una-propuesta-artistica-inmersiva-en-la-que-cada-participante-puede-dirigir-su-propia-banda-sonora-en-direc\/#breadcrumb","itemListElement":[{"@type":"ListItem","position":1,"name":"Portada","item":"https:\/\/www.laguiadepamplona.com\/actualidad\/"},{"@type":"ListItem","position":2,"name":"El Ayuntamiento de Pamplona y la compa\u00f1\u00eda Suakai ponen en marcha \u2018Reflejos\u2019, una propuesta art\u00edstica inmersiva en la que cada participante puede dirigir su propia banda sonora en directo"}]},{"@type":"WebSite","@id":"https:\/\/www.laguiadepamplona.com\/actualidad\/#website","url":"https:\/\/www.laguiadepamplona.com\/actualidad\/","name":"La gu\u00eda de Pamplona","description":"Noticias de Pamplona","publisher":{"@id":"https:\/\/www.laguiadepamplona.com\/actualidad\/#organization"},"potentialAction":[{"@type":"SearchAction","target":{"@type":"EntryPoint","urlTemplate":"https:\/\/www.laguiadepamplona.com\/actualidad\/?s={search_term_string}"},"query-input":{"@type":"PropertyValueSpecification","valueRequired":true,"valueName":"search_term_string"}}],"inLanguage":"es"},{"@type":"Organization","@id":"https:\/\/www.laguiadepamplona.com\/actualidad\/#organization","name":"La Gu\u00eda de Pamplona \/ Noticias","url":"https:\/\/www.laguiadepamplona.com\/actualidad\/","logo":{"@type":"ImageObject","inLanguage":"es","@id":"https:\/\/www.laguiadepamplona.com\/actualidad\/#\/schema\/logo\/image\/","url":"https:\/\/www.laguiadepamplona.com\/actualidad\/wp-content\/uploads\/2018\/11\/logo-laguiadepamplona18-web1.png","contentUrl":"https:\/\/www.laguiadepamplona.com\/actualidad\/wp-content\/uploads\/2018\/11\/logo-laguiadepamplona18-web1.png","width":600,"height":196,"caption":"La Gu\u00eda de Pamplona \/ Noticias"},"image":{"@id":"https:\/\/www.laguiadepamplona.com\/actualidad\/#\/schema\/logo\/image\/"},"sameAs":["https:\/\/www.facebook.com\/laguiadepamplonacom-133175176762273\/?ref=hl","https:\/\/x.com\/LaGuiadPamplona","https:\/\/www.instagram.com\/la_guia_de_pamplona\/","https:\/\/www.youtube.com\/user\/laguiadepamplona"]},{"@type":"Person","@id":"https:\/\/www.laguiadepamplona.com\/actualidad\/#\/schema\/person\/efe887376f0213d4657c93adc50b1fdb","name":"La Gu\u00eda de Pamplona","image":{"@type":"ImageObject","inLanguage":"es","@id":"https:\/\/secure.gravatar.com\/avatar\/b6992f131dc8d30ab0dff15446e9d346d9dbd95992de0fef795073f5ea83a81c?s=96&d=mm&r=g","url":"https:\/\/secure.gravatar.com\/avatar\/b6992f131dc8d30ab0dff15446e9d346d9dbd95992de0fef795073f5ea83a81c?s=96&d=mm&r=g","contentUrl":"https:\/\/secure.gravatar.com\/avatar\/b6992f131dc8d30ab0dff15446e9d346d9dbd95992de0fef795073f5ea83a81c?s=96&d=mm&r=g","caption":"La Gu\u00eda de Pamplona"}}]}},"post_mailing_queue_ids":[],"_links":{"self":[{"href":"https:\/\/www.laguiadepamplona.com\/actualidad\/wp-json\/wp\/v2\/posts\/38131","targetHints":{"allow":["GET"]}}],"collection":[{"href":"https:\/\/www.laguiadepamplona.com\/actualidad\/wp-json\/wp\/v2\/posts"}],"about":[{"href":"https:\/\/www.laguiadepamplona.com\/actualidad\/wp-json\/wp\/v2\/types\/post"}],"author":[{"embeddable":true,"href":"https:\/\/www.laguiadepamplona.com\/actualidad\/wp-json\/wp\/v2\/users\/1"}],"replies":[{"embeddable":true,"href":"https:\/\/www.laguiadepamplona.com\/actualidad\/wp-json\/wp\/v2\/comments?post=38131"}],"version-history":[{"count":0,"href":"https:\/\/www.laguiadepamplona.com\/actualidad\/wp-json\/wp\/v2\/posts\/38131\/revisions"}],"wp:featuredmedia":[{"embeddable":true,"href":"https:\/\/www.laguiadepamplona.com\/actualidad\/wp-json\/wp\/v2\/media\/38132"}],"wp:attachment":[{"href":"https:\/\/www.laguiadepamplona.com\/actualidad\/wp-json\/wp\/v2\/media?parent=38131"}],"wp:term":[{"taxonomy":"category","embeddable":true,"href":"https:\/\/www.laguiadepamplona.com\/actualidad\/wp-json\/wp\/v2\/categories?post=38131"},{"taxonomy":"post_tag","embeddable":true,"href":"https:\/\/www.laguiadepamplona.com\/actualidad\/wp-json\/wp\/v2\/tags?post=38131"}],"curies":[{"name":"wp","href":"https:\/\/api.w.org\/{rel}","templated":true}]}}