{"id":38111,"date":"2021-12-23T19:47:15","date_gmt":"2021-12-23T17:47:15","guid":{"rendered":"https:\/\/www.laguiadepamplona.com\/actualidad\/?p=38111"},"modified":"2023-04-11T11:48:38","modified_gmt":"2023-04-11T09:48:38","slug":"la-semana-que-viene-finalizaran-los-trabajos-para-colocar-el-andamiaje-en-el-lado-de-la-media-luna-para-las-labores-de-refuerzo-y-acondicionamiento-de-la-pasarela-de-labrit","status":"publish","type":"post","link":"https:\/\/www.laguiadepamplona.com\/actualidad\/la-semana-que-viene-finalizaran-los-trabajos-para-colocar-el-andamiaje-en-el-lado-de-la-media-luna-para-las-labores-de-refuerzo-y-acondicionamiento-de-la-pasarela-de-labrit\/","title":{"rendered":"La semana que viene finalizar\u00e1n los trabajos para colocar el andamiaje en el lado de la Media Luna para las labores de refuerzo y acondicionamiento de la pasarela de Labrit"},"content":{"rendered":"<h5>Los trabajos concluir\u00e1n la semana que viene y no conllevar\u00e1n, por el momento, afecciones al tr\u00e1fico o al tr\u00e1nsito peatonal<\/h5>\n<p><!--more--><\/p>\n<p>Durante estos d\u00edas se est\u00e1 montando en el entorno de la pasarela de Labrit la continuaci\u00f3n del sistema de cimbras que se requiere para acometer los trabajos de refuerzo y acondicionamiento de esa infraestructura. Se prev\u00e9 que ese montaje finalice para el pr\u00f3ximo martes. Por el momento, esos trabajos no suponen una afecci\u00f3n al tr\u00e1fico de veh\u00edculos ni al tr\u00e1nsito peatonal. A partir de enero, con los nuevos montajes previstos, s\u00ed que podr\u00eda ser necesaria una restricci\u00f3n parcial del tr\u00e1fico.<br \/>\n<script async src=\"\/\/pagead2.googlesyndication.com\/pagead\/js\/adsbygoogle.js\"><\/script><br \/>\n<!-- Noticias La Guia de Pamplona --><br \/>\n<ins class=\"adsbygoogle\"\nstyle=\"display:block\"\ndata-ad-client=\"ca-pub-6943679897239327\"\ndata-ad-slot=\"7048180777\"\ndata-ad-format=\"auto\"><\/ins><br \/>\n<script>\n(adsbygoogle = window.adsbygoogle || []).push({});\n<\/script><\/p>\n<p>En primera instancia, a finales del mes de octubre, se colocaron las estructuras de varias torres que pueden verse ya en la parte inferior del lado m\u00e1s cercano al front\u00f3n Labrit. Ahora, se est\u00e1 colocando el andamiaje del lado de Media Luna, en concreto, el volumen situado entre el estribo de Media Luna y la calzada. Los trabajos comenzaron ayer mi\u00e9rcoles y continuar\u00e1n hoy y ma\u00f1ana y durante los primeros d\u00edas de la semana que viene. Posteriormente, con toda probabilidad despu\u00e9s de Navidad, a partir del 10 de enero, se colocar\u00e1 el resto del andamiaje, con dos estructuras (torres), una en el vano entre la acera y el estribo de Media Luna y otra hacia la acera de ese lado, as\u00ed como los elementos de base para el desarrollo del trabajo del personal operario de hidrolimpieza y metalista.<\/p>\n<p>Las cuatro torres de apoyo previstas y la cimbra dotar\u00e1n a las personas encargadas de realizar esos trabajos para el refuerzo estructural y acondicionamiento de la pasarela del Labrit de las condiciones de seguridad y comodidad necesarias. De esta forma, se asegura la estructura durante la reparaci\u00f3n y se facilita el acceso al personal a la zona inferior del tablero de la pasarela. El proyecto mantiene la misma estructura y la est\u00e9tica actual e incluye el refuerzo de las cimentaciones y de otros elementos de la pasarela, adem\u00e1s de la hidrolimpieza para eliminar la corrosi\u00f3n y reposici\u00f3n de chapas da\u00f1adas.<\/p>\n","protected":false},"excerpt":{"rendered":"<p>Los trabajos concluir\u00e1n la semana que viene y no conllevar\u00e1n, por el momento, afecciones al tr\u00e1fico o al tr\u00e1nsito peatonal<\/p>\n","protected":false},"author":1,"featured_media":34429,"comment_status":"open","ping_status":"closed","sticky":false,"template":"","format":"standard","meta":{"footnotes":""},"categories":[2],"tags":[],"class_list":["post-38111","post","type-post","status-publish","format-standard","has-post-thumbnail","hentry","category-ayuntamiento-pamplona"],"yoast_head":"<!-- This site is optimized with the Yoast SEO plugin v27.5 - https:\/\/yoast.com\/product\/yoast-seo-wordpress\/ -->\n<title>La semana que viene finalizar\u00e1n los trabajos para colocar el andamiaje en el lado de la Media Luna para las labores de refuerzo y acondicionamiento de la pasarela de Labrit<\/title>\n<meta name=\"description\" content=\"Los trabajos concluir\u00e1n la semana que viene y no conllevar\u00e1n, por el momento, afecciones al tr\u00e1fico o al tr\u00e1nsito peatonal\" \/>\n<meta name=\"robots\" content=\"index, follow, max-snippet:-1, max-image-preview:large, max-video-preview:-1\" \/>\n<link rel=\"canonical\" href=\"https:\/\/www.laguiadepamplona.com\/actualidad\/la-semana-que-viene-finalizaran-los-trabajos-para-colocar-el-andamiaje-en-el-lado-de-la-media-luna-para-las-labores-de-refuerzo-y-acondicionamiento-de-la-pasarela-de-labrit\/\" \/>\n<meta property=\"og:locale\" content=\"es_ES\" \/>\n<meta property=\"og:type\" content=\"article\" \/>\n<meta property=\"og:title\" content=\"La semana que viene finalizar\u00e1n los trabajos para colocar el andamiaje en el lado de la Media Luna para las labores de refuerzo y acondicionamiento de la pasarela de Labrit\" \/>\n<meta property=\"og:description\" content=\"Los trabajos concluir\u00e1n la semana que viene y no conllevar\u00e1n, por el momento, afecciones al tr\u00e1fico o al tr\u00e1nsito peatonal\" \/>\n<meta property=\"og:url\" content=\"https:\/\/www.laguiadepamplona.com\/actualidad\/la-semana-que-viene-finalizaran-los-trabajos-para-colocar-el-andamiaje-en-el-lado-de-la-media-luna-para-las-labores-de-refuerzo-y-acondicionamiento-de-la-pasarela-de-labrit\/\" \/>\n<meta property=\"og:site_name\" content=\"La Gu\u00eda de Pamplona\" \/>\n<meta property=\"article:publisher\" content=\"https:\/\/www.facebook.com\/laguiadepamplonacom-133175176762273\/?ref=hl\" \/>\n<meta property=\"article:published_time\" content=\"2021-12-23T17:47:15+00:00\" \/>\n<meta property=\"article:modified_time\" content=\"2023-04-11T09:48:38+00:00\" \/>\n<meta property=\"og:image\" content=\"https:\/\/www.laguiadepamplona.com\/actualidad\/wp-content\/uploads\/2021\/04\/Pasarela-Labrit_P1160494.jpg\" \/>\n\t<meta property=\"og:image:width\" content=\"1920\" \/>\n\t<meta property=\"og:image:height\" content=\"1281\" \/>\n\t<meta property=\"og:image:type\" content=\"image\/jpeg\" \/>\n<meta name=\"author\" content=\"La Gu\u00eda de Pamplona\" \/>\n<meta name=\"twitter:card\" content=\"summary_large_image\" \/>\n<meta name=\"twitter:creator\" content=\"@LaGuiadPamplona\" \/>\n<meta name=\"twitter:site\" content=\"@LaGuiadPamplona\" \/>\n<meta name=\"twitter:label1\" content=\"Escrito por\" \/>\n\t<meta name=\"twitter:data1\" content=\"La Gu\u00eda de Pamplona\" \/>\n\t<meta name=\"twitter:label2\" content=\"Tiempo de lectura\" \/>\n\t<meta name=\"twitter:data2\" content=\"2 minutos\" \/>\n<script type=\"application\/ld+json\" class=\"yoast-schema-graph\">{\"@context\":\"https:\\\/\\\/schema.org\",\"@graph\":[{\"@type\":\"Article\",\"@id\":\"https:\\\/\\\/www.laguiadepamplona.com\\\/actualidad\\\/la-semana-que-viene-finalizaran-los-trabajos-para-colocar-el-andamiaje-en-el-lado-de-la-media-luna-para-las-labores-de-refuerzo-y-acondicionamiento-de-la-pasarela-de-labrit\\\/#article\",\"isPartOf\":{\"@id\":\"https:\\\/\\\/www.laguiadepamplona.com\\\/actualidad\\\/la-semana-que-viene-finalizaran-los-trabajos-para-colocar-el-andamiaje-en-el-lado-de-la-media-luna-para-las-labores-de-refuerzo-y-acondicionamiento-de-la-pasarela-de-labrit\\\/\"},\"author\":{\"name\":\"La Gu\u00eda de Pamplona\",\"@id\":\"https:\\\/\\\/www.laguiadepamplona.com\\\/actualidad\\\/#\\\/schema\\\/person\\\/efe887376f0213d4657c93adc50b1fdb\"},\"headline\":\"La semana que viene finalizar\u00e1n los trabajos para colocar el andamiaje en el lado de la Media Luna para las labores de refuerzo y acondicionamiento de la pasarela de Labrit\",\"datePublished\":\"2021-12-23T17:47:15+00:00\",\"dateModified\":\"2023-04-11T09:48:38+00:00\",\"mainEntityOfPage\":{\"@id\":\"https:\\\/\\\/www.laguiadepamplona.com\\\/actualidad\\\/la-semana-que-viene-finalizaran-los-trabajos-para-colocar-el-andamiaje-en-el-lado-de-la-media-luna-para-las-labores-de-refuerzo-y-acondicionamiento-de-la-pasarela-de-labrit\\\/\"},\"wordCount\":396,\"commentCount\":0,\"publisher\":{\"@id\":\"https:\\\/\\\/www.laguiadepamplona.com\\\/actualidad\\\/#organization\"},\"image\":{\"@id\":\"https:\\\/\\\/www.laguiadepamplona.com\\\/actualidad\\\/la-semana-que-viene-finalizaran-los-trabajos-para-colocar-el-andamiaje-en-el-lado-de-la-media-luna-para-las-labores-de-refuerzo-y-acondicionamiento-de-la-pasarela-de-labrit\\\/#primaryimage\"},\"thumbnailUrl\":\"https:\\\/\\\/www.laguiadepamplona.com\\\/actualidad\\\/wp-content\\\/uploads\\\/2021\\\/04\\\/Pasarela-Labrit_P1160494.jpg\",\"articleSection\":[\"Ayto Pamplona\"],\"inLanguage\":\"es\",\"potentialAction\":[{\"@type\":\"CommentAction\",\"name\":\"Comment\",\"target\":[\"https:\\\/\\\/www.laguiadepamplona.com\\\/actualidad\\\/la-semana-que-viene-finalizaran-los-trabajos-para-colocar-el-andamiaje-en-el-lado-de-la-media-luna-para-las-labores-de-refuerzo-y-acondicionamiento-de-la-pasarela-de-labrit\\\/#respond\"]}]},{\"@type\":\"WebPage\",\"@id\":\"https:\\\/\\\/www.laguiadepamplona.com\\\/actualidad\\\/la-semana-que-viene-finalizaran-los-trabajos-para-colocar-el-andamiaje-en-el-lado-de-la-media-luna-para-las-labores-de-refuerzo-y-acondicionamiento-de-la-pasarela-de-labrit\\\/\",\"url\":\"https:\\\/\\\/www.laguiadepamplona.com\\\/actualidad\\\/la-semana-que-viene-finalizaran-los-trabajos-para-colocar-el-andamiaje-en-el-lado-de-la-media-luna-para-las-labores-de-refuerzo-y-acondicionamiento-de-la-pasarela-de-labrit\\\/\",\"name\":\"La semana que viene finalizar\u00e1n los trabajos para colocar el andamiaje en el lado de la Media Luna para las labores de refuerzo y acondicionamiento de la pasarela de Labrit\",\"isPartOf\":{\"@id\":\"https:\\\/\\\/www.laguiadepamplona.com\\\/actualidad\\\/#website\"},\"primaryImageOfPage\":{\"@id\":\"https:\\\/\\\/www.laguiadepamplona.com\\\/actualidad\\\/la-semana-que-viene-finalizaran-los-trabajos-para-colocar-el-andamiaje-en-el-lado-de-la-media-luna-para-las-labores-de-refuerzo-y-acondicionamiento-de-la-pasarela-de-labrit\\\/#primaryimage\"},\"image\":{\"@id\":\"https:\\\/\\\/www.laguiadepamplona.com\\\/actualidad\\\/la-semana-que-viene-finalizaran-los-trabajos-para-colocar-el-andamiaje-en-el-lado-de-la-media-luna-para-las-labores-de-refuerzo-y-acondicionamiento-de-la-pasarela-de-labrit\\\/#primaryimage\"},\"thumbnailUrl\":\"https:\\\/\\\/www.laguiadepamplona.com\\\/actualidad\\\/wp-content\\\/uploads\\\/2021\\\/04\\\/Pasarela-Labrit_P1160494.jpg\",\"datePublished\":\"2021-12-23T17:47:15+00:00\",\"dateModified\":\"2023-04-11T09:48:38+00:00\",\"description\":\"Los trabajos concluir\u00e1n la semana que viene y no conllevar\u00e1n, por el momento, afecciones al tr\u00e1fico o al tr\u00e1nsito peatonal\",\"breadcrumb\":{\"@id\":\"https:\\\/\\\/www.laguiadepamplona.com\\\/actualidad\\\/la-semana-que-viene-finalizaran-los-trabajos-para-colocar-el-andamiaje-en-el-lado-de-la-media-luna-para-las-labores-de-refuerzo-y-acondicionamiento-de-la-pasarela-de-labrit\\\/#breadcrumb\"},\"inLanguage\":\"es\",\"potentialAction\":[{\"@type\":\"ReadAction\",\"target\":[\"https:\\\/\\\/www.laguiadepamplona.com\\\/actualidad\\\/la-semana-que-viene-finalizaran-los-trabajos-para-colocar-el-andamiaje-en-el-lado-de-la-media-luna-para-las-labores-de-refuerzo-y-acondicionamiento-de-la-pasarela-de-labrit\\\/\"]}]},{\"@type\":\"ImageObject\",\"inLanguage\":\"es\",\"@id\":\"https:\\\/\\\/www.laguiadepamplona.com\\\/actualidad\\\/la-semana-que-viene-finalizaran-los-trabajos-para-colocar-el-andamiaje-en-el-lado-de-la-media-luna-para-las-labores-de-refuerzo-y-acondicionamiento-de-la-pasarela-de-labrit\\\/#primaryimage\",\"url\":\"https:\\\/\\\/www.laguiadepamplona.com\\\/actualidad\\\/wp-content\\\/uploads\\\/2021\\\/04\\\/Pasarela-Labrit_P1160494.jpg\",\"contentUrl\":\"https:\\\/\\\/www.laguiadepamplona.com\\\/actualidad\\\/wp-content\\\/uploads\\\/2021\\\/04\\\/Pasarela-Labrit_P1160494.jpg\",\"width\":1920,\"height\":1281},{\"@type\":\"BreadcrumbList\",\"@id\":\"https:\\\/\\\/www.laguiadepamplona.com\\\/actualidad\\\/la-semana-que-viene-finalizaran-los-trabajos-para-colocar-el-andamiaje-en-el-lado-de-la-media-luna-para-las-labores-de-refuerzo-y-acondicionamiento-de-la-pasarela-de-labrit\\\/#breadcrumb\",\"itemListElement\":[{\"@type\":\"ListItem\",\"position\":1,\"name\":\"Portada\",\"item\":\"https:\\\/\\\/www.laguiadepamplona.com\\\/actualidad\\\/\"},{\"@type\":\"ListItem\",\"position\":2,\"name\":\"La semana que viene finalizar\u00e1n los trabajos para colocar el andamiaje en el lado de la Media Luna para las labores de refuerzo y acondicionamiento de la pasarela de Labrit\"}]},{\"@type\":\"WebSite\",\"@id\":\"https:\\\/\\\/www.laguiadepamplona.com\\\/actualidad\\\/#website\",\"url\":\"https:\\\/\\\/www.laguiadepamplona.com\\\/actualidad\\\/\",\"name\":\"La gu\u00eda de Pamplona\",\"description\":\"Noticias de Pamplona\",\"publisher\":{\"@id\":\"https:\\\/\\\/www.laguiadepamplona.com\\\/actualidad\\\/#organization\"},\"potentialAction\":[{\"@type\":\"SearchAction\",\"target\":{\"@type\":\"EntryPoint\",\"urlTemplate\":\"https:\\\/\\\/www.laguiadepamplona.com\\\/actualidad\\\/?s={search_term_string}\"},\"query-input\":{\"@type\":\"PropertyValueSpecification\",\"valueRequired\":true,\"valueName\":\"search_term_string\"}}],\"inLanguage\":\"es\"},{\"@type\":\"Organization\",\"@id\":\"https:\\\/\\\/www.laguiadepamplona.com\\\/actualidad\\\/#organization\",\"name\":\"La Gu\u00eda de Pamplona \\\/ Noticias\",\"url\":\"https:\\\/\\\/www.laguiadepamplona.com\\\/actualidad\\\/\",\"logo\":{\"@type\":\"ImageObject\",\"inLanguage\":\"es\",\"@id\":\"https:\\\/\\\/www.laguiadepamplona.com\\\/actualidad\\\/#\\\/schema\\\/logo\\\/image\\\/\",\"url\":\"https:\\\/\\\/www.laguiadepamplona.com\\\/actualidad\\\/wp-content\\\/uploads\\\/2018\\\/11\\\/logo-laguiadepamplona18-web1.png\",\"contentUrl\":\"https:\\\/\\\/www.laguiadepamplona.com\\\/actualidad\\\/wp-content\\\/uploads\\\/2018\\\/11\\\/logo-laguiadepamplona18-web1.png\",\"width\":600,\"height\":196,\"caption\":\"La Gu\u00eda de Pamplona \\\/ Noticias\"},\"image\":{\"@id\":\"https:\\\/\\\/www.laguiadepamplona.com\\\/actualidad\\\/#\\\/schema\\\/logo\\\/image\\\/\"},\"sameAs\":[\"https:\\\/\\\/www.facebook.com\\\/laguiadepamplonacom-133175176762273\\\/?ref=hl\",\"https:\\\/\\\/x.com\\\/LaGuiadPamplona\",\"https:\\\/\\\/www.instagram.com\\\/la_guia_de_pamplona\\\/\",\"https:\\\/\\\/www.youtube.com\\\/user\\\/laguiadepamplona\"]},{\"@type\":\"Person\",\"@id\":\"https:\\\/\\\/www.laguiadepamplona.com\\\/actualidad\\\/#\\\/schema\\\/person\\\/efe887376f0213d4657c93adc50b1fdb\",\"name\":\"La Gu\u00eda de Pamplona\",\"image\":{\"@type\":\"ImageObject\",\"inLanguage\":\"es\",\"@id\":\"https:\\\/\\\/secure.gravatar.com\\\/avatar\\\/b6992f131dc8d30ab0dff15446e9d346d9dbd95992de0fef795073f5ea83a81c?s=96&d=mm&r=g\",\"url\":\"https:\\\/\\\/secure.gravatar.com\\\/avatar\\\/b6992f131dc8d30ab0dff15446e9d346d9dbd95992de0fef795073f5ea83a81c?s=96&d=mm&r=g\",\"contentUrl\":\"https:\\\/\\\/secure.gravatar.com\\\/avatar\\\/b6992f131dc8d30ab0dff15446e9d346d9dbd95992de0fef795073f5ea83a81c?s=96&d=mm&r=g\",\"caption\":\"La Gu\u00eda de Pamplona\"}}]}<\/script>\n<!-- \/ Yoast SEO plugin. -->","yoast_head_json":{"title":"La semana que viene finalizar\u00e1n los trabajos para colocar el andamiaje en el lado de la Media Luna para las labores de refuerzo y acondicionamiento de la pasarela de Labrit","description":"Los trabajos concluir\u00e1n la semana que viene y no conllevar\u00e1n, por el momento, afecciones al tr\u00e1fico o al tr\u00e1nsito peatonal","robots":{"index":"index","follow":"follow","max-snippet":"max-snippet:-1","max-image-preview":"max-image-preview:large","max-video-preview":"max-video-preview:-1"},"canonical":"https:\/\/www.laguiadepamplona.com\/actualidad\/la-semana-que-viene-finalizaran-los-trabajos-para-colocar-el-andamiaje-en-el-lado-de-la-media-luna-para-las-labores-de-refuerzo-y-acondicionamiento-de-la-pasarela-de-labrit\/","og_locale":"es_ES","og_type":"article","og_title":"La semana que viene finalizar\u00e1n los trabajos para colocar el andamiaje en el lado de la Media Luna para las labores de refuerzo y acondicionamiento de la pasarela de Labrit","og_description":"Los trabajos concluir\u00e1n la semana que viene y no conllevar\u00e1n, por el momento, afecciones al tr\u00e1fico o al tr\u00e1nsito peatonal","og_url":"https:\/\/www.laguiadepamplona.com\/actualidad\/la-semana-que-viene-finalizaran-los-trabajos-para-colocar-el-andamiaje-en-el-lado-de-la-media-luna-para-las-labores-de-refuerzo-y-acondicionamiento-de-la-pasarela-de-labrit\/","og_site_name":"La Gu\u00eda de Pamplona","article_publisher":"https:\/\/www.facebook.com\/laguiadepamplonacom-133175176762273\/?ref=hl","article_published_time":"2021-12-23T17:47:15+00:00","article_modified_time":"2023-04-11T09:48:38+00:00","og_image":[{"width":1920,"height":1281,"url":"https:\/\/www.laguiadepamplona.com\/actualidad\/wp-content\/uploads\/2021\/04\/Pasarela-Labrit_P1160494.jpg","type":"image\/jpeg"}],"author":"La Gu\u00eda de Pamplona","twitter_card":"summary_large_image","twitter_creator":"@LaGuiadPamplona","twitter_site":"@LaGuiadPamplona","twitter_misc":{"Escrito por":"La Gu\u00eda de Pamplona","Tiempo de lectura":"2 minutos"},"schema":{"@context":"https:\/\/schema.org","@graph":[{"@type":"Article","@id":"https:\/\/www.laguiadepamplona.com\/actualidad\/la-semana-que-viene-finalizaran-los-trabajos-para-colocar-el-andamiaje-en-el-lado-de-la-media-luna-para-las-labores-de-refuerzo-y-acondicionamiento-de-la-pasarela-de-labrit\/#article","isPartOf":{"@id":"https:\/\/www.laguiadepamplona.com\/actualidad\/la-semana-que-viene-finalizaran-los-trabajos-para-colocar-el-andamiaje-en-el-lado-de-la-media-luna-para-las-labores-de-refuerzo-y-acondicionamiento-de-la-pasarela-de-labrit\/"},"author":{"name":"La Gu\u00eda de Pamplona","@id":"https:\/\/www.laguiadepamplona.com\/actualidad\/#\/schema\/person\/efe887376f0213d4657c93adc50b1fdb"},"headline":"La semana que viene finalizar\u00e1n los trabajos para colocar el andamiaje en el lado de la Media Luna para las labores de refuerzo y acondicionamiento de la pasarela de Labrit","datePublished":"2021-12-23T17:47:15+00:00","dateModified":"2023-04-11T09:48:38+00:00","mainEntityOfPage":{"@id":"https:\/\/www.laguiadepamplona.com\/actualidad\/la-semana-que-viene-finalizaran-los-trabajos-para-colocar-el-andamiaje-en-el-lado-de-la-media-luna-para-las-labores-de-refuerzo-y-acondicionamiento-de-la-pasarela-de-labrit\/"},"wordCount":396,"commentCount":0,"publisher":{"@id":"https:\/\/www.laguiadepamplona.com\/actualidad\/#organization"},"image":{"@id":"https:\/\/www.laguiadepamplona.com\/actualidad\/la-semana-que-viene-finalizaran-los-trabajos-para-colocar-el-andamiaje-en-el-lado-de-la-media-luna-para-las-labores-de-refuerzo-y-acondicionamiento-de-la-pasarela-de-labrit\/#primaryimage"},"thumbnailUrl":"https:\/\/www.laguiadepamplona.com\/actualidad\/wp-content\/uploads\/2021\/04\/Pasarela-Labrit_P1160494.jpg","articleSection":["Ayto Pamplona"],"inLanguage":"es","potentialAction":[{"@type":"CommentAction","name":"Comment","target":["https:\/\/www.laguiadepamplona.com\/actualidad\/la-semana-que-viene-finalizaran-los-trabajos-para-colocar-el-andamiaje-en-el-lado-de-la-media-luna-para-las-labores-de-refuerzo-y-acondicionamiento-de-la-pasarela-de-labrit\/#respond"]}]},{"@type":"WebPage","@id":"https:\/\/www.laguiadepamplona.com\/actualidad\/la-semana-que-viene-finalizaran-los-trabajos-para-colocar-el-andamiaje-en-el-lado-de-la-media-luna-para-las-labores-de-refuerzo-y-acondicionamiento-de-la-pasarela-de-labrit\/","url":"https:\/\/www.laguiadepamplona.com\/actualidad\/la-semana-que-viene-finalizaran-los-trabajos-para-colocar-el-andamiaje-en-el-lado-de-la-media-luna-para-las-labores-de-refuerzo-y-acondicionamiento-de-la-pasarela-de-labrit\/","name":"La semana que viene finalizar\u00e1n los trabajos para colocar el andamiaje en el lado de la Media Luna para las labores de refuerzo y acondicionamiento de la pasarela de Labrit","isPartOf":{"@id":"https:\/\/www.laguiadepamplona.com\/actualidad\/#website"},"primaryImageOfPage":{"@id":"https:\/\/www.laguiadepamplona.com\/actualidad\/la-semana-que-viene-finalizaran-los-trabajos-para-colocar-el-andamiaje-en-el-lado-de-la-media-luna-para-las-labores-de-refuerzo-y-acondicionamiento-de-la-pasarela-de-labrit\/#primaryimage"},"image":{"@id":"https:\/\/www.laguiadepamplona.com\/actualidad\/la-semana-que-viene-finalizaran-los-trabajos-para-colocar-el-andamiaje-en-el-lado-de-la-media-luna-para-las-labores-de-refuerzo-y-acondicionamiento-de-la-pasarela-de-labrit\/#primaryimage"},"thumbnailUrl":"https:\/\/www.laguiadepamplona.com\/actualidad\/wp-content\/uploads\/2021\/04\/Pasarela-Labrit_P1160494.jpg","datePublished":"2021-12-23T17:47:15+00:00","dateModified":"2023-04-11T09:48:38+00:00","description":"Los trabajos concluir\u00e1n la semana que viene y no conllevar\u00e1n, por el momento, afecciones al tr\u00e1fico o al tr\u00e1nsito peatonal","breadcrumb":{"@id":"https:\/\/www.laguiadepamplona.com\/actualidad\/la-semana-que-viene-finalizaran-los-trabajos-para-colocar-el-andamiaje-en-el-lado-de-la-media-luna-para-las-labores-de-refuerzo-y-acondicionamiento-de-la-pasarela-de-labrit\/#breadcrumb"},"inLanguage":"es","potentialAction":[{"@type":"ReadAction","target":["https:\/\/www.laguiadepamplona.com\/actualidad\/la-semana-que-viene-finalizaran-los-trabajos-para-colocar-el-andamiaje-en-el-lado-de-la-media-luna-para-las-labores-de-refuerzo-y-acondicionamiento-de-la-pasarela-de-labrit\/"]}]},{"@type":"ImageObject","inLanguage":"es","@id":"https:\/\/www.laguiadepamplona.com\/actualidad\/la-semana-que-viene-finalizaran-los-trabajos-para-colocar-el-andamiaje-en-el-lado-de-la-media-luna-para-las-labores-de-refuerzo-y-acondicionamiento-de-la-pasarela-de-labrit\/#primaryimage","url":"https:\/\/www.laguiadepamplona.com\/actualidad\/wp-content\/uploads\/2021\/04\/Pasarela-Labrit_P1160494.jpg","contentUrl":"https:\/\/www.laguiadepamplona.com\/actualidad\/wp-content\/uploads\/2021\/04\/Pasarela-Labrit_P1160494.jpg","width":1920,"height":1281},{"@type":"BreadcrumbList","@id":"https:\/\/www.laguiadepamplona.com\/actualidad\/la-semana-que-viene-finalizaran-los-trabajos-para-colocar-el-andamiaje-en-el-lado-de-la-media-luna-para-las-labores-de-refuerzo-y-acondicionamiento-de-la-pasarela-de-labrit\/#breadcrumb","itemListElement":[{"@type":"ListItem","position":1,"name":"Portada","item":"https:\/\/www.laguiadepamplona.com\/actualidad\/"},{"@type":"ListItem","position":2,"name":"La semana que viene finalizar\u00e1n los trabajos para colocar el andamiaje en el lado de la Media Luna para las labores de refuerzo y acondicionamiento de la pasarela de Labrit"}]},{"@type":"WebSite","@id":"https:\/\/www.laguiadepamplona.com\/actualidad\/#website","url":"https:\/\/www.laguiadepamplona.com\/actualidad\/","name":"La gu\u00eda de Pamplona","description":"Noticias de Pamplona","publisher":{"@id":"https:\/\/www.laguiadepamplona.com\/actualidad\/#organization"},"potentialAction":[{"@type":"SearchAction","target":{"@type":"EntryPoint","urlTemplate":"https:\/\/www.laguiadepamplona.com\/actualidad\/?s={search_term_string}"},"query-input":{"@type":"PropertyValueSpecification","valueRequired":true,"valueName":"search_term_string"}}],"inLanguage":"es"},{"@type":"Organization","@id":"https:\/\/www.laguiadepamplona.com\/actualidad\/#organization","name":"La Gu\u00eda de Pamplona \/ Noticias","url":"https:\/\/www.laguiadepamplona.com\/actualidad\/","logo":{"@type":"ImageObject","inLanguage":"es","@id":"https:\/\/www.laguiadepamplona.com\/actualidad\/#\/schema\/logo\/image\/","url":"https:\/\/www.laguiadepamplona.com\/actualidad\/wp-content\/uploads\/2018\/11\/logo-laguiadepamplona18-web1.png","contentUrl":"https:\/\/www.laguiadepamplona.com\/actualidad\/wp-content\/uploads\/2018\/11\/logo-laguiadepamplona18-web1.png","width":600,"height":196,"caption":"La Gu\u00eda de Pamplona \/ Noticias"},"image":{"@id":"https:\/\/www.laguiadepamplona.com\/actualidad\/#\/schema\/logo\/image\/"},"sameAs":["https:\/\/www.facebook.com\/laguiadepamplonacom-133175176762273\/?ref=hl","https:\/\/x.com\/LaGuiadPamplona","https:\/\/www.instagram.com\/la_guia_de_pamplona\/","https:\/\/www.youtube.com\/user\/laguiadepamplona"]},{"@type":"Person","@id":"https:\/\/www.laguiadepamplona.com\/actualidad\/#\/schema\/person\/efe887376f0213d4657c93adc50b1fdb","name":"La Gu\u00eda de Pamplona","image":{"@type":"ImageObject","inLanguage":"es","@id":"https:\/\/secure.gravatar.com\/avatar\/b6992f131dc8d30ab0dff15446e9d346d9dbd95992de0fef795073f5ea83a81c?s=96&d=mm&r=g","url":"https:\/\/secure.gravatar.com\/avatar\/b6992f131dc8d30ab0dff15446e9d346d9dbd95992de0fef795073f5ea83a81c?s=96&d=mm&r=g","contentUrl":"https:\/\/secure.gravatar.com\/avatar\/b6992f131dc8d30ab0dff15446e9d346d9dbd95992de0fef795073f5ea83a81c?s=96&d=mm&r=g","caption":"La Gu\u00eda de Pamplona"}}]}},"post_mailing_queue_ids":[],"_links":{"self":[{"href":"https:\/\/www.laguiadepamplona.com\/actualidad\/wp-json\/wp\/v2\/posts\/38111","targetHints":{"allow":["GET"]}}],"collection":[{"href":"https:\/\/www.laguiadepamplona.com\/actualidad\/wp-json\/wp\/v2\/posts"}],"about":[{"href":"https:\/\/www.laguiadepamplona.com\/actualidad\/wp-json\/wp\/v2\/types\/post"}],"author":[{"embeddable":true,"href":"https:\/\/www.laguiadepamplona.com\/actualidad\/wp-json\/wp\/v2\/users\/1"}],"replies":[{"embeddable":true,"href":"https:\/\/www.laguiadepamplona.com\/actualidad\/wp-json\/wp\/v2\/comments?post=38111"}],"version-history":[{"count":0,"href":"https:\/\/www.laguiadepamplona.com\/actualidad\/wp-json\/wp\/v2\/posts\/38111\/revisions"}],"wp:featuredmedia":[{"embeddable":true,"href":"https:\/\/www.laguiadepamplona.com\/actualidad\/wp-json\/wp\/v2\/media\/34429"}],"wp:attachment":[{"href":"https:\/\/www.laguiadepamplona.com\/actualidad\/wp-json\/wp\/v2\/media?parent=38111"}],"wp:term":[{"taxonomy":"category","embeddable":true,"href":"https:\/\/www.laguiadepamplona.com\/actualidad\/wp-json\/wp\/v2\/categories?post=38111"},{"taxonomy":"post_tag","embeddable":true,"href":"https:\/\/www.laguiadepamplona.com\/actualidad\/wp-json\/wp\/v2\/tags?post=38111"}],"curies":[{"name":"wp","href":"https:\/\/api.w.org\/{rel}","templated":true}]}}