{"id":38108,"date":"2021-12-23T19:46:11","date_gmt":"2021-12-23T17:46:11","guid":{"rendered":"https:\/\/www.laguiadepamplona.com\/actualidad\/?p=38108"},"modified":"2023-04-11T11:48:38","modified_gmt":"2023-04-11T09:48:38","slug":"la-casa-de-la-juventud-se-llena-de-carcajadas-en-la-ultima-semana-del-ano","status":"publish","type":"post","link":"https:\/\/www.laguiadepamplona.com\/actualidad\/la-casa-de-la-juventud-se-llena-de-carcajadas-en-la-ultima-semana-del-ano\/","title":{"rendered":"La Casa de la Juventud se llena de carcajadas en la \u00faltima semana del a\u00f1o"},"content":{"rendered":"<h5>El lunes arranca el ciclo de mon\u00f3logos de humor y se abre la inscripci\u00f3n para los torneos de videojuegos \u2018Smash Bros Ultimate\u2019 y \u2018Rocket League\u2019<\/h5>\n<p><!--more--><\/p>\n<p>La Casa de la Juventud ha organizado para la \u00faltima semana del a\u00f1o el ciclo de mon\u00f3logos de humor \u2018\u00a1A carcajadas!\u2019, en el que, a lo largo de cuatro tardes, se dar\u00e1n cita humoristas y j\u00f3venes para disfrutar de un tiempo de entretenimiento y diversi\u00f3n. Actores, actrices y monologuistas de la talla de Maika Jurado, Mikel Bermejo o Charlie D\u00edaz participar\u00e1n en esta iniciativa. El ciclo, abierto a p\u00fablico de todas las edades, ser\u00e1 siempre a las 19.30 horas, y es gratuito previa retirada de invitaci\u00f3n en las instalaciones de la Casa desde el d\u00eda anterior a cada mon\u00f3logo (m\u00e1ximo dos invitaciones por persona).<\/p>\n<p>La primera cita, el lunes d\u00eda 27, correr\u00e1 a cargo de la actriz Maika Jurado. Con su mon\u00f3logo \u201cCiao Pescao!\u201d busca llevar la realidad a la parcela del humor. Jurado, que ha logrado de la Cadena Ser el premio al mejor mon\u00f3logo y el premio del p\u00fablico en el concurso de EITB, ha trabajado en m\u00e1s de cien montajes teatrales y es una de las participantes habituales en el Circuito Nacional de Comedia, y tiene varios premios al mejor mon\u00f3logo, como el de Cadena Ser o el premio del p\u00fablico del concurso de EITB.<br \/>\n<script async src=\"\/\/pagead2.googlesyndication.com\/pagead\/js\/adsbygoogle.js\"><\/script><br \/>\n<!-- Noticias La Guia de Pamplona --><br \/>\n<ins class=\"adsbygoogle\"\nstyle=\"display:block\"\ndata-ad-client=\"ca-pub-6943679897239327\"\ndata-ad-slot=\"7048180777\"\ndata-ad-format=\"auto\"><\/ins><br \/>\n<script>\n(adsbygoogle = window.adsbygoogle || []).push({});\n<\/script><\/p>\n<p>El martes ser\u00e1 el turno del c\u00f3mico madrile\u00f1o Joseba, que traer\u00e1 a Pamplona su mon\u00f3logo \u201cMejorando a peor\u201d. Con m\u00e1s de 10 a\u00f1os de carrera, ha sido guionista en programas como \u201cWifileaks\u201d, \u201cMe Resbala\u201d y \u201cTypical Spanish\u201d y ha grabado varios mon\u00f3logos para \u201cComedy Central\u201d.<\/p>\n<p>\u201cSomos torpes\u00bb es el t\u00edtulo del mon\u00f3logo con el que Charlie D\u00edaz y \u00d1ako llevar\u00e1n el humor a la Casa de la Juventud el mi\u00e9rcoles 29 de diciembre. Se trata de un espect\u00e1culo en analizar\u00e1n muchos de los tropiezos del d\u00eda a d\u00eda. Charlie D\u00edaz lleva 15 a\u00f1os de trayectoria, que le han llevado a distintos locales de comedia, pasando por actuaciones en la \u201cChocita del Loro\u201d de Madrid y el canal de televisi\u00f3n \u201cParamount Comedy\u201d.<\/p>\n<p>El broche final a este ciclo de humor lo podr\u00e1 Mikel Bermejo, el jueves, d\u00eda 30, con su espect\u00e1culo \u201cTiquismiquis\u00bb. Este c\u00f3mico cuenta con 10 a\u00f1os de experiencia en el mundo de la comedia y ha sido guionista de diferentes programas de EITB, y de Trancas y Barrancas en El Hormiguero e Hipnot\u00edzame, en Antena3.<br \/>\n<script async src=\"\/\/pagead2.googlesyndication.com\/pagead\/js\/adsbygoogle.js\"><\/script><br \/>\n<!-- Noticias La Guia de Pamplona --><br \/>\n<ins class=\"adsbygoogle\"\nstyle=\"display:block\"\ndata-ad-client=\"ca-pub-6943679897239327\"\ndata-ad-slot=\"7048180777\"\ndata-ad-format=\"auto\"><\/ins><br \/>\n<script>\n(adsbygoogle = window.adsbygoogle || []).push({});\n<\/script><\/p>\n<p><strong>Inscripci\u00f3n a los torneos de videojuegos<\/strong><\/p>\n<p>Este lunes se abren, adem\u00e1s, las inscripciones para los dos torneos de videojuegos que la Asociaci\u00f3n Game Over ha organizado en la Casa de la Juventud para la primera semana de enero, para j\u00f3venes de 12 a 30 a\u00f1os. En concreto, se llevar\u00e1n a cabo competiciones de \u2018Smash Bros Ultimate\u2019 y de \u2018Rocket League\u2019, para los que se han habilitado un total de 64 plazas, a raz\u00f3n de 32 por competici\u00f3n. Las inscripciones podr\u00e1n realizarse hasta el 3 de enero, en la propia Casa de la Juventud o trav\u00e9s del tel\u00e9fono 948233512.<\/p>\n<p>El torneo de \u2018Smash Bros Ultimate\u2019 celebrar\u00e1 el d\u00eda 3 de enero a las 17 horas. El videojuego Super Smash Bros. Ultimate es un juego de competici\u00f3n cooperativa de tipo \u201cFighting Game\u201d.<br \/>\n<script async src=\"\/\/pagead2.googlesyndication.com\/pagead\/js\/adsbygoogle.js\"><\/script><br \/>\n<!-- Noticias La Guia de Pamplona --><br \/>\n<ins class=\"adsbygoogle\"\nstyle=\"display:block\"\ndata-ad-client=\"ca-pub-6943679897239327\"\ndata-ad-slot=\"7048180777\"\ndata-ad-format=\"auto\"><\/ins><br \/>\n<script>\n(adsbygoogle = window.adsbygoogle || []).push({});\n<\/script><\/p>\n<p>Por su parte, el torneo de \u2018Rocket League\u2019 tendr\u00e1 lugar el d\u00eda 4 enero, tambi\u00e9n a las 17 horas.En esta ocasi\u00f3n, se trata de un juego de competici\u00f3n cooperativa similar al f\u00fatbol, pero con veh\u00edculos en lugar de jugadores, y un bal\u00f3n gigante que meter en la porter\u00eda.<\/p>\n<p>En ambos casos, la persona ganadora de cada torneo recibir\u00e1 merchandising valorado en 50 euros y una tarjeta de regalo de 20 euros. A la segunda persona clasificada se le entregar\u00e1 merchandising valorado en 30 euros.<\/p>\n<p>Los dos torneos est\u00e1n organizados por la Asociaci\u00f3n Juvenil Game Over, que naci\u00f3 en agosto de 2019 para acercar las nuevas tecnolog\u00edas y los videojuegos a la juventud, con un enfoque positivo y saludable. Desde la asociaci\u00f3n se organizan diversas actividades de aprendizaje sin olvidar el factor l\u00fadico.<\/p>\n","protected":false},"excerpt":{"rendered":"<p>El lunes arranca el ciclo de mon\u00f3logos de humor y se abre la inscripci\u00f3n para los torneos de videojuegos \u2018Smash Bros Ultimate\u2019 y \u2018Rocket League\u2019<\/p>\n","protected":false},"author":1,"featured_media":38109,"comment_status":"open","ping_status":"closed","sticky":false,"template":"","format":"standard","meta":{"footnotes":""},"categories":[2],"tags":[],"class_list":["post-38108","post","type-post","status-publish","format-standard","has-post-thumbnail","hentry","category-ayuntamiento-pamplona"],"yoast_head":"<!-- This site is optimized with the Yoast SEO plugin v27.5 - https:\/\/yoast.com\/product\/yoast-seo-wordpress\/ -->\n<title>La Casa de la Juventud se llena de carcajadas en la \u00faltima semana del a\u00f1o<\/title>\n<meta name=\"description\" content=\"El lunes arranca el ciclo de mon\u00f3logos de humor y se abre la inscripci\u00f3n para los torneos de videojuegos \u2018Smash Bros Ultimate\u2019 y \u2018Rocket League\u2019\" \/>\n<meta name=\"robots\" content=\"index, follow, max-snippet:-1, max-image-preview:large, max-video-preview:-1\" \/>\n<link rel=\"canonical\" href=\"https:\/\/www.laguiadepamplona.com\/actualidad\/la-casa-de-la-juventud-se-llena-de-carcajadas-en-la-ultima-semana-del-ano\/\" \/>\n<meta property=\"og:locale\" content=\"es_ES\" \/>\n<meta property=\"og:type\" content=\"article\" \/>\n<meta property=\"og:title\" content=\"La Casa de la Juventud se llena de carcajadas en la \u00faltima semana del a\u00f1o\" \/>\n<meta property=\"og:description\" content=\"El lunes arranca el ciclo de mon\u00f3logos de humor y se abre la inscripci\u00f3n para los torneos de videojuegos \u2018Smash Bros Ultimate\u2019 y \u2018Rocket League\u2019\" \/>\n<meta property=\"og:url\" content=\"https:\/\/www.laguiadepamplona.com\/actualidad\/la-casa-de-la-juventud-se-llena-de-carcajadas-en-la-ultima-semana-del-ano\/\" \/>\n<meta property=\"og:site_name\" content=\"La Gu\u00eda de Pamplona\" \/>\n<meta property=\"article:publisher\" content=\"https:\/\/www.facebook.com\/laguiadepamplonacom-133175176762273\/?ref=hl\" \/>\n<meta property=\"article:published_time\" content=\"2021-12-23T17:46:11+00:00\" \/>\n<meta property=\"article:modified_time\" content=\"2023-04-11T09:48:38+00:00\" \/>\n<meta property=\"og:image\" content=\"https:\/\/www.laguiadepamplona.com\/actualidad\/wp-content\/uploads\/2021\/12\/3202112cartelvenacasapornavidadacarcajadascast.jpg\" \/>\n\t<meta property=\"og:image:width\" content=\"1587\" \/>\n\t<meta property=\"og:image:height\" content=\"2245\" \/>\n\t<meta property=\"og:image:type\" content=\"image\/jpeg\" \/>\n<meta name=\"author\" content=\"La Gu\u00eda de Pamplona\" \/>\n<meta name=\"twitter:card\" content=\"summary_large_image\" \/>\n<meta name=\"twitter:creator\" content=\"@LaGuiadPamplona\" \/>\n<meta name=\"twitter:site\" content=\"@LaGuiadPamplona\" \/>\n<meta name=\"twitter:label1\" content=\"Escrito por\" \/>\n\t<meta name=\"twitter:data1\" content=\"La Gu\u00eda de Pamplona\" \/>\n\t<meta name=\"twitter:label2\" content=\"Tiempo de lectura\" \/>\n\t<meta name=\"twitter:data2\" content=\"4 minutos\" \/>\n<script type=\"application\/ld+json\" class=\"yoast-schema-graph\">{\"@context\":\"https:\\\/\\\/schema.org\",\"@graph\":[{\"@type\":\"Article\",\"@id\":\"https:\\\/\\\/www.laguiadepamplona.com\\\/actualidad\\\/la-casa-de-la-juventud-se-llena-de-carcajadas-en-la-ultima-semana-del-ano\\\/#article\",\"isPartOf\":{\"@id\":\"https:\\\/\\\/www.laguiadepamplona.com\\\/actualidad\\\/la-casa-de-la-juventud-se-llena-de-carcajadas-en-la-ultima-semana-del-ano\\\/\"},\"author\":{\"name\":\"La Gu\u00eda de Pamplona\",\"@id\":\"https:\\\/\\\/www.laguiadepamplona.com\\\/actualidad\\\/#\\\/schema\\\/person\\\/efe887376f0213d4657c93adc50b1fdb\"},\"headline\":\"La Casa de la Juventud se llena de carcajadas en la \u00faltima semana del a\u00f1o\",\"datePublished\":\"2021-12-23T17:46:11+00:00\",\"dateModified\":\"2023-04-11T09:48:38+00:00\",\"mainEntityOfPage\":{\"@id\":\"https:\\\/\\\/www.laguiadepamplona.com\\\/actualidad\\\/la-casa-de-la-juventud-se-llena-de-carcajadas-en-la-ultima-semana-del-ano\\\/\"},\"wordCount\":727,\"commentCount\":0,\"publisher\":{\"@id\":\"https:\\\/\\\/www.laguiadepamplona.com\\\/actualidad\\\/#organization\"},\"image\":{\"@id\":\"https:\\\/\\\/www.laguiadepamplona.com\\\/actualidad\\\/la-casa-de-la-juventud-se-llena-de-carcajadas-en-la-ultima-semana-del-ano\\\/#primaryimage\"},\"thumbnailUrl\":\"https:\\\/\\\/www.laguiadepamplona.com\\\/actualidad\\\/wp-content\\\/uploads\\\/2021\\\/12\\\/3202112cartelvenacasapornavidadacarcajadascast.jpg\",\"articleSection\":[\"Ayto Pamplona\"],\"inLanguage\":\"es\",\"potentialAction\":[{\"@type\":\"CommentAction\",\"name\":\"Comment\",\"target\":[\"https:\\\/\\\/www.laguiadepamplona.com\\\/actualidad\\\/la-casa-de-la-juventud-se-llena-de-carcajadas-en-la-ultima-semana-del-ano\\\/#respond\"]}]},{\"@type\":\"WebPage\",\"@id\":\"https:\\\/\\\/www.laguiadepamplona.com\\\/actualidad\\\/la-casa-de-la-juventud-se-llena-de-carcajadas-en-la-ultima-semana-del-ano\\\/\",\"url\":\"https:\\\/\\\/www.laguiadepamplona.com\\\/actualidad\\\/la-casa-de-la-juventud-se-llena-de-carcajadas-en-la-ultima-semana-del-ano\\\/\",\"name\":\"La Casa de la Juventud se llena de carcajadas en la \u00faltima semana del a\u00f1o\",\"isPartOf\":{\"@id\":\"https:\\\/\\\/www.laguiadepamplona.com\\\/actualidad\\\/#website\"},\"primaryImageOfPage\":{\"@id\":\"https:\\\/\\\/www.laguiadepamplona.com\\\/actualidad\\\/la-casa-de-la-juventud-se-llena-de-carcajadas-en-la-ultima-semana-del-ano\\\/#primaryimage\"},\"image\":{\"@id\":\"https:\\\/\\\/www.laguiadepamplona.com\\\/actualidad\\\/la-casa-de-la-juventud-se-llena-de-carcajadas-en-la-ultima-semana-del-ano\\\/#primaryimage\"},\"thumbnailUrl\":\"https:\\\/\\\/www.laguiadepamplona.com\\\/actualidad\\\/wp-content\\\/uploads\\\/2021\\\/12\\\/3202112cartelvenacasapornavidadacarcajadascast.jpg\",\"datePublished\":\"2021-12-23T17:46:11+00:00\",\"dateModified\":\"2023-04-11T09:48:38+00:00\",\"description\":\"El lunes arranca el ciclo de mon\u00f3logos de humor y se abre la inscripci\u00f3n para los torneos de videojuegos \u2018Smash Bros Ultimate\u2019 y \u2018Rocket League\u2019\",\"breadcrumb\":{\"@id\":\"https:\\\/\\\/www.laguiadepamplona.com\\\/actualidad\\\/la-casa-de-la-juventud-se-llena-de-carcajadas-en-la-ultima-semana-del-ano\\\/#breadcrumb\"},\"inLanguage\":\"es\",\"potentialAction\":[{\"@type\":\"ReadAction\",\"target\":[\"https:\\\/\\\/www.laguiadepamplona.com\\\/actualidad\\\/la-casa-de-la-juventud-se-llena-de-carcajadas-en-la-ultima-semana-del-ano\\\/\"]}]},{\"@type\":\"ImageObject\",\"inLanguage\":\"es\",\"@id\":\"https:\\\/\\\/www.laguiadepamplona.com\\\/actualidad\\\/la-casa-de-la-juventud-se-llena-de-carcajadas-en-la-ultima-semana-del-ano\\\/#primaryimage\",\"url\":\"https:\\\/\\\/www.laguiadepamplona.com\\\/actualidad\\\/wp-content\\\/uploads\\\/2021\\\/12\\\/3202112cartelvenacasapornavidadacarcajadascast.jpg\",\"contentUrl\":\"https:\\\/\\\/www.laguiadepamplona.com\\\/actualidad\\\/wp-content\\\/uploads\\\/2021\\\/12\\\/3202112cartelvenacasapornavidadacarcajadascast.jpg\",\"width\":1587,\"height\":2245},{\"@type\":\"BreadcrumbList\",\"@id\":\"https:\\\/\\\/www.laguiadepamplona.com\\\/actualidad\\\/la-casa-de-la-juventud-se-llena-de-carcajadas-en-la-ultima-semana-del-ano\\\/#breadcrumb\",\"itemListElement\":[{\"@type\":\"ListItem\",\"position\":1,\"name\":\"Portada\",\"item\":\"https:\\\/\\\/www.laguiadepamplona.com\\\/actualidad\\\/\"},{\"@type\":\"ListItem\",\"position\":2,\"name\":\"La Casa de la Juventud se llena de carcajadas en la \u00faltima semana del a\u00f1o\"}]},{\"@type\":\"WebSite\",\"@id\":\"https:\\\/\\\/www.laguiadepamplona.com\\\/actualidad\\\/#website\",\"url\":\"https:\\\/\\\/www.laguiadepamplona.com\\\/actualidad\\\/\",\"name\":\"La gu\u00eda de Pamplona\",\"description\":\"Noticias de Pamplona\",\"publisher\":{\"@id\":\"https:\\\/\\\/www.laguiadepamplona.com\\\/actualidad\\\/#organization\"},\"potentialAction\":[{\"@type\":\"SearchAction\",\"target\":{\"@type\":\"EntryPoint\",\"urlTemplate\":\"https:\\\/\\\/www.laguiadepamplona.com\\\/actualidad\\\/?s={search_term_string}\"},\"query-input\":{\"@type\":\"PropertyValueSpecification\",\"valueRequired\":true,\"valueName\":\"search_term_string\"}}],\"inLanguage\":\"es\"},{\"@type\":\"Organization\",\"@id\":\"https:\\\/\\\/www.laguiadepamplona.com\\\/actualidad\\\/#organization\",\"name\":\"La Gu\u00eda de Pamplona \\\/ Noticias\",\"url\":\"https:\\\/\\\/www.laguiadepamplona.com\\\/actualidad\\\/\",\"logo\":{\"@type\":\"ImageObject\",\"inLanguage\":\"es\",\"@id\":\"https:\\\/\\\/www.laguiadepamplona.com\\\/actualidad\\\/#\\\/schema\\\/logo\\\/image\\\/\",\"url\":\"https:\\\/\\\/www.laguiadepamplona.com\\\/actualidad\\\/wp-content\\\/uploads\\\/2018\\\/11\\\/logo-laguiadepamplona18-web1.png\",\"contentUrl\":\"https:\\\/\\\/www.laguiadepamplona.com\\\/actualidad\\\/wp-content\\\/uploads\\\/2018\\\/11\\\/logo-laguiadepamplona18-web1.png\",\"width\":600,\"height\":196,\"caption\":\"La Gu\u00eda de Pamplona \\\/ Noticias\"},\"image\":{\"@id\":\"https:\\\/\\\/www.laguiadepamplona.com\\\/actualidad\\\/#\\\/schema\\\/logo\\\/image\\\/\"},\"sameAs\":[\"https:\\\/\\\/www.facebook.com\\\/laguiadepamplonacom-133175176762273\\\/?ref=hl\",\"https:\\\/\\\/x.com\\\/LaGuiadPamplona\",\"https:\\\/\\\/www.instagram.com\\\/la_guia_de_pamplona\\\/\",\"https:\\\/\\\/www.youtube.com\\\/user\\\/laguiadepamplona\"]},{\"@type\":\"Person\",\"@id\":\"https:\\\/\\\/www.laguiadepamplona.com\\\/actualidad\\\/#\\\/schema\\\/person\\\/efe887376f0213d4657c93adc50b1fdb\",\"name\":\"La Gu\u00eda de Pamplona\",\"image\":{\"@type\":\"ImageObject\",\"inLanguage\":\"es\",\"@id\":\"https:\\\/\\\/secure.gravatar.com\\\/avatar\\\/b6992f131dc8d30ab0dff15446e9d346d9dbd95992de0fef795073f5ea83a81c?s=96&d=mm&r=g\",\"url\":\"https:\\\/\\\/secure.gravatar.com\\\/avatar\\\/b6992f131dc8d30ab0dff15446e9d346d9dbd95992de0fef795073f5ea83a81c?s=96&d=mm&r=g\",\"contentUrl\":\"https:\\\/\\\/secure.gravatar.com\\\/avatar\\\/b6992f131dc8d30ab0dff15446e9d346d9dbd95992de0fef795073f5ea83a81c?s=96&d=mm&r=g\",\"caption\":\"La Gu\u00eda de Pamplona\"}}]}<\/script>\n<!-- \/ Yoast SEO plugin. -->","yoast_head_json":{"title":"La Casa de la Juventud se llena de carcajadas en la \u00faltima semana del a\u00f1o","description":"El lunes arranca el ciclo de mon\u00f3logos de humor y se abre la inscripci\u00f3n para los torneos de videojuegos \u2018Smash Bros Ultimate\u2019 y \u2018Rocket League\u2019","robots":{"index":"index","follow":"follow","max-snippet":"max-snippet:-1","max-image-preview":"max-image-preview:large","max-video-preview":"max-video-preview:-1"},"canonical":"https:\/\/www.laguiadepamplona.com\/actualidad\/la-casa-de-la-juventud-se-llena-de-carcajadas-en-la-ultima-semana-del-ano\/","og_locale":"es_ES","og_type":"article","og_title":"La Casa de la Juventud se llena de carcajadas en la \u00faltima semana del a\u00f1o","og_description":"El lunes arranca el ciclo de mon\u00f3logos de humor y se abre la inscripci\u00f3n para los torneos de videojuegos \u2018Smash Bros Ultimate\u2019 y \u2018Rocket League\u2019","og_url":"https:\/\/www.laguiadepamplona.com\/actualidad\/la-casa-de-la-juventud-se-llena-de-carcajadas-en-la-ultima-semana-del-ano\/","og_site_name":"La Gu\u00eda de Pamplona","article_publisher":"https:\/\/www.facebook.com\/laguiadepamplonacom-133175176762273\/?ref=hl","article_published_time":"2021-12-23T17:46:11+00:00","article_modified_time":"2023-04-11T09:48:38+00:00","og_image":[{"width":1587,"height":2245,"url":"https:\/\/www.laguiadepamplona.com\/actualidad\/wp-content\/uploads\/2021\/12\/3202112cartelvenacasapornavidadacarcajadascast.jpg","type":"image\/jpeg"}],"author":"La Gu\u00eda de Pamplona","twitter_card":"summary_large_image","twitter_creator":"@LaGuiadPamplona","twitter_site":"@LaGuiadPamplona","twitter_misc":{"Escrito por":"La Gu\u00eda de Pamplona","Tiempo de lectura":"4 minutos"},"schema":{"@context":"https:\/\/schema.org","@graph":[{"@type":"Article","@id":"https:\/\/www.laguiadepamplona.com\/actualidad\/la-casa-de-la-juventud-se-llena-de-carcajadas-en-la-ultima-semana-del-ano\/#article","isPartOf":{"@id":"https:\/\/www.laguiadepamplona.com\/actualidad\/la-casa-de-la-juventud-se-llena-de-carcajadas-en-la-ultima-semana-del-ano\/"},"author":{"name":"La Gu\u00eda de Pamplona","@id":"https:\/\/www.laguiadepamplona.com\/actualidad\/#\/schema\/person\/efe887376f0213d4657c93adc50b1fdb"},"headline":"La Casa de la Juventud se llena de carcajadas en la \u00faltima semana del a\u00f1o","datePublished":"2021-12-23T17:46:11+00:00","dateModified":"2023-04-11T09:48:38+00:00","mainEntityOfPage":{"@id":"https:\/\/www.laguiadepamplona.com\/actualidad\/la-casa-de-la-juventud-se-llena-de-carcajadas-en-la-ultima-semana-del-ano\/"},"wordCount":727,"commentCount":0,"publisher":{"@id":"https:\/\/www.laguiadepamplona.com\/actualidad\/#organization"},"image":{"@id":"https:\/\/www.laguiadepamplona.com\/actualidad\/la-casa-de-la-juventud-se-llena-de-carcajadas-en-la-ultima-semana-del-ano\/#primaryimage"},"thumbnailUrl":"https:\/\/www.laguiadepamplona.com\/actualidad\/wp-content\/uploads\/2021\/12\/3202112cartelvenacasapornavidadacarcajadascast.jpg","articleSection":["Ayto Pamplona"],"inLanguage":"es","potentialAction":[{"@type":"CommentAction","name":"Comment","target":["https:\/\/www.laguiadepamplona.com\/actualidad\/la-casa-de-la-juventud-se-llena-de-carcajadas-en-la-ultima-semana-del-ano\/#respond"]}]},{"@type":"WebPage","@id":"https:\/\/www.laguiadepamplona.com\/actualidad\/la-casa-de-la-juventud-se-llena-de-carcajadas-en-la-ultima-semana-del-ano\/","url":"https:\/\/www.laguiadepamplona.com\/actualidad\/la-casa-de-la-juventud-se-llena-de-carcajadas-en-la-ultima-semana-del-ano\/","name":"La Casa de la Juventud se llena de carcajadas en la \u00faltima semana del a\u00f1o","isPartOf":{"@id":"https:\/\/www.laguiadepamplona.com\/actualidad\/#website"},"primaryImageOfPage":{"@id":"https:\/\/www.laguiadepamplona.com\/actualidad\/la-casa-de-la-juventud-se-llena-de-carcajadas-en-la-ultima-semana-del-ano\/#primaryimage"},"image":{"@id":"https:\/\/www.laguiadepamplona.com\/actualidad\/la-casa-de-la-juventud-se-llena-de-carcajadas-en-la-ultima-semana-del-ano\/#primaryimage"},"thumbnailUrl":"https:\/\/www.laguiadepamplona.com\/actualidad\/wp-content\/uploads\/2021\/12\/3202112cartelvenacasapornavidadacarcajadascast.jpg","datePublished":"2021-12-23T17:46:11+00:00","dateModified":"2023-04-11T09:48:38+00:00","description":"El lunes arranca el ciclo de mon\u00f3logos de humor y se abre la inscripci\u00f3n para los torneos de videojuegos \u2018Smash Bros Ultimate\u2019 y \u2018Rocket League\u2019","breadcrumb":{"@id":"https:\/\/www.laguiadepamplona.com\/actualidad\/la-casa-de-la-juventud-se-llena-de-carcajadas-en-la-ultima-semana-del-ano\/#breadcrumb"},"inLanguage":"es","potentialAction":[{"@type":"ReadAction","target":["https:\/\/www.laguiadepamplona.com\/actualidad\/la-casa-de-la-juventud-se-llena-de-carcajadas-en-la-ultima-semana-del-ano\/"]}]},{"@type":"ImageObject","inLanguage":"es","@id":"https:\/\/www.laguiadepamplona.com\/actualidad\/la-casa-de-la-juventud-se-llena-de-carcajadas-en-la-ultima-semana-del-ano\/#primaryimage","url":"https:\/\/www.laguiadepamplona.com\/actualidad\/wp-content\/uploads\/2021\/12\/3202112cartelvenacasapornavidadacarcajadascast.jpg","contentUrl":"https:\/\/www.laguiadepamplona.com\/actualidad\/wp-content\/uploads\/2021\/12\/3202112cartelvenacasapornavidadacarcajadascast.jpg","width":1587,"height":2245},{"@type":"BreadcrumbList","@id":"https:\/\/www.laguiadepamplona.com\/actualidad\/la-casa-de-la-juventud-se-llena-de-carcajadas-en-la-ultima-semana-del-ano\/#breadcrumb","itemListElement":[{"@type":"ListItem","position":1,"name":"Portada","item":"https:\/\/www.laguiadepamplona.com\/actualidad\/"},{"@type":"ListItem","position":2,"name":"La Casa de la Juventud se llena de carcajadas en la \u00faltima semana del a\u00f1o"}]},{"@type":"WebSite","@id":"https:\/\/www.laguiadepamplona.com\/actualidad\/#website","url":"https:\/\/www.laguiadepamplona.com\/actualidad\/","name":"La gu\u00eda de Pamplona","description":"Noticias de Pamplona","publisher":{"@id":"https:\/\/www.laguiadepamplona.com\/actualidad\/#organization"},"potentialAction":[{"@type":"SearchAction","target":{"@type":"EntryPoint","urlTemplate":"https:\/\/www.laguiadepamplona.com\/actualidad\/?s={search_term_string}"},"query-input":{"@type":"PropertyValueSpecification","valueRequired":true,"valueName":"search_term_string"}}],"inLanguage":"es"},{"@type":"Organization","@id":"https:\/\/www.laguiadepamplona.com\/actualidad\/#organization","name":"La Gu\u00eda de Pamplona \/ Noticias","url":"https:\/\/www.laguiadepamplona.com\/actualidad\/","logo":{"@type":"ImageObject","inLanguage":"es","@id":"https:\/\/www.laguiadepamplona.com\/actualidad\/#\/schema\/logo\/image\/","url":"https:\/\/www.laguiadepamplona.com\/actualidad\/wp-content\/uploads\/2018\/11\/logo-laguiadepamplona18-web1.png","contentUrl":"https:\/\/www.laguiadepamplona.com\/actualidad\/wp-content\/uploads\/2018\/11\/logo-laguiadepamplona18-web1.png","width":600,"height":196,"caption":"La Gu\u00eda de Pamplona \/ Noticias"},"image":{"@id":"https:\/\/www.laguiadepamplona.com\/actualidad\/#\/schema\/logo\/image\/"},"sameAs":["https:\/\/www.facebook.com\/laguiadepamplonacom-133175176762273\/?ref=hl","https:\/\/x.com\/LaGuiadPamplona","https:\/\/www.instagram.com\/la_guia_de_pamplona\/","https:\/\/www.youtube.com\/user\/laguiadepamplona"]},{"@type":"Person","@id":"https:\/\/www.laguiadepamplona.com\/actualidad\/#\/schema\/person\/efe887376f0213d4657c93adc50b1fdb","name":"La Gu\u00eda de Pamplona","image":{"@type":"ImageObject","inLanguage":"es","@id":"https:\/\/secure.gravatar.com\/avatar\/b6992f131dc8d30ab0dff15446e9d346d9dbd95992de0fef795073f5ea83a81c?s=96&d=mm&r=g","url":"https:\/\/secure.gravatar.com\/avatar\/b6992f131dc8d30ab0dff15446e9d346d9dbd95992de0fef795073f5ea83a81c?s=96&d=mm&r=g","contentUrl":"https:\/\/secure.gravatar.com\/avatar\/b6992f131dc8d30ab0dff15446e9d346d9dbd95992de0fef795073f5ea83a81c?s=96&d=mm&r=g","caption":"La Gu\u00eda de Pamplona"}}]}},"post_mailing_queue_ids":[],"_links":{"self":[{"href":"https:\/\/www.laguiadepamplona.com\/actualidad\/wp-json\/wp\/v2\/posts\/38108","targetHints":{"allow":["GET"]}}],"collection":[{"href":"https:\/\/www.laguiadepamplona.com\/actualidad\/wp-json\/wp\/v2\/posts"}],"about":[{"href":"https:\/\/www.laguiadepamplona.com\/actualidad\/wp-json\/wp\/v2\/types\/post"}],"author":[{"embeddable":true,"href":"https:\/\/www.laguiadepamplona.com\/actualidad\/wp-json\/wp\/v2\/users\/1"}],"replies":[{"embeddable":true,"href":"https:\/\/www.laguiadepamplona.com\/actualidad\/wp-json\/wp\/v2\/comments?post=38108"}],"version-history":[{"count":0,"href":"https:\/\/www.laguiadepamplona.com\/actualidad\/wp-json\/wp\/v2\/posts\/38108\/revisions"}],"wp:featuredmedia":[{"embeddable":true,"href":"https:\/\/www.laguiadepamplona.com\/actualidad\/wp-json\/wp\/v2\/media\/38109"}],"wp:attachment":[{"href":"https:\/\/www.laguiadepamplona.com\/actualidad\/wp-json\/wp\/v2\/media?parent=38108"}],"wp:term":[{"taxonomy":"category","embeddable":true,"href":"https:\/\/www.laguiadepamplona.com\/actualidad\/wp-json\/wp\/v2\/categories?post=38108"},{"taxonomy":"post_tag","embeddable":true,"href":"https:\/\/www.laguiadepamplona.com\/actualidad\/wp-json\/wp\/v2\/tags?post=38108"}],"curies":[{"name":"wp","href":"https:\/\/api.w.org\/{rel}","templated":true}]}}