{"id":38100,"date":"2021-12-23T19:40:36","date_gmt":"2021-12-23T17:40:36","guid":{"rendered":"https:\/\/www.laguiadepamplona.com\/actualidad\/?p=38100"},"modified":"2023-04-11T11:48:38","modified_gmt":"2023-04-11T09:48:38","slug":"pamplona-recibira-646-375-euros-del-ministerio-de-transportes-movilidad-y-agenda-urbana-para-la-rehabilitacion-del-baluarte-de-parma","status":"publish","type":"post","link":"https:\/\/www.laguiadepamplona.com\/actualidad\/pamplona-recibira-646-375-euros-del-ministerio-de-transportes-movilidad-y-agenda-urbana-para-la-rehabilitacion-del-baluarte-de-parma\/","title":{"rendered":"Pamplona recibir\u00e1 646.375 euros del Ministerio de Transportes Movilidad y Agenda Urbana para la rehabilitaci\u00f3n del Baluarte de Parma"},"content":{"rendered":"<h5><strong>\u00a0<\/strong>Aprobada la resoluci\u00f3n definitiva del programa de ayudas \u201c1,5% Cultural\u201d mientras las obras iniciadas en septiembre avanzan al ritmo previsto<\/h5>\n<p><!--more--><\/p>\n<p>El Ministerio de Transportes Movilidad y Agenda Urbana ha comunicado formalmente al Ayuntamiento de Pamplona que el Estado financiar\u00e1 obras del Baluarte de Parma y la zona de Corralillos a trav\u00e9s del programa de ayudas \u201c1,5% Cultural\u201d. Las obras fueron adjudicadas finalmente en 904.225 euros y la cantidad comprometida para esta intervenci\u00f3n por el Ministerio es de 646.375 euros. La intervenci\u00f3n comenz\u00f3 en el mes de septiembre, gracias a la aprobaci\u00f3n de una modificaci\u00f3n presupuestaria, y la est\u00e1 realizando Construcciones Leache. La empresa ejecuta el proyecto redactado por los arquitectos Marta y Miguel Monreal Vidal.<br \/>\n<script async src=\"\/\/pagead2.googlesyndication.com\/pagead\/js\/adsbygoogle.js\"><\/script><br \/>\n<!-- Noticias La Guia de Pamplona --><br \/>\n<ins class=\"adsbygoogle\"\nstyle=\"display:block\"\ndata-ad-client=\"ca-pub-6943679897239327\"\ndata-ad-slot=\"7048180777\"\ndata-ad-format=\"auto\"><\/ins><br \/>\n<script>\n(adsbygoogle = window.adsbygoogle || []).push({});\n<\/script><\/p>\n<p>En estos momentos se est\u00e1n reconstruyendo las 5 ca\u00f1oneras cuyos vestigios fueron encontrados tras la retirada de la importante cantidad de vegetaci\u00f3n que ocultaba el baluarte bajo (Corralillos). La reconstrucci\u00f3n se basa tambi\u00e9n en la documentaci\u00f3n hist\u00f3rica recogida en el proyecto y es respetuosa con la construcci\u00f3n original, aunque utiliza t\u00e9cnicas modernas. Adem\u00e1s, se ha realizado la consolidaci\u00f3n de elementos estructurales la base de ese elemento fortificado recalzando la muralla y se han recolocado los sillares removidos por las ra\u00edces de los \u00e1rboles en esa zona, que en algunos sitios hab\u00edan hasta perdido su configuraci\u00f3n.<\/p>\n<p>Tambi\u00e9n se ha realizado la limpieza de vegetaci\u00f3n de las escarpas del baluarte (zona de lienzos del baluarte que dan al exterior del elemento). En las pr\u00f3ximas semanas se ir\u00e1n reconstruyendo las 7 ca\u00f1oneras dispuestas en el baluarte propiamente dicho. Como en el resto de rehabilitaciones de las fortificaciones de Pamplona, la intervenci\u00f3n supone realizar desbroce, picado de juntas y el desmontaje y consolidaci\u00f3n de las zonas afectadas y la reposici\u00f3n material en donde sea preciso, para acabar con la limpieza de todos los paramentos y la colocaci\u00f3n de Iluminaci\u00f3n ornamental.<br \/>\n<script async src=\"\/\/pagead2.googlesyndication.com\/pagead\/js\/adsbygoogle.js\"><\/script><br \/>\n<!-- Noticias La Guia de Pamplona --><br \/>\n<ins class=\"adsbygoogle\"\nstyle=\"display:block\"\ndata-ad-client=\"ca-pub-6943679897239327\"\ndata-ad-slot=\"7048180777\"\ndata-ad-format=\"auto\"><\/ins><br \/>\n<script>\n(adsbygoogle = window.adsbygoogle || []).push({});\n<\/script><\/p>\n<p><strong>Un valor para la ciudad<\/strong><\/p>\n<p>El Baluarte de Parma es \u00fanico tramo de la muralla que falta para terminar la rehabilitaci\u00f3n de los 5 km. de per\u00edmetro fortificado de la ciudad. Construido en el siglo XVI, hoy se encuentra ubicado entre el Archivo Real y General de Navarra y el final del Paseo de Ronda, frente el edificio de Educaci\u00f3n de Gobierno de Navarra. El recinto amurallado de la ciudad y el Casco Antiguo est\u00e1n calificadas como \u201cConjunto hist\u00f3rico-art\u00edstico\u201d desde abril de 1968, y concretamente las murallas, son bien patrimonial del Consistorio con categor\u00eda de Bien de Inter\u00e9s Cultural (BIC) seg\u00fan el Plan Municipal.<\/p>\n<p>Cuando en 2022 concluya esta intervenci\u00f3n sobre el patrimonio fortificado cerrar\u00e1 el ciclo de varias d\u00e9cadas de trabajos recuperaci\u00f3n del conjunto formado por la Ciudadela y las murallas de la ciudad, completando su restauraci\u00f3n al hilo del Plan estrat\u00e9gico de ciudad (Estrategia 2030).<\/p>\n<p>La obra, adem\u00e1s, contribuir\u00e1 a la mejora del paisaje urbano y, m\u00e1s concretamente, del Casco Antiguo y del Parque Fluvial y a la mejora del posicionamiento tur\u00edstico de la ciudad, con la correspondiente incidencia en el crecimiento del empleo en el sector.<\/p>\n","protected":false},"excerpt":{"rendered":"<p>\u00a0Aprobada la resoluci\u00f3n definitiva del programa de ayudas \u201c1,5% Cultural\u201d mientras las obras iniciadas en septiembre avanzan al ritmo previsto<\/p>\n","protected":false},"author":1,"featured_media":38101,"comment_status":"open","ping_status":"closed","sticky":false,"template":"","format":"standard","meta":{"footnotes":""},"categories":[2],"tags":[],"class_list":["post-38100","post","type-post","status-publish","format-standard","has-post-thumbnail","hentry","category-ayuntamiento-pamplona"],"yoast_head":"<!-- This site is optimized with the Yoast SEO plugin v27.3 - https:\/\/yoast.com\/product\/yoast-seo-wordpress\/ -->\n<title>Pamplona recibir\u00e1 646.375 euros del Ministerio de Transportes Movilidad y Agenda Urbana para la rehabilitaci\u00f3n del Baluarte de Parma<\/title>\n<meta name=\"description\" content=\"\u00a0Aprobada la resoluci\u00f3n definitiva del programa de ayudas \u201c1,5% Cultural\u201d mientras las obras iniciadas en septiembre avanzan al ritmo previsto\" \/>\n<meta name=\"robots\" content=\"index, follow, max-snippet:-1, max-image-preview:large, max-video-preview:-1\" \/>\n<link rel=\"canonical\" href=\"https:\/\/www.laguiadepamplona.com\/actualidad\/pamplona-recibira-646-375-euros-del-ministerio-de-transportes-movilidad-y-agenda-urbana-para-la-rehabilitacion-del-baluarte-de-parma\/\" \/>\n<meta property=\"og:locale\" content=\"es_ES\" \/>\n<meta property=\"og:type\" content=\"article\" \/>\n<meta property=\"og:title\" content=\"Pamplona recibir\u00e1 646.375 euros del Ministerio de Transportes Movilidad y Agenda Urbana para la rehabilitaci\u00f3n del Baluarte de Parma\" \/>\n<meta property=\"og:description\" content=\"\u00a0Aprobada la resoluci\u00f3n definitiva del programa de ayudas \u201c1,5% Cultural\u201d mientras las obras iniciadas en septiembre avanzan al ritmo previsto\" \/>\n<meta property=\"og:url\" content=\"https:\/\/www.laguiadepamplona.com\/actualidad\/pamplona-recibira-646-375-euros-del-ministerio-de-transportes-movilidad-y-agenda-urbana-para-la-rehabilitacion-del-baluarte-de-parma\/\" \/>\n<meta property=\"og:site_name\" content=\"La Gu\u00eda de Pamplona\" \/>\n<meta property=\"article:publisher\" content=\"https:\/\/www.facebook.com\/laguiadepamplonacom-133175176762273\/?ref=hl\" \/>\n<meta property=\"article:published_time\" content=\"2021-12-23T17:40:36+00:00\" \/>\n<meta property=\"article:modified_time\" content=\"2023-04-11T09:48:38+00:00\" \/>\n<meta property=\"og:image\" content=\"https:\/\/www.laguiadepamplona.com\/actualidad\/wp-content\/uploads\/2021\/12\/baluarte-de-parma.jpg\" \/>\n\t<meta property=\"og:image:width\" content=\"1920\" \/>\n\t<meta property=\"og:image:height\" content=\"1440\" \/>\n\t<meta property=\"og:image:type\" content=\"image\/jpeg\" \/>\n<meta name=\"author\" content=\"La Gu\u00eda de Pamplona\" \/>\n<meta name=\"twitter:card\" content=\"summary_large_image\" \/>\n<meta name=\"twitter:creator\" content=\"@LaGuiadPamplona\" \/>\n<meta name=\"twitter:site\" content=\"@LaGuiadPamplona\" \/>\n<meta name=\"twitter:label1\" content=\"Escrito por\" \/>\n\t<meta name=\"twitter:data1\" content=\"La Gu\u00eda de Pamplona\" \/>\n\t<meta name=\"twitter:label2\" content=\"Tiempo de lectura\" \/>\n\t<meta name=\"twitter:data2\" content=\"3 minutos\" \/>\n<script type=\"application\/ld+json\" class=\"yoast-schema-graph\">{\"@context\":\"https:\\\/\\\/schema.org\",\"@graph\":[{\"@type\":\"Article\",\"@id\":\"https:\\\/\\\/www.laguiadepamplona.com\\\/actualidad\\\/pamplona-recibira-646-375-euros-del-ministerio-de-transportes-movilidad-y-agenda-urbana-para-la-rehabilitacion-del-baluarte-de-parma\\\/#article\",\"isPartOf\":{\"@id\":\"https:\\\/\\\/www.laguiadepamplona.com\\\/actualidad\\\/pamplona-recibira-646-375-euros-del-ministerio-de-transportes-movilidad-y-agenda-urbana-para-la-rehabilitacion-del-baluarte-de-parma\\\/\"},\"author\":{\"name\":\"La Gu\u00eda de Pamplona\",\"@id\":\"https:\\\/\\\/www.laguiadepamplona.com\\\/actualidad\\\/#\\\/schema\\\/person\\\/efe887376f0213d4657c93adc50b1fdb\"},\"headline\":\"Pamplona recibir\u00e1 646.375 euros del Ministerio de Transportes Movilidad y Agenda Urbana para la rehabilitaci\u00f3n del Baluarte de Parma\",\"datePublished\":\"2021-12-23T17:40:36+00:00\",\"dateModified\":\"2023-04-11T09:48:38+00:00\",\"mainEntityOfPage\":{\"@id\":\"https:\\\/\\\/www.laguiadepamplona.com\\\/actualidad\\\/pamplona-recibira-646-375-euros-del-ministerio-de-transportes-movilidad-y-agenda-urbana-para-la-rehabilitacion-del-baluarte-de-parma\\\/\"},\"wordCount\":546,\"commentCount\":0,\"publisher\":{\"@id\":\"https:\\\/\\\/www.laguiadepamplona.com\\\/actualidad\\\/#organization\"},\"image\":{\"@id\":\"https:\\\/\\\/www.laguiadepamplona.com\\\/actualidad\\\/pamplona-recibira-646-375-euros-del-ministerio-de-transportes-movilidad-y-agenda-urbana-para-la-rehabilitacion-del-baluarte-de-parma\\\/#primaryimage\"},\"thumbnailUrl\":\"https:\\\/\\\/www.laguiadepamplona.com\\\/actualidad\\\/wp-content\\\/uploads\\\/2021\\\/12\\\/baluarte-de-parma.jpg\",\"articleSection\":[\"Ayto Pamplona\"],\"inLanguage\":\"es\",\"potentialAction\":[{\"@type\":\"CommentAction\",\"name\":\"Comment\",\"target\":[\"https:\\\/\\\/www.laguiadepamplona.com\\\/actualidad\\\/pamplona-recibira-646-375-euros-del-ministerio-de-transportes-movilidad-y-agenda-urbana-para-la-rehabilitacion-del-baluarte-de-parma\\\/#respond\"]}]},{\"@type\":\"WebPage\",\"@id\":\"https:\\\/\\\/www.laguiadepamplona.com\\\/actualidad\\\/pamplona-recibira-646-375-euros-del-ministerio-de-transportes-movilidad-y-agenda-urbana-para-la-rehabilitacion-del-baluarte-de-parma\\\/\",\"url\":\"https:\\\/\\\/www.laguiadepamplona.com\\\/actualidad\\\/pamplona-recibira-646-375-euros-del-ministerio-de-transportes-movilidad-y-agenda-urbana-para-la-rehabilitacion-del-baluarte-de-parma\\\/\",\"name\":\"Pamplona recibir\u00e1 646.375 euros del Ministerio de Transportes Movilidad y Agenda Urbana para la rehabilitaci\u00f3n del Baluarte de Parma\",\"isPartOf\":{\"@id\":\"https:\\\/\\\/www.laguiadepamplona.com\\\/actualidad\\\/#website\"},\"primaryImageOfPage\":{\"@id\":\"https:\\\/\\\/www.laguiadepamplona.com\\\/actualidad\\\/pamplona-recibira-646-375-euros-del-ministerio-de-transportes-movilidad-y-agenda-urbana-para-la-rehabilitacion-del-baluarte-de-parma\\\/#primaryimage\"},\"image\":{\"@id\":\"https:\\\/\\\/www.laguiadepamplona.com\\\/actualidad\\\/pamplona-recibira-646-375-euros-del-ministerio-de-transportes-movilidad-y-agenda-urbana-para-la-rehabilitacion-del-baluarte-de-parma\\\/#primaryimage\"},\"thumbnailUrl\":\"https:\\\/\\\/www.laguiadepamplona.com\\\/actualidad\\\/wp-content\\\/uploads\\\/2021\\\/12\\\/baluarte-de-parma.jpg\",\"datePublished\":\"2021-12-23T17:40:36+00:00\",\"dateModified\":\"2023-04-11T09:48:38+00:00\",\"description\":\"\u00a0Aprobada la resoluci\u00f3n definitiva del programa de ayudas \u201c1,5% Cultural\u201d mientras las obras iniciadas en septiembre avanzan al ritmo previsto\",\"breadcrumb\":{\"@id\":\"https:\\\/\\\/www.laguiadepamplona.com\\\/actualidad\\\/pamplona-recibira-646-375-euros-del-ministerio-de-transportes-movilidad-y-agenda-urbana-para-la-rehabilitacion-del-baluarte-de-parma\\\/#breadcrumb\"},\"inLanguage\":\"es\",\"potentialAction\":[{\"@type\":\"ReadAction\",\"target\":[\"https:\\\/\\\/www.laguiadepamplona.com\\\/actualidad\\\/pamplona-recibira-646-375-euros-del-ministerio-de-transportes-movilidad-y-agenda-urbana-para-la-rehabilitacion-del-baluarte-de-parma\\\/\"]}]},{\"@type\":\"ImageObject\",\"inLanguage\":\"es\",\"@id\":\"https:\\\/\\\/www.laguiadepamplona.com\\\/actualidad\\\/pamplona-recibira-646-375-euros-del-ministerio-de-transportes-movilidad-y-agenda-urbana-para-la-rehabilitacion-del-baluarte-de-parma\\\/#primaryimage\",\"url\":\"https:\\\/\\\/www.laguiadepamplona.com\\\/actualidad\\\/wp-content\\\/uploads\\\/2021\\\/12\\\/baluarte-de-parma.jpg\",\"contentUrl\":\"https:\\\/\\\/www.laguiadepamplona.com\\\/actualidad\\\/wp-content\\\/uploads\\\/2021\\\/12\\\/baluarte-de-parma.jpg\",\"width\":1920,\"height\":1440},{\"@type\":\"BreadcrumbList\",\"@id\":\"https:\\\/\\\/www.laguiadepamplona.com\\\/actualidad\\\/pamplona-recibira-646-375-euros-del-ministerio-de-transportes-movilidad-y-agenda-urbana-para-la-rehabilitacion-del-baluarte-de-parma\\\/#breadcrumb\",\"itemListElement\":[{\"@type\":\"ListItem\",\"position\":1,\"name\":\"Portada\",\"item\":\"https:\\\/\\\/www.laguiadepamplona.com\\\/actualidad\\\/\"},{\"@type\":\"ListItem\",\"position\":2,\"name\":\"Pamplona recibir\u00e1 646.375 euros del Ministerio de Transportes Movilidad y Agenda Urbana para la rehabilitaci\u00f3n del Baluarte de Parma\"}]},{\"@type\":\"WebSite\",\"@id\":\"https:\\\/\\\/www.laguiadepamplona.com\\\/actualidad\\\/#website\",\"url\":\"https:\\\/\\\/www.laguiadepamplona.com\\\/actualidad\\\/\",\"name\":\"La gu\u00eda de Pamplona\",\"description\":\"Noticias de Pamplona\",\"publisher\":{\"@id\":\"https:\\\/\\\/www.laguiadepamplona.com\\\/actualidad\\\/#organization\"},\"potentialAction\":[{\"@type\":\"SearchAction\",\"target\":{\"@type\":\"EntryPoint\",\"urlTemplate\":\"https:\\\/\\\/www.laguiadepamplona.com\\\/actualidad\\\/?s={search_term_string}\"},\"query-input\":{\"@type\":\"PropertyValueSpecification\",\"valueRequired\":true,\"valueName\":\"search_term_string\"}}],\"inLanguage\":\"es\"},{\"@type\":\"Organization\",\"@id\":\"https:\\\/\\\/www.laguiadepamplona.com\\\/actualidad\\\/#organization\",\"name\":\"La Gu\u00eda de Pamplona \\\/ Noticias\",\"url\":\"https:\\\/\\\/www.laguiadepamplona.com\\\/actualidad\\\/\",\"logo\":{\"@type\":\"ImageObject\",\"inLanguage\":\"es\",\"@id\":\"https:\\\/\\\/www.laguiadepamplona.com\\\/actualidad\\\/#\\\/schema\\\/logo\\\/image\\\/\",\"url\":\"https:\\\/\\\/www.laguiadepamplona.com\\\/actualidad\\\/wp-content\\\/uploads\\\/2018\\\/11\\\/logo-laguiadepamplona18-web1.png\",\"contentUrl\":\"https:\\\/\\\/www.laguiadepamplona.com\\\/actualidad\\\/wp-content\\\/uploads\\\/2018\\\/11\\\/logo-laguiadepamplona18-web1.png\",\"width\":600,\"height\":196,\"caption\":\"La Gu\u00eda de Pamplona \\\/ Noticias\"},\"image\":{\"@id\":\"https:\\\/\\\/www.laguiadepamplona.com\\\/actualidad\\\/#\\\/schema\\\/logo\\\/image\\\/\"},\"sameAs\":[\"https:\\\/\\\/www.facebook.com\\\/laguiadepamplonacom-133175176762273\\\/?ref=hl\",\"https:\\\/\\\/x.com\\\/LaGuiadPamplona\",\"https:\\\/\\\/www.instagram.com\\\/la_guia_de_pamplona\\\/\",\"https:\\\/\\\/www.youtube.com\\\/user\\\/laguiadepamplona\"]},{\"@type\":\"Person\",\"@id\":\"https:\\\/\\\/www.laguiadepamplona.com\\\/actualidad\\\/#\\\/schema\\\/person\\\/efe887376f0213d4657c93adc50b1fdb\",\"name\":\"La Gu\u00eda de Pamplona\",\"image\":{\"@type\":\"ImageObject\",\"inLanguage\":\"es\",\"@id\":\"https:\\\/\\\/secure.gravatar.com\\\/avatar\\\/b6992f131dc8d30ab0dff15446e9d346d9dbd95992de0fef795073f5ea83a81c?s=96&d=mm&r=g\",\"url\":\"https:\\\/\\\/secure.gravatar.com\\\/avatar\\\/b6992f131dc8d30ab0dff15446e9d346d9dbd95992de0fef795073f5ea83a81c?s=96&d=mm&r=g\",\"contentUrl\":\"https:\\\/\\\/secure.gravatar.com\\\/avatar\\\/b6992f131dc8d30ab0dff15446e9d346d9dbd95992de0fef795073f5ea83a81c?s=96&d=mm&r=g\",\"caption\":\"La Gu\u00eda de Pamplona\"}}]}<\/script>\n<!-- \/ Yoast SEO plugin. -->","yoast_head_json":{"title":"Pamplona recibir\u00e1 646.375 euros del Ministerio de Transportes Movilidad y Agenda Urbana para la rehabilitaci\u00f3n del Baluarte de Parma","description":"\u00a0Aprobada la resoluci\u00f3n definitiva del programa de ayudas \u201c1,5% Cultural\u201d mientras las obras iniciadas en septiembre avanzan al ritmo previsto","robots":{"index":"index","follow":"follow","max-snippet":"max-snippet:-1","max-image-preview":"max-image-preview:large","max-video-preview":"max-video-preview:-1"},"canonical":"https:\/\/www.laguiadepamplona.com\/actualidad\/pamplona-recibira-646-375-euros-del-ministerio-de-transportes-movilidad-y-agenda-urbana-para-la-rehabilitacion-del-baluarte-de-parma\/","og_locale":"es_ES","og_type":"article","og_title":"Pamplona recibir\u00e1 646.375 euros del Ministerio de Transportes Movilidad y Agenda Urbana para la rehabilitaci\u00f3n del Baluarte de Parma","og_description":"\u00a0Aprobada la resoluci\u00f3n definitiva del programa de ayudas \u201c1,5% Cultural\u201d mientras las obras iniciadas en septiembre avanzan al ritmo previsto","og_url":"https:\/\/www.laguiadepamplona.com\/actualidad\/pamplona-recibira-646-375-euros-del-ministerio-de-transportes-movilidad-y-agenda-urbana-para-la-rehabilitacion-del-baluarte-de-parma\/","og_site_name":"La Gu\u00eda de Pamplona","article_publisher":"https:\/\/www.facebook.com\/laguiadepamplonacom-133175176762273\/?ref=hl","article_published_time":"2021-12-23T17:40:36+00:00","article_modified_time":"2023-04-11T09:48:38+00:00","og_image":[{"width":1920,"height":1440,"url":"https:\/\/www.laguiadepamplona.com\/actualidad\/wp-content\/uploads\/2021\/12\/baluarte-de-parma.jpg","type":"image\/jpeg"}],"author":"La Gu\u00eda de Pamplona","twitter_card":"summary_large_image","twitter_creator":"@LaGuiadPamplona","twitter_site":"@LaGuiadPamplona","twitter_misc":{"Escrito por":"La Gu\u00eda de Pamplona","Tiempo de lectura":"3 minutos"},"schema":{"@context":"https:\/\/schema.org","@graph":[{"@type":"Article","@id":"https:\/\/www.laguiadepamplona.com\/actualidad\/pamplona-recibira-646-375-euros-del-ministerio-de-transportes-movilidad-y-agenda-urbana-para-la-rehabilitacion-del-baluarte-de-parma\/#article","isPartOf":{"@id":"https:\/\/www.laguiadepamplona.com\/actualidad\/pamplona-recibira-646-375-euros-del-ministerio-de-transportes-movilidad-y-agenda-urbana-para-la-rehabilitacion-del-baluarte-de-parma\/"},"author":{"name":"La Gu\u00eda de Pamplona","@id":"https:\/\/www.laguiadepamplona.com\/actualidad\/#\/schema\/person\/efe887376f0213d4657c93adc50b1fdb"},"headline":"Pamplona recibir\u00e1 646.375 euros del Ministerio de Transportes Movilidad y Agenda Urbana para la rehabilitaci\u00f3n del Baluarte de Parma","datePublished":"2021-12-23T17:40:36+00:00","dateModified":"2023-04-11T09:48:38+00:00","mainEntityOfPage":{"@id":"https:\/\/www.laguiadepamplona.com\/actualidad\/pamplona-recibira-646-375-euros-del-ministerio-de-transportes-movilidad-y-agenda-urbana-para-la-rehabilitacion-del-baluarte-de-parma\/"},"wordCount":546,"commentCount":0,"publisher":{"@id":"https:\/\/www.laguiadepamplona.com\/actualidad\/#organization"},"image":{"@id":"https:\/\/www.laguiadepamplona.com\/actualidad\/pamplona-recibira-646-375-euros-del-ministerio-de-transportes-movilidad-y-agenda-urbana-para-la-rehabilitacion-del-baluarte-de-parma\/#primaryimage"},"thumbnailUrl":"https:\/\/www.laguiadepamplona.com\/actualidad\/wp-content\/uploads\/2021\/12\/baluarte-de-parma.jpg","articleSection":["Ayto Pamplona"],"inLanguage":"es","potentialAction":[{"@type":"CommentAction","name":"Comment","target":["https:\/\/www.laguiadepamplona.com\/actualidad\/pamplona-recibira-646-375-euros-del-ministerio-de-transportes-movilidad-y-agenda-urbana-para-la-rehabilitacion-del-baluarte-de-parma\/#respond"]}]},{"@type":"WebPage","@id":"https:\/\/www.laguiadepamplona.com\/actualidad\/pamplona-recibira-646-375-euros-del-ministerio-de-transportes-movilidad-y-agenda-urbana-para-la-rehabilitacion-del-baluarte-de-parma\/","url":"https:\/\/www.laguiadepamplona.com\/actualidad\/pamplona-recibira-646-375-euros-del-ministerio-de-transportes-movilidad-y-agenda-urbana-para-la-rehabilitacion-del-baluarte-de-parma\/","name":"Pamplona recibir\u00e1 646.375 euros del Ministerio de Transportes Movilidad y Agenda Urbana para la rehabilitaci\u00f3n del Baluarte de Parma","isPartOf":{"@id":"https:\/\/www.laguiadepamplona.com\/actualidad\/#website"},"primaryImageOfPage":{"@id":"https:\/\/www.laguiadepamplona.com\/actualidad\/pamplona-recibira-646-375-euros-del-ministerio-de-transportes-movilidad-y-agenda-urbana-para-la-rehabilitacion-del-baluarte-de-parma\/#primaryimage"},"image":{"@id":"https:\/\/www.laguiadepamplona.com\/actualidad\/pamplona-recibira-646-375-euros-del-ministerio-de-transportes-movilidad-y-agenda-urbana-para-la-rehabilitacion-del-baluarte-de-parma\/#primaryimage"},"thumbnailUrl":"https:\/\/www.laguiadepamplona.com\/actualidad\/wp-content\/uploads\/2021\/12\/baluarte-de-parma.jpg","datePublished":"2021-12-23T17:40:36+00:00","dateModified":"2023-04-11T09:48:38+00:00","description":"\u00a0Aprobada la resoluci\u00f3n definitiva del programa de ayudas \u201c1,5% Cultural\u201d mientras las obras iniciadas en septiembre avanzan al ritmo previsto","breadcrumb":{"@id":"https:\/\/www.laguiadepamplona.com\/actualidad\/pamplona-recibira-646-375-euros-del-ministerio-de-transportes-movilidad-y-agenda-urbana-para-la-rehabilitacion-del-baluarte-de-parma\/#breadcrumb"},"inLanguage":"es","potentialAction":[{"@type":"ReadAction","target":["https:\/\/www.laguiadepamplona.com\/actualidad\/pamplona-recibira-646-375-euros-del-ministerio-de-transportes-movilidad-y-agenda-urbana-para-la-rehabilitacion-del-baluarte-de-parma\/"]}]},{"@type":"ImageObject","inLanguage":"es","@id":"https:\/\/www.laguiadepamplona.com\/actualidad\/pamplona-recibira-646-375-euros-del-ministerio-de-transportes-movilidad-y-agenda-urbana-para-la-rehabilitacion-del-baluarte-de-parma\/#primaryimage","url":"https:\/\/www.laguiadepamplona.com\/actualidad\/wp-content\/uploads\/2021\/12\/baluarte-de-parma.jpg","contentUrl":"https:\/\/www.laguiadepamplona.com\/actualidad\/wp-content\/uploads\/2021\/12\/baluarte-de-parma.jpg","width":1920,"height":1440},{"@type":"BreadcrumbList","@id":"https:\/\/www.laguiadepamplona.com\/actualidad\/pamplona-recibira-646-375-euros-del-ministerio-de-transportes-movilidad-y-agenda-urbana-para-la-rehabilitacion-del-baluarte-de-parma\/#breadcrumb","itemListElement":[{"@type":"ListItem","position":1,"name":"Portada","item":"https:\/\/www.laguiadepamplona.com\/actualidad\/"},{"@type":"ListItem","position":2,"name":"Pamplona recibir\u00e1 646.375 euros del Ministerio de Transportes Movilidad y Agenda Urbana para la rehabilitaci\u00f3n del Baluarte de Parma"}]},{"@type":"WebSite","@id":"https:\/\/www.laguiadepamplona.com\/actualidad\/#website","url":"https:\/\/www.laguiadepamplona.com\/actualidad\/","name":"La gu\u00eda de Pamplona","description":"Noticias de Pamplona","publisher":{"@id":"https:\/\/www.laguiadepamplona.com\/actualidad\/#organization"},"potentialAction":[{"@type":"SearchAction","target":{"@type":"EntryPoint","urlTemplate":"https:\/\/www.laguiadepamplona.com\/actualidad\/?s={search_term_string}"},"query-input":{"@type":"PropertyValueSpecification","valueRequired":true,"valueName":"search_term_string"}}],"inLanguage":"es"},{"@type":"Organization","@id":"https:\/\/www.laguiadepamplona.com\/actualidad\/#organization","name":"La Gu\u00eda de Pamplona \/ Noticias","url":"https:\/\/www.laguiadepamplona.com\/actualidad\/","logo":{"@type":"ImageObject","inLanguage":"es","@id":"https:\/\/www.laguiadepamplona.com\/actualidad\/#\/schema\/logo\/image\/","url":"https:\/\/www.laguiadepamplona.com\/actualidad\/wp-content\/uploads\/2018\/11\/logo-laguiadepamplona18-web1.png","contentUrl":"https:\/\/www.laguiadepamplona.com\/actualidad\/wp-content\/uploads\/2018\/11\/logo-laguiadepamplona18-web1.png","width":600,"height":196,"caption":"La Gu\u00eda de Pamplona \/ Noticias"},"image":{"@id":"https:\/\/www.laguiadepamplona.com\/actualidad\/#\/schema\/logo\/image\/"},"sameAs":["https:\/\/www.facebook.com\/laguiadepamplonacom-133175176762273\/?ref=hl","https:\/\/x.com\/LaGuiadPamplona","https:\/\/www.instagram.com\/la_guia_de_pamplona\/","https:\/\/www.youtube.com\/user\/laguiadepamplona"]},{"@type":"Person","@id":"https:\/\/www.laguiadepamplona.com\/actualidad\/#\/schema\/person\/efe887376f0213d4657c93adc50b1fdb","name":"La Gu\u00eda de Pamplona","image":{"@type":"ImageObject","inLanguage":"es","@id":"https:\/\/secure.gravatar.com\/avatar\/b6992f131dc8d30ab0dff15446e9d346d9dbd95992de0fef795073f5ea83a81c?s=96&d=mm&r=g","url":"https:\/\/secure.gravatar.com\/avatar\/b6992f131dc8d30ab0dff15446e9d346d9dbd95992de0fef795073f5ea83a81c?s=96&d=mm&r=g","contentUrl":"https:\/\/secure.gravatar.com\/avatar\/b6992f131dc8d30ab0dff15446e9d346d9dbd95992de0fef795073f5ea83a81c?s=96&d=mm&r=g","caption":"La Gu\u00eda de Pamplona"}}]}},"post_mailing_queue_ids":[],"_links":{"self":[{"href":"https:\/\/www.laguiadepamplona.com\/actualidad\/wp-json\/wp\/v2\/posts\/38100","targetHints":{"allow":["GET"]}}],"collection":[{"href":"https:\/\/www.laguiadepamplona.com\/actualidad\/wp-json\/wp\/v2\/posts"}],"about":[{"href":"https:\/\/www.laguiadepamplona.com\/actualidad\/wp-json\/wp\/v2\/types\/post"}],"author":[{"embeddable":true,"href":"https:\/\/www.laguiadepamplona.com\/actualidad\/wp-json\/wp\/v2\/users\/1"}],"replies":[{"embeddable":true,"href":"https:\/\/www.laguiadepamplona.com\/actualidad\/wp-json\/wp\/v2\/comments?post=38100"}],"version-history":[{"count":0,"href":"https:\/\/www.laguiadepamplona.com\/actualidad\/wp-json\/wp\/v2\/posts\/38100\/revisions"}],"wp:featuredmedia":[{"embeddable":true,"href":"https:\/\/www.laguiadepamplona.com\/actualidad\/wp-json\/wp\/v2\/media\/38101"}],"wp:attachment":[{"href":"https:\/\/www.laguiadepamplona.com\/actualidad\/wp-json\/wp\/v2\/media?parent=38100"}],"wp:term":[{"taxonomy":"category","embeddable":true,"href":"https:\/\/www.laguiadepamplona.com\/actualidad\/wp-json\/wp\/v2\/categories?post=38100"},{"taxonomy":"post_tag","embeddable":true,"href":"https:\/\/www.laguiadepamplona.com\/actualidad\/wp-json\/wp\/v2\/tags?post=38100"}],"curies":[{"name":"wp","href":"https:\/\/api.w.org\/{rel}","templated":true}]}}