{"id":38093,"date":"2021-12-22T14:08:36","date_gmt":"2021-12-22T12:08:36","guid":{"rendered":"https:\/\/www.laguiadepamplona.com\/actualidad\/?p=38093"},"modified":"2023-04-11T11:48:39","modified_gmt":"2023-04-11T09:48:39","slug":"la-primera-edicion-del-grupo-de-accion-climatica-promovido-por-el-ayuntamiento-de-pamplona-traslada-sus-conclusiones-al-concejal-de-sostenibilidad","status":"publish","type":"post","link":"https:\/\/www.laguiadepamplona.com\/actualidad\/la-primera-edicion-del-grupo-de-accion-climatica-promovido-por-el-ayuntamiento-de-pamplona-traslada-sus-conclusiones-al-concejal-de-sostenibilidad\/","title":{"rendered":"La primera edici\u00f3n del Grupo de Acci\u00f3n Clim\u00e1tica promovido por el Ayuntamiento de Pamplona traslada sus conclusiones al concejal de Sostenibilidad"},"content":{"rendered":"<h5>Ferm\u00edn Alonso se ha reunido los portavoces de esta iniciativa, que tendr\u00e1 su segunda edici\u00f3n a partir del pr\u00f3ximo mes de enero<\/h5>\n<p><!--more--><\/p>\n<p>Contratar electricidad de origen renovable en la comunidad de vecinos, disminuir la generaci\u00f3n de pl\u00e1sticos, impulsar el uso de la bicicleta o medios de transporte p\u00fablicos en los desplazamientos de ocio y laborales o aumentar el reciclaje en los lugares de trabajo fueron algunos de los logros de la primera edici\u00f3n del Grupo de Acci\u00f3n Clim\u00e1tica, promovido por el Equipo de Educaci\u00f3n Ambiental del Ayuntamiento de Pamplona. Una vez finalizadas las sesiones, representantes de esta iniciativa han transmitido estas ideas al concejal delegado de Proyectos Estrat\u00e9gicos, Movilidad y Sostenibilidad, Ferm\u00edn Alonso. Esta reuni\u00f3n supone el punto final a la primera edici\u00f3n de este grupo de trabajo, que tendr\u00e1 continuidad con una segunda a partir de enero.<br \/>\n<script async src=\"\/\/pagead2.googlesyndication.com\/pagead\/js\/adsbygoogle.js\"><\/script><br \/>\n<!-- Noticias La Guia de Pamplona --><br \/>\n<ins class=\"adsbygoogle\"\nstyle=\"display:block\"\ndata-ad-client=\"ca-pub-6943679897239327\"\ndata-ad-slot=\"7048180777\"\ndata-ad-format=\"auto\"><\/ins><br \/>\n<script>\n(adsbygoogle = window.adsbygoogle || []).push({});\n<\/script><\/p>\n<p>El Grupo de Acci\u00f3n Clim\u00e1tica ha querido demostrar a lo largo de su primera edici\u00f3n c\u00f3mo puede modificarse el impacto ambiental de las personas cambiando las rutinas de su d\u00eda a d\u00eda al plantear retos individuales y colectivos para reducir la huella ecol\u00f3gica y mantener as\u00ed una relaci\u00f3n m\u00e1s sostenible con la tierra y todos sus habitantes. El propio grupo ha promovido la elaboraci\u00f3n y edici\u00f3n de un <a href=\"https:\/\/www.youtube.com\/watch?v=1OIPsroirsk\" target=\"_blank\" rel=\"noopener\">v\u00eddeo<\/a> en el que se explica la iniciativa y los logros alcanzados. El grupo se ha reunido una vez al mes durante el curso escolar y ha abordado las maneras concretas en la que la sociedad actual puede enfrentarse al reto clim\u00e1tico a trav\u00e9s de la transici\u00f3n ecol\u00f3gica desde diferentes visiones. Se ha tratado cada mes un tema comenzando por el uso de la energ\u00eda, la alimentaci\u00f3n, el impacto del consumo, los modos de transporte y el modo en el que la ciudadan\u00eda ocupa su tiempo libre y puede convertirse en una acci\u00f3n contra el cambio clim\u00e1tico.<\/p>\n<p>Esta propuesta del Ayuntamiento forma parte del programa \u2018Go Green Pamplona\u2019, que engloba todas las actuaciones en materia de lucha contra el cambio clim\u00e1tico desarrolladas por la ciudad y define las nuevas l\u00edneas de actuaci\u00f3n para la pr\u00f3xima d\u00e9cada, valorando los recursos necesarios para su ejecuci\u00f3n, los indicadores y los medios para su seguimiento y control.<br \/>\n<script async src=\"\/\/pagead2.googlesyndication.com\/pagead\/js\/adsbygoogle.js\"><\/script><br \/>\n<!-- Noticias La Guia de Pamplona --><br \/>\n<ins class=\"adsbygoogle\"\nstyle=\"display:block\"\ndata-ad-client=\"ca-pub-6943679897239327\"\ndata-ad-slot=\"7048180777\"\ndata-ad-format=\"auto\"><\/ins><br \/>\n<script>\n(adsbygoogle = window.adsbygoogle || []).push({});\n<\/script><\/p>\n<p><strong>Nueva edici\u00f3n del Grupo de Acci\u00f3n Clim\u00e1tica, a partir del mes de enero<\/strong><\/p>\n<p>Tras la buena acogida que ha tenido esta iniciativa, el Equipo de Educaci\u00f3n Ambiental del Ayuntamiento de Pamplona pondr\u00e1 en marcha a partir de enero una segunda edici\u00f3n. La actividad, que se ofrecer\u00e1 de manera gratuita, tendr\u00e1 lugar a lo largo de siete mi\u00e9rcoles desde el inicio del a\u00f1o hasta el mes de abril, con sesiones entre las seis y las ocho de la tarde. Las inscripciones deben realizarse a trav\u00e9s del tel\u00e9fono de informaci\u00f3n ciudadana 010.<\/p>\n<p>La sesi\u00f3n de enero supondr\u00e1 una presentaci\u00f3n del curso y del grupo, as\u00ed como de sus objetivos a medio plazo. En febrero se abordar\u00e1 el tema de la energ\u00eda, y se pondr\u00e1n sobre la mesa propuestas y compromisos para abordar la transici\u00f3n energ\u00e9tica. Febrero ser\u00e1 momento para hablar sobre el consumo y la huella que deja cada persona; y en marzo llegar\u00e1 el turno del transporte y el movimiento de personas. En marzo el grupo visitar\u00e1 el huerto comunitario de la Rochapea, en busca de pistas para reducir la huella humana. La pen\u00faltima sesi\u00f3n, en el mes de abril, servir\u00e1, como en la primera edici\u00f3n, para ir m\u00e1s all\u00e1 del grupo y plantear posibles cambios colectivos en el comportamiento diario. Para finalizar, el 27 de abril se plantea la jornada de cierre, con la evaluaci\u00f3n del proceso realizado a trav\u00e9s de la contabilizaci\u00f3n y valoraci\u00f3n de los cambios individuales y colectivos alcanzados.<br \/>\n<script async src=\"\/\/pagead2.googlesyndication.com\/pagead\/js\/adsbygoogle.js\"><\/script><br \/>\n<!-- Noticias La Guia de Pamplona --><br \/>\n<ins class=\"adsbygoogle\"\nstyle=\"display:block\"\ndata-ad-client=\"ca-pub-6943679897239327\"\ndata-ad-slot=\"7048180777\"\ndata-ad-format=\"auto\"><\/ins><br \/>\n<script>\n(adsbygoogle = window.adsbygoogle || []).push({});\n<\/script><\/p>\n<p><strong>Balance positivo de la primea edici\u00f3n del Grupo de Acci\u00f3n Clim\u00e1tica<\/strong><\/p>\n<p>Las personas que han participado en la primera edici\u00f3n del Grupo de trabajo para la acci\u00f3n clim\u00e1tica han cambiado sus h\u00e1bitos de compra, por ejemplo, adquiriendo productos de temporada de cercan\u00eda que no requieren transporte, llevando bolsas y envases de casa para eliminar envoltorios o evitando alimentos envasados que pueden comprarse sin ellos. Adem\u00e1s, han quitado los envases de pl\u00e1stico de un solo uso de su d\u00eda a d\u00eda sustituy\u00e9ndolos por otros materiales, colocado bombillas de bajo consumo y reducido el consumo de luz, ido al monte en transporte p\u00fablico o veh\u00edculo compartido, apostado por el autosostenimiento y la huerta ecol\u00f3gica o utilizado bolsas biodegradables para recoger los excrementos de los perros en la calle. La lista incluye intercambiar ropa en lugar de comprar nueva o usar bolsas de tela.<\/p>\n<p>Los cambios tambi\u00e9n han llegado fuera del entorno m\u00e1s personal ya que en algunos lugares de trabajo se han colocado diferentes papeleras para echar los restos de manera diferenciada para que puedan ser tratados, apagado elementos cuando no se est\u00e1n utilizando (fotocopiadoras y ordenadores) y se ha propuesto contratar electricidad de origen renovable en una comunidad de vecinos.<\/p>\n","protected":false},"excerpt":{"rendered":"<p>Ferm\u00edn Alonso se ha reunido los portavoces de esta iniciativa, que tendr\u00e1 su segunda edici\u00f3n a partir del pr\u00f3ximo mes de enero<\/p>\n","protected":false},"author":1,"featured_media":32687,"comment_status":"open","ping_status":"closed","sticky":false,"template":"","format":"standard","meta":{"footnotes":""},"categories":[2],"tags":[],"class_list":["post-38093","post","type-post","status-publish","format-standard","has-post-thumbnail","hentry","category-ayuntamiento-pamplona"],"yoast_head":"<!-- This site is optimized with the Yoast SEO plugin v27.3 - https:\/\/yoast.com\/product\/yoast-seo-wordpress\/ -->\n<title>La primera edici\u00f3n del Grupo de Acci\u00f3n Clim\u00e1tica promovido por el Ayuntamiento de Pamplona traslada sus conclusiones al concejal de Sostenibilidad<\/title>\n<meta name=\"description\" content=\"Ferm\u00edn Alonso se ha reunido los portavoces de esta iniciativa, que tendr\u00e1 su segunda edici\u00f3n a partir del pr\u00f3ximo mes de enero\" \/>\n<meta name=\"robots\" content=\"index, follow, max-snippet:-1, max-image-preview:large, max-video-preview:-1\" \/>\n<link rel=\"canonical\" href=\"https:\/\/www.laguiadepamplona.com\/actualidad\/la-primera-edicion-del-grupo-de-accion-climatica-promovido-por-el-ayuntamiento-de-pamplona-traslada-sus-conclusiones-al-concejal-de-sostenibilidad\/\" \/>\n<meta property=\"og:locale\" content=\"es_ES\" \/>\n<meta property=\"og:type\" content=\"article\" \/>\n<meta property=\"og:title\" content=\"La primera edici\u00f3n del Grupo de Acci\u00f3n Clim\u00e1tica promovido por el Ayuntamiento de Pamplona traslada sus conclusiones al concejal de Sostenibilidad\" \/>\n<meta property=\"og:description\" content=\"Ferm\u00edn Alonso se ha reunido los portavoces de esta iniciativa, que tendr\u00e1 su segunda edici\u00f3n a partir del pr\u00f3ximo mes de enero\" \/>\n<meta property=\"og:url\" content=\"https:\/\/www.laguiadepamplona.com\/actualidad\/la-primera-edicion-del-grupo-de-accion-climatica-promovido-por-el-ayuntamiento-de-pamplona-traslada-sus-conclusiones-al-concejal-de-sostenibilidad\/\" \/>\n<meta property=\"og:site_name\" content=\"La Gu\u00eda de Pamplona\" \/>\n<meta property=\"article:publisher\" content=\"https:\/\/www.facebook.com\/laguiadepamplonacom-133175176762273\/?ref=hl\" \/>\n<meta property=\"article:published_time\" content=\"2021-12-22T12:08:36+00:00\" \/>\n<meta property=\"article:modified_time\" content=\"2023-04-11T09:48:39+00:00\" \/>\n<meta property=\"og:image\" content=\"https:\/\/www.laguiadepamplona.com\/actualidad\/wp-content\/uploads\/2021\/01\/museo-educacion-ambiental.jpg\" \/>\n\t<meta property=\"og:image:width\" content=\"1920\" \/>\n\t<meta property=\"og:image:height\" content=\"1059\" \/>\n\t<meta property=\"og:image:type\" content=\"image\/jpeg\" \/>\n<meta name=\"author\" content=\"La Gu\u00eda de Pamplona\" \/>\n<meta name=\"twitter:card\" content=\"summary_large_image\" \/>\n<meta name=\"twitter:creator\" content=\"@LaGuiadPamplona\" \/>\n<meta name=\"twitter:site\" content=\"@LaGuiadPamplona\" \/>\n<meta name=\"twitter:label1\" content=\"Escrito por\" \/>\n\t<meta name=\"twitter:data1\" content=\"La Gu\u00eda de Pamplona\" \/>\n\t<meta name=\"twitter:label2\" content=\"Tiempo de lectura\" \/>\n\t<meta name=\"twitter:data2\" content=\"4 minutos\" \/>\n<script type=\"application\/ld+json\" class=\"yoast-schema-graph\">{\"@context\":\"https:\\\/\\\/schema.org\",\"@graph\":[{\"@type\":\"Article\",\"@id\":\"https:\\\/\\\/www.laguiadepamplona.com\\\/actualidad\\\/la-primera-edicion-del-grupo-de-accion-climatica-promovido-por-el-ayuntamiento-de-pamplona-traslada-sus-conclusiones-al-concejal-de-sostenibilidad\\\/#article\",\"isPartOf\":{\"@id\":\"https:\\\/\\\/www.laguiadepamplona.com\\\/actualidad\\\/la-primera-edicion-del-grupo-de-accion-climatica-promovido-por-el-ayuntamiento-de-pamplona-traslada-sus-conclusiones-al-concejal-de-sostenibilidad\\\/\"},\"author\":{\"name\":\"La Gu\u00eda de Pamplona\",\"@id\":\"https:\\\/\\\/www.laguiadepamplona.com\\\/actualidad\\\/#\\\/schema\\\/person\\\/efe887376f0213d4657c93adc50b1fdb\"},\"headline\":\"La primera edici\u00f3n del Grupo de Acci\u00f3n Clim\u00e1tica promovido por el Ayuntamiento de Pamplona traslada sus conclusiones al concejal de Sostenibilidad\",\"datePublished\":\"2021-12-22T12:08:36+00:00\",\"dateModified\":\"2023-04-11T09:48:39+00:00\",\"mainEntityOfPage\":{\"@id\":\"https:\\\/\\\/www.laguiadepamplona.com\\\/actualidad\\\/la-primera-edicion-del-grupo-de-accion-climatica-promovido-por-el-ayuntamiento-de-pamplona-traslada-sus-conclusiones-al-concejal-de-sostenibilidad\\\/\"},\"wordCount\":906,\"commentCount\":0,\"publisher\":{\"@id\":\"https:\\\/\\\/www.laguiadepamplona.com\\\/actualidad\\\/#organization\"},\"image\":{\"@id\":\"https:\\\/\\\/www.laguiadepamplona.com\\\/actualidad\\\/la-primera-edicion-del-grupo-de-accion-climatica-promovido-por-el-ayuntamiento-de-pamplona-traslada-sus-conclusiones-al-concejal-de-sostenibilidad\\\/#primaryimage\"},\"thumbnailUrl\":\"https:\\\/\\\/www.laguiadepamplona.com\\\/actualidad\\\/wp-content\\\/uploads\\\/2021\\\/01\\\/museo-educacion-ambiental.jpg\",\"articleSection\":[\"Ayto Pamplona\"],\"inLanguage\":\"es\",\"potentialAction\":[{\"@type\":\"CommentAction\",\"name\":\"Comment\",\"target\":[\"https:\\\/\\\/www.laguiadepamplona.com\\\/actualidad\\\/la-primera-edicion-del-grupo-de-accion-climatica-promovido-por-el-ayuntamiento-de-pamplona-traslada-sus-conclusiones-al-concejal-de-sostenibilidad\\\/#respond\"]}]},{\"@type\":\"WebPage\",\"@id\":\"https:\\\/\\\/www.laguiadepamplona.com\\\/actualidad\\\/la-primera-edicion-del-grupo-de-accion-climatica-promovido-por-el-ayuntamiento-de-pamplona-traslada-sus-conclusiones-al-concejal-de-sostenibilidad\\\/\",\"url\":\"https:\\\/\\\/www.laguiadepamplona.com\\\/actualidad\\\/la-primera-edicion-del-grupo-de-accion-climatica-promovido-por-el-ayuntamiento-de-pamplona-traslada-sus-conclusiones-al-concejal-de-sostenibilidad\\\/\",\"name\":\"La primera edici\u00f3n del Grupo de Acci\u00f3n Clim\u00e1tica promovido por el Ayuntamiento de Pamplona traslada sus conclusiones al concejal de Sostenibilidad\",\"isPartOf\":{\"@id\":\"https:\\\/\\\/www.laguiadepamplona.com\\\/actualidad\\\/#website\"},\"primaryImageOfPage\":{\"@id\":\"https:\\\/\\\/www.laguiadepamplona.com\\\/actualidad\\\/la-primera-edicion-del-grupo-de-accion-climatica-promovido-por-el-ayuntamiento-de-pamplona-traslada-sus-conclusiones-al-concejal-de-sostenibilidad\\\/#primaryimage\"},\"image\":{\"@id\":\"https:\\\/\\\/www.laguiadepamplona.com\\\/actualidad\\\/la-primera-edicion-del-grupo-de-accion-climatica-promovido-por-el-ayuntamiento-de-pamplona-traslada-sus-conclusiones-al-concejal-de-sostenibilidad\\\/#primaryimage\"},\"thumbnailUrl\":\"https:\\\/\\\/www.laguiadepamplona.com\\\/actualidad\\\/wp-content\\\/uploads\\\/2021\\\/01\\\/museo-educacion-ambiental.jpg\",\"datePublished\":\"2021-12-22T12:08:36+00:00\",\"dateModified\":\"2023-04-11T09:48:39+00:00\",\"description\":\"Ferm\u00edn Alonso se ha reunido los portavoces de esta iniciativa, que tendr\u00e1 su segunda edici\u00f3n a partir del pr\u00f3ximo mes de enero\",\"breadcrumb\":{\"@id\":\"https:\\\/\\\/www.laguiadepamplona.com\\\/actualidad\\\/la-primera-edicion-del-grupo-de-accion-climatica-promovido-por-el-ayuntamiento-de-pamplona-traslada-sus-conclusiones-al-concejal-de-sostenibilidad\\\/#breadcrumb\"},\"inLanguage\":\"es\",\"potentialAction\":[{\"@type\":\"ReadAction\",\"target\":[\"https:\\\/\\\/www.laguiadepamplona.com\\\/actualidad\\\/la-primera-edicion-del-grupo-de-accion-climatica-promovido-por-el-ayuntamiento-de-pamplona-traslada-sus-conclusiones-al-concejal-de-sostenibilidad\\\/\"]}]},{\"@type\":\"ImageObject\",\"inLanguage\":\"es\",\"@id\":\"https:\\\/\\\/www.laguiadepamplona.com\\\/actualidad\\\/la-primera-edicion-del-grupo-de-accion-climatica-promovido-por-el-ayuntamiento-de-pamplona-traslada-sus-conclusiones-al-concejal-de-sostenibilidad\\\/#primaryimage\",\"url\":\"https:\\\/\\\/www.laguiadepamplona.com\\\/actualidad\\\/wp-content\\\/uploads\\\/2021\\\/01\\\/museo-educacion-ambiental.jpg\",\"contentUrl\":\"https:\\\/\\\/www.laguiadepamplona.com\\\/actualidad\\\/wp-content\\\/uploads\\\/2021\\\/01\\\/museo-educacion-ambiental.jpg\",\"width\":1920,\"height\":1059},{\"@type\":\"BreadcrumbList\",\"@id\":\"https:\\\/\\\/www.laguiadepamplona.com\\\/actualidad\\\/la-primera-edicion-del-grupo-de-accion-climatica-promovido-por-el-ayuntamiento-de-pamplona-traslada-sus-conclusiones-al-concejal-de-sostenibilidad\\\/#breadcrumb\",\"itemListElement\":[{\"@type\":\"ListItem\",\"position\":1,\"name\":\"Portada\",\"item\":\"https:\\\/\\\/www.laguiadepamplona.com\\\/actualidad\\\/\"},{\"@type\":\"ListItem\",\"position\":2,\"name\":\"La primera edici\u00f3n del Grupo de Acci\u00f3n Clim\u00e1tica promovido por el Ayuntamiento de Pamplona traslada sus conclusiones al concejal de Sostenibilidad\"}]},{\"@type\":\"WebSite\",\"@id\":\"https:\\\/\\\/www.laguiadepamplona.com\\\/actualidad\\\/#website\",\"url\":\"https:\\\/\\\/www.laguiadepamplona.com\\\/actualidad\\\/\",\"name\":\"La gu\u00eda de Pamplona\",\"description\":\"Noticias de Pamplona\",\"publisher\":{\"@id\":\"https:\\\/\\\/www.laguiadepamplona.com\\\/actualidad\\\/#organization\"},\"potentialAction\":[{\"@type\":\"SearchAction\",\"target\":{\"@type\":\"EntryPoint\",\"urlTemplate\":\"https:\\\/\\\/www.laguiadepamplona.com\\\/actualidad\\\/?s={search_term_string}\"},\"query-input\":{\"@type\":\"PropertyValueSpecification\",\"valueRequired\":true,\"valueName\":\"search_term_string\"}}],\"inLanguage\":\"es\"},{\"@type\":\"Organization\",\"@id\":\"https:\\\/\\\/www.laguiadepamplona.com\\\/actualidad\\\/#organization\",\"name\":\"La Gu\u00eda de Pamplona \\\/ Noticias\",\"url\":\"https:\\\/\\\/www.laguiadepamplona.com\\\/actualidad\\\/\",\"logo\":{\"@type\":\"ImageObject\",\"inLanguage\":\"es\",\"@id\":\"https:\\\/\\\/www.laguiadepamplona.com\\\/actualidad\\\/#\\\/schema\\\/logo\\\/image\\\/\",\"url\":\"https:\\\/\\\/www.laguiadepamplona.com\\\/actualidad\\\/wp-content\\\/uploads\\\/2018\\\/11\\\/logo-laguiadepamplona18-web1.png\",\"contentUrl\":\"https:\\\/\\\/www.laguiadepamplona.com\\\/actualidad\\\/wp-content\\\/uploads\\\/2018\\\/11\\\/logo-laguiadepamplona18-web1.png\",\"width\":600,\"height\":196,\"caption\":\"La Gu\u00eda de Pamplona \\\/ Noticias\"},\"image\":{\"@id\":\"https:\\\/\\\/www.laguiadepamplona.com\\\/actualidad\\\/#\\\/schema\\\/logo\\\/image\\\/\"},\"sameAs\":[\"https:\\\/\\\/www.facebook.com\\\/laguiadepamplonacom-133175176762273\\\/?ref=hl\",\"https:\\\/\\\/x.com\\\/LaGuiadPamplona\",\"https:\\\/\\\/www.instagram.com\\\/la_guia_de_pamplona\\\/\",\"https:\\\/\\\/www.youtube.com\\\/user\\\/laguiadepamplona\"]},{\"@type\":\"Person\",\"@id\":\"https:\\\/\\\/www.laguiadepamplona.com\\\/actualidad\\\/#\\\/schema\\\/person\\\/efe887376f0213d4657c93adc50b1fdb\",\"name\":\"La Gu\u00eda de Pamplona\",\"image\":{\"@type\":\"ImageObject\",\"inLanguage\":\"es\",\"@id\":\"https:\\\/\\\/secure.gravatar.com\\\/avatar\\\/b6992f131dc8d30ab0dff15446e9d346d9dbd95992de0fef795073f5ea83a81c?s=96&d=mm&r=g\",\"url\":\"https:\\\/\\\/secure.gravatar.com\\\/avatar\\\/b6992f131dc8d30ab0dff15446e9d346d9dbd95992de0fef795073f5ea83a81c?s=96&d=mm&r=g\",\"contentUrl\":\"https:\\\/\\\/secure.gravatar.com\\\/avatar\\\/b6992f131dc8d30ab0dff15446e9d346d9dbd95992de0fef795073f5ea83a81c?s=96&d=mm&r=g\",\"caption\":\"La Gu\u00eda de Pamplona\"}}]}<\/script>\n<!-- \/ Yoast SEO plugin. -->","yoast_head_json":{"title":"La primera edici\u00f3n del Grupo de Acci\u00f3n Clim\u00e1tica promovido por el Ayuntamiento de Pamplona traslada sus conclusiones al concejal de Sostenibilidad","description":"Ferm\u00edn Alonso se ha reunido los portavoces de esta iniciativa, que tendr\u00e1 su segunda edici\u00f3n a partir del pr\u00f3ximo mes de enero","robots":{"index":"index","follow":"follow","max-snippet":"max-snippet:-1","max-image-preview":"max-image-preview:large","max-video-preview":"max-video-preview:-1"},"canonical":"https:\/\/www.laguiadepamplona.com\/actualidad\/la-primera-edicion-del-grupo-de-accion-climatica-promovido-por-el-ayuntamiento-de-pamplona-traslada-sus-conclusiones-al-concejal-de-sostenibilidad\/","og_locale":"es_ES","og_type":"article","og_title":"La primera edici\u00f3n del Grupo de Acci\u00f3n Clim\u00e1tica promovido por el Ayuntamiento de Pamplona traslada sus conclusiones al concejal de Sostenibilidad","og_description":"Ferm\u00edn Alonso se ha reunido los portavoces de esta iniciativa, que tendr\u00e1 su segunda edici\u00f3n a partir del pr\u00f3ximo mes de enero","og_url":"https:\/\/www.laguiadepamplona.com\/actualidad\/la-primera-edicion-del-grupo-de-accion-climatica-promovido-por-el-ayuntamiento-de-pamplona-traslada-sus-conclusiones-al-concejal-de-sostenibilidad\/","og_site_name":"La Gu\u00eda de Pamplona","article_publisher":"https:\/\/www.facebook.com\/laguiadepamplonacom-133175176762273\/?ref=hl","article_published_time":"2021-12-22T12:08:36+00:00","article_modified_time":"2023-04-11T09:48:39+00:00","og_image":[{"width":1920,"height":1059,"url":"https:\/\/www.laguiadepamplona.com\/actualidad\/wp-content\/uploads\/2021\/01\/museo-educacion-ambiental.jpg","type":"image\/jpeg"}],"author":"La Gu\u00eda de Pamplona","twitter_card":"summary_large_image","twitter_creator":"@LaGuiadPamplona","twitter_site":"@LaGuiadPamplona","twitter_misc":{"Escrito por":"La Gu\u00eda de Pamplona","Tiempo de lectura":"4 minutos"},"schema":{"@context":"https:\/\/schema.org","@graph":[{"@type":"Article","@id":"https:\/\/www.laguiadepamplona.com\/actualidad\/la-primera-edicion-del-grupo-de-accion-climatica-promovido-por-el-ayuntamiento-de-pamplona-traslada-sus-conclusiones-al-concejal-de-sostenibilidad\/#article","isPartOf":{"@id":"https:\/\/www.laguiadepamplona.com\/actualidad\/la-primera-edicion-del-grupo-de-accion-climatica-promovido-por-el-ayuntamiento-de-pamplona-traslada-sus-conclusiones-al-concejal-de-sostenibilidad\/"},"author":{"name":"La Gu\u00eda de Pamplona","@id":"https:\/\/www.laguiadepamplona.com\/actualidad\/#\/schema\/person\/efe887376f0213d4657c93adc50b1fdb"},"headline":"La primera edici\u00f3n del Grupo de Acci\u00f3n Clim\u00e1tica promovido por el Ayuntamiento de Pamplona traslada sus conclusiones al concejal de Sostenibilidad","datePublished":"2021-12-22T12:08:36+00:00","dateModified":"2023-04-11T09:48:39+00:00","mainEntityOfPage":{"@id":"https:\/\/www.laguiadepamplona.com\/actualidad\/la-primera-edicion-del-grupo-de-accion-climatica-promovido-por-el-ayuntamiento-de-pamplona-traslada-sus-conclusiones-al-concejal-de-sostenibilidad\/"},"wordCount":906,"commentCount":0,"publisher":{"@id":"https:\/\/www.laguiadepamplona.com\/actualidad\/#organization"},"image":{"@id":"https:\/\/www.laguiadepamplona.com\/actualidad\/la-primera-edicion-del-grupo-de-accion-climatica-promovido-por-el-ayuntamiento-de-pamplona-traslada-sus-conclusiones-al-concejal-de-sostenibilidad\/#primaryimage"},"thumbnailUrl":"https:\/\/www.laguiadepamplona.com\/actualidad\/wp-content\/uploads\/2021\/01\/museo-educacion-ambiental.jpg","articleSection":["Ayto Pamplona"],"inLanguage":"es","potentialAction":[{"@type":"CommentAction","name":"Comment","target":["https:\/\/www.laguiadepamplona.com\/actualidad\/la-primera-edicion-del-grupo-de-accion-climatica-promovido-por-el-ayuntamiento-de-pamplona-traslada-sus-conclusiones-al-concejal-de-sostenibilidad\/#respond"]}]},{"@type":"WebPage","@id":"https:\/\/www.laguiadepamplona.com\/actualidad\/la-primera-edicion-del-grupo-de-accion-climatica-promovido-por-el-ayuntamiento-de-pamplona-traslada-sus-conclusiones-al-concejal-de-sostenibilidad\/","url":"https:\/\/www.laguiadepamplona.com\/actualidad\/la-primera-edicion-del-grupo-de-accion-climatica-promovido-por-el-ayuntamiento-de-pamplona-traslada-sus-conclusiones-al-concejal-de-sostenibilidad\/","name":"La primera edici\u00f3n del Grupo de Acci\u00f3n Clim\u00e1tica promovido por el Ayuntamiento de Pamplona traslada sus conclusiones al concejal de Sostenibilidad","isPartOf":{"@id":"https:\/\/www.laguiadepamplona.com\/actualidad\/#website"},"primaryImageOfPage":{"@id":"https:\/\/www.laguiadepamplona.com\/actualidad\/la-primera-edicion-del-grupo-de-accion-climatica-promovido-por-el-ayuntamiento-de-pamplona-traslada-sus-conclusiones-al-concejal-de-sostenibilidad\/#primaryimage"},"image":{"@id":"https:\/\/www.laguiadepamplona.com\/actualidad\/la-primera-edicion-del-grupo-de-accion-climatica-promovido-por-el-ayuntamiento-de-pamplona-traslada-sus-conclusiones-al-concejal-de-sostenibilidad\/#primaryimage"},"thumbnailUrl":"https:\/\/www.laguiadepamplona.com\/actualidad\/wp-content\/uploads\/2021\/01\/museo-educacion-ambiental.jpg","datePublished":"2021-12-22T12:08:36+00:00","dateModified":"2023-04-11T09:48:39+00:00","description":"Ferm\u00edn Alonso se ha reunido los portavoces de esta iniciativa, que tendr\u00e1 su segunda edici\u00f3n a partir del pr\u00f3ximo mes de enero","breadcrumb":{"@id":"https:\/\/www.laguiadepamplona.com\/actualidad\/la-primera-edicion-del-grupo-de-accion-climatica-promovido-por-el-ayuntamiento-de-pamplona-traslada-sus-conclusiones-al-concejal-de-sostenibilidad\/#breadcrumb"},"inLanguage":"es","potentialAction":[{"@type":"ReadAction","target":["https:\/\/www.laguiadepamplona.com\/actualidad\/la-primera-edicion-del-grupo-de-accion-climatica-promovido-por-el-ayuntamiento-de-pamplona-traslada-sus-conclusiones-al-concejal-de-sostenibilidad\/"]}]},{"@type":"ImageObject","inLanguage":"es","@id":"https:\/\/www.laguiadepamplona.com\/actualidad\/la-primera-edicion-del-grupo-de-accion-climatica-promovido-por-el-ayuntamiento-de-pamplona-traslada-sus-conclusiones-al-concejal-de-sostenibilidad\/#primaryimage","url":"https:\/\/www.laguiadepamplona.com\/actualidad\/wp-content\/uploads\/2021\/01\/museo-educacion-ambiental.jpg","contentUrl":"https:\/\/www.laguiadepamplona.com\/actualidad\/wp-content\/uploads\/2021\/01\/museo-educacion-ambiental.jpg","width":1920,"height":1059},{"@type":"BreadcrumbList","@id":"https:\/\/www.laguiadepamplona.com\/actualidad\/la-primera-edicion-del-grupo-de-accion-climatica-promovido-por-el-ayuntamiento-de-pamplona-traslada-sus-conclusiones-al-concejal-de-sostenibilidad\/#breadcrumb","itemListElement":[{"@type":"ListItem","position":1,"name":"Portada","item":"https:\/\/www.laguiadepamplona.com\/actualidad\/"},{"@type":"ListItem","position":2,"name":"La primera edici\u00f3n del Grupo de Acci\u00f3n Clim\u00e1tica promovido por el Ayuntamiento de Pamplona traslada sus conclusiones al concejal de Sostenibilidad"}]},{"@type":"WebSite","@id":"https:\/\/www.laguiadepamplona.com\/actualidad\/#website","url":"https:\/\/www.laguiadepamplona.com\/actualidad\/","name":"La gu\u00eda de Pamplona","description":"Noticias de Pamplona","publisher":{"@id":"https:\/\/www.laguiadepamplona.com\/actualidad\/#organization"},"potentialAction":[{"@type":"SearchAction","target":{"@type":"EntryPoint","urlTemplate":"https:\/\/www.laguiadepamplona.com\/actualidad\/?s={search_term_string}"},"query-input":{"@type":"PropertyValueSpecification","valueRequired":true,"valueName":"search_term_string"}}],"inLanguage":"es"},{"@type":"Organization","@id":"https:\/\/www.laguiadepamplona.com\/actualidad\/#organization","name":"La Gu\u00eda de Pamplona \/ Noticias","url":"https:\/\/www.laguiadepamplona.com\/actualidad\/","logo":{"@type":"ImageObject","inLanguage":"es","@id":"https:\/\/www.laguiadepamplona.com\/actualidad\/#\/schema\/logo\/image\/","url":"https:\/\/www.laguiadepamplona.com\/actualidad\/wp-content\/uploads\/2018\/11\/logo-laguiadepamplona18-web1.png","contentUrl":"https:\/\/www.laguiadepamplona.com\/actualidad\/wp-content\/uploads\/2018\/11\/logo-laguiadepamplona18-web1.png","width":600,"height":196,"caption":"La Gu\u00eda de Pamplona \/ Noticias"},"image":{"@id":"https:\/\/www.laguiadepamplona.com\/actualidad\/#\/schema\/logo\/image\/"},"sameAs":["https:\/\/www.facebook.com\/laguiadepamplonacom-133175176762273\/?ref=hl","https:\/\/x.com\/LaGuiadPamplona","https:\/\/www.instagram.com\/la_guia_de_pamplona\/","https:\/\/www.youtube.com\/user\/laguiadepamplona"]},{"@type":"Person","@id":"https:\/\/www.laguiadepamplona.com\/actualidad\/#\/schema\/person\/efe887376f0213d4657c93adc50b1fdb","name":"La Gu\u00eda de Pamplona","image":{"@type":"ImageObject","inLanguage":"es","@id":"https:\/\/secure.gravatar.com\/avatar\/b6992f131dc8d30ab0dff15446e9d346d9dbd95992de0fef795073f5ea83a81c?s=96&d=mm&r=g","url":"https:\/\/secure.gravatar.com\/avatar\/b6992f131dc8d30ab0dff15446e9d346d9dbd95992de0fef795073f5ea83a81c?s=96&d=mm&r=g","contentUrl":"https:\/\/secure.gravatar.com\/avatar\/b6992f131dc8d30ab0dff15446e9d346d9dbd95992de0fef795073f5ea83a81c?s=96&d=mm&r=g","caption":"La Gu\u00eda de Pamplona"}}]}},"post_mailing_queue_ids":[],"_links":{"self":[{"href":"https:\/\/www.laguiadepamplona.com\/actualidad\/wp-json\/wp\/v2\/posts\/38093","targetHints":{"allow":["GET"]}}],"collection":[{"href":"https:\/\/www.laguiadepamplona.com\/actualidad\/wp-json\/wp\/v2\/posts"}],"about":[{"href":"https:\/\/www.laguiadepamplona.com\/actualidad\/wp-json\/wp\/v2\/types\/post"}],"author":[{"embeddable":true,"href":"https:\/\/www.laguiadepamplona.com\/actualidad\/wp-json\/wp\/v2\/users\/1"}],"replies":[{"embeddable":true,"href":"https:\/\/www.laguiadepamplona.com\/actualidad\/wp-json\/wp\/v2\/comments?post=38093"}],"version-history":[{"count":0,"href":"https:\/\/www.laguiadepamplona.com\/actualidad\/wp-json\/wp\/v2\/posts\/38093\/revisions"}],"wp:featuredmedia":[{"embeddable":true,"href":"https:\/\/www.laguiadepamplona.com\/actualidad\/wp-json\/wp\/v2\/media\/32687"}],"wp:attachment":[{"href":"https:\/\/www.laguiadepamplona.com\/actualidad\/wp-json\/wp\/v2\/media?parent=38093"}],"wp:term":[{"taxonomy":"category","embeddable":true,"href":"https:\/\/www.laguiadepamplona.com\/actualidad\/wp-json\/wp\/v2\/categories?post=38093"},{"taxonomy":"post_tag","embeddable":true,"href":"https:\/\/www.laguiadepamplona.com\/actualidad\/wp-json\/wp\/v2\/tags?post=38093"}],"curies":[{"name":"wp","href":"https:\/\/api.w.org\/{rel}","templated":true}]}}