{"id":38088,"date":"2021-12-22T14:03:42","date_gmt":"2021-12-22T12:03:42","guid":{"rendered":"https:\/\/www.laguiadepamplona.com\/actualidad\/?p=38088"},"modified":"2023-04-11T11:48:39","modified_gmt":"2023-04-11T09:48:39","slug":"las-personas-usuarias-del-albergue-municipal-para-personas-sin-hogar-de-trinitarios-tendran-menus-especiales-en-nochebuena-y-nochevieja-de-la-mano-de-napardi","status":"publish","type":"post","link":"https:\/\/www.laguiadepamplona.com\/actualidad\/las-personas-usuarias-del-albergue-municipal-para-personas-sin-hogar-de-trinitarios-tendran-menus-especiales-en-nochebuena-y-nochevieja-de-la-mano-de-napardi\/","title":{"rendered":"Las personas usuarias del albergue municipal para personas sin hogar de Trinitarios tendr\u00e1n men\u00fas especiales en Nochebuena y Nochevieja de la mano de Napardi"},"content":{"rendered":"<h5>La concejala delegada de Servicios Sociales, Acci\u00f3n Comunitaria y Deporte, y representantes de la fundaci\u00f3n Napardi han visitado hoy el albergue<\/h5>\n<p><!--more--><\/p>\n<p>Las personas usuarias del albergue de personas sin hogar del Ayuntamiento de Pamplona en Trinitarios tendr\u00e1n men\u00fas especiales en Nochebuena y Nochevieja confeccionados por el restaurante Uslaer, gracias a la fundaci\u00f3n ben\u00e9fica de la Sociedad Gastron\u00f3mica Napardi. Es la parte visible de la colaboraci\u00f3n entre ambas entidades que en septiembre de este a\u00f1o llev\u00f3 a Napardi a donar 6.750 euros al Consistorio para sufragar parte del gasto de los men\u00fas diurnos que genera la aplicaci\u00f3n del Protocolo de ola de fr\u00edo, uno de los recursos de los programas municipales de alta exclusi\u00f3n. Y es que en estas fechas la mayor parte de la poblaci\u00f3n celebra social y familiarmente, pero para personas en situaci\u00f3n de exclusi\u00f3n social, los d\u00edas se\u00f1alados de Navidad no hacen sino acentuar las dificultades que tienen, agravar los problemas que genera la soledad, y evidenciar la escasez de v\u00ednculos con los que cuentan.<br \/>\n<script async src=\"\/\/pagead2.googlesyndication.com\/pagead\/js\/adsbygoogle.js\"><\/script><br \/>\n<!-- Noticias La Guia de Pamplona --><br \/>\n<ins class=\"adsbygoogle\"\nstyle=\"display:block\"\ndata-ad-client=\"ca-pub-6943679897239327\"\ndata-ad-slot=\"7048180777\"\ndata-ad-format=\"auto\"><\/ins><br \/>\n<script>\n(adsbygoogle = window.adsbygoogle || []).push({});\n<\/script><\/p>\n<p>Esta ma\u00f1ana se han trasladado al albergue la concejala delegada de Servicios Sociales, Acci\u00f3n Comunitaria y Deporte y como representantes de la fundaci\u00f3n Napardi, Jos\u00e9 Miguel Garc\u00eda Gobeo y Miguel Ayestar\u00e1n, presidente y vicepresidente de la fundaci\u00f3n, respectivamente. Tanto la visita y como la propuesta de men\u00fas especiales busca dar la cobertura m\u00e1s c\u00e1lida posible a estas personas, generando un ambiente sano y confortable en Navidad.<\/p>\n<p>Rub\u00e9n Unanua, miembro de Fundaci\u00f3n Xilema y responsable ha realizado a los visitantes un recorrido por las instalaciones de un centro dedicado a paliar el fen\u00f3meno del sinhogarismo, una situaci\u00f3n que en multitud de ocasiones se mantiene invisible para la mayor parte de la sociedad. Las personas sin hogar presentan muchas dificultades para poder salir de esa situaci\u00f3n, y ejercer su vida como ciudadanos de pleno derecho al carecer de una vivienda en la que habitar con plenas garant\u00edas.<\/p>\n<p>El Centro de Atenci\u00f3n a Personas sin Hogar se puso en marcha 2011 y, adem\u00e1s de alojamiento, ofrece actividades asistenciales, educativas, formativas y ocupacionales a personas con este tipo de perfil y su fin es atender principalmente la exclusi\u00f3n residencial, aunque tambi\u00e9n trabaja sobre los problemas que afectan a colectivos en situaci\u00f3n de exclusi\u00f3n severa para establecer los procesos de inclusi\u00f3n social que precisen las personas usuarias. Tiene ordinariamente 25 plazas para itinerantes y 25 para personas empadronadas en la ciudad.<br \/>\n<script async src=\"\/\/pagead2.googlesyndication.com\/pagead\/js\/adsbygoogle.js\"><\/script><br \/>\n<!-- Noticias La Guia de Pamplona --><br \/>\n<ins class=\"adsbygoogle\"\nstyle=\"display:block\"\ndata-ad-client=\"ca-pub-6943679897239327\"\ndata-ad-slot=\"7048180777\"\ndata-ad-format=\"auto\"><\/ins><br \/>\n<script>\n(adsbygoogle = window.adsbygoogle || []).push({});\n<\/script><\/p>\n<p><strong>El Protocolo de Ola de Fr\u00edo<\/strong><\/p>\n<p>Napardi este cuatrimestre comenz\u00f3 colaborando con el Ayuntamiento de Pamplona en las comidas y cenas que se les suministran a las personas usuarias del albergue, tambi\u00e9n en los d\u00edas con clima m\u00e1s severo en los que surge la necesidad de aplicar el Protocolo de Ola de Fr\u00edo gracias al que el centro pasa de dar cobertura nocturna a extenderse a todo el d\u00eda. En momentos puntuales del a\u00f1o las 50 plazas pasan a ser 58, de forma que las 8 den cobertura a m\u00e1s usuario las noches que la temperatura baja de los 3\u00ba. Este a\u00f1o oto\u00f1o el protocolo se activ\u00f3 por primera vez el 9 de noviembre y en 13 ocasiones la cobertura se ha extendido al resto del d\u00eda.<\/p>\n<p>La Fundaci\u00f3n Ben\u00e9fica Napardi tiene como misi\u00f3n ayudar y asistir a personas vulnerables bas\u00e1ndose en valores de solidaridad, compromiso y transparencia. Tiene sus comienzos en 1978, a trav\u00e9s de la inquietud expresada por varias personas que, a su vez, eran socias de la Sociedad Gastron\u00f3mica Napardi, entidad de la que toma su nombre.<br \/>\n<script async src=\"\/\/pagead2.googlesyndication.com\/pagead\/js\/adsbygoogle.js\"><\/script><br \/>\n<!-- Noticias La Guia de Pamplona --><br \/>\n<ins class=\"adsbygoogle\"\nstyle=\"display:block\"\ndata-ad-client=\"ca-pub-6943679897239327\"\ndata-ad-slot=\"7048180777\"\ndata-ad-format=\"auto\"><\/ins><br \/>\n<script>\n(adsbygoogle = window.adsbygoogle || []).push({});\n<\/script><\/p>\n<p>&nbsp;<\/p>\n<h3>Los men\u00fas festivos<\/h3>\n<p><em><u>Ser\u00e1n ofrecidos por el restaurante Uslaer<\/u><\/em><\/p>\n<p><strong>Nochebuena<\/strong><\/p>\n<ul>\n<li>Lasa\u00f1a de carne gratinada al horno con su besamel de jam\u00f3n o pochas de Sang\u00fcesa con almejas<\/li>\n<li>Bacalao al ajoarriero con panaderas o gorr\u00edn de Irurita asado con ensalada<\/li>\n<li>Tarta de queso con ar\u00e1ndanos<\/li>\n<\/ul>\n<p><strong>Nochevieja<\/strong><\/p>\n<ul>\n<li>Pimientos rellenos de hongos beltzas con su cremita de boletus o alcachofas al estilo tradicional (con o sin jam\u00f3n)<\/li>\n<li>Dorada al estilo Orio con panadera o cordero asado con ensalada<\/li>\n<li>Tarta milhojas de hojaldre con crema y nata<\/li>\n<\/ul>\n","protected":false},"excerpt":{"rendered":"<p>La concejala delegada de Servicios Sociales, Acci\u00f3n Comunitaria y Deporte, y representantes de la fundaci\u00f3n Napardi han visitado hoy el albergue<\/p>\n","protected":false},"author":1,"featured_media":38089,"comment_status":"open","ping_status":"closed","sticky":false,"template":"","format":"standard","meta":{"footnotes":""},"categories":[2],"tags":[],"class_list":["post-38088","post","type-post","status-publish","format-standard","has-post-thumbnail","hentry","category-ayuntamiento-pamplona"],"yoast_head":"<!-- This site is optimized with the Yoast SEO plugin v27.3 - https:\/\/yoast.com\/product\/yoast-seo-wordpress\/ -->\n<title>Las personas usuarias del albergue municipal para personas sin hogar de Trinitarios tendr\u00e1n men\u00fas especiales en Nochebuena y Nochevieja de la mano de Napardi<\/title>\n<meta name=\"description\" content=\"La concejala delegada de Servicios Sociales, Acci\u00f3n Comunitaria y Deporte, y representantes de la fundaci\u00f3n Napardi han visitado hoy el albergue\" \/>\n<meta name=\"robots\" content=\"index, follow, max-snippet:-1, max-image-preview:large, max-video-preview:-1\" \/>\n<link rel=\"canonical\" href=\"https:\/\/www.laguiadepamplona.com\/actualidad\/las-personas-usuarias-del-albergue-municipal-para-personas-sin-hogar-de-trinitarios-tendran-menus-especiales-en-nochebuena-y-nochevieja-de-la-mano-de-napardi\/\" \/>\n<meta property=\"og:locale\" content=\"es_ES\" \/>\n<meta property=\"og:type\" content=\"article\" \/>\n<meta property=\"og:title\" content=\"Las personas usuarias del albergue municipal para personas sin hogar de Trinitarios tendr\u00e1n men\u00fas especiales en Nochebuena y Nochevieja de la mano de Napardi\" \/>\n<meta property=\"og:description\" content=\"La concejala delegada de Servicios Sociales, Acci\u00f3n Comunitaria y Deporte, y representantes de la fundaci\u00f3n Napardi han visitado hoy el albergue\" \/>\n<meta property=\"og:url\" content=\"https:\/\/www.laguiadepamplona.com\/actualidad\/las-personas-usuarias-del-albergue-municipal-para-personas-sin-hogar-de-trinitarios-tendran-menus-especiales-en-nochebuena-y-nochevieja-de-la-mano-de-napardi\/\" \/>\n<meta property=\"og:site_name\" content=\"La Gu\u00eda de Pamplona\" \/>\n<meta property=\"article:publisher\" content=\"https:\/\/www.facebook.com\/laguiadepamplonacom-133175176762273\/?ref=hl\" \/>\n<meta property=\"article:published_time\" content=\"2021-12-22T12:03:42+00:00\" \/>\n<meta property=\"article:modified_time\" content=\"2023-04-11T09:48:39+00:00\" \/>\n<meta property=\"og:image\" content=\"https:\/\/www.laguiadepamplona.com\/actualidad\/wp-content\/uploads\/2021\/12\/visitaalberguetrinitarios2.jpg\" \/>\n\t<meta property=\"og:image:width\" content=\"1920\" \/>\n\t<meta property=\"og:image:height\" content=\"1280\" \/>\n\t<meta property=\"og:image:type\" content=\"image\/jpeg\" \/>\n<meta name=\"author\" content=\"La Gu\u00eda de Pamplona\" \/>\n<meta name=\"twitter:card\" content=\"summary_large_image\" \/>\n<meta name=\"twitter:creator\" content=\"@LaGuiadPamplona\" \/>\n<meta name=\"twitter:site\" content=\"@LaGuiadPamplona\" \/>\n<meta name=\"twitter:label1\" content=\"Escrito por\" \/>\n\t<meta name=\"twitter:data1\" content=\"La Gu\u00eda de Pamplona\" \/>\n\t<meta name=\"twitter:label2\" content=\"Tiempo de lectura\" \/>\n\t<meta name=\"twitter:data2\" content=\"4 minutos\" \/>\n<script type=\"application\/ld+json\" class=\"yoast-schema-graph\">{\"@context\":\"https:\\\/\\\/schema.org\",\"@graph\":[{\"@type\":\"Article\",\"@id\":\"https:\\\/\\\/www.laguiadepamplona.com\\\/actualidad\\\/las-personas-usuarias-del-albergue-municipal-para-personas-sin-hogar-de-trinitarios-tendran-menus-especiales-en-nochebuena-y-nochevieja-de-la-mano-de-napardi\\\/#article\",\"isPartOf\":{\"@id\":\"https:\\\/\\\/www.laguiadepamplona.com\\\/actualidad\\\/las-personas-usuarias-del-albergue-municipal-para-personas-sin-hogar-de-trinitarios-tendran-menus-especiales-en-nochebuena-y-nochevieja-de-la-mano-de-napardi\\\/\"},\"author\":{\"name\":\"La Gu\u00eda de Pamplona\",\"@id\":\"https:\\\/\\\/www.laguiadepamplona.com\\\/actualidad\\\/#\\\/schema\\\/person\\\/efe887376f0213d4657c93adc50b1fdb\"},\"headline\":\"Las personas usuarias del albergue municipal para personas sin hogar de Trinitarios tendr\u00e1n men\u00fas especiales en Nochebuena y Nochevieja de la mano de Napardi\",\"datePublished\":\"2021-12-22T12:03:42+00:00\",\"dateModified\":\"2023-04-11T09:48:39+00:00\",\"mainEntityOfPage\":{\"@id\":\"https:\\\/\\\/www.laguiadepamplona.com\\\/actualidad\\\/las-personas-usuarias-del-albergue-municipal-para-personas-sin-hogar-de-trinitarios-tendran-menus-especiales-en-nochebuena-y-nochevieja-de-la-mano-de-napardi\\\/\"},\"wordCount\":738,\"commentCount\":0,\"publisher\":{\"@id\":\"https:\\\/\\\/www.laguiadepamplona.com\\\/actualidad\\\/#organization\"},\"image\":{\"@id\":\"https:\\\/\\\/www.laguiadepamplona.com\\\/actualidad\\\/las-personas-usuarias-del-albergue-municipal-para-personas-sin-hogar-de-trinitarios-tendran-menus-especiales-en-nochebuena-y-nochevieja-de-la-mano-de-napardi\\\/#primaryimage\"},\"thumbnailUrl\":\"https:\\\/\\\/www.laguiadepamplona.com\\\/actualidad\\\/wp-content\\\/uploads\\\/2021\\\/12\\\/visitaalberguetrinitarios2.jpg\",\"articleSection\":[\"Ayto Pamplona\"],\"inLanguage\":\"es\",\"potentialAction\":[{\"@type\":\"CommentAction\",\"name\":\"Comment\",\"target\":[\"https:\\\/\\\/www.laguiadepamplona.com\\\/actualidad\\\/las-personas-usuarias-del-albergue-municipal-para-personas-sin-hogar-de-trinitarios-tendran-menus-especiales-en-nochebuena-y-nochevieja-de-la-mano-de-napardi\\\/#respond\"]}]},{\"@type\":\"WebPage\",\"@id\":\"https:\\\/\\\/www.laguiadepamplona.com\\\/actualidad\\\/las-personas-usuarias-del-albergue-municipal-para-personas-sin-hogar-de-trinitarios-tendran-menus-especiales-en-nochebuena-y-nochevieja-de-la-mano-de-napardi\\\/\",\"url\":\"https:\\\/\\\/www.laguiadepamplona.com\\\/actualidad\\\/las-personas-usuarias-del-albergue-municipal-para-personas-sin-hogar-de-trinitarios-tendran-menus-especiales-en-nochebuena-y-nochevieja-de-la-mano-de-napardi\\\/\",\"name\":\"Las personas usuarias del albergue municipal para personas sin hogar de Trinitarios tendr\u00e1n men\u00fas especiales en Nochebuena y Nochevieja de la mano de Napardi\",\"isPartOf\":{\"@id\":\"https:\\\/\\\/www.laguiadepamplona.com\\\/actualidad\\\/#website\"},\"primaryImageOfPage\":{\"@id\":\"https:\\\/\\\/www.laguiadepamplona.com\\\/actualidad\\\/las-personas-usuarias-del-albergue-municipal-para-personas-sin-hogar-de-trinitarios-tendran-menus-especiales-en-nochebuena-y-nochevieja-de-la-mano-de-napardi\\\/#primaryimage\"},\"image\":{\"@id\":\"https:\\\/\\\/www.laguiadepamplona.com\\\/actualidad\\\/las-personas-usuarias-del-albergue-municipal-para-personas-sin-hogar-de-trinitarios-tendran-menus-especiales-en-nochebuena-y-nochevieja-de-la-mano-de-napardi\\\/#primaryimage\"},\"thumbnailUrl\":\"https:\\\/\\\/www.laguiadepamplona.com\\\/actualidad\\\/wp-content\\\/uploads\\\/2021\\\/12\\\/visitaalberguetrinitarios2.jpg\",\"datePublished\":\"2021-12-22T12:03:42+00:00\",\"dateModified\":\"2023-04-11T09:48:39+00:00\",\"description\":\"La concejala delegada de Servicios Sociales, Acci\u00f3n Comunitaria y Deporte, y representantes de la fundaci\u00f3n Napardi han visitado hoy el albergue\",\"breadcrumb\":{\"@id\":\"https:\\\/\\\/www.laguiadepamplona.com\\\/actualidad\\\/las-personas-usuarias-del-albergue-municipal-para-personas-sin-hogar-de-trinitarios-tendran-menus-especiales-en-nochebuena-y-nochevieja-de-la-mano-de-napardi\\\/#breadcrumb\"},\"inLanguage\":\"es\",\"potentialAction\":[{\"@type\":\"ReadAction\",\"target\":[\"https:\\\/\\\/www.laguiadepamplona.com\\\/actualidad\\\/las-personas-usuarias-del-albergue-municipal-para-personas-sin-hogar-de-trinitarios-tendran-menus-especiales-en-nochebuena-y-nochevieja-de-la-mano-de-napardi\\\/\"]}]},{\"@type\":\"ImageObject\",\"inLanguage\":\"es\",\"@id\":\"https:\\\/\\\/www.laguiadepamplona.com\\\/actualidad\\\/las-personas-usuarias-del-albergue-municipal-para-personas-sin-hogar-de-trinitarios-tendran-menus-especiales-en-nochebuena-y-nochevieja-de-la-mano-de-napardi\\\/#primaryimage\",\"url\":\"https:\\\/\\\/www.laguiadepamplona.com\\\/actualidad\\\/wp-content\\\/uploads\\\/2021\\\/12\\\/visitaalberguetrinitarios2.jpg\",\"contentUrl\":\"https:\\\/\\\/www.laguiadepamplona.com\\\/actualidad\\\/wp-content\\\/uploads\\\/2021\\\/12\\\/visitaalberguetrinitarios2.jpg\",\"width\":1920,\"height\":1280},{\"@type\":\"BreadcrumbList\",\"@id\":\"https:\\\/\\\/www.laguiadepamplona.com\\\/actualidad\\\/las-personas-usuarias-del-albergue-municipal-para-personas-sin-hogar-de-trinitarios-tendran-menus-especiales-en-nochebuena-y-nochevieja-de-la-mano-de-napardi\\\/#breadcrumb\",\"itemListElement\":[{\"@type\":\"ListItem\",\"position\":1,\"name\":\"Portada\",\"item\":\"https:\\\/\\\/www.laguiadepamplona.com\\\/actualidad\\\/\"},{\"@type\":\"ListItem\",\"position\":2,\"name\":\"Las personas usuarias del albergue municipal para personas sin hogar de Trinitarios tendr\u00e1n men\u00fas especiales en Nochebuena y Nochevieja de la mano de Napardi\"}]},{\"@type\":\"WebSite\",\"@id\":\"https:\\\/\\\/www.laguiadepamplona.com\\\/actualidad\\\/#website\",\"url\":\"https:\\\/\\\/www.laguiadepamplona.com\\\/actualidad\\\/\",\"name\":\"La gu\u00eda de Pamplona\",\"description\":\"Noticias de Pamplona\",\"publisher\":{\"@id\":\"https:\\\/\\\/www.laguiadepamplona.com\\\/actualidad\\\/#organization\"},\"potentialAction\":[{\"@type\":\"SearchAction\",\"target\":{\"@type\":\"EntryPoint\",\"urlTemplate\":\"https:\\\/\\\/www.laguiadepamplona.com\\\/actualidad\\\/?s={search_term_string}\"},\"query-input\":{\"@type\":\"PropertyValueSpecification\",\"valueRequired\":true,\"valueName\":\"search_term_string\"}}],\"inLanguage\":\"es\"},{\"@type\":\"Organization\",\"@id\":\"https:\\\/\\\/www.laguiadepamplona.com\\\/actualidad\\\/#organization\",\"name\":\"La Gu\u00eda de Pamplona \\\/ Noticias\",\"url\":\"https:\\\/\\\/www.laguiadepamplona.com\\\/actualidad\\\/\",\"logo\":{\"@type\":\"ImageObject\",\"inLanguage\":\"es\",\"@id\":\"https:\\\/\\\/www.laguiadepamplona.com\\\/actualidad\\\/#\\\/schema\\\/logo\\\/image\\\/\",\"url\":\"https:\\\/\\\/www.laguiadepamplona.com\\\/actualidad\\\/wp-content\\\/uploads\\\/2018\\\/11\\\/logo-laguiadepamplona18-web1.png\",\"contentUrl\":\"https:\\\/\\\/www.laguiadepamplona.com\\\/actualidad\\\/wp-content\\\/uploads\\\/2018\\\/11\\\/logo-laguiadepamplona18-web1.png\",\"width\":600,\"height\":196,\"caption\":\"La Gu\u00eda de Pamplona \\\/ Noticias\"},\"image\":{\"@id\":\"https:\\\/\\\/www.laguiadepamplona.com\\\/actualidad\\\/#\\\/schema\\\/logo\\\/image\\\/\"},\"sameAs\":[\"https:\\\/\\\/www.facebook.com\\\/laguiadepamplonacom-133175176762273\\\/?ref=hl\",\"https:\\\/\\\/x.com\\\/LaGuiadPamplona\",\"https:\\\/\\\/www.instagram.com\\\/la_guia_de_pamplona\\\/\",\"https:\\\/\\\/www.youtube.com\\\/user\\\/laguiadepamplona\"]},{\"@type\":\"Person\",\"@id\":\"https:\\\/\\\/www.laguiadepamplona.com\\\/actualidad\\\/#\\\/schema\\\/person\\\/efe887376f0213d4657c93adc50b1fdb\",\"name\":\"La Gu\u00eda de Pamplona\",\"image\":{\"@type\":\"ImageObject\",\"inLanguage\":\"es\",\"@id\":\"https:\\\/\\\/secure.gravatar.com\\\/avatar\\\/b6992f131dc8d30ab0dff15446e9d346d9dbd95992de0fef795073f5ea83a81c?s=96&d=mm&r=g\",\"url\":\"https:\\\/\\\/secure.gravatar.com\\\/avatar\\\/b6992f131dc8d30ab0dff15446e9d346d9dbd95992de0fef795073f5ea83a81c?s=96&d=mm&r=g\",\"contentUrl\":\"https:\\\/\\\/secure.gravatar.com\\\/avatar\\\/b6992f131dc8d30ab0dff15446e9d346d9dbd95992de0fef795073f5ea83a81c?s=96&d=mm&r=g\",\"caption\":\"La Gu\u00eda de Pamplona\"}}]}<\/script>\n<!-- \/ Yoast SEO plugin. -->","yoast_head_json":{"title":"Las personas usuarias del albergue municipal para personas sin hogar de Trinitarios tendr\u00e1n men\u00fas especiales en Nochebuena y Nochevieja de la mano de Napardi","description":"La concejala delegada de Servicios Sociales, Acci\u00f3n Comunitaria y Deporte, y representantes de la fundaci\u00f3n Napardi han visitado hoy el albergue","robots":{"index":"index","follow":"follow","max-snippet":"max-snippet:-1","max-image-preview":"max-image-preview:large","max-video-preview":"max-video-preview:-1"},"canonical":"https:\/\/www.laguiadepamplona.com\/actualidad\/las-personas-usuarias-del-albergue-municipal-para-personas-sin-hogar-de-trinitarios-tendran-menus-especiales-en-nochebuena-y-nochevieja-de-la-mano-de-napardi\/","og_locale":"es_ES","og_type":"article","og_title":"Las personas usuarias del albergue municipal para personas sin hogar de Trinitarios tendr\u00e1n men\u00fas especiales en Nochebuena y Nochevieja de la mano de Napardi","og_description":"La concejala delegada de Servicios Sociales, Acci\u00f3n Comunitaria y Deporte, y representantes de la fundaci\u00f3n Napardi han visitado hoy el albergue","og_url":"https:\/\/www.laguiadepamplona.com\/actualidad\/las-personas-usuarias-del-albergue-municipal-para-personas-sin-hogar-de-trinitarios-tendran-menus-especiales-en-nochebuena-y-nochevieja-de-la-mano-de-napardi\/","og_site_name":"La Gu\u00eda de Pamplona","article_publisher":"https:\/\/www.facebook.com\/laguiadepamplonacom-133175176762273\/?ref=hl","article_published_time":"2021-12-22T12:03:42+00:00","article_modified_time":"2023-04-11T09:48:39+00:00","og_image":[{"width":1920,"height":1280,"url":"https:\/\/www.laguiadepamplona.com\/actualidad\/wp-content\/uploads\/2021\/12\/visitaalberguetrinitarios2.jpg","type":"image\/jpeg"}],"author":"La Gu\u00eda de Pamplona","twitter_card":"summary_large_image","twitter_creator":"@LaGuiadPamplona","twitter_site":"@LaGuiadPamplona","twitter_misc":{"Escrito por":"La Gu\u00eda de Pamplona","Tiempo de lectura":"4 minutos"},"schema":{"@context":"https:\/\/schema.org","@graph":[{"@type":"Article","@id":"https:\/\/www.laguiadepamplona.com\/actualidad\/las-personas-usuarias-del-albergue-municipal-para-personas-sin-hogar-de-trinitarios-tendran-menus-especiales-en-nochebuena-y-nochevieja-de-la-mano-de-napardi\/#article","isPartOf":{"@id":"https:\/\/www.laguiadepamplona.com\/actualidad\/las-personas-usuarias-del-albergue-municipal-para-personas-sin-hogar-de-trinitarios-tendran-menus-especiales-en-nochebuena-y-nochevieja-de-la-mano-de-napardi\/"},"author":{"name":"La Gu\u00eda de Pamplona","@id":"https:\/\/www.laguiadepamplona.com\/actualidad\/#\/schema\/person\/efe887376f0213d4657c93adc50b1fdb"},"headline":"Las personas usuarias del albergue municipal para personas sin hogar de Trinitarios tendr\u00e1n men\u00fas especiales en Nochebuena y Nochevieja de la mano de Napardi","datePublished":"2021-12-22T12:03:42+00:00","dateModified":"2023-04-11T09:48:39+00:00","mainEntityOfPage":{"@id":"https:\/\/www.laguiadepamplona.com\/actualidad\/las-personas-usuarias-del-albergue-municipal-para-personas-sin-hogar-de-trinitarios-tendran-menus-especiales-en-nochebuena-y-nochevieja-de-la-mano-de-napardi\/"},"wordCount":738,"commentCount":0,"publisher":{"@id":"https:\/\/www.laguiadepamplona.com\/actualidad\/#organization"},"image":{"@id":"https:\/\/www.laguiadepamplona.com\/actualidad\/las-personas-usuarias-del-albergue-municipal-para-personas-sin-hogar-de-trinitarios-tendran-menus-especiales-en-nochebuena-y-nochevieja-de-la-mano-de-napardi\/#primaryimage"},"thumbnailUrl":"https:\/\/www.laguiadepamplona.com\/actualidad\/wp-content\/uploads\/2021\/12\/visitaalberguetrinitarios2.jpg","articleSection":["Ayto Pamplona"],"inLanguage":"es","potentialAction":[{"@type":"CommentAction","name":"Comment","target":["https:\/\/www.laguiadepamplona.com\/actualidad\/las-personas-usuarias-del-albergue-municipal-para-personas-sin-hogar-de-trinitarios-tendran-menus-especiales-en-nochebuena-y-nochevieja-de-la-mano-de-napardi\/#respond"]}]},{"@type":"WebPage","@id":"https:\/\/www.laguiadepamplona.com\/actualidad\/las-personas-usuarias-del-albergue-municipal-para-personas-sin-hogar-de-trinitarios-tendran-menus-especiales-en-nochebuena-y-nochevieja-de-la-mano-de-napardi\/","url":"https:\/\/www.laguiadepamplona.com\/actualidad\/las-personas-usuarias-del-albergue-municipal-para-personas-sin-hogar-de-trinitarios-tendran-menus-especiales-en-nochebuena-y-nochevieja-de-la-mano-de-napardi\/","name":"Las personas usuarias del albergue municipal para personas sin hogar de Trinitarios tendr\u00e1n men\u00fas especiales en Nochebuena y Nochevieja de la mano de Napardi","isPartOf":{"@id":"https:\/\/www.laguiadepamplona.com\/actualidad\/#website"},"primaryImageOfPage":{"@id":"https:\/\/www.laguiadepamplona.com\/actualidad\/las-personas-usuarias-del-albergue-municipal-para-personas-sin-hogar-de-trinitarios-tendran-menus-especiales-en-nochebuena-y-nochevieja-de-la-mano-de-napardi\/#primaryimage"},"image":{"@id":"https:\/\/www.laguiadepamplona.com\/actualidad\/las-personas-usuarias-del-albergue-municipal-para-personas-sin-hogar-de-trinitarios-tendran-menus-especiales-en-nochebuena-y-nochevieja-de-la-mano-de-napardi\/#primaryimage"},"thumbnailUrl":"https:\/\/www.laguiadepamplona.com\/actualidad\/wp-content\/uploads\/2021\/12\/visitaalberguetrinitarios2.jpg","datePublished":"2021-12-22T12:03:42+00:00","dateModified":"2023-04-11T09:48:39+00:00","description":"La concejala delegada de Servicios Sociales, Acci\u00f3n Comunitaria y Deporte, y representantes de la fundaci\u00f3n Napardi han visitado hoy el albergue","breadcrumb":{"@id":"https:\/\/www.laguiadepamplona.com\/actualidad\/las-personas-usuarias-del-albergue-municipal-para-personas-sin-hogar-de-trinitarios-tendran-menus-especiales-en-nochebuena-y-nochevieja-de-la-mano-de-napardi\/#breadcrumb"},"inLanguage":"es","potentialAction":[{"@type":"ReadAction","target":["https:\/\/www.laguiadepamplona.com\/actualidad\/las-personas-usuarias-del-albergue-municipal-para-personas-sin-hogar-de-trinitarios-tendran-menus-especiales-en-nochebuena-y-nochevieja-de-la-mano-de-napardi\/"]}]},{"@type":"ImageObject","inLanguage":"es","@id":"https:\/\/www.laguiadepamplona.com\/actualidad\/las-personas-usuarias-del-albergue-municipal-para-personas-sin-hogar-de-trinitarios-tendran-menus-especiales-en-nochebuena-y-nochevieja-de-la-mano-de-napardi\/#primaryimage","url":"https:\/\/www.laguiadepamplona.com\/actualidad\/wp-content\/uploads\/2021\/12\/visitaalberguetrinitarios2.jpg","contentUrl":"https:\/\/www.laguiadepamplona.com\/actualidad\/wp-content\/uploads\/2021\/12\/visitaalberguetrinitarios2.jpg","width":1920,"height":1280},{"@type":"BreadcrumbList","@id":"https:\/\/www.laguiadepamplona.com\/actualidad\/las-personas-usuarias-del-albergue-municipal-para-personas-sin-hogar-de-trinitarios-tendran-menus-especiales-en-nochebuena-y-nochevieja-de-la-mano-de-napardi\/#breadcrumb","itemListElement":[{"@type":"ListItem","position":1,"name":"Portada","item":"https:\/\/www.laguiadepamplona.com\/actualidad\/"},{"@type":"ListItem","position":2,"name":"Las personas usuarias del albergue municipal para personas sin hogar de Trinitarios tendr\u00e1n men\u00fas especiales en Nochebuena y Nochevieja de la mano de Napardi"}]},{"@type":"WebSite","@id":"https:\/\/www.laguiadepamplona.com\/actualidad\/#website","url":"https:\/\/www.laguiadepamplona.com\/actualidad\/","name":"La gu\u00eda de Pamplona","description":"Noticias de Pamplona","publisher":{"@id":"https:\/\/www.laguiadepamplona.com\/actualidad\/#organization"},"potentialAction":[{"@type":"SearchAction","target":{"@type":"EntryPoint","urlTemplate":"https:\/\/www.laguiadepamplona.com\/actualidad\/?s={search_term_string}"},"query-input":{"@type":"PropertyValueSpecification","valueRequired":true,"valueName":"search_term_string"}}],"inLanguage":"es"},{"@type":"Organization","@id":"https:\/\/www.laguiadepamplona.com\/actualidad\/#organization","name":"La Gu\u00eda de Pamplona \/ Noticias","url":"https:\/\/www.laguiadepamplona.com\/actualidad\/","logo":{"@type":"ImageObject","inLanguage":"es","@id":"https:\/\/www.laguiadepamplona.com\/actualidad\/#\/schema\/logo\/image\/","url":"https:\/\/www.laguiadepamplona.com\/actualidad\/wp-content\/uploads\/2018\/11\/logo-laguiadepamplona18-web1.png","contentUrl":"https:\/\/www.laguiadepamplona.com\/actualidad\/wp-content\/uploads\/2018\/11\/logo-laguiadepamplona18-web1.png","width":600,"height":196,"caption":"La Gu\u00eda de Pamplona \/ Noticias"},"image":{"@id":"https:\/\/www.laguiadepamplona.com\/actualidad\/#\/schema\/logo\/image\/"},"sameAs":["https:\/\/www.facebook.com\/laguiadepamplonacom-133175176762273\/?ref=hl","https:\/\/x.com\/LaGuiadPamplona","https:\/\/www.instagram.com\/la_guia_de_pamplona\/","https:\/\/www.youtube.com\/user\/laguiadepamplona"]},{"@type":"Person","@id":"https:\/\/www.laguiadepamplona.com\/actualidad\/#\/schema\/person\/efe887376f0213d4657c93adc50b1fdb","name":"La Gu\u00eda de Pamplona","image":{"@type":"ImageObject","inLanguage":"es","@id":"https:\/\/secure.gravatar.com\/avatar\/b6992f131dc8d30ab0dff15446e9d346d9dbd95992de0fef795073f5ea83a81c?s=96&d=mm&r=g","url":"https:\/\/secure.gravatar.com\/avatar\/b6992f131dc8d30ab0dff15446e9d346d9dbd95992de0fef795073f5ea83a81c?s=96&d=mm&r=g","contentUrl":"https:\/\/secure.gravatar.com\/avatar\/b6992f131dc8d30ab0dff15446e9d346d9dbd95992de0fef795073f5ea83a81c?s=96&d=mm&r=g","caption":"La Gu\u00eda de Pamplona"}}]}},"post_mailing_queue_ids":[],"_links":{"self":[{"href":"https:\/\/www.laguiadepamplona.com\/actualidad\/wp-json\/wp\/v2\/posts\/38088","targetHints":{"allow":["GET"]}}],"collection":[{"href":"https:\/\/www.laguiadepamplona.com\/actualidad\/wp-json\/wp\/v2\/posts"}],"about":[{"href":"https:\/\/www.laguiadepamplona.com\/actualidad\/wp-json\/wp\/v2\/types\/post"}],"author":[{"embeddable":true,"href":"https:\/\/www.laguiadepamplona.com\/actualidad\/wp-json\/wp\/v2\/users\/1"}],"replies":[{"embeddable":true,"href":"https:\/\/www.laguiadepamplona.com\/actualidad\/wp-json\/wp\/v2\/comments?post=38088"}],"version-history":[{"count":0,"href":"https:\/\/www.laguiadepamplona.com\/actualidad\/wp-json\/wp\/v2\/posts\/38088\/revisions"}],"wp:featuredmedia":[{"embeddable":true,"href":"https:\/\/www.laguiadepamplona.com\/actualidad\/wp-json\/wp\/v2\/media\/38089"}],"wp:attachment":[{"href":"https:\/\/www.laguiadepamplona.com\/actualidad\/wp-json\/wp\/v2\/media?parent=38088"}],"wp:term":[{"taxonomy":"category","embeddable":true,"href":"https:\/\/www.laguiadepamplona.com\/actualidad\/wp-json\/wp\/v2\/categories?post=38088"},{"taxonomy":"post_tag","embeddable":true,"href":"https:\/\/www.laguiadepamplona.com\/actualidad\/wp-json\/wp\/v2\/tags?post=38088"}],"curies":[{"name":"wp","href":"https:\/\/api.w.org\/{rel}","templated":true}]}}