{"id":38086,"date":"2021-12-21T17:17:10","date_gmt":"2021-12-21T15:17:10","guid":{"rendered":"https:\/\/www.laguiadepamplona.com\/actualidad\/?p=38086"},"modified":"2023-04-11T11:48:39","modified_gmt":"2023-04-11T09:48:39","slug":"el-servicio-de-alquiler-de-bicicletas-electricas-acumula-en-su-primera-semana-de-funcionamiento-3-251-personas-usuarias-y-796-viajes-realizados","status":"publish","type":"post","link":"https:\/\/www.laguiadepamplona.com\/actualidad\/el-servicio-de-alquiler-de-bicicletas-electricas-acumula-en-su-primera-semana-de-funcionamiento-3-251-personas-usuarias-y-796-viajes-realizados\/","title":{"rendered":"El servicio de alquiler de bicicletas el\u00e9ctricas acumula en su primera semana de funcionamiento 3.251 personas usuarias y 796 viajes realizados"},"content":{"rendered":"<h5>La base m\u00e1s utilizada es la del entorno del Teatro Gayarre; el 78% de los viajes recorren una distancia entre 1 y 5 kil\u00f3metros<\/h5>\n<p><!--more--><\/p>\n<p>El pasado martes 14 de diciembre se puso en marcha el nuevo servicio de alquiler de bicicletas el\u00e9ctricas de Pamplona. Una semana despu\u00e9s, el servicio cuenta ya con 3.251 personas usuarias acumuladas. En estos siete d\u00edas, se han realizado 796 viajes, trayectos que han alcanzado una distancia total de unos 1.816 kil\u00f3metros recorridos, siendo la media diaria de 260 kil\u00f3metros.<\/p>\n<p>Entrando en un mayor detalle de los usos realizados, el 78,1% de esos casi 800 viajes realizados recorrieron entre 1 y 5 kil\u00f3metros. Un 19,4% de los viajes se movi\u00f3 entre los 5 y los 10 kil\u00f3metros y un 2,5% de los recorridos fueron inferiores a 1 kil\u00f3metros. El d\u00eda que m\u00e1s se utiliz\u00f3 el servicio fue el domingo 19 de diciembre, con un total de 366 kil\u00f3metros recorridos. En cuanto a los d\u00edas laborables, el 17 de diciembre los servicios realizados acumularon 342 kil\u00f3metros.<br \/>\n<script async src=\"\/\/pagead2.googlesyndication.com\/pagead\/js\/adsbygoogle.js\"><\/script><br \/>\n<!-- Noticias La Guia de Pamplona --><br \/>\n<ins class=\"adsbygoogle\"\nstyle=\"display:block\"\ndata-ad-client=\"ca-pub-6943679897239327\"\ndata-ad-slot=\"7048180777\"\ndata-ad-format=\"auto\"><\/ins><br \/>\n<script>\n(adsbygoogle = window.adsbygoogle || []).push({});\n<\/script><\/p>\n<p>Por estaciones, la m\u00e1s utilizada tanto para iniciar un viaje como para finalizarlo ha sido la ubicada en la avenida de Carlos III en las inmediaciones del Teatro Gayarre. Acumula 76 or\u00edgenes de viaje y 74 fines de destino. La situada tambi\u00e9n en Carlos III con la calle Gorriti ha registrado 53 inicios de trayecto y 71 fines de viaje. En lo que se refiere a los barrios de la ciudad, las m\u00e1s utilizadas son las bases del paseo Anelier en Rochapea, con 49 or\u00edgenes de ruta y 56 destinos, y la de la calle Mar\u00eda Lacunza en Lezkairu, con 44 y 46 usos, respectivamente.<\/p>\n<p>En cuanto a los tiempos de viaje, el 8% de ellos ha tenido una duraci\u00f3n mayor de media hora. El 92% restante, se movi\u00f3 entre los 3 y los 30 minutos. Un 11% de esos viajes duraron entre 21 y 30 minutos, un 35% entre 11 y 20 minutos y un 37% entre 3 y 10 minutos. Las personas usuarias han podido responder a un cuestionario sobre el servicio. El 81% de las personas le dan la m\u00e1xima puntuaci\u00f3n (5 estrellas), un 12% le otorgan 3 y 4 estrellas y un 7% punt\u00faan el servicio por debajo de las 3 estrellas.<br \/>\n<script async src=\"\/\/pagead2.googlesyndication.com\/pagead\/js\/adsbygoogle.js\"><\/script><br \/>\n<!-- Noticias La Guia de Pamplona --><br \/>\n<ins class=\"adsbygoogle\"\nstyle=\"display:block\"\ndata-ad-client=\"ca-pub-6943679897239327\"\ndata-ad-slot=\"7048180777\"\ndata-ad-format=\"auto\"><\/ins><br \/>\n<script>\n(adsbygoogle = window.adsbygoogle || []).push({});\n<\/script><\/p>\n<p><strong>C\u00f3mo hacerse persona usuaria del servicio<\/strong><\/p>\n<p>En este momento est\u00e1n operativas 26 estaciones de las 42 que se prev\u00e9 ubicar en Pamplona, y que se ir\u00e1n montando en pr\u00f3ximas fechas. Las bicicletas el\u00e9ctricas est\u00e1n disponibles las 24 horas del d\u00eda, los 7 d\u00edas de la semana, excepto en Sanfermines o en d\u00edas en los que las condiciones meteorol\u00f3gicas sean muy adversas (en cuyo caso se avisar\u00e1 a las personas usuarias). Toda la informaci\u00f3n sobre este nuevo servicio se puede consultar en <a href=\"http:\/\/www.pamplona.es\/alquilerbicielectrica\" target=\"_blank\" rel=\"noopener\">www.pamplona.es\/alquilerbicielectrica<\/a>. La empresa Ride On es la concesionaria del servicio.<\/p>\n<p>Puede usar las nuevas bicis el\u00e9ctricas cualquier persona que tenga al menos 16 a\u00f1os y se haya registrado en el sistema. Para ser persona usuaria, es necesario darse de alta en el sistema, creando una cuenta de usuario a trav\u00e9s de la app Ride On ES o desde la web <a href=\"http:\/\/www.rideonpamplona.com\" target=\"_blank\" rel=\"noopener\">www.rideonpamplona.com<\/a>. Existen dos perfiles de personas usuarias: las ocasionales (plan de pago por uso) o las abonadas (abono de una suscripci\u00f3n mensual o anual). Los menores de 18 a\u00f1os, adem\u00e1s, deber\u00e1n entregar una autorizaci\u00f3n firmada por su responsable legal, que puede descargarse en la web y remitirse por mail a <a href=\"mailto:support@rideonpamplona.com\">support@rideonpamplona.com<\/a> o en la oficina que ha abierto Ride On en el Rinc\u00f3n de la Aduana n\u00ba 14, en horario de 9 a 14 horas.<\/p>\n<p>Este servicio de alquiler de bicicletas el\u00e9ctricas se enmarca dentro de la estrategia\u00a0<strong>\u2018Go Green Pamplona\u2019 de transici\u00f3n energ\u00e9tica y cambio clim\u00e1tico<\/strong>, que engloba todas las materias de lucha contra el cambio clim\u00e1tico que est\u00e1 desarrollando y desarrollar\u00e1 la ciudad y que ha definido las <strong>l\u00edneas de actuaci\u00f3n<\/strong>\u00a0en los pr\u00f3ximos a\u00f1os, entre las que el cambio de modelo de movilidad es prioritario.<\/p>\n","protected":false},"excerpt":{"rendered":"<p>La base m\u00e1s utilizada es la del entorno del Teatro Gayarre; el 78% de los viajes recorren una distancia entre 1 y 5 kil\u00f3metros<\/p>\n","protected":false},"author":1,"featured_media":37964,"comment_status":"open","ping_status":"closed","sticky":false,"template":"","format":"standard","meta":{"footnotes":""},"categories":[2],"tags":[],"class_list":["post-38086","post","type-post","status-publish","format-standard","has-post-thumbnail","hentry","category-ayuntamiento-pamplona"],"yoast_head":"<!-- This site is optimized with the Yoast SEO plugin v27.3 - https:\/\/yoast.com\/product\/yoast-seo-wordpress\/ -->\n<title>El servicio de alquiler de bicicletas el\u00e9ctricas acumula en su primera semana de funcionamiento 3.251 personas usuarias y 796 viajes realizados<\/title>\n<meta name=\"description\" content=\"La base m\u00e1s utilizada es la del entorno del Teatro Gayarre; el 78% de los viajes recorren una distancia entre 1 y 5 kil\u00f3metros\" \/>\n<meta name=\"robots\" content=\"index, follow, max-snippet:-1, max-image-preview:large, max-video-preview:-1\" \/>\n<link rel=\"canonical\" href=\"https:\/\/www.laguiadepamplona.com\/actualidad\/el-servicio-de-alquiler-de-bicicletas-electricas-acumula-en-su-primera-semana-de-funcionamiento-3-251-personas-usuarias-y-796-viajes-realizados\/\" \/>\n<meta property=\"og:locale\" content=\"es_ES\" \/>\n<meta property=\"og:type\" content=\"article\" \/>\n<meta property=\"og:title\" content=\"El servicio de alquiler de bicicletas el\u00e9ctricas acumula en su primera semana de funcionamiento 3.251 personas usuarias y 796 viajes realizados\" \/>\n<meta property=\"og:description\" content=\"La base m\u00e1s utilizada es la del entorno del Teatro Gayarre; el 78% de los viajes recorren una distancia entre 1 y 5 kil\u00f3metros\" \/>\n<meta property=\"og:url\" content=\"https:\/\/www.laguiadepamplona.com\/actualidad\/el-servicio-de-alquiler-de-bicicletas-electricas-acumula-en-su-primera-semana-de-funcionamiento-3-251-personas-usuarias-y-796-viajes-realizados\/\" \/>\n<meta property=\"og:site_name\" content=\"La Gu\u00eda de Pamplona\" \/>\n<meta property=\"article:publisher\" content=\"https:\/\/www.facebook.com\/laguiadepamplonacom-133175176762273\/?ref=hl\" \/>\n<meta property=\"article:published_time\" content=\"2021-12-21T15:17:10+00:00\" \/>\n<meta property=\"article:modified_time\" content=\"2023-04-11T09:48:39+00:00\" \/>\n<meta property=\"og:image\" content=\"https:\/\/www.laguiadepamplona.com\/actualidad\/wp-content\/uploads\/2021\/12\/servbiciseectricasee5a7855.jpg\" \/>\n\t<meta property=\"og:image:width\" content=\"1920\" \/>\n\t<meta property=\"og:image:height\" content=\"1286\" \/>\n\t<meta property=\"og:image:type\" content=\"image\/jpeg\" \/>\n<meta name=\"author\" content=\"La Gu\u00eda de Pamplona\" \/>\n<meta name=\"twitter:card\" content=\"summary_large_image\" \/>\n<meta name=\"twitter:creator\" content=\"@LaGuiadPamplona\" \/>\n<meta name=\"twitter:site\" content=\"@LaGuiadPamplona\" \/>\n<meta name=\"twitter:label1\" content=\"Escrito por\" \/>\n\t<meta name=\"twitter:data1\" content=\"La Gu\u00eda de Pamplona\" \/>\n\t<meta name=\"twitter:label2\" content=\"Tiempo de lectura\" \/>\n\t<meta name=\"twitter:data2\" content=\"3 minutos\" \/>\n<script type=\"application\/ld+json\" class=\"yoast-schema-graph\">{\"@context\":\"https:\\\/\\\/schema.org\",\"@graph\":[{\"@type\":\"Article\",\"@id\":\"https:\\\/\\\/www.laguiadepamplona.com\\\/actualidad\\\/el-servicio-de-alquiler-de-bicicletas-electricas-acumula-en-su-primera-semana-de-funcionamiento-3-251-personas-usuarias-y-796-viajes-realizados\\\/#article\",\"isPartOf\":{\"@id\":\"https:\\\/\\\/www.laguiadepamplona.com\\\/actualidad\\\/el-servicio-de-alquiler-de-bicicletas-electricas-acumula-en-su-primera-semana-de-funcionamiento-3-251-personas-usuarias-y-796-viajes-realizados\\\/\"},\"author\":{\"name\":\"La Gu\u00eda de Pamplona\",\"@id\":\"https:\\\/\\\/www.laguiadepamplona.com\\\/actualidad\\\/#\\\/schema\\\/person\\\/efe887376f0213d4657c93adc50b1fdb\"},\"headline\":\"El servicio de alquiler de bicicletas el\u00e9ctricas acumula en su primera semana de funcionamiento 3.251 personas usuarias y 796 viajes realizados\",\"datePublished\":\"2021-12-21T15:17:10+00:00\",\"dateModified\":\"2023-04-11T09:48:39+00:00\",\"mainEntityOfPage\":{\"@id\":\"https:\\\/\\\/www.laguiadepamplona.com\\\/actualidad\\\/el-servicio-de-alquiler-de-bicicletas-electricas-acumula-en-su-primera-semana-de-funcionamiento-3-251-personas-usuarias-y-796-viajes-realizados\\\/\"},\"wordCount\":677,\"commentCount\":0,\"publisher\":{\"@id\":\"https:\\\/\\\/www.laguiadepamplona.com\\\/actualidad\\\/#organization\"},\"image\":{\"@id\":\"https:\\\/\\\/www.laguiadepamplona.com\\\/actualidad\\\/el-servicio-de-alquiler-de-bicicletas-electricas-acumula-en-su-primera-semana-de-funcionamiento-3-251-personas-usuarias-y-796-viajes-realizados\\\/#primaryimage\"},\"thumbnailUrl\":\"https:\\\/\\\/www.laguiadepamplona.com\\\/actualidad\\\/wp-content\\\/uploads\\\/2021\\\/12\\\/servbiciseectricasee5a7855.jpg\",\"articleSection\":[\"Ayto Pamplona\"],\"inLanguage\":\"es\",\"potentialAction\":[{\"@type\":\"CommentAction\",\"name\":\"Comment\",\"target\":[\"https:\\\/\\\/www.laguiadepamplona.com\\\/actualidad\\\/el-servicio-de-alquiler-de-bicicletas-electricas-acumula-en-su-primera-semana-de-funcionamiento-3-251-personas-usuarias-y-796-viajes-realizados\\\/#respond\"]}]},{\"@type\":\"WebPage\",\"@id\":\"https:\\\/\\\/www.laguiadepamplona.com\\\/actualidad\\\/el-servicio-de-alquiler-de-bicicletas-electricas-acumula-en-su-primera-semana-de-funcionamiento-3-251-personas-usuarias-y-796-viajes-realizados\\\/\",\"url\":\"https:\\\/\\\/www.laguiadepamplona.com\\\/actualidad\\\/el-servicio-de-alquiler-de-bicicletas-electricas-acumula-en-su-primera-semana-de-funcionamiento-3-251-personas-usuarias-y-796-viajes-realizados\\\/\",\"name\":\"El servicio de alquiler de bicicletas el\u00e9ctricas acumula en su primera semana de funcionamiento 3.251 personas usuarias y 796 viajes realizados\",\"isPartOf\":{\"@id\":\"https:\\\/\\\/www.laguiadepamplona.com\\\/actualidad\\\/#website\"},\"primaryImageOfPage\":{\"@id\":\"https:\\\/\\\/www.laguiadepamplona.com\\\/actualidad\\\/el-servicio-de-alquiler-de-bicicletas-electricas-acumula-en-su-primera-semana-de-funcionamiento-3-251-personas-usuarias-y-796-viajes-realizados\\\/#primaryimage\"},\"image\":{\"@id\":\"https:\\\/\\\/www.laguiadepamplona.com\\\/actualidad\\\/el-servicio-de-alquiler-de-bicicletas-electricas-acumula-en-su-primera-semana-de-funcionamiento-3-251-personas-usuarias-y-796-viajes-realizados\\\/#primaryimage\"},\"thumbnailUrl\":\"https:\\\/\\\/www.laguiadepamplona.com\\\/actualidad\\\/wp-content\\\/uploads\\\/2021\\\/12\\\/servbiciseectricasee5a7855.jpg\",\"datePublished\":\"2021-12-21T15:17:10+00:00\",\"dateModified\":\"2023-04-11T09:48:39+00:00\",\"description\":\"La base m\u00e1s utilizada es la del entorno del Teatro Gayarre; el 78% de los viajes recorren una distancia entre 1 y 5 kil\u00f3metros\",\"breadcrumb\":{\"@id\":\"https:\\\/\\\/www.laguiadepamplona.com\\\/actualidad\\\/el-servicio-de-alquiler-de-bicicletas-electricas-acumula-en-su-primera-semana-de-funcionamiento-3-251-personas-usuarias-y-796-viajes-realizados\\\/#breadcrumb\"},\"inLanguage\":\"es\",\"potentialAction\":[{\"@type\":\"ReadAction\",\"target\":[\"https:\\\/\\\/www.laguiadepamplona.com\\\/actualidad\\\/el-servicio-de-alquiler-de-bicicletas-electricas-acumula-en-su-primera-semana-de-funcionamiento-3-251-personas-usuarias-y-796-viajes-realizados\\\/\"]}]},{\"@type\":\"ImageObject\",\"inLanguage\":\"es\",\"@id\":\"https:\\\/\\\/www.laguiadepamplona.com\\\/actualidad\\\/el-servicio-de-alquiler-de-bicicletas-electricas-acumula-en-su-primera-semana-de-funcionamiento-3-251-personas-usuarias-y-796-viajes-realizados\\\/#primaryimage\",\"url\":\"https:\\\/\\\/www.laguiadepamplona.com\\\/actualidad\\\/wp-content\\\/uploads\\\/2021\\\/12\\\/servbiciseectricasee5a7855.jpg\",\"contentUrl\":\"https:\\\/\\\/www.laguiadepamplona.com\\\/actualidad\\\/wp-content\\\/uploads\\\/2021\\\/12\\\/servbiciseectricasee5a7855.jpg\",\"width\":1920,\"height\":1286},{\"@type\":\"BreadcrumbList\",\"@id\":\"https:\\\/\\\/www.laguiadepamplona.com\\\/actualidad\\\/el-servicio-de-alquiler-de-bicicletas-electricas-acumula-en-su-primera-semana-de-funcionamiento-3-251-personas-usuarias-y-796-viajes-realizados\\\/#breadcrumb\",\"itemListElement\":[{\"@type\":\"ListItem\",\"position\":1,\"name\":\"Portada\",\"item\":\"https:\\\/\\\/www.laguiadepamplona.com\\\/actualidad\\\/\"},{\"@type\":\"ListItem\",\"position\":2,\"name\":\"El servicio de alquiler de bicicletas el\u00e9ctricas acumula en su primera semana de funcionamiento 3.251 personas usuarias y 796 viajes realizados\"}]},{\"@type\":\"WebSite\",\"@id\":\"https:\\\/\\\/www.laguiadepamplona.com\\\/actualidad\\\/#website\",\"url\":\"https:\\\/\\\/www.laguiadepamplona.com\\\/actualidad\\\/\",\"name\":\"La gu\u00eda de Pamplona\",\"description\":\"Noticias de Pamplona\",\"publisher\":{\"@id\":\"https:\\\/\\\/www.laguiadepamplona.com\\\/actualidad\\\/#organization\"},\"potentialAction\":[{\"@type\":\"SearchAction\",\"target\":{\"@type\":\"EntryPoint\",\"urlTemplate\":\"https:\\\/\\\/www.laguiadepamplona.com\\\/actualidad\\\/?s={search_term_string}\"},\"query-input\":{\"@type\":\"PropertyValueSpecification\",\"valueRequired\":true,\"valueName\":\"search_term_string\"}}],\"inLanguage\":\"es\"},{\"@type\":\"Organization\",\"@id\":\"https:\\\/\\\/www.laguiadepamplona.com\\\/actualidad\\\/#organization\",\"name\":\"La Gu\u00eda de Pamplona \\\/ Noticias\",\"url\":\"https:\\\/\\\/www.laguiadepamplona.com\\\/actualidad\\\/\",\"logo\":{\"@type\":\"ImageObject\",\"inLanguage\":\"es\",\"@id\":\"https:\\\/\\\/www.laguiadepamplona.com\\\/actualidad\\\/#\\\/schema\\\/logo\\\/image\\\/\",\"url\":\"https:\\\/\\\/www.laguiadepamplona.com\\\/actualidad\\\/wp-content\\\/uploads\\\/2018\\\/11\\\/logo-laguiadepamplona18-web1.png\",\"contentUrl\":\"https:\\\/\\\/www.laguiadepamplona.com\\\/actualidad\\\/wp-content\\\/uploads\\\/2018\\\/11\\\/logo-laguiadepamplona18-web1.png\",\"width\":600,\"height\":196,\"caption\":\"La Gu\u00eda de Pamplona \\\/ Noticias\"},\"image\":{\"@id\":\"https:\\\/\\\/www.laguiadepamplona.com\\\/actualidad\\\/#\\\/schema\\\/logo\\\/image\\\/\"},\"sameAs\":[\"https:\\\/\\\/www.facebook.com\\\/laguiadepamplonacom-133175176762273\\\/?ref=hl\",\"https:\\\/\\\/x.com\\\/LaGuiadPamplona\",\"https:\\\/\\\/www.instagram.com\\\/la_guia_de_pamplona\\\/\",\"https:\\\/\\\/www.youtube.com\\\/user\\\/laguiadepamplona\"]},{\"@type\":\"Person\",\"@id\":\"https:\\\/\\\/www.laguiadepamplona.com\\\/actualidad\\\/#\\\/schema\\\/person\\\/efe887376f0213d4657c93adc50b1fdb\",\"name\":\"La Gu\u00eda de Pamplona\",\"image\":{\"@type\":\"ImageObject\",\"inLanguage\":\"es\",\"@id\":\"https:\\\/\\\/secure.gravatar.com\\\/avatar\\\/b6992f131dc8d30ab0dff15446e9d346d9dbd95992de0fef795073f5ea83a81c?s=96&d=mm&r=g\",\"url\":\"https:\\\/\\\/secure.gravatar.com\\\/avatar\\\/b6992f131dc8d30ab0dff15446e9d346d9dbd95992de0fef795073f5ea83a81c?s=96&d=mm&r=g\",\"contentUrl\":\"https:\\\/\\\/secure.gravatar.com\\\/avatar\\\/b6992f131dc8d30ab0dff15446e9d346d9dbd95992de0fef795073f5ea83a81c?s=96&d=mm&r=g\",\"caption\":\"La Gu\u00eda de Pamplona\"}}]}<\/script>\n<!-- \/ Yoast SEO plugin. -->","yoast_head_json":{"title":"El servicio de alquiler de bicicletas el\u00e9ctricas acumula en su primera semana de funcionamiento 3.251 personas usuarias y 796 viajes realizados","description":"La base m\u00e1s utilizada es la del entorno del Teatro Gayarre; el 78% de los viajes recorren una distancia entre 1 y 5 kil\u00f3metros","robots":{"index":"index","follow":"follow","max-snippet":"max-snippet:-1","max-image-preview":"max-image-preview:large","max-video-preview":"max-video-preview:-1"},"canonical":"https:\/\/www.laguiadepamplona.com\/actualidad\/el-servicio-de-alquiler-de-bicicletas-electricas-acumula-en-su-primera-semana-de-funcionamiento-3-251-personas-usuarias-y-796-viajes-realizados\/","og_locale":"es_ES","og_type":"article","og_title":"El servicio de alquiler de bicicletas el\u00e9ctricas acumula en su primera semana de funcionamiento 3.251 personas usuarias y 796 viajes realizados","og_description":"La base m\u00e1s utilizada es la del entorno del Teatro Gayarre; el 78% de los viajes recorren una distancia entre 1 y 5 kil\u00f3metros","og_url":"https:\/\/www.laguiadepamplona.com\/actualidad\/el-servicio-de-alquiler-de-bicicletas-electricas-acumula-en-su-primera-semana-de-funcionamiento-3-251-personas-usuarias-y-796-viajes-realizados\/","og_site_name":"La Gu\u00eda de Pamplona","article_publisher":"https:\/\/www.facebook.com\/laguiadepamplonacom-133175176762273\/?ref=hl","article_published_time":"2021-12-21T15:17:10+00:00","article_modified_time":"2023-04-11T09:48:39+00:00","og_image":[{"width":1920,"height":1286,"url":"https:\/\/www.laguiadepamplona.com\/actualidad\/wp-content\/uploads\/2021\/12\/servbiciseectricasee5a7855.jpg","type":"image\/jpeg"}],"author":"La Gu\u00eda de Pamplona","twitter_card":"summary_large_image","twitter_creator":"@LaGuiadPamplona","twitter_site":"@LaGuiadPamplona","twitter_misc":{"Escrito por":"La Gu\u00eda de Pamplona","Tiempo de lectura":"3 minutos"},"schema":{"@context":"https:\/\/schema.org","@graph":[{"@type":"Article","@id":"https:\/\/www.laguiadepamplona.com\/actualidad\/el-servicio-de-alquiler-de-bicicletas-electricas-acumula-en-su-primera-semana-de-funcionamiento-3-251-personas-usuarias-y-796-viajes-realizados\/#article","isPartOf":{"@id":"https:\/\/www.laguiadepamplona.com\/actualidad\/el-servicio-de-alquiler-de-bicicletas-electricas-acumula-en-su-primera-semana-de-funcionamiento-3-251-personas-usuarias-y-796-viajes-realizados\/"},"author":{"name":"La Gu\u00eda de Pamplona","@id":"https:\/\/www.laguiadepamplona.com\/actualidad\/#\/schema\/person\/efe887376f0213d4657c93adc50b1fdb"},"headline":"El servicio de alquiler de bicicletas el\u00e9ctricas acumula en su primera semana de funcionamiento 3.251 personas usuarias y 796 viajes realizados","datePublished":"2021-12-21T15:17:10+00:00","dateModified":"2023-04-11T09:48:39+00:00","mainEntityOfPage":{"@id":"https:\/\/www.laguiadepamplona.com\/actualidad\/el-servicio-de-alquiler-de-bicicletas-electricas-acumula-en-su-primera-semana-de-funcionamiento-3-251-personas-usuarias-y-796-viajes-realizados\/"},"wordCount":677,"commentCount":0,"publisher":{"@id":"https:\/\/www.laguiadepamplona.com\/actualidad\/#organization"},"image":{"@id":"https:\/\/www.laguiadepamplona.com\/actualidad\/el-servicio-de-alquiler-de-bicicletas-electricas-acumula-en-su-primera-semana-de-funcionamiento-3-251-personas-usuarias-y-796-viajes-realizados\/#primaryimage"},"thumbnailUrl":"https:\/\/www.laguiadepamplona.com\/actualidad\/wp-content\/uploads\/2021\/12\/servbiciseectricasee5a7855.jpg","articleSection":["Ayto Pamplona"],"inLanguage":"es","potentialAction":[{"@type":"CommentAction","name":"Comment","target":["https:\/\/www.laguiadepamplona.com\/actualidad\/el-servicio-de-alquiler-de-bicicletas-electricas-acumula-en-su-primera-semana-de-funcionamiento-3-251-personas-usuarias-y-796-viajes-realizados\/#respond"]}]},{"@type":"WebPage","@id":"https:\/\/www.laguiadepamplona.com\/actualidad\/el-servicio-de-alquiler-de-bicicletas-electricas-acumula-en-su-primera-semana-de-funcionamiento-3-251-personas-usuarias-y-796-viajes-realizados\/","url":"https:\/\/www.laguiadepamplona.com\/actualidad\/el-servicio-de-alquiler-de-bicicletas-electricas-acumula-en-su-primera-semana-de-funcionamiento-3-251-personas-usuarias-y-796-viajes-realizados\/","name":"El servicio de alquiler de bicicletas el\u00e9ctricas acumula en su primera semana de funcionamiento 3.251 personas usuarias y 796 viajes realizados","isPartOf":{"@id":"https:\/\/www.laguiadepamplona.com\/actualidad\/#website"},"primaryImageOfPage":{"@id":"https:\/\/www.laguiadepamplona.com\/actualidad\/el-servicio-de-alquiler-de-bicicletas-electricas-acumula-en-su-primera-semana-de-funcionamiento-3-251-personas-usuarias-y-796-viajes-realizados\/#primaryimage"},"image":{"@id":"https:\/\/www.laguiadepamplona.com\/actualidad\/el-servicio-de-alquiler-de-bicicletas-electricas-acumula-en-su-primera-semana-de-funcionamiento-3-251-personas-usuarias-y-796-viajes-realizados\/#primaryimage"},"thumbnailUrl":"https:\/\/www.laguiadepamplona.com\/actualidad\/wp-content\/uploads\/2021\/12\/servbiciseectricasee5a7855.jpg","datePublished":"2021-12-21T15:17:10+00:00","dateModified":"2023-04-11T09:48:39+00:00","description":"La base m\u00e1s utilizada es la del entorno del Teatro Gayarre; el 78% de los viajes recorren una distancia entre 1 y 5 kil\u00f3metros","breadcrumb":{"@id":"https:\/\/www.laguiadepamplona.com\/actualidad\/el-servicio-de-alquiler-de-bicicletas-electricas-acumula-en-su-primera-semana-de-funcionamiento-3-251-personas-usuarias-y-796-viajes-realizados\/#breadcrumb"},"inLanguage":"es","potentialAction":[{"@type":"ReadAction","target":["https:\/\/www.laguiadepamplona.com\/actualidad\/el-servicio-de-alquiler-de-bicicletas-electricas-acumula-en-su-primera-semana-de-funcionamiento-3-251-personas-usuarias-y-796-viajes-realizados\/"]}]},{"@type":"ImageObject","inLanguage":"es","@id":"https:\/\/www.laguiadepamplona.com\/actualidad\/el-servicio-de-alquiler-de-bicicletas-electricas-acumula-en-su-primera-semana-de-funcionamiento-3-251-personas-usuarias-y-796-viajes-realizados\/#primaryimage","url":"https:\/\/www.laguiadepamplona.com\/actualidad\/wp-content\/uploads\/2021\/12\/servbiciseectricasee5a7855.jpg","contentUrl":"https:\/\/www.laguiadepamplona.com\/actualidad\/wp-content\/uploads\/2021\/12\/servbiciseectricasee5a7855.jpg","width":1920,"height":1286},{"@type":"BreadcrumbList","@id":"https:\/\/www.laguiadepamplona.com\/actualidad\/el-servicio-de-alquiler-de-bicicletas-electricas-acumula-en-su-primera-semana-de-funcionamiento-3-251-personas-usuarias-y-796-viajes-realizados\/#breadcrumb","itemListElement":[{"@type":"ListItem","position":1,"name":"Portada","item":"https:\/\/www.laguiadepamplona.com\/actualidad\/"},{"@type":"ListItem","position":2,"name":"El servicio de alquiler de bicicletas el\u00e9ctricas acumula en su primera semana de funcionamiento 3.251 personas usuarias y 796 viajes realizados"}]},{"@type":"WebSite","@id":"https:\/\/www.laguiadepamplona.com\/actualidad\/#website","url":"https:\/\/www.laguiadepamplona.com\/actualidad\/","name":"La gu\u00eda de Pamplona","description":"Noticias de Pamplona","publisher":{"@id":"https:\/\/www.laguiadepamplona.com\/actualidad\/#organization"},"potentialAction":[{"@type":"SearchAction","target":{"@type":"EntryPoint","urlTemplate":"https:\/\/www.laguiadepamplona.com\/actualidad\/?s={search_term_string}"},"query-input":{"@type":"PropertyValueSpecification","valueRequired":true,"valueName":"search_term_string"}}],"inLanguage":"es"},{"@type":"Organization","@id":"https:\/\/www.laguiadepamplona.com\/actualidad\/#organization","name":"La Gu\u00eda de Pamplona \/ Noticias","url":"https:\/\/www.laguiadepamplona.com\/actualidad\/","logo":{"@type":"ImageObject","inLanguage":"es","@id":"https:\/\/www.laguiadepamplona.com\/actualidad\/#\/schema\/logo\/image\/","url":"https:\/\/www.laguiadepamplona.com\/actualidad\/wp-content\/uploads\/2018\/11\/logo-laguiadepamplona18-web1.png","contentUrl":"https:\/\/www.laguiadepamplona.com\/actualidad\/wp-content\/uploads\/2018\/11\/logo-laguiadepamplona18-web1.png","width":600,"height":196,"caption":"La Gu\u00eda de Pamplona \/ Noticias"},"image":{"@id":"https:\/\/www.laguiadepamplona.com\/actualidad\/#\/schema\/logo\/image\/"},"sameAs":["https:\/\/www.facebook.com\/laguiadepamplonacom-133175176762273\/?ref=hl","https:\/\/x.com\/LaGuiadPamplona","https:\/\/www.instagram.com\/la_guia_de_pamplona\/","https:\/\/www.youtube.com\/user\/laguiadepamplona"]},{"@type":"Person","@id":"https:\/\/www.laguiadepamplona.com\/actualidad\/#\/schema\/person\/efe887376f0213d4657c93adc50b1fdb","name":"La Gu\u00eda de Pamplona","image":{"@type":"ImageObject","inLanguage":"es","@id":"https:\/\/secure.gravatar.com\/avatar\/b6992f131dc8d30ab0dff15446e9d346d9dbd95992de0fef795073f5ea83a81c?s=96&d=mm&r=g","url":"https:\/\/secure.gravatar.com\/avatar\/b6992f131dc8d30ab0dff15446e9d346d9dbd95992de0fef795073f5ea83a81c?s=96&d=mm&r=g","contentUrl":"https:\/\/secure.gravatar.com\/avatar\/b6992f131dc8d30ab0dff15446e9d346d9dbd95992de0fef795073f5ea83a81c?s=96&d=mm&r=g","caption":"La Gu\u00eda de Pamplona"}}]}},"post_mailing_queue_ids":[],"_links":{"self":[{"href":"https:\/\/www.laguiadepamplona.com\/actualidad\/wp-json\/wp\/v2\/posts\/38086","targetHints":{"allow":["GET"]}}],"collection":[{"href":"https:\/\/www.laguiadepamplona.com\/actualidad\/wp-json\/wp\/v2\/posts"}],"about":[{"href":"https:\/\/www.laguiadepamplona.com\/actualidad\/wp-json\/wp\/v2\/types\/post"}],"author":[{"embeddable":true,"href":"https:\/\/www.laguiadepamplona.com\/actualidad\/wp-json\/wp\/v2\/users\/1"}],"replies":[{"embeddable":true,"href":"https:\/\/www.laguiadepamplona.com\/actualidad\/wp-json\/wp\/v2\/comments?post=38086"}],"version-history":[{"count":0,"href":"https:\/\/www.laguiadepamplona.com\/actualidad\/wp-json\/wp\/v2\/posts\/38086\/revisions"}],"wp:featuredmedia":[{"embeddable":true,"href":"https:\/\/www.laguiadepamplona.com\/actualidad\/wp-json\/wp\/v2\/media\/37964"}],"wp:attachment":[{"href":"https:\/\/www.laguiadepamplona.com\/actualidad\/wp-json\/wp\/v2\/media?parent=38086"}],"wp:term":[{"taxonomy":"category","embeddable":true,"href":"https:\/\/www.laguiadepamplona.com\/actualidad\/wp-json\/wp\/v2\/categories?post=38086"},{"taxonomy":"post_tag","embeddable":true,"href":"https:\/\/www.laguiadepamplona.com\/actualidad\/wp-json\/wp\/v2\/tags?post=38086"}],"curies":[{"name":"wp","href":"https:\/\/api.w.org\/{rel}","templated":true}]}}