{"id":38081,"date":"2021-12-21T14:13:22","date_gmt":"2021-12-21T12:13:22","guid":{"rendered":"https:\/\/www.laguiadepamplona.com\/actualidad\/?p=38081"},"modified":"2023-04-11T11:48:39","modified_gmt":"2023-04-11T09:48:39","slug":"el-tajo-de-rio-intensifica-su-labor-para-limpiar-las-riberas-del-arga-tras-las-inundaciones-del-dia-10","status":"publish","type":"post","link":"https:\/\/www.laguiadepamplona.com\/actualidad\/el-tajo-de-rio-intensifica-su-labor-para-limpiar-las-riberas-del-arga-tras-las-inundaciones-del-dia-10\/","title":{"rendered":"El tajo de r\u00edo intensifica su labor para limpiar las riberas del Arga tras las inundaciones del d\u00eda 10"},"content":{"rendered":"<h5>Doce peones y peonas y tres oficiales retiran de los m\u00e1rgenes del r\u00edo pl\u00e1sticos, deshechos y ramas acumuladas por la \u00faltima crecida<\/h5>\n<p><!--more--><\/p>\n<p>El personal del tajo de Mantenimiento del Parque Fluvial del Ayuntamiento de Pamplona ha reforzado estas semanas el trabajo en las riberas del Arga para retirar, lo antes posible, los restos de basura, pl\u00e1sticos, deshechos y ramas acumulados por la riada del pasado d\u00eda 10. Ese d\u00eda, el caudal del r\u00edo super\u00f3 todos los registros de los \u00faltimos veinte a\u00f1os, superando los 600 m<sup>3 <\/sup>e inundando parte de los barrios de Txantrea, Rochapea, San Jorge y Landaben.<br \/>\n<script async src=\"\/\/pagead2.googlesyndication.com\/pagead\/js\/adsbygoogle.js\"><\/script><br \/>\n<!-- Noticias La Guia de Pamplona --><br \/>\n<ins class=\"adsbygoogle\"\nstyle=\"display:block\"\ndata-ad-client=\"ca-pub-6943679897239327\"\ndata-ad-slot=\"7048180777\"\ndata-ad-format=\"auto\"><\/ins><br \/>\n<script>\n(adsbygoogle = window.adsbygoogle || []).push({});\n<\/script><\/p>\n<p>La fuerza del agua en esta \u00faltima avenida arrastr\u00f3 gran cantidad que troncos y basura, que ahora, una vez que las aguas han bajado, han quedado al descubierto. Un total de 12 personas, junto a tres oficiales, se hacen cargo de las labores de limpieza, organizados en tres equipos. Repartidos a ambas m\u00e1rgenes del r\u00edo, en el t\u00e9rmino municipal de Pamplona, van adecentando el Parque Fluvial.<\/p>\n<p>En total, el tajo asume la limpieza y mantenimiento de 246.130 metros c\u00fabicos, que comprenden las orillas y los parques y paseos anexos al Arga, a lo que se suman 6,5 hect\u00e1reas del Parque de Aranzadi, de las que 4,5 hect\u00e1reas requieren un mantenimiento intensivo.<\/p>\n<p>Tras la riada, se han priorizado las zonas m\u00e1s afectadas, como Aranzadi, San Jorge, Landaben y Miluce, por ejemplo. En un primer momento, se est\u00e1n retirando de las riberas del r\u00edo grandes troncos y broza, as\u00ed como pl\u00e1sticos voluminosos (contenedores, pal\u00e9s, etc). Una vez completada esta labor, en una segunda fase, se centrar\u00e1n en pl\u00e1sticos m\u00e1s peque\u00f1os, en muchos casos enganchados a las ramas de los \u00e1rboles y la vegetaci\u00f3n junto al agua. Los equipos de limpieza trabajan de 8.30 a 14.30 horas para lograr que el paisaje vuelva a la normalidad.<br \/>\n<script async src=\"\/\/pagead2.googlesyndication.com\/pagead\/js\/adsbygoogle.js\"><\/script><br \/>\n<!-- Noticias La Guia de Pamplona --><br \/>\n<ins class=\"adsbygoogle\"\nstyle=\"display:block\"\ndata-ad-client=\"ca-pub-6943679897239327\"\ndata-ad-slot=\"7048180777\"\ndata-ad-format=\"auto\"><\/ins><br \/>\n<script>\n(adsbygoogle = window.adsbygoogle || []).push({});\n<\/script><\/p>\n<p><strong>Empleo social protegido<\/strong><\/p>\n<p>Esta labor supone un trabajo a\u00f1adido sobre la organizaci\u00f3n ordinaria del tajo, que incluye desbroces, siegas, podas de arbustos y arbolado, riego, plantaci\u00f3n y recogida de hojas fundamentalmente, adem\u00e1s de la protecci\u00f3n de \u00e1rboles para evitar que sean ro\u00eddos por castores y la recogida de basura. Igualmente, realizan trabajos de apoyo al vivero municipal de forma estable.<\/p>\n<p>Este tajo, junto con los otros nueve con los que cuenta el Ayuntamiento, est\u00e1 dirigido a personas perceptoras de Renta Garantizada o en riesgo de exclusi\u00f3n social. El Ayuntamiento de Pamplona les ofrece un contrato de trabajo de un a\u00f1o, repartido en periodos de seis meses, por lo que la incorporaci\u00f3n a los tajos tiene lugar a lo largo de todo el ejercicio, combinando personas con experiencia con otras reci\u00e9n llegadas.<\/p>\n<p>Dentro de su estancia en el programa, las personas contratadas realizan un itinerario de formaci\u00f3n y aprendizaje en trabajos de jardiner\u00eda, as\u00ed como de las habilidades laborales b\u00e1sicas, a trav\u00e9s de una pr\u00e1ctica laboral real. De esta forma, se busca aumentar sus posibilidades de acceso al mercado laboral, una vez finalice el a\u00f1o de estancia en el programa.<br \/>\n<script async src=\"\/\/pagead2.googlesyndication.com\/pagead\/js\/adsbygoogle.js\"><\/script><br \/>\n<!-- Noticias La Guia de Pamplona --><br \/>\n<ins class=\"adsbygoogle\"\nstyle=\"display:block\"\ndata-ad-client=\"ca-pub-6943679897239327\"\ndata-ad-slot=\"7048180777\"\ndata-ad-format=\"auto\"><\/ins><br \/>\n<script>\n(adsbygoogle = window.adsbygoogle || []).push({});\n<\/script><\/p>\n<p>El programa de Empleo Social del Ayuntamiento cuenta, en la actualidad, con diez tajos o tipos de trabajo: obras y rehabilitaci\u00f3n de viviendas, soldadura, pintura, limpiezas, confecci\u00f3n, tapicer\u00eda, encuadernaci\u00f3n, comedor social, r\u00edo y jardines, servicios m\u00faltiples en conserjer\u00edas y punto de reparto de alimentos, que dan empleo a alrededor de 80 personas. Se estructuran a trav\u00e9s de nueve encargados y 17 oficiales, que cuentan con el apoyo de dos trabajadoras sociales, un administrativo y una arquitecta t\u00e9cnica. Se trata de un recurso municipal cofinanciado por Gobierno de Navarra y el Fondo Social Europeo.<\/p>\n","protected":false},"excerpt":{"rendered":"<p>Doce peones y peonas y tres oficiales retiran de los m\u00e1rgenes del r\u00edo pl\u00e1sticos, deshechos y ramas acumuladas por la \u00faltima crecida<\/p>\n","protected":false},"author":1,"featured_media":37903,"comment_status":"open","ping_status":"closed","sticky":false,"template":"","format":"standard","meta":{"footnotes":""},"categories":[2],"tags":[],"class_list":["post-38081","post","type-post","status-publish","format-standard","has-post-thumbnail","hentry","category-ayuntamiento-pamplona"],"yoast_head":"<!-- This site is optimized with the Yoast SEO plugin v27.3 - https:\/\/yoast.com\/product\/yoast-seo-wordpress\/ -->\n<title>El tajo de r\u00edo intensifica su labor para limpiar las riberas del Arga tras las inundaciones del d\u00eda 10<\/title>\n<meta name=\"description\" content=\"Doce peones y peonas y tres oficiales retiran de los m\u00e1rgenes del r\u00edo pl\u00e1sticos, deshechos y ramas acumuladas por la \u00faltima crecida\" \/>\n<meta name=\"robots\" content=\"index, follow, max-snippet:-1, max-image-preview:large, max-video-preview:-1\" \/>\n<link rel=\"canonical\" href=\"https:\/\/www.laguiadepamplona.com\/actualidad\/el-tajo-de-rio-intensifica-su-labor-para-limpiar-las-riberas-del-arga-tras-las-inundaciones-del-dia-10\/\" \/>\n<meta property=\"og:locale\" content=\"es_ES\" \/>\n<meta property=\"og:type\" content=\"article\" \/>\n<meta property=\"og:title\" content=\"El tajo de r\u00edo intensifica su labor para limpiar las riberas del Arga tras las inundaciones del d\u00eda 10\" \/>\n<meta property=\"og:description\" content=\"Doce peones y peonas y tres oficiales retiran de los m\u00e1rgenes del r\u00edo pl\u00e1sticos, deshechos y ramas acumuladas por la \u00faltima crecida\" \/>\n<meta property=\"og:url\" content=\"https:\/\/www.laguiadepamplona.com\/actualidad\/el-tajo-de-rio-intensifica-su-labor-para-limpiar-las-riberas-del-arga-tras-las-inundaciones-del-dia-10\/\" \/>\n<meta property=\"og:site_name\" content=\"La Gu\u00eda de Pamplona\" \/>\n<meta property=\"article:publisher\" content=\"https:\/\/www.facebook.com\/laguiadepamplonacom-133175176762273\/?ref=hl\" \/>\n<meta property=\"article:published_time\" content=\"2021-12-21T12:13:22+00:00\" \/>\n<meta property=\"article:modified_time\" content=\"2023-04-11T09:48:39+00:00\" \/>\n<meta property=\"og:image\" content=\"https:\/\/www.laguiadepamplona.com\/actualidad\/wp-content\/uploads\/2021\/12\/INUNDACIONES_EE5A7531.jpg\" \/>\n\t<meta property=\"og:image:width\" content=\"1920\" \/>\n\t<meta property=\"og:image:height\" content=\"1280\" \/>\n\t<meta property=\"og:image:type\" content=\"image\/jpeg\" \/>\n<meta name=\"author\" content=\"La Gu\u00eda de Pamplona\" \/>\n<meta name=\"twitter:card\" content=\"summary_large_image\" \/>\n<meta name=\"twitter:creator\" content=\"@LaGuiadPamplona\" \/>\n<meta name=\"twitter:site\" content=\"@LaGuiadPamplona\" \/>\n<meta name=\"twitter:label1\" content=\"Escrito por\" \/>\n\t<meta name=\"twitter:data1\" content=\"La Gu\u00eda de Pamplona\" \/>\n\t<meta name=\"twitter:label2\" content=\"Tiempo de lectura\" \/>\n\t<meta name=\"twitter:data2\" content=\"3 minutos\" \/>\n<script type=\"application\/ld+json\" class=\"yoast-schema-graph\">{\"@context\":\"https:\\\/\\\/schema.org\",\"@graph\":[{\"@type\":\"Article\",\"@id\":\"https:\\\/\\\/www.laguiadepamplona.com\\\/actualidad\\\/el-tajo-de-rio-intensifica-su-labor-para-limpiar-las-riberas-del-arga-tras-las-inundaciones-del-dia-10\\\/#article\",\"isPartOf\":{\"@id\":\"https:\\\/\\\/www.laguiadepamplona.com\\\/actualidad\\\/el-tajo-de-rio-intensifica-su-labor-para-limpiar-las-riberas-del-arga-tras-las-inundaciones-del-dia-10\\\/\"},\"author\":{\"name\":\"La Gu\u00eda de Pamplona\",\"@id\":\"https:\\\/\\\/www.laguiadepamplona.com\\\/actualidad\\\/#\\\/schema\\\/person\\\/efe887376f0213d4657c93adc50b1fdb\"},\"headline\":\"El tajo de r\u00edo intensifica su labor para limpiar las riberas del Arga tras las inundaciones del d\u00eda 10\",\"datePublished\":\"2021-12-21T12:13:22+00:00\",\"dateModified\":\"2023-04-11T09:48:39+00:00\",\"mainEntityOfPage\":{\"@id\":\"https:\\\/\\\/www.laguiadepamplona.com\\\/actualidad\\\/el-tajo-de-rio-intensifica-su-labor-para-limpiar-las-riberas-del-arga-tras-las-inundaciones-del-dia-10\\\/\"},\"wordCount\":643,\"commentCount\":0,\"publisher\":{\"@id\":\"https:\\\/\\\/www.laguiadepamplona.com\\\/actualidad\\\/#organization\"},\"image\":{\"@id\":\"https:\\\/\\\/www.laguiadepamplona.com\\\/actualidad\\\/el-tajo-de-rio-intensifica-su-labor-para-limpiar-las-riberas-del-arga-tras-las-inundaciones-del-dia-10\\\/#primaryimage\"},\"thumbnailUrl\":\"https:\\\/\\\/www.laguiadepamplona.com\\\/actualidad\\\/wp-content\\\/uploads\\\/2021\\\/12\\\/INUNDACIONES_EE5A7531.jpg\",\"articleSection\":[\"Ayto Pamplona\"],\"inLanguage\":\"es\",\"potentialAction\":[{\"@type\":\"CommentAction\",\"name\":\"Comment\",\"target\":[\"https:\\\/\\\/www.laguiadepamplona.com\\\/actualidad\\\/el-tajo-de-rio-intensifica-su-labor-para-limpiar-las-riberas-del-arga-tras-las-inundaciones-del-dia-10\\\/#respond\"]}]},{\"@type\":\"WebPage\",\"@id\":\"https:\\\/\\\/www.laguiadepamplona.com\\\/actualidad\\\/el-tajo-de-rio-intensifica-su-labor-para-limpiar-las-riberas-del-arga-tras-las-inundaciones-del-dia-10\\\/\",\"url\":\"https:\\\/\\\/www.laguiadepamplona.com\\\/actualidad\\\/el-tajo-de-rio-intensifica-su-labor-para-limpiar-las-riberas-del-arga-tras-las-inundaciones-del-dia-10\\\/\",\"name\":\"El tajo de r\u00edo intensifica su labor para limpiar las riberas del Arga tras las inundaciones del d\u00eda 10\",\"isPartOf\":{\"@id\":\"https:\\\/\\\/www.laguiadepamplona.com\\\/actualidad\\\/#website\"},\"primaryImageOfPage\":{\"@id\":\"https:\\\/\\\/www.laguiadepamplona.com\\\/actualidad\\\/el-tajo-de-rio-intensifica-su-labor-para-limpiar-las-riberas-del-arga-tras-las-inundaciones-del-dia-10\\\/#primaryimage\"},\"image\":{\"@id\":\"https:\\\/\\\/www.laguiadepamplona.com\\\/actualidad\\\/el-tajo-de-rio-intensifica-su-labor-para-limpiar-las-riberas-del-arga-tras-las-inundaciones-del-dia-10\\\/#primaryimage\"},\"thumbnailUrl\":\"https:\\\/\\\/www.laguiadepamplona.com\\\/actualidad\\\/wp-content\\\/uploads\\\/2021\\\/12\\\/INUNDACIONES_EE5A7531.jpg\",\"datePublished\":\"2021-12-21T12:13:22+00:00\",\"dateModified\":\"2023-04-11T09:48:39+00:00\",\"description\":\"Doce peones y peonas y tres oficiales retiran de los m\u00e1rgenes del r\u00edo pl\u00e1sticos, deshechos y ramas acumuladas por la \u00faltima crecida\",\"breadcrumb\":{\"@id\":\"https:\\\/\\\/www.laguiadepamplona.com\\\/actualidad\\\/el-tajo-de-rio-intensifica-su-labor-para-limpiar-las-riberas-del-arga-tras-las-inundaciones-del-dia-10\\\/#breadcrumb\"},\"inLanguage\":\"es\",\"potentialAction\":[{\"@type\":\"ReadAction\",\"target\":[\"https:\\\/\\\/www.laguiadepamplona.com\\\/actualidad\\\/el-tajo-de-rio-intensifica-su-labor-para-limpiar-las-riberas-del-arga-tras-las-inundaciones-del-dia-10\\\/\"]}]},{\"@type\":\"ImageObject\",\"inLanguage\":\"es\",\"@id\":\"https:\\\/\\\/www.laguiadepamplona.com\\\/actualidad\\\/el-tajo-de-rio-intensifica-su-labor-para-limpiar-las-riberas-del-arga-tras-las-inundaciones-del-dia-10\\\/#primaryimage\",\"url\":\"https:\\\/\\\/www.laguiadepamplona.com\\\/actualidad\\\/wp-content\\\/uploads\\\/2021\\\/12\\\/INUNDACIONES_EE5A7531.jpg\",\"contentUrl\":\"https:\\\/\\\/www.laguiadepamplona.com\\\/actualidad\\\/wp-content\\\/uploads\\\/2021\\\/12\\\/INUNDACIONES_EE5A7531.jpg\",\"width\":1920,\"height\":1280},{\"@type\":\"BreadcrumbList\",\"@id\":\"https:\\\/\\\/www.laguiadepamplona.com\\\/actualidad\\\/el-tajo-de-rio-intensifica-su-labor-para-limpiar-las-riberas-del-arga-tras-las-inundaciones-del-dia-10\\\/#breadcrumb\",\"itemListElement\":[{\"@type\":\"ListItem\",\"position\":1,\"name\":\"Portada\",\"item\":\"https:\\\/\\\/www.laguiadepamplona.com\\\/actualidad\\\/\"},{\"@type\":\"ListItem\",\"position\":2,\"name\":\"El tajo de r\u00edo intensifica su labor para limpiar las riberas del Arga tras las inundaciones del d\u00eda 10\"}]},{\"@type\":\"WebSite\",\"@id\":\"https:\\\/\\\/www.laguiadepamplona.com\\\/actualidad\\\/#website\",\"url\":\"https:\\\/\\\/www.laguiadepamplona.com\\\/actualidad\\\/\",\"name\":\"La gu\u00eda de Pamplona\",\"description\":\"Noticias de Pamplona\",\"publisher\":{\"@id\":\"https:\\\/\\\/www.laguiadepamplona.com\\\/actualidad\\\/#organization\"},\"potentialAction\":[{\"@type\":\"SearchAction\",\"target\":{\"@type\":\"EntryPoint\",\"urlTemplate\":\"https:\\\/\\\/www.laguiadepamplona.com\\\/actualidad\\\/?s={search_term_string}\"},\"query-input\":{\"@type\":\"PropertyValueSpecification\",\"valueRequired\":true,\"valueName\":\"search_term_string\"}}],\"inLanguage\":\"es\"},{\"@type\":\"Organization\",\"@id\":\"https:\\\/\\\/www.laguiadepamplona.com\\\/actualidad\\\/#organization\",\"name\":\"La Gu\u00eda de Pamplona \\\/ Noticias\",\"url\":\"https:\\\/\\\/www.laguiadepamplona.com\\\/actualidad\\\/\",\"logo\":{\"@type\":\"ImageObject\",\"inLanguage\":\"es\",\"@id\":\"https:\\\/\\\/www.laguiadepamplona.com\\\/actualidad\\\/#\\\/schema\\\/logo\\\/image\\\/\",\"url\":\"https:\\\/\\\/www.laguiadepamplona.com\\\/actualidad\\\/wp-content\\\/uploads\\\/2018\\\/11\\\/logo-laguiadepamplona18-web1.png\",\"contentUrl\":\"https:\\\/\\\/www.laguiadepamplona.com\\\/actualidad\\\/wp-content\\\/uploads\\\/2018\\\/11\\\/logo-laguiadepamplona18-web1.png\",\"width\":600,\"height\":196,\"caption\":\"La Gu\u00eda de Pamplona \\\/ Noticias\"},\"image\":{\"@id\":\"https:\\\/\\\/www.laguiadepamplona.com\\\/actualidad\\\/#\\\/schema\\\/logo\\\/image\\\/\"},\"sameAs\":[\"https:\\\/\\\/www.facebook.com\\\/laguiadepamplonacom-133175176762273\\\/?ref=hl\",\"https:\\\/\\\/x.com\\\/LaGuiadPamplona\",\"https:\\\/\\\/www.instagram.com\\\/la_guia_de_pamplona\\\/\",\"https:\\\/\\\/www.youtube.com\\\/user\\\/laguiadepamplona\"]},{\"@type\":\"Person\",\"@id\":\"https:\\\/\\\/www.laguiadepamplona.com\\\/actualidad\\\/#\\\/schema\\\/person\\\/efe887376f0213d4657c93adc50b1fdb\",\"name\":\"La Gu\u00eda de Pamplona\",\"image\":{\"@type\":\"ImageObject\",\"inLanguage\":\"es\",\"@id\":\"https:\\\/\\\/secure.gravatar.com\\\/avatar\\\/b6992f131dc8d30ab0dff15446e9d346d9dbd95992de0fef795073f5ea83a81c?s=96&d=mm&r=g\",\"url\":\"https:\\\/\\\/secure.gravatar.com\\\/avatar\\\/b6992f131dc8d30ab0dff15446e9d346d9dbd95992de0fef795073f5ea83a81c?s=96&d=mm&r=g\",\"contentUrl\":\"https:\\\/\\\/secure.gravatar.com\\\/avatar\\\/b6992f131dc8d30ab0dff15446e9d346d9dbd95992de0fef795073f5ea83a81c?s=96&d=mm&r=g\",\"caption\":\"La Gu\u00eda de Pamplona\"}}]}<\/script>\n<!-- \/ Yoast SEO plugin. -->","yoast_head_json":{"title":"El tajo de r\u00edo intensifica su labor para limpiar las riberas del Arga tras las inundaciones del d\u00eda 10","description":"Doce peones y peonas y tres oficiales retiran de los m\u00e1rgenes del r\u00edo pl\u00e1sticos, deshechos y ramas acumuladas por la \u00faltima crecida","robots":{"index":"index","follow":"follow","max-snippet":"max-snippet:-1","max-image-preview":"max-image-preview:large","max-video-preview":"max-video-preview:-1"},"canonical":"https:\/\/www.laguiadepamplona.com\/actualidad\/el-tajo-de-rio-intensifica-su-labor-para-limpiar-las-riberas-del-arga-tras-las-inundaciones-del-dia-10\/","og_locale":"es_ES","og_type":"article","og_title":"El tajo de r\u00edo intensifica su labor para limpiar las riberas del Arga tras las inundaciones del d\u00eda 10","og_description":"Doce peones y peonas y tres oficiales retiran de los m\u00e1rgenes del r\u00edo pl\u00e1sticos, deshechos y ramas acumuladas por la \u00faltima crecida","og_url":"https:\/\/www.laguiadepamplona.com\/actualidad\/el-tajo-de-rio-intensifica-su-labor-para-limpiar-las-riberas-del-arga-tras-las-inundaciones-del-dia-10\/","og_site_name":"La Gu\u00eda de Pamplona","article_publisher":"https:\/\/www.facebook.com\/laguiadepamplonacom-133175176762273\/?ref=hl","article_published_time":"2021-12-21T12:13:22+00:00","article_modified_time":"2023-04-11T09:48:39+00:00","og_image":[{"width":1920,"height":1280,"url":"https:\/\/www.laguiadepamplona.com\/actualidad\/wp-content\/uploads\/2021\/12\/INUNDACIONES_EE5A7531.jpg","type":"image\/jpeg"}],"author":"La Gu\u00eda de Pamplona","twitter_card":"summary_large_image","twitter_creator":"@LaGuiadPamplona","twitter_site":"@LaGuiadPamplona","twitter_misc":{"Escrito por":"La Gu\u00eda de Pamplona","Tiempo de lectura":"3 minutos"},"schema":{"@context":"https:\/\/schema.org","@graph":[{"@type":"Article","@id":"https:\/\/www.laguiadepamplona.com\/actualidad\/el-tajo-de-rio-intensifica-su-labor-para-limpiar-las-riberas-del-arga-tras-las-inundaciones-del-dia-10\/#article","isPartOf":{"@id":"https:\/\/www.laguiadepamplona.com\/actualidad\/el-tajo-de-rio-intensifica-su-labor-para-limpiar-las-riberas-del-arga-tras-las-inundaciones-del-dia-10\/"},"author":{"name":"La Gu\u00eda de Pamplona","@id":"https:\/\/www.laguiadepamplona.com\/actualidad\/#\/schema\/person\/efe887376f0213d4657c93adc50b1fdb"},"headline":"El tajo de r\u00edo intensifica su labor para limpiar las riberas del Arga tras las inundaciones del d\u00eda 10","datePublished":"2021-12-21T12:13:22+00:00","dateModified":"2023-04-11T09:48:39+00:00","mainEntityOfPage":{"@id":"https:\/\/www.laguiadepamplona.com\/actualidad\/el-tajo-de-rio-intensifica-su-labor-para-limpiar-las-riberas-del-arga-tras-las-inundaciones-del-dia-10\/"},"wordCount":643,"commentCount":0,"publisher":{"@id":"https:\/\/www.laguiadepamplona.com\/actualidad\/#organization"},"image":{"@id":"https:\/\/www.laguiadepamplona.com\/actualidad\/el-tajo-de-rio-intensifica-su-labor-para-limpiar-las-riberas-del-arga-tras-las-inundaciones-del-dia-10\/#primaryimage"},"thumbnailUrl":"https:\/\/www.laguiadepamplona.com\/actualidad\/wp-content\/uploads\/2021\/12\/INUNDACIONES_EE5A7531.jpg","articleSection":["Ayto Pamplona"],"inLanguage":"es","potentialAction":[{"@type":"CommentAction","name":"Comment","target":["https:\/\/www.laguiadepamplona.com\/actualidad\/el-tajo-de-rio-intensifica-su-labor-para-limpiar-las-riberas-del-arga-tras-las-inundaciones-del-dia-10\/#respond"]}]},{"@type":"WebPage","@id":"https:\/\/www.laguiadepamplona.com\/actualidad\/el-tajo-de-rio-intensifica-su-labor-para-limpiar-las-riberas-del-arga-tras-las-inundaciones-del-dia-10\/","url":"https:\/\/www.laguiadepamplona.com\/actualidad\/el-tajo-de-rio-intensifica-su-labor-para-limpiar-las-riberas-del-arga-tras-las-inundaciones-del-dia-10\/","name":"El tajo de r\u00edo intensifica su labor para limpiar las riberas del Arga tras las inundaciones del d\u00eda 10","isPartOf":{"@id":"https:\/\/www.laguiadepamplona.com\/actualidad\/#website"},"primaryImageOfPage":{"@id":"https:\/\/www.laguiadepamplona.com\/actualidad\/el-tajo-de-rio-intensifica-su-labor-para-limpiar-las-riberas-del-arga-tras-las-inundaciones-del-dia-10\/#primaryimage"},"image":{"@id":"https:\/\/www.laguiadepamplona.com\/actualidad\/el-tajo-de-rio-intensifica-su-labor-para-limpiar-las-riberas-del-arga-tras-las-inundaciones-del-dia-10\/#primaryimage"},"thumbnailUrl":"https:\/\/www.laguiadepamplona.com\/actualidad\/wp-content\/uploads\/2021\/12\/INUNDACIONES_EE5A7531.jpg","datePublished":"2021-12-21T12:13:22+00:00","dateModified":"2023-04-11T09:48:39+00:00","description":"Doce peones y peonas y tres oficiales retiran de los m\u00e1rgenes del r\u00edo pl\u00e1sticos, deshechos y ramas acumuladas por la \u00faltima crecida","breadcrumb":{"@id":"https:\/\/www.laguiadepamplona.com\/actualidad\/el-tajo-de-rio-intensifica-su-labor-para-limpiar-las-riberas-del-arga-tras-las-inundaciones-del-dia-10\/#breadcrumb"},"inLanguage":"es","potentialAction":[{"@type":"ReadAction","target":["https:\/\/www.laguiadepamplona.com\/actualidad\/el-tajo-de-rio-intensifica-su-labor-para-limpiar-las-riberas-del-arga-tras-las-inundaciones-del-dia-10\/"]}]},{"@type":"ImageObject","inLanguage":"es","@id":"https:\/\/www.laguiadepamplona.com\/actualidad\/el-tajo-de-rio-intensifica-su-labor-para-limpiar-las-riberas-del-arga-tras-las-inundaciones-del-dia-10\/#primaryimage","url":"https:\/\/www.laguiadepamplona.com\/actualidad\/wp-content\/uploads\/2021\/12\/INUNDACIONES_EE5A7531.jpg","contentUrl":"https:\/\/www.laguiadepamplona.com\/actualidad\/wp-content\/uploads\/2021\/12\/INUNDACIONES_EE5A7531.jpg","width":1920,"height":1280},{"@type":"BreadcrumbList","@id":"https:\/\/www.laguiadepamplona.com\/actualidad\/el-tajo-de-rio-intensifica-su-labor-para-limpiar-las-riberas-del-arga-tras-las-inundaciones-del-dia-10\/#breadcrumb","itemListElement":[{"@type":"ListItem","position":1,"name":"Portada","item":"https:\/\/www.laguiadepamplona.com\/actualidad\/"},{"@type":"ListItem","position":2,"name":"El tajo de r\u00edo intensifica su labor para limpiar las riberas del Arga tras las inundaciones del d\u00eda 10"}]},{"@type":"WebSite","@id":"https:\/\/www.laguiadepamplona.com\/actualidad\/#website","url":"https:\/\/www.laguiadepamplona.com\/actualidad\/","name":"La gu\u00eda de Pamplona","description":"Noticias de Pamplona","publisher":{"@id":"https:\/\/www.laguiadepamplona.com\/actualidad\/#organization"},"potentialAction":[{"@type":"SearchAction","target":{"@type":"EntryPoint","urlTemplate":"https:\/\/www.laguiadepamplona.com\/actualidad\/?s={search_term_string}"},"query-input":{"@type":"PropertyValueSpecification","valueRequired":true,"valueName":"search_term_string"}}],"inLanguage":"es"},{"@type":"Organization","@id":"https:\/\/www.laguiadepamplona.com\/actualidad\/#organization","name":"La Gu\u00eda de Pamplona \/ Noticias","url":"https:\/\/www.laguiadepamplona.com\/actualidad\/","logo":{"@type":"ImageObject","inLanguage":"es","@id":"https:\/\/www.laguiadepamplona.com\/actualidad\/#\/schema\/logo\/image\/","url":"https:\/\/www.laguiadepamplona.com\/actualidad\/wp-content\/uploads\/2018\/11\/logo-laguiadepamplona18-web1.png","contentUrl":"https:\/\/www.laguiadepamplona.com\/actualidad\/wp-content\/uploads\/2018\/11\/logo-laguiadepamplona18-web1.png","width":600,"height":196,"caption":"La Gu\u00eda de Pamplona \/ Noticias"},"image":{"@id":"https:\/\/www.laguiadepamplona.com\/actualidad\/#\/schema\/logo\/image\/"},"sameAs":["https:\/\/www.facebook.com\/laguiadepamplonacom-133175176762273\/?ref=hl","https:\/\/x.com\/LaGuiadPamplona","https:\/\/www.instagram.com\/la_guia_de_pamplona\/","https:\/\/www.youtube.com\/user\/laguiadepamplona"]},{"@type":"Person","@id":"https:\/\/www.laguiadepamplona.com\/actualidad\/#\/schema\/person\/efe887376f0213d4657c93adc50b1fdb","name":"La Gu\u00eda de Pamplona","image":{"@type":"ImageObject","inLanguage":"es","@id":"https:\/\/secure.gravatar.com\/avatar\/b6992f131dc8d30ab0dff15446e9d346d9dbd95992de0fef795073f5ea83a81c?s=96&d=mm&r=g","url":"https:\/\/secure.gravatar.com\/avatar\/b6992f131dc8d30ab0dff15446e9d346d9dbd95992de0fef795073f5ea83a81c?s=96&d=mm&r=g","contentUrl":"https:\/\/secure.gravatar.com\/avatar\/b6992f131dc8d30ab0dff15446e9d346d9dbd95992de0fef795073f5ea83a81c?s=96&d=mm&r=g","caption":"La Gu\u00eda de Pamplona"}}]}},"post_mailing_queue_ids":[],"_links":{"self":[{"href":"https:\/\/www.laguiadepamplona.com\/actualidad\/wp-json\/wp\/v2\/posts\/38081","targetHints":{"allow":["GET"]}}],"collection":[{"href":"https:\/\/www.laguiadepamplona.com\/actualidad\/wp-json\/wp\/v2\/posts"}],"about":[{"href":"https:\/\/www.laguiadepamplona.com\/actualidad\/wp-json\/wp\/v2\/types\/post"}],"author":[{"embeddable":true,"href":"https:\/\/www.laguiadepamplona.com\/actualidad\/wp-json\/wp\/v2\/users\/1"}],"replies":[{"embeddable":true,"href":"https:\/\/www.laguiadepamplona.com\/actualidad\/wp-json\/wp\/v2\/comments?post=38081"}],"version-history":[{"count":0,"href":"https:\/\/www.laguiadepamplona.com\/actualidad\/wp-json\/wp\/v2\/posts\/38081\/revisions"}],"wp:featuredmedia":[{"embeddable":true,"href":"https:\/\/www.laguiadepamplona.com\/actualidad\/wp-json\/wp\/v2\/media\/37903"}],"wp:attachment":[{"href":"https:\/\/www.laguiadepamplona.com\/actualidad\/wp-json\/wp\/v2\/media?parent=38081"}],"wp:term":[{"taxonomy":"category","embeddable":true,"href":"https:\/\/www.laguiadepamplona.com\/actualidad\/wp-json\/wp\/v2\/categories?post=38081"},{"taxonomy":"post_tag","embeddable":true,"href":"https:\/\/www.laguiadepamplona.com\/actualidad\/wp-json\/wp\/v2\/tags?post=38081"}],"curies":[{"name":"wp","href":"https:\/\/api.w.org\/{rel}","templated":true}]}}