{"id":38078,"date":"2021-12-21T14:12:03","date_gmt":"2021-12-21T12:12:03","guid":{"rendered":"https:\/\/www.laguiadepamplona.com\/actualidad\/?p=38078"},"modified":"2023-04-11T11:48:39","modified_gmt":"2023-04-11T09:48:39","slug":"12-mujeres-terminan-su-formacion-dentro-de-un-programa-de-mentoring-para-la-insercion-laboral-destinado-a-usuarias-de-los-servicios-sociales-municipales","status":"publish","type":"post","link":"https:\/\/www.laguiadepamplona.com\/actualidad\/12-mujeres-terminan-su-formacion-dentro-de-un-programa-de-mentoring-para-la-insercion-laboral-destinado-a-usuarias-de-los-servicios-sociales-municipales\/","title":{"rendered":"12 mujeres terminan su formaci\u00f3n dentro de un programa de mentoring para la inserci\u00f3n laboral destinado a usuarias de los servicios sociales municipales"},"content":{"rendered":"<h5>El \u00edndice medio de inserci\u00f3n de esta iniciativa de Consistorio, AMEDNA y CaixaBank y ha sido del 60% en los \u00faltimos 4 a\u00f1os<\/h5>\n<p><!--more--><\/p>\n<p>Una edici\u00f3n m\u00e1s, 12 mujeres usuarias de programas del \u00c1rea de Servicios Sociales del Ayuntamiento de Pamplona han recibido esta ma\u00f1ana sus diplomas por la participaci\u00f3n en el programa de mentoring para la inserci\u00f3n laboral en el que, desde hace a\u00f1os, colaboran Consistorio, Asociaci\u00f3n de Mujeres Directivas y Empresarias de Navarra (AMEDNA) y Caixabank. Este programa, que cumple su novena edici\u00f3n, est\u00e1 dirigido a mujeres con dificultades de incorporaci\u00f3n laboral y desde el mismo se trabajan las competencias, la autoestima y herramientas para retomar el contacto con el mundo laboral. En los \u00faltimos 4 a\u00f1os en \u00edndice de inserci\u00f3n se ha situado en un 60% de las participantes.<br \/>\n<script async src=\"\/\/pagead2.googlesyndication.com\/pagead\/js\/adsbygoogle.js\"><\/script><br \/>\n<!-- Noticias La Guia de Pamplona --><br \/>\n<ins class=\"adsbygoogle\"\nstyle=\"display:block\"\ndata-ad-client=\"ca-pub-6943679897239327\"\ndata-ad-slot=\"7048180777\"\ndata-ad-format=\"auto\"><\/ins><br \/>\n<script>\n(adsbygoogle = window.adsbygoogle || []).push({});\n<\/script><\/p>\n<p>De la entrega de acreditaciones se han encargado la concejala delegada del \u00c1rea de Servicios Sociales, Acci\u00f3n Comunitaria y Deporte del Ayuntamiento de Pamplona, Mar\u00eda Caballero; la presidenta de AMEDNA, Cristina Sotro y la directora territorial Ebro de CaixaBank, Isabel Moreno. Este proyecto, galardonado como buena pr\u00e1ctica, quiere ser una formula innovadora para la inserci\u00f3n laboral y se enfoca con perspectiva de g\u00e9nero teniendo en cuenta la situaci\u00f3n profesional y la adquisici\u00f3n de competencias y capacidades de las mujeres participantes, as\u00ed como tambi\u00e9n las barreras limitantes y el empoderamiento personal. A partir del 2019 aumenta significativamente el n\u00famero de proyectos de autoempleo de las mujeres participantes (en el 2020 supusieron casi un 30%)<\/p>\n<p>Este programa en colaboraci\u00f3n se inici\u00f3 en el a\u00f1o 2013. En esta edici\u00f3n ha tenido tres fases diferenciadas. En la primera, de formaci\u00f3n propiamente dicha las alumnas se inician en el autoconocimiento (realizan un an\u00e1lisis DAFO personal) y trabajan lo relativo a autoestima y automotivaci\u00f3n, objetivo profesional, mercado laboral, capacidades profesionales de valor en entornos din\u00e1micos, globales y de incertidumbre. En la segunda fase se comienzan a desarrollar sesiones grupales e individuales de coaching para, en una tercera fase, realizar mentor\u00edas con las participantes. Todas las mentoras son mujeres empresarias y directivas de AMEDNA. En este a\u00f1o dentro del programa tambi\u00e9n se han realizado dos sesiones de formaci\u00f3n en tecnolog\u00eda aplicada especialmente al uso de dispositivos para la realizaci\u00f3n de entrevistas y reuniones en l\u00ednea.<br \/>\n<script async src=\"\/\/pagead2.googlesyndication.com\/pagead\/js\/adsbygoogle.js\"><\/script><br \/>\n<!-- Noticias La Guia de Pamplona --><br \/>\n<ins class=\"adsbygoogle\"\nstyle=\"display:block\"\ndata-ad-client=\"ca-pub-6943679897239327\"\ndata-ad-slot=\"7048180777\"\ndata-ad-format=\"auto\"><\/ins><br \/>\n<script>\n(adsbygoogle = window.adsbygoogle || []).push({});\n<\/script><\/p>\n<p>En el acto de entrega de diplomas se ha querido hacer tambi\u00e9n un reconocimiento a las mentoras participantes: Mar\u00eda Jos\u00e9 Blasco, Francisca Fern\u00e1ndez, Mayalen Itoiz, Maite Lainez, Sara Larripa, Myriam Larumbe, Laura Molinero, Puy Monle\u00f3n, Maite Ruiz Aquerreta, Ainhoa Urretagoiena, M\u00aa Victoria Vidaurre y Silvia Zubeld\u00eda.<\/p>\n","protected":false},"excerpt":{"rendered":"<p>El \u00edndice medio de inserci\u00f3n de esta iniciativa de Consistorio, AMEDNA y CaixaBank y ha sido del 60% en los \u00faltimos 4 a\u00f1os<\/p>\n","protected":false},"author":1,"featured_media":38079,"comment_status":"open","ping_status":"closed","sticky":false,"template":"","format":"standard","meta":{"footnotes":""},"categories":[2],"tags":[],"class_list":["post-38078","post","type-post","status-publish","format-standard","has-post-thumbnail","hentry","category-ayuntamiento-pamplona"],"yoast_head":"<!-- This site is optimized with the Yoast SEO plugin v27.3 - https:\/\/yoast.com\/product\/yoast-seo-wordpress\/ -->\n<title>12 mujeres terminan su formaci\u00f3n dentro de un programa de mentoring para la inserci\u00f3n laboral destinado a usuarias de los servicios sociales municipales<\/title>\n<meta name=\"description\" content=\"El \u00edndice medio de inserci\u00f3n de esta iniciativa de Consistorio, AMEDNA y CaixaBank y ha sido del 60% en los \u00faltimos 4 a\u00f1os\" \/>\n<meta name=\"robots\" content=\"index, follow, max-snippet:-1, max-image-preview:large, max-video-preview:-1\" \/>\n<link rel=\"canonical\" href=\"https:\/\/www.laguiadepamplona.com\/actualidad\/12-mujeres-terminan-su-formacion-dentro-de-un-programa-de-mentoring-para-la-insercion-laboral-destinado-a-usuarias-de-los-servicios-sociales-municipales\/\" \/>\n<meta property=\"og:locale\" content=\"es_ES\" \/>\n<meta property=\"og:type\" content=\"article\" \/>\n<meta property=\"og:title\" content=\"12 mujeres terminan su formaci\u00f3n dentro de un programa de mentoring para la inserci\u00f3n laboral destinado a usuarias de los servicios sociales municipales\" \/>\n<meta property=\"og:description\" content=\"El \u00edndice medio de inserci\u00f3n de esta iniciativa de Consistorio, AMEDNA y CaixaBank y ha sido del 60% en los \u00faltimos 4 a\u00f1os\" \/>\n<meta property=\"og:url\" content=\"https:\/\/www.laguiadepamplona.com\/actualidad\/12-mujeres-terminan-su-formacion-dentro-de-un-programa-de-mentoring-para-la-insercion-laboral-destinado-a-usuarias-de-los-servicios-sociales-municipales\/\" \/>\n<meta property=\"og:site_name\" content=\"La Gu\u00eda de Pamplona\" \/>\n<meta property=\"article:publisher\" content=\"https:\/\/www.facebook.com\/laguiadepamplonacom-133175176762273\/?ref=hl\" \/>\n<meta property=\"article:published_time\" content=\"2021-12-21T12:12:03+00:00\" \/>\n<meta property=\"article:modified_time\" content=\"2023-04-11T09:48:39+00:00\" \/>\n<meta property=\"og:image\" content=\"https:\/\/www.laguiadepamplona.com\/actualidad\/wp-content\/uploads\/2021\/12\/amednacaixabankee5a8754_0.jpg\" \/>\n\t<meta property=\"og:image:width\" content=\"1920\" \/>\n\t<meta property=\"og:image:height\" content=\"1280\" \/>\n\t<meta property=\"og:image:type\" content=\"image\/jpeg\" \/>\n<meta name=\"author\" content=\"La Gu\u00eda de Pamplona\" \/>\n<meta name=\"twitter:card\" content=\"summary_large_image\" \/>\n<meta name=\"twitter:creator\" content=\"@LaGuiadPamplona\" \/>\n<meta name=\"twitter:site\" content=\"@LaGuiadPamplona\" \/>\n<meta name=\"twitter:label1\" content=\"Escrito por\" \/>\n\t<meta name=\"twitter:data1\" content=\"La Gu\u00eda de Pamplona\" \/>\n\t<meta name=\"twitter:label2\" content=\"Tiempo de lectura\" \/>\n\t<meta name=\"twitter:data2\" content=\"2 minutos\" \/>\n<script type=\"application\/ld+json\" class=\"yoast-schema-graph\">{\"@context\":\"https:\\\/\\\/schema.org\",\"@graph\":[{\"@type\":\"Article\",\"@id\":\"https:\\\/\\\/www.laguiadepamplona.com\\\/actualidad\\\/12-mujeres-terminan-su-formacion-dentro-de-un-programa-de-mentoring-para-la-insercion-laboral-destinado-a-usuarias-de-los-servicios-sociales-municipales\\\/#article\",\"isPartOf\":{\"@id\":\"https:\\\/\\\/www.laguiadepamplona.com\\\/actualidad\\\/12-mujeres-terminan-su-formacion-dentro-de-un-programa-de-mentoring-para-la-insercion-laboral-destinado-a-usuarias-de-los-servicios-sociales-municipales\\\/\"},\"author\":{\"name\":\"La Gu\u00eda de Pamplona\",\"@id\":\"https:\\\/\\\/www.laguiadepamplona.com\\\/actualidad\\\/#\\\/schema\\\/person\\\/efe887376f0213d4657c93adc50b1fdb\"},\"headline\":\"12 mujeres terminan su formaci\u00f3n dentro de un programa de mentoring para la inserci\u00f3n laboral destinado a usuarias de los servicios sociales municipales\",\"datePublished\":\"2021-12-21T12:12:03+00:00\",\"dateModified\":\"2023-04-11T09:48:39+00:00\",\"mainEntityOfPage\":{\"@id\":\"https:\\\/\\\/www.laguiadepamplona.com\\\/actualidad\\\/12-mujeres-terminan-su-formacion-dentro-de-un-programa-de-mentoring-para-la-insercion-laboral-destinado-a-usuarias-de-los-servicios-sociales-municipales\\\/\"},\"wordCount\":471,\"commentCount\":0,\"publisher\":{\"@id\":\"https:\\\/\\\/www.laguiadepamplona.com\\\/actualidad\\\/#organization\"},\"image\":{\"@id\":\"https:\\\/\\\/www.laguiadepamplona.com\\\/actualidad\\\/12-mujeres-terminan-su-formacion-dentro-de-un-programa-de-mentoring-para-la-insercion-laboral-destinado-a-usuarias-de-los-servicios-sociales-municipales\\\/#primaryimage\"},\"thumbnailUrl\":\"https:\\\/\\\/www.laguiadepamplona.com\\\/actualidad\\\/wp-content\\\/uploads\\\/2021\\\/12\\\/amednacaixabankee5a8754_0.jpg\",\"articleSection\":[\"Ayto Pamplona\"],\"inLanguage\":\"es\",\"potentialAction\":[{\"@type\":\"CommentAction\",\"name\":\"Comment\",\"target\":[\"https:\\\/\\\/www.laguiadepamplona.com\\\/actualidad\\\/12-mujeres-terminan-su-formacion-dentro-de-un-programa-de-mentoring-para-la-insercion-laboral-destinado-a-usuarias-de-los-servicios-sociales-municipales\\\/#respond\"]}]},{\"@type\":\"WebPage\",\"@id\":\"https:\\\/\\\/www.laguiadepamplona.com\\\/actualidad\\\/12-mujeres-terminan-su-formacion-dentro-de-un-programa-de-mentoring-para-la-insercion-laboral-destinado-a-usuarias-de-los-servicios-sociales-municipales\\\/\",\"url\":\"https:\\\/\\\/www.laguiadepamplona.com\\\/actualidad\\\/12-mujeres-terminan-su-formacion-dentro-de-un-programa-de-mentoring-para-la-insercion-laboral-destinado-a-usuarias-de-los-servicios-sociales-municipales\\\/\",\"name\":\"12 mujeres terminan su formaci\u00f3n dentro de un programa de mentoring para la inserci\u00f3n laboral destinado a usuarias de los servicios sociales municipales\",\"isPartOf\":{\"@id\":\"https:\\\/\\\/www.laguiadepamplona.com\\\/actualidad\\\/#website\"},\"primaryImageOfPage\":{\"@id\":\"https:\\\/\\\/www.laguiadepamplona.com\\\/actualidad\\\/12-mujeres-terminan-su-formacion-dentro-de-un-programa-de-mentoring-para-la-insercion-laboral-destinado-a-usuarias-de-los-servicios-sociales-municipales\\\/#primaryimage\"},\"image\":{\"@id\":\"https:\\\/\\\/www.laguiadepamplona.com\\\/actualidad\\\/12-mujeres-terminan-su-formacion-dentro-de-un-programa-de-mentoring-para-la-insercion-laboral-destinado-a-usuarias-de-los-servicios-sociales-municipales\\\/#primaryimage\"},\"thumbnailUrl\":\"https:\\\/\\\/www.laguiadepamplona.com\\\/actualidad\\\/wp-content\\\/uploads\\\/2021\\\/12\\\/amednacaixabankee5a8754_0.jpg\",\"datePublished\":\"2021-12-21T12:12:03+00:00\",\"dateModified\":\"2023-04-11T09:48:39+00:00\",\"description\":\"El \u00edndice medio de inserci\u00f3n de esta iniciativa de Consistorio, AMEDNA y CaixaBank y ha sido del 60% en los \u00faltimos 4 a\u00f1os\",\"breadcrumb\":{\"@id\":\"https:\\\/\\\/www.laguiadepamplona.com\\\/actualidad\\\/12-mujeres-terminan-su-formacion-dentro-de-un-programa-de-mentoring-para-la-insercion-laboral-destinado-a-usuarias-de-los-servicios-sociales-municipales\\\/#breadcrumb\"},\"inLanguage\":\"es\",\"potentialAction\":[{\"@type\":\"ReadAction\",\"target\":[\"https:\\\/\\\/www.laguiadepamplona.com\\\/actualidad\\\/12-mujeres-terminan-su-formacion-dentro-de-un-programa-de-mentoring-para-la-insercion-laboral-destinado-a-usuarias-de-los-servicios-sociales-municipales\\\/\"]}]},{\"@type\":\"ImageObject\",\"inLanguage\":\"es\",\"@id\":\"https:\\\/\\\/www.laguiadepamplona.com\\\/actualidad\\\/12-mujeres-terminan-su-formacion-dentro-de-un-programa-de-mentoring-para-la-insercion-laboral-destinado-a-usuarias-de-los-servicios-sociales-municipales\\\/#primaryimage\",\"url\":\"https:\\\/\\\/www.laguiadepamplona.com\\\/actualidad\\\/wp-content\\\/uploads\\\/2021\\\/12\\\/amednacaixabankee5a8754_0.jpg\",\"contentUrl\":\"https:\\\/\\\/www.laguiadepamplona.com\\\/actualidad\\\/wp-content\\\/uploads\\\/2021\\\/12\\\/amednacaixabankee5a8754_0.jpg\",\"width\":1920,\"height\":1280},{\"@type\":\"BreadcrumbList\",\"@id\":\"https:\\\/\\\/www.laguiadepamplona.com\\\/actualidad\\\/12-mujeres-terminan-su-formacion-dentro-de-un-programa-de-mentoring-para-la-insercion-laboral-destinado-a-usuarias-de-los-servicios-sociales-municipales\\\/#breadcrumb\",\"itemListElement\":[{\"@type\":\"ListItem\",\"position\":1,\"name\":\"Portada\",\"item\":\"https:\\\/\\\/www.laguiadepamplona.com\\\/actualidad\\\/\"},{\"@type\":\"ListItem\",\"position\":2,\"name\":\"12 mujeres terminan su formaci\u00f3n dentro de un programa de mentoring para la inserci\u00f3n laboral destinado a usuarias de los servicios sociales municipales\"}]},{\"@type\":\"WebSite\",\"@id\":\"https:\\\/\\\/www.laguiadepamplona.com\\\/actualidad\\\/#website\",\"url\":\"https:\\\/\\\/www.laguiadepamplona.com\\\/actualidad\\\/\",\"name\":\"La gu\u00eda de Pamplona\",\"description\":\"Noticias de Pamplona\",\"publisher\":{\"@id\":\"https:\\\/\\\/www.laguiadepamplona.com\\\/actualidad\\\/#organization\"},\"potentialAction\":[{\"@type\":\"SearchAction\",\"target\":{\"@type\":\"EntryPoint\",\"urlTemplate\":\"https:\\\/\\\/www.laguiadepamplona.com\\\/actualidad\\\/?s={search_term_string}\"},\"query-input\":{\"@type\":\"PropertyValueSpecification\",\"valueRequired\":true,\"valueName\":\"search_term_string\"}}],\"inLanguage\":\"es\"},{\"@type\":\"Organization\",\"@id\":\"https:\\\/\\\/www.laguiadepamplona.com\\\/actualidad\\\/#organization\",\"name\":\"La Gu\u00eda de Pamplona \\\/ Noticias\",\"url\":\"https:\\\/\\\/www.laguiadepamplona.com\\\/actualidad\\\/\",\"logo\":{\"@type\":\"ImageObject\",\"inLanguage\":\"es\",\"@id\":\"https:\\\/\\\/www.laguiadepamplona.com\\\/actualidad\\\/#\\\/schema\\\/logo\\\/image\\\/\",\"url\":\"https:\\\/\\\/www.laguiadepamplona.com\\\/actualidad\\\/wp-content\\\/uploads\\\/2018\\\/11\\\/logo-laguiadepamplona18-web1.png\",\"contentUrl\":\"https:\\\/\\\/www.laguiadepamplona.com\\\/actualidad\\\/wp-content\\\/uploads\\\/2018\\\/11\\\/logo-laguiadepamplona18-web1.png\",\"width\":600,\"height\":196,\"caption\":\"La Gu\u00eda de Pamplona \\\/ Noticias\"},\"image\":{\"@id\":\"https:\\\/\\\/www.laguiadepamplona.com\\\/actualidad\\\/#\\\/schema\\\/logo\\\/image\\\/\"},\"sameAs\":[\"https:\\\/\\\/www.facebook.com\\\/laguiadepamplonacom-133175176762273\\\/?ref=hl\",\"https:\\\/\\\/x.com\\\/LaGuiadPamplona\",\"https:\\\/\\\/www.instagram.com\\\/la_guia_de_pamplona\\\/\",\"https:\\\/\\\/www.youtube.com\\\/user\\\/laguiadepamplona\"]},{\"@type\":\"Person\",\"@id\":\"https:\\\/\\\/www.laguiadepamplona.com\\\/actualidad\\\/#\\\/schema\\\/person\\\/efe887376f0213d4657c93adc50b1fdb\",\"name\":\"La Gu\u00eda de Pamplona\",\"image\":{\"@type\":\"ImageObject\",\"inLanguage\":\"es\",\"@id\":\"https:\\\/\\\/secure.gravatar.com\\\/avatar\\\/b6992f131dc8d30ab0dff15446e9d346d9dbd95992de0fef795073f5ea83a81c?s=96&d=mm&r=g\",\"url\":\"https:\\\/\\\/secure.gravatar.com\\\/avatar\\\/b6992f131dc8d30ab0dff15446e9d346d9dbd95992de0fef795073f5ea83a81c?s=96&d=mm&r=g\",\"contentUrl\":\"https:\\\/\\\/secure.gravatar.com\\\/avatar\\\/b6992f131dc8d30ab0dff15446e9d346d9dbd95992de0fef795073f5ea83a81c?s=96&d=mm&r=g\",\"caption\":\"La Gu\u00eda de Pamplona\"}}]}<\/script>\n<!-- \/ Yoast SEO plugin. -->","yoast_head_json":{"title":"12 mujeres terminan su formaci\u00f3n dentro de un programa de mentoring para la inserci\u00f3n laboral destinado a usuarias de los servicios sociales municipales","description":"El \u00edndice medio de inserci\u00f3n de esta iniciativa de Consistorio, AMEDNA y CaixaBank y ha sido del 60% en los \u00faltimos 4 a\u00f1os","robots":{"index":"index","follow":"follow","max-snippet":"max-snippet:-1","max-image-preview":"max-image-preview:large","max-video-preview":"max-video-preview:-1"},"canonical":"https:\/\/www.laguiadepamplona.com\/actualidad\/12-mujeres-terminan-su-formacion-dentro-de-un-programa-de-mentoring-para-la-insercion-laboral-destinado-a-usuarias-de-los-servicios-sociales-municipales\/","og_locale":"es_ES","og_type":"article","og_title":"12 mujeres terminan su formaci\u00f3n dentro de un programa de mentoring para la inserci\u00f3n laboral destinado a usuarias de los servicios sociales municipales","og_description":"El \u00edndice medio de inserci\u00f3n de esta iniciativa de Consistorio, AMEDNA y CaixaBank y ha sido del 60% en los \u00faltimos 4 a\u00f1os","og_url":"https:\/\/www.laguiadepamplona.com\/actualidad\/12-mujeres-terminan-su-formacion-dentro-de-un-programa-de-mentoring-para-la-insercion-laboral-destinado-a-usuarias-de-los-servicios-sociales-municipales\/","og_site_name":"La Gu\u00eda de Pamplona","article_publisher":"https:\/\/www.facebook.com\/laguiadepamplonacom-133175176762273\/?ref=hl","article_published_time":"2021-12-21T12:12:03+00:00","article_modified_time":"2023-04-11T09:48:39+00:00","og_image":[{"width":1920,"height":1280,"url":"https:\/\/www.laguiadepamplona.com\/actualidad\/wp-content\/uploads\/2021\/12\/amednacaixabankee5a8754_0.jpg","type":"image\/jpeg"}],"author":"La Gu\u00eda de Pamplona","twitter_card":"summary_large_image","twitter_creator":"@LaGuiadPamplona","twitter_site":"@LaGuiadPamplona","twitter_misc":{"Escrito por":"La Gu\u00eda de Pamplona","Tiempo de lectura":"2 minutos"},"schema":{"@context":"https:\/\/schema.org","@graph":[{"@type":"Article","@id":"https:\/\/www.laguiadepamplona.com\/actualidad\/12-mujeres-terminan-su-formacion-dentro-de-un-programa-de-mentoring-para-la-insercion-laboral-destinado-a-usuarias-de-los-servicios-sociales-municipales\/#article","isPartOf":{"@id":"https:\/\/www.laguiadepamplona.com\/actualidad\/12-mujeres-terminan-su-formacion-dentro-de-un-programa-de-mentoring-para-la-insercion-laboral-destinado-a-usuarias-de-los-servicios-sociales-municipales\/"},"author":{"name":"La Gu\u00eda de Pamplona","@id":"https:\/\/www.laguiadepamplona.com\/actualidad\/#\/schema\/person\/efe887376f0213d4657c93adc50b1fdb"},"headline":"12 mujeres terminan su formaci\u00f3n dentro de un programa de mentoring para la inserci\u00f3n laboral destinado a usuarias de los servicios sociales municipales","datePublished":"2021-12-21T12:12:03+00:00","dateModified":"2023-04-11T09:48:39+00:00","mainEntityOfPage":{"@id":"https:\/\/www.laguiadepamplona.com\/actualidad\/12-mujeres-terminan-su-formacion-dentro-de-un-programa-de-mentoring-para-la-insercion-laboral-destinado-a-usuarias-de-los-servicios-sociales-municipales\/"},"wordCount":471,"commentCount":0,"publisher":{"@id":"https:\/\/www.laguiadepamplona.com\/actualidad\/#organization"},"image":{"@id":"https:\/\/www.laguiadepamplona.com\/actualidad\/12-mujeres-terminan-su-formacion-dentro-de-un-programa-de-mentoring-para-la-insercion-laboral-destinado-a-usuarias-de-los-servicios-sociales-municipales\/#primaryimage"},"thumbnailUrl":"https:\/\/www.laguiadepamplona.com\/actualidad\/wp-content\/uploads\/2021\/12\/amednacaixabankee5a8754_0.jpg","articleSection":["Ayto Pamplona"],"inLanguage":"es","potentialAction":[{"@type":"CommentAction","name":"Comment","target":["https:\/\/www.laguiadepamplona.com\/actualidad\/12-mujeres-terminan-su-formacion-dentro-de-un-programa-de-mentoring-para-la-insercion-laboral-destinado-a-usuarias-de-los-servicios-sociales-municipales\/#respond"]}]},{"@type":"WebPage","@id":"https:\/\/www.laguiadepamplona.com\/actualidad\/12-mujeres-terminan-su-formacion-dentro-de-un-programa-de-mentoring-para-la-insercion-laboral-destinado-a-usuarias-de-los-servicios-sociales-municipales\/","url":"https:\/\/www.laguiadepamplona.com\/actualidad\/12-mujeres-terminan-su-formacion-dentro-de-un-programa-de-mentoring-para-la-insercion-laboral-destinado-a-usuarias-de-los-servicios-sociales-municipales\/","name":"12 mujeres terminan su formaci\u00f3n dentro de un programa de mentoring para la inserci\u00f3n laboral destinado a usuarias de los servicios sociales municipales","isPartOf":{"@id":"https:\/\/www.laguiadepamplona.com\/actualidad\/#website"},"primaryImageOfPage":{"@id":"https:\/\/www.laguiadepamplona.com\/actualidad\/12-mujeres-terminan-su-formacion-dentro-de-un-programa-de-mentoring-para-la-insercion-laboral-destinado-a-usuarias-de-los-servicios-sociales-municipales\/#primaryimage"},"image":{"@id":"https:\/\/www.laguiadepamplona.com\/actualidad\/12-mujeres-terminan-su-formacion-dentro-de-un-programa-de-mentoring-para-la-insercion-laboral-destinado-a-usuarias-de-los-servicios-sociales-municipales\/#primaryimage"},"thumbnailUrl":"https:\/\/www.laguiadepamplona.com\/actualidad\/wp-content\/uploads\/2021\/12\/amednacaixabankee5a8754_0.jpg","datePublished":"2021-12-21T12:12:03+00:00","dateModified":"2023-04-11T09:48:39+00:00","description":"El \u00edndice medio de inserci\u00f3n de esta iniciativa de Consistorio, AMEDNA y CaixaBank y ha sido del 60% en los \u00faltimos 4 a\u00f1os","breadcrumb":{"@id":"https:\/\/www.laguiadepamplona.com\/actualidad\/12-mujeres-terminan-su-formacion-dentro-de-un-programa-de-mentoring-para-la-insercion-laboral-destinado-a-usuarias-de-los-servicios-sociales-municipales\/#breadcrumb"},"inLanguage":"es","potentialAction":[{"@type":"ReadAction","target":["https:\/\/www.laguiadepamplona.com\/actualidad\/12-mujeres-terminan-su-formacion-dentro-de-un-programa-de-mentoring-para-la-insercion-laboral-destinado-a-usuarias-de-los-servicios-sociales-municipales\/"]}]},{"@type":"ImageObject","inLanguage":"es","@id":"https:\/\/www.laguiadepamplona.com\/actualidad\/12-mujeres-terminan-su-formacion-dentro-de-un-programa-de-mentoring-para-la-insercion-laboral-destinado-a-usuarias-de-los-servicios-sociales-municipales\/#primaryimage","url":"https:\/\/www.laguiadepamplona.com\/actualidad\/wp-content\/uploads\/2021\/12\/amednacaixabankee5a8754_0.jpg","contentUrl":"https:\/\/www.laguiadepamplona.com\/actualidad\/wp-content\/uploads\/2021\/12\/amednacaixabankee5a8754_0.jpg","width":1920,"height":1280},{"@type":"BreadcrumbList","@id":"https:\/\/www.laguiadepamplona.com\/actualidad\/12-mujeres-terminan-su-formacion-dentro-de-un-programa-de-mentoring-para-la-insercion-laboral-destinado-a-usuarias-de-los-servicios-sociales-municipales\/#breadcrumb","itemListElement":[{"@type":"ListItem","position":1,"name":"Portada","item":"https:\/\/www.laguiadepamplona.com\/actualidad\/"},{"@type":"ListItem","position":2,"name":"12 mujeres terminan su formaci\u00f3n dentro de un programa de mentoring para la inserci\u00f3n laboral destinado a usuarias de los servicios sociales municipales"}]},{"@type":"WebSite","@id":"https:\/\/www.laguiadepamplona.com\/actualidad\/#website","url":"https:\/\/www.laguiadepamplona.com\/actualidad\/","name":"La gu\u00eda de Pamplona","description":"Noticias de Pamplona","publisher":{"@id":"https:\/\/www.laguiadepamplona.com\/actualidad\/#organization"},"potentialAction":[{"@type":"SearchAction","target":{"@type":"EntryPoint","urlTemplate":"https:\/\/www.laguiadepamplona.com\/actualidad\/?s={search_term_string}"},"query-input":{"@type":"PropertyValueSpecification","valueRequired":true,"valueName":"search_term_string"}}],"inLanguage":"es"},{"@type":"Organization","@id":"https:\/\/www.laguiadepamplona.com\/actualidad\/#organization","name":"La Gu\u00eda de Pamplona \/ Noticias","url":"https:\/\/www.laguiadepamplona.com\/actualidad\/","logo":{"@type":"ImageObject","inLanguage":"es","@id":"https:\/\/www.laguiadepamplona.com\/actualidad\/#\/schema\/logo\/image\/","url":"https:\/\/www.laguiadepamplona.com\/actualidad\/wp-content\/uploads\/2018\/11\/logo-laguiadepamplona18-web1.png","contentUrl":"https:\/\/www.laguiadepamplona.com\/actualidad\/wp-content\/uploads\/2018\/11\/logo-laguiadepamplona18-web1.png","width":600,"height":196,"caption":"La Gu\u00eda de Pamplona \/ Noticias"},"image":{"@id":"https:\/\/www.laguiadepamplona.com\/actualidad\/#\/schema\/logo\/image\/"},"sameAs":["https:\/\/www.facebook.com\/laguiadepamplonacom-133175176762273\/?ref=hl","https:\/\/x.com\/LaGuiadPamplona","https:\/\/www.instagram.com\/la_guia_de_pamplona\/","https:\/\/www.youtube.com\/user\/laguiadepamplona"]},{"@type":"Person","@id":"https:\/\/www.laguiadepamplona.com\/actualidad\/#\/schema\/person\/efe887376f0213d4657c93adc50b1fdb","name":"La Gu\u00eda de Pamplona","image":{"@type":"ImageObject","inLanguage":"es","@id":"https:\/\/secure.gravatar.com\/avatar\/b6992f131dc8d30ab0dff15446e9d346d9dbd95992de0fef795073f5ea83a81c?s=96&d=mm&r=g","url":"https:\/\/secure.gravatar.com\/avatar\/b6992f131dc8d30ab0dff15446e9d346d9dbd95992de0fef795073f5ea83a81c?s=96&d=mm&r=g","contentUrl":"https:\/\/secure.gravatar.com\/avatar\/b6992f131dc8d30ab0dff15446e9d346d9dbd95992de0fef795073f5ea83a81c?s=96&d=mm&r=g","caption":"La Gu\u00eda de Pamplona"}}]}},"post_mailing_queue_ids":[],"_links":{"self":[{"href":"https:\/\/www.laguiadepamplona.com\/actualidad\/wp-json\/wp\/v2\/posts\/38078","targetHints":{"allow":["GET"]}}],"collection":[{"href":"https:\/\/www.laguiadepamplona.com\/actualidad\/wp-json\/wp\/v2\/posts"}],"about":[{"href":"https:\/\/www.laguiadepamplona.com\/actualidad\/wp-json\/wp\/v2\/types\/post"}],"author":[{"embeddable":true,"href":"https:\/\/www.laguiadepamplona.com\/actualidad\/wp-json\/wp\/v2\/users\/1"}],"replies":[{"embeddable":true,"href":"https:\/\/www.laguiadepamplona.com\/actualidad\/wp-json\/wp\/v2\/comments?post=38078"}],"version-history":[{"count":0,"href":"https:\/\/www.laguiadepamplona.com\/actualidad\/wp-json\/wp\/v2\/posts\/38078\/revisions"}],"wp:featuredmedia":[{"embeddable":true,"href":"https:\/\/www.laguiadepamplona.com\/actualidad\/wp-json\/wp\/v2\/media\/38079"}],"wp:attachment":[{"href":"https:\/\/www.laguiadepamplona.com\/actualidad\/wp-json\/wp\/v2\/media?parent=38078"}],"wp:term":[{"taxonomy":"category","embeddable":true,"href":"https:\/\/www.laguiadepamplona.com\/actualidad\/wp-json\/wp\/v2\/categories?post=38078"},{"taxonomy":"post_tag","embeddable":true,"href":"https:\/\/www.laguiadepamplona.com\/actualidad\/wp-json\/wp\/v2\/tags?post=38078"}],"curies":[{"name":"wp","href":"https:\/\/api.w.org\/{rel}","templated":true}]}}