{"id":38076,"date":"2021-12-21T14:10:01","date_gmt":"2021-12-21T12:10:01","guid":{"rendered":"https:\/\/www.laguiadepamplona.com\/actualidad\/?p=38076"},"modified":"2023-04-11T11:48:39","modified_gmt":"2023-04-11T09:48:39","slug":"quedan-plazas-libres-en-el-programa-municipal-de-actividades-fisicas-y-de-memoria-en-marcha-para-el-primer-semestre-de-2022","status":"publish","type":"post","link":"https:\/\/www.laguiadepamplona.com\/actualidad\/quedan-plazas-libres-en-el-programa-municipal-de-actividades-fisicas-y-de-memoria-en-marcha-para-el-primer-semestre-de-2022\/","title":{"rendered":"Quedan plazas libres en el programa municipal de actividades f\u00edsicas y de memoria \u2018En marcha\u2019 para el primer semestre de 2022"},"content":{"rendered":"<h5>El plazo de inscripci\u00f3n se abrir\u00e1 el mi\u00e9rcoles 22 de diciembre y se atribuir\u00e1n las plazas disponibles en orden de llamada a trav\u00e9s del 010<\/h5>\n<p><!--more--><\/p>\n<p>El Ayuntamiento de Pamplona ha reabierto el plazo de inscripciones para el programa \u2018En Marcha\u2019 de actividades f\u00edsicas y de memoria dirigido a mayores de 65 a\u00f1os. El programa comenz\u00f3 en septiembre y en estos momentos se ofertan 40 plazas m\u00e1s que quedaron vacantes, con preferencia para personas empadronadas. Las actividades se est\u00e1n desarrollando en cinco puntos de la ciudad: Casco Antiguo, Rochapea, Milagrosa, Iturrama y Ermitaga\u00f1a.<br \/>\n<script async src=\"\/\/pagead2.googlesyndication.com\/pagead\/js\/adsbygoogle.js\"><\/script><br \/>\n<!-- Noticias La Guia de Pamplona --><br \/>\n<ins class=\"adsbygoogle\"\nstyle=\"display:block\"\ndata-ad-client=\"ca-pub-6943679897239327\"\ndata-ad-slot=\"7048180777\"\ndata-ad-format=\"auto\"><\/ins><br \/>\n<script>\n(adsbygoogle = window.adsbygoogle || []).push({});\n<\/script><\/p>\n<p>El ejercicio f\u00edsico se desarrollar\u00e1 dos d\u00edas a la semana, hora y media cada ma\u00f1ana, y se adaptar\u00e1 a las caracter\u00edsticas del grupo. Las sesiones estar\u00e1n encaminadas a fomentar un estilo de vida saludable, as\u00ed como a mantener y fomentar la capacidad funcional. Tanto este bloque como el resto actividades ser\u00e1n llevados a cabo por personal del \u00e1mbito sociosanitario o social. Las actividades de memoria est\u00e1n dirigidas a mantener y\/o mejorar el funcionamiento cognitivo mediante diferentes acciones que estimulen la agilidad mental a trav\u00e9s de ejercicios de memoria, percepci\u00f3n, atenci\u00f3n, concentraci\u00f3n, lenguaje, planificaci\u00f3n, c\u00e1lculo, razonamiento, control, etc. Tambi\u00e9n se realizar\u00e1n 3 horas repartidas en dos d\u00edas a la semana.<\/p>\n<p>Las inscripciones podr\u00e1n realizarse del 22 de diciembre al 29 llamando al tel\u00e9fono de Atenci\u00f3n Ciudadana 010 o 948 420100 y se practicar\u00e1n en orden de inscripci\u00f3n. El precio para todo el semestre es de 69,30 euros, salvo para personas procedentes de los Apartamentos Municipales de Personas Mayores de 65 a\u00f1os, que presenten un informe de dificultades econ\u00f3micas o acrediten una discapacidad del 33% que tendr\u00e1n una reducci\u00f3n del 50%.<\/p>\n<p>El objetivo de esta iniciativa es la prevenci\u00f3n del aislamiento y soledad de las personas mayores mediante el fomento del ocio y las relaciones entre iguales, y prevenir y frenar el deterioro f\u00edsico, social y cognitivo fomentando la autonom\u00eda de la persona y construir un espacio de encuentro.<br \/>\n<script async src=\"\/\/pagead2.googlesyndication.com\/pagead\/js\/adsbygoogle.js\"><\/script><br \/>\n<!-- Noticias La Guia de Pamplona --><br \/>\n<ins class=\"adsbygoogle\"\nstyle=\"display:block\"\ndata-ad-client=\"ca-pub-6943679897239327\"\ndata-ad-slot=\"7048180777\"\ndata-ad-format=\"auto\"><\/ins><br \/>\n<script>\n(adsbygoogle = window.adsbygoogle || []).push({});\n<\/script><\/p>\n<p>&nbsp;<\/p>\n<h3>Grupos con plazas libres<\/h3>\n<p>&nbsp;<\/p>\n<table>\n<tbody>\n<tr>\n<td width=\"207\">Lugar<\/td>\n<td width=\"207\"><strong>Actividades de Ejercicio F\u00edsico<\/strong><\/td>\n<td width=\"207\"><strong>Actividades de Memoria<\/strong><\/td>\n<\/tr>\n<tr>\n<td width=\"207\">Casco Antiguo<\/td>\n<td width=\"207\">Lunes y mi\u00e9rcoles<\/p>\n<p>9.30-11.00<\/p>\n<p>Calle Mayor 31<\/p>\n<p>1 plaza<\/td>\n<td width=\"207\">Martes y jueves<\/p>\n<p>9.30-11.00<\/p>\n<p>Calle Mayor 31<\/p>\n<p>4 plazas<\/td>\n<\/tr>\n<tr>\n<td width=\"207\">Jus la Rotxa<\/td>\n<td width=\"207\">Lunes y mi\u00e9rcoles<\/p>\n<p>11.45-13.15<\/p>\n<p>2 plazas<\/td>\n<td width=\"207\">Martes y jueves<\/p>\n<p>11.45-13.15<\/p>\n<p>No hay plazas<\/td>\n<\/tr>\n<tr>\n<td width=\"207\">Milagrosa<\/td>\n<td width=\"207\">Martes y jueves<\/p>\n<p>11.45-13.15<\/p>\n<p>Pabell\u00f3n Arrosadia calle Tajonar S\/N)<\/p>\n<p>6 plazas<\/td>\n<td width=\"207\">Lunes y mi\u00e9rcoles<\/p>\n<p>11.45-13.15<\/p>\n<p>Club de jubilados Larrabide, calle Goroabe 25<\/p>\n<p>8 plazas<\/td>\n<\/tr>\n<tr>\n<td width=\"207\">Iturrama<\/td>\n<td width=\"207\">martes y jueves<\/p>\n<p>9.30-11.00<\/p>\n<p>6 plazas<\/td>\n<td width=\"207\">Lunes y mi\u00e9rcoles<\/p>\n<p>9.30-11.00<\/p>\n<p>8 plazas<\/td>\n<\/tr>\n<tr>\n<td width=\"207\">Ermitaga\u00f1a<\/td>\n<td width=\"207\">martes y jueves<\/p>\n<p>9.15-10.45<\/p>\n<p>Polideportivo Jose Mar\u00eda Iribarren, C\/ Ermitaga\u00f1a S\/N,<\/p>\n<p>3 plazas<\/td>\n<td width=\"207\">Lunes y mi\u00e9rcoles<\/p>\n<p>9.30-11.00<\/p>\n<p>CCIS Bartolom\u00e9 de Carranza 5<\/p>\n<p>2 plazas<\/td>\n<\/tr>\n<\/tbody>\n<\/table>\n","protected":false},"excerpt":{"rendered":"<p>El plazo de inscripci\u00f3n se abrir\u00e1 el mi\u00e9rcoles 22 de diciembre y se atribuir\u00e1n las plazas disponibles en orden de llamada a trav\u00e9s del 010<\/p>\n","protected":false},"author":1,"featured_media":31237,"comment_status":"open","ping_status":"closed","sticky":false,"template":"","format":"standard","meta":{"footnotes":""},"categories":[2],"tags":[],"class_list":["post-38076","post","type-post","status-publish","format-standard","has-post-thumbnail","hentry","category-ayuntamiento-pamplona"],"yoast_head":"<!-- This site is optimized with the Yoast SEO plugin v27.3 - https:\/\/yoast.com\/product\/yoast-seo-wordpress\/ -->\n<title>Quedan plazas libres en el programa municipal de actividades f\u00edsicas y de memoria \u2018En marcha\u2019 para el primer semestre de 2022<\/title>\n<meta name=\"description\" content=\"El plazo de inscripci\u00f3n se abrir\u00e1 el mi\u00e9rcoles 22 de diciembre y se atribuir\u00e1n las plazas disponibles en orden de llamada a trav\u00e9s del 010\" \/>\n<meta name=\"robots\" content=\"index, follow, max-snippet:-1, max-image-preview:large, max-video-preview:-1\" \/>\n<link rel=\"canonical\" href=\"https:\/\/www.laguiadepamplona.com\/actualidad\/quedan-plazas-libres-en-el-programa-municipal-de-actividades-fisicas-y-de-memoria-en-marcha-para-el-primer-semestre-de-2022\/\" \/>\n<meta property=\"og:locale\" content=\"es_ES\" \/>\n<meta property=\"og:type\" content=\"article\" \/>\n<meta property=\"og:title\" content=\"Quedan plazas libres en el programa municipal de actividades f\u00edsicas y de memoria \u2018En marcha\u2019 para el primer semestre de 2022\" \/>\n<meta property=\"og:description\" content=\"El plazo de inscripci\u00f3n se abrir\u00e1 el mi\u00e9rcoles 22 de diciembre y se atribuir\u00e1n las plazas disponibles en orden de llamada a trav\u00e9s del 010\" \/>\n<meta property=\"og:url\" content=\"https:\/\/www.laguiadepamplona.com\/actualidad\/quedan-plazas-libres-en-el-programa-municipal-de-actividades-fisicas-y-de-memoria-en-marcha-para-el-primer-semestre-de-2022\/\" \/>\n<meta property=\"og:site_name\" content=\"La Gu\u00eda de Pamplona\" \/>\n<meta property=\"article:publisher\" content=\"https:\/\/www.facebook.com\/laguiadepamplonacom-133175176762273\/?ref=hl\" \/>\n<meta property=\"article:published_time\" content=\"2021-12-21T12:10:01+00:00\" \/>\n<meta property=\"article:modified_time\" content=\"2023-04-11T09:48:39+00:00\" \/>\n<meta property=\"og:image\" content=\"https:\/\/www.laguiadepamplona.com\/actualidad\/wp-content\/uploads\/2020\/08\/ejercicios-adultos-en-marcha.jpg\" \/>\n\t<meta property=\"og:image:width\" content=\"1280\" \/>\n\t<meta property=\"og:image:height\" content=\"720\" \/>\n\t<meta property=\"og:image:type\" content=\"image\/jpeg\" \/>\n<meta name=\"author\" content=\"La Gu\u00eda de Pamplona\" \/>\n<meta name=\"twitter:card\" content=\"summary_large_image\" \/>\n<meta name=\"twitter:creator\" content=\"@LaGuiadPamplona\" \/>\n<meta name=\"twitter:site\" content=\"@LaGuiadPamplona\" \/>\n<meta name=\"twitter:label1\" content=\"Escrito por\" \/>\n\t<meta name=\"twitter:data1\" content=\"La Gu\u00eda de Pamplona\" \/>\n\t<meta name=\"twitter:label2\" content=\"Tiempo de lectura\" \/>\n\t<meta name=\"twitter:data2\" content=\"2 minutos\" \/>\n<script type=\"application\/ld+json\" class=\"yoast-schema-graph\">{\"@context\":\"https:\\\/\\\/schema.org\",\"@graph\":[{\"@type\":\"Article\",\"@id\":\"https:\\\/\\\/www.laguiadepamplona.com\\\/actualidad\\\/quedan-plazas-libres-en-el-programa-municipal-de-actividades-fisicas-y-de-memoria-en-marcha-para-el-primer-semestre-de-2022\\\/#article\",\"isPartOf\":{\"@id\":\"https:\\\/\\\/www.laguiadepamplona.com\\\/actualidad\\\/quedan-plazas-libres-en-el-programa-municipal-de-actividades-fisicas-y-de-memoria-en-marcha-para-el-primer-semestre-de-2022\\\/\"},\"author\":{\"name\":\"La Gu\u00eda de Pamplona\",\"@id\":\"https:\\\/\\\/www.laguiadepamplona.com\\\/actualidad\\\/#\\\/schema\\\/person\\\/efe887376f0213d4657c93adc50b1fdb\"},\"headline\":\"Quedan plazas libres en el programa municipal de actividades f\u00edsicas y de memoria \u2018En marcha\u2019 para el primer semestre de 2022\",\"datePublished\":\"2021-12-21T12:10:01+00:00\",\"dateModified\":\"2023-04-11T09:48:39+00:00\",\"mainEntityOfPage\":{\"@id\":\"https:\\\/\\\/www.laguiadepamplona.com\\\/actualidad\\\/quedan-plazas-libres-en-el-programa-municipal-de-actividades-fisicas-y-de-memoria-en-marcha-para-el-primer-semestre-de-2022\\\/\"},\"wordCount\":476,\"commentCount\":0,\"publisher\":{\"@id\":\"https:\\\/\\\/www.laguiadepamplona.com\\\/actualidad\\\/#organization\"},\"image\":{\"@id\":\"https:\\\/\\\/www.laguiadepamplona.com\\\/actualidad\\\/quedan-plazas-libres-en-el-programa-municipal-de-actividades-fisicas-y-de-memoria-en-marcha-para-el-primer-semestre-de-2022\\\/#primaryimage\"},\"thumbnailUrl\":\"https:\\\/\\\/www.laguiadepamplona.com\\\/actualidad\\\/wp-content\\\/uploads\\\/2020\\\/08\\\/ejercicios-adultos-en-marcha.jpg\",\"articleSection\":[\"Ayto Pamplona\"],\"inLanguage\":\"es\",\"potentialAction\":[{\"@type\":\"CommentAction\",\"name\":\"Comment\",\"target\":[\"https:\\\/\\\/www.laguiadepamplona.com\\\/actualidad\\\/quedan-plazas-libres-en-el-programa-municipal-de-actividades-fisicas-y-de-memoria-en-marcha-para-el-primer-semestre-de-2022\\\/#respond\"]}]},{\"@type\":\"WebPage\",\"@id\":\"https:\\\/\\\/www.laguiadepamplona.com\\\/actualidad\\\/quedan-plazas-libres-en-el-programa-municipal-de-actividades-fisicas-y-de-memoria-en-marcha-para-el-primer-semestre-de-2022\\\/\",\"url\":\"https:\\\/\\\/www.laguiadepamplona.com\\\/actualidad\\\/quedan-plazas-libres-en-el-programa-municipal-de-actividades-fisicas-y-de-memoria-en-marcha-para-el-primer-semestre-de-2022\\\/\",\"name\":\"Quedan plazas libres en el programa municipal de actividades f\u00edsicas y de memoria \u2018En marcha\u2019 para el primer semestre de 2022\",\"isPartOf\":{\"@id\":\"https:\\\/\\\/www.laguiadepamplona.com\\\/actualidad\\\/#website\"},\"primaryImageOfPage\":{\"@id\":\"https:\\\/\\\/www.laguiadepamplona.com\\\/actualidad\\\/quedan-plazas-libres-en-el-programa-municipal-de-actividades-fisicas-y-de-memoria-en-marcha-para-el-primer-semestre-de-2022\\\/#primaryimage\"},\"image\":{\"@id\":\"https:\\\/\\\/www.laguiadepamplona.com\\\/actualidad\\\/quedan-plazas-libres-en-el-programa-municipal-de-actividades-fisicas-y-de-memoria-en-marcha-para-el-primer-semestre-de-2022\\\/#primaryimage\"},\"thumbnailUrl\":\"https:\\\/\\\/www.laguiadepamplona.com\\\/actualidad\\\/wp-content\\\/uploads\\\/2020\\\/08\\\/ejercicios-adultos-en-marcha.jpg\",\"datePublished\":\"2021-12-21T12:10:01+00:00\",\"dateModified\":\"2023-04-11T09:48:39+00:00\",\"description\":\"El plazo de inscripci\u00f3n se abrir\u00e1 el mi\u00e9rcoles 22 de diciembre y se atribuir\u00e1n las plazas disponibles en orden de llamada a trav\u00e9s del 010\",\"breadcrumb\":{\"@id\":\"https:\\\/\\\/www.laguiadepamplona.com\\\/actualidad\\\/quedan-plazas-libres-en-el-programa-municipal-de-actividades-fisicas-y-de-memoria-en-marcha-para-el-primer-semestre-de-2022\\\/#breadcrumb\"},\"inLanguage\":\"es\",\"potentialAction\":[{\"@type\":\"ReadAction\",\"target\":[\"https:\\\/\\\/www.laguiadepamplona.com\\\/actualidad\\\/quedan-plazas-libres-en-el-programa-municipal-de-actividades-fisicas-y-de-memoria-en-marcha-para-el-primer-semestre-de-2022\\\/\"]}]},{\"@type\":\"ImageObject\",\"inLanguage\":\"es\",\"@id\":\"https:\\\/\\\/www.laguiadepamplona.com\\\/actualidad\\\/quedan-plazas-libres-en-el-programa-municipal-de-actividades-fisicas-y-de-memoria-en-marcha-para-el-primer-semestre-de-2022\\\/#primaryimage\",\"url\":\"https:\\\/\\\/www.laguiadepamplona.com\\\/actualidad\\\/wp-content\\\/uploads\\\/2020\\\/08\\\/ejercicios-adultos-en-marcha.jpg\",\"contentUrl\":\"https:\\\/\\\/www.laguiadepamplona.com\\\/actualidad\\\/wp-content\\\/uploads\\\/2020\\\/08\\\/ejercicios-adultos-en-marcha.jpg\",\"width\":1280,\"height\":720},{\"@type\":\"BreadcrumbList\",\"@id\":\"https:\\\/\\\/www.laguiadepamplona.com\\\/actualidad\\\/quedan-plazas-libres-en-el-programa-municipal-de-actividades-fisicas-y-de-memoria-en-marcha-para-el-primer-semestre-de-2022\\\/#breadcrumb\",\"itemListElement\":[{\"@type\":\"ListItem\",\"position\":1,\"name\":\"Portada\",\"item\":\"https:\\\/\\\/www.laguiadepamplona.com\\\/actualidad\\\/\"},{\"@type\":\"ListItem\",\"position\":2,\"name\":\"Quedan plazas libres en el programa municipal de actividades f\u00edsicas y de memoria \u2018En marcha\u2019 para el primer semestre de 2022\"}]},{\"@type\":\"WebSite\",\"@id\":\"https:\\\/\\\/www.laguiadepamplona.com\\\/actualidad\\\/#website\",\"url\":\"https:\\\/\\\/www.laguiadepamplona.com\\\/actualidad\\\/\",\"name\":\"La gu\u00eda de Pamplona\",\"description\":\"Noticias de Pamplona\",\"publisher\":{\"@id\":\"https:\\\/\\\/www.laguiadepamplona.com\\\/actualidad\\\/#organization\"},\"potentialAction\":[{\"@type\":\"SearchAction\",\"target\":{\"@type\":\"EntryPoint\",\"urlTemplate\":\"https:\\\/\\\/www.laguiadepamplona.com\\\/actualidad\\\/?s={search_term_string}\"},\"query-input\":{\"@type\":\"PropertyValueSpecification\",\"valueRequired\":true,\"valueName\":\"search_term_string\"}}],\"inLanguage\":\"es\"},{\"@type\":\"Organization\",\"@id\":\"https:\\\/\\\/www.laguiadepamplona.com\\\/actualidad\\\/#organization\",\"name\":\"La Gu\u00eda de Pamplona \\\/ Noticias\",\"url\":\"https:\\\/\\\/www.laguiadepamplona.com\\\/actualidad\\\/\",\"logo\":{\"@type\":\"ImageObject\",\"inLanguage\":\"es\",\"@id\":\"https:\\\/\\\/www.laguiadepamplona.com\\\/actualidad\\\/#\\\/schema\\\/logo\\\/image\\\/\",\"url\":\"https:\\\/\\\/www.laguiadepamplona.com\\\/actualidad\\\/wp-content\\\/uploads\\\/2018\\\/11\\\/logo-laguiadepamplona18-web1.png\",\"contentUrl\":\"https:\\\/\\\/www.laguiadepamplona.com\\\/actualidad\\\/wp-content\\\/uploads\\\/2018\\\/11\\\/logo-laguiadepamplona18-web1.png\",\"width\":600,\"height\":196,\"caption\":\"La Gu\u00eda de Pamplona \\\/ Noticias\"},\"image\":{\"@id\":\"https:\\\/\\\/www.laguiadepamplona.com\\\/actualidad\\\/#\\\/schema\\\/logo\\\/image\\\/\"},\"sameAs\":[\"https:\\\/\\\/www.facebook.com\\\/laguiadepamplonacom-133175176762273\\\/?ref=hl\",\"https:\\\/\\\/x.com\\\/LaGuiadPamplona\",\"https:\\\/\\\/www.instagram.com\\\/la_guia_de_pamplona\\\/\",\"https:\\\/\\\/www.youtube.com\\\/user\\\/laguiadepamplona\"]},{\"@type\":\"Person\",\"@id\":\"https:\\\/\\\/www.laguiadepamplona.com\\\/actualidad\\\/#\\\/schema\\\/person\\\/efe887376f0213d4657c93adc50b1fdb\",\"name\":\"La Gu\u00eda de Pamplona\",\"image\":{\"@type\":\"ImageObject\",\"inLanguage\":\"es\",\"@id\":\"https:\\\/\\\/secure.gravatar.com\\\/avatar\\\/b6992f131dc8d30ab0dff15446e9d346d9dbd95992de0fef795073f5ea83a81c?s=96&d=mm&r=g\",\"url\":\"https:\\\/\\\/secure.gravatar.com\\\/avatar\\\/b6992f131dc8d30ab0dff15446e9d346d9dbd95992de0fef795073f5ea83a81c?s=96&d=mm&r=g\",\"contentUrl\":\"https:\\\/\\\/secure.gravatar.com\\\/avatar\\\/b6992f131dc8d30ab0dff15446e9d346d9dbd95992de0fef795073f5ea83a81c?s=96&d=mm&r=g\",\"caption\":\"La Gu\u00eda de Pamplona\"}}]}<\/script>\n<!-- \/ Yoast SEO plugin. -->","yoast_head_json":{"title":"Quedan plazas libres en el programa municipal de actividades f\u00edsicas y de memoria \u2018En marcha\u2019 para el primer semestre de 2022","description":"El plazo de inscripci\u00f3n se abrir\u00e1 el mi\u00e9rcoles 22 de diciembre y se atribuir\u00e1n las plazas disponibles en orden de llamada a trav\u00e9s del 010","robots":{"index":"index","follow":"follow","max-snippet":"max-snippet:-1","max-image-preview":"max-image-preview:large","max-video-preview":"max-video-preview:-1"},"canonical":"https:\/\/www.laguiadepamplona.com\/actualidad\/quedan-plazas-libres-en-el-programa-municipal-de-actividades-fisicas-y-de-memoria-en-marcha-para-el-primer-semestre-de-2022\/","og_locale":"es_ES","og_type":"article","og_title":"Quedan plazas libres en el programa municipal de actividades f\u00edsicas y de memoria \u2018En marcha\u2019 para el primer semestre de 2022","og_description":"El plazo de inscripci\u00f3n se abrir\u00e1 el mi\u00e9rcoles 22 de diciembre y se atribuir\u00e1n las plazas disponibles en orden de llamada a trav\u00e9s del 010","og_url":"https:\/\/www.laguiadepamplona.com\/actualidad\/quedan-plazas-libres-en-el-programa-municipal-de-actividades-fisicas-y-de-memoria-en-marcha-para-el-primer-semestre-de-2022\/","og_site_name":"La Gu\u00eda de Pamplona","article_publisher":"https:\/\/www.facebook.com\/laguiadepamplonacom-133175176762273\/?ref=hl","article_published_time":"2021-12-21T12:10:01+00:00","article_modified_time":"2023-04-11T09:48:39+00:00","og_image":[{"width":1280,"height":720,"url":"https:\/\/www.laguiadepamplona.com\/actualidad\/wp-content\/uploads\/2020\/08\/ejercicios-adultos-en-marcha.jpg","type":"image\/jpeg"}],"author":"La Gu\u00eda de Pamplona","twitter_card":"summary_large_image","twitter_creator":"@LaGuiadPamplona","twitter_site":"@LaGuiadPamplona","twitter_misc":{"Escrito por":"La Gu\u00eda de Pamplona","Tiempo de lectura":"2 minutos"},"schema":{"@context":"https:\/\/schema.org","@graph":[{"@type":"Article","@id":"https:\/\/www.laguiadepamplona.com\/actualidad\/quedan-plazas-libres-en-el-programa-municipal-de-actividades-fisicas-y-de-memoria-en-marcha-para-el-primer-semestre-de-2022\/#article","isPartOf":{"@id":"https:\/\/www.laguiadepamplona.com\/actualidad\/quedan-plazas-libres-en-el-programa-municipal-de-actividades-fisicas-y-de-memoria-en-marcha-para-el-primer-semestre-de-2022\/"},"author":{"name":"La Gu\u00eda de Pamplona","@id":"https:\/\/www.laguiadepamplona.com\/actualidad\/#\/schema\/person\/efe887376f0213d4657c93adc50b1fdb"},"headline":"Quedan plazas libres en el programa municipal de actividades f\u00edsicas y de memoria \u2018En marcha\u2019 para el primer semestre de 2022","datePublished":"2021-12-21T12:10:01+00:00","dateModified":"2023-04-11T09:48:39+00:00","mainEntityOfPage":{"@id":"https:\/\/www.laguiadepamplona.com\/actualidad\/quedan-plazas-libres-en-el-programa-municipal-de-actividades-fisicas-y-de-memoria-en-marcha-para-el-primer-semestre-de-2022\/"},"wordCount":476,"commentCount":0,"publisher":{"@id":"https:\/\/www.laguiadepamplona.com\/actualidad\/#organization"},"image":{"@id":"https:\/\/www.laguiadepamplona.com\/actualidad\/quedan-plazas-libres-en-el-programa-municipal-de-actividades-fisicas-y-de-memoria-en-marcha-para-el-primer-semestre-de-2022\/#primaryimage"},"thumbnailUrl":"https:\/\/www.laguiadepamplona.com\/actualidad\/wp-content\/uploads\/2020\/08\/ejercicios-adultos-en-marcha.jpg","articleSection":["Ayto Pamplona"],"inLanguage":"es","potentialAction":[{"@type":"CommentAction","name":"Comment","target":["https:\/\/www.laguiadepamplona.com\/actualidad\/quedan-plazas-libres-en-el-programa-municipal-de-actividades-fisicas-y-de-memoria-en-marcha-para-el-primer-semestre-de-2022\/#respond"]}]},{"@type":"WebPage","@id":"https:\/\/www.laguiadepamplona.com\/actualidad\/quedan-plazas-libres-en-el-programa-municipal-de-actividades-fisicas-y-de-memoria-en-marcha-para-el-primer-semestre-de-2022\/","url":"https:\/\/www.laguiadepamplona.com\/actualidad\/quedan-plazas-libres-en-el-programa-municipal-de-actividades-fisicas-y-de-memoria-en-marcha-para-el-primer-semestre-de-2022\/","name":"Quedan plazas libres en el programa municipal de actividades f\u00edsicas y de memoria \u2018En marcha\u2019 para el primer semestre de 2022","isPartOf":{"@id":"https:\/\/www.laguiadepamplona.com\/actualidad\/#website"},"primaryImageOfPage":{"@id":"https:\/\/www.laguiadepamplona.com\/actualidad\/quedan-plazas-libres-en-el-programa-municipal-de-actividades-fisicas-y-de-memoria-en-marcha-para-el-primer-semestre-de-2022\/#primaryimage"},"image":{"@id":"https:\/\/www.laguiadepamplona.com\/actualidad\/quedan-plazas-libres-en-el-programa-municipal-de-actividades-fisicas-y-de-memoria-en-marcha-para-el-primer-semestre-de-2022\/#primaryimage"},"thumbnailUrl":"https:\/\/www.laguiadepamplona.com\/actualidad\/wp-content\/uploads\/2020\/08\/ejercicios-adultos-en-marcha.jpg","datePublished":"2021-12-21T12:10:01+00:00","dateModified":"2023-04-11T09:48:39+00:00","description":"El plazo de inscripci\u00f3n se abrir\u00e1 el mi\u00e9rcoles 22 de diciembre y se atribuir\u00e1n las plazas disponibles en orden de llamada a trav\u00e9s del 010","breadcrumb":{"@id":"https:\/\/www.laguiadepamplona.com\/actualidad\/quedan-plazas-libres-en-el-programa-municipal-de-actividades-fisicas-y-de-memoria-en-marcha-para-el-primer-semestre-de-2022\/#breadcrumb"},"inLanguage":"es","potentialAction":[{"@type":"ReadAction","target":["https:\/\/www.laguiadepamplona.com\/actualidad\/quedan-plazas-libres-en-el-programa-municipal-de-actividades-fisicas-y-de-memoria-en-marcha-para-el-primer-semestre-de-2022\/"]}]},{"@type":"ImageObject","inLanguage":"es","@id":"https:\/\/www.laguiadepamplona.com\/actualidad\/quedan-plazas-libres-en-el-programa-municipal-de-actividades-fisicas-y-de-memoria-en-marcha-para-el-primer-semestre-de-2022\/#primaryimage","url":"https:\/\/www.laguiadepamplona.com\/actualidad\/wp-content\/uploads\/2020\/08\/ejercicios-adultos-en-marcha.jpg","contentUrl":"https:\/\/www.laguiadepamplona.com\/actualidad\/wp-content\/uploads\/2020\/08\/ejercicios-adultos-en-marcha.jpg","width":1280,"height":720},{"@type":"BreadcrumbList","@id":"https:\/\/www.laguiadepamplona.com\/actualidad\/quedan-plazas-libres-en-el-programa-municipal-de-actividades-fisicas-y-de-memoria-en-marcha-para-el-primer-semestre-de-2022\/#breadcrumb","itemListElement":[{"@type":"ListItem","position":1,"name":"Portada","item":"https:\/\/www.laguiadepamplona.com\/actualidad\/"},{"@type":"ListItem","position":2,"name":"Quedan plazas libres en el programa municipal de actividades f\u00edsicas y de memoria \u2018En marcha\u2019 para el primer semestre de 2022"}]},{"@type":"WebSite","@id":"https:\/\/www.laguiadepamplona.com\/actualidad\/#website","url":"https:\/\/www.laguiadepamplona.com\/actualidad\/","name":"La gu\u00eda de Pamplona","description":"Noticias de Pamplona","publisher":{"@id":"https:\/\/www.laguiadepamplona.com\/actualidad\/#organization"},"potentialAction":[{"@type":"SearchAction","target":{"@type":"EntryPoint","urlTemplate":"https:\/\/www.laguiadepamplona.com\/actualidad\/?s={search_term_string}"},"query-input":{"@type":"PropertyValueSpecification","valueRequired":true,"valueName":"search_term_string"}}],"inLanguage":"es"},{"@type":"Organization","@id":"https:\/\/www.laguiadepamplona.com\/actualidad\/#organization","name":"La Gu\u00eda de Pamplona \/ Noticias","url":"https:\/\/www.laguiadepamplona.com\/actualidad\/","logo":{"@type":"ImageObject","inLanguage":"es","@id":"https:\/\/www.laguiadepamplona.com\/actualidad\/#\/schema\/logo\/image\/","url":"https:\/\/www.laguiadepamplona.com\/actualidad\/wp-content\/uploads\/2018\/11\/logo-laguiadepamplona18-web1.png","contentUrl":"https:\/\/www.laguiadepamplona.com\/actualidad\/wp-content\/uploads\/2018\/11\/logo-laguiadepamplona18-web1.png","width":600,"height":196,"caption":"La Gu\u00eda de Pamplona \/ Noticias"},"image":{"@id":"https:\/\/www.laguiadepamplona.com\/actualidad\/#\/schema\/logo\/image\/"},"sameAs":["https:\/\/www.facebook.com\/laguiadepamplonacom-133175176762273\/?ref=hl","https:\/\/x.com\/LaGuiadPamplona","https:\/\/www.instagram.com\/la_guia_de_pamplona\/","https:\/\/www.youtube.com\/user\/laguiadepamplona"]},{"@type":"Person","@id":"https:\/\/www.laguiadepamplona.com\/actualidad\/#\/schema\/person\/efe887376f0213d4657c93adc50b1fdb","name":"La Gu\u00eda de Pamplona","image":{"@type":"ImageObject","inLanguage":"es","@id":"https:\/\/secure.gravatar.com\/avatar\/b6992f131dc8d30ab0dff15446e9d346d9dbd95992de0fef795073f5ea83a81c?s=96&d=mm&r=g","url":"https:\/\/secure.gravatar.com\/avatar\/b6992f131dc8d30ab0dff15446e9d346d9dbd95992de0fef795073f5ea83a81c?s=96&d=mm&r=g","contentUrl":"https:\/\/secure.gravatar.com\/avatar\/b6992f131dc8d30ab0dff15446e9d346d9dbd95992de0fef795073f5ea83a81c?s=96&d=mm&r=g","caption":"La Gu\u00eda de Pamplona"}}]}},"post_mailing_queue_ids":[],"_links":{"self":[{"href":"https:\/\/www.laguiadepamplona.com\/actualidad\/wp-json\/wp\/v2\/posts\/38076","targetHints":{"allow":["GET"]}}],"collection":[{"href":"https:\/\/www.laguiadepamplona.com\/actualidad\/wp-json\/wp\/v2\/posts"}],"about":[{"href":"https:\/\/www.laguiadepamplona.com\/actualidad\/wp-json\/wp\/v2\/types\/post"}],"author":[{"embeddable":true,"href":"https:\/\/www.laguiadepamplona.com\/actualidad\/wp-json\/wp\/v2\/users\/1"}],"replies":[{"embeddable":true,"href":"https:\/\/www.laguiadepamplona.com\/actualidad\/wp-json\/wp\/v2\/comments?post=38076"}],"version-history":[{"count":0,"href":"https:\/\/www.laguiadepamplona.com\/actualidad\/wp-json\/wp\/v2\/posts\/38076\/revisions"}],"wp:featuredmedia":[{"embeddable":true,"href":"https:\/\/www.laguiadepamplona.com\/actualidad\/wp-json\/wp\/v2\/media\/31237"}],"wp:attachment":[{"href":"https:\/\/www.laguiadepamplona.com\/actualidad\/wp-json\/wp\/v2\/media?parent=38076"}],"wp:term":[{"taxonomy":"category","embeddable":true,"href":"https:\/\/www.laguiadepamplona.com\/actualidad\/wp-json\/wp\/v2\/categories?post=38076"},{"taxonomy":"post_tag","embeddable":true,"href":"https:\/\/www.laguiadepamplona.com\/actualidad\/wp-json\/wp\/v2\/tags?post=38076"}],"curies":[{"name":"wp","href":"https:\/\/api.w.org\/{rel}","templated":true}]}}