{"id":38064,"date":"2021-12-20T19:11:18","date_gmt":"2021-12-20T17:11:18","guid":{"rendered":"https:\/\/www.laguiadepamplona.com\/actualidad\/?p=38064"},"modified":"2023-04-11T11:48:39","modified_gmt":"2023-04-11T09:48:39","slug":"coral-san-fermin-viola-damore-ensemble-cuarteto-alaiz-y-orquesta-paulino-otamendi-protagonizan-los-conciertos-en-iglesias-de-estos-dias-prenavidenos","status":"publish","type":"post","link":"https:\/\/www.laguiadepamplona.com\/actualidad\/coral-san-fermin-viola-damore-ensemble-cuarteto-alaiz-y-orquesta-paulino-otamendi-protagonizan-los-conciertos-en-iglesias-de-estos-dias-prenavidenos\/","title":{"rendered":"Coral San Ferm\u00edn, Viola d\u00b4amore Ensemble, Cuarteto Alaiz y Orquesta Paulino Otamendi protagonizan los conciertos en iglesias de estos d\u00edas prenavide\u00f1os"},"content":{"rendered":"<h5>La programaci\u00f3n navide\u00f1a municipal incluye esta semana m\u00fasica en la calle y talleres de manualidades y regalos en la Casa de la Juventud<\/h5>\n<p><!--more--><\/p>\n<p>A unos d\u00edas de la Navidad, el Ayuntamiento de Pamplona contin\u00faa con su programaci\u00f3n de actividades para todos los p\u00fablicos. Esta semana contin\u00faan los conciertos en iglesias y la m\u00fasica en la calle, adem\u00e1s de otras actividades en la Casa de la Juventud o en la red Civivox. Todas ellas son gratuitas. La Coral San Ferm\u00edn, Viola d\u00b4amore Ensemble, el Cuarteto Alaiz y la Orquesta Paulino Otamendi protagonizar\u00e1n los conciertos previstos hasta el inicio de la Navidad.<\/p>\n<p>Esta tarde, a las 20 horas, en la iglesia de San Antonio (PP Capuchinos) act\u00faa la Coral San Ferm\u00edn en un concierto titulado \u2018Cantando a las figuras del Bel\u00e9n\u2019. La coral sigue en su l\u00ednea de celebrar la Navidad cantando a compositores de nuestra tierra, que tan bien transmiten el mensaje navide\u00f1o con las melod\u00edas de villancicos y polifon\u00edas m\u00e1s comprometidas. Se escuchar\u00e1n composiciones del gregoriano imperecedero, un an\u00f3nimo del s. XVI, otro popular franc\u00e9s, un villancico del altiplano andino y un Gloria universal para salir de nuestras fronteras y universalizar la Navidad.<br \/>\n<script async src=\"\/\/pagead2.googlesyndication.com\/pagead\/js\/adsbygoogle.js\"><\/script><br \/>\n<!-- Noticias La Guia de Pamplona --><br \/>\n<ins class=\"adsbygoogle\"\nstyle=\"display:block\"\ndata-ad-client=\"ca-pub-6943679897239327\"\ndata-ad-slot=\"7048180777\"\ndata-ad-format=\"auto\"><\/ins><br \/>\n<script>\n(adsbygoogle = window.adsbygoogle || []).push({});\n<\/script><\/p>\n<p>Viola d\u2019amore Ensemble protagonizar\u00e1 el martes, a las 20 horas, el concierto \u2018Navidad con la Viola d\u2019amore\u2019 en la iglesia de San Saturnino. Se trata de un instrumento olvidado hoy, que fue muy popular en los siglos XVII y XVIII. Para la viola d\u00b4amore compon\u00edan entre otros autores como Ariosti, Bach, Vivaldi, Scarlatti,\u00a0Marais, Martini, Stamitz\u2026 Y ya, en el siglo XX, Casades\u00fas, Hindemith y Prokofiev. Este instrumento de siete cuerdas mel\u00f3dicas y siete cuerdas tiene un sonido incorporable con los dem\u00e1s instrumentos por su belleza y dulzura.<\/p>\n<p>El mi\u00e9rcoles los conciertos se trasladan a la iglesia de los Carmelitas Descalzos, donde a las 20 horas, el Cuarteto Alaiz propone sus \u2018Auroras\u2019. Interpretar\u00e1n obras del compositor checo Franz Krommer, que bebe de los grandes maestros cl\u00e1sicos Haydn y Mozart y dirig\u00eda la m\u00fasica de c\u00e1mara de la Corte de Francisco I de Habsburgo; del compositor finland\u00e9s Crusell, relacionado estil\u00edsticamente con el tardo-clasicismo vien\u00e9s y la \u00f3pera; y del italiano Piazzola, del que se celebra el centenario de su nacimiento.<\/p>\n<p>El jueves, ya en v\u00edsperas de Nochebuena, la iglesia de San Antonio (PP Capuchinos) acoger\u00e1 el concierto \u2018\u00a1Bienvenido invierno! M\u00fasica para estas Navidades\u2019, a cargo de la Orquesta Paulino Otamendi. A trav\u00e9s de la m\u00fasica y guiados por un narrador el concierto se sumergir\u00e1 en las tradiciones vinculadas al solsticio de invierno, el giro donde el d\u00eda comienza a vencer a la noche. Es el punto de partida de un texto descriptivo que relaciona nuestra manera de vivir la Navidad con m\u00fasica del folklore local e internacional.<br \/>\n<script async src=\"\/\/pagead2.googlesyndication.com\/pagead\/js\/adsbygoogle.js\"><\/script><br \/>\n<!-- Noticias La Guia de Pamplona --><br \/>\n<ins class=\"adsbygoogle\"\nstyle=\"display:block\"\ndata-ad-client=\"ca-pub-6943679897239327\"\ndata-ad-slot=\"7048180777\"\ndata-ad-format=\"auto\"><\/ins><br \/>\n<script>\n(adsbygoogle = window.adsbygoogle || []).push({});\n<\/script><\/p>\n<p><strong>M\u00fasica en la calle<\/strong><\/p>\n<p>Tambi\u00e9n durante estos pr\u00f3ximos d\u00edas el Ayuntamiento ha programado m\u00fasica en la calle, con coros, corales y agrupaciones que recorrer\u00e1n las calles de diferentes barrios de la ciudad interpretando piezas y composiciones navide\u00f1as. Esta tarde la Banda de Txistularis y Fanfarre de la Escuela de M\u00fasica Joaqu\u00edn Maya partir\u00e1 con su m\u00fasica de la Plaza del Castillo, a las 18.30 horas, en un recorrido que les llevar\u00e1 por Chapitela, Mercaderes, Plaza Consistorial, calle Mayor, Eslava y plaza de San Nicol\u00e1s.<\/p>\n<p>Ma\u00f1ana martes, tambi\u00e9n a las 18.30 horas, ser\u00e1 el turno del Coro Navide\u00f1o de Trombones de la Escuela Joaqu\u00edn Maya. Actuar\u00e1 en la plaza de Baluarte y en la Plaza de Castillo. El mi\u00e9rcoles la m\u00fasica la interpretar\u00e1n los gaiteros municipales, desde las 18 horas, con salida y retorno a la Plaza Consistorial, recorriendo San Saturnino, Mayor, Eslava, plaza de San Francisco, Ansoleaga y, de nuevo, San Saturnino.<\/p>\n<p>El jueves, a las 12 horas, los txistularis municipales saldr\u00e1n con su m\u00fasica por la Plaza Consistorial, calle Mayor, Recoletas, plaza de la O, Santo And\u00eda, Jarauta, Eslava, Mayor, San Saturnino y de nuevo por la Plaza Consistorial. Ya por la tarde, los dantzaris de Duguna actuar\u00e1n a las 18 horas en la Calle Dos de Mayo, frente a la iglesia de San Ferm\u00edn de Aldapa. Tambi\u00e9n a las 18 horas, habr\u00e1 m\u00fasica en la calle en Mart\u00edn Azpilcueta con la Coral Media Luna y en la calle Irunlarrea, en la zona de Hospitales, con Gracia Navarra.<br \/>\n<script async src=\"\/\/pagead2.googlesyndication.com\/pagead\/js\/adsbygoogle.js\"><\/script><br \/>\n<!-- Noticias La Guia de Pamplona --><br \/>\n<ins class=\"adsbygoogle\"\nstyle=\"display:block\"\ndata-ad-client=\"ca-pub-6943679897239327\"\ndata-ad-slot=\"7048180777\"\ndata-ad-format=\"auto\"><\/ins><br \/>\n<script>\n(adsbygoogle = window.adsbygoogle || []).push({});\n<\/script><\/p>\n<p><strong>Otras actividades<\/strong><\/p>\n<p>La Navidad tambi\u00e9n est\u00e1 presente en la Casa de la Juventud. Desde este lunes y hasta el 30 de diciembre, se han organizado talleres de regalos \u2018Buy Nothing\u2019, para aprender a elaborar diferentes productos que nos pueden servir de detalle para regalar a cualquier persona estos d\u00edas. Esta tarde hay un taller de sales de ba\u00f1o ecol\u00f3gicas y relajantes; ma\u00f1ana martes sobre champ\u00fa natural de naranja o lim\u00f3n; el mi\u00e9rcoles sobre c\u00f3mo transferir una fotograf\u00eda en madera; y el jueves se aprender\u00e1 a personalizar tazas. Todos los talleres comienzan a las 19 horas, con entrada libre, previa inscripci\u00f3n en la Casa de la Juventud.<\/p>\n<p>Ma\u00f1ana martes, adem\u00e1s, la Casa de la Juventud organiza un taller gratuito sobre motivaci\u00f3n con claves para lograr cumplir los prop\u00f3sitos que todas las personas asumen con el inicio del A\u00f1o Nuevo. La sesi\u00f3n tendr\u00e1 lugar a las 10 horas y corre a cargo del personal de la Asesor\u00eda Jur\u00eddica de la Casa de la Juventud.<\/p>\n<p>Pero durante la semana habr\u00e1 tambi\u00e9n otras citas no relacionadas directamente con la Navidad. Ma\u00f1ana martes, a las 18 horas en Civivox San Jorge, se proyecta la pel\u00edcula \u2018Amerrika (Amreeka)\u2019 dentro del ciclo Hero\u00ednas de cine. La vida de Muna transcurre entre los puntos de control de Cisjordania. Le pesa el fracaso matrimonial. Por eso se pone muy contenta cuando obtiene un permiso de trabajo y residencia para viajar a Estados Unidos con su hijo, Fadi. La entrada es libre, previa inscripci\u00f3n en el 010, los centros civivox y la web <a href=\"http:\/\/www.pamplonaescultura.es\" target=\"_blank\" rel=\"noopener\">www.pamplonaescultura.es<\/a>.<\/p>\n","protected":false},"excerpt":{"rendered":"<p>La programaci\u00f3n navide\u00f1a municipal incluye esta semana m\u00fasica en la calle y talleres de manualidades y regalos en la Casa de la Juventud<\/p>\n","protected":false},"author":1,"featured_media":38065,"comment_status":"open","ping_status":"closed","sticky":false,"template":"","format":"standard","meta":{"footnotes":""},"categories":[2],"tags":[],"class_list":["post-38064","post","type-post","status-publish","format-standard","has-post-thumbnail","hentry","category-ayuntamiento-pamplona"],"yoast_head":"<!-- This site is optimized with the Yoast SEO plugin v27.5 - https:\/\/yoast.com\/product\/yoast-seo-wordpress\/ -->\n<title>Coral San Ferm\u00edn, Viola d\u00b4amore Ensemble, Cuarteto Alaiz y Orquesta Paulino Otamendi protagonizan los conciertos en iglesias de estos d\u00edas prenavide\u00f1os<\/title>\n<meta name=\"description\" content=\"La programaci\u00f3n navide\u00f1a municipal incluye esta semana m\u00fasica en la calle y talleres de manualidades y regalos en la Casa de la Juventud\" \/>\n<meta name=\"robots\" content=\"index, follow, max-snippet:-1, max-image-preview:large, max-video-preview:-1\" \/>\n<link rel=\"canonical\" href=\"https:\/\/www.laguiadepamplona.com\/actualidad\/coral-san-fermin-viola-damore-ensemble-cuarteto-alaiz-y-orquesta-paulino-otamendi-protagonizan-los-conciertos-en-iglesias-de-estos-dias-prenavidenos\/\" \/>\n<meta property=\"og:locale\" content=\"es_ES\" \/>\n<meta property=\"og:type\" content=\"article\" \/>\n<meta property=\"og:title\" content=\"Coral San Ferm\u00edn, Viola d\u00b4amore Ensemble, Cuarteto Alaiz y Orquesta Paulino Otamendi protagonizan los conciertos en iglesias de estos d\u00edas prenavide\u00f1os\" \/>\n<meta property=\"og:description\" content=\"La programaci\u00f3n navide\u00f1a municipal incluye esta semana m\u00fasica en la calle y talleres de manualidades y regalos en la Casa de la Juventud\" \/>\n<meta property=\"og:url\" content=\"https:\/\/www.laguiadepamplona.com\/actualidad\/coral-san-fermin-viola-damore-ensemble-cuarteto-alaiz-y-orquesta-paulino-otamendi-protagonizan-los-conciertos-en-iglesias-de-estos-dias-prenavidenos\/\" \/>\n<meta property=\"og:site_name\" content=\"La Gu\u00eda de Pamplona\" \/>\n<meta property=\"article:publisher\" content=\"https:\/\/www.facebook.com\/laguiadepamplonacom-133175176762273\/?ref=hl\" \/>\n<meta property=\"article:published_time\" content=\"2021-12-20T17:11:18+00:00\" \/>\n<meta property=\"article:modified_time\" content=\"2023-04-11T09:48:39+00:00\" \/>\n<meta property=\"og:image\" content=\"https:\/\/www.laguiadepamplona.com\/actualidad\/wp-content\/uploads\/2021\/12\/regala-pamplona-1.jpg\" \/>\n\t<meta property=\"og:image:width\" content=\"1920\" \/>\n\t<meta property=\"og:image:height\" content=\"964\" \/>\n\t<meta property=\"og:image:type\" content=\"image\/jpeg\" \/>\n<meta name=\"author\" content=\"La Gu\u00eda de Pamplona\" \/>\n<meta name=\"twitter:card\" content=\"summary_large_image\" \/>\n<meta name=\"twitter:creator\" content=\"@LaGuiadPamplona\" \/>\n<meta name=\"twitter:site\" content=\"@LaGuiadPamplona\" \/>\n<meta name=\"twitter:label1\" content=\"Escrito por\" \/>\n\t<meta name=\"twitter:data1\" content=\"La Gu\u00eda de Pamplona\" \/>\n\t<meta name=\"twitter:label2\" content=\"Tiempo de lectura\" \/>\n\t<meta name=\"twitter:data2\" content=\"5 minutos\" \/>\n<script type=\"application\/ld+json\" class=\"yoast-schema-graph\">{\"@context\":\"https:\\\/\\\/schema.org\",\"@graph\":[{\"@type\":\"Article\",\"@id\":\"https:\\\/\\\/www.laguiadepamplona.com\\\/actualidad\\\/coral-san-fermin-viola-damore-ensemble-cuarteto-alaiz-y-orquesta-paulino-otamendi-protagonizan-los-conciertos-en-iglesias-de-estos-dias-prenavidenos\\\/#article\",\"isPartOf\":{\"@id\":\"https:\\\/\\\/www.laguiadepamplona.com\\\/actualidad\\\/coral-san-fermin-viola-damore-ensemble-cuarteto-alaiz-y-orquesta-paulino-otamendi-protagonizan-los-conciertos-en-iglesias-de-estos-dias-prenavidenos\\\/\"},\"author\":{\"name\":\"La Gu\u00eda de Pamplona\",\"@id\":\"https:\\\/\\\/www.laguiadepamplona.com\\\/actualidad\\\/#\\\/schema\\\/person\\\/efe887376f0213d4657c93adc50b1fdb\"},\"headline\":\"Coral San Ferm\u00edn, Viola d\u00b4amore Ensemble, Cuarteto Alaiz y Orquesta Paulino Otamendi protagonizan los conciertos en iglesias de estos d\u00edas prenavide\u00f1os\",\"datePublished\":\"2021-12-20T17:11:18+00:00\",\"dateModified\":\"2023-04-11T09:48:39+00:00\",\"mainEntityOfPage\":{\"@id\":\"https:\\\/\\\/www.laguiadepamplona.com\\\/actualidad\\\/coral-san-fermin-viola-damore-ensemble-cuarteto-alaiz-y-orquesta-paulino-otamendi-protagonizan-los-conciertos-en-iglesias-de-estos-dias-prenavidenos\\\/\"},\"wordCount\":1060,\"commentCount\":0,\"publisher\":{\"@id\":\"https:\\\/\\\/www.laguiadepamplona.com\\\/actualidad\\\/#organization\"},\"image\":{\"@id\":\"https:\\\/\\\/www.laguiadepamplona.com\\\/actualidad\\\/coral-san-fermin-viola-damore-ensemble-cuarteto-alaiz-y-orquesta-paulino-otamendi-protagonizan-los-conciertos-en-iglesias-de-estos-dias-prenavidenos\\\/#primaryimage\"},\"thumbnailUrl\":\"https:\\\/\\\/www.laguiadepamplona.com\\\/actualidad\\\/wp-content\\\/uploads\\\/2021\\\/12\\\/regala-pamplona-1.jpg\",\"articleSection\":[\"Ayto Pamplona\"],\"inLanguage\":\"es\",\"potentialAction\":[{\"@type\":\"CommentAction\",\"name\":\"Comment\",\"target\":[\"https:\\\/\\\/www.laguiadepamplona.com\\\/actualidad\\\/coral-san-fermin-viola-damore-ensemble-cuarteto-alaiz-y-orquesta-paulino-otamendi-protagonizan-los-conciertos-en-iglesias-de-estos-dias-prenavidenos\\\/#respond\"]}]},{\"@type\":\"WebPage\",\"@id\":\"https:\\\/\\\/www.laguiadepamplona.com\\\/actualidad\\\/coral-san-fermin-viola-damore-ensemble-cuarteto-alaiz-y-orquesta-paulino-otamendi-protagonizan-los-conciertos-en-iglesias-de-estos-dias-prenavidenos\\\/\",\"url\":\"https:\\\/\\\/www.laguiadepamplona.com\\\/actualidad\\\/coral-san-fermin-viola-damore-ensemble-cuarteto-alaiz-y-orquesta-paulino-otamendi-protagonizan-los-conciertos-en-iglesias-de-estos-dias-prenavidenos\\\/\",\"name\":\"Coral San Ferm\u00edn, Viola d\u00b4amore Ensemble, Cuarteto Alaiz y Orquesta Paulino Otamendi protagonizan los conciertos en iglesias de estos d\u00edas prenavide\u00f1os\",\"isPartOf\":{\"@id\":\"https:\\\/\\\/www.laguiadepamplona.com\\\/actualidad\\\/#website\"},\"primaryImageOfPage\":{\"@id\":\"https:\\\/\\\/www.laguiadepamplona.com\\\/actualidad\\\/coral-san-fermin-viola-damore-ensemble-cuarteto-alaiz-y-orquesta-paulino-otamendi-protagonizan-los-conciertos-en-iglesias-de-estos-dias-prenavidenos\\\/#primaryimage\"},\"image\":{\"@id\":\"https:\\\/\\\/www.laguiadepamplona.com\\\/actualidad\\\/coral-san-fermin-viola-damore-ensemble-cuarteto-alaiz-y-orquesta-paulino-otamendi-protagonizan-los-conciertos-en-iglesias-de-estos-dias-prenavidenos\\\/#primaryimage\"},\"thumbnailUrl\":\"https:\\\/\\\/www.laguiadepamplona.com\\\/actualidad\\\/wp-content\\\/uploads\\\/2021\\\/12\\\/regala-pamplona-1.jpg\",\"datePublished\":\"2021-12-20T17:11:18+00:00\",\"dateModified\":\"2023-04-11T09:48:39+00:00\",\"description\":\"La programaci\u00f3n navide\u00f1a municipal incluye esta semana m\u00fasica en la calle y talleres de manualidades y regalos en la Casa de la Juventud\",\"breadcrumb\":{\"@id\":\"https:\\\/\\\/www.laguiadepamplona.com\\\/actualidad\\\/coral-san-fermin-viola-damore-ensemble-cuarteto-alaiz-y-orquesta-paulino-otamendi-protagonizan-los-conciertos-en-iglesias-de-estos-dias-prenavidenos\\\/#breadcrumb\"},\"inLanguage\":\"es\",\"potentialAction\":[{\"@type\":\"ReadAction\",\"target\":[\"https:\\\/\\\/www.laguiadepamplona.com\\\/actualidad\\\/coral-san-fermin-viola-damore-ensemble-cuarteto-alaiz-y-orquesta-paulino-otamendi-protagonizan-los-conciertos-en-iglesias-de-estos-dias-prenavidenos\\\/\"]}]},{\"@type\":\"ImageObject\",\"inLanguage\":\"es\",\"@id\":\"https:\\\/\\\/www.laguiadepamplona.com\\\/actualidad\\\/coral-san-fermin-viola-damore-ensemble-cuarteto-alaiz-y-orquesta-paulino-otamendi-protagonizan-los-conciertos-en-iglesias-de-estos-dias-prenavidenos\\\/#primaryimage\",\"url\":\"https:\\\/\\\/www.laguiadepamplona.com\\\/actualidad\\\/wp-content\\\/uploads\\\/2021\\\/12\\\/regala-pamplona-1.jpg\",\"contentUrl\":\"https:\\\/\\\/www.laguiadepamplona.com\\\/actualidad\\\/wp-content\\\/uploads\\\/2021\\\/12\\\/regala-pamplona-1.jpg\",\"width\":1920,\"height\":964},{\"@type\":\"BreadcrumbList\",\"@id\":\"https:\\\/\\\/www.laguiadepamplona.com\\\/actualidad\\\/coral-san-fermin-viola-damore-ensemble-cuarteto-alaiz-y-orquesta-paulino-otamendi-protagonizan-los-conciertos-en-iglesias-de-estos-dias-prenavidenos\\\/#breadcrumb\",\"itemListElement\":[{\"@type\":\"ListItem\",\"position\":1,\"name\":\"Portada\",\"item\":\"https:\\\/\\\/www.laguiadepamplona.com\\\/actualidad\\\/\"},{\"@type\":\"ListItem\",\"position\":2,\"name\":\"Coral San Ferm\u00edn, Viola d\u00b4amore Ensemble, Cuarteto Alaiz y Orquesta Paulino Otamendi protagonizan los conciertos en iglesias de estos d\u00edas prenavide\u00f1os\"}]},{\"@type\":\"WebSite\",\"@id\":\"https:\\\/\\\/www.laguiadepamplona.com\\\/actualidad\\\/#website\",\"url\":\"https:\\\/\\\/www.laguiadepamplona.com\\\/actualidad\\\/\",\"name\":\"La gu\u00eda de Pamplona\",\"description\":\"Noticias de Pamplona\",\"publisher\":{\"@id\":\"https:\\\/\\\/www.laguiadepamplona.com\\\/actualidad\\\/#organization\"},\"potentialAction\":[{\"@type\":\"SearchAction\",\"target\":{\"@type\":\"EntryPoint\",\"urlTemplate\":\"https:\\\/\\\/www.laguiadepamplona.com\\\/actualidad\\\/?s={search_term_string}\"},\"query-input\":{\"@type\":\"PropertyValueSpecification\",\"valueRequired\":true,\"valueName\":\"search_term_string\"}}],\"inLanguage\":\"es\"},{\"@type\":\"Organization\",\"@id\":\"https:\\\/\\\/www.laguiadepamplona.com\\\/actualidad\\\/#organization\",\"name\":\"La Gu\u00eda de Pamplona \\\/ Noticias\",\"url\":\"https:\\\/\\\/www.laguiadepamplona.com\\\/actualidad\\\/\",\"logo\":{\"@type\":\"ImageObject\",\"inLanguage\":\"es\",\"@id\":\"https:\\\/\\\/www.laguiadepamplona.com\\\/actualidad\\\/#\\\/schema\\\/logo\\\/image\\\/\",\"url\":\"https:\\\/\\\/www.laguiadepamplona.com\\\/actualidad\\\/wp-content\\\/uploads\\\/2018\\\/11\\\/logo-laguiadepamplona18-web1.png\",\"contentUrl\":\"https:\\\/\\\/www.laguiadepamplona.com\\\/actualidad\\\/wp-content\\\/uploads\\\/2018\\\/11\\\/logo-laguiadepamplona18-web1.png\",\"width\":600,\"height\":196,\"caption\":\"La Gu\u00eda de Pamplona \\\/ Noticias\"},\"image\":{\"@id\":\"https:\\\/\\\/www.laguiadepamplona.com\\\/actualidad\\\/#\\\/schema\\\/logo\\\/image\\\/\"},\"sameAs\":[\"https:\\\/\\\/www.facebook.com\\\/laguiadepamplonacom-133175176762273\\\/?ref=hl\",\"https:\\\/\\\/x.com\\\/LaGuiadPamplona\",\"https:\\\/\\\/www.instagram.com\\\/la_guia_de_pamplona\\\/\",\"https:\\\/\\\/www.youtube.com\\\/user\\\/laguiadepamplona\"]},{\"@type\":\"Person\",\"@id\":\"https:\\\/\\\/www.laguiadepamplona.com\\\/actualidad\\\/#\\\/schema\\\/person\\\/efe887376f0213d4657c93adc50b1fdb\",\"name\":\"La Gu\u00eda de Pamplona\",\"image\":{\"@type\":\"ImageObject\",\"inLanguage\":\"es\",\"@id\":\"https:\\\/\\\/secure.gravatar.com\\\/avatar\\\/b6992f131dc8d30ab0dff15446e9d346d9dbd95992de0fef795073f5ea83a81c?s=96&d=mm&r=g\",\"url\":\"https:\\\/\\\/secure.gravatar.com\\\/avatar\\\/b6992f131dc8d30ab0dff15446e9d346d9dbd95992de0fef795073f5ea83a81c?s=96&d=mm&r=g\",\"contentUrl\":\"https:\\\/\\\/secure.gravatar.com\\\/avatar\\\/b6992f131dc8d30ab0dff15446e9d346d9dbd95992de0fef795073f5ea83a81c?s=96&d=mm&r=g\",\"caption\":\"La Gu\u00eda de Pamplona\"}}]}<\/script>\n<!-- \/ Yoast SEO plugin. -->","yoast_head_json":{"title":"Coral San Ferm\u00edn, Viola d\u00b4amore Ensemble, Cuarteto Alaiz y Orquesta Paulino Otamendi protagonizan los conciertos en iglesias de estos d\u00edas prenavide\u00f1os","description":"La programaci\u00f3n navide\u00f1a municipal incluye esta semana m\u00fasica en la calle y talleres de manualidades y regalos en la Casa de la Juventud","robots":{"index":"index","follow":"follow","max-snippet":"max-snippet:-1","max-image-preview":"max-image-preview:large","max-video-preview":"max-video-preview:-1"},"canonical":"https:\/\/www.laguiadepamplona.com\/actualidad\/coral-san-fermin-viola-damore-ensemble-cuarteto-alaiz-y-orquesta-paulino-otamendi-protagonizan-los-conciertos-en-iglesias-de-estos-dias-prenavidenos\/","og_locale":"es_ES","og_type":"article","og_title":"Coral San Ferm\u00edn, Viola d\u00b4amore Ensemble, Cuarteto Alaiz y Orquesta Paulino Otamendi protagonizan los conciertos en iglesias de estos d\u00edas prenavide\u00f1os","og_description":"La programaci\u00f3n navide\u00f1a municipal incluye esta semana m\u00fasica en la calle y talleres de manualidades y regalos en la Casa de la Juventud","og_url":"https:\/\/www.laguiadepamplona.com\/actualidad\/coral-san-fermin-viola-damore-ensemble-cuarteto-alaiz-y-orquesta-paulino-otamendi-protagonizan-los-conciertos-en-iglesias-de-estos-dias-prenavidenos\/","og_site_name":"La Gu\u00eda de Pamplona","article_publisher":"https:\/\/www.facebook.com\/laguiadepamplonacom-133175176762273\/?ref=hl","article_published_time":"2021-12-20T17:11:18+00:00","article_modified_time":"2023-04-11T09:48:39+00:00","og_image":[{"width":1920,"height":964,"url":"https:\/\/www.laguiadepamplona.com\/actualidad\/wp-content\/uploads\/2021\/12\/regala-pamplona-1.jpg","type":"image\/jpeg"}],"author":"La Gu\u00eda de Pamplona","twitter_card":"summary_large_image","twitter_creator":"@LaGuiadPamplona","twitter_site":"@LaGuiadPamplona","twitter_misc":{"Escrito por":"La Gu\u00eda de Pamplona","Tiempo de lectura":"5 minutos"},"schema":{"@context":"https:\/\/schema.org","@graph":[{"@type":"Article","@id":"https:\/\/www.laguiadepamplona.com\/actualidad\/coral-san-fermin-viola-damore-ensemble-cuarteto-alaiz-y-orquesta-paulino-otamendi-protagonizan-los-conciertos-en-iglesias-de-estos-dias-prenavidenos\/#article","isPartOf":{"@id":"https:\/\/www.laguiadepamplona.com\/actualidad\/coral-san-fermin-viola-damore-ensemble-cuarteto-alaiz-y-orquesta-paulino-otamendi-protagonizan-los-conciertos-en-iglesias-de-estos-dias-prenavidenos\/"},"author":{"name":"La Gu\u00eda de Pamplona","@id":"https:\/\/www.laguiadepamplona.com\/actualidad\/#\/schema\/person\/efe887376f0213d4657c93adc50b1fdb"},"headline":"Coral San Ferm\u00edn, Viola d\u00b4amore Ensemble, Cuarteto Alaiz y Orquesta Paulino Otamendi protagonizan los conciertos en iglesias de estos d\u00edas prenavide\u00f1os","datePublished":"2021-12-20T17:11:18+00:00","dateModified":"2023-04-11T09:48:39+00:00","mainEntityOfPage":{"@id":"https:\/\/www.laguiadepamplona.com\/actualidad\/coral-san-fermin-viola-damore-ensemble-cuarteto-alaiz-y-orquesta-paulino-otamendi-protagonizan-los-conciertos-en-iglesias-de-estos-dias-prenavidenos\/"},"wordCount":1060,"commentCount":0,"publisher":{"@id":"https:\/\/www.laguiadepamplona.com\/actualidad\/#organization"},"image":{"@id":"https:\/\/www.laguiadepamplona.com\/actualidad\/coral-san-fermin-viola-damore-ensemble-cuarteto-alaiz-y-orquesta-paulino-otamendi-protagonizan-los-conciertos-en-iglesias-de-estos-dias-prenavidenos\/#primaryimage"},"thumbnailUrl":"https:\/\/www.laguiadepamplona.com\/actualidad\/wp-content\/uploads\/2021\/12\/regala-pamplona-1.jpg","articleSection":["Ayto Pamplona"],"inLanguage":"es","potentialAction":[{"@type":"CommentAction","name":"Comment","target":["https:\/\/www.laguiadepamplona.com\/actualidad\/coral-san-fermin-viola-damore-ensemble-cuarteto-alaiz-y-orquesta-paulino-otamendi-protagonizan-los-conciertos-en-iglesias-de-estos-dias-prenavidenos\/#respond"]}]},{"@type":"WebPage","@id":"https:\/\/www.laguiadepamplona.com\/actualidad\/coral-san-fermin-viola-damore-ensemble-cuarteto-alaiz-y-orquesta-paulino-otamendi-protagonizan-los-conciertos-en-iglesias-de-estos-dias-prenavidenos\/","url":"https:\/\/www.laguiadepamplona.com\/actualidad\/coral-san-fermin-viola-damore-ensemble-cuarteto-alaiz-y-orquesta-paulino-otamendi-protagonizan-los-conciertos-en-iglesias-de-estos-dias-prenavidenos\/","name":"Coral San Ferm\u00edn, Viola d\u00b4amore Ensemble, Cuarteto Alaiz y Orquesta Paulino Otamendi protagonizan los conciertos en iglesias de estos d\u00edas prenavide\u00f1os","isPartOf":{"@id":"https:\/\/www.laguiadepamplona.com\/actualidad\/#website"},"primaryImageOfPage":{"@id":"https:\/\/www.laguiadepamplona.com\/actualidad\/coral-san-fermin-viola-damore-ensemble-cuarteto-alaiz-y-orquesta-paulino-otamendi-protagonizan-los-conciertos-en-iglesias-de-estos-dias-prenavidenos\/#primaryimage"},"image":{"@id":"https:\/\/www.laguiadepamplona.com\/actualidad\/coral-san-fermin-viola-damore-ensemble-cuarteto-alaiz-y-orquesta-paulino-otamendi-protagonizan-los-conciertos-en-iglesias-de-estos-dias-prenavidenos\/#primaryimage"},"thumbnailUrl":"https:\/\/www.laguiadepamplona.com\/actualidad\/wp-content\/uploads\/2021\/12\/regala-pamplona-1.jpg","datePublished":"2021-12-20T17:11:18+00:00","dateModified":"2023-04-11T09:48:39+00:00","description":"La programaci\u00f3n navide\u00f1a municipal incluye esta semana m\u00fasica en la calle y talleres de manualidades y regalos en la Casa de la Juventud","breadcrumb":{"@id":"https:\/\/www.laguiadepamplona.com\/actualidad\/coral-san-fermin-viola-damore-ensemble-cuarteto-alaiz-y-orquesta-paulino-otamendi-protagonizan-los-conciertos-en-iglesias-de-estos-dias-prenavidenos\/#breadcrumb"},"inLanguage":"es","potentialAction":[{"@type":"ReadAction","target":["https:\/\/www.laguiadepamplona.com\/actualidad\/coral-san-fermin-viola-damore-ensemble-cuarteto-alaiz-y-orquesta-paulino-otamendi-protagonizan-los-conciertos-en-iglesias-de-estos-dias-prenavidenos\/"]}]},{"@type":"ImageObject","inLanguage":"es","@id":"https:\/\/www.laguiadepamplona.com\/actualidad\/coral-san-fermin-viola-damore-ensemble-cuarteto-alaiz-y-orquesta-paulino-otamendi-protagonizan-los-conciertos-en-iglesias-de-estos-dias-prenavidenos\/#primaryimage","url":"https:\/\/www.laguiadepamplona.com\/actualidad\/wp-content\/uploads\/2021\/12\/regala-pamplona-1.jpg","contentUrl":"https:\/\/www.laguiadepamplona.com\/actualidad\/wp-content\/uploads\/2021\/12\/regala-pamplona-1.jpg","width":1920,"height":964},{"@type":"BreadcrumbList","@id":"https:\/\/www.laguiadepamplona.com\/actualidad\/coral-san-fermin-viola-damore-ensemble-cuarteto-alaiz-y-orquesta-paulino-otamendi-protagonizan-los-conciertos-en-iglesias-de-estos-dias-prenavidenos\/#breadcrumb","itemListElement":[{"@type":"ListItem","position":1,"name":"Portada","item":"https:\/\/www.laguiadepamplona.com\/actualidad\/"},{"@type":"ListItem","position":2,"name":"Coral San Ferm\u00edn, Viola d\u00b4amore Ensemble, Cuarteto Alaiz y Orquesta Paulino Otamendi protagonizan los conciertos en iglesias de estos d\u00edas prenavide\u00f1os"}]},{"@type":"WebSite","@id":"https:\/\/www.laguiadepamplona.com\/actualidad\/#website","url":"https:\/\/www.laguiadepamplona.com\/actualidad\/","name":"La gu\u00eda de Pamplona","description":"Noticias de Pamplona","publisher":{"@id":"https:\/\/www.laguiadepamplona.com\/actualidad\/#organization"},"potentialAction":[{"@type":"SearchAction","target":{"@type":"EntryPoint","urlTemplate":"https:\/\/www.laguiadepamplona.com\/actualidad\/?s={search_term_string}"},"query-input":{"@type":"PropertyValueSpecification","valueRequired":true,"valueName":"search_term_string"}}],"inLanguage":"es"},{"@type":"Organization","@id":"https:\/\/www.laguiadepamplona.com\/actualidad\/#organization","name":"La Gu\u00eda de Pamplona \/ Noticias","url":"https:\/\/www.laguiadepamplona.com\/actualidad\/","logo":{"@type":"ImageObject","inLanguage":"es","@id":"https:\/\/www.laguiadepamplona.com\/actualidad\/#\/schema\/logo\/image\/","url":"https:\/\/www.laguiadepamplona.com\/actualidad\/wp-content\/uploads\/2018\/11\/logo-laguiadepamplona18-web1.png","contentUrl":"https:\/\/www.laguiadepamplona.com\/actualidad\/wp-content\/uploads\/2018\/11\/logo-laguiadepamplona18-web1.png","width":600,"height":196,"caption":"La Gu\u00eda de Pamplona \/ Noticias"},"image":{"@id":"https:\/\/www.laguiadepamplona.com\/actualidad\/#\/schema\/logo\/image\/"},"sameAs":["https:\/\/www.facebook.com\/laguiadepamplonacom-133175176762273\/?ref=hl","https:\/\/x.com\/LaGuiadPamplona","https:\/\/www.instagram.com\/la_guia_de_pamplona\/","https:\/\/www.youtube.com\/user\/laguiadepamplona"]},{"@type":"Person","@id":"https:\/\/www.laguiadepamplona.com\/actualidad\/#\/schema\/person\/efe887376f0213d4657c93adc50b1fdb","name":"La Gu\u00eda de Pamplona","image":{"@type":"ImageObject","inLanguage":"es","@id":"https:\/\/secure.gravatar.com\/avatar\/b6992f131dc8d30ab0dff15446e9d346d9dbd95992de0fef795073f5ea83a81c?s=96&d=mm&r=g","url":"https:\/\/secure.gravatar.com\/avatar\/b6992f131dc8d30ab0dff15446e9d346d9dbd95992de0fef795073f5ea83a81c?s=96&d=mm&r=g","contentUrl":"https:\/\/secure.gravatar.com\/avatar\/b6992f131dc8d30ab0dff15446e9d346d9dbd95992de0fef795073f5ea83a81c?s=96&d=mm&r=g","caption":"La Gu\u00eda de Pamplona"}}]}},"post_mailing_queue_ids":[],"_links":{"self":[{"href":"https:\/\/www.laguiadepamplona.com\/actualidad\/wp-json\/wp\/v2\/posts\/38064","targetHints":{"allow":["GET"]}}],"collection":[{"href":"https:\/\/www.laguiadepamplona.com\/actualidad\/wp-json\/wp\/v2\/posts"}],"about":[{"href":"https:\/\/www.laguiadepamplona.com\/actualidad\/wp-json\/wp\/v2\/types\/post"}],"author":[{"embeddable":true,"href":"https:\/\/www.laguiadepamplona.com\/actualidad\/wp-json\/wp\/v2\/users\/1"}],"replies":[{"embeddable":true,"href":"https:\/\/www.laguiadepamplona.com\/actualidad\/wp-json\/wp\/v2\/comments?post=38064"}],"version-history":[{"count":0,"href":"https:\/\/www.laguiadepamplona.com\/actualidad\/wp-json\/wp\/v2\/posts\/38064\/revisions"}],"wp:featuredmedia":[{"embeddable":true,"href":"https:\/\/www.laguiadepamplona.com\/actualidad\/wp-json\/wp\/v2\/media\/38065"}],"wp:attachment":[{"href":"https:\/\/www.laguiadepamplona.com\/actualidad\/wp-json\/wp\/v2\/media?parent=38064"}],"wp:term":[{"taxonomy":"category","embeddable":true,"href":"https:\/\/www.laguiadepamplona.com\/actualidad\/wp-json\/wp\/v2\/categories?post=38064"},{"taxonomy":"post_tag","embeddable":true,"href":"https:\/\/www.laguiadepamplona.com\/actualidad\/wp-json\/wp\/v2\/tags?post=38064"}],"curies":[{"name":"wp","href":"https:\/\/api.w.org\/{rel}","templated":true}]}}