{"id":38059,"date":"2021-12-20T19:06:18","date_gmt":"2021-12-20T17:06:18","guid":{"rendered":"https:\/\/www.laguiadepamplona.com\/actualidad\/?p=38059"},"modified":"2023-04-11T11:48:39","modified_gmt":"2023-04-11T09:48:39","slug":"aprobada-una-tercera-ampliacion-del-plazo-de-suspension-de-la-licitacion-de-las-obras-para-reurbanizar-y-renovar-las-redes-del-paseo-de-sarasate-y-su-entorno","status":"publish","type":"post","link":"https:\/\/www.laguiadepamplona.com\/actualidad\/aprobada-una-tercera-ampliacion-del-plazo-de-suspension-de-la-licitacion-de-las-obras-para-reurbanizar-y-renovar-las-redes-del-paseo-de-sarasate-y-su-entorno\/","title":{"rendered":"Aprobada una tercera ampliaci\u00f3n del plazo de suspensi\u00f3n de la licitaci\u00f3n de las obras para reurbanizar y renovar las redes del paseo de Sarasate y su entorno"},"content":{"rendered":"<h5>El nuevo plazo concluye el 19 de enero de 2022 para tener tiempo de valorar los estudios presentados sobre arbolado<\/h5>\n<p><!--more--><\/p>\n<p>La Junta de Gobierno Local del Ayuntamiento de Pamplona ha aprobado la tercera ampliaci\u00f3n del plazo de suspensi\u00f3n de la licitaci\u00f3n de las obras de reurbanizaci\u00f3n y renovaci\u00f3n de redes que se quieren acometer en el paseo de Sarasate y en las calles adyacentes del Segundo Ensanche. Ese nuevo plazo finalizar\u00e1 el pr\u00f3ximo 19 de enero de 2022.<br \/>\n<script async src=\"\/\/pagead2.googlesyndication.com\/pagead\/js\/adsbygoogle.js\"><\/script><br \/>\n<!-- Noticias La Guia de Pamplona --><br \/>\n<ins class=\"adsbygoogle\"\nstyle=\"display:block\"\ndata-ad-client=\"ca-pub-6943679897239327\"\ndata-ad-slot=\"7048180777\"\ndata-ad-format=\"auto\"><\/ins><br \/>\n<script>\n(adsbygoogle = window.adsbygoogle || []).push({});\n<\/script><\/p>\n<p>La Junta de Gobierno Local ha ampliado el anterior plazo, que conclu\u00eda este 20 de diciembre, en 30 d\u00edas naturales m\u00e1s, pues se est\u00e1n valorando t\u00e9cnicamente los estudios presentados sobre el arbolado, as\u00ed como las subsanaciones requeridas. En el caso de no haberse ampliado el plazo, hoy hubiera finalizado la segunda suspensi\u00f3n y las empresas licitadoras tendr\u00edan que haber presentado sus propuestas en fechas navide\u00f1as, complicando los tr\u00e1mites necesarios tanto para las propias empresas como para el Ayuntamiento de Pamplona.<\/p>\n<p>La licitaci\u00f3n del proyecto, con un importe de 10,2 millones de euros y 15 meses de plazo de ejecuci\u00f3n, se aprob\u00f3 en Junta de Gobierno Local el pasado 2 de agosto. El anuncio se public\u00f3 en el DOUE de la Uni\u00f3n Europea el 3 de agosto y en el Portal de Contrataci\u00f3n de Navarra el 6 de agosto, con un plazo de presentaci\u00f3n de propuestas hasta el 24 de septiembre. El 21 de septiembre la Junta de Gobierno Local aprob\u00f3 la suspensi\u00f3n de la licitaci\u00f3n durante 30 d\u00edas naturales, hasta el 21 de octubre. El 13 de octubre se ampli\u00f3 esa suspensi\u00f3n hasta el 20 de noviembre. El 22 de noviembre se aprob\u00f3 una segunda ampliaci\u00f3n de ese plazo de suspensi\u00f3n hasta el 20 de diciembre.<\/p>\n","protected":false},"excerpt":{"rendered":"<p>El nuevo plazo concluye el 19 de enero de 2022 para tener tiempo de valorar los estudios presentados sobre arbolado<\/p>\n","protected":false},"author":1,"featured_media":36569,"comment_status":"open","ping_status":"closed","sticky":false,"template":"","format":"standard","meta":{"footnotes":""},"categories":[2],"tags":[],"class_list":["post-38059","post","type-post","status-publish","format-standard","has-post-thumbnail","hentry","category-ayuntamiento-pamplona"],"yoast_head":"<!-- This site is optimized with the Yoast SEO plugin v27.3 - https:\/\/yoast.com\/product\/yoast-seo-wordpress\/ -->\n<title>Aprobada una tercera ampliaci\u00f3n del plazo de suspensi\u00f3n de la licitaci\u00f3n de las obras para reurbanizar y renovar las redes del paseo de Sarasate y su entorno<\/title>\n<meta name=\"description\" content=\"El nuevo plazo concluye el 19 de enero de 2022 para tener tiempo de valorar los estudios presentados sobre arbolado\" \/>\n<meta name=\"robots\" content=\"index, follow, max-snippet:-1, max-image-preview:large, max-video-preview:-1\" \/>\n<link rel=\"canonical\" href=\"https:\/\/www.laguiadepamplona.com\/actualidad\/aprobada-una-tercera-ampliacion-del-plazo-de-suspension-de-la-licitacion-de-las-obras-para-reurbanizar-y-renovar-las-redes-del-paseo-de-sarasate-y-su-entorno\/\" \/>\n<meta property=\"og:locale\" content=\"es_ES\" \/>\n<meta property=\"og:type\" content=\"article\" \/>\n<meta property=\"og:title\" content=\"Aprobada una tercera ampliaci\u00f3n del plazo de suspensi\u00f3n de la licitaci\u00f3n de las obras para reurbanizar y renovar las redes del paseo de Sarasate y su entorno\" \/>\n<meta property=\"og:description\" content=\"El nuevo plazo concluye el 19 de enero de 2022 para tener tiempo de valorar los estudios presentados sobre arbolado\" \/>\n<meta property=\"og:url\" content=\"https:\/\/www.laguiadepamplona.com\/actualidad\/aprobada-una-tercera-ampliacion-del-plazo-de-suspension-de-la-licitacion-de-las-obras-para-reurbanizar-y-renovar-las-redes-del-paseo-de-sarasate-y-su-entorno\/\" \/>\n<meta property=\"og:site_name\" content=\"La Gu\u00eda de Pamplona\" \/>\n<meta property=\"article:publisher\" content=\"https:\/\/www.facebook.com\/laguiadepamplonacom-133175176762273\/?ref=hl\" \/>\n<meta property=\"article:published_time\" content=\"2021-12-20T17:06:18+00:00\" \/>\n<meta property=\"article:modified_time\" content=\"2023-04-11T09:48:39+00:00\" \/>\n<meta property=\"og:image\" content=\"https:\/\/www.laguiadepamplona.com\/actualidad\/wp-content\/uploads\/2021\/09\/paseo-sarasate-pamplona.jpg\" \/>\n\t<meta property=\"og:image:width\" content=\"1920\" \/>\n\t<meta property=\"og:image:height\" content=\"1280\" \/>\n\t<meta property=\"og:image:type\" content=\"image\/jpeg\" \/>\n<meta name=\"author\" content=\"La Gu\u00eda de Pamplona\" \/>\n<meta name=\"twitter:card\" content=\"summary_large_image\" \/>\n<meta name=\"twitter:creator\" content=\"@LaGuiadPamplona\" \/>\n<meta name=\"twitter:site\" content=\"@LaGuiadPamplona\" \/>\n<meta name=\"twitter:label1\" content=\"Escrito por\" \/>\n\t<meta name=\"twitter:data1\" content=\"La Gu\u00eda de Pamplona\" \/>\n\t<meta name=\"twitter:label2\" content=\"Tiempo de lectura\" \/>\n\t<meta name=\"twitter:data2\" content=\"2 minutos\" \/>\n<script type=\"application\/ld+json\" class=\"yoast-schema-graph\">{\"@context\":\"https:\\\/\\\/schema.org\",\"@graph\":[{\"@type\":\"Article\",\"@id\":\"https:\\\/\\\/www.laguiadepamplona.com\\\/actualidad\\\/aprobada-una-tercera-ampliacion-del-plazo-de-suspension-de-la-licitacion-de-las-obras-para-reurbanizar-y-renovar-las-redes-del-paseo-de-sarasate-y-su-entorno\\\/#article\",\"isPartOf\":{\"@id\":\"https:\\\/\\\/www.laguiadepamplona.com\\\/actualidad\\\/aprobada-una-tercera-ampliacion-del-plazo-de-suspension-de-la-licitacion-de-las-obras-para-reurbanizar-y-renovar-las-redes-del-paseo-de-sarasate-y-su-entorno\\\/\"},\"author\":{\"name\":\"La Gu\u00eda de Pamplona\",\"@id\":\"https:\\\/\\\/www.laguiadepamplona.com\\\/actualidad\\\/#\\\/schema\\\/person\\\/efe887376f0213d4657c93adc50b1fdb\"},\"headline\":\"Aprobada una tercera ampliaci\u00f3n del plazo de suspensi\u00f3n de la licitaci\u00f3n de las obras para reurbanizar y renovar las redes del paseo de Sarasate y su entorno\",\"datePublished\":\"2021-12-20T17:06:18+00:00\",\"dateModified\":\"2023-04-11T09:48:39+00:00\",\"mainEntityOfPage\":{\"@id\":\"https:\\\/\\\/www.laguiadepamplona.com\\\/actualidad\\\/aprobada-una-tercera-ampliacion-del-plazo-de-suspension-de-la-licitacion-de-las-obras-para-reurbanizar-y-renovar-las-redes-del-paseo-de-sarasate-y-su-entorno\\\/\"},\"wordCount\":321,\"commentCount\":0,\"publisher\":{\"@id\":\"https:\\\/\\\/www.laguiadepamplona.com\\\/actualidad\\\/#organization\"},\"image\":{\"@id\":\"https:\\\/\\\/www.laguiadepamplona.com\\\/actualidad\\\/aprobada-una-tercera-ampliacion-del-plazo-de-suspension-de-la-licitacion-de-las-obras-para-reurbanizar-y-renovar-las-redes-del-paseo-de-sarasate-y-su-entorno\\\/#primaryimage\"},\"thumbnailUrl\":\"https:\\\/\\\/www.laguiadepamplona.com\\\/actualidad\\\/wp-content\\\/uploads\\\/2021\\\/09\\\/paseo-sarasate-pamplona.jpg\",\"articleSection\":[\"Ayto Pamplona\"],\"inLanguage\":\"es\",\"potentialAction\":[{\"@type\":\"CommentAction\",\"name\":\"Comment\",\"target\":[\"https:\\\/\\\/www.laguiadepamplona.com\\\/actualidad\\\/aprobada-una-tercera-ampliacion-del-plazo-de-suspension-de-la-licitacion-de-las-obras-para-reurbanizar-y-renovar-las-redes-del-paseo-de-sarasate-y-su-entorno\\\/#respond\"]}]},{\"@type\":\"WebPage\",\"@id\":\"https:\\\/\\\/www.laguiadepamplona.com\\\/actualidad\\\/aprobada-una-tercera-ampliacion-del-plazo-de-suspension-de-la-licitacion-de-las-obras-para-reurbanizar-y-renovar-las-redes-del-paseo-de-sarasate-y-su-entorno\\\/\",\"url\":\"https:\\\/\\\/www.laguiadepamplona.com\\\/actualidad\\\/aprobada-una-tercera-ampliacion-del-plazo-de-suspension-de-la-licitacion-de-las-obras-para-reurbanizar-y-renovar-las-redes-del-paseo-de-sarasate-y-su-entorno\\\/\",\"name\":\"Aprobada una tercera ampliaci\u00f3n del plazo de suspensi\u00f3n de la licitaci\u00f3n de las obras para reurbanizar y renovar las redes del paseo de Sarasate y su entorno\",\"isPartOf\":{\"@id\":\"https:\\\/\\\/www.laguiadepamplona.com\\\/actualidad\\\/#website\"},\"primaryImageOfPage\":{\"@id\":\"https:\\\/\\\/www.laguiadepamplona.com\\\/actualidad\\\/aprobada-una-tercera-ampliacion-del-plazo-de-suspension-de-la-licitacion-de-las-obras-para-reurbanizar-y-renovar-las-redes-del-paseo-de-sarasate-y-su-entorno\\\/#primaryimage\"},\"image\":{\"@id\":\"https:\\\/\\\/www.laguiadepamplona.com\\\/actualidad\\\/aprobada-una-tercera-ampliacion-del-plazo-de-suspension-de-la-licitacion-de-las-obras-para-reurbanizar-y-renovar-las-redes-del-paseo-de-sarasate-y-su-entorno\\\/#primaryimage\"},\"thumbnailUrl\":\"https:\\\/\\\/www.laguiadepamplona.com\\\/actualidad\\\/wp-content\\\/uploads\\\/2021\\\/09\\\/paseo-sarasate-pamplona.jpg\",\"datePublished\":\"2021-12-20T17:06:18+00:00\",\"dateModified\":\"2023-04-11T09:48:39+00:00\",\"description\":\"El nuevo plazo concluye el 19 de enero de 2022 para tener tiempo de valorar los estudios presentados sobre arbolado\",\"breadcrumb\":{\"@id\":\"https:\\\/\\\/www.laguiadepamplona.com\\\/actualidad\\\/aprobada-una-tercera-ampliacion-del-plazo-de-suspension-de-la-licitacion-de-las-obras-para-reurbanizar-y-renovar-las-redes-del-paseo-de-sarasate-y-su-entorno\\\/#breadcrumb\"},\"inLanguage\":\"es\",\"potentialAction\":[{\"@type\":\"ReadAction\",\"target\":[\"https:\\\/\\\/www.laguiadepamplona.com\\\/actualidad\\\/aprobada-una-tercera-ampliacion-del-plazo-de-suspension-de-la-licitacion-de-las-obras-para-reurbanizar-y-renovar-las-redes-del-paseo-de-sarasate-y-su-entorno\\\/\"]}]},{\"@type\":\"ImageObject\",\"inLanguage\":\"es\",\"@id\":\"https:\\\/\\\/www.laguiadepamplona.com\\\/actualidad\\\/aprobada-una-tercera-ampliacion-del-plazo-de-suspension-de-la-licitacion-de-las-obras-para-reurbanizar-y-renovar-las-redes-del-paseo-de-sarasate-y-su-entorno\\\/#primaryimage\",\"url\":\"https:\\\/\\\/www.laguiadepamplona.com\\\/actualidad\\\/wp-content\\\/uploads\\\/2021\\\/09\\\/paseo-sarasate-pamplona.jpg\",\"contentUrl\":\"https:\\\/\\\/www.laguiadepamplona.com\\\/actualidad\\\/wp-content\\\/uploads\\\/2021\\\/09\\\/paseo-sarasate-pamplona.jpg\",\"width\":1920,\"height\":1280,\"caption\":\"paseo sarasate\"},{\"@type\":\"BreadcrumbList\",\"@id\":\"https:\\\/\\\/www.laguiadepamplona.com\\\/actualidad\\\/aprobada-una-tercera-ampliacion-del-plazo-de-suspension-de-la-licitacion-de-las-obras-para-reurbanizar-y-renovar-las-redes-del-paseo-de-sarasate-y-su-entorno\\\/#breadcrumb\",\"itemListElement\":[{\"@type\":\"ListItem\",\"position\":1,\"name\":\"Portada\",\"item\":\"https:\\\/\\\/www.laguiadepamplona.com\\\/actualidad\\\/\"},{\"@type\":\"ListItem\",\"position\":2,\"name\":\"Aprobada una tercera ampliaci\u00f3n del plazo de suspensi\u00f3n de la licitaci\u00f3n de las obras para reurbanizar y renovar las redes del paseo de Sarasate y su entorno\"}]},{\"@type\":\"WebSite\",\"@id\":\"https:\\\/\\\/www.laguiadepamplona.com\\\/actualidad\\\/#website\",\"url\":\"https:\\\/\\\/www.laguiadepamplona.com\\\/actualidad\\\/\",\"name\":\"La gu\u00eda de Pamplona\",\"description\":\"Noticias de Pamplona\",\"publisher\":{\"@id\":\"https:\\\/\\\/www.laguiadepamplona.com\\\/actualidad\\\/#organization\"},\"potentialAction\":[{\"@type\":\"SearchAction\",\"target\":{\"@type\":\"EntryPoint\",\"urlTemplate\":\"https:\\\/\\\/www.laguiadepamplona.com\\\/actualidad\\\/?s={search_term_string}\"},\"query-input\":{\"@type\":\"PropertyValueSpecification\",\"valueRequired\":true,\"valueName\":\"search_term_string\"}}],\"inLanguage\":\"es\"},{\"@type\":\"Organization\",\"@id\":\"https:\\\/\\\/www.laguiadepamplona.com\\\/actualidad\\\/#organization\",\"name\":\"La Gu\u00eda de Pamplona \\\/ Noticias\",\"url\":\"https:\\\/\\\/www.laguiadepamplona.com\\\/actualidad\\\/\",\"logo\":{\"@type\":\"ImageObject\",\"inLanguage\":\"es\",\"@id\":\"https:\\\/\\\/www.laguiadepamplona.com\\\/actualidad\\\/#\\\/schema\\\/logo\\\/image\\\/\",\"url\":\"https:\\\/\\\/www.laguiadepamplona.com\\\/actualidad\\\/wp-content\\\/uploads\\\/2018\\\/11\\\/logo-laguiadepamplona18-web1.png\",\"contentUrl\":\"https:\\\/\\\/www.laguiadepamplona.com\\\/actualidad\\\/wp-content\\\/uploads\\\/2018\\\/11\\\/logo-laguiadepamplona18-web1.png\",\"width\":600,\"height\":196,\"caption\":\"La Gu\u00eda de Pamplona \\\/ Noticias\"},\"image\":{\"@id\":\"https:\\\/\\\/www.laguiadepamplona.com\\\/actualidad\\\/#\\\/schema\\\/logo\\\/image\\\/\"},\"sameAs\":[\"https:\\\/\\\/www.facebook.com\\\/laguiadepamplonacom-133175176762273\\\/?ref=hl\",\"https:\\\/\\\/x.com\\\/LaGuiadPamplona\",\"https:\\\/\\\/www.instagram.com\\\/la_guia_de_pamplona\\\/\",\"https:\\\/\\\/www.youtube.com\\\/user\\\/laguiadepamplona\"]},{\"@type\":\"Person\",\"@id\":\"https:\\\/\\\/www.laguiadepamplona.com\\\/actualidad\\\/#\\\/schema\\\/person\\\/efe887376f0213d4657c93adc50b1fdb\",\"name\":\"La Gu\u00eda de Pamplona\",\"image\":{\"@type\":\"ImageObject\",\"inLanguage\":\"es\",\"@id\":\"https:\\\/\\\/secure.gravatar.com\\\/avatar\\\/b6992f131dc8d30ab0dff15446e9d346d9dbd95992de0fef795073f5ea83a81c?s=96&d=mm&r=g\",\"url\":\"https:\\\/\\\/secure.gravatar.com\\\/avatar\\\/b6992f131dc8d30ab0dff15446e9d346d9dbd95992de0fef795073f5ea83a81c?s=96&d=mm&r=g\",\"contentUrl\":\"https:\\\/\\\/secure.gravatar.com\\\/avatar\\\/b6992f131dc8d30ab0dff15446e9d346d9dbd95992de0fef795073f5ea83a81c?s=96&d=mm&r=g\",\"caption\":\"La Gu\u00eda de Pamplona\"}}]}<\/script>\n<!-- \/ Yoast SEO plugin. -->","yoast_head_json":{"title":"Aprobada una tercera ampliaci\u00f3n del plazo de suspensi\u00f3n de la licitaci\u00f3n de las obras para reurbanizar y renovar las redes del paseo de Sarasate y su entorno","description":"El nuevo plazo concluye el 19 de enero de 2022 para tener tiempo de valorar los estudios presentados sobre arbolado","robots":{"index":"index","follow":"follow","max-snippet":"max-snippet:-1","max-image-preview":"max-image-preview:large","max-video-preview":"max-video-preview:-1"},"canonical":"https:\/\/www.laguiadepamplona.com\/actualidad\/aprobada-una-tercera-ampliacion-del-plazo-de-suspension-de-la-licitacion-de-las-obras-para-reurbanizar-y-renovar-las-redes-del-paseo-de-sarasate-y-su-entorno\/","og_locale":"es_ES","og_type":"article","og_title":"Aprobada una tercera ampliaci\u00f3n del plazo de suspensi\u00f3n de la licitaci\u00f3n de las obras para reurbanizar y renovar las redes del paseo de Sarasate y su entorno","og_description":"El nuevo plazo concluye el 19 de enero de 2022 para tener tiempo de valorar los estudios presentados sobre arbolado","og_url":"https:\/\/www.laguiadepamplona.com\/actualidad\/aprobada-una-tercera-ampliacion-del-plazo-de-suspension-de-la-licitacion-de-las-obras-para-reurbanizar-y-renovar-las-redes-del-paseo-de-sarasate-y-su-entorno\/","og_site_name":"La Gu\u00eda de Pamplona","article_publisher":"https:\/\/www.facebook.com\/laguiadepamplonacom-133175176762273\/?ref=hl","article_published_time":"2021-12-20T17:06:18+00:00","article_modified_time":"2023-04-11T09:48:39+00:00","og_image":[{"width":1920,"height":1280,"url":"https:\/\/www.laguiadepamplona.com\/actualidad\/wp-content\/uploads\/2021\/09\/paseo-sarasate-pamplona.jpg","type":"image\/jpeg"}],"author":"La Gu\u00eda de Pamplona","twitter_card":"summary_large_image","twitter_creator":"@LaGuiadPamplona","twitter_site":"@LaGuiadPamplona","twitter_misc":{"Escrito por":"La Gu\u00eda de Pamplona","Tiempo de lectura":"2 minutos"},"schema":{"@context":"https:\/\/schema.org","@graph":[{"@type":"Article","@id":"https:\/\/www.laguiadepamplona.com\/actualidad\/aprobada-una-tercera-ampliacion-del-plazo-de-suspension-de-la-licitacion-de-las-obras-para-reurbanizar-y-renovar-las-redes-del-paseo-de-sarasate-y-su-entorno\/#article","isPartOf":{"@id":"https:\/\/www.laguiadepamplona.com\/actualidad\/aprobada-una-tercera-ampliacion-del-plazo-de-suspension-de-la-licitacion-de-las-obras-para-reurbanizar-y-renovar-las-redes-del-paseo-de-sarasate-y-su-entorno\/"},"author":{"name":"La Gu\u00eda de Pamplona","@id":"https:\/\/www.laguiadepamplona.com\/actualidad\/#\/schema\/person\/efe887376f0213d4657c93adc50b1fdb"},"headline":"Aprobada una tercera ampliaci\u00f3n del plazo de suspensi\u00f3n de la licitaci\u00f3n de las obras para reurbanizar y renovar las redes del paseo de Sarasate y su entorno","datePublished":"2021-12-20T17:06:18+00:00","dateModified":"2023-04-11T09:48:39+00:00","mainEntityOfPage":{"@id":"https:\/\/www.laguiadepamplona.com\/actualidad\/aprobada-una-tercera-ampliacion-del-plazo-de-suspension-de-la-licitacion-de-las-obras-para-reurbanizar-y-renovar-las-redes-del-paseo-de-sarasate-y-su-entorno\/"},"wordCount":321,"commentCount":0,"publisher":{"@id":"https:\/\/www.laguiadepamplona.com\/actualidad\/#organization"},"image":{"@id":"https:\/\/www.laguiadepamplona.com\/actualidad\/aprobada-una-tercera-ampliacion-del-plazo-de-suspension-de-la-licitacion-de-las-obras-para-reurbanizar-y-renovar-las-redes-del-paseo-de-sarasate-y-su-entorno\/#primaryimage"},"thumbnailUrl":"https:\/\/www.laguiadepamplona.com\/actualidad\/wp-content\/uploads\/2021\/09\/paseo-sarasate-pamplona.jpg","articleSection":["Ayto Pamplona"],"inLanguage":"es","potentialAction":[{"@type":"CommentAction","name":"Comment","target":["https:\/\/www.laguiadepamplona.com\/actualidad\/aprobada-una-tercera-ampliacion-del-plazo-de-suspension-de-la-licitacion-de-las-obras-para-reurbanizar-y-renovar-las-redes-del-paseo-de-sarasate-y-su-entorno\/#respond"]}]},{"@type":"WebPage","@id":"https:\/\/www.laguiadepamplona.com\/actualidad\/aprobada-una-tercera-ampliacion-del-plazo-de-suspension-de-la-licitacion-de-las-obras-para-reurbanizar-y-renovar-las-redes-del-paseo-de-sarasate-y-su-entorno\/","url":"https:\/\/www.laguiadepamplona.com\/actualidad\/aprobada-una-tercera-ampliacion-del-plazo-de-suspension-de-la-licitacion-de-las-obras-para-reurbanizar-y-renovar-las-redes-del-paseo-de-sarasate-y-su-entorno\/","name":"Aprobada una tercera ampliaci\u00f3n del plazo de suspensi\u00f3n de la licitaci\u00f3n de las obras para reurbanizar y renovar las redes del paseo de Sarasate y su entorno","isPartOf":{"@id":"https:\/\/www.laguiadepamplona.com\/actualidad\/#website"},"primaryImageOfPage":{"@id":"https:\/\/www.laguiadepamplona.com\/actualidad\/aprobada-una-tercera-ampliacion-del-plazo-de-suspension-de-la-licitacion-de-las-obras-para-reurbanizar-y-renovar-las-redes-del-paseo-de-sarasate-y-su-entorno\/#primaryimage"},"image":{"@id":"https:\/\/www.laguiadepamplona.com\/actualidad\/aprobada-una-tercera-ampliacion-del-plazo-de-suspension-de-la-licitacion-de-las-obras-para-reurbanizar-y-renovar-las-redes-del-paseo-de-sarasate-y-su-entorno\/#primaryimage"},"thumbnailUrl":"https:\/\/www.laguiadepamplona.com\/actualidad\/wp-content\/uploads\/2021\/09\/paseo-sarasate-pamplona.jpg","datePublished":"2021-12-20T17:06:18+00:00","dateModified":"2023-04-11T09:48:39+00:00","description":"El nuevo plazo concluye el 19 de enero de 2022 para tener tiempo de valorar los estudios presentados sobre arbolado","breadcrumb":{"@id":"https:\/\/www.laguiadepamplona.com\/actualidad\/aprobada-una-tercera-ampliacion-del-plazo-de-suspension-de-la-licitacion-de-las-obras-para-reurbanizar-y-renovar-las-redes-del-paseo-de-sarasate-y-su-entorno\/#breadcrumb"},"inLanguage":"es","potentialAction":[{"@type":"ReadAction","target":["https:\/\/www.laguiadepamplona.com\/actualidad\/aprobada-una-tercera-ampliacion-del-plazo-de-suspension-de-la-licitacion-de-las-obras-para-reurbanizar-y-renovar-las-redes-del-paseo-de-sarasate-y-su-entorno\/"]}]},{"@type":"ImageObject","inLanguage":"es","@id":"https:\/\/www.laguiadepamplona.com\/actualidad\/aprobada-una-tercera-ampliacion-del-plazo-de-suspension-de-la-licitacion-de-las-obras-para-reurbanizar-y-renovar-las-redes-del-paseo-de-sarasate-y-su-entorno\/#primaryimage","url":"https:\/\/www.laguiadepamplona.com\/actualidad\/wp-content\/uploads\/2021\/09\/paseo-sarasate-pamplona.jpg","contentUrl":"https:\/\/www.laguiadepamplona.com\/actualidad\/wp-content\/uploads\/2021\/09\/paseo-sarasate-pamplona.jpg","width":1920,"height":1280,"caption":"paseo sarasate"},{"@type":"BreadcrumbList","@id":"https:\/\/www.laguiadepamplona.com\/actualidad\/aprobada-una-tercera-ampliacion-del-plazo-de-suspension-de-la-licitacion-de-las-obras-para-reurbanizar-y-renovar-las-redes-del-paseo-de-sarasate-y-su-entorno\/#breadcrumb","itemListElement":[{"@type":"ListItem","position":1,"name":"Portada","item":"https:\/\/www.laguiadepamplona.com\/actualidad\/"},{"@type":"ListItem","position":2,"name":"Aprobada una tercera ampliaci\u00f3n del plazo de suspensi\u00f3n de la licitaci\u00f3n de las obras para reurbanizar y renovar las redes del paseo de Sarasate y su entorno"}]},{"@type":"WebSite","@id":"https:\/\/www.laguiadepamplona.com\/actualidad\/#website","url":"https:\/\/www.laguiadepamplona.com\/actualidad\/","name":"La gu\u00eda de Pamplona","description":"Noticias de Pamplona","publisher":{"@id":"https:\/\/www.laguiadepamplona.com\/actualidad\/#organization"},"potentialAction":[{"@type":"SearchAction","target":{"@type":"EntryPoint","urlTemplate":"https:\/\/www.laguiadepamplona.com\/actualidad\/?s={search_term_string}"},"query-input":{"@type":"PropertyValueSpecification","valueRequired":true,"valueName":"search_term_string"}}],"inLanguage":"es"},{"@type":"Organization","@id":"https:\/\/www.laguiadepamplona.com\/actualidad\/#organization","name":"La Gu\u00eda de Pamplona \/ Noticias","url":"https:\/\/www.laguiadepamplona.com\/actualidad\/","logo":{"@type":"ImageObject","inLanguage":"es","@id":"https:\/\/www.laguiadepamplona.com\/actualidad\/#\/schema\/logo\/image\/","url":"https:\/\/www.laguiadepamplona.com\/actualidad\/wp-content\/uploads\/2018\/11\/logo-laguiadepamplona18-web1.png","contentUrl":"https:\/\/www.laguiadepamplona.com\/actualidad\/wp-content\/uploads\/2018\/11\/logo-laguiadepamplona18-web1.png","width":600,"height":196,"caption":"La Gu\u00eda de Pamplona \/ Noticias"},"image":{"@id":"https:\/\/www.laguiadepamplona.com\/actualidad\/#\/schema\/logo\/image\/"},"sameAs":["https:\/\/www.facebook.com\/laguiadepamplonacom-133175176762273\/?ref=hl","https:\/\/x.com\/LaGuiadPamplona","https:\/\/www.instagram.com\/la_guia_de_pamplona\/","https:\/\/www.youtube.com\/user\/laguiadepamplona"]},{"@type":"Person","@id":"https:\/\/www.laguiadepamplona.com\/actualidad\/#\/schema\/person\/efe887376f0213d4657c93adc50b1fdb","name":"La Gu\u00eda de Pamplona","image":{"@type":"ImageObject","inLanguage":"es","@id":"https:\/\/secure.gravatar.com\/avatar\/b6992f131dc8d30ab0dff15446e9d346d9dbd95992de0fef795073f5ea83a81c?s=96&d=mm&r=g","url":"https:\/\/secure.gravatar.com\/avatar\/b6992f131dc8d30ab0dff15446e9d346d9dbd95992de0fef795073f5ea83a81c?s=96&d=mm&r=g","contentUrl":"https:\/\/secure.gravatar.com\/avatar\/b6992f131dc8d30ab0dff15446e9d346d9dbd95992de0fef795073f5ea83a81c?s=96&d=mm&r=g","caption":"La Gu\u00eda de Pamplona"}}]}},"post_mailing_queue_ids":[],"_links":{"self":[{"href":"https:\/\/www.laguiadepamplona.com\/actualidad\/wp-json\/wp\/v2\/posts\/38059","targetHints":{"allow":["GET"]}}],"collection":[{"href":"https:\/\/www.laguiadepamplona.com\/actualidad\/wp-json\/wp\/v2\/posts"}],"about":[{"href":"https:\/\/www.laguiadepamplona.com\/actualidad\/wp-json\/wp\/v2\/types\/post"}],"author":[{"embeddable":true,"href":"https:\/\/www.laguiadepamplona.com\/actualidad\/wp-json\/wp\/v2\/users\/1"}],"replies":[{"embeddable":true,"href":"https:\/\/www.laguiadepamplona.com\/actualidad\/wp-json\/wp\/v2\/comments?post=38059"}],"version-history":[{"count":0,"href":"https:\/\/www.laguiadepamplona.com\/actualidad\/wp-json\/wp\/v2\/posts\/38059\/revisions"}],"wp:featuredmedia":[{"embeddable":true,"href":"https:\/\/www.laguiadepamplona.com\/actualidad\/wp-json\/wp\/v2\/media\/36569"}],"wp:attachment":[{"href":"https:\/\/www.laguiadepamplona.com\/actualidad\/wp-json\/wp\/v2\/media?parent=38059"}],"wp:term":[{"taxonomy":"category","embeddable":true,"href":"https:\/\/www.laguiadepamplona.com\/actualidad\/wp-json\/wp\/v2\/categories?post=38059"},{"taxonomy":"post_tag","embeddable":true,"href":"https:\/\/www.laguiadepamplona.com\/actualidad\/wp-json\/wp\/v2\/tags?post=38059"}],"curies":[{"name":"wp","href":"https:\/\/api.w.org\/{rel}","templated":true}]}}