{"id":38056,"date":"2021-12-20T19:04:23","date_gmt":"2021-12-20T17:04:23","guid":{"rendered":"https:\/\/www.laguiadepamplona.com\/actualidad\/?p=38056"},"modified":"2023-04-11T11:48:39","modified_gmt":"2023-04-11T09:48:39","slug":"manana-martes-se-celebra-la-jornada-realidades-y-desafios-para-las-personas-lgtbi-migradas-y-refugiadas-con-una-sesion-vespertina-abierta-a-la-ciudadania","status":"publish","type":"post","link":"https:\/\/www.laguiadepamplona.com\/actualidad\/manana-martes-se-celebra-la-jornada-realidades-y-desafios-para-las-personas-lgtbi-migradas-y-refugiadas-con-una-sesion-vespertina-abierta-a-la-ciudadania\/","title":{"rendered":"Ma\u00f1ana martes se celebra la jornada \u2018Realidades y desaf\u00edos para las personas LGTBI+ migradas y refugiadas\u2019, con una sesi\u00f3n vespertina abierta a la ciudadan\u00eda"},"content":{"rendered":"<h5>El jueves tuvo lugar una jornada sobre LGTBIfobia, con la presentaci\u00f3n del protocolo de coordinaci\u00f3n y respuesta en Pamplona<\/h5>\n<p><!--more--><\/p>\n<p>La Sala Geltoki, en la antigua estaci\u00f3n de autobuses, acoge ma\u00f1ana martes la jornada \u2018Realidades y desaf\u00edos para las personas LGTBI+ migradas y refugiadas\u2019, organizada por el Ayuntamiento de Pamplona. Se trata de una jornada para conocer los retos en empleabilidad, accesibilidad a la vivienda y situaci\u00f3n administrativa de las personas LGTBI migradas y refugiadas.<br \/>\n<script async src=\"\/\/pagead2.googlesyndication.com\/pagead\/js\/adsbygoogle.js\"><\/script><br \/>\n<!-- Noticias La Guia de Pamplona --><br \/>\n<ins class=\"adsbygoogle\"\nstyle=\"display:block\"\ndata-ad-client=\"ca-pub-6943679897239327\"\ndata-ad-slot=\"7048180777\"\ndata-ad-format=\"auto\"><\/ins><br \/>\n<script>\n(adsbygoogle = window.adsbygoogle || []).push({});\n<\/script><\/p>\n<p>La jornada se celebrar\u00e1 en doble sesi\u00f3n. Por la ma\u00f1ana, de 10 a 13.30 horas, las ponencias estar\u00e1n dirigidas a profesionales del \u00e1mbito social. Las impartir\u00e1n representantes de CEAR, entidad que trabaja en la defensa del derecho de asilo y los derechos humanos; F\u00e9nix Asociaci\u00f3n, de apoyo a las personas refugiadas e inmigrantes LGTBI+ y colectivos minoritarios en Navarra; y Kif-Kif Entre Iguales, que promueve los derechos y la inclusi\u00f3n social de las personas LGTBI migrantes, refugiadas, solicitantes y con necesidades de protecci\u00f3n internacional en Espa\u00f1a. El aforo es limitado y la inscripci\u00f3n se debe realizar a trav\u00e9s de una <a href=\"https:\/\/forms.office.com\/Pages\/ResponsePage.aspx?id=JLu00Y8ugkCQrfU-7caQggdga1KCg4VIqlFkjshF8LRUMjhKTkNGUEdQWk1WQVM5QjJGQ0cxNkU4NyQlQCN0PWcu\" target=\"_blank\" rel=\"noopener\">ficha de inscripci\u00f3n online<\/a>.<\/p>\n<p>Por la tarde, a las 18.30 horas, la sesi\u00f3n prevista est\u00e1 abierta a la toda la ciudadan\u00eda. Tendr\u00e1 lugar un espacio de presentaci\u00f3n y encuentro para conocer los diferentes recursos y entidades que trabajaban para la inclusi\u00f3n y el bienestar de las personas LGTBI+ migradas y refugiadas. Esta jornada forma parte del acuerdo presupuestario firmado por los grupos municipales de Navarra Suma y Socialistas del Ayuntamiento de Pamplona.<br \/>\n<script async src=\"\/\/pagead2.googlesyndication.com\/pagead\/js\/adsbygoogle.js\"><\/script><br \/>\n<!-- Noticias La Guia de Pamplona --><br \/>\n<ins class=\"adsbygoogle\"\nstyle=\"display:block\"\ndata-ad-client=\"ca-pub-6943679897239327\"\ndata-ad-slot=\"7048180777\"\ndata-ad-format=\"auto\"><\/ins><br \/>\n<script>\n(adsbygoogle = window.adsbygoogle || []).push({});\n<\/script><\/p>\n<p><strong>Jornada sobre la LGTBIfobia<\/strong><\/p>\n<p>El pasado jueves por la tarde se celebr\u00f3 en la Sala Calderer\u00eda una jornada sobre la LGTBIfobia. Se imparti\u00f3 una ponencia sobre los delitos de odio LGTBIf\u00f3bicos, a cargo del abogado especialista en la materia \u00c1ngel Mar\u00eda Balda, y desde el servicio Harrotu se expusieron las funciones que realizan en torno a esos delitos delitos de odio. Adem\u00e1s, se present\u00f3 a la ciudadan\u00eda del protocolo de coordinaci\u00f3n y respuesta en Pamplona frente a las agresiones a personas LGTBI, realizado conjuntamente por el Ayuntamiento de Pamplona y colectivos del movimiento LGTBI+ de la ciudad.<\/p>\n<p>La jornada abord\u00f3 ese marco de trabajo conjunto para garantizar y defender los derechos de las personas LGTBI+ y para contribuir a la transformaci\u00f3n social que aspira a la tolerancia, el respeto y la aceptaci\u00f3n de la diversidad sexual y de g\u00e9nero como valor social. Ese trabajo responde tanto a una dimensi\u00f3n personal, que establece como criterio central el respeto absoluto a la libertad de cada persona para que decida el grado de visibilidad que considere, como a una dimensi\u00f3n social, para que se visibilice todo tipo de violencia LGTBIf\u00f3bica.<\/p>\n","protected":false},"excerpt":{"rendered":"<p>El jueves tuvo lugar una jornada sobre LGTBIfobia, con la presentaci\u00f3n del protocolo de coordinaci\u00f3n y respuesta en Pamplona<\/p>\n","protected":false},"author":1,"featured_media":38057,"comment_status":"open","ping_status":"closed","sticky":false,"template":"","format":"standard","meta":{"footnotes":""},"categories":[2],"tags":[],"class_list":["post-38056","post","type-post","status-publish","format-standard","has-post-thumbnail","hentry","category-ayuntamiento-pamplona"],"yoast_head":"<!-- This site is optimized with the Yoast SEO plugin v27.5 - https:\/\/yoast.com\/product\/yoast-seo-wordpress\/ -->\n<title>Ma\u00f1ana martes se celebra la jornada \u2018Realidades y desaf\u00edos para las personas LGTBI+ migradas y refugiadas\u2019, con una sesi\u00f3n vespertina abierta a la ciudadan\u00eda<\/title>\n<meta name=\"description\" content=\"El jueves tuvo lugar una jornada sobre LGTBIfobia, con la presentaci\u00f3n del protocolo de coordinaci\u00f3n y respuesta en Pamplona\" \/>\n<meta name=\"robots\" content=\"index, follow, max-snippet:-1, max-image-preview:large, max-video-preview:-1\" \/>\n<link rel=\"canonical\" href=\"https:\/\/www.laguiadepamplona.com\/actualidad\/manana-martes-se-celebra-la-jornada-realidades-y-desafios-para-las-personas-lgtbi-migradas-y-refugiadas-con-una-sesion-vespertina-abierta-a-la-ciudadania\/\" \/>\n<meta property=\"og:locale\" content=\"es_ES\" \/>\n<meta property=\"og:type\" content=\"article\" \/>\n<meta property=\"og:title\" content=\"Ma\u00f1ana martes se celebra la jornada \u2018Realidades y desaf\u00edos para las personas LGTBI+ migradas y refugiadas\u2019, con una sesi\u00f3n vespertina abierta a la ciudadan\u00eda\" \/>\n<meta property=\"og:description\" content=\"El jueves tuvo lugar una jornada sobre LGTBIfobia, con la presentaci\u00f3n del protocolo de coordinaci\u00f3n y respuesta en Pamplona\" \/>\n<meta property=\"og:url\" content=\"https:\/\/www.laguiadepamplona.com\/actualidad\/manana-martes-se-celebra-la-jornada-realidades-y-desafios-para-las-personas-lgtbi-migradas-y-refugiadas-con-una-sesion-vespertina-abierta-a-la-ciudadania\/\" \/>\n<meta property=\"og:site_name\" content=\"La Gu\u00eda de Pamplona\" \/>\n<meta property=\"article:publisher\" content=\"https:\/\/www.facebook.com\/laguiadepamplonacom-133175176762273\/?ref=hl\" \/>\n<meta property=\"article:published_time\" content=\"2021-12-20T17:04:23+00:00\" \/>\n<meta property=\"article:modified_time\" content=\"2023-04-11T09:48:39+00:00\" \/>\n<meta property=\"og:image\" content=\"https:\/\/www.laguiadepamplona.com\/actualidad\/wp-content\/uploads\/2021\/12\/211220carteljornadalgtbimigradasrefugiadas.jpg\" \/>\n\t<meta property=\"og:image:width\" content=\"1920\" \/>\n\t<meta property=\"og:image:height\" content=\"1920\" \/>\n\t<meta property=\"og:image:type\" content=\"image\/jpeg\" \/>\n<meta name=\"author\" content=\"La Gu\u00eda de Pamplona\" \/>\n<meta name=\"twitter:card\" content=\"summary_large_image\" \/>\n<meta name=\"twitter:creator\" content=\"@LaGuiadPamplona\" \/>\n<meta name=\"twitter:site\" content=\"@LaGuiadPamplona\" \/>\n<meta name=\"twitter:label1\" content=\"Escrito por\" \/>\n\t<meta name=\"twitter:data1\" content=\"La Gu\u00eda de Pamplona\" \/>\n\t<meta name=\"twitter:label2\" content=\"Tiempo de lectura\" \/>\n\t<meta name=\"twitter:data2\" content=\"2 minutos\" \/>\n<script type=\"application\/ld+json\" class=\"yoast-schema-graph\">{\"@context\":\"https:\\\/\\\/schema.org\",\"@graph\":[{\"@type\":\"Article\",\"@id\":\"https:\\\/\\\/www.laguiadepamplona.com\\\/actualidad\\\/manana-martes-se-celebra-la-jornada-realidades-y-desafios-para-las-personas-lgtbi-migradas-y-refugiadas-con-una-sesion-vespertina-abierta-a-la-ciudadania\\\/#article\",\"isPartOf\":{\"@id\":\"https:\\\/\\\/www.laguiadepamplona.com\\\/actualidad\\\/manana-martes-se-celebra-la-jornada-realidades-y-desafios-para-las-personas-lgtbi-migradas-y-refugiadas-con-una-sesion-vespertina-abierta-a-la-ciudadania\\\/\"},\"author\":{\"name\":\"La Gu\u00eda de Pamplona\",\"@id\":\"https:\\\/\\\/www.laguiadepamplona.com\\\/actualidad\\\/#\\\/schema\\\/person\\\/efe887376f0213d4657c93adc50b1fdb\"},\"headline\":\"Ma\u00f1ana martes se celebra la jornada \u2018Realidades y desaf\u00edos para las personas LGTBI+ migradas y refugiadas\u2019, con una sesi\u00f3n vespertina abierta a la ciudadan\u00eda\",\"datePublished\":\"2021-12-20T17:04:23+00:00\",\"dateModified\":\"2023-04-11T09:48:39+00:00\",\"mainEntityOfPage\":{\"@id\":\"https:\\\/\\\/www.laguiadepamplona.com\\\/actualidad\\\/manana-martes-se-celebra-la-jornada-realidades-y-desafios-para-las-personas-lgtbi-migradas-y-refugiadas-con-una-sesion-vespertina-abierta-a-la-ciudadania\\\/\"},\"wordCount\":492,\"commentCount\":0,\"publisher\":{\"@id\":\"https:\\\/\\\/www.laguiadepamplona.com\\\/actualidad\\\/#organization\"},\"image\":{\"@id\":\"https:\\\/\\\/www.laguiadepamplona.com\\\/actualidad\\\/manana-martes-se-celebra-la-jornada-realidades-y-desafios-para-las-personas-lgtbi-migradas-y-refugiadas-con-una-sesion-vespertina-abierta-a-la-ciudadania\\\/#primaryimage\"},\"thumbnailUrl\":\"https:\\\/\\\/www.laguiadepamplona.com\\\/actualidad\\\/wp-content\\\/uploads\\\/2021\\\/12\\\/211220carteljornadalgtbimigradasrefugiadas.jpg\",\"articleSection\":[\"Ayto Pamplona\"],\"inLanguage\":\"es\",\"potentialAction\":[{\"@type\":\"CommentAction\",\"name\":\"Comment\",\"target\":[\"https:\\\/\\\/www.laguiadepamplona.com\\\/actualidad\\\/manana-martes-se-celebra-la-jornada-realidades-y-desafios-para-las-personas-lgtbi-migradas-y-refugiadas-con-una-sesion-vespertina-abierta-a-la-ciudadania\\\/#respond\"]}]},{\"@type\":\"WebPage\",\"@id\":\"https:\\\/\\\/www.laguiadepamplona.com\\\/actualidad\\\/manana-martes-se-celebra-la-jornada-realidades-y-desafios-para-las-personas-lgtbi-migradas-y-refugiadas-con-una-sesion-vespertina-abierta-a-la-ciudadania\\\/\",\"url\":\"https:\\\/\\\/www.laguiadepamplona.com\\\/actualidad\\\/manana-martes-se-celebra-la-jornada-realidades-y-desafios-para-las-personas-lgtbi-migradas-y-refugiadas-con-una-sesion-vespertina-abierta-a-la-ciudadania\\\/\",\"name\":\"Ma\u00f1ana martes se celebra la jornada \u2018Realidades y desaf\u00edos para las personas LGTBI+ migradas y refugiadas\u2019, con una sesi\u00f3n vespertina abierta a la ciudadan\u00eda\",\"isPartOf\":{\"@id\":\"https:\\\/\\\/www.laguiadepamplona.com\\\/actualidad\\\/#website\"},\"primaryImageOfPage\":{\"@id\":\"https:\\\/\\\/www.laguiadepamplona.com\\\/actualidad\\\/manana-martes-se-celebra-la-jornada-realidades-y-desafios-para-las-personas-lgtbi-migradas-y-refugiadas-con-una-sesion-vespertina-abierta-a-la-ciudadania\\\/#primaryimage\"},\"image\":{\"@id\":\"https:\\\/\\\/www.laguiadepamplona.com\\\/actualidad\\\/manana-martes-se-celebra-la-jornada-realidades-y-desafios-para-las-personas-lgtbi-migradas-y-refugiadas-con-una-sesion-vespertina-abierta-a-la-ciudadania\\\/#primaryimage\"},\"thumbnailUrl\":\"https:\\\/\\\/www.laguiadepamplona.com\\\/actualidad\\\/wp-content\\\/uploads\\\/2021\\\/12\\\/211220carteljornadalgtbimigradasrefugiadas.jpg\",\"datePublished\":\"2021-12-20T17:04:23+00:00\",\"dateModified\":\"2023-04-11T09:48:39+00:00\",\"description\":\"El jueves tuvo lugar una jornada sobre LGTBIfobia, con la presentaci\u00f3n del protocolo de coordinaci\u00f3n y respuesta en Pamplona\",\"breadcrumb\":{\"@id\":\"https:\\\/\\\/www.laguiadepamplona.com\\\/actualidad\\\/manana-martes-se-celebra-la-jornada-realidades-y-desafios-para-las-personas-lgtbi-migradas-y-refugiadas-con-una-sesion-vespertina-abierta-a-la-ciudadania\\\/#breadcrumb\"},\"inLanguage\":\"es\",\"potentialAction\":[{\"@type\":\"ReadAction\",\"target\":[\"https:\\\/\\\/www.laguiadepamplona.com\\\/actualidad\\\/manana-martes-se-celebra-la-jornada-realidades-y-desafios-para-las-personas-lgtbi-migradas-y-refugiadas-con-una-sesion-vespertina-abierta-a-la-ciudadania\\\/\"]}]},{\"@type\":\"ImageObject\",\"inLanguage\":\"es\",\"@id\":\"https:\\\/\\\/www.laguiadepamplona.com\\\/actualidad\\\/manana-martes-se-celebra-la-jornada-realidades-y-desafios-para-las-personas-lgtbi-migradas-y-refugiadas-con-una-sesion-vespertina-abierta-a-la-ciudadania\\\/#primaryimage\",\"url\":\"https:\\\/\\\/www.laguiadepamplona.com\\\/actualidad\\\/wp-content\\\/uploads\\\/2021\\\/12\\\/211220carteljornadalgtbimigradasrefugiadas.jpg\",\"contentUrl\":\"https:\\\/\\\/www.laguiadepamplona.com\\\/actualidad\\\/wp-content\\\/uploads\\\/2021\\\/12\\\/211220carteljornadalgtbimigradasrefugiadas.jpg\",\"width\":1920,\"height\":1920},{\"@type\":\"BreadcrumbList\",\"@id\":\"https:\\\/\\\/www.laguiadepamplona.com\\\/actualidad\\\/manana-martes-se-celebra-la-jornada-realidades-y-desafios-para-las-personas-lgtbi-migradas-y-refugiadas-con-una-sesion-vespertina-abierta-a-la-ciudadania\\\/#breadcrumb\",\"itemListElement\":[{\"@type\":\"ListItem\",\"position\":1,\"name\":\"Portada\",\"item\":\"https:\\\/\\\/www.laguiadepamplona.com\\\/actualidad\\\/\"},{\"@type\":\"ListItem\",\"position\":2,\"name\":\"Ma\u00f1ana martes se celebra la jornada \u2018Realidades y desaf\u00edos para las personas LGTBI+ migradas y refugiadas\u2019, con una sesi\u00f3n vespertina abierta a la ciudadan\u00eda\"}]},{\"@type\":\"WebSite\",\"@id\":\"https:\\\/\\\/www.laguiadepamplona.com\\\/actualidad\\\/#website\",\"url\":\"https:\\\/\\\/www.laguiadepamplona.com\\\/actualidad\\\/\",\"name\":\"La gu\u00eda de Pamplona\",\"description\":\"Noticias de Pamplona\",\"publisher\":{\"@id\":\"https:\\\/\\\/www.laguiadepamplona.com\\\/actualidad\\\/#organization\"},\"potentialAction\":[{\"@type\":\"SearchAction\",\"target\":{\"@type\":\"EntryPoint\",\"urlTemplate\":\"https:\\\/\\\/www.laguiadepamplona.com\\\/actualidad\\\/?s={search_term_string}\"},\"query-input\":{\"@type\":\"PropertyValueSpecification\",\"valueRequired\":true,\"valueName\":\"search_term_string\"}}],\"inLanguage\":\"es\"},{\"@type\":\"Organization\",\"@id\":\"https:\\\/\\\/www.laguiadepamplona.com\\\/actualidad\\\/#organization\",\"name\":\"La Gu\u00eda de Pamplona \\\/ Noticias\",\"url\":\"https:\\\/\\\/www.laguiadepamplona.com\\\/actualidad\\\/\",\"logo\":{\"@type\":\"ImageObject\",\"inLanguage\":\"es\",\"@id\":\"https:\\\/\\\/www.laguiadepamplona.com\\\/actualidad\\\/#\\\/schema\\\/logo\\\/image\\\/\",\"url\":\"https:\\\/\\\/www.laguiadepamplona.com\\\/actualidad\\\/wp-content\\\/uploads\\\/2018\\\/11\\\/logo-laguiadepamplona18-web1.png\",\"contentUrl\":\"https:\\\/\\\/www.laguiadepamplona.com\\\/actualidad\\\/wp-content\\\/uploads\\\/2018\\\/11\\\/logo-laguiadepamplona18-web1.png\",\"width\":600,\"height\":196,\"caption\":\"La Gu\u00eda de Pamplona \\\/ Noticias\"},\"image\":{\"@id\":\"https:\\\/\\\/www.laguiadepamplona.com\\\/actualidad\\\/#\\\/schema\\\/logo\\\/image\\\/\"},\"sameAs\":[\"https:\\\/\\\/www.facebook.com\\\/laguiadepamplonacom-133175176762273\\\/?ref=hl\",\"https:\\\/\\\/x.com\\\/LaGuiadPamplona\",\"https:\\\/\\\/www.instagram.com\\\/la_guia_de_pamplona\\\/\",\"https:\\\/\\\/www.youtube.com\\\/user\\\/laguiadepamplona\"]},{\"@type\":\"Person\",\"@id\":\"https:\\\/\\\/www.laguiadepamplona.com\\\/actualidad\\\/#\\\/schema\\\/person\\\/efe887376f0213d4657c93adc50b1fdb\",\"name\":\"La Gu\u00eda de Pamplona\",\"image\":{\"@type\":\"ImageObject\",\"inLanguage\":\"es\",\"@id\":\"https:\\\/\\\/secure.gravatar.com\\\/avatar\\\/b6992f131dc8d30ab0dff15446e9d346d9dbd95992de0fef795073f5ea83a81c?s=96&d=mm&r=g\",\"url\":\"https:\\\/\\\/secure.gravatar.com\\\/avatar\\\/b6992f131dc8d30ab0dff15446e9d346d9dbd95992de0fef795073f5ea83a81c?s=96&d=mm&r=g\",\"contentUrl\":\"https:\\\/\\\/secure.gravatar.com\\\/avatar\\\/b6992f131dc8d30ab0dff15446e9d346d9dbd95992de0fef795073f5ea83a81c?s=96&d=mm&r=g\",\"caption\":\"La Gu\u00eda de Pamplona\"}}]}<\/script>\n<!-- \/ Yoast SEO plugin. -->","yoast_head_json":{"title":"Ma\u00f1ana martes se celebra la jornada \u2018Realidades y desaf\u00edos para las personas LGTBI+ migradas y refugiadas\u2019, con una sesi\u00f3n vespertina abierta a la ciudadan\u00eda","description":"El jueves tuvo lugar una jornada sobre LGTBIfobia, con la presentaci\u00f3n del protocolo de coordinaci\u00f3n y respuesta en Pamplona","robots":{"index":"index","follow":"follow","max-snippet":"max-snippet:-1","max-image-preview":"max-image-preview:large","max-video-preview":"max-video-preview:-1"},"canonical":"https:\/\/www.laguiadepamplona.com\/actualidad\/manana-martes-se-celebra-la-jornada-realidades-y-desafios-para-las-personas-lgtbi-migradas-y-refugiadas-con-una-sesion-vespertina-abierta-a-la-ciudadania\/","og_locale":"es_ES","og_type":"article","og_title":"Ma\u00f1ana martes se celebra la jornada \u2018Realidades y desaf\u00edos para las personas LGTBI+ migradas y refugiadas\u2019, con una sesi\u00f3n vespertina abierta a la ciudadan\u00eda","og_description":"El jueves tuvo lugar una jornada sobre LGTBIfobia, con la presentaci\u00f3n del protocolo de coordinaci\u00f3n y respuesta en Pamplona","og_url":"https:\/\/www.laguiadepamplona.com\/actualidad\/manana-martes-se-celebra-la-jornada-realidades-y-desafios-para-las-personas-lgtbi-migradas-y-refugiadas-con-una-sesion-vespertina-abierta-a-la-ciudadania\/","og_site_name":"La Gu\u00eda de Pamplona","article_publisher":"https:\/\/www.facebook.com\/laguiadepamplonacom-133175176762273\/?ref=hl","article_published_time":"2021-12-20T17:04:23+00:00","article_modified_time":"2023-04-11T09:48:39+00:00","og_image":[{"width":1920,"height":1920,"url":"https:\/\/www.laguiadepamplona.com\/actualidad\/wp-content\/uploads\/2021\/12\/211220carteljornadalgtbimigradasrefugiadas.jpg","type":"image\/jpeg"}],"author":"La Gu\u00eda de Pamplona","twitter_card":"summary_large_image","twitter_creator":"@LaGuiadPamplona","twitter_site":"@LaGuiadPamplona","twitter_misc":{"Escrito por":"La Gu\u00eda de Pamplona","Tiempo de lectura":"2 minutos"},"schema":{"@context":"https:\/\/schema.org","@graph":[{"@type":"Article","@id":"https:\/\/www.laguiadepamplona.com\/actualidad\/manana-martes-se-celebra-la-jornada-realidades-y-desafios-para-las-personas-lgtbi-migradas-y-refugiadas-con-una-sesion-vespertina-abierta-a-la-ciudadania\/#article","isPartOf":{"@id":"https:\/\/www.laguiadepamplona.com\/actualidad\/manana-martes-se-celebra-la-jornada-realidades-y-desafios-para-las-personas-lgtbi-migradas-y-refugiadas-con-una-sesion-vespertina-abierta-a-la-ciudadania\/"},"author":{"name":"La Gu\u00eda de Pamplona","@id":"https:\/\/www.laguiadepamplona.com\/actualidad\/#\/schema\/person\/efe887376f0213d4657c93adc50b1fdb"},"headline":"Ma\u00f1ana martes se celebra la jornada \u2018Realidades y desaf\u00edos para las personas LGTBI+ migradas y refugiadas\u2019, con una sesi\u00f3n vespertina abierta a la ciudadan\u00eda","datePublished":"2021-12-20T17:04:23+00:00","dateModified":"2023-04-11T09:48:39+00:00","mainEntityOfPage":{"@id":"https:\/\/www.laguiadepamplona.com\/actualidad\/manana-martes-se-celebra-la-jornada-realidades-y-desafios-para-las-personas-lgtbi-migradas-y-refugiadas-con-una-sesion-vespertina-abierta-a-la-ciudadania\/"},"wordCount":492,"commentCount":0,"publisher":{"@id":"https:\/\/www.laguiadepamplona.com\/actualidad\/#organization"},"image":{"@id":"https:\/\/www.laguiadepamplona.com\/actualidad\/manana-martes-se-celebra-la-jornada-realidades-y-desafios-para-las-personas-lgtbi-migradas-y-refugiadas-con-una-sesion-vespertina-abierta-a-la-ciudadania\/#primaryimage"},"thumbnailUrl":"https:\/\/www.laguiadepamplona.com\/actualidad\/wp-content\/uploads\/2021\/12\/211220carteljornadalgtbimigradasrefugiadas.jpg","articleSection":["Ayto Pamplona"],"inLanguage":"es","potentialAction":[{"@type":"CommentAction","name":"Comment","target":["https:\/\/www.laguiadepamplona.com\/actualidad\/manana-martes-se-celebra-la-jornada-realidades-y-desafios-para-las-personas-lgtbi-migradas-y-refugiadas-con-una-sesion-vespertina-abierta-a-la-ciudadania\/#respond"]}]},{"@type":"WebPage","@id":"https:\/\/www.laguiadepamplona.com\/actualidad\/manana-martes-se-celebra-la-jornada-realidades-y-desafios-para-las-personas-lgtbi-migradas-y-refugiadas-con-una-sesion-vespertina-abierta-a-la-ciudadania\/","url":"https:\/\/www.laguiadepamplona.com\/actualidad\/manana-martes-se-celebra-la-jornada-realidades-y-desafios-para-las-personas-lgtbi-migradas-y-refugiadas-con-una-sesion-vespertina-abierta-a-la-ciudadania\/","name":"Ma\u00f1ana martes se celebra la jornada \u2018Realidades y desaf\u00edos para las personas LGTBI+ migradas y refugiadas\u2019, con una sesi\u00f3n vespertina abierta a la ciudadan\u00eda","isPartOf":{"@id":"https:\/\/www.laguiadepamplona.com\/actualidad\/#website"},"primaryImageOfPage":{"@id":"https:\/\/www.laguiadepamplona.com\/actualidad\/manana-martes-se-celebra-la-jornada-realidades-y-desafios-para-las-personas-lgtbi-migradas-y-refugiadas-con-una-sesion-vespertina-abierta-a-la-ciudadania\/#primaryimage"},"image":{"@id":"https:\/\/www.laguiadepamplona.com\/actualidad\/manana-martes-se-celebra-la-jornada-realidades-y-desafios-para-las-personas-lgtbi-migradas-y-refugiadas-con-una-sesion-vespertina-abierta-a-la-ciudadania\/#primaryimage"},"thumbnailUrl":"https:\/\/www.laguiadepamplona.com\/actualidad\/wp-content\/uploads\/2021\/12\/211220carteljornadalgtbimigradasrefugiadas.jpg","datePublished":"2021-12-20T17:04:23+00:00","dateModified":"2023-04-11T09:48:39+00:00","description":"El jueves tuvo lugar una jornada sobre LGTBIfobia, con la presentaci\u00f3n del protocolo de coordinaci\u00f3n y respuesta en Pamplona","breadcrumb":{"@id":"https:\/\/www.laguiadepamplona.com\/actualidad\/manana-martes-se-celebra-la-jornada-realidades-y-desafios-para-las-personas-lgtbi-migradas-y-refugiadas-con-una-sesion-vespertina-abierta-a-la-ciudadania\/#breadcrumb"},"inLanguage":"es","potentialAction":[{"@type":"ReadAction","target":["https:\/\/www.laguiadepamplona.com\/actualidad\/manana-martes-se-celebra-la-jornada-realidades-y-desafios-para-las-personas-lgtbi-migradas-y-refugiadas-con-una-sesion-vespertina-abierta-a-la-ciudadania\/"]}]},{"@type":"ImageObject","inLanguage":"es","@id":"https:\/\/www.laguiadepamplona.com\/actualidad\/manana-martes-se-celebra-la-jornada-realidades-y-desafios-para-las-personas-lgtbi-migradas-y-refugiadas-con-una-sesion-vespertina-abierta-a-la-ciudadania\/#primaryimage","url":"https:\/\/www.laguiadepamplona.com\/actualidad\/wp-content\/uploads\/2021\/12\/211220carteljornadalgtbimigradasrefugiadas.jpg","contentUrl":"https:\/\/www.laguiadepamplona.com\/actualidad\/wp-content\/uploads\/2021\/12\/211220carteljornadalgtbimigradasrefugiadas.jpg","width":1920,"height":1920},{"@type":"BreadcrumbList","@id":"https:\/\/www.laguiadepamplona.com\/actualidad\/manana-martes-se-celebra-la-jornada-realidades-y-desafios-para-las-personas-lgtbi-migradas-y-refugiadas-con-una-sesion-vespertina-abierta-a-la-ciudadania\/#breadcrumb","itemListElement":[{"@type":"ListItem","position":1,"name":"Portada","item":"https:\/\/www.laguiadepamplona.com\/actualidad\/"},{"@type":"ListItem","position":2,"name":"Ma\u00f1ana martes se celebra la jornada \u2018Realidades y desaf\u00edos para las personas LGTBI+ migradas y refugiadas\u2019, con una sesi\u00f3n vespertina abierta a la ciudadan\u00eda"}]},{"@type":"WebSite","@id":"https:\/\/www.laguiadepamplona.com\/actualidad\/#website","url":"https:\/\/www.laguiadepamplona.com\/actualidad\/","name":"La gu\u00eda de Pamplona","description":"Noticias de Pamplona","publisher":{"@id":"https:\/\/www.laguiadepamplona.com\/actualidad\/#organization"},"potentialAction":[{"@type":"SearchAction","target":{"@type":"EntryPoint","urlTemplate":"https:\/\/www.laguiadepamplona.com\/actualidad\/?s={search_term_string}"},"query-input":{"@type":"PropertyValueSpecification","valueRequired":true,"valueName":"search_term_string"}}],"inLanguage":"es"},{"@type":"Organization","@id":"https:\/\/www.laguiadepamplona.com\/actualidad\/#organization","name":"La Gu\u00eda de Pamplona \/ Noticias","url":"https:\/\/www.laguiadepamplona.com\/actualidad\/","logo":{"@type":"ImageObject","inLanguage":"es","@id":"https:\/\/www.laguiadepamplona.com\/actualidad\/#\/schema\/logo\/image\/","url":"https:\/\/www.laguiadepamplona.com\/actualidad\/wp-content\/uploads\/2018\/11\/logo-laguiadepamplona18-web1.png","contentUrl":"https:\/\/www.laguiadepamplona.com\/actualidad\/wp-content\/uploads\/2018\/11\/logo-laguiadepamplona18-web1.png","width":600,"height":196,"caption":"La Gu\u00eda de Pamplona \/ Noticias"},"image":{"@id":"https:\/\/www.laguiadepamplona.com\/actualidad\/#\/schema\/logo\/image\/"},"sameAs":["https:\/\/www.facebook.com\/laguiadepamplonacom-133175176762273\/?ref=hl","https:\/\/x.com\/LaGuiadPamplona","https:\/\/www.instagram.com\/la_guia_de_pamplona\/","https:\/\/www.youtube.com\/user\/laguiadepamplona"]},{"@type":"Person","@id":"https:\/\/www.laguiadepamplona.com\/actualidad\/#\/schema\/person\/efe887376f0213d4657c93adc50b1fdb","name":"La Gu\u00eda de Pamplona","image":{"@type":"ImageObject","inLanguage":"es","@id":"https:\/\/secure.gravatar.com\/avatar\/b6992f131dc8d30ab0dff15446e9d346d9dbd95992de0fef795073f5ea83a81c?s=96&d=mm&r=g","url":"https:\/\/secure.gravatar.com\/avatar\/b6992f131dc8d30ab0dff15446e9d346d9dbd95992de0fef795073f5ea83a81c?s=96&d=mm&r=g","contentUrl":"https:\/\/secure.gravatar.com\/avatar\/b6992f131dc8d30ab0dff15446e9d346d9dbd95992de0fef795073f5ea83a81c?s=96&d=mm&r=g","caption":"La Gu\u00eda de Pamplona"}}]}},"post_mailing_queue_ids":[],"_links":{"self":[{"href":"https:\/\/www.laguiadepamplona.com\/actualidad\/wp-json\/wp\/v2\/posts\/38056","targetHints":{"allow":["GET"]}}],"collection":[{"href":"https:\/\/www.laguiadepamplona.com\/actualidad\/wp-json\/wp\/v2\/posts"}],"about":[{"href":"https:\/\/www.laguiadepamplona.com\/actualidad\/wp-json\/wp\/v2\/types\/post"}],"author":[{"embeddable":true,"href":"https:\/\/www.laguiadepamplona.com\/actualidad\/wp-json\/wp\/v2\/users\/1"}],"replies":[{"embeddable":true,"href":"https:\/\/www.laguiadepamplona.com\/actualidad\/wp-json\/wp\/v2\/comments?post=38056"}],"version-history":[{"count":0,"href":"https:\/\/www.laguiadepamplona.com\/actualidad\/wp-json\/wp\/v2\/posts\/38056\/revisions"}],"wp:featuredmedia":[{"embeddable":true,"href":"https:\/\/www.laguiadepamplona.com\/actualidad\/wp-json\/wp\/v2\/media\/38057"}],"wp:attachment":[{"href":"https:\/\/www.laguiadepamplona.com\/actualidad\/wp-json\/wp\/v2\/media?parent=38056"}],"wp:term":[{"taxonomy":"category","embeddable":true,"href":"https:\/\/www.laguiadepamplona.com\/actualidad\/wp-json\/wp\/v2\/categories?post=38056"},{"taxonomy":"post_tag","embeddable":true,"href":"https:\/\/www.laguiadepamplona.com\/actualidad\/wp-json\/wp\/v2\/tags?post=38056"}],"curies":[{"name":"wp","href":"https:\/\/api.w.org\/{rel}","templated":true}]}}