{"id":38037,"date":"2021-12-17T20:27:17","date_gmt":"2021-12-17T18:27:17","guid":{"rendered":"https:\/\/www.laguiadepamplona.com\/actualidad\/?p=38037"},"modified":"2023-04-11T11:48:39","modified_gmt":"2023-04-11T09:48:39","slug":"la-fotografia-esto-tambien-pasara-de-isabel-sarasa-primer-premio-del-concurso-de-fotografia-enfoca-pamplona","status":"publish","type":"post","link":"https:\/\/www.laguiadepamplona.com\/actualidad\/la-fotografia-esto-tambien-pasara-de-isabel-sarasa-primer-premio-del-concurso-de-fotografia-enfoca-pamplona\/","title":{"rendered":"La fotograf\u00eda \u2018Esto tambi\u00e9n pasar\u00e1\u2019, de Isabel Sarasa, primer premio del concurso de fotograf\u00eda ENFOCA Pamplona"},"content":{"rendered":"<h5>Se han entregado tambi\u00e9n el segundo y tercer premio, una menci\u00f3n del jurado, y se han seleccionado las doce im\u00e1genes que ilustrar\u00e1n el calendario municipal de 2022<\/h5>\n<p><!--more--><\/p>\n<div id='gallery-1' class='gallery galleryid-38037 gallery-columns-5 gallery-size-medium'><figure class='gallery-item'>\n\t\t\t<div class='gallery-icon landscape'>\n\t\t\t\t<a href='https:\/\/www.laguiadepamplona.com\/actualidad\/wp-content\/uploads\/2021\/12\/01.-Enero.-Ma-Jesus-Jodar-Cartujo.jpg'><img loading=\"lazy\" decoding=\"async\" width=\"500\" height=\"281\" src=\"https:\/\/www.laguiadepamplona.com\/actualidad\/wp-content\/uploads\/2021\/12\/01.-Enero.-Ma-Jesus-Jodar-Cartujo-533x300.jpg\" class=\"attachment-medium size-medium\" alt=\"\" srcset=\"https:\/\/www.laguiadepamplona.com\/actualidad\/wp-content\/uploads\/2021\/12\/01.-Enero.-Ma-Jesus-Jodar-Cartujo-533x300.jpg 533w, https:\/\/www.laguiadepamplona.com\/actualidad\/wp-content\/uploads\/2021\/12\/01.-Enero.-Ma-Jesus-Jodar-Cartujo-1024x577.jpg 1024w, https:\/\/www.laguiadepamplona.com\/actualidad\/wp-content\/uploads\/2021\/12\/01.-Enero.-Ma-Jesus-Jodar-Cartujo-768x432.jpg 768w, https:\/\/www.laguiadepamplona.com\/actualidad\/wp-content\/uploads\/2021\/12\/01.-Enero.-Ma-Jesus-Jodar-Cartujo-1536x865.jpg 1536w, https:\/\/www.laguiadepamplona.com\/actualidad\/wp-content\/uploads\/2021\/12\/01.-Enero.-Ma-Jesus-Jodar-Cartujo-640x360.jpg 640w, https:\/\/www.laguiadepamplona.com\/actualidad\/wp-content\/uploads\/2021\/12\/01.-Enero.-Ma-Jesus-Jodar-Cartujo.jpg 1920w\" sizes=\"auto, (max-width: 500px) 100vw, 500px\" \/><\/a>\n\t\t\t<\/div><\/figure><figure class='gallery-item'>\n\t\t\t<div class='gallery-icon landscape'>\n\t\t\t\t<a href='https:\/\/www.laguiadepamplona.com\/actualidad\/wp-content\/uploads\/2021\/12\/02.-Febrero.-Inigo-Gambra-Uriz.jpg'><img loading=\"lazy\" decoding=\"async\" width=\"400\" height=\"300\" src=\"https:\/\/www.laguiadepamplona.com\/actualidad\/wp-content\/uploads\/2021\/12\/02.-Febrero.-Inigo-Gambra-Uriz-400x300.jpg\" class=\"attachment-medium size-medium\" alt=\"\" srcset=\"https:\/\/www.laguiadepamplona.com\/actualidad\/wp-content\/uploads\/2021\/12\/02.-Febrero.-Inigo-Gambra-Uriz-400x300.jpg 400w, https:\/\/www.laguiadepamplona.com\/actualidad\/wp-content\/uploads\/2021\/12\/02.-Febrero.-Inigo-Gambra-Uriz-909x682.jpg 909w, https:\/\/www.laguiadepamplona.com\/actualidad\/wp-content\/uploads\/2021\/12\/02.-Febrero.-Inigo-Gambra-Uriz-768x576.jpg 768w, https:\/\/www.laguiadepamplona.com\/actualidad\/wp-content\/uploads\/2021\/12\/02.-Febrero.-Inigo-Gambra-Uriz-1536x1152.jpg 1536w, https:\/\/www.laguiadepamplona.com\/actualidad\/wp-content\/uploads\/2021\/12\/02.-Febrero.-Inigo-Gambra-Uriz-640x480.jpg 640w, https:\/\/www.laguiadepamplona.com\/actualidad\/wp-content\/uploads\/2021\/12\/02.-Febrero.-Inigo-Gambra-Uriz.jpg 1920w\" sizes=\"auto, (max-width: 400px) 100vw, 400px\" \/><\/a>\n\t\t\t<\/div><\/figure><figure class='gallery-item'>\n\t\t\t<div class='gallery-icon landscape'>\n\t\t\t\t<a href='https:\/\/www.laguiadepamplona.com\/actualidad\/wp-content\/uploads\/2021\/12\/03.-Marzo.-Amaya-Iliberri-Arbizu.jpg'><img loading=\"lazy\" decoding=\"async\" width=\"407\" height=\"300\" src=\"https:\/\/www.laguiadepamplona.com\/actualidad\/wp-content\/uploads\/2021\/12\/03.-Marzo.-Amaya-Iliberri-Arbizu-407x300.jpg\" class=\"attachment-medium size-medium\" alt=\"\" srcset=\"https:\/\/www.laguiadepamplona.com\/actualidad\/wp-content\/uploads\/2021\/12\/03.-Marzo.-Amaya-Iliberri-Arbizu-407x300.jpg 407w, https:\/\/www.laguiadepamplona.com\/actualidad\/wp-content\/uploads\/2021\/12\/03.-Marzo.-Amaya-Iliberri-Arbizu-925x682.jpg 925w, https:\/\/www.laguiadepamplona.com\/actualidad\/wp-content\/uploads\/2021\/12\/03.-Marzo.-Amaya-Iliberri-Arbizu-768x566.jpg 768w, https:\/\/www.laguiadepamplona.com\/actualidad\/wp-content\/uploads\/2021\/12\/03.-Marzo.-Amaya-Iliberri-Arbizu-1536x1132.jpg 1536w, https:\/\/www.laguiadepamplona.com\/actualidad\/wp-content\/uploads\/2021\/12\/03.-Marzo.-Amaya-Iliberri-Arbizu-640x472.jpg 640w, https:\/\/www.laguiadepamplona.com\/actualidad\/wp-content\/uploads\/2021\/12\/03.-Marzo.-Amaya-Iliberri-Arbizu.jpg 1920w\" sizes=\"auto, (max-width: 407px) 100vw, 407px\" \/><\/a>\n\t\t\t<\/div><\/figure><figure class='gallery-item'>\n\t\t\t<div class='gallery-icon landscape'>\n\t\t\t\t<a href='https:\/\/www.laguiadepamplona.com\/actualidad\/wp-content\/uploads\/2021\/12\/04.-Abril.-Jose-Angel-Aizkorbe-Iraizoz.jpg'><img loading=\"lazy\" decoding=\"async\" width=\"450\" height=\"300\" src=\"https:\/\/www.laguiadepamplona.com\/actualidad\/wp-content\/uploads\/2021\/12\/04.-Abril.-Jose-Angel-Aizkorbe-Iraizoz-450x300.jpg\" class=\"attachment-medium size-medium\" alt=\"\" srcset=\"https:\/\/www.laguiadepamplona.com\/actualidad\/wp-content\/uploads\/2021\/12\/04.-Abril.-Jose-Angel-Aizkorbe-Iraizoz-450x300.jpg 450w, https:\/\/www.laguiadepamplona.com\/actualidad\/wp-content\/uploads\/2021\/12\/04.-Abril.-Jose-Angel-Aizkorbe-Iraizoz-1024x682.jpg 1024w, https:\/\/www.laguiadepamplona.com\/actualidad\/wp-content\/uploads\/2021\/12\/04.-Abril.-Jose-Angel-Aizkorbe-Iraizoz-768x512.jpg 768w, https:\/\/www.laguiadepamplona.com\/actualidad\/wp-content\/uploads\/2021\/12\/04.-Abril.-Jose-Angel-Aizkorbe-Iraizoz-1536x1024.jpg 1536w, https:\/\/www.laguiadepamplona.com\/actualidad\/wp-content\/uploads\/2021\/12\/04.-Abril.-Jose-Angel-Aizkorbe-Iraizoz-640x427.jpg 640w, https:\/\/www.laguiadepamplona.com\/actualidad\/wp-content\/uploads\/2021\/12\/04.-Abril.-Jose-Angel-Aizkorbe-Iraizoz.jpg 1920w\" sizes=\"auto, (max-width: 450px) 100vw, 450px\" \/><\/a>\n\t\t\t<\/div><\/figure><figure class='gallery-item'>\n\t\t\t<div class='gallery-icon landscape'>\n\t\t\t\t<a href='https:\/\/www.laguiadepamplona.com\/actualidad\/wp-content\/uploads\/2021\/12\/05.-Mayo.-Roberto-Carro-Ramos.jpg'><img loading=\"lazy\" decoding=\"async\" width=\"400\" height=\"300\" src=\"https:\/\/www.laguiadepamplona.com\/actualidad\/wp-content\/uploads\/2021\/12\/05.-Mayo.-Roberto-Carro-Ramos-400x300.jpg\" class=\"attachment-medium size-medium\" alt=\"\" srcset=\"https:\/\/www.laguiadepamplona.com\/actualidad\/wp-content\/uploads\/2021\/12\/05.-Mayo.-Roberto-Carro-Ramos-400x300.jpg 400w, https:\/\/www.laguiadepamplona.com\/actualidad\/wp-content\/uploads\/2021\/12\/05.-Mayo.-Roberto-Carro-Ramos-909x682.jpg 909w, https:\/\/www.laguiadepamplona.com\/actualidad\/wp-content\/uploads\/2021\/12\/05.-Mayo.-Roberto-Carro-Ramos-768x576.jpg 768w, https:\/\/www.laguiadepamplona.com\/actualidad\/wp-content\/uploads\/2021\/12\/05.-Mayo.-Roberto-Carro-Ramos-1536x1152.jpg 1536w, https:\/\/www.laguiadepamplona.com\/actualidad\/wp-content\/uploads\/2021\/12\/05.-Mayo.-Roberto-Carro-Ramos-640x480.jpg 640w, https:\/\/www.laguiadepamplona.com\/actualidad\/wp-content\/uploads\/2021\/12\/05.-Mayo.-Roberto-Carro-Ramos.jpg 1920w\" sizes=\"auto, (max-width: 400px) 100vw, 400px\" \/><\/a>\n\t\t\t<\/div><\/figure><figure class='gallery-item'>\n\t\t\t<div class='gallery-icon landscape'>\n\t\t\t\t<a href='https:\/\/www.laguiadepamplona.com\/actualidad\/wp-content\/uploads\/2021\/12\/06.-Junio.-Taisia-Mamatova.jpg'><img loading=\"lazy\" decoding=\"async\" width=\"450\" height=\"300\" src=\"https:\/\/www.laguiadepamplona.com\/actualidad\/wp-content\/uploads\/2021\/12\/06.-Junio.-Taisia-Mamatova-450x300.jpg\" class=\"attachment-medium size-medium\" alt=\"\" srcset=\"https:\/\/www.laguiadepamplona.com\/actualidad\/wp-content\/uploads\/2021\/12\/06.-Junio.-Taisia-Mamatova-450x300.jpg 450w, https:\/\/www.laguiadepamplona.com\/actualidad\/wp-content\/uploads\/2021\/12\/06.-Junio.-Taisia-Mamatova-1024x682.jpg 1024w, https:\/\/www.laguiadepamplona.com\/actualidad\/wp-content\/uploads\/2021\/12\/06.-Junio.-Taisia-Mamatova-768x512.jpg 768w, https:\/\/www.laguiadepamplona.com\/actualidad\/wp-content\/uploads\/2021\/12\/06.-Junio.-Taisia-Mamatova-1536x1024.jpg 1536w, https:\/\/www.laguiadepamplona.com\/actualidad\/wp-content\/uploads\/2021\/12\/06.-Junio.-Taisia-Mamatova-640x427.jpg 640w, https:\/\/www.laguiadepamplona.com\/actualidad\/wp-content\/uploads\/2021\/12\/06.-Junio.-Taisia-Mamatova.jpg 1920w\" sizes=\"auto, (max-width: 450px) 100vw, 450px\" \/><\/a>\n\t\t\t<\/div><\/figure><figure class='gallery-item'>\n\t\t\t<div class='gallery-icon landscape'>\n\t\t\t\t<a href='https:\/\/www.laguiadepamplona.com\/actualidad\/wp-content\/uploads\/2021\/12\/07.-Julio.-Jesus-Goldaraz-Iracheta.jpg'><img loading=\"lazy\" decoding=\"async\" width=\"407\" height=\"300\" src=\"https:\/\/www.laguiadepamplona.com\/actualidad\/wp-content\/uploads\/2021\/12\/07.-Julio.-Jesus-Goldaraz-Iracheta-407x300.jpg\" class=\"attachment-medium size-medium\" alt=\"\" srcset=\"https:\/\/www.laguiadepamplona.com\/actualidad\/wp-content\/uploads\/2021\/12\/07.-Julio.-Jesus-Goldaraz-Iracheta-407x300.jpg 407w, https:\/\/www.laguiadepamplona.com\/actualidad\/wp-content\/uploads\/2021\/12\/07.-Julio.-Jesus-Goldaraz-Iracheta-925x682.jpg 925w, https:\/\/www.laguiadepamplona.com\/actualidad\/wp-content\/uploads\/2021\/12\/07.-Julio.-Jesus-Goldaraz-Iracheta-768x566.jpg 768w, https:\/\/www.laguiadepamplona.com\/actualidad\/wp-content\/uploads\/2021\/12\/07.-Julio.-Jesus-Goldaraz-Iracheta-1536x1132.jpg 1536w, https:\/\/www.laguiadepamplona.com\/actualidad\/wp-content\/uploads\/2021\/12\/07.-Julio.-Jesus-Goldaraz-Iracheta-640x472.jpg 640w, https:\/\/www.laguiadepamplona.com\/actualidad\/wp-content\/uploads\/2021\/12\/07.-Julio.-Jesus-Goldaraz-Iracheta.jpg 1920w\" sizes=\"auto, (max-width: 407px) 100vw, 407px\" \/><\/a>\n\t\t\t<\/div><\/figure><figure class='gallery-item'>\n\t\t\t<div class='gallery-icon landscape'>\n\t\t\t\t<a href='https:\/\/www.laguiadepamplona.com\/actualidad\/wp-content\/uploads\/2021\/12\/08.-Agosto.-Jesus-Gambra-Caminos.jpg'><img loading=\"lazy\" decoding=\"async\" width=\"450\" height=\"300\" src=\"https:\/\/www.laguiadepamplona.com\/actualidad\/wp-content\/uploads\/2021\/12\/08.-Agosto.-Jesus-Gambra-Caminos-450x300.jpg\" class=\"attachment-medium size-medium\" alt=\"\" srcset=\"https:\/\/www.laguiadepamplona.com\/actualidad\/wp-content\/uploads\/2021\/12\/08.-Agosto.-Jesus-Gambra-Caminos-450x300.jpg 450w, https:\/\/www.laguiadepamplona.com\/actualidad\/wp-content\/uploads\/2021\/12\/08.-Agosto.-Jesus-Gambra-Caminos-1024x682.jpg 1024w, https:\/\/www.laguiadepamplona.com\/actualidad\/wp-content\/uploads\/2021\/12\/08.-Agosto.-Jesus-Gambra-Caminos-768x512.jpg 768w, https:\/\/www.laguiadepamplona.com\/actualidad\/wp-content\/uploads\/2021\/12\/08.-Agosto.-Jesus-Gambra-Caminos-1536x1024.jpg 1536w, https:\/\/www.laguiadepamplona.com\/actualidad\/wp-content\/uploads\/2021\/12\/08.-Agosto.-Jesus-Gambra-Caminos-640x427.jpg 640w, https:\/\/www.laguiadepamplona.com\/actualidad\/wp-content\/uploads\/2021\/12\/08.-Agosto.-Jesus-Gambra-Caminos.jpg 1920w\" sizes=\"auto, (max-width: 450px) 100vw, 450px\" \/><\/a>\n\t\t\t<\/div><\/figure><figure class='gallery-item'>\n\t\t\t<div class='gallery-icon landscape'>\n\t\t\t\t<a href='https:\/\/www.laguiadepamplona.com\/actualidad\/wp-content\/uploads\/2021\/12\/09.-Septiembre.-Elena-Maquirriain-Vela.jpg'><img loading=\"lazy\" decoding=\"async\" width=\"407\" height=\"300\" src=\"https:\/\/www.laguiadepamplona.com\/actualidad\/wp-content\/uploads\/2021\/12\/09.-Septiembre.-Elena-Maquirriain-Vela-407x300.jpg\" class=\"attachment-medium size-medium\" alt=\"\" srcset=\"https:\/\/www.laguiadepamplona.com\/actualidad\/wp-content\/uploads\/2021\/12\/09.-Septiembre.-Elena-Maquirriain-Vela-407x300.jpg 407w, https:\/\/www.laguiadepamplona.com\/actualidad\/wp-content\/uploads\/2021\/12\/09.-Septiembre.-Elena-Maquirriain-Vela-925x682.jpg 925w, https:\/\/www.laguiadepamplona.com\/actualidad\/wp-content\/uploads\/2021\/12\/09.-Septiembre.-Elena-Maquirriain-Vela-768x566.jpg 768w, https:\/\/www.laguiadepamplona.com\/actualidad\/wp-content\/uploads\/2021\/12\/09.-Septiembre.-Elena-Maquirriain-Vela-1536x1132.jpg 1536w, https:\/\/www.laguiadepamplona.com\/actualidad\/wp-content\/uploads\/2021\/12\/09.-Septiembre.-Elena-Maquirriain-Vela-640x472.jpg 640w, https:\/\/www.laguiadepamplona.com\/actualidad\/wp-content\/uploads\/2021\/12\/09.-Septiembre.-Elena-Maquirriain-Vela.jpg 1920w\" sizes=\"auto, (max-width: 407px) 100vw, 407px\" \/><\/a>\n\t\t\t<\/div><\/figure><figure class='gallery-item'>\n\t\t\t<div class='gallery-icon landscape'>\n\t\t\t\t<a href='https:\/\/www.laguiadepamplona.com\/actualidad\/wp-content\/uploads\/2021\/12\/10.-Octubre.-Inigo-Aranguren-Osinaga.jpg'><img loading=\"lazy\" decoding=\"async\" width=\"400\" height=\"300\" src=\"https:\/\/www.laguiadepamplona.com\/actualidad\/wp-content\/uploads\/2021\/12\/10.-Octubre.-Inigo-Aranguren-Osinaga-400x300.jpg\" class=\"attachment-medium size-medium\" alt=\"\" srcset=\"https:\/\/www.laguiadepamplona.com\/actualidad\/wp-content\/uploads\/2021\/12\/10.-Octubre.-Inigo-Aranguren-Osinaga-400x300.jpg 400w, https:\/\/www.laguiadepamplona.com\/actualidad\/wp-content\/uploads\/2021\/12\/10.-Octubre.-Inigo-Aranguren-Osinaga-909x682.jpg 909w, https:\/\/www.laguiadepamplona.com\/actualidad\/wp-content\/uploads\/2021\/12\/10.-Octubre.-Inigo-Aranguren-Osinaga-768x576.jpg 768w, https:\/\/www.laguiadepamplona.com\/actualidad\/wp-content\/uploads\/2021\/12\/10.-Octubre.-Inigo-Aranguren-Osinaga-1536x1152.jpg 1536w, https:\/\/www.laguiadepamplona.com\/actualidad\/wp-content\/uploads\/2021\/12\/10.-Octubre.-Inigo-Aranguren-Osinaga-640x480.jpg 640w, https:\/\/www.laguiadepamplona.com\/actualidad\/wp-content\/uploads\/2021\/12\/10.-Octubre.-Inigo-Aranguren-Osinaga.jpg 1920w\" sizes=\"auto, (max-width: 400px) 100vw, 400px\" \/><\/a>\n\t\t\t<\/div><\/figure><figure class='gallery-item'>\n\t\t\t<div class='gallery-icon landscape'>\n\t\t\t\t<a href='https:\/\/www.laguiadepamplona.com\/actualidad\/wp-content\/uploads\/2021\/12\/11.-Noviembre.-Francisco-Javier-Martinez-Remon.jpg'><img loading=\"lazy\" decoding=\"async\" width=\"407\" height=\"300\" src=\"https:\/\/www.laguiadepamplona.com\/actualidad\/wp-content\/uploads\/2021\/12\/11.-Noviembre.-Francisco-Javier-Martinez-Remon-407x300.jpg\" class=\"attachment-medium size-medium\" alt=\"\" srcset=\"https:\/\/www.laguiadepamplona.com\/actualidad\/wp-content\/uploads\/2021\/12\/11.-Noviembre.-Francisco-Javier-Martinez-Remon-407x300.jpg 407w, https:\/\/www.laguiadepamplona.com\/actualidad\/wp-content\/uploads\/2021\/12\/11.-Noviembre.-Francisco-Javier-Martinez-Remon-925x682.jpg 925w, https:\/\/www.laguiadepamplona.com\/actualidad\/wp-content\/uploads\/2021\/12\/11.-Noviembre.-Francisco-Javier-Martinez-Remon-768x566.jpg 768w, https:\/\/www.laguiadepamplona.com\/actualidad\/wp-content\/uploads\/2021\/12\/11.-Noviembre.-Francisco-Javier-Martinez-Remon-1536x1132.jpg 1536w, https:\/\/www.laguiadepamplona.com\/actualidad\/wp-content\/uploads\/2021\/12\/11.-Noviembre.-Francisco-Javier-Martinez-Remon-640x472.jpg 640w, https:\/\/www.laguiadepamplona.com\/actualidad\/wp-content\/uploads\/2021\/12\/11.-Noviembre.-Francisco-Javier-Martinez-Remon.jpg 1920w\" sizes=\"auto, (max-width: 407px) 100vw, 407px\" \/><\/a>\n\t\t\t<\/div><\/figure><figure class='gallery-item'>\n\t\t\t<div class='gallery-icon landscape'>\n\t\t\t\t<a href='https:\/\/www.laguiadepamplona.com\/actualidad\/wp-content\/uploads\/2021\/12\/12.-Diciembre.-Mikel-Romeo-Ruiz.jpg'><img loading=\"lazy\" decoding=\"async\" width=\"450\" height=\"300\" src=\"https:\/\/www.laguiadepamplona.com\/actualidad\/wp-content\/uploads\/2021\/12\/12.-Diciembre.-Mikel-Romeo-Ruiz-450x300.jpg\" class=\"attachment-medium size-medium\" alt=\"\" srcset=\"https:\/\/www.laguiadepamplona.com\/actualidad\/wp-content\/uploads\/2021\/12\/12.-Diciembre.-Mikel-Romeo-Ruiz-450x300.jpg 450w, https:\/\/www.laguiadepamplona.com\/actualidad\/wp-content\/uploads\/2021\/12\/12.-Diciembre.-Mikel-Romeo-Ruiz-1024x682.jpg 1024w, https:\/\/www.laguiadepamplona.com\/actualidad\/wp-content\/uploads\/2021\/12\/12.-Diciembre.-Mikel-Romeo-Ruiz-768x512.jpg 768w, https:\/\/www.laguiadepamplona.com\/actualidad\/wp-content\/uploads\/2021\/12\/12.-Diciembre.-Mikel-Romeo-Ruiz-1536x1024.jpg 1536w, https:\/\/www.laguiadepamplona.com\/actualidad\/wp-content\/uploads\/2021\/12\/12.-Diciembre.-Mikel-Romeo-Ruiz-640x427.jpg 640w, https:\/\/www.laguiadepamplona.com\/actualidad\/wp-content\/uploads\/2021\/12\/12.-Diciembre.-Mikel-Romeo-Ruiz.jpg 1920w\" sizes=\"auto, (max-width: 450px) 100vw, 450px\" \/><\/a>\n\t\t\t<\/div><\/figure><figure class='gallery-item'>\n\t\t\t<div class='gallery-icon landscape'>\n\t\t\t\t<a href='https:\/\/www.laguiadepamplona.com\/actualidad\/wp-content\/uploads\/2021\/12\/Primer-premio.-Isabel-Sarasa-Muskiz.jpg'><img loading=\"lazy\" decoding=\"async\" width=\"450\" height=\"300\" src=\"https:\/\/www.laguiadepamplona.com\/actualidad\/wp-content\/uploads\/2021\/12\/Primer-premio.-Isabel-Sarasa-Muskiz-450x300.jpg\" class=\"attachment-medium size-medium\" alt=\"\" srcset=\"https:\/\/www.laguiadepamplona.com\/actualidad\/wp-content\/uploads\/2021\/12\/Primer-premio.-Isabel-Sarasa-Muskiz-450x300.jpg 450w, https:\/\/www.laguiadepamplona.com\/actualidad\/wp-content\/uploads\/2021\/12\/Primer-premio.-Isabel-Sarasa-Muskiz-1024x682.jpg 1024w, https:\/\/www.laguiadepamplona.com\/actualidad\/wp-content\/uploads\/2021\/12\/Primer-premio.-Isabel-Sarasa-Muskiz-768x512.jpg 768w, https:\/\/www.laguiadepamplona.com\/actualidad\/wp-content\/uploads\/2021\/12\/Primer-premio.-Isabel-Sarasa-Muskiz-1536x1024.jpg 1536w, https:\/\/www.laguiadepamplona.com\/actualidad\/wp-content\/uploads\/2021\/12\/Primer-premio.-Isabel-Sarasa-Muskiz-640x427.jpg 640w, https:\/\/www.laguiadepamplona.com\/actualidad\/wp-content\/uploads\/2021\/12\/Primer-premio.-Isabel-Sarasa-Muskiz.jpg 1920w\" sizes=\"auto, (max-width: 450px) 100vw, 450px\" \/><\/a>\n\t\t\t<\/div><\/figure><figure class='gallery-item'>\n\t\t\t<div class='gallery-icon landscape'>\n\t\t\t\t<a href='https:\/\/www.laguiadepamplona.com\/actualidad\/wp-content\/uploads\/2021\/12\/Segundo-premio.-Plica-128.-Pedro-Pileno-Malvar.jpg'><img loading=\"lazy\" decoding=\"async\" width=\"429\" height=\"300\" src=\"https:\/\/www.laguiadepamplona.com\/actualidad\/wp-content\/uploads\/2021\/12\/Segundo-premio.-Plica-128.-Pedro-Pileno-Malvar-429x300.jpg\" class=\"attachment-medium size-medium\" alt=\"\" srcset=\"https:\/\/www.laguiadepamplona.com\/actualidad\/wp-content\/uploads\/2021\/12\/Segundo-premio.-Plica-128.-Pedro-Pileno-Malvar-429x300.jpg 429w, https:\/\/www.laguiadepamplona.com\/actualidad\/wp-content\/uploads\/2021\/12\/Segundo-premio.-Plica-128.-Pedro-Pileno-Malvar-974x682.jpg 974w, https:\/\/www.laguiadepamplona.com\/actualidad\/wp-content\/uploads\/2021\/12\/Segundo-premio.-Plica-128.-Pedro-Pileno-Malvar-768x538.jpg 768w, https:\/\/www.laguiadepamplona.com\/actualidad\/wp-content\/uploads\/2021\/12\/Segundo-premio.-Plica-128.-Pedro-Pileno-Malvar-1536x1075.jpg 1536w, https:\/\/www.laguiadepamplona.com\/actualidad\/wp-content\/uploads\/2021\/12\/Segundo-premio.-Plica-128.-Pedro-Pileno-Malvar-640x448.jpg 640w, https:\/\/www.laguiadepamplona.com\/actualidad\/wp-content\/uploads\/2021\/12\/Segundo-premio.-Plica-128.-Pedro-Pileno-Malvar.jpg 1920w\" sizes=\"auto, (max-width: 429px) 100vw, 429px\" \/><\/a>\n\t\t\t<\/div><\/figure><figure class='gallery-item'>\n\t\t\t<div class='gallery-icon portrait'>\n\t\t\t\t<a href='https:\/\/www.laguiadepamplona.com\/actualidad\/wp-content\/uploads\/2021\/12\/Tercer-premio.-PLica-146.-Oscar-Larraz-Echandi.jpg'><img loading=\"lazy\" decoding=\"async\" width=\"221\" height=\"300\" src=\"https:\/\/www.laguiadepamplona.com\/actualidad\/wp-content\/uploads\/2021\/12\/Tercer-premio.-PLica-146.-Oscar-Larraz-Echandi-221x300.jpg\" class=\"attachment-medium size-medium\" alt=\"\" srcset=\"https:\/\/www.laguiadepamplona.com\/actualidad\/wp-content\/uploads\/2021\/12\/Tercer-premio.-PLica-146.-Oscar-Larraz-Echandi-221x300.jpg 221w, https:\/\/www.laguiadepamplona.com\/actualidad\/wp-content\/uploads\/2021\/12\/Tercer-premio.-PLica-146.-Oscar-Larraz-Echandi-503x682.jpg 503w, https:\/\/www.laguiadepamplona.com\/actualidad\/wp-content\/uploads\/2021\/12\/Tercer-premio.-PLica-146.-Oscar-Larraz-Echandi-768x1042.jpg 768w, https:\/\/www.laguiadepamplona.com\/actualidad\/wp-content\/uploads\/2021\/12\/Tercer-premio.-PLica-146.-Oscar-Larraz-Echandi-1132x1536.jpg 1132w, https:\/\/www.laguiadepamplona.com\/actualidad\/wp-content\/uploads\/2021\/12\/Tercer-premio.-PLica-146.-Oscar-Larraz-Echandi-640x868.jpg 640w, https:\/\/www.laguiadepamplona.com\/actualidad\/wp-content\/uploads\/2021\/12\/Tercer-premio.-PLica-146.-Oscar-Larraz-Echandi.jpg 1415w\" sizes=\"auto, (max-width: 221px) 100vw, 221px\" \/><\/a>\n\t\t\t<\/div><\/figure>\n\t\t<\/div>\n\n<p>El Palacio del Condestable ha acogido el acto de entrega de los premios del concurso de fotograf\u00eda ENFOCA, en el que tambi\u00e9n se han hecho p\u00fablicas las fotograf\u00edas que ilustrar\u00e1n el calendario municipal del pr\u00f3ximo a\u00f1o. Cada uno de los doce autores recibir\u00e1 un premio de 150 euros. La instant\u00e1nea \u2018Esto tambi\u00e9n pasar\u00e1\u2019, que fue tomada por Isabel Sarasa desde el Sagrado Coraz\u00f3n del monte Ezkaba en un d\u00eda de niebla, se ha alzado con el principal galard\u00f3n, que tiene una dotaci\u00f3n de 900 euros. El segundo premio, dotado con 600 euros, ha sido para la fotograf\u00eda de Pedro Pile\u00f1o \u2018La ciudad en movimiento, y el tercero, con 500 euros de recompensa ha reca\u00eddo en \u00d3scar Larraz y \u2018Dibujando ventanas\u2019. Adem\u00e1s, se ha concedido una menci\u00f3n del jurado a la instant\u00e1nea presentada por Maria Jes\u00fas Jodar con el t\u00edtulo \u2018Piel de asfalto\u2019.<br \/>\n<script async src=\"\/\/pagead2.googlesyndication.com\/pagead\/js\/adsbygoogle.js\"><\/script><br \/>\n<!-- Noticias La Guia de Pamplona --><br \/>\n<ins class=\"adsbygoogle\"\nstyle=\"display:block\"\ndata-ad-client=\"ca-pub-6943679897239327\"\ndata-ad-slot=\"7048180777\"\ndata-ad-format=\"auto\"><\/ins><br \/>\n<script>\n(adsbygoogle = window.adsbygoogle || []).push({});\n<\/script><\/p>\n<p>El primer premio del concurso de fotograf\u00eda ENFOCA la autora consigue, gracias a la niebla, un contraste entre la oscuridad de la ciudad y el alumbrado del horizonte. En \u2018La ciudad en movimiento\u2019, que ha conseguido el segundo premio, el autor muestra la vida en el centro de la ciudad a trav\u00e9s de una instant\u00e1nea de la Plaza del Castillo en el mes de octubre. La fotograf\u00eda galardonada con el tercer premio fue tomada desde el polideportivo de Ermitaga\u00f1a, y hace el juego entre el lapicero gigante dibujado en la fachada y una peque\u00f1a pir\u00e1mide. El jurado ha otorgado tambi\u00e9n una menci\u00f3n a la obra \u2018Piel de asfalto\u2019, que ilustra, desde la calle Mercaderes, la fachada de un edificio hist\u00f3rico a trav\u00e9s del reflejo de un peque\u00f1o charco.<\/p>\n<p>Todas las fotograf\u00edas se expondr\u00e1n en el Palacio del Condestable en una muestra que tendr\u00e1 lugar hasta el pr\u00f3ximo 20 de enero. En total, en esta vigesimoquinta edici\u00f3n del concurso ENFOCA, han participado 252 personas. El jurado t\u00e9cnico ha estado formado por los profesionales de la fotograf\u00eda Villar L\u00f3pez, Cristina N\u00fa\u00f1ez, Adolfo Lacunza y Jos\u00e9 Luis Pujol, adem\u00e1s del director del \u00c1rea de Cultura e Igualdad- Jorge Urd\u00e1noz, y ha contado con el apoyo del personal t\u00e9cnico del \u00e1rea de Participaci\u00f3n del Ayuntamiento de Pamplona.<br \/>\n<script async src=\"\/\/pagead2.googlesyndication.com\/pagead\/js\/adsbygoogle.js\"><\/script><br \/>\n<!-- Noticias La Guia de Pamplona --><br \/>\n<ins class=\"adsbygoogle\"\nstyle=\"display:block\"\ndata-ad-client=\"ca-pub-6943679897239327\"\ndata-ad-slot=\"7048180777\"\ndata-ad-format=\"auto\"><\/ins><br \/>\n<script>\n(adsbygoogle = window.adsbygoogle || []).push({});\n<\/script><\/p>\n<p><strong>Reparto del calendario municipal, a partir del lunes<\/strong><\/p>\n<p>El Ayuntamiento de Pamplona repartir\u00e1 el nuevo calendario municipal de 2022 entre el lunes 20 y el martes 21 de diciembre. En total, se distribuir\u00e1n 16.500 ejemplares de forma gratuita, un 75% de ellos en castellano y el resto en euskera. Adem\u00e1s, el mismo lunes el calendarios estar\u00e1 a disposici\u00f3n para su descarga en ambos idiomas desde la portada de la web municipal <a href=\"http:\/\/www.pamplona.es\" target=\"_blank\" rel=\"noopener\">www.pamplona.es<\/a> y <a href=\"http:\/\/www.pamplona.es\/eu\" target=\"_blank\" rel=\"noopener\">www.pamplona.es\/eu<\/a>. En el caso de los ejemplares editados en papel los calendarios podr\u00e1n recogerse en todos los barrios, ya que la entrega se realizar\u00e1 en la Casa Consistorial (entrada por la plaza de Santiago), en Descalzos 72 y en cinco centros de la Red Civivox (San Jorge, Mendillorri, Iturrama, Ensanche, Milagrosa y Jus la Rocha), adem\u00e1s de en la Casa de la Juventud y en el centro comunitario de Salesianas. El horario de recogida del lunes ser\u00e1 el mismo en todos los puntos de distribuci\u00f3n de 10 a 13.30 horas. El martes el calendario se repartir\u00e1 por la tarde de 17 a 20 horas.<\/p>\n","protected":false},"excerpt":{"rendered":"<p>Se han entregado tambi\u00e9n el segundo y tercer premio, una menci\u00f3n del jurado, y se han seleccionado las doce im\u00e1genes que ilustrar\u00e1n el calendario municipal de 2022<\/p>\n","protected":false},"author":1,"featured_media":38050,"comment_status":"open","ping_status":"closed","sticky":false,"template":"","format":"standard","meta":{"footnotes":""},"categories":[2],"tags":[],"class_list":["post-38037","post","type-post","status-publish","format-standard","has-post-thumbnail","hentry","category-ayuntamiento-pamplona"],"yoast_head":"<!-- This site is optimized with the Yoast SEO plugin v27.5 - https:\/\/yoast.com\/product\/yoast-seo-wordpress\/ -->\n<title>La fotograf\u00eda \u2018Esto tambi\u00e9n pasar\u00e1\u2019, de Isabel Sarasa, primer premio del concurso de fotograf\u00eda ENFOCA Pamplona<\/title>\n<meta name=\"description\" content=\"Se han entregado tambi\u00e9n el segundo y tercer premio, una menci\u00f3n del jurado, y se han seleccionado las doce im\u00e1genes que ilustrar\u00e1n el calendario municipal de 2022\" \/>\n<meta name=\"robots\" content=\"index, follow, max-snippet:-1, max-image-preview:large, max-video-preview:-1\" \/>\n<link rel=\"canonical\" href=\"https:\/\/www.laguiadepamplona.com\/actualidad\/la-fotografia-esto-tambien-pasara-de-isabel-sarasa-primer-premio-del-concurso-de-fotografia-enfoca-pamplona\/\" \/>\n<meta property=\"og:locale\" content=\"es_ES\" \/>\n<meta property=\"og:type\" content=\"article\" \/>\n<meta property=\"og:title\" content=\"La fotograf\u00eda \u2018Esto tambi\u00e9n pasar\u00e1\u2019, de Isabel Sarasa, primer premio del concurso de fotograf\u00eda ENFOCA Pamplona\" \/>\n<meta property=\"og:description\" content=\"Se han entregado tambi\u00e9n el segundo y tercer premio, una menci\u00f3n del jurado, y se han seleccionado las doce im\u00e1genes que ilustrar\u00e1n el calendario municipal de 2022\" \/>\n<meta property=\"og:url\" content=\"https:\/\/www.laguiadepamplona.com\/actualidad\/la-fotografia-esto-tambien-pasara-de-isabel-sarasa-primer-premio-del-concurso-de-fotografia-enfoca-pamplona\/\" \/>\n<meta property=\"og:site_name\" content=\"La Gu\u00eda de Pamplona\" \/>\n<meta property=\"article:publisher\" content=\"https:\/\/www.facebook.com\/laguiadepamplonacom-133175176762273\/?ref=hl\" \/>\n<meta property=\"article:published_time\" content=\"2021-12-17T18:27:17+00:00\" \/>\n<meta property=\"article:modified_time\" content=\"2023-04-11T09:48:39+00:00\" \/>\n<meta property=\"og:image\" content=\"https:\/\/www.laguiadepamplona.com\/actualidad\/wp-content\/uploads\/2021\/12\/Primer-premio.-Isabel-Sarasa-Muskiz.jpg\" \/>\n\t<meta property=\"og:image:width\" content=\"1920\" \/>\n\t<meta property=\"og:image:height\" content=\"1280\" \/>\n\t<meta property=\"og:image:type\" content=\"image\/jpeg\" \/>\n<meta name=\"author\" content=\"La Gu\u00eda de Pamplona\" \/>\n<meta name=\"twitter:card\" content=\"summary_large_image\" \/>\n<meta name=\"twitter:creator\" content=\"@LaGuiadPamplona\" \/>\n<meta name=\"twitter:site\" content=\"@LaGuiadPamplona\" \/>\n<meta name=\"twitter:label1\" content=\"Escrito por\" \/>\n\t<meta name=\"twitter:data1\" content=\"La Gu\u00eda de Pamplona\" \/>\n\t<meta name=\"twitter:label2\" content=\"Tiempo de lectura\" \/>\n\t<meta name=\"twitter:data2\" content=\"3 minutos\" \/>\n<script type=\"application\/ld+json\" class=\"yoast-schema-graph\">{\"@context\":\"https:\\\/\\\/schema.org\",\"@graph\":[{\"@type\":\"Article\",\"@id\":\"https:\\\/\\\/www.laguiadepamplona.com\\\/actualidad\\\/la-fotografia-esto-tambien-pasara-de-isabel-sarasa-primer-premio-del-concurso-de-fotografia-enfoca-pamplona\\\/#article\",\"isPartOf\":{\"@id\":\"https:\\\/\\\/www.laguiadepamplona.com\\\/actualidad\\\/la-fotografia-esto-tambien-pasara-de-isabel-sarasa-primer-premio-del-concurso-de-fotografia-enfoca-pamplona\\\/\"},\"author\":{\"name\":\"La Gu\u00eda de Pamplona\",\"@id\":\"https:\\\/\\\/www.laguiadepamplona.com\\\/actualidad\\\/#\\\/schema\\\/person\\\/efe887376f0213d4657c93adc50b1fdb\"},\"headline\":\"La fotograf\u00eda \u2018Esto tambi\u00e9n pasar\u00e1\u2019, de Isabel Sarasa, primer premio del concurso de fotograf\u00eda ENFOCA Pamplona\",\"datePublished\":\"2021-12-17T18:27:17+00:00\",\"dateModified\":\"2023-04-11T09:48:39+00:00\",\"mainEntityOfPage\":{\"@id\":\"https:\\\/\\\/www.laguiadepamplona.com\\\/actualidad\\\/la-fotografia-esto-tambien-pasara-de-isabel-sarasa-primer-premio-del-concurso-de-fotografia-enfoca-pamplona\\\/\"},\"wordCount\":628,\"commentCount\":0,\"publisher\":{\"@id\":\"https:\\\/\\\/www.laguiadepamplona.com\\\/actualidad\\\/#organization\"},\"image\":{\"@id\":\"https:\\\/\\\/www.laguiadepamplona.com\\\/actualidad\\\/la-fotografia-esto-tambien-pasara-de-isabel-sarasa-primer-premio-del-concurso-de-fotografia-enfoca-pamplona\\\/#primaryimage\"},\"thumbnailUrl\":\"https:\\\/\\\/www.laguiadepamplona.com\\\/actualidad\\\/wp-content\\\/uploads\\\/2021\\\/12\\\/Primer-premio.-Isabel-Sarasa-Muskiz.jpg\",\"articleSection\":[\"Ayto Pamplona\"],\"inLanguage\":\"es\",\"potentialAction\":[{\"@type\":\"CommentAction\",\"name\":\"Comment\",\"target\":[\"https:\\\/\\\/www.laguiadepamplona.com\\\/actualidad\\\/la-fotografia-esto-tambien-pasara-de-isabel-sarasa-primer-premio-del-concurso-de-fotografia-enfoca-pamplona\\\/#respond\"]}]},{\"@type\":\"WebPage\",\"@id\":\"https:\\\/\\\/www.laguiadepamplona.com\\\/actualidad\\\/la-fotografia-esto-tambien-pasara-de-isabel-sarasa-primer-premio-del-concurso-de-fotografia-enfoca-pamplona\\\/\",\"url\":\"https:\\\/\\\/www.laguiadepamplona.com\\\/actualidad\\\/la-fotografia-esto-tambien-pasara-de-isabel-sarasa-primer-premio-del-concurso-de-fotografia-enfoca-pamplona\\\/\",\"name\":\"La fotograf\u00eda \u2018Esto tambi\u00e9n pasar\u00e1\u2019, de Isabel Sarasa, primer premio del concurso de fotograf\u00eda ENFOCA Pamplona\",\"isPartOf\":{\"@id\":\"https:\\\/\\\/www.laguiadepamplona.com\\\/actualidad\\\/#website\"},\"primaryImageOfPage\":{\"@id\":\"https:\\\/\\\/www.laguiadepamplona.com\\\/actualidad\\\/la-fotografia-esto-tambien-pasara-de-isabel-sarasa-primer-premio-del-concurso-de-fotografia-enfoca-pamplona\\\/#primaryimage\"},\"image\":{\"@id\":\"https:\\\/\\\/www.laguiadepamplona.com\\\/actualidad\\\/la-fotografia-esto-tambien-pasara-de-isabel-sarasa-primer-premio-del-concurso-de-fotografia-enfoca-pamplona\\\/#primaryimage\"},\"thumbnailUrl\":\"https:\\\/\\\/www.laguiadepamplona.com\\\/actualidad\\\/wp-content\\\/uploads\\\/2021\\\/12\\\/Primer-premio.-Isabel-Sarasa-Muskiz.jpg\",\"datePublished\":\"2021-12-17T18:27:17+00:00\",\"dateModified\":\"2023-04-11T09:48:39+00:00\",\"description\":\"Se han entregado tambi\u00e9n el segundo y tercer premio, una menci\u00f3n del jurado, y se han seleccionado las doce im\u00e1genes que ilustrar\u00e1n el calendario municipal de 2022\",\"breadcrumb\":{\"@id\":\"https:\\\/\\\/www.laguiadepamplona.com\\\/actualidad\\\/la-fotografia-esto-tambien-pasara-de-isabel-sarasa-primer-premio-del-concurso-de-fotografia-enfoca-pamplona\\\/#breadcrumb\"},\"inLanguage\":\"es\",\"potentialAction\":[{\"@type\":\"ReadAction\",\"target\":[\"https:\\\/\\\/www.laguiadepamplona.com\\\/actualidad\\\/la-fotografia-esto-tambien-pasara-de-isabel-sarasa-primer-premio-del-concurso-de-fotografia-enfoca-pamplona\\\/\"]}]},{\"@type\":\"ImageObject\",\"inLanguage\":\"es\",\"@id\":\"https:\\\/\\\/www.laguiadepamplona.com\\\/actualidad\\\/la-fotografia-esto-tambien-pasara-de-isabel-sarasa-primer-premio-del-concurso-de-fotografia-enfoca-pamplona\\\/#primaryimage\",\"url\":\"https:\\\/\\\/www.laguiadepamplona.com\\\/actualidad\\\/wp-content\\\/uploads\\\/2021\\\/12\\\/Primer-premio.-Isabel-Sarasa-Muskiz.jpg\",\"contentUrl\":\"https:\\\/\\\/www.laguiadepamplona.com\\\/actualidad\\\/wp-content\\\/uploads\\\/2021\\\/12\\\/Primer-premio.-Isabel-Sarasa-Muskiz.jpg\",\"width\":1920,\"height\":1280},{\"@type\":\"BreadcrumbList\",\"@id\":\"https:\\\/\\\/www.laguiadepamplona.com\\\/actualidad\\\/la-fotografia-esto-tambien-pasara-de-isabel-sarasa-primer-premio-del-concurso-de-fotografia-enfoca-pamplona\\\/#breadcrumb\",\"itemListElement\":[{\"@type\":\"ListItem\",\"position\":1,\"name\":\"Portada\",\"item\":\"https:\\\/\\\/www.laguiadepamplona.com\\\/actualidad\\\/\"},{\"@type\":\"ListItem\",\"position\":2,\"name\":\"La fotograf\u00eda \u2018Esto tambi\u00e9n pasar\u00e1\u2019, de Isabel Sarasa, primer premio del concurso de fotograf\u00eda ENFOCA Pamplona\"}]},{\"@type\":\"WebSite\",\"@id\":\"https:\\\/\\\/www.laguiadepamplona.com\\\/actualidad\\\/#website\",\"url\":\"https:\\\/\\\/www.laguiadepamplona.com\\\/actualidad\\\/\",\"name\":\"La gu\u00eda de Pamplona\",\"description\":\"Noticias de Pamplona\",\"publisher\":{\"@id\":\"https:\\\/\\\/www.laguiadepamplona.com\\\/actualidad\\\/#organization\"},\"potentialAction\":[{\"@type\":\"SearchAction\",\"target\":{\"@type\":\"EntryPoint\",\"urlTemplate\":\"https:\\\/\\\/www.laguiadepamplona.com\\\/actualidad\\\/?s={search_term_string}\"},\"query-input\":{\"@type\":\"PropertyValueSpecification\",\"valueRequired\":true,\"valueName\":\"search_term_string\"}}],\"inLanguage\":\"es\"},{\"@type\":\"Organization\",\"@id\":\"https:\\\/\\\/www.laguiadepamplona.com\\\/actualidad\\\/#organization\",\"name\":\"La Gu\u00eda de Pamplona \\\/ Noticias\",\"url\":\"https:\\\/\\\/www.laguiadepamplona.com\\\/actualidad\\\/\",\"logo\":{\"@type\":\"ImageObject\",\"inLanguage\":\"es\",\"@id\":\"https:\\\/\\\/www.laguiadepamplona.com\\\/actualidad\\\/#\\\/schema\\\/logo\\\/image\\\/\",\"url\":\"https:\\\/\\\/www.laguiadepamplona.com\\\/actualidad\\\/wp-content\\\/uploads\\\/2018\\\/11\\\/logo-laguiadepamplona18-web1.png\",\"contentUrl\":\"https:\\\/\\\/www.laguiadepamplona.com\\\/actualidad\\\/wp-content\\\/uploads\\\/2018\\\/11\\\/logo-laguiadepamplona18-web1.png\",\"width\":600,\"height\":196,\"caption\":\"La Gu\u00eda de Pamplona \\\/ Noticias\"},\"image\":{\"@id\":\"https:\\\/\\\/www.laguiadepamplona.com\\\/actualidad\\\/#\\\/schema\\\/logo\\\/image\\\/\"},\"sameAs\":[\"https:\\\/\\\/www.facebook.com\\\/laguiadepamplonacom-133175176762273\\\/?ref=hl\",\"https:\\\/\\\/x.com\\\/LaGuiadPamplona\",\"https:\\\/\\\/www.instagram.com\\\/la_guia_de_pamplona\\\/\",\"https:\\\/\\\/www.youtube.com\\\/user\\\/laguiadepamplona\"]},{\"@type\":\"Person\",\"@id\":\"https:\\\/\\\/www.laguiadepamplona.com\\\/actualidad\\\/#\\\/schema\\\/person\\\/efe887376f0213d4657c93adc50b1fdb\",\"name\":\"La Gu\u00eda de Pamplona\",\"image\":{\"@type\":\"ImageObject\",\"inLanguage\":\"es\",\"@id\":\"https:\\\/\\\/secure.gravatar.com\\\/avatar\\\/b6992f131dc8d30ab0dff15446e9d346d9dbd95992de0fef795073f5ea83a81c?s=96&d=mm&r=g\",\"url\":\"https:\\\/\\\/secure.gravatar.com\\\/avatar\\\/b6992f131dc8d30ab0dff15446e9d346d9dbd95992de0fef795073f5ea83a81c?s=96&d=mm&r=g\",\"contentUrl\":\"https:\\\/\\\/secure.gravatar.com\\\/avatar\\\/b6992f131dc8d30ab0dff15446e9d346d9dbd95992de0fef795073f5ea83a81c?s=96&d=mm&r=g\",\"caption\":\"La Gu\u00eda de Pamplona\"}}]}<\/script>\n<!-- \/ Yoast SEO plugin. -->","yoast_head_json":{"title":"La fotograf\u00eda \u2018Esto tambi\u00e9n pasar\u00e1\u2019, de Isabel Sarasa, primer premio del concurso de fotograf\u00eda ENFOCA Pamplona","description":"Se han entregado tambi\u00e9n el segundo y tercer premio, una menci\u00f3n del jurado, y se han seleccionado las doce im\u00e1genes que ilustrar\u00e1n el calendario municipal de 2022","robots":{"index":"index","follow":"follow","max-snippet":"max-snippet:-1","max-image-preview":"max-image-preview:large","max-video-preview":"max-video-preview:-1"},"canonical":"https:\/\/www.laguiadepamplona.com\/actualidad\/la-fotografia-esto-tambien-pasara-de-isabel-sarasa-primer-premio-del-concurso-de-fotografia-enfoca-pamplona\/","og_locale":"es_ES","og_type":"article","og_title":"La fotograf\u00eda \u2018Esto tambi\u00e9n pasar\u00e1\u2019, de Isabel Sarasa, primer premio del concurso de fotograf\u00eda ENFOCA Pamplona","og_description":"Se han entregado tambi\u00e9n el segundo y tercer premio, una menci\u00f3n del jurado, y se han seleccionado las doce im\u00e1genes que ilustrar\u00e1n el calendario municipal de 2022","og_url":"https:\/\/www.laguiadepamplona.com\/actualidad\/la-fotografia-esto-tambien-pasara-de-isabel-sarasa-primer-premio-del-concurso-de-fotografia-enfoca-pamplona\/","og_site_name":"La Gu\u00eda de Pamplona","article_publisher":"https:\/\/www.facebook.com\/laguiadepamplonacom-133175176762273\/?ref=hl","article_published_time":"2021-12-17T18:27:17+00:00","article_modified_time":"2023-04-11T09:48:39+00:00","og_image":[{"width":1920,"height":1280,"url":"https:\/\/www.laguiadepamplona.com\/actualidad\/wp-content\/uploads\/2021\/12\/Primer-premio.-Isabel-Sarasa-Muskiz.jpg","type":"image\/jpeg"}],"author":"La Gu\u00eda de Pamplona","twitter_card":"summary_large_image","twitter_creator":"@LaGuiadPamplona","twitter_site":"@LaGuiadPamplona","twitter_misc":{"Escrito por":"La Gu\u00eda de Pamplona","Tiempo de lectura":"3 minutos"},"schema":{"@context":"https:\/\/schema.org","@graph":[{"@type":"Article","@id":"https:\/\/www.laguiadepamplona.com\/actualidad\/la-fotografia-esto-tambien-pasara-de-isabel-sarasa-primer-premio-del-concurso-de-fotografia-enfoca-pamplona\/#article","isPartOf":{"@id":"https:\/\/www.laguiadepamplona.com\/actualidad\/la-fotografia-esto-tambien-pasara-de-isabel-sarasa-primer-premio-del-concurso-de-fotografia-enfoca-pamplona\/"},"author":{"name":"La Gu\u00eda de Pamplona","@id":"https:\/\/www.laguiadepamplona.com\/actualidad\/#\/schema\/person\/efe887376f0213d4657c93adc50b1fdb"},"headline":"La fotograf\u00eda \u2018Esto tambi\u00e9n pasar\u00e1\u2019, de Isabel Sarasa, primer premio del concurso de fotograf\u00eda ENFOCA Pamplona","datePublished":"2021-12-17T18:27:17+00:00","dateModified":"2023-04-11T09:48:39+00:00","mainEntityOfPage":{"@id":"https:\/\/www.laguiadepamplona.com\/actualidad\/la-fotografia-esto-tambien-pasara-de-isabel-sarasa-primer-premio-del-concurso-de-fotografia-enfoca-pamplona\/"},"wordCount":628,"commentCount":0,"publisher":{"@id":"https:\/\/www.laguiadepamplona.com\/actualidad\/#organization"},"image":{"@id":"https:\/\/www.laguiadepamplona.com\/actualidad\/la-fotografia-esto-tambien-pasara-de-isabel-sarasa-primer-premio-del-concurso-de-fotografia-enfoca-pamplona\/#primaryimage"},"thumbnailUrl":"https:\/\/www.laguiadepamplona.com\/actualidad\/wp-content\/uploads\/2021\/12\/Primer-premio.-Isabel-Sarasa-Muskiz.jpg","articleSection":["Ayto Pamplona"],"inLanguage":"es","potentialAction":[{"@type":"CommentAction","name":"Comment","target":["https:\/\/www.laguiadepamplona.com\/actualidad\/la-fotografia-esto-tambien-pasara-de-isabel-sarasa-primer-premio-del-concurso-de-fotografia-enfoca-pamplona\/#respond"]}]},{"@type":"WebPage","@id":"https:\/\/www.laguiadepamplona.com\/actualidad\/la-fotografia-esto-tambien-pasara-de-isabel-sarasa-primer-premio-del-concurso-de-fotografia-enfoca-pamplona\/","url":"https:\/\/www.laguiadepamplona.com\/actualidad\/la-fotografia-esto-tambien-pasara-de-isabel-sarasa-primer-premio-del-concurso-de-fotografia-enfoca-pamplona\/","name":"La fotograf\u00eda \u2018Esto tambi\u00e9n pasar\u00e1\u2019, de Isabel Sarasa, primer premio del concurso de fotograf\u00eda ENFOCA Pamplona","isPartOf":{"@id":"https:\/\/www.laguiadepamplona.com\/actualidad\/#website"},"primaryImageOfPage":{"@id":"https:\/\/www.laguiadepamplona.com\/actualidad\/la-fotografia-esto-tambien-pasara-de-isabel-sarasa-primer-premio-del-concurso-de-fotografia-enfoca-pamplona\/#primaryimage"},"image":{"@id":"https:\/\/www.laguiadepamplona.com\/actualidad\/la-fotografia-esto-tambien-pasara-de-isabel-sarasa-primer-premio-del-concurso-de-fotografia-enfoca-pamplona\/#primaryimage"},"thumbnailUrl":"https:\/\/www.laguiadepamplona.com\/actualidad\/wp-content\/uploads\/2021\/12\/Primer-premio.-Isabel-Sarasa-Muskiz.jpg","datePublished":"2021-12-17T18:27:17+00:00","dateModified":"2023-04-11T09:48:39+00:00","description":"Se han entregado tambi\u00e9n el segundo y tercer premio, una menci\u00f3n del jurado, y se han seleccionado las doce im\u00e1genes que ilustrar\u00e1n el calendario municipal de 2022","breadcrumb":{"@id":"https:\/\/www.laguiadepamplona.com\/actualidad\/la-fotografia-esto-tambien-pasara-de-isabel-sarasa-primer-premio-del-concurso-de-fotografia-enfoca-pamplona\/#breadcrumb"},"inLanguage":"es","potentialAction":[{"@type":"ReadAction","target":["https:\/\/www.laguiadepamplona.com\/actualidad\/la-fotografia-esto-tambien-pasara-de-isabel-sarasa-primer-premio-del-concurso-de-fotografia-enfoca-pamplona\/"]}]},{"@type":"ImageObject","inLanguage":"es","@id":"https:\/\/www.laguiadepamplona.com\/actualidad\/la-fotografia-esto-tambien-pasara-de-isabel-sarasa-primer-premio-del-concurso-de-fotografia-enfoca-pamplona\/#primaryimage","url":"https:\/\/www.laguiadepamplona.com\/actualidad\/wp-content\/uploads\/2021\/12\/Primer-premio.-Isabel-Sarasa-Muskiz.jpg","contentUrl":"https:\/\/www.laguiadepamplona.com\/actualidad\/wp-content\/uploads\/2021\/12\/Primer-premio.-Isabel-Sarasa-Muskiz.jpg","width":1920,"height":1280},{"@type":"BreadcrumbList","@id":"https:\/\/www.laguiadepamplona.com\/actualidad\/la-fotografia-esto-tambien-pasara-de-isabel-sarasa-primer-premio-del-concurso-de-fotografia-enfoca-pamplona\/#breadcrumb","itemListElement":[{"@type":"ListItem","position":1,"name":"Portada","item":"https:\/\/www.laguiadepamplona.com\/actualidad\/"},{"@type":"ListItem","position":2,"name":"La fotograf\u00eda \u2018Esto tambi\u00e9n pasar\u00e1\u2019, de Isabel Sarasa, primer premio del concurso de fotograf\u00eda ENFOCA Pamplona"}]},{"@type":"WebSite","@id":"https:\/\/www.laguiadepamplona.com\/actualidad\/#website","url":"https:\/\/www.laguiadepamplona.com\/actualidad\/","name":"La gu\u00eda de Pamplona","description":"Noticias de Pamplona","publisher":{"@id":"https:\/\/www.laguiadepamplona.com\/actualidad\/#organization"},"potentialAction":[{"@type":"SearchAction","target":{"@type":"EntryPoint","urlTemplate":"https:\/\/www.laguiadepamplona.com\/actualidad\/?s={search_term_string}"},"query-input":{"@type":"PropertyValueSpecification","valueRequired":true,"valueName":"search_term_string"}}],"inLanguage":"es"},{"@type":"Organization","@id":"https:\/\/www.laguiadepamplona.com\/actualidad\/#organization","name":"La Gu\u00eda de Pamplona \/ Noticias","url":"https:\/\/www.laguiadepamplona.com\/actualidad\/","logo":{"@type":"ImageObject","inLanguage":"es","@id":"https:\/\/www.laguiadepamplona.com\/actualidad\/#\/schema\/logo\/image\/","url":"https:\/\/www.laguiadepamplona.com\/actualidad\/wp-content\/uploads\/2018\/11\/logo-laguiadepamplona18-web1.png","contentUrl":"https:\/\/www.laguiadepamplona.com\/actualidad\/wp-content\/uploads\/2018\/11\/logo-laguiadepamplona18-web1.png","width":600,"height":196,"caption":"La Gu\u00eda de Pamplona \/ Noticias"},"image":{"@id":"https:\/\/www.laguiadepamplona.com\/actualidad\/#\/schema\/logo\/image\/"},"sameAs":["https:\/\/www.facebook.com\/laguiadepamplonacom-133175176762273\/?ref=hl","https:\/\/x.com\/LaGuiadPamplona","https:\/\/www.instagram.com\/la_guia_de_pamplona\/","https:\/\/www.youtube.com\/user\/laguiadepamplona"]},{"@type":"Person","@id":"https:\/\/www.laguiadepamplona.com\/actualidad\/#\/schema\/person\/efe887376f0213d4657c93adc50b1fdb","name":"La Gu\u00eda de Pamplona","image":{"@type":"ImageObject","inLanguage":"es","@id":"https:\/\/secure.gravatar.com\/avatar\/b6992f131dc8d30ab0dff15446e9d346d9dbd95992de0fef795073f5ea83a81c?s=96&d=mm&r=g","url":"https:\/\/secure.gravatar.com\/avatar\/b6992f131dc8d30ab0dff15446e9d346d9dbd95992de0fef795073f5ea83a81c?s=96&d=mm&r=g","contentUrl":"https:\/\/secure.gravatar.com\/avatar\/b6992f131dc8d30ab0dff15446e9d346d9dbd95992de0fef795073f5ea83a81c?s=96&d=mm&r=g","caption":"La Gu\u00eda de Pamplona"}}]}},"post_mailing_queue_ids":[],"_links":{"self":[{"href":"https:\/\/www.laguiadepamplona.com\/actualidad\/wp-json\/wp\/v2\/posts\/38037","targetHints":{"allow":["GET"]}}],"collection":[{"href":"https:\/\/www.laguiadepamplona.com\/actualidad\/wp-json\/wp\/v2\/posts"}],"about":[{"href":"https:\/\/www.laguiadepamplona.com\/actualidad\/wp-json\/wp\/v2\/types\/post"}],"author":[{"embeddable":true,"href":"https:\/\/www.laguiadepamplona.com\/actualidad\/wp-json\/wp\/v2\/users\/1"}],"replies":[{"embeddable":true,"href":"https:\/\/www.laguiadepamplona.com\/actualidad\/wp-json\/wp\/v2\/comments?post=38037"}],"version-history":[{"count":0,"href":"https:\/\/www.laguiadepamplona.com\/actualidad\/wp-json\/wp\/v2\/posts\/38037\/revisions"}],"wp:featuredmedia":[{"embeddable":true,"href":"https:\/\/www.laguiadepamplona.com\/actualidad\/wp-json\/wp\/v2\/media\/38050"}],"wp:attachment":[{"href":"https:\/\/www.laguiadepamplona.com\/actualidad\/wp-json\/wp\/v2\/media?parent=38037"}],"wp:term":[{"taxonomy":"category","embeddable":true,"href":"https:\/\/www.laguiadepamplona.com\/actualidad\/wp-json\/wp\/v2\/categories?post=38037"},{"taxonomy":"post_tag","embeddable":true,"href":"https:\/\/www.laguiadepamplona.com\/actualidad\/wp-json\/wp\/v2\/tags?post=38037"}],"curies":[{"name":"wp","href":"https:\/\/api.w.org\/{rel}","templated":true}]}}