{"id":38030,"date":"2021-12-17T20:12:33","date_gmt":"2021-12-17T18:12:33","guid":{"rendered":"https:\/\/www.laguiadepamplona.com\/actualidad\/?p=38030"},"modified":"2023-04-11T11:48:40","modified_gmt":"2023-04-11T09:48:40","slug":"ven-a-la-casa-por-navidad-la-invitacion-que-cada-ano-por-estas-fechas-realiza-la-casa-de-la-juventud-para-jovenes-de-14-a-30-anos","status":"publish","type":"post","link":"https:\/\/www.laguiadepamplona.com\/actualidad\/ven-a-la-casa-por-navidad-la-invitacion-que-cada-ano-por-estas-fechas-realiza-la-casa-de-la-juventud-para-jovenes-de-14-a-30-anos\/","title":{"rendered":"\u201cVen a la Casa por Navidad\u2026\u201d la invitaci\u00f3n que cada a\u00f1o por estas fechas realiza la Casa de la Juventud para j\u00f3venes de 14 a 30 a\u00f1os"},"content":{"rendered":"<h5>Talleres de regalo sin compra, mon\u00f3logos de humor y torneos de videojuegos constituyen la oferta de actividades del 20 de diciembre al 4 de enero<\/h5>\n<p><!--more--><\/p>\n<p>La Casa de la Juventud retoma en estas fechas el programa \u201cVen a la Casa por Navidad\u2026\u201d con una propuesta dividida en tres grandes grupos de actividades: talleres de elaboraci\u00f3n de regalos alternativos y responsables, los llamados \u201cRegalos Buy Nothing\u201d (del 20 al 30 de diciembre); el ciclo de mon\u00f3logos \u201c\u00a1A carcajadas!\u201d previsto para los d\u00edas 27, 28, 29 y 30 de diciembre y dos torneos de videojuegos vinculados a los desarrollos \u201cSmash Bros Ultimate\u201d, el 3 de enero, y \u201cRocket League\u201d el 4 de enero.<br \/>\n<script async src=\"\/\/pagead2.googlesyndication.com\/pagead\/js\/adsbygoogle.js\"><\/script><br \/>\n<!-- Noticias La Guia de Pamplona --><br \/>\n<ins class=\"adsbygoogle\"\nstyle=\"display:block\"\ndata-ad-client=\"ca-pub-6943679897239327\"\ndata-ad-slot=\"7048180777\"\ndata-ad-format=\"auto\"><\/ins><br \/>\n<script>\n(adsbygoogle = window.adsbygoogle || []).push({});\n<\/script><\/p>\n<p>Este pr\u00f3ximo lunes se iniciar\u00e1n los talleres navide\u00f1os para realizar regalos sin tener que comprarlos. Son ocho los talleres de \u2018Regalos buy nothing\u2019 programados para estas fiestas y est\u00e1n destinados a j\u00f3venes de 14 a 30 a\u00f1os. En la sesi\u00f3n se tratar\u00e1 de realizar el objeto o producto propuesto; los materiales los pondr\u00e1 la Casa y las personas participantes podr\u00e1n llevarse a su domicilio el resultado final. Todos los talleres son de entrada libre previa inscripci\u00f3n en la Casa o en el tel\u00e9fono 948 233 512.<\/p>\n<p>Entre el d\u00eda 27 y el 30 de diciembre la casa acoger\u00e1 cuatro espect\u00e1culos de humor con forma e mon\u00f3logo. Maika Jurado, el c\u00f3mico Joseba, Charlie D\u00edaz y \u00d1ako y Mikel Bermejo, todos ellos con gran experiencia sobre los escenarios, abordar\u00e1n a las 19.30 horas, como tomarse temas serios haciendo risas. Y para los amantes de los videojuegos la asociaci\u00f3n juvenil pamplonesa \u2018Game Over\u2019 ha organizado los d\u00edas 3 y 4 de enero sendos torneos, con plazas limitadas (32) y con premios para quienes se alcen con los primeros puestos. La inscripci\u00f3n comenzar\u00e1 el 27 de diciembre y las plazas se atribuir\u00e1n en orden de inscripci\u00f3n.<br \/>\n<script async src=\"\/\/pagead2.googlesyndication.com\/pagead\/js\/adsbygoogle.js\"><\/script><br \/>\n<!-- Noticias La Guia de Pamplona --><br \/>\n<ins class=\"adsbygoogle\"\nstyle=\"display:block\"\ndata-ad-client=\"ca-pub-6943679897239327\"\ndata-ad-slot=\"7048180777\"\ndata-ad-format=\"auto\"><\/ins><br \/>\n<script>\n(adsbygoogle = window.adsbygoogle || []).push({});\n<\/script><\/p>\n<p><strong>Talleres del 20 al 23 de diciembre<\/strong><\/p>\n<p>La semana que viene habr\u00e1 un taller cada tarde de lunes a jueves, siempre a las 19 horas. Las actividades previstas son consecutivamente: \u2018Sales de Ba\u00f1o ecol\u00f3gicas y relajantes\u2019, y \u2018Champ\u00fa natural de naranja o de lim\u00f3n\u2019, ambos a cargo de Jos\u00e9 Antonio Vidaurre, y \u201cTransfiere tu fotograf\u00eda en madera\u201d y \u201cTazas personalizadas\u201d, a cargo de Garazi Valluerca. El primero es diplomado en nutrici\u00f3n humana y diet\u00e9tica y con m\u00e1s de 20 a\u00f1os de experiencia en cursos relacionados con las plantas medicinales y la segunda licenciada en Bellas Artes por la Universidad de Bilbao, con amplia experiencia en el \u00e1mbito de la artesan\u00eda, las bellas artes y el reciclaje. Ambos imparten cursos de forma habitual para la casa de la Juventud.<br \/>\n<script async src=\"\/\/pagead2.googlesyndication.com\/pagead\/js\/adsbygoogle.js\"><\/script><br \/>\n<!-- Noticias La Guia de Pamplona --><br \/>\n<ins class=\"adsbygoogle\"\nstyle=\"display:block\"\ndata-ad-client=\"ca-pub-6943679897239327\"\ndata-ad-slot=\"7048180777\"\ndata-ad-format=\"auto\"><\/ins><br \/>\n<script>\n(adsbygoogle = window.adsbygoogle || []).push({});\n<\/script><\/p>\n<p><strong>Regalos sin compra para la \u00faltima semana del a\u00f1o<\/strong><\/p>\n<p>Los talleres continuar\u00e1n la \u00faltima semana del a\u00f1o en el mismo horario con tres propuestas. Por un lado, el d\u00eda 27 de diciembre Leyre Monge, estudiante de &#8216;Dise\u00f1o de Moda&#8217; en la Escuela Superior de Dise\u00f1o de la Rioja impartir\u00e1 un taller de \u201cScrapbooks\u201d o, lo que es lo mismo, personalizaci\u00f3n de \u00e1lbumes de fotograf\u00eda, una t\u00e9cnica para la que se emplean recortes, cartas o trozos de papel de regalo.<\/p>\n<p>Por otro lado, el mi\u00e9rcoles 29, Garazi Valluerca abordar\u00e1 una t\u00e9cnica japonesa de decoraci\u00f3n tradicional en el \u201cTaller de Kokedamas: Macetas naturales de musgo\u201d. Finalmente, el 30 de diciembre la propuesta, de esta misma artista ser\u00e1 crear un cuadro con bordado floral\u201d para lo que se usar\u00e1n flores secas, follaje y materiales naturales<\/p>\n","protected":false},"excerpt":{"rendered":"<p>Talleres de regalo sin compra, mon\u00f3logos de humor y torneos de videojuegos constituyen la oferta de actividades del 20 de diciembre al 4 de enero<\/p>\n","protected":false},"author":1,"featured_media":32672,"comment_status":"open","ping_status":"closed","sticky":false,"template":"","format":"standard","meta":{"footnotes":""},"categories":[2],"tags":[],"class_list":["post-38030","post","type-post","status-publish","format-standard","has-post-thumbnail","hentry","category-ayuntamiento-pamplona"],"yoast_head":"<!-- This site is optimized with the Yoast SEO plugin v27.3 - https:\/\/yoast.com\/product\/yoast-seo-wordpress\/ -->\n<title>\u201cVen a la Casa por Navidad\u2026\u201d la invitaci\u00f3n que cada a\u00f1o por estas fechas realiza la Casa de la Juventud para j\u00f3venes de 14 a 30 a\u00f1os<\/title>\n<meta name=\"description\" content=\"Talleres de regalo sin compra, mon\u00f3logos de humor y torneos de videojuegos constituyen la oferta de actividades del 20 de diciembre al 4 de enero\" \/>\n<meta name=\"robots\" content=\"index, follow, max-snippet:-1, max-image-preview:large, max-video-preview:-1\" \/>\n<link rel=\"canonical\" href=\"https:\/\/www.laguiadepamplona.com\/actualidad\/ven-a-la-casa-por-navidad-la-invitacion-que-cada-ano-por-estas-fechas-realiza-la-casa-de-la-juventud-para-jovenes-de-14-a-30-anos\/\" \/>\n<meta property=\"og:locale\" content=\"es_ES\" \/>\n<meta property=\"og:type\" content=\"article\" \/>\n<meta property=\"og:title\" content=\"\u201cVen a la Casa por Navidad\u2026\u201d la invitaci\u00f3n que cada a\u00f1o por estas fechas realiza la Casa de la Juventud para j\u00f3venes de 14 a 30 a\u00f1os\" \/>\n<meta property=\"og:description\" content=\"Talleres de regalo sin compra, mon\u00f3logos de humor y torneos de videojuegos constituyen la oferta de actividades del 20 de diciembre al 4 de enero\" \/>\n<meta property=\"og:url\" content=\"https:\/\/www.laguiadepamplona.com\/actualidad\/ven-a-la-casa-por-navidad-la-invitacion-que-cada-ano-por-estas-fechas-realiza-la-casa-de-la-juventud-para-jovenes-de-14-a-30-anos\/\" \/>\n<meta property=\"og:site_name\" content=\"La Gu\u00eda de Pamplona\" \/>\n<meta property=\"article:publisher\" content=\"https:\/\/www.facebook.com\/laguiadepamplonacom-133175176762273\/?ref=hl\" \/>\n<meta property=\"article:published_time\" content=\"2021-12-17T18:12:33+00:00\" \/>\n<meta property=\"article:modified_time\" content=\"2023-04-11T09:48:40+00:00\" \/>\n<meta property=\"og:image\" content=\"https:\/\/www.laguiadepamplona.com\/actualidad\/wp-content\/uploads\/2021\/01\/CASA-DE-LA-JUVENTUD.jpg\" \/>\n\t<meta property=\"og:image:width\" content=\"1920\" \/>\n\t<meta property=\"og:image:height\" content=\"1080\" \/>\n\t<meta property=\"og:image:type\" content=\"image\/jpeg\" \/>\n<meta name=\"author\" content=\"La Gu\u00eda de Pamplona\" \/>\n<meta name=\"twitter:card\" content=\"summary_large_image\" \/>\n<meta name=\"twitter:creator\" content=\"@LaGuiadPamplona\" \/>\n<meta name=\"twitter:site\" content=\"@LaGuiadPamplona\" \/>\n<meta name=\"twitter:label1\" content=\"Escrito por\" \/>\n\t<meta name=\"twitter:data1\" content=\"La Gu\u00eda de Pamplona\" \/>\n\t<meta name=\"twitter:label2\" content=\"Tiempo de lectura\" \/>\n\t<meta name=\"twitter:data2\" content=\"3 minutos\" \/>\n<script type=\"application\/ld+json\" class=\"yoast-schema-graph\">{\"@context\":\"https:\\\/\\\/schema.org\",\"@graph\":[{\"@type\":\"Article\",\"@id\":\"https:\\\/\\\/www.laguiadepamplona.com\\\/actualidad\\\/ven-a-la-casa-por-navidad-la-invitacion-que-cada-ano-por-estas-fechas-realiza-la-casa-de-la-juventud-para-jovenes-de-14-a-30-anos\\\/#article\",\"isPartOf\":{\"@id\":\"https:\\\/\\\/www.laguiadepamplona.com\\\/actualidad\\\/ven-a-la-casa-por-navidad-la-invitacion-que-cada-ano-por-estas-fechas-realiza-la-casa-de-la-juventud-para-jovenes-de-14-a-30-anos\\\/\"},\"author\":{\"name\":\"La Gu\u00eda de Pamplona\",\"@id\":\"https:\\\/\\\/www.laguiadepamplona.com\\\/actualidad\\\/#\\\/schema\\\/person\\\/efe887376f0213d4657c93adc50b1fdb\"},\"headline\":\"\u201cVen a la Casa por Navidad\u2026\u201d la invitaci\u00f3n que cada a\u00f1o por estas fechas realiza la Casa de la Juventud para j\u00f3venes de 14 a 30 a\u00f1os\",\"datePublished\":\"2021-12-17T18:12:33+00:00\",\"dateModified\":\"2023-04-11T09:48:40+00:00\",\"mainEntityOfPage\":{\"@id\":\"https:\\\/\\\/www.laguiadepamplona.com\\\/actualidad\\\/ven-a-la-casa-por-navidad-la-invitacion-que-cada-ano-por-estas-fechas-realiza-la-casa-de-la-juventud-para-jovenes-de-14-a-30-anos\\\/\"},\"wordCount\":610,\"commentCount\":0,\"publisher\":{\"@id\":\"https:\\\/\\\/www.laguiadepamplona.com\\\/actualidad\\\/#organization\"},\"image\":{\"@id\":\"https:\\\/\\\/www.laguiadepamplona.com\\\/actualidad\\\/ven-a-la-casa-por-navidad-la-invitacion-que-cada-ano-por-estas-fechas-realiza-la-casa-de-la-juventud-para-jovenes-de-14-a-30-anos\\\/#primaryimage\"},\"thumbnailUrl\":\"https:\\\/\\\/www.laguiadepamplona.com\\\/actualidad\\\/wp-content\\\/uploads\\\/2021\\\/01\\\/CASA-DE-LA-JUVENTUD.jpg\",\"articleSection\":[\"Ayto Pamplona\"],\"inLanguage\":\"es\",\"potentialAction\":[{\"@type\":\"CommentAction\",\"name\":\"Comment\",\"target\":[\"https:\\\/\\\/www.laguiadepamplona.com\\\/actualidad\\\/ven-a-la-casa-por-navidad-la-invitacion-que-cada-ano-por-estas-fechas-realiza-la-casa-de-la-juventud-para-jovenes-de-14-a-30-anos\\\/#respond\"]}]},{\"@type\":\"WebPage\",\"@id\":\"https:\\\/\\\/www.laguiadepamplona.com\\\/actualidad\\\/ven-a-la-casa-por-navidad-la-invitacion-que-cada-ano-por-estas-fechas-realiza-la-casa-de-la-juventud-para-jovenes-de-14-a-30-anos\\\/\",\"url\":\"https:\\\/\\\/www.laguiadepamplona.com\\\/actualidad\\\/ven-a-la-casa-por-navidad-la-invitacion-que-cada-ano-por-estas-fechas-realiza-la-casa-de-la-juventud-para-jovenes-de-14-a-30-anos\\\/\",\"name\":\"\u201cVen a la Casa por Navidad\u2026\u201d la invitaci\u00f3n que cada a\u00f1o por estas fechas realiza la Casa de la Juventud para j\u00f3venes de 14 a 30 a\u00f1os\",\"isPartOf\":{\"@id\":\"https:\\\/\\\/www.laguiadepamplona.com\\\/actualidad\\\/#website\"},\"primaryImageOfPage\":{\"@id\":\"https:\\\/\\\/www.laguiadepamplona.com\\\/actualidad\\\/ven-a-la-casa-por-navidad-la-invitacion-que-cada-ano-por-estas-fechas-realiza-la-casa-de-la-juventud-para-jovenes-de-14-a-30-anos\\\/#primaryimage\"},\"image\":{\"@id\":\"https:\\\/\\\/www.laguiadepamplona.com\\\/actualidad\\\/ven-a-la-casa-por-navidad-la-invitacion-que-cada-ano-por-estas-fechas-realiza-la-casa-de-la-juventud-para-jovenes-de-14-a-30-anos\\\/#primaryimage\"},\"thumbnailUrl\":\"https:\\\/\\\/www.laguiadepamplona.com\\\/actualidad\\\/wp-content\\\/uploads\\\/2021\\\/01\\\/CASA-DE-LA-JUVENTUD.jpg\",\"datePublished\":\"2021-12-17T18:12:33+00:00\",\"dateModified\":\"2023-04-11T09:48:40+00:00\",\"description\":\"Talleres de regalo sin compra, mon\u00f3logos de humor y torneos de videojuegos constituyen la oferta de actividades del 20 de diciembre al 4 de enero\",\"breadcrumb\":{\"@id\":\"https:\\\/\\\/www.laguiadepamplona.com\\\/actualidad\\\/ven-a-la-casa-por-navidad-la-invitacion-que-cada-ano-por-estas-fechas-realiza-la-casa-de-la-juventud-para-jovenes-de-14-a-30-anos\\\/#breadcrumb\"},\"inLanguage\":\"es\",\"potentialAction\":[{\"@type\":\"ReadAction\",\"target\":[\"https:\\\/\\\/www.laguiadepamplona.com\\\/actualidad\\\/ven-a-la-casa-por-navidad-la-invitacion-que-cada-ano-por-estas-fechas-realiza-la-casa-de-la-juventud-para-jovenes-de-14-a-30-anos\\\/\"]}]},{\"@type\":\"ImageObject\",\"inLanguage\":\"es\",\"@id\":\"https:\\\/\\\/www.laguiadepamplona.com\\\/actualidad\\\/ven-a-la-casa-por-navidad-la-invitacion-que-cada-ano-por-estas-fechas-realiza-la-casa-de-la-juventud-para-jovenes-de-14-a-30-anos\\\/#primaryimage\",\"url\":\"https:\\\/\\\/www.laguiadepamplona.com\\\/actualidad\\\/wp-content\\\/uploads\\\/2021\\\/01\\\/CASA-DE-LA-JUVENTUD.jpg\",\"contentUrl\":\"https:\\\/\\\/www.laguiadepamplona.com\\\/actualidad\\\/wp-content\\\/uploads\\\/2021\\\/01\\\/CASA-DE-LA-JUVENTUD.jpg\",\"width\":1920,\"height\":1080,\"caption\":\"casa juventud\"},{\"@type\":\"BreadcrumbList\",\"@id\":\"https:\\\/\\\/www.laguiadepamplona.com\\\/actualidad\\\/ven-a-la-casa-por-navidad-la-invitacion-que-cada-ano-por-estas-fechas-realiza-la-casa-de-la-juventud-para-jovenes-de-14-a-30-anos\\\/#breadcrumb\",\"itemListElement\":[{\"@type\":\"ListItem\",\"position\":1,\"name\":\"Portada\",\"item\":\"https:\\\/\\\/www.laguiadepamplona.com\\\/actualidad\\\/\"},{\"@type\":\"ListItem\",\"position\":2,\"name\":\"\u201cVen a la Casa por Navidad\u2026\u201d la invitaci\u00f3n que cada a\u00f1o por estas fechas realiza la Casa de la Juventud para j\u00f3venes de 14 a 30 a\u00f1os\"}]},{\"@type\":\"WebSite\",\"@id\":\"https:\\\/\\\/www.laguiadepamplona.com\\\/actualidad\\\/#website\",\"url\":\"https:\\\/\\\/www.laguiadepamplona.com\\\/actualidad\\\/\",\"name\":\"La gu\u00eda de Pamplona\",\"description\":\"Noticias de Pamplona\",\"publisher\":{\"@id\":\"https:\\\/\\\/www.laguiadepamplona.com\\\/actualidad\\\/#organization\"},\"potentialAction\":[{\"@type\":\"SearchAction\",\"target\":{\"@type\":\"EntryPoint\",\"urlTemplate\":\"https:\\\/\\\/www.laguiadepamplona.com\\\/actualidad\\\/?s={search_term_string}\"},\"query-input\":{\"@type\":\"PropertyValueSpecification\",\"valueRequired\":true,\"valueName\":\"search_term_string\"}}],\"inLanguage\":\"es\"},{\"@type\":\"Organization\",\"@id\":\"https:\\\/\\\/www.laguiadepamplona.com\\\/actualidad\\\/#organization\",\"name\":\"La Gu\u00eda de Pamplona \\\/ Noticias\",\"url\":\"https:\\\/\\\/www.laguiadepamplona.com\\\/actualidad\\\/\",\"logo\":{\"@type\":\"ImageObject\",\"inLanguage\":\"es\",\"@id\":\"https:\\\/\\\/www.laguiadepamplona.com\\\/actualidad\\\/#\\\/schema\\\/logo\\\/image\\\/\",\"url\":\"https:\\\/\\\/www.laguiadepamplona.com\\\/actualidad\\\/wp-content\\\/uploads\\\/2018\\\/11\\\/logo-laguiadepamplona18-web1.png\",\"contentUrl\":\"https:\\\/\\\/www.laguiadepamplona.com\\\/actualidad\\\/wp-content\\\/uploads\\\/2018\\\/11\\\/logo-laguiadepamplona18-web1.png\",\"width\":600,\"height\":196,\"caption\":\"La Gu\u00eda de Pamplona \\\/ Noticias\"},\"image\":{\"@id\":\"https:\\\/\\\/www.laguiadepamplona.com\\\/actualidad\\\/#\\\/schema\\\/logo\\\/image\\\/\"},\"sameAs\":[\"https:\\\/\\\/www.facebook.com\\\/laguiadepamplonacom-133175176762273\\\/?ref=hl\",\"https:\\\/\\\/x.com\\\/LaGuiadPamplona\",\"https:\\\/\\\/www.instagram.com\\\/la_guia_de_pamplona\\\/\",\"https:\\\/\\\/www.youtube.com\\\/user\\\/laguiadepamplona\"]},{\"@type\":\"Person\",\"@id\":\"https:\\\/\\\/www.laguiadepamplona.com\\\/actualidad\\\/#\\\/schema\\\/person\\\/efe887376f0213d4657c93adc50b1fdb\",\"name\":\"La Gu\u00eda de Pamplona\",\"image\":{\"@type\":\"ImageObject\",\"inLanguage\":\"es\",\"@id\":\"https:\\\/\\\/secure.gravatar.com\\\/avatar\\\/b6992f131dc8d30ab0dff15446e9d346d9dbd95992de0fef795073f5ea83a81c?s=96&d=mm&r=g\",\"url\":\"https:\\\/\\\/secure.gravatar.com\\\/avatar\\\/b6992f131dc8d30ab0dff15446e9d346d9dbd95992de0fef795073f5ea83a81c?s=96&d=mm&r=g\",\"contentUrl\":\"https:\\\/\\\/secure.gravatar.com\\\/avatar\\\/b6992f131dc8d30ab0dff15446e9d346d9dbd95992de0fef795073f5ea83a81c?s=96&d=mm&r=g\",\"caption\":\"La Gu\u00eda de Pamplona\"}}]}<\/script>\n<!-- \/ Yoast SEO plugin. -->","yoast_head_json":{"title":"\u201cVen a la Casa por Navidad\u2026\u201d la invitaci\u00f3n que cada a\u00f1o por estas fechas realiza la Casa de la Juventud para j\u00f3venes de 14 a 30 a\u00f1os","description":"Talleres de regalo sin compra, mon\u00f3logos de humor y torneos de videojuegos constituyen la oferta de actividades del 20 de diciembre al 4 de enero","robots":{"index":"index","follow":"follow","max-snippet":"max-snippet:-1","max-image-preview":"max-image-preview:large","max-video-preview":"max-video-preview:-1"},"canonical":"https:\/\/www.laguiadepamplona.com\/actualidad\/ven-a-la-casa-por-navidad-la-invitacion-que-cada-ano-por-estas-fechas-realiza-la-casa-de-la-juventud-para-jovenes-de-14-a-30-anos\/","og_locale":"es_ES","og_type":"article","og_title":"\u201cVen a la Casa por Navidad\u2026\u201d la invitaci\u00f3n que cada a\u00f1o por estas fechas realiza la Casa de la Juventud para j\u00f3venes de 14 a 30 a\u00f1os","og_description":"Talleres de regalo sin compra, mon\u00f3logos de humor y torneos de videojuegos constituyen la oferta de actividades del 20 de diciembre al 4 de enero","og_url":"https:\/\/www.laguiadepamplona.com\/actualidad\/ven-a-la-casa-por-navidad-la-invitacion-que-cada-ano-por-estas-fechas-realiza-la-casa-de-la-juventud-para-jovenes-de-14-a-30-anos\/","og_site_name":"La Gu\u00eda de Pamplona","article_publisher":"https:\/\/www.facebook.com\/laguiadepamplonacom-133175176762273\/?ref=hl","article_published_time":"2021-12-17T18:12:33+00:00","article_modified_time":"2023-04-11T09:48:40+00:00","og_image":[{"width":1920,"height":1080,"url":"https:\/\/www.laguiadepamplona.com\/actualidad\/wp-content\/uploads\/2021\/01\/CASA-DE-LA-JUVENTUD.jpg","type":"image\/jpeg"}],"author":"La Gu\u00eda de Pamplona","twitter_card":"summary_large_image","twitter_creator":"@LaGuiadPamplona","twitter_site":"@LaGuiadPamplona","twitter_misc":{"Escrito por":"La Gu\u00eda de Pamplona","Tiempo de lectura":"3 minutos"},"schema":{"@context":"https:\/\/schema.org","@graph":[{"@type":"Article","@id":"https:\/\/www.laguiadepamplona.com\/actualidad\/ven-a-la-casa-por-navidad-la-invitacion-que-cada-ano-por-estas-fechas-realiza-la-casa-de-la-juventud-para-jovenes-de-14-a-30-anos\/#article","isPartOf":{"@id":"https:\/\/www.laguiadepamplona.com\/actualidad\/ven-a-la-casa-por-navidad-la-invitacion-que-cada-ano-por-estas-fechas-realiza-la-casa-de-la-juventud-para-jovenes-de-14-a-30-anos\/"},"author":{"name":"La Gu\u00eda de Pamplona","@id":"https:\/\/www.laguiadepamplona.com\/actualidad\/#\/schema\/person\/efe887376f0213d4657c93adc50b1fdb"},"headline":"\u201cVen a la Casa por Navidad\u2026\u201d la invitaci\u00f3n que cada a\u00f1o por estas fechas realiza la Casa de la Juventud para j\u00f3venes de 14 a 30 a\u00f1os","datePublished":"2021-12-17T18:12:33+00:00","dateModified":"2023-04-11T09:48:40+00:00","mainEntityOfPage":{"@id":"https:\/\/www.laguiadepamplona.com\/actualidad\/ven-a-la-casa-por-navidad-la-invitacion-que-cada-ano-por-estas-fechas-realiza-la-casa-de-la-juventud-para-jovenes-de-14-a-30-anos\/"},"wordCount":610,"commentCount":0,"publisher":{"@id":"https:\/\/www.laguiadepamplona.com\/actualidad\/#organization"},"image":{"@id":"https:\/\/www.laguiadepamplona.com\/actualidad\/ven-a-la-casa-por-navidad-la-invitacion-que-cada-ano-por-estas-fechas-realiza-la-casa-de-la-juventud-para-jovenes-de-14-a-30-anos\/#primaryimage"},"thumbnailUrl":"https:\/\/www.laguiadepamplona.com\/actualidad\/wp-content\/uploads\/2021\/01\/CASA-DE-LA-JUVENTUD.jpg","articleSection":["Ayto Pamplona"],"inLanguage":"es","potentialAction":[{"@type":"CommentAction","name":"Comment","target":["https:\/\/www.laguiadepamplona.com\/actualidad\/ven-a-la-casa-por-navidad-la-invitacion-que-cada-ano-por-estas-fechas-realiza-la-casa-de-la-juventud-para-jovenes-de-14-a-30-anos\/#respond"]}]},{"@type":"WebPage","@id":"https:\/\/www.laguiadepamplona.com\/actualidad\/ven-a-la-casa-por-navidad-la-invitacion-que-cada-ano-por-estas-fechas-realiza-la-casa-de-la-juventud-para-jovenes-de-14-a-30-anos\/","url":"https:\/\/www.laguiadepamplona.com\/actualidad\/ven-a-la-casa-por-navidad-la-invitacion-que-cada-ano-por-estas-fechas-realiza-la-casa-de-la-juventud-para-jovenes-de-14-a-30-anos\/","name":"\u201cVen a la Casa por Navidad\u2026\u201d la invitaci\u00f3n que cada a\u00f1o por estas fechas realiza la Casa de la Juventud para j\u00f3venes de 14 a 30 a\u00f1os","isPartOf":{"@id":"https:\/\/www.laguiadepamplona.com\/actualidad\/#website"},"primaryImageOfPage":{"@id":"https:\/\/www.laguiadepamplona.com\/actualidad\/ven-a-la-casa-por-navidad-la-invitacion-que-cada-ano-por-estas-fechas-realiza-la-casa-de-la-juventud-para-jovenes-de-14-a-30-anos\/#primaryimage"},"image":{"@id":"https:\/\/www.laguiadepamplona.com\/actualidad\/ven-a-la-casa-por-navidad-la-invitacion-que-cada-ano-por-estas-fechas-realiza-la-casa-de-la-juventud-para-jovenes-de-14-a-30-anos\/#primaryimage"},"thumbnailUrl":"https:\/\/www.laguiadepamplona.com\/actualidad\/wp-content\/uploads\/2021\/01\/CASA-DE-LA-JUVENTUD.jpg","datePublished":"2021-12-17T18:12:33+00:00","dateModified":"2023-04-11T09:48:40+00:00","description":"Talleres de regalo sin compra, mon\u00f3logos de humor y torneos de videojuegos constituyen la oferta de actividades del 20 de diciembre al 4 de enero","breadcrumb":{"@id":"https:\/\/www.laguiadepamplona.com\/actualidad\/ven-a-la-casa-por-navidad-la-invitacion-que-cada-ano-por-estas-fechas-realiza-la-casa-de-la-juventud-para-jovenes-de-14-a-30-anos\/#breadcrumb"},"inLanguage":"es","potentialAction":[{"@type":"ReadAction","target":["https:\/\/www.laguiadepamplona.com\/actualidad\/ven-a-la-casa-por-navidad-la-invitacion-que-cada-ano-por-estas-fechas-realiza-la-casa-de-la-juventud-para-jovenes-de-14-a-30-anos\/"]}]},{"@type":"ImageObject","inLanguage":"es","@id":"https:\/\/www.laguiadepamplona.com\/actualidad\/ven-a-la-casa-por-navidad-la-invitacion-que-cada-ano-por-estas-fechas-realiza-la-casa-de-la-juventud-para-jovenes-de-14-a-30-anos\/#primaryimage","url":"https:\/\/www.laguiadepamplona.com\/actualidad\/wp-content\/uploads\/2021\/01\/CASA-DE-LA-JUVENTUD.jpg","contentUrl":"https:\/\/www.laguiadepamplona.com\/actualidad\/wp-content\/uploads\/2021\/01\/CASA-DE-LA-JUVENTUD.jpg","width":1920,"height":1080,"caption":"casa juventud"},{"@type":"BreadcrumbList","@id":"https:\/\/www.laguiadepamplona.com\/actualidad\/ven-a-la-casa-por-navidad-la-invitacion-que-cada-ano-por-estas-fechas-realiza-la-casa-de-la-juventud-para-jovenes-de-14-a-30-anos\/#breadcrumb","itemListElement":[{"@type":"ListItem","position":1,"name":"Portada","item":"https:\/\/www.laguiadepamplona.com\/actualidad\/"},{"@type":"ListItem","position":2,"name":"\u201cVen a la Casa por Navidad\u2026\u201d la invitaci\u00f3n que cada a\u00f1o por estas fechas realiza la Casa de la Juventud para j\u00f3venes de 14 a 30 a\u00f1os"}]},{"@type":"WebSite","@id":"https:\/\/www.laguiadepamplona.com\/actualidad\/#website","url":"https:\/\/www.laguiadepamplona.com\/actualidad\/","name":"La gu\u00eda de Pamplona","description":"Noticias de Pamplona","publisher":{"@id":"https:\/\/www.laguiadepamplona.com\/actualidad\/#organization"},"potentialAction":[{"@type":"SearchAction","target":{"@type":"EntryPoint","urlTemplate":"https:\/\/www.laguiadepamplona.com\/actualidad\/?s={search_term_string}"},"query-input":{"@type":"PropertyValueSpecification","valueRequired":true,"valueName":"search_term_string"}}],"inLanguage":"es"},{"@type":"Organization","@id":"https:\/\/www.laguiadepamplona.com\/actualidad\/#organization","name":"La Gu\u00eda de Pamplona \/ Noticias","url":"https:\/\/www.laguiadepamplona.com\/actualidad\/","logo":{"@type":"ImageObject","inLanguage":"es","@id":"https:\/\/www.laguiadepamplona.com\/actualidad\/#\/schema\/logo\/image\/","url":"https:\/\/www.laguiadepamplona.com\/actualidad\/wp-content\/uploads\/2018\/11\/logo-laguiadepamplona18-web1.png","contentUrl":"https:\/\/www.laguiadepamplona.com\/actualidad\/wp-content\/uploads\/2018\/11\/logo-laguiadepamplona18-web1.png","width":600,"height":196,"caption":"La Gu\u00eda de Pamplona \/ Noticias"},"image":{"@id":"https:\/\/www.laguiadepamplona.com\/actualidad\/#\/schema\/logo\/image\/"},"sameAs":["https:\/\/www.facebook.com\/laguiadepamplonacom-133175176762273\/?ref=hl","https:\/\/x.com\/LaGuiadPamplona","https:\/\/www.instagram.com\/la_guia_de_pamplona\/","https:\/\/www.youtube.com\/user\/laguiadepamplona"]},{"@type":"Person","@id":"https:\/\/www.laguiadepamplona.com\/actualidad\/#\/schema\/person\/efe887376f0213d4657c93adc50b1fdb","name":"La Gu\u00eda de Pamplona","image":{"@type":"ImageObject","inLanguage":"es","@id":"https:\/\/secure.gravatar.com\/avatar\/b6992f131dc8d30ab0dff15446e9d346d9dbd95992de0fef795073f5ea83a81c?s=96&d=mm&r=g","url":"https:\/\/secure.gravatar.com\/avatar\/b6992f131dc8d30ab0dff15446e9d346d9dbd95992de0fef795073f5ea83a81c?s=96&d=mm&r=g","contentUrl":"https:\/\/secure.gravatar.com\/avatar\/b6992f131dc8d30ab0dff15446e9d346d9dbd95992de0fef795073f5ea83a81c?s=96&d=mm&r=g","caption":"La Gu\u00eda de Pamplona"}}]}},"post_mailing_queue_ids":[],"_links":{"self":[{"href":"https:\/\/www.laguiadepamplona.com\/actualidad\/wp-json\/wp\/v2\/posts\/38030","targetHints":{"allow":["GET"]}}],"collection":[{"href":"https:\/\/www.laguiadepamplona.com\/actualidad\/wp-json\/wp\/v2\/posts"}],"about":[{"href":"https:\/\/www.laguiadepamplona.com\/actualidad\/wp-json\/wp\/v2\/types\/post"}],"author":[{"embeddable":true,"href":"https:\/\/www.laguiadepamplona.com\/actualidad\/wp-json\/wp\/v2\/users\/1"}],"replies":[{"embeddable":true,"href":"https:\/\/www.laguiadepamplona.com\/actualidad\/wp-json\/wp\/v2\/comments?post=38030"}],"version-history":[{"count":0,"href":"https:\/\/www.laguiadepamplona.com\/actualidad\/wp-json\/wp\/v2\/posts\/38030\/revisions"}],"wp:featuredmedia":[{"embeddable":true,"href":"https:\/\/www.laguiadepamplona.com\/actualidad\/wp-json\/wp\/v2\/media\/32672"}],"wp:attachment":[{"href":"https:\/\/www.laguiadepamplona.com\/actualidad\/wp-json\/wp\/v2\/media?parent=38030"}],"wp:term":[{"taxonomy":"category","embeddable":true,"href":"https:\/\/www.laguiadepamplona.com\/actualidad\/wp-json\/wp\/v2\/categories?post=38030"},{"taxonomy":"post_tag","embeddable":true,"href":"https:\/\/www.laguiadepamplona.com\/actualidad\/wp-json\/wp\/v2\/tags?post=38030"}],"curies":[{"name":"wp","href":"https:\/\/api.w.org\/{rel}","templated":true}]}}