{"id":38027,"date":"2021-12-17T20:11:28","date_gmt":"2021-12-17T18:11:28","guid":{"rendered":"https:\/\/www.laguiadepamplona.com\/actualidad\/?p=38027"},"modified":"2023-04-11T11:48:40","modified_gmt":"2023-04-11T09:48:40","slug":"el-ayuntamiento-de-pamplona-encargara-a-una-empresa-de-ingenieria-un-analisis-detallado-sobre-areas-de-mejora-a-acometer-contra-las-crecidas-del-arga","status":"publish","type":"post","link":"https:\/\/www.laguiadepamplona.com\/actualidad\/el-ayuntamiento-de-pamplona-encargara-a-una-empresa-de-ingenieria-un-analisis-detallado-sobre-areas-de-mejora-a-acometer-contra-las-crecidas-del-arga\/","title":{"rendered":"El Ayuntamiento de Pamplona encargar\u00e1 a una empresa de ingenier\u00eda un an\u00e1lisis detallado sobre \u00e1reas de mejora a acometer contra las crecidas del Arga"},"content":{"rendered":"<h5>Esta ma\u00f1ana ha tenido lugar la primera reuni\u00f3n del grupo de trabajo que revisar\u00e1 NOE, el protocolo municipal frente inundaciones<\/h5>\n<p><!--more--><\/p>\n<p>Esta ma\u00f1ana ha tenido lugar la primera reuni\u00f3n del grupo de trabajo que se encargar\u00e1 de analizar las acciones necesarias para minimizar los efectos de las crecidas del Arga y las acciones de mejora que se puedan acometer. Presidido por el alcalde Enrique Maya y formado por los responsables de Polic\u00eda Municipal y las \u00c1reas de Seguridad Ciudadana; Proyectos Estrat\u00e9gicos, Movilidad y Sostenibilidad y la Gerencia de Urbanismo, adem\u00e1s de por el jefe de gabinete de Alcald\u00eda, el grupo se reunir\u00e1 cada 15 d\u00edas con el objetivo de revisar el \u2018Plan municipal frente a inundaciones en Pamplona\u2019.<br \/>\n<script async src=\"\/\/pagead2.googlesyndication.com\/pagead\/js\/adsbygoogle.js\"><\/script><br \/>\n<!-- Noticias La Guia de Pamplona --><br \/>\n<ins class=\"adsbygoogle\"\nstyle=\"display:block\"\ndata-ad-client=\"ca-pub-6943679897239327\"\ndata-ad-slot=\"7048180777\"\ndata-ad-format=\"auto\"><\/ins><br \/>\n<script>\n(adsbygoogle = window.adsbygoogle || []).push({});\n<\/script><\/p>\n<p>Como primera medida, el grupo de trabajo ha encargado al equipo de Ingenier\u00eda TENADA, dirigido por Jes\u00fas Cabrejas (autor de los trabajos de ingenier\u00eda de los elevadores de Descalzos), la realizaci\u00f3n de un an\u00e1lisis detallado de lo sucedido el pasado viernes 10 de diciembre y de las posibles actuaciones a acometer. Asimismo, el grupo ha decidido instar a la Confederaci\u00f3n Hidrogr\u00e1fica del Ebro (CHE) a que revise y mejore el sistema de previsi\u00f3n de crecidas del r\u00edo. El alcalde Enrique Maya ha solicitado una reuni\u00f3n con la presidenta de esa entidad, Mar\u00eda Dolores Pascual.<\/p>\n<p>Asimismo, en el seno de la reuni\u00f3n se ha hecho una puesta en com\u00fan de errores detectados en la \u00faltima inundaci\u00f3n, como el hecho de que haya colectores que, cuando crece el Arga, se encuentran bajo la cota del r\u00edo por lo que, en vez de cumplir su funci\u00f3n de reducir el agua en circulaci\u00f3n en algunos casos hasta llegaron a tener el efecto inverso, o la limitada utilidad que tuvieron las llanuras de inundaci\u00f3n del parque de Aranzadi, cuya capacidad se vio rebasada en la crecida. Como inicio de la revisi\u00f3n interna, las personas presentes han estimado que ser\u00e1n necesarias algunas intervenciones en v\u00eda p\u00fablica y la revisi\u00f3n del protocolo de actuaci\u00f3n.<br \/>\n<script async src=\"\/\/pagead2.googlesyndication.com\/pagead\/js\/adsbygoogle.js\"><\/script><br \/>\n<!-- Noticias La Guia de Pamplona --><br \/>\n<ins class=\"adsbygoogle\"\nstyle=\"display:block\"\ndata-ad-client=\"ca-pub-6943679897239327\"\ndata-ad-slot=\"7048180777\"\ndata-ad-format=\"auto\"><\/ins><br \/>\n<script>\n(adsbygoogle = window.adsbygoogle || []).push({});\n<\/script><\/p>\n<p>En la reuni\u00f3n de esta ma\u00f1ana han estado presentes el alcalde de Pamplona, Enrique Maya, y su jefe de gabinete, Juan Echenique; el responsable de Seguridad Ciudadana, Patxi Fern\u00e1ndez; el concejal delegado de Proyectos Estrat\u00e9gicos, Movilidad y Sostenibilidad, Ferm\u00edn Alonso; el director del \u00c1rea, Alejandro Astibia; y el responsable de Conservaci\u00f3n Urbana, \u00d3scar Esqu\u00edroz, as\u00ed como Ana Garc\u00eda, directora de la Gerencia de Urbanismo municipal.<\/p>\n","protected":false},"excerpt":{"rendered":"<p>Esta ma\u00f1ana ha tenido lugar la primera reuni\u00f3n del grupo de trabajo que revisar\u00e1 NOE, el protocolo municipal frente inundaciones<\/p>\n","protected":false},"author":1,"featured_media":38028,"comment_status":"open","ping_status":"closed","sticky":false,"template":"","format":"standard","meta":{"footnotes":""},"categories":[2],"tags":[],"class_list":["post-38027","post","type-post","status-publish","format-standard","has-post-thumbnail","hentry","category-ayuntamiento-pamplona"],"yoast_head":"<!-- This site is optimized with the Yoast SEO plugin v27.5 - https:\/\/yoast.com\/product\/yoast-seo-wordpress\/ -->\n<title>El Ayuntamiento de Pamplona encargar\u00e1 a una empresa de ingenier\u00eda un an\u00e1lisis detallado sobre \u00e1reas de mejora a acometer contra las crecidas del Arga<\/title>\n<meta name=\"description\" content=\"Esta ma\u00f1ana ha tenido lugar la primera reuni\u00f3n del grupo de trabajo que revisar\u00e1 NOE, el protocolo municipal frente inundaciones\" \/>\n<meta name=\"robots\" content=\"index, follow, max-snippet:-1, max-image-preview:large, max-video-preview:-1\" \/>\n<link rel=\"canonical\" href=\"https:\/\/www.laguiadepamplona.com\/actualidad\/el-ayuntamiento-de-pamplona-encargara-a-una-empresa-de-ingenieria-un-analisis-detallado-sobre-areas-de-mejora-a-acometer-contra-las-crecidas-del-arga\/\" \/>\n<meta property=\"og:locale\" content=\"es_ES\" \/>\n<meta property=\"og:type\" content=\"article\" \/>\n<meta property=\"og:title\" content=\"El Ayuntamiento de Pamplona encargar\u00e1 a una empresa de ingenier\u00eda un an\u00e1lisis detallado sobre \u00e1reas de mejora a acometer contra las crecidas del Arga\" \/>\n<meta property=\"og:description\" content=\"Esta ma\u00f1ana ha tenido lugar la primera reuni\u00f3n del grupo de trabajo que revisar\u00e1 NOE, el protocolo municipal frente inundaciones\" \/>\n<meta property=\"og:url\" content=\"https:\/\/www.laguiadepamplona.com\/actualidad\/el-ayuntamiento-de-pamplona-encargara-a-una-empresa-de-ingenieria-un-analisis-detallado-sobre-areas-de-mejora-a-acometer-contra-las-crecidas-del-arga\/\" \/>\n<meta property=\"og:site_name\" content=\"La Gu\u00eda de Pamplona\" \/>\n<meta property=\"article:publisher\" content=\"https:\/\/www.facebook.com\/laguiadepamplonacom-133175176762273\/?ref=hl\" \/>\n<meta property=\"article:published_time\" content=\"2021-12-17T18:11:28+00:00\" \/>\n<meta property=\"article:modified_time\" content=\"2023-04-11T09:48:40+00:00\" \/>\n<meta property=\"og:image\" content=\"https:\/\/www.laguiadepamplona.com\/actualidad\/wp-content\/uploads\/2021\/12\/reunionurbanismoee5a8081.jpg\" \/>\n\t<meta property=\"og:image:width\" content=\"1920\" \/>\n\t<meta property=\"og:image:height\" content=\"1270\" \/>\n\t<meta property=\"og:image:type\" content=\"image\/jpeg\" \/>\n<meta name=\"author\" content=\"La Gu\u00eda de Pamplona\" \/>\n<meta name=\"twitter:card\" content=\"summary_large_image\" \/>\n<meta name=\"twitter:creator\" content=\"@LaGuiadPamplona\" \/>\n<meta name=\"twitter:site\" content=\"@LaGuiadPamplona\" \/>\n<meta name=\"twitter:label1\" content=\"Escrito por\" \/>\n\t<meta name=\"twitter:data1\" content=\"La Gu\u00eda de Pamplona\" \/>\n\t<meta name=\"twitter:label2\" content=\"Tiempo de lectura\" \/>\n\t<meta name=\"twitter:data2\" content=\"2 minutos\" \/>\n<script type=\"application\/ld+json\" class=\"yoast-schema-graph\">{\"@context\":\"https:\\\/\\\/schema.org\",\"@graph\":[{\"@type\":\"Article\",\"@id\":\"https:\\\/\\\/www.laguiadepamplona.com\\\/actualidad\\\/el-ayuntamiento-de-pamplona-encargara-a-una-empresa-de-ingenieria-un-analisis-detallado-sobre-areas-de-mejora-a-acometer-contra-las-crecidas-del-arga\\\/#article\",\"isPartOf\":{\"@id\":\"https:\\\/\\\/www.laguiadepamplona.com\\\/actualidad\\\/el-ayuntamiento-de-pamplona-encargara-a-una-empresa-de-ingenieria-un-analisis-detallado-sobre-areas-de-mejora-a-acometer-contra-las-crecidas-del-arga\\\/\"},\"author\":{\"name\":\"La Gu\u00eda de Pamplona\",\"@id\":\"https:\\\/\\\/www.laguiadepamplona.com\\\/actualidad\\\/#\\\/schema\\\/person\\\/efe887376f0213d4657c93adc50b1fdb\"},\"headline\":\"El Ayuntamiento de Pamplona encargar\u00e1 a una empresa de ingenier\u00eda un an\u00e1lisis detallado sobre \u00e1reas de mejora a acometer contra las crecidas del Arga\",\"datePublished\":\"2021-12-17T18:11:28+00:00\",\"dateModified\":\"2023-04-11T09:48:40+00:00\",\"mainEntityOfPage\":{\"@id\":\"https:\\\/\\\/www.laguiadepamplona.com\\\/actualidad\\\/el-ayuntamiento-de-pamplona-encargara-a-una-empresa-de-ingenieria-un-analisis-detallado-sobre-areas-de-mejora-a-acometer-contra-las-crecidas-del-arga\\\/\"},\"wordCount\":454,\"commentCount\":0,\"publisher\":{\"@id\":\"https:\\\/\\\/www.laguiadepamplona.com\\\/actualidad\\\/#organization\"},\"image\":{\"@id\":\"https:\\\/\\\/www.laguiadepamplona.com\\\/actualidad\\\/el-ayuntamiento-de-pamplona-encargara-a-una-empresa-de-ingenieria-un-analisis-detallado-sobre-areas-de-mejora-a-acometer-contra-las-crecidas-del-arga\\\/#primaryimage\"},\"thumbnailUrl\":\"https:\\\/\\\/www.laguiadepamplona.com\\\/actualidad\\\/wp-content\\\/uploads\\\/2021\\\/12\\\/reunionurbanismoee5a8081.jpg\",\"articleSection\":[\"Ayto Pamplona\"],\"inLanguage\":\"es\",\"potentialAction\":[{\"@type\":\"CommentAction\",\"name\":\"Comment\",\"target\":[\"https:\\\/\\\/www.laguiadepamplona.com\\\/actualidad\\\/el-ayuntamiento-de-pamplona-encargara-a-una-empresa-de-ingenieria-un-analisis-detallado-sobre-areas-de-mejora-a-acometer-contra-las-crecidas-del-arga\\\/#respond\"]}]},{\"@type\":\"WebPage\",\"@id\":\"https:\\\/\\\/www.laguiadepamplona.com\\\/actualidad\\\/el-ayuntamiento-de-pamplona-encargara-a-una-empresa-de-ingenieria-un-analisis-detallado-sobre-areas-de-mejora-a-acometer-contra-las-crecidas-del-arga\\\/\",\"url\":\"https:\\\/\\\/www.laguiadepamplona.com\\\/actualidad\\\/el-ayuntamiento-de-pamplona-encargara-a-una-empresa-de-ingenieria-un-analisis-detallado-sobre-areas-de-mejora-a-acometer-contra-las-crecidas-del-arga\\\/\",\"name\":\"El Ayuntamiento de Pamplona encargar\u00e1 a una empresa de ingenier\u00eda un an\u00e1lisis detallado sobre \u00e1reas de mejora a acometer contra las crecidas del Arga\",\"isPartOf\":{\"@id\":\"https:\\\/\\\/www.laguiadepamplona.com\\\/actualidad\\\/#website\"},\"primaryImageOfPage\":{\"@id\":\"https:\\\/\\\/www.laguiadepamplona.com\\\/actualidad\\\/el-ayuntamiento-de-pamplona-encargara-a-una-empresa-de-ingenieria-un-analisis-detallado-sobre-areas-de-mejora-a-acometer-contra-las-crecidas-del-arga\\\/#primaryimage\"},\"image\":{\"@id\":\"https:\\\/\\\/www.laguiadepamplona.com\\\/actualidad\\\/el-ayuntamiento-de-pamplona-encargara-a-una-empresa-de-ingenieria-un-analisis-detallado-sobre-areas-de-mejora-a-acometer-contra-las-crecidas-del-arga\\\/#primaryimage\"},\"thumbnailUrl\":\"https:\\\/\\\/www.laguiadepamplona.com\\\/actualidad\\\/wp-content\\\/uploads\\\/2021\\\/12\\\/reunionurbanismoee5a8081.jpg\",\"datePublished\":\"2021-12-17T18:11:28+00:00\",\"dateModified\":\"2023-04-11T09:48:40+00:00\",\"description\":\"Esta ma\u00f1ana ha tenido lugar la primera reuni\u00f3n del grupo de trabajo que revisar\u00e1 NOE, el protocolo municipal frente inundaciones\",\"breadcrumb\":{\"@id\":\"https:\\\/\\\/www.laguiadepamplona.com\\\/actualidad\\\/el-ayuntamiento-de-pamplona-encargara-a-una-empresa-de-ingenieria-un-analisis-detallado-sobre-areas-de-mejora-a-acometer-contra-las-crecidas-del-arga\\\/#breadcrumb\"},\"inLanguage\":\"es\",\"potentialAction\":[{\"@type\":\"ReadAction\",\"target\":[\"https:\\\/\\\/www.laguiadepamplona.com\\\/actualidad\\\/el-ayuntamiento-de-pamplona-encargara-a-una-empresa-de-ingenieria-un-analisis-detallado-sobre-areas-de-mejora-a-acometer-contra-las-crecidas-del-arga\\\/\"]}]},{\"@type\":\"ImageObject\",\"inLanguage\":\"es\",\"@id\":\"https:\\\/\\\/www.laguiadepamplona.com\\\/actualidad\\\/el-ayuntamiento-de-pamplona-encargara-a-una-empresa-de-ingenieria-un-analisis-detallado-sobre-areas-de-mejora-a-acometer-contra-las-crecidas-del-arga\\\/#primaryimage\",\"url\":\"https:\\\/\\\/www.laguiadepamplona.com\\\/actualidad\\\/wp-content\\\/uploads\\\/2021\\\/12\\\/reunionurbanismoee5a8081.jpg\",\"contentUrl\":\"https:\\\/\\\/www.laguiadepamplona.com\\\/actualidad\\\/wp-content\\\/uploads\\\/2021\\\/12\\\/reunionurbanismoee5a8081.jpg\",\"width\":1920,\"height\":1270},{\"@type\":\"BreadcrumbList\",\"@id\":\"https:\\\/\\\/www.laguiadepamplona.com\\\/actualidad\\\/el-ayuntamiento-de-pamplona-encargara-a-una-empresa-de-ingenieria-un-analisis-detallado-sobre-areas-de-mejora-a-acometer-contra-las-crecidas-del-arga\\\/#breadcrumb\",\"itemListElement\":[{\"@type\":\"ListItem\",\"position\":1,\"name\":\"Portada\",\"item\":\"https:\\\/\\\/www.laguiadepamplona.com\\\/actualidad\\\/\"},{\"@type\":\"ListItem\",\"position\":2,\"name\":\"El Ayuntamiento de Pamplona encargar\u00e1 a una empresa de ingenier\u00eda un an\u00e1lisis detallado sobre \u00e1reas de mejora a acometer contra las crecidas del Arga\"}]},{\"@type\":\"WebSite\",\"@id\":\"https:\\\/\\\/www.laguiadepamplona.com\\\/actualidad\\\/#website\",\"url\":\"https:\\\/\\\/www.laguiadepamplona.com\\\/actualidad\\\/\",\"name\":\"La gu\u00eda de Pamplona\",\"description\":\"Noticias de Pamplona\",\"publisher\":{\"@id\":\"https:\\\/\\\/www.laguiadepamplona.com\\\/actualidad\\\/#organization\"},\"potentialAction\":[{\"@type\":\"SearchAction\",\"target\":{\"@type\":\"EntryPoint\",\"urlTemplate\":\"https:\\\/\\\/www.laguiadepamplona.com\\\/actualidad\\\/?s={search_term_string}\"},\"query-input\":{\"@type\":\"PropertyValueSpecification\",\"valueRequired\":true,\"valueName\":\"search_term_string\"}}],\"inLanguage\":\"es\"},{\"@type\":\"Organization\",\"@id\":\"https:\\\/\\\/www.laguiadepamplona.com\\\/actualidad\\\/#organization\",\"name\":\"La Gu\u00eda de Pamplona \\\/ Noticias\",\"url\":\"https:\\\/\\\/www.laguiadepamplona.com\\\/actualidad\\\/\",\"logo\":{\"@type\":\"ImageObject\",\"inLanguage\":\"es\",\"@id\":\"https:\\\/\\\/www.laguiadepamplona.com\\\/actualidad\\\/#\\\/schema\\\/logo\\\/image\\\/\",\"url\":\"https:\\\/\\\/www.laguiadepamplona.com\\\/actualidad\\\/wp-content\\\/uploads\\\/2018\\\/11\\\/logo-laguiadepamplona18-web1.png\",\"contentUrl\":\"https:\\\/\\\/www.laguiadepamplona.com\\\/actualidad\\\/wp-content\\\/uploads\\\/2018\\\/11\\\/logo-laguiadepamplona18-web1.png\",\"width\":600,\"height\":196,\"caption\":\"La Gu\u00eda de Pamplona \\\/ Noticias\"},\"image\":{\"@id\":\"https:\\\/\\\/www.laguiadepamplona.com\\\/actualidad\\\/#\\\/schema\\\/logo\\\/image\\\/\"},\"sameAs\":[\"https:\\\/\\\/www.facebook.com\\\/laguiadepamplonacom-133175176762273\\\/?ref=hl\",\"https:\\\/\\\/x.com\\\/LaGuiadPamplona\",\"https:\\\/\\\/www.instagram.com\\\/la_guia_de_pamplona\\\/\",\"https:\\\/\\\/www.youtube.com\\\/user\\\/laguiadepamplona\"]},{\"@type\":\"Person\",\"@id\":\"https:\\\/\\\/www.laguiadepamplona.com\\\/actualidad\\\/#\\\/schema\\\/person\\\/efe887376f0213d4657c93adc50b1fdb\",\"name\":\"La Gu\u00eda de Pamplona\",\"image\":{\"@type\":\"ImageObject\",\"inLanguage\":\"es\",\"@id\":\"https:\\\/\\\/secure.gravatar.com\\\/avatar\\\/b6992f131dc8d30ab0dff15446e9d346d9dbd95992de0fef795073f5ea83a81c?s=96&d=mm&r=g\",\"url\":\"https:\\\/\\\/secure.gravatar.com\\\/avatar\\\/b6992f131dc8d30ab0dff15446e9d346d9dbd95992de0fef795073f5ea83a81c?s=96&d=mm&r=g\",\"contentUrl\":\"https:\\\/\\\/secure.gravatar.com\\\/avatar\\\/b6992f131dc8d30ab0dff15446e9d346d9dbd95992de0fef795073f5ea83a81c?s=96&d=mm&r=g\",\"caption\":\"La Gu\u00eda de Pamplona\"}}]}<\/script>\n<!-- \/ Yoast SEO plugin. -->","yoast_head_json":{"title":"El Ayuntamiento de Pamplona encargar\u00e1 a una empresa de ingenier\u00eda un an\u00e1lisis detallado sobre \u00e1reas de mejora a acometer contra las crecidas del Arga","description":"Esta ma\u00f1ana ha tenido lugar la primera reuni\u00f3n del grupo de trabajo que revisar\u00e1 NOE, el protocolo municipal frente inundaciones","robots":{"index":"index","follow":"follow","max-snippet":"max-snippet:-1","max-image-preview":"max-image-preview:large","max-video-preview":"max-video-preview:-1"},"canonical":"https:\/\/www.laguiadepamplona.com\/actualidad\/el-ayuntamiento-de-pamplona-encargara-a-una-empresa-de-ingenieria-un-analisis-detallado-sobre-areas-de-mejora-a-acometer-contra-las-crecidas-del-arga\/","og_locale":"es_ES","og_type":"article","og_title":"El Ayuntamiento de Pamplona encargar\u00e1 a una empresa de ingenier\u00eda un an\u00e1lisis detallado sobre \u00e1reas de mejora a acometer contra las crecidas del Arga","og_description":"Esta ma\u00f1ana ha tenido lugar la primera reuni\u00f3n del grupo de trabajo que revisar\u00e1 NOE, el protocolo municipal frente inundaciones","og_url":"https:\/\/www.laguiadepamplona.com\/actualidad\/el-ayuntamiento-de-pamplona-encargara-a-una-empresa-de-ingenieria-un-analisis-detallado-sobre-areas-de-mejora-a-acometer-contra-las-crecidas-del-arga\/","og_site_name":"La Gu\u00eda de Pamplona","article_publisher":"https:\/\/www.facebook.com\/laguiadepamplonacom-133175176762273\/?ref=hl","article_published_time":"2021-12-17T18:11:28+00:00","article_modified_time":"2023-04-11T09:48:40+00:00","og_image":[{"width":1920,"height":1270,"url":"https:\/\/www.laguiadepamplona.com\/actualidad\/wp-content\/uploads\/2021\/12\/reunionurbanismoee5a8081.jpg","type":"image\/jpeg"}],"author":"La Gu\u00eda de Pamplona","twitter_card":"summary_large_image","twitter_creator":"@LaGuiadPamplona","twitter_site":"@LaGuiadPamplona","twitter_misc":{"Escrito por":"La Gu\u00eda de Pamplona","Tiempo de lectura":"2 minutos"},"schema":{"@context":"https:\/\/schema.org","@graph":[{"@type":"Article","@id":"https:\/\/www.laguiadepamplona.com\/actualidad\/el-ayuntamiento-de-pamplona-encargara-a-una-empresa-de-ingenieria-un-analisis-detallado-sobre-areas-de-mejora-a-acometer-contra-las-crecidas-del-arga\/#article","isPartOf":{"@id":"https:\/\/www.laguiadepamplona.com\/actualidad\/el-ayuntamiento-de-pamplona-encargara-a-una-empresa-de-ingenieria-un-analisis-detallado-sobre-areas-de-mejora-a-acometer-contra-las-crecidas-del-arga\/"},"author":{"name":"La Gu\u00eda de Pamplona","@id":"https:\/\/www.laguiadepamplona.com\/actualidad\/#\/schema\/person\/efe887376f0213d4657c93adc50b1fdb"},"headline":"El Ayuntamiento de Pamplona encargar\u00e1 a una empresa de ingenier\u00eda un an\u00e1lisis detallado sobre \u00e1reas de mejora a acometer contra las crecidas del Arga","datePublished":"2021-12-17T18:11:28+00:00","dateModified":"2023-04-11T09:48:40+00:00","mainEntityOfPage":{"@id":"https:\/\/www.laguiadepamplona.com\/actualidad\/el-ayuntamiento-de-pamplona-encargara-a-una-empresa-de-ingenieria-un-analisis-detallado-sobre-areas-de-mejora-a-acometer-contra-las-crecidas-del-arga\/"},"wordCount":454,"commentCount":0,"publisher":{"@id":"https:\/\/www.laguiadepamplona.com\/actualidad\/#organization"},"image":{"@id":"https:\/\/www.laguiadepamplona.com\/actualidad\/el-ayuntamiento-de-pamplona-encargara-a-una-empresa-de-ingenieria-un-analisis-detallado-sobre-areas-de-mejora-a-acometer-contra-las-crecidas-del-arga\/#primaryimage"},"thumbnailUrl":"https:\/\/www.laguiadepamplona.com\/actualidad\/wp-content\/uploads\/2021\/12\/reunionurbanismoee5a8081.jpg","articleSection":["Ayto Pamplona"],"inLanguage":"es","potentialAction":[{"@type":"CommentAction","name":"Comment","target":["https:\/\/www.laguiadepamplona.com\/actualidad\/el-ayuntamiento-de-pamplona-encargara-a-una-empresa-de-ingenieria-un-analisis-detallado-sobre-areas-de-mejora-a-acometer-contra-las-crecidas-del-arga\/#respond"]}]},{"@type":"WebPage","@id":"https:\/\/www.laguiadepamplona.com\/actualidad\/el-ayuntamiento-de-pamplona-encargara-a-una-empresa-de-ingenieria-un-analisis-detallado-sobre-areas-de-mejora-a-acometer-contra-las-crecidas-del-arga\/","url":"https:\/\/www.laguiadepamplona.com\/actualidad\/el-ayuntamiento-de-pamplona-encargara-a-una-empresa-de-ingenieria-un-analisis-detallado-sobre-areas-de-mejora-a-acometer-contra-las-crecidas-del-arga\/","name":"El Ayuntamiento de Pamplona encargar\u00e1 a una empresa de ingenier\u00eda un an\u00e1lisis detallado sobre \u00e1reas de mejora a acometer contra las crecidas del Arga","isPartOf":{"@id":"https:\/\/www.laguiadepamplona.com\/actualidad\/#website"},"primaryImageOfPage":{"@id":"https:\/\/www.laguiadepamplona.com\/actualidad\/el-ayuntamiento-de-pamplona-encargara-a-una-empresa-de-ingenieria-un-analisis-detallado-sobre-areas-de-mejora-a-acometer-contra-las-crecidas-del-arga\/#primaryimage"},"image":{"@id":"https:\/\/www.laguiadepamplona.com\/actualidad\/el-ayuntamiento-de-pamplona-encargara-a-una-empresa-de-ingenieria-un-analisis-detallado-sobre-areas-de-mejora-a-acometer-contra-las-crecidas-del-arga\/#primaryimage"},"thumbnailUrl":"https:\/\/www.laguiadepamplona.com\/actualidad\/wp-content\/uploads\/2021\/12\/reunionurbanismoee5a8081.jpg","datePublished":"2021-12-17T18:11:28+00:00","dateModified":"2023-04-11T09:48:40+00:00","description":"Esta ma\u00f1ana ha tenido lugar la primera reuni\u00f3n del grupo de trabajo que revisar\u00e1 NOE, el protocolo municipal frente inundaciones","breadcrumb":{"@id":"https:\/\/www.laguiadepamplona.com\/actualidad\/el-ayuntamiento-de-pamplona-encargara-a-una-empresa-de-ingenieria-un-analisis-detallado-sobre-areas-de-mejora-a-acometer-contra-las-crecidas-del-arga\/#breadcrumb"},"inLanguage":"es","potentialAction":[{"@type":"ReadAction","target":["https:\/\/www.laguiadepamplona.com\/actualidad\/el-ayuntamiento-de-pamplona-encargara-a-una-empresa-de-ingenieria-un-analisis-detallado-sobre-areas-de-mejora-a-acometer-contra-las-crecidas-del-arga\/"]}]},{"@type":"ImageObject","inLanguage":"es","@id":"https:\/\/www.laguiadepamplona.com\/actualidad\/el-ayuntamiento-de-pamplona-encargara-a-una-empresa-de-ingenieria-un-analisis-detallado-sobre-areas-de-mejora-a-acometer-contra-las-crecidas-del-arga\/#primaryimage","url":"https:\/\/www.laguiadepamplona.com\/actualidad\/wp-content\/uploads\/2021\/12\/reunionurbanismoee5a8081.jpg","contentUrl":"https:\/\/www.laguiadepamplona.com\/actualidad\/wp-content\/uploads\/2021\/12\/reunionurbanismoee5a8081.jpg","width":1920,"height":1270},{"@type":"BreadcrumbList","@id":"https:\/\/www.laguiadepamplona.com\/actualidad\/el-ayuntamiento-de-pamplona-encargara-a-una-empresa-de-ingenieria-un-analisis-detallado-sobre-areas-de-mejora-a-acometer-contra-las-crecidas-del-arga\/#breadcrumb","itemListElement":[{"@type":"ListItem","position":1,"name":"Portada","item":"https:\/\/www.laguiadepamplona.com\/actualidad\/"},{"@type":"ListItem","position":2,"name":"El Ayuntamiento de Pamplona encargar\u00e1 a una empresa de ingenier\u00eda un an\u00e1lisis detallado sobre \u00e1reas de mejora a acometer contra las crecidas del Arga"}]},{"@type":"WebSite","@id":"https:\/\/www.laguiadepamplona.com\/actualidad\/#website","url":"https:\/\/www.laguiadepamplona.com\/actualidad\/","name":"La gu\u00eda de Pamplona","description":"Noticias de Pamplona","publisher":{"@id":"https:\/\/www.laguiadepamplona.com\/actualidad\/#organization"},"potentialAction":[{"@type":"SearchAction","target":{"@type":"EntryPoint","urlTemplate":"https:\/\/www.laguiadepamplona.com\/actualidad\/?s={search_term_string}"},"query-input":{"@type":"PropertyValueSpecification","valueRequired":true,"valueName":"search_term_string"}}],"inLanguage":"es"},{"@type":"Organization","@id":"https:\/\/www.laguiadepamplona.com\/actualidad\/#organization","name":"La Gu\u00eda de Pamplona \/ Noticias","url":"https:\/\/www.laguiadepamplona.com\/actualidad\/","logo":{"@type":"ImageObject","inLanguage":"es","@id":"https:\/\/www.laguiadepamplona.com\/actualidad\/#\/schema\/logo\/image\/","url":"https:\/\/www.laguiadepamplona.com\/actualidad\/wp-content\/uploads\/2018\/11\/logo-laguiadepamplona18-web1.png","contentUrl":"https:\/\/www.laguiadepamplona.com\/actualidad\/wp-content\/uploads\/2018\/11\/logo-laguiadepamplona18-web1.png","width":600,"height":196,"caption":"La Gu\u00eda de Pamplona \/ Noticias"},"image":{"@id":"https:\/\/www.laguiadepamplona.com\/actualidad\/#\/schema\/logo\/image\/"},"sameAs":["https:\/\/www.facebook.com\/laguiadepamplonacom-133175176762273\/?ref=hl","https:\/\/x.com\/LaGuiadPamplona","https:\/\/www.instagram.com\/la_guia_de_pamplona\/","https:\/\/www.youtube.com\/user\/laguiadepamplona"]},{"@type":"Person","@id":"https:\/\/www.laguiadepamplona.com\/actualidad\/#\/schema\/person\/efe887376f0213d4657c93adc50b1fdb","name":"La Gu\u00eda de Pamplona","image":{"@type":"ImageObject","inLanguage":"es","@id":"https:\/\/secure.gravatar.com\/avatar\/b6992f131dc8d30ab0dff15446e9d346d9dbd95992de0fef795073f5ea83a81c?s=96&d=mm&r=g","url":"https:\/\/secure.gravatar.com\/avatar\/b6992f131dc8d30ab0dff15446e9d346d9dbd95992de0fef795073f5ea83a81c?s=96&d=mm&r=g","contentUrl":"https:\/\/secure.gravatar.com\/avatar\/b6992f131dc8d30ab0dff15446e9d346d9dbd95992de0fef795073f5ea83a81c?s=96&d=mm&r=g","caption":"La Gu\u00eda de Pamplona"}}]}},"post_mailing_queue_ids":[],"_links":{"self":[{"href":"https:\/\/www.laguiadepamplona.com\/actualidad\/wp-json\/wp\/v2\/posts\/38027","targetHints":{"allow":["GET"]}}],"collection":[{"href":"https:\/\/www.laguiadepamplona.com\/actualidad\/wp-json\/wp\/v2\/posts"}],"about":[{"href":"https:\/\/www.laguiadepamplona.com\/actualidad\/wp-json\/wp\/v2\/types\/post"}],"author":[{"embeddable":true,"href":"https:\/\/www.laguiadepamplona.com\/actualidad\/wp-json\/wp\/v2\/users\/1"}],"replies":[{"embeddable":true,"href":"https:\/\/www.laguiadepamplona.com\/actualidad\/wp-json\/wp\/v2\/comments?post=38027"}],"version-history":[{"count":0,"href":"https:\/\/www.laguiadepamplona.com\/actualidad\/wp-json\/wp\/v2\/posts\/38027\/revisions"}],"wp:featuredmedia":[{"embeddable":true,"href":"https:\/\/www.laguiadepamplona.com\/actualidad\/wp-json\/wp\/v2\/media\/38028"}],"wp:attachment":[{"href":"https:\/\/www.laguiadepamplona.com\/actualidad\/wp-json\/wp\/v2\/media?parent=38027"}],"wp:term":[{"taxonomy":"category","embeddable":true,"href":"https:\/\/www.laguiadepamplona.com\/actualidad\/wp-json\/wp\/v2\/categories?post=38027"},{"taxonomy":"post_tag","embeddable":true,"href":"https:\/\/www.laguiadepamplona.com\/actualidad\/wp-json\/wp\/v2\/tags?post=38027"}],"curies":[{"name":"wp","href":"https:\/\/api.w.org\/{rel}","templated":true}]}}