{"id":38024,"date":"2021-12-17T20:07:16","date_gmt":"2021-12-17T18:07:16","guid":{"rendered":"https:\/\/www.laguiadepamplona.com\/actualidad\/?p=38024"},"modified":"2023-04-11T11:48:40","modified_gmt":"2023-04-11T09:48:40","slug":"esta-tarde-se-reabre-la-calle-cortes-de-navarra-tras-las-obras-de-reasfaltado-de-esta-semana","status":"publish","type":"post","link":"https:\/\/www.laguiadepamplona.com\/actualidad\/esta-tarde-se-reabre-la-calle-cortes-de-navarra-tras-las-obras-de-reasfaltado-de-esta-semana\/","title":{"rendered":"Esta tarde se reabre la calle Cortes de Navarra tras las obras de reasfaltado de esta semana"},"content":{"rendered":"<h5>La actuaci\u00f3n se ha coordinado con la ejecuci\u00f3n de un tramo de acera <span style=\"text-decoration: line-through;\">e<\/span>ntre la avenida de San Ignacio y la calle Paulino Caballero<\/h5>\n<p><!--more--><\/p>\n<p>El Ayuntamiento de Pamplona terminar\u00e1 hoy los trabajos de reasfaltado de la calle Cortes de Navarra (II Ensanche) con el pintado de la v\u00eda que se est\u00e1 realizando en estos momentos, por lo que la calle ser\u00e1 reabierta al tr\u00e1fico alrededor de las 15.30 horas.<br \/>\n<script async src=\"\/\/pagead2.googlesyndication.com\/pagead\/js\/adsbygoogle.js\"><\/script><br \/>\n<!-- Noticias La Guia de Pamplona --><br \/>\n<ins class=\"adsbygoogle\"\nstyle=\"display:block\"\ndata-ad-client=\"ca-pub-6943679897239327\"\ndata-ad-slot=\"7048180777\"\ndata-ad-format=\"auto\"><\/ins><br \/>\n<script>\n(adsbygoogle = window.adsbygoogle || []).push({});\n<\/script><\/p>\n<p>La intervenci\u00f3n ha consistido en el saneo, fresado y asfaltado de todo su trazado. Los saneos han sido realizados por la empresa ErriBerri y el fresado y asfaltado por la empresa Asfaltos Biurrun. El pintado lo est\u00e1 llevando a cabo la empresa Goyo Se\u00f1alizaciones.<\/p>\n<p>Por otra parte, la empresa Construcciones San Mart\u00edn, que ha realizado el nuevo edificio entre avenida san Ignacio, Cortes de Navarra y Paulino Caballero, ha aprovechado para construir el tramo de acera que discurre entre la avenida de San Ignacio y la calle Paulino Caballero y que se demoli\u00f3 tras el derribo de antiguo cine Saide-Carlos III.<\/p>\n","protected":false},"excerpt":{"rendered":"<p>La actuaci\u00f3n se ha coordinado con la ejecuci\u00f3n de un tramo de acera entre la avenida de San Ignacio y la calle Paulino Caballero<\/p>\n","protected":false},"author":1,"featured_media":38025,"comment_status":"open","ping_status":"closed","sticky":false,"template":"","format":"standard","meta":{"footnotes":""},"categories":[2],"tags":[],"class_list":["post-38024","post","type-post","status-publish","format-standard","has-post-thumbnail","hentry","category-ayuntamiento-pamplona"],"yoast_head":"<!-- This site is optimized with the Yoast SEO plugin v27.5 - https:\/\/yoast.com\/product\/yoast-seo-wordpress\/ -->\n<title>Esta tarde se reabre la calle Cortes de Navarra tras las obras de reasfaltado de esta semana<\/title>\n<meta name=\"description\" content=\"La actuaci\u00f3n se ha coordinado con la ejecuci\u00f3n de un tramo de acera entre la avenida de San Ignacio y la calle Paulino Caballero\" \/>\n<meta name=\"robots\" content=\"index, follow, max-snippet:-1, max-image-preview:large, max-video-preview:-1\" \/>\n<link rel=\"canonical\" href=\"https:\/\/www.laguiadepamplona.com\/actualidad\/esta-tarde-se-reabre-la-calle-cortes-de-navarra-tras-las-obras-de-reasfaltado-de-esta-semana\/\" \/>\n<meta property=\"og:locale\" content=\"es_ES\" \/>\n<meta property=\"og:type\" content=\"article\" \/>\n<meta property=\"og:title\" content=\"Esta tarde se reabre la calle Cortes de Navarra tras las obras de reasfaltado de esta semana\" \/>\n<meta property=\"og:description\" content=\"La actuaci\u00f3n se ha coordinado con la ejecuci\u00f3n de un tramo de acera entre la avenida de San Ignacio y la calle Paulino Caballero\" \/>\n<meta property=\"og:url\" content=\"https:\/\/www.laguiadepamplona.com\/actualidad\/esta-tarde-se-reabre-la-calle-cortes-de-navarra-tras-las-obras-de-reasfaltado-de-esta-semana\/\" \/>\n<meta property=\"og:site_name\" content=\"La Gu\u00eda de Pamplona\" \/>\n<meta property=\"article:publisher\" content=\"https:\/\/www.facebook.com\/laguiadepamplonacom-133175176762273\/?ref=hl\" \/>\n<meta property=\"article:published_time\" content=\"2021-12-17T18:07:16+00:00\" \/>\n<meta property=\"article:modified_time\" content=\"2023-04-11T09:48:40+00:00\" \/>\n<meta property=\"og:image\" content=\"https:\/\/www.laguiadepamplona.com\/actualidad\/wp-content\/uploads\/2021\/12\/paso-cebra-cortes-navarra.jpg\" \/>\n\t<meta property=\"og:image:width\" content=\"1600\" \/>\n\t<meta property=\"og:image:height\" content=\"1198\" \/>\n\t<meta property=\"og:image:type\" content=\"image\/jpeg\" \/>\n<meta name=\"author\" content=\"La Gu\u00eda de Pamplona\" \/>\n<meta name=\"twitter:card\" content=\"summary_large_image\" \/>\n<meta name=\"twitter:creator\" content=\"@LaGuiadPamplona\" \/>\n<meta name=\"twitter:site\" content=\"@LaGuiadPamplona\" \/>\n<meta name=\"twitter:label1\" content=\"Escrito por\" \/>\n\t<meta name=\"twitter:data1\" content=\"La Gu\u00eda de Pamplona\" \/>\n\t<meta name=\"twitter:label2\" content=\"Tiempo de lectura\" \/>\n\t<meta name=\"twitter:data2\" content=\"1 minuto\" \/>\n<script type=\"application\/ld+json\" class=\"yoast-schema-graph\">{\"@context\":\"https:\\\/\\\/schema.org\",\"@graph\":[{\"@type\":\"Article\",\"@id\":\"https:\\\/\\\/www.laguiadepamplona.com\\\/actualidad\\\/esta-tarde-se-reabre-la-calle-cortes-de-navarra-tras-las-obras-de-reasfaltado-de-esta-semana\\\/#article\",\"isPartOf\":{\"@id\":\"https:\\\/\\\/www.laguiadepamplona.com\\\/actualidad\\\/esta-tarde-se-reabre-la-calle-cortes-de-navarra-tras-las-obras-de-reasfaltado-de-esta-semana\\\/\"},\"author\":{\"name\":\"La Gu\u00eda de Pamplona\",\"@id\":\"https:\\\/\\\/www.laguiadepamplona.com\\\/actualidad\\\/#\\\/schema\\\/person\\\/efe887376f0213d4657c93adc50b1fdb\"},\"headline\":\"Esta tarde se reabre la calle Cortes de Navarra tras las obras de reasfaltado de esta semana\",\"datePublished\":\"2021-12-17T18:07:16+00:00\",\"dateModified\":\"2023-04-11T09:48:40+00:00\",\"mainEntityOfPage\":{\"@id\":\"https:\\\/\\\/www.laguiadepamplona.com\\\/actualidad\\\/esta-tarde-se-reabre-la-calle-cortes-de-navarra-tras-las-obras-de-reasfaltado-de-esta-semana\\\/\"},\"wordCount\":193,\"commentCount\":0,\"publisher\":{\"@id\":\"https:\\\/\\\/www.laguiadepamplona.com\\\/actualidad\\\/#organization\"},\"image\":{\"@id\":\"https:\\\/\\\/www.laguiadepamplona.com\\\/actualidad\\\/esta-tarde-se-reabre-la-calle-cortes-de-navarra-tras-las-obras-de-reasfaltado-de-esta-semana\\\/#primaryimage\"},\"thumbnailUrl\":\"https:\\\/\\\/www.laguiadepamplona.com\\\/actualidad\\\/wp-content\\\/uploads\\\/2021\\\/12\\\/paso-cebra-cortes-navarra.jpg\",\"articleSection\":[\"Ayto Pamplona\"],\"inLanguage\":\"es\",\"potentialAction\":[{\"@type\":\"CommentAction\",\"name\":\"Comment\",\"target\":[\"https:\\\/\\\/www.laguiadepamplona.com\\\/actualidad\\\/esta-tarde-se-reabre-la-calle-cortes-de-navarra-tras-las-obras-de-reasfaltado-de-esta-semana\\\/#respond\"]}]},{\"@type\":\"WebPage\",\"@id\":\"https:\\\/\\\/www.laguiadepamplona.com\\\/actualidad\\\/esta-tarde-se-reabre-la-calle-cortes-de-navarra-tras-las-obras-de-reasfaltado-de-esta-semana\\\/\",\"url\":\"https:\\\/\\\/www.laguiadepamplona.com\\\/actualidad\\\/esta-tarde-se-reabre-la-calle-cortes-de-navarra-tras-las-obras-de-reasfaltado-de-esta-semana\\\/\",\"name\":\"Esta tarde se reabre la calle Cortes de Navarra tras las obras de reasfaltado de esta semana\",\"isPartOf\":{\"@id\":\"https:\\\/\\\/www.laguiadepamplona.com\\\/actualidad\\\/#website\"},\"primaryImageOfPage\":{\"@id\":\"https:\\\/\\\/www.laguiadepamplona.com\\\/actualidad\\\/esta-tarde-se-reabre-la-calle-cortes-de-navarra-tras-las-obras-de-reasfaltado-de-esta-semana\\\/#primaryimage\"},\"image\":{\"@id\":\"https:\\\/\\\/www.laguiadepamplona.com\\\/actualidad\\\/esta-tarde-se-reabre-la-calle-cortes-de-navarra-tras-las-obras-de-reasfaltado-de-esta-semana\\\/#primaryimage\"},\"thumbnailUrl\":\"https:\\\/\\\/www.laguiadepamplona.com\\\/actualidad\\\/wp-content\\\/uploads\\\/2021\\\/12\\\/paso-cebra-cortes-navarra.jpg\",\"datePublished\":\"2021-12-17T18:07:16+00:00\",\"dateModified\":\"2023-04-11T09:48:40+00:00\",\"description\":\"La actuaci\u00f3n se ha coordinado con la ejecuci\u00f3n de un tramo de acera entre la avenida de San Ignacio y la calle Paulino Caballero\",\"breadcrumb\":{\"@id\":\"https:\\\/\\\/www.laguiadepamplona.com\\\/actualidad\\\/esta-tarde-se-reabre-la-calle-cortes-de-navarra-tras-las-obras-de-reasfaltado-de-esta-semana\\\/#breadcrumb\"},\"inLanguage\":\"es\",\"potentialAction\":[{\"@type\":\"ReadAction\",\"target\":[\"https:\\\/\\\/www.laguiadepamplona.com\\\/actualidad\\\/esta-tarde-se-reabre-la-calle-cortes-de-navarra-tras-las-obras-de-reasfaltado-de-esta-semana\\\/\"]}]},{\"@type\":\"ImageObject\",\"inLanguage\":\"es\",\"@id\":\"https:\\\/\\\/www.laguiadepamplona.com\\\/actualidad\\\/esta-tarde-se-reabre-la-calle-cortes-de-navarra-tras-las-obras-de-reasfaltado-de-esta-semana\\\/#primaryimage\",\"url\":\"https:\\\/\\\/www.laguiadepamplona.com\\\/actualidad\\\/wp-content\\\/uploads\\\/2021\\\/12\\\/paso-cebra-cortes-navarra.jpg\",\"contentUrl\":\"https:\\\/\\\/www.laguiadepamplona.com\\\/actualidad\\\/wp-content\\\/uploads\\\/2021\\\/12\\\/paso-cebra-cortes-navarra.jpg\",\"width\":1600,\"height\":1198},{\"@type\":\"BreadcrumbList\",\"@id\":\"https:\\\/\\\/www.laguiadepamplona.com\\\/actualidad\\\/esta-tarde-se-reabre-la-calle-cortes-de-navarra-tras-las-obras-de-reasfaltado-de-esta-semana\\\/#breadcrumb\",\"itemListElement\":[{\"@type\":\"ListItem\",\"position\":1,\"name\":\"Portada\",\"item\":\"https:\\\/\\\/www.laguiadepamplona.com\\\/actualidad\\\/\"},{\"@type\":\"ListItem\",\"position\":2,\"name\":\"Esta tarde se reabre la calle Cortes de Navarra tras las obras de reasfaltado de esta semana\"}]},{\"@type\":\"WebSite\",\"@id\":\"https:\\\/\\\/www.laguiadepamplona.com\\\/actualidad\\\/#website\",\"url\":\"https:\\\/\\\/www.laguiadepamplona.com\\\/actualidad\\\/\",\"name\":\"La gu\u00eda de Pamplona\",\"description\":\"Noticias de Pamplona\",\"publisher\":{\"@id\":\"https:\\\/\\\/www.laguiadepamplona.com\\\/actualidad\\\/#organization\"},\"potentialAction\":[{\"@type\":\"SearchAction\",\"target\":{\"@type\":\"EntryPoint\",\"urlTemplate\":\"https:\\\/\\\/www.laguiadepamplona.com\\\/actualidad\\\/?s={search_term_string}\"},\"query-input\":{\"@type\":\"PropertyValueSpecification\",\"valueRequired\":true,\"valueName\":\"search_term_string\"}}],\"inLanguage\":\"es\"},{\"@type\":\"Organization\",\"@id\":\"https:\\\/\\\/www.laguiadepamplona.com\\\/actualidad\\\/#organization\",\"name\":\"La Gu\u00eda de Pamplona \\\/ Noticias\",\"url\":\"https:\\\/\\\/www.laguiadepamplona.com\\\/actualidad\\\/\",\"logo\":{\"@type\":\"ImageObject\",\"inLanguage\":\"es\",\"@id\":\"https:\\\/\\\/www.laguiadepamplona.com\\\/actualidad\\\/#\\\/schema\\\/logo\\\/image\\\/\",\"url\":\"https:\\\/\\\/www.laguiadepamplona.com\\\/actualidad\\\/wp-content\\\/uploads\\\/2018\\\/11\\\/logo-laguiadepamplona18-web1.png\",\"contentUrl\":\"https:\\\/\\\/www.laguiadepamplona.com\\\/actualidad\\\/wp-content\\\/uploads\\\/2018\\\/11\\\/logo-laguiadepamplona18-web1.png\",\"width\":600,\"height\":196,\"caption\":\"La Gu\u00eda de Pamplona \\\/ Noticias\"},\"image\":{\"@id\":\"https:\\\/\\\/www.laguiadepamplona.com\\\/actualidad\\\/#\\\/schema\\\/logo\\\/image\\\/\"},\"sameAs\":[\"https:\\\/\\\/www.facebook.com\\\/laguiadepamplonacom-133175176762273\\\/?ref=hl\",\"https:\\\/\\\/x.com\\\/LaGuiadPamplona\",\"https:\\\/\\\/www.instagram.com\\\/la_guia_de_pamplona\\\/\",\"https:\\\/\\\/www.youtube.com\\\/user\\\/laguiadepamplona\"]},{\"@type\":\"Person\",\"@id\":\"https:\\\/\\\/www.laguiadepamplona.com\\\/actualidad\\\/#\\\/schema\\\/person\\\/efe887376f0213d4657c93adc50b1fdb\",\"name\":\"La Gu\u00eda de Pamplona\",\"image\":{\"@type\":\"ImageObject\",\"inLanguage\":\"es\",\"@id\":\"https:\\\/\\\/secure.gravatar.com\\\/avatar\\\/b6992f131dc8d30ab0dff15446e9d346d9dbd95992de0fef795073f5ea83a81c?s=96&d=mm&r=g\",\"url\":\"https:\\\/\\\/secure.gravatar.com\\\/avatar\\\/b6992f131dc8d30ab0dff15446e9d346d9dbd95992de0fef795073f5ea83a81c?s=96&d=mm&r=g\",\"contentUrl\":\"https:\\\/\\\/secure.gravatar.com\\\/avatar\\\/b6992f131dc8d30ab0dff15446e9d346d9dbd95992de0fef795073f5ea83a81c?s=96&d=mm&r=g\",\"caption\":\"La Gu\u00eda de Pamplona\"}}]}<\/script>\n<!-- \/ Yoast SEO plugin. -->","yoast_head_json":{"title":"Esta tarde se reabre la calle Cortes de Navarra tras las obras de reasfaltado de esta semana","description":"La actuaci\u00f3n se ha coordinado con la ejecuci\u00f3n de un tramo de acera entre la avenida de San Ignacio y la calle Paulino Caballero","robots":{"index":"index","follow":"follow","max-snippet":"max-snippet:-1","max-image-preview":"max-image-preview:large","max-video-preview":"max-video-preview:-1"},"canonical":"https:\/\/www.laguiadepamplona.com\/actualidad\/esta-tarde-se-reabre-la-calle-cortes-de-navarra-tras-las-obras-de-reasfaltado-de-esta-semana\/","og_locale":"es_ES","og_type":"article","og_title":"Esta tarde se reabre la calle Cortes de Navarra tras las obras de reasfaltado de esta semana","og_description":"La actuaci\u00f3n se ha coordinado con la ejecuci\u00f3n de un tramo de acera entre la avenida de San Ignacio y la calle Paulino Caballero","og_url":"https:\/\/www.laguiadepamplona.com\/actualidad\/esta-tarde-se-reabre-la-calle-cortes-de-navarra-tras-las-obras-de-reasfaltado-de-esta-semana\/","og_site_name":"La Gu\u00eda de Pamplona","article_publisher":"https:\/\/www.facebook.com\/laguiadepamplonacom-133175176762273\/?ref=hl","article_published_time":"2021-12-17T18:07:16+00:00","article_modified_time":"2023-04-11T09:48:40+00:00","og_image":[{"width":1600,"height":1198,"url":"https:\/\/www.laguiadepamplona.com\/actualidad\/wp-content\/uploads\/2021\/12\/paso-cebra-cortes-navarra.jpg","type":"image\/jpeg"}],"author":"La Gu\u00eda de Pamplona","twitter_card":"summary_large_image","twitter_creator":"@LaGuiadPamplona","twitter_site":"@LaGuiadPamplona","twitter_misc":{"Escrito por":"La Gu\u00eda de Pamplona","Tiempo de lectura":"1 minuto"},"schema":{"@context":"https:\/\/schema.org","@graph":[{"@type":"Article","@id":"https:\/\/www.laguiadepamplona.com\/actualidad\/esta-tarde-se-reabre-la-calle-cortes-de-navarra-tras-las-obras-de-reasfaltado-de-esta-semana\/#article","isPartOf":{"@id":"https:\/\/www.laguiadepamplona.com\/actualidad\/esta-tarde-se-reabre-la-calle-cortes-de-navarra-tras-las-obras-de-reasfaltado-de-esta-semana\/"},"author":{"name":"La Gu\u00eda de Pamplona","@id":"https:\/\/www.laguiadepamplona.com\/actualidad\/#\/schema\/person\/efe887376f0213d4657c93adc50b1fdb"},"headline":"Esta tarde se reabre la calle Cortes de Navarra tras las obras de reasfaltado de esta semana","datePublished":"2021-12-17T18:07:16+00:00","dateModified":"2023-04-11T09:48:40+00:00","mainEntityOfPage":{"@id":"https:\/\/www.laguiadepamplona.com\/actualidad\/esta-tarde-se-reabre-la-calle-cortes-de-navarra-tras-las-obras-de-reasfaltado-de-esta-semana\/"},"wordCount":193,"commentCount":0,"publisher":{"@id":"https:\/\/www.laguiadepamplona.com\/actualidad\/#organization"},"image":{"@id":"https:\/\/www.laguiadepamplona.com\/actualidad\/esta-tarde-se-reabre-la-calle-cortes-de-navarra-tras-las-obras-de-reasfaltado-de-esta-semana\/#primaryimage"},"thumbnailUrl":"https:\/\/www.laguiadepamplona.com\/actualidad\/wp-content\/uploads\/2021\/12\/paso-cebra-cortes-navarra.jpg","articleSection":["Ayto Pamplona"],"inLanguage":"es","potentialAction":[{"@type":"CommentAction","name":"Comment","target":["https:\/\/www.laguiadepamplona.com\/actualidad\/esta-tarde-se-reabre-la-calle-cortes-de-navarra-tras-las-obras-de-reasfaltado-de-esta-semana\/#respond"]}]},{"@type":"WebPage","@id":"https:\/\/www.laguiadepamplona.com\/actualidad\/esta-tarde-se-reabre-la-calle-cortes-de-navarra-tras-las-obras-de-reasfaltado-de-esta-semana\/","url":"https:\/\/www.laguiadepamplona.com\/actualidad\/esta-tarde-se-reabre-la-calle-cortes-de-navarra-tras-las-obras-de-reasfaltado-de-esta-semana\/","name":"Esta tarde se reabre la calle Cortes de Navarra tras las obras de reasfaltado de esta semana","isPartOf":{"@id":"https:\/\/www.laguiadepamplona.com\/actualidad\/#website"},"primaryImageOfPage":{"@id":"https:\/\/www.laguiadepamplona.com\/actualidad\/esta-tarde-se-reabre-la-calle-cortes-de-navarra-tras-las-obras-de-reasfaltado-de-esta-semana\/#primaryimage"},"image":{"@id":"https:\/\/www.laguiadepamplona.com\/actualidad\/esta-tarde-se-reabre-la-calle-cortes-de-navarra-tras-las-obras-de-reasfaltado-de-esta-semana\/#primaryimage"},"thumbnailUrl":"https:\/\/www.laguiadepamplona.com\/actualidad\/wp-content\/uploads\/2021\/12\/paso-cebra-cortes-navarra.jpg","datePublished":"2021-12-17T18:07:16+00:00","dateModified":"2023-04-11T09:48:40+00:00","description":"La actuaci\u00f3n se ha coordinado con la ejecuci\u00f3n de un tramo de acera entre la avenida de San Ignacio y la calle Paulino Caballero","breadcrumb":{"@id":"https:\/\/www.laguiadepamplona.com\/actualidad\/esta-tarde-se-reabre-la-calle-cortes-de-navarra-tras-las-obras-de-reasfaltado-de-esta-semana\/#breadcrumb"},"inLanguage":"es","potentialAction":[{"@type":"ReadAction","target":["https:\/\/www.laguiadepamplona.com\/actualidad\/esta-tarde-se-reabre-la-calle-cortes-de-navarra-tras-las-obras-de-reasfaltado-de-esta-semana\/"]}]},{"@type":"ImageObject","inLanguage":"es","@id":"https:\/\/www.laguiadepamplona.com\/actualidad\/esta-tarde-se-reabre-la-calle-cortes-de-navarra-tras-las-obras-de-reasfaltado-de-esta-semana\/#primaryimage","url":"https:\/\/www.laguiadepamplona.com\/actualidad\/wp-content\/uploads\/2021\/12\/paso-cebra-cortes-navarra.jpg","contentUrl":"https:\/\/www.laguiadepamplona.com\/actualidad\/wp-content\/uploads\/2021\/12\/paso-cebra-cortes-navarra.jpg","width":1600,"height":1198},{"@type":"BreadcrumbList","@id":"https:\/\/www.laguiadepamplona.com\/actualidad\/esta-tarde-se-reabre-la-calle-cortes-de-navarra-tras-las-obras-de-reasfaltado-de-esta-semana\/#breadcrumb","itemListElement":[{"@type":"ListItem","position":1,"name":"Portada","item":"https:\/\/www.laguiadepamplona.com\/actualidad\/"},{"@type":"ListItem","position":2,"name":"Esta tarde se reabre la calle Cortes de Navarra tras las obras de reasfaltado de esta semana"}]},{"@type":"WebSite","@id":"https:\/\/www.laguiadepamplona.com\/actualidad\/#website","url":"https:\/\/www.laguiadepamplona.com\/actualidad\/","name":"La gu\u00eda de Pamplona","description":"Noticias de Pamplona","publisher":{"@id":"https:\/\/www.laguiadepamplona.com\/actualidad\/#organization"},"potentialAction":[{"@type":"SearchAction","target":{"@type":"EntryPoint","urlTemplate":"https:\/\/www.laguiadepamplona.com\/actualidad\/?s={search_term_string}"},"query-input":{"@type":"PropertyValueSpecification","valueRequired":true,"valueName":"search_term_string"}}],"inLanguage":"es"},{"@type":"Organization","@id":"https:\/\/www.laguiadepamplona.com\/actualidad\/#organization","name":"La Gu\u00eda de Pamplona \/ Noticias","url":"https:\/\/www.laguiadepamplona.com\/actualidad\/","logo":{"@type":"ImageObject","inLanguage":"es","@id":"https:\/\/www.laguiadepamplona.com\/actualidad\/#\/schema\/logo\/image\/","url":"https:\/\/www.laguiadepamplona.com\/actualidad\/wp-content\/uploads\/2018\/11\/logo-laguiadepamplona18-web1.png","contentUrl":"https:\/\/www.laguiadepamplona.com\/actualidad\/wp-content\/uploads\/2018\/11\/logo-laguiadepamplona18-web1.png","width":600,"height":196,"caption":"La Gu\u00eda de Pamplona \/ Noticias"},"image":{"@id":"https:\/\/www.laguiadepamplona.com\/actualidad\/#\/schema\/logo\/image\/"},"sameAs":["https:\/\/www.facebook.com\/laguiadepamplonacom-133175176762273\/?ref=hl","https:\/\/x.com\/LaGuiadPamplona","https:\/\/www.instagram.com\/la_guia_de_pamplona\/","https:\/\/www.youtube.com\/user\/laguiadepamplona"]},{"@type":"Person","@id":"https:\/\/www.laguiadepamplona.com\/actualidad\/#\/schema\/person\/efe887376f0213d4657c93adc50b1fdb","name":"La Gu\u00eda de Pamplona","image":{"@type":"ImageObject","inLanguage":"es","@id":"https:\/\/secure.gravatar.com\/avatar\/b6992f131dc8d30ab0dff15446e9d346d9dbd95992de0fef795073f5ea83a81c?s=96&d=mm&r=g","url":"https:\/\/secure.gravatar.com\/avatar\/b6992f131dc8d30ab0dff15446e9d346d9dbd95992de0fef795073f5ea83a81c?s=96&d=mm&r=g","contentUrl":"https:\/\/secure.gravatar.com\/avatar\/b6992f131dc8d30ab0dff15446e9d346d9dbd95992de0fef795073f5ea83a81c?s=96&d=mm&r=g","caption":"La Gu\u00eda de Pamplona"}}]}},"post_mailing_queue_ids":[],"_links":{"self":[{"href":"https:\/\/www.laguiadepamplona.com\/actualidad\/wp-json\/wp\/v2\/posts\/38024","targetHints":{"allow":["GET"]}}],"collection":[{"href":"https:\/\/www.laguiadepamplona.com\/actualidad\/wp-json\/wp\/v2\/posts"}],"about":[{"href":"https:\/\/www.laguiadepamplona.com\/actualidad\/wp-json\/wp\/v2\/types\/post"}],"author":[{"embeddable":true,"href":"https:\/\/www.laguiadepamplona.com\/actualidad\/wp-json\/wp\/v2\/users\/1"}],"replies":[{"embeddable":true,"href":"https:\/\/www.laguiadepamplona.com\/actualidad\/wp-json\/wp\/v2\/comments?post=38024"}],"version-history":[{"count":0,"href":"https:\/\/www.laguiadepamplona.com\/actualidad\/wp-json\/wp\/v2\/posts\/38024\/revisions"}],"wp:featuredmedia":[{"embeddable":true,"href":"https:\/\/www.laguiadepamplona.com\/actualidad\/wp-json\/wp\/v2\/media\/38025"}],"wp:attachment":[{"href":"https:\/\/www.laguiadepamplona.com\/actualidad\/wp-json\/wp\/v2\/media?parent=38024"}],"wp:term":[{"taxonomy":"category","embeddable":true,"href":"https:\/\/www.laguiadepamplona.com\/actualidad\/wp-json\/wp\/v2\/categories?post=38024"},{"taxonomy":"post_tag","embeddable":true,"href":"https:\/\/www.laguiadepamplona.com\/actualidad\/wp-json\/wp\/v2\/tags?post=38024"}],"curies":[{"name":"wp","href":"https:\/\/api.w.org\/{rel}","templated":true}]}}