{"id":38021,"date":"2021-12-17T20:04:52","date_gmt":"2021-12-17T18:04:52","guid":{"rendered":"https:\/\/www.laguiadepamplona.com\/actualidad\/?p=38021"},"modified":"2023-04-11T11:48:40","modified_gmt":"2023-04-11T09:48:40","slug":"el-calendario-municipal-de-2022-se-repartira-el-lunes-20-y-el-martes-21-de-diciembre-en-diez-edificios-publicos-del-ayuntamiento-de-pamplona","status":"publish","type":"post","link":"https:\/\/www.laguiadepamplona.com\/actualidad\/el-calendario-municipal-de-2022-se-repartira-el-lunes-20-y-el-martes-21-de-diciembre-en-diez-edificios-publicos-del-ayuntamiento-de-pamplona\/","title":{"rendered":"El calendario municipal de 2022 se repartir\u00e1 el lunes 20 y el martes 21 de diciembre en diez edificios p\u00fablicos del Ayuntamiento de Pamplona"},"content":{"rendered":"<h5>Las fotograf\u00edas se han seleccionado entre las presentadas al concurso de fotograf\u00eda Enfoca Pamplona, cuyos premios se entregan esta tarde<\/h5>\n<p><!--more--><\/p>\n<p>El Ayuntamiento de Pamplona repartir\u00e1 el nuevo calendario municipal de 2022 entre el lunes 20 y el martes 21 de diciembre. En total, se distribuir\u00e1n 16.500 ejemplares de forma gratuita, un 75% de ellos en castellano y el resto en euskera. Adem\u00e1s, el mismo lunes el calendarios estar\u00e1 a disposici\u00f3n para su descarga en ambos idiomas desde la portada de la web municipal <a href=\"http:\/\/www.pamplona.es\" target=\"_blank\" rel=\"noopener\">www.pamplona.es<\/a> y <a href=\"http:\/\/www.pamplona.es\/eu\" target=\"_blank\" rel=\"noopener\">www.pamplona.es\/eu<\/a>.<br \/>\n<script async src=\"\/\/pagead2.googlesyndication.com\/pagead\/js\/adsbygoogle.js\"><\/script><br \/>\n<!-- Noticias La Guia de Pamplona --><br \/>\n<ins class=\"adsbygoogle\"\nstyle=\"display:block\"\ndata-ad-client=\"ca-pub-6943679897239327\"\ndata-ad-slot=\"7048180777\"\ndata-ad-format=\"auto\"><\/ins><br \/>\n<script>\n(adsbygoogle = window.adsbygoogle || []).push({});\n<\/script><\/p>\n<p>En el caso de los ejemplares editados en papel los calendarios podr\u00e1n recogerse en todos los barrios, ya que la entrega se realizar\u00e1 en la Casa Consistorial (entrada por la plaza de Santiago), en Descalzos 72 y en cinco centros de la Red Civivox (San Jorge, Mendillorri, Iturrama, Ensanche, Milagrosa y Jus la Rocha), adem\u00e1s de en la Casa de la Juventud y en el centro comunitario de Salesianas. El reparto, en esta ocasi\u00f3n, lo realizar\u00e1n miembros de la Asociaci\u00f3n S\u00edndrome de Down.<\/p>\n<p>El horario de recogida del lunes ser\u00e1 el mismo en todos los puntos de distribuci\u00f3n de 10 a 13.30 horas. El martes el calendario se repartir\u00e1 por la tarde de 17 a 20 horas. Hay dos espacios que funcionar\u00e1n de forma diferente: Casa Consistorial, donde solo se repartir\u00e1 el lunes por la ma\u00f1ana y Salesianas, que \u00fanicamente distribuir\u00e1 calendario el martes por la tarde. Como es habitual, se entregar\u00e1n dos calendarios por persona como m\u00e1ximo y, el Ayuntamiento pide a la ciudadan\u00eda que, adem\u00e1s de ser solidaria para que los ejemplares lleguen al mayor n\u00famero posible de personas, en la recogida se cumplan las previsiones de la normativa sanitaria en lo referente a distanciamiento social, aforos o medidas de prevenci\u00f3n, con especial hincapi\u00e9 en el uso obligatorio de mascarilla. Los calendarios se repartir\u00e1n a pie de calle.<br \/>\n<script async src=\"\/\/pagead2.googlesyndication.com\/pagead\/js\/adsbygoogle.js\"><\/script><br \/>\n<!-- Noticias La Guia de Pamplona --><br \/>\n<ins class=\"adsbygoogle\"\nstyle=\"display:block\"\ndata-ad-client=\"ca-pub-6943679897239327\"\ndata-ad-slot=\"7048180777\"\ndata-ad-format=\"auto\"><\/ins><br \/>\n<script>\n(adsbygoogle = window.adsbygoogle || []).push({});\n<\/script><\/p>\n<p>Al igual que el a\u00f1o pasado, las fotograf\u00edas que ilustrar\u00e1n el calendario han sido seleccionadas de entre las presentadas en el concurso de fotograf\u00eda Enfoca Pamplona. Cada una de las doce instant\u00e1neas recibir\u00e1 un premio de 150 euros. Las im\u00e1genes que ilustran este a\u00f1o el calendario se har\u00e1n p\u00fablicas esta tarde, con la entrega de premios del concurso.<\/p>\n","protected":false},"excerpt":{"rendered":"<p>Las fotograf\u00edas se han seleccionado entre las presentadas al concurso de fotograf\u00eda Enfoca Pamplona, cuyos premios se entregan esta tarde<\/p>\n","protected":false},"author":1,"featured_media":38022,"comment_status":"open","ping_status":"closed","sticky":false,"template":"","format":"standard","meta":{"footnotes":""},"categories":[2],"tags":[],"class_list":["post-38021","post","type-post","status-publish","format-standard","has-post-thumbnail","hentry","category-ayuntamiento-pamplona"],"yoast_head":"<!-- This site is optimized with the Yoast SEO plugin v27.5 - https:\/\/yoast.com\/product\/yoast-seo-wordpress\/ -->\n<title>El calendario municipal de 2022 se repartir\u00e1 el lunes 20 y el martes 21 de diciembre en diez edificios p\u00fablicos del Ayuntamiento de Pamplona<\/title>\n<meta name=\"description\" content=\"Las fotograf\u00edas se han seleccionado entre las presentadas al concurso de fotograf\u00eda Enfoca Pamplona, cuyos premios se entregan esta tarde\" \/>\n<meta name=\"robots\" content=\"index, follow, max-snippet:-1, max-image-preview:large, max-video-preview:-1\" \/>\n<link rel=\"canonical\" href=\"https:\/\/www.laguiadepamplona.com\/actualidad\/el-calendario-municipal-de-2022-se-repartira-el-lunes-20-y-el-martes-21-de-diciembre-en-diez-edificios-publicos-del-ayuntamiento-de-pamplona\/\" \/>\n<meta property=\"og:locale\" content=\"es_ES\" \/>\n<meta property=\"og:type\" content=\"article\" \/>\n<meta property=\"og:title\" content=\"El calendario municipal de 2022 se repartir\u00e1 el lunes 20 y el martes 21 de diciembre en diez edificios p\u00fablicos del Ayuntamiento de Pamplona\" \/>\n<meta property=\"og:description\" content=\"Las fotograf\u00edas se han seleccionado entre las presentadas al concurso de fotograf\u00eda Enfoca Pamplona, cuyos premios se entregan esta tarde\" \/>\n<meta property=\"og:url\" content=\"https:\/\/www.laguiadepamplona.com\/actualidad\/el-calendario-municipal-de-2022-se-repartira-el-lunes-20-y-el-martes-21-de-diciembre-en-diez-edificios-publicos-del-ayuntamiento-de-pamplona\/\" \/>\n<meta property=\"og:site_name\" content=\"La Gu\u00eda de Pamplona\" \/>\n<meta property=\"article:publisher\" content=\"https:\/\/www.facebook.com\/laguiadepamplonacom-133175176762273\/?ref=hl\" \/>\n<meta property=\"article:published_time\" content=\"2021-12-17T18:04:52+00:00\" \/>\n<meta property=\"article:modified_time\" content=\"2023-04-11T09:48:40+00:00\" \/>\n<meta property=\"og:image\" content=\"https:\/\/www.laguiadepamplona.com\/actualidad\/wp-content\/uploads\/2021\/12\/calendario-3.jpg\" \/>\n\t<meta property=\"og:image:width\" content=\"700\" \/>\n\t<meta property=\"og:image:height\" content=\"467\" \/>\n\t<meta property=\"og:image:type\" content=\"image\/jpeg\" \/>\n<meta name=\"author\" content=\"La Gu\u00eda de Pamplona\" \/>\n<meta name=\"twitter:card\" content=\"summary_large_image\" \/>\n<meta name=\"twitter:creator\" content=\"@LaGuiadPamplona\" \/>\n<meta name=\"twitter:site\" content=\"@LaGuiadPamplona\" \/>\n<meta name=\"twitter:label1\" content=\"Escrito por\" \/>\n\t<meta name=\"twitter:data1\" content=\"La Gu\u00eda de Pamplona\" \/>\n\t<meta name=\"twitter:label2\" content=\"Tiempo de lectura\" \/>\n\t<meta name=\"twitter:data2\" content=\"2 minutos\" \/>\n<script type=\"application\/ld+json\" class=\"yoast-schema-graph\">{\"@context\":\"https:\\\/\\\/schema.org\",\"@graph\":[{\"@type\":\"Article\",\"@id\":\"https:\\\/\\\/www.laguiadepamplona.com\\\/actualidad\\\/el-calendario-municipal-de-2022-se-repartira-el-lunes-20-y-el-martes-21-de-diciembre-en-diez-edificios-publicos-del-ayuntamiento-de-pamplona\\\/#article\",\"isPartOf\":{\"@id\":\"https:\\\/\\\/www.laguiadepamplona.com\\\/actualidad\\\/el-calendario-municipal-de-2022-se-repartira-el-lunes-20-y-el-martes-21-de-diciembre-en-diez-edificios-publicos-del-ayuntamiento-de-pamplona\\\/\"},\"author\":{\"name\":\"La Gu\u00eda de Pamplona\",\"@id\":\"https:\\\/\\\/www.laguiadepamplona.com\\\/actualidad\\\/#\\\/schema\\\/person\\\/efe887376f0213d4657c93adc50b1fdb\"},\"headline\":\"El calendario municipal de 2022 se repartir\u00e1 el lunes 20 y el martes 21 de diciembre en diez edificios p\u00fablicos del Ayuntamiento de Pamplona\",\"datePublished\":\"2021-12-17T18:04:52+00:00\",\"dateModified\":\"2023-04-11T09:48:40+00:00\",\"mainEntityOfPage\":{\"@id\":\"https:\\\/\\\/www.laguiadepamplona.com\\\/actualidad\\\/el-calendario-municipal-de-2022-se-repartira-el-lunes-20-y-el-martes-21-de-diciembre-en-diez-edificios-publicos-del-ayuntamiento-de-pamplona\\\/\"},\"wordCount\":410,\"commentCount\":0,\"publisher\":{\"@id\":\"https:\\\/\\\/www.laguiadepamplona.com\\\/actualidad\\\/#organization\"},\"image\":{\"@id\":\"https:\\\/\\\/www.laguiadepamplona.com\\\/actualidad\\\/el-calendario-municipal-de-2022-se-repartira-el-lunes-20-y-el-martes-21-de-diciembre-en-diez-edificios-publicos-del-ayuntamiento-de-pamplona\\\/#primaryimage\"},\"thumbnailUrl\":\"https:\\\/\\\/www.laguiadepamplona.com\\\/actualidad\\\/wp-content\\\/uploads\\\/2021\\\/12\\\/calendario-3.jpg\",\"articleSection\":[\"Ayto Pamplona\"],\"inLanguage\":\"es\",\"potentialAction\":[{\"@type\":\"CommentAction\",\"name\":\"Comment\",\"target\":[\"https:\\\/\\\/www.laguiadepamplona.com\\\/actualidad\\\/el-calendario-municipal-de-2022-se-repartira-el-lunes-20-y-el-martes-21-de-diciembre-en-diez-edificios-publicos-del-ayuntamiento-de-pamplona\\\/#respond\"]}]},{\"@type\":\"WebPage\",\"@id\":\"https:\\\/\\\/www.laguiadepamplona.com\\\/actualidad\\\/el-calendario-municipal-de-2022-se-repartira-el-lunes-20-y-el-martes-21-de-diciembre-en-diez-edificios-publicos-del-ayuntamiento-de-pamplona\\\/\",\"url\":\"https:\\\/\\\/www.laguiadepamplona.com\\\/actualidad\\\/el-calendario-municipal-de-2022-se-repartira-el-lunes-20-y-el-martes-21-de-diciembre-en-diez-edificios-publicos-del-ayuntamiento-de-pamplona\\\/\",\"name\":\"El calendario municipal de 2022 se repartir\u00e1 el lunes 20 y el martes 21 de diciembre en diez edificios p\u00fablicos del Ayuntamiento de Pamplona\",\"isPartOf\":{\"@id\":\"https:\\\/\\\/www.laguiadepamplona.com\\\/actualidad\\\/#website\"},\"primaryImageOfPage\":{\"@id\":\"https:\\\/\\\/www.laguiadepamplona.com\\\/actualidad\\\/el-calendario-municipal-de-2022-se-repartira-el-lunes-20-y-el-martes-21-de-diciembre-en-diez-edificios-publicos-del-ayuntamiento-de-pamplona\\\/#primaryimage\"},\"image\":{\"@id\":\"https:\\\/\\\/www.laguiadepamplona.com\\\/actualidad\\\/el-calendario-municipal-de-2022-se-repartira-el-lunes-20-y-el-martes-21-de-diciembre-en-diez-edificios-publicos-del-ayuntamiento-de-pamplona\\\/#primaryimage\"},\"thumbnailUrl\":\"https:\\\/\\\/www.laguiadepamplona.com\\\/actualidad\\\/wp-content\\\/uploads\\\/2021\\\/12\\\/calendario-3.jpg\",\"datePublished\":\"2021-12-17T18:04:52+00:00\",\"dateModified\":\"2023-04-11T09:48:40+00:00\",\"description\":\"Las fotograf\u00edas se han seleccionado entre las presentadas al concurso de fotograf\u00eda Enfoca Pamplona, cuyos premios se entregan esta tarde\",\"breadcrumb\":{\"@id\":\"https:\\\/\\\/www.laguiadepamplona.com\\\/actualidad\\\/el-calendario-municipal-de-2022-se-repartira-el-lunes-20-y-el-martes-21-de-diciembre-en-diez-edificios-publicos-del-ayuntamiento-de-pamplona\\\/#breadcrumb\"},\"inLanguage\":\"es\",\"potentialAction\":[{\"@type\":\"ReadAction\",\"target\":[\"https:\\\/\\\/www.laguiadepamplona.com\\\/actualidad\\\/el-calendario-municipal-de-2022-se-repartira-el-lunes-20-y-el-martes-21-de-diciembre-en-diez-edificios-publicos-del-ayuntamiento-de-pamplona\\\/\"]}]},{\"@type\":\"ImageObject\",\"inLanguage\":\"es\",\"@id\":\"https:\\\/\\\/www.laguiadepamplona.com\\\/actualidad\\\/el-calendario-municipal-de-2022-se-repartira-el-lunes-20-y-el-martes-21-de-diciembre-en-diez-edificios-publicos-del-ayuntamiento-de-pamplona\\\/#primaryimage\",\"url\":\"https:\\\/\\\/www.laguiadepamplona.com\\\/actualidad\\\/wp-content\\\/uploads\\\/2021\\\/12\\\/calendario-3.jpg\",\"contentUrl\":\"https:\\\/\\\/www.laguiadepamplona.com\\\/actualidad\\\/wp-content\\\/uploads\\\/2021\\\/12\\\/calendario-3.jpg\",\"width\":700,\"height\":467},{\"@type\":\"BreadcrumbList\",\"@id\":\"https:\\\/\\\/www.laguiadepamplona.com\\\/actualidad\\\/el-calendario-municipal-de-2022-se-repartira-el-lunes-20-y-el-martes-21-de-diciembre-en-diez-edificios-publicos-del-ayuntamiento-de-pamplona\\\/#breadcrumb\",\"itemListElement\":[{\"@type\":\"ListItem\",\"position\":1,\"name\":\"Portada\",\"item\":\"https:\\\/\\\/www.laguiadepamplona.com\\\/actualidad\\\/\"},{\"@type\":\"ListItem\",\"position\":2,\"name\":\"El calendario municipal de 2022 se repartir\u00e1 el lunes 20 y el martes 21 de diciembre en diez edificios p\u00fablicos del Ayuntamiento de Pamplona\"}]},{\"@type\":\"WebSite\",\"@id\":\"https:\\\/\\\/www.laguiadepamplona.com\\\/actualidad\\\/#website\",\"url\":\"https:\\\/\\\/www.laguiadepamplona.com\\\/actualidad\\\/\",\"name\":\"La gu\u00eda de Pamplona\",\"description\":\"Noticias de Pamplona\",\"publisher\":{\"@id\":\"https:\\\/\\\/www.laguiadepamplona.com\\\/actualidad\\\/#organization\"},\"potentialAction\":[{\"@type\":\"SearchAction\",\"target\":{\"@type\":\"EntryPoint\",\"urlTemplate\":\"https:\\\/\\\/www.laguiadepamplona.com\\\/actualidad\\\/?s={search_term_string}\"},\"query-input\":{\"@type\":\"PropertyValueSpecification\",\"valueRequired\":true,\"valueName\":\"search_term_string\"}}],\"inLanguage\":\"es\"},{\"@type\":\"Organization\",\"@id\":\"https:\\\/\\\/www.laguiadepamplona.com\\\/actualidad\\\/#organization\",\"name\":\"La Gu\u00eda de Pamplona \\\/ Noticias\",\"url\":\"https:\\\/\\\/www.laguiadepamplona.com\\\/actualidad\\\/\",\"logo\":{\"@type\":\"ImageObject\",\"inLanguage\":\"es\",\"@id\":\"https:\\\/\\\/www.laguiadepamplona.com\\\/actualidad\\\/#\\\/schema\\\/logo\\\/image\\\/\",\"url\":\"https:\\\/\\\/www.laguiadepamplona.com\\\/actualidad\\\/wp-content\\\/uploads\\\/2018\\\/11\\\/logo-laguiadepamplona18-web1.png\",\"contentUrl\":\"https:\\\/\\\/www.laguiadepamplona.com\\\/actualidad\\\/wp-content\\\/uploads\\\/2018\\\/11\\\/logo-laguiadepamplona18-web1.png\",\"width\":600,\"height\":196,\"caption\":\"La Gu\u00eda de Pamplona \\\/ Noticias\"},\"image\":{\"@id\":\"https:\\\/\\\/www.laguiadepamplona.com\\\/actualidad\\\/#\\\/schema\\\/logo\\\/image\\\/\"},\"sameAs\":[\"https:\\\/\\\/www.facebook.com\\\/laguiadepamplonacom-133175176762273\\\/?ref=hl\",\"https:\\\/\\\/x.com\\\/LaGuiadPamplona\",\"https:\\\/\\\/www.instagram.com\\\/la_guia_de_pamplona\\\/\",\"https:\\\/\\\/www.youtube.com\\\/user\\\/laguiadepamplona\"]},{\"@type\":\"Person\",\"@id\":\"https:\\\/\\\/www.laguiadepamplona.com\\\/actualidad\\\/#\\\/schema\\\/person\\\/efe887376f0213d4657c93adc50b1fdb\",\"name\":\"La Gu\u00eda de Pamplona\",\"image\":{\"@type\":\"ImageObject\",\"inLanguage\":\"es\",\"@id\":\"https:\\\/\\\/secure.gravatar.com\\\/avatar\\\/b6992f131dc8d30ab0dff15446e9d346d9dbd95992de0fef795073f5ea83a81c?s=96&d=mm&r=g\",\"url\":\"https:\\\/\\\/secure.gravatar.com\\\/avatar\\\/b6992f131dc8d30ab0dff15446e9d346d9dbd95992de0fef795073f5ea83a81c?s=96&d=mm&r=g\",\"contentUrl\":\"https:\\\/\\\/secure.gravatar.com\\\/avatar\\\/b6992f131dc8d30ab0dff15446e9d346d9dbd95992de0fef795073f5ea83a81c?s=96&d=mm&r=g\",\"caption\":\"La Gu\u00eda de Pamplona\"}}]}<\/script>\n<!-- \/ Yoast SEO plugin. -->","yoast_head_json":{"title":"El calendario municipal de 2022 se repartir\u00e1 el lunes 20 y el martes 21 de diciembre en diez edificios p\u00fablicos del Ayuntamiento de Pamplona","description":"Las fotograf\u00edas se han seleccionado entre las presentadas al concurso de fotograf\u00eda Enfoca Pamplona, cuyos premios se entregan esta tarde","robots":{"index":"index","follow":"follow","max-snippet":"max-snippet:-1","max-image-preview":"max-image-preview:large","max-video-preview":"max-video-preview:-1"},"canonical":"https:\/\/www.laguiadepamplona.com\/actualidad\/el-calendario-municipal-de-2022-se-repartira-el-lunes-20-y-el-martes-21-de-diciembre-en-diez-edificios-publicos-del-ayuntamiento-de-pamplona\/","og_locale":"es_ES","og_type":"article","og_title":"El calendario municipal de 2022 se repartir\u00e1 el lunes 20 y el martes 21 de diciembre en diez edificios p\u00fablicos del Ayuntamiento de Pamplona","og_description":"Las fotograf\u00edas se han seleccionado entre las presentadas al concurso de fotograf\u00eda Enfoca Pamplona, cuyos premios se entregan esta tarde","og_url":"https:\/\/www.laguiadepamplona.com\/actualidad\/el-calendario-municipal-de-2022-se-repartira-el-lunes-20-y-el-martes-21-de-diciembre-en-diez-edificios-publicos-del-ayuntamiento-de-pamplona\/","og_site_name":"La Gu\u00eda de Pamplona","article_publisher":"https:\/\/www.facebook.com\/laguiadepamplonacom-133175176762273\/?ref=hl","article_published_time":"2021-12-17T18:04:52+00:00","article_modified_time":"2023-04-11T09:48:40+00:00","og_image":[{"width":700,"height":467,"url":"https:\/\/www.laguiadepamplona.com\/actualidad\/wp-content\/uploads\/2021\/12\/calendario-3.jpg","type":"image\/jpeg"}],"author":"La Gu\u00eda de Pamplona","twitter_card":"summary_large_image","twitter_creator":"@LaGuiadPamplona","twitter_site":"@LaGuiadPamplona","twitter_misc":{"Escrito por":"La Gu\u00eda de Pamplona","Tiempo de lectura":"2 minutos"},"schema":{"@context":"https:\/\/schema.org","@graph":[{"@type":"Article","@id":"https:\/\/www.laguiadepamplona.com\/actualidad\/el-calendario-municipal-de-2022-se-repartira-el-lunes-20-y-el-martes-21-de-diciembre-en-diez-edificios-publicos-del-ayuntamiento-de-pamplona\/#article","isPartOf":{"@id":"https:\/\/www.laguiadepamplona.com\/actualidad\/el-calendario-municipal-de-2022-se-repartira-el-lunes-20-y-el-martes-21-de-diciembre-en-diez-edificios-publicos-del-ayuntamiento-de-pamplona\/"},"author":{"name":"La Gu\u00eda de Pamplona","@id":"https:\/\/www.laguiadepamplona.com\/actualidad\/#\/schema\/person\/efe887376f0213d4657c93adc50b1fdb"},"headline":"El calendario municipal de 2022 se repartir\u00e1 el lunes 20 y el martes 21 de diciembre en diez edificios p\u00fablicos del Ayuntamiento de Pamplona","datePublished":"2021-12-17T18:04:52+00:00","dateModified":"2023-04-11T09:48:40+00:00","mainEntityOfPage":{"@id":"https:\/\/www.laguiadepamplona.com\/actualidad\/el-calendario-municipal-de-2022-se-repartira-el-lunes-20-y-el-martes-21-de-diciembre-en-diez-edificios-publicos-del-ayuntamiento-de-pamplona\/"},"wordCount":410,"commentCount":0,"publisher":{"@id":"https:\/\/www.laguiadepamplona.com\/actualidad\/#organization"},"image":{"@id":"https:\/\/www.laguiadepamplona.com\/actualidad\/el-calendario-municipal-de-2022-se-repartira-el-lunes-20-y-el-martes-21-de-diciembre-en-diez-edificios-publicos-del-ayuntamiento-de-pamplona\/#primaryimage"},"thumbnailUrl":"https:\/\/www.laguiadepamplona.com\/actualidad\/wp-content\/uploads\/2021\/12\/calendario-3.jpg","articleSection":["Ayto Pamplona"],"inLanguage":"es","potentialAction":[{"@type":"CommentAction","name":"Comment","target":["https:\/\/www.laguiadepamplona.com\/actualidad\/el-calendario-municipal-de-2022-se-repartira-el-lunes-20-y-el-martes-21-de-diciembre-en-diez-edificios-publicos-del-ayuntamiento-de-pamplona\/#respond"]}]},{"@type":"WebPage","@id":"https:\/\/www.laguiadepamplona.com\/actualidad\/el-calendario-municipal-de-2022-se-repartira-el-lunes-20-y-el-martes-21-de-diciembre-en-diez-edificios-publicos-del-ayuntamiento-de-pamplona\/","url":"https:\/\/www.laguiadepamplona.com\/actualidad\/el-calendario-municipal-de-2022-se-repartira-el-lunes-20-y-el-martes-21-de-diciembre-en-diez-edificios-publicos-del-ayuntamiento-de-pamplona\/","name":"El calendario municipal de 2022 se repartir\u00e1 el lunes 20 y el martes 21 de diciembre en diez edificios p\u00fablicos del Ayuntamiento de Pamplona","isPartOf":{"@id":"https:\/\/www.laguiadepamplona.com\/actualidad\/#website"},"primaryImageOfPage":{"@id":"https:\/\/www.laguiadepamplona.com\/actualidad\/el-calendario-municipal-de-2022-se-repartira-el-lunes-20-y-el-martes-21-de-diciembre-en-diez-edificios-publicos-del-ayuntamiento-de-pamplona\/#primaryimage"},"image":{"@id":"https:\/\/www.laguiadepamplona.com\/actualidad\/el-calendario-municipal-de-2022-se-repartira-el-lunes-20-y-el-martes-21-de-diciembre-en-diez-edificios-publicos-del-ayuntamiento-de-pamplona\/#primaryimage"},"thumbnailUrl":"https:\/\/www.laguiadepamplona.com\/actualidad\/wp-content\/uploads\/2021\/12\/calendario-3.jpg","datePublished":"2021-12-17T18:04:52+00:00","dateModified":"2023-04-11T09:48:40+00:00","description":"Las fotograf\u00edas se han seleccionado entre las presentadas al concurso de fotograf\u00eda Enfoca Pamplona, cuyos premios se entregan esta tarde","breadcrumb":{"@id":"https:\/\/www.laguiadepamplona.com\/actualidad\/el-calendario-municipal-de-2022-se-repartira-el-lunes-20-y-el-martes-21-de-diciembre-en-diez-edificios-publicos-del-ayuntamiento-de-pamplona\/#breadcrumb"},"inLanguage":"es","potentialAction":[{"@type":"ReadAction","target":["https:\/\/www.laguiadepamplona.com\/actualidad\/el-calendario-municipal-de-2022-se-repartira-el-lunes-20-y-el-martes-21-de-diciembre-en-diez-edificios-publicos-del-ayuntamiento-de-pamplona\/"]}]},{"@type":"ImageObject","inLanguage":"es","@id":"https:\/\/www.laguiadepamplona.com\/actualidad\/el-calendario-municipal-de-2022-se-repartira-el-lunes-20-y-el-martes-21-de-diciembre-en-diez-edificios-publicos-del-ayuntamiento-de-pamplona\/#primaryimage","url":"https:\/\/www.laguiadepamplona.com\/actualidad\/wp-content\/uploads\/2021\/12\/calendario-3.jpg","contentUrl":"https:\/\/www.laguiadepamplona.com\/actualidad\/wp-content\/uploads\/2021\/12\/calendario-3.jpg","width":700,"height":467},{"@type":"BreadcrumbList","@id":"https:\/\/www.laguiadepamplona.com\/actualidad\/el-calendario-municipal-de-2022-se-repartira-el-lunes-20-y-el-martes-21-de-diciembre-en-diez-edificios-publicos-del-ayuntamiento-de-pamplona\/#breadcrumb","itemListElement":[{"@type":"ListItem","position":1,"name":"Portada","item":"https:\/\/www.laguiadepamplona.com\/actualidad\/"},{"@type":"ListItem","position":2,"name":"El calendario municipal de 2022 se repartir\u00e1 el lunes 20 y el martes 21 de diciembre en diez edificios p\u00fablicos del Ayuntamiento de Pamplona"}]},{"@type":"WebSite","@id":"https:\/\/www.laguiadepamplona.com\/actualidad\/#website","url":"https:\/\/www.laguiadepamplona.com\/actualidad\/","name":"La gu\u00eda de Pamplona","description":"Noticias de Pamplona","publisher":{"@id":"https:\/\/www.laguiadepamplona.com\/actualidad\/#organization"},"potentialAction":[{"@type":"SearchAction","target":{"@type":"EntryPoint","urlTemplate":"https:\/\/www.laguiadepamplona.com\/actualidad\/?s={search_term_string}"},"query-input":{"@type":"PropertyValueSpecification","valueRequired":true,"valueName":"search_term_string"}}],"inLanguage":"es"},{"@type":"Organization","@id":"https:\/\/www.laguiadepamplona.com\/actualidad\/#organization","name":"La Gu\u00eda de Pamplona \/ Noticias","url":"https:\/\/www.laguiadepamplona.com\/actualidad\/","logo":{"@type":"ImageObject","inLanguage":"es","@id":"https:\/\/www.laguiadepamplona.com\/actualidad\/#\/schema\/logo\/image\/","url":"https:\/\/www.laguiadepamplona.com\/actualidad\/wp-content\/uploads\/2018\/11\/logo-laguiadepamplona18-web1.png","contentUrl":"https:\/\/www.laguiadepamplona.com\/actualidad\/wp-content\/uploads\/2018\/11\/logo-laguiadepamplona18-web1.png","width":600,"height":196,"caption":"La Gu\u00eda de Pamplona \/ Noticias"},"image":{"@id":"https:\/\/www.laguiadepamplona.com\/actualidad\/#\/schema\/logo\/image\/"},"sameAs":["https:\/\/www.facebook.com\/laguiadepamplonacom-133175176762273\/?ref=hl","https:\/\/x.com\/LaGuiadPamplona","https:\/\/www.instagram.com\/la_guia_de_pamplona\/","https:\/\/www.youtube.com\/user\/laguiadepamplona"]},{"@type":"Person","@id":"https:\/\/www.laguiadepamplona.com\/actualidad\/#\/schema\/person\/efe887376f0213d4657c93adc50b1fdb","name":"La Gu\u00eda de Pamplona","image":{"@type":"ImageObject","inLanguage":"es","@id":"https:\/\/secure.gravatar.com\/avatar\/b6992f131dc8d30ab0dff15446e9d346d9dbd95992de0fef795073f5ea83a81c?s=96&d=mm&r=g","url":"https:\/\/secure.gravatar.com\/avatar\/b6992f131dc8d30ab0dff15446e9d346d9dbd95992de0fef795073f5ea83a81c?s=96&d=mm&r=g","contentUrl":"https:\/\/secure.gravatar.com\/avatar\/b6992f131dc8d30ab0dff15446e9d346d9dbd95992de0fef795073f5ea83a81c?s=96&d=mm&r=g","caption":"La Gu\u00eda de Pamplona"}}]}},"post_mailing_queue_ids":[],"_links":{"self":[{"href":"https:\/\/www.laguiadepamplona.com\/actualidad\/wp-json\/wp\/v2\/posts\/38021","targetHints":{"allow":["GET"]}}],"collection":[{"href":"https:\/\/www.laguiadepamplona.com\/actualidad\/wp-json\/wp\/v2\/posts"}],"about":[{"href":"https:\/\/www.laguiadepamplona.com\/actualidad\/wp-json\/wp\/v2\/types\/post"}],"author":[{"embeddable":true,"href":"https:\/\/www.laguiadepamplona.com\/actualidad\/wp-json\/wp\/v2\/users\/1"}],"replies":[{"embeddable":true,"href":"https:\/\/www.laguiadepamplona.com\/actualidad\/wp-json\/wp\/v2\/comments?post=38021"}],"version-history":[{"count":0,"href":"https:\/\/www.laguiadepamplona.com\/actualidad\/wp-json\/wp\/v2\/posts\/38021\/revisions"}],"wp:featuredmedia":[{"embeddable":true,"href":"https:\/\/www.laguiadepamplona.com\/actualidad\/wp-json\/wp\/v2\/media\/38022"}],"wp:attachment":[{"href":"https:\/\/www.laguiadepamplona.com\/actualidad\/wp-json\/wp\/v2\/media?parent=38021"}],"wp:term":[{"taxonomy":"category","embeddable":true,"href":"https:\/\/www.laguiadepamplona.com\/actualidad\/wp-json\/wp\/v2\/categories?post=38021"},{"taxonomy":"post_tag","embeddable":true,"href":"https:\/\/www.laguiadepamplona.com\/actualidad\/wp-json\/wp\/v2\/tags?post=38021"}],"curies":[{"name":"wp","href":"https:\/\/api.w.org\/{rel}","templated":true}]}}