{"id":38002,"date":"2021-12-16T18:32:30","date_gmt":"2021-12-16T16:32:30","guid":{"rendered":"https:\/\/www.laguiadepamplona.com\/actualidad\/?p=38002"},"modified":"2023-04-11T11:48:40","modified_gmt":"2023-04-11T09:48:40","slug":"el-ayuntamiento-propone-115-actividades-para-disfrutar-de-la-navidad-en-las-calles-y-espacios-publicos-de-pamplona-con-cultura-musica-y-arte-para-todos-los-publicos","status":"publish","type":"post","link":"https:\/\/www.laguiadepamplona.com\/actualidad\/el-ayuntamiento-propone-115-actividades-para-disfrutar-de-la-navidad-en-las-calles-y-espacios-publicos-de-pamplona-con-cultura-musica-y-arte-para-todos-los-publicos\/","title":{"rendered":"El Ayuntamiento propone 115 actividades para disfrutar de la Navidad en las calles y espacios p\u00fablicos de Pamplona con cultura, m\u00fasica y arte para todos los p\u00fablicos"},"content":{"rendered":"<h5>La programaci\u00f3n municipal estrena en Carlos III \u2018Reflejos\u2019, una propuesta experimental inmersiva sonora e interactiva producida por el colectivo Suakai<\/h5>\n<p><!--more--><\/p>\n<p>El Ayuntamiento de Pamplona ha preparado un programa de 115 actividades para disfrutar de la Navidad en las calles y espacios p\u00fablicos de Pamplona con cultura, m\u00fasica y arte para todos los p\u00fablicos. M\u00fasica en muy diversos escenarios, performances de luces, talleres de creaci\u00f3n, instalaciones interactivas, entre otras, tratar\u00e1n de conjugar las expresiones y actividades tradicionales propias de las fechas, con una visi\u00f3n contempor\u00e1nea.<\/p>\n<p>Este a\u00f1o por primera vez se pondr\u00e1 en escena lugar \u2018Reflejos\u2019, una propuesta experimental en Carlos III de la mano del colectivo Suakai. Esta experiencia inmersiva se unir\u00e1 a la sexta edici\u00f3n del programa \u2018Otras Luces\u2019 en Ciudadela, a los talleres art\u00edsticos infantiles y familiares con artistas en los que participar\u00e1n hasta 10 creadores diferentes y a la oferta de m\u00fasica navide\u00f1a con un ciclo de 10 conciertos en iglesias, dos espect\u00e1culos en Baluarte y Gayarre y los tradicionales villancicos y m\u00fasica coral en las calles. A estas propuestas se sumar\u00e1n las que realiza la red Civivox para los m\u00e1s peque\u00f1os, con espect\u00e1culos y talleres con la m\u00fasica como eje com\u00fan, y a la oferta de actividades para ni\u00f1os y ni\u00f1as de la red de bibliotecas p\u00fablicas de la ciudad.<\/p>\n<p>Esta ma\u00f1ana ha presentado el programa la concejala delegada de Cultura e Igualdad, Maria Garc\u00eda-Barberena, y el director art\u00edstico de Suakai, Ivan Carmona, responsable de la instalaci\u00f3n \u2018Reflejos\u2019. El programa municipal comenzar\u00e1 esta tarde, a las 20 horas, en la sala principal de Palacio de Congresos Auditorio Baluarte con un concierto de la Sinfonietta de Pamplona que, bajo el t\u00edtulo \u2018La perspectiva del tiempo\u2019, quiere ser un homenaje a los treinta a\u00f1os de trayectoria de esta formaci\u00f3n.<br \/>\n<script async src=\"\/\/pagead2.googlesyndication.com\/pagead\/js\/adsbygoogle.js\"><\/script><br \/>\n<!-- Noticias La Guia de Pamplona --><br \/>\n<ins class=\"adsbygoogle\"\nstyle=\"display:block\"\ndata-ad-client=\"ca-pub-6943679897239327\"\ndata-ad-slot=\"7048180777\"\ndata-ad-format=\"auto\"><\/ins><br \/>\n<script>\n(adsbygoogle = window.adsbygoogle || []).push({});\n<\/script><\/p>\n<p><strong>Reflejos<\/strong><\/p>\n<p>\u2018Reflejos\u2019 es una experiencia sonora e interactiva creada por el colectivo art\u00edstico Suakai, a ra\u00edz de ser galardonado con el premio a la Promoci\u00f3n del Talento Art\u00edstico 2020. La propuesta se desarrollar\u00e1 en una carpa instalada en Carlos III, junto al Monumento al Encierro, desde el lunes 27 de diciembre al domingo 9 de enero, en horario de ma\u00f1ana y tarde. La actividad es gratuita pero para acceder es necesario reservar por internet a trav\u00e9s <a href=\"http:\/\/www.pamplonaescultura.es\" target=\"_blank\" rel=\"noopener\">www.pamplonaescultura.es<\/a> o <a href=\"http:\/\/www.suakai.com\" target=\"_blank\" rel=\"noopener\">www.suakai.com<\/a>.<\/p>\n<p>Esta experiencia inmersiva fusiona artistas y agrupaciones de infinidad de estilos: m\u00fasica cl\u00e1sica, rock, jazz, tradicional. Los espectadores en grupos reducidos interactuar\u00e1n para dirigir a m\u00e1s de 350 m\u00fasicos, dando forma a una banda sonora personalizada. Habr\u00e1 pases de aforo limitado cada 30 minutos todos los d\u00edas, en horario de ma\u00f1ana y tarde, salvo los d\u00edas 1 y 6 de enero que ser\u00e1n de 17 a 21 horas y el 5 de enero en que la propuesta mantendr\u00e1 un horario de ma\u00f1ana (de 10 a 15 horas).<br \/>\n<script async src=\"\/\/pagead2.googlesyndication.com\/pagead\/js\/adsbygoogle.js\"><\/script><br \/>\n<!-- Noticias La Guia de Pamplona --><br \/>\n<ins class=\"adsbygoogle\"\nstyle=\"display:block\"\ndata-ad-client=\"ca-pub-6943679897239327\"\ndata-ad-slot=\"7048180777\"\ndata-ad-format=\"auto\"><\/ins><br \/>\n<script>\n(adsbygoogle = window.adsbygoogle || []).push({});\n<\/script><\/p>\n<p><strong>VI edici\u00f3n de \u2018Otras luces\u2019<\/strong><\/p>\n<p>El programa \u2018Otras Luces\u2019 volver\u00e1 a ofrecer video-proyecciones en el recinto de la Ciudadela desde ma\u00f1ana viernes 17 de diciembre hasta el 9 de enero. En este marco se podr\u00e1 ver una selecci\u00f3n de cuatro cortometrajes del Festival Zin\u00e9tica de muy diversas procedencias: Reino Unido, Espa\u00f1a, Brasil y Rusia. Este festival multidisciplinar explora las relaciones entre danza, lenguaje audiovisual, cuerpo y tecnolog\u00eda, para dar lugar a diferentes experiencias art\u00edsticas. El exterior del Horno, el lienzo paralelo a la avenida del Ej\u00e9rcito, una poterna y el entorno de la sala Lidia Biurrun (sala de bodas civiles) ser\u00e1n los escenarios de las proyecciones que se suceder\u00e1n en bucle de 17.30 a 20.30 horas.<\/p>\n<p>Como viene siendo habitual, la Ciudadela acoger\u00e1 tambi\u00e9n estos d\u00edas \u2018Koppo\u2019, las instalaciones interactivas basadas en luz y color cuyo autor es Ferm\u00edn Izko y que se dispondr\u00e1n en los t\u00faneles de acceso de la fortificaci\u00f3n. Asimismo, el arquitecto y artista Fernando Molina ha realizado por segundo a\u00f1o una instalaci\u00f3n lum\u00ednica en las praderas del recinto. La propuesta es \u2018Dentro\u2019, una combinaci\u00f3n de arquitectura ef\u00edmera y Land Art que se podr\u00e1 ver de 17.30 a 20.30 horas.<br \/>\n<script async src=\"\/\/pagead2.googlesyndication.com\/pagead\/js\/adsbygoogle.js\"><\/script><br \/>\n<!-- Noticias La Guia de Pamplona --><br \/>\n<ins class=\"adsbygoogle\"\nstyle=\"display:block\"\ndata-ad-client=\"ca-pub-6943679897239327\"\ndata-ad-slot=\"7048180777\"\ndata-ad-format=\"auto\"><\/ins><br \/>\n<script>\n(adsbygoogle = window.adsbygoogle || []).push({});\n<\/script><\/p>\n<p><strong>Talleres de creaci\u00f3n contempor\u00e1nea para p\u00fablico familiar<\/strong><\/p>\n<p>En la Ciudadela, como centro de dinamizaci\u00f3n de Arte Contempor\u00e1neo, la Navidad dedicar\u00e1 un espacio a las familias y tambi\u00e9n a los ni\u00f1os y ni\u00f1as de 5 a 11 a\u00f1os a trav\u00e9s de un conjunto de talleres creativos con artistas, que han sido dise\u00f1ados por la Chincheta Bruna bajo el t\u00edtulo \u2018Imprevisible\u2019. Estas actividades participativas se desarrollar\u00e1n en la planta baja de la Sala de Armas del 27 al 30 de diciembre. En ellas participar\u00e1n creadoras y artistas como Carmen Salgado Amado, Patricia Ejea, Alicia Otaegui, Teresa Sabat\u00e9, Blanca Razquin, Alberto Od\u00e9riz, Virginia Santos, Marijose Recalde, Carmen Salgado Amado y Blas Campos.<\/p>\n<p>Los talleres infantiles para menores de 5 a 11 a\u00f1os ser\u00e1n los d\u00edas 27, 28, 29 y 30 de diciembre de 11.30 a 13 horas (3 euros por plaza previa inscripci\u00f3n). Las actividades familiares, para menores de m\u00e1s de cinco a\u00f1os acompa\u00f1ados, tendr\u00e1n lugar en esas mismas fechas, pero en horario de 17.30 a 19.30 horas. Las entradas a estas \u00faltimas tendr\u00e1n diferentes precios dependiendo de la cantidad de miembros de la familia inscritos (consultar en la web <a href=\"http:\/\/www.pamplonaescultura.es\" target=\"_blank\" rel=\"noopener\">www.pamplonaescultura.es<\/a>).<\/p>\n<p>Las inscripciones para ambas modalidades de taller se pueden realizar\u00e1 a trav\u00e9s del Tel\u00e9fono de Atenci\u00f3n Ciudadana 010 y el n\u00famero 948420100.<br \/>\n<script async src=\"\/\/pagead2.googlesyndication.com\/pagead\/js\/adsbygoogle.js\"><\/script><br \/>\n<!-- Noticias La Guia de Pamplona --><br \/>\n<ins class=\"adsbygoogle\"\nstyle=\"display:block\"\ndata-ad-client=\"ca-pub-6943679897239327\"\ndata-ad-slot=\"7048180777\"\ndata-ad-format=\"auto\"><\/ins><br \/>\n<script>\n(adsbygoogle = window.adsbygoogle || []).push({});\n<\/script><\/p>\n<p><strong>Civivox y bibliotecas, pensando en los m\u00e1s peque\u00f1os<\/strong><\/p>\n<p>Tambi\u00e9n la red de centros Civivox ha pensado en los peque\u00f1os con espect\u00e1culos, campamentos, talleres y proyecciones de cine que, estas Navidades, tendr\u00e1n un tema com\u00fan: la m\u00fasica. Est\u00e1n programados talleres musicales con Beatriz Pom\u00e9s y Bel\u00e9n Otxotorena (Civivox Condestable, Ensanche y Milagrosa, los d\u00edas 27, 28 y 29 de diciembre, de 11 a 12.30 horas); talleres que abordar\u00e1n las figuras de los grandes compositores a trav\u00e9s de las piezas de Lego en cinco centros Civivox, de la mano de DISCOVERBRICKS y sesiones creativas con Marta Azagra en Civivox Mendillorri y Civivox Jus la Rocha.<\/p>\n<p>Y los Civivox Mendillorri, Condestable, Iturrama y San Jorge ser\u00e1n las sedes de cuatro espect\u00e1culos puntuales: danza contempor\u00e1nea con Larumbe Danza (27 de diciembre); cuentacuentos musicalizado basado en la \u00f3pera \u2018Fidelio\u2019 de Beethoven, a cargo de la compa\u00f1\u00eda Pasadas las 4 (30 de diciembre); teatro musical con m\u00fasica de Schubert con La M\u00e1quina teatro (2 de enero) y clown con m\u00fasica en directo de Lapso Producciones (4 de enero). Tendr\u00e1n lugar en Mendillorri, Condestable, Iturrama y San Jorge, respectivamente, todos ellos a las 18.30 horas, al precio de 3 euros la butaca. Estas actividades tendr\u00e1n inscripci\u00f3n previa a trav\u00e9s de <a href=\"http:\/\/www.pamplonaescultura.es\" target=\"_blank\" rel=\"noopener\">www.pamplonaescultura.es<\/a>, el tel\u00e9fono 010 y presencialmente en cada centro.<\/p>\n<p>Hasta el 4 de enero las bibliotecas p\u00fablicas de Txantrea, San Francisco y Etxabakoitz reforzar\u00e1n la oferta para ni\u00f1os, ni\u00f1as y adolescentes de 5 a 13 a\u00f1os ofreciendo 10 talleres gratuitos de diversos contenidos programados en ma\u00f1anas de los d\u00edas de vacaciones. Habr\u00e1 actividades en castellano y euskera desde el 27 de diciembre al 4 de enero. En la red de bibliotecas est\u00e1n previstas, adem\u00e1s, sesiones de cuentacuentos, espect\u00e1culos, teatro infantil, cine y exposiciones hasta el 9 de enero.<br \/>\n<script async src=\"\/\/pagead2.googlesyndication.com\/pagead\/js\/adsbygoogle.js\"><\/script><br \/>\n<!-- Noticias La Guia de Pamplona --><br \/>\n<ins class=\"adsbygoogle\"\nstyle=\"display:block\"\ndata-ad-client=\"ca-pub-6943679897239327\"\ndata-ad-slot=\"7048180777\"\ndata-ad-format=\"auto\"><\/ins><br \/>\n<script>\n(adsbygoogle = window.adsbygoogle || []).push({});\n<\/script><\/p>\n<p><strong>M\u00fasica bajo altos techos<\/strong><\/p>\n<p>Como es habitual en la programaci\u00f3n navide\u00f1a municipal, este a\u00f1o tambi\u00e9n habr\u00e1 actuaciones corales por las calles de Pamplona y conciertos, tanto en iglesias, como en otros escenarios. Esta tarde en Baluarte la Sinfonietta Acad\u00e9mica ofrecer\u00e1 un concierto de aniversario por sus treinta a\u00f1os de trayectoria a las 20 horas y La Pamplonesa este pr\u00f3ximo domingo 19 de diciembre, a las 12 horas ofrecer\u00e1 un espect\u00e1culo de m\u00fasica y danza acompa\u00f1ada de bailarines de la talla de Carmen Larraz, Martxell Rodr\u00edguez, Jon L\u00f3pez y Mart\u00edn Los Arcos en el Teatro Gayarre.<\/p>\n<p>En las iglesias de Pamplona, inici\u00e1ndose en San Lorenzo el s\u00e1bado 18 de diciembre y recorriendo otros siete templos hasta el 30 de diciembre, se podr\u00e1 asistir a la actuaci\u00f3n de diferentes formaciones musicales profesionales que mantienen programas propios en estas fechas festivas. La entrada a los 10 conciertos que se celebrar\u00e1n en templos de la ciudad ser\u00e1 libre hasta completar aforo, previa retirada de invitaci\u00f3n en la puerta de cada iglesia (m\u00e1ximo dos invitaciones por persona), desde una hora antes del concierto.<\/p>\n<p>Ensembles, cuartetos, corales y una orquesta y un coro de Gospel protagonizar\u00e1n las actuaciones que tendr\u00e1n lugar a las 20 horas todos los d\u00edas salvo 24, 25 y 29 de diciembre. El \u00fanico concierto con otro horario ser\u00e1 el martes 28 en la Iglesia de San Ignacio, que empezar\u00e1 a las 19.30 horas.<br \/>\n<script async src=\"\/\/pagead2.googlesyndication.com\/pagead\/js\/adsbygoogle.js\"><\/script><br \/>\n<!-- Noticias La Guia de Pamplona --><br \/>\n<ins class=\"adsbygoogle\"\nstyle=\"display:block\"\ndata-ad-client=\"ca-pub-6943679897239327\"\ndata-ad-slot=\"7048180777\"\ndata-ad-format=\"auto\"><\/ins><br \/>\n<script>\n(adsbygoogle = window.adsbygoogle || []).push({});\n<\/script><\/p>\n<p><strong>Ambientaci\u00f3n musical navide\u00f1a en las calles de Pamplona<\/strong><\/p>\n<p>Como es habitual, las calles tambi\u00e9n ser\u00e1n un espacio de m\u00fasica, ya que los villancicos y otras composiciones navide\u00f1as se escuchar\u00e1n por las tardes en espacios del centro de Pamplona y en Irunalarrea y Martin Azpilcueta (23 de diciembre), Front\u00f3n L\u00f3pez y Mendillorri Bajo (27 de diciembre) y Txantrea (30 de diciembre).<\/p>\n<p>Desde esta s\u00e1bado 18 de diciembre y hasta el d\u00eda 30, a partir de las 18 horas, habr\u00e1 hasta nueve veladas de coros y ensembles que habitualmente act\u00faan en la ciudad y una parte de los cuales pertenecen al cat\u00e1logo de grupos art\u00edsticos no profesionales del Consistorio. Entre las actuaciones habr\u00e1 una sesi\u00f3n con alumnado de la Escuela municipal de M\u00fasica Joaqu\u00edn Maya (2 de diciembre) y con el Orfe\u00f3n Pamplon\u00e9s (27 de diciembre).<\/p>\n<p>Todos los detalles de recorridos, fechas y horas de cada una de las actuaciones se pueden consultar en las webs municipales <a href=\"http:\/\/www.pamplonaescultura.es\" target=\"_blank\" rel=\"noopener\">www.pamplonaescultura.es<\/a> y <a href=\"http:\/\/www.pamplona.es\" target=\"_blank\" rel=\"noopener\">www.pamplona.es<\/a> y en los folletos editados por el Ayuntamiento de Pamplona, tanto sobre el conjunto de la programaci\u00f3n navide\u00f1a, como el espec\u00edficamente dedicado a \u2018Otras Luces\u2019.<br \/>\n&nbsp;<br \/>\n[qodef_button size=\u00bblarge\u00bb type=\u00bb\u00bb text=\u00bbActividades Navidad 2021.pdf\u00bb custom_class=\u00bb\u00bb icon_pack=\u00bbfont_elegant\u00bb fa_icon=\u00bbicon_download\u00bb link=\u00bbhttps:\/\/www.pamplona.es\/sites\/default\/files\/2021-12\/encarte-actividades-navidad-web-castellano.pdf\u00bb target=\u00bb_blank\u00bb color=\u00bbffffff\u00bb hover_color=\u00bb\u00bb background_color=\u00bb\u00bb hover_background_color=\u00bb\u00bb border_color=\u00bb\u00bb hover_border_color=\u00bb\u00bb font_size=\u00bb\u00bb font_weight=\u00bb\u00bb margin=\u00bb\u00bb]\n","protected":false},"excerpt":{"rendered":"<p>La programaci\u00f3n municipal estrena en Carlos III \u2018Reflejos\u2019, una propuesta experimental inmersiva sonora e interactiva producida por el colectivo Suakai<\/p>\n","protected":false},"author":1,"featured_media":38003,"comment_status":"open","ping_status":"closed","sticky":false,"template":"","format":"standard","meta":{"footnotes":""},"categories":[2],"tags":[],"class_list":["post-38002","post","type-post","status-publish","format-standard","has-post-thumbnail","hentry","category-ayuntamiento-pamplona"],"yoast_head":"<!-- This site is optimized with the Yoast SEO plugin v27.3 - https:\/\/yoast.com\/product\/yoast-seo-wordpress\/ -->\n<title>El Ayuntamiento propone 115 actividades para disfrutar de la Navidad en las calles y espacios p\u00fablicos de Pamplona con cultura, m\u00fasica y arte para todos los p\u00fablicos<\/title>\n<meta name=\"description\" content=\"La programaci\u00f3n municipal estrena en Carlos III \u2018Reflejos\u2019, una propuesta experimental inmersiva sonora e interactiva producida por el colectivo Suakai\" \/>\n<meta name=\"robots\" content=\"index, follow, max-snippet:-1, max-image-preview:large, max-video-preview:-1\" \/>\n<link rel=\"canonical\" href=\"https:\/\/www.laguiadepamplona.com\/actualidad\/el-ayuntamiento-propone-115-actividades-para-disfrutar-de-la-navidad-en-las-calles-y-espacios-publicos-de-pamplona-con-cultura-musica-y-arte-para-todos-los-publicos\/\" \/>\n<meta property=\"og:locale\" content=\"es_ES\" \/>\n<meta property=\"og:type\" content=\"article\" \/>\n<meta property=\"og:title\" content=\"El Ayuntamiento propone 115 actividades para disfrutar de la Navidad en las calles y espacios p\u00fablicos de Pamplona con cultura, m\u00fasica y arte para todos los p\u00fablicos\" \/>\n<meta property=\"og:description\" content=\"La programaci\u00f3n municipal estrena en Carlos III \u2018Reflejos\u2019, una propuesta experimental inmersiva sonora e interactiva producida por el colectivo Suakai\" \/>\n<meta property=\"og:url\" content=\"https:\/\/www.laguiadepamplona.com\/actualidad\/el-ayuntamiento-propone-115-actividades-para-disfrutar-de-la-navidad-en-las-calles-y-espacios-publicos-de-pamplona-con-cultura-musica-y-arte-para-todos-los-publicos\/\" \/>\n<meta property=\"og:site_name\" content=\"La Gu\u00eda de Pamplona\" \/>\n<meta property=\"article:publisher\" content=\"https:\/\/www.facebook.com\/laguiadepamplonacom-133175176762273\/?ref=hl\" \/>\n<meta property=\"article:published_time\" content=\"2021-12-16T16:32:30+00:00\" \/>\n<meta property=\"article:modified_time\" content=\"2023-04-11T09:48:40+00:00\" \/>\n<meta property=\"og:image\" content=\"https:\/\/www.laguiadepamplona.com\/actualidad\/wp-content\/uploads\/2021\/12\/regala-pamplona.jpg\" \/>\n\t<meta property=\"og:image:width\" content=\"1702\" \/>\n\t<meta property=\"og:image:height\" content=\"1207\" \/>\n\t<meta property=\"og:image:type\" content=\"image\/jpeg\" \/>\n<meta name=\"author\" content=\"La Gu\u00eda de Pamplona\" \/>\n<meta name=\"twitter:card\" content=\"summary_large_image\" \/>\n<meta name=\"twitter:creator\" content=\"@LaGuiadPamplona\" \/>\n<meta name=\"twitter:site\" content=\"@LaGuiadPamplona\" \/>\n<meta name=\"twitter:label1\" content=\"Escrito por\" \/>\n\t<meta name=\"twitter:data1\" content=\"La Gu\u00eda de Pamplona\" \/>\n\t<meta name=\"twitter:label2\" content=\"Tiempo de lectura\" \/>\n\t<meta name=\"twitter:data2\" content=\"8 minutos\" \/>\n<script type=\"application\/ld+json\" class=\"yoast-schema-graph\">{\"@context\":\"https:\\\/\\\/schema.org\",\"@graph\":[{\"@type\":\"Article\",\"@id\":\"https:\\\/\\\/www.laguiadepamplona.com\\\/actualidad\\\/el-ayuntamiento-propone-115-actividades-para-disfrutar-de-la-navidad-en-las-calles-y-espacios-publicos-de-pamplona-con-cultura-musica-y-arte-para-todos-los-publicos\\\/#article\",\"isPartOf\":{\"@id\":\"https:\\\/\\\/www.laguiadepamplona.com\\\/actualidad\\\/el-ayuntamiento-propone-115-actividades-para-disfrutar-de-la-navidad-en-las-calles-y-espacios-publicos-de-pamplona-con-cultura-musica-y-arte-para-todos-los-publicos\\\/\"},\"author\":{\"name\":\"La Gu\u00eda de Pamplona\",\"@id\":\"https:\\\/\\\/www.laguiadepamplona.com\\\/actualidad\\\/#\\\/schema\\\/person\\\/efe887376f0213d4657c93adc50b1fdb\"},\"headline\":\"El Ayuntamiento propone 115 actividades para disfrutar de la Navidad en las calles y espacios p\u00fablicos de Pamplona con cultura, m\u00fasica y arte para todos los p\u00fablicos\",\"datePublished\":\"2021-12-16T16:32:30+00:00\",\"dateModified\":\"2023-04-11T09:48:40+00:00\",\"mainEntityOfPage\":{\"@id\":\"https:\\\/\\\/www.laguiadepamplona.com\\\/actualidad\\\/el-ayuntamiento-propone-115-actividades-para-disfrutar-de-la-navidad-en-las-calles-y-espacios-publicos-de-pamplona-con-cultura-musica-y-arte-para-todos-los-publicos\\\/\"},\"wordCount\":1758,\"commentCount\":0,\"publisher\":{\"@id\":\"https:\\\/\\\/www.laguiadepamplona.com\\\/actualidad\\\/#organization\"},\"image\":{\"@id\":\"https:\\\/\\\/www.laguiadepamplona.com\\\/actualidad\\\/el-ayuntamiento-propone-115-actividades-para-disfrutar-de-la-navidad-en-las-calles-y-espacios-publicos-de-pamplona-con-cultura-musica-y-arte-para-todos-los-publicos\\\/#primaryimage\"},\"thumbnailUrl\":\"https:\\\/\\\/www.laguiadepamplona.com\\\/actualidad\\\/wp-content\\\/uploads\\\/2021\\\/12\\\/regala-pamplona.jpg\",\"articleSection\":[\"Ayto Pamplona\"],\"inLanguage\":\"es\",\"potentialAction\":[{\"@type\":\"CommentAction\",\"name\":\"Comment\",\"target\":[\"https:\\\/\\\/www.laguiadepamplona.com\\\/actualidad\\\/el-ayuntamiento-propone-115-actividades-para-disfrutar-de-la-navidad-en-las-calles-y-espacios-publicos-de-pamplona-con-cultura-musica-y-arte-para-todos-los-publicos\\\/#respond\"]}]},{\"@type\":\"WebPage\",\"@id\":\"https:\\\/\\\/www.laguiadepamplona.com\\\/actualidad\\\/el-ayuntamiento-propone-115-actividades-para-disfrutar-de-la-navidad-en-las-calles-y-espacios-publicos-de-pamplona-con-cultura-musica-y-arte-para-todos-los-publicos\\\/\",\"url\":\"https:\\\/\\\/www.laguiadepamplona.com\\\/actualidad\\\/el-ayuntamiento-propone-115-actividades-para-disfrutar-de-la-navidad-en-las-calles-y-espacios-publicos-de-pamplona-con-cultura-musica-y-arte-para-todos-los-publicos\\\/\",\"name\":\"El Ayuntamiento propone 115 actividades para disfrutar de la Navidad en las calles y espacios p\u00fablicos de Pamplona con cultura, m\u00fasica y arte para todos los p\u00fablicos\",\"isPartOf\":{\"@id\":\"https:\\\/\\\/www.laguiadepamplona.com\\\/actualidad\\\/#website\"},\"primaryImageOfPage\":{\"@id\":\"https:\\\/\\\/www.laguiadepamplona.com\\\/actualidad\\\/el-ayuntamiento-propone-115-actividades-para-disfrutar-de-la-navidad-en-las-calles-y-espacios-publicos-de-pamplona-con-cultura-musica-y-arte-para-todos-los-publicos\\\/#primaryimage\"},\"image\":{\"@id\":\"https:\\\/\\\/www.laguiadepamplona.com\\\/actualidad\\\/el-ayuntamiento-propone-115-actividades-para-disfrutar-de-la-navidad-en-las-calles-y-espacios-publicos-de-pamplona-con-cultura-musica-y-arte-para-todos-los-publicos\\\/#primaryimage\"},\"thumbnailUrl\":\"https:\\\/\\\/www.laguiadepamplona.com\\\/actualidad\\\/wp-content\\\/uploads\\\/2021\\\/12\\\/regala-pamplona.jpg\",\"datePublished\":\"2021-12-16T16:32:30+00:00\",\"dateModified\":\"2023-04-11T09:48:40+00:00\",\"description\":\"La programaci\u00f3n municipal estrena en Carlos III \u2018Reflejos\u2019, una propuesta experimental inmersiva sonora e interactiva producida por el colectivo Suakai\",\"breadcrumb\":{\"@id\":\"https:\\\/\\\/www.laguiadepamplona.com\\\/actualidad\\\/el-ayuntamiento-propone-115-actividades-para-disfrutar-de-la-navidad-en-las-calles-y-espacios-publicos-de-pamplona-con-cultura-musica-y-arte-para-todos-los-publicos\\\/#breadcrumb\"},\"inLanguage\":\"es\",\"potentialAction\":[{\"@type\":\"ReadAction\",\"target\":[\"https:\\\/\\\/www.laguiadepamplona.com\\\/actualidad\\\/el-ayuntamiento-propone-115-actividades-para-disfrutar-de-la-navidad-en-las-calles-y-espacios-publicos-de-pamplona-con-cultura-musica-y-arte-para-todos-los-publicos\\\/\"]}]},{\"@type\":\"ImageObject\",\"inLanguage\":\"es\",\"@id\":\"https:\\\/\\\/www.laguiadepamplona.com\\\/actualidad\\\/el-ayuntamiento-propone-115-actividades-para-disfrutar-de-la-navidad-en-las-calles-y-espacios-publicos-de-pamplona-con-cultura-musica-y-arte-para-todos-los-publicos\\\/#primaryimage\",\"url\":\"https:\\\/\\\/www.laguiadepamplona.com\\\/actualidad\\\/wp-content\\\/uploads\\\/2021\\\/12\\\/regala-pamplona.jpg\",\"contentUrl\":\"https:\\\/\\\/www.laguiadepamplona.com\\\/actualidad\\\/wp-content\\\/uploads\\\/2021\\\/12\\\/regala-pamplona.jpg\",\"width\":1702,\"height\":1207},{\"@type\":\"BreadcrumbList\",\"@id\":\"https:\\\/\\\/www.laguiadepamplona.com\\\/actualidad\\\/el-ayuntamiento-propone-115-actividades-para-disfrutar-de-la-navidad-en-las-calles-y-espacios-publicos-de-pamplona-con-cultura-musica-y-arte-para-todos-los-publicos\\\/#breadcrumb\",\"itemListElement\":[{\"@type\":\"ListItem\",\"position\":1,\"name\":\"Portada\",\"item\":\"https:\\\/\\\/www.laguiadepamplona.com\\\/actualidad\\\/\"},{\"@type\":\"ListItem\",\"position\":2,\"name\":\"El Ayuntamiento propone 115 actividades para disfrutar de la Navidad en las calles y espacios p\u00fablicos de Pamplona con cultura, m\u00fasica y arte para todos los p\u00fablicos\"}]},{\"@type\":\"WebSite\",\"@id\":\"https:\\\/\\\/www.laguiadepamplona.com\\\/actualidad\\\/#website\",\"url\":\"https:\\\/\\\/www.laguiadepamplona.com\\\/actualidad\\\/\",\"name\":\"La gu\u00eda de Pamplona\",\"description\":\"Noticias de Pamplona\",\"publisher\":{\"@id\":\"https:\\\/\\\/www.laguiadepamplona.com\\\/actualidad\\\/#organization\"},\"potentialAction\":[{\"@type\":\"SearchAction\",\"target\":{\"@type\":\"EntryPoint\",\"urlTemplate\":\"https:\\\/\\\/www.laguiadepamplona.com\\\/actualidad\\\/?s={search_term_string}\"},\"query-input\":{\"@type\":\"PropertyValueSpecification\",\"valueRequired\":true,\"valueName\":\"search_term_string\"}}],\"inLanguage\":\"es\"},{\"@type\":\"Organization\",\"@id\":\"https:\\\/\\\/www.laguiadepamplona.com\\\/actualidad\\\/#organization\",\"name\":\"La Gu\u00eda de Pamplona \\\/ Noticias\",\"url\":\"https:\\\/\\\/www.laguiadepamplona.com\\\/actualidad\\\/\",\"logo\":{\"@type\":\"ImageObject\",\"inLanguage\":\"es\",\"@id\":\"https:\\\/\\\/www.laguiadepamplona.com\\\/actualidad\\\/#\\\/schema\\\/logo\\\/image\\\/\",\"url\":\"https:\\\/\\\/www.laguiadepamplona.com\\\/actualidad\\\/wp-content\\\/uploads\\\/2018\\\/11\\\/logo-laguiadepamplona18-web1.png\",\"contentUrl\":\"https:\\\/\\\/www.laguiadepamplona.com\\\/actualidad\\\/wp-content\\\/uploads\\\/2018\\\/11\\\/logo-laguiadepamplona18-web1.png\",\"width\":600,\"height\":196,\"caption\":\"La Gu\u00eda de Pamplona \\\/ Noticias\"},\"image\":{\"@id\":\"https:\\\/\\\/www.laguiadepamplona.com\\\/actualidad\\\/#\\\/schema\\\/logo\\\/image\\\/\"},\"sameAs\":[\"https:\\\/\\\/www.facebook.com\\\/laguiadepamplonacom-133175176762273\\\/?ref=hl\",\"https:\\\/\\\/x.com\\\/LaGuiadPamplona\",\"https:\\\/\\\/www.instagram.com\\\/la_guia_de_pamplona\\\/\",\"https:\\\/\\\/www.youtube.com\\\/user\\\/laguiadepamplona\"]},{\"@type\":\"Person\",\"@id\":\"https:\\\/\\\/www.laguiadepamplona.com\\\/actualidad\\\/#\\\/schema\\\/person\\\/efe887376f0213d4657c93adc50b1fdb\",\"name\":\"La Gu\u00eda de Pamplona\",\"image\":{\"@type\":\"ImageObject\",\"inLanguage\":\"es\",\"@id\":\"https:\\\/\\\/secure.gravatar.com\\\/avatar\\\/b6992f131dc8d30ab0dff15446e9d346d9dbd95992de0fef795073f5ea83a81c?s=96&d=mm&r=g\",\"url\":\"https:\\\/\\\/secure.gravatar.com\\\/avatar\\\/b6992f131dc8d30ab0dff15446e9d346d9dbd95992de0fef795073f5ea83a81c?s=96&d=mm&r=g\",\"contentUrl\":\"https:\\\/\\\/secure.gravatar.com\\\/avatar\\\/b6992f131dc8d30ab0dff15446e9d346d9dbd95992de0fef795073f5ea83a81c?s=96&d=mm&r=g\",\"caption\":\"La Gu\u00eda de Pamplona\"}}]}<\/script>\n<!-- \/ Yoast SEO plugin. -->","yoast_head_json":{"title":"El Ayuntamiento propone 115 actividades para disfrutar de la Navidad en las calles y espacios p\u00fablicos de Pamplona con cultura, m\u00fasica y arte para todos los p\u00fablicos","description":"La programaci\u00f3n municipal estrena en Carlos III \u2018Reflejos\u2019, una propuesta experimental inmersiva sonora e interactiva producida por el colectivo Suakai","robots":{"index":"index","follow":"follow","max-snippet":"max-snippet:-1","max-image-preview":"max-image-preview:large","max-video-preview":"max-video-preview:-1"},"canonical":"https:\/\/www.laguiadepamplona.com\/actualidad\/el-ayuntamiento-propone-115-actividades-para-disfrutar-de-la-navidad-en-las-calles-y-espacios-publicos-de-pamplona-con-cultura-musica-y-arte-para-todos-los-publicos\/","og_locale":"es_ES","og_type":"article","og_title":"El Ayuntamiento propone 115 actividades para disfrutar de la Navidad en las calles y espacios p\u00fablicos de Pamplona con cultura, m\u00fasica y arte para todos los p\u00fablicos","og_description":"La programaci\u00f3n municipal estrena en Carlos III \u2018Reflejos\u2019, una propuesta experimental inmersiva sonora e interactiva producida por el colectivo Suakai","og_url":"https:\/\/www.laguiadepamplona.com\/actualidad\/el-ayuntamiento-propone-115-actividades-para-disfrutar-de-la-navidad-en-las-calles-y-espacios-publicos-de-pamplona-con-cultura-musica-y-arte-para-todos-los-publicos\/","og_site_name":"La Gu\u00eda de Pamplona","article_publisher":"https:\/\/www.facebook.com\/laguiadepamplonacom-133175176762273\/?ref=hl","article_published_time":"2021-12-16T16:32:30+00:00","article_modified_time":"2023-04-11T09:48:40+00:00","og_image":[{"width":1702,"height":1207,"url":"https:\/\/www.laguiadepamplona.com\/actualidad\/wp-content\/uploads\/2021\/12\/regala-pamplona.jpg","type":"image\/jpeg"}],"author":"La Gu\u00eda de Pamplona","twitter_card":"summary_large_image","twitter_creator":"@LaGuiadPamplona","twitter_site":"@LaGuiadPamplona","twitter_misc":{"Escrito por":"La Gu\u00eda de Pamplona","Tiempo de lectura":"8 minutos"},"schema":{"@context":"https:\/\/schema.org","@graph":[{"@type":"Article","@id":"https:\/\/www.laguiadepamplona.com\/actualidad\/el-ayuntamiento-propone-115-actividades-para-disfrutar-de-la-navidad-en-las-calles-y-espacios-publicos-de-pamplona-con-cultura-musica-y-arte-para-todos-los-publicos\/#article","isPartOf":{"@id":"https:\/\/www.laguiadepamplona.com\/actualidad\/el-ayuntamiento-propone-115-actividades-para-disfrutar-de-la-navidad-en-las-calles-y-espacios-publicos-de-pamplona-con-cultura-musica-y-arte-para-todos-los-publicos\/"},"author":{"name":"La Gu\u00eda de Pamplona","@id":"https:\/\/www.laguiadepamplona.com\/actualidad\/#\/schema\/person\/efe887376f0213d4657c93adc50b1fdb"},"headline":"El Ayuntamiento propone 115 actividades para disfrutar de la Navidad en las calles y espacios p\u00fablicos de Pamplona con cultura, m\u00fasica y arte para todos los p\u00fablicos","datePublished":"2021-12-16T16:32:30+00:00","dateModified":"2023-04-11T09:48:40+00:00","mainEntityOfPage":{"@id":"https:\/\/www.laguiadepamplona.com\/actualidad\/el-ayuntamiento-propone-115-actividades-para-disfrutar-de-la-navidad-en-las-calles-y-espacios-publicos-de-pamplona-con-cultura-musica-y-arte-para-todos-los-publicos\/"},"wordCount":1758,"commentCount":0,"publisher":{"@id":"https:\/\/www.laguiadepamplona.com\/actualidad\/#organization"},"image":{"@id":"https:\/\/www.laguiadepamplona.com\/actualidad\/el-ayuntamiento-propone-115-actividades-para-disfrutar-de-la-navidad-en-las-calles-y-espacios-publicos-de-pamplona-con-cultura-musica-y-arte-para-todos-los-publicos\/#primaryimage"},"thumbnailUrl":"https:\/\/www.laguiadepamplona.com\/actualidad\/wp-content\/uploads\/2021\/12\/regala-pamplona.jpg","articleSection":["Ayto Pamplona"],"inLanguage":"es","potentialAction":[{"@type":"CommentAction","name":"Comment","target":["https:\/\/www.laguiadepamplona.com\/actualidad\/el-ayuntamiento-propone-115-actividades-para-disfrutar-de-la-navidad-en-las-calles-y-espacios-publicos-de-pamplona-con-cultura-musica-y-arte-para-todos-los-publicos\/#respond"]}]},{"@type":"WebPage","@id":"https:\/\/www.laguiadepamplona.com\/actualidad\/el-ayuntamiento-propone-115-actividades-para-disfrutar-de-la-navidad-en-las-calles-y-espacios-publicos-de-pamplona-con-cultura-musica-y-arte-para-todos-los-publicos\/","url":"https:\/\/www.laguiadepamplona.com\/actualidad\/el-ayuntamiento-propone-115-actividades-para-disfrutar-de-la-navidad-en-las-calles-y-espacios-publicos-de-pamplona-con-cultura-musica-y-arte-para-todos-los-publicos\/","name":"El Ayuntamiento propone 115 actividades para disfrutar de la Navidad en las calles y espacios p\u00fablicos de Pamplona con cultura, m\u00fasica y arte para todos los p\u00fablicos","isPartOf":{"@id":"https:\/\/www.laguiadepamplona.com\/actualidad\/#website"},"primaryImageOfPage":{"@id":"https:\/\/www.laguiadepamplona.com\/actualidad\/el-ayuntamiento-propone-115-actividades-para-disfrutar-de-la-navidad-en-las-calles-y-espacios-publicos-de-pamplona-con-cultura-musica-y-arte-para-todos-los-publicos\/#primaryimage"},"image":{"@id":"https:\/\/www.laguiadepamplona.com\/actualidad\/el-ayuntamiento-propone-115-actividades-para-disfrutar-de-la-navidad-en-las-calles-y-espacios-publicos-de-pamplona-con-cultura-musica-y-arte-para-todos-los-publicos\/#primaryimage"},"thumbnailUrl":"https:\/\/www.laguiadepamplona.com\/actualidad\/wp-content\/uploads\/2021\/12\/regala-pamplona.jpg","datePublished":"2021-12-16T16:32:30+00:00","dateModified":"2023-04-11T09:48:40+00:00","description":"La programaci\u00f3n municipal estrena en Carlos III \u2018Reflejos\u2019, una propuesta experimental inmersiva sonora e interactiva producida por el colectivo Suakai","breadcrumb":{"@id":"https:\/\/www.laguiadepamplona.com\/actualidad\/el-ayuntamiento-propone-115-actividades-para-disfrutar-de-la-navidad-en-las-calles-y-espacios-publicos-de-pamplona-con-cultura-musica-y-arte-para-todos-los-publicos\/#breadcrumb"},"inLanguage":"es","potentialAction":[{"@type":"ReadAction","target":["https:\/\/www.laguiadepamplona.com\/actualidad\/el-ayuntamiento-propone-115-actividades-para-disfrutar-de-la-navidad-en-las-calles-y-espacios-publicos-de-pamplona-con-cultura-musica-y-arte-para-todos-los-publicos\/"]}]},{"@type":"ImageObject","inLanguage":"es","@id":"https:\/\/www.laguiadepamplona.com\/actualidad\/el-ayuntamiento-propone-115-actividades-para-disfrutar-de-la-navidad-en-las-calles-y-espacios-publicos-de-pamplona-con-cultura-musica-y-arte-para-todos-los-publicos\/#primaryimage","url":"https:\/\/www.laguiadepamplona.com\/actualidad\/wp-content\/uploads\/2021\/12\/regala-pamplona.jpg","contentUrl":"https:\/\/www.laguiadepamplona.com\/actualidad\/wp-content\/uploads\/2021\/12\/regala-pamplona.jpg","width":1702,"height":1207},{"@type":"BreadcrumbList","@id":"https:\/\/www.laguiadepamplona.com\/actualidad\/el-ayuntamiento-propone-115-actividades-para-disfrutar-de-la-navidad-en-las-calles-y-espacios-publicos-de-pamplona-con-cultura-musica-y-arte-para-todos-los-publicos\/#breadcrumb","itemListElement":[{"@type":"ListItem","position":1,"name":"Portada","item":"https:\/\/www.laguiadepamplona.com\/actualidad\/"},{"@type":"ListItem","position":2,"name":"El Ayuntamiento propone 115 actividades para disfrutar de la Navidad en las calles y espacios p\u00fablicos de Pamplona con cultura, m\u00fasica y arte para todos los p\u00fablicos"}]},{"@type":"WebSite","@id":"https:\/\/www.laguiadepamplona.com\/actualidad\/#website","url":"https:\/\/www.laguiadepamplona.com\/actualidad\/","name":"La gu\u00eda de Pamplona","description":"Noticias de Pamplona","publisher":{"@id":"https:\/\/www.laguiadepamplona.com\/actualidad\/#organization"},"potentialAction":[{"@type":"SearchAction","target":{"@type":"EntryPoint","urlTemplate":"https:\/\/www.laguiadepamplona.com\/actualidad\/?s={search_term_string}"},"query-input":{"@type":"PropertyValueSpecification","valueRequired":true,"valueName":"search_term_string"}}],"inLanguage":"es"},{"@type":"Organization","@id":"https:\/\/www.laguiadepamplona.com\/actualidad\/#organization","name":"La Gu\u00eda de Pamplona \/ Noticias","url":"https:\/\/www.laguiadepamplona.com\/actualidad\/","logo":{"@type":"ImageObject","inLanguage":"es","@id":"https:\/\/www.laguiadepamplona.com\/actualidad\/#\/schema\/logo\/image\/","url":"https:\/\/www.laguiadepamplona.com\/actualidad\/wp-content\/uploads\/2018\/11\/logo-laguiadepamplona18-web1.png","contentUrl":"https:\/\/www.laguiadepamplona.com\/actualidad\/wp-content\/uploads\/2018\/11\/logo-laguiadepamplona18-web1.png","width":600,"height":196,"caption":"La Gu\u00eda de Pamplona \/ Noticias"},"image":{"@id":"https:\/\/www.laguiadepamplona.com\/actualidad\/#\/schema\/logo\/image\/"},"sameAs":["https:\/\/www.facebook.com\/laguiadepamplonacom-133175176762273\/?ref=hl","https:\/\/x.com\/LaGuiadPamplona","https:\/\/www.instagram.com\/la_guia_de_pamplona\/","https:\/\/www.youtube.com\/user\/laguiadepamplona"]},{"@type":"Person","@id":"https:\/\/www.laguiadepamplona.com\/actualidad\/#\/schema\/person\/efe887376f0213d4657c93adc50b1fdb","name":"La Gu\u00eda de Pamplona","image":{"@type":"ImageObject","inLanguage":"es","@id":"https:\/\/secure.gravatar.com\/avatar\/b6992f131dc8d30ab0dff15446e9d346d9dbd95992de0fef795073f5ea83a81c?s=96&d=mm&r=g","url":"https:\/\/secure.gravatar.com\/avatar\/b6992f131dc8d30ab0dff15446e9d346d9dbd95992de0fef795073f5ea83a81c?s=96&d=mm&r=g","contentUrl":"https:\/\/secure.gravatar.com\/avatar\/b6992f131dc8d30ab0dff15446e9d346d9dbd95992de0fef795073f5ea83a81c?s=96&d=mm&r=g","caption":"La Gu\u00eda de Pamplona"}}]}},"post_mailing_queue_ids":[],"_links":{"self":[{"href":"https:\/\/www.laguiadepamplona.com\/actualidad\/wp-json\/wp\/v2\/posts\/38002","targetHints":{"allow":["GET"]}}],"collection":[{"href":"https:\/\/www.laguiadepamplona.com\/actualidad\/wp-json\/wp\/v2\/posts"}],"about":[{"href":"https:\/\/www.laguiadepamplona.com\/actualidad\/wp-json\/wp\/v2\/types\/post"}],"author":[{"embeddable":true,"href":"https:\/\/www.laguiadepamplona.com\/actualidad\/wp-json\/wp\/v2\/users\/1"}],"replies":[{"embeddable":true,"href":"https:\/\/www.laguiadepamplona.com\/actualidad\/wp-json\/wp\/v2\/comments?post=38002"}],"version-history":[{"count":0,"href":"https:\/\/www.laguiadepamplona.com\/actualidad\/wp-json\/wp\/v2\/posts\/38002\/revisions"}],"wp:featuredmedia":[{"embeddable":true,"href":"https:\/\/www.laguiadepamplona.com\/actualidad\/wp-json\/wp\/v2\/media\/38003"}],"wp:attachment":[{"href":"https:\/\/www.laguiadepamplona.com\/actualidad\/wp-json\/wp\/v2\/media?parent=38002"}],"wp:term":[{"taxonomy":"category","embeddable":true,"href":"https:\/\/www.laguiadepamplona.com\/actualidad\/wp-json\/wp\/v2\/categories?post=38002"},{"taxonomy":"post_tag","embeddable":true,"href":"https:\/\/www.laguiadepamplona.com\/actualidad\/wp-json\/wp\/v2\/tags?post=38002"}],"curies":[{"name":"wp","href":"https:\/\/api.w.org\/{rel}","templated":true}]}}