{"id":37994,"date":"2021-12-15T14:38:32","date_gmt":"2021-12-15T12:38:32","guid":{"rendered":"https:\/\/www.laguiadepamplona.com\/actualidad\/?p=37994"},"modified":"2023-04-11T11:48:40","modified_gmt":"2023-04-11T09:48:40","slug":"urbanismo-adjudica-las-obras-del-ascensor-urbano-de-trinitarios-que-sera-el-undecimo-de-pamplona","status":"publish","type":"post","link":"https:\/\/www.laguiadepamplona.com\/actualidad\/urbanismo-adjudica-las-obras-del-ascensor-urbano-de-trinitarios-que-sera-el-undecimo-de-pamplona\/","title":{"rendered":"Urbanismo adjudica las obras del ascensor urbano de Trinitarios, que ser\u00e1 el und\u00e9cimo de Pamplona"},"content":{"rendered":"<h5>El Ayuntamiento invertir\u00e1 2.16 millones en una actuaci\u00f3n que tambi\u00e9n incluye la urbanizaci\u00f3n de la zona m\u00e1s cercana al paseo del Plazaola<\/h5>\n<p><!--more--><\/p>\n<p>Gerencia de Urbanismo ha adjudicado el expediente para la contrataci\u00f3n de los trabajos de urbanizaci\u00f3n de la primera fase de la zona D del parque de Trinitarios que incluye las obras del ascensor urbano que mejorar\u00e1 las conexiones peatonales y ciclistas entre el paseo del Plazaola, la calle Dr. L\u00f3pez Sanz y la cuesta de la Reina. El proyecto prev\u00e9 ampliar la ladera ubicada en el extremo sur del parque e integrar todos los recorridos peatonales de manera arm\u00f3nica en la misma. El contrato de obras ha sido adjudicado a Excavaciones Ferm\u00edn Os\u00e9s S.L. por un importe de 1.783.120,00 euros (IVA no incluido)<\/p>\n<p>Gerencia de Urbanismo ha adjudicado este mi\u00e9rcoles la primera fase de estas obras, que se pondr\u00e1n en marcha gracias al acuerdo presupuestario entre los grupos de Navarra Suma y Socialistas del Ayuntamiento de Pamplona. Abarcar\u00e1 la parte inferior del \u00e1mbito, con la instalaci\u00f3n del ascensor, la generaci\u00f3n de una plaza en el paseo del Plazaola y la creaci\u00f3n de nuevos recorridos peatonales y ciclistas. El \u00e1mbito de actuaci\u00f3n alcanzar\u00e1 los 9.981m<sup>2<\/sup>. La instalaci\u00f3n del ascensor, con una pasarela de unos 18 metros de longitud, lograr\u00e1 salvar un desnivel de unos 20 metros de altura. El proyecto prev\u00e9 un elevador similar al de la Media Luna, con estructura met\u00e1lica de acero corten en forma de L y con un cuerpo vertical de vidrio para acoger la cabina.<\/p>\n<p>Quedar\u00e1n para un momento posterior, las actuaciones necesarias para convertir en zona verde en el actual aparcamiento del antiguo dep\u00f3sito de la gr\u00faa para dar continuidad a las zonas verdes y caminos del entorno. El resultado ser\u00eda una zona ajardinada con c\u00e9sped en la que se plantea un camino peatonal con bancos, realizado con materiales similares a las utilizados en el parque de Trinitarios. Se trabajar\u00e1 sobre 4.418 m<sup>2<\/sup>.<\/p>\n<p>La segunda fase de este proyecto, sobre 5.811 m<sup>2<\/sup>, en la parte superior, reordenar\u00e1 los recorridos en la calle Dr. L\u00f3pez Sanz, en el entorno de las Casas de Larraina y en el final del parque de la Taconera con la redistribuci\u00f3n de los pasos de peatones en el cruce de la calle Larraina con Monasterio de Irache.<br \/>\n<script async src=\"\/\/pagead2.googlesyndication.com\/pagead\/js\/adsbygoogle.js\"><\/script><br \/>\n<!-- Noticias La Guia de Pamplona --><br \/>\n<ins class=\"adsbygoogle\"\nstyle=\"display:block\"\ndata-ad-client=\"ca-pub-6943679897239327\"\ndata-ad-slot=\"7048180777\"\ndata-ad-format=\"auto\"><\/ins><br \/>\n<script>\n(adsbygoogle = window.adsbygoogle || []).push({});\n<\/script><\/p>\n<p><strong>Creaci\u00f3n de nuevas zonas urbanas en torno al ascensor<\/strong><\/p>\n<p>El punto de llegada del ascensor en la parte inferior se produce en el paseo peatonal del Plazaola, donde se genera una plaza circular. Esa plaza se conforma por dos muros de contenci\u00f3n curvos hacia la zona de pendiente y el cuerpo del ascensor queda exento en ese punto. La plaza peatonal queda liberada del paso de bicicletas, ya que carril bici bordea la plaza, evitando as\u00ed las interferencias o encuentros entre el recorrido ciclista y el peatonal. La plaza se conforma como un espacio abierto y en la que se permite la visibilidad y percepci\u00f3n de los accesos peatonales o del ascensor a favor de la seguridad de las personas usuarias.<\/p>\n<p>En la calle Biurdana se genera un nuevo recorrido con trazado curvo desde la rotonda, con una pendiente del 5% hasta llegar a la plaza donde se sit\u00faa el nuevo ascensor en el paseo del Plazaola. Esta plaza recoge los recorridos peatonales y ciclistas de los barrios colindantes, principalmente Rochapea y San Jorge. Asimismo, se eliminar\u00e1n las escaleras de hormig\u00f3n existentes y se construir\u00e1 un nuevo conjunto de escaleras en zigzag en el muro de contenci\u00f3n consolidado que conectar\u00e1 con la zona de desembarco superior del ascensor.<br \/>\n<script async src=\"\/\/pagead2.googlesyndication.com\/pagead\/js\/adsbygoogle.js\"><\/script><br \/>\n<!-- Noticias La Guia de Pamplona --><br \/>\n<ins class=\"adsbygoogle\"\nstyle=\"display:block\"\ndata-ad-client=\"ca-pub-6943679897239327\"\ndata-ad-slot=\"7048180777\"\ndata-ad-format=\"auto\"><\/ins><br \/>\n<script>\n(adsbygoogle = window.adsbygoogle || []).push({});\n<\/script><\/p>\n<p><strong>Un proyecto que se remonta once a\u00f1os atr\u00e1s<\/strong><\/p>\n<p>El proyecto completo de urbanizaci\u00f3n del parque de Trinitarios se remonta a 2010 cuando se adjudic\u00f3 al Ra\u00fal Escriv\u00e1 Peyr\u00f3 y a la empresa Iriarte Mari\u00f1elarena Arquitectos Urbanistas S.L. De las cuatro fases previstas se han ejecutado dos, correspondientes a la continuidad del parque fluvial, que contaban con una subvenci\u00f3n europea. Esas obras finalizaron en 2014. En 2017 se modific\u00f3 el contrato inicial para establecer el plazo y las condiciones de ejecuci\u00f3n de esta zona D que abarca un \u00e1mbito de 20.210 m<sup>2<\/sup> y se realizar\u00e1 en dos fases.<\/p>\n<p>El de Trinitarios se convertir\u00e1 en el und\u00e9cimo ascensor urbano de la ciudad tras los de Descalzos, Media Luna, Erletokieta, Isaac Alb\u00e9niz, plaza Felisa Mun\u00e1rriz, Monasterio de Fitero, Etxabakoitz Norte, Concepci\u00f3n Ben\u00edtez, Lezkairu y Mendillorri. A ellos se unen las rampas mec\u00e1nicas de Azpilaga\u00f1a.<\/p>\n","protected":false},"excerpt":{"rendered":"<p>El Ayuntamiento invertir\u00e1 2.16 millones en una actuaci\u00f3n que tambi\u00e9n incluye la urbanizaci\u00f3n de la zona m\u00e1s cercana al paseo del Plazaola<\/p>\n","protected":false},"author":1,"featured_media":36688,"comment_status":"open","ping_status":"closed","sticky":false,"template":"","format":"standard","meta":{"footnotes":""},"categories":[2],"tags":[],"class_list":["post-37994","post","type-post","status-publish","format-standard","has-post-thumbnail","hentry","category-ayuntamiento-pamplona"],"yoast_head":"<!-- This site is optimized with the Yoast SEO plugin v27.5 - https:\/\/yoast.com\/product\/yoast-seo-wordpress\/ -->\n<title>Urbanismo adjudica las obras del ascensor urbano de Trinitarios, que ser\u00e1 el und\u00e9cimo de Pamplona<\/title>\n<meta name=\"description\" content=\"El Ayuntamiento invertir\u00e1 2.16 millones en una actuaci\u00f3n que tambi\u00e9n incluye la urbanizaci\u00f3n de la zona m\u00e1s cercana al paseo del Plazaola\" \/>\n<meta name=\"robots\" content=\"index, follow, max-snippet:-1, max-image-preview:large, max-video-preview:-1\" \/>\n<link rel=\"canonical\" href=\"https:\/\/www.laguiadepamplona.com\/actualidad\/urbanismo-adjudica-las-obras-del-ascensor-urbano-de-trinitarios-que-sera-el-undecimo-de-pamplona\/\" \/>\n<meta property=\"og:locale\" content=\"es_ES\" \/>\n<meta property=\"og:type\" content=\"article\" \/>\n<meta property=\"og:title\" content=\"Urbanismo adjudica las obras del ascensor urbano de Trinitarios, que ser\u00e1 el und\u00e9cimo de Pamplona\" \/>\n<meta property=\"og:description\" content=\"El Ayuntamiento invertir\u00e1 2.16 millones en una actuaci\u00f3n que tambi\u00e9n incluye la urbanizaci\u00f3n de la zona m\u00e1s cercana al paseo del Plazaola\" \/>\n<meta property=\"og:url\" content=\"https:\/\/www.laguiadepamplona.com\/actualidad\/urbanismo-adjudica-las-obras-del-ascensor-urbano-de-trinitarios-que-sera-el-undecimo-de-pamplona\/\" \/>\n<meta property=\"og:site_name\" content=\"La Gu\u00eda de Pamplona\" \/>\n<meta property=\"article:publisher\" content=\"https:\/\/www.facebook.com\/laguiadepamplonacom-133175176762273\/?ref=hl\" \/>\n<meta property=\"article:published_time\" content=\"2021-12-15T12:38:32+00:00\" \/>\n<meta property=\"article:modified_time\" content=\"2023-04-11T09:48:40+00:00\" \/>\n<meta property=\"og:image\" content=\"https:\/\/www.laguiadepamplona.com\/actualidad\/wp-content\/uploads\/2021\/09\/trinitarios_parque_tren_0.jpg\" \/>\n\t<meta property=\"og:image:width\" content=\"1920\" \/>\n\t<meta property=\"og:image:height\" content=\"1280\" \/>\n\t<meta property=\"og:image:type\" content=\"image\/jpeg\" \/>\n<meta name=\"author\" content=\"La Gu\u00eda de Pamplona\" \/>\n<meta name=\"twitter:card\" content=\"summary_large_image\" \/>\n<meta name=\"twitter:creator\" content=\"@LaGuiadPamplona\" \/>\n<meta name=\"twitter:site\" content=\"@LaGuiadPamplona\" \/>\n<meta name=\"twitter:label1\" content=\"Escrito por\" \/>\n\t<meta name=\"twitter:data1\" content=\"La Gu\u00eda de Pamplona\" \/>\n\t<meta name=\"twitter:label2\" content=\"Tiempo de lectura\" \/>\n\t<meta name=\"twitter:data2\" content=\"4 minutos\" \/>\n<script type=\"application\/ld+json\" class=\"yoast-schema-graph\">{\"@context\":\"https:\\\/\\\/schema.org\",\"@graph\":[{\"@type\":\"Article\",\"@id\":\"https:\\\/\\\/www.laguiadepamplona.com\\\/actualidad\\\/urbanismo-adjudica-las-obras-del-ascensor-urbano-de-trinitarios-que-sera-el-undecimo-de-pamplona\\\/#article\",\"isPartOf\":{\"@id\":\"https:\\\/\\\/www.laguiadepamplona.com\\\/actualidad\\\/urbanismo-adjudica-las-obras-del-ascensor-urbano-de-trinitarios-que-sera-el-undecimo-de-pamplona\\\/\"},\"author\":{\"name\":\"La Gu\u00eda de Pamplona\",\"@id\":\"https:\\\/\\\/www.laguiadepamplona.com\\\/actualidad\\\/#\\\/schema\\\/person\\\/efe887376f0213d4657c93adc50b1fdb\"},\"headline\":\"Urbanismo adjudica las obras del ascensor urbano de Trinitarios, que ser\u00e1 el und\u00e9cimo de Pamplona\",\"datePublished\":\"2021-12-15T12:38:32+00:00\",\"dateModified\":\"2023-04-11T09:48:40+00:00\",\"mainEntityOfPage\":{\"@id\":\"https:\\\/\\\/www.laguiadepamplona.com\\\/actualidad\\\/urbanismo-adjudica-las-obras-del-ascensor-urbano-de-trinitarios-que-sera-el-undecimo-de-pamplona\\\/\"},\"wordCount\":780,\"commentCount\":0,\"publisher\":{\"@id\":\"https:\\\/\\\/www.laguiadepamplona.com\\\/actualidad\\\/#organization\"},\"image\":{\"@id\":\"https:\\\/\\\/www.laguiadepamplona.com\\\/actualidad\\\/urbanismo-adjudica-las-obras-del-ascensor-urbano-de-trinitarios-que-sera-el-undecimo-de-pamplona\\\/#primaryimage\"},\"thumbnailUrl\":\"https:\\\/\\\/www.laguiadepamplona.com\\\/actualidad\\\/wp-content\\\/uploads\\\/2021\\\/09\\\/trinitarios_parque_tren_0.jpg\",\"articleSection\":[\"Ayto Pamplona\"],\"inLanguage\":\"es\",\"potentialAction\":[{\"@type\":\"CommentAction\",\"name\":\"Comment\",\"target\":[\"https:\\\/\\\/www.laguiadepamplona.com\\\/actualidad\\\/urbanismo-adjudica-las-obras-del-ascensor-urbano-de-trinitarios-que-sera-el-undecimo-de-pamplona\\\/#respond\"]}]},{\"@type\":\"WebPage\",\"@id\":\"https:\\\/\\\/www.laguiadepamplona.com\\\/actualidad\\\/urbanismo-adjudica-las-obras-del-ascensor-urbano-de-trinitarios-que-sera-el-undecimo-de-pamplona\\\/\",\"url\":\"https:\\\/\\\/www.laguiadepamplona.com\\\/actualidad\\\/urbanismo-adjudica-las-obras-del-ascensor-urbano-de-trinitarios-que-sera-el-undecimo-de-pamplona\\\/\",\"name\":\"Urbanismo adjudica las obras del ascensor urbano de Trinitarios, que ser\u00e1 el und\u00e9cimo de Pamplona\",\"isPartOf\":{\"@id\":\"https:\\\/\\\/www.laguiadepamplona.com\\\/actualidad\\\/#website\"},\"primaryImageOfPage\":{\"@id\":\"https:\\\/\\\/www.laguiadepamplona.com\\\/actualidad\\\/urbanismo-adjudica-las-obras-del-ascensor-urbano-de-trinitarios-que-sera-el-undecimo-de-pamplona\\\/#primaryimage\"},\"image\":{\"@id\":\"https:\\\/\\\/www.laguiadepamplona.com\\\/actualidad\\\/urbanismo-adjudica-las-obras-del-ascensor-urbano-de-trinitarios-que-sera-el-undecimo-de-pamplona\\\/#primaryimage\"},\"thumbnailUrl\":\"https:\\\/\\\/www.laguiadepamplona.com\\\/actualidad\\\/wp-content\\\/uploads\\\/2021\\\/09\\\/trinitarios_parque_tren_0.jpg\",\"datePublished\":\"2021-12-15T12:38:32+00:00\",\"dateModified\":\"2023-04-11T09:48:40+00:00\",\"description\":\"El Ayuntamiento invertir\u00e1 2.16 millones en una actuaci\u00f3n que tambi\u00e9n incluye la urbanizaci\u00f3n de la zona m\u00e1s cercana al paseo del Plazaola\",\"breadcrumb\":{\"@id\":\"https:\\\/\\\/www.laguiadepamplona.com\\\/actualidad\\\/urbanismo-adjudica-las-obras-del-ascensor-urbano-de-trinitarios-que-sera-el-undecimo-de-pamplona\\\/#breadcrumb\"},\"inLanguage\":\"es\",\"potentialAction\":[{\"@type\":\"ReadAction\",\"target\":[\"https:\\\/\\\/www.laguiadepamplona.com\\\/actualidad\\\/urbanismo-adjudica-las-obras-del-ascensor-urbano-de-trinitarios-que-sera-el-undecimo-de-pamplona\\\/\"]}]},{\"@type\":\"ImageObject\",\"inLanguage\":\"es\",\"@id\":\"https:\\\/\\\/www.laguiadepamplona.com\\\/actualidad\\\/urbanismo-adjudica-las-obras-del-ascensor-urbano-de-trinitarios-que-sera-el-undecimo-de-pamplona\\\/#primaryimage\",\"url\":\"https:\\\/\\\/www.laguiadepamplona.com\\\/actualidad\\\/wp-content\\\/uploads\\\/2021\\\/09\\\/trinitarios_parque_tren_0.jpg\",\"contentUrl\":\"https:\\\/\\\/www.laguiadepamplona.com\\\/actualidad\\\/wp-content\\\/uploads\\\/2021\\\/09\\\/trinitarios_parque_tren_0.jpg\",\"width\":1920,\"height\":1280,\"caption\":\"A* Jes\u00fas Garzaron F* 2020_12_15 T* Barrios de Pamplona L* Rochapea\"},{\"@type\":\"BreadcrumbList\",\"@id\":\"https:\\\/\\\/www.laguiadepamplona.com\\\/actualidad\\\/urbanismo-adjudica-las-obras-del-ascensor-urbano-de-trinitarios-que-sera-el-undecimo-de-pamplona\\\/#breadcrumb\",\"itemListElement\":[{\"@type\":\"ListItem\",\"position\":1,\"name\":\"Portada\",\"item\":\"https:\\\/\\\/www.laguiadepamplona.com\\\/actualidad\\\/\"},{\"@type\":\"ListItem\",\"position\":2,\"name\":\"Urbanismo adjudica las obras del ascensor urbano de Trinitarios, que ser\u00e1 el und\u00e9cimo de Pamplona\"}]},{\"@type\":\"WebSite\",\"@id\":\"https:\\\/\\\/www.laguiadepamplona.com\\\/actualidad\\\/#website\",\"url\":\"https:\\\/\\\/www.laguiadepamplona.com\\\/actualidad\\\/\",\"name\":\"La gu\u00eda de Pamplona\",\"description\":\"Noticias de Pamplona\",\"publisher\":{\"@id\":\"https:\\\/\\\/www.laguiadepamplona.com\\\/actualidad\\\/#organization\"},\"potentialAction\":[{\"@type\":\"SearchAction\",\"target\":{\"@type\":\"EntryPoint\",\"urlTemplate\":\"https:\\\/\\\/www.laguiadepamplona.com\\\/actualidad\\\/?s={search_term_string}\"},\"query-input\":{\"@type\":\"PropertyValueSpecification\",\"valueRequired\":true,\"valueName\":\"search_term_string\"}}],\"inLanguage\":\"es\"},{\"@type\":\"Organization\",\"@id\":\"https:\\\/\\\/www.laguiadepamplona.com\\\/actualidad\\\/#organization\",\"name\":\"La Gu\u00eda de Pamplona \\\/ Noticias\",\"url\":\"https:\\\/\\\/www.laguiadepamplona.com\\\/actualidad\\\/\",\"logo\":{\"@type\":\"ImageObject\",\"inLanguage\":\"es\",\"@id\":\"https:\\\/\\\/www.laguiadepamplona.com\\\/actualidad\\\/#\\\/schema\\\/logo\\\/image\\\/\",\"url\":\"https:\\\/\\\/www.laguiadepamplona.com\\\/actualidad\\\/wp-content\\\/uploads\\\/2018\\\/11\\\/logo-laguiadepamplona18-web1.png\",\"contentUrl\":\"https:\\\/\\\/www.laguiadepamplona.com\\\/actualidad\\\/wp-content\\\/uploads\\\/2018\\\/11\\\/logo-laguiadepamplona18-web1.png\",\"width\":600,\"height\":196,\"caption\":\"La Gu\u00eda de Pamplona \\\/ Noticias\"},\"image\":{\"@id\":\"https:\\\/\\\/www.laguiadepamplona.com\\\/actualidad\\\/#\\\/schema\\\/logo\\\/image\\\/\"},\"sameAs\":[\"https:\\\/\\\/www.facebook.com\\\/laguiadepamplonacom-133175176762273\\\/?ref=hl\",\"https:\\\/\\\/x.com\\\/LaGuiadPamplona\",\"https:\\\/\\\/www.instagram.com\\\/la_guia_de_pamplona\\\/\",\"https:\\\/\\\/www.youtube.com\\\/user\\\/laguiadepamplona\"]},{\"@type\":\"Person\",\"@id\":\"https:\\\/\\\/www.laguiadepamplona.com\\\/actualidad\\\/#\\\/schema\\\/person\\\/efe887376f0213d4657c93adc50b1fdb\",\"name\":\"La Gu\u00eda de Pamplona\",\"image\":{\"@type\":\"ImageObject\",\"inLanguage\":\"es\",\"@id\":\"https:\\\/\\\/secure.gravatar.com\\\/avatar\\\/b6992f131dc8d30ab0dff15446e9d346d9dbd95992de0fef795073f5ea83a81c?s=96&d=mm&r=g\",\"url\":\"https:\\\/\\\/secure.gravatar.com\\\/avatar\\\/b6992f131dc8d30ab0dff15446e9d346d9dbd95992de0fef795073f5ea83a81c?s=96&d=mm&r=g\",\"contentUrl\":\"https:\\\/\\\/secure.gravatar.com\\\/avatar\\\/b6992f131dc8d30ab0dff15446e9d346d9dbd95992de0fef795073f5ea83a81c?s=96&d=mm&r=g\",\"caption\":\"La Gu\u00eda de Pamplona\"}}]}<\/script>\n<!-- \/ Yoast SEO plugin. -->","yoast_head_json":{"title":"Urbanismo adjudica las obras del ascensor urbano de Trinitarios, que ser\u00e1 el und\u00e9cimo de Pamplona","description":"El Ayuntamiento invertir\u00e1 2.16 millones en una actuaci\u00f3n que tambi\u00e9n incluye la urbanizaci\u00f3n de la zona m\u00e1s cercana al paseo del Plazaola","robots":{"index":"index","follow":"follow","max-snippet":"max-snippet:-1","max-image-preview":"max-image-preview:large","max-video-preview":"max-video-preview:-1"},"canonical":"https:\/\/www.laguiadepamplona.com\/actualidad\/urbanismo-adjudica-las-obras-del-ascensor-urbano-de-trinitarios-que-sera-el-undecimo-de-pamplona\/","og_locale":"es_ES","og_type":"article","og_title":"Urbanismo adjudica las obras del ascensor urbano de Trinitarios, que ser\u00e1 el und\u00e9cimo de Pamplona","og_description":"El Ayuntamiento invertir\u00e1 2.16 millones en una actuaci\u00f3n que tambi\u00e9n incluye la urbanizaci\u00f3n de la zona m\u00e1s cercana al paseo del Plazaola","og_url":"https:\/\/www.laguiadepamplona.com\/actualidad\/urbanismo-adjudica-las-obras-del-ascensor-urbano-de-trinitarios-que-sera-el-undecimo-de-pamplona\/","og_site_name":"La Gu\u00eda de Pamplona","article_publisher":"https:\/\/www.facebook.com\/laguiadepamplonacom-133175176762273\/?ref=hl","article_published_time":"2021-12-15T12:38:32+00:00","article_modified_time":"2023-04-11T09:48:40+00:00","og_image":[{"width":1920,"height":1280,"url":"https:\/\/www.laguiadepamplona.com\/actualidad\/wp-content\/uploads\/2021\/09\/trinitarios_parque_tren_0.jpg","type":"image\/jpeg"}],"author":"La Gu\u00eda de Pamplona","twitter_card":"summary_large_image","twitter_creator":"@LaGuiadPamplona","twitter_site":"@LaGuiadPamplona","twitter_misc":{"Escrito por":"La Gu\u00eda de Pamplona","Tiempo de lectura":"4 minutos"},"schema":{"@context":"https:\/\/schema.org","@graph":[{"@type":"Article","@id":"https:\/\/www.laguiadepamplona.com\/actualidad\/urbanismo-adjudica-las-obras-del-ascensor-urbano-de-trinitarios-que-sera-el-undecimo-de-pamplona\/#article","isPartOf":{"@id":"https:\/\/www.laguiadepamplona.com\/actualidad\/urbanismo-adjudica-las-obras-del-ascensor-urbano-de-trinitarios-que-sera-el-undecimo-de-pamplona\/"},"author":{"name":"La Gu\u00eda de Pamplona","@id":"https:\/\/www.laguiadepamplona.com\/actualidad\/#\/schema\/person\/efe887376f0213d4657c93adc50b1fdb"},"headline":"Urbanismo adjudica las obras del ascensor urbano de Trinitarios, que ser\u00e1 el und\u00e9cimo de Pamplona","datePublished":"2021-12-15T12:38:32+00:00","dateModified":"2023-04-11T09:48:40+00:00","mainEntityOfPage":{"@id":"https:\/\/www.laguiadepamplona.com\/actualidad\/urbanismo-adjudica-las-obras-del-ascensor-urbano-de-trinitarios-que-sera-el-undecimo-de-pamplona\/"},"wordCount":780,"commentCount":0,"publisher":{"@id":"https:\/\/www.laguiadepamplona.com\/actualidad\/#organization"},"image":{"@id":"https:\/\/www.laguiadepamplona.com\/actualidad\/urbanismo-adjudica-las-obras-del-ascensor-urbano-de-trinitarios-que-sera-el-undecimo-de-pamplona\/#primaryimage"},"thumbnailUrl":"https:\/\/www.laguiadepamplona.com\/actualidad\/wp-content\/uploads\/2021\/09\/trinitarios_parque_tren_0.jpg","articleSection":["Ayto Pamplona"],"inLanguage":"es","potentialAction":[{"@type":"CommentAction","name":"Comment","target":["https:\/\/www.laguiadepamplona.com\/actualidad\/urbanismo-adjudica-las-obras-del-ascensor-urbano-de-trinitarios-que-sera-el-undecimo-de-pamplona\/#respond"]}]},{"@type":"WebPage","@id":"https:\/\/www.laguiadepamplona.com\/actualidad\/urbanismo-adjudica-las-obras-del-ascensor-urbano-de-trinitarios-que-sera-el-undecimo-de-pamplona\/","url":"https:\/\/www.laguiadepamplona.com\/actualidad\/urbanismo-adjudica-las-obras-del-ascensor-urbano-de-trinitarios-que-sera-el-undecimo-de-pamplona\/","name":"Urbanismo adjudica las obras del ascensor urbano de Trinitarios, que ser\u00e1 el und\u00e9cimo de Pamplona","isPartOf":{"@id":"https:\/\/www.laguiadepamplona.com\/actualidad\/#website"},"primaryImageOfPage":{"@id":"https:\/\/www.laguiadepamplona.com\/actualidad\/urbanismo-adjudica-las-obras-del-ascensor-urbano-de-trinitarios-que-sera-el-undecimo-de-pamplona\/#primaryimage"},"image":{"@id":"https:\/\/www.laguiadepamplona.com\/actualidad\/urbanismo-adjudica-las-obras-del-ascensor-urbano-de-trinitarios-que-sera-el-undecimo-de-pamplona\/#primaryimage"},"thumbnailUrl":"https:\/\/www.laguiadepamplona.com\/actualidad\/wp-content\/uploads\/2021\/09\/trinitarios_parque_tren_0.jpg","datePublished":"2021-12-15T12:38:32+00:00","dateModified":"2023-04-11T09:48:40+00:00","description":"El Ayuntamiento invertir\u00e1 2.16 millones en una actuaci\u00f3n que tambi\u00e9n incluye la urbanizaci\u00f3n de la zona m\u00e1s cercana al paseo del Plazaola","breadcrumb":{"@id":"https:\/\/www.laguiadepamplona.com\/actualidad\/urbanismo-adjudica-las-obras-del-ascensor-urbano-de-trinitarios-que-sera-el-undecimo-de-pamplona\/#breadcrumb"},"inLanguage":"es","potentialAction":[{"@type":"ReadAction","target":["https:\/\/www.laguiadepamplona.com\/actualidad\/urbanismo-adjudica-las-obras-del-ascensor-urbano-de-trinitarios-que-sera-el-undecimo-de-pamplona\/"]}]},{"@type":"ImageObject","inLanguage":"es","@id":"https:\/\/www.laguiadepamplona.com\/actualidad\/urbanismo-adjudica-las-obras-del-ascensor-urbano-de-trinitarios-que-sera-el-undecimo-de-pamplona\/#primaryimage","url":"https:\/\/www.laguiadepamplona.com\/actualidad\/wp-content\/uploads\/2021\/09\/trinitarios_parque_tren_0.jpg","contentUrl":"https:\/\/www.laguiadepamplona.com\/actualidad\/wp-content\/uploads\/2021\/09\/trinitarios_parque_tren_0.jpg","width":1920,"height":1280,"caption":"A* Jes\u00fas Garzaron F* 2020_12_15 T* Barrios de Pamplona L* Rochapea"},{"@type":"BreadcrumbList","@id":"https:\/\/www.laguiadepamplona.com\/actualidad\/urbanismo-adjudica-las-obras-del-ascensor-urbano-de-trinitarios-que-sera-el-undecimo-de-pamplona\/#breadcrumb","itemListElement":[{"@type":"ListItem","position":1,"name":"Portada","item":"https:\/\/www.laguiadepamplona.com\/actualidad\/"},{"@type":"ListItem","position":2,"name":"Urbanismo adjudica las obras del ascensor urbano de Trinitarios, que ser\u00e1 el und\u00e9cimo de Pamplona"}]},{"@type":"WebSite","@id":"https:\/\/www.laguiadepamplona.com\/actualidad\/#website","url":"https:\/\/www.laguiadepamplona.com\/actualidad\/","name":"La gu\u00eda de Pamplona","description":"Noticias de Pamplona","publisher":{"@id":"https:\/\/www.laguiadepamplona.com\/actualidad\/#organization"},"potentialAction":[{"@type":"SearchAction","target":{"@type":"EntryPoint","urlTemplate":"https:\/\/www.laguiadepamplona.com\/actualidad\/?s={search_term_string}"},"query-input":{"@type":"PropertyValueSpecification","valueRequired":true,"valueName":"search_term_string"}}],"inLanguage":"es"},{"@type":"Organization","@id":"https:\/\/www.laguiadepamplona.com\/actualidad\/#organization","name":"La Gu\u00eda de Pamplona \/ Noticias","url":"https:\/\/www.laguiadepamplona.com\/actualidad\/","logo":{"@type":"ImageObject","inLanguage":"es","@id":"https:\/\/www.laguiadepamplona.com\/actualidad\/#\/schema\/logo\/image\/","url":"https:\/\/www.laguiadepamplona.com\/actualidad\/wp-content\/uploads\/2018\/11\/logo-laguiadepamplona18-web1.png","contentUrl":"https:\/\/www.laguiadepamplona.com\/actualidad\/wp-content\/uploads\/2018\/11\/logo-laguiadepamplona18-web1.png","width":600,"height":196,"caption":"La Gu\u00eda de Pamplona \/ Noticias"},"image":{"@id":"https:\/\/www.laguiadepamplona.com\/actualidad\/#\/schema\/logo\/image\/"},"sameAs":["https:\/\/www.facebook.com\/laguiadepamplonacom-133175176762273\/?ref=hl","https:\/\/x.com\/LaGuiadPamplona","https:\/\/www.instagram.com\/la_guia_de_pamplona\/","https:\/\/www.youtube.com\/user\/laguiadepamplona"]},{"@type":"Person","@id":"https:\/\/www.laguiadepamplona.com\/actualidad\/#\/schema\/person\/efe887376f0213d4657c93adc50b1fdb","name":"La Gu\u00eda de Pamplona","image":{"@type":"ImageObject","inLanguage":"es","@id":"https:\/\/secure.gravatar.com\/avatar\/b6992f131dc8d30ab0dff15446e9d346d9dbd95992de0fef795073f5ea83a81c?s=96&d=mm&r=g","url":"https:\/\/secure.gravatar.com\/avatar\/b6992f131dc8d30ab0dff15446e9d346d9dbd95992de0fef795073f5ea83a81c?s=96&d=mm&r=g","contentUrl":"https:\/\/secure.gravatar.com\/avatar\/b6992f131dc8d30ab0dff15446e9d346d9dbd95992de0fef795073f5ea83a81c?s=96&d=mm&r=g","caption":"La Gu\u00eda de Pamplona"}}]}},"post_mailing_queue_ids":[],"_links":{"self":[{"href":"https:\/\/www.laguiadepamplona.com\/actualidad\/wp-json\/wp\/v2\/posts\/37994","targetHints":{"allow":["GET"]}}],"collection":[{"href":"https:\/\/www.laguiadepamplona.com\/actualidad\/wp-json\/wp\/v2\/posts"}],"about":[{"href":"https:\/\/www.laguiadepamplona.com\/actualidad\/wp-json\/wp\/v2\/types\/post"}],"author":[{"embeddable":true,"href":"https:\/\/www.laguiadepamplona.com\/actualidad\/wp-json\/wp\/v2\/users\/1"}],"replies":[{"embeddable":true,"href":"https:\/\/www.laguiadepamplona.com\/actualidad\/wp-json\/wp\/v2\/comments?post=37994"}],"version-history":[{"count":0,"href":"https:\/\/www.laguiadepamplona.com\/actualidad\/wp-json\/wp\/v2\/posts\/37994\/revisions"}],"wp:featuredmedia":[{"embeddable":true,"href":"https:\/\/www.laguiadepamplona.com\/actualidad\/wp-json\/wp\/v2\/media\/36688"}],"wp:attachment":[{"href":"https:\/\/www.laguiadepamplona.com\/actualidad\/wp-json\/wp\/v2\/media?parent=37994"}],"wp:term":[{"taxonomy":"category","embeddable":true,"href":"https:\/\/www.laguiadepamplona.com\/actualidad\/wp-json\/wp\/v2\/categories?post=37994"},{"taxonomy":"post_tag","embeddable":true,"href":"https:\/\/www.laguiadepamplona.com\/actualidad\/wp-json\/wp\/v2\/tags?post=37994"}],"curies":[{"name":"wp","href":"https:\/\/api.w.org\/{rel}","templated":true}]}}