{"id":37992,"date":"2021-12-15T14:37:01","date_gmt":"2021-12-15T12:37:01","guid":{"rendered":"https:\/\/www.laguiadepamplona.com\/actualidad\/?p=37992"},"modified":"2023-04-11T11:48:40","modified_gmt":"2023-04-11T09:48:40","slug":"el-servicio-de-alquiler-de-bicicletas-electricas-de-pamplona-alcanza-los-1-000-usuarios-registrados-en-las-primeras-12-horas","status":"publish","type":"post","link":"https:\/\/www.laguiadepamplona.com\/actualidad\/el-servicio-de-alquiler-de-bicicletas-electricas-de-pamplona-alcanza-los-1-000-usuarios-registrados-en-las-primeras-12-horas\/","title":{"rendered":"El servicio de alquiler de bicicletas el\u00e9ctricas de Pamplona alcanza los 1.000 usuarios registrados en las primeras 12 horas"},"content":{"rendered":"<h5>A las 24 horas de la puesta en funcionamiento, ya se han dado de alta en el sistema 1.325 usuarios y se han realizado los primeros viajes<!--more--><\/h5>\n<p class=\"3Texto\">A las 11 de la noche de ayer martes, cuando apenas hab\u00edan transcurrido 12 horas desde la apertura del nuevo servicio de alquiler de bicicletas el\u00e9ctricas de Pamplona, el sistema alcanz\u00f3 los 1.000 usuarios registrados. Unas horas despu\u00e9s, al cumplirse las 24 horas, el servicio ya cuenta con 1.325 usuarios y el dato sigue subiendo. El Ayuntamiento valora como \u201cextraordinaria\u201d la acogida a este nuevo servicio p\u00fablico, que conecta con bicicletas el\u00e9ctricas todos los barrios de la ciudad.<\/p>\n<p class=\"3Texto\">En este primer momento, est\u00e1n listas para entrar en circulaci\u00f3n 240 bicis el\u00e9ctricas y 26 estaciones de recogida, estacionamiento y recarga, que se ir\u00e1n completando durante este mes de diciembre y enero hasta llegar al n\u00famero total previsto: 400 bicis y 42 bases, lo que le convertir\u00e1 en el servicio con mayor despliegue por habitante de toda Espa\u00f1a.<\/p>\n<p>&nbsp;<br \/>\n<script async src=\"\/\/pagead2.googlesyndication.com\/pagead\/js\/adsbygoogle.js\"><\/script><br \/>\n<!-- Noticias La Guia de Pamplona --><br \/>\n<ins class=\"adsbygoogle\"\nstyle=\"display:block\"\ndata-ad-client=\"ca-pub-6943679897239327\"\ndata-ad-slot=\"7048180777\"\ndata-ad-format=\"auto\"><\/ins><br \/>\n<script>\n(adsbygoogle = window.adsbygoogle || []).push({});\n<\/script><\/p>\n<p class=\"3Texto\">En este primer d\u00eda de funcionamiento del servicio ya se han realizado los primeros viajes. El 63% de los viajes tienen una duraci\u00f3n de entre 1 y 5 kil\u00f3metros, y el 33% de los viajes, entre 5 y 10 kil\u00f3metros. Las estaciones m\u00e1s populares en estos momentos son las ubicadas en Carlos III, Teatro Gayarre, calle Sang\u00fcesa y Lezkairu.\u00a0 El 88% de los usuarios que han valorado su experiencia tras el uso del servicio le han dado una puntuaci\u00f3n de 5 estrellas, la m\u00e1xima posible.<\/p>\n<p class=\"3Texto\">El nuevo servicio p\u00fablico de alquiler de bicicletas el\u00e9ctricas se puso ayer en marcha de la mano de la empresa Ride-on, adjudicataria de la concesi\u00f3n administrativa municipal. Este proyecto situar\u00e1 la bicicleta el\u00e9ctrica como una de las opciones de movilidad urbana m\u00e1s eficaces y sostenibles para los desplazamientos en la ciudad, ofreciendo una forma de transporte \u00e1gil, c\u00f3moda y beneficiosa para la salud y para el medio ambiente. Esta iniciativa se enmarca dentro de la estrategia \u2018Go Green Pamplona\u2019 de transici\u00f3n energ\u00e9tica y cambio clim\u00e1tico, que engloba todas las materias de lucha contra el cambio clim\u00e1tico que est\u00e1 desarrollando y desarrollar\u00e1 la ciudad y que definir\u00e1 las\u00a0nuevas l\u00edneas de actuaci\u00f3n\u00a0en los pr\u00f3ximos a\u00f1os.<\/p>\n<p>&nbsp;<br \/>\n<script async src=\"\/\/pagead2.googlesyndication.com\/pagead\/js\/adsbygoogle.js\"><\/script><br \/>\n<!-- Noticias La Guia de Pamplona --><br \/>\n<ins class=\"adsbygoogle\"\nstyle=\"display:block\"\ndata-ad-client=\"ca-pub-6943679897239327\"\ndata-ad-slot=\"7048180777\"\ndata-ad-format=\"auto\"><\/ins><br \/>\n<script>\n(adsbygoogle = window.adsbygoogle || []).push({});\n<\/script><\/p>\n<p class=\"3Texto\">Las bicicletas el\u00e9ctricas est\u00e1n disponibles las 24 horas al d\u00eda, los 7 d\u00edas de la semana, excepto en Sanfermines o en d\u00edas en los que las condiciones meteorol\u00f3gicas sean muy adversas (en cuyo caso se avisar\u00e1 a los usuarios). Para usar las bicis el\u00e9ctricas hay que darse de alta en el sistema, creando una cuenta de usuario a trav\u00e9s de la app Ride On Pamplona o en <a href=\"http:\/\/www.rideonpamplona.com\" target=\"_blank\" rel=\"noopener\">www.rideonpamplona.com<\/a>. Pueden usar las nuevas bicis el\u00e9ctricas cualquier persona que tenga al menos 16 a\u00f1os y se haya registrado en el sistema.<\/p>\n<p class=\"3Texto\">Toda la informaci\u00f3n sobre el nuevo sistema puede consultarse en <a href=\"http:\/\/www.pamplona.es\/alquilerbicielectrica\" target=\"_blank\" rel=\"noopener\">www.pamplona.es\/alquilerbicielectrica<\/a>.<\/p>\n","protected":false},"excerpt":{"rendered":"<p>A las 24 horas de la puesta en funcionamiento, ya se han dado de alta en el sistema 1.325 usuarios y se han realizado los primeros viajes<\/p>\n","protected":false},"author":1,"featured_media":37964,"comment_status":"open","ping_status":"closed","sticky":false,"template":"","format":"standard","meta":{"footnotes":""},"categories":[2],"tags":[],"class_list":["post-37992","post","type-post","status-publish","format-standard","has-post-thumbnail","hentry","category-ayuntamiento-pamplona"],"yoast_head":"<!-- This site is optimized with the Yoast SEO plugin v27.3 - https:\/\/yoast.com\/product\/yoast-seo-wordpress\/ -->\n<title>El servicio de alquiler de bicicletas el\u00e9ctricas de Pamplona alcanza los 1.000 usuarios registrados en las primeras 12 horas<\/title>\n<meta name=\"description\" content=\"A las 24 horas de la puesta en funcionamiento, ya se han dado de alta en el sistema 1.325 usuarios y se han realizado los primeros viajes\" \/>\n<meta name=\"robots\" content=\"index, follow, max-snippet:-1, max-image-preview:large, max-video-preview:-1\" \/>\n<link rel=\"canonical\" href=\"https:\/\/www.laguiadepamplona.com\/actualidad\/el-servicio-de-alquiler-de-bicicletas-electricas-de-pamplona-alcanza-los-1-000-usuarios-registrados-en-las-primeras-12-horas\/\" \/>\n<meta property=\"og:locale\" content=\"es_ES\" \/>\n<meta property=\"og:type\" content=\"article\" \/>\n<meta property=\"og:title\" content=\"El servicio de alquiler de bicicletas el\u00e9ctricas de Pamplona alcanza los 1.000 usuarios registrados en las primeras 12 horas\" \/>\n<meta property=\"og:description\" content=\"A las 24 horas de la puesta en funcionamiento, ya se han dado de alta en el sistema 1.325 usuarios y se han realizado los primeros viajes\" \/>\n<meta property=\"og:url\" content=\"https:\/\/www.laguiadepamplona.com\/actualidad\/el-servicio-de-alquiler-de-bicicletas-electricas-de-pamplona-alcanza-los-1-000-usuarios-registrados-en-las-primeras-12-horas\/\" \/>\n<meta property=\"og:site_name\" content=\"La Gu\u00eda de Pamplona\" \/>\n<meta property=\"article:publisher\" content=\"https:\/\/www.facebook.com\/laguiadepamplonacom-133175176762273\/?ref=hl\" \/>\n<meta property=\"article:published_time\" content=\"2021-12-15T12:37:01+00:00\" \/>\n<meta property=\"article:modified_time\" content=\"2023-04-11T09:48:40+00:00\" \/>\n<meta property=\"og:image\" content=\"https:\/\/www.laguiadepamplona.com\/actualidad\/wp-content\/uploads\/2021\/12\/servbiciseectricasee5a7855.jpg\" \/>\n\t<meta property=\"og:image:width\" content=\"1920\" \/>\n\t<meta property=\"og:image:height\" content=\"1286\" \/>\n\t<meta property=\"og:image:type\" content=\"image\/jpeg\" \/>\n<meta name=\"author\" content=\"La Gu\u00eda de Pamplona\" \/>\n<meta name=\"twitter:card\" content=\"summary_large_image\" \/>\n<meta name=\"twitter:creator\" content=\"@LaGuiadPamplona\" \/>\n<meta name=\"twitter:site\" content=\"@LaGuiadPamplona\" \/>\n<meta name=\"twitter:label1\" content=\"Escrito por\" \/>\n\t<meta name=\"twitter:data1\" content=\"La Gu\u00eda de Pamplona\" \/>\n\t<meta name=\"twitter:label2\" content=\"Tiempo de lectura\" \/>\n\t<meta name=\"twitter:data2\" content=\"3 minutos\" \/>\n<script type=\"application\/ld+json\" class=\"yoast-schema-graph\">{\"@context\":\"https:\\\/\\\/schema.org\",\"@graph\":[{\"@type\":\"Article\",\"@id\":\"https:\\\/\\\/www.laguiadepamplona.com\\\/actualidad\\\/el-servicio-de-alquiler-de-bicicletas-electricas-de-pamplona-alcanza-los-1-000-usuarios-registrados-en-las-primeras-12-horas\\\/#article\",\"isPartOf\":{\"@id\":\"https:\\\/\\\/www.laguiadepamplona.com\\\/actualidad\\\/el-servicio-de-alquiler-de-bicicletas-electricas-de-pamplona-alcanza-los-1-000-usuarios-registrados-en-las-primeras-12-horas\\\/\"},\"author\":{\"name\":\"La Gu\u00eda de Pamplona\",\"@id\":\"https:\\\/\\\/www.laguiadepamplona.com\\\/actualidad\\\/#\\\/schema\\\/person\\\/efe887376f0213d4657c93adc50b1fdb\"},\"headline\":\"El servicio de alquiler de bicicletas el\u00e9ctricas de Pamplona alcanza los 1.000 usuarios registrados en las primeras 12 horas\",\"datePublished\":\"2021-12-15T12:37:01+00:00\",\"dateModified\":\"2023-04-11T09:48:40+00:00\",\"mainEntityOfPage\":{\"@id\":\"https:\\\/\\\/www.laguiadepamplona.com\\\/actualidad\\\/el-servicio-de-alquiler-de-bicicletas-electricas-de-pamplona-alcanza-los-1-000-usuarios-registrados-en-las-primeras-12-horas\\\/\"},\"wordCount\":510,\"commentCount\":0,\"publisher\":{\"@id\":\"https:\\\/\\\/www.laguiadepamplona.com\\\/actualidad\\\/#organization\"},\"image\":{\"@id\":\"https:\\\/\\\/www.laguiadepamplona.com\\\/actualidad\\\/el-servicio-de-alquiler-de-bicicletas-electricas-de-pamplona-alcanza-los-1-000-usuarios-registrados-en-las-primeras-12-horas\\\/#primaryimage\"},\"thumbnailUrl\":\"https:\\\/\\\/www.laguiadepamplona.com\\\/actualidad\\\/wp-content\\\/uploads\\\/2021\\\/12\\\/servbiciseectricasee5a7855.jpg\",\"articleSection\":[\"Ayto Pamplona\"],\"inLanguage\":\"es\",\"potentialAction\":[{\"@type\":\"CommentAction\",\"name\":\"Comment\",\"target\":[\"https:\\\/\\\/www.laguiadepamplona.com\\\/actualidad\\\/el-servicio-de-alquiler-de-bicicletas-electricas-de-pamplona-alcanza-los-1-000-usuarios-registrados-en-las-primeras-12-horas\\\/#respond\"]}]},{\"@type\":\"WebPage\",\"@id\":\"https:\\\/\\\/www.laguiadepamplona.com\\\/actualidad\\\/el-servicio-de-alquiler-de-bicicletas-electricas-de-pamplona-alcanza-los-1-000-usuarios-registrados-en-las-primeras-12-horas\\\/\",\"url\":\"https:\\\/\\\/www.laguiadepamplona.com\\\/actualidad\\\/el-servicio-de-alquiler-de-bicicletas-electricas-de-pamplona-alcanza-los-1-000-usuarios-registrados-en-las-primeras-12-horas\\\/\",\"name\":\"El servicio de alquiler de bicicletas el\u00e9ctricas de Pamplona alcanza los 1.000 usuarios registrados en las primeras 12 horas\",\"isPartOf\":{\"@id\":\"https:\\\/\\\/www.laguiadepamplona.com\\\/actualidad\\\/#website\"},\"primaryImageOfPage\":{\"@id\":\"https:\\\/\\\/www.laguiadepamplona.com\\\/actualidad\\\/el-servicio-de-alquiler-de-bicicletas-electricas-de-pamplona-alcanza-los-1-000-usuarios-registrados-en-las-primeras-12-horas\\\/#primaryimage\"},\"image\":{\"@id\":\"https:\\\/\\\/www.laguiadepamplona.com\\\/actualidad\\\/el-servicio-de-alquiler-de-bicicletas-electricas-de-pamplona-alcanza-los-1-000-usuarios-registrados-en-las-primeras-12-horas\\\/#primaryimage\"},\"thumbnailUrl\":\"https:\\\/\\\/www.laguiadepamplona.com\\\/actualidad\\\/wp-content\\\/uploads\\\/2021\\\/12\\\/servbiciseectricasee5a7855.jpg\",\"datePublished\":\"2021-12-15T12:37:01+00:00\",\"dateModified\":\"2023-04-11T09:48:40+00:00\",\"description\":\"A las 24 horas de la puesta en funcionamiento, ya se han dado de alta en el sistema 1.325 usuarios y se han realizado los primeros viajes\",\"breadcrumb\":{\"@id\":\"https:\\\/\\\/www.laguiadepamplona.com\\\/actualidad\\\/el-servicio-de-alquiler-de-bicicletas-electricas-de-pamplona-alcanza-los-1-000-usuarios-registrados-en-las-primeras-12-horas\\\/#breadcrumb\"},\"inLanguage\":\"es\",\"potentialAction\":[{\"@type\":\"ReadAction\",\"target\":[\"https:\\\/\\\/www.laguiadepamplona.com\\\/actualidad\\\/el-servicio-de-alquiler-de-bicicletas-electricas-de-pamplona-alcanza-los-1-000-usuarios-registrados-en-las-primeras-12-horas\\\/\"]}]},{\"@type\":\"ImageObject\",\"inLanguage\":\"es\",\"@id\":\"https:\\\/\\\/www.laguiadepamplona.com\\\/actualidad\\\/el-servicio-de-alquiler-de-bicicletas-electricas-de-pamplona-alcanza-los-1-000-usuarios-registrados-en-las-primeras-12-horas\\\/#primaryimage\",\"url\":\"https:\\\/\\\/www.laguiadepamplona.com\\\/actualidad\\\/wp-content\\\/uploads\\\/2021\\\/12\\\/servbiciseectricasee5a7855.jpg\",\"contentUrl\":\"https:\\\/\\\/www.laguiadepamplona.com\\\/actualidad\\\/wp-content\\\/uploads\\\/2021\\\/12\\\/servbiciseectricasee5a7855.jpg\",\"width\":1920,\"height\":1286},{\"@type\":\"BreadcrumbList\",\"@id\":\"https:\\\/\\\/www.laguiadepamplona.com\\\/actualidad\\\/el-servicio-de-alquiler-de-bicicletas-electricas-de-pamplona-alcanza-los-1-000-usuarios-registrados-en-las-primeras-12-horas\\\/#breadcrumb\",\"itemListElement\":[{\"@type\":\"ListItem\",\"position\":1,\"name\":\"Portada\",\"item\":\"https:\\\/\\\/www.laguiadepamplona.com\\\/actualidad\\\/\"},{\"@type\":\"ListItem\",\"position\":2,\"name\":\"El servicio de alquiler de bicicletas el\u00e9ctricas de Pamplona alcanza los 1.000 usuarios registrados en las primeras 12 horas\"}]},{\"@type\":\"WebSite\",\"@id\":\"https:\\\/\\\/www.laguiadepamplona.com\\\/actualidad\\\/#website\",\"url\":\"https:\\\/\\\/www.laguiadepamplona.com\\\/actualidad\\\/\",\"name\":\"La gu\u00eda de Pamplona\",\"description\":\"Noticias de Pamplona\",\"publisher\":{\"@id\":\"https:\\\/\\\/www.laguiadepamplona.com\\\/actualidad\\\/#organization\"},\"potentialAction\":[{\"@type\":\"SearchAction\",\"target\":{\"@type\":\"EntryPoint\",\"urlTemplate\":\"https:\\\/\\\/www.laguiadepamplona.com\\\/actualidad\\\/?s={search_term_string}\"},\"query-input\":{\"@type\":\"PropertyValueSpecification\",\"valueRequired\":true,\"valueName\":\"search_term_string\"}}],\"inLanguage\":\"es\"},{\"@type\":\"Organization\",\"@id\":\"https:\\\/\\\/www.laguiadepamplona.com\\\/actualidad\\\/#organization\",\"name\":\"La Gu\u00eda de Pamplona \\\/ Noticias\",\"url\":\"https:\\\/\\\/www.laguiadepamplona.com\\\/actualidad\\\/\",\"logo\":{\"@type\":\"ImageObject\",\"inLanguage\":\"es\",\"@id\":\"https:\\\/\\\/www.laguiadepamplona.com\\\/actualidad\\\/#\\\/schema\\\/logo\\\/image\\\/\",\"url\":\"https:\\\/\\\/www.laguiadepamplona.com\\\/actualidad\\\/wp-content\\\/uploads\\\/2018\\\/11\\\/logo-laguiadepamplona18-web1.png\",\"contentUrl\":\"https:\\\/\\\/www.laguiadepamplona.com\\\/actualidad\\\/wp-content\\\/uploads\\\/2018\\\/11\\\/logo-laguiadepamplona18-web1.png\",\"width\":600,\"height\":196,\"caption\":\"La Gu\u00eda de Pamplona \\\/ Noticias\"},\"image\":{\"@id\":\"https:\\\/\\\/www.laguiadepamplona.com\\\/actualidad\\\/#\\\/schema\\\/logo\\\/image\\\/\"},\"sameAs\":[\"https:\\\/\\\/www.facebook.com\\\/laguiadepamplonacom-133175176762273\\\/?ref=hl\",\"https:\\\/\\\/x.com\\\/LaGuiadPamplona\",\"https:\\\/\\\/www.instagram.com\\\/la_guia_de_pamplona\\\/\",\"https:\\\/\\\/www.youtube.com\\\/user\\\/laguiadepamplona\"]},{\"@type\":\"Person\",\"@id\":\"https:\\\/\\\/www.laguiadepamplona.com\\\/actualidad\\\/#\\\/schema\\\/person\\\/efe887376f0213d4657c93adc50b1fdb\",\"name\":\"La Gu\u00eda de Pamplona\",\"image\":{\"@type\":\"ImageObject\",\"inLanguage\":\"es\",\"@id\":\"https:\\\/\\\/secure.gravatar.com\\\/avatar\\\/b6992f131dc8d30ab0dff15446e9d346d9dbd95992de0fef795073f5ea83a81c?s=96&d=mm&r=g\",\"url\":\"https:\\\/\\\/secure.gravatar.com\\\/avatar\\\/b6992f131dc8d30ab0dff15446e9d346d9dbd95992de0fef795073f5ea83a81c?s=96&d=mm&r=g\",\"contentUrl\":\"https:\\\/\\\/secure.gravatar.com\\\/avatar\\\/b6992f131dc8d30ab0dff15446e9d346d9dbd95992de0fef795073f5ea83a81c?s=96&d=mm&r=g\",\"caption\":\"La Gu\u00eda de Pamplona\"}}]}<\/script>\n<!-- \/ Yoast SEO plugin. -->","yoast_head_json":{"title":"El servicio de alquiler de bicicletas el\u00e9ctricas de Pamplona alcanza los 1.000 usuarios registrados en las primeras 12 horas","description":"A las 24 horas de la puesta en funcionamiento, ya se han dado de alta en el sistema 1.325 usuarios y se han realizado los primeros viajes","robots":{"index":"index","follow":"follow","max-snippet":"max-snippet:-1","max-image-preview":"max-image-preview:large","max-video-preview":"max-video-preview:-1"},"canonical":"https:\/\/www.laguiadepamplona.com\/actualidad\/el-servicio-de-alquiler-de-bicicletas-electricas-de-pamplona-alcanza-los-1-000-usuarios-registrados-en-las-primeras-12-horas\/","og_locale":"es_ES","og_type":"article","og_title":"El servicio de alquiler de bicicletas el\u00e9ctricas de Pamplona alcanza los 1.000 usuarios registrados en las primeras 12 horas","og_description":"A las 24 horas de la puesta en funcionamiento, ya se han dado de alta en el sistema 1.325 usuarios y se han realizado los primeros viajes","og_url":"https:\/\/www.laguiadepamplona.com\/actualidad\/el-servicio-de-alquiler-de-bicicletas-electricas-de-pamplona-alcanza-los-1-000-usuarios-registrados-en-las-primeras-12-horas\/","og_site_name":"La Gu\u00eda de Pamplona","article_publisher":"https:\/\/www.facebook.com\/laguiadepamplonacom-133175176762273\/?ref=hl","article_published_time":"2021-12-15T12:37:01+00:00","article_modified_time":"2023-04-11T09:48:40+00:00","og_image":[{"width":1920,"height":1286,"url":"https:\/\/www.laguiadepamplona.com\/actualidad\/wp-content\/uploads\/2021\/12\/servbiciseectricasee5a7855.jpg","type":"image\/jpeg"}],"author":"La Gu\u00eda de Pamplona","twitter_card":"summary_large_image","twitter_creator":"@LaGuiadPamplona","twitter_site":"@LaGuiadPamplona","twitter_misc":{"Escrito por":"La Gu\u00eda de Pamplona","Tiempo de lectura":"3 minutos"},"schema":{"@context":"https:\/\/schema.org","@graph":[{"@type":"Article","@id":"https:\/\/www.laguiadepamplona.com\/actualidad\/el-servicio-de-alquiler-de-bicicletas-electricas-de-pamplona-alcanza-los-1-000-usuarios-registrados-en-las-primeras-12-horas\/#article","isPartOf":{"@id":"https:\/\/www.laguiadepamplona.com\/actualidad\/el-servicio-de-alquiler-de-bicicletas-electricas-de-pamplona-alcanza-los-1-000-usuarios-registrados-en-las-primeras-12-horas\/"},"author":{"name":"La Gu\u00eda de Pamplona","@id":"https:\/\/www.laguiadepamplona.com\/actualidad\/#\/schema\/person\/efe887376f0213d4657c93adc50b1fdb"},"headline":"El servicio de alquiler de bicicletas el\u00e9ctricas de Pamplona alcanza los 1.000 usuarios registrados en las primeras 12 horas","datePublished":"2021-12-15T12:37:01+00:00","dateModified":"2023-04-11T09:48:40+00:00","mainEntityOfPage":{"@id":"https:\/\/www.laguiadepamplona.com\/actualidad\/el-servicio-de-alquiler-de-bicicletas-electricas-de-pamplona-alcanza-los-1-000-usuarios-registrados-en-las-primeras-12-horas\/"},"wordCount":510,"commentCount":0,"publisher":{"@id":"https:\/\/www.laguiadepamplona.com\/actualidad\/#organization"},"image":{"@id":"https:\/\/www.laguiadepamplona.com\/actualidad\/el-servicio-de-alquiler-de-bicicletas-electricas-de-pamplona-alcanza-los-1-000-usuarios-registrados-en-las-primeras-12-horas\/#primaryimage"},"thumbnailUrl":"https:\/\/www.laguiadepamplona.com\/actualidad\/wp-content\/uploads\/2021\/12\/servbiciseectricasee5a7855.jpg","articleSection":["Ayto Pamplona"],"inLanguage":"es","potentialAction":[{"@type":"CommentAction","name":"Comment","target":["https:\/\/www.laguiadepamplona.com\/actualidad\/el-servicio-de-alquiler-de-bicicletas-electricas-de-pamplona-alcanza-los-1-000-usuarios-registrados-en-las-primeras-12-horas\/#respond"]}]},{"@type":"WebPage","@id":"https:\/\/www.laguiadepamplona.com\/actualidad\/el-servicio-de-alquiler-de-bicicletas-electricas-de-pamplona-alcanza-los-1-000-usuarios-registrados-en-las-primeras-12-horas\/","url":"https:\/\/www.laguiadepamplona.com\/actualidad\/el-servicio-de-alquiler-de-bicicletas-electricas-de-pamplona-alcanza-los-1-000-usuarios-registrados-en-las-primeras-12-horas\/","name":"El servicio de alquiler de bicicletas el\u00e9ctricas de Pamplona alcanza los 1.000 usuarios registrados en las primeras 12 horas","isPartOf":{"@id":"https:\/\/www.laguiadepamplona.com\/actualidad\/#website"},"primaryImageOfPage":{"@id":"https:\/\/www.laguiadepamplona.com\/actualidad\/el-servicio-de-alquiler-de-bicicletas-electricas-de-pamplona-alcanza-los-1-000-usuarios-registrados-en-las-primeras-12-horas\/#primaryimage"},"image":{"@id":"https:\/\/www.laguiadepamplona.com\/actualidad\/el-servicio-de-alquiler-de-bicicletas-electricas-de-pamplona-alcanza-los-1-000-usuarios-registrados-en-las-primeras-12-horas\/#primaryimage"},"thumbnailUrl":"https:\/\/www.laguiadepamplona.com\/actualidad\/wp-content\/uploads\/2021\/12\/servbiciseectricasee5a7855.jpg","datePublished":"2021-12-15T12:37:01+00:00","dateModified":"2023-04-11T09:48:40+00:00","description":"A las 24 horas de la puesta en funcionamiento, ya se han dado de alta en el sistema 1.325 usuarios y se han realizado los primeros viajes","breadcrumb":{"@id":"https:\/\/www.laguiadepamplona.com\/actualidad\/el-servicio-de-alquiler-de-bicicletas-electricas-de-pamplona-alcanza-los-1-000-usuarios-registrados-en-las-primeras-12-horas\/#breadcrumb"},"inLanguage":"es","potentialAction":[{"@type":"ReadAction","target":["https:\/\/www.laguiadepamplona.com\/actualidad\/el-servicio-de-alquiler-de-bicicletas-electricas-de-pamplona-alcanza-los-1-000-usuarios-registrados-en-las-primeras-12-horas\/"]}]},{"@type":"ImageObject","inLanguage":"es","@id":"https:\/\/www.laguiadepamplona.com\/actualidad\/el-servicio-de-alquiler-de-bicicletas-electricas-de-pamplona-alcanza-los-1-000-usuarios-registrados-en-las-primeras-12-horas\/#primaryimage","url":"https:\/\/www.laguiadepamplona.com\/actualidad\/wp-content\/uploads\/2021\/12\/servbiciseectricasee5a7855.jpg","contentUrl":"https:\/\/www.laguiadepamplona.com\/actualidad\/wp-content\/uploads\/2021\/12\/servbiciseectricasee5a7855.jpg","width":1920,"height":1286},{"@type":"BreadcrumbList","@id":"https:\/\/www.laguiadepamplona.com\/actualidad\/el-servicio-de-alquiler-de-bicicletas-electricas-de-pamplona-alcanza-los-1-000-usuarios-registrados-en-las-primeras-12-horas\/#breadcrumb","itemListElement":[{"@type":"ListItem","position":1,"name":"Portada","item":"https:\/\/www.laguiadepamplona.com\/actualidad\/"},{"@type":"ListItem","position":2,"name":"El servicio de alquiler de bicicletas el\u00e9ctricas de Pamplona alcanza los 1.000 usuarios registrados en las primeras 12 horas"}]},{"@type":"WebSite","@id":"https:\/\/www.laguiadepamplona.com\/actualidad\/#website","url":"https:\/\/www.laguiadepamplona.com\/actualidad\/","name":"La gu\u00eda de Pamplona","description":"Noticias de Pamplona","publisher":{"@id":"https:\/\/www.laguiadepamplona.com\/actualidad\/#organization"},"potentialAction":[{"@type":"SearchAction","target":{"@type":"EntryPoint","urlTemplate":"https:\/\/www.laguiadepamplona.com\/actualidad\/?s={search_term_string}"},"query-input":{"@type":"PropertyValueSpecification","valueRequired":true,"valueName":"search_term_string"}}],"inLanguage":"es"},{"@type":"Organization","@id":"https:\/\/www.laguiadepamplona.com\/actualidad\/#organization","name":"La Gu\u00eda de Pamplona \/ Noticias","url":"https:\/\/www.laguiadepamplona.com\/actualidad\/","logo":{"@type":"ImageObject","inLanguage":"es","@id":"https:\/\/www.laguiadepamplona.com\/actualidad\/#\/schema\/logo\/image\/","url":"https:\/\/www.laguiadepamplona.com\/actualidad\/wp-content\/uploads\/2018\/11\/logo-laguiadepamplona18-web1.png","contentUrl":"https:\/\/www.laguiadepamplona.com\/actualidad\/wp-content\/uploads\/2018\/11\/logo-laguiadepamplona18-web1.png","width":600,"height":196,"caption":"La Gu\u00eda de Pamplona \/ Noticias"},"image":{"@id":"https:\/\/www.laguiadepamplona.com\/actualidad\/#\/schema\/logo\/image\/"},"sameAs":["https:\/\/www.facebook.com\/laguiadepamplonacom-133175176762273\/?ref=hl","https:\/\/x.com\/LaGuiadPamplona","https:\/\/www.instagram.com\/la_guia_de_pamplona\/","https:\/\/www.youtube.com\/user\/laguiadepamplona"]},{"@type":"Person","@id":"https:\/\/www.laguiadepamplona.com\/actualidad\/#\/schema\/person\/efe887376f0213d4657c93adc50b1fdb","name":"La Gu\u00eda de Pamplona","image":{"@type":"ImageObject","inLanguage":"es","@id":"https:\/\/secure.gravatar.com\/avatar\/b6992f131dc8d30ab0dff15446e9d346d9dbd95992de0fef795073f5ea83a81c?s=96&d=mm&r=g","url":"https:\/\/secure.gravatar.com\/avatar\/b6992f131dc8d30ab0dff15446e9d346d9dbd95992de0fef795073f5ea83a81c?s=96&d=mm&r=g","contentUrl":"https:\/\/secure.gravatar.com\/avatar\/b6992f131dc8d30ab0dff15446e9d346d9dbd95992de0fef795073f5ea83a81c?s=96&d=mm&r=g","caption":"La Gu\u00eda de Pamplona"}}]}},"post_mailing_queue_ids":[],"_links":{"self":[{"href":"https:\/\/www.laguiadepamplona.com\/actualidad\/wp-json\/wp\/v2\/posts\/37992","targetHints":{"allow":["GET"]}}],"collection":[{"href":"https:\/\/www.laguiadepamplona.com\/actualidad\/wp-json\/wp\/v2\/posts"}],"about":[{"href":"https:\/\/www.laguiadepamplona.com\/actualidad\/wp-json\/wp\/v2\/types\/post"}],"author":[{"embeddable":true,"href":"https:\/\/www.laguiadepamplona.com\/actualidad\/wp-json\/wp\/v2\/users\/1"}],"replies":[{"embeddable":true,"href":"https:\/\/www.laguiadepamplona.com\/actualidad\/wp-json\/wp\/v2\/comments?post=37992"}],"version-history":[{"count":0,"href":"https:\/\/www.laguiadepamplona.com\/actualidad\/wp-json\/wp\/v2\/posts\/37992\/revisions"}],"wp:featuredmedia":[{"embeddable":true,"href":"https:\/\/www.laguiadepamplona.com\/actualidad\/wp-json\/wp\/v2\/media\/37964"}],"wp:attachment":[{"href":"https:\/\/www.laguiadepamplona.com\/actualidad\/wp-json\/wp\/v2\/media?parent=37992"}],"wp:term":[{"taxonomy":"category","embeddable":true,"href":"https:\/\/www.laguiadepamplona.com\/actualidad\/wp-json\/wp\/v2\/categories?post=37992"},{"taxonomy":"post_tag","embeddable":true,"href":"https:\/\/www.laguiadepamplona.com\/actualidad\/wp-json\/wp\/v2\/tags?post=37992"}],"curies":[{"name":"wp","href":"https:\/\/api.w.org\/{rel}","templated":true}]}}