{"id":37988,"date":"2021-12-15T12:12:56","date_gmt":"2021-12-15T10:12:56","guid":{"rendered":"https:\/\/www.laguiadepamplona.com\/actualidad\/?p=37988"},"modified":"2023-04-11T11:48:40","modified_gmt":"2023-04-11T09:48:40","slug":"tres-centros-de-la-red-de-bibliotecas-publicas-de-pamplona-ofrecen-10-talleres-esta-navidad-para-ninas-y-ninos-desde-los-5-hasta-los-13-anos","status":"publish","type":"post","link":"https:\/\/www.laguiadepamplona.com\/actualidad\/tres-centros-de-la-red-de-bibliotecas-publicas-de-pamplona-ofrecen-10-talleres-esta-navidad-para-ninas-y-ninos-desde-los-5-hasta-los-13-anos\/","title":{"rendered":"Tres centros de la red de bibliotecas p\u00fablicas de Pamplona ofrecen 10 talleres esta Navidad para ni\u00f1as y ni\u00f1os desde los 5 hasta los 13 a\u00f1os"},"content":{"rendered":"<h5>La red de bibliotecas cambiar\u00e1 a horario de ma\u00f1ana entre el 24 de diciembre y el 6 de enero, salvo la de San Francisco que mantiene el habitual<\/h5>\n<p><!--more--><\/p>\n<p>Hasta el 4 de enero las bibliotecas p\u00fablicas de Txantrea, San Jorge, San Francisco y Etxabakoitz ofrecer\u00e1n un total de 10 talleres de diversos contenidos programados en ma\u00f1anas de los d\u00edas de vacaciones navide\u00f1as. El conjunto de la oferta engloba actividades que cubren la horquilla que va desde los 5 a los 13 a\u00f1os. Hay actividades en castellano y euskera y en total, 8 de los talleres tendr\u00e1n lugar en diciembre y otros dos en enero.<\/p>\n<p>La valoraci\u00f3n de los libros, en su formato y contenidos son el eje fundamental de la programaci\u00f3n a trav\u00e9s de nuevas ediciones del taller \u2018Palabras pintadas, que se basa en el binomio escritura-fotograf\u00eda (Etxabakoitz), una actividad de narrativas pl\u00e1sticas (Txantrea), los collages creativos en castellano y euskera sobre contenidos de lectura (Txantrea) y por la propuesta \u2018Cuaderno de Bit\u00e1cora\u2019 (Txantrea), que ense\u00f1a a editar un libro hasta su cosido y colocaci\u00f3n de tapas.<br \/>\n<script async src=\"\/\/pagead2.googlesyndication.com\/pagead\/js\/adsbygoogle.js\"><\/script><br \/>\n<!-- Noticias La Guia de Pamplona --><br \/>\n<ins class=\"adsbygoogle\"\nstyle=\"display:block\"\ndata-ad-client=\"ca-pub-6943679897239327\"\ndata-ad-slot=\"7048180777\"\ndata-ad-format=\"auto\"><\/ins><br \/>\n<script>\n(adsbygoogle = window.adsbygoogle || []).push({});\n<\/script><\/p>\n<p>Pero, adem\u00e1s, habr\u00e1 tambi\u00e9n un taller de creatividad con legos para reproducir estampas de Pamplona y otros dos de escritura, aunque de c\u00f3digo, ya que se centrar\u00e1n en rob\u00f3tica, los tres en la Biblioteca P\u00fablica de San Francisco.<\/p>\n<p>Ya est\u00e1 abierto el plazo para solicitar plaza en todas las actividades lo que se podr\u00e1 hacer de forma presencial en horario de lunes a viernes de 14 a 20 horas en Txantrea y Etxabakoitz y de lunes a viernes de 8.30 a 20.30 horas en San Francisco. Tambi\u00e9n llamando por tel\u00e9fono a las bibliotecas o comunic\u00e1ndose con ellas por correo electr\u00f3nico (Biblioteca P\u00fablica de Txantrea 948 149882 o <a href=\"mailto:biblitxa@navarra.es\">biblitxa@navarra.es<\/a>; Biblioteca P\u00fablica de Etxabakoitz 948 273262 o <a href=\"mailto:bibliech@navarra.es\">bibliech@navarra.es<\/a> y Biblioteca P\u00fablica de San Francisco 948210524 o <a href=\"mailto:biblisfr@navarra.es\">biblisfr@navarra.es<\/a>).<\/p>\n<p><strong>Cambios de horario en las bibliotecas por Navidad<\/strong><\/p>\n<p>La red de bibliotecas p\u00fablicas de Pamplona entre el 26 de diciembre y el 6 de enero cambiar\u00e1 sus horarios. Excepto la Biblioteca P\u00fablica de San Francisco, que mantendr\u00e1 los horarios habituales de apertura, el resto de centros de la red (8) funcionar\u00e1n de 8.30 a 14 horas, de lunes a viernes. Todas las bibliotecas cerrar\u00e1n los d\u00edas festivos: 25 de diciembre y 1 y 6 de enero.<br \/>\n<script async src=\"\/\/pagead2.googlesyndication.com\/pagead\/js\/adsbygoogle.js\"><\/script><br \/>\n<!-- Noticias La Guia de Pamplona --><br \/>\n<ins class=\"adsbygoogle\"\nstyle=\"display:block\"\ndata-ad-client=\"ca-pub-6943679897239327\"\ndata-ad-slot=\"7048180777\"\ndata-ad-format=\"auto\"><\/ins><br \/>\n<script>\n(adsbygoogle = window.adsbygoogle || []).push({});\n<\/script><\/p>\n<p>&nbsp;<\/p>\n<h3>Navidad infantil en las bibliotecas de Pamplona<\/h3>\n<p><strong>DICIEMBRE<\/strong><\/p>\n<p><strong>27 de diciembre <\/strong><\/p>\n<p>F\u00e1bulas Fabulosas (castellano y en euskera)<\/p>\n<ul>\n<li>Taller para ni\u00f1os y ni\u00f1as de 6 a 12 a\u00f1os<\/li>\n<li>La Chincheta Bruna<\/li>\n<li>Biblioteca P\u00fablica Txantrea. 11 a 13 horas<\/li>\n<\/ul>\n<p><strong>28 de diciembre<\/strong><\/p>\n<p>Pamplona en Navidad<\/p>\n<ul>\n<li>Taller creatividad con Legos para ni\u00f1os y ni\u00f1as de 5 a 10 a\u00f1os<\/li>\n<li>Realizaci\u00f3n de reproducciones de la ciudad con piezas de Lego<\/li>\n<li>Biblioteca P\u00fablica San Francisco. de 10 a 11.30 horas (castellano); de 12.30 a 13.30 horas (euskera)<\/li>\n<\/ul>\n<p><strong>29 y 30 de diciembre<\/strong><\/p>\n<p>Rob\u00f3tica<\/p>\n<ul>\n<li>Taller para menores de 11 a 16 a\u00f1os<\/li>\n<li>Incursi\u00f3n en el mundo de la rob\u00f3tica mediante el dise\u00f1o, construcci\u00f3n y programaci\u00f3n de modelos rob\u00f3ticos utilizando Mindstorms y Lego<\/li>\n<li>Biblioteca P\u00fablica San Francisco de 11 a 13 horas<\/li>\n<\/ul>\n<p><strong>27 28, 29 y 30 de diciembre de 2021 <\/strong><\/p>\n<p>La Biblioteca Viva. Palabras pintadas<\/p>\n<ul>\n<li>Taller infantil de creaci\u00f3n literaria y pl\u00e1stica para ni\u00f1os y ni\u00f1as de 6 a 12 a\u00f1os<\/li>\n<li>Biblioteca P\u00fablica Etxabacoitz. De 11 a 13 horas<\/li>\n<\/ul>\n<p><strong>ENERO<\/strong><\/p>\n<p><strong>3 de enero de 2022 <\/strong><\/p>\n<p>Cuaderno de Bit\u00e1cora<\/p>\n<ul>\n<li>Taller para mayores de 10 a\u00f1os (p\u00fablico adulto incluido)<\/li>\n<li>Imparten los artistas participantes en la exposici\u00f3n Libros Libres Marijose Recalde y Juan Sukilbide para la realizaci\u00f3n de un cuaderno de bit\u00e1cora. Componer un libro, coserlo, encolarlo\u2026 \u00a1y por fin, las tapas!<\/li>\n<li>Biblioteca P\u00fablica Txantrea. de 11 a 13 horas<\/li>\n<\/ul>\n<p><strong>4 de enero de 2022<\/strong><\/p>\n<p>Narrativas Pl\u00e1sticas<\/p>\n<ul>\n<li>Taller para ni\u00f1os y ni\u00f1as de 6 a 12 a\u00f1os<\/li>\n<li>Imparten Blas Campos y Lola Azp\u00e1rren<\/li>\n<li>El taller partir\u00e1 de la visita guiada a la exposici\u00f3n de \u00ablibros libres\u00bb en la que nos detendremos especialmente en algunas de las obras. Tras la realizaci\u00f3n de un relato colectivo, los ni\u00f1os y ni\u00f1as construir\u00e1n pl\u00e1sticamente, de manera individual, un d\u00edptico tridimensional mediante la t\u00e9cnica de pintura -collage<\/li>\n<li>Biblioteca P\u00fablica Txantrea de 11 a 13 horas<\/li>\n<\/ul>\n","protected":false},"excerpt":{"rendered":"<p>La red de bibliotecas cambiar\u00e1 a horario de ma\u00f1ana entre el 24 de diciembre y el 6 de enero, salvo la de San Francisco que mantiene el habitual<\/p>\n","protected":false},"author":1,"featured_media":36825,"comment_status":"open","ping_status":"closed","sticky":false,"template":"","format":"standard","meta":{"footnotes":""},"categories":[2],"tags":[],"class_list":["post-37988","post","type-post","status-publish","format-standard","has-post-thumbnail","hentry","category-ayuntamiento-pamplona"],"yoast_head":"<!-- This site is optimized with the Yoast SEO plugin v27.3 - https:\/\/yoast.com\/product\/yoast-seo-wordpress\/ -->\n<title>Tres centros de la red de bibliotecas p\u00fablicas de Pamplona ofrecen 10 talleres esta Navidad para ni\u00f1as y ni\u00f1os desde los 5 hasta los 13 a\u00f1os<\/title>\n<meta name=\"description\" content=\"La red de bibliotecas cambiar\u00e1 a horario de ma\u00f1ana entre el 24 de diciembre y el 6 de enero, salvo la de San Francisco que mantiene el habitual\" \/>\n<meta name=\"robots\" content=\"index, follow, max-snippet:-1, max-image-preview:large, max-video-preview:-1\" \/>\n<link rel=\"canonical\" href=\"https:\/\/www.laguiadepamplona.com\/actualidad\/tres-centros-de-la-red-de-bibliotecas-publicas-de-pamplona-ofrecen-10-talleres-esta-navidad-para-ninas-y-ninos-desde-los-5-hasta-los-13-anos\/\" \/>\n<meta property=\"og:locale\" content=\"es_ES\" \/>\n<meta property=\"og:type\" content=\"article\" \/>\n<meta property=\"og:title\" content=\"Tres centros de la red de bibliotecas p\u00fablicas de Pamplona ofrecen 10 talleres esta Navidad para ni\u00f1as y ni\u00f1os desde los 5 hasta los 13 a\u00f1os\" \/>\n<meta property=\"og:description\" content=\"La red de bibliotecas cambiar\u00e1 a horario de ma\u00f1ana entre el 24 de diciembre y el 6 de enero, salvo la de San Francisco que mantiene el habitual\" \/>\n<meta property=\"og:url\" content=\"https:\/\/www.laguiadepamplona.com\/actualidad\/tres-centros-de-la-red-de-bibliotecas-publicas-de-pamplona-ofrecen-10-talleres-esta-navidad-para-ninas-y-ninos-desde-los-5-hasta-los-13-anos\/\" \/>\n<meta property=\"og:site_name\" content=\"La Gu\u00eda de Pamplona\" \/>\n<meta property=\"article:publisher\" content=\"https:\/\/www.facebook.com\/laguiadepamplonacom-133175176762273\/?ref=hl\" \/>\n<meta property=\"article:published_time\" content=\"2021-12-15T10:12:56+00:00\" \/>\n<meta property=\"article:modified_time\" content=\"2023-04-11T09:48:40+00:00\" \/>\n<meta property=\"og:image\" content=\"https:\/\/www.laguiadepamplona.com\/actualidad\/wp-content\/uploads\/2021\/10\/manualidades_infantiles_mar.jpg\" \/>\n\t<meta property=\"og:image:width\" content=\"1920\" \/>\n\t<meta property=\"og:image:height\" content=\"1280\" \/>\n\t<meta property=\"og:image:type\" content=\"image\/jpeg\" \/>\n<meta name=\"author\" content=\"La Gu\u00eda de Pamplona\" \/>\n<meta name=\"twitter:card\" content=\"summary_large_image\" \/>\n<meta name=\"twitter:creator\" content=\"@LaGuiadPamplona\" \/>\n<meta name=\"twitter:site\" content=\"@LaGuiadPamplona\" \/>\n<meta name=\"twitter:label1\" content=\"Escrito por\" \/>\n\t<meta name=\"twitter:data1\" content=\"La Gu\u00eda de Pamplona\" \/>\n\t<meta name=\"twitter:label2\" content=\"Tiempo de lectura\" \/>\n\t<meta name=\"twitter:data2\" content=\"3 minutos\" \/>\n<script type=\"application\/ld+json\" class=\"yoast-schema-graph\">{\"@context\":\"https:\\\/\\\/schema.org\",\"@graph\":[{\"@type\":\"Article\",\"@id\":\"https:\\\/\\\/www.laguiadepamplona.com\\\/actualidad\\\/tres-centros-de-la-red-de-bibliotecas-publicas-de-pamplona-ofrecen-10-talleres-esta-navidad-para-ninas-y-ninos-desde-los-5-hasta-los-13-anos\\\/#article\",\"isPartOf\":{\"@id\":\"https:\\\/\\\/www.laguiadepamplona.com\\\/actualidad\\\/tres-centros-de-la-red-de-bibliotecas-publicas-de-pamplona-ofrecen-10-talleres-esta-navidad-para-ninas-y-ninos-desde-los-5-hasta-los-13-anos\\\/\"},\"author\":{\"name\":\"La Gu\u00eda de Pamplona\",\"@id\":\"https:\\\/\\\/www.laguiadepamplona.com\\\/actualidad\\\/#\\\/schema\\\/person\\\/efe887376f0213d4657c93adc50b1fdb\"},\"headline\":\"Tres centros de la red de bibliotecas p\u00fablicas de Pamplona ofrecen 10 talleres esta Navidad para ni\u00f1as y ni\u00f1os desde los 5 hasta los 13 a\u00f1os\",\"datePublished\":\"2021-12-15T10:12:56+00:00\",\"dateModified\":\"2023-04-11T09:48:40+00:00\",\"mainEntityOfPage\":{\"@id\":\"https:\\\/\\\/www.laguiadepamplona.com\\\/actualidad\\\/tres-centros-de-la-red-de-bibliotecas-publicas-de-pamplona-ofrecen-10-talleres-esta-navidad-para-ninas-y-ninos-desde-los-5-hasta-los-13-anos\\\/\"},\"wordCount\":731,\"commentCount\":0,\"publisher\":{\"@id\":\"https:\\\/\\\/www.laguiadepamplona.com\\\/actualidad\\\/#organization\"},\"image\":{\"@id\":\"https:\\\/\\\/www.laguiadepamplona.com\\\/actualidad\\\/tres-centros-de-la-red-de-bibliotecas-publicas-de-pamplona-ofrecen-10-talleres-esta-navidad-para-ninas-y-ninos-desde-los-5-hasta-los-13-anos\\\/#primaryimage\"},\"thumbnailUrl\":\"https:\\\/\\\/www.laguiadepamplona.com\\\/actualidad\\\/wp-content\\\/uploads\\\/2021\\\/10\\\/manualidades_infantiles_mar.jpg\",\"articleSection\":[\"Ayto Pamplona\"],\"inLanguage\":\"es\",\"potentialAction\":[{\"@type\":\"CommentAction\",\"name\":\"Comment\",\"target\":[\"https:\\\/\\\/www.laguiadepamplona.com\\\/actualidad\\\/tres-centros-de-la-red-de-bibliotecas-publicas-de-pamplona-ofrecen-10-talleres-esta-navidad-para-ninas-y-ninos-desde-los-5-hasta-los-13-anos\\\/#respond\"]}]},{\"@type\":\"WebPage\",\"@id\":\"https:\\\/\\\/www.laguiadepamplona.com\\\/actualidad\\\/tres-centros-de-la-red-de-bibliotecas-publicas-de-pamplona-ofrecen-10-talleres-esta-navidad-para-ninas-y-ninos-desde-los-5-hasta-los-13-anos\\\/\",\"url\":\"https:\\\/\\\/www.laguiadepamplona.com\\\/actualidad\\\/tres-centros-de-la-red-de-bibliotecas-publicas-de-pamplona-ofrecen-10-talleres-esta-navidad-para-ninas-y-ninos-desde-los-5-hasta-los-13-anos\\\/\",\"name\":\"Tres centros de la red de bibliotecas p\u00fablicas de Pamplona ofrecen 10 talleres esta Navidad para ni\u00f1as y ni\u00f1os desde los 5 hasta los 13 a\u00f1os\",\"isPartOf\":{\"@id\":\"https:\\\/\\\/www.laguiadepamplona.com\\\/actualidad\\\/#website\"},\"primaryImageOfPage\":{\"@id\":\"https:\\\/\\\/www.laguiadepamplona.com\\\/actualidad\\\/tres-centros-de-la-red-de-bibliotecas-publicas-de-pamplona-ofrecen-10-talleres-esta-navidad-para-ninas-y-ninos-desde-los-5-hasta-los-13-anos\\\/#primaryimage\"},\"image\":{\"@id\":\"https:\\\/\\\/www.laguiadepamplona.com\\\/actualidad\\\/tres-centros-de-la-red-de-bibliotecas-publicas-de-pamplona-ofrecen-10-talleres-esta-navidad-para-ninas-y-ninos-desde-los-5-hasta-los-13-anos\\\/#primaryimage\"},\"thumbnailUrl\":\"https:\\\/\\\/www.laguiadepamplona.com\\\/actualidad\\\/wp-content\\\/uploads\\\/2021\\\/10\\\/manualidades_infantiles_mar.jpg\",\"datePublished\":\"2021-12-15T10:12:56+00:00\",\"dateModified\":\"2023-04-11T09:48:40+00:00\",\"description\":\"La red de bibliotecas cambiar\u00e1 a horario de ma\u00f1ana entre el 24 de diciembre y el 6 de enero, salvo la de San Francisco que mantiene el habitual\",\"breadcrumb\":{\"@id\":\"https:\\\/\\\/www.laguiadepamplona.com\\\/actualidad\\\/tres-centros-de-la-red-de-bibliotecas-publicas-de-pamplona-ofrecen-10-talleres-esta-navidad-para-ninas-y-ninos-desde-los-5-hasta-los-13-anos\\\/#breadcrumb\"},\"inLanguage\":\"es\",\"potentialAction\":[{\"@type\":\"ReadAction\",\"target\":[\"https:\\\/\\\/www.laguiadepamplona.com\\\/actualidad\\\/tres-centros-de-la-red-de-bibliotecas-publicas-de-pamplona-ofrecen-10-talleres-esta-navidad-para-ninas-y-ninos-desde-los-5-hasta-los-13-anos\\\/\"]}]},{\"@type\":\"ImageObject\",\"inLanguage\":\"es\",\"@id\":\"https:\\\/\\\/www.laguiadepamplona.com\\\/actualidad\\\/tres-centros-de-la-red-de-bibliotecas-publicas-de-pamplona-ofrecen-10-talleres-esta-navidad-para-ninas-y-ninos-desde-los-5-hasta-los-13-anos\\\/#primaryimage\",\"url\":\"https:\\\/\\\/www.laguiadepamplona.com\\\/actualidad\\\/wp-content\\\/uploads\\\/2021\\\/10\\\/manualidades_infantiles_mar.jpg\",\"contentUrl\":\"https:\\\/\\\/www.laguiadepamplona.com\\\/actualidad\\\/wp-content\\\/uploads\\\/2021\\\/10\\\/manualidades_infantiles_mar.jpg\",\"width\":1920,\"height\":1280},{\"@type\":\"BreadcrumbList\",\"@id\":\"https:\\\/\\\/www.laguiadepamplona.com\\\/actualidad\\\/tres-centros-de-la-red-de-bibliotecas-publicas-de-pamplona-ofrecen-10-talleres-esta-navidad-para-ninas-y-ninos-desde-los-5-hasta-los-13-anos\\\/#breadcrumb\",\"itemListElement\":[{\"@type\":\"ListItem\",\"position\":1,\"name\":\"Portada\",\"item\":\"https:\\\/\\\/www.laguiadepamplona.com\\\/actualidad\\\/\"},{\"@type\":\"ListItem\",\"position\":2,\"name\":\"Tres centros de la red de bibliotecas p\u00fablicas de Pamplona ofrecen 10 talleres esta Navidad para ni\u00f1as y ni\u00f1os desde los 5 hasta los 13 a\u00f1os\"}]},{\"@type\":\"WebSite\",\"@id\":\"https:\\\/\\\/www.laguiadepamplona.com\\\/actualidad\\\/#website\",\"url\":\"https:\\\/\\\/www.laguiadepamplona.com\\\/actualidad\\\/\",\"name\":\"La gu\u00eda de Pamplona\",\"description\":\"Noticias de Pamplona\",\"publisher\":{\"@id\":\"https:\\\/\\\/www.laguiadepamplona.com\\\/actualidad\\\/#organization\"},\"potentialAction\":[{\"@type\":\"SearchAction\",\"target\":{\"@type\":\"EntryPoint\",\"urlTemplate\":\"https:\\\/\\\/www.laguiadepamplona.com\\\/actualidad\\\/?s={search_term_string}\"},\"query-input\":{\"@type\":\"PropertyValueSpecification\",\"valueRequired\":true,\"valueName\":\"search_term_string\"}}],\"inLanguage\":\"es\"},{\"@type\":\"Organization\",\"@id\":\"https:\\\/\\\/www.laguiadepamplona.com\\\/actualidad\\\/#organization\",\"name\":\"La Gu\u00eda de Pamplona \\\/ Noticias\",\"url\":\"https:\\\/\\\/www.laguiadepamplona.com\\\/actualidad\\\/\",\"logo\":{\"@type\":\"ImageObject\",\"inLanguage\":\"es\",\"@id\":\"https:\\\/\\\/www.laguiadepamplona.com\\\/actualidad\\\/#\\\/schema\\\/logo\\\/image\\\/\",\"url\":\"https:\\\/\\\/www.laguiadepamplona.com\\\/actualidad\\\/wp-content\\\/uploads\\\/2018\\\/11\\\/logo-laguiadepamplona18-web1.png\",\"contentUrl\":\"https:\\\/\\\/www.laguiadepamplona.com\\\/actualidad\\\/wp-content\\\/uploads\\\/2018\\\/11\\\/logo-laguiadepamplona18-web1.png\",\"width\":600,\"height\":196,\"caption\":\"La Gu\u00eda de Pamplona \\\/ Noticias\"},\"image\":{\"@id\":\"https:\\\/\\\/www.laguiadepamplona.com\\\/actualidad\\\/#\\\/schema\\\/logo\\\/image\\\/\"},\"sameAs\":[\"https:\\\/\\\/www.facebook.com\\\/laguiadepamplonacom-133175176762273\\\/?ref=hl\",\"https:\\\/\\\/x.com\\\/LaGuiadPamplona\",\"https:\\\/\\\/www.instagram.com\\\/la_guia_de_pamplona\\\/\",\"https:\\\/\\\/www.youtube.com\\\/user\\\/laguiadepamplona\"]},{\"@type\":\"Person\",\"@id\":\"https:\\\/\\\/www.laguiadepamplona.com\\\/actualidad\\\/#\\\/schema\\\/person\\\/efe887376f0213d4657c93adc50b1fdb\",\"name\":\"La Gu\u00eda de Pamplona\",\"image\":{\"@type\":\"ImageObject\",\"inLanguage\":\"es\",\"@id\":\"https:\\\/\\\/secure.gravatar.com\\\/avatar\\\/b6992f131dc8d30ab0dff15446e9d346d9dbd95992de0fef795073f5ea83a81c?s=96&d=mm&r=g\",\"url\":\"https:\\\/\\\/secure.gravatar.com\\\/avatar\\\/b6992f131dc8d30ab0dff15446e9d346d9dbd95992de0fef795073f5ea83a81c?s=96&d=mm&r=g\",\"contentUrl\":\"https:\\\/\\\/secure.gravatar.com\\\/avatar\\\/b6992f131dc8d30ab0dff15446e9d346d9dbd95992de0fef795073f5ea83a81c?s=96&d=mm&r=g\",\"caption\":\"La Gu\u00eda de Pamplona\"}}]}<\/script>\n<!-- \/ Yoast SEO plugin. -->","yoast_head_json":{"title":"Tres centros de la red de bibliotecas p\u00fablicas de Pamplona ofrecen 10 talleres esta Navidad para ni\u00f1as y ni\u00f1os desde los 5 hasta los 13 a\u00f1os","description":"La red de bibliotecas cambiar\u00e1 a horario de ma\u00f1ana entre el 24 de diciembre y el 6 de enero, salvo la de San Francisco que mantiene el habitual","robots":{"index":"index","follow":"follow","max-snippet":"max-snippet:-1","max-image-preview":"max-image-preview:large","max-video-preview":"max-video-preview:-1"},"canonical":"https:\/\/www.laguiadepamplona.com\/actualidad\/tres-centros-de-la-red-de-bibliotecas-publicas-de-pamplona-ofrecen-10-talleres-esta-navidad-para-ninas-y-ninos-desde-los-5-hasta-los-13-anos\/","og_locale":"es_ES","og_type":"article","og_title":"Tres centros de la red de bibliotecas p\u00fablicas de Pamplona ofrecen 10 talleres esta Navidad para ni\u00f1as y ni\u00f1os desde los 5 hasta los 13 a\u00f1os","og_description":"La red de bibliotecas cambiar\u00e1 a horario de ma\u00f1ana entre el 24 de diciembre y el 6 de enero, salvo la de San Francisco que mantiene el habitual","og_url":"https:\/\/www.laguiadepamplona.com\/actualidad\/tres-centros-de-la-red-de-bibliotecas-publicas-de-pamplona-ofrecen-10-talleres-esta-navidad-para-ninas-y-ninos-desde-los-5-hasta-los-13-anos\/","og_site_name":"La Gu\u00eda de Pamplona","article_publisher":"https:\/\/www.facebook.com\/laguiadepamplonacom-133175176762273\/?ref=hl","article_published_time":"2021-12-15T10:12:56+00:00","article_modified_time":"2023-04-11T09:48:40+00:00","og_image":[{"width":1920,"height":1280,"url":"https:\/\/www.laguiadepamplona.com\/actualidad\/wp-content\/uploads\/2021\/10\/manualidades_infantiles_mar.jpg","type":"image\/jpeg"}],"author":"La Gu\u00eda de Pamplona","twitter_card":"summary_large_image","twitter_creator":"@LaGuiadPamplona","twitter_site":"@LaGuiadPamplona","twitter_misc":{"Escrito por":"La Gu\u00eda de Pamplona","Tiempo de lectura":"3 minutos"},"schema":{"@context":"https:\/\/schema.org","@graph":[{"@type":"Article","@id":"https:\/\/www.laguiadepamplona.com\/actualidad\/tres-centros-de-la-red-de-bibliotecas-publicas-de-pamplona-ofrecen-10-talleres-esta-navidad-para-ninas-y-ninos-desde-los-5-hasta-los-13-anos\/#article","isPartOf":{"@id":"https:\/\/www.laguiadepamplona.com\/actualidad\/tres-centros-de-la-red-de-bibliotecas-publicas-de-pamplona-ofrecen-10-talleres-esta-navidad-para-ninas-y-ninos-desde-los-5-hasta-los-13-anos\/"},"author":{"name":"La Gu\u00eda de Pamplona","@id":"https:\/\/www.laguiadepamplona.com\/actualidad\/#\/schema\/person\/efe887376f0213d4657c93adc50b1fdb"},"headline":"Tres centros de la red de bibliotecas p\u00fablicas de Pamplona ofrecen 10 talleres esta Navidad para ni\u00f1as y ni\u00f1os desde los 5 hasta los 13 a\u00f1os","datePublished":"2021-12-15T10:12:56+00:00","dateModified":"2023-04-11T09:48:40+00:00","mainEntityOfPage":{"@id":"https:\/\/www.laguiadepamplona.com\/actualidad\/tres-centros-de-la-red-de-bibliotecas-publicas-de-pamplona-ofrecen-10-talleres-esta-navidad-para-ninas-y-ninos-desde-los-5-hasta-los-13-anos\/"},"wordCount":731,"commentCount":0,"publisher":{"@id":"https:\/\/www.laguiadepamplona.com\/actualidad\/#organization"},"image":{"@id":"https:\/\/www.laguiadepamplona.com\/actualidad\/tres-centros-de-la-red-de-bibliotecas-publicas-de-pamplona-ofrecen-10-talleres-esta-navidad-para-ninas-y-ninos-desde-los-5-hasta-los-13-anos\/#primaryimage"},"thumbnailUrl":"https:\/\/www.laguiadepamplona.com\/actualidad\/wp-content\/uploads\/2021\/10\/manualidades_infantiles_mar.jpg","articleSection":["Ayto Pamplona"],"inLanguage":"es","potentialAction":[{"@type":"CommentAction","name":"Comment","target":["https:\/\/www.laguiadepamplona.com\/actualidad\/tres-centros-de-la-red-de-bibliotecas-publicas-de-pamplona-ofrecen-10-talleres-esta-navidad-para-ninas-y-ninos-desde-los-5-hasta-los-13-anos\/#respond"]}]},{"@type":"WebPage","@id":"https:\/\/www.laguiadepamplona.com\/actualidad\/tres-centros-de-la-red-de-bibliotecas-publicas-de-pamplona-ofrecen-10-talleres-esta-navidad-para-ninas-y-ninos-desde-los-5-hasta-los-13-anos\/","url":"https:\/\/www.laguiadepamplona.com\/actualidad\/tres-centros-de-la-red-de-bibliotecas-publicas-de-pamplona-ofrecen-10-talleres-esta-navidad-para-ninas-y-ninos-desde-los-5-hasta-los-13-anos\/","name":"Tres centros de la red de bibliotecas p\u00fablicas de Pamplona ofrecen 10 talleres esta Navidad para ni\u00f1as y ni\u00f1os desde los 5 hasta los 13 a\u00f1os","isPartOf":{"@id":"https:\/\/www.laguiadepamplona.com\/actualidad\/#website"},"primaryImageOfPage":{"@id":"https:\/\/www.laguiadepamplona.com\/actualidad\/tres-centros-de-la-red-de-bibliotecas-publicas-de-pamplona-ofrecen-10-talleres-esta-navidad-para-ninas-y-ninos-desde-los-5-hasta-los-13-anos\/#primaryimage"},"image":{"@id":"https:\/\/www.laguiadepamplona.com\/actualidad\/tres-centros-de-la-red-de-bibliotecas-publicas-de-pamplona-ofrecen-10-talleres-esta-navidad-para-ninas-y-ninos-desde-los-5-hasta-los-13-anos\/#primaryimage"},"thumbnailUrl":"https:\/\/www.laguiadepamplona.com\/actualidad\/wp-content\/uploads\/2021\/10\/manualidades_infantiles_mar.jpg","datePublished":"2021-12-15T10:12:56+00:00","dateModified":"2023-04-11T09:48:40+00:00","description":"La red de bibliotecas cambiar\u00e1 a horario de ma\u00f1ana entre el 24 de diciembre y el 6 de enero, salvo la de San Francisco que mantiene el habitual","breadcrumb":{"@id":"https:\/\/www.laguiadepamplona.com\/actualidad\/tres-centros-de-la-red-de-bibliotecas-publicas-de-pamplona-ofrecen-10-talleres-esta-navidad-para-ninas-y-ninos-desde-los-5-hasta-los-13-anos\/#breadcrumb"},"inLanguage":"es","potentialAction":[{"@type":"ReadAction","target":["https:\/\/www.laguiadepamplona.com\/actualidad\/tres-centros-de-la-red-de-bibliotecas-publicas-de-pamplona-ofrecen-10-talleres-esta-navidad-para-ninas-y-ninos-desde-los-5-hasta-los-13-anos\/"]}]},{"@type":"ImageObject","inLanguage":"es","@id":"https:\/\/www.laguiadepamplona.com\/actualidad\/tres-centros-de-la-red-de-bibliotecas-publicas-de-pamplona-ofrecen-10-talleres-esta-navidad-para-ninas-y-ninos-desde-los-5-hasta-los-13-anos\/#primaryimage","url":"https:\/\/www.laguiadepamplona.com\/actualidad\/wp-content\/uploads\/2021\/10\/manualidades_infantiles_mar.jpg","contentUrl":"https:\/\/www.laguiadepamplona.com\/actualidad\/wp-content\/uploads\/2021\/10\/manualidades_infantiles_mar.jpg","width":1920,"height":1280},{"@type":"BreadcrumbList","@id":"https:\/\/www.laguiadepamplona.com\/actualidad\/tres-centros-de-la-red-de-bibliotecas-publicas-de-pamplona-ofrecen-10-talleres-esta-navidad-para-ninas-y-ninos-desde-los-5-hasta-los-13-anos\/#breadcrumb","itemListElement":[{"@type":"ListItem","position":1,"name":"Portada","item":"https:\/\/www.laguiadepamplona.com\/actualidad\/"},{"@type":"ListItem","position":2,"name":"Tres centros de la red de bibliotecas p\u00fablicas de Pamplona ofrecen 10 talleres esta Navidad para ni\u00f1as y ni\u00f1os desde los 5 hasta los 13 a\u00f1os"}]},{"@type":"WebSite","@id":"https:\/\/www.laguiadepamplona.com\/actualidad\/#website","url":"https:\/\/www.laguiadepamplona.com\/actualidad\/","name":"La gu\u00eda de Pamplona","description":"Noticias de Pamplona","publisher":{"@id":"https:\/\/www.laguiadepamplona.com\/actualidad\/#organization"},"potentialAction":[{"@type":"SearchAction","target":{"@type":"EntryPoint","urlTemplate":"https:\/\/www.laguiadepamplona.com\/actualidad\/?s={search_term_string}"},"query-input":{"@type":"PropertyValueSpecification","valueRequired":true,"valueName":"search_term_string"}}],"inLanguage":"es"},{"@type":"Organization","@id":"https:\/\/www.laguiadepamplona.com\/actualidad\/#organization","name":"La Gu\u00eda de Pamplona \/ Noticias","url":"https:\/\/www.laguiadepamplona.com\/actualidad\/","logo":{"@type":"ImageObject","inLanguage":"es","@id":"https:\/\/www.laguiadepamplona.com\/actualidad\/#\/schema\/logo\/image\/","url":"https:\/\/www.laguiadepamplona.com\/actualidad\/wp-content\/uploads\/2018\/11\/logo-laguiadepamplona18-web1.png","contentUrl":"https:\/\/www.laguiadepamplona.com\/actualidad\/wp-content\/uploads\/2018\/11\/logo-laguiadepamplona18-web1.png","width":600,"height":196,"caption":"La Gu\u00eda de Pamplona \/ Noticias"},"image":{"@id":"https:\/\/www.laguiadepamplona.com\/actualidad\/#\/schema\/logo\/image\/"},"sameAs":["https:\/\/www.facebook.com\/laguiadepamplonacom-133175176762273\/?ref=hl","https:\/\/x.com\/LaGuiadPamplona","https:\/\/www.instagram.com\/la_guia_de_pamplona\/","https:\/\/www.youtube.com\/user\/laguiadepamplona"]},{"@type":"Person","@id":"https:\/\/www.laguiadepamplona.com\/actualidad\/#\/schema\/person\/efe887376f0213d4657c93adc50b1fdb","name":"La Gu\u00eda de Pamplona","image":{"@type":"ImageObject","inLanguage":"es","@id":"https:\/\/secure.gravatar.com\/avatar\/b6992f131dc8d30ab0dff15446e9d346d9dbd95992de0fef795073f5ea83a81c?s=96&d=mm&r=g","url":"https:\/\/secure.gravatar.com\/avatar\/b6992f131dc8d30ab0dff15446e9d346d9dbd95992de0fef795073f5ea83a81c?s=96&d=mm&r=g","contentUrl":"https:\/\/secure.gravatar.com\/avatar\/b6992f131dc8d30ab0dff15446e9d346d9dbd95992de0fef795073f5ea83a81c?s=96&d=mm&r=g","caption":"La Gu\u00eda de Pamplona"}}]}},"post_mailing_queue_ids":[],"_links":{"self":[{"href":"https:\/\/www.laguiadepamplona.com\/actualidad\/wp-json\/wp\/v2\/posts\/37988","targetHints":{"allow":["GET"]}}],"collection":[{"href":"https:\/\/www.laguiadepamplona.com\/actualidad\/wp-json\/wp\/v2\/posts"}],"about":[{"href":"https:\/\/www.laguiadepamplona.com\/actualidad\/wp-json\/wp\/v2\/types\/post"}],"author":[{"embeddable":true,"href":"https:\/\/www.laguiadepamplona.com\/actualidad\/wp-json\/wp\/v2\/users\/1"}],"replies":[{"embeddable":true,"href":"https:\/\/www.laguiadepamplona.com\/actualidad\/wp-json\/wp\/v2\/comments?post=37988"}],"version-history":[{"count":0,"href":"https:\/\/www.laguiadepamplona.com\/actualidad\/wp-json\/wp\/v2\/posts\/37988\/revisions"}],"wp:featuredmedia":[{"embeddable":true,"href":"https:\/\/www.laguiadepamplona.com\/actualidad\/wp-json\/wp\/v2\/media\/36825"}],"wp:attachment":[{"href":"https:\/\/www.laguiadepamplona.com\/actualidad\/wp-json\/wp\/v2\/media?parent=37988"}],"wp:term":[{"taxonomy":"category","embeddable":true,"href":"https:\/\/www.laguiadepamplona.com\/actualidad\/wp-json\/wp\/v2\/categories?post=37988"},{"taxonomy":"post_tag","embeddable":true,"href":"https:\/\/www.laguiadepamplona.com\/actualidad\/wp-json\/wp\/v2\/tags?post=37988"}],"curies":[{"name":"wp","href":"https:\/\/api.w.org\/{rel}","templated":true}]}}