{"id":37963,"date":"2021-12-14T12:51:05","date_gmt":"2021-12-14T10:51:05","guid":{"rendered":"https:\/\/www.laguiadepamplona.com\/actualidad\/?p=37963"},"modified":"2023-04-11T11:48:41","modified_gmt":"2023-04-11T09:48:41","slug":"pamplona-estrena-su-primer-sistema-de-alquiler-de-bicicleta-electrica-publica-que-tendra-400-bicis-y-42-bases-repartidas-por-toda-la-ciudad","status":"publish","type":"post","link":"https:\/\/www.laguiadepamplona.com\/actualidad\/pamplona-estrena-su-primer-sistema-de-alquiler-de-bicicleta-electrica-publica-que-tendra-400-bicis-y-42-bases-repartidas-por-toda-la-ciudad\/","title":{"rendered":"Pamplona estrena su primer sistema de alquiler de bicicleta el\u00e9ctrica p\u00fablica, que tendr\u00e1 400 bicis y 42 bases repartidas por toda la ciudad"},"content":{"rendered":"<h5>Desde hoy ya est\u00e1n en circulaci\u00f3n 240 bicis y 26 estaciones de recarga, que se completar\u00e1n hasta el objetivo final entre diciembre y enero<\/h5>\n<p><!--more--><\/p>\n<p>Pamplona estrena hoy su primer sistema de alquiler de bicicleta el\u00e9ctrica p\u00fablica, un servicio que pondr\u00e1 a disposici\u00f3n de toda la ciudadan\u00eda 400 bicis distribuidas en 42 bases repartidas por toda la ciudad. Desde hoy ya est\u00e1n en circulaci\u00f3n 240 bicis el\u00e9ctricas y 26 estaciones de recogida, estacionamiento y recarga, que se ir\u00e1n completando durante este mes de diciembre y enero hasta llegar al n\u00famero total previsto, conformando as\u00ed una red que conectar\u00e1 todos los barrios de la ciudad.<\/p>\n<p>El alcalde de Pamplona, Enrique Maya, ha presentado esta ma\u00f1ana la puesta en marcha de este nuevo servicio, que gestiona la empresa Ride-on, adjudicataria de la concesi\u00f3n administrativa municipal. En el acto ha estado acompa\u00f1ado por el CEO de esta empresa, Miguel Vital, por Ra\u00fal Santos Mart\u00ednez, responsable de marketing de Caja Rural de Navarra, patrocinadora del sistema. Este proyecto situar\u00e1 la bicicleta el\u00e9ctrica como una de las opciones de movilidad urbana m\u00e1s eficaces y sostenibles para los desplazamientos en la ciudad, ofreciendo una forma de transporte \u00e1gil, c\u00f3moda y beneficiosa para la salud y para el medio ambiente.<\/p>\n<p>Se trata de una apuesta importante desde el Consistorio por este medio de transporte dentro de la ciudad, que aportar\u00e1 en una primera fase dos bicicletas el\u00e9ctricas por cada mil habitantes, cuando la media en las ciudades que cuentan con este servicio es de 1,1 veh\u00edculos por cada mil habitantes. La apuesta ir\u00e1 a m\u00e1s en una segunda fase en la que Pamplona tendr\u00e1 2,5 bicicletas por cada mil habitantes.<\/p>\n<p>Esta iniciativa se enmarca dentro de la estrategia <strong>\u2018Go Green Pamplona\u2019 de transici\u00f3n energ\u00e9tica y cambio clim\u00e1tico<\/strong>, que engloba todas las materias de lucha contra el cambio clim\u00e1tico que est\u00e1 desarrollando y desarrollar\u00e1 la ciudad y que definir\u00e1 las\u00a0<strong>nuevas l\u00edneas de actuaci\u00f3n<\/strong>\u00a0en los pr\u00f3ximos a\u00f1os.<\/p>\n<p>Entre las l\u00edneas prioritarias se encuentran las que promueven la descarbonizaci\u00f3n del transporte, que es el responsable del 51% del consumo energ\u00e9tico de Pamplona y del 55% de las emisiones de gases de efecto invernadero en la ciudad, causantes del cambio clim\u00e1tico. Y, entre ellas, destacan las estrategias integradas que fomentan el uso de la bicicleta como alternativa al transporte individual motorizado: incremento y mejora de la red ciclable, aparcamiento seguro para bicicletas, formaci\u00f3n a la ciudadan\u00eda y este nuevo servicio de bicicleta el\u00e9ctrica p\u00fablica que hoy entra en funcionamiento.<br \/>\n<script async src=\"\/\/pagead2.googlesyndication.com\/pagead\/js\/adsbygoogle.js\"><\/script><br \/>\n<!-- Noticias La Guia de Pamplona --><br \/>\n<ins class=\"adsbygoogle\"\nstyle=\"display:block\"\ndata-ad-client=\"ca-pub-6943679897239327\"\ndata-ad-slot=\"7048180777\"\ndata-ad-format=\"auto\"><\/ins><br \/>\n<script>\n(adsbygoogle = window.adsbygoogle || []).push({});\n<\/script><\/p>\n<p><strong>C\u00f3mo usar las bicis el\u00e9ctricas<\/strong><\/p>\n<p>Las bicicletas el\u00e9ctricas est\u00e1n disponibles las 24 horas al d\u00eda, los 7 d\u00edas de la semana, excepto en Sanfermines o en d\u00edas en los que las condiciones meteorol\u00f3gicas sean muy adversas (en cuyo caso se avisar\u00e1 a los usuarios). Para usar las bicis el\u00e9ctricas hay que darse de alta en el sistema, creando una cuenta de usuario a trav\u00e9s de la app Ride On Pamplona o en <a href=\"http:\/\/www.rideonpamplona.com\" target=\"_blank\" rel=\"noopener\">www.rideonpamplona.com<\/a>. Existen dos perfiles de personas usuarias: las ocasionales (plan de pago por uso) o las abonadas (abono de una suscripci\u00f3n mensual o anual).<\/p>\n<p>Pueden usar las nuevas bicis el\u00e9ctricas cualquier persona que tenga al menos 16 a\u00f1os y se haya registrado en el sistema. Los menores de 18 deber\u00e1n adem\u00e1s entregar una autorizaci\u00f3n firmada por su responsable legal, que puede descargarse en la web y entregarse por mail a <a href=\"mailto:support@rideonpamplona.com\">support@rideonpamplona.com<\/a> o en la oficina que ha abierto Ride On en Rinc\u00f3n de la Aduana, 14, en horario de 9:00h a 14:00 horas.<\/p>\n<p>Las personas usuarias tendr\u00e1n que elegir entre la tarjeta f\u00edsica, cuyo precio de emisi\u00f3n para usuarios ocasionales es de 1\u20ac y sin coste para los suscriptores, y la tarjeta virtual (apertura del viaje desde la app) para pagar por los viajes y las reservas.<\/p>\n<p>Con el objetivo de hacer este nuevo servicio m\u00e1s accesible y atractivo para las personas que vayan a utilizarlo regularmente el sistema plantea dos tipos de perfiles. Los abonados podr\u00e1n elegir entre una cuota mensual de 15 euros o un pago anual de 40. Ambas les dar\u00e1n acceso a unos tarifarios por minuto m\u00e1s econ\u00f3micos que los del resto de personas usuarias.\u00a0 Pagar\u00e1n 2,5 c\u00e9ntimos por minuto durante la primera media hora, 4 c\u00e9ntimos por minuto durante la segunda media hora, y 10 c\u00e9ntimos el minuto a partir de la hora de utilizaci\u00f3n. As\u00ed, un viaje de media hora les costar\u00e1 75 c\u00e9ntimos, y si lo alargan hasta la hora, tendr\u00e1 un coste de 1,20 euros. Las personas que utilicen el servicio de manera ocasional, por su parte, podr\u00e1n elegir para acceder al servicio entre tener una tarjeta virtual, sin coste adicional, o f\u00edsica, cuya emisi\u00f3n costar\u00e1 un euro. El precio por el uso del servicio ser\u00e1 de 4 c\u00e9ntimos el minuto durante la primera media hora, 6 c\u00e9ntimos el minuto en la siguiente media hora, y 10 c\u00e9ntimos el minuto a partir del minuto 61. De esta manera, un uso de media hora les costar\u00eda 1,20 euros y si es de una hora supondr\u00eda 1,8 euros.<\/p>\n<p>Las altas en el sistema se podr\u00e1n realizar en la mayor\u00eda de los m\u00f3dulos de gesti\u00f3n, o a trav\u00e9s de la aplicaci\u00f3n m\u00f3vil Ride On Pamplona. Tras efectuar el pago, el usuario podr\u00e1 desbloquear la bicicleta el\u00e9ctrica seleccionada a trav\u00e9s de un identificador virtual exclusivo enviado al m\u00f3vil o con una clave. La aplicaci\u00f3n y los propios kioskos tambi\u00e9n permitir\u00e1n consultar la disponibilidad de bicicletas en cada punto, y dar\u00e1n acceso al usuario a informaci\u00f3n sobre su uso una vez finalizado, incluyendo la duraci\u00f3n y las estaciones de origen y destino. Cuando el sistema detecta que una bicicleta no tiene suficiente carga el\u00e9ctrica avisa al servicio de mantenimiento y la muestra como no disponible a las personas usuarias.<\/p>\n<p>El pago se realizar\u00e1 a la hora de obtener el abono y cada vez que se termina un viaje, siendo las tarifas por minuto acumulativas seg\u00fan la duraci\u00f3n total del viaje. El sistema incluye un amplio servicio de atenci\u00f3n a usuarios a trav\u00e9s de correo electr\u00f3nico, redes sociales, web, aplicaci\u00f3n m\u00f3vil y una l\u00ednea de tel\u00e9fono, que atender\u00e1 de ocho de la ma\u00f1ana a seis de la tarde en castellano y euskera.<br \/>\n<script async src=\"\/\/pagead2.googlesyndication.com\/pagead\/js\/adsbygoogle.js\"><\/script><br \/>\n<!-- Noticias La Guia de Pamplona --><br \/>\n<ins class=\"adsbygoogle\"\nstyle=\"display:block\"\ndata-ad-client=\"ca-pub-6943679897239327\"\ndata-ad-slot=\"7048180777\"\ndata-ad-format=\"auto\"><\/ins><br \/>\n<script>\n(adsbygoogle = window.adsbygoogle || []).push({});\n<\/script><\/p>\n<p><strong>Bicicletas el\u00e9ctricas dise\u00f1adas para su uso seguro por la ciudad<\/strong><\/p>\n<p>Las bicicletas que se van a poner a disposici\u00f3n de los ciudadanos en Pamplona, de la marca (e-bike) tienen un dise\u00f1o exclusivo que mantiene su tecnolog\u00eda debidamente protegida, sin sacrificar confort, dise\u00f1o ni medidas de seguridad. Son adaptables en altura gracias a su sill\u00edn regulable desde 1,50 metros de altura m\u00ednima y capaces de desplazarse a una velocidad m\u00e1xima de 25 km\/h. La asistencia al pedaleo tiene una funci\u00f3n que aporta velocidad en la arrancada hasta llegar a 6 km\/h, y la asistencia el\u00e9ctrica tiene tres niveles de apoyo, adem\u00e1s de tres velocidades en un cambio mec\u00e1nico tipo Nexus integrados en el buje trasero de la bicicleta. Estas caracter\u00edsticas la convierten en un medio de transporte alternativo al coche e id\u00f3neo para el transporte intermodal (bus-bicicleta), acortando los tiempos de desplazamiento y ampliando el rango de los viajes dentro de la ciudad.<\/p>\n<p>Para mejorar la visibilidad del veh\u00edculo por parte del resto de usuarios de la v\u00eda, estas bicicletas incorporan luces intermitentes en su parte posterior, que se activan accionando el interruptor localizado en el manillar y se apagan autom\u00e1ticamente despu\u00e9s de 10 segundos. La bici incluye tambi\u00e9n una luz de freno en la parte trasera que se enciende autom\u00e1ticamente cuando hace uso de los mandos del freno. Esta funcionalidad permite, al igual que la anterior, la segura incorporaci\u00f3n en el tr\u00e1fico rodado proporcionando informaci\u00f3n de los pr\u00f3ximos movimientos a los veh\u00edculos que circulan tras la bicicleta.<\/p>\n<p>Cada bicicleta cuenta con un sistema de geoposicionamiento GPS conectado a la bater\u00eda, y un candado tipo U r\u00edgida, para estacionamientos temporales antes de llegar a destino, que se puede utilizar tambi\u00e9n para realizar su anclaje en una base habilitada. Adem\u00e1s, cada veh\u00edculo incorpora un portaobjetos en la parte delantera y guardabarros en ambas ruedas para evitar salpicaduras, y un apoyo para el tel\u00e9fono m\u00f3vil en el centro del manillar, que fija firmemente el dispositivo sin riesgo de ca\u00edda. De esta manera, el usuario puede hacer uso del navegador de la aplicaci\u00f3n que le llevar\u00e1 a la estaci\u00f3n de destino que haya elegido de la manera m\u00e1s conveniente.<br \/>\n<script async src=\"\/\/pagead2.googlesyndication.com\/pagead\/js\/adsbygoogle.js\"><\/script><br \/>\n<!-- Noticias La Guia de Pamplona --><br \/>\n<ins class=\"adsbygoogle\"\nstyle=\"display:block\"\ndata-ad-client=\"ca-pub-6943679897239327\"\ndata-ad-slot=\"7048180777\"\ndata-ad-format=\"auto\"><\/ins><br \/>\n<script>\n(adsbygoogle = window.adsbygoogle || []).push({});\n<\/script><\/p>\n<p><strong>Las 42 estaciones<\/strong><\/p>\n<p>Los 42 puntos en los que se colocar\u00e1n estaciones de recarga se han seleccionado teniendo en cuenta su distribuci\u00f3n por todos los barrios y zonas de la ciudad, y siguiendo criterios de puntos de atracci\u00f3n para la ciudadan\u00eda, accesibilidad, intermodalidad o seguridad tanto para los usuarios como para la propia estaci\u00f3n. Dependiendo de las caracter\u00edsticas de cada punto de estacionamiento y recarga se coloca el tipo de m\u00f3dulo de gesti\u00f3n m\u00e1s adecuado, de tal forma que algunos incorporan todas las funciones incluyendo la expedici\u00f3n de tarjetas y una c\u00e1mara de videovigilancia para la zona, y otros, por su tama\u00f1o m\u00e1s reducido no permitir\u00e1n la expedici\u00f3n de tarjetas. Adem\u00e1s, las bases de bicicletas contar\u00e1n con un sistema de alarma contra el vandalismo en cada anclaje que se activar\u00e1 cuando una persona tire de una bicicleta sin haber efectuado las operaciones necesarias para el desanclaje.<\/p>\n<p>En total, los 42 puntos planteados aportar\u00e1n un m\u00ednimo de 824 anclajes. Ride On, la empresa concesionaria aportar\u00e1 al sistema dos veh\u00edculos con tr\u00e1iler para llevar a cabo la redistribuci\u00f3n de las bicicletas y otro veh\u00edculo ligero el\u00e9ctrico para llevar a cabo los mantenimientos preventivos y correctivos de las estaciones. Esta empresa cuenta con experiencia en la gesti\u00f3n de sistemas de bicicleta el\u00e9ctrica p\u00fablica, que ya tiene desarrollados en ciudades como Miami, Leicester o Dundee.<\/p>\n<p>Inicialmente, estar\u00e1n operativas 26 estaciones y a lo largo de este mes de diciembre y enero, la red de estaciones se completar\u00e1 con las 16 restantes.<br \/>\n<script async src=\"\/\/pagead2.googlesyndication.com\/pagead\/js\/adsbygoogle.js\"><\/script><br \/>\n<!-- Noticias La Guia de Pamplona --><br \/>\n<ins class=\"adsbygoogle\"\nstyle=\"display:block\"\ndata-ad-client=\"ca-pub-6943679897239327\"\ndata-ad-slot=\"7048180777\"\ndata-ad-format=\"auto\"><\/ins><br \/>\n<script>\n(adsbygoogle = window.adsbygoogle || []).push({});\n<\/script><\/p>\n<p>&nbsp;<\/p>\n<h3>Las 26 estaciones ya operativas son las siguientes:<\/h3>\n<ul>\n<li>C\/ SANG\u00dcESA. C\/ Sang\u00fcesa 23<\/li>\n<li>AZPILAGA\u00d1A. C\/ R\u00edo Alzania (Plaza Manuel Turrillas)<\/li>\n<li>C\/ Catalu\u00f1a (Parking)<\/li>\n<li>PLAZA TOROS. C\/ Amaya 1<\/li>\n<li>P\u00cdO XII (LARRAONA). Avda. P\u00edo XII 45 (Colegio Larraona)<\/li>\n<li>C\/ Iturrama 14<\/li>\n<li>ERMITAGA\u00d1A. C\/ Ermitaga\u00f1a 31 (Ikastola Jaso)<\/li>\n<li>C\/ SANDUZELAI. C\/ Sanduzelai 19 (Centro de Salud San Jorge)<\/li>\n<li>C\/ Muelle 6<\/li>\n<li>BUZTINTXURI CENTRO DE SALUD. Avda. Gipuzkoa 13<\/li>\n<li>PASEO ANELIER. C\/ Ochagav\u00eda 20<\/li>\n<li>VILLAVA. Avda. Villava 40 (Biblioteca)<\/li>\n<li>LEZKAIRU (C\/ MAR\u00cdA LACUNZA). C\/ Mar\u00eda Lacunza 9<\/li>\n<li>MEDILLORRI BAJO. C\/ Concejo Ardanaz &#8211; C\/ Se\u00f1or\u00edo de Echalaz<\/li>\n<li>CARLOS III &#8211; GORRITI. Avda. Carlos III 59<\/li>\n<li>P\u00cdO XII &#8211; SANCHO EL FUERTE. Avda. P\u00edo XII 13<\/li>\n<li>TEATRO GAYARRE. Avda. Carlos III<\/li>\n<li>C\/ TUDELA. C\/ Tudela 1<\/li>\n<li>CARLOS III &#8211; LEYRE. Avda. Carlos III 18<\/li>\n<li>Parque Antoniutti<\/li>\n<li>BUZTINTXURI &#8211; AVDA. GIPUZKOA. Avda. Gipuzkoa 34<\/li>\n<li>C\/ ERMITAGA\u00d1A-AVDA. NAVARRA. C\/ Ermitaga\u00f1a 3 &#8211; Avda. Navarra<\/li>\n<li>C\/ MONASTERIO DE LA OLIVA. C\/ Monasterio de la Oliva 35 (P. Asunci\u00f3n)<\/li>\n<li>MARCELO CELAYETA. Avda. Marcelo Celayeta 64 (Biblioteca)<\/li>\n<li>ERRIPAGA\u00d1A. C\/ Londres 12<\/li>\n<li>C\/ ESQU\u00cdROZ. C\/ Esqu\u00edroz 2 &#8211; Avda. Sancho El Fuerte<\/li>\n<\/ul>\n<p>&nbsp;<br \/>\n<script async src=\"\/\/pagead2.googlesyndication.com\/pagead\/js\/adsbygoogle.js\"><\/script><br \/>\n<!-- Noticias La Guia de Pamplona --><br \/>\n<ins class=\"adsbygoogle\"\nstyle=\"display:block\"\ndata-ad-client=\"ca-pub-6943679897239327\"\ndata-ad-slot=\"7048180777\"\ndata-ad-format=\"auto\"><\/ins><br \/>\n<script>\n(adsbygoogle = window.adsbygoogle || []).push({});\n<\/script><\/p>\n<h3>El resto de estaciones tendr\u00e1n la siguiente ubicaci\u00f3n:<\/h3>\n<ul>\n<li>PLAZA DE LA CRUZ C\/ San Ferm\u00edn<\/li>\n<li>C\/ AOIZ C\/ Aoiz 37 (Centro de Salud Ensanche)<\/li>\n<li>RINC\u00d3N DE LA ADUANA C\/ Nueva (Frente al parking R. Aduana)<\/li>\n<li>HOSPITALES C\/ Irunlarrea (Especialidades CHN)<\/li>\n<li>MENDILLORRI ALTO C\/ Concejo Sagaseta 16<\/li>\n<li>PLAZA SAN FRANCISCO C\/ Ansoleaga 6<\/li>\n<li>PLAZA COMPA\u00d1\u00cdA Plaza Compa\u00f1\u00eda<\/li>\n<li>DE BAYONA Plaza Obispo Irurita 1<\/li>\n<li>LEZKAIRU (C\/ CATALU\u00d1A) C\/ Catalu\u00f1a 20<\/li>\n<li>LEZKAIRU (C\/ MUTILVA ALTA) C\/ Mutilva Alta &#8211; C\/ Jos\u00e9 Manuel Baena<\/li>\n<li>MENDILLORRI (CIVIVOX) C\/ Concejo de Sarriguren 2<\/li>\n<li>C\/ BENJAM\u00cdN DE TUDELA C\/ Benjam\u00edn de Tudela 2<\/li>\n<li>UNIVERSIDAD DE NAVARRA UNAV &#8211; Explanada edificio Periodismo<\/li>\n<li>C\/ OLITE C\/ Olite 32 &#8211; Plaza Blanca de Navarra<\/li>\n<li>YAMAGUCHI Plaza Yamaguchi<\/li>\n<li>TXANTREA SUR C\/ Cascante 4<\/li>\n<\/ul>\n","protected":false},"excerpt":{"rendered":"<p>Desde hoy ya est\u00e1n en circulaci\u00f3n 240 bicis y 26 estaciones de recarga, que se completar\u00e1n hasta el objetivo final entre diciembre y enero<\/p>\n","protected":false},"author":1,"featured_media":37964,"comment_status":"open","ping_status":"closed","sticky":false,"template":"","format":"standard","meta":{"footnotes":""},"categories":[2],"tags":[],"class_list":["post-37963","post","type-post","status-publish","format-standard","has-post-thumbnail","hentry","category-ayuntamiento-pamplona"],"yoast_head":"<!-- This site is optimized with the Yoast SEO plugin v27.5 - https:\/\/yoast.com\/product\/yoast-seo-wordpress\/ -->\n<title>Pamplona estrena su primer sistema de alquiler de bicicleta el\u00e9ctrica p\u00fablica, que tendr\u00e1 400 bicis y 42 bases repartidas por toda la ciudad<\/title>\n<meta name=\"description\" content=\"Desde hoy ya est\u00e1n en circulaci\u00f3n 240 bicis y 26 estaciones de recarga, que se completar\u00e1n hasta el objetivo final entre diciembre y enero\" \/>\n<meta name=\"robots\" content=\"index, follow, max-snippet:-1, max-image-preview:large, max-video-preview:-1\" \/>\n<link rel=\"canonical\" href=\"https:\/\/www.laguiadepamplona.com\/actualidad\/pamplona-estrena-su-primer-sistema-de-alquiler-de-bicicleta-electrica-publica-que-tendra-400-bicis-y-42-bases-repartidas-por-toda-la-ciudad\/\" \/>\n<meta property=\"og:locale\" content=\"es_ES\" \/>\n<meta property=\"og:type\" content=\"article\" \/>\n<meta property=\"og:title\" content=\"Pamplona estrena su primer sistema de alquiler de bicicleta el\u00e9ctrica p\u00fablica, que tendr\u00e1 400 bicis y 42 bases repartidas por toda la ciudad\" \/>\n<meta property=\"og:description\" content=\"Desde hoy ya est\u00e1n en circulaci\u00f3n 240 bicis y 26 estaciones de recarga, que se completar\u00e1n hasta el objetivo final entre diciembre y enero\" \/>\n<meta property=\"og:url\" content=\"https:\/\/www.laguiadepamplona.com\/actualidad\/pamplona-estrena-su-primer-sistema-de-alquiler-de-bicicleta-electrica-publica-que-tendra-400-bicis-y-42-bases-repartidas-por-toda-la-ciudad\/\" \/>\n<meta property=\"og:site_name\" content=\"La Gu\u00eda de Pamplona\" \/>\n<meta property=\"article:publisher\" content=\"https:\/\/www.facebook.com\/laguiadepamplonacom-133175176762273\/?ref=hl\" \/>\n<meta property=\"article:published_time\" content=\"2021-12-14T10:51:05+00:00\" \/>\n<meta property=\"article:modified_time\" content=\"2023-04-11T09:48:41+00:00\" \/>\n<meta property=\"og:image\" content=\"https:\/\/www.laguiadepamplona.com\/actualidad\/wp-content\/uploads\/2021\/12\/servbiciseectricasee5a7855.jpg\" \/>\n\t<meta property=\"og:image:width\" content=\"1920\" \/>\n\t<meta property=\"og:image:height\" content=\"1286\" \/>\n\t<meta property=\"og:image:type\" content=\"image\/jpeg\" \/>\n<meta name=\"author\" content=\"La Gu\u00eda de Pamplona\" \/>\n<meta name=\"twitter:card\" content=\"summary_large_image\" \/>\n<meta name=\"twitter:creator\" content=\"@LaGuiadPamplona\" \/>\n<meta name=\"twitter:site\" content=\"@LaGuiadPamplona\" \/>\n<meta name=\"twitter:label1\" content=\"Escrito por\" \/>\n\t<meta name=\"twitter:data1\" content=\"La Gu\u00eda de Pamplona\" \/>\n\t<meta name=\"twitter:label2\" content=\"Tiempo de lectura\" \/>\n\t<meta name=\"twitter:data2\" content=\"9 minutos\" \/>\n<script type=\"application\/ld+json\" class=\"yoast-schema-graph\">{\"@context\":\"https:\\\/\\\/schema.org\",\"@graph\":[{\"@type\":\"Article\",\"@id\":\"https:\\\/\\\/www.laguiadepamplona.com\\\/actualidad\\\/pamplona-estrena-su-primer-sistema-de-alquiler-de-bicicleta-electrica-publica-que-tendra-400-bicis-y-42-bases-repartidas-por-toda-la-ciudad\\\/#article\",\"isPartOf\":{\"@id\":\"https:\\\/\\\/www.laguiadepamplona.com\\\/actualidad\\\/pamplona-estrena-su-primer-sistema-de-alquiler-de-bicicleta-electrica-publica-que-tendra-400-bicis-y-42-bases-repartidas-por-toda-la-ciudad\\\/\"},\"author\":{\"name\":\"La Gu\u00eda de Pamplona\",\"@id\":\"https:\\\/\\\/www.laguiadepamplona.com\\\/actualidad\\\/#\\\/schema\\\/person\\\/efe887376f0213d4657c93adc50b1fdb\"},\"headline\":\"Pamplona estrena su primer sistema de alquiler de bicicleta el\u00e9ctrica p\u00fablica, que tendr\u00e1 400 bicis y 42 bases repartidas por toda la ciudad\",\"datePublished\":\"2021-12-14T10:51:05+00:00\",\"dateModified\":\"2023-04-11T09:48:41+00:00\",\"mainEntityOfPage\":{\"@id\":\"https:\\\/\\\/www.laguiadepamplona.com\\\/actualidad\\\/pamplona-estrena-su-primer-sistema-de-alquiler-de-bicicleta-electrica-publica-que-tendra-400-bicis-y-42-bases-repartidas-por-toda-la-ciudad\\\/\"},\"wordCount\":2083,\"commentCount\":0,\"publisher\":{\"@id\":\"https:\\\/\\\/www.laguiadepamplona.com\\\/actualidad\\\/#organization\"},\"image\":{\"@id\":\"https:\\\/\\\/www.laguiadepamplona.com\\\/actualidad\\\/pamplona-estrena-su-primer-sistema-de-alquiler-de-bicicleta-electrica-publica-que-tendra-400-bicis-y-42-bases-repartidas-por-toda-la-ciudad\\\/#primaryimage\"},\"thumbnailUrl\":\"https:\\\/\\\/www.laguiadepamplona.com\\\/actualidad\\\/wp-content\\\/uploads\\\/2021\\\/12\\\/servbiciseectricasee5a7855.jpg\",\"articleSection\":[\"Ayto Pamplona\"],\"inLanguage\":\"es\",\"potentialAction\":[{\"@type\":\"CommentAction\",\"name\":\"Comment\",\"target\":[\"https:\\\/\\\/www.laguiadepamplona.com\\\/actualidad\\\/pamplona-estrena-su-primer-sistema-de-alquiler-de-bicicleta-electrica-publica-que-tendra-400-bicis-y-42-bases-repartidas-por-toda-la-ciudad\\\/#respond\"]}]},{\"@type\":\"WebPage\",\"@id\":\"https:\\\/\\\/www.laguiadepamplona.com\\\/actualidad\\\/pamplona-estrena-su-primer-sistema-de-alquiler-de-bicicleta-electrica-publica-que-tendra-400-bicis-y-42-bases-repartidas-por-toda-la-ciudad\\\/\",\"url\":\"https:\\\/\\\/www.laguiadepamplona.com\\\/actualidad\\\/pamplona-estrena-su-primer-sistema-de-alquiler-de-bicicleta-electrica-publica-que-tendra-400-bicis-y-42-bases-repartidas-por-toda-la-ciudad\\\/\",\"name\":\"Pamplona estrena su primer sistema de alquiler de bicicleta el\u00e9ctrica p\u00fablica, que tendr\u00e1 400 bicis y 42 bases repartidas por toda la ciudad\",\"isPartOf\":{\"@id\":\"https:\\\/\\\/www.laguiadepamplona.com\\\/actualidad\\\/#website\"},\"primaryImageOfPage\":{\"@id\":\"https:\\\/\\\/www.laguiadepamplona.com\\\/actualidad\\\/pamplona-estrena-su-primer-sistema-de-alquiler-de-bicicleta-electrica-publica-que-tendra-400-bicis-y-42-bases-repartidas-por-toda-la-ciudad\\\/#primaryimage\"},\"image\":{\"@id\":\"https:\\\/\\\/www.laguiadepamplona.com\\\/actualidad\\\/pamplona-estrena-su-primer-sistema-de-alquiler-de-bicicleta-electrica-publica-que-tendra-400-bicis-y-42-bases-repartidas-por-toda-la-ciudad\\\/#primaryimage\"},\"thumbnailUrl\":\"https:\\\/\\\/www.laguiadepamplona.com\\\/actualidad\\\/wp-content\\\/uploads\\\/2021\\\/12\\\/servbiciseectricasee5a7855.jpg\",\"datePublished\":\"2021-12-14T10:51:05+00:00\",\"dateModified\":\"2023-04-11T09:48:41+00:00\",\"description\":\"Desde hoy ya est\u00e1n en circulaci\u00f3n 240 bicis y 26 estaciones de recarga, que se completar\u00e1n hasta el objetivo final entre diciembre y enero\",\"breadcrumb\":{\"@id\":\"https:\\\/\\\/www.laguiadepamplona.com\\\/actualidad\\\/pamplona-estrena-su-primer-sistema-de-alquiler-de-bicicleta-electrica-publica-que-tendra-400-bicis-y-42-bases-repartidas-por-toda-la-ciudad\\\/#breadcrumb\"},\"inLanguage\":\"es\",\"potentialAction\":[{\"@type\":\"ReadAction\",\"target\":[\"https:\\\/\\\/www.laguiadepamplona.com\\\/actualidad\\\/pamplona-estrena-su-primer-sistema-de-alquiler-de-bicicleta-electrica-publica-que-tendra-400-bicis-y-42-bases-repartidas-por-toda-la-ciudad\\\/\"]}]},{\"@type\":\"ImageObject\",\"inLanguage\":\"es\",\"@id\":\"https:\\\/\\\/www.laguiadepamplona.com\\\/actualidad\\\/pamplona-estrena-su-primer-sistema-de-alquiler-de-bicicleta-electrica-publica-que-tendra-400-bicis-y-42-bases-repartidas-por-toda-la-ciudad\\\/#primaryimage\",\"url\":\"https:\\\/\\\/www.laguiadepamplona.com\\\/actualidad\\\/wp-content\\\/uploads\\\/2021\\\/12\\\/servbiciseectricasee5a7855.jpg\",\"contentUrl\":\"https:\\\/\\\/www.laguiadepamplona.com\\\/actualidad\\\/wp-content\\\/uploads\\\/2021\\\/12\\\/servbiciseectricasee5a7855.jpg\",\"width\":1920,\"height\":1286},{\"@type\":\"BreadcrumbList\",\"@id\":\"https:\\\/\\\/www.laguiadepamplona.com\\\/actualidad\\\/pamplona-estrena-su-primer-sistema-de-alquiler-de-bicicleta-electrica-publica-que-tendra-400-bicis-y-42-bases-repartidas-por-toda-la-ciudad\\\/#breadcrumb\",\"itemListElement\":[{\"@type\":\"ListItem\",\"position\":1,\"name\":\"Portada\",\"item\":\"https:\\\/\\\/www.laguiadepamplona.com\\\/actualidad\\\/\"},{\"@type\":\"ListItem\",\"position\":2,\"name\":\"Pamplona estrena su primer sistema de alquiler de bicicleta el\u00e9ctrica p\u00fablica, que tendr\u00e1 400 bicis y 42 bases repartidas por toda la ciudad\"}]},{\"@type\":\"WebSite\",\"@id\":\"https:\\\/\\\/www.laguiadepamplona.com\\\/actualidad\\\/#website\",\"url\":\"https:\\\/\\\/www.laguiadepamplona.com\\\/actualidad\\\/\",\"name\":\"La gu\u00eda de Pamplona\",\"description\":\"Noticias de Pamplona\",\"publisher\":{\"@id\":\"https:\\\/\\\/www.laguiadepamplona.com\\\/actualidad\\\/#organization\"},\"potentialAction\":[{\"@type\":\"SearchAction\",\"target\":{\"@type\":\"EntryPoint\",\"urlTemplate\":\"https:\\\/\\\/www.laguiadepamplona.com\\\/actualidad\\\/?s={search_term_string}\"},\"query-input\":{\"@type\":\"PropertyValueSpecification\",\"valueRequired\":true,\"valueName\":\"search_term_string\"}}],\"inLanguage\":\"es\"},{\"@type\":\"Organization\",\"@id\":\"https:\\\/\\\/www.laguiadepamplona.com\\\/actualidad\\\/#organization\",\"name\":\"La Gu\u00eda de Pamplona \\\/ Noticias\",\"url\":\"https:\\\/\\\/www.laguiadepamplona.com\\\/actualidad\\\/\",\"logo\":{\"@type\":\"ImageObject\",\"inLanguage\":\"es\",\"@id\":\"https:\\\/\\\/www.laguiadepamplona.com\\\/actualidad\\\/#\\\/schema\\\/logo\\\/image\\\/\",\"url\":\"https:\\\/\\\/www.laguiadepamplona.com\\\/actualidad\\\/wp-content\\\/uploads\\\/2018\\\/11\\\/logo-laguiadepamplona18-web1.png\",\"contentUrl\":\"https:\\\/\\\/www.laguiadepamplona.com\\\/actualidad\\\/wp-content\\\/uploads\\\/2018\\\/11\\\/logo-laguiadepamplona18-web1.png\",\"width\":600,\"height\":196,\"caption\":\"La Gu\u00eda de Pamplona \\\/ Noticias\"},\"image\":{\"@id\":\"https:\\\/\\\/www.laguiadepamplona.com\\\/actualidad\\\/#\\\/schema\\\/logo\\\/image\\\/\"},\"sameAs\":[\"https:\\\/\\\/www.facebook.com\\\/laguiadepamplonacom-133175176762273\\\/?ref=hl\",\"https:\\\/\\\/x.com\\\/LaGuiadPamplona\",\"https:\\\/\\\/www.instagram.com\\\/la_guia_de_pamplona\\\/\",\"https:\\\/\\\/www.youtube.com\\\/user\\\/laguiadepamplona\"]},{\"@type\":\"Person\",\"@id\":\"https:\\\/\\\/www.laguiadepamplona.com\\\/actualidad\\\/#\\\/schema\\\/person\\\/efe887376f0213d4657c93adc50b1fdb\",\"name\":\"La Gu\u00eda de Pamplona\",\"image\":{\"@type\":\"ImageObject\",\"inLanguage\":\"es\",\"@id\":\"https:\\\/\\\/secure.gravatar.com\\\/avatar\\\/b6992f131dc8d30ab0dff15446e9d346d9dbd95992de0fef795073f5ea83a81c?s=96&d=mm&r=g\",\"url\":\"https:\\\/\\\/secure.gravatar.com\\\/avatar\\\/b6992f131dc8d30ab0dff15446e9d346d9dbd95992de0fef795073f5ea83a81c?s=96&d=mm&r=g\",\"contentUrl\":\"https:\\\/\\\/secure.gravatar.com\\\/avatar\\\/b6992f131dc8d30ab0dff15446e9d346d9dbd95992de0fef795073f5ea83a81c?s=96&d=mm&r=g\",\"caption\":\"La Gu\u00eda de Pamplona\"}}]}<\/script>\n<!-- \/ Yoast SEO plugin. -->","yoast_head_json":{"title":"Pamplona estrena su primer sistema de alquiler de bicicleta el\u00e9ctrica p\u00fablica, que tendr\u00e1 400 bicis y 42 bases repartidas por toda la ciudad","description":"Desde hoy ya est\u00e1n en circulaci\u00f3n 240 bicis y 26 estaciones de recarga, que se completar\u00e1n hasta el objetivo final entre diciembre y enero","robots":{"index":"index","follow":"follow","max-snippet":"max-snippet:-1","max-image-preview":"max-image-preview:large","max-video-preview":"max-video-preview:-1"},"canonical":"https:\/\/www.laguiadepamplona.com\/actualidad\/pamplona-estrena-su-primer-sistema-de-alquiler-de-bicicleta-electrica-publica-que-tendra-400-bicis-y-42-bases-repartidas-por-toda-la-ciudad\/","og_locale":"es_ES","og_type":"article","og_title":"Pamplona estrena su primer sistema de alquiler de bicicleta el\u00e9ctrica p\u00fablica, que tendr\u00e1 400 bicis y 42 bases repartidas por toda la ciudad","og_description":"Desde hoy ya est\u00e1n en circulaci\u00f3n 240 bicis y 26 estaciones de recarga, que se completar\u00e1n hasta el objetivo final entre diciembre y enero","og_url":"https:\/\/www.laguiadepamplona.com\/actualidad\/pamplona-estrena-su-primer-sistema-de-alquiler-de-bicicleta-electrica-publica-que-tendra-400-bicis-y-42-bases-repartidas-por-toda-la-ciudad\/","og_site_name":"La Gu\u00eda de Pamplona","article_publisher":"https:\/\/www.facebook.com\/laguiadepamplonacom-133175176762273\/?ref=hl","article_published_time":"2021-12-14T10:51:05+00:00","article_modified_time":"2023-04-11T09:48:41+00:00","og_image":[{"width":1920,"height":1286,"url":"https:\/\/www.laguiadepamplona.com\/actualidad\/wp-content\/uploads\/2021\/12\/servbiciseectricasee5a7855.jpg","type":"image\/jpeg"}],"author":"La Gu\u00eda de Pamplona","twitter_card":"summary_large_image","twitter_creator":"@LaGuiadPamplona","twitter_site":"@LaGuiadPamplona","twitter_misc":{"Escrito por":"La Gu\u00eda de Pamplona","Tiempo de lectura":"9 minutos"},"schema":{"@context":"https:\/\/schema.org","@graph":[{"@type":"Article","@id":"https:\/\/www.laguiadepamplona.com\/actualidad\/pamplona-estrena-su-primer-sistema-de-alquiler-de-bicicleta-electrica-publica-que-tendra-400-bicis-y-42-bases-repartidas-por-toda-la-ciudad\/#article","isPartOf":{"@id":"https:\/\/www.laguiadepamplona.com\/actualidad\/pamplona-estrena-su-primer-sistema-de-alquiler-de-bicicleta-electrica-publica-que-tendra-400-bicis-y-42-bases-repartidas-por-toda-la-ciudad\/"},"author":{"name":"La Gu\u00eda de Pamplona","@id":"https:\/\/www.laguiadepamplona.com\/actualidad\/#\/schema\/person\/efe887376f0213d4657c93adc50b1fdb"},"headline":"Pamplona estrena su primer sistema de alquiler de bicicleta el\u00e9ctrica p\u00fablica, que tendr\u00e1 400 bicis y 42 bases repartidas por toda la ciudad","datePublished":"2021-12-14T10:51:05+00:00","dateModified":"2023-04-11T09:48:41+00:00","mainEntityOfPage":{"@id":"https:\/\/www.laguiadepamplona.com\/actualidad\/pamplona-estrena-su-primer-sistema-de-alquiler-de-bicicleta-electrica-publica-que-tendra-400-bicis-y-42-bases-repartidas-por-toda-la-ciudad\/"},"wordCount":2083,"commentCount":0,"publisher":{"@id":"https:\/\/www.laguiadepamplona.com\/actualidad\/#organization"},"image":{"@id":"https:\/\/www.laguiadepamplona.com\/actualidad\/pamplona-estrena-su-primer-sistema-de-alquiler-de-bicicleta-electrica-publica-que-tendra-400-bicis-y-42-bases-repartidas-por-toda-la-ciudad\/#primaryimage"},"thumbnailUrl":"https:\/\/www.laguiadepamplona.com\/actualidad\/wp-content\/uploads\/2021\/12\/servbiciseectricasee5a7855.jpg","articleSection":["Ayto Pamplona"],"inLanguage":"es","potentialAction":[{"@type":"CommentAction","name":"Comment","target":["https:\/\/www.laguiadepamplona.com\/actualidad\/pamplona-estrena-su-primer-sistema-de-alquiler-de-bicicleta-electrica-publica-que-tendra-400-bicis-y-42-bases-repartidas-por-toda-la-ciudad\/#respond"]}]},{"@type":"WebPage","@id":"https:\/\/www.laguiadepamplona.com\/actualidad\/pamplona-estrena-su-primer-sistema-de-alquiler-de-bicicleta-electrica-publica-que-tendra-400-bicis-y-42-bases-repartidas-por-toda-la-ciudad\/","url":"https:\/\/www.laguiadepamplona.com\/actualidad\/pamplona-estrena-su-primer-sistema-de-alquiler-de-bicicleta-electrica-publica-que-tendra-400-bicis-y-42-bases-repartidas-por-toda-la-ciudad\/","name":"Pamplona estrena su primer sistema de alquiler de bicicleta el\u00e9ctrica p\u00fablica, que tendr\u00e1 400 bicis y 42 bases repartidas por toda la ciudad","isPartOf":{"@id":"https:\/\/www.laguiadepamplona.com\/actualidad\/#website"},"primaryImageOfPage":{"@id":"https:\/\/www.laguiadepamplona.com\/actualidad\/pamplona-estrena-su-primer-sistema-de-alquiler-de-bicicleta-electrica-publica-que-tendra-400-bicis-y-42-bases-repartidas-por-toda-la-ciudad\/#primaryimage"},"image":{"@id":"https:\/\/www.laguiadepamplona.com\/actualidad\/pamplona-estrena-su-primer-sistema-de-alquiler-de-bicicleta-electrica-publica-que-tendra-400-bicis-y-42-bases-repartidas-por-toda-la-ciudad\/#primaryimage"},"thumbnailUrl":"https:\/\/www.laguiadepamplona.com\/actualidad\/wp-content\/uploads\/2021\/12\/servbiciseectricasee5a7855.jpg","datePublished":"2021-12-14T10:51:05+00:00","dateModified":"2023-04-11T09:48:41+00:00","description":"Desde hoy ya est\u00e1n en circulaci\u00f3n 240 bicis y 26 estaciones de recarga, que se completar\u00e1n hasta el objetivo final entre diciembre y enero","breadcrumb":{"@id":"https:\/\/www.laguiadepamplona.com\/actualidad\/pamplona-estrena-su-primer-sistema-de-alquiler-de-bicicleta-electrica-publica-que-tendra-400-bicis-y-42-bases-repartidas-por-toda-la-ciudad\/#breadcrumb"},"inLanguage":"es","potentialAction":[{"@type":"ReadAction","target":["https:\/\/www.laguiadepamplona.com\/actualidad\/pamplona-estrena-su-primer-sistema-de-alquiler-de-bicicleta-electrica-publica-que-tendra-400-bicis-y-42-bases-repartidas-por-toda-la-ciudad\/"]}]},{"@type":"ImageObject","inLanguage":"es","@id":"https:\/\/www.laguiadepamplona.com\/actualidad\/pamplona-estrena-su-primer-sistema-de-alquiler-de-bicicleta-electrica-publica-que-tendra-400-bicis-y-42-bases-repartidas-por-toda-la-ciudad\/#primaryimage","url":"https:\/\/www.laguiadepamplona.com\/actualidad\/wp-content\/uploads\/2021\/12\/servbiciseectricasee5a7855.jpg","contentUrl":"https:\/\/www.laguiadepamplona.com\/actualidad\/wp-content\/uploads\/2021\/12\/servbiciseectricasee5a7855.jpg","width":1920,"height":1286},{"@type":"BreadcrumbList","@id":"https:\/\/www.laguiadepamplona.com\/actualidad\/pamplona-estrena-su-primer-sistema-de-alquiler-de-bicicleta-electrica-publica-que-tendra-400-bicis-y-42-bases-repartidas-por-toda-la-ciudad\/#breadcrumb","itemListElement":[{"@type":"ListItem","position":1,"name":"Portada","item":"https:\/\/www.laguiadepamplona.com\/actualidad\/"},{"@type":"ListItem","position":2,"name":"Pamplona estrena su primer sistema de alquiler de bicicleta el\u00e9ctrica p\u00fablica, que tendr\u00e1 400 bicis y 42 bases repartidas por toda la ciudad"}]},{"@type":"WebSite","@id":"https:\/\/www.laguiadepamplona.com\/actualidad\/#website","url":"https:\/\/www.laguiadepamplona.com\/actualidad\/","name":"La gu\u00eda de Pamplona","description":"Noticias de Pamplona","publisher":{"@id":"https:\/\/www.laguiadepamplona.com\/actualidad\/#organization"},"potentialAction":[{"@type":"SearchAction","target":{"@type":"EntryPoint","urlTemplate":"https:\/\/www.laguiadepamplona.com\/actualidad\/?s={search_term_string}"},"query-input":{"@type":"PropertyValueSpecification","valueRequired":true,"valueName":"search_term_string"}}],"inLanguage":"es"},{"@type":"Organization","@id":"https:\/\/www.laguiadepamplona.com\/actualidad\/#organization","name":"La Gu\u00eda de Pamplona \/ Noticias","url":"https:\/\/www.laguiadepamplona.com\/actualidad\/","logo":{"@type":"ImageObject","inLanguage":"es","@id":"https:\/\/www.laguiadepamplona.com\/actualidad\/#\/schema\/logo\/image\/","url":"https:\/\/www.laguiadepamplona.com\/actualidad\/wp-content\/uploads\/2018\/11\/logo-laguiadepamplona18-web1.png","contentUrl":"https:\/\/www.laguiadepamplona.com\/actualidad\/wp-content\/uploads\/2018\/11\/logo-laguiadepamplona18-web1.png","width":600,"height":196,"caption":"La Gu\u00eda de Pamplona \/ Noticias"},"image":{"@id":"https:\/\/www.laguiadepamplona.com\/actualidad\/#\/schema\/logo\/image\/"},"sameAs":["https:\/\/www.facebook.com\/laguiadepamplonacom-133175176762273\/?ref=hl","https:\/\/x.com\/LaGuiadPamplona","https:\/\/www.instagram.com\/la_guia_de_pamplona\/","https:\/\/www.youtube.com\/user\/laguiadepamplona"]},{"@type":"Person","@id":"https:\/\/www.laguiadepamplona.com\/actualidad\/#\/schema\/person\/efe887376f0213d4657c93adc50b1fdb","name":"La Gu\u00eda de Pamplona","image":{"@type":"ImageObject","inLanguage":"es","@id":"https:\/\/secure.gravatar.com\/avatar\/b6992f131dc8d30ab0dff15446e9d346d9dbd95992de0fef795073f5ea83a81c?s=96&d=mm&r=g","url":"https:\/\/secure.gravatar.com\/avatar\/b6992f131dc8d30ab0dff15446e9d346d9dbd95992de0fef795073f5ea83a81c?s=96&d=mm&r=g","contentUrl":"https:\/\/secure.gravatar.com\/avatar\/b6992f131dc8d30ab0dff15446e9d346d9dbd95992de0fef795073f5ea83a81c?s=96&d=mm&r=g","caption":"La Gu\u00eda de Pamplona"}}]}},"post_mailing_queue_ids":[],"_links":{"self":[{"href":"https:\/\/www.laguiadepamplona.com\/actualidad\/wp-json\/wp\/v2\/posts\/37963","targetHints":{"allow":["GET"]}}],"collection":[{"href":"https:\/\/www.laguiadepamplona.com\/actualidad\/wp-json\/wp\/v2\/posts"}],"about":[{"href":"https:\/\/www.laguiadepamplona.com\/actualidad\/wp-json\/wp\/v2\/types\/post"}],"author":[{"embeddable":true,"href":"https:\/\/www.laguiadepamplona.com\/actualidad\/wp-json\/wp\/v2\/users\/1"}],"replies":[{"embeddable":true,"href":"https:\/\/www.laguiadepamplona.com\/actualidad\/wp-json\/wp\/v2\/comments?post=37963"}],"version-history":[{"count":0,"href":"https:\/\/www.laguiadepamplona.com\/actualidad\/wp-json\/wp\/v2\/posts\/37963\/revisions"}],"wp:featuredmedia":[{"embeddable":true,"href":"https:\/\/www.laguiadepamplona.com\/actualidad\/wp-json\/wp\/v2\/media\/37964"}],"wp:attachment":[{"href":"https:\/\/www.laguiadepamplona.com\/actualidad\/wp-json\/wp\/v2\/media?parent=37963"}],"wp:term":[{"taxonomy":"category","embeddable":true,"href":"https:\/\/www.laguiadepamplona.com\/actualidad\/wp-json\/wp\/v2\/categories?post=37963"},{"taxonomy":"post_tag","embeddable":true,"href":"https:\/\/www.laguiadepamplona.com\/actualidad\/wp-json\/wp\/v2\/tags?post=37963"}],"curies":[{"name":"wp","href":"https:\/\/api.w.org\/{rel}","templated":true}]}}