{"id":37923,"date":"2021-12-13T18:26:56","date_gmt":"2021-12-13T16:26:56","guid":{"rendered":"https:\/\/www.laguiadepamplona.com\/actualidad\/?p=37923"},"modified":"2023-04-11T11:48:41","modified_gmt":"2023-04-11T09:48:41","slug":"el-ayuntamiento-da-el-visto-bueno-a-un-convenio-con-el-gobierno-de-navarra-y-nasuvinsa-para-el-impulso-de-238-viviendas-de-proteccion-en-varios-barrios-de-pamplona","status":"publish","type":"post","link":"https:\/\/www.laguiadepamplona.com\/actualidad\/el-ayuntamiento-da-el-visto-bueno-a-un-convenio-con-el-gobierno-de-navarra-y-nasuvinsa-para-el-impulso-de-238-viviendas-de-proteccion-en-varios-barrios-de-pamplona\/","title":{"rendered":"El Ayuntamiento da el visto bueno a un convenio con el Gobierno de Navarra y Nasuvinsa para el impulso de 238 viviendas de protecci\u00f3n en varios barrios de Pamplona"},"content":{"rendered":"<h5>Nasuvinsa se encargar\u00eda de la construcci\u00f3n y gesti\u00f3n de las promociones, que incluyen 159 de alquiler y 79 viviendas en r\u00e9gimen de compraventa<\/h5>\n<p><!--more--><\/p>\n<p>El Ayuntamiento de Pamplona y el Gobierno de Navarra han trabajado en un convenio de colaboraci\u00f3n para la construcci\u00f3n de 238 viviendas de protecci\u00f3n oficial en seis parcelas de la capital navarra. En concreto, se prev\u00e9 habilitar 159 viviendas en r\u00e9gimen de alquiler y 79 de compraventa, todas ellas para personas empadronadas en Pamplona.<\/p>\n<p>La Junta de Gobierno Local ha aprobado hoy el convenio de colaboraci\u00f3n, en el que interviene tambi\u00e9n la empresa p\u00fablica Navarra de Suelo y Vivienda (Nasuvinsa), que ser\u00e1 la encargada de construir y gestionar la concesi\u00f3n de las viviendas. \u00c9stas se levantar\u00e1n en seis parcelas de Pamplona, ubicadas en los barrios de Etxabakoitz, San Jorge, Milagrosa, Txantrea, Lezkairu y Buztintxuri.<\/p>\n<p>Las 79 viviendas en r\u00e9gimen de compraventa se construir\u00e1n en Etxabakoitz (32 VPO), San Jorge (36) y Milagrosa (11). Nasuvinsa adquirir\u00e1 estas tres parcelas, abonando al Ayuntamiento de Pamplona un total de 1.170.013,86 euros (m\u00e1s IVA) por ellas.<br \/>\n<script async src=\"\/\/pagead2.googlesyndication.com\/pagead\/js\/adsbygoogle.js\"><\/script><br \/>\n<!-- Noticias La Guia de Pamplona --><br \/>\n<ins class=\"adsbygoogle\"\nstyle=\"display:block\"\ndata-ad-client=\"ca-pub-6943679897239327\"\ndata-ad-slot=\"7048180777\"\ndata-ad-format=\"auto\"><\/ins><br \/>\n<script>\n(adsbygoogle = window.adsbygoogle || []).push({});\n<\/script><\/p>\n<p><strong>Prioridad para j\u00f3venes en las VPO de alquiler<\/strong><\/p>\n<p>Por otro lado, el Consistorio se compromete a realizar la cesi\u00f3n del derecho de superficie de las parcelas de la Txantrea, Lezkairu y Buztintxuri, para la promoci\u00f3n de viviendas de protecci\u00f3n en r\u00e9gimen de alquiler, donde se prestar\u00e1 especial atenci\u00f3n a la poblaci\u00f3n joven.<\/p>\n<p>El mayor n\u00famero de viviendas se concentrar\u00e1 en el barrio de la Txantrea, donde se prev\u00e9 construir 77 VPO de arrendamiento, de las que el 50% se destinar\u00e1n a personas menores de 35 a\u00f1os. Por su parte, en Lezkairu se habilitar\u00e1n 52 viviendas, todas ellas dirigidas a alquiler joven. En Buztintxuri, se levantar\u00e1n 30 viviendas, de las que el 60% ser\u00e1n para menores de 35 a\u00f1os y el 40% restante para personas mayores de 60 a\u00f1os.<\/p>\n<p>Seg\u00fan el convenio, una vez finalizada la construcci\u00f3n de los edificios, Nasuvinsa entregar\u00e1 al Ayuntamiento de Pamplona la propiedad de todos los locales ubicados en las plantas bajas.<br \/>\n<script async src=\"\/\/pagead2.googlesyndication.com\/pagead\/js\/adsbygoogle.js\"><\/script><br \/>\n<!-- Noticias La Guia de Pamplona --><br \/>\n<ins class=\"adsbygoogle\"\nstyle=\"display:block\"\ndata-ad-client=\"ca-pub-6943679897239327\"\ndata-ad-slot=\"7048180777\"\ndata-ad-format=\"auto\"><\/ins><br \/>\n<script>\n(adsbygoogle = window.adsbygoogle || []).push({});\n<\/script><\/p>\n<p><strong>Colaboraci\u00f3n entre Administraciones<\/strong><\/p>\n<p>El objetivo de este convenio de colaboraci\u00f3n pasa por desarrollar una pol\u00edtica de vivienda coordinada que garantice el derecho a la vivienda, especialmente entre la poblaci\u00f3n joven y las personas con especiales dificultades sociales o econ\u00f3micas.<\/p>\n<p>Esta medida forma parte del acuerdo presupuestario alcanzado entre los grupos municipales Navarra Suma y Socialistas del Ayuntamiento de Pamplona.<br \/>\n<script async src=\"\/\/pagead2.googlesyndication.com\/pagead\/js\/adsbygoogle.js\"><\/script><br \/>\n<!-- Noticias La Guia de Pamplona --><br \/>\n<ins class=\"adsbygoogle\"\nstyle=\"display:block\"\ndata-ad-client=\"ca-pub-6943679897239327\"\ndata-ad-slot=\"7048180777\"\ndata-ad-format=\"auto\"><\/ins><br \/>\n<script>\n(adsbygoogle = window.adsbygoogle || []).push({});\n<\/script><\/p>\n<p>&nbsp;<\/p>\n<h3>Parcelas Incluidas en el Convenio<\/h3>\n<ul>\n<li>Parcelas destinadas a VPO en r\u00e9gimen de compraventa\n<ul>\n<li>Parcela C1 en el \u00e1rea ARS-15-U.I.XX, de 928 metros cuadrados (parcela catastral 340 del pol\u00edgono 4).<\/li>\n<li>San Jorge. Parcela 1.2 de la unidad D-U.I. VI, de 1.136,06 metros cuadrados (sub\u00e1rea 20 de la parcela catastral 2922 del pol\u00edgono 7).<\/li>\n<li>Parcela P.1.3. de la reparcelaci\u00f3n de la ARZ 6 \/ ZN 10 de la U.I. XIX, de 298,04 metros cuadrados (parcela catastral 2570 del pol\u00edgono 5).<\/li>\n<\/ul>\n<\/li>\n<li>Parcelas destinadas a VPO de alquiler\n<ul>\n<li>Parcela 2 integrada en el sector S1AR-ARS-1 de la unidad integrada V, de 3.050,33 metros cuadrados (parcela catastral 2117 del pol\u00edgono 6).<\/li>\n<li>Parcela A1.3 de la unidad integrada XVI, de 1.008,40 metros cuadrados (parcela catastral 2135 del pol\u00edgono 5).<\/li>\n<li>Parcela P2.3 de la PEAU de la manzana 23C y 24 C del Plan Parcial de la unidad integrada II, de 760,03 metros cuadrados (parcela catastral 212 del pol\u00edgono 7).<\/li>\n<\/ul>\n<\/li>\n<\/ul>\n","protected":false},"excerpt":{"rendered":"<p>Nasuvinsa se encargar\u00eda de la construcci\u00f3n y gesti\u00f3n de las promociones, que incluyen 159 de alquiler y 79 viviendas en r\u00e9gimen de compraventa<\/p>\n","protected":false},"author":1,"featured_media":37924,"comment_status":"open","ping_status":"closed","sticky":false,"template":"","format":"standard","meta":{"footnotes":""},"categories":[2],"tags":[],"class_list":["post-37923","post","type-post","status-publish","format-standard","has-post-thumbnail","hentry","category-ayuntamiento-pamplona"],"yoast_head":"<!-- This site is optimized with the Yoast SEO plugin v27.3 - https:\/\/yoast.com\/product\/yoast-seo-wordpress\/ -->\n<title>El Ayuntamiento da el visto bueno a un convenio con el Gobierno de Navarra y Nasuvinsa para el impulso de 238 viviendas de protecci\u00f3n en varios barrios de Pamplona<\/title>\n<meta name=\"description\" content=\"Nasuvinsa se encargar\u00eda de la construcci\u00f3n y gesti\u00f3n de las promociones, que incluyen 159 de alquiler y 79 viviendas en r\u00e9gimen de compraventa\" \/>\n<meta name=\"robots\" content=\"index, follow, max-snippet:-1, max-image-preview:large, max-video-preview:-1\" \/>\n<link rel=\"canonical\" href=\"https:\/\/www.laguiadepamplona.com\/actualidad\/el-ayuntamiento-da-el-visto-bueno-a-un-convenio-con-el-gobierno-de-navarra-y-nasuvinsa-para-el-impulso-de-238-viviendas-de-proteccion-en-varios-barrios-de-pamplona\/\" \/>\n<meta property=\"og:locale\" content=\"es_ES\" \/>\n<meta property=\"og:type\" content=\"article\" \/>\n<meta property=\"og:title\" content=\"El Ayuntamiento da el visto bueno a un convenio con el Gobierno de Navarra y Nasuvinsa para el impulso de 238 viviendas de protecci\u00f3n en varios barrios de Pamplona\" \/>\n<meta property=\"og:description\" content=\"Nasuvinsa se encargar\u00eda de la construcci\u00f3n y gesti\u00f3n de las promociones, que incluyen 159 de alquiler y 79 viviendas en r\u00e9gimen de compraventa\" \/>\n<meta property=\"og:url\" content=\"https:\/\/www.laguiadepamplona.com\/actualidad\/el-ayuntamiento-da-el-visto-bueno-a-un-convenio-con-el-gobierno-de-navarra-y-nasuvinsa-para-el-impulso-de-238-viviendas-de-proteccion-en-varios-barrios-de-pamplona\/\" \/>\n<meta property=\"og:site_name\" content=\"La Gu\u00eda de Pamplona\" \/>\n<meta property=\"article:publisher\" content=\"https:\/\/www.facebook.com\/laguiadepamplonacom-133175176762273\/?ref=hl\" \/>\n<meta property=\"article:published_time\" content=\"2021-12-13T16:26:56+00:00\" \/>\n<meta property=\"article:modified_time\" content=\"2023-04-11T09:48:41+00:00\" \/>\n<meta property=\"og:image\" content=\"https:\/\/www.laguiadepamplona.com\/actualidad\/wp-content\/uploads\/2021\/12\/barrio_lezkairu_0.jpg\" \/>\n\t<meta property=\"og:image:width\" content=\"1920\" \/>\n\t<meta property=\"og:image:height\" content=\"1280\" \/>\n\t<meta property=\"og:image:type\" content=\"image\/jpeg\" \/>\n<meta name=\"author\" content=\"La Gu\u00eda de Pamplona\" \/>\n<meta name=\"twitter:card\" content=\"summary_large_image\" \/>\n<meta name=\"twitter:creator\" content=\"@LaGuiadPamplona\" \/>\n<meta name=\"twitter:site\" content=\"@LaGuiadPamplona\" \/>\n<meta name=\"twitter:label1\" content=\"Escrito por\" \/>\n\t<meta name=\"twitter:data1\" content=\"La Gu\u00eda de Pamplona\" \/>\n\t<meta name=\"twitter:label2\" content=\"Tiempo de lectura\" \/>\n\t<meta name=\"twitter:data2\" content=\"3 minutos\" \/>\n<script type=\"application\/ld+json\" class=\"yoast-schema-graph\">{\"@context\":\"https:\\\/\\\/schema.org\",\"@graph\":[{\"@type\":\"Article\",\"@id\":\"https:\\\/\\\/www.laguiadepamplona.com\\\/actualidad\\\/el-ayuntamiento-da-el-visto-bueno-a-un-convenio-con-el-gobierno-de-navarra-y-nasuvinsa-para-el-impulso-de-238-viviendas-de-proteccion-en-varios-barrios-de-pamplona\\\/#article\",\"isPartOf\":{\"@id\":\"https:\\\/\\\/www.laguiadepamplona.com\\\/actualidad\\\/el-ayuntamiento-da-el-visto-bueno-a-un-convenio-con-el-gobierno-de-navarra-y-nasuvinsa-para-el-impulso-de-238-viviendas-de-proteccion-en-varios-barrios-de-pamplona\\\/\"},\"author\":{\"name\":\"La Gu\u00eda de Pamplona\",\"@id\":\"https:\\\/\\\/www.laguiadepamplona.com\\\/actualidad\\\/#\\\/schema\\\/person\\\/efe887376f0213d4657c93adc50b1fdb\"},\"headline\":\"El Ayuntamiento da el visto bueno a un convenio con el Gobierno de Navarra y Nasuvinsa para el impulso de 238 viviendas de protecci\u00f3n en varios barrios de Pamplona\",\"datePublished\":\"2021-12-13T16:26:56+00:00\",\"dateModified\":\"2023-04-11T09:48:41+00:00\",\"mainEntityOfPage\":{\"@id\":\"https:\\\/\\\/www.laguiadepamplona.com\\\/actualidad\\\/el-ayuntamiento-da-el-visto-bueno-a-un-convenio-con-el-gobierno-de-navarra-y-nasuvinsa-para-el-impulso-de-238-viviendas-de-proteccion-en-varios-barrios-de-pamplona\\\/\"},\"wordCount\":582,\"commentCount\":0,\"publisher\":{\"@id\":\"https:\\\/\\\/www.laguiadepamplona.com\\\/actualidad\\\/#organization\"},\"image\":{\"@id\":\"https:\\\/\\\/www.laguiadepamplona.com\\\/actualidad\\\/el-ayuntamiento-da-el-visto-bueno-a-un-convenio-con-el-gobierno-de-navarra-y-nasuvinsa-para-el-impulso-de-238-viviendas-de-proteccion-en-varios-barrios-de-pamplona\\\/#primaryimage\"},\"thumbnailUrl\":\"https:\\\/\\\/www.laguiadepamplona.com\\\/actualidad\\\/wp-content\\\/uploads\\\/2021\\\/12\\\/barrio_lezkairu_0.jpg\",\"articleSection\":[\"Ayto Pamplona\"],\"inLanguage\":\"es\",\"potentialAction\":[{\"@type\":\"CommentAction\",\"name\":\"Comment\",\"target\":[\"https:\\\/\\\/www.laguiadepamplona.com\\\/actualidad\\\/el-ayuntamiento-da-el-visto-bueno-a-un-convenio-con-el-gobierno-de-navarra-y-nasuvinsa-para-el-impulso-de-238-viviendas-de-proteccion-en-varios-barrios-de-pamplona\\\/#respond\"]}]},{\"@type\":\"WebPage\",\"@id\":\"https:\\\/\\\/www.laguiadepamplona.com\\\/actualidad\\\/el-ayuntamiento-da-el-visto-bueno-a-un-convenio-con-el-gobierno-de-navarra-y-nasuvinsa-para-el-impulso-de-238-viviendas-de-proteccion-en-varios-barrios-de-pamplona\\\/\",\"url\":\"https:\\\/\\\/www.laguiadepamplona.com\\\/actualidad\\\/el-ayuntamiento-da-el-visto-bueno-a-un-convenio-con-el-gobierno-de-navarra-y-nasuvinsa-para-el-impulso-de-238-viviendas-de-proteccion-en-varios-barrios-de-pamplona\\\/\",\"name\":\"El Ayuntamiento da el visto bueno a un convenio con el Gobierno de Navarra y Nasuvinsa para el impulso de 238 viviendas de protecci\u00f3n en varios barrios de Pamplona\",\"isPartOf\":{\"@id\":\"https:\\\/\\\/www.laguiadepamplona.com\\\/actualidad\\\/#website\"},\"primaryImageOfPage\":{\"@id\":\"https:\\\/\\\/www.laguiadepamplona.com\\\/actualidad\\\/el-ayuntamiento-da-el-visto-bueno-a-un-convenio-con-el-gobierno-de-navarra-y-nasuvinsa-para-el-impulso-de-238-viviendas-de-proteccion-en-varios-barrios-de-pamplona\\\/#primaryimage\"},\"image\":{\"@id\":\"https:\\\/\\\/www.laguiadepamplona.com\\\/actualidad\\\/el-ayuntamiento-da-el-visto-bueno-a-un-convenio-con-el-gobierno-de-navarra-y-nasuvinsa-para-el-impulso-de-238-viviendas-de-proteccion-en-varios-barrios-de-pamplona\\\/#primaryimage\"},\"thumbnailUrl\":\"https:\\\/\\\/www.laguiadepamplona.com\\\/actualidad\\\/wp-content\\\/uploads\\\/2021\\\/12\\\/barrio_lezkairu_0.jpg\",\"datePublished\":\"2021-12-13T16:26:56+00:00\",\"dateModified\":\"2023-04-11T09:48:41+00:00\",\"description\":\"Nasuvinsa se encargar\u00eda de la construcci\u00f3n y gesti\u00f3n de las promociones, que incluyen 159 de alquiler y 79 viviendas en r\u00e9gimen de compraventa\",\"breadcrumb\":{\"@id\":\"https:\\\/\\\/www.laguiadepamplona.com\\\/actualidad\\\/el-ayuntamiento-da-el-visto-bueno-a-un-convenio-con-el-gobierno-de-navarra-y-nasuvinsa-para-el-impulso-de-238-viviendas-de-proteccion-en-varios-barrios-de-pamplona\\\/#breadcrumb\"},\"inLanguage\":\"es\",\"potentialAction\":[{\"@type\":\"ReadAction\",\"target\":[\"https:\\\/\\\/www.laguiadepamplona.com\\\/actualidad\\\/el-ayuntamiento-da-el-visto-bueno-a-un-convenio-con-el-gobierno-de-navarra-y-nasuvinsa-para-el-impulso-de-238-viviendas-de-proteccion-en-varios-barrios-de-pamplona\\\/\"]}]},{\"@type\":\"ImageObject\",\"inLanguage\":\"es\",\"@id\":\"https:\\\/\\\/www.laguiadepamplona.com\\\/actualidad\\\/el-ayuntamiento-da-el-visto-bueno-a-un-convenio-con-el-gobierno-de-navarra-y-nasuvinsa-para-el-impulso-de-238-viviendas-de-proteccion-en-varios-barrios-de-pamplona\\\/#primaryimage\",\"url\":\"https:\\\/\\\/www.laguiadepamplona.com\\\/actualidad\\\/wp-content\\\/uploads\\\/2021\\\/12\\\/barrio_lezkairu_0.jpg\",\"contentUrl\":\"https:\\\/\\\/www.laguiadepamplona.com\\\/actualidad\\\/wp-content\\\/uploads\\\/2021\\\/12\\\/barrio_lezkairu_0.jpg\",\"width\":1920,\"height\":1280,\"caption\":\"A* Jes\u00fas Garzaron F* 2020_11_20 T* Barrios de Pamplona L* Lezkairu\"},{\"@type\":\"BreadcrumbList\",\"@id\":\"https:\\\/\\\/www.laguiadepamplona.com\\\/actualidad\\\/el-ayuntamiento-da-el-visto-bueno-a-un-convenio-con-el-gobierno-de-navarra-y-nasuvinsa-para-el-impulso-de-238-viviendas-de-proteccion-en-varios-barrios-de-pamplona\\\/#breadcrumb\",\"itemListElement\":[{\"@type\":\"ListItem\",\"position\":1,\"name\":\"Portada\",\"item\":\"https:\\\/\\\/www.laguiadepamplona.com\\\/actualidad\\\/\"},{\"@type\":\"ListItem\",\"position\":2,\"name\":\"El Ayuntamiento da el visto bueno a un convenio con el Gobierno de Navarra y Nasuvinsa para el impulso de 238 viviendas de protecci\u00f3n en varios barrios de Pamplona\"}]},{\"@type\":\"WebSite\",\"@id\":\"https:\\\/\\\/www.laguiadepamplona.com\\\/actualidad\\\/#website\",\"url\":\"https:\\\/\\\/www.laguiadepamplona.com\\\/actualidad\\\/\",\"name\":\"La gu\u00eda de Pamplona\",\"description\":\"Noticias de Pamplona\",\"publisher\":{\"@id\":\"https:\\\/\\\/www.laguiadepamplona.com\\\/actualidad\\\/#organization\"},\"potentialAction\":[{\"@type\":\"SearchAction\",\"target\":{\"@type\":\"EntryPoint\",\"urlTemplate\":\"https:\\\/\\\/www.laguiadepamplona.com\\\/actualidad\\\/?s={search_term_string}\"},\"query-input\":{\"@type\":\"PropertyValueSpecification\",\"valueRequired\":true,\"valueName\":\"search_term_string\"}}],\"inLanguage\":\"es\"},{\"@type\":\"Organization\",\"@id\":\"https:\\\/\\\/www.laguiadepamplona.com\\\/actualidad\\\/#organization\",\"name\":\"La Gu\u00eda de Pamplona \\\/ Noticias\",\"url\":\"https:\\\/\\\/www.laguiadepamplona.com\\\/actualidad\\\/\",\"logo\":{\"@type\":\"ImageObject\",\"inLanguage\":\"es\",\"@id\":\"https:\\\/\\\/www.laguiadepamplona.com\\\/actualidad\\\/#\\\/schema\\\/logo\\\/image\\\/\",\"url\":\"https:\\\/\\\/www.laguiadepamplona.com\\\/actualidad\\\/wp-content\\\/uploads\\\/2018\\\/11\\\/logo-laguiadepamplona18-web1.png\",\"contentUrl\":\"https:\\\/\\\/www.laguiadepamplona.com\\\/actualidad\\\/wp-content\\\/uploads\\\/2018\\\/11\\\/logo-laguiadepamplona18-web1.png\",\"width\":600,\"height\":196,\"caption\":\"La Gu\u00eda de Pamplona \\\/ Noticias\"},\"image\":{\"@id\":\"https:\\\/\\\/www.laguiadepamplona.com\\\/actualidad\\\/#\\\/schema\\\/logo\\\/image\\\/\"},\"sameAs\":[\"https:\\\/\\\/www.facebook.com\\\/laguiadepamplonacom-133175176762273\\\/?ref=hl\",\"https:\\\/\\\/x.com\\\/LaGuiadPamplona\",\"https:\\\/\\\/www.instagram.com\\\/la_guia_de_pamplona\\\/\",\"https:\\\/\\\/www.youtube.com\\\/user\\\/laguiadepamplona\"]},{\"@type\":\"Person\",\"@id\":\"https:\\\/\\\/www.laguiadepamplona.com\\\/actualidad\\\/#\\\/schema\\\/person\\\/efe887376f0213d4657c93adc50b1fdb\",\"name\":\"La Gu\u00eda de Pamplona\",\"image\":{\"@type\":\"ImageObject\",\"inLanguage\":\"es\",\"@id\":\"https:\\\/\\\/secure.gravatar.com\\\/avatar\\\/b6992f131dc8d30ab0dff15446e9d346d9dbd95992de0fef795073f5ea83a81c?s=96&d=mm&r=g\",\"url\":\"https:\\\/\\\/secure.gravatar.com\\\/avatar\\\/b6992f131dc8d30ab0dff15446e9d346d9dbd95992de0fef795073f5ea83a81c?s=96&d=mm&r=g\",\"contentUrl\":\"https:\\\/\\\/secure.gravatar.com\\\/avatar\\\/b6992f131dc8d30ab0dff15446e9d346d9dbd95992de0fef795073f5ea83a81c?s=96&d=mm&r=g\",\"caption\":\"La Gu\u00eda de Pamplona\"}}]}<\/script>\n<!-- \/ Yoast SEO plugin. -->","yoast_head_json":{"title":"El Ayuntamiento da el visto bueno a un convenio con el Gobierno de Navarra y Nasuvinsa para el impulso de 238 viviendas de protecci\u00f3n en varios barrios de Pamplona","description":"Nasuvinsa se encargar\u00eda de la construcci\u00f3n y gesti\u00f3n de las promociones, que incluyen 159 de alquiler y 79 viviendas en r\u00e9gimen de compraventa","robots":{"index":"index","follow":"follow","max-snippet":"max-snippet:-1","max-image-preview":"max-image-preview:large","max-video-preview":"max-video-preview:-1"},"canonical":"https:\/\/www.laguiadepamplona.com\/actualidad\/el-ayuntamiento-da-el-visto-bueno-a-un-convenio-con-el-gobierno-de-navarra-y-nasuvinsa-para-el-impulso-de-238-viviendas-de-proteccion-en-varios-barrios-de-pamplona\/","og_locale":"es_ES","og_type":"article","og_title":"El Ayuntamiento da el visto bueno a un convenio con el Gobierno de Navarra y Nasuvinsa para el impulso de 238 viviendas de protecci\u00f3n en varios barrios de Pamplona","og_description":"Nasuvinsa se encargar\u00eda de la construcci\u00f3n y gesti\u00f3n de las promociones, que incluyen 159 de alquiler y 79 viviendas en r\u00e9gimen de compraventa","og_url":"https:\/\/www.laguiadepamplona.com\/actualidad\/el-ayuntamiento-da-el-visto-bueno-a-un-convenio-con-el-gobierno-de-navarra-y-nasuvinsa-para-el-impulso-de-238-viviendas-de-proteccion-en-varios-barrios-de-pamplona\/","og_site_name":"La Gu\u00eda de Pamplona","article_publisher":"https:\/\/www.facebook.com\/laguiadepamplonacom-133175176762273\/?ref=hl","article_published_time":"2021-12-13T16:26:56+00:00","article_modified_time":"2023-04-11T09:48:41+00:00","og_image":[{"width":1920,"height":1280,"url":"https:\/\/www.laguiadepamplona.com\/actualidad\/wp-content\/uploads\/2021\/12\/barrio_lezkairu_0.jpg","type":"image\/jpeg"}],"author":"La Gu\u00eda de Pamplona","twitter_card":"summary_large_image","twitter_creator":"@LaGuiadPamplona","twitter_site":"@LaGuiadPamplona","twitter_misc":{"Escrito por":"La Gu\u00eda de Pamplona","Tiempo de lectura":"3 minutos"},"schema":{"@context":"https:\/\/schema.org","@graph":[{"@type":"Article","@id":"https:\/\/www.laguiadepamplona.com\/actualidad\/el-ayuntamiento-da-el-visto-bueno-a-un-convenio-con-el-gobierno-de-navarra-y-nasuvinsa-para-el-impulso-de-238-viviendas-de-proteccion-en-varios-barrios-de-pamplona\/#article","isPartOf":{"@id":"https:\/\/www.laguiadepamplona.com\/actualidad\/el-ayuntamiento-da-el-visto-bueno-a-un-convenio-con-el-gobierno-de-navarra-y-nasuvinsa-para-el-impulso-de-238-viviendas-de-proteccion-en-varios-barrios-de-pamplona\/"},"author":{"name":"La Gu\u00eda de Pamplona","@id":"https:\/\/www.laguiadepamplona.com\/actualidad\/#\/schema\/person\/efe887376f0213d4657c93adc50b1fdb"},"headline":"El Ayuntamiento da el visto bueno a un convenio con el Gobierno de Navarra y Nasuvinsa para el impulso de 238 viviendas de protecci\u00f3n en varios barrios de Pamplona","datePublished":"2021-12-13T16:26:56+00:00","dateModified":"2023-04-11T09:48:41+00:00","mainEntityOfPage":{"@id":"https:\/\/www.laguiadepamplona.com\/actualidad\/el-ayuntamiento-da-el-visto-bueno-a-un-convenio-con-el-gobierno-de-navarra-y-nasuvinsa-para-el-impulso-de-238-viviendas-de-proteccion-en-varios-barrios-de-pamplona\/"},"wordCount":582,"commentCount":0,"publisher":{"@id":"https:\/\/www.laguiadepamplona.com\/actualidad\/#organization"},"image":{"@id":"https:\/\/www.laguiadepamplona.com\/actualidad\/el-ayuntamiento-da-el-visto-bueno-a-un-convenio-con-el-gobierno-de-navarra-y-nasuvinsa-para-el-impulso-de-238-viviendas-de-proteccion-en-varios-barrios-de-pamplona\/#primaryimage"},"thumbnailUrl":"https:\/\/www.laguiadepamplona.com\/actualidad\/wp-content\/uploads\/2021\/12\/barrio_lezkairu_0.jpg","articleSection":["Ayto Pamplona"],"inLanguage":"es","potentialAction":[{"@type":"CommentAction","name":"Comment","target":["https:\/\/www.laguiadepamplona.com\/actualidad\/el-ayuntamiento-da-el-visto-bueno-a-un-convenio-con-el-gobierno-de-navarra-y-nasuvinsa-para-el-impulso-de-238-viviendas-de-proteccion-en-varios-barrios-de-pamplona\/#respond"]}]},{"@type":"WebPage","@id":"https:\/\/www.laguiadepamplona.com\/actualidad\/el-ayuntamiento-da-el-visto-bueno-a-un-convenio-con-el-gobierno-de-navarra-y-nasuvinsa-para-el-impulso-de-238-viviendas-de-proteccion-en-varios-barrios-de-pamplona\/","url":"https:\/\/www.laguiadepamplona.com\/actualidad\/el-ayuntamiento-da-el-visto-bueno-a-un-convenio-con-el-gobierno-de-navarra-y-nasuvinsa-para-el-impulso-de-238-viviendas-de-proteccion-en-varios-barrios-de-pamplona\/","name":"El Ayuntamiento da el visto bueno a un convenio con el Gobierno de Navarra y Nasuvinsa para el impulso de 238 viviendas de protecci\u00f3n en varios barrios de Pamplona","isPartOf":{"@id":"https:\/\/www.laguiadepamplona.com\/actualidad\/#website"},"primaryImageOfPage":{"@id":"https:\/\/www.laguiadepamplona.com\/actualidad\/el-ayuntamiento-da-el-visto-bueno-a-un-convenio-con-el-gobierno-de-navarra-y-nasuvinsa-para-el-impulso-de-238-viviendas-de-proteccion-en-varios-barrios-de-pamplona\/#primaryimage"},"image":{"@id":"https:\/\/www.laguiadepamplona.com\/actualidad\/el-ayuntamiento-da-el-visto-bueno-a-un-convenio-con-el-gobierno-de-navarra-y-nasuvinsa-para-el-impulso-de-238-viviendas-de-proteccion-en-varios-barrios-de-pamplona\/#primaryimage"},"thumbnailUrl":"https:\/\/www.laguiadepamplona.com\/actualidad\/wp-content\/uploads\/2021\/12\/barrio_lezkairu_0.jpg","datePublished":"2021-12-13T16:26:56+00:00","dateModified":"2023-04-11T09:48:41+00:00","description":"Nasuvinsa se encargar\u00eda de la construcci\u00f3n y gesti\u00f3n de las promociones, que incluyen 159 de alquiler y 79 viviendas en r\u00e9gimen de compraventa","breadcrumb":{"@id":"https:\/\/www.laguiadepamplona.com\/actualidad\/el-ayuntamiento-da-el-visto-bueno-a-un-convenio-con-el-gobierno-de-navarra-y-nasuvinsa-para-el-impulso-de-238-viviendas-de-proteccion-en-varios-barrios-de-pamplona\/#breadcrumb"},"inLanguage":"es","potentialAction":[{"@type":"ReadAction","target":["https:\/\/www.laguiadepamplona.com\/actualidad\/el-ayuntamiento-da-el-visto-bueno-a-un-convenio-con-el-gobierno-de-navarra-y-nasuvinsa-para-el-impulso-de-238-viviendas-de-proteccion-en-varios-barrios-de-pamplona\/"]}]},{"@type":"ImageObject","inLanguage":"es","@id":"https:\/\/www.laguiadepamplona.com\/actualidad\/el-ayuntamiento-da-el-visto-bueno-a-un-convenio-con-el-gobierno-de-navarra-y-nasuvinsa-para-el-impulso-de-238-viviendas-de-proteccion-en-varios-barrios-de-pamplona\/#primaryimage","url":"https:\/\/www.laguiadepamplona.com\/actualidad\/wp-content\/uploads\/2021\/12\/barrio_lezkairu_0.jpg","contentUrl":"https:\/\/www.laguiadepamplona.com\/actualidad\/wp-content\/uploads\/2021\/12\/barrio_lezkairu_0.jpg","width":1920,"height":1280,"caption":"A* Jes\u00fas Garzaron F* 2020_11_20 T* Barrios de Pamplona L* Lezkairu"},{"@type":"BreadcrumbList","@id":"https:\/\/www.laguiadepamplona.com\/actualidad\/el-ayuntamiento-da-el-visto-bueno-a-un-convenio-con-el-gobierno-de-navarra-y-nasuvinsa-para-el-impulso-de-238-viviendas-de-proteccion-en-varios-barrios-de-pamplona\/#breadcrumb","itemListElement":[{"@type":"ListItem","position":1,"name":"Portada","item":"https:\/\/www.laguiadepamplona.com\/actualidad\/"},{"@type":"ListItem","position":2,"name":"El Ayuntamiento da el visto bueno a un convenio con el Gobierno de Navarra y Nasuvinsa para el impulso de 238 viviendas de protecci\u00f3n en varios barrios de Pamplona"}]},{"@type":"WebSite","@id":"https:\/\/www.laguiadepamplona.com\/actualidad\/#website","url":"https:\/\/www.laguiadepamplona.com\/actualidad\/","name":"La gu\u00eda de Pamplona","description":"Noticias de Pamplona","publisher":{"@id":"https:\/\/www.laguiadepamplona.com\/actualidad\/#organization"},"potentialAction":[{"@type":"SearchAction","target":{"@type":"EntryPoint","urlTemplate":"https:\/\/www.laguiadepamplona.com\/actualidad\/?s={search_term_string}"},"query-input":{"@type":"PropertyValueSpecification","valueRequired":true,"valueName":"search_term_string"}}],"inLanguage":"es"},{"@type":"Organization","@id":"https:\/\/www.laguiadepamplona.com\/actualidad\/#organization","name":"La Gu\u00eda de Pamplona \/ Noticias","url":"https:\/\/www.laguiadepamplona.com\/actualidad\/","logo":{"@type":"ImageObject","inLanguage":"es","@id":"https:\/\/www.laguiadepamplona.com\/actualidad\/#\/schema\/logo\/image\/","url":"https:\/\/www.laguiadepamplona.com\/actualidad\/wp-content\/uploads\/2018\/11\/logo-laguiadepamplona18-web1.png","contentUrl":"https:\/\/www.laguiadepamplona.com\/actualidad\/wp-content\/uploads\/2018\/11\/logo-laguiadepamplona18-web1.png","width":600,"height":196,"caption":"La Gu\u00eda de Pamplona \/ Noticias"},"image":{"@id":"https:\/\/www.laguiadepamplona.com\/actualidad\/#\/schema\/logo\/image\/"},"sameAs":["https:\/\/www.facebook.com\/laguiadepamplonacom-133175176762273\/?ref=hl","https:\/\/x.com\/LaGuiadPamplona","https:\/\/www.instagram.com\/la_guia_de_pamplona\/","https:\/\/www.youtube.com\/user\/laguiadepamplona"]},{"@type":"Person","@id":"https:\/\/www.laguiadepamplona.com\/actualidad\/#\/schema\/person\/efe887376f0213d4657c93adc50b1fdb","name":"La Gu\u00eda de Pamplona","image":{"@type":"ImageObject","inLanguage":"es","@id":"https:\/\/secure.gravatar.com\/avatar\/b6992f131dc8d30ab0dff15446e9d346d9dbd95992de0fef795073f5ea83a81c?s=96&d=mm&r=g","url":"https:\/\/secure.gravatar.com\/avatar\/b6992f131dc8d30ab0dff15446e9d346d9dbd95992de0fef795073f5ea83a81c?s=96&d=mm&r=g","contentUrl":"https:\/\/secure.gravatar.com\/avatar\/b6992f131dc8d30ab0dff15446e9d346d9dbd95992de0fef795073f5ea83a81c?s=96&d=mm&r=g","caption":"La Gu\u00eda de Pamplona"}}]}},"post_mailing_queue_ids":[],"_links":{"self":[{"href":"https:\/\/www.laguiadepamplona.com\/actualidad\/wp-json\/wp\/v2\/posts\/37923","targetHints":{"allow":["GET"]}}],"collection":[{"href":"https:\/\/www.laguiadepamplona.com\/actualidad\/wp-json\/wp\/v2\/posts"}],"about":[{"href":"https:\/\/www.laguiadepamplona.com\/actualidad\/wp-json\/wp\/v2\/types\/post"}],"author":[{"embeddable":true,"href":"https:\/\/www.laguiadepamplona.com\/actualidad\/wp-json\/wp\/v2\/users\/1"}],"replies":[{"embeddable":true,"href":"https:\/\/www.laguiadepamplona.com\/actualidad\/wp-json\/wp\/v2\/comments?post=37923"}],"version-history":[{"count":0,"href":"https:\/\/www.laguiadepamplona.com\/actualidad\/wp-json\/wp\/v2\/posts\/37923\/revisions"}],"wp:featuredmedia":[{"embeddable":true,"href":"https:\/\/www.laguiadepamplona.com\/actualidad\/wp-json\/wp\/v2\/media\/37924"}],"wp:attachment":[{"href":"https:\/\/www.laguiadepamplona.com\/actualidad\/wp-json\/wp\/v2\/media?parent=37923"}],"wp:term":[{"taxonomy":"category","embeddable":true,"href":"https:\/\/www.laguiadepamplona.com\/actualidad\/wp-json\/wp\/v2\/categories?post=37923"},{"taxonomy":"post_tag","embeddable":true,"href":"https:\/\/www.laguiadepamplona.com\/actualidad\/wp-json\/wp\/v2\/tags?post=37923"}],"curies":[{"name":"wp","href":"https:\/\/api.w.org\/{rel}","templated":true}]}}