{"id":37920,"date":"2021-12-13T18:24:32","date_gmt":"2021-12-13T16:24:32","guid":{"rendered":"https:\/\/www.laguiadepamplona.com\/actualidad\/?p=37920"},"modified":"2023-04-11T11:48:41","modified_gmt":"2023-04-11T09:48:41","slug":"el-ayuntamiento-completara-la-mejora-peatonal-y-ciclista-en-la-conexion-pamplona-orcoyen-na-700","status":"publish","type":"post","link":"https:\/\/www.laguiadepamplona.com\/actualidad\/el-ayuntamiento-completara-la-mejora-peatonal-y-ciclista-en-la-conexion-pamplona-orcoyen-na-700\/","title":{"rendered":"El Ayuntamiento completar\u00e1 la mejora peatonal y ciclista en la conexi\u00f3n Pamplona-Orcoyen (NA-700)"},"content":{"rendered":"<h5>La Gerencia de Urbanismo municipal licitar\u00e1 el mi\u00e9rcoles las obras de esta intervenci\u00f3n por un precio inicial de 176.079 euros<\/h5>\n<p><!--more--><\/p>\n<p>La Gerencia de Urbanismo municipal aprobar\u00e1 este mi\u00e9rcoles 15 de diciembre el proyecto de ejecuci\u00f3n de la mejora del acceso peatonal y ciclista en el entorno de la pasarela ya realizada que une Pamplona con Orkoien, y que se abri\u00f3 a principios de este a\u00f1o. En esa misma sesi\u00f3n se aprobar\u00e1 la licitaci\u00f3n de las obras por un precio inicial de 179.079,08 euros (IVA incluido). La intervenci\u00f3n, que tiene como plazo de ejecuci\u00f3n m\u00e1ximo 3 meses, consistir\u00e1 en la construcci\u00f3n de una acera que conecte con las que ya existen en los l\u00edmites de ambos municipios, de forma que se permita el uso compartido de ese espacio por los viandantes y las bicicletas, adem\u00e1s de unir el paso de peatones controlado por sem\u00e1foro con la parada de autob\u00fas. Con los trabajos recogidos en el proyecto tambi\u00e9n se pretende mejorar la seguridad en el cruce entre la carretera NA-700 y el vial que conecta con la PA-30. Las obras se realizar\u00e1n minimizando las afecciones al tr\u00e1fico y al tr\u00e1nsito por la zona.<br \/>\n<script async src=\"\/\/pagead2.googlesyndication.com\/pagead\/js\/adsbygoogle.js\"><\/script><br \/>\n<!-- Noticias La Guia de Pamplona --><br \/>\n<ins class=\"adsbygoogle\"\nstyle=\"display:block\"\ndata-ad-client=\"ca-pub-6943679897239327\"\ndata-ad-slot=\"7048180777\"\ndata-ad-format=\"auto\"><\/ins><br \/>\n<script>\n(adsbygoogle = window.adsbygoogle || []).push({});\n<\/script><\/p>\n<p>El objetivo de la actuaci\u00f3n es mejorar, tanto la accesibilidad, como la seguridad vial con respecto al tr\u00e1fico de paso ya que, en estos momentos, peatones y ciclistas circulan por el arc\u00e9n de la carretera NA-700 para trasladarse unos 200 metros entre el paso inferior del ferrocarril y la zona urbanizada correspondiente al antiguo matadero. El arc\u00e9n dispone en algunos tramos de un bordillo o barandilla que, aunque protege al viandante, reduce la superficie \u00fatil y dificulta la accesibilidad, por lo que en muchas ocasiones el ciclista se traslada a la carretera. A eso se a\u00f1ade que al no estar urbanizado el tramo la percepci\u00f3n del conductor es de una zona interurbana, lo cual suele provocar que la velocidad de circulaci\u00f3n es superior a los 50 Km\/h.<\/p>\n<p>Esta obra viene a completar las realizadas entre los a\u00f1os 2018 y 2020 que consistieron en la demolici\u00f3n del antiguo matadero y su posterior urbanizaci\u00f3n mediante aceras, carril bici, aparcamientos y zonas verdes y la posterior construcci\u00f3n de una pasarela peatonal sobre la carretera PA-30 para evitar el cruce a nivel de los peatones y ciclistas que se desplazan entre ambas localidades. El plazo para que las empresas interesadas en realizar la ejecuci\u00f3n puedan presentar ofertas ser\u00e1 de un m\u00ednimo de 15 d\u00edas a partir de la fecha de publicaci\u00f3n en el Portal de Contrataci\u00f3n de Navarra. La Gerencia de Urbanismo adjudic\u00f3 la redacci\u00f3n del proyecto de ejecuci\u00f3n en 7.260 euros y la direcci\u00f3n de la obra incluyendo los trabajos de coordinaci\u00f3n de seguridad y salud correspondientes por una cuant\u00eda de 9.680 euros.<br \/>\n<script async src=\"\/\/pagead2.googlesyndication.com\/pagead\/js\/adsbygoogle.js\"><\/script><br \/>\n<!-- Noticias La Guia de Pamplona --><br \/>\n<ins class=\"adsbygoogle\"\nstyle=\"display:block\"\ndata-ad-client=\"ca-pub-6943679897239327\"\ndata-ad-slot=\"7048180777\"\ndata-ad-format=\"auto\"><\/ins><br \/>\n<script>\n(adsbygoogle = window.adsbygoogle || []).push({});\n<\/script><\/p>\n<p><strong>Una obra para mejorar la seguridad y aquietar el tr\u00e1fico<\/strong><\/p>\n<p>Se ha tratado de definir la mayor anchura posible de plataforma (aproximadamente unos 2,90 m) minimizando la afecci\u00f3n a las parcelas perimetrales existentes en el borde de la misma. A esto hay que a\u00f1adir que el camino de acceso a la PA-30 desde la NA-700 actualmente dispone de un ramal directo de incorporaci\u00f3n, lo que provoca que los veh\u00edculos que se incorporan al camino circulen con velocidades altas. En el proyecto se remodela este acceso dot\u00e1ndolo de unas caracter\u00edsticas propias de una zona urbanizada. Para la conexi\u00f3n del paso de peatones controlado por sem\u00e1foro con la parada de autob\u00fas se construir\u00e1 una acera de 2 m de anchura.<\/p>\n<p>Las aceras, en ambos casos, se realizar\u00e1n de hormig\u00f3n vibrado asentado sobre zahorra artificial la primera y gravilla de relleno en la cuneta, la segunda. En la zona de conexi\u00f3n con el espacio ya urbanizado se repondr\u00e1 baldosa y asfalto similar al ya existente. La intervenci\u00f3n se rematar\u00e1 con la instalaci\u00f3n de dos nuevas luminarias y trabajos de jardiner\u00eda. En toda la intervenci\u00f3n el trazado en planta mantiene las caracter\u00edsticas geom\u00e9tricas de la carretera NA-700, excepto en la conexi\u00f3n con el acceso al camino a la carretera NA-700 que se acondiciona como una calle urbana. Esta ser\u00e1 una actuaci\u00f3n inicial que, con el futuro desarrollo urbano de la zona, ser\u00e1 objeto de remodelaci\u00f3n.<\/p>\n","protected":false},"excerpt":{"rendered":"<p>La Gerencia de Urbanismo municipal licitar\u00e1 el mi\u00e9rcoles las obras de esta intervenci\u00f3n por un precio inicial de 176.079 euros<\/p>\n","protected":false},"author":1,"featured_media":37921,"comment_status":"open","ping_status":"closed","sticky":false,"template":"","format":"standard","meta":{"footnotes":""},"categories":[2],"tags":[],"class_list":["post-37920","post","type-post","status-publish","format-standard","has-post-thumbnail","hentry","category-ayuntamiento-pamplona"],"yoast_head":"<!-- This site is optimized with the Yoast SEO plugin v27.3 - https:\/\/yoast.com\/product\/yoast-seo-wordpress\/ -->\n<title>El Ayuntamiento completar\u00e1 la mejora peatonal y ciclista en la conexi\u00f3n Pamplona-Orcoyen (NA-700)<\/title>\n<meta name=\"description\" content=\"La Gerencia de Urbanismo municipal licitar\u00e1 el mi\u00e9rcoles las obras de esta intervenci\u00f3n por un precio inicial de 176.079 euros\" \/>\n<meta name=\"robots\" content=\"index, follow, max-snippet:-1, max-image-preview:large, max-video-preview:-1\" \/>\n<link rel=\"canonical\" href=\"https:\/\/www.laguiadepamplona.com\/actualidad\/el-ayuntamiento-completara-la-mejora-peatonal-y-ciclista-en-la-conexion-pamplona-orcoyen-na-700\/\" \/>\n<meta property=\"og:locale\" content=\"es_ES\" \/>\n<meta property=\"og:type\" content=\"article\" \/>\n<meta property=\"og:title\" content=\"El Ayuntamiento completar\u00e1 la mejora peatonal y ciclista en la conexi\u00f3n Pamplona-Orcoyen (NA-700)\" \/>\n<meta property=\"og:description\" content=\"La Gerencia de Urbanismo municipal licitar\u00e1 el mi\u00e9rcoles las obras de esta intervenci\u00f3n por un precio inicial de 176.079 euros\" \/>\n<meta property=\"og:url\" content=\"https:\/\/www.laguiadepamplona.com\/actualidad\/el-ayuntamiento-completara-la-mejora-peatonal-y-ciclista-en-la-conexion-pamplona-orcoyen-na-700\/\" \/>\n<meta property=\"og:site_name\" content=\"La Gu\u00eda de Pamplona\" \/>\n<meta property=\"article:publisher\" content=\"https:\/\/www.facebook.com\/laguiadepamplonacom-133175176762273\/?ref=hl\" \/>\n<meta property=\"article:published_time\" content=\"2021-12-13T16:24:32+00:00\" \/>\n<meta property=\"article:modified_time\" content=\"2023-04-11T09:48:41+00:00\" \/>\n<meta property=\"og:image\" content=\"https:\/\/www.laguiadepamplona.com\/actualidad\/wp-content\/uploads\/2021\/12\/pasarelaorkoyen_JGV9118.jpg\" \/>\n\t<meta property=\"og:image:width\" content=\"1920\" \/>\n\t<meta property=\"og:image:height\" content=\"1280\" \/>\n\t<meta property=\"og:image:type\" content=\"image\/jpeg\" \/>\n<meta name=\"author\" content=\"La Gu\u00eda de Pamplona\" \/>\n<meta name=\"twitter:card\" content=\"summary_large_image\" \/>\n<meta name=\"twitter:creator\" content=\"@LaGuiadPamplona\" \/>\n<meta name=\"twitter:site\" content=\"@LaGuiadPamplona\" \/>\n<meta name=\"twitter:label1\" content=\"Escrito por\" \/>\n\t<meta name=\"twitter:data1\" content=\"La Gu\u00eda de Pamplona\" \/>\n\t<meta name=\"twitter:label2\" content=\"Tiempo de lectura\" \/>\n\t<meta name=\"twitter:data2\" content=\"3 minutos\" \/>\n<script type=\"application\/ld+json\" class=\"yoast-schema-graph\">{\"@context\":\"https:\\\/\\\/schema.org\",\"@graph\":[{\"@type\":\"Article\",\"@id\":\"https:\\\/\\\/www.laguiadepamplona.com\\\/actualidad\\\/el-ayuntamiento-completara-la-mejora-peatonal-y-ciclista-en-la-conexion-pamplona-orcoyen-na-700\\\/#article\",\"isPartOf\":{\"@id\":\"https:\\\/\\\/www.laguiadepamplona.com\\\/actualidad\\\/el-ayuntamiento-completara-la-mejora-peatonal-y-ciclista-en-la-conexion-pamplona-orcoyen-na-700\\\/\"},\"author\":{\"name\":\"La Gu\u00eda de Pamplona\",\"@id\":\"https:\\\/\\\/www.laguiadepamplona.com\\\/actualidad\\\/#\\\/schema\\\/person\\\/efe887376f0213d4657c93adc50b1fdb\"},\"headline\":\"El Ayuntamiento completar\u00e1 la mejora peatonal y ciclista en la conexi\u00f3n Pamplona-Orcoyen (NA-700)\",\"datePublished\":\"2021-12-13T16:24:32+00:00\",\"dateModified\":\"2023-04-11T09:48:41+00:00\",\"mainEntityOfPage\":{\"@id\":\"https:\\\/\\\/www.laguiadepamplona.com\\\/actualidad\\\/el-ayuntamiento-completara-la-mejora-peatonal-y-ciclista-en-la-conexion-pamplona-orcoyen-na-700\\\/\"},\"wordCount\":746,\"commentCount\":0,\"publisher\":{\"@id\":\"https:\\\/\\\/www.laguiadepamplona.com\\\/actualidad\\\/#organization\"},\"image\":{\"@id\":\"https:\\\/\\\/www.laguiadepamplona.com\\\/actualidad\\\/el-ayuntamiento-completara-la-mejora-peatonal-y-ciclista-en-la-conexion-pamplona-orcoyen-na-700\\\/#primaryimage\"},\"thumbnailUrl\":\"https:\\\/\\\/www.laguiadepamplona.com\\\/actualidad\\\/wp-content\\\/uploads\\\/2021\\\/12\\\/pasarelaorkoyen_JGV9118.jpg\",\"articleSection\":[\"Ayto Pamplona\"],\"inLanguage\":\"es\",\"potentialAction\":[{\"@type\":\"CommentAction\",\"name\":\"Comment\",\"target\":[\"https:\\\/\\\/www.laguiadepamplona.com\\\/actualidad\\\/el-ayuntamiento-completara-la-mejora-peatonal-y-ciclista-en-la-conexion-pamplona-orcoyen-na-700\\\/#respond\"]}]},{\"@type\":\"WebPage\",\"@id\":\"https:\\\/\\\/www.laguiadepamplona.com\\\/actualidad\\\/el-ayuntamiento-completara-la-mejora-peatonal-y-ciclista-en-la-conexion-pamplona-orcoyen-na-700\\\/\",\"url\":\"https:\\\/\\\/www.laguiadepamplona.com\\\/actualidad\\\/el-ayuntamiento-completara-la-mejora-peatonal-y-ciclista-en-la-conexion-pamplona-orcoyen-na-700\\\/\",\"name\":\"El Ayuntamiento completar\u00e1 la mejora peatonal y ciclista en la conexi\u00f3n Pamplona-Orcoyen (NA-700)\",\"isPartOf\":{\"@id\":\"https:\\\/\\\/www.laguiadepamplona.com\\\/actualidad\\\/#website\"},\"primaryImageOfPage\":{\"@id\":\"https:\\\/\\\/www.laguiadepamplona.com\\\/actualidad\\\/el-ayuntamiento-completara-la-mejora-peatonal-y-ciclista-en-la-conexion-pamplona-orcoyen-na-700\\\/#primaryimage\"},\"image\":{\"@id\":\"https:\\\/\\\/www.laguiadepamplona.com\\\/actualidad\\\/el-ayuntamiento-completara-la-mejora-peatonal-y-ciclista-en-la-conexion-pamplona-orcoyen-na-700\\\/#primaryimage\"},\"thumbnailUrl\":\"https:\\\/\\\/www.laguiadepamplona.com\\\/actualidad\\\/wp-content\\\/uploads\\\/2021\\\/12\\\/pasarelaorkoyen_JGV9118.jpg\",\"datePublished\":\"2021-12-13T16:24:32+00:00\",\"dateModified\":\"2023-04-11T09:48:41+00:00\",\"description\":\"La Gerencia de Urbanismo municipal licitar\u00e1 el mi\u00e9rcoles las obras de esta intervenci\u00f3n por un precio inicial de 176.079 euros\",\"breadcrumb\":{\"@id\":\"https:\\\/\\\/www.laguiadepamplona.com\\\/actualidad\\\/el-ayuntamiento-completara-la-mejora-peatonal-y-ciclista-en-la-conexion-pamplona-orcoyen-na-700\\\/#breadcrumb\"},\"inLanguage\":\"es\",\"potentialAction\":[{\"@type\":\"ReadAction\",\"target\":[\"https:\\\/\\\/www.laguiadepamplona.com\\\/actualidad\\\/el-ayuntamiento-completara-la-mejora-peatonal-y-ciclista-en-la-conexion-pamplona-orcoyen-na-700\\\/\"]}]},{\"@type\":\"ImageObject\",\"inLanguage\":\"es\",\"@id\":\"https:\\\/\\\/www.laguiadepamplona.com\\\/actualidad\\\/el-ayuntamiento-completara-la-mejora-peatonal-y-ciclista-en-la-conexion-pamplona-orcoyen-na-700\\\/#primaryimage\",\"url\":\"https:\\\/\\\/www.laguiadepamplona.com\\\/actualidad\\\/wp-content\\\/uploads\\\/2021\\\/12\\\/pasarelaorkoyen_JGV9118.jpg\",\"contentUrl\":\"https:\\\/\\\/www.laguiadepamplona.com\\\/actualidad\\\/wp-content\\\/uploads\\\/2021\\\/12\\\/pasarelaorkoyen_JGV9118.jpg\",\"width\":1920,\"height\":1280,\"caption\":\"A* Jes\u00fas Garzaron F* 2021_01_20 T* Inauguraci\u00f3n pasarela L* Orkoien, Orkoyen\"},{\"@type\":\"BreadcrumbList\",\"@id\":\"https:\\\/\\\/www.laguiadepamplona.com\\\/actualidad\\\/el-ayuntamiento-completara-la-mejora-peatonal-y-ciclista-en-la-conexion-pamplona-orcoyen-na-700\\\/#breadcrumb\",\"itemListElement\":[{\"@type\":\"ListItem\",\"position\":1,\"name\":\"Portada\",\"item\":\"https:\\\/\\\/www.laguiadepamplona.com\\\/actualidad\\\/\"},{\"@type\":\"ListItem\",\"position\":2,\"name\":\"El Ayuntamiento completar\u00e1 la mejora peatonal y ciclista en la conexi\u00f3n Pamplona-Orcoyen (NA-700)\"}]},{\"@type\":\"WebSite\",\"@id\":\"https:\\\/\\\/www.laguiadepamplona.com\\\/actualidad\\\/#website\",\"url\":\"https:\\\/\\\/www.laguiadepamplona.com\\\/actualidad\\\/\",\"name\":\"La gu\u00eda de Pamplona\",\"description\":\"Noticias de Pamplona\",\"publisher\":{\"@id\":\"https:\\\/\\\/www.laguiadepamplona.com\\\/actualidad\\\/#organization\"},\"potentialAction\":[{\"@type\":\"SearchAction\",\"target\":{\"@type\":\"EntryPoint\",\"urlTemplate\":\"https:\\\/\\\/www.laguiadepamplona.com\\\/actualidad\\\/?s={search_term_string}\"},\"query-input\":{\"@type\":\"PropertyValueSpecification\",\"valueRequired\":true,\"valueName\":\"search_term_string\"}}],\"inLanguage\":\"es\"},{\"@type\":\"Organization\",\"@id\":\"https:\\\/\\\/www.laguiadepamplona.com\\\/actualidad\\\/#organization\",\"name\":\"La Gu\u00eda de Pamplona \\\/ Noticias\",\"url\":\"https:\\\/\\\/www.laguiadepamplona.com\\\/actualidad\\\/\",\"logo\":{\"@type\":\"ImageObject\",\"inLanguage\":\"es\",\"@id\":\"https:\\\/\\\/www.laguiadepamplona.com\\\/actualidad\\\/#\\\/schema\\\/logo\\\/image\\\/\",\"url\":\"https:\\\/\\\/www.laguiadepamplona.com\\\/actualidad\\\/wp-content\\\/uploads\\\/2018\\\/11\\\/logo-laguiadepamplona18-web1.png\",\"contentUrl\":\"https:\\\/\\\/www.laguiadepamplona.com\\\/actualidad\\\/wp-content\\\/uploads\\\/2018\\\/11\\\/logo-laguiadepamplona18-web1.png\",\"width\":600,\"height\":196,\"caption\":\"La Gu\u00eda de Pamplona \\\/ Noticias\"},\"image\":{\"@id\":\"https:\\\/\\\/www.laguiadepamplona.com\\\/actualidad\\\/#\\\/schema\\\/logo\\\/image\\\/\"},\"sameAs\":[\"https:\\\/\\\/www.facebook.com\\\/laguiadepamplonacom-133175176762273\\\/?ref=hl\",\"https:\\\/\\\/x.com\\\/LaGuiadPamplona\",\"https:\\\/\\\/www.instagram.com\\\/la_guia_de_pamplona\\\/\",\"https:\\\/\\\/www.youtube.com\\\/user\\\/laguiadepamplona\"]},{\"@type\":\"Person\",\"@id\":\"https:\\\/\\\/www.laguiadepamplona.com\\\/actualidad\\\/#\\\/schema\\\/person\\\/efe887376f0213d4657c93adc50b1fdb\",\"name\":\"La Gu\u00eda de Pamplona\",\"image\":{\"@type\":\"ImageObject\",\"inLanguage\":\"es\",\"@id\":\"https:\\\/\\\/secure.gravatar.com\\\/avatar\\\/b6992f131dc8d30ab0dff15446e9d346d9dbd95992de0fef795073f5ea83a81c?s=96&d=mm&r=g\",\"url\":\"https:\\\/\\\/secure.gravatar.com\\\/avatar\\\/b6992f131dc8d30ab0dff15446e9d346d9dbd95992de0fef795073f5ea83a81c?s=96&d=mm&r=g\",\"contentUrl\":\"https:\\\/\\\/secure.gravatar.com\\\/avatar\\\/b6992f131dc8d30ab0dff15446e9d346d9dbd95992de0fef795073f5ea83a81c?s=96&d=mm&r=g\",\"caption\":\"La Gu\u00eda de Pamplona\"}}]}<\/script>\n<!-- \/ Yoast SEO plugin. -->","yoast_head_json":{"title":"El Ayuntamiento completar\u00e1 la mejora peatonal y ciclista en la conexi\u00f3n Pamplona-Orcoyen (NA-700)","description":"La Gerencia de Urbanismo municipal licitar\u00e1 el mi\u00e9rcoles las obras de esta intervenci\u00f3n por un precio inicial de 176.079 euros","robots":{"index":"index","follow":"follow","max-snippet":"max-snippet:-1","max-image-preview":"max-image-preview:large","max-video-preview":"max-video-preview:-1"},"canonical":"https:\/\/www.laguiadepamplona.com\/actualidad\/el-ayuntamiento-completara-la-mejora-peatonal-y-ciclista-en-la-conexion-pamplona-orcoyen-na-700\/","og_locale":"es_ES","og_type":"article","og_title":"El Ayuntamiento completar\u00e1 la mejora peatonal y ciclista en la conexi\u00f3n Pamplona-Orcoyen (NA-700)","og_description":"La Gerencia de Urbanismo municipal licitar\u00e1 el mi\u00e9rcoles las obras de esta intervenci\u00f3n por un precio inicial de 176.079 euros","og_url":"https:\/\/www.laguiadepamplona.com\/actualidad\/el-ayuntamiento-completara-la-mejora-peatonal-y-ciclista-en-la-conexion-pamplona-orcoyen-na-700\/","og_site_name":"La Gu\u00eda de Pamplona","article_publisher":"https:\/\/www.facebook.com\/laguiadepamplonacom-133175176762273\/?ref=hl","article_published_time":"2021-12-13T16:24:32+00:00","article_modified_time":"2023-04-11T09:48:41+00:00","og_image":[{"width":1920,"height":1280,"url":"https:\/\/www.laguiadepamplona.com\/actualidad\/wp-content\/uploads\/2021\/12\/pasarelaorkoyen_JGV9118.jpg","type":"image\/jpeg"}],"author":"La Gu\u00eda de Pamplona","twitter_card":"summary_large_image","twitter_creator":"@LaGuiadPamplona","twitter_site":"@LaGuiadPamplona","twitter_misc":{"Escrito por":"La Gu\u00eda de Pamplona","Tiempo de lectura":"3 minutos"},"schema":{"@context":"https:\/\/schema.org","@graph":[{"@type":"Article","@id":"https:\/\/www.laguiadepamplona.com\/actualidad\/el-ayuntamiento-completara-la-mejora-peatonal-y-ciclista-en-la-conexion-pamplona-orcoyen-na-700\/#article","isPartOf":{"@id":"https:\/\/www.laguiadepamplona.com\/actualidad\/el-ayuntamiento-completara-la-mejora-peatonal-y-ciclista-en-la-conexion-pamplona-orcoyen-na-700\/"},"author":{"name":"La Gu\u00eda de Pamplona","@id":"https:\/\/www.laguiadepamplona.com\/actualidad\/#\/schema\/person\/efe887376f0213d4657c93adc50b1fdb"},"headline":"El Ayuntamiento completar\u00e1 la mejora peatonal y ciclista en la conexi\u00f3n Pamplona-Orcoyen (NA-700)","datePublished":"2021-12-13T16:24:32+00:00","dateModified":"2023-04-11T09:48:41+00:00","mainEntityOfPage":{"@id":"https:\/\/www.laguiadepamplona.com\/actualidad\/el-ayuntamiento-completara-la-mejora-peatonal-y-ciclista-en-la-conexion-pamplona-orcoyen-na-700\/"},"wordCount":746,"commentCount":0,"publisher":{"@id":"https:\/\/www.laguiadepamplona.com\/actualidad\/#organization"},"image":{"@id":"https:\/\/www.laguiadepamplona.com\/actualidad\/el-ayuntamiento-completara-la-mejora-peatonal-y-ciclista-en-la-conexion-pamplona-orcoyen-na-700\/#primaryimage"},"thumbnailUrl":"https:\/\/www.laguiadepamplona.com\/actualidad\/wp-content\/uploads\/2021\/12\/pasarelaorkoyen_JGV9118.jpg","articleSection":["Ayto Pamplona"],"inLanguage":"es","potentialAction":[{"@type":"CommentAction","name":"Comment","target":["https:\/\/www.laguiadepamplona.com\/actualidad\/el-ayuntamiento-completara-la-mejora-peatonal-y-ciclista-en-la-conexion-pamplona-orcoyen-na-700\/#respond"]}]},{"@type":"WebPage","@id":"https:\/\/www.laguiadepamplona.com\/actualidad\/el-ayuntamiento-completara-la-mejora-peatonal-y-ciclista-en-la-conexion-pamplona-orcoyen-na-700\/","url":"https:\/\/www.laguiadepamplona.com\/actualidad\/el-ayuntamiento-completara-la-mejora-peatonal-y-ciclista-en-la-conexion-pamplona-orcoyen-na-700\/","name":"El Ayuntamiento completar\u00e1 la mejora peatonal y ciclista en la conexi\u00f3n Pamplona-Orcoyen (NA-700)","isPartOf":{"@id":"https:\/\/www.laguiadepamplona.com\/actualidad\/#website"},"primaryImageOfPage":{"@id":"https:\/\/www.laguiadepamplona.com\/actualidad\/el-ayuntamiento-completara-la-mejora-peatonal-y-ciclista-en-la-conexion-pamplona-orcoyen-na-700\/#primaryimage"},"image":{"@id":"https:\/\/www.laguiadepamplona.com\/actualidad\/el-ayuntamiento-completara-la-mejora-peatonal-y-ciclista-en-la-conexion-pamplona-orcoyen-na-700\/#primaryimage"},"thumbnailUrl":"https:\/\/www.laguiadepamplona.com\/actualidad\/wp-content\/uploads\/2021\/12\/pasarelaorkoyen_JGV9118.jpg","datePublished":"2021-12-13T16:24:32+00:00","dateModified":"2023-04-11T09:48:41+00:00","description":"La Gerencia de Urbanismo municipal licitar\u00e1 el mi\u00e9rcoles las obras de esta intervenci\u00f3n por un precio inicial de 176.079 euros","breadcrumb":{"@id":"https:\/\/www.laguiadepamplona.com\/actualidad\/el-ayuntamiento-completara-la-mejora-peatonal-y-ciclista-en-la-conexion-pamplona-orcoyen-na-700\/#breadcrumb"},"inLanguage":"es","potentialAction":[{"@type":"ReadAction","target":["https:\/\/www.laguiadepamplona.com\/actualidad\/el-ayuntamiento-completara-la-mejora-peatonal-y-ciclista-en-la-conexion-pamplona-orcoyen-na-700\/"]}]},{"@type":"ImageObject","inLanguage":"es","@id":"https:\/\/www.laguiadepamplona.com\/actualidad\/el-ayuntamiento-completara-la-mejora-peatonal-y-ciclista-en-la-conexion-pamplona-orcoyen-na-700\/#primaryimage","url":"https:\/\/www.laguiadepamplona.com\/actualidad\/wp-content\/uploads\/2021\/12\/pasarelaorkoyen_JGV9118.jpg","contentUrl":"https:\/\/www.laguiadepamplona.com\/actualidad\/wp-content\/uploads\/2021\/12\/pasarelaorkoyen_JGV9118.jpg","width":1920,"height":1280,"caption":"A* Jes\u00fas Garzaron F* 2021_01_20 T* Inauguraci\u00f3n pasarela L* Orkoien, Orkoyen"},{"@type":"BreadcrumbList","@id":"https:\/\/www.laguiadepamplona.com\/actualidad\/el-ayuntamiento-completara-la-mejora-peatonal-y-ciclista-en-la-conexion-pamplona-orcoyen-na-700\/#breadcrumb","itemListElement":[{"@type":"ListItem","position":1,"name":"Portada","item":"https:\/\/www.laguiadepamplona.com\/actualidad\/"},{"@type":"ListItem","position":2,"name":"El Ayuntamiento completar\u00e1 la mejora peatonal y ciclista en la conexi\u00f3n Pamplona-Orcoyen (NA-700)"}]},{"@type":"WebSite","@id":"https:\/\/www.laguiadepamplona.com\/actualidad\/#website","url":"https:\/\/www.laguiadepamplona.com\/actualidad\/","name":"La gu\u00eda de Pamplona","description":"Noticias de Pamplona","publisher":{"@id":"https:\/\/www.laguiadepamplona.com\/actualidad\/#organization"},"potentialAction":[{"@type":"SearchAction","target":{"@type":"EntryPoint","urlTemplate":"https:\/\/www.laguiadepamplona.com\/actualidad\/?s={search_term_string}"},"query-input":{"@type":"PropertyValueSpecification","valueRequired":true,"valueName":"search_term_string"}}],"inLanguage":"es"},{"@type":"Organization","@id":"https:\/\/www.laguiadepamplona.com\/actualidad\/#organization","name":"La Gu\u00eda de Pamplona \/ Noticias","url":"https:\/\/www.laguiadepamplona.com\/actualidad\/","logo":{"@type":"ImageObject","inLanguage":"es","@id":"https:\/\/www.laguiadepamplona.com\/actualidad\/#\/schema\/logo\/image\/","url":"https:\/\/www.laguiadepamplona.com\/actualidad\/wp-content\/uploads\/2018\/11\/logo-laguiadepamplona18-web1.png","contentUrl":"https:\/\/www.laguiadepamplona.com\/actualidad\/wp-content\/uploads\/2018\/11\/logo-laguiadepamplona18-web1.png","width":600,"height":196,"caption":"La Gu\u00eda de Pamplona \/ Noticias"},"image":{"@id":"https:\/\/www.laguiadepamplona.com\/actualidad\/#\/schema\/logo\/image\/"},"sameAs":["https:\/\/www.facebook.com\/laguiadepamplonacom-133175176762273\/?ref=hl","https:\/\/x.com\/LaGuiadPamplona","https:\/\/www.instagram.com\/la_guia_de_pamplona\/","https:\/\/www.youtube.com\/user\/laguiadepamplona"]},{"@type":"Person","@id":"https:\/\/www.laguiadepamplona.com\/actualidad\/#\/schema\/person\/efe887376f0213d4657c93adc50b1fdb","name":"La Gu\u00eda de Pamplona","image":{"@type":"ImageObject","inLanguage":"es","@id":"https:\/\/secure.gravatar.com\/avatar\/b6992f131dc8d30ab0dff15446e9d346d9dbd95992de0fef795073f5ea83a81c?s=96&d=mm&r=g","url":"https:\/\/secure.gravatar.com\/avatar\/b6992f131dc8d30ab0dff15446e9d346d9dbd95992de0fef795073f5ea83a81c?s=96&d=mm&r=g","contentUrl":"https:\/\/secure.gravatar.com\/avatar\/b6992f131dc8d30ab0dff15446e9d346d9dbd95992de0fef795073f5ea83a81c?s=96&d=mm&r=g","caption":"La Gu\u00eda de Pamplona"}}]}},"post_mailing_queue_ids":[],"_links":{"self":[{"href":"https:\/\/www.laguiadepamplona.com\/actualidad\/wp-json\/wp\/v2\/posts\/37920","targetHints":{"allow":["GET"]}}],"collection":[{"href":"https:\/\/www.laguiadepamplona.com\/actualidad\/wp-json\/wp\/v2\/posts"}],"about":[{"href":"https:\/\/www.laguiadepamplona.com\/actualidad\/wp-json\/wp\/v2\/types\/post"}],"author":[{"embeddable":true,"href":"https:\/\/www.laguiadepamplona.com\/actualidad\/wp-json\/wp\/v2\/users\/1"}],"replies":[{"embeddable":true,"href":"https:\/\/www.laguiadepamplona.com\/actualidad\/wp-json\/wp\/v2\/comments?post=37920"}],"version-history":[{"count":0,"href":"https:\/\/www.laguiadepamplona.com\/actualidad\/wp-json\/wp\/v2\/posts\/37920\/revisions"}],"wp:featuredmedia":[{"embeddable":true,"href":"https:\/\/www.laguiadepamplona.com\/actualidad\/wp-json\/wp\/v2\/media\/37921"}],"wp:attachment":[{"href":"https:\/\/www.laguiadepamplona.com\/actualidad\/wp-json\/wp\/v2\/media?parent=37920"}],"wp:term":[{"taxonomy":"category","embeddable":true,"href":"https:\/\/www.laguiadepamplona.com\/actualidad\/wp-json\/wp\/v2\/categories?post=37920"},{"taxonomy":"post_tag","embeddable":true,"href":"https:\/\/www.laguiadepamplona.com\/actualidad\/wp-json\/wp\/v2\/tags?post=37920"}],"curies":[{"name":"wp","href":"https:\/\/api.w.org\/{rel}","templated":true}]}}