{"id":37918,"date":"2021-12-13T18:22:38","date_gmt":"2021-12-13T16:22:38","guid":{"rendered":"https:\/\/www.laguiadepamplona.com\/actualidad\/?p=37918"},"modified":"2023-04-11T11:48:41","modified_gmt":"2023-04-11T09:48:41","slug":"pamplona-aprueba-una-ope-de-reposicion-con-39-plazas-a-la-espera-de-conocer-la-normativa-definitiva-sobre-reduccion-de-la-temporalidad-en-el-empleo-publico","status":"publish","type":"post","link":"https:\/\/www.laguiadepamplona.com\/actualidad\/pamplona-aprueba-una-ope-de-reposicion-con-39-plazas-a-la-espera-de-conocer-la-normativa-definitiva-sobre-reduccion-de-la-temporalidad-en-el-empleo-publico\/","title":{"rendered":"Pamplona aprueba una OPE de reposici\u00f3n con 39 plazas, a la espera de conocer la normativa definitiva sobre reducci\u00f3n de la temporalidad en el empleo p\u00fablico"},"content":{"rendered":"<h5>El grueso corresponde a Polic\u00eda Municipal y Trabajo Social, pero tambi\u00e9n habr\u00e1 plazas de auxiliar de mantenimiento y de funcionamiento, entre otras<\/h5>\n<p><!--more--><\/p>\n<p>La Junta de Gobierno Local del Ayuntamiento de Pamplona ha aprobado, en su sesi\u00f3n de hoy, la Oferta P\u00fablica de Empleo correspondiente a este a\u00f1o 2021 con un total de 39 plazas. La cifra corresponde \u00fanicamente a la tasa de reposici\u00f3n, a la espera de la definici\u00f3n final del decreto-ley de medidas urgentes para la reducci\u00f3n de la temporalidad en el empleo p\u00fablico, que prev\u00e9 la estabilizaci\u00f3n de plazas ocupadas de forma interina de larga duraci\u00f3n.<br \/>\n<script async src=\"\/\/pagead2.googlesyndication.com\/pagead\/js\/adsbygoogle.js\"><\/script><br \/>\n<!-- Noticias La Guia de Pamplona --><br \/>\n<ins class=\"adsbygoogle\"\nstyle=\"display:block\"\ndata-ad-client=\"ca-pub-6943679897239327\"\ndata-ad-slot=\"7048180777\"\ndata-ad-format=\"auto\"><\/ins><br \/>\n<script>\n(adsbygoogle = window.adsbygoogle || []).push({});\n<\/script><\/p>\n<p>En concreto, de las 39 plazas vacantes ofertadas, 14 corresponden a agentes de Polic\u00eda Municipal y 8 a personas tituladas en Trabajo Social. Ambas acumulan el mayor n\u00famero de vacantes, seguidos por auxiliares de funcionamiento, para lo que se prev\u00e9n 4 plazas; auxiliares de mantenimiento de conservaci\u00f3n urbana, con tres vacantes; e ingenier\u00eda t\u00e9cnica, con otras tres plazas incluidas en la OPE de 2021.<\/p>\n<p>Las restantes siete vacantes se reparten, a raz\u00f3n de una por puesto, entre titulado\/a Superior, titulado\/a de Grado Medio, auxiliar sepulturero, psic\u00f3logo\/a, inspector\/a auxiliar, responsable de Relaciones Laborales y docente de guitarra para la Escuela de M\u00fasica.<\/p>\n<p>Esta oferta corresponde a la tasa de reposici\u00f3n general del 100% y del 110% para colectivos considerados prioritarios (porcentaje que alcanza el 115% en Polic\u00eda Municipal), seg\u00fan se establece en la ley 11\/2020 de los Presupuestos Generales del Estado para 2021. De las 39 plazas ofertadas, 26 son consideradas prioritarias y 13 no prioritarias.<br \/>\n<script async src=\"\/\/pagead2.googlesyndication.com\/pagead\/js\/adsbygoogle.js\"><\/script><br \/>\n<!-- Noticias La Guia de Pamplona --><br \/>\n<ins class=\"adsbygoogle\"\nstyle=\"display:block\"\ndata-ad-client=\"ca-pub-6943679897239327\"\ndata-ad-slot=\"7048180777\"\ndata-ad-format=\"auto\"><\/ins><br \/>\n<script>\n(adsbygoogle = window.adsbygoogle || []).push({});\n<\/script><\/p>\n<p>El Ayuntamiento de Pamplona ha decidido posponer la aprobaci\u00f3n de las plazas que corresponder\u00edan a la tasa de estabilizaci\u00f3n hasta la aprobaci\u00f3n definitiva de la nueva ley sobre interinidad en el empleo p\u00fablico que prepara el Gobierno central. Esas plazas ser\u00edan aprobadas en una OPE extraordinaria, atendiendo a los criterios que se fijen en esa nueva norma.<\/p>\n","protected":false},"excerpt":{"rendered":"<p>El grueso corresponde a Polic\u00eda Municipal y Trabajo Social, pero tambi\u00e9n habr\u00e1 plazas de auxiliar de mantenimiento y de funcionamiento, entre otras<\/p>\n","protected":false},"author":1,"featured_media":36074,"comment_status":"open","ping_status":"closed","sticky":false,"template":"","format":"standard","meta":{"footnotes":""},"categories":[2],"tags":[],"class_list":["post-37918","post","type-post","status-publish","format-standard","has-post-thumbnail","hentry","category-ayuntamiento-pamplona"],"yoast_head":"<!-- This site is optimized with the Yoast SEO plugin v27.3 - https:\/\/yoast.com\/product\/yoast-seo-wordpress\/ -->\n<title>Pamplona aprueba una OPE de reposici\u00f3n con 39 plazas, a la espera de conocer la normativa definitiva sobre reducci\u00f3n de la temporalidad en el empleo p\u00fablico<\/title>\n<meta name=\"description\" content=\"El grueso corresponde a Polic\u00eda Municipal y Trabajo Social, pero tambi\u00e9n habr\u00e1 plazas de auxiliar de mantenimiento y de funcionamiento, entre otras\" \/>\n<meta name=\"robots\" content=\"index, follow, max-snippet:-1, max-image-preview:large, max-video-preview:-1\" \/>\n<link rel=\"canonical\" href=\"https:\/\/www.laguiadepamplona.com\/actualidad\/pamplona-aprueba-una-ope-de-reposicion-con-39-plazas-a-la-espera-de-conocer-la-normativa-definitiva-sobre-reduccion-de-la-temporalidad-en-el-empleo-publico\/\" \/>\n<meta property=\"og:locale\" content=\"es_ES\" \/>\n<meta property=\"og:type\" content=\"article\" \/>\n<meta property=\"og:title\" content=\"Pamplona aprueba una OPE de reposici\u00f3n con 39 plazas, a la espera de conocer la normativa definitiva sobre reducci\u00f3n de la temporalidad en el empleo p\u00fablico\" \/>\n<meta property=\"og:description\" content=\"El grueso corresponde a Polic\u00eda Municipal y Trabajo Social, pero tambi\u00e9n habr\u00e1 plazas de auxiliar de mantenimiento y de funcionamiento, entre otras\" \/>\n<meta property=\"og:url\" content=\"https:\/\/www.laguiadepamplona.com\/actualidad\/pamplona-aprueba-una-ope-de-reposicion-con-39-plazas-a-la-espera-de-conocer-la-normativa-definitiva-sobre-reduccion-de-la-temporalidad-en-el-empleo-publico\/\" \/>\n<meta property=\"og:site_name\" content=\"La Gu\u00eda de Pamplona\" \/>\n<meta property=\"article:publisher\" content=\"https:\/\/www.facebook.com\/laguiadepamplonacom-133175176762273\/?ref=hl\" \/>\n<meta property=\"article:published_time\" content=\"2021-12-13T16:22:38+00:00\" \/>\n<meta property=\"article:modified_time\" content=\"2023-04-11T09:48:41+00:00\" \/>\n<meta property=\"og:image\" content=\"https:\/\/www.laguiadepamplona.com\/actualidad\/wp-content\/uploads\/2021\/08\/ayuntamiento-pamplona2.jpg\" \/>\n\t<meta property=\"og:image:width\" content=\"1920\" \/>\n\t<meta property=\"og:image:height\" content=\"1080\" \/>\n\t<meta property=\"og:image:type\" content=\"image\/jpeg\" \/>\n<meta name=\"author\" content=\"La Gu\u00eda de Pamplona\" \/>\n<meta name=\"twitter:card\" content=\"summary_large_image\" \/>\n<meta name=\"twitter:creator\" content=\"@LaGuiadPamplona\" \/>\n<meta name=\"twitter:site\" content=\"@LaGuiadPamplona\" \/>\n<meta name=\"twitter:label1\" content=\"Escrito por\" \/>\n\t<meta name=\"twitter:data1\" content=\"La Gu\u00eda de Pamplona\" \/>\n\t<meta name=\"twitter:label2\" content=\"Tiempo de lectura\" \/>\n\t<meta name=\"twitter:data2\" content=\"2 minutos\" \/>\n<script type=\"application\/ld+json\" class=\"yoast-schema-graph\">{\"@context\":\"https:\\\/\\\/schema.org\",\"@graph\":[{\"@type\":\"Article\",\"@id\":\"https:\\\/\\\/www.laguiadepamplona.com\\\/actualidad\\\/pamplona-aprueba-una-ope-de-reposicion-con-39-plazas-a-la-espera-de-conocer-la-normativa-definitiva-sobre-reduccion-de-la-temporalidad-en-el-empleo-publico\\\/#article\",\"isPartOf\":{\"@id\":\"https:\\\/\\\/www.laguiadepamplona.com\\\/actualidad\\\/pamplona-aprueba-una-ope-de-reposicion-con-39-plazas-a-la-espera-de-conocer-la-normativa-definitiva-sobre-reduccion-de-la-temporalidad-en-el-empleo-publico\\\/\"},\"author\":{\"name\":\"La Gu\u00eda de Pamplona\",\"@id\":\"https:\\\/\\\/www.laguiadepamplona.com\\\/actualidad\\\/#\\\/schema\\\/person\\\/efe887376f0213d4657c93adc50b1fdb\"},\"headline\":\"Pamplona aprueba una OPE de reposici\u00f3n con 39 plazas, a la espera de conocer la normativa definitiva sobre reducci\u00f3n de la temporalidad en el empleo p\u00fablico\",\"datePublished\":\"2021-12-13T16:22:38+00:00\",\"dateModified\":\"2023-04-11T09:48:41+00:00\",\"mainEntityOfPage\":{\"@id\":\"https:\\\/\\\/www.laguiadepamplona.com\\\/actualidad\\\/pamplona-aprueba-una-ope-de-reposicion-con-39-plazas-a-la-espera-de-conocer-la-normativa-definitiva-sobre-reduccion-de-la-temporalidad-en-el-empleo-publico\\\/\"},\"wordCount\":356,\"commentCount\":0,\"publisher\":{\"@id\":\"https:\\\/\\\/www.laguiadepamplona.com\\\/actualidad\\\/#organization\"},\"image\":{\"@id\":\"https:\\\/\\\/www.laguiadepamplona.com\\\/actualidad\\\/pamplona-aprueba-una-ope-de-reposicion-con-39-plazas-a-la-espera-de-conocer-la-normativa-definitiva-sobre-reduccion-de-la-temporalidad-en-el-empleo-publico\\\/#primaryimage\"},\"thumbnailUrl\":\"https:\\\/\\\/www.laguiadepamplona.com\\\/actualidad\\\/wp-content\\\/uploads\\\/2021\\\/08\\\/ayuntamiento-pamplona2.jpg\",\"articleSection\":[\"Ayto Pamplona\"],\"inLanguage\":\"es\",\"potentialAction\":[{\"@type\":\"CommentAction\",\"name\":\"Comment\",\"target\":[\"https:\\\/\\\/www.laguiadepamplona.com\\\/actualidad\\\/pamplona-aprueba-una-ope-de-reposicion-con-39-plazas-a-la-espera-de-conocer-la-normativa-definitiva-sobre-reduccion-de-la-temporalidad-en-el-empleo-publico\\\/#respond\"]}]},{\"@type\":\"WebPage\",\"@id\":\"https:\\\/\\\/www.laguiadepamplona.com\\\/actualidad\\\/pamplona-aprueba-una-ope-de-reposicion-con-39-plazas-a-la-espera-de-conocer-la-normativa-definitiva-sobre-reduccion-de-la-temporalidad-en-el-empleo-publico\\\/\",\"url\":\"https:\\\/\\\/www.laguiadepamplona.com\\\/actualidad\\\/pamplona-aprueba-una-ope-de-reposicion-con-39-plazas-a-la-espera-de-conocer-la-normativa-definitiva-sobre-reduccion-de-la-temporalidad-en-el-empleo-publico\\\/\",\"name\":\"Pamplona aprueba una OPE de reposici\u00f3n con 39 plazas, a la espera de conocer la normativa definitiva sobre reducci\u00f3n de la temporalidad en el empleo p\u00fablico\",\"isPartOf\":{\"@id\":\"https:\\\/\\\/www.laguiadepamplona.com\\\/actualidad\\\/#website\"},\"primaryImageOfPage\":{\"@id\":\"https:\\\/\\\/www.laguiadepamplona.com\\\/actualidad\\\/pamplona-aprueba-una-ope-de-reposicion-con-39-plazas-a-la-espera-de-conocer-la-normativa-definitiva-sobre-reduccion-de-la-temporalidad-en-el-empleo-publico\\\/#primaryimage\"},\"image\":{\"@id\":\"https:\\\/\\\/www.laguiadepamplona.com\\\/actualidad\\\/pamplona-aprueba-una-ope-de-reposicion-con-39-plazas-a-la-espera-de-conocer-la-normativa-definitiva-sobre-reduccion-de-la-temporalidad-en-el-empleo-publico\\\/#primaryimage\"},\"thumbnailUrl\":\"https:\\\/\\\/www.laguiadepamplona.com\\\/actualidad\\\/wp-content\\\/uploads\\\/2021\\\/08\\\/ayuntamiento-pamplona2.jpg\",\"datePublished\":\"2021-12-13T16:22:38+00:00\",\"dateModified\":\"2023-04-11T09:48:41+00:00\",\"description\":\"El grueso corresponde a Polic\u00eda Municipal y Trabajo Social, pero tambi\u00e9n habr\u00e1 plazas de auxiliar de mantenimiento y de funcionamiento, entre otras\",\"breadcrumb\":{\"@id\":\"https:\\\/\\\/www.laguiadepamplona.com\\\/actualidad\\\/pamplona-aprueba-una-ope-de-reposicion-con-39-plazas-a-la-espera-de-conocer-la-normativa-definitiva-sobre-reduccion-de-la-temporalidad-en-el-empleo-publico\\\/#breadcrumb\"},\"inLanguage\":\"es\",\"potentialAction\":[{\"@type\":\"ReadAction\",\"target\":[\"https:\\\/\\\/www.laguiadepamplona.com\\\/actualidad\\\/pamplona-aprueba-una-ope-de-reposicion-con-39-plazas-a-la-espera-de-conocer-la-normativa-definitiva-sobre-reduccion-de-la-temporalidad-en-el-empleo-publico\\\/\"]}]},{\"@type\":\"ImageObject\",\"inLanguage\":\"es\",\"@id\":\"https:\\\/\\\/www.laguiadepamplona.com\\\/actualidad\\\/pamplona-aprueba-una-ope-de-reposicion-con-39-plazas-a-la-espera-de-conocer-la-normativa-definitiva-sobre-reduccion-de-la-temporalidad-en-el-empleo-publico\\\/#primaryimage\",\"url\":\"https:\\\/\\\/www.laguiadepamplona.com\\\/actualidad\\\/wp-content\\\/uploads\\\/2021\\\/08\\\/ayuntamiento-pamplona2.jpg\",\"contentUrl\":\"https:\\\/\\\/www.laguiadepamplona.com\\\/actualidad\\\/wp-content\\\/uploads\\\/2021\\\/08\\\/ayuntamiento-pamplona2.jpg\",\"width\":1920,\"height\":1080,\"caption\":\"ayuntamiento pamplona\"},{\"@type\":\"BreadcrumbList\",\"@id\":\"https:\\\/\\\/www.laguiadepamplona.com\\\/actualidad\\\/pamplona-aprueba-una-ope-de-reposicion-con-39-plazas-a-la-espera-de-conocer-la-normativa-definitiva-sobre-reduccion-de-la-temporalidad-en-el-empleo-publico\\\/#breadcrumb\",\"itemListElement\":[{\"@type\":\"ListItem\",\"position\":1,\"name\":\"Portada\",\"item\":\"https:\\\/\\\/www.laguiadepamplona.com\\\/actualidad\\\/\"},{\"@type\":\"ListItem\",\"position\":2,\"name\":\"Pamplona aprueba una OPE de reposici\u00f3n con 39 plazas, a la espera de conocer la normativa definitiva sobre reducci\u00f3n de la temporalidad en el empleo p\u00fablico\"}]},{\"@type\":\"WebSite\",\"@id\":\"https:\\\/\\\/www.laguiadepamplona.com\\\/actualidad\\\/#website\",\"url\":\"https:\\\/\\\/www.laguiadepamplona.com\\\/actualidad\\\/\",\"name\":\"La gu\u00eda de Pamplona\",\"description\":\"Noticias de Pamplona\",\"publisher\":{\"@id\":\"https:\\\/\\\/www.laguiadepamplona.com\\\/actualidad\\\/#organization\"},\"potentialAction\":[{\"@type\":\"SearchAction\",\"target\":{\"@type\":\"EntryPoint\",\"urlTemplate\":\"https:\\\/\\\/www.laguiadepamplona.com\\\/actualidad\\\/?s={search_term_string}\"},\"query-input\":{\"@type\":\"PropertyValueSpecification\",\"valueRequired\":true,\"valueName\":\"search_term_string\"}}],\"inLanguage\":\"es\"},{\"@type\":\"Organization\",\"@id\":\"https:\\\/\\\/www.laguiadepamplona.com\\\/actualidad\\\/#organization\",\"name\":\"La Gu\u00eda de Pamplona \\\/ Noticias\",\"url\":\"https:\\\/\\\/www.laguiadepamplona.com\\\/actualidad\\\/\",\"logo\":{\"@type\":\"ImageObject\",\"inLanguage\":\"es\",\"@id\":\"https:\\\/\\\/www.laguiadepamplona.com\\\/actualidad\\\/#\\\/schema\\\/logo\\\/image\\\/\",\"url\":\"https:\\\/\\\/www.laguiadepamplona.com\\\/actualidad\\\/wp-content\\\/uploads\\\/2018\\\/11\\\/logo-laguiadepamplona18-web1.png\",\"contentUrl\":\"https:\\\/\\\/www.laguiadepamplona.com\\\/actualidad\\\/wp-content\\\/uploads\\\/2018\\\/11\\\/logo-laguiadepamplona18-web1.png\",\"width\":600,\"height\":196,\"caption\":\"La Gu\u00eda de Pamplona \\\/ Noticias\"},\"image\":{\"@id\":\"https:\\\/\\\/www.laguiadepamplona.com\\\/actualidad\\\/#\\\/schema\\\/logo\\\/image\\\/\"},\"sameAs\":[\"https:\\\/\\\/www.facebook.com\\\/laguiadepamplonacom-133175176762273\\\/?ref=hl\",\"https:\\\/\\\/x.com\\\/LaGuiadPamplona\",\"https:\\\/\\\/www.instagram.com\\\/la_guia_de_pamplona\\\/\",\"https:\\\/\\\/www.youtube.com\\\/user\\\/laguiadepamplona\"]},{\"@type\":\"Person\",\"@id\":\"https:\\\/\\\/www.laguiadepamplona.com\\\/actualidad\\\/#\\\/schema\\\/person\\\/efe887376f0213d4657c93adc50b1fdb\",\"name\":\"La Gu\u00eda de Pamplona\",\"image\":{\"@type\":\"ImageObject\",\"inLanguage\":\"es\",\"@id\":\"https:\\\/\\\/secure.gravatar.com\\\/avatar\\\/b6992f131dc8d30ab0dff15446e9d346d9dbd95992de0fef795073f5ea83a81c?s=96&d=mm&r=g\",\"url\":\"https:\\\/\\\/secure.gravatar.com\\\/avatar\\\/b6992f131dc8d30ab0dff15446e9d346d9dbd95992de0fef795073f5ea83a81c?s=96&d=mm&r=g\",\"contentUrl\":\"https:\\\/\\\/secure.gravatar.com\\\/avatar\\\/b6992f131dc8d30ab0dff15446e9d346d9dbd95992de0fef795073f5ea83a81c?s=96&d=mm&r=g\",\"caption\":\"La Gu\u00eda de Pamplona\"}}]}<\/script>\n<!-- \/ Yoast SEO plugin. -->","yoast_head_json":{"title":"Pamplona aprueba una OPE de reposici\u00f3n con 39 plazas, a la espera de conocer la normativa definitiva sobre reducci\u00f3n de la temporalidad en el empleo p\u00fablico","description":"El grueso corresponde a Polic\u00eda Municipal y Trabajo Social, pero tambi\u00e9n habr\u00e1 plazas de auxiliar de mantenimiento y de funcionamiento, entre otras","robots":{"index":"index","follow":"follow","max-snippet":"max-snippet:-1","max-image-preview":"max-image-preview:large","max-video-preview":"max-video-preview:-1"},"canonical":"https:\/\/www.laguiadepamplona.com\/actualidad\/pamplona-aprueba-una-ope-de-reposicion-con-39-plazas-a-la-espera-de-conocer-la-normativa-definitiva-sobre-reduccion-de-la-temporalidad-en-el-empleo-publico\/","og_locale":"es_ES","og_type":"article","og_title":"Pamplona aprueba una OPE de reposici\u00f3n con 39 plazas, a la espera de conocer la normativa definitiva sobre reducci\u00f3n de la temporalidad en el empleo p\u00fablico","og_description":"El grueso corresponde a Polic\u00eda Municipal y Trabajo Social, pero tambi\u00e9n habr\u00e1 plazas de auxiliar de mantenimiento y de funcionamiento, entre otras","og_url":"https:\/\/www.laguiadepamplona.com\/actualidad\/pamplona-aprueba-una-ope-de-reposicion-con-39-plazas-a-la-espera-de-conocer-la-normativa-definitiva-sobre-reduccion-de-la-temporalidad-en-el-empleo-publico\/","og_site_name":"La Gu\u00eda de Pamplona","article_publisher":"https:\/\/www.facebook.com\/laguiadepamplonacom-133175176762273\/?ref=hl","article_published_time":"2021-12-13T16:22:38+00:00","article_modified_time":"2023-04-11T09:48:41+00:00","og_image":[{"width":1920,"height":1080,"url":"https:\/\/www.laguiadepamplona.com\/actualidad\/wp-content\/uploads\/2021\/08\/ayuntamiento-pamplona2.jpg","type":"image\/jpeg"}],"author":"La Gu\u00eda de Pamplona","twitter_card":"summary_large_image","twitter_creator":"@LaGuiadPamplona","twitter_site":"@LaGuiadPamplona","twitter_misc":{"Escrito por":"La Gu\u00eda de Pamplona","Tiempo de lectura":"2 minutos"},"schema":{"@context":"https:\/\/schema.org","@graph":[{"@type":"Article","@id":"https:\/\/www.laguiadepamplona.com\/actualidad\/pamplona-aprueba-una-ope-de-reposicion-con-39-plazas-a-la-espera-de-conocer-la-normativa-definitiva-sobre-reduccion-de-la-temporalidad-en-el-empleo-publico\/#article","isPartOf":{"@id":"https:\/\/www.laguiadepamplona.com\/actualidad\/pamplona-aprueba-una-ope-de-reposicion-con-39-plazas-a-la-espera-de-conocer-la-normativa-definitiva-sobre-reduccion-de-la-temporalidad-en-el-empleo-publico\/"},"author":{"name":"La Gu\u00eda de Pamplona","@id":"https:\/\/www.laguiadepamplona.com\/actualidad\/#\/schema\/person\/efe887376f0213d4657c93adc50b1fdb"},"headline":"Pamplona aprueba una OPE de reposici\u00f3n con 39 plazas, a la espera de conocer la normativa definitiva sobre reducci\u00f3n de la temporalidad en el empleo p\u00fablico","datePublished":"2021-12-13T16:22:38+00:00","dateModified":"2023-04-11T09:48:41+00:00","mainEntityOfPage":{"@id":"https:\/\/www.laguiadepamplona.com\/actualidad\/pamplona-aprueba-una-ope-de-reposicion-con-39-plazas-a-la-espera-de-conocer-la-normativa-definitiva-sobre-reduccion-de-la-temporalidad-en-el-empleo-publico\/"},"wordCount":356,"commentCount":0,"publisher":{"@id":"https:\/\/www.laguiadepamplona.com\/actualidad\/#organization"},"image":{"@id":"https:\/\/www.laguiadepamplona.com\/actualidad\/pamplona-aprueba-una-ope-de-reposicion-con-39-plazas-a-la-espera-de-conocer-la-normativa-definitiva-sobre-reduccion-de-la-temporalidad-en-el-empleo-publico\/#primaryimage"},"thumbnailUrl":"https:\/\/www.laguiadepamplona.com\/actualidad\/wp-content\/uploads\/2021\/08\/ayuntamiento-pamplona2.jpg","articleSection":["Ayto Pamplona"],"inLanguage":"es","potentialAction":[{"@type":"CommentAction","name":"Comment","target":["https:\/\/www.laguiadepamplona.com\/actualidad\/pamplona-aprueba-una-ope-de-reposicion-con-39-plazas-a-la-espera-de-conocer-la-normativa-definitiva-sobre-reduccion-de-la-temporalidad-en-el-empleo-publico\/#respond"]}]},{"@type":"WebPage","@id":"https:\/\/www.laguiadepamplona.com\/actualidad\/pamplona-aprueba-una-ope-de-reposicion-con-39-plazas-a-la-espera-de-conocer-la-normativa-definitiva-sobre-reduccion-de-la-temporalidad-en-el-empleo-publico\/","url":"https:\/\/www.laguiadepamplona.com\/actualidad\/pamplona-aprueba-una-ope-de-reposicion-con-39-plazas-a-la-espera-de-conocer-la-normativa-definitiva-sobre-reduccion-de-la-temporalidad-en-el-empleo-publico\/","name":"Pamplona aprueba una OPE de reposici\u00f3n con 39 plazas, a la espera de conocer la normativa definitiva sobre reducci\u00f3n de la temporalidad en el empleo p\u00fablico","isPartOf":{"@id":"https:\/\/www.laguiadepamplona.com\/actualidad\/#website"},"primaryImageOfPage":{"@id":"https:\/\/www.laguiadepamplona.com\/actualidad\/pamplona-aprueba-una-ope-de-reposicion-con-39-plazas-a-la-espera-de-conocer-la-normativa-definitiva-sobre-reduccion-de-la-temporalidad-en-el-empleo-publico\/#primaryimage"},"image":{"@id":"https:\/\/www.laguiadepamplona.com\/actualidad\/pamplona-aprueba-una-ope-de-reposicion-con-39-plazas-a-la-espera-de-conocer-la-normativa-definitiva-sobre-reduccion-de-la-temporalidad-en-el-empleo-publico\/#primaryimage"},"thumbnailUrl":"https:\/\/www.laguiadepamplona.com\/actualidad\/wp-content\/uploads\/2021\/08\/ayuntamiento-pamplona2.jpg","datePublished":"2021-12-13T16:22:38+00:00","dateModified":"2023-04-11T09:48:41+00:00","description":"El grueso corresponde a Polic\u00eda Municipal y Trabajo Social, pero tambi\u00e9n habr\u00e1 plazas de auxiliar de mantenimiento y de funcionamiento, entre otras","breadcrumb":{"@id":"https:\/\/www.laguiadepamplona.com\/actualidad\/pamplona-aprueba-una-ope-de-reposicion-con-39-plazas-a-la-espera-de-conocer-la-normativa-definitiva-sobre-reduccion-de-la-temporalidad-en-el-empleo-publico\/#breadcrumb"},"inLanguage":"es","potentialAction":[{"@type":"ReadAction","target":["https:\/\/www.laguiadepamplona.com\/actualidad\/pamplona-aprueba-una-ope-de-reposicion-con-39-plazas-a-la-espera-de-conocer-la-normativa-definitiva-sobre-reduccion-de-la-temporalidad-en-el-empleo-publico\/"]}]},{"@type":"ImageObject","inLanguage":"es","@id":"https:\/\/www.laguiadepamplona.com\/actualidad\/pamplona-aprueba-una-ope-de-reposicion-con-39-plazas-a-la-espera-de-conocer-la-normativa-definitiva-sobre-reduccion-de-la-temporalidad-en-el-empleo-publico\/#primaryimage","url":"https:\/\/www.laguiadepamplona.com\/actualidad\/wp-content\/uploads\/2021\/08\/ayuntamiento-pamplona2.jpg","contentUrl":"https:\/\/www.laguiadepamplona.com\/actualidad\/wp-content\/uploads\/2021\/08\/ayuntamiento-pamplona2.jpg","width":1920,"height":1080,"caption":"ayuntamiento pamplona"},{"@type":"BreadcrumbList","@id":"https:\/\/www.laguiadepamplona.com\/actualidad\/pamplona-aprueba-una-ope-de-reposicion-con-39-plazas-a-la-espera-de-conocer-la-normativa-definitiva-sobre-reduccion-de-la-temporalidad-en-el-empleo-publico\/#breadcrumb","itemListElement":[{"@type":"ListItem","position":1,"name":"Portada","item":"https:\/\/www.laguiadepamplona.com\/actualidad\/"},{"@type":"ListItem","position":2,"name":"Pamplona aprueba una OPE de reposici\u00f3n con 39 plazas, a la espera de conocer la normativa definitiva sobre reducci\u00f3n de la temporalidad en el empleo p\u00fablico"}]},{"@type":"WebSite","@id":"https:\/\/www.laguiadepamplona.com\/actualidad\/#website","url":"https:\/\/www.laguiadepamplona.com\/actualidad\/","name":"La gu\u00eda de Pamplona","description":"Noticias de Pamplona","publisher":{"@id":"https:\/\/www.laguiadepamplona.com\/actualidad\/#organization"},"potentialAction":[{"@type":"SearchAction","target":{"@type":"EntryPoint","urlTemplate":"https:\/\/www.laguiadepamplona.com\/actualidad\/?s={search_term_string}"},"query-input":{"@type":"PropertyValueSpecification","valueRequired":true,"valueName":"search_term_string"}}],"inLanguage":"es"},{"@type":"Organization","@id":"https:\/\/www.laguiadepamplona.com\/actualidad\/#organization","name":"La Gu\u00eda de Pamplona \/ Noticias","url":"https:\/\/www.laguiadepamplona.com\/actualidad\/","logo":{"@type":"ImageObject","inLanguage":"es","@id":"https:\/\/www.laguiadepamplona.com\/actualidad\/#\/schema\/logo\/image\/","url":"https:\/\/www.laguiadepamplona.com\/actualidad\/wp-content\/uploads\/2018\/11\/logo-laguiadepamplona18-web1.png","contentUrl":"https:\/\/www.laguiadepamplona.com\/actualidad\/wp-content\/uploads\/2018\/11\/logo-laguiadepamplona18-web1.png","width":600,"height":196,"caption":"La Gu\u00eda de Pamplona \/ Noticias"},"image":{"@id":"https:\/\/www.laguiadepamplona.com\/actualidad\/#\/schema\/logo\/image\/"},"sameAs":["https:\/\/www.facebook.com\/laguiadepamplonacom-133175176762273\/?ref=hl","https:\/\/x.com\/LaGuiadPamplona","https:\/\/www.instagram.com\/la_guia_de_pamplona\/","https:\/\/www.youtube.com\/user\/laguiadepamplona"]},{"@type":"Person","@id":"https:\/\/www.laguiadepamplona.com\/actualidad\/#\/schema\/person\/efe887376f0213d4657c93adc50b1fdb","name":"La Gu\u00eda de Pamplona","image":{"@type":"ImageObject","inLanguage":"es","@id":"https:\/\/secure.gravatar.com\/avatar\/b6992f131dc8d30ab0dff15446e9d346d9dbd95992de0fef795073f5ea83a81c?s=96&d=mm&r=g","url":"https:\/\/secure.gravatar.com\/avatar\/b6992f131dc8d30ab0dff15446e9d346d9dbd95992de0fef795073f5ea83a81c?s=96&d=mm&r=g","contentUrl":"https:\/\/secure.gravatar.com\/avatar\/b6992f131dc8d30ab0dff15446e9d346d9dbd95992de0fef795073f5ea83a81c?s=96&d=mm&r=g","caption":"La Gu\u00eda de Pamplona"}}]}},"post_mailing_queue_ids":[],"_links":{"self":[{"href":"https:\/\/www.laguiadepamplona.com\/actualidad\/wp-json\/wp\/v2\/posts\/37918","targetHints":{"allow":["GET"]}}],"collection":[{"href":"https:\/\/www.laguiadepamplona.com\/actualidad\/wp-json\/wp\/v2\/posts"}],"about":[{"href":"https:\/\/www.laguiadepamplona.com\/actualidad\/wp-json\/wp\/v2\/types\/post"}],"author":[{"embeddable":true,"href":"https:\/\/www.laguiadepamplona.com\/actualidad\/wp-json\/wp\/v2\/users\/1"}],"replies":[{"embeddable":true,"href":"https:\/\/www.laguiadepamplona.com\/actualidad\/wp-json\/wp\/v2\/comments?post=37918"}],"version-history":[{"count":0,"href":"https:\/\/www.laguiadepamplona.com\/actualidad\/wp-json\/wp\/v2\/posts\/37918\/revisions"}],"wp:featuredmedia":[{"embeddable":true,"href":"https:\/\/www.laguiadepamplona.com\/actualidad\/wp-json\/wp\/v2\/media\/36074"}],"wp:attachment":[{"href":"https:\/\/www.laguiadepamplona.com\/actualidad\/wp-json\/wp\/v2\/media?parent=37918"}],"wp:term":[{"taxonomy":"category","embeddable":true,"href":"https:\/\/www.laguiadepamplona.com\/actualidad\/wp-json\/wp\/v2\/categories?post=37918"},{"taxonomy":"post_tag","embeddable":true,"href":"https:\/\/www.laguiadepamplona.com\/actualidad\/wp-json\/wp\/v2\/tags?post=37918"}],"curies":[{"name":"wp","href":"https:\/\/api.w.org\/{rel}","templated":true}]}}