{"id":37915,"date":"2021-12-13T14:28:15","date_gmt":"2021-12-13T12:28:15","guid":{"rendered":"https:\/\/www.laguiadepamplona.com\/actualidad\/?p=37915"},"modified":"2023-04-11T11:48:41","modified_gmt":"2023-04-11T09:48:41","slug":"pamplona-acoge-este-viernes-la-jornada-mujeres-y-redes-profesionales-una-oportunidad-para-el-liderazgo-femenino-y-el-emprendimiento","status":"publish","type":"post","link":"https:\/\/www.laguiadepamplona.com\/actualidad\/pamplona-acoge-este-viernes-la-jornada-mujeres-y-redes-profesionales-una-oportunidad-para-el-liderazgo-femenino-y-el-emprendimiento\/","title":{"rendered":"Pamplona acoge este viernes la jornada \u2018Mujeres y redes profesionales, una oportunidad para el liderazgo femenino y el emprendimiento\u2019"},"content":{"rendered":"<h5>Ser\u00e1 de 9.30 a 13.30 en el Palacio del Condestable, donde se pondr\u00e1n conocer las seis redes m\u00e1s relevantes para mejorar la carrera profesional<\/h5>\n<p><!--more--><\/p>\n<p>Pamplona acoger\u00e1 este viernes 17 la jornada \u2018\u2018Mujeres y redes profesionales, una oportunidad para el liderazgo femenino y el emprendimiento\u2019. En ella, por primera vez en la ciudad se podr\u00e1 escuchar, interactuar y conocer a seis de las redes m\u00e1s relevantes para crecer y escalar las empresas o negocios, o mejorar la carrera profesional y generar networking: Womenalia, SheTrades, European women payments network, Mujeres en Camino, Femmnes de Bregtane, y Amdedna-Neeze.<\/p>\n<p>A esta jornada, fruto de la colaboraci\u00f3n entre el Ayuntamiento de Pamplona y la sociedad p\u00fablica Centro Europeo de Empresas e Innovaci\u00f3n de Navarra (CEIN), se podr\u00e1 asistir de forma gratuita hasta completar aforo, en la sala de Conferencias del Palacio del Condestable de Pamplona, el d\u00eda 17 de diciembre de 9.30 a 13.30 horas.<\/p>\n<p>La jornada contar\u00e1 con una ponencia inaugural a cargo de Lucila Ballarino, directora de Womenalia, y continuar\u00e1 con la presentaci\u00f3n de las diferentes redes participantes en la jornada. Para hablar de todas ellas, se contar\u00e1 con la presencia de mujeres implicadas en su desarrollo, como son Teresa Guill\u00e9n, partner y verificadora de SheTrades; Andr\u00e9a Toucinho, embajadora de la red European women payments network en Francia; Myriam Flores, directora t\u00e9cnica de Mujeres en camino; Elena Ma\u00f1eru, presidenta de Femmnes de Bretagne; y Susana Labiano, gerente de Amedna-Neeze.<\/p>\n<p>Con esta iniciativa no solo se quiere acercar a la sociedad navarra estas redes, sino dar tambi\u00e9n la oportunidad de interactuar de manera directa con ellas durante la mesa redonda que cerrar\u00e1 la jornada y que estar\u00e1 abierta a las preguntas de las personas asistentes. El programa completo puede consultarse en <a href=\"https:\/\/www.cein.es\/crea-tu-empresa\/mujeres-y-redes-profesionales-liderazgo-femenino-emprendimiento\/\" target=\"_blank\" rel=\"noopener\">https:\/\/www.cein.es\/crea-tu-empresa\/mujeres-y-redes-profesionales-liderazgo-femenino-emprendimiento\/<\/a><br \/>\n<script async src=\"\/\/pagead2.googlesyndication.com\/pagead\/js\/adsbygoogle.js\"><\/script><br \/>\n<!-- Noticias La Guia de Pamplona --><br \/>\n<ins class=\"adsbygoogle\"\nstyle=\"display:block\"\ndata-ad-client=\"ca-pub-6943679897239327\"\ndata-ad-slot=\"7048180777\"\ndata-ad-format=\"auto\"><\/ins><br \/>\n<script>\n(adsbygoogle = window.adsbygoogle || []).push({});\n<\/script><\/p>\n<p><strong>Las redes profesionales<\/strong><\/p>\n<p><strong>Womenalia<\/strong> es una red de mujeres profesionales y emprendedoras con m\u00e1s de 350.000 usuarias de Espa\u00f1a y Am\u00e9rica Latina que se dedica al desarrollo profesional y empoderamiento de las mujeres. Busca impulsar y acompa\u00f1ar a la mujer en cualquier momento de su carrera profesional, facilit\u00e1ndole las herramientas necesarias para conseguir sus objetivos y fomentando las oportunidades de empleo femenino en todos los sectores.<\/p>\n<p><strong>SheTrades<\/strong> es una plataforma del Centro de Comercio Internacional (CCI\/ITC) organismo conjunto de la ONU y de la OMC con sede en Ginebra. Sus objetivos son que mujeres empresarias aumenten las ventas y compras internacionales, obtengan visibilidad y se conecten internacionalmente. Cuenta con la participaci\u00f3n de grandes grupos empresariales y representaci\u00f3n en todos los continentes. Una red y plataforma \u00fanica para conectar a tres millones de mujeres empresarias de todo el mundo con el mercado para 2021.<\/p>\n<p><strong>European Women Payments Network<\/strong> (EWPN) es una red europea que trabaja sobre la diversidad y networking en las fintech y el mercado bancario y de servicios financieros en Europa. Su sede est\u00e1 en \u00c1msterdam y tiene presencia en los diferentes pa\u00edses europeos. Ofrece asesoramiento y desarrollo para tener m\u00e1s \u00e9xito profesional o de emprendimiento.<br \/>\n<script async src=\"\/\/pagead2.googlesyndication.com\/pagead\/js\/adsbygoogle.js\"><\/script><br \/>\n<!-- Noticias La Guia de Pamplona --><br \/>\n<ins class=\"adsbygoogle\"\nstyle=\"display:block\"\ndata-ad-client=\"ca-pub-6943679897239327\"\ndata-ad-slot=\"7048180777\"\ndata-ad-format=\"auto\"><\/ins><br \/>\n<script>\n(adsbygoogle = window.adsbygoogle || []).push({});\n<\/script><\/p>\n<p><strong>Mujeres en Camino<\/strong> es un proyecto que pretende la creaci\u00f3n y promoci\u00f3n de redes de apoyo entre mujeres que ayuden a superar las barreras existentes para el cumplimiento de sus objetivos de desarrollo personal, social y profesional. Una red que se ha tejido en Navarra a partir de 2020. Busca construir un liderazgo femenino en sororidad.<\/p>\n<p><strong>Femmes de Bretagne<\/strong> es una red de apoyo destinada a promover la creaci\u00f3n, adquisici\u00f3n y desarrollo de empresas por parte de mujeres en Breta\u00f1a y Loira Atl\u00e1ntico. Su objetivo es conectar a todas las mujeres para apoyar el emprendimiento femenino, ayudarse mutuamente y compartir habilidades, ya sean l\u00edderes de proyectos, emprendedoras o solidarias.<\/p>\n<p><strong>La Asociaci\u00f3n de Mujeres Empresarias y Directivas de Navarra<\/strong>, AMEDNA-NEEZE, tiene como finalidad primordial servir de n\u00facleo de convergencia y representaci\u00f3n de todo cuanto concierne a la promoci\u00f3n y defensa de los valores humanos, sociales y profesionales de la mujer en su condici\u00f3n de empresaria y directiva, as\u00ed como servir de apoyo a todo nuevo proyecto que implique la introducci\u00f3n de la mujer en el \u00e1mbito laboral y empresarial. Es una de las redes m\u00e1s innovadoras y activas a nivel nacional.<\/p>\n","protected":false},"excerpt":{"rendered":"<p>Ser\u00e1 de 9.30 a 13.30 en el Palacio del Condestable, donde se pondr\u00e1n conocer las seis redes m\u00e1s relevantes para mejorar la carrera profesional<\/p>\n","protected":false},"author":1,"featured_media":37916,"comment_status":"open","ping_status":"closed","sticky":false,"template":"","format":"standard","meta":{"footnotes":""},"categories":[2],"tags":[],"class_list":["post-37915","post","type-post","status-publish","format-standard","has-post-thumbnail","hentry","category-ayuntamiento-pamplona"],"yoast_head":"<!-- This site is optimized with the Yoast SEO plugin v27.3 - https:\/\/yoast.com\/product\/yoast-seo-wordpress\/ -->\n<title>Pamplona acoge este viernes la jornada \u2018Mujeres y redes profesionales, una oportunidad para el liderazgo femenino y el emprendimiento\u2019<\/title>\n<meta name=\"description\" content=\"Ser\u00e1 de 9.30 a 13.30 en el Palacio del Condestable, donde se pondr\u00e1n conocer las seis redes m\u00e1s relevantes para mejorar la carrera profesional\" \/>\n<meta name=\"robots\" content=\"index, follow, max-snippet:-1, max-image-preview:large, max-video-preview:-1\" \/>\n<link rel=\"canonical\" href=\"https:\/\/www.laguiadepamplona.com\/actualidad\/pamplona-acoge-este-viernes-la-jornada-mujeres-y-redes-profesionales-una-oportunidad-para-el-liderazgo-femenino-y-el-emprendimiento\/\" \/>\n<meta property=\"og:locale\" content=\"es_ES\" \/>\n<meta property=\"og:type\" content=\"article\" \/>\n<meta property=\"og:title\" content=\"Pamplona acoge este viernes la jornada \u2018Mujeres y redes profesionales, una oportunidad para el liderazgo femenino y el emprendimiento\u2019\" \/>\n<meta property=\"og:description\" content=\"Ser\u00e1 de 9.30 a 13.30 en el Palacio del Condestable, donde se pondr\u00e1n conocer las seis redes m\u00e1s relevantes para mejorar la carrera profesional\" \/>\n<meta property=\"og:url\" content=\"https:\/\/www.laguiadepamplona.com\/actualidad\/pamplona-acoge-este-viernes-la-jornada-mujeres-y-redes-profesionales-una-oportunidad-para-el-liderazgo-femenino-y-el-emprendimiento\/\" \/>\n<meta property=\"og:site_name\" content=\"La Gu\u00eda de Pamplona\" \/>\n<meta property=\"article:publisher\" content=\"https:\/\/www.facebook.com\/laguiadepamplonacom-133175176762273\/?ref=hl\" \/>\n<meta property=\"article:published_time\" content=\"2021-12-13T12:28:15+00:00\" \/>\n<meta property=\"article:modified_time\" content=\"2023-04-11T09:48:41+00:00\" \/>\n<meta property=\"og:image\" content=\"https:\/\/www.laguiadepamplona.com\/actualidad\/wp-content\/uploads\/2021\/12\/mujeres-y-redes-profesionales.jpg\" \/>\n\t<meta property=\"og:image:width\" content=\"782\" \/>\n\t<meta property=\"og:image:height\" content=\"524\" \/>\n\t<meta property=\"og:image:type\" content=\"image\/jpeg\" \/>\n<meta name=\"author\" content=\"La Gu\u00eda de Pamplona\" \/>\n<meta name=\"twitter:card\" content=\"summary_large_image\" \/>\n<meta name=\"twitter:creator\" content=\"@LaGuiadPamplona\" \/>\n<meta name=\"twitter:site\" content=\"@LaGuiadPamplona\" \/>\n<meta name=\"twitter:label1\" content=\"Escrito por\" \/>\n\t<meta name=\"twitter:data1\" content=\"La Gu\u00eda de Pamplona\" \/>\n\t<meta name=\"twitter:label2\" content=\"Tiempo de lectura\" \/>\n\t<meta name=\"twitter:data2\" content=\"3 minutos\" \/>\n<script type=\"application\/ld+json\" class=\"yoast-schema-graph\">{\"@context\":\"https:\\\/\\\/schema.org\",\"@graph\":[{\"@type\":\"Article\",\"@id\":\"https:\\\/\\\/www.laguiadepamplona.com\\\/actualidad\\\/pamplona-acoge-este-viernes-la-jornada-mujeres-y-redes-profesionales-una-oportunidad-para-el-liderazgo-femenino-y-el-emprendimiento\\\/#article\",\"isPartOf\":{\"@id\":\"https:\\\/\\\/www.laguiadepamplona.com\\\/actualidad\\\/pamplona-acoge-este-viernes-la-jornada-mujeres-y-redes-profesionales-una-oportunidad-para-el-liderazgo-femenino-y-el-emprendimiento\\\/\"},\"author\":{\"name\":\"La Gu\u00eda de Pamplona\",\"@id\":\"https:\\\/\\\/www.laguiadepamplona.com\\\/actualidad\\\/#\\\/schema\\\/person\\\/efe887376f0213d4657c93adc50b1fdb\"},\"headline\":\"Pamplona acoge este viernes la jornada \u2018Mujeres y redes profesionales, una oportunidad para el liderazgo femenino y el emprendimiento\u2019\",\"datePublished\":\"2021-12-13T12:28:15+00:00\",\"dateModified\":\"2023-04-11T09:48:41+00:00\",\"mainEntityOfPage\":{\"@id\":\"https:\\\/\\\/www.laguiadepamplona.com\\\/actualidad\\\/pamplona-acoge-este-viernes-la-jornada-mujeres-y-redes-profesionales-una-oportunidad-para-el-liderazgo-femenino-y-el-emprendimiento\\\/\"},\"wordCount\":727,\"commentCount\":0,\"publisher\":{\"@id\":\"https:\\\/\\\/www.laguiadepamplona.com\\\/actualidad\\\/#organization\"},\"image\":{\"@id\":\"https:\\\/\\\/www.laguiadepamplona.com\\\/actualidad\\\/pamplona-acoge-este-viernes-la-jornada-mujeres-y-redes-profesionales-una-oportunidad-para-el-liderazgo-femenino-y-el-emprendimiento\\\/#primaryimage\"},\"thumbnailUrl\":\"https:\\\/\\\/www.laguiadepamplona.com\\\/actualidad\\\/wp-content\\\/uploads\\\/2021\\\/12\\\/mujeres-y-redes-profesionales.jpg\",\"articleSection\":[\"Ayto Pamplona\"],\"inLanguage\":\"es\",\"potentialAction\":[{\"@type\":\"CommentAction\",\"name\":\"Comment\",\"target\":[\"https:\\\/\\\/www.laguiadepamplona.com\\\/actualidad\\\/pamplona-acoge-este-viernes-la-jornada-mujeres-y-redes-profesionales-una-oportunidad-para-el-liderazgo-femenino-y-el-emprendimiento\\\/#respond\"]}]},{\"@type\":\"WebPage\",\"@id\":\"https:\\\/\\\/www.laguiadepamplona.com\\\/actualidad\\\/pamplona-acoge-este-viernes-la-jornada-mujeres-y-redes-profesionales-una-oportunidad-para-el-liderazgo-femenino-y-el-emprendimiento\\\/\",\"url\":\"https:\\\/\\\/www.laguiadepamplona.com\\\/actualidad\\\/pamplona-acoge-este-viernes-la-jornada-mujeres-y-redes-profesionales-una-oportunidad-para-el-liderazgo-femenino-y-el-emprendimiento\\\/\",\"name\":\"Pamplona acoge este viernes la jornada \u2018Mujeres y redes profesionales, una oportunidad para el liderazgo femenino y el emprendimiento\u2019\",\"isPartOf\":{\"@id\":\"https:\\\/\\\/www.laguiadepamplona.com\\\/actualidad\\\/#website\"},\"primaryImageOfPage\":{\"@id\":\"https:\\\/\\\/www.laguiadepamplona.com\\\/actualidad\\\/pamplona-acoge-este-viernes-la-jornada-mujeres-y-redes-profesionales-una-oportunidad-para-el-liderazgo-femenino-y-el-emprendimiento\\\/#primaryimage\"},\"image\":{\"@id\":\"https:\\\/\\\/www.laguiadepamplona.com\\\/actualidad\\\/pamplona-acoge-este-viernes-la-jornada-mujeres-y-redes-profesionales-una-oportunidad-para-el-liderazgo-femenino-y-el-emprendimiento\\\/#primaryimage\"},\"thumbnailUrl\":\"https:\\\/\\\/www.laguiadepamplona.com\\\/actualidad\\\/wp-content\\\/uploads\\\/2021\\\/12\\\/mujeres-y-redes-profesionales.jpg\",\"datePublished\":\"2021-12-13T12:28:15+00:00\",\"dateModified\":\"2023-04-11T09:48:41+00:00\",\"description\":\"Ser\u00e1 de 9.30 a 13.30 en el Palacio del Condestable, donde se pondr\u00e1n conocer las seis redes m\u00e1s relevantes para mejorar la carrera profesional\",\"breadcrumb\":{\"@id\":\"https:\\\/\\\/www.laguiadepamplona.com\\\/actualidad\\\/pamplona-acoge-este-viernes-la-jornada-mujeres-y-redes-profesionales-una-oportunidad-para-el-liderazgo-femenino-y-el-emprendimiento\\\/#breadcrumb\"},\"inLanguage\":\"es\",\"potentialAction\":[{\"@type\":\"ReadAction\",\"target\":[\"https:\\\/\\\/www.laguiadepamplona.com\\\/actualidad\\\/pamplona-acoge-este-viernes-la-jornada-mujeres-y-redes-profesionales-una-oportunidad-para-el-liderazgo-femenino-y-el-emprendimiento\\\/\"]}]},{\"@type\":\"ImageObject\",\"inLanguage\":\"es\",\"@id\":\"https:\\\/\\\/www.laguiadepamplona.com\\\/actualidad\\\/pamplona-acoge-este-viernes-la-jornada-mujeres-y-redes-profesionales-una-oportunidad-para-el-liderazgo-femenino-y-el-emprendimiento\\\/#primaryimage\",\"url\":\"https:\\\/\\\/www.laguiadepamplona.com\\\/actualidad\\\/wp-content\\\/uploads\\\/2021\\\/12\\\/mujeres-y-redes-profesionales.jpg\",\"contentUrl\":\"https:\\\/\\\/www.laguiadepamplona.com\\\/actualidad\\\/wp-content\\\/uploads\\\/2021\\\/12\\\/mujeres-y-redes-profesionales.jpg\",\"width\":782,\"height\":524},{\"@type\":\"BreadcrumbList\",\"@id\":\"https:\\\/\\\/www.laguiadepamplona.com\\\/actualidad\\\/pamplona-acoge-este-viernes-la-jornada-mujeres-y-redes-profesionales-una-oportunidad-para-el-liderazgo-femenino-y-el-emprendimiento\\\/#breadcrumb\",\"itemListElement\":[{\"@type\":\"ListItem\",\"position\":1,\"name\":\"Portada\",\"item\":\"https:\\\/\\\/www.laguiadepamplona.com\\\/actualidad\\\/\"},{\"@type\":\"ListItem\",\"position\":2,\"name\":\"Pamplona acoge este viernes la jornada \u2018Mujeres y redes profesionales, una oportunidad para el liderazgo femenino y el emprendimiento\u2019\"}]},{\"@type\":\"WebSite\",\"@id\":\"https:\\\/\\\/www.laguiadepamplona.com\\\/actualidad\\\/#website\",\"url\":\"https:\\\/\\\/www.laguiadepamplona.com\\\/actualidad\\\/\",\"name\":\"La gu\u00eda de Pamplona\",\"description\":\"Noticias de Pamplona\",\"publisher\":{\"@id\":\"https:\\\/\\\/www.laguiadepamplona.com\\\/actualidad\\\/#organization\"},\"potentialAction\":[{\"@type\":\"SearchAction\",\"target\":{\"@type\":\"EntryPoint\",\"urlTemplate\":\"https:\\\/\\\/www.laguiadepamplona.com\\\/actualidad\\\/?s={search_term_string}\"},\"query-input\":{\"@type\":\"PropertyValueSpecification\",\"valueRequired\":true,\"valueName\":\"search_term_string\"}}],\"inLanguage\":\"es\"},{\"@type\":\"Organization\",\"@id\":\"https:\\\/\\\/www.laguiadepamplona.com\\\/actualidad\\\/#organization\",\"name\":\"La Gu\u00eda de Pamplona \\\/ Noticias\",\"url\":\"https:\\\/\\\/www.laguiadepamplona.com\\\/actualidad\\\/\",\"logo\":{\"@type\":\"ImageObject\",\"inLanguage\":\"es\",\"@id\":\"https:\\\/\\\/www.laguiadepamplona.com\\\/actualidad\\\/#\\\/schema\\\/logo\\\/image\\\/\",\"url\":\"https:\\\/\\\/www.laguiadepamplona.com\\\/actualidad\\\/wp-content\\\/uploads\\\/2018\\\/11\\\/logo-laguiadepamplona18-web1.png\",\"contentUrl\":\"https:\\\/\\\/www.laguiadepamplona.com\\\/actualidad\\\/wp-content\\\/uploads\\\/2018\\\/11\\\/logo-laguiadepamplona18-web1.png\",\"width\":600,\"height\":196,\"caption\":\"La Gu\u00eda de Pamplona \\\/ Noticias\"},\"image\":{\"@id\":\"https:\\\/\\\/www.laguiadepamplona.com\\\/actualidad\\\/#\\\/schema\\\/logo\\\/image\\\/\"},\"sameAs\":[\"https:\\\/\\\/www.facebook.com\\\/laguiadepamplonacom-133175176762273\\\/?ref=hl\",\"https:\\\/\\\/x.com\\\/LaGuiadPamplona\",\"https:\\\/\\\/www.instagram.com\\\/la_guia_de_pamplona\\\/\",\"https:\\\/\\\/www.youtube.com\\\/user\\\/laguiadepamplona\"]},{\"@type\":\"Person\",\"@id\":\"https:\\\/\\\/www.laguiadepamplona.com\\\/actualidad\\\/#\\\/schema\\\/person\\\/efe887376f0213d4657c93adc50b1fdb\",\"name\":\"La Gu\u00eda de Pamplona\",\"image\":{\"@type\":\"ImageObject\",\"inLanguage\":\"es\",\"@id\":\"https:\\\/\\\/secure.gravatar.com\\\/avatar\\\/b6992f131dc8d30ab0dff15446e9d346d9dbd95992de0fef795073f5ea83a81c?s=96&d=mm&r=g\",\"url\":\"https:\\\/\\\/secure.gravatar.com\\\/avatar\\\/b6992f131dc8d30ab0dff15446e9d346d9dbd95992de0fef795073f5ea83a81c?s=96&d=mm&r=g\",\"contentUrl\":\"https:\\\/\\\/secure.gravatar.com\\\/avatar\\\/b6992f131dc8d30ab0dff15446e9d346d9dbd95992de0fef795073f5ea83a81c?s=96&d=mm&r=g\",\"caption\":\"La Gu\u00eda de Pamplona\"}}]}<\/script>\n<!-- \/ Yoast SEO plugin. -->","yoast_head_json":{"title":"Pamplona acoge este viernes la jornada \u2018Mujeres y redes profesionales, una oportunidad para el liderazgo femenino y el emprendimiento\u2019","description":"Ser\u00e1 de 9.30 a 13.30 en el Palacio del Condestable, donde se pondr\u00e1n conocer las seis redes m\u00e1s relevantes para mejorar la carrera profesional","robots":{"index":"index","follow":"follow","max-snippet":"max-snippet:-1","max-image-preview":"max-image-preview:large","max-video-preview":"max-video-preview:-1"},"canonical":"https:\/\/www.laguiadepamplona.com\/actualidad\/pamplona-acoge-este-viernes-la-jornada-mujeres-y-redes-profesionales-una-oportunidad-para-el-liderazgo-femenino-y-el-emprendimiento\/","og_locale":"es_ES","og_type":"article","og_title":"Pamplona acoge este viernes la jornada \u2018Mujeres y redes profesionales, una oportunidad para el liderazgo femenino y el emprendimiento\u2019","og_description":"Ser\u00e1 de 9.30 a 13.30 en el Palacio del Condestable, donde se pondr\u00e1n conocer las seis redes m\u00e1s relevantes para mejorar la carrera profesional","og_url":"https:\/\/www.laguiadepamplona.com\/actualidad\/pamplona-acoge-este-viernes-la-jornada-mujeres-y-redes-profesionales-una-oportunidad-para-el-liderazgo-femenino-y-el-emprendimiento\/","og_site_name":"La Gu\u00eda de Pamplona","article_publisher":"https:\/\/www.facebook.com\/laguiadepamplonacom-133175176762273\/?ref=hl","article_published_time":"2021-12-13T12:28:15+00:00","article_modified_time":"2023-04-11T09:48:41+00:00","og_image":[{"width":782,"height":524,"url":"https:\/\/www.laguiadepamplona.com\/actualidad\/wp-content\/uploads\/2021\/12\/mujeres-y-redes-profesionales.jpg","type":"image\/jpeg"}],"author":"La Gu\u00eda de Pamplona","twitter_card":"summary_large_image","twitter_creator":"@LaGuiadPamplona","twitter_site":"@LaGuiadPamplona","twitter_misc":{"Escrito por":"La Gu\u00eda de Pamplona","Tiempo de lectura":"3 minutos"},"schema":{"@context":"https:\/\/schema.org","@graph":[{"@type":"Article","@id":"https:\/\/www.laguiadepamplona.com\/actualidad\/pamplona-acoge-este-viernes-la-jornada-mujeres-y-redes-profesionales-una-oportunidad-para-el-liderazgo-femenino-y-el-emprendimiento\/#article","isPartOf":{"@id":"https:\/\/www.laguiadepamplona.com\/actualidad\/pamplona-acoge-este-viernes-la-jornada-mujeres-y-redes-profesionales-una-oportunidad-para-el-liderazgo-femenino-y-el-emprendimiento\/"},"author":{"name":"La Gu\u00eda de Pamplona","@id":"https:\/\/www.laguiadepamplona.com\/actualidad\/#\/schema\/person\/efe887376f0213d4657c93adc50b1fdb"},"headline":"Pamplona acoge este viernes la jornada \u2018Mujeres y redes profesionales, una oportunidad para el liderazgo femenino y el emprendimiento\u2019","datePublished":"2021-12-13T12:28:15+00:00","dateModified":"2023-04-11T09:48:41+00:00","mainEntityOfPage":{"@id":"https:\/\/www.laguiadepamplona.com\/actualidad\/pamplona-acoge-este-viernes-la-jornada-mujeres-y-redes-profesionales-una-oportunidad-para-el-liderazgo-femenino-y-el-emprendimiento\/"},"wordCount":727,"commentCount":0,"publisher":{"@id":"https:\/\/www.laguiadepamplona.com\/actualidad\/#organization"},"image":{"@id":"https:\/\/www.laguiadepamplona.com\/actualidad\/pamplona-acoge-este-viernes-la-jornada-mujeres-y-redes-profesionales-una-oportunidad-para-el-liderazgo-femenino-y-el-emprendimiento\/#primaryimage"},"thumbnailUrl":"https:\/\/www.laguiadepamplona.com\/actualidad\/wp-content\/uploads\/2021\/12\/mujeres-y-redes-profesionales.jpg","articleSection":["Ayto Pamplona"],"inLanguage":"es","potentialAction":[{"@type":"CommentAction","name":"Comment","target":["https:\/\/www.laguiadepamplona.com\/actualidad\/pamplona-acoge-este-viernes-la-jornada-mujeres-y-redes-profesionales-una-oportunidad-para-el-liderazgo-femenino-y-el-emprendimiento\/#respond"]}]},{"@type":"WebPage","@id":"https:\/\/www.laguiadepamplona.com\/actualidad\/pamplona-acoge-este-viernes-la-jornada-mujeres-y-redes-profesionales-una-oportunidad-para-el-liderazgo-femenino-y-el-emprendimiento\/","url":"https:\/\/www.laguiadepamplona.com\/actualidad\/pamplona-acoge-este-viernes-la-jornada-mujeres-y-redes-profesionales-una-oportunidad-para-el-liderazgo-femenino-y-el-emprendimiento\/","name":"Pamplona acoge este viernes la jornada \u2018Mujeres y redes profesionales, una oportunidad para el liderazgo femenino y el emprendimiento\u2019","isPartOf":{"@id":"https:\/\/www.laguiadepamplona.com\/actualidad\/#website"},"primaryImageOfPage":{"@id":"https:\/\/www.laguiadepamplona.com\/actualidad\/pamplona-acoge-este-viernes-la-jornada-mujeres-y-redes-profesionales-una-oportunidad-para-el-liderazgo-femenino-y-el-emprendimiento\/#primaryimage"},"image":{"@id":"https:\/\/www.laguiadepamplona.com\/actualidad\/pamplona-acoge-este-viernes-la-jornada-mujeres-y-redes-profesionales-una-oportunidad-para-el-liderazgo-femenino-y-el-emprendimiento\/#primaryimage"},"thumbnailUrl":"https:\/\/www.laguiadepamplona.com\/actualidad\/wp-content\/uploads\/2021\/12\/mujeres-y-redes-profesionales.jpg","datePublished":"2021-12-13T12:28:15+00:00","dateModified":"2023-04-11T09:48:41+00:00","description":"Ser\u00e1 de 9.30 a 13.30 en el Palacio del Condestable, donde se pondr\u00e1n conocer las seis redes m\u00e1s relevantes para mejorar la carrera profesional","breadcrumb":{"@id":"https:\/\/www.laguiadepamplona.com\/actualidad\/pamplona-acoge-este-viernes-la-jornada-mujeres-y-redes-profesionales-una-oportunidad-para-el-liderazgo-femenino-y-el-emprendimiento\/#breadcrumb"},"inLanguage":"es","potentialAction":[{"@type":"ReadAction","target":["https:\/\/www.laguiadepamplona.com\/actualidad\/pamplona-acoge-este-viernes-la-jornada-mujeres-y-redes-profesionales-una-oportunidad-para-el-liderazgo-femenino-y-el-emprendimiento\/"]}]},{"@type":"ImageObject","inLanguage":"es","@id":"https:\/\/www.laguiadepamplona.com\/actualidad\/pamplona-acoge-este-viernes-la-jornada-mujeres-y-redes-profesionales-una-oportunidad-para-el-liderazgo-femenino-y-el-emprendimiento\/#primaryimage","url":"https:\/\/www.laguiadepamplona.com\/actualidad\/wp-content\/uploads\/2021\/12\/mujeres-y-redes-profesionales.jpg","contentUrl":"https:\/\/www.laguiadepamplona.com\/actualidad\/wp-content\/uploads\/2021\/12\/mujeres-y-redes-profesionales.jpg","width":782,"height":524},{"@type":"BreadcrumbList","@id":"https:\/\/www.laguiadepamplona.com\/actualidad\/pamplona-acoge-este-viernes-la-jornada-mujeres-y-redes-profesionales-una-oportunidad-para-el-liderazgo-femenino-y-el-emprendimiento\/#breadcrumb","itemListElement":[{"@type":"ListItem","position":1,"name":"Portada","item":"https:\/\/www.laguiadepamplona.com\/actualidad\/"},{"@type":"ListItem","position":2,"name":"Pamplona acoge este viernes la jornada \u2018Mujeres y redes profesionales, una oportunidad para el liderazgo femenino y el emprendimiento\u2019"}]},{"@type":"WebSite","@id":"https:\/\/www.laguiadepamplona.com\/actualidad\/#website","url":"https:\/\/www.laguiadepamplona.com\/actualidad\/","name":"La gu\u00eda de Pamplona","description":"Noticias de Pamplona","publisher":{"@id":"https:\/\/www.laguiadepamplona.com\/actualidad\/#organization"},"potentialAction":[{"@type":"SearchAction","target":{"@type":"EntryPoint","urlTemplate":"https:\/\/www.laguiadepamplona.com\/actualidad\/?s={search_term_string}"},"query-input":{"@type":"PropertyValueSpecification","valueRequired":true,"valueName":"search_term_string"}}],"inLanguage":"es"},{"@type":"Organization","@id":"https:\/\/www.laguiadepamplona.com\/actualidad\/#organization","name":"La Gu\u00eda de Pamplona \/ Noticias","url":"https:\/\/www.laguiadepamplona.com\/actualidad\/","logo":{"@type":"ImageObject","inLanguage":"es","@id":"https:\/\/www.laguiadepamplona.com\/actualidad\/#\/schema\/logo\/image\/","url":"https:\/\/www.laguiadepamplona.com\/actualidad\/wp-content\/uploads\/2018\/11\/logo-laguiadepamplona18-web1.png","contentUrl":"https:\/\/www.laguiadepamplona.com\/actualidad\/wp-content\/uploads\/2018\/11\/logo-laguiadepamplona18-web1.png","width":600,"height":196,"caption":"La Gu\u00eda de Pamplona \/ Noticias"},"image":{"@id":"https:\/\/www.laguiadepamplona.com\/actualidad\/#\/schema\/logo\/image\/"},"sameAs":["https:\/\/www.facebook.com\/laguiadepamplonacom-133175176762273\/?ref=hl","https:\/\/x.com\/LaGuiadPamplona","https:\/\/www.instagram.com\/la_guia_de_pamplona\/","https:\/\/www.youtube.com\/user\/laguiadepamplona"]},{"@type":"Person","@id":"https:\/\/www.laguiadepamplona.com\/actualidad\/#\/schema\/person\/efe887376f0213d4657c93adc50b1fdb","name":"La Gu\u00eda de Pamplona","image":{"@type":"ImageObject","inLanguage":"es","@id":"https:\/\/secure.gravatar.com\/avatar\/b6992f131dc8d30ab0dff15446e9d346d9dbd95992de0fef795073f5ea83a81c?s=96&d=mm&r=g","url":"https:\/\/secure.gravatar.com\/avatar\/b6992f131dc8d30ab0dff15446e9d346d9dbd95992de0fef795073f5ea83a81c?s=96&d=mm&r=g","contentUrl":"https:\/\/secure.gravatar.com\/avatar\/b6992f131dc8d30ab0dff15446e9d346d9dbd95992de0fef795073f5ea83a81c?s=96&d=mm&r=g","caption":"La Gu\u00eda de Pamplona"}}]}},"post_mailing_queue_ids":[],"_links":{"self":[{"href":"https:\/\/www.laguiadepamplona.com\/actualidad\/wp-json\/wp\/v2\/posts\/37915","targetHints":{"allow":["GET"]}}],"collection":[{"href":"https:\/\/www.laguiadepamplona.com\/actualidad\/wp-json\/wp\/v2\/posts"}],"about":[{"href":"https:\/\/www.laguiadepamplona.com\/actualidad\/wp-json\/wp\/v2\/types\/post"}],"author":[{"embeddable":true,"href":"https:\/\/www.laguiadepamplona.com\/actualidad\/wp-json\/wp\/v2\/users\/1"}],"replies":[{"embeddable":true,"href":"https:\/\/www.laguiadepamplona.com\/actualidad\/wp-json\/wp\/v2\/comments?post=37915"}],"version-history":[{"count":0,"href":"https:\/\/www.laguiadepamplona.com\/actualidad\/wp-json\/wp\/v2\/posts\/37915\/revisions"}],"wp:featuredmedia":[{"embeddable":true,"href":"https:\/\/www.laguiadepamplona.com\/actualidad\/wp-json\/wp\/v2\/media\/37916"}],"wp:attachment":[{"href":"https:\/\/www.laguiadepamplona.com\/actualidad\/wp-json\/wp\/v2\/media?parent=37915"}],"wp:term":[{"taxonomy":"category","embeddable":true,"href":"https:\/\/www.laguiadepamplona.com\/actualidad\/wp-json\/wp\/v2\/categories?post=37915"},{"taxonomy":"post_tag","embeddable":true,"href":"https:\/\/www.laguiadepamplona.com\/actualidad\/wp-json\/wp\/v2\/tags?post=37915"}],"curies":[{"name":"wp","href":"https:\/\/api.w.org\/{rel}","templated":true}]}}