{"id":37912,"date":"2021-12-13T14:19:16","date_gmt":"2021-12-13T12:19:16","guid":{"rendered":"https:\/\/www.laguiadepamplona.com\/actualidad\/?p=37912"},"modified":"2023-04-11T11:48:41","modified_gmt":"2023-04-11T09:48:41","slug":"el-ayuntamiento-inicia-trabajos-de-saneamiento-y-asfaltado-en-la-calle-cortes-de-navarra-unas-obras-que-previsiblemente-duraran-hasta-el-viernes","status":"publish","type":"post","link":"https:\/\/www.laguiadepamplona.com\/actualidad\/el-ayuntamiento-inicia-trabajos-de-saneamiento-y-asfaltado-en-la-calle-cortes-de-navarra-unas-obras-que-previsiblemente-duraran-hasta-el-viernes\/","title":{"rendered":"El Ayuntamiento inicia trabajos de saneamiento y asfaltado en la calle Cortes de Navarra, unas obras que previsiblemente durar\u00e1n hasta el viernes"},"content":{"rendered":"<h5>Ante el corte de esta v\u00eda, Polic\u00eda Municipal recomienda la cuesta de Beloso o la avenida de Guip\u00fazcoa<\/h5>\n<p><!--more--><\/p>\n<p>El Ayuntamiento de Pamplona ha iniciado hoy los trabajos de reasfaltado de la calle Cortes de Navarra (II Ensanche), por lo que en estos momentos y, previsiblemente hasta el fin de semana, la calle permanecer\u00e1 cortada al tr\u00e1fico. A lo largo de la semana se realizar\u00e1n saneos, fresado y asfaltado de forma que, si el tiempo lo permite, el viernes por la tarde la intervenci\u00f3n culmine con el pintado de la se\u00f1alizaci\u00f3n horizontal.<br \/>\n<script async src=\"\/\/pagead2.googlesyndication.com\/pagead\/js\/adsbygoogle.js\"><\/script><br \/>\n<!-- Noticias La Guia de Pamplona --><br \/>\n<ins class=\"adsbygoogle\"\nstyle=\"display:block\"\ndata-ad-client=\"ca-pub-6943679897239327\"\ndata-ad-slot=\"7048180777\"\ndata-ad-format=\"auto\"><\/ins><br \/>\n<script>\n(adsbygoogle = window.adsbygoogle || []).push({});\n<\/script><\/p>\n<p>Polic\u00eda municipal recuerda a los vecinos con tarjeta de residente que no se podr\u00e1 entrar ni salir en el aparcamiento subterr\u00e1neo de la plaza del Castillo por el acceso del mismo nombre, sino que habr\u00e1 que hacerlos por el m\u00e1s pr\u00f3ximo, de la boca de acceso de la calle San Ignacio. Polic\u00eda municipal recuerda a los vecinos con tarjeta de residente que no se podr\u00e1 entrar ni salir en el aparcamiento subterr\u00e1neo de la plaza del Castillo por el acceso del mismo nombre, sino que habr\u00e1 que hacerlos por el m\u00e1s pr\u00f3ximo, de la boca de acceso de la calle San Ignacio. Asimismo, polic\u00eda municipal recomienda que los accesos desde el centro ciudad a los barrios de Txantrea &#8211; Rochapea se realicen por Cuesta de Beloso o avenida de Guip\u00fazcoa.<\/p>\n<p>El asfaltado de esta calle entra dentro del acuerdo marco que rige la intervenci\u00f3n de diferentes empresas del sector para obras de rehabilitaci\u00f3n de espacios p\u00fablicos. Los trabajos tienen un coste de 163.350; el saneo y rehabilitaci\u00f3n del firme est\u00e1 a cargo de la empresa ERRI BERI y de lo relativo a los trabajos de asfaltado se encarga la empresa Asfaltados Biurrun.<\/p>\n","protected":false},"excerpt":{"rendered":"<p>Ante el corte de esta v\u00eda, Polic\u00eda Municipal recomienda la cuesta de Beloso o la avenida de Guip\u00fazcoa<\/p>\n","protected":false},"author":1,"featured_media":37913,"comment_status":"open","ping_status":"closed","sticky":false,"template":"","format":"standard","meta":{"footnotes":""},"categories":[2],"tags":[],"class_list":["post-37912","post","type-post","status-publish","format-standard","has-post-thumbnail","hentry","category-ayuntamiento-pamplona"],"yoast_head":"<!-- This site is optimized with the Yoast SEO plugin v27.3 - https:\/\/yoast.com\/product\/yoast-seo-wordpress\/ -->\n<title>El Ayuntamiento inicia trabajos de saneamiento y asfaltado en la calle Cortes de Navarra, unas obras que previsiblemente durar\u00e1n hasta el viernes<\/title>\n<meta name=\"description\" content=\"Ante el corte de esta v\u00eda, Polic\u00eda Municipal recomienda la cuesta de Beloso o la avenida de Guip\u00fazcoa\" \/>\n<meta name=\"robots\" content=\"index, follow, max-snippet:-1, max-image-preview:large, max-video-preview:-1\" \/>\n<link rel=\"canonical\" href=\"https:\/\/www.laguiadepamplona.com\/actualidad\/el-ayuntamiento-inicia-trabajos-de-saneamiento-y-asfaltado-en-la-calle-cortes-de-navarra-unas-obras-que-previsiblemente-duraran-hasta-el-viernes\/\" \/>\n<meta property=\"og:locale\" content=\"es_ES\" \/>\n<meta property=\"og:type\" content=\"article\" \/>\n<meta property=\"og:title\" content=\"El Ayuntamiento inicia trabajos de saneamiento y asfaltado en la calle Cortes de Navarra, unas obras que previsiblemente durar\u00e1n hasta el viernes\" \/>\n<meta property=\"og:description\" content=\"Ante el corte de esta v\u00eda, Polic\u00eda Municipal recomienda la cuesta de Beloso o la avenida de Guip\u00fazcoa\" \/>\n<meta property=\"og:url\" content=\"https:\/\/www.laguiadepamplona.com\/actualidad\/el-ayuntamiento-inicia-trabajos-de-saneamiento-y-asfaltado-en-la-calle-cortes-de-navarra-unas-obras-que-previsiblemente-duraran-hasta-el-viernes\/\" \/>\n<meta property=\"og:site_name\" content=\"La Gu\u00eda de Pamplona\" \/>\n<meta property=\"article:publisher\" content=\"https:\/\/www.facebook.com\/laguiadepamplonacom-133175176762273\/?ref=hl\" \/>\n<meta property=\"article:published_time\" content=\"2021-12-13T12:19:16+00:00\" \/>\n<meta property=\"article:modified_time\" content=\"2023-04-11T09:48:41+00:00\" \/>\n<meta property=\"og:image\" content=\"https:\/\/www.laguiadepamplona.com\/actualidad\/wp-content\/uploads\/2021\/12\/asfaltado.jpg\" \/>\n\t<meta property=\"og:image:width\" content=\"1920\" \/>\n\t<meta property=\"og:image:height\" content=\"1438\" \/>\n\t<meta property=\"og:image:type\" content=\"image\/jpeg\" \/>\n<meta name=\"author\" content=\"La Gu\u00eda de Pamplona\" \/>\n<meta name=\"twitter:card\" content=\"summary_large_image\" \/>\n<meta name=\"twitter:creator\" content=\"@LaGuiadPamplona\" \/>\n<meta name=\"twitter:site\" content=\"@LaGuiadPamplona\" \/>\n<meta name=\"twitter:label1\" content=\"Escrito por\" \/>\n\t<meta name=\"twitter:data1\" content=\"La Gu\u00eda de Pamplona\" \/>\n\t<meta name=\"twitter:label2\" content=\"Tiempo de lectura\" \/>\n\t<meta name=\"twitter:data2\" content=\"2 minutos\" \/>\n<script type=\"application\/ld+json\" class=\"yoast-schema-graph\">{\"@context\":\"https:\\\/\\\/schema.org\",\"@graph\":[{\"@type\":\"Article\",\"@id\":\"https:\\\/\\\/www.laguiadepamplona.com\\\/actualidad\\\/el-ayuntamiento-inicia-trabajos-de-saneamiento-y-asfaltado-en-la-calle-cortes-de-navarra-unas-obras-que-previsiblemente-duraran-hasta-el-viernes\\\/#article\",\"isPartOf\":{\"@id\":\"https:\\\/\\\/www.laguiadepamplona.com\\\/actualidad\\\/el-ayuntamiento-inicia-trabajos-de-saneamiento-y-asfaltado-en-la-calle-cortes-de-navarra-unas-obras-que-previsiblemente-duraran-hasta-el-viernes\\\/\"},\"author\":{\"name\":\"La Gu\u00eda de Pamplona\",\"@id\":\"https:\\\/\\\/www.laguiadepamplona.com\\\/actualidad\\\/#\\\/schema\\\/person\\\/efe887376f0213d4657c93adc50b1fdb\"},\"headline\":\"El Ayuntamiento inicia trabajos de saneamiento y asfaltado en la calle Cortes de Navarra, unas obras que previsiblemente durar\u00e1n hasta el viernes\",\"datePublished\":\"2021-12-13T12:19:16+00:00\",\"dateModified\":\"2023-04-11T09:48:41+00:00\",\"mainEntityOfPage\":{\"@id\":\"https:\\\/\\\/www.laguiadepamplona.com\\\/actualidad\\\/el-ayuntamiento-inicia-trabajos-de-saneamiento-y-asfaltado-en-la-calle-cortes-de-navarra-unas-obras-que-previsiblemente-duraran-hasta-el-viernes\\\/\"},\"wordCount\":327,\"commentCount\":0,\"publisher\":{\"@id\":\"https:\\\/\\\/www.laguiadepamplona.com\\\/actualidad\\\/#organization\"},\"image\":{\"@id\":\"https:\\\/\\\/www.laguiadepamplona.com\\\/actualidad\\\/el-ayuntamiento-inicia-trabajos-de-saneamiento-y-asfaltado-en-la-calle-cortes-de-navarra-unas-obras-que-previsiblemente-duraran-hasta-el-viernes\\\/#primaryimage\"},\"thumbnailUrl\":\"https:\\\/\\\/www.laguiadepamplona.com\\\/actualidad\\\/wp-content\\\/uploads\\\/2021\\\/12\\\/asfaltado.jpg\",\"articleSection\":[\"Ayto Pamplona\"],\"inLanguage\":\"es\",\"potentialAction\":[{\"@type\":\"CommentAction\",\"name\":\"Comment\",\"target\":[\"https:\\\/\\\/www.laguiadepamplona.com\\\/actualidad\\\/el-ayuntamiento-inicia-trabajos-de-saneamiento-y-asfaltado-en-la-calle-cortes-de-navarra-unas-obras-que-previsiblemente-duraran-hasta-el-viernes\\\/#respond\"]}]},{\"@type\":\"WebPage\",\"@id\":\"https:\\\/\\\/www.laguiadepamplona.com\\\/actualidad\\\/el-ayuntamiento-inicia-trabajos-de-saneamiento-y-asfaltado-en-la-calle-cortes-de-navarra-unas-obras-que-previsiblemente-duraran-hasta-el-viernes\\\/\",\"url\":\"https:\\\/\\\/www.laguiadepamplona.com\\\/actualidad\\\/el-ayuntamiento-inicia-trabajos-de-saneamiento-y-asfaltado-en-la-calle-cortes-de-navarra-unas-obras-que-previsiblemente-duraran-hasta-el-viernes\\\/\",\"name\":\"El Ayuntamiento inicia trabajos de saneamiento y asfaltado en la calle Cortes de Navarra, unas obras que previsiblemente durar\u00e1n hasta el viernes\",\"isPartOf\":{\"@id\":\"https:\\\/\\\/www.laguiadepamplona.com\\\/actualidad\\\/#website\"},\"primaryImageOfPage\":{\"@id\":\"https:\\\/\\\/www.laguiadepamplona.com\\\/actualidad\\\/el-ayuntamiento-inicia-trabajos-de-saneamiento-y-asfaltado-en-la-calle-cortes-de-navarra-unas-obras-que-previsiblemente-duraran-hasta-el-viernes\\\/#primaryimage\"},\"image\":{\"@id\":\"https:\\\/\\\/www.laguiadepamplona.com\\\/actualidad\\\/el-ayuntamiento-inicia-trabajos-de-saneamiento-y-asfaltado-en-la-calle-cortes-de-navarra-unas-obras-que-previsiblemente-duraran-hasta-el-viernes\\\/#primaryimage\"},\"thumbnailUrl\":\"https:\\\/\\\/www.laguiadepamplona.com\\\/actualidad\\\/wp-content\\\/uploads\\\/2021\\\/12\\\/asfaltado.jpg\",\"datePublished\":\"2021-12-13T12:19:16+00:00\",\"dateModified\":\"2023-04-11T09:48:41+00:00\",\"description\":\"Ante el corte de esta v\u00eda, Polic\u00eda Municipal recomienda la cuesta de Beloso o la avenida de Guip\u00fazcoa\",\"breadcrumb\":{\"@id\":\"https:\\\/\\\/www.laguiadepamplona.com\\\/actualidad\\\/el-ayuntamiento-inicia-trabajos-de-saneamiento-y-asfaltado-en-la-calle-cortes-de-navarra-unas-obras-que-previsiblemente-duraran-hasta-el-viernes\\\/#breadcrumb\"},\"inLanguage\":\"es\",\"potentialAction\":[{\"@type\":\"ReadAction\",\"target\":[\"https:\\\/\\\/www.laguiadepamplona.com\\\/actualidad\\\/el-ayuntamiento-inicia-trabajos-de-saneamiento-y-asfaltado-en-la-calle-cortes-de-navarra-unas-obras-que-previsiblemente-duraran-hasta-el-viernes\\\/\"]}]},{\"@type\":\"ImageObject\",\"inLanguage\":\"es\",\"@id\":\"https:\\\/\\\/www.laguiadepamplona.com\\\/actualidad\\\/el-ayuntamiento-inicia-trabajos-de-saneamiento-y-asfaltado-en-la-calle-cortes-de-navarra-unas-obras-que-previsiblemente-duraran-hasta-el-viernes\\\/#primaryimage\",\"url\":\"https:\\\/\\\/www.laguiadepamplona.com\\\/actualidad\\\/wp-content\\\/uploads\\\/2021\\\/12\\\/asfaltado.jpg\",\"contentUrl\":\"https:\\\/\\\/www.laguiadepamplona.com\\\/actualidad\\\/wp-content\\\/uploads\\\/2021\\\/12\\\/asfaltado.jpg\",\"width\":1920,\"height\":1438},{\"@type\":\"BreadcrumbList\",\"@id\":\"https:\\\/\\\/www.laguiadepamplona.com\\\/actualidad\\\/el-ayuntamiento-inicia-trabajos-de-saneamiento-y-asfaltado-en-la-calle-cortes-de-navarra-unas-obras-que-previsiblemente-duraran-hasta-el-viernes\\\/#breadcrumb\",\"itemListElement\":[{\"@type\":\"ListItem\",\"position\":1,\"name\":\"Portada\",\"item\":\"https:\\\/\\\/www.laguiadepamplona.com\\\/actualidad\\\/\"},{\"@type\":\"ListItem\",\"position\":2,\"name\":\"El Ayuntamiento inicia trabajos de saneamiento y asfaltado en la calle Cortes de Navarra, unas obras que previsiblemente durar\u00e1n hasta el viernes\"}]},{\"@type\":\"WebSite\",\"@id\":\"https:\\\/\\\/www.laguiadepamplona.com\\\/actualidad\\\/#website\",\"url\":\"https:\\\/\\\/www.laguiadepamplona.com\\\/actualidad\\\/\",\"name\":\"La gu\u00eda de Pamplona\",\"description\":\"Noticias de Pamplona\",\"publisher\":{\"@id\":\"https:\\\/\\\/www.laguiadepamplona.com\\\/actualidad\\\/#organization\"},\"potentialAction\":[{\"@type\":\"SearchAction\",\"target\":{\"@type\":\"EntryPoint\",\"urlTemplate\":\"https:\\\/\\\/www.laguiadepamplona.com\\\/actualidad\\\/?s={search_term_string}\"},\"query-input\":{\"@type\":\"PropertyValueSpecification\",\"valueRequired\":true,\"valueName\":\"search_term_string\"}}],\"inLanguage\":\"es\"},{\"@type\":\"Organization\",\"@id\":\"https:\\\/\\\/www.laguiadepamplona.com\\\/actualidad\\\/#organization\",\"name\":\"La Gu\u00eda de Pamplona \\\/ Noticias\",\"url\":\"https:\\\/\\\/www.laguiadepamplona.com\\\/actualidad\\\/\",\"logo\":{\"@type\":\"ImageObject\",\"inLanguage\":\"es\",\"@id\":\"https:\\\/\\\/www.laguiadepamplona.com\\\/actualidad\\\/#\\\/schema\\\/logo\\\/image\\\/\",\"url\":\"https:\\\/\\\/www.laguiadepamplona.com\\\/actualidad\\\/wp-content\\\/uploads\\\/2018\\\/11\\\/logo-laguiadepamplona18-web1.png\",\"contentUrl\":\"https:\\\/\\\/www.laguiadepamplona.com\\\/actualidad\\\/wp-content\\\/uploads\\\/2018\\\/11\\\/logo-laguiadepamplona18-web1.png\",\"width\":600,\"height\":196,\"caption\":\"La Gu\u00eda de Pamplona \\\/ Noticias\"},\"image\":{\"@id\":\"https:\\\/\\\/www.laguiadepamplona.com\\\/actualidad\\\/#\\\/schema\\\/logo\\\/image\\\/\"},\"sameAs\":[\"https:\\\/\\\/www.facebook.com\\\/laguiadepamplonacom-133175176762273\\\/?ref=hl\",\"https:\\\/\\\/x.com\\\/LaGuiadPamplona\",\"https:\\\/\\\/www.instagram.com\\\/la_guia_de_pamplona\\\/\",\"https:\\\/\\\/www.youtube.com\\\/user\\\/laguiadepamplona\"]},{\"@type\":\"Person\",\"@id\":\"https:\\\/\\\/www.laguiadepamplona.com\\\/actualidad\\\/#\\\/schema\\\/person\\\/efe887376f0213d4657c93adc50b1fdb\",\"name\":\"La Gu\u00eda de Pamplona\",\"image\":{\"@type\":\"ImageObject\",\"inLanguage\":\"es\",\"@id\":\"https:\\\/\\\/secure.gravatar.com\\\/avatar\\\/b6992f131dc8d30ab0dff15446e9d346d9dbd95992de0fef795073f5ea83a81c?s=96&d=mm&r=g\",\"url\":\"https:\\\/\\\/secure.gravatar.com\\\/avatar\\\/b6992f131dc8d30ab0dff15446e9d346d9dbd95992de0fef795073f5ea83a81c?s=96&d=mm&r=g\",\"contentUrl\":\"https:\\\/\\\/secure.gravatar.com\\\/avatar\\\/b6992f131dc8d30ab0dff15446e9d346d9dbd95992de0fef795073f5ea83a81c?s=96&d=mm&r=g\",\"caption\":\"La Gu\u00eda de Pamplona\"}}]}<\/script>\n<!-- \/ Yoast SEO plugin. -->","yoast_head_json":{"title":"El Ayuntamiento inicia trabajos de saneamiento y asfaltado en la calle Cortes de Navarra, unas obras que previsiblemente durar\u00e1n hasta el viernes","description":"Ante el corte de esta v\u00eda, Polic\u00eda Municipal recomienda la cuesta de Beloso o la avenida de Guip\u00fazcoa","robots":{"index":"index","follow":"follow","max-snippet":"max-snippet:-1","max-image-preview":"max-image-preview:large","max-video-preview":"max-video-preview:-1"},"canonical":"https:\/\/www.laguiadepamplona.com\/actualidad\/el-ayuntamiento-inicia-trabajos-de-saneamiento-y-asfaltado-en-la-calle-cortes-de-navarra-unas-obras-que-previsiblemente-duraran-hasta-el-viernes\/","og_locale":"es_ES","og_type":"article","og_title":"El Ayuntamiento inicia trabajos de saneamiento y asfaltado en la calle Cortes de Navarra, unas obras que previsiblemente durar\u00e1n hasta el viernes","og_description":"Ante el corte de esta v\u00eda, Polic\u00eda Municipal recomienda la cuesta de Beloso o la avenida de Guip\u00fazcoa","og_url":"https:\/\/www.laguiadepamplona.com\/actualidad\/el-ayuntamiento-inicia-trabajos-de-saneamiento-y-asfaltado-en-la-calle-cortes-de-navarra-unas-obras-que-previsiblemente-duraran-hasta-el-viernes\/","og_site_name":"La Gu\u00eda de Pamplona","article_publisher":"https:\/\/www.facebook.com\/laguiadepamplonacom-133175176762273\/?ref=hl","article_published_time":"2021-12-13T12:19:16+00:00","article_modified_time":"2023-04-11T09:48:41+00:00","og_image":[{"width":1920,"height":1438,"url":"https:\/\/www.laguiadepamplona.com\/actualidad\/wp-content\/uploads\/2021\/12\/asfaltado.jpg","type":"image\/jpeg"}],"author":"La Gu\u00eda de Pamplona","twitter_card":"summary_large_image","twitter_creator":"@LaGuiadPamplona","twitter_site":"@LaGuiadPamplona","twitter_misc":{"Escrito por":"La Gu\u00eda de Pamplona","Tiempo de lectura":"2 minutos"},"schema":{"@context":"https:\/\/schema.org","@graph":[{"@type":"Article","@id":"https:\/\/www.laguiadepamplona.com\/actualidad\/el-ayuntamiento-inicia-trabajos-de-saneamiento-y-asfaltado-en-la-calle-cortes-de-navarra-unas-obras-que-previsiblemente-duraran-hasta-el-viernes\/#article","isPartOf":{"@id":"https:\/\/www.laguiadepamplona.com\/actualidad\/el-ayuntamiento-inicia-trabajos-de-saneamiento-y-asfaltado-en-la-calle-cortes-de-navarra-unas-obras-que-previsiblemente-duraran-hasta-el-viernes\/"},"author":{"name":"La Gu\u00eda de Pamplona","@id":"https:\/\/www.laguiadepamplona.com\/actualidad\/#\/schema\/person\/efe887376f0213d4657c93adc50b1fdb"},"headline":"El Ayuntamiento inicia trabajos de saneamiento y asfaltado en la calle Cortes de Navarra, unas obras que previsiblemente durar\u00e1n hasta el viernes","datePublished":"2021-12-13T12:19:16+00:00","dateModified":"2023-04-11T09:48:41+00:00","mainEntityOfPage":{"@id":"https:\/\/www.laguiadepamplona.com\/actualidad\/el-ayuntamiento-inicia-trabajos-de-saneamiento-y-asfaltado-en-la-calle-cortes-de-navarra-unas-obras-que-previsiblemente-duraran-hasta-el-viernes\/"},"wordCount":327,"commentCount":0,"publisher":{"@id":"https:\/\/www.laguiadepamplona.com\/actualidad\/#organization"},"image":{"@id":"https:\/\/www.laguiadepamplona.com\/actualidad\/el-ayuntamiento-inicia-trabajos-de-saneamiento-y-asfaltado-en-la-calle-cortes-de-navarra-unas-obras-que-previsiblemente-duraran-hasta-el-viernes\/#primaryimage"},"thumbnailUrl":"https:\/\/www.laguiadepamplona.com\/actualidad\/wp-content\/uploads\/2021\/12\/asfaltado.jpg","articleSection":["Ayto Pamplona"],"inLanguage":"es","potentialAction":[{"@type":"CommentAction","name":"Comment","target":["https:\/\/www.laguiadepamplona.com\/actualidad\/el-ayuntamiento-inicia-trabajos-de-saneamiento-y-asfaltado-en-la-calle-cortes-de-navarra-unas-obras-que-previsiblemente-duraran-hasta-el-viernes\/#respond"]}]},{"@type":"WebPage","@id":"https:\/\/www.laguiadepamplona.com\/actualidad\/el-ayuntamiento-inicia-trabajos-de-saneamiento-y-asfaltado-en-la-calle-cortes-de-navarra-unas-obras-que-previsiblemente-duraran-hasta-el-viernes\/","url":"https:\/\/www.laguiadepamplona.com\/actualidad\/el-ayuntamiento-inicia-trabajos-de-saneamiento-y-asfaltado-en-la-calle-cortes-de-navarra-unas-obras-que-previsiblemente-duraran-hasta-el-viernes\/","name":"El Ayuntamiento inicia trabajos de saneamiento y asfaltado en la calle Cortes de Navarra, unas obras que previsiblemente durar\u00e1n hasta el viernes","isPartOf":{"@id":"https:\/\/www.laguiadepamplona.com\/actualidad\/#website"},"primaryImageOfPage":{"@id":"https:\/\/www.laguiadepamplona.com\/actualidad\/el-ayuntamiento-inicia-trabajos-de-saneamiento-y-asfaltado-en-la-calle-cortes-de-navarra-unas-obras-que-previsiblemente-duraran-hasta-el-viernes\/#primaryimage"},"image":{"@id":"https:\/\/www.laguiadepamplona.com\/actualidad\/el-ayuntamiento-inicia-trabajos-de-saneamiento-y-asfaltado-en-la-calle-cortes-de-navarra-unas-obras-que-previsiblemente-duraran-hasta-el-viernes\/#primaryimage"},"thumbnailUrl":"https:\/\/www.laguiadepamplona.com\/actualidad\/wp-content\/uploads\/2021\/12\/asfaltado.jpg","datePublished":"2021-12-13T12:19:16+00:00","dateModified":"2023-04-11T09:48:41+00:00","description":"Ante el corte de esta v\u00eda, Polic\u00eda Municipal recomienda la cuesta de Beloso o la avenida de Guip\u00fazcoa","breadcrumb":{"@id":"https:\/\/www.laguiadepamplona.com\/actualidad\/el-ayuntamiento-inicia-trabajos-de-saneamiento-y-asfaltado-en-la-calle-cortes-de-navarra-unas-obras-que-previsiblemente-duraran-hasta-el-viernes\/#breadcrumb"},"inLanguage":"es","potentialAction":[{"@type":"ReadAction","target":["https:\/\/www.laguiadepamplona.com\/actualidad\/el-ayuntamiento-inicia-trabajos-de-saneamiento-y-asfaltado-en-la-calle-cortes-de-navarra-unas-obras-que-previsiblemente-duraran-hasta-el-viernes\/"]}]},{"@type":"ImageObject","inLanguage":"es","@id":"https:\/\/www.laguiadepamplona.com\/actualidad\/el-ayuntamiento-inicia-trabajos-de-saneamiento-y-asfaltado-en-la-calle-cortes-de-navarra-unas-obras-que-previsiblemente-duraran-hasta-el-viernes\/#primaryimage","url":"https:\/\/www.laguiadepamplona.com\/actualidad\/wp-content\/uploads\/2021\/12\/asfaltado.jpg","contentUrl":"https:\/\/www.laguiadepamplona.com\/actualidad\/wp-content\/uploads\/2021\/12\/asfaltado.jpg","width":1920,"height":1438},{"@type":"BreadcrumbList","@id":"https:\/\/www.laguiadepamplona.com\/actualidad\/el-ayuntamiento-inicia-trabajos-de-saneamiento-y-asfaltado-en-la-calle-cortes-de-navarra-unas-obras-que-previsiblemente-duraran-hasta-el-viernes\/#breadcrumb","itemListElement":[{"@type":"ListItem","position":1,"name":"Portada","item":"https:\/\/www.laguiadepamplona.com\/actualidad\/"},{"@type":"ListItem","position":2,"name":"El Ayuntamiento inicia trabajos de saneamiento y asfaltado en la calle Cortes de Navarra, unas obras que previsiblemente durar\u00e1n hasta el viernes"}]},{"@type":"WebSite","@id":"https:\/\/www.laguiadepamplona.com\/actualidad\/#website","url":"https:\/\/www.laguiadepamplona.com\/actualidad\/","name":"La gu\u00eda de Pamplona","description":"Noticias de Pamplona","publisher":{"@id":"https:\/\/www.laguiadepamplona.com\/actualidad\/#organization"},"potentialAction":[{"@type":"SearchAction","target":{"@type":"EntryPoint","urlTemplate":"https:\/\/www.laguiadepamplona.com\/actualidad\/?s={search_term_string}"},"query-input":{"@type":"PropertyValueSpecification","valueRequired":true,"valueName":"search_term_string"}}],"inLanguage":"es"},{"@type":"Organization","@id":"https:\/\/www.laguiadepamplona.com\/actualidad\/#organization","name":"La Gu\u00eda de Pamplona \/ Noticias","url":"https:\/\/www.laguiadepamplona.com\/actualidad\/","logo":{"@type":"ImageObject","inLanguage":"es","@id":"https:\/\/www.laguiadepamplona.com\/actualidad\/#\/schema\/logo\/image\/","url":"https:\/\/www.laguiadepamplona.com\/actualidad\/wp-content\/uploads\/2018\/11\/logo-laguiadepamplona18-web1.png","contentUrl":"https:\/\/www.laguiadepamplona.com\/actualidad\/wp-content\/uploads\/2018\/11\/logo-laguiadepamplona18-web1.png","width":600,"height":196,"caption":"La Gu\u00eda de Pamplona \/ Noticias"},"image":{"@id":"https:\/\/www.laguiadepamplona.com\/actualidad\/#\/schema\/logo\/image\/"},"sameAs":["https:\/\/www.facebook.com\/laguiadepamplonacom-133175176762273\/?ref=hl","https:\/\/x.com\/LaGuiadPamplona","https:\/\/www.instagram.com\/la_guia_de_pamplona\/","https:\/\/www.youtube.com\/user\/laguiadepamplona"]},{"@type":"Person","@id":"https:\/\/www.laguiadepamplona.com\/actualidad\/#\/schema\/person\/efe887376f0213d4657c93adc50b1fdb","name":"La Gu\u00eda de Pamplona","image":{"@type":"ImageObject","inLanguage":"es","@id":"https:\/\/secure.gravatar.com\/avatar\/b6992f131dc8d30ab0dff15446e9d346d9dbd95992de0fef795073f5ea83a81c?s=96&d=mm&r=g","url":"https:\/\/secure.gravatar.com\/avatar\/b6992f131dc8d30ab0dff15446e9d346d9dbd95992de0fef795073f5ea83a81c?s=96&d=mm&r=g","contentUrl":"https:\/\/secure.gravatar.com\/avatar\/b6992f131dc8d30ab0dff15446e9d346d9dbd95992de0fef795073f5ea83a81c?s=96&d=mm&r=g","caption":"La Gu\u00eda de Pamplona"}}]}},"post_mailing_queue_ids":[],"_links":{"self":[{"href":"https:\/\/www.laguiadepamplona.com\/actualidad\/wp-json\/wp\/v2\/posts\/37912","targetHints":{"allow":["GET"]}}],"collection":[{"href":"https:\/\/www.laguiadepamplona.com\/actualidad\/wp-json\/wp\/v2\/posts"}],"about":[{"href":"https:\/\/www.laguiadepamplona.com\/actualidad\/wp-json\/wp\/v2\/types\/post"}],"author":[{"embeddable":true,"href":"https:\/\/www.laguiadepamplona.com\/actualidad\/wp-json\/wp\/v2\/users\/1"}],"replies":[{"embeddable":true,"href":"https:\/\/www.laguiadepamplona.com\/actualidad\/wp-json\/wp\/v2\/comments?post=37912"}],"version-history":[{"count":0,"href":"https:\/\/www.laguiadepamplona.com\/actualidad\/wp-json\/wp\/v2\/posts\/37912\/revisions"}],"wp:featuredmedia":[{"embeddable":true,"href":"https:\/\/www.laguiadepamplona.com\/actualidad\/wp-json\/wp\/v2\/media\/37913"}],"wp:attachment":[{"href":"https:\/\/www.laguiadepamplona.com\/actualidad\/wp-json\/wp\/v2\/media?parent=37912"}],"wp:term":[{"taxonomy":"category","embeddable":true,"href":"https:\/\/www.laguiadepamplona.com\/actualidad\/wp-json\/wp\/v2\/categories?post=37912"},{"taxonomy":"post_tag","embeddable":true,"href":"https:\/\/www.laguiadepamplona.com\/actualidad\/wp-json\/wp\/v2\/tags?post=37912"}],"curies":[{"name":"wp","href":"https:\/\/api.w.org\/{rel}","templated":true}]}}