{"id":37910,"date":"2021-12-13T14:17:29","date_gmt":"2021-12-13T12:17:29","guid":{"rendered":"https:\/\/www.laguiadepamplona.com\/actualidad\/?p=37910"},"modified":"2023-04-11T11:48:41","modified_gmt":"2023-04-11T09:48:41","slug":"el-ayuntamiento-de-pamplona-estima-en-mas-de-60-000-euros-los-gastos-en-limpieza-y-reposicion-de-mobiliario-urbano-y-alumbrado-tras-los-danos-causados-por-las-inundaciones","status":"publish","type":"post","link":"https:\/\/www.laguiadepamplona.com\/actualidad\/el-ayuntamiento-de-pamplona-estima-en-mas-de-60-000-euros-los-gastos-en-limpieza-y-reposicion-de-mobiliario-urbano-y-alumbrado-tras-los-danos-causados-por-las-inundaciones\/","title":{"rendered":"El Ayuntamiento de Pamplona estima en m\u00e1s de 60.000 euros los gastos en limpieza y reposici\u00f3n de mobiliario urbano y alumbrado tras los da\u00f1os causados por las inundaciones"},"content":{"rendered":"<h5>A esa cifra se suman los da\u00f1os en m\u00e1s de 168 comercios o bajeras, 82 veh\u00edculos, 2 viviendas y 2 empresas en Rochapea, y cuantiosos da\u00f1os en empresas en Landaben<\/h5>\n<p><!--more--><\/p>\n<p>En una primera valoraci\u00f3n, el Ayuntamiento de Pamplona estima en m\u00e1s de 60.000 euros los gastos en limpieza y reposici\u00f3n de mobiliario urbano y alumbrado tras las inundaciones del pasado viernes en la ciudad. A esta cifra se suman los da\u00f1os que particulares y empresas han trasladado en los dos puntos de informaci\u00f3n habilitados por el Ayuntamiento en Rochapea y Landaben para para asesorar a los vecinos sobre la forma de reclamar los da\u00f1os al Consorcio de Seguros, y que durante este fin de semana ha sumado m\u00e1s de 250 reclamaciones por da\u00f1os en comercios o bajeras, veh\u00edculos, viviendas y empresas.<br \/>\n<script async src=\"\/\/pagead2.googlesyndication.com\/pagead\/js\/adsbygoogle.js\"><\/script><br \/>\n<!-- Noticias La Guia de Pamplona --><br \/>\n<ins class=\"adsbygoogle\"\nstyle=\"display:block\"\ndata-ad-client=\"ca-pub-6943679897239327\"\ndata-ad-slot=\"7048180777\"\ndata-ad-format=\"auto\"><\/ins><br \/>\n<script>\n(adsbygoogle = window.adsbygoogle || []).push({});\n<\/script><\/p>\n<p>En concreto, el punto m\u00f3vil de Rochapea ha contabilizado en dos d\u00edas 138 reclamaciones por da\u00f1os en comercios o bajeras, 71 en veh\u00edculos, 2 en viviendas y otras 2 en empresas. El punto informativo de Landaben ha anotado reclamaciones por da\u00f1os en 11 veh\u00edculos y en 30 comercios o establecimientos menores. En este caso, las empresas del pol\u00edgono est\u00e1n valorando directamente con los agentes del Consorcio de Seguros los da\u00f1os en sus instalaciones, que son cuantiosos y que habr\u00eda que sumar para conocer el balance final de la crecida del Arga en Pamplona.<\/p>\n<p>Los dos puntos informativos de Rochapea y Landaben contin\u00faan a lo largo de hoy lunes y ma\u00f1ana martes atendiendo a los afectados por las inundaciones. Los agentes instruyen a los ciudadanos para obtener fotograf\u00edas de los da\u00f1os producidos, para poder adjuntarlas a la reclamaci\u00f3n de da\u00f1os, y dirigen a los afectados hacia sus compa\u00f1\u00edas o al Consorcio de Compensaci\u00f3n de Seguros para dar el parte de da\u00f1os.<br \/>\n<script async src=\"\/\/pagead2.googlesyndication.com\/pagead\/js\/adsbygoogle.js\"><\/script><br \/>\n<!-- Noticias La Guia de Pamplona --><br \/>\n<ins class=\"adsbygoogle\"\nstyle=\"display:block\"\ndata-ad-client=\"ca-pub-6943679897239327\"\ndata-ad-slot=\"7048180777\"\ndata-ad-format=\"auto\"><\/ins><br \/>\n<script>\n(adsbygoogle = window.adsbygoogle || []).push({});\n<\/script><\/p>\n<p><strong>M\u00e1s aparcamientos para afectados: Anelier y tambi\u00e9n Corralillos<\/strong><\/p>\n<p>Desde este s\u00e1bado, el Ayuntamiento de Pamplona permite a los vecinos con plaza de garaje en el entorno de las calles R\u00edo Arga y Errotazar y que no tengan tarjeta de zona azul poder estacionar de manera gratuita en el aparcamiento de la campa del Paseo Anelier y a lo largo de toda la calle R\u00edo Arga. Desde hoy lunes, a estos espacios se suma tambi\u00e9n la campa de Corralillos. Esta habilitaci\u00f3n se mantendr\u00e1 hasta el d\u00eda 26 de diciembre.<\/p>\n<p>El Ayuntamiento de Pamplona ha adoptado esta medida para poder ofrecer una alternativa a los afectados por la crecida del r\u00edo Arga, mientras se soluciona la situaci\u00f3n de sus garajes, que han quedado impracticables desde la madrugada del viernes.<br \/>\n<script async src=\"\/\/pagead2.googlesyndication.com\/pagead\/js\/adsbygoogle.js\"><\/script><br \/>\n<!-- Noticias La Guia de Pamplona --><br \/>\n<ins class=\"adsbygoogle\"\nstyle=\"display:block\"\ndata-ad-client=\"ca-pub-6943679897239327\"\ndata-ad-slot=\"7048180777\"\ndata-ad-format=\"auto\"><\/ins><br \/>\n<script>\n(adsbygoogle = window.adsbygoogle || []).push({});\n<\/script><\/p>\n<p><strong>Agradecimiento a trabajadores municipales<\/strong><\/p>\n<p>La Junta de Gobierno Local ha valorado durante su reuni\u00f3n de esta ma\u00f1ana el trabajo realizado por Polic\u00eda Municipal, Protecci\u00f3n Civil, el personal de Dornier, el servicio de gr\u00faas y el resto de trabajadores municipales, que con su trabajo y esfuerzo ayudaron a sobrellevar la situaci\u00f3n generada por el desbordamiento del r\u00edo Arga. El operativo dispuesto permiti\u00f3 que en menos de 24 horas la ciudad recuperara gran parte de la normalidad tras la mayor inundaci\u00f3n de la historia de la ciudad.<\/p>\n","protected":false},"excerpt":{"rendered":"<p>A esa cifra se suman los da\u00f1os en m\u00e1s de 168 comercios o bajeras, 82 veh\u00edculos, 2 viviendas y 2 empresas en Rochapea, y cuantiosos da\u00f1os en empresas en Landaben<\/p>\n","protected":false},"author":1,"featured_media":37903,"comment_status":"open","ping_status":"closed","sticky":false,"template":"","format":"standard","meta":{"footnotes":""},"categories":[2],"tags":[],"class_list":["post-37910","post","type-post","status-publish","format-standard","has-post-thumbnail","hentry","category-ayuntamiento-pamplona"],"yoast_head":"<!-- This site is optimized with the Yoast SEO plugin v27.3 - https:\/\/yoast.com\/product\/yoast-seo-wordpress\/ -->\n<title>El Ayuntamiento de Pamplona estima en m\u00e1s de 60.000 euros los gastos en limpieza y reposici\u00f3n de mobiliario urbano y alumbrado tras los da\u00f1os causados por las inundaciones<\/title>\n<meta name=\"description\" content=\"A esa cifra se suman los da\u00f1os en m\u00e1s de 168 comercios o bajeras, 82 veh\u00edculos, 2 viviendas y 2 empresas en Rochapea, y cuantiosos da\u00f1os en empresas en Landaben\" \/>\n<meta name=\"robots\" content=\"index, follow, max-snippet:-1, max-image-preview:large, max-video-preview:-1\" \/>\n<link rel=\"canonical\" href=\"https:\/\/www.laguiadepamplona.com\/actualidad\/el-ayuntamiento-de-pamplona-estima-en-mas-de-60-000-euros-los-gastos-en-limpieza-y-reposicion-de-mobiliario-urbano-y-alumbrado-tras-los-danos-causados-por-las-inundaciones\/\" \/>\n<meta property=\"og:locale\" content=\"es_ES\" \/>\n<meta property=\"og:type\" content=\"article\" \/>\n<meta property=\"og:title\" content=\"El Ayuntamiento de Pamplona estima en m\u00e1s de 60.000 euros los gastos en limpieza y reposici\u00f3n de mobiliario urbano y alumbrado tras los da\u00f1os causados por las inundaciones\" \/>\n<meta property=\"og:description\" content=\"A esa cifra se suman los da\u00f1os en m\u00e1s de 168 comercios o bajeras, 82 veh\u00edculos, 2 viviendas y 2 empresas en Rochapea, y cuantiosos da\u00f1os en empresas en Landaben\" \/>\n<meta property=\"og:url\" content=\"https:\/\/www.laguiadepamplona.com\/actualidad\/el-ayuntamiento-de-pamplona-estima-en-mas-de-60-000-euros-los-gastos-en-limpieza-y-reposicion-de-mobiliario-urbano-y-alumbrado-tras-los-danos-causados-por-las-inundaciones\/\" \/>\n<meta property=\"og:site_name\" content=\"La Gu\u00eda de Pamplona\" \/>\n<meta property=\"article:publisher\" content=\"https:\/\/www.facebook.com\/laguiadepamplonacom-133175176762273\/?ref=hl\" \/>\n<meta property=\"article:published_time\" content=\"2021-12-13T12:17:29+00:00\" \/>\n<meta property=\"article:modified_time\" content=\"2023-04-11T09:48:41+00:00\" \/>\n<meta property=\"og:image\" content=\"https:\/\/www.laguiadepamplona.com\/actualidad\/wp-content\/uploads\/2021\/12\/INUNDACIONES_EE5A7531.jpg\" \/>\n\t<meta property=\"og:image:width\" content=\"1920\" \/>\n\t<meta property=\"og:image:height\" content=\"1280\" \/>\n\t<meta property=\"og:image:type\" content=\"image\/jpeg\" \/>\n<meta name=\"author\" content=\"La Gu\u00eda de Pamplona\" \/>\n<meta name=\"twitter:card\" content=\"summary_large_image\" \/>\n<meta name=\"twitter:creator\" content=\"@LaGuiadPamplona\" \/>\n<meta name=\"twitter:site\" content=\"@LaGuiadPamplona\" \/>\n<meta name=\"twitter:label1\" content=\"Escrito por\" \/>\n\t<meta name=\"twitter:data1\" content=\"La Gu\u00eda de Pamplona\" \/>\n\t<meta name=\"twitter:label2\" content=\"Tiempo de lectura\" \/>\n\t<meta name=\"twitter:data2\" content=\"3 minutos\" \/>\n<script type=\"application\/ld+json\" class=\"yoast-schema-graph\">{\"@context\":\"https:\\\/\\\/schema.org\",\"@graph\":[{\"@type\":\"Article\",\"@id\":\"https:\\\/\\\/www.laguiadepamplona.com\\\/actualidad\\\/el-ayuntamiento-de-pamplona-estima-en-mas-de-60-000-euros-los-gastos-en-limpieza-y-reposicion-de-mobiliario-urbano-y-alumbrado-tras-los-danos-causados-por-las-inundaciones\\\/#article\",\"isPartOf\":{\"@id\":\"https:\\\/\\\/www.laguiadepamplona.com\\\/actualidad\\\/el-ayuntamiento-de-pamplona-estima-en-mas-de-60-000-euros-los-gastos-en-limpieza-y-reposicion-de-mobiliario-urbano-y-alumbrado-tras-los-danos-causados-por-las-inundaciones\\\/\"},\"author\":{\"name\":\"La Gu\u00eda de Pamplona\",\"@id\":\"https:\\\/\\\/www.laguiadepamplona.com\\\/actualidad\\\/#\\\/schema\\\/person\\\/efe887376f0213d4657c93adc50b1fdb\"},\"headline\":\"El Ayuntamiento de Pamplona estima en m\u00e1s de 60.000 euros los gastos en limpieza y reposici\u00f3n de mobiliario urbano y alumbrado tras los da\u00f1os causados por las inundaciones\",\"datePublished\":\"2021-12-13T12:17:29+00:00\",\"dateModified\":\"2023-04-11T09:48:41+00:00\",\"mainEntityOfPage\":{\"@id\":\"https:\\\/\\\/www.laguiadepamplona.com\\\/actualidad\\\/el-ayuntamiento-de-pamplona-estima-en-mas-de-60-000-euros-los-gastos-en-limpieza-y-reposicion-de-mobiliario-urbano-y-alumbrado-tras-los-danos-causados-por-las-inundaciones\\\/\"},\"wordCount\":569,\"commentCount\":0,\"publisher\":{\"@id\":\"https:\\\/\\\/www.laguiadepamplona.com\\\/actualidad\\\/#organization\"},\"image\":{\"@id\":\"https:\\\/\\\/www.laguiadepamplona.com\\\/actualidad\\\/el-ayuntamiento-de-pamplona-estima-en-mas-de-60-000-euros-los-gastos-en-limpieza-y-reposicion-de-mobiliario-urbano-y-alumbrado-tras-los-danos-causados-por-las-inundaciones\\\/#primaryimage\"},\"thumbnailUrl\":\"https:\\\/\\\/www.laguiadepamplona.com\\\/actualidad\\\/wp-content\\\/uploads\\\/2021\\\/12\\\/INUNDACIONES_EE5A7531.jpg\",\"articleSection\":[\"Ayto Pamplona\"],\"inLanguage\":\"es\",\"potentialAction\":[{\"@type\":\"CommentAction\",\"name\":\"Comment\",\"target\":[\"https:\\\/\\\/www.laguiadepamplona.com\\\/actualidad\\\/el-ayuntamiento-de-pamplona-estima-en-mas-de-60-000-euros-los-gastos-en-limpieza-y-reposicion-de-mobiliario-urbano-y-alumbrado-tras-los-danos-causados-por-las-inundaciones\\\/#respond\"]}]},{\"@type\":\"WebPage\",\"@id\":\"https:\\\/\\\/www.laguiadepamplona.com\\\/actualidad\\\/el-ayuntamiento-de-pamplona-estima-en-mas-de-60-000-euros-los-gastos-en-limpieza-y-reposicion-de-mobiliario-urbano-y-alumbrado-tras-los-danos-causados-por-las-inundaciones\\\/\",\"url\":\"https:\\\/\\\/www.laguiadepamplona.com\\\/actualidad\\\/el-ayuntamiento-de-pamplona-estima-en-mas-de-60-000-euros-los-gastos-en-limpieza-y-reposicion-de-mobiliario-urbano-y-alumbrado-tras-los-danos-causados-por-las-inundaciones\\\/\",\"name\":\"El Ayuntamiento de Pamplona estima en m\u00e1s de 60.000 euros los gastos en limpieza y reposici\u00f3n de mobiliario urbano y alumbrado tras los da\u00f1os causados por las inundaciones\",\"isPartOf\":{\"@id\":\"https:\\\/\\\/www.laguiadepamplona.com\\\/actualidad\\\/#website\"},\"primaryImageOfPage\":{\"@id\":\"https:\\\/\\\/www.laguiadepamplona.com\\\/actualidad\\\/el-ayuntamiento-de-pamplona-estima-en-mas-de-60-000-euros-los-gastos-en-limpieza-y-reposicion-de-mobiliario-urbano-y-alumbrado-tras-los-danos-causados-por-las-inundaciones\\\/#primaryimage\"},\"image\":{\"@id\":\"https:\\\/\\\/www.laguiadepamplona.com\\\/actualidad\\\/el-ayuntamiento-de-pamplona-estima-en-mas-de-60-000-euros-los-gastos-en-limpieza-y-reposicion-de-mobiliario-urbano-y-alumbrado-tras-los-danos-causados-por-las-inundaciones\\\/#primaryimage\"},\"thumbnailUrl\":\"https:\\\/\\\/www.laguiadepamplona.com\\\/actualidad\\\/wp-content\\\/uploads\\\/2021\\\/12\\\/INUNDACIONES_EE5A7531.jpg\",\"datePublished\":\"2021-12-13T12:17:29+00:00\",\"dateModified\":\"2023-04-11T09:48:41+00:00\",\"description\":\"A esa cifra se suman los da\u00f1os en m\u00e1s de 168 comercios o bajeras, 82 veh\u00edculos, 2 viviendas y 2 empresas en Rochapea, y cuantiosos da\u00f1os en empresas en Landaben\",\"breadcrumb\":{\"@id\":\"https:\\\/\\\/www.laguiadepamplona.com\\\/actualidad\\\/el-ayuntamiento-de-pamplona-estima-en-mas-de-60-000-euros-los-gastos-en-limpieza-y-reposicion-de-mobiliario-urbano-y-alumbrado-tras-los-danos-causados-por-las-inundaciones\\\/#breadcrumb\"},\"inLanguage\":\"es\",\"potentialAction\":[{\"@type\":\"ReadAction\",\"target\":[\"https:\\\/\\\/www.laguiadepamplona.com\\\/actualidad\\\/el-ayuntamiento-de-pamplona-estima-en-mas-de-60-000-euros-los-gastos-en-limpieza-y-reposicion-de-mobiliario-urbano-y-alumbrado-tras-los-danos-causados-por-las-inundaciones\\\/\"]}]},{\"@type\":\"ImageObject\",\"inLanguage\":\"es\",\"@id\":\"https:\\\/\\\/www.laguiadepamplona.com\\\/actualidad\\\/el-ayuntamiento-de-pamplona-estima-en-mas-de-60-000-euros-los-gastos-en-limpieza-y-reposicion-de-mobiliario-urbano-y-alumbrado-tras-los-danos-causados-por-las-inundaciones\\\/#primaryimage\",\"url\":\"https:\\\/\\\/www.laguiadepamplona.com\\\/actualidad\\\/wp-content\\\/uploads\\\/2021\\\/12\\\/INUNDACIONES_EE5A7531.jpg\",\"contentUrl\":\"https:\\\/\\\/www.laguiadepamplona.com\\\/actualidad\\\/wp-content\\\/uploads\\\/2021\\\/12\\\/INUNDACIONES_EE5A7531.jpg\",\"width\":1920,\"height\":1280},{\"@type\":\"BreadcrumbList\",\"@id\":\"https:\\\/\\\/www.laguiadepamplona.com\\\/actualidad\\\/el-ayuntamiento-de-pamplona-estima-en-mas-de-60-000-euros-los-gastos-en-limpieza-y-reposicion-de-mobiliario-urbano-y-alumbrado-tras-los-danos-causados-por-las-inundaciones\\\/#breadcrumb\",\"itemListElement\":[{\"@type\":\"ListItem\",\"position\":1,\"name\":\"Portada\",\"item\":\"https:\\\/\\\/www.laguiadepamplona.com\\\/actualidad\\\/\"},{\"@type\":\"ListItem\",\"position\":2,\"name\":\"El Ayuntamiento de Pamplona estima en m\u00e1s de 60.000 euros los gastos en limpieza y reposici\u00f3n de mobiliario urbano y alumbrado tras los da\u00f1os causados por las inundaciones\"}]},{\"@type\":\"WebSite\",\"@id\":\"https:\\\/\\\/www.laguiadepamplona.com\\\/actualidad\\\/#website\",\"url\":\"https:\\\/\\\/www.laguiadepamplona.com\\\/actualidad\\\/\",\"name\":\"La gu\u00eda de Pamplona\",\"description\":\"Noticias de Pamplona\",\"publisher\":{\"@id\":\"https:\\\/\\\/www.laguiadepamplona.com\\\/actualidad\\\/#organization\"},\"potentialAction\":[{\"@type\":\"SearchAction\",\"target\":{\"@type\":\"EntryPoint\",\"urlTemplate\":\"https:\\\/\\\/www.laguiadepamplona.com\\\/actualidad\\\/?s={search_term_string}\"},\"query-input\":{\"@type\":\"PropertyValueSpecification\",\"valueRequired\":true,\"valueName\":\"search_term_string\"}}],\"inLanguage\":\"es\"},{\"@type\":\"Organization\",\"@id\":\"https:\\\/\\\/www.laguiadepamplona.com\\\/actualidad\\\/#organization\",\"name\":\"La Gu\u00eda de Pamplona \\\/ Noticias\",\"url\":\"https:\\\/\\\/www.laguiadepamplona.com\\\/actualidad\\\/\",\"logo\":{\"@type\":\"ImageObject\",\"inLanguage\":\"es\",\"@id\":\"https:\\\/\\\/www.laguiadepamplona.com\\\/actualidad\\\/#\\\/schema\\\/logo\\\/image\\\/\",\"url\":\"https:\\\/\\\/www.laguiadepamplona.com\\\/actualidad\\\/wp-content\\\/uploads\\\/2018\\\/11\\\/logo-laguiadepamplona18-web1.png\",\"contentUrl\":\"https:\\\/\\\/www.laguiadepamplona.com\\\/actualidad\\\/wp-content\\\/uploads\\\/2018\\\/11\\\/logo-laguiadepamplona18-web1.png\",\"width\":600,\"height\":196,\"caption\":\"La Gu\u00eda de Pamplona \\\/ Noticias\"},\"image\":{\"@id\":\"https:\\\/\\\/www.laguiadepamplona.com\\\/actualidad\\\/#\\\/schema\\\/logo\\\/image\\\/\"},\"sameAs\":[\"https:\\\/\\\/www.facebook.com\\\/laguiadepamplonacom-133175176762273\\\/?ref=hl\",\"https:\\\/\\\/x.com\\\/LaGuiadPamplona\",\"https:\\\/\\\/www.instagram.com\\\/la_guia_de_pamplona\\\/\",\"https:\\\/\\\/www.youtube.com\\\/user\\\/laguiadepamplona\"]},{\"@type\":\"Person\",\"@id\":\"https:\\\/\\\/www.laguiadepamplona.com\\\/actualidad\\\/#\\\/schema\\\/person\\\/efe887376f0213d4657c93adc50b1fdb\",\"name\":\"La Gu\u00eda de Pamplona\",\"image\":{\"@type\":\"ImageObject\",\"inLanguage\":\"es\",\"@id\":\"https:\\\/\\\/secure.gravatar.com\\\/avatar\\\/b6992f131dc8d30ab0dff15446e9d346d9dbd95992de0fef795073f5ea83a81c?s=96&d=mm&r=g\",\"url\":\"https:\\\/\\\/secure.gravatar.com\\\/avatar\\\/b6992f131dc8d30ab0dff15446e9d346d9dbd95992de0fef795073f5ea83a81c?s=96&d=mm&r=g\",\"contentUrl\":\"https:\\\/\\\/secure.gravatar.com\\\/avatar\\\/b6992f131dc8d30ab0dff15446e9d346d9dbd95992de0fef795073f5ea83a81c?s=96&d=mm&r=g\",\"caption\":\"La Gu\u00eda de Pamplona\"}}]}<\/script>\n<!-- \/ Yoast SEO plugin. -->","yoast_head_json":{"title":"El Ayuntamiento de Pamplona estima en m\u00e1s de 60.000 euros los gastos en limpieza y reposici\u00f3n de mobiliario urbano y alumbrado tras los da\u00f1os causados por las inundaciones","description":"A esa cifra se suman los da\u00f1os en m\u00e1s de 168 comercios o bajeras, 82 veh\u00edculos, 2 viviendas y 2 empresas en Rochapea, y cuantiosos da\u00f1os en empresas en Landaben","robots":{"index":"index","follow":"follow","max-snippet":"max-snippet:-1","max-image-preview":"max-image-preview:large","max-video-preview":"max-video-preview:-1"},"canonical":"https:\/\/www.laguiadepamplona.com\/actualidad\/el-ayuntamiento-de-pamplona-estima-en-mas-de-60-000-euros-los-gastos-en-limpieza-y-reposicion-de-mobiliario-urbano-y-alumbrado-tras-los-danos-causados-por-las-inundaciones\/","og_locale":"es_ES","og_type":"article","og_title":"El Ayuntamiento de Pamplona estima en m\u00e1s de 60.000 euros los gastos en limpieza y reposici\u00f3n de mobiliario urbano y alumbrado tras los da\u00f1os causados por las inundaciones","og_description":"A esa cifra se suman los da\u00f1os en m\u00e1s de 168 comercios o bajeras, 82 veh\u00edculos, 2 viviendas y 2 empresas en Rochapea, y cuantiosos da\u00f1os en empresas en Landaben","og_url":"https:\/\/www.laguiadepamplona.com\/actualidad\/el-ayuntamiento-de-pamplona-estima-en-mas-de-60-000-euros-los-gastos-en-limpieza-y-reposicion-de-mobiliario-urbano-y-alumbrado-tras-los-danos-causados-por-las-inundaciones\/","og_site_name":"La Gu\u00eda de Pamplona","article_publisher":"https:\/\/www.facebook.com\/laguiadepamplonacom-133175176762273\/?ref=hl","article_published_time":"2021-12-13T12:17:29+00:00","article_modified_time":"2023-04-11T09:48:41+00:00","og_image":[{"width":1920,"height":1280,"url":"https:\/\/www.laguiadepamplona.com\/actualidad\/wp-content\/uploads\/2021\/12\/INUNDACIONES_EE5A7531.jpg","type":"image\/jpeg"}],"author":"La Gu\u00eda de Pamplona","twitter_card":"summary_large_image","twitter_creator":"@LaGuiadPamplona","twitter_site":"@LaGuiadPamplona","twitter_misc":{"Escrito por":"La Gu\u00eda de Pamplona","Tiempo de lectura":"3 minutos"},"schema":{"@context":"https:\/\/schema.org","@graph":[{"@type":"Article","@id":"https:\/\/www.laguiadepamplona.com\/actualidad\/el-ayuntamiento-de-pamplona-estima-en-mas-de-60-000-euros-los-gastos-en-limpieza-y-reposicion-de-mobiliario-urbano-y-alumbrado-tras-los-danos-causados-por-las-inundaciones\/#article","isPartOf":{"@id":"https:\/\/www.laguiadepamplona.com\/actualidad\/el-ayuntamiento-de-pamplona-estima-en-mas-de-60-000-euros-los-gastos-en-limpieza-y-reposicion-de-mobiliario-urbano-y-alumbrado-tras-los-danos-causados-por-las-inundaciones\/"},"author":{"name":"La Gu\u00eda de Pamplona","@id":"https:\/\/www.laguiadepamplona.com\/actualidad\/#\/schema\/person\/efe887376f0213d4657c93adc50b1fdb"},"headline":"El Ayuntamiento de Pamplona estima en m\u00e1s de 60.000 euros los gastos en limpieza y reposici\u00f3n de mobiliario urbano y alumbrado tras los da\u00f1os causados por las inundaciones","datePublished":"2021-12-13T12:17:29+00:00","dateModified":"2023-04-11T09:48:41+00:00","mainEntityOfPage":{"@id":"https:\/\/www.laguiadepamplona.com\/actualidad\/el-ayuntamiento-de-pamplona-estima-en-mas-de-60-000-euros-los-gastos-en-limpieza-y-reposicion-de-mobiliario-urbano-y-alumbrado-tras-los-danos-causados-por-las-inundaciones\/"},"wordCount":569,"commentCount":0,"publisher":{"@id":"https:\/\/www.laguiadepamplona.com\/actualidad\/#organization"},"image":{"@id":"https:\/\/www.laguiadepamplona.com\/actualidad\/el-ayuntamiento-de-pamplona-estima-en-mas-de-60-000-euros-los-gastos-en-limpieza-y-reposicion-de-mobiliario-urbano-y-alumbrado-tras-los-danos-causados-por-las-inundaciones\/#primaryimage"},"thumbnailUrl":"https:\/\/www.laguiadepamplona.com\/actualidad\/wp-content\/uploads\/2021\/12\/INUNDACIONES_EE5A7531.jpg","articleSection":["Ayto Pamplona"],"inLanguage":"es","potentialAction":[{"@type":"CommentAction","name":"Comment","target":["https:\/\/www.laguiadepamplona.com\/actualidad\/el-ayuntamiento-de-pamplona-estima-en-mas-de-60-000-euros-los-gastos-en-limpieza-y-reposicion-de-mobiliario-urbano-y-alumbrado-tras-los-danos-causados-por-las-inundaciones\/#respond"]}]},{"@type":"WebPage","@id":"https:\/\/www.laguiadepamplona.com\/actualidad\/el-ayuntamiento-de-pamplona-estima-en-mas-de-60-000-euros-los-gastos-en-limpieza-y-reposicion-de-mobiliario-urbano-y-alumbrado-tras-los-danos-causados-por-las-inundaciones\/","url":"https:\/\/www.laguiadepamplona.com\/actualidad\/el-ayuntamiento-de-pamplona-estima-en-mas-de-60-000-euros-los-gastos-en-limpieza-y-reposicion-de-mobiliario-urbano-y-alumbrado-tras-los-danos-causados-por-las-inundaciones\/","name":"El Ayuntamiento de Pamplona estima en m\u00e1s de 60.000 euros los gastos en limpieza y reposici\u00f3n de mobiliario urbano y alumbrado tras los da\u00f1os causados por las inundaciones","isPartOf":{"@id":"https:\/\/www.laguiadepamplona.com\/actualidad\/#website"},"primaryImageOfPage":{"@id":"https:\/\/www.laguiadepamplona.com\/actualidad\/el-ayuntamiento-de-pamplona-estima-en-mas-de-60-000-euros-los-gastos-en-limpieza-y-reposicion-de-mobiliario-urbano-y-alumbrado-tras-los-danos-causados-por-las-inundaciones\/#primaryimage"},"image":{"@id":"https:\/\/www.laguiadepamplona.com\/actualidad\/el-ayuntamiento-de-pamplona-estima-en-mas-de-60-000-euros-los-gastos-en-limpieza-y-reposicion-de-mobiliario-urbano-y-alumbrado-tras-los-danos-causados-por-las-inundaciones\/#primaryimage"},"thumbnailUrl":"https:\/\/www.laguiadepamplona.com\/actualidad\/wp-content\/uploads\/2021\/12\/INUNDACIONES_EE5A7531.jpg","datePublished":"2021-12-13T12:17:29+00:00","dateModified":"2023-04-11T09:48:41+00:00","description":"A esa cifra se suman los da\u00f1os en m\u00e1s de 168 comercios o bajeras, 82 veh\u00edculos, 2 viviendas y 2 empresas en Rochapea, y cuantiosos da\u00f1os en empresas en Landaben","breadcrumb":{"@id":"https:\/\/www.laguiadepamplona.com\/actualidad\/el-ayuntamiento-de-pamplona-estima-en-mas-de-60-000-euros-los-gastos-en-limpieza-y-reposicion-de-mobiliario-urbano-y-alumbrado-tras-los-danos-causados-por-las-inundaciones\/#breadcrumb"},"inLanguage":"es","potentialAction":[{"@type":"ReadAction","target":["https:\/\/www.laguiadepamplona.com\/actualidad\/el-ayuntamiento-de-pamplona-estima-en-mas-de-60-000-euros-los-gastos-en-limpieza-y-reposicion-de-mobiliario-urbano-y-alumbrado-tras-los-danos-causados-por-las-inundaciones\/"]}]},{"@type":"ImageObject","inLanguage":"es","@id":"https:\/\/www.laguiadepamplona.com\/actualidad\/el-ayuntamiento-de-pamplona-estima-en-mas-de-60-000-euros-los-gastos-en-limpieza-y-reposicion-de-mobiliario-urbano-y-alumbrado-tras-los-danos-causados-por-las-inundaciones\/#primaryimage","url":"https:\/\/www.laguiadepamplona.com\/actualidad\/wp-content\/uploads\/2021\/12\/INUNDACIONES_EE5A7531.jpg","contentUrl":"https:\/\/www.laguiadepamplona.com\/actualidad\/wp-content\/uploads\/2021\/12\/INUNDACIONES_EE5A7531.jpg","width":1920,"height":1280},{"@type":"BreadcrumbList","@id":"https:\/\/www.laguiadepamplona.com\/actualidad\/el-ayuntamiento-de-pamplona-estima-en-mas-de-60-000-euros-los-gastos-en-limpieza-y-reposicion-de-mobiliario-urbano-y-alumbrado-tras-los-danos-causados-por-las-inundaciones\/#breadcrumb","itemListElement":[{"@type":"ListItem","position":1,"name":"Portada","item":"https:\/\/www.laguiadepamplona.com\/actualidad\/"},{"@type":"ListItem","position":2,"name":"El Ayuntamiento de Pamplona estima en m\u00e1s de 60.000 euros los gastos en limpieza y reposici\u00f3n de mobiliario urbano y alumbrado tras los da\u00f1os causados por las inundaciones"}]},{"@type":"WebSite","@id":"https:\/\/www.laguiadepamplona.com\/actualidad\/#website","url":"https:\/\/www.laguiadepamplona.com\/actualidad\/","name":"La gu\u00eda de Pamplona","description":"Noticias de Pamplona","publisher":{"@id":"https:\/\/www.laguiadepamplona.com\/actualidad\/#organization"},"potentialAction":[{"@type":"SearchAction","target":{"@type":"EntryPoint","urlTemplate":"https:\/\/www.laguiadepamplona.com\/actualidad\/?s={search_term_string}"},"query-input":{"@type":"PropertyValueSpecification","valueRequired":true,"valueName":"search_term_string"}}],"inLanguage":"es"},{"@type":"Organization","@id":"https:\/\/www.laguiadepamplona.com\/actualidad\/#organization","name":"La Gu\u00eda de Pamplona \/ Noticias","url":"https:\/\/www.laguiadepamplona.com\/actualidad\/","logo":{"@type":"ImageObject","inLanguage":"es","@id":"https:\/\/www.laguiadepamplona.com\/actualidad\/#\/schema\/logo\/image\/","url":"https:\/\/www.laguiadepamplona.com\/actualidad\/wp-content\/uploads\/2018\/11\/logo-laguiadepamplona18-web1.png","contentUrl":"https:\/\/www.laguiadepamplona.com\/actualidad\/wp-content\/uploads\/2018\/11\/logo-laguiadepamplona18-web1.png","width":600,"height":196,"caption":"La Gu\u00eda de Pamplona \/ Noticias"},"image":{"@id":"https:\/\/www.laguiadepamplona.com\/actualidad\/#\/schema\/logo\/image\/"},"sameAs":["https:\/\/www.facebook.com\/laguiadepamplonacom-133175176762273\/?ref=hl","https:\/\/x.com\/LaGuiadPamplona","https:\/\/www.instagram.com\/la_guia_de_pamplona\/","https:\/\/www.youtube.com\/user\/laguiadepamplona"]},{"@type":"Person","@id":"https:\/\/www.laguiadepamplona.com\/actualidad\/#\/schema\/person\/efe887376f0213d4657c93adc50b1fdb","name":"La Gu\u00eda de Pamplona","image":{"@type":"ImageObject","inLanguage":"es","@id":"https:\/\/secure.gravatar.com\/avatar\/b6992f131dc8d30ab0dff15446e9d346d9dbd95992de0fef795073f5ea83a81c?s=96&d=mm&r=g","url":"https:\/\/secure.gravatar.com\/avatar\/b6992f131dc8d30ab0dff15446e9d346d9dbd95992de0fef795073f5ea83a81c?s=96&d=mm&r=g","contentUrl":"https:\/\/secure.gravatar.com\/avatar\/b6992f131dc8d30ab0dff15446e9d346d9dbd95992de0fef795073f5ea83a81c?s=96&d=mm&r=g","caption":"La Gu\u00eda de Pamplona"}}]}},"post_mailing_queue_ids":[],"_links":{"self":[{"href":"https:\/\/www.laguiadepamplona.com\/actualidad\/wp-json\/wp\/v2\/posts\/37910","targetHints":{"allow":["GET"]}}],"collection":[{"href":"https:\/\/www.laguiadepamplona.com\/actualidad\/wp-json\/wp\/v2\/posts"}],"about":[{"href":"https:\/\/www.laguiadepamplona.com\/actualidad\/wp-json\/wp\/v2\/types\/post"}],"author":[{"embeddable":true,"href":"https:\/\/www.laguiadepamplona.com\/actualidad\/wp-json\/wp\/v2\/users\/1"}],"replies":[{"embeddable":true,"href":"https:\/\/www.laguiadepamplona.com\/actualidad\/wp-json\/wp\/v2\/comments?post=37910"}],"version-history":[{"count":0,"href":"https:\/\/www.laguiadepamplona.com\/actualidad\/wp-json\/wp\/v2\/posts\/37910\/revisions"}],"wp:featuredmedia":[{"embeddable":true,"href":"https:\/\/www.laguiadepamplona.com\/actualidad\/wp-json\/wp\/v2\/media\/37903"}],"wp:attachment":[{"href":"https:\/\/www.laguiadepamplona.com\/actualidad\/wp-json\/wp\/v2\/media?parent=37910"}],"wp:term":[{"taxonomy":"category","embeddable":true,"href":"https:\/\/www.laguiadepamplona.com\/actualidad\/wp-json\/wp\/v2\/categories?post=37910"},{"taxonomy":"post_tag","embeddable":true,"href":"https:\/\/www.laguiadepamplona.com\/actualidad\/wp-json\/wp\/v2\/tags?post=37910"}],"curies":[{"name":"wp","href":"https:\/\/api.w.org\/{rel}","templated":true}]}}