{"id":37905,"date":"2021-12-10T19:23:55","date_gmt":"2021-12-10T17:23:55","guid":{"rendered":"https:\/\/www.laguiadepamplona.com\/actualidad\/?p=37905"},"modified":"2023-04-11T11:48:41","modified_gmt":"2023-04-11T09:48:41","slug":"el-ayuntamiento-habilita-dos-puntos-moviles-para-ayudar-a-los-vecinos-a-tramitar-reclamaciones-por-los-danos-de-la-riada","status":"publish","type":"post","link":"https:\/\/www.laguiadepamplona.com\/actualidad\/el-ayuntamiento-habilita-dos-puntos-moviles-para-ayudar-a-los-vecinos-a-tramitar-reclamaciones-por-los-danos-de-la-riada\/","title":{"rendered":"El Ayuntamiento habilita dos puntos m\u00f3viles para ayudar a los vecinos a tramitar reclamaciones por los da\u00f1os de la riada"},"content":{"rendered":"<h5>La zona azul permanecer\u00e1 inactiva ma\u00f1ana s\u00e1bado en la Rochapea y San Jorge, las zonas m\u00e1s afectadas por las inundaciones<\/h5>\n<p><!--more--><\/p>\n<p>El Ayuntamiento de Pamplona, a trav\u00e9s de Polic\u00eda Municipal, pondr\u00e1 en marcha a partir de ma\u00f1ana dos puntos m\u00f3viles de informaci\u00f3n que se ubicar\u00e1n en la Rochapea y Landaben para ayudar y asesorar a los vecinos en la tramitaci\u00f3n de las reclamaciones por los da\u00f1os producidos por las inundaciones. Estar\u00e1n en funcionamiento hasta el martes en horario de ma\u00f1ana. Adem\u00e1s, ma\u00f1ana s\u00e1bado no estar\u00e1 en funcionamiento la zona azul en San Jorge y la Rochapea, que son las zonas en las que m\u00e1s afecciones ha causado la riada.<br \/>\n<script async src=\"\/\/pagead2.googlesyndication.com\/pagead\/js\/adsbygoogle.js\"><\/script><br \/>\n<!-- Noticias La Guia de Pamplona --><br \/>\n<ins class=\"adsbygoogle\"\nstyle=\"display:block\"\ndata-ad-client=\"ca-pub-6943679897239327\"\ndata-ad-slot=\"7048180777\"\ndata-ad-format=\"auto\"><\/ins><br \/>\n<script>\n(adsbygoogle = window.adsbygoogle || []).push({});\n<\/script><\/p>\n<p>Durante los pr\u00f3ximos cuatro d\u00edas, desde el s\u00e1bado hasta el martes, Polic\u00eda Municipal de Pamplona va a poner en marcha dos unidades m\u00f3viles, desde las que se ofrecer\u00e1 a los vecinos de las zonas m\u00e1s afectadas por las inundaciones informaci\u00f3n y asesoramiento sobre la forma de reclamar los da\u00f1os al Consorcio de Seguros. Se situar\u00e1n en el Paseo Anelier de la Rochapea, en la campa junto al r\u00edo Arga; y en la intersecci\u00f3n de las calles A y B D del pol\u00edgono de Landaben, y atender\u00e1n en horario de nueve de la ma\u00f1ana a dos de la tarde.<\/p>\n<p>Adem\u00e1s, durante la jornada de ma\u00f1ana tampoco estar\u00e1 en funcionamiento la zona azul en los barrios m\u00e1s afectados por las inundaciones, Rochapea y San Jorge. Adem\u00e1s de en estas dos \u00e1reas, esta medida tambi\u00e9n se ha tomado durante toda la jornada de hoy en el barrio de la Txantrea, por lo que en ninguno de los tres barrios habr\u00e1 que pagar por el estacionamiento regulado durante esta tarde.<\/p>\n","protected":false},"excerpt":{"rendered":"<p>La zona azul permanecer\u00e1 inactiva ma\u00f1ana s\u00e1bado en la Rochapea y San Jorge, las zonas m\u00e1s afectadas por las inundaciones<\/p>\n","protected":false},"author":1,"featured_media":37906,"comment_status":"open","ping_status":"closed","sticky":false,"template":"","format":"standard","meta":{"footnotes":""},"categories":[2],"tags":[],"class_list":["post-37905","post","type-post","status-publish","format-standard","has-post-thumbnail","hentry","category-ayuntamiento-pamplona"],"yoast_head":"<!-- This site is optimized with the Yoast SEO plugin v27.5 - https:\/\/yoast.com\/product\/yoast-seo-wordpress\/ -->\n<title>El Ayuntamiento habilita dos puntos m\u00f3viles para ayudar a los vecinos a tramitar reclamaciones por los da\u00f1os de la riada<\/title>\n<meta name=\"description\" content=\"La zona azul permanecer\u00e1 inactiva ma\u00f1ana s\u00e1bado en la Rochapea y San Jorge, las zonas m\u00e1s afectadas por las inundaciones\" \/>\n<meta name=\"robots\" content=\"index, follow, max-snippet:-1, max-image-preview:large, max-video-preview:-1\" \/>\n<link rel=\"canonical\" href=\"https:\/\/www.laguiadepamplona.com\/actualidad\/el-ayuntamiento-habilita-dos-puntos-moviles-para-ayudar-a-los-vecinos-a-tramitar-reclamaciones-por-los-danos-de-la-riada\/\" \/>\n<meta property=\"og:locale\" content=\"es_ES\" \/>\n<meta property=\"og:type\" content=\"article\" \/>\n<meta property=\"og:title\" content=\"El Ayuntamiento habilita dos puntos m\u00f3viles para ayudar a los vecinos a tramitar reclamaciones por los da\u00f1os de la riada\" \/>\n<meta property=\"og:description\" content=\"La zona azul permanecer\u00e1 inactiva ma\u00f1ana s\u00e1bado en la Rochapea y San Jorge, las zonas m\u00e1s afectadas por las inundaciones\" \/>\n<meta property=\"og:url\" content=\"https:\/\/www.laguiadepamplona.com\/actualidad\/el-ayuntamiento-habilita-dos-puntos-moviles-para-ayudar-a-los-vecinos-a-tramitar-reclamaciones-por-los-danos-de-la-riada\/\" \/>\n<meta property=\"og:site_name\" content=\"La Gu\u00eda de Pamplona\" \/>\n<meta property=\"article:publisher\" content=\"https:\/\/www.facebook.com\/laguiadepamplonacom-133175176762273\/?ref=hl\" \/>\n<meta property=\"article:published_time\" content=\"2021-12-10T17:23:55+00:00\" \/>\n<meta property=\"article:modified_time\" content=\"2023-04-11T09:48:41+00:00\" \/>\n<meta property=\"og:image\" content=\"https:\/\/www.laguiadepamplona.com\/actualidad\/wp-content\/uploads\/2021\/12\/INUNDACIO\u0301N_EE5A7619.jpg\" \/>\n\t<meta property=\"og:image:width\" content=\"1920\" \/>\n\t<meta property=\"og:image:height\" content=\"1280\" \/>\n\t<meta property=\"og:image:type\" content=\"image\/jpeg\" \/>\n<meta name=\"author\" content=\"La Gu\u00eda de Pamplona\" \/>\n<meta name=\"twitter:card\" content=\"summary_large_image\" \/>\n<meta name=\"twitter:creator\" content=\"@LaGuiadPamplona\" \/>\n<meta name=\"twitter:site\" content=\"@LaGuiadPamplona\" \/>\n<meta name=\"twitter:label1\" content=\"Escrito por\" \/>\n\t<meta name=\"twitter:data1\" content=\"La Gu\u00eda de Pamplona\" \/>\n\t<meta name=\"twitter:label2\" content=\"Tiempo de lectura\" \/>\n\t<meta name=\"twitter:data2\" content=\"2 minutos\" \/>\n<script type=\"application\/ld+json\" class=\"yoast-schema-graph\">{\"@context\":\"https:\\\/\\\/schema.org\",\"@graph\":[{\"@type\":\"Article\",\"@id\":\"https:\\\/\\\/www.laguiadepamplona.com\\\/actualidad\\\/el-ayuntamiento-habilita-dos-puntos-moviles-para-ayudar-a-los-vecinos-a-tramitar-reclamaciones-por-los-danos-de-la-riada\\\/#article\",\"isPartOf\":{\"@id\":\"https:\\\/\\\/www.laguiadepamplona.com\\\/actualidad\\\/el-ayuntamiento-habilita-dos-puntos-moviles-para-ayudar-a-los-vecinos-a-tramitar-reclamaciones-por-los-danos-de-la-riada\\\/\"},\"author\":{\"name\":\"La Gu\u00eda de Pamplona\",\"@id\":\"https:\\\/\\\/www.laguiadepamplona.com\\\/actualidad\\\/#\\\/schema\\\/person\\\/efe887376f0213d4657c93adc50b1fdb\"},\"headline\":\"El Ayuntamiento habilita dos puntos m\u00f3viles para ayudar a los vecinos a tramitar reclamaciones por los da\u00f1os de la riada\",\"datePublished\":\"2021-12-10T17:23:55+00:00\",\"dateModified\":\"2023-04-11T09:48:41+00:00\",\"mainEntityOfPage\":{\"@id\":\"https:\\\/\\\/www.laguiadepamplona.com\\\/actualidad\\\/el-ayuntamiento-habilita-dos-puntos-moviles-para-ayudar-a-los-vecinos-a-tramitar-reclamaciones-por-los-danos-de-la-riada\\\/\"},\"wordCount\":332,\"commentCount\":0,\"publisher\":{\"@id\":\"https:\\\/\\\/www.laguiadepamplona.com\\\/actualidad\\\/#organization\"},\"image\":{\"@id\":\"https:\\\/\\\/www.laguiadepamplona.com\\\/actualidad\\\/el-ayuntamiento-habilita-dos-puntos-moviles-para-ayudar-a-los-vecinos-a-tramitar-reclamaciones-por-los-danos-de-la-riada\\\/#primaryimage\"},\"thumbnailUrl\":\"https:\\\/\\\/www.laguiadepamplona.com\\\/actualidad\\\/wp-content\\\/uploads\\\/2021\\\/12\\\/INUNDACIO\u0301N_EE5A7619.jpg\",\"articleSection\":[\"Ayto Pamplona\"],\"inLanguage\":\"es\",\"potentialAction\":[{\"@type\":\"CommentAction\",\"name\":\"Comment\",\"target\":[\"https:\\\/\\\/www.laguiadepamplona.com\\\/actualidad\\\/el-ayuntamiento-habilita-dos-puntos-moviles-para-ayudar-a-los-vecinos-a-tramitar-reclamaciones-por-los-danos-de-la-riada\\\/#respond\"]}]},{\"@type\":\"WebPage\",\"@id\":\"https:\\\/\\\/www.laguiadepamplona.com\\\/actualidad\\\/el-ayuntamiento-habilita-dos-puntos-moviles-para-ayudar-a-los-vecinos-a-tramitar-reclamaciones-por-los-danos-de-la-riada\\\/\",\"url\":\"https:\\\/\\\/www.laguiadepamplona.com\\\/actualidad\\\/el-ayuntamiento-habilita-dos-puntos-moviles-para-ayudar-a-los-vecinos-a-tramitar-reclamaciones-por-los-danos-de-la-riada\\\/\",\"name\":\"El Ayuntamiento habilita dos puntos m\u00f3viles para ayudar a los vecinos a tramitar reclamaciones por los da\u00f1os de la riada\",\"isPartOf\":{\"@id\":\"https:\\\/\\\/www.laguiadepamplona.com\\\/actualidad\\\/#website\"},\"primaryImageOfPage\":{\"@id\":\"https:\\\/\\\/www.laguiadepamplona.com\\\/actualidad\\\/el-ayuntamiento-habilita-dos-puntos-moviles-para-ayudar-a-los-vecinos-a-tramitar-reclamaciones-por-los-danos-de-la-riada\\\/#primaryimage\"},\"image\":{\"@id\":\"https:\\\/\\\/www.laguiadepamplona.com\\\/actualidad\\\/el-ayuntamiento-habilita-dos-puntos-moviles-para-ayudar-a-los-vecinos-a-tramitar-reclamaciones-por-los-danos-de-la-riada\\\/#primaryimage\"},\"thumbnailUrl\":\"https:\\\/\\\/www.laguiadepamplona.com\\\/actualidad\\\/wp-content\\\/uploads\\\/2021\\\/12\\\/INUNDACIO\u0301N_EE5A7619.jpg\",\"datePublished\":\"2021-12-10T17:23:55+00:00\",\"dateModified\":\"2023-04-11T09:48:41+00:00\",\"description\":\"La zona azul permanecer\u00e1 inactiva ma\u00f1ana s\u00e1bado en la Rochapea y San Jorge, las zonas m\u00e1s afectadas por las inundaciones\",\"breadcrumb\":{\"@id\":\"https:\\\/\\\/www.laguiadepamplona.com\\\/actualidad\\\/el-ayuntamiento-habilita-dos-puntos-moviles-para-ayudar-a-los-vecinos-a-tramitar-reclamaciones-por-los-danos-de-la-riada\\\/#breadcrumb\"},\"inLanguage\":\"es\",\"potentialAction\":[{\"@type\":\"ReadAction\",\"target\":[\"https:\\\/\\\/www.laguiadepamplona.com\\\/actualidad\\\/el-ayuntamiento-habilita-dos-puntos-moviles-para-ayudar-a-los-vecinos-a-tramitar-reclamaciones-por-los-danos-de-la-riada\\\/\"]}]},{\"@type\":\"ImageObject\",\"inLanguage\":\"es\",\"@id\":\"https:\\\/\\\/www.laguiadepamplona.com\\\/actualidad\\\/el-ayuntamiento-habilita-dos-puntos-moviles-para-ayudar-a-los-vecinos-a-tramitar-reclamaciones-por-los-danos-de-la-riada\\\/#primaryimage\",\"url\":\"https:\\\/\\\/www.laguiadepamplona.com\\\/actualidad\\\/wp-content\\\/uploads\\\/2021\\\/12\\\/INUNDACIO\u0301N_EE5A7619.jpg\",\"contentUrl\":\"https:\\\/\\\/www.laguiadepamplona.com\\\/actualidad\\\/wp-content\\\/uploads\\\/2021\\\/12\\\/INUNDACIO\u0301N_EE5A7619.jpg\",\"width\":1920,\"height\":1280},{\"@type\":\"BreadcrumbList\",\"@id\":\"https:\\\/\\\/www.laguiadepamplona.com\\\/actualidad\\\/el-ayuntamiento-habilita-dos-puntos-moviles-para-ayudar-a-los-vecinos-a-tramitar-reclamaciones-por-los-danos-de-la-riada\\\/#breadcrumb\",\"itemListElement\":[{\"@type\":\"ListItem\",\"position\":1,\"name\":\"Portada\",\"item\":\"https:\\\/\\\/www.laguiadepamplona.com\\\/actualidad\\\/\"},{\"@type\":\"ListItem\",\"position\":2,\"name\":\"El Ayuntamiento habilita dos puntos m\u00f3viles para ayudar a los vecinos a tramitar reclamaciones por los da\u00f1os de la riada\"}]},{\"@type\":\"WebSite\",\"@id\":\"https:\\\/\\\/www.laguiadepamplona.com\\\/actualidad\\\/#website\",\"url\":\"https:\\\/\\\/www.laguiadepamplona.com\\\/actualidad\\\/\",\"name\":\"La gu\u00eda de Pamplona\",\"description\":\"Noticias de Pamplona\",\"publisher\":{\"@id\":\"https:\\\/\\\/www.laguiadepamplona.com\\\/actualidad\\\/#organization\"},\"potentialAction\":[{\"@type\":\"SearchAction\",\"target\":{\"@type\":\"EntryPoint\",\"urlTemplate\":\"https:\\\/\\\/www.laguiadepamplona.com\\\/actualidad\\\/?s={search_term_string}\"},\"query-input\":{\"@type\":\"PropertyValueSpecification\",\"valueRequired\":true,\"valueName\":\"search_term_string\"}}],\"inLanguage\":\"es\"},{\"@type\":\"Organization\",\"@id\":\"https:\\\/\\\/www.laguiadepamplona.com\\\/actualidad\\\/#organization\",\"name\":\"La Gu\u00eda de Pamplona \\\/ Noticias\",\"url\":\"https:\\\/\\\/www.laguiadepamplona.com\\\/actualidad\\\/\",\"logo\":{\"@type\":\"ImageObject\",\"inLanguage\":\"es\",\"@id\":\"https:\\\/\\\/www.laguiadepamplona.com\\\/actualidad\\\/#\\\/schema\\\/logo\\\/image\\\/\",\"url\":\"https:\\\/\\\/www.laguiadepamplona.com\\\/actualidad\\\/wp-content\\\/uploads\\\/2018\\\/11\\\/logo-laguiadepamplona18-web1.png\",\"contentUrl\":\"https:\\\/\\\/www.laguiadepamplona.com\\\/actualidad\\\/wp-content\\\/uploads\\\/2018\\\/11\\\/logo-laguiadepamplona18-web1.png\",\"width\":600,\"height\":196,\"caption\":\"La Gu\u00eda de Pamplona \\\/ Noticias\"},\"image\":{\"@id\":\"https:\\\/\\\/www.laguiadepamplona.com\\\/actualidad\\\/#\\\/schema\\\/logo\\\/image\\\/\"},\"sameAs\":[\"https:\\\/\\\/www.facebook.com\\\/laguiadepamplonacom-133175176762273\\\/?ref=hl\",\"https:\\\/\\\/x.com\\\/LaGuiadPamplona\",\"https:\\\/\\\/www.instagram.com\\\/la_guia_de_pamplona\\\/\",\"https:\\\/\\\/www.youtube.com\\\/user\\\/laguiadepamplona\"]},{\"@type\":\"Person\",\"@id\":\"https:\\\/\\\/www.laguiadepamplona.com\\\/actualidad\\\/#\\\/schema\\\/person\\\/efe887376f0213d4657c93adc50b1fdb\",\"name\":\"La Gu\u00eda de Pamplona\",\"image\":{\"@type\":\"ImageObject\",\"inLanguage\":\"es\",\"@id\":\"https:\\\/\\\/secure.gravatar.com\\\/avatar\\\/b6992f131dc8d30ab0dff15446e9d346d9dbd95992de0fef795073f5ea83a81c?s=96&d=mm&r=g\",\"url\":\"https:\\\/\\\/secure.gravatar.com\\\/avatar\\\/b6992f131dc8d30ab0dff15446e9d346d9dbd95992de0fef795073f5ea83a81c?s=96&d=mm&r=g\",\"contentUrl\":\"https:\\\/\\\/secure.gravatar.com\\\/avatar\\\/b6992f131dc8d30ab0dff15446e9d346d9dbd95992de0fef795073f5ea83a81c?s=96&d=mm&r=g\",\"caption\":\"La Gu\u00eda de Pamplona\"}}]}<\/script>\n<!-- \/ Yoast SEO plugin. -->","yoast_head_json":{"title":"El Ayuntamiento habilita dos puntos m\u00f3viles para ayudar a los vecinos a tramitar reclamaciones por los da\u00f1os de la riada","description":"La zona azul permanecer\u00e1 inactiva ma\u00f1ana s\u00e1bado en la Rochapea y San Jorge, las zonas m\u00e1s afectadas por las inundaciones","robots":{"index":"index","follow":"follow","max-snippet":"max-snippet:-1","max-image-preview":"max-image-preview:large","max-video-preview":"max-video-preview:-1"},"canonical":"https:\/\/www.laguiadepamplona.com\/actualidad\/el-ayuntamiento-habilita-dos-puntos-moviles-para-ayudar-a-los-vecinos-a-tramitar-reclamaciones-por-los-danos-de-la-riada\/","og_locale":"es_ES","og_type":"article","og_title":"El Ayuntamiento habilita dos puntos m\u00f3viles para ayudar a los vecinos a tramitar reclamaciones por los da\u00f1os de la riada","og_description":"La zona azul permanecer\u00e1 inactiva ma\u00f1ana s\u00e1bado en la Rochapea y San Jorge, las zonas m\u00e1s afectadas por las inundaciones","og_url":"https:\/\/www.laguiadepamplona.com\/actualidad\/el-ayuntamiento-habilita-dos-puntos-moviles-para-ayudar-a-los-vecinos-a-tramitar-reclamaciones-por-los-danos-de-la-riada\/","og_site_name":"La Gu\u00eda de Pamplona","article_publisher":"https:\/\/www.facebook.com\/laguiadepamplonacom-133175176762273\/?ref=hl","article_published_time":"2021-12-10T17:23:55+00:00","article_modified_time":"2023-04-11T09:48:41+00:00","og_image":[{"width":1920,"height":1280,"url":"https:\/\/www.laguiadepamplona.com\/actualidad\/wp-content\/uploads\/2021\/12\/INUNDACIO\u0301N_EE5A7619.jpg","type":"image\/jpeg"}],"author":"La Gu\u00eda de Pamplona","twitter_card":"summary_large_image","twitter_creator":"@LaGuiadPamplona","twitter_site":"@LaGuiadPamplona","twitter_misc":{"Escrito por":"La Gu\u00eda de Pamplona","Tiempo de lectura":"2 minutos"},"schema":{"@context":"https:\/\/schema.org","@graph":[{"@type":"Article","@id":"https:\/\/www.laguiadepamplona.com\/actualidad\/el-ayuntamiento-habilita-dos-puntos-moviles-para-ayudar-a-los-vecinos-a-tramitar-reclamaciones-por-los-danos-de-la-riada\/#article","isPartOf":{"@id":"https:\/\/www.laguiadepamplona.com\/actualidad\/el-ayuntamiento-habilita-dos-puntos-moviles-para-ayudar-a-los-vecinos-a-tramitar-reclamaciones-por-los-danos-de-la-riada\/"},"author":{"name":"La Gu\u00eda de Pamplona","@id":"https:\/\/www.laguiadepamplona.com\/actualidad\/#\/schema\/person\/efe887376f0213d4657c93adc50b1fdb"},"headline":"El Ayuntamiento habilita dos puntos m\u00f3viles para ayudar a los vecinos a tramitar reclamaciones por los da\u00f1os de la riada","datePublished":"2021-12-10T17:23:55+00:00","dateModified":"2023-04-11T09:48:41+00:00","mainEntityOfPage":{"@id":"https:\/\/www.laguiadepamplona.com\/actualidad\/el-ayuntamiento-habilita-dos-puntos-moviles-para-ayudar-a-los-vecinos-a-tramitar-reclamaciones-por-los-danos-de-la-riada\/"},"wordCount":332,"commentCount":0,"publisher":{"@id":"https:\/\/www.laguiadepamplona.com\/actualidad\/#organization"},"image":{"@id":"https:\/\/www.laguiadepamplona.com\/actualidad\/el-ayuntamiento-habilita-dos-puntos-moviles-para-ayudar-a-los-vecinos-a-tramitar-reclamaciones-por-los-danos-de-la-riada\/#primaryimage"},"thumbnailUrl":"https:\/\/www.laguiadepamplona.com\/actualidad\/wp-content\/uploads\/2021\/12\/INUNDACIO\u0301N_EE5A7619.jpg","articleSection":["Ayto Pamplona"],"inLanguage":"es","potentialAction":[{"@type":"CommentAction","name":"Comment","target":["https:\/\/www.laguiadepamplona.com\/actualidad\/el-ayuntamiento-habilita-dos-puntos-moviles-para-ayudar-a-los-vecinos-a-tramitar-reclamaciones-por-los-danos-de-la-riada\/#respond"]}]},{"@type":"WebPage","@id":"https:\/\/www.laguiadepamplona.com\/actualidad\/el-ayuntamiento-habilita-dos-puntos-moviles-para-ayudar-a-los-vecinos-a-tramitar-reclamaciones-por-los-danos-de-la-riada\/","url":"https:\/\/www.laguiadepamplona.com\/actualidad\/el-ayuntamiento-habilita-dos-puntos-moviles-para-ayudar-a-los-vecinos-a-tramitar-reclamaciones-por-los-danos-de-la-riada\/","name":"El Ayuntamiento habilita dos puntos m\u00f3viles para ayudar a los vecinos a tramitar reclamaciones por los da\u00f1os de la riada","isPartOf":{"@id":"https:\/\/www.laguiadepamplona.com\/actualidad\/#website"},"primaryImageOfPage":{"@id":"https:\/\/www.laguiadepamplona.com\/actualidad\/el-ayuntamiento-habilita-dos-puntos-moviles-para-ayudar-a-los-vecinos-a-tramitar-reclamaciones-por-los-danos-de-la-riada\/#primaryimage"},"image":{"@id":"https:\/\/www.laguiadepamplona.com\/actualidad\/el-ayuntamiento-habilita-dos-puntos-moviles-para-ayudar-a-los-vecinos-a-tramitar-reclamaciones-por-los-danos-de-la-riada\/#primaryimage"},"thumbnailUrl":"https:\/\/www.laguiadepamplona.com\/actualidad\/wp-content\/uploads\/2021\/12\/INUNDACIO\u0301N_EE5A7619.jpg","datePublished":"2021-12-10T17:23:55+00:00","dateModified":"2023-04-11T09:48:41+00:00","description":"La zona azul permanecer\u00e1 inactiva ma\u00f1ana s\u00e1bado en la Rochapea y San Jorge, las zonas m\u00e1s afectadas por las inundaciones","breadcrumb":{"@id":"https:\/\/www.laguiadepamplona.com\/actualidad\/el-ayuntamiento-habilita-dos-puntos-moviles-para-ayudar-a-los-vecinos-a-tramitar-reclamaciones-por-los-danos-de-la-riada\/#breadcrumb"},"inLanguage":"es","potentialAction":[{"@type":"ReadAction","target":["https:\/\/www.laguiadepamplona.com\/actualidad\/el-ayuntamiento-habilita-dos-puntos-moviles-para-ayudar-a-los-vecinos-a-tramitar-reclamaciones-por-los-danos-de-la-riada\/"]}]},{"@type":"ImageObject","inLanguage":"es","@id":"https:\/\/www.laguiadepamplona.com\/actualidad\/el-ayuntamiento-habilita-dos-puntos-moviles-para-ayudar-a-los-vecinos-a-tramitar-reclamaciones-por-los-danos-de-la-riada\/#primaryimage","url":"https:\/\/www.laguiadepamplona.com\/actualidad\/wp-content\/uploads\/2021\/12\/INUNDACIO\u0301N_EE5A7619.jpg","contentUrl":"https:\/\/www.laguiadepamplona.com\/actualidad\/wp-content\/uploads\/2021\/12\/INUNDACIO\u0301N_EE5A7619.jpg","width":1920,"height":1280},{"@type":"BreadcrumbList","@id":"https:\/\/www.laguiadepamplona.com\/actualidad\/el-ayuntamiento-habilita-dos-puntos-moviles-para-ayudar-a-los-vecinos-a-tramitar-reclamaciones-por-los-danos-de-la-riada\/#breadcrumb","itemListElement":[{"@type":"ListItem","position":1,"name":"Portada","item":"https:\/\/www.laguiadepamplona.com\/actualidad\/"},{"@type":"ListItem","position":2,"name":"El Ayuntamiento habilita dos puntos m\u00f3viles para ayudar a los vecinos a tramitar reclamaciones por los da\u00f1os de la riada"}]},{"@type":"WebSite","@id":"https:\/\/www.laguiadepamplona.com\/actualidad\/#website","url":"https:\/\/www.laguiadepamplona.com\/actualidad\/","name":"La gu\u00eda de Pamplona","description":"Noticias de Pamplona","publisher":{"@id":"https:\/\/www.laguiadepamplona.com\/actualidad\/#organization"},"potentialAction":[{"@type":"SearchAction","target":{"@type":"EntryPoint","urlTemplate":"https:\/\/www.laguiadepamplona.com\/actualidad\/?s={search_term_string}"},"query-input":{"@type":"PropertyValueSpecification","valueRequired":true,"valueName":"search_term_string"}}],"inLanguage":"es"},{"@type":"Organization","@id":"https:\/\/www.laguiadepamplona.com\/actualidad\/#organization","name":"La Gu\u00eda de Pamplona \/ Noticias","url":"https:\/\/www.laguiadepamplona.com\/actualidad\/","logo":{"@type":"ImageObject","inLanguage":"es","@id":"https:\/\/www.laguiadepamplona.com\/actualidad\/#\/schema\/logo\/image\/","url":"https:\/\/www.laguiadepamplona.com\/actualidad\/wp-content\/uploads\/2018\/11\/logo-laguiadepamplona18-web1.png","contentUrl":"https:\/\/www.laguiadepamplona.com\/actualidad\/wp-content\/uploads\/2018\/11\/logo-laguiadepamplona18-web1.png","width":600,"height":196,"caption":"La Gu\u00eda de Pamplona \/ Noticias"},"image":{"@id":"https:\/\/www.laguiadepamplona.com\/actualidad\/#\/schema\/logo\/image\/"},"sameAs":["https:\/\/www.facebook.com\/laguiadepamplonacom-133175176762273\/?ref=hl","https:\/\/x.com\/LaGuiadPamplona","https:\/\/www.instagram.com\/la_guia_de_pamplona\/","https:\/\/www.youtube.com\/user\/laguiadepamplona"]},{"@type":"Person","@id":"https:\/\/www.laguiadepamplona.com\/actualidad\/#\/schema\/person\/efe887376f0213d4657c93adc50b1fdb","name":"La Gu\u00eda de Pamplona","image":{"@type":"ImageObject","inLanguage":"es","@id":"https:\/\/secure.gravatar.com\/avatar\/b6992f131dc8d30ab0dff15446e9d346d9dbd95992de0fef795073f5ea83a81c?s=96&d=mm&r=g","url":"https:\/\/secure.gravatar.com\/avatar\/b6992f131dc8d30ab0dff15446e9d346d9dbd95992de0fef795073f5ea83a81c?s=96&d=mm&r=g","contentUrl":"https:\/\/secure.gravatar.com\/avatar\/b6992f131dc8d30ab0dff15446e9d346d9dbd95992de0fef795073f5ea83a81c?s=96&d=mm&r=g","caption":"La Gu\u00eda de Pamplona"}}]}},"post_mailing_queue_ids":[],"_links":{"self":[{"href":"https:\/\/www.laguiadepamplona.com\/actualidad\/wp-json\/wp\/v2\/posts\/37905","targetHints":{"allow":["GET"]}}],"collection":[{"href":"https:\/\/www.laguiadepamplona.com\/actualidad\/wp-json\/wp\/v2\/posts"}],"about":[{"href":"https:\/\/www.laguiadepamplona.com\/actualidad\/wp-json\/wp\/v2\/types\/post"}],"author":[{"embeddable":true,"href":"https:\/\/www.laguiadepamplona.com\/actualidad\/wp-json\/wp\/v2\/users\/1"}],"replies":[{"embeddable":true,"href":"https:\/\/www.laguiadepamplona.com\/actualidad\/wp-json\/wp\/v2\/comments?post=37905"}],"version-history":[{"count":0,"href":"https:\/\/www.laguiadepamplona.com\/actualidad\/wp-json\/wp\/v2\/posts\/37905\/revisions"}],"wp:featuredmedia":[{"embeddable":true,"href":"https:\/\/www.laguiadepamplona.com\/actualidad\/wp-json\/wp\/v2\/media\/37906"}],"wp:attachment":[{"href":"https:\/\/www.laguiadepamplona.com\/actualidad\/wp-json\/wp\/v2\/media?parent=37905"}],"wp:term":[{"taxonomy":"category","embeddable":true,"href":"https:\/\/www.laguiadepamplona.com\/actualidad\/wp-json\/wp\/v2\/categories?post=37905"},{"taxonomy":"post_tag","embeddable":true,"href":"https:\/\/www.laguiadepamplona.com\/actualidad\/wp-json\/wp\/v2\/tags?post=37905"}],"curies":[{"name":"wp","href":"https:\/\/api.w.org\/{rel}","templated":true}]}}