{"id":37902,"date":"2021-12-10T19:22:21","date_gmt":"2021-12-10T17:22:21","guid":{"rendered":"https:\/\/www.laguiadepamplona.com\/actualidad\/?p=37902"},"modified":"2023-04-11T11:48:41","modified_gmt":"2023-04-11T09:48:41","slug":"pamplona-mantiene-el-nivel-de-alerta-por-la-crecida-del-rio-arga-pero-se-estabiliza-la-situacion","status":"publish","type":"post","link":"https:\/\/www.laguiadepamplona.com\/actualidad\/pamplona-mantiene-el-nivel-de-alerta-por-la-crecida-del-rio-arga-pero-se-estabiliza-la-situacion\/","title":{"rendered":"Pamplona mantiene el nivel de alerta por la crecida del r\u00edo Arga, pero se estabiliza la situaci\u00f3n"},"content":{"rendered":"<h5>Polic\u00eda Municipal de Pamplona contin\u00faa regulando el tr\u00e1fico en las zonas afectadas y permanecer\u00e1 alerta a la situaci\u00f3n del caudal<\/h5>\n<p><!--more--><\/p>\n<p>Tras varias horas de crecida constante, Pamplona mantiene el nivel de alerta por la crecida del r\u00edo Arga. Aunque la situaci\u00f3n tiende a estabilizarse, esto no est\u00e1 permitiendo por el momento la apertura de las calles y zonas que hab\u00edan sido anegadas, y que han sido cerradas a lo largo de la noche y de la ma\u00f1ana. Polic\u00eda Municipal contin\u00faa regulando el tr\u00e1fico y permanece alerta para intervenir en las situaciones que lo requieran.<br \/>\n<script async src=\"\/\/pagead2.googlesyndication.com\/pagead\/js\/adsbygoogle.js\"><\/script><br \/>\n<!-- Noticias La Guia de Pamplona --><br \/>\n<ins class=\"adsbygoogle\"\nstyle=\"display:block\"\ndata-ad-client=\"ca-pub-6943679897239327\"\ndata-ad-slot=\"7048180777\"\ndata-ad-format=\"auto\"><\/ins><br \/>\n<script>\n(adsbygoogle = window.adsbygoogle || []).push({});\n<\/script><\/p>\n<p>Agentes de Polic\u00eda Municipal de Pamplona han tenido que rescatar a 23 personas a lo largo de la ma\u00f1ana en siete intervenciones a causa de las inundaciones. Se han producido principalmente en la zona de la Rochapea, tras el requerimiento de algunos comerciantes, que hab\u00edan accedido a sus negocios antes de que el agua llegara a anegar su zona. Adem\u00e1s, y como labor preventiva para evitar destrozos, desde primeras horas de la noche el cuerpo policial local se ha encargado de la retirada de veh\u00edculos de zonas inundables. En total, entre la noche y la ma\u00f1ana se han retirado m\u00e1s de 250 veh\u00edculos. Adem\u00e1s, se ha utilizado el sistema de alertas v\u00eda SMS para pedir a los vecinos que retiraran sus veh\u00edculos primero de las calles inundables y luego tambi\u00e9n de los garajes cercanos.<br \/>\n<script async src=\"\/\/pagead2.googlesyndication.com\/pagead\/js\/adsbygoogle.js\"><\/script><br \/>\n<!-- Noticias La Guia de Pamplona --><br \/>\n<ins class=\"adsbygoogle\"\nstyle=\"display:block\"\ndata-ad-client=\"ca-pub-6943679897239327\"\ndata-ad-slot=\"7048180777\"\ndata-ad-format=\"auto\"><\/ins><br \/>\n<script>\n(adsbygoogle = window.adsbygoogle || []).push({});\n<\/script><\/p>\n<p>&nbsp;<\/p>\n<h3>A las 15.30 horas permanecen cortadas las mismas zonas y calles por las que no era posible transitar desde media ma\u00f1ana. Se trata de:<\/h3>\n<ul>\n<li><strong>Avda. San Jorge <\/strong>desde Avda. de Navarra hasta el Pol\u00edgono de Landaben en ambos sentidos.<\/li>\n<li><strong>Carretera Orkoyen <\/strong>antiguo matadero<\/li>\n<li><strong>Calle Magdalena<\/strong>, cerrado el puente de Magdalena inundado (Amaya, Labrit, Magdalena)<\/li>\n<li><strong>Calle Vergel <\/strong>cortada. Todos los que bajen del Casco Antiguo deben acceder por Vergel hacia Labrit y subir hacia Amaya.<\/li>\n<li><strong>Cortada Plaza de Pompeyo <\/strong>y sus accesos<\/li>\n<li><strong>Calle Errotazar<\/strong> entre Plaza de Pompeyo y rotonda Errotazar)<\/li>\n<li><strong>Carretera Cementerio<\/strong> desde bajada de Bara\u00f1ain a Landaben<\/li>\n<li><strong>Puente Curtidores<\/strong>, cortado acceso peatonal y circulaci\u00f3n desde Santo Domingo y desde la Rochapea<\/li>\n<li><strong>Puente Magdalena <\/strong>cortado acceso peatonal y circulaci\u00f3n desde Santo Domingo y desde la Rochapea.<\/li>\n<li><strong>R\u00edo Arga <\/strong>entre Plaza de Pompeyo y rotonda con Bernandino Tirapu.<\/li>\n<li><strong>Landaben:\u00a0 <\/strong>cerrados accesos avda. San Jorge, NA-30 y calle Miluce, abierto PA-30. Varias calles del interior del pol\u00edgono inundadas<\/li>\n<li><strong>Paso peatonal subterr\u00e1neo<\/strong> de la Avda. San Jorge con la Avda. de Navarra<\/li>\n<li><strong>Cuesta Beloso, <\/strong>cortado el tr\u00e1fico en la rotonda con Burlada, se desv\u00edan los veh\u00edculos desde Seminario hacia carretera Sarriguren<\/li>\n<li><strong>Puente de Oblatas y calle Ochagav\u00eda <\/strong><\/li>\n<li><strong>Puente del Plazaola<\/strong><\/li>\n<li><strong>Calle Santa Vicenta Mar\u00eda desde calle Sanducelay<\/strong><\/li>\n<\/ul>\n","protected":false},"excerpt":{"rendered":"<p>Polic\u00eda Municipal de Pamplona contin\u00faa regulando el tr\u00e1fico en las zonas afectadas y permanecer\u00e1 alerta a la situaci\u00f3n del caudal<\/p>\n","protected":false},"author":1,"featured_media":37903,"comment_status":"open","ping_status":"closed","sticky":false,"template":"","format":"standard","meta":{"footnotes":""},"categories":[2],"tags":[],"class_list":["post-37902","post","type-post","status-publish","format-standard","has-post-thumbnail","hentry","category-ayuntamiento-pamplona"],"yoast_head":"<!-- This site is optimized with the Yoast SEO plugin v27.3 - https:\/\/yoast.com\/product\/yoast-seo-wordpress\/ -->\n<title>Pamplona mantiene el nivel de alerta por la crecida del r\u00edo Arga, pero se estabiliza la situaci\u00f3n<\/title>\n<meta name=\"description\" content=\"Polic\u00eda Municipal de Pamplona contin\u00faa regulando el tr\u00e1fico en las zonas afectadas y permanecer\u00e1 alerta a la situaci\u00f3n del caudal\" \/>\n<meta name=\"robots\" content=\"index, follow, max-snippet:-1, max-image-preview:large, max-video-preview:-1\" \/>\n<link rel=\"canonical\" href=\"https:\/\/www.laguiadepamplona.com\/actualidad\/pamplona-mantiene-el-nivel-de-alerta-por-la-crecida-del-rio-arga-pero-se-estabiliza-la-situacion\/\" \/>\n<meta property=\"og:locale\" content=\"es_ES\" \/>\n<meta property=\"og:type\" content=\"article\" \/>\n<meta property=\"og:title\" content=\"Pamplona mantiene el nivel de alerta por la crecida del r\u00edo Arga, pero se estabiliza la situaci\u00f3n\" \/>\n<meta property=\"og:description\" content=\"Polic\u00eda Municipal de Pamplona contin\u00faa regulando el tr\u00e1fico en las zonas afectadas y permanecer\u00e1 alerta a la situaci\u00f3n del caudal\" \/>\n<meta property=\"og:url\" content=\"https:\/\/www.laguiadepamplona.com\/actualidad\/pamplona-mantiene-el-nivel-de-alerta-por-la-crecida-del-rio-arga-pero-se-estabiliza-la-situacion\/\" \/>\n<meta property=\"og:site_name\" content=\"La Gu\u00eda de Pamplona\" \/>\n<meta property=\"article:publisher\" content=\"https:\/\/www.facebook.com\/laguiadepamplonacom-133175176762273\/?ref=hl\" \/>\n<meta property=\"article:published_time\" content=\"2021-12-10T17:22:21+00:00\" \/>\n<meta property=\"article:modified_time\" content=\"2023-04-11T09:48:41+00:00\" \/>\n<meta property=\"og:image\" content=\"https:\/\/www.laguiadepamplona.com\/actualidad\/wp-content\/uploads\/2021\/12\/INUNDACIONES_EE5A7531.jpg\" \/>\n\t<meta property=\"og:image:width\" content=\"1920\" \/>\n\t<meta property=\"og:image:height\" content=\"1280\" \/>\n\t<meta property=\"og:image:type\" content=\"image\/jpeg\" \/>\n<meta name=\"author\" content=\"La Gu\u00eda de Pamplona\" \/>\n<meta name=\"twitter:card\" content=\"summary_large_image\" \/>\n<meta name=\"twitter:creator\" content=\"@LaGuiadPamplona\" \/>\n<meta name=\"twitter:site\" content=\"@LaGuiadPamplona\" \/>\n<meta name=\"twitter:label1\" content=\"Escrito por\" \/>\n\t<meta name=\"twitter:data1\" content=\"La Gu\u00eda de Pamplona\" \/>\n\t<meta name=\"twitter:label2\" content=\"Tiempo de lectura\" \/>\n\t<meta name=\"twitter:data2\" content=\"2 minutos\" \/>\n<script type=\"application\/ld+json\" class=\"yoast-schema-graph\">{\"@context\":\"https:\\\/\\\/schema.org\",\"@graph\":[{\"@type\":\"Article\",\"@id\":\"https:\\\/\\\/www.laguiadepamplona.com\\\/actualidad\\\/pamplona-mantiene-el-nivel-de-alerta-por-la-crecida-del-rio-arga-pero-se-estabiliza-la-situacion\\\/#article\",\"isPartOf\":{\"@id\":\"https:\\\/\\\/www.laguiadepamplona.com\\\/actualidad\\\/pamplona-mantiene-el-nivel-de-alerta-por-la-crecida-del-rio-arga-pero-se-estabiliza-la-situacion\\\/\"},\"author\":{\"name\":\"La Gu\u00eda de Pamplona\",\"@id\":\"https:\\\/\\\/www.laguiadepamplona.com\\\/actualidad\\\/#\\\/schema\\\/person\\\/efe887376f0213d4657c93adc50b1fdb\"},\"headline\":\"Pamplona mantiene el nivel de alerta por la crecida del r\u00edo Arga, pero se estabiliza la situaci\u00f3n\",\"datePublished\":\"2021-12-10T17:22:21+00:00\",\"dateModified\":\"2023-04-11T09:48:41+00:00\",\"mainEntityOfPage\":{\"@id\":\"https:\\\/\\\/www.laguiadepamplona.com\\\/actualidad\\\/pamplona-mantiene-el-nivel-de-alerta-por-la-crecida-del-rio-arga-pero-se-estabiliza-la-situacion\\\/\"},\"wordCount\":485,\"commentCount\":0,\"publisher\":{\"@id\":\"https:\\\/\\\/www.laguiadepamplona.com\\\/actualidad\\\/#organization\"},\"image\":{\"@id\":\"https:\\\/\\\/www.laguiadepamplona.com\\\/actualidad\\\/pamplona-mantiene-el-nivel-de-alerta-por-la-crecida-del-rio-arga-pero-se-estabiliza-la-situacion\\\/#primaryimage\"},\"thumbnailUrl\":\"https:\\\/\\\/www.laguiadepamplona.com\\\/actualidad\\\/wp-content\\\/uploads\\\/2021\\\/12\\\/INUNDACIONES_EE5A7531.jpg\",\"articleSection\":[\"Ayto Pamplona\"],\"inLanguage\":\"es\",\"potentialAction\":[{\"@type\":\"CommentAction\",\"name\":\"Comment\",\"target\":[\"https:\\\/\\\/www.laguiadepamplona.com\\\/actualidad\\\/pamplona-mantiene-el-nivel-de-alerta-por-la-crecida-del-rio-arga-pero-se-estabiliza-la-situacion\\\/#respond\"]}]},{\"@type\":\"WebPage\",\"@id\":\"https:\\\/\\\/www.laguiadepamplona.com\\\/actualidad\\\/pamplona-mantiene-el-nivel-de-alerta-por-la-crecida-del-rio-arga-pero-se-estabiliza-la-situacion\\\/\",\"url\":\"https:\\\/\\\/www.laguiadepamplona.com\\\/actualidad\\\/pamplona-mantiene-el-nivel-de-alerta-por-la-crecida-del-rio-arga-pero-se-estabiliza-la-situacion\\\/\",\"name\":\"Pamplona mantiene el nivel de alerta por la crecida del r\u00edo Arga, pero se estabiliza la situaci\u00f3n\",\"isPartOf\":{\"@id\":\"https:\\\/\\\/www.laguiadepamplona.com\\\/actualidad\\\/#website\"},\"primaryImageOfPage\":{\"@id\":\"https:\\\/\\\/www.laguiadepamplona.com\\\/actualidad\\\/pamplona-mantiene-el-nivel-de-alerta-por-la-crecida-del-rio-arga-pero-se-estabiliza-la-situacion\\\/#primaryimage\"},\"image\":{\"@id\":\"https:\\\/\\\/www.laguiadepamplona.com\\\/actualidad\\\/pamplona-mantiene-el-nivel-de-alerta-por-la-crecida-del-rio-arga-pero-se-estabiliza-la-situacion\\\/#primaryimage\"},\"thumbnailUrl\":\"https:\\\/\\\/www.laguiadepamplona.com\\\/actualidad\\\/wp-content\\\/uploads\\\/2021\\\/12\\\/INUNDACIONES_EE5A7531.jpg\",\"datePublished\":\"2021-12-10T17:22:21+00:00\",\"dateModified\":\"2023-04-11T09:48:41+00:00\",\"description\":\"Polic\u00eda Municipal de Pamplona contin\u00faa regulando el tr\u00e1fico en las zonas afectadas y permanecer\u00e1 alerta a la situaci\u00f3n del caudal\",\"breadcrumb\":{\"@id\":\"https:\\\/\\\/www.laguiadepamplona.com\\\/actualidad\\\/pamplona-mantiene-el-nivel-de-alerta-por-la-crecida-del-rio-arga-pero-se-estabiliza-la-situacion\\\/#breadcrumb\"},\"inLanguage\":\"es\",\"potentialAction\":[{\"@type\":\"ReadAction\",\"target\":[\"https:\\\/\\\/www.laguiadepamplona.com\\\/actualidad\\\/pamplona-mantiene-el-nivel-de-alerta-por-la-crecida-del-rio-arga-pero-se-estabiliza-la-situacion\\\/\"]}]},{\"@type\":\"ImageObject\",\"inLanguage\":\"es\",\"@id\":\"https:\\\/\\\/www.laguiadepamplona.com\\\/actualidad\\\/pamplona-mantiene-el-nivel-de-alerta-por-la-crecida-del-rio-arga-pero-se-estabiliza-la-situacion\\\/#primaryimage\",\"url\":\"https:\\\/\\\/www.laguiadepamplona.com\\\/actualidad\\\/wp-content\\\/uploads\\\/2021\\\/12\\\/INUNDACIONES_EE5A7531.jpg\",\"contentUrl\":\"https:\\\/\\\/www.laguiadepamplona.com\\\/actualidad\\\/wp-content\\\/uploads\\\/2021\\\/12\\\/INUNDACIONES_EE5A7531.jpg\",\"width\":1920,\"height\":1280},{\"@type\":\"BreadcrumbList\",\"@id\":\"https:\\\/\\\/www.laguiadepamplona.com\\\/actualidad\\\/pamplona-mantiene-el-nivel-de-alerta-por-la-crecida-del-rio-arga-pero-se-estabiliza-la-situacion\\\/#breadcrumb\",\"itemListElement\":[{\"@type\":\"ListItem\",\"position\":1,\"name\":\"Portada\",\"item\":\"https:\\\/\\\/www.laguiadepamplona.com\\\/actualidad\\\/\"},{\"@type\":\"ListItem\",\"position\":2,\"name\":\"Pamplona mantiene el nivel de alerta por la crecida del r\u00edo Arga, pero se estabiliza la situaci\u00f3n\"}]},{\"@type\":\"WebSite\",\"@id\":\"https:\\\/\\\/www.laguiadepamplona.com\\\/actualidad\\\/#website\",\"url\":\"https:\\\/\\\/www.laguiadepamplona.com\\\/actualidad\\\/\",\"name\":\"La gu\u00eda de Pamplona\",\"description\":\"Noticias de Pamplona\",\"publisher\":{\"@id\":\"https:\\\/\\\/www.laguiadepamplona.com\\\/actualidad\\\/#organization\"},\"potentialAction\":[{\"@type\":\"SearchAction\",\"target\":{\"@type\":\"EntryPoint\",\"urlTemplate\":\"https:\\\/\\\/www.laguiadepamplona.com\\\/actualidad\\\/?s={search_term_string}\"},\"query-input\":{\"@type\":\"PropertyValueSpecification\",\"valueRequired\":true,\"valueName\":\"search_term_string\"}}],\"inLanguage\":\"es\"},{\"@type\":\"Organization\",\"@id\":\"https:\\\/\\\/www.laguiadepamplona.com\\\/actualidad\\\/#organization\",\"name\":\"La Gu\u00eda de Pamplona \\\/ Noticias\",\"url\":\"https:\\\/\\\/www.laguiadepamplona.com\\\/actualidad\\\/\",\"logo\":{\"@type\":\"ImageObject\",\"inLanguage\":\"es\",\"@id\":\"https:\\\/\\\/www.laguiadepamplona.com\\\/actualidad\\\/#\\\/schema\\\/logo\\\/image\\\/\",\"url\":\"https:\\\/\\\/www.laguiadepamplona.com\\\/actualidad\\\/wp-content\\\/uploads\\\/2018\\\/11\\\/logo-laguiadepamplona18-web1.png\",\"contentUrl\":\"https:\\\/\\\/www.laguiadepamplona.com\\\/actualidad\\\/wp-content\\\/uploads\\\/2018\\\/11\\\/logo-laguiadepamplona18-web1.png\",\"width\":600,\"height\":196,\"caption\":\"La Gu\u00eda de Pamplona \\\/ Noticias\"},\"image\":{\"@id\":\"https:\\\/\\\/www.laguiadepamplona.com\\\/actualidad\\\/#\\\/schema\\\/logo\\\/image\\\/\"},\"sameAs\":[\"https:\\\/\\\/www.facebook.com\\\/laguiadepamplonacom-133175176762273\\\/?ref=hl\",\"https:\\\/\\\/x.com\\\/LaGuiadPamplona\",\"https:\\\/\\\/www.instagram.com\\\/la_guia_de_pamplona\\\/\",\"https:\\\/\\\/www.youtube.com\\\/user\\\/laguiadepamplona\"]},{\"@type\":\"Person\",\"@id\":\"https:\\\/\\\/www.laguiadepamplona.com\\\/actualidad\\\/#\\\/schema\\\/person\\\/efe887376f0213d4657c93adc50b1fdb\",\"name\":\"La Gu\u00eda de Pamplona\",\"image\":{\"@type\":\"ImageObject\",\"inLanguage\":\"es\",\"@id\":\"https:\\\/\\\/secure.gravatar.com\\\/avatar\\\/b6992f131dc8d30ab0dff15446e9d346d9dbd95992de0fef795073f5ea83a81c?s=96&d=mm&r=g\",\"url\":\"https:\\\/\\\/secure.gravatar.com\\\/avatar\\\/b6992f131dc8d30ab0dff15446e9d346d9dbd95992de0fef795073f5ea83a81c?s=96&d=mm&r=g\",\"contentUrl\":\"https:\\\/\\\/secure.gravatar.com\\\/avatar\\\/b6992f131dc8d30ab0dff15446e9d346d9dbd95992de0fef795073f5ea83a81c?s=96&d=mm&r=g\",\"caption\":\"La Gu\u00eda de Pamplona\"}}]}<\/script>\n<!-- \/ Yoast SEO plugin. -->","yoast_head_json":{"title":"Pamplona mantiene el nivel de alerta por la crecida del r\u00edo Arga, pero se estabiliza la situaci\u00f3n","description":"Polic\u00eda Municipal de Pamplona contin\u00faa regulando el tr\u00e1fico en las zonas afectadas y permanecer\u00e1 alerta a la situaci\u00f3n del caudal","robots":{"index":"index","follow":"follow","max-snippet":"max-snippet:-1","max-image-preview":"max-image-preview:large","max-video-preview":"max-video-preview:-1"},"canonical":"https:\/\/www.laguiadepamplona.com\/actualidad\/pamplona-mantiene-el-nivel-de-alerta-por-la-crecida-del-rio-arga-pero-se-estabiliza-la-situacion\/","og_locale":"es_ES","og_type":"article","og_title":"Pamplona mantiene el nivel de alerta por la crecida del r\u00edo Arga, pero se estabiliza la situaci\u00f3n","og_description":"Polic\u00eda Municipal de Pamplona contin\u00faa regulando el tr\u00e1fico en las zonas afectadas y permanecer\u00e1 alerta a la situaci\u00f3n del caudal","og_url":"https:\/\/www.laguiadepamplona.com\/actualidad\/pamplona-mantiene-el-nivel-de-alerta-por-la-crecida-del-rio-arga-pero-se-estabiliza-la-situacion\/","og_site_name":"La Gu\u00eda de Pamplona","article_publisher":"https:\/\/www.facebook.com\/laguiadepamplonacom-133175176762273\/?ref=hl","article_published_time":"2021-12-10T17:22:21+00:00","article_modified_time":"2023-04-11T09:48:41+00:00","og_image":[{"width":1920,"height":1280,"url":"https:\/\/www.laguiadepamplona.com\/actualidad\/wp-content\/uploads\/2021\/12\/INUNDACIONES_EE5A7531.jpg","type":"image\/jpeg"}],"author":"La Gu\u00eda de Pamplona","twitter_card":"summary_large_image","twitter_creator":"@LaGuiadPamplona","twitter_site":"@LaGuiadPamplona","twitter_misc":{"Escrito por":"La Gu\u00eda de Pamplona","Tiempo de lectura":"2 minutos"},"schema":{"@context":"https:\/\/schema.org","@graph":[{"@type":"Article","@id":"https:\/\/www.laguiadepamplona.com\/actualidad\/pamplona-mantiene-el-nivel-de-alerta-por-la-crecida-del-rio-arga-pero-se-estabiliza-la-situacion\/#article","isPartOf":{"@id":"https:\/\/www.laguiadepamplona.com\/actualidad\/pamplona-mantiene-el-nivel-de-alerta-por-la-crecida-del-rio-arga-pero-se-estabiliza-la-situacion\/"},"author":{"name":"La Gu\u00eda de Pamplona","@id":"https:\/\/www.laguiadepamplona.com\/actualidad\/#\/schema\/person\/efe887376f0213d4657c93adc50b1fdb"},"headline":"Pamplona mantiene el nivel de alerta por la crecida del r\u00edo Arga, pero se estabiliza la situaci\u00f3n","datePublished":"2021-12-10T17:22:21+00:00","dateModified":"2023-04-11T09:48:41+00:00","mainEntityOfPage":{"@id":"https:\/\/www.laguiadepamplona.com\/actualidad\/pamplona-mantiene-el-nivel-de-alerta-por-la-crecida-del-rio-arga-pero-se-estabiliza-la-situacion\/"},"wordCount":485,"commentCount":0,"publisher":{"@id":"https:\/\/www.laguiadepamplona.com\/actualidad\/#organization"},"image":{"@id":"https:\/\/www.laguiadepamplona.com\/actualidad\/pamplona-mantiene-el-nivel-de-alerta-por-la-crecida-del-rio-arga-pero-se-estabiliza-la-situacion\/#primaryimage"},"thumbnailUrl":"https:\/\/www.laguiadepamplona.com\/actualidad\/wp-content\/uploads\/2021\/12\/INUNDACIONES_EE5A7531.jpg","articleSection":["Ayto Pamplona"],"inLanguage":"es","potentialAction":[{"@type":"CommentAction","name":"Comment","target":["https:\/\/www.laguiadepamplona.com\/actualidad\/pamplona-mantiene-el-nivel-de-alerta-por-la-crecida-del-rio-arga-pero-se-estabiliza-la-situacion\/#respond"]}]},{"@type":"WebPage","@id":"https:\/\/www.laguiadepamplona.com\/actualidad\/pamplona-mantiene-el-nivel-de-alerta-por-la-crecida-del-rio-arga-pero-se-estabiliza-la-situacion\/","url":"https:\/\/www.laguiadepamplona.com\/actualidad\/pamplona-mantiene-el-nivel-de-alerta-por-la-crecida-del-rio-arga-pero-se-estabiliza-la-situacion\/","name":"Pamplona mantiene el nivel de alerta por la crecida del r\u00edo Arga, pero se estabiliza la situaci\u00f3n","isPartOf":{"@id":"https:\/\/www.laguiadepamplona.com\/actualidad\/#website"},"primaryImageOfPage":{"@id":"https:\/\/www.laguiadepamplona.com\/actualidad\/pamplona-mantiene-el-nivel-de-alerta-por-la-crecida-del-rio-arga-pero-se-estabiliza-la-situacion\/#primaryimage"},"image":{"@id":"https:\/\/www.laguiadepamplona.com\/actualidad\/pamplona-mantiene-el-nivel-de-alerta-por-la-crecida-del-rio-arga-pero-se-estabiliza-la-situacion\/#primaryimage"},"thumbnailUrl":"https:\/\/www.laguiadepamplona.com\/actualidad\/wp-content\/uploads\/2021\/12\/INUNDACIONES_EE5A7531.jpg","datePublished":"2021-12-10T17:22:21+00:00","dateModified":"2023-04-11T09:48:41+00:00","description":"Polic\u00eda Municipal de Pamplona contin\u00faa regulando el tr\u00e1fico en las zonas afectadas y permanecer\u00e1 alerta a la situaci\u00f3n del caudal","breadcrumb":{"@id":"https:\/\/www.laguiadepamplona.com\/actualidad\/pamplona-mantiene-el-nivel-de-alerta-por-la-crecida-del-rio-arga-pero-se-estabiliza-la-situacion\/#breadcrumb"},"inLanguage":"es","potentialAction":[{"@type":"ReadAction","target":["https:\/\/www.laguiadepamplona.com\/actualidad\/pamplona-mantiene-el-nivel-de-alerta-por-la-crecida-del-rio-arga-pero-se-estabiliza-la-situacion\/"]}]},{"@type":"ImageObject","inLanguage":"es","@id":"https:\/\/www.laguiadepamplona.com\/actualidad\/pamplona-mantiene-el-nivel-de-alerta-por-la-crecida-del-rio-arga-pero-se-estabiliza-la-situacion\/#primaryimage","url":"https:\/\/www.laguiadepamplona.com\/actualidad\/wp-content\/uploads\/2021\/12\/INUNDACIONES_EE5A7531.jpg","contentUrl":"https:\/\/www.laguiadepamplona.com\/actualidad\/wp-content\/uploads\/2021\/12\/INUNDACIONES_EE5A7531.jpg","width":1920,"height":1280},{"@type":"BreadcrumbList","@id":"https:\/\/www.laguiadepamplona.com\/actualidad\/pamplona-mantiene-el-nivel-de-alerta-por-la-crecida-del-rio-arga-pero-se-estabiliza-la-situacion\/#breadcrumb","itemListElement":[{"@type":"ListItem","position":1,"name":"Portada","item":"https:\/\/www.laguiadepamplona.com\/actualidad\/"},{"@type":"ListItem","position":2,"name":"Pamplona mantiene el nivel de alerta por la crecida del r\u00edo Arga, pero se estabiliza la situaci\u00f3n"}]},{"@type":"WebSite","@id":"https:\/\/www.laguiadepamplona.com\/actualidad\/#website","url":"https:\/\/www.laguiadepamplona.com\/actualidad\/","name":"La gu\u00eda de Pamplona","description":"Noticias de Pamplona","publisher":{"@id":"https:\/\/www.laguiadepamplona.com\/actualidad\/#organization"},"potentialAction":[{"@type":"SearchAction","target":{"@type":"EntryPoint","urlTemplate":"https:\/\/www.laguiadepamplona.com\/actualidad\/?s={search_term_string}"},"query-input":{"@type":"PropertyValueSpecification","valueRequired":true,"valueName":"search_term_string"}}],"inLanguage":"es"},{"@type":"Organization","@id":"https:\/\/www.laguiadepamplona.com\/actualidad\/#organization","name":"La Gu\u00eda de Pamplona \/ Noticias","url":"https:\/\/www.laguiadepamplona.com\/actualidad\/","logo":{"@type":"ImageObject","inLanguage":"es","@id":"https:\/\/www.laguiadepamplona.com\/actualidad\/#\/schema\/logo\/image\/","url":"https:\/\/www.laguiadepamplona.com\/actualidad\/wp-content\/uploads\/2018\/11\/logo-laguiadepamplona18-web1.png","contentUrl":"https:\/\/www.laguiadepamplona.com\/actualidad\/wp-content\/uploads\/2018\/11\/logo-laguiadepamplona18-web1.png","width":600,"height":196,"caption":"La Gu\u00eda de Pamplona \/ Noticias"},"image":{"@id":"https:\/\/www.laguiadepamplona.com\/actualidad\/#\/schema\/logo\/image\/"},"sameAs":["https:\/\/www.facebook.com\/laguiadepamplonacom-133175176762273\/?ref=hl","https:\/\/x.com\/LaGuiadPamplona","https:\/\/www.instagram.com\/la_guia_de_pamplona\/","https:\/\/www.youtube.com\/user\/laguiadepamplona"]},{"@type":"Person","@id":"https:\/\/www.laguiadepamplona.com\/actualidad\/#\/schema\/person\/efe887376f0213d4657c93adc50b1fdb","name":"La Gu\u00eda de Pamplona","image":{"@type":"ImageObject","inLanguage":"es","@id":"https:\/\/secure.gravatar.com\/avatar\/b6992f131dc8d30ab0dff15446e9d346d9dbd95992de0fef795073f5ea83a81c?s=96&d=mm&r=g","url":"https:\/\/secure.gravatar.com\/avatar\/b6992f131dc8d30ab0dff15446e9d346d9dbd95992de0fef795073f5ea83a81c?s=96&d=mm&r=g","contentUrl":"https:\/\/secure.gravatar.com\/avatar\/b6992f131dc8d30ab0dff15446e9d346d9dbd95992de0fef795073f5ea83a81c?s=96&d=mm&r=g","caption":"La Gu\u00eda de Pamplona"}}]}},"post_mailing_queue_ids":[],"_links":{"self":[{"href":"https:\/\/www.laguiadepamplona.com\/actualidad\/wp-json\/wp\/v2\/posts\/37902","targetHints":{"allow":["GET"]}}],"collection":[{"href":"https:\/\/www.laguiadepamplona.com\/actualidad\/wp-json\/wp\/v2\/posts"}],"about":[{"href":"https:\/\/www.laguiadepamplona.com\/actualidad\/wp-json\/wp\/v2\/types\/post"}],"author":[{"embeddable":true,"href":"https:\/\/www.laguiadepamplona.com\/actualidad\/wp-json\/wp\/v2\/users\/1"}],"replies":[{"embeddable":true,"href":"https:\/\/www.laguiadepamplona.com\/actualidad\/wp-json\/wp\/v2\/comments?post=37902"}],"version-history":[{"count":0,"href":"https:\/\/www.laguiadepamplona.com\/actualidad\/wp-json\/wp\/v2\/posts\/37902\/revisions"}],"wp:featuredmedia":[{"embeddable":true,"href":"https:\/\/www.laguiadepamplona.com\/actualidad\/wp-json\/wp\/v2\/media\/37903"}],"wp:attachment":[{"href":"https:\/\/www.laguiadepamplona.com\/actualidad\/wp-json\/wp\/v2\/media?parent=37902"}],"wp:term":[{"taxonomy":"category","embeddable":true,"href":"https:\/\/www.laguiadepamplona.com\/actualidad\/wp-json\/wp\/v2\/categories?post=37902"},{"taxonomy":"post_tag","embeddable":true,"href":"https:\/\/www.laguiadepamplona.com\/actualidad\/wp-json\/wp\/v2\/tags?post=37902"}],"curies":[{"name":"wp","href":"https:\/\/api.w.org\/{rel}","templated":true}]}}