{"id":37894,"date":"2021-12-10T14:45:45","date_gmt":"2021-12-10T12:45:45","guid":{"rendered":"https:\/\/www.laguiadepamplona.com\/actualidad\/?p=37894"},"modified":"2023-04-11T11:48:41","modified_gmt":"2023-04-11T09:48:41","slug":"el-martes-14-de-diciembre-comenzaran-a-repartirse-los-1-200-vales-de-cine-a-1-euro-de-la-campana-de-navidad-de-la-casa-de-la-juventud","status":"publish","type":"post","link":"https:\/\/www.laguiadepamplona.com\/actualidad\/el-martes-14-de-diciembre-comenzaran-a-repartirse-los-1-200-vales-de-cine-a-1-euro-de-la-campana-de-navidad-de-la-casa-de-la-juventud\/","title":{"rendered":"El martes 14 de diciembre comenzar\u00e1n a repartirse los 1.200 vales de cine a 1 euro de la campa\u00f1a de Navidad de la Casa de la Juventud"},"content":{"rendered":"<h5>Es la 5\u00ba edici\u00f3n navide\u00f1a de esta iniciativa que se realiza en colaboraci\u00f3n con Golem y est\u00e1 destinada a j\u00f3venes empadronados de 14 a 30 a\u00f1os<\/h5>\n<p><!--more--><\/p>\n<p>A partir del martes 14 de diciembre, a las 17 horas, la Casa de la Juventud (calle Sang\u00fcesa, 30) comenzar\u00e1 a repartir los 1.200 vales para sesiones de cine de esta Navidad. Destinados a j\u00f3venes empadronados en Pamplona con edades comprendidas entre los 14 y los 30 a\u00f1os, se podr\u00e1n canjear en las taquillas de los cines Golem de la ciudad (salas de Bayona y Yamaguchi), desde el viernes 17 de diciembre, hasta el domingo 9 de enero, ambos inclusive.<br \/>\n<script async src=\"\/\/pagead2.googlesyndication.com\/pagead\/js\/adsbygoogle.js\"><\/script><br \/>\n<!-- Noticias La Guia de Pamplona --><br \/>\n<ins class=\"adsbygoogle\"\nstyle=\"display:block\"\ndata-ad-client=\"ca-pub-6943679897239327\"\ndata-ad-slot=\"7048180777\"\ndata-ad-format=\"auto\"><\/ins><br \/>\n<script>\n(adsbygoogle = window.adsbygoogle || []).push({});\n<\/script><\/p>\n<p>Cada vale tiene como importe 1 euro y quienes los usen, podr\u00e1n canjearlos para cualquier sesi\u00f3n y pel\u00edcula que se exhiba en la cartelera de ambos multicines, de lunes a domingo, siempre durante el periodo de la promoci\u00f3n. En las taquillas de las salas se controlar\u00e1 que el uso de los vales se lleva a cabo por personas de la franja de edad a la que est\u00e1n destinados. Cada persona podr\u00e1 retirar presencialmente un m\u00e1ximo de dos vales hasta agotar existencias. Excepcionalmente se podr\u00e1n coger invitaciones para otras personas cuando haya causa justificada (convalecencia, trabajo, etc.) presentando el DNI del joven en cuesti\u00f3n. Los vales se atribuir\u00e1n en orden de solicitud hasta agotar existencias.<\/p>\n<p>El a\u00f1o pasado los 1.200 vales disponibles se terminaron en 72 horas. A quienes retiren entradas, se les solicitar\u00e1 que rellenen un breve formulario con sus datos de contacto (nombre, tel\u00e9fono y correo electr\u00f3nico) para que puedan recibir informaci\u00f3n sobre actividades similares organizadas por el Ayuntamiento de Pamplona. Es la quinta edici\u00f3n de esta iniciativa que se organizan en estas fechas de forma ininterrumpida desde 2017.<\/p>\n","protected":false},"excerpt":{"rendered":"<p>Es la 5\u00ba edici\u00f3n navide\u00f1a de esta iniciativa que se realiza en colaboraci\u00f3n con Golem y est\u00e1 destinada a j\u00f3venes empadronados de 14 a 30 a\u00f1os<\/p>\n","protected":false},"author":1,"featured_media":37895,"comment_status":"open","ping_status":"closed","sticky":false,"template":"","format":"standard","meta":{"footnotes":""},"categories":[2],"tags":[],"class_list":["post-37894","post","type-post","status-publish","format-standard","has-post-thumbnail","hentry","category-ayuntamiento-pamplona"],"yoast_head":"<!-- This site is optimized with the Yoast SEO plugin v27.5 - https:\/\/yoast.com\/product\/yoast-seo-wordpress\/ -->\n<title>El martes 14 de diciembre comenzar\u00e1n a repartirse los 1.200 vales de cine a 1 euro de la campa\u00f1a de Navidad de la Casa de la Juventud<\/title>\n<meta name=\"description\" content=\"Es la 5\u00ba edici\u00f3n navide\u00f1a de esta iniciativa que se realiza en colaboraci\u00f3n con Golem y est\u00e1 destinada a j\u00f3venes empadronados de 14 a 30 a\u00f1os\" \/>\n<meta name=\"robots\" content=\"index, follow, max-snippet:-1, max-image-preview:large, max-video-preview:-1\" \/>\n<link rel=\"canonical\" href=\"https:\/\/www.laguiadepamplona.com\/actualidad\/el-martes-14-de-diciembre-comenzaran-a-repartirse-los-1-200-vales-de-cine-a-1-euro-de-la-campana-de-navidad-de-la-casa-de-la-juventud\/\" \/>\n<meta property=\"og:locale\" content=\"es_ES\" \/>\n<meta property=\"og:type\" content=\"article\" \/>\n<meta property=\"og:title\" content=\"El martes 14 de diciembre comenzar\u00e1n a repartirse los 1.200 vales de cine a 1 euro de la campa\u00f1a de Navidad de la Casa de la Juventud\" \/>\n<meta property=\"og:description\" content=\"Es la 5\u00ba edici\u00f3n navide\u00f1a de esta iniciativa que se realiza en colaboraci\u00f3n con Golem y est\u00e1 destinada a j\u00f3venes empadronados de 14 a 30 a\u00f1os\" \/>\n<meta property=\"og:url\" content=\"https:\/\/www.laguiadepamplona.com\/actualidad\/el-martes-14-de-diciembre-comenzaran-a-repartirse-los-1-200-vales-de-cine-a-1-euro-de-la-campana-de-navidad-de-la-casa-de-la-juventud\/\" \/>\n<meta property=\"og:site_name\" content=\"La Gu\u00eda de Pamplona\" \/>\n<meta property=\"article:publisher\" content=\"https:\/\/www.facebook.com\/laguiadepamplonacom-133175176762273\/?ref=hl\" \/>\n<meta property=\"article:published_time\" content=\"2021-12-10T12:45:45+00:00\" \/>\n<meta property=\"article:modified_time\" content=\"2023-04-11T09:48:41+00:00\" \/>\n<meta property=\"og:image\" content=\"https:\/\/www.laguiadepamplona.com\/actualidad\/wp-content\/uploads\/2021\/12\/ticket_cine.jpg\" \/>\n\t<meta property=\"og:image:width\" content=\"366\" \/>\n\t<meta property=\"og:image:height\" content=\"181\" \/>\n\t<meta property=\"og:image:type\" content=\"image\/jpeg\" \/>\n<meta name=\"author\" content=\"La Gu\u00eda de Pamplona\" \/>\n<meta name=\"twitter:card\" content=\"summary_large_image\" \/>\n<meta name=\"twitter:creator\" content=\"@LaGuiadPamplona\" \/>\n<meta name=\"twitter:site\" content=\"@LaGuiadPamplona\" \/>\n<meta name=\"twitter:label1\" content=\"Escrito por\" \/>\n\t<meta name=\"twitter:data1\" content=\"La Gu\u00eda de Pamplona\" \/>\n\t<meta name=\"twitter:label2\" content=\"Tiempo de lectura\" \/>\n\t<meta name=\"twitter:data2\" content=\"2 minutos\" \/>\n<script type=\"application\/ld+json\" class=\"yoast-schema-graph\">{\"@context\":\"https:\\\/\\\/schema.org\",\"@graph\":[{\"@type\":\"Article\",\"@id\":\"https:\\\/\\\/www.laguiadepamplona.com\\\/actualidad\\\/el-martes-14-de-diciembre-comenzaran-a-repartirse-los-1-200-vales-de-cine-a-1-euro-de-la-campana-de-navidad-de-la-casa-de-la-juventud\\\/#article\",\"isPartOf\":{\"@id\":\"https:\\\/\\\/www.laguiadepamplona.com\\\/actualidad\\\/el-martes-14-de-diciembre-comenzaran-a-repartirse-los-1-200-vales-de-cine-a-1-euro-de-la-campana-de-navidad-de-la-casa-de-la-juventud\\\/\"},\"author\":{\"name\":\"La Gu\u00eda de Pamplona\",\"@id\":\"https:\\\/\\\/www.laguiadepamplona.com\\\/actualidad\\\/#\\\/schema\\\/person\\\/efe887376f0213d4657c93adc50b1fdb\"},\"headline\":\"El martes 14 de diciembre comenzar\u00e1n a repartirse los 1.200 vales de cine a 1 euro de la campa\u00f1a de Navidad de la Casa de la Juventud\",\"datePublished\":\"2021-12-10T12:45:45+00:00\",\"dateModified\":\"2023-04-11T09:48:41+00:00\",\"mainEntityOfPage\":{\"@id\":\"https:\\\/\\\/www.laguiadepamplona.com\\\/actualidad\\\/el-martes-14-de-diciembre-comenzaran-a-repartirse-los-1-200-vales-de-cine-a-1-euro-de-la-campana-de-navidad-de-la-casa-de-la-juventud\\\/\"},\"wordCount\":320,\"commentCount\":0,\"publisher\":{\"@id\":\"https:\\\/\\\/www.laguiadepamplona.com\\\/actualidad\\\/#organization\"},\"image\":{\"@id\":\"https:\\\/\\\/www.laguiadepamplona.com\\\/actualidad\\\/el-martes-14-de-diciembre-comenzaran-a-repartirse-los-1-200-vales-de-cine-a-1-euro-de-la-campana-de-navidad-de-la-casa-de-la-juventud\\\/#primaryimage\"},\"thumbnailUrl\":\"https:\\\/\\\/www.laguiadepamplona.com\\\/actualidad\\\/wp-content\\\/uploads\\\/2021\\\/12\\\/ticket_cine.jpg\",\"articleSection\":[\"Ayto Pamplona\"],\"inLanguage\":\"es\",\"potentialAction\":[{\"@type\":\"CommentAction\",\"name\":\"Comment\",\"target\":[\"https:\\\/\\\/www.laguiadepamplona.com\\\/actualidad\\\/el-martes-14-de-diciembre-comenzaran-a-repartirse-los-1-200-vales-de-cine-a-1-euro-de-la-campana-de-navidad-de-la-casa-de-la-juventud\\\/#respond\"]}]},{\"@type\":\"WebPage\",\"@id\":\"https:\\\/\\\/www.laguiadepamplona.com\\\/actualidad\\\/el-martes-14-de-diciembre-comenzaran-a-repartirse-los-1-200-vales-de-cine-a-1-euro-de-la-campana-de-navidad-de-la-casa-de-la-juventud\\\/\",\"url\":\"https:\\\/\\\/www.laguiadepamplona.com\\\/actualidad\\\/el-martes-14-de-diciembre-comenzaran-a-repartirse-los-1-200-vales-de-cine-a-1-euro-de-la-campana-de-navidad-de-la-casa-de-la-juventud\\\/\",\"name\":\"El martes 14 de diciembre comenzar\u00e1n a repartirse los 1.200 vales de cine a 1 euro de la campa\u00f1a de Navidad de la Casa de la Juventud\",\"isPartOf\":{\"@id\":\"https:\\\/\\\/www.laguiadepamplona.com\\\/actualidad\\\/#website\"},\"primaryImageOfPage\":{\"@id\":\"https:\\\/\\\/www.laguiadepamplona.com\\\/actualidad\\\/el-martes-14-de-diciembre-comenzaran-a-repartirse-los-1-200-vales-de-cine-a-1-euro-de-la-campana-de-navidad-de-la-casa-de-la-juventud\\\/#primaryimage\"},\"image\":{\"@id\":\"https:\\\/\\\/www.laguiadepamplona.com\\\/actualidad\\\/el-martes-14-de-diciembre-comenzaran-a-repartirse-los-1-200-vales-de-cine-a-1-euro-de-la-campana-de-navidad-de-la-casa-de-la-juventud\\\/#primaryimage\"},\"thumbnailUrl\":\"https:\\\/\\\/www.laguiadepamplona.com\\\/actualidad\\\/wp-content\\\/uploads\\\/2021\\\/12\\\/ticket_cine.jpg\",\"datePublished\":\"2021-12-10T12:45:45+00:00\",\"dateModified\":\"2023-04-11T09:48:41+00:00\",\"description\":\"Es la 5\u00ba edici\u00f3n navide\u00f1a de esta iniciativa que se realiza en colaboraci\u00f3n con Golem y est\u00e1 destinada a j\u00f3venes empadronados de 14 a 30 a\u00f1os\",\"breadcrumb\":{\"@id\":\"https:\\\/\\\/www.laguiadepamplona.com\\\/actualidad\\\/el-martes-14-de-diciembre-comenzaran-a-repartirse-los-1-200-vales-de-cine-a-1-euro-de-la-campana-de-navidad-de-la-casa-de-la-juventud\\\/#breadcrumb\"},\"inLanguage\":\"es\",\"potentialAction\":[{\"@type\":\"ReadAction\",\"target\":[\"https:\\\/\\\/www.laguiadepamplona.com\\\/actualidad\\\/el-martes-14-de-diciembre-comenzaran-a-repartirse-los-1-200-vales-de-cine-a-1-euro-de-la-campana-de-navidad-de-la-casa-de-la-juventud\\\/\"]}]},{\"@type\":\"ImageObject\",\"inLanguage\":\"es\",\"@id\":\"https:\\\/\\\/www.laguiadepamplona.com\\\/actualidad\\\/el-martes-14-de-diciembre-comenzaran-a-repartirse-los-1-200-vales-de-cine-a-1-euro-de-la-campana-de-navidad-de-la-casa-de-la-juventud\\\/#primaryimage\",\"url\":\"https:\\\/\\\/www.laguiadepamplona.com\\\/actualidad\\\/wp-content\\\/uploads\\\/2021\\\/12\\\/ticket_cine.jpg\",\"contentUrl\":\"https:\\\/\\\/www.laguiadepamplona.com\\\/actualidad\\\/wp-content\\\/uploads\\\/2021\\\/12\\\/ticket_cine.jpg\",\"width\":366,\"height\":181},{\"@type\":\"BreadcrumbList\",\"@id\":\"https:\\\/\\\/www.laguiadepamplona.com\\\/actualidad\\\/el-martes-14-de-diciembre-comenzaran-a-repartirse-los-1-200-vales-de-cine-a-1-euro-de-la-campana-de-navidad-de-la-casa-de-la-juventud\\\/#breadcrumb\",\"itemListElement\":[{\"@type\":\"ListItem\",\"position\":1,\"name\":\"Portada\",\"item\":\"https:\\\/\\\/www.laguiadepamplona.com\\\/actualidad\\\/\"},{\"@type\":\"ListItem\",\"position\":2,\"name\":\"El martes 14 de diciembre comenzar\u00e1n a repartirse los 1.200 vales de cine a 1 euro de la campa\u00f1a de Navidad de la Casa de la Juventud\"}]},{\"@type\":\"WebSite\",\"@id\":\"https:\\\/\\\/www.laguiadepamplona.com\\\/actualidad\\\/#website\",\"url\":\"https:\\\/\\\/www.laguiadepamplona.com\\\/actualidad\\\/\",\"name\":\"La gu\u00eda de Pamplona\",\"description\":\"Noticias de Pamplona\",\"publisher\":{\"@id\":\"https:\\\/\\\/www.laguiadepamplona.com\\\/actualidad\\\/#organization\"},\"potentialAction\":[{\"@type\":\"SearchAction\",\"target\":{\"@type\":\"EntryPoint\",\"urlTemplate\":\"https:\\\/\\\/www.laguiadepamplona.com\\\/actualidad\\\/?s={search_term_string}\"},\"query-input\":{\"@type\":\"PropertyValueSpecification\",\"valueRequired\":true,\"valueName\":\"search_term_string\"}}],\"inLanguage\":\"es\"},{\"@type\":\"Organization\",\"@id\":\"https:\\\/\\\/www.laguiadepamplona.com\\\/actualidad\\\/#organization\",\"name\":\"La Gu\u00eda de Pamplona \\\/ Noticias\",\"url\":\"https:\\\/\\\/www.laguiadepamplona.com\\\/actualidad\\\/\",\"logo\":{\"@type\":\"ImageObject\",\"inLanguage\":\"es\",\"@id\":\"https:\\\/\\\/www.laguiadepamplona.com\\\/actualidad\\\/#\\\/schema\\\/logo\\\/image\\\/\",\"url\":\"https:\\\/\\\/www.laguiadepamplona.com\\\/actualidad\\\/wp-content\\\/uploads\\\/2018\\\/11\\\/logo-laguiadepamplona18-web1.png\",\"contentUrl\":\"https:\\\/\\\/www.laguiadepamplona.com\\\/actualidad\\\/wp-content\\\/uploads\\\/2018\\\/11\\\/logo-laguiadepamplona18-web1.png\",\"width\":600,\"height\":196,\"caption\":\"La Gu\u00eda de Pamplona \\\/ Noticias\"},\"image\":{\"@id\":\"https:\\\/\\\/www.laguiadepamplona.com\\\/actualidad\\\/#\\\/schema\\\/logo\\\/image\\\/\"},\"sameAs\":[\"https:\\\/\\\/www.facebook.com\\\/laguiadepamplonacom-133175176762273\\\/?ref=hl\",\"https:\\\/\\\/x.com\\\/LaGuiadPamplona\",\"https:\\\/\\\/www.instagram.com\\\/la_guia_de_pamplona\\\/\",\"https:\\\/\\\/www.youtube.com\\\/user\\\/laguiadepamplona\"]},{\"@type\":\"Person\",\"@id\":\"https:\\\/\\\/www.laguiadepamplona.com\\\/actualidad\\\/#\\\/schema\\\/person\\\/efe887376f0213d4657c93adc50b1fdb\",\"name\":\"La Gu\u00eda de Pamplona\",\"image\":{\"@type\":\"ImageObject\",\"inLanguage\":\"es\",\"@id\":\"https:\\\/\\\/secure.gravatar.com\\\/avatar\\\/b6992f131dc8d30ab0dff15446e9d346d9dbd95992de0fef795073f5ea83a81c?s=96&d=mm&r=g\",\"url\":\"https:\\\/\\\/secure.gravatar.com\\\/avatar\\\/b6992f131dc8d30ab0dff15446e9d346d9dbd95992de0fef795073f5ea83a81c?s=96&d=mm&r=g\",\"contentUrl\":\"https:\\\/\\\/secure.gravatar.com\\\/avatar\\\/b6992f131dc8d30ab0dff15446e9d346d9dbd95992de0fef795073f5ea83a81c?s=96&d=mm&r=g\",\"caption\":\"La Gu\u00eda de Pamplona\"}}]}<\/script>\n<!-- \/ Yoast SEO plugin. -->","yoast_head_json":{"title":"El martes 14 de diciembre comenzar\u00e1n a repartirse los 1.200 vales de cine a 1 euro de la campa\u00f1a de Navidad de la Casa de la Juventud","description":"Es la 5\u00ba edici\u00f3n navide\u00f1a de esta iniciativa que se realiza en colaboraci\u00f3n con Golem y est\u00e1 destinada a j\u00f3venes empadronados de 14 a 30 a\u00f1os","robots":{"index":"index","follow":"follow","max-snippet":"max-snippet:-1","max-image-preview":"max-image-preview:large","max-video-preview":"max-video-preview:-1"},"canonical":"https:\/\/www.laguiadepamplona.com\/actualidad\/el-martes-14-de-diciembre-comenzaran-a-repartirse-los-1-200-vales-de-cine-a-1-euro-de-la-campana-de-navidad-de-la-casa-de-la-juventud\/","og_locale":"es_ES","og_type":"article","og_title":"El martes 14 de diciembre comenzar\u00e1n a repartirse los 1.200 vales de cine a 1 euro de la campa\u00f1a de Navidad de la Casa de la Juventud","og_description":"Es la 5\u00ba edici\u00f3n navide\u00f1a de esta iniciativa que se realiza en colaboraci\u00f3n con Golem y est\u00e1 destinada a j\u00f3venes empadronados de 14 a 30 a\u00f1os","og_url":"https:\/\/www.laguiadepamplona.com\/actualidad\/el-martes-14-de-diciembre-comenzaran-a-repartirse-los-1-200-vales-de-cine-a-1-euro-de-la-campana-de-navidad-de-la-casa-de-la-juventud\/","og_site_name":"La Gu\u00eda de Pamplona","article_publisher":"https:\/\/www.facebook.com\/laguiadepamplonacom-133175176762273\/?ref=hl","article_published_time":"2021-12-10T12:45:45+00:00","article_modified_time":"2023-04-11T09:48:41+00:00","og_image":[{"width":366,"height":181,"url":"https:\/\/www.laguiadepamplona.com\/actualidad\/wp-content\/uploads\/2021\/12\/ticket_cine.jpg","type":"image\/jpeg"}],"author":"La Gu\u00eda de Pamplona","twitter_card":"summary_large_image","twitter_creator":"@LaGuiadPamplona","twitter_site":"@LaGuiadPamplona","twitter_misc":{"Escrito por":"La Gu\u00eda de Pamplona","Tiempo de lectura":"2 minutos"},"schema":{"@context":"https:\/\/schema.org","@graph":[{"@type":"Article","@id":"https:\/\/www.laguiadepamplona.com\/actualidad\/el-martes-14-de-diciembre-comenzaran-a-repartirse-los-1-200-vales-de-cine-a-1-euro-de-la-campana-de-navidad-de-la-casa-de-la-juventud\/#article","isPartOf":{"@id":"https:\/\/www.laguiadepamplona.com\/actualidad\/el-martes-14-de-diciembre-comenzaran-a-repartirse-los-1-200-vales-de-cine-a-1-euro-de-la-campana-de-navidad-de-la-casa-de-la-juventud\/"},"author":{"name":"La Gu\u00eda de Pamplona","@id":"https:\/\/www.laguiadepamplona.com\/actualidad\/#\/schema\/person\/efe887376f0213d4657c93adc50b1fdb"},"headline":"El martes 14 de diciembre comenzar\u00e1n a repartirse los 1.200 vales de cine a 1 euro de la campa\u00f1a de Navidad de la Casa de la Juventud","datePublished":"2021-12-10T12:45:45+00:00","dateModified":"2023-04-11T09:48:41+00:00","mainEntityOfPage":{"@id":"https:\/\/www.laguiadepamplona.com\/actualidad\/el-martes-14-de-diciembre-comenzaran-a-repartirse-los-1-200-vales-de-cine-a-1-euro-de-la-campana-de-navidad-de-la-casa-de-la-juventud\/"},"wordCount":320,"commentCount":0,"publisher":{"@id":"https:\/\/www.laguiadepamplona.com\/actualidad\/#organization"},"image":{"@id":"https:\/\/www.laguiadepamplona.com\/actualidad\/el-martes-14-de-diciembre-comenzaran-a-repartirse-los-1-200-vales-de-cine-a-1-euro-de-la-campana-de-navidad-de-la-casa-de-la-juventud\/#primaryimage"},"thumbnailUrl":"https:\/\/www.laguiadepamplona.com\/actualidad\/wp-content\/uploads\/2021\/12\/ticket_cine.jpg","articleSection":["Ayto Pamplona"],"inLanguage":"es","potentialAction":[{"@type":"CommentAction","name":"Comment","target":["https:\/\/www.laguiadepamplona.com\/actualidad\/el-martes-14-de-diciembre-comenzaran-a-repartirse-los-1-200-vales-de-cine-a-1-euro-de-la-campana-de-navidad-de-la-casa-de-la-juventud\/#respond"]}]},{"@type":"WebPage","@id":"https:\/\/www.laguiadepamplona.com\/actualidad\/el-martes-14-de-diciembre-comenzaran-a-repartirse-los-1-200-vales-de-cine-a-1-euro-de-la-campana-de-navidad-de-la-casa-de-la-juventud\/","url":"https:\/\/www.laguiadepamplona.com\/actualidad\/el-martes-14-de-diciembre-comenzaran-a-repartirse-los-1-200-vales-de-cine-a-1-euro-de-la-campana-de-navidad-de-la-casa-de-la-juventud\/","name":"El martes 14 de diciembre comenzar\u00e1n a repartirse los 1.200 vales de cine a 1 euro de la campa\u00f1a de Navidad de la Casa de la Juventud","isPartOf":{"@id":"https:\/\/www.laguiadepamplona.com\/actualidad\/#website"},"primaryImageOfPage":{"@id":"https:\/\/www.laguiadepamplona.com\/actualidad\/el-martes-14-de-diciembre-comenzaran-a-repartirse-los-1-200-vales-de-cine-a-1-euro-de-la-campana-de-navidad-de-la-casa-de-la-juventud\/#primaryimage"},"image":{"@id":"https:\/\/www.laguiadepamplona.com\/actualidad\/el-martes-14-de-diciembre-comenzaran-a-repartirse-los-1-200-vales-de-cine-a-1-euro-de-la-campana-de-navidad-de-la-casa-de-la-juventud\/#primaryimage"},"thumbnailUrl":"https:\/\/www.laguiadepamplona.com\/actualidad\/wp-content\/uploads\/2021\/12\/ticket_cine.jpg","datePublished":"2021-12-10T12:45:45+00:00","dateModified":"2023-04-11T09:48:41+00:00","description":"Es la 5\u00ba edici\u00f3n navide\u00f1a de esta iniciativa que se realiza en colaboraci\u00f3n con Golem y est\u00e1 destinada a j\u00f3venes empadronados de 14 a 30 a\u00f1os","breadcrumb":{"@id":"https:\/\/www.laguiadepamplona.com\/actualidad\/el-martes-14-de-diciembre-comenzaran-a-repartirse-los-1-200-vales-de-cine-a-1-euro-de-la-campana-de-navidad-de-la-casa-de-la-juventud\/#breadcrumb"},"inLanguage":"es","potentialAction":[{"@type":"ReadAction","target":["https:\/\/www.laguiadepamplona.com\/actualidad\/el-martes-14-de-diciembre-comenzaran-a-repartirse-los-1-200-vales-de-cine-a-1-euro-de-la-campana-de-navidad-de-la-casa-de-la-juventud\/"]}]},{"@type":"ImageObject","inLanguage":"es","@id":"https:\/\/www.laguiadepamplona.com\/actualidad\/el-martes-14-de-diciembre-comenzaran-a-repartirse-los-1-200-vales-de-cine-a-1-euro-de-la-campana-de-navidad-de-la-casa-de-la-juventud\/#primaryimage","url":"https:\/\/www.laguiadepamplona.com\/actualidad\/wp-content\/uploads\/2021\/12\/ticket_cine.jpg","contentUrl":"https:\/\/www.laguiadepamplona.com\/actualidad\/wp-content\/uploads\/2021\/12\/ticket_cine.jpg","width":366,"height":181},{"@type":"BreadcrumbList","@id":"https:\/\/www.laguiadepamplona.com\/actualidad\/el-martes-14-de-diciembre-comenzaran-a-repartirse-los-1-200-vales-de-cine-a-1-euro-de-la-campana-de-navidad-de-la-casa-de-la-juventud\/#breadcrumb","itemListElement":[{"@type":"ListItem","position":1,"name":"Portada","item":"https:\/\/www.laguiadepamplona.com\/actualidad\/"},{"@type":"ListItem","position":2,"name":"El martes 14 de diciembre comenzar\u00e1n a repartirse los 1.200 vales de cine a 1 euro de la campa\u00f1a de Navidad de la Casa de la Juventud"}]},{"@type":"WebSite","@id":"https:\/\/www.laguiadepamplona.com\/actualidad\/#website","url":"https:\/\/www.laguiadepamplona.com\/actualidad\/","name":"La gu\u00eda de Pamplona","description":"Noticias de Pamplona","publisher":{"@id":"https:\/\/www.laguiadepamplona.com\/actualidad\/#organization"},"potentialAction":[{"@type":"SearchAction","target":{"@type":"EntryPoint","urlTemplate":"https:\/\/www.laguiadepamplona.com\/actualidad\/?s={search_term_string}"},"query-input":{"@type":"PropertyValueSpecification","valueRequired":true,"valueName":"search_term_string"}}],"inLanguage":"es"},{"@type":"Organization","@id":"https:\/\/www.laguiadepamplona.com\/actualidad\/#organization","name":"La Gu\u00eda de Pamplona \/ Noticias","url":"https:\/\/www.laguiadepamplona.com\/actualidad\/","logo":{"@type":"ImageObject","inLanguage":"es","@id":"https:\/\/www.laguiadepamplona.com\/actualidad\/#\/schema\/logo\/image\/","url":"https:\/\/www.laguiadepamplona.com\/actualidad\/wp-content\/uploads\/2018\/11\/logo-laguiadepamplona18-web1.png","contentUrl":"https:\/\/www.laguiadepamplona.com\/actualidad\/wp-content\/uploads\/2018\/11\/logo-laguiadepamplona18-web1.png","width":600,"height":196,"caption":"La Gu\u00eda de Pamplona \/ Noticias"},"image":{"@id":"https:\/\/www.laguiadepamplona.com\/actualidad\/#\/schema\/logo\/image\/"},"sameAs":["https:\/\/www.facebook.com\/laguiadepamplonacom-133175176762273\/?ref=hl","https:\/\/x.com\/LaGuiadPamplona","https:\/\/www.instagram.com\/la_guia_de_pamplona\/","https:\/\/www.youtube.com\/user\/laguiadepamplona"]},{"@type":"Person","@id":"https:\/\/www.laguiadepamplona.com\/actualidad\/#\/schema\/person\/efe887376f0213d4657c93adc50b1fdb","name":"La Gu\u00eda de Pamplona","image":{"@type":"ImageObject","inLanguage":"es","@id":"https:\/\/secure.gravatar.com\/avatar\/b6992f131dc8d30ab0dff15446e9d346d9dbd95992de0fef795073f5ea83a81c?s=96&d=mm&r=g","url":"https:\/\/secure.gravatar.com\/avatar\/b6992f131dc8d30ab0dff15446e9d346d9dbd95992de0fef795073f5ea83a81c?s=96&d=mm&r=g","contentUrl":"https:\/\/secure.gravatar.com\/avatar\/b6992f131dc8d30ab0dff15446e9d346d9dbd95992de0fef795073f5ea83a81c?s=96&d=mm&r=g","caption":"La Gu\u00eda de Pamplona"}}]}},"post_mailing_queue_ids":[],"_links":{"self":[{"href":"https:\/\/www.laguiadepamplona.com\/actualidad\/wp-json\/wp\/v2\/posts\/37894","targetHints":{"allow":["GET"]}}],"collection":[{"href":"https:\/\/www.laguiadepamplona.com\/actualidad\/wp-json\/wp\/v2\/posts"}],"about":[{"href":"https:\/\/www.laguiadepamplona.com\/actualidad\/wp-json\/wp\/v2\/types\/post"}],"author":[{"embeddable":true,"href":"https:\/\/www.laguiadepamplona.com\/actualidad\/wp-json\/wp\/v2\/users\/1"}],"replies":[{"embeddable":true,"href":"https:\/\/www.laguiadepamplona.com\/actualidad\/wp-json\/wp\/v2\/comments?post=37894"}],"version-history":[{"count":0,"href":"https:\/\/www.laguiadepamplona.com\/actualidad\/wp-json\/wp\/v2\/posts\/37894\/revisions"}],"wp:featuredmedia":[{"embeddable":true,"href":"https:\/\/www.laguiadepamplona.com\/actualidad\/wp-json\/wp\/v2\/media\/37895"}],"wp:attachment":[{"href":"https:\/\/www.laguiadepamplona.com\/actualidad\/wp-json\/wp\/v2\/media?parent=37894"}],"wp:term":[{"taxonomy":"category","embeddable":true,"href":"https:\/\/www.laguiadepamplona.com\/actualidad\/wp-json\/wp\/v2\/categories?post=37894"},{"taxonomy":"post_tag","embeddable":true,"href":"https:\/\/www.laguiadepamplona.com\/actualidad\/wp-json\/wp\/v2\/tags?post=37894"}],"curies":[{"name":"wp","href":"https:\/\/api.w.org\/{rel}","templated":true}]}}