{"id":37887,"date":"2021-12-10T14:41:53","date_gmt":"2021-12-10T12:41:53","guid":{"rendered":"https:\/\/www.laguiadepamplona.com\/actualidad\/?p=37887"},"modified":"2023-04-11T11:48:42","modified_gmt":"2023-04-11T09:48:42","slug":"la-casa-consistorial-recibe-a-medio-centenar-de-estudiantes-y-profesores-pamploneses-que-han-sido-nombrados-embajadores-de-un-programa-del-parlamento-europeo","status":"publish","type":"post","link":"https:\/\/www.laguiadepamplona.com\/actualidad\/la-casa-consistorial-recibe-a-medio-centenar-de-estudiantes-y-profesores-pamploneses-que-han-sido-nombrados-embajadores-de-un-programa-del-parlamento-europeo\/","title":{"rendered":"La Casa Consistorial recibe a medio centenar de estudiantes y profesores pamploneses que han sido nombrados embajadores de un programa del Parlamento Europeo"},"content":{"rendered":"<p><!--more--><\/p>\n<p>La Teniente Alcalde del Ayuntamiento de Pamplona, Ana Elizalde, ha recibido esta ma\u00f1ana en la Casa Consistorial a siete profesores y cuarenta alumnos de segundo de bachillerato del IES Plaza de la Cruz, que han sido nombrados embajadores senior y junior del programa de Escuelas Embajadoras del Parlamento Europeo. El acto coincide con la conmemoraci\u00f3n del D\u00eda Internacional de los derechos Humanos, que como cada a\u00f1o se celebra hoy, 10 de diciembre.<br \/>\n<script async src=\"\/\/pagead2.googlesyndication.com\/pagead\/js\/adsbygoogle.js\"><\/script><br \/>\n<!-- Noticias La Guia de Pamplona --><br \/>\n<ins class=\"adsbygoogle\"\nstyle=\"display:block\"\ndata-ad-client=\"ca-pub-6943679897239327\"\ndata-ad-slot=\"7048180777\"\ndata-ad-format=\"auto\"><\/ins><br \/>\n<script>\n(adsbygoogle = window.adsbygoogle || []).push({});\n<\/script><\/p>\n<p>En un acto que se ha llevado a cabo en el Sal\u00f3n de Recepciones de la Casa Consistorial, y a petici\u00f3n del centro educativo, ha sido la propia Teniente Alcalde, Ana Elizalde, quien ha hecho entrega a alumnos y profesores de los diplomas que les acreditan como nuevos embajadores europeos. Se trata de un reconocimiento al trabajo que realizaron durante el pasado curso escolar para difundir el conocimiento de las instituciones europeas, prestando especial atenci\u00f3n a las pol\u00edticas para los j\u00f3venes. Para ello, pusieron en marcha diversas actividades, como charlas con europarlamentarios, debates o puntos de informaci\u00f3n y webs sobre la Uni\u00f3n Europea, que les permitieron profundizar en el funcionamiento de la democracia parlamentaria europea.<\/p>\n<p>El acto se celebra este viernes 10 de diciembre coincidiendo con la conmemoraci\u00f3n del D\u00eda de los Derechos Humanos, d\u00eda en que, en 1948, la Asamblea General de las Naciones Unidas adopt\u00f3 la\u00a0<a href=\"https:\/\/www.un.org\/es\/observances\/human-rights-day\/know-your-rights\" target=\"_blank\" rel=\"noopener\">Declaraci\u00f3n Universal de Derechos Humanos<\/a>. Se trata de un documento hist\u00f3rico que proclama los derechos inalienables que corresponden a toda persona como ser humano, independientemente de su raza, color, religi\u00f3n, sexo, idioma, opini\u00f3n pol\u00edtica o de otra \u00edndole, origen nacional o social, posici\u00f3n econ\u00f3mica, nacimiento o cualquier otra condici\u00f3n. Est\u00e1 disponible en m\u00e1s de 500 lenguas y es el documento que m\u00e1s se ha traducido en todo el mundo.<\/p>\n","protected":false},"excerpt":{"rendered":"","protected":false},"author":1,"featured_media":37888,"comment_status":"open","ping_status":"closed","sticky":false,"template":"","format":"standard","meta":{"footnotes":""},"categories":[2],"tags":[],"class_list":["post-37887","post","type-post","status-publish","format-standard","has-post-thumbnail","hentry","category-ayuntamiento-pamplona"],"yoast_head":"<!-- This site is optimized with the Yoast SEO plugin v27.5 - https:\/\/yoast.com\/product\/yoast-seo-wordpress\/ -->\n<title>La Casa Consistorial recibe a medio centenar de estudiantes y profesores pamploneses que han sido nombrados embajadores de un programa del Parlamento Europeo<\/title>\n<meta name=\"description\" content=\"El acto coincide con la conmemoraci\u00f3n del D\u00eda Internacional de los derechos Humanos, que como cada a\u00f1o se celebra hoy, 10 de diciembre.\" \/>\n<meta name=\"robots\" content=\"index, follow, max-snippet:-1, max-image-preview:large, max-video-preview:-1\" \/>\n<link rel=\"canonical\" href=\"https:\/\/www.laguiadepamplona.com\/actualidad\/la-casa-consistorial-recibe-a-medio-centenar-de-estudiantes-y-profesores-pamploneses-que-han-sido-nombrados-embajadores-de-un-programa-del-parlamento-europeo\/\" \/>\n<meta property=\"og:locale\" content=\"es_ES\" \/>\n<meta property=\"og:type\" content=\"article\" \/>\n<meta property=\"og:title\" content=\"La Casa Consistorial recibe a medio centenar de estudiantes y profesores pamploneses que han sido nombrados embajadores de un programa del Parlamento Europeo\" \/>\n<meta property=\"og:description\" content=\"El acto coincide con la conmemoraci\u00f3n del D\u00eda Internacional de los derechos Humanos, que como cada a\u00f1o se celebra hoy, 10 de diciembre.\" \/>\n<meta property=\"og:url\" content=\"https:\/\/www.laguiadepamplona.com\/actualidad\/la-casa-consistorial-recibe-a-medio-centenar-de-estudiantes-y-profesores-pamploneses-que-han-sido-nombrados-embajadores-de-un-programa-del-parlamento-europeo\/\" \/>\n<meta property=\"og:site_name\" content=\"La Gu\u00eda de Pamplona\" \/>\n<meta property=\"article:publisher\" content=\"https:\/\/www.facebook.com\/laguiadepamplonacom-133175176762273\/?ref=hl\" \/>\n<meta property=\"article:published_time\" content=\"2021-12-10T12:41:53+00:00\" \/>\n<meta property=\"article:modified_time\" content=\"2023-04-11T09:48:42+00:00\" \/>\n<meta property=\"og:image\" content=\"https:\/\/www.laguiadepamplona.com\/actualidad\/wp-content\/uploads\/2021\/12\/diainterderechhumanosee5a7576_0.jpg.jpg\" \/>\n\t<meta property=\"og:image:width\" content=\"1920\" \/>\n\t<meta property=\"og:image:height\" content=\"1280\" \/>\n\t<meta property=\"og:image:type\" content=\"image\/jpeg\" \/>\n<meta name=\"author\" content=\"La Gu\u00eda de Pamplona\" \/>\n<meta name=\"twitter:card\" content=\"summary_large_image\" \/>\n<meta name=\"twitter:creator\" content=\"@LaGuiadPamplona\" \/>\n<meta name=\"twitter:site\" content=\"@LaGuiadPamplona\" \/>\n<meta name=\"twitter:label1\" content=\"Escrito por\" \/>\n\t<meta name=\"twitter:data1\" content=\"La Gu\u00eda de Pamplona\" \/>\n\t<meta name=\"twitter:label2\" content=\"Tiempo de lectura\" \/>\n\t<meta name=\"twitter:data2\" content=\"2 minutos\" \/>\n<script type=\"application\/ld+json\" class=\"yoast-schema-graph\">{\"@context\":\"https:\\\/\\\/schema.org\",\"@graph\":[{\"@type\":\"Article\",\"@id\":\"https:\\\/\\\/www.laguiadepamplona.com\\\/actualidad\\\/la-casa-consistorial-recibe-a-medio-centenar-de-estudiantes-y-profesores-pamploneses-que-han-sido-nombrados-embajadores-de-un-programa-del-parlamento-europeo\\\/#article\",\"isPartOf\":{\"@id\":\"https:\\\/\\\/www.laguiadepamplona.com\\\/actualidad\\\/la-casa-consistorial-recibe-a-medio-centenar-de-estudiantes-y-profesores-pamploneses-que-han-sido-nombrados-embajadores-de-un-programa-del-parlamento-europeo\\\/\"},\"author\":{\"name\":\"La Gu\u00eda de Pamplona\",\"@id\":\"https:\\\/\\\/www.laguiadepamplona.com\\\/actualidad\\\/#\\\/schema\\\/person\\\/efe887376f0213d4657c93adc50b1fdb\"},\"headline\":\"La Casa Consistorial recibe a medio centenar de estudiantes y profesores pamploneses que han sido nombrados embajadores de un programa del Parlamento Europeo\",\"datePublished\":\"2021-12-10T12:41:53+00:00\",\"dateModified\":\"2023-04-11T09:48:42+00:00\",\"mainEntityOfPage\":{\"@id\":\"https:\\\/\\\/www.laguiadepamplona.com\\\/actualidad\\\/la-casa-consistorial-recibe-a-medio-centenar-de-estudiantes-y-profesores-pamploneses-que-han-sido-nombrados-embajadores-de-un-programa-del-parlamento-europeo\\\/\"},\"wordCount\":332,\"commentCount\":0,\"publisher\":{\"@id\":\"https:\\\/\\\/www.laguiadepamplona.com\\\/actualidad\\\/#organization\"},\"image\":{\"@id\":\"https:\\\/\\\/www.laguiadepamplona.com\\\/actualidad\\\/la-casa-consistorial-recibe-a-medio-centenar-de-estudiantes-y-profesores-pamploneses-que-han-sido-nombrados-embajadores-de-un-programa-del-parlamento-europeo\\\/#primaryimage\"},\"thumbnailUrl\":\"https:\\\/\\\/www.laguiadepamplona.com\\\/actualidad\\\/wp-content\\\/uploads\\\/2021\\\/12\\\/diainterderechhumanosee5a7576_0.jpg.jpg\",\"articleSection\":[\"Ayto Pamplona\"],\"inLanguage\":\"es\",\"potentialAction\":[{\"@type\":\"CommentAction\",\"name\":\"Comment\",\"target\":[\"https:\\\/\\\/www.laguiadepamplona.com\\\/actualidad\\\/la-casa-consistorial-recibe-a-medio-centenar-de-estudiantes-y-profesores-pamploneses-que-han-sido-nombrados-embajadores-de-un-programa-del-parlamento-europeo\\\/#respond\"]}]},{\"@type\":\"WebPage\",\"@id\":\"https:\\\/\\\/www.laguiadepamplona.com\\\/actualidad\\\/la-casa-consistorial-recibe-a-medio-centenar-de-estudiantes-y-profesores-pamploneses-que-han-sido-nombrados-embajadores-de-un-programa-del-parlamento-europeo\\\/\",\"url\":\"https:\\\/\\\/www.laguiadepamplona.com\\\/actualidad\\\/la-casa-consistorial-recibe-a-medio-centenar-de-estudiantes-y-profesores-pamploneses-que-han-sido-nombrados-embajadores-de-un-programa-del-parlamento-europeo\\\/\",\"name\":\"La Casa Consistorial recibe a medio centenar de estudiantes y profesores pamploneses que han sido nombrados embajadores de un programa del Parlamento Europeo\",\"isPartOf\":{\"@id\":\"https:\\\/\\\/www.laguiadepamplona.com\\\/actualidad\\\/#website\"},\"primaryImageOfPage\":{\"@id\":\"https:\\\/\\\/www.laguiadepamplona.com\\\/actualidad\\\/la-casa-consistorial-recibe-a-medio-centenar-de-estudiantes-y-profesores-pamploneses-que-han-sido-nombrados-embajadores-de-un-programa-del-parlamento-europeo\\\/#primaryimage\"},\"image\":{\"@id\":\"https:\\\/\\\/www.laguiadepamplona.com\\\/actualidad\\\/la-casa-consistorial-recibe-a-medio-centenar-de-estudiantes-y-profesores-pamploneses-que-han-sido-nombrados-embajadores-de-un-programa-del-parlamento-europeo\\\/#primaryimage\"},\"thumbnailUrl\":\"https:\\\/\\\/www.laguiadepamplona.com\\\/actualidad\\\/wp-content\\\/uploads\\\/2021\\\/12\\\/diainterderechhumanosee5a7576_0.jpg.jpg\",\"datePublished\":\"2021-12-10T12:41:53+00:00\",\"dateModified\":\"2023-04-11T09:48:42+00:00\",\"description\":\"El acto coincide con la conmemoraci\u00f3n del D\u00eda Internacional de los derechos Humanos, que como cada a\u00f1o se celebra hoy, 10 de diciembre.\",\"breadcrumb\":{\"@id\":\"https:\\\/\\\/www.laguiadepamplona.com\\\/actualidad\\\/la-casa-consistorial-recibe-a-medio-centenar-de-estudiantes-y-profesores-pamploneses-que-han-sido-nombrados-embajadores-de-un-programa-del-parlamento-europeo\\\/#breadcrumb\"},\"inLanguage\":\"es\",\"potentialAction\":[{\"@type\":\"ReadAction\",\"target\":[\"https:\\\/\\\/www.laguiadepamplona.com\\\/actualidad\\\/la-casa-consistorial-recibe-a-medio-centenar-de-estudiantes-y-profesores-pamploneses-que-han-sido-nombrados-embajadores-de-un-programa-del-parlamento-europeo\\\/\"]}]},{\"@type\":\"ImageObject\",\"inLanguage\":\"es\",\"@id\":\"https:\\\/\\\/www.laguiadepamplona.com\\\/actualidad\\\/la-casa-consistorial-recibe-a-medio-centenar-de-estudiantes-y-profesores-pamploneses-que-han-sido-nombrados-embajadores-de-un-programa-del-parlamento-europeo\\\/#primaryimage\",\"url\":\"https:\\\/\\\/www.laguiadepamplona.com\\\/actualidad\\\/wp-content\\\/uploads\\\/2021\\\/12\\\/diainterderechhumanosee5a7576_0.jpg.jpg\",\"contentUrl\":\"https:\\\/\\\/www.laguiadepamplona.com\\\/actualidad\\\/wp-content\\\/uploads\\\/2021\\\/12\\\/diainterderechhumanosee5a7576_0.jpg.jpg\",\"width\":1920,\"height\":1280},{\"@type\":\"BreadcrumbList\",\"@id\":\"https:\\\/\\\/www.laguiadepamplona.com\\\/actualidad\\\/la-casa-consistorial-recibe-a-medio-centenar-de-estudiantes-y-profesores-pamploneses-que-han-sido-nombrados-embajadores-de-un-programa-del-parlamento-europeo\\\/#breadcrumb\",\"itemListElement\":[{\"@type\":\"ListItem\",\"position\":1,\"name\":\"Portada\",\"item\":\"https:\\\/\\\/www.laguiadepamplona.com\\\/actualidad\\\/\"},{\"@type\":\"ListItem\",\"position\":2,\"name\":\"La Casa Consistorial recibe a medio centenar de estudiantes y profesores pamploneses que han sido nombrados embajadores de un programa del Parlamento Europeo\"}]},{\"@type\":\"WebSite\",\"@id\":\"https:\\\/\\\/www.laguiadepamplona.com\\\/actualidad\\\/#website\",\"url\":\"https:\\\/\\\/www.laguiadepamplona.com\\\/actualidad\\\/\",\"name\":\"La gu\u00eda de Pamplona\",\"description\":\"Noticias de Pamplona\",\"publisher\":{\"@id\":\"https:\\\/\\\/www.laguiadepamplona.com\\\/actualidad\\\/#organization\"},\"potentialAction\":[{\"@type\":\"SearchAction\",\"target\":{\"@type\":\"EntryPoint\",\"urlTemplate\":\"https:\\\/\\\/www.laguiadepamplona.com\\\/actualidad\\\/?s={search_term_string}\"},\"query-input\":{\"@type\":\"PropertyValueSpecification\",\"valueRequired\":true,\"valueName\":\"search_term_string\"}}],\"inLanguage\":\"es\"},{\"@type\":\"Organization\",\"@id\":\"https:\\\/\\\/www.laguiadepamplona.com\\\/actualidad\\\/#organization\",\"name\":\"La Gu\u00eda de Pamplona \\\/ Noticias\",\"url\":\"https:\\\/\\\/www.laguiadepamplona.com\\\/actualidad\\\/\",\"logo\":{\"@type\":\"ImageObject\",\"inLanguage\":\"es\",\"@id\":\"https:\\\/\\\/www.laguiadepamplona.com\\\/actualidad\\\/#\\\/schema\\\/logo\\\/image\\\/\",\"url\":\"https:\\\/\\\/www.laguiadepamplona.com\\\/actualidad\\\/wp-content\\\/uploads\\\/2018\\\/11\\\/logo-laguiadepamplona18-web1.png\",\"contentUrl\":\"https:\\\/\\\/www.laguiadepamplona.com\\\/actualidad\\\/wp-content\\\/uploads\\\/2018\\\/11\\\/logo-laguiadepamplona18-web1.png\",\"width\":600,\"height\":196,\"caption\":\"La Gu\u00eda de Pamplona \\\/ Noticias\"},\"image\":{\"@id\":\"https:\\\/\\\/www.laguiadepamplona.com\\\/actualidad\\\/#\\\/schema\\\/logo\\\/image\\\/\"},\"sameAs\":[\"https:\\\/\\\/www.facebook.com\\\/laguiadepamplonacom-133175176762273\\\/?ref=hl\",\"https:\\\/\\\/x.com\\\/LaGuiadPamplona\",\"https:\\\/\\\/www.instagram.com\\\/la_guia_de_pamplona\\\/\",\"https:\\\/\\\/www.youtube.com\\\/user\\\/laguiadepamplona\"]},{\"@type\":\"Person\",\"@id\":\"https:\\\/\\\/www.laguiadepamplona.com\\\/actualidad\\\/#\\\/schema\\\/person\\\/efe887376f0213d4657c93adc50b1fdb\",\"name\":\"La Gu\u00eda de Pamplona\",\"image\":{\"@type\":\"ImageObject\",\"inLanguage\":\"es\",\"@id\":\"https:\\\/\\\/secure.gravatar.com\\\/avatar\\\/b6992f131dc8d30ab0dff15446e9d346d9dbd95992de0fef795073f5ea83a81c?s=96&d=mm&r=g\",\"url\":\"https:\\\/\\\/secure.gravatar.com\\\/avatar\\\/b6992f131dc8d30ab0dff15446e9d346d9dbd95992de0fef795073f5ea83a81c?s=96&d=mm&r=g\",\"contentUrl\":\"https:\\\/\\\/secure.gravatar.com\\\/avatar\\\/b6992f131dc8d30ab0dff15446e9d346d9dbd95992de0fef795073f5ea83a81c?s=96&d=mm&r=g\",\"caption\":\"La Gu\u00eda de Pamplona\"}}]}<\/script>\n<!-- \/ Yoast SEO plugin. -->","yoast_head_json":{"title":"La Casa Consistorial recibe a medio centenar de estudiantes y profesores pamploneses que han sido nombrados embajadores de un programa del Parlamento Europeo","description":"El acto coincide con la conmemoraci\u00f3n del D\u00eda Internacional de los derechos Humanos, que como cada a\u00f1o se celebra hoy, 10 de diciembre.","robots":{"index":"index","follow":"follow","max-snippet":"max-snippet:-1","max-image-preview":"max-image-preview:large","max-video-preview":"max-video-preview:-1"},"canonical":"https:\/\/www.laguiadepamplona.com\/actualidad\/la-casa-consistorial-recibe-a-medio-centenar-de-estudiantes-y-profesores-pamploneses-que-han-sido-nombrados-embajadores-de-un-programa-del-parlamento-europeo\/","og_locale":"es_ES","og_type":"article","og_title":"La Casa Consistorial recibe a medio centenar de estudiantes y profesores pamploneses que han sido nombrados embajadores de un programa del Parlamento Europeo","og_description":"El acto coincide con la conmemoraci\u00f3n del D\u00eda Internacional de los derechos Humanos, que como cada a\u00f1o se celebra hoy, 10 de diciembre.","og_url":"https:\/\/www.laguiadepamplona.com\/actualidad\/la-casa-consistorial-recibe-a-medio-centenar-de-estudiantes-y-profesores-pamploneses-que-han-sido-nombrados-embajadores-de-un-programa-del-parlamento-europeo\/","og_site_name":"La Gu\u00eda de Pamplona","article_publisher":"https:\/\/www.facebook.com\/laguiadepamplonacom-133175176762273\/?ref=hl","article_published_time":"2021-12-10T12:41:53+00:00","article_modified_time":"2023-04-11T09:48:42+00:00","og_image":[{"width":1920,"height":1280,"url":"https:\/\/www.laguiadepamplona.com\/actualidad\/wp-content\/uploads\/2021\/12\/diainterderechhumanosee5a7576_0.jpg.jpg","type":"image\/jpeg"}],"author":"La Gu\u00eda de Pamplona","twitter_card":"summary_large_image","twitter_creator":"@LaGuiadPamplona","twitter_site":"@LaGuiadPamplona","twitter_misc":{"Escrito por":"La Gu\u00eda de Pamplona","Tiempo de lectura":"2 minutos"},"schema":{"@context":"https:\/\/schema.org","@graph":[{"@type":"Article","@id":"https:\/\/www.laguiadepamplona.com\/actualidad\/la-casa-consistorial-recibe-a-medio-centenar-de-estudiantes-y-profesores-pamploneses-que-han-sido-nombrados-embajadores-de-un-programa-del-parlamento-europeo\/#article","isPartOf":{"@id":"https:\/\/www.laguiadepamplona.com\/actualidad\/la-casa-consistorial-recibe-a-medio-centenar-de-estudiantes-y-profesores-pamploneses-que-han-sido-nombrados-embajadores-de-un-programa-del-parlamento-europeo\/"},"author":{"name":"La Gu\u00eda de Pamplona","@id":"https:\/\/www.laguiadepamplona.com\/actualidad\/#\/schema\/person\/efe887376f0213d4657c93adc50b1fdb"},"headline":"La Casa Consistorial recibe a medio centenar de estudiantes y profesores pamploneses que han sido nombrados embajadores de un programa del Parlamento Europeo","datePublished":"2021-12-10T12:41:53+00:00","dateModified":"2023-04-11T09:48:42+00:00","mainEntityOfPage":{"@id":"https:\/\/www.laguiadepamplona.com\/actualidad\/la-casa-consistorial-recibe-a-medio-centenar-de-estudiantes-y-profesores-pamploneses-que-han-sido-nombrados-embajadores-de-un-programa-del-parlamento-europeo\/"},"wordCount":332,"commentCount":0,"publisher":{"@id":"https:\/\/www.laguiadepamplona.com\/actualidad\/#organization"},"image":{"@id":"https:\/\/www.laguiadepamplona.com\/actualidad\/la-casa-consistorial-recibe-a-medio-centenar-de-estudiantes-y-profesores-pamploneses-que-han-sido-nombrados-embajadores-de-un-programa-del-parlamento-europeo\/#primaryimage"},"thumbnailUrl":"https:\/\/www.laguiadepamplona.com\/actualidad\/wp-content\/uploads\/2021\/12\/diainterderechhumanosee5a7576_0.jpg.jpg","articleSection":["Ayto Pamplona"],"inLanguage":"es","potentialAction":[{"@type":"CommentAction","name":"Comment","target":["https:\/\/www.laguiadepamplona.com\/actualidad\/la-casa-consistorial-recibe-a-medio-centenar-de-estudiantes-y-profesores-pamploneses-que-han-sido-nombrados-embajadores-de-un-programa-del-parlamento-europeo\/#respond"]}]},{"@type":"WebPage","@id":"https:\/\/www.laguiadepamplona.com\/actualidad\/la-casa-consistorial-recibe-a-medio-centenar-de-estudiantes-y-profesores-pamploneses-que-han-sido-nombrados-embajadores-de-un-programa-del-parlamento-europeo\/","url":"https:\/\/www.laguiadepamplona.com\/actualidad\/la-casa-consistorial-recibe-a-medio-centenar-de-estudiantes-y-profesores-pamploneses-que-han-sido-nombrados-embajadores-de-un-programa-del-parlamento-europeo\/","name":"La Casa Consistorial recibe a medio centenar de estudiantes y profesores pamploneses que han sido nombrados embajadores de un programa del Parlamento Europeo","isPartOf":{"@id":"https:\/\/www.laguiadepamplona.com\/actualidad\/#website"},"primaryImageOfPage":{"@id":"https:\/\/www.laguiadepamplona.com\/actualidad\/la-casa-consistorial-recibe-a-medio-centenar-de-estudiantes-y-profesores-pamploneses-que-han-sido-nombrados-embajadores-de-un-programa-del-parlamento-europeo\/#primaryimage"},"image":{"@id":"https:\/\/www.laguiadepamplona.com\/actualidad\/la-casa-consistorial-recibe-a-medio-centenar-de-estudiantes-y-profesores-pamploneses-que-han-sido-nombrados-embajadores-de-un-programa-del-parlamento-europeo\/#primaryimage"},"thumbnailUrl":"https:\/\/www.laguiadepamplona.com\/actualidad\/wp-content\/uploads\/2021\/12\/diainterderechhumanosee5a7576_0.jpg.jpg","datePublished":"2021-12-10T12:41:53+00:00","dateModified":"2023-04-11T09:48:42+00:00","description":"El acto coincide con la conmemoraci\u00f3n del D\u00eda Internacional de los derechos Humanos, que como cada a\u00f1o se celebra hoy, 10 de diciembre.","breadcrumb":{"@id":"https:\/\/www.laguiadepamplona.com\/actualidad\/la-casa-consistorial-recibe-a-medio-centenar-de-estudiantes-y-profesores-pamploneses-que-han-sido-nombrados-embajadores-de-un-programa-del-parlamento-europeo\/#breadcrumb"},"inLanguage":"es","potentialAction":[{"@type":"ReadAction","target":["https:\/\/www.laguiadepamplona.com\/actualidad\/la-casa-consistorial-recibe-a-medio-centenar-de-estudiantes-y-profesores-pamploneses-que-han-sido-nombrados-embajadores-de-un-programa-del-parlamento-europeo\/"]}]},{"@type":"ImageObject","inLanguage":"es","@id":"https:\/\/www.laguiadepamplona.com\/actualidad\/la-casa-consistorial-recibe-a-medio-centenar-de-estudiantes-y-profesores-pamploneses-que-han-sido-nombrados-embajadores-de-un-programa-del-parlamento-europeo\/#primaryimage","url":"https:\/\/www.laguiadepamplona.com\/actualidad\/wp-content\/uploads\/2021\/12\/diainterderechhumanosee5a7576_0.jpg.jpg","contentUrl":"https:\/\/www.laguiadepamplona.com\/actualidad\/wp-content\/uploads\/2021\/12\/diainterderechhumanosee5a7576_0.jpg.jpg","width":1920,"height":1280},{"@type":"BreadcrumbList","@id":"https:\/\/www.laguiadepamplona.com\/actualidad\/la-casa-consistorial-recibe-a-medio-centenar-de-estudiantes-y-profesores-pamploneses-que-han-sido-nombrados-embajadores-de-un-programa-del-parlamento-europeo\/#breadcrumb","itemListElement":[{"@type":"ListItem","position":1,"name":"Portada","item":"https:\/\/www.laguiadepamplona.com\/actualidad\/"},{"@type":"ListItem","position":2,"name":"La Casa Consistorial recibe a medio centenar de estudiantes y profesores pamploneses que han sido nombrados embajadores de un programa del Parlamento Europeo"}]},{"@type":"WebSite","@id":"https:\/\/www.laguiadepamplona.com\/actualidad\/#website","url":"https:\/\/www.laguiadepamplona.com\/actualidad\/","name":"La gu\u00eda de Pamplona","description":"Noticias de Pamplona","publisher":{"@id":"https:\/\/www.laguiadepamplona.com\/actualidad\/#organization"},"potentialAction":[{"@type":"SearchAction","target":{"@type":"EntryPoint","urlTemplate":"https:\/\/www.laguiadepamplona.com\/actualidad\/?s={search_term_string}"},"query-input":{"@type":"PropertyValueSpecification","valueRequired":true,"valueName":"search_term_string"}}],"inLanguage":"es"},{"@type":"Organization","@id":"https:\/\/www.laguiadepamplona.com\/actualidad\/#organization","name":"La Gu\u00eda de Pamplona \/ Noticias","url":"https:\/\/www.laguiadepamplona.com\/actualidad\/","logo":{"@type":"ImageObject","inLanguage":"es","@id":"https:\/\/www.laguiadepamplona.com\/actualidad\/#\/schema\/logo\/image\/","url":"https:\/\/www.laguiadepamplona.com\/actualidad\/wp-content\/uploads\/2018\/11\/logo-laguiadepamplona18-web1.png","contentUrl":"https:\/\/www.laguiadepamplona.com\/actualidad\/wp-content\/uploads\/2018\/11\/logo-laguiadepamplona18-web1.png","width":600,"height":196,"caption":"La Gu\u00eda de Pamplona \/ Noticias"},"image":{"@id":"https:\/\/www.laguiadepamplona.com\/actualidad\/#\/schema\/logo\/image\/"},"sameAs":["https:\/\/www.facebook.com\/laguiadepamplonacom-133175176762273\/?ref=hl","https:\/\/x.com\/LaGuiadPamplona","https:\/\/www.instagram.com\/la_guia_de_pamplona\/","https:\/\/www.youtube.com\/user\/laguiadepamplona"]},{"@type":"Person","@id":"https:\/\/www.laguiadepamplona.com\/actualidad\/#\/schema\/person\/efe887376f0213d4657c93adc50b1fdb","name":"La Gu\u00eda de Pamplona","image":{"@type":"ImageObject","inLanguage":"es","@id":"https:\/\/secure.gravatar.com\/avatar\/b6992f131dc8d30ab0dff15446e9d346d9dbd95992de0fef795073f5ea83a81c?s=96&d=mm&r=g","url":"https:\/\/secure.gravatar.com\/avatar\/b6992f131dc8d30ab0dff15446e9d346d9dbd95992de0fef795073f5ea83a81c?s=96&d=mm&r=g","contentUrl":"https:\/\/secure.gravatar.com\/avatar\/b6992f131dc8d30ab0dff15446e9d346d9dbd95992de0fef795073f5ea83a81c?s=96&d=mm&r=g","caption":"La Gu\u00eda de Pamplona"}}]}},"post_mailing_queue_ids":[],"_links":{"self":[{"href":"https:\/\/www.laguiadepamplona.com\/actualidad\/wp-json\/wp\/v2\/posts\/37887","targetHints":{"allow":["GET"]}}],"collection":[{"href":"https:\/\/www.laguiadepamplona.com\/actualidad\/wp-json\/wp\/v2\/posts"}],"about":[{"href":"https:\/\/www.laguiadepamplona.com\/actualidad\/wp-json\/wp\/v2\/types\/post"}],"author":[{"embeddable":true,"href":"https:\/\/www.laguiadepamplona.com\/actualidad\/wp-json\/wp\/v2\/users\/1"}],"replies":[{"embeddable":true,"href":"https:\/\/www.laguiadepamplona.com\/actualidad\/wp-json\/wp\/v2\/comments?post=37887"}],"version-history":[{"count":0,"href":"https:\/\/www.laguiadepamplona.com\/actualidad\/wp-json\/wp\/v2\/posts\/37887\/revisions"}],"wp:featuredmedia":[{"embeddable":true,"href":"https:\/\/www.laguiadepamplona.com\/actualidad\/wp-json\/wp\/v2\/media\/37888"}],"wp:attachment":[{"href":"https:\/\/www.laguiadepamplona.com\/actualidad\/wp-json\/wp\/v2\/media?parent=37887"}],"wp:term":[{"taxonomy":"category","embeddable":true,"href":"https:\/\/www.laguiadepamplona.com\/actualidad\/wp-json\/wp\/v2\/categories?post=37887"},{"taxonomy":"post_tag","embeddable":true,"href":"https:\/\/www.laguiadepamplona.com\/actualidad\/wp-json\/wp\/v2\/tags?post=37887"}],"curies":[{"name":"wp","href":"https:\/\/api.w.org\/{rel}","templated":true}]}}