{"id":37885,"date":"2021-12-10T14:39:17","date_gmt":"2021-12-10T12:39:17","guid":{"rendered":"https:\/\/www.laguiadepamplona.com\/actualidad\/?p=37885"},"modified":"2023-04-11T11:48:42","modified_gmt":"2023-04-11T09:48:42","slug":"la-fachada-de-la-casa-consistorial-se-iluminara-este-sabado-de-azul-por-el-75-aniversario-de-unicef-la-agencia-de-naciones-unidas-para-la-infancia","status":"publish","type":"post","link":"https:\/\/www.laguiadepamplona.com\/actualidad\/la-fachada-de-la-casa-consistorial-se-iluminara-este-sabado-de-azul-por-el-75-aniversario-de-unicef-la-agencia-de-naciones-unidas-para-la-infancia\/","title":{"rendered":"La fachada de la Casa Consistorial se iluminar\u00e1 este s\u00e1bado de azul por el 75 aniversario de UNICEF, la agencia de Naciones Unidas para la Infancia"},"content":{"rendered":"<h5>Su trabajo sigue abierto: en diciembre la organizaci\u00f3n ha lanzado el mayor llamamiento de fondos de su historia para a 177 millones de ni\u00f1os y ni\u00f1as<\/h5>\n<p><!--more--><\/p>\n<p>Este pr\u00f3ximo s\u00e1bado, 11 de diciembre, se cumple el 75 aniversario de UNICEF y, para contribuir a visibilizar su aniversario, la fachada de la Casa Consistorial se iluminar\u00e1 de azul, el color corporativo de este organismo de Naciones Unidas que se dedica a los derechos de la infancia. Dentro los actos de celebraci\u00f3n de este aniversario ser\u00e1 esta organizaci\u00f3n la que se encargue el 17 de diciembre de abrir la navidad pamplonesa protagonizando el preg\u00f3n municipal.<br \/>\n<script async src=\"\/\/pagead2.googlesyndication.com\/pagead\/js\/adsbygoogle.js\"><\/script><br \/>\n<!-- Noticias La Guia de Pamplona --><br \/>\n<ins class=\"adsbygoogle\"\nstyle=\"display:block\"\ndata-ad-client=\"ca-pub-6943679897239327\"\ndata-ad-slot=\"7048180777\"\ndata-ad-format=\"auto\"><\/ins><br \/>\n<script>\n(adsbygoogle = window.adsbygoogle || []).push({});\n<\/script><\/p>\n<p>En 1946, en el contexto de una Europa destrozada por la Segunda Guerra Mundial, surge este organismo especializado de la ONU para ayudar a los ni\u00f1os y ni\u00f1as hu\u00e9rfanos, desplazados y afectados por la guerra. Unos a\u00f1os antes, en 1959, la Asamblea General de la organizaci\u00f3n hab\u00eda aprobado la \u201cDeclaraci\u00f3n de los derechos del ni\u00f1o\u201d.<\/p>\n<p>Desde entonces abandera de forma amplia la defensa de los derechos de la infancia en todo el mundo abarcando desde su educaci\u00f3n, su derecho al juego, a cuestiones que afectan a su salud y a un entorno de apoyo. La agencia est\u00e1 presente hoy en d\u00eda en 190 pa\u00edses y territorios de todo el planeta y suele hacer especial esfuerzo en lugares afectados por emergencias humanitarias. Como ejemplo, La llegada de UNICEF a Espa\u00f1a se produjo para prestar asistencia a los ni\u00f1os tras la Guerra Civil.<br \/>\n<script async src=\"\/\/pagead2.googlesyndication.com\/pagead\/js\/adsbygoogle.js\"><\/script><br \/>\n<!-- Noticias La Guia de Pamplona --><br \/>\n<ins class=\"adsbygoogle\"\nstyle=\"display:block\"\ndata-ad-client=\"ca-pub-6943679897239327\"\ndata-ad-slot=\"7048180777\"\ndata-ad-format=\"auto\"><\/ins><br \/>\n<script>\n(adsbygoogle = window.adsbygoogle || []).push({});\n<\/script><\/p>\n<p>Hace unos d\u00edas UNICEF lanz\u00f3 el mayor llamamiento de fondos de la historia de esa organizaci\u00f3n por el aumento de las necesidades humanitarias a nivel mundial debido a los conflictos, la crisis clim\u00e1tica y la COVID-19. La campa\u00f1a <a href=\"https:\/\/www.unicef.es\/ninos-emergencias\" target=\"_blank\" rel=\"noopener\">#Emergencias2022<\/a> busca obtener ayuda para 177 millones de ni\u00f1os en 145 pa\u00edses.<\/p>\n","protected":false},"excerpt":{"rendered":"<p>Su trabajo sigue abierto: en diciembre la organizaci\u00f3n ha lanzado el mayor llamamiento de fondos de su historia para a 177 millones de ni\u00f1os y ni\u00f1as<\/p>\n","protected":false},"author":1,"featured_media":33821,"comment_status":"open","ping_status":"closed","sticky":false,"template":"","format":"standard","meta":{"footnotes":""},"categories":[2],"tags":[],"class_list":["post-37885","post","type-post","status-publish","format-standard","has-post-thumbnail","hentry","category-ayuntamiento-pamplona"],"yoast_head":"<!-- This site is optimized with the Yoast SEO plugin v27.3 - https:\/\/yoast.com\/product\/yoast-seo-wordpress\/ -->\n<title>La fachada de la Casa Consistorial se iluminar\u00e1 este s\u00e1bado de azul por el 75 aniversario de UNICEF, la agencia de Naciones Unidas para la Infancia<\/title>\n<meta name=\"description\" content=\"Su trabajo sigue abierto: en diciembre la organizaci\u00f3n ha lanzado el mayor llamamiento de fondos de su historia para a 177 millones de ni\u00f1os y ni\u00f1as\" \/>\n<meta name=\"robots\" content=\"index, follow, max-snippet:-1, max-image-preview:large, max-video-preview:-1\" \/>\n<link rel=\"canonical\" href=\"https:\/\/www.laguiadepamplona.com\/actualidad\/la-fachada-de-la-casa-consistorial-se-iluminara-este-sabado-de-azul-por-el-75-aniversario-de-unicef-la-agencia-de-naciones-unidas-para-la-infancia\/\" \/>\n<meta property=\"og:locale\" content=\"es_ES\" \/>\n<meta property=\"og:type\" content=\"article\" \/>\n<meta property=\"og:title\" content=\"La fachada de la Casa Consistorial se iluminar\u00e1 este s\u00e1bado de azul por el 75 aniversario de UNICEF, la agencia de Naciones Unidas para la Infancia\" \/>\n<meta property=\"og:description\" content=\"Su trabajo sigue abierto: en diciembre la organizaci\u00f3n ha lanzado el mayor llamamiento de fondos de su historia para a 177 millones de ni\u00f1os y ni\u00f1as\" \/>\n<meta property=\"og:url\" content=\"https:\/\/www.laguiadepamplona.com\/actualidad\/la-fachada-de-la-casa-consistorial-se-iluminara-este-sabado-de-azul-por-el-75-aniversario-de-unicef-la-agencia-de-naciones-unidas-para-la-infancia\/\" \/>\n<meta property=\"og:site_name\" content=\"La Gu\u00eda de Pamplona\" \/>\n<meta property=\"article:publisher\" content=\"https:\/\/www.facebook.com\/laguiadepamplonacom-133175176762273\/?ref=hl\" \/>\n<meta property=\"article:published_time\" content=\"2021-12-10T12:39:17+00:00\" \/>\n<meta property=\"article:modified_time\" content=\"2023-04-11T09:48:42+00:00\" \/>\n<meta property=\"og:image\" content=\"https:\/\/www.laguiadepamplona.com\/actualidad\/wp-content\/uploads\/2021\/03\/aytoazul_JGV8972_1.jpg\" \/>\n\t<meta property=\"og:image:width\" content=\"1920\" \/>\n\t<meta property=\"og:image:height\" content=\"1280\" \/>\n\t<meta property=\"og:image:type\" content=\"image\/jpeg\" \/>\n<meta name=\"author\" content=\"La Gu\u00eda de Pamplona\" \/>\n<meta name=\"twitter:card\" content=\"summary_large_image\" \/>\n<meta name=\"twitter:creator\" content=\"@LaGuiadPamplona\" \/>\n<meta name=\"twitter:site\" content=\"@LaGuiadPamplona\" \/>\n<meta name=\"twitter:label1\" content=\"Escrito por\" \/>\n\t<meta name=\"twitter:data1\" content=\"La Gu\u00eda de Pamplona\" \/>\n\t<meta name=\"twitter:label2\" content=\"Tiempo de lectura\" \/>\n\t<meta name=\"twitter:data2\" content=\"2 minutos\" \/>\n<script type=\"application\/ld+json\" class=\"yoast-schema-graph\">{\"@context\":\"https:\\\/\\\/schema.org\",\"@graph\":[{\"@type\":\"Article\",\"@id\":\"https:\\\/\\\/www.laguiadepamplona.com\\\/actualidad\\\/la-fachada-de-la-casa-consistorial-se-iluminara-este-sabado-de-azul-por-el-75-aniversario-de-unicef-la-agencia-de-naciones-unidas-para-la-infancia\\\/#article\",\"isPartOf\":{\"@id\":\"https:\\\/\\\/www.laguiadepamplona.com\\\/actualidad\\\/la-fachada-de-la-casa-consistorial-se-iluminara-este-sabado-de-azul-por-el-75-aniversario-de-unicef-la-agencia-de-naciones-unidas-para-la-infancia\\\/\"},\"author\":{\"name\":\"La Gu\u00eda de Pamplona\",\"@id\":\"https:\\\/\\\/www.laguiadepamplona.com\\\/actualidad\\\/#\\\/schema\\\/person\\\/efe887376f0213d4657c93adc50b1fdb\"},\"headline\":\"La fachada de la Casa Consistorial se iluminar\u00e1 este s\u00e1bado de azul por el 75 aniversario de UNICEF, la agencia de Naciones Unidas para la Infancia\",\"datePublished\":\"2021-12-10T12:39:17+00:00\",\"dateModified\":\"2023-04-11T09:48:42+00:00\",\"mainEntityOfPage\":{\"@id\":\"https:\\\/\\\/www.laguiadepamplona.com\\\/actualidad\\\/la-fachada-de-la-casa-consistorial-se-iluminara-este-sabado-de-azul-por-el-75-aniversario-de-unicef-la-agencia-de-naciones-unidas-para-la-infancia\\\/\"},\"wordCount\":337,\"commentCount\":0,\"publisher\":{\"@id\":\"https:\\\/\\\/www.laguiadepamplona.com\\\/actualidad\\\/#organization\"},\"image\":{\"@id\":\"https:\\\/\\\/www.laguiadepamplona.com\\\/actualidad\\\/la-fachada-de-la-casa-consistorial-se-iluminara-este-sabado-de-azul-por-el-75-aniversario-de-unicef-la-agencia-de-naciones-unidas-para-la-infancia\\\/#primaryimage\"},\"thumbnailUrl\":\"https:\\\/\\\/www.laguiadepamplona.com\\\/actualidad\\\/wp-content\\\/uploads\\\/2021\\\/03\\\/aytoazul_JGV8972_1.jpg\",\"articleSection\":[\"Ayto Pamplona\"],\"inLanguage\":\"es\",\"potentialAction\":[{\"@type\":\"CommentAction\",\"name\":\"Comment\",\"target\":[\"https:\\\/\\\/www.laguiadepamplona.com\\\/actualidad\\\/la-fachada-de-la-casa-consistorial-se-iluminara-este-sabado-de-azul-por-el-75-aniversario-de-unicef-la-agencia-de-naciones-unidas-para-la-infancia\\\/#respond\"]}]},{\"@type\":\"WebPage\",\"@id\":\"https:\\\/\\\/www.laguiadepamplona.com\\\/actualidad\\\/la-fachada-de-la-casa-consistorial-se-iluminara-este-sabado-de-azul-por-el-75-aniversario-de-unicef-la-agencia-de-naciones-unidas-para-la-infancia\\\/\",\"url\":\"https:\\\/\\\/www.laguiadepamplona.com\\\/actualidad\\\/la-fachada-de-la-casa-consistorial-se-iluminara-este-sabado-de-azul-por-el-75-aniversario-de-unicef-la-agencia-de-naciones-unidas-para-la-infancia\\\/\",\"name\":\"La fachada de la Casa Consistorial se iluminar\u00e1 este s\u00e1bado de azul por el 75 aniversario de UNICEF, la agencia de Naciones Unidas para la Infancia\",\"isPartOf\":{\"@id\":\"https:\\\/\\\/www.laguiadepamplona.com\\\/actualidad\\\/#website\"},\"primaryImageOfPage\":{\"@id\":\"https:\\\/\\\/www.laguiadepamplona.com\\\/actualidad\\\/la-fachada-de-la-casa-consistorial-se-iluminara-este-sabado-de-azul-por-el-75-aniversario-de-unicef-la-agencia-de-naciones-unidas-para-la-infancia\\\/#primaryimage\"},\"image\":{\"@id\":\"https:\\\/\\\/www.laguiadepamplona.com\\\/actualidad\\\/la-fachada-de-la-casa-consistorial-se-iluminara-este-sabado-de-azul-por-el-75-aniversario-de-unicef-la-agencia-de-naciones-unidas-para-la-infancia\\\/#primaryimage\"},\"thumbnailUrl\":\"https:\\\/\\\/www.laguiadepamplona.com\\\/actualidad\\\/wp-content\\\/uploads\\\/2021\\\/03\\\/aytoazul_JGV8972_1.jpg\",\"datePublished\":\"2021-12-10T12:39:17+00:00\",\"dateModified\":\"2023-04-11T09:48:42+00:00\",\"description\":\"Su trabajo sigue abierto: en diciembre la organizaci\u00f3n ha lanzado el mayor llamamiento de fondos de su historia para a 177 millones de ni\u00f1os y ni\u00f1as\",\"breadcrumb\":{\"@id\":\"https:\\\/\\\/www.laguiadepamplona.com\\\/actualidad\\\/la-fachada-de-la-casa-consistorial-se-iluminara-este-sabado-de-azul-por-el-75-aniversario-de-unicef-la-agencia-de-naciones-unidas-para-la-infancia\\\/#breadcrumb\"},\"inLanguage\":\"es\",\"potentialAction\":[{\"@type\":\"ReadAction\",\"target\":[\"https:\\\/\\\/www.laguiadepamplona.com\\\/actualidad\\\/la-fachada-de-la-casa-consistorial-se-iluminara-este-sabado-de-azul-por-el-75-aniversario-de-unicef-la-agencia-de-naciones-unidas-para-la-infancia\\\/\"]}]},{\"@type\":\"ImageObject\",\"inLanguage\":\"es\",\"@id\":\"https:\\\/\\\/www.laguiadepamplona.com\\\/actualidad\\\/la-fachada-de-la-casa-consistorial-se-iluminara-este-sabado-de-azul-por-el-75-aniversario-de-unicef-la-agencia-de-naciones-unidas-para-la-infancia\\\/#primaryimage\",\"url\":\"https:\\\/\\\/www.laguiadepamplona.com\\\/actualidad\\\/wp-content\\\/uploads\\\/2021\\\/03\\\/aytoazul_JGV8972_1.jpg\",\"contentUrl\":\"https:\\\/\\\/www.laguiadepamplona.com\\\/actualidad\\\/wp-content\\\/uploads\\\/2021\\\/03\\\/aytoazul_JGV8972_1.jpg\",\"width\":1920,\"height\":1280,\"caption\":\"A* Jes\u00fas Garzaron F* 2020_11_12 T* Iluminaci\u00f3n en azul de la fachada del Ayuntamiento con motivo del D\u00eda Mundial contra la Neumon\u00eda L* Ayuntamiento de Pamplona\"},{\"@type\":\"BreadcrumbList\",\"@id\":\"https:\\\/\\\/www.laguiadepamplona.com\\\/actualidad\\\/la-fachada-de-la-casa-consistorial-se-iluminara-este-sabado-de-azul-por-el-75-aniversario-de-unicef-la-agencia-de-naciones-unidas-para-la-infancia\\\/#breadcrumb\",\"itemListElement\":[{\"@type\":\"ListItem\",\"position\":1,\"name\":\"Portada\",\"item\":\"https:\\\/\\\/www.laguiadepamplona.com\\\/actualidad\\\/\"},{\"@type\":\"ListItem\",\"position\":2,\"name\":\"La fachada de la Casa Consistorial se iluminar\u00e1 este s\u00e1bado de azul por el 75 aniversario de UNICEF, la agencia de Naciones Unidas para la Infancia\"}]},{\"@type\":\"WebSite\",\"@id\":\"https:\\\/\\\/www.laguiadepamplona.com\\\/actualidad\\\/#website\",\"url\":\"https:\\\/\\\/www.laguiadepamplona.com\\\/actualidad\\\/\",\"name\":\"La gu\u00eda de Pamplona\",\"description\":\"Noticias de Pamplona\",\"publisher\":{\"@id\":\"https:\\\/\\\/www.laguiadepamplona.com\\\/actualidad\\\/#organization\"},\"potentialAction\":[{\"@type\":\"SearchAction\",\"target\":{\"@type\":\"EntryPoint\",\"urlTemplate\":\"https:\\\/\\\/www.laguiadepamplona.com\\\/actualidad\\\/?s={search_term_string}\"},\"query-input\":{\"@type\":\"PropertyValueSpecification\",\"valueRequired\":true,\"valueName\":\"search_term_string\"}}],\"inLanguage\":\"es\"},{\"@type\":\"Organization\",\"@id\":\"https:\\\/\\\/www.laguiadepamplona.com\\\/actualidad\\\/#organization\",\"name\":\"La Gu\u00eda de Pamplona \\\/ Noticias\",\"url\":\"https:\\\/\\\/www.laguiadepamplona.com\\\/actualidad\\\/\",\"logo\":{\"@type\":\"ImageObject\",\"inLanguage\":\"es\",\"@id\":\"https:\\\/\\\/www.laguiadepamplona.com\\\/actualidad\\\/#\\\/schema\\\/logo\\\/image\\\/\",\"url\":\"https:\\\/\\\/www.laguiadepamplona.com\\\/actualidad\\\/wp-content\\\/uploads\\\/2018\\\/11\\\/logo-laguiadepamplona18-web1.png\",\"contentUrl\":\"https:\\\/\\\/www.laguiadepamplona.com\\\/actualidad\\\/wp-content\\\/uploads\\\/2018\\\/11\\\/logo-laguiadepamplona18-web1.png\",\"width\":600,\"height\":196,\"caption\":\"La Gu\u00eda de Pamplona \\\/ Noticias\"},\"image\":{\"@id\":\"https:\\\/\\\/www.laguiadepamplona.com\\\/actualidad\\\/#\\\/schema\\\/logo\\\/image\\\/\"},\"sameAs\":[\"https:\\\/\\\/www.facebook.com\\\/laguiadepamplonacom-133175176762273\\\/?ref=hl\",\"https:\\\/\\\/x.com\\\/LaGuiadPamplona\",\"https:\\\/\\\/www.instagram.com\\\/la_guia_de_pamplona\\\/\",\"https:\\\/\\\/www.youtube.com\\\/user\\\/laguiadepamplona\"]},{\"@type\":\"Person\",\"@id\":\"https:\\\/\\\/www.laguiadepamplona.com\\\/actualidad\\\/#\\\/schema\\\/person\\\/efe887376f0213d4657c93adc50b1fdb\",\"name\":\"La Gu\u00eda de Pamplona\",\"image\":{\"@type\":\"ImageObject\",\"inLanguage\":\"es\",\"@id\":\"https:\\\/\\\/secure.gravatar.com\\\/avatar\\\/b6992f131dc8d30ab0dff15446e9d346d9dbd95992de0fef795073f5ea83a81c?s=96&d=mm&r=g\",\"url\":\"https:\\\/\\\/secure.gravatar.com\\\/avatar\\\/b6992f131dc8d30ab0dff15446e9d346d9dbd95992de0fef795073f5ea83a81c?s=96&d=mm&r=g\",\"contentUrl\":\"https:\\\/\\\/secure.gravatar.com\\\/avatar\\\/b6992f131dc8d30ab0dff15446e9d346d9dbd95992de0fef795073f5ea83a81c?s=96&d=mm&r=g\",\"caption\":\"La Gu\u00eda de Pamplona\"}}]}<\/script>\n<!-- \/ Yoast SEO plugin. -->","yoast_head_json":{"title":"La fachada de la Casa Consistorial se iluminar\u00e1 este s\u00e1bado de azul por el 75 aniversario de UNICEF, la agencia de Naciones Unidas para la Infancia","description":"Su trabajo sigue abierto: en diciembre la organizaci\u00f3n ha lanzado el mayor llamamiento de fondos de su historia para a 177 millones de ni\u00f1os y ni\u00f1as","robots":{"index":"index","follow":"follow","max-snippet":"max-snippet:-1","max-image-preview":"max-image-preview:large","max-video-preview":"max-video-preview:-1"},"canonical":"https:\/\/www.laguiadepamplona.com\/actualidad\/la-fachada-de-la-casa-consistorial-se-iluminara-este-sabado-de-azul-por-el-75-aniversario-de-unicef-la-agencia-de-naciones-unidas-para-la-infancia\/","og_locale":"es_ES","og_type":"article","og_title":"La fachada de la Casa Consistorial se iluminar\u00e1 este s\u00e1bado de azul por el 75 aniversario de UNICEF, la agencia de Naciones Unidas para la Infancia","og_description":"Su trabajo sigue abierto: en diciembre la organizaci\u00f3n ha lanzado el mayor llamamiento de fondos de su historia para a 177 millones de ni\u00f1os y ni\u00f1as","og_url":"https:\/\/www.laguiadepamplona.com\/actualidad\/la-fachada-de-la-casa-consistorial-se-iluminara-este-sabado-de-azul-por-el-75-aniversario-de-unicef-la-agencia-de-naciones-unidas-para-la-infancia\/","og_site_name":"La Gu\u00eda de Pamplona","article_publisher":"https:\/\/www.facebook.com\/laguiadepamplonacom-133175176762273\/?ref=hl","article_published_time":"2021-12-10T12:39:17+00:00","article_modified_time":"2023-04-11T09:48:42+00:00","og_image":[{"width":1920,"height":1280,"url":"https:\/\/www.laguiadepamplona.com\/actualidad\/wp-content\/uploads\/2021\/03\/aytoazul_JGV8972_1.jpg","type":"image\/jpeg"}],"author":"La Gu\u00eda de Pamplona","twitter_card":"summary_large_image","twitter_creator":"@LaGuiadPamplona","twitter_site":"@LaGuiadPamplona","twitter_misc":{"Escrito por":"La Gu\u00eda de Pamplona","Tiempo de lectura":"2 minutos"},"schema":{"@context":"https:\/\/schema.org","@graph":[{"@type":"Article","@id":"https:\/\/www.laguiadepamplona.com\/actualidad\/la-fachada-de-la-casa-consistorial-se-iluminara-este-sabado-de-azul-por-el-75-aniversario-de-unicef-la-agencia-de-naciones-unidas-para-la-infancia\/#article","isPartOf":{"@id":"https:\/\/www.laguiadepamplona.com\/actualidad\/la-fachada-de-la-casa-consistorial-se-iluminara-este-sabado-de-azul-por-el-75-aniversario-de-unicef-la-agencia-de-naciones-unidas-para-la-infancia\/"},"author":{"name":"La Gu\u00eda de Pamplona","@id":"https:\/\/www.laguiadepamplona.com\/actualidad\/#\/schema\/person\/efe887376f0213d4657c93adc50b1fdb"},"headline":"La fachada de la Casa Consistorial se iluminar\u00e1 este s\u00e1bado de azul por el 75 aniversario de UNICEF, la agencia de Naciones Unidas para la Infancia","datePublished":"2021-12-10T12:39:17+00:00","dateModified":"2023-04-11T09:48:42+00:00","mainEntityOfPage":{"@id":"https:\/\/www.laguiadepamplona.com\/actualidad\/la-fachada-de-la-casa-consistorial-se-iluminara-este-sabado-de-azul-por-el-75-aniversario-de-unicef-la-agencia-de-naciones-unidas-para-la-infancia\/"},"wordCount":337,"commentCount":0,"publisher":{"@id":"https:\/\/www.laguiadepamplona.com\/actualidad\/#organization"},"image":{"@id":"https:\/\/www.laguiadepamplona.com\/actualidad\/la-fachada-de-la-casa-consistorial-se-iluminara-este-sabado-de-azul-por-el-75-aniversario-de-unicef-la-agencia-de-naciones-unidas-para-la-infancia\/#primaryimage"},"thumbnailUrl":"https:\/\/www.laguiadepamplona.com\/actualidad\/wp-content\/uploads\/2021\/03\/aytoazul_JGV8972_1.jpg","articleSection":["Ayto Pamplona"],"inLanguage":"es","potentialAction":[{"@type":"CommentAction","name":"Comment","target":["https:\/\/www.laguiadepamplona.com\/actualidad\/la-fachada-de-la-casa-consistorial-se-iluminara-este-sabado-de-azul-por-el-75-aniversario-de-unicef-la-agencia-de-naciones-unidas-para-la-infancia\/#respond"]}]},{"@type":"WebPage","@id":"https:\/\/www.laguiadepamplona.com\/actualidad\/la-fachada-de-la-casa-consistorial-se-iluminara-este-sabado-de-azul-por-el-75-aniversario-de-unicef-la-agencia-de-naciones-unidas-para-la-infancia\/","url":"https:\/\/www.laguiadepamplona.com\/actualidad\/la-fachada-de-la-casa-consistorial-se-iluminara-este-sabado-de-azul-por-el-75-aniversario-de-unicef-la-agencia-de-naciones-unidas-para-la-infancia\/","name":"La fachada de la Casa Consistorial se iluminar\u00e1 este s\u00e1bado de azul por el 75 aniversario de UNICEF, la agencia de Naciones Unidas para la Infancia","isPartOf":{"@id":"https:\/\/www.laguiadepamplona.com\/actualidad\/#website"},"primaryImageOfPage":{"@id":"https:\/\/www.laguiadepamplona.com\/actualidad\/la-fachada-de-la-casa-consistorial-se-iluminara-este-sabado-de-azul-por-el-75-aniversario-de-unicef-la-agencia-de-naciones-unidas-para-la-infancia\/#primaryimage"},"image":{"@id":"https:\/\/www.laguiadepamplona.com\/actualidad\/la-fachada-de-la-casa-consistorial-se-iluminara-este-sabado-de-azul-por-el-75-aniversario-de-unicef-la-agencia-de-naciones-unidas-para-la-infancia\/#primaryimage"},"thumbnailUrl":"https:\/\/www.laguiadepamplona.com\/actualidad\/wp-content\/uploads\/2021\/03\/aytoazul_JGV8972_1.jpg","datePublished":"2021-12-10T12:39:17+00:00","dateModified":"2023-04-11T09:48:42+00:00","description":"Su trabajo sigue abierto: en diciembre la organizaci\u00f3n ha lanzado el mayor llamamiento de fondos de su historia para a 177 millones de ni\u00f1os y ni\u00f1as","breadcrumb":{"@id":"https:\/\/www.laguiadepamplona.com\/actualidad\/la-fachada-de-la-casa-consistorial-se-iluminara-este-sabado-de-azul-por-el-75-aniversario-de-unicef-la-agencia-de-naciones-unidas-para-la-infancia\/#breadcrumb"},"inLanguage":"es","potentialAction":[{"@type":"ReadAction","target":["https:\/\/www.laguiadepamplona.com\/actualidad\/la-fachada-de-la-casa-consistorial-se-iluminara-este-sabado-de-azul-por-el-75-aniversario-de-unicef-la-agencia-de-naciones-unidas-para-la-infancia\/"]}]},{"@type":"ImageObject","inLanguage":"es","@id":"https:\/\/www.laguiadepamplona.com\/actualidad\/la-fachada-de-la-casa-consistorial-se-iluminara-este-sabado-de-azul-por-el-75-aniversario-de-unicef-la-agencia-de-naciones-unidas-para-la-infancia\/#primaryimage","url":"https:\/\/www.laguiadepamplona.com\/actualidad\/wp-content\/uploads\/2021\/03\/aytoazul_JGV8972_1.jpg","contentUrl":"https:\/\/www.laguiadepamplona.com\/actualidad\/wp-content\/uploads\/2021\/03\/aytoazul_JGV8972_1.jpg","width":1920,"height":1280,"caption":"A* Jes\u00fas Garzaron F* 2020_11_12 T* Iluminaci\u00f3n en azul de la fachada del Ayuntamiento con motivo del D\u00eda Mundial contra la Neumon\u00eda L* Ayuntamiento de Pamplona"},{"@type":"BreadcrumbList","@id":"https:\/\/www.laguiadepamplona.com\/actualidad\/la-fachada-de-la-casa-consistorial-se-iluminara-este-sabado-de-azul-por-el-75-aniversario-de-unicef-la-agencia-de-naciones-unidas-para-la-infancia\/#breadcrumb","itemListElement":[{"@type":"ListItem","position":1,"name":"Portada","item":"https:\/\/www.laguiadepamplona.com\/actualidad\/"},{"@type":"ListItem","position":2,"name":"La fachada de la Casa Consistorial se iluminar\u00e1 este s\u00e1bado de azul por el 75 aniversario de UNICEF, la agencia de Naciones Unidas para la Infancia"}]},{"@type":"WebSite","@id":"https:\/\/www.laguiadepamplona.com\/actualidad\/#website","url":"https:\/\/www.laguiadepamplona.com\/actualidad\/","name":"La gu\u00eda de Pamplona","description":"Noticias de Pamplona","publisher":{"@id":"https:\/\/www.laguiadepamplona.com\/actualidad\/#organization"},"potentialAction":[{"@type":"SearchAction","target":{"@type":"EntryPoint","urlTemplate":"https:\/\/www.laguiadepamplona.com\/actualidad\/?s={search_term_string}"},"query-input":{"@type":"PropertyValueSpecification","valueRequired":true,"valueName":"search_term_string"}}],"inLanguage":"es"},{"@type":"Organization","@id":"https:\/\/www.laguiadepamplona.com\/actualidad\/#organization","name":"La Gu\u00eda de Pamplona \/ Noticias","url":"https:\/\/www.laguiadepamplona.com\/actualidad\/","logo":{"@type":"ImageObject","inLanguage":"es","@id":"https:\/\/www.laguiadepamplona.com\/actualidad\/#\/schema\/logo\/image\/","url":"https:\/\/www.laguiadepamplona.com\/actualidad\/wp-content\/uploads\/2018\/11\/logo-laguiadepamplona18-web1.png","contentUrl":"https:\/\/www.laguiadepamplona.com\/actualidad\/wp-content\/uploads\/2018\/11\/logo-laguiadepamplona18-web1.png","width":600,"height":196,"caption":"La Gu\u00eda de Pamplona \/ Noticias"},"image":{"@id":"https:\/\/www.laguiadepamplona.com\/actualidad\/#\/schema\/logo\/image\/"},"sameAs":["https:\/\/www.facebook.com\/laguiadepamplonacom-133175176762273\/?ref=hl","https:\/\/x.com\/LaGuiadPamplona","https:\/\/www.instagram.com\/la_guia_de_pamplona\/","https:\/\/www.youtube.com\/user\/laguiadepamplona"]},{"@type":"Person","@id":"https:\/\/www.laguiadepamplona.com\/actualidad\/#\/schema\/person\/efe887376f0213d4657c93adc50b1fdb","name":"La Gu\u00eda de Pamplona","image":{"@type":"ImageObject","inLanguage":"es","@id":"https:\/\/secure.gravatar.com\/avatar\/b6992f131dc8d30ab0dff15446e9d346d9dbd95992de0fef795073f5ea83a81c?s=96&d=mm&r=g","url":"https:\/\/secure.gravatar.com\/avatar\/b6992f131dc8d30ab0dff15446e9d346d9dbd95992de0fef795073f5ea83a81c?s=96&d=mm&r=g","contentUrl":"https:\/\/secure.gravatar.com\/avatar\/b6992f131dc8d30ab0dff15446e9d346d9dbd95992de0fef795073f5ea83a81c?s=96&d=mm&r=g","caption":"La Gu\u00eda de Pamplona"}}]}},"post_mailing_queue_ids":[],"_links":{"self":[{"href":"https:\/\/www.laguiadepamplona.com\/actualidad\/wp-json\/wp\/v2\/posts\/37885","targetHints":{"allow":["GET"]}}],"collection":[{"href":"https:\/\/www.laguiadepamplona.com\/actualidad\/wp-json\/wp\/v2\/posts"}],"about":[{"href":"https:\/\/www.laguiadepamplona.com\/actualidad\/wp-json\/wp\/v2\/types\/post"}],"author":[{"embeddable":true,"href":"https:\/\/www.laguiadepamplona.com\/actualidad\/wp-json\/wp\/v2\/users\/1"}],"replies":[{"embeddable":true,"href":"https:\/\/www.laguiadepamplona.com\/actualidad\/wp-json\/wp\/v2\/comments?post=37885"}],"version-history":[{"count":0,"href":"https:\/\/www.laguiadepamplona.com\/actualidad\/wp-json\/wp\/v2\/posts\/37885\/revisions"}],"wp:featuredmedia":[{"embeddable":true,"href":"https:\/\/www.laguiadepamplona.com\/actualidad\/wp-json\/wp\/v2\/media\/33821"}],"wp:attachment":[{"href":"https:\/\/www.laguiadepamplona.com\/actualidad\/wp-json\/wp\/v2\/media?parent=37885"}],"wp:term":[{"taxonomy":"category","embeddable":true,"href":"https:\/\/www.laguiadepamplona.com\/actualidad\/wp-json\/wp\/v2\/categories?post=37885"},{"taxonomy":"post_tag","embeddable":true,"href":"https:\/\/www.laguiadepamplona.com\/actualidad\/wp-json\/wp\/v2\/tags?post=37885"}],"curies":[{"name":"wp","href":"https:\/\/api.w.org\/{rel}","templated":true}]}}