{"id":37873,"date":"2021-12-09T17:51:59","date_gmt":"2021-12-09T15:51:59","guid":{"rendered":"https:\/\/www.laguiadepamplona.com\/actualidad\/?p=37873"},"modified":"2023-04-11T11:48:42","modified_gmt":"2023-04-11T09:48:42","slug":"este-sabado-la-casa-de-la-juventud-sera-un-espacio-de-interculturalidad-con-historias-de-migracion-de-la-mano-de-la-asociacion-sei","status":"publish","type":"post","link":"https:\/\/www.laguiadepamplona.com\/actualidad\/este-sabado-la-casa-de-la-juventud-sera-un-espacio-de-interculturalidad-con-historias-de-migracion-de-la-mano-de-la-asociacion-sei\/","title":{"rendered":"Este s\u00e1bado la Casa de la Juventud ser\u00e1 un espacio de interculturalidad con \u2018Historias de migraci\u00f3n\u2019 de la mano de la asociaci\u00f3n SEI"},"content":{"rendered":"<h5>Las propuestas de esta nueva Tarde de ocio comenzar\u00e1n a las 17.30 horas y son de car\u00e1cter gratuito, aunque requieren inscripci\u00f3n previa<\/h5>\n<p><!--more--><\/p>\n<p><a href=\"https:\/\/www.laguiadepamplona.com\/actualidad\/wp-content\/uploads\/2021\/12\/211209ubuntutardeociocartel.jpg\"><img loading=\"lazy\" decoding=\"async\" class=\"alignleft size-medium wp-image-37875\" src=\"https:\/\/www.laguiadepamplona.com\/actualidad\/wp-content\/uploads\/2021\/12\/211209ubuntutardeociocartel-212x300.jpg\" alt=\"\" width=\"212\" height=\"300\" srcset=\"https:\/\/www.laguiadepamplona.com\/actualidad\/wp-content\/uploads\/2021\/12\/211209ubuntutardeociocartel-212x300.jpg 212w, https:\/\/www.laguiadepamplona.com\/actualidad\/wp-content\/uploads\/2021\/12\/211209ubuntutardeociocartel-482x682.jpg 482w, https:\/\/www.laguiadepamplona.com\/actualidad\/wp-content\/uploads\/2021\/12\/211209ubuntutardeociocartel-768x1086.jpg 768w, https:\/\/www.laguiadepamplona.com\/actualidad\/wp-content\/uploads\/2021\/12\/211209ubuntutardeociocartel-1086x1536.jpg 1086w, https:\/\/www.laguiadepamplona.com\/actualidad\/wp-content\/uploads\/2021\/12\/211209ubuntutardeociocartel-640x905.jpg 640w, https:\/\/www.laguiadepamplona.com\/actualidad\/wp-content\/uploads\/2021\/12\/211209ubuntutardeociocartel.jpg 1414w\" sizes=\"auto, (max-width: 212px) 100vw, 212px\" \/><\/a>La Casa de la Juventud ofrecer\u00e1, el pr\u00f3ximo s\u00e1bado 11 de diciembre, la tarde de ocio \u2018Ubuntu SEI. Zero\u2019, unas horas para divertirse y reflexionar sobre interculturalidad. De 17.30 a 20.45 horas, quienes asistan podr\u00e1n participar en las actividades, juegos y propuestas que ha preparado la Asociaci\u00f3n SEI que para desarrollar en sus participantes un pensamiento cr\u00edtico sobre la migraci\u00f3n y las diferentes realidades de convivencia en las sociedades desarrolladas, as\u00ed como aprender sobre el concepto de co-construcci\u00f3n social. Y es que \u2018ubuntu\u2019 es una palabra de la lengua Xhosa (un idioma bant\u00fa ubicado en Sud\u00e1frica) que significa \u2018Yo soy porque nosotros\/as somos\u2019 y que enfoca la identidad propia como humanidad hacia otros.<\/p>\n<p>La entrada a la tarde de ocio ser\u00e1 libre, previa inscripci\u00f3n, en la Casa de la Juventud o en el tel\u00e9fono 948 23 35 12, y est\u00e1 dise\u00f1ada para j\u00f3venes de 12 a 30 a\u00f1os. Los espacios donde se desarrollar\u00e1n estas propuestas est\u00e1n adaptados a los requisitos de la normativa sanitaria y las personas asistentes deber\u00e1n cumplir con las medidas de prevenci\u00f3n vigentes.<br \/>\n<script async src=\"\/\/pagead2.googlesyndication.com\/pagead\/js\/adsbygoogle.js\"><\/script><br \/>\n<!-- Noticias La Guia de Pamplona --><br \/>\n<ins class=\"adsbygoogle\"\nstyle=\"display:block\"\ndata-ad-client=\"ca-pub-6943679897239327\"\ndata-ad-slot=\"7048180777\"\ndata-ad-format=\"auto\"><\/ins><br \/>\n<script>\n(adsbygoogle = window.adsbygoogle || []).push({});\n<\/script><\/p>\n<p>SEI (Servicio de Educaci\u00f3n Intercultural) es una asociaci\u00f3n independiente formada por un grupo heterog\u00e9neo de unas 70 personas voluntarias y unas 35 personas socias que tiene como objetivo promover la participaci\u00f3n de todos los agentes sociales implicados en la construcci\u00f3n compartida de una sociedad intercultural. En su tarea prestan especial atenci\u00f3n a la juventud, a adolescentes inmigrados y a sus familias, en los \u00e1mbitos socioeducativo, psicosocial y sociocultural con el fin de prevenir situaciones de exclusi\u00f3n y conflicto social, y de promover su desarrollo aut\u00f3nomo. En la tarde de la Casa, precisamente coordinar\u00e1n las actividades j\u00f3venes voluntarios y voluntarias.<\/p>\n<p>El Ayuntamiento de Pamplona colabora con esta propuesta, tambi\u00e9n econ\u00f3micamente, desde el Programa Municipal de Cooperaci\u00f3n el Desarrollo. En este 2021 el proyecto completo \u201cUna ventana el mundo. Formaci\u00f3n sobre la solidaridad\u201d de Alboan \/ SEI, que es donde se enmarca esta tarde de ocio juvenil, ha sido financiado con 7.863 euros.<br \/>\n<script async src=\"\/\/pagead2.googlesyndication.com\/pagead\/js\/adsbygoogle.js\"><\/script><br \/>\n<!-- Noticias La Guia de Pamplona --><br \/>\n<ins class=\"adsbygoogle\"\nstyle=\"display:block\"\ndata-ad-client=\"ca-pub-6943679897239327\"\ndata-ad-slot=\"7048180777\"\ndata-ad-format=\"auto\"><\/ins><br \/>\n<script>\n(adsbygoogle = window.adsbygoogle || []).push({});\n<\/script><\/p>\n<p><strong>M\u00e1s que ponerse en el lugar del otro<\/strong><\/p>\n<p>Las actividades de Ubuntu pretenden hacer reflexionar sobre las historias de otros que podr\u00edan tambi\u00e9n ser las propias y de c\u00f3mo la identidad social es una construcci\u00f3n com\u00fan en la que todas las personas aportan. La jornada se iniciar\u00e1 a las 17.30 horas con 15 minutos de presentaci\u00f3n de la jornada y del trabajo de SEI y sus objetivos. A partir de ah\u00ed se iniciar\u00e1n las actividades comenzando con una sesi\u00f3n \u2018Breakout-Edu Intercultural\u2019 una experiencia educativa inmersiva que utiliza el juego como plataforma, en este caso, un juego de fuga. Quienes participen se pondr\u00e1n en la piel de cuatro personas distintas, cada una con su historia, retos y enigmas, que les ayudar\u00e1n a abrir una misteriosa caja final. Divididos en cuatro grupos, se conocer\u00e1n las historias de \u201cJhonny\u201d, un chico de 15 a\u00f1os que acaba de llegar de Bolivia y se ha reencontrado con su madre, a la que hac\u00eda muchos a\u00f1os que no ve\u00eda; \u201cDayana\u201d, una chica de 13 a\u00f1os, reci\u00e9n llegada a Navarra, que escapa, junto a su familia, de su casa en el Amazonas, porque son amenazados; \u201cYounes\u201d, un chico de 17 a\u00f1os que acaba de llegar, tras varios a\u00f1os de traves\u00eda, desde que empez\u00f3 su camino de migraci\u00f3n en Ghana; y \u201cAmaia\u201d, una chica de 16 a\u00f1os, de Pamplona, que acaba de cambiar de casa y de colegio, dejando atr\u00e1s amigas y amigos.<\/p>\n<p>Se trata de que cada grupo viva una historia en primera persona. A partir de las 19.15, se har\u00e1 una sesi\u00f3n com\u00fan a los cuatro grupos para construir un di\u00e1logo grupal, diverso y de conocimiento compartido, es decir, lo que se llama un espacio de co-construcci\u00f3n social. La propuesta para cerrar la tarde ser\u00e1, a partir de las 20 horas, la actividad \u2018Bibliotecas humanas\u2019. En este espacio de encuentro las personas participantes podr\u00e1n establecer un di\u00e1logo con otros j\u00f3venes de diversas nacionalidades que viven en Pamplona y que han ido llegando a la ciudad muchas veces tras largas peripecias vitales. Es una actividad que quiere trascender de la \u2018portada\u2019 de cada relato y profundizar en la experiencia personal.<br \/>\n<script async src=\"\/\/pagead2.googlesyndication.com\/pagead\/js\/adsbygoogle.js\"><\/script><br \/>\n<!-- Noticias La Guia de Pamplona --><br \/>\n<ins class=\"adsbygoogle\"\nstyle=\"display:block\"\ndata-ad-client=\"ca-pub-6943679897239327\"\ndata-ad-slot=\"7048180777\"\ndata-ad-format=\"auto\"><\/ins><br \/>\n<script>\n(adsbygoogle = window.adsbygoogle || []).push({});\n<\/script><\/p>\n<p>&nbsp;<\/p>\n<h3>Tarde de ocio \u2018Ubuntu SEI. Zero\u2019 (11 de diciembre)<\/h3>\n<ul>\n<li>De 17.30 a 17.45 horas<\/li>\n<\/ul>\n<p><strong>Presentaci\u00f3n de la jornada y la asociaci\u00f3n<\/strong><\/p>\n<p>De 17.45 a 19.45 horas. Breakout-Edu Intercultural<\/p>\n<p>Experiencia educativa inmersiva que utilizar\u00e1 un juego de fuga sobre la realidad de las personas migradas<\/p>\n<ul>\n<li>De 19.15 a 19.45 horas<\/li>\n<\/ul>\n<p>Puesta en com\u00fan de lo vivido en la actividad \u2018BreakoutEdu\u2019, cerrando la actividad con las \u201cbibliotecas humanas\u201d:<\/p>\n<ul>\n<li>De 20 a 20.45. Bibliotecas humanas<\/li>\n<\/ul>\n<p>Oportunidad de conocer historias de la mano de sus protagonistas profundizando en historias reales muy parecidas a la que se trabajan desde Ubuntu<\/p>\n","protected":false},"excerpt":{"rendered":"<p>Las propuestas de esta nueva Tarde de ocio comenzar\u00e1n a las 17.30 horas y son de car\u00e1cter gratuito, aunque requieren inscripci\u00f3n previa<\/p>\n","protected":false},"author":1,"featured_media":37874,"comment_status":"open","ping_status":"closed","sticky":false,"template":"","format":"standard","meta":{"footnotes":""},"categories":[2],"tags":[],"class_list":["post-37873","post","type-post","status-publish","format-standard","has-post-thumbnail","hentry","category-ayuntamiento-pamplona"],"yoast_head":"<!-- This site is optimized with the Yoast SEO plugin v27.3 - https:\/\/yoast.com\/product\/yoast-seo-wordpress\/ -->\n<title>Este s\u00e1bado la Casa de la Juventud ser\u00e1 un espacio de interculturalidad con \u2018Historias de migraci\u00f3n\u2019 de la mano de la asociaci\u00f3n SEI<\/title>\n<meta name=\"description\" content=\"Este s\u00e1bado la Casa de la Juventud ser\u00e1 un espacio de interculturalidad con \u2018Historias de migraci\u00f3n\u2019 de la mano de la asociaci\u00f3n SEI\" \/>\n<meta name=\"robots\" content=\"index, follow, max-snippet:-1, max-image-preview:large, max-video-preview:-1\" \/>\n<link rel=\"canonical\" href=\"https:\/\/www.laguiadepamplona.com\/actualidad\/este-sabado-la-casa-de-la-juventud-sera-un-espacio-de-interculturalidad-con-historias-de-migracion-de-la-mano-de-la-asociacion-sei\/\" \/>\n<meta property=\"og:locale\" content=\"es_ES\" \/>\n<meta property=\"og:type\" content=\"article\" \/>\n<meta property=\"og:title\" content=\"Este s\u00e1bado la Casa de la Juventud ser\u00e1 un espacio de interculturalidad con \u2018Historias de migraci\u00f3n\u2019 de la mano de la asociaci\u00f3n SEI\" \/>\n<meta property=\"og:description\" content=\"Este s\u00e1bado la Casa de la Juventud ser\u00e1 un espacio de interculturalidad con \u2018Historias de migraci\u00f3n\u2019 de la mano de la asociaci\u00f3n SEI\" \/>\n<meta property=\"og:url\" content=\"https:\/\/www.laguiadepamplona.com\/actualidad\/este-sabado-la-casa-de-la-juventud-sera-un-espacio-de-interculturalidad-con-historias-de-migracion-de-la-mano-de-la-asociacion-sei\/\" \/>\n<meta property=\"og:site_name\" content=\"La Gu\u00eda de Pamplona\" \/>\n<meta property=\"article:publisher\" content=\"https:\/\/www.facebook.com\/laguiadepamplonacom-133175176762273\/?ref=hl\" \/>\n<meta property=\"article:published_time\" content=\"2021-12-09T15:51:59+00:00\" \/>\n<meta property=\"article:modified_time\" content=\"2023-04-11T09:48:42+00:00\" \/>\n<meta property=\"og:image\" content=\"https:\/\/www.laguiadepamplona.com\/actualidad\/wp-content\/uploads\/2021\/12\/211209ubuntutardeociocartel-copia.jpg\" \/>\n\t<meta property=\"og:image:width\" content=\"1754\" \/>\n\t<meta property=\"og:image:height\" content=\"1140\" \/>\n\t<meta property=\"og:image:type\" content=\"image\/jpeg\" \/>\n<meta name=\"author\" content=\"La Gu\u00eda de Pamplona\" \/>\n<meta name=\"twitter:card\" content=\"summary_large_image\" \/>\n<meta name=\"twitter:creator\" content=\"@LaGuiadPamplona\" \/>\n<meta name=\"twitter:site\" content=\"@LaGuiadPamplona\" \/>\n<meta name=\"twitter:label1\" content=\"Escrito por\" \/>\n\t<meta name=\"twitter:data1\" content=\"La Gu\u00eda de Pamplona\" \/>\n\t<meta name=\"twitter:label2\" content=\"Tiempo de lectura\" \/>\n\t<meta name=\"twitter:data2\" content=\"4 minutos\" \/>\n<script type=\"application\/ld+json\" class=\"yoast-schema-graph\">{\"@context\":\"https:\\\/\\\/schema.org\",\"@graph\":[{\"@type\":\"Article\",\"@id\":\"https:\\\/\\\/www.laguiadepamplona.com\\\/actualidad\\\/este-sabado-la-casa-de-la-juventud-sera-un-espacio-de-interculturalidad-con-historias-de-migracion-de-la-mano-de-la-asociacion-sei\\\/#article\",\"isPartOf\":{\"@id\":\"https:\\\/\\\/www.laguiadepamplona.com\\\/actualidad\\\/este-sabado-la-casa-de-la-juventud-sera-un-espacio-de-interculturalidad-con-historias-de-migracion-de-la-mano-de-la-asociacion-sei\\\/\"},\"author\":{\"name\":\"La Gu\u00eda de Pamplona\",\"@id\":\"https:\\\/\\\/www.laguiadepamplona.com\\\/actualidad\\\/#\\\/schema\\\/person\\\/efe887376f0213d4657c93adc50b1fdb\"},\"headline\":\"Este s\u00e1bado la Casa de la Juventud ser\u00e1 un espacio de interculturalidad con \u2018Historias de migraci\u00f3n\u2019 de la mano de la asociaci\u00f3n SEI\",\"datePublished\":\"2021-12-09T15:51:59+00:00\",\"dateModified\":\"2023-04-11T09:48:42+00:00\",\"mainEntityOfPage\":{\"@id\":\"https:\\\/\\\/www.laguiadepamplona.com\\\/actualidad\\\/este-sabado-la-casa-de-la-juventud-sera-un-espacio-de-interculturalidad-con-historias-de-migracion-de-la-mano-de-la-asociacion-sei\\\/\"},\"wordCount\":861,\"commentCount\":0,\"publisher\":{\"@id\":\"https:\\\/\\\/www.laguiadepamplona.com\\\/actualidad\\\/#organization\"},\"image\":{\"@id\":\"https:\\\/\\\/www.laguiadepamplona.com\\\/actualidad\\\/este-sabado-la-casa-de-la-juventud-sera-un-espacio-de-interculturalidad-con-historias-de-migracion-de-la-mano-de-la-asociacion-sei\\\/#primaryimage\"},\"thumbnailUrl\":\"https:\\\/\\\/www.laguiadepamplona.com\\\/actualidad\\\/wp-content\\\/uploads\\\/2021\\\/12\\\/211209ubuntutardeociocartel-copia.jpg\",\"articleSection\":[\"Ayto Pamplona\"],\"inLanguage\":\"es\",\"potentialAction\":[{\"@type\":\"CommentAction\",\"name\":\"Comment\",\"target\":[\"https:\\\/\\\/www.laguiadepamplona.com\\\/actualidad\\\/este-sabado-la-casa-de-la-juventud-sera-un-espacio-de-interculturalidad-con-historias-de-migracion-de-la-mano-de-la-asociacion-sei\\\/#respond\"]}]},{\"@type\":\"WebPage\",\"@id\":\"https:\\\/\\\/www.laguiadepamplona.com\\\/actualidad\\\/este-sabado-la-casa-de-la-juventud-sera-un-espacio-de-interculturalidad-con-historias-de-migracion-de-la-mano-de-la-asociacion-sei\\\/\",\"url\":\"https:\\\/\\\/www.laguiadepamplona.com\\\/actualidad\\\/este-sabado-la-casa-de-la-juventud-sera-un-espacio-de-interculturalidad-con-historias-de-migracion-de-la-mano-de-la-asociacion-sei\\\/\",\"name\":\"Este s\u00e1bado la Casa de la Juventud ser\u00e1 un espacio de interculturalidad con \u2018Historias de migraci\u00f3n\u2019 de la mano de la asociaci\u00f3n SEI\",\"isPartOf\":{\"@id\":\"https:\\\/\\\/www.laguiadepamplona.com\\\/actualidad\\\/#website\"},\"primaryImageOfPage\":{\"@id\":\"https:\\\/\\\/www.laguiadepamplona.com\\\/actualidad\\\/este-sabado-la-casa-de-la-juventud-sera-un-espacio-de-interculturalidad-con-historias-de-migracion-de-la-mano-de-la-asociacion-sei\\\/#primaryimage\"},\"image\":{\"@id\":\"https:\\\/\\\/www.laguiadepamplona.com\\\/actualidad\\\/este-sabado-la-casa-de-la-juventud-sera-un-espacio-de-interculturalidad-con-historias-de-migracion-de-la-mano-de-la-asociacion-sei\\\/#primaryimage\"},\"thumbnailUrl\":\"https:\\\/\\\/www.laguiadepamplona.com\\\/actualidad\\\/wp-content\\\/uploads\\\/2021\\\/12\\\/211209ubuntutardeociocartel-copia.jpg\",\"datePublished\":\"2021-12-09T15:51:59+00:00\",\"dateModified\":\"2023-04-11T09:48:42+00:00\",\"description\":\"Este s\u00e1bado la Casa de la Juventud ser\u00e1 un espacio de interculturalidad con \u2018Historias de migraci\u00f3n\u2019 de la mano de la asociaci\u00f3n SEI\",\"breadcrumb\":{\"@id\":\"https:\\\/\\\/www.laguiadepamplona.com\\\/actualidad\\\/este-sabado-la-casa-de-la-juventud-sera-un-espacio-de-interculturalidad-con-historias-de-migracion-de-la-mano-de-la-asociacion-sei\\\/#breadcrumb\"},\"inLanguage\":\"es\",\"potentialAction\":[{\"@type\":\"ReadAction\",\"target\":[\"https:\\\/\\\/www.laguiadepamplona.com\\\/actualidad\\\/este-sabado-la-casa-de-la-juventud-sera-un-espacio-de-interculturalidad-con-historias-de-migracion-de-la-mano-de-la-asociacion-sei\\\/\"]}]},{\"@type\":\"ImageObject\",\"inLanguage\":\"es\",\"@id\":\"https:\\\/\\\/www.laguiadepamplona.com\\\/actualidad\\\/este-sabado-la-casa-de-la-juventud-sera-un-espacio-de-interculturalidad-con-historias-de-migracion-de-la-mano-de-la-asociacion-sei\\\/#primaryimage\",\"url\":\"https:\\\/\\\/www.laguiadepamplona.com\\\/actualidad\\\/wp-content\\\/uploads\\\/2021\\\/12\\\/211209ubuntutardeociocartel-copia.jpg\",\"contentUrl\":\"https:\\\/\\\/www.laguiadepamplona.com\\\/actualidad\\\/wp-content\\\/uploads\\\/2021\\\/12\\\/211209ubuntutardeociocartel-copia.jpg\",\"width\":1754,\"height\":1140},{\"@type\":\"BreadcrumbList\",\"@id\":\"https:\\\/\\\/www.laguiadepamplona.com\\\/actualidad\\\/este-sabado-la-casa-de-la-juventud-sera-un-espacio-de-interculturalidad-con-historias-de-migracion-de-la-mano-de-la-asociacion-sei\\\/#breadcrumb\",\"itemListElement\":[{\"@type\":\"ListItem\",\"position\":1,\"name\":\"Portada\",\"item\":\"https:\\\/\\\/www.laguiadepamplona.com\\\/actualidad\\\/\"},{\"@type\":\"ListItem\",\"position\":2,\"name\":\"Este s\u00e1bado la Casa de la Juventud ser\u00e1 un espacio de interculturalidad con \u2018Historias de migraci\u00f3n\u2019 de la mano de la asociaci\u00f3n SEI\"}]},{\"@type\":\"WebSite\",\"@id\":\"https:\\\/\\\/www.laguiadepamplona.com\\\/actualidad\\\/#website\",\"url\":\"https:\\\/\\\/www.laguiadepamplona.com\\\/actualidad\\\/\",\"name\":\"La gu\u00eda de Pamplona\",\"description\":\"Noticias de Pamplona\",\"publisher\":{\"@id\":\"https:\\\/\\\/www.laguiadepamplona.com\\\/actualidad\\\/#organization\"},\"potentialAction\":[{\"@type\":\"SearchAction\",\"target\":{\"@type\":\"EntryPoint\",\"urlTemplate\":\"https:\\\/\\\/www.laguiadepamplona.com\\\/actualidad\\\/?s={search_term_string}\"},\"query-input\":{\"@type\":\"PropertyValueSpecification\",\"valueRequired\":true,\"valueName\":\"search_term_string\"}}],\"inLanguage\":\"es\"},{\"@type\":\"Organization\",\"@id\":\"https:\\\/\\\/www.laguiadepamplona.com\\\/actualidad\\\/#organization\",\"name\":\"La Gu\u00eda de Pamplona \\\/ Noticias\",\"url\":\"https:\\\/\\\/www.laguiadepamplona.com\\\/actualidad\\\/\",\"logo\":{\"@type\":\"ImageObject\",\"inLanguage\":\"es\",\"@id\":\"https:\\\/\\\/www.laguiadepamplona.com\\\/actualidad\\\/#\\\/schema\\\/logo\\\/image\\\/\",\"url\":\"https:\\\/\\\/www.laguiadepamplona.com\\\/actualidad\\\/wp-content\\\/uploads\\\/2018\\\/11\\\/logo-laguiadepamplona18-web1.png\",\"contentUrl\":\"https:\\\/\\\/www.laguiadepamplona.com\\\/actualidad\\\/wp-content\\\/uploads\\\/2018\\\/11\\\/logo-laguiadepamplona18-web1.png\",\"width\":600,\"height\":196,\"caption\":\"La Gu\u00eda de Pamplona \\\/ Noticias\"},\"image\":{\"@id\":\"https:\\\/\\\/www.laguiadepamplona.com\\\/actualidad\\\/#\\\/schema\\\/logo\\\/image\\\/\"},\"sameAs\":[\"https:\\\/\\\/www.facebook.com\\\/laguiadepamplonacom-133175176762273\\\/?ref=hl\",\"https:\\\/\\\/x.com\\\/LaGuiadPamplona\",\"https:\\\/\\\/www.instagram.com\\\/la_guia_de_pamplona\\\/\",\"https:\\\/\\\/www.youtube.com\\\/user\\\/laguiadepamplona\"]},{\"@type\":\"Person\",\"@id\":\"https:\\\/\\\/www.laguiadepamplona.com\\\/actualidad\\\/#\\\/schema\\\/person\\\/efe887376f0213d4657c93adc50b1fdb\",\"name\":\"La Gu\u00eda de Pamplona\",\"image\":{\"@type\":\"ImageObject\",\"inLanguage\":\"es\",\"@id\":\"https:\\\/\\\/secure.gravatar.com\\\/avatar\\\/b6992f131dc8d30ab0dff15446e9d346d9dbd95992de0fef795073f5ea83a81c?s=96&d=mm&r=g\",\"url\":\"https:\\\/\\\/secure.gravatar.com\\\/avatar\\\/b6992f131dc8d30ab0dff15446e9d346d9dbd95992de0fef795073f5ea83a81c?s=96&d=mm&r=g\",\"contentUrl\":\"https:\\\/\\\/secure.gravatar.com\\\/avatar\\\/b6992f131dc8d30ab0dff15446e9d346d9dbd95992de0fef795073f5ea83a81c?s=96&d=mm&r=g\",\"caption\":\"La Gu\u00eda de Pamplona\"}}]}<\/script>\n<!-- \/ Yoast SEO plugin. -->","yoast_head_json":{"title":"Este s\u00e1bado la Casa de la Juventud ser\u00e1 un espacio de interculturalidad con \u2018Historias de migraci\u00f3n\u2019 de la mano de la asociaci\u00f3n SEI","description":"Este s\u00e1bado la Casa de la Juventud ser\u00e1 un espacio de interculturalidad con \u2018Historias de migraci\u00f3n\u2019 de la mano de la asociaci\u00f3n SEI","robots":{"index":"index","follow":"follow","max-snippet":"max-snippet:-1","max-image-preview":"max-image-preview:large","max-video-preview":"max-video-preview:-1"},"canonical":"https:\/\/www.laguiadepamplona.com\/actualidad\/este-sabado-la-casa-de-la-juventud-sera-un-espacio-de-interculturalidad-con-historias-de-migracion-de-la-mano-de-la-asociacion-sei\/","og_locale":"es_ES","og_type":"article","og_title":"Este s\u00e1bado la Casa de la Juventud ser\u00e1 un espacio de interculturalidad con \u2018Historias de migraci\u00f3n\u2019 de la mano de la asociaci\u00f3n SEI","og_description":"Este s\u00e1bado la Casa de la Juventud ser\u00e1 un espacio de interculturalidad con \u2018Historias de migraci\u00f3n\u2019 de la mano de la asociaci\u00f3n SEI","og_url":"https:\/\/www.laguiadepamplona.com\/actualidad\/este-sabado-la-casa-de-la-juventud-sera-un-espacio-de-interculturalidad-con-historias-de-migracion-de-la-mano-de-la-asociacion-sei\/","og_site_name":"La Gu\u00eda de Pamplona","article_publisher":"https:\/\/www.facebook.com\/laguiadepamplonacom-133175176762273\/?ref=hl","article_published_time":"2021-12-09T15:51:59+00:00","article_modified_time":"2023-04-11T09:48:42+00:00","og_image":[{"width":1754,"height":1140,"url":"https:\/\/www.laguiadepamplona.com\/actualidad\/wp-content\/uploads\/2021\/12\/211209ubuntutardeociocartel-copia.jpg","type":"image\/jpeg"}],"author":"La Gu\u00eda de Pamplona","twitter_card":"summary_large_image","twitter_creator":"@LaGuiadPamplona","twitter_site":"@LaGuiadPamplona","twitter_misc":{"Escrito por":"La Gu\u00eda de Pamplona","Tiempo de lectura":"4 minutos"},"schema":{"@context":"https:\/\/schema.org","@graph":[{"@type":"Article","@id":"https:\/\/www.laguiadepamplona.com\/actualidad\/este-sabado-la-casa-de-la-juventud-sera-un-espacio-de-interculturalidad-con-historias-de-migracion-de-la-mano-de-la-asociacion-sei\/#article","isPartOf":{"@id":"https:\/\/www.laguiadepamplona.com\/actualidad\/este-sabado-la-casa-de-la-juventud-sera-un-espacio-de-interculturalidad-con-historias-de-migracion-de-la-mano-de-la-asociacion-sei\/"},"author":{"name":"La Gu\u00eda de Pamplona","@id":"https:\/\/www.laguiadepamplona.com\/actualidad\/#\/schema\/person\/efe887376f0213d4657c93adc50b1fdb"},"headline":"Este s\u00e1bado la Casa de la Juventud ser\u00e1 un espacio de interculturalidad con \u2018Historias de migraci\u00f3n\u2019 de la mano de la asociaci\u00f3n SEI","datePublished":"2021-12-09T15:51:59+00:00","dateModified":"2023-04-11T09:48:42+00:00","mainEntityOfPage":{"@id":"https:\/\/www.laguiadepamplona.com\/actualidad\/este-sabado-la-casa-de-la-juventud-sera-un-espacio-de-interculturalidad-con-historias-de-migracion-de-la-mano-de-la-asociacion-sei\/"},"wordCount":861,"commentCount":0,"publisher":{"@id":"https:\/\/www.laguiadepamplona.com\/actualidad\/#organization"},"image":{"@id":"https:\/\/www.laguiadepamplona.com\/actualidad\/este-sabado-la-casa-de-la-juventud-sera-un-espacio-de-interculturalidad-con-historias-de-migracion-de-la-mano-de-la-asociacion-sei\/#primaryimage"},"thumbnailUrl":"https:\/\/www.laguiadepamplona.com\/actualidad\/wp-content\/uploads\/2021\/12\/211209ubuntutardeociocartel-copia.jpg","articleSection":["Ayto Pamplona"],"inLanguage":"es","potentialAction":[{"@type":"CommentAction","name":"Comment","target":["https:\/\/www.laguiadepamplona.com\/actualidad\/este-sabado-la-casa-de-la-juventud-sera-un-espacio-de-interculturalidad-con-historias-de-migracion-de-la-mano-de-la-asociacion-sei\/#respond"]}]},{"@type":"WebPage","@id":"https:\/\/www.laguiadepamplona.com\/actualidad\/este-sabado-la-casa-de-la-juventud-sera-un-espacio-de-interculturalidad-con-historias-de-migracion-de-la-mano-de-la-asociacion-sei\/","url":"https:\/\/www.laguiadepamplona.com\/actualidad\/este-sabado-la-casa-de-la-juventud-sera-un-espacio-de-interculturalidad-con-historias-de-migracion-de-la-mano-de-la-asociacion-sei\/","name":"Este s\u00e1bado la Casa de la Juventud ser\u00e1 un espacio de interculturalidad con \u2018Historias de migraci\u00f3n\u2019 de la mano de la asociaci\u00f3n SEI","isPartOf":{"@id":"https:\/\/www.laguiadepamplona.com\/actualidad\/#website"},"primaryImageOfPage":{"@id":"https:\/\/www.laguiadepamplona.com\/actualidad\/este-sabado-la-casa-de-la-juventud-sera-un-espacio-de-interculturalidad-con-historias-de-migracion-de-la-mano-de-la-asociacion-sei\/#primaryimage"},"image":{"@id":"https:\/\/www.laguiadepamplona.com\/actualidad\/este-sabado-la-casa-de-la-juventud-sera-un-espacio-de-interculturalidad-con-historias-de-migracion-de-la-mano-de-la-asociacion-sei\/#primaryimage"},"thumbnailUrl":"https:\/\/www.laguiadepamplona.com\/actualidad\/wp-content\/uploads\/2021\/12\/211209ubuntutardeociocartel-copia.jpg","datePublished":"2021-12-09T15:51:59+00:00","dateModified":"2023-04-11T09:48:42+00:00","description":"Este s\u00e1bado la Casa de la Juventud ser\u00e1 un espacio de interculturalidad con \u2018Historias de migraci\u00f3n\u2019 de la mano de la asociaci\u00f3n SEI","breadcrumb":{"@id":"https:\/\/www.laguiadepamplona.com\/actualidad\/este-sabado-la-casa-de-la-juventud-sera-un-espacio-de-interculturalidad-con-historias-de-migracion-de-la-mano-de-la-asociacion-sei\/#breadcrumb"},"inLanguage":"es","potentialAction":[{"@type":"ReadAction","target":["https:\/\/www.laguiadepamplona.com\/actualidad\/este-sabado-la-casa-de-la-juventud-sera-un-espacio-de-interculturalidad-con-historias-de-migracion-de-la-mano-de-la-asociacion-sei\/"]}]},{"@type":"ImageObject","inLanguage":"es","@id":"https:\/\/www.laguiadepamplona.com\/actualidad\/este-sabado-la-casa-de-la-juventud-sera-un-espacio-de-interculturalidad-con-historias-de-migracion-de-la-mano-de-la-asociacion-sei\/#primaryimage","url":"https:\/\/www.laguiadepamplona.com\/actualidad\/wp-content\/uploads\/2021\/12\/211209ubuntutardeociocartel-copia.jpg","contentUrl":"https:\/\/www.laguiadepamplona.com\/actualidad\/wp-content\/uploads\/2021\/12\/211209ubuntutardeociocartel-copia.jpg","width":1754,"height":1140},{"@type":"BreadcrumbList","@id":"https:\/\/www.laguiadepamplona.com\/actualidad\/este-sabado-la-casa-de-la-juventud-sera-un-espacio-de-interculturalidad-con-historias-de-migracion-de-la-mano-de-la-asociacion-sei\/#breadcrumb","itemListElement":[{"@type":"ListItem","position":1,"name":"Portada","item":"https:\/\/www.laguiadepamplona.com\/actualidad\/"},{"@type":"ListItem","position":2,"name":"Este s\u00e1bado la Casa de la Juventud ser\u00e1 un espacio de interculturalidad con \u2018Historias de migraci\u00f3n\u2019 de la mano de la asociaci\u00f3n SEI"}]},{"@type":"WebSite","@id":"https:\/\/www.laguiadepamplona.com\/actualidad\/#website","url":"https:\/\/www.laguiadepamplona.com\/actualidad\/","name":"La gu\u00eda de Pamplona","description":"Noticias de Pamplona","publisher":{"@id":"https:\/\/www.laguiadepamplona.com\/actualidad\/#organization"},"potentialAction":[{"@type":"SearchAction","target":{"@type":"EntryPoint","urlTemplate":"https:\/\/www.laguiadepamplona.com\/actualidad\/?s={search_term_string}"},"query-input":{"@type":"PropertyValueSpecification","valueRequired":true,"valueName":"search_term_string"}}],"inLanguage":"es"},{"@type":"Organization","@id":"https:\/\/www.laguiadepamplona.com\/actualidad\/#organization","name":"La Gu\u00eda de Pamplona \/ Noticias","url":"https:\/\/www.laguiadepamplona.com\/actualidad\/","logo":{"@type":"ImageObject","inLanguage":"es","@id":"https:\/\/www.laguiadepamplona.com\/actualidad\/#\/schema\/logo\/image\/","url":"https:\/\/www.laguiadepamplona.com\/actualidad\/wp-content\/uploads\/2018\/11\/logo-laguiadepamplona18-web1.png","contentUrl":"https:\/\/www.laguiadepamplona.com\/actualidad\/wp-content\/uploads\/2018\/11\/logo-laguiadepamplona18-web1.png","width":600,"height":196,"caption":"La Gu\u00eda de Pamplona \/ Noticias"},"image":{"@id":"https:\/\/www.laguiadepamplona.com\/actualidad\/#\/schema\/logo\/image\/"},"sameAs":["https:\/\/www.facebook.com\/laguiadepamplonacom-133175176762273\/?ref=hl","https:\/\/x.com\/LaGuiadPamplona","https:\/\/www.instagram.com\/la_guia_de_pamplona\/","https:\/\/www.youtube.com\/user\/laguiadepamplona"]},{"@type":"Person","@id":"https:\/\/www.laguiadepamplona.com\/actualidad\/#\/schema\/person\/efe887376f0213d4657c93adc50b1fdb","name":"La Gu\u00eda de Pamplona","image":{"@type":"ImageObject","inLanguage":"es","@id":"https:\/\/secure.gravatar.com\/avatar\/b6992f131dc8d30ab0dff15446e9d346d9dbd95992de0fef795073f5ea83a81c?s=96&d=mm&r=g","url":"https:\/\/secure.gravatar.com\/avatar\/b6992f131dc8d30ab0dff15446e9d346d9dbd95992de0fef795073f5ea83a81c?s=96&d=mm&r=g","contentUrl":"https:\/\/secure.gravatar.com\/avatar\/b6992f131dc8d30ab0dff15446e9d346d9dbd95992de0fef795073f5ea83a81c?s=96&d=mm&r=g","caption":"La Gu\u00eda de Pamplona"}}]}},"post_mailing_queue_ids":[],"_links":{"self":[{"href":"https:\/\/www.laguiadepamplona.com\/actualidad\/wp-json\/wp\/v2\/posts\/37873","targetHints":{"allow":["GET"]}}],"collection":[{"href":"https:\/\/www.laguiadepamplona.com\/actualidad\/wp-json\/wp\/v2\/posts"}],"about":[{"href":"https:\/\/www.laguiadepamplona.com\/actualidad\/wp-json\/wp\/v2\/types\/post"}],"author":[{"embeddable":true,"href":"https:\/\/www.laguiadepamplona.com\/actualidad\/wp-json\/wp\/v2\/users\/1"}],"replies":[{"embeddable":true,"href":"https:\/\/www.laguiadepamplona.com\/actualidad\/wp-json\/wp\/v2\/comments?post=37873"}],"version-history":[{"count":0,"href":"https:\/\/www.laguiadepamplona.com\/actualidad\/wp-json\/wp\/v2\/posts\/37873\/revisions"}],"wp:featuredmedia":[{"embeddable":true,"href":"https:\/\/www.laguiadepamplona.com\/actualidad\/wp-json\/wp\/v2\/media\/37874"}],"wp:attachment":[{"href":"https:\/\/www.laguiadepamplona.com\/actualidad\/wp-json\/wp\/v2\/media?parent=37873"}],"wp:term":[{"taxonomy":"category","embeddable":true,"href":"https:\/\/www.laguiadepamplona.com\/actualidad\/wp-json\/wp\/v2\/categories?post=37873"},{"taxonomy":"post_tag","embeddable":true,"href":"https:\/\/www.laguiadepamplona.com\/actualidad\/wp-json\/wp\/v2\/tags?post=37873"}],"curies":[{"name":"wp","href":"https:\/\/api.w.org\/{rel}","templated":true}]}}