{"id":37857,"date":"2021-12-09T14:22:24","date_gmt":"2021-12-09T12:22:24","guid":{"rendered":"https:\/\/www.laguiadepamplona.com\/actualidad\/?p=37857"},"modified":"2023-04-11T11:48:42","modified_gmt":"2023-04-11T09:48:42","slug":"aprobada-la-actualizacion-de-las-tarifas-de-los-aparcamientos-subterraneos-de-pamplona-para-2022","status":"publish","type":"post","link":"https:\/\/www.laguiadepamplona.com\/actualidad\/aprobada-la-actualizacion-de-las-tarifas-de-los-aparcamientos-subterraneos-de-pamplona-para-2022\/","title":{"rendered":"Aprobada la actualizaci\u00f3n de las tarifas de los aparcamientos subterr\u00e1neos de Pamplona para 2022"},"content":{"rendered":"<h5>Las nuevas tarifas y c\u00e1nones recogen un incremento del 4,6%, un porcentaje inferior al IPC interanual al que se refieren<\/h5>\n<p><!--more--><\/p>\n<p>El Ayuntamiento de Pamplona ha acordado la actualizaci\u00f3n que como m\u00e1ximo podr\u00e1n sufrir las tarifas y c\u00e1nones de los aparcamientos subterr\u00e1neos p\u00fablicos de la ciudad de cara al pr\u00f3ximo a\u00f1o. La actualizaci\u00f3n aplica un incremento del 4,6%, inferior al del IPC registrado, tras realizar una ponderaci\u00f3n entre dos variables diferentes. Por un lado, la subida del \u00cdndice de Precios al Consumo (IPC) registrado entre octubre de 2020 y octubre de 2021, que ha sido del 5,6% y, por otro, que en 2020 se mantuvieron las tarifas congeladas, a petici\u00f3n de los concesionarios, pese a que el IPC interanual hab\u00eda bajado en un 1%. Los nuevos precios entrar\u00e1n en vigor el 1 de enero, tal y como lo ha aprobado esta ma\u00f1ana la Junta de Gobierno Local.<br \/>\n<script async src=\"\/\/pagead2.googlesyndication.com\/pagead\/js\/adsbygoogle.js\"><\/script><br \/>\n<!-- Noticias La Guia de Pamplona --><br \/>\n<ins class=\"adsbygoogle\"\nstyle=\"display:block\"\ndata-ad-client=\"ca-pub-6943679897239327\"\ndata-ad-slot=\"7048180777\"\ndata-ad-format=\"auto\"><\/ins><br \/>\n<script>\n(adsbygoogle = window.adsbygoogle || []).push({});\n<\/script><\/p>\n<p>La medida afecta a las tarifas de los ocho estacionamientos subterr\u00e1neos de concesi\u00f3n administrativa municipal de la ciudad, que est\u00e1n gestionados por distintas empresas. En concreto, se han actualizado los precios del aparcamiento de la Plaza del Castillo (gestionado por SABA Aparcamientos S.A.), el de la plaza de Toros (de ACVIL Aparcamientos S.L.), de la Audiencia (gestionado por Aparcamiento San Roque SL), de Carlos III (que lo explota Gesti\u00f3n y Aparcamientos Pamplona S.A.), Rinc\u00f3n de la Aduana (de la UTE Parkings de Pamplona, en este caso realizada de oficio), los aparcamientos de Blanca de Navarra y de la Zona Hospitalaria (ambos gestionados por Empark Aparcamientos y Servicios S.A.) y el aparcamiento subterr\u00e1neo de Autobuses (del que se hace cargo la UTE Estaci\u00f3n de Autobuses de Pamplona).<\/p>\n<p>Los criterios establecidos para la actualizaci\u00f3n de las tarifas de los aparcamientos de rotaci\u00f3n de concesi\u00f3n municipal son de obligado cumplimiento para el Ayuntamiento y vienen recogidos en los correspondientes pliegos reguladores de las concesiones. Esos criterios son los siguientes: las empresas concesionarias que deseen revisar las tarifas deben aplicar el IPC al resultado de la anterior actualizaci\u00f3n antes de efectuar el redondeo que autoriza el pliego para as\u00ed evitar los efectos acumulados de los redondeos; las nuevas propuestas de tarifas se presentan desglos\u00e1ndose por un lado la base imponible de cada concepto y por otro la tarifa una vez aplicado el IVA; por \u00faltimo, el Ayuntamiento corrobora la correcci\u00f3n de los c\u00e1lculos y, en su caso, aprueba las tarifas aplicables durante el pr\u00f3ximo a\u00f1o.<\/p>\n<p>&nbsp;<br \/>\n<script async src=\"\/\/pagead2.googlesyndication.com\/pagead\/js\/adsbygoogle.js\"><\/script><br \/>\n<!-- Noticias La Guia de Pamplona --><br \/>\n<ins class=\"adsbygoogle\"\nstyle=\"display:block\"\ndata-ad-client=\"ca-pub-6943679897239327\"\ndata-ad-slot=\"7048180777\"\ndata-ad-format=\"auto\"><\/ins><br \/>\n<script>\n(adsbygoogle = window.adsbygoogle || []).push({});\n<\/script><\/p>\n<p><strong>Tarifas m\u00e1ximas de los aparcamientos p\u00fablicos de concesi\u00f3n administrativa 2022<\/strong><\/p>\n<p>&nbsp;<\/p>\n<table width=\"573\">\n<tbody>\n<tr>\n<td colspan=\"4\" width=\"573\">1.- Aparcamiento de la Plaza del Castillo (SABA APARCAMIENTOS, S.A.)<\/td>\n<\/tr>\n<tr>\n<td width=\"326\">Modalidad Rotacional<\/td>\n<td width=\"123\">Base imponible 2022<\/td>\n<td width=\"123\">Importe Total, IVA incluido<\/td>\n<td width=\"1\">&nbsp;<\/td>\n<\/tr>\n<tr>\n<td width=\"326\">De 0 a 15 minutos<\/td>\n<td width=\"123\">0,0457 \u20ac<\/td>\n<td width=\"123\">0,0553 \u20ac<\/td>\n<td width=\"1\">&nbsp;<\/td>\n<\/tr>\n<tr>\n<td width=\"326\">De 16 a 60 minutos<\/td>\n<td width=\"123\">0,0343 \u20ac<\/td>\n<td width=\"123\">0,0414 \u20ac<\/td>\n<td width=\"1\">&nbsp;<\/td>\n<\/tr>\n<tr>\n<td width=\"326\">De 61 a 120 minutos<\/td>\n<td width=\"123\">0,0274 \u20ac<\/td>\n<td width=\"123\">0,0332 \u20ac<\/td>\n<td width=\"1\">&nbsp;<\/td>\n<\/tr>\n<tr>\n<td width=\"326\">De 121 a 1.440 minutos<\/td>\n<td width=\"123\">0,0228 \u20ac<\/td>\n<td width=\"123\">0,0276 \u20ac<\/td>\n<td width=\"1\">&nbsp;<\/td>\n<\/tr>\n<tr>\n<td width=\"326\">M\u00e1ximo diario (salvo del 6 al 15 de julio)<\/td>\n<td width=\"123\">13,7039 \u20ac<\/td>\n<td width=\"123\">16,5817 \u20ac<\/td>\n<td width=\"1\">&nbsp;<\/td>\n<\/tr>\n<tr>\n<td width=\"326\">M\u00e1ximo diario (del 6 al 15 de julio)<\/td>\n<td width=\"123\">33,9324 \u20ac<\/td>\n<td width=\"123\">41,0582 \u20ac<\/td>\n<td width=\"1\">&nbsp;<\/td>\n<\/tr>\n<tr>\n<td width=\"326\">Alquiler mensual diurno<\/td>\n<td width=\"123\">116,8704 \u20ac<\/td>\n<td width=\"123\">141,4132 \u20ac<\/td>\n<td width=\"1\">&nbsp;<\/td>\n<\/tr>\n<tr>\n<td width=\"326\">Alquiler mensual nocturno<\/td>\n<td width=\"123\">81,8103 \u20ac<\/td>\n<td width=\"123\">98,9904 \u20ac<\/td>\n<td width=\"1\">&nbsp;<\/td>\n<\/tr>\n<tr>\n<td width=\"326\">Alquiler mensual 24 horas<\/td>\n<td width=\"123\">140,2505 \u20ac<\/td>\n<td width=\"123\">169,7031 \u20ac<\/td>\n<td width=\"1\">&nbsp;<\/td>\n<\/tr>\n<tr>\n<td width=\"326\">Alquiler semanal 24 horas<\/td>\n<td width=\"123\">42,0681 \u20ac<\/td>\n<td width=\"123\">50,9024 \u20ac<\/td>\n<td width=\"1\">&nbsp;<\/td>\n<\/tr>\n<tr>\n<td width=\"326\">Abono nocturno residentes<\/td>\n<td width=\"123\">7,1165 \u20ac<\/td>\n<td width=\"123\">8,6109 \u20ac<\/td>\n<td width=\"1\">&nbsp;<\/td>\n<\/tr>\n<tr>\n<td width=\"326\">Abono mensual nocturno residentes<\/td>\n<td width=\"123\">35,4297 \u20ac<\/td>\n<td width=\"123\">42,8699 \u20ac<\/td>\n<td width=\"1\">&nbsp;<\/td>\n<\/tr>\n<tr>\n<td width=\"326\"><\/td>\n<td width=\"123\"><\/td>\n<td width=\"123\"><\/td>\n<td width=\"1\">&nbsp;<\/td>\n<\/tr>\n<tr>\n<td width=\"326\">Canon anual<\/td>\n<td width=\"123\">50.900,67 \u20ac<\/td>\n<td width=\"123\"><\/td>\n<td width=\"1\">&nbsp;<\/td>\n<\/tr>\n<tr>\n<td colspan=\"4\" width=\"573\">&nbsp;<\/p>\n<p>&nbsp;<br \/>\n<script async src=\"\/\/pagead2.googlesyndication.com\/pagead\/js\/adsbygoogle.js\"><\/script><br \/>\n<!-- Noticias La Guia de Pamplona --><br \/>\n<ins class=\"adsbygoogle\"\nstyle=\"display:block\"\ndata-ad-client=\"ca-pub-6943679897239327\"\ndata-ad-slot=\"7048180777\"\ndata-ad-format=\"auto\"><\/ins><br \/>\n<script>\n(adsbygoogle = window.adsbygoogle || []).push({});\n<\/script><\/p>\n<p>2.- Plaza de Toros (ACVIL Aparcamientos, S.L.)<\/td>\n<\/tr>\n<tr>\n<td width=\"326\">Modalidad Rotacional<\/td>\n<td width=\"123\">Base imponible 2022<\/td>\n<td width=\"123\">Importe Total, IVA incluido<\/td>\n<td width=\"1\">&nbsp;<\/td>\n<\/tr>\n<tr>\n<td width=\"326\">Tarifa horaria (T)<\/td>\n<td width=\"123\">0,9665 \u20ac<\/td>\n<td width=\"123\">1,1695 \u20ac<\/td>\n<td width=\"1\">&nbsp;<\/td>\n<\/tr>\n<tr>\n<td width=\"326\">M\u00e1ximo diario por diez horas o m\u00e1s<\/td>\n<td width=\"123\">9,8972 \u20ac<\/td>\n<td width=\"123\">11,9756 \u20ac<\/td>\n<td width=\"1\">&nbsp;<\/td>\n<\/tr>\n<tr>\n<td width=\"326\">Alquiler anual diurno<\/td>\n<td width=\"123\">1.351,8818 \u20ac<\/td>\n<td width=\"123\">1.635,7770 \u20ac<\/td>\n<td width=\"1\">&nbsp;<\/td>\n<\/tr>\n<tr>\n<td width=\"326\">Alquiler anual nocturno<\/td>\n<td width=\"123\">798,9311 \u20ac<\/td>\n<td width=\"123\">966,7067 \u20ac<\/td>\n<td width=\"1\">&nbsp;<\/td>\n<\/tr>\n<tr>\n<td width=\"326\">Abono semanal<\/td>\n<td width=\"123\">46,1282 \u20ac<\/td>\n<td width=\"123\">55,8152 \u20ac<\/td>\n<td width=\"1\">&nbsp;<\/td>\n<\/tr>\n<tr>\n<td width=\"326\">Abono mensual<\/td>\n<td width=\"123\">167,6607 \u20ac<\/td>\n<td width=\"123\">202,8694 \u20ac<\/td>\n<td width=\"1\">&nbsp;<\/td>\n<\/tr>\n<tr>\n<td width=\"326\"><\/td>\n<td width=\"123\"><\/td>\n<td width=\"123\"><\/td>\n<td width=\"1\">&nbsp;<\/td>\n<\/tr>\n<tr>\n<td width=\"326\">Canon anual<\/td>\n<td width=\"123\">32.512,09<\/td>\n<td width=\"123\"><\/td>\n<td width=\"1\">&nbsp;<\/td>\n<\/tr>\n<tr>\n<td colspan=\"4\" width=\"573\">&nbsp;<\/p>\n<p>&nbsp;<br \/>\n<script async src=\"\/\/pagead2.googlesyndication.com\/pagead\/js\/adsbygoogle.js\"><\/script><br \/>\n<!-- Noticias La Guia de Pamplona --><br \/>\n<ins class=\"adsbygoogle\"\nstyle=\"display:block\"\ndata-ad-client=\"ca-pub-6943679897239327\"\ndata-ad-slot=\"7048180777\"\ndata-ad-format=\"auto\"><\/ins><br \/>\n<script>\n(adsbygoogle = window.adsbygoogle || []).push({});\n<\/script><\/p>\n<p>3. Aparcamiento de la Audiencia (APARCAMIENTO SAN ROQUE, S.L.)<\/td>\n<\/tr>\n<tr>\n<td width=\"326\">Modalidad Rotacional<\/td>\n<td width=\"123\">Base imponible 2022<\/td>\n<td width=\"123\">Importe Total, IVA incluido<\/td>\n<td width=\"1\">&nbsp;<\/td>\n<\/tr>\n<tr>\n<td width=\"326\">M\u00ednimo<\/td>\n<td width=\"123\">0,0541 \u20ac<\/td>\n<td width=\"123\">0,0655 \u20ac<\/td>\n<td width=\"1\">&nbsp;<\/td>\n<\/tr>\n<tr>\n<td width=\"326\">De 0 a 15 minutos<\/td>\n<td width=\"123\">0,0430 \u20ac<\/td>\n<td width=\"123\">0,0520 \u20ac<\/td>\n<td width=\"1\">&nbsp;<\/td>\n<\/tr>\n<tr>\n<td width=\"326\">De 16 a 120 minutos<\/td>\n<td width=\"123\">0,0338 \u20ac<\/td>\n<td width=\"123\">0,0409 \u20ac<\/td>\n<td width=\"1\">&nbsp;<\/td>\n<\/tr>\n<tr>\n<td width=\"326\">De 121 a 240 minutos<\/td>\n<td width=\"123\">0,0301 \u20ac<\/td>\n<td width=\"123\">0,0364 \u20ac<\/td>\n<td width=\"1\">&nbsp;<\/td>\n<\/tr>\n<tr>\n<td width=\"326\">De 241 a 600 minutos<\/td>\n<td width=\"123\">0,0151 \u20ac<\/td>\n<td width=\"123\">0,0183 \u20ac<\/td>\n<td width=\"1\">&nbsp;<\/td>\n<\/tr>\n<tr>\n<td width=\"326\">M\u00e1ximo diario (salvo 5 a 15 de julio)<\/td>\n<td width=\"123\">13,3917 \u20ac<\/td>\n<td width=\"123\">16,2040 \u20ac<\/td>\n<td width=\"1\">&nbsp;<\/td>\n<\/tr>\n<tr>\n<td width=\"326\">Tarifa nocturna residentes<\/td>\n<td width=\"123\">2,0361 \u20ac<\/td>\n<td width=\"123\">2,4637 \u20ac<\/td>\n<td width=\"1\">&nbsp;<\/td>\n<\/tr>\n<tr>\n<td width=\"326\"><\/td>\n<td width=\"123\"><\/td>\n<td width=\"123\"><\/td>\n<td width=\"1\">&nbsp;<\/td>\n<\/tr>\n<tr>\n<td width=\"326\">Canon anual por plaza<\/td>\n<td width=\"123\">46,1870 \u20ac<\/td>\n<td width=\"123\"><\/td>\n<td width=\"1\">&nbsp;<\/td>\n<\/tr>\n<\/tbody>\n<\/table>\n<p>&nbsp;<br \/>\n<script async src=\"\/\/pagead2.googlesyndication.com\/pagead\/js\/adsbygoogle.js\"><\/script><br \/>\n<!-- Noticias La Guia de Pamplona --><br \/>\n<ins class=\"adsbygoogle\"\nstyle=\"display:block\"\ndata-ad-client=\"ca-pub-6943679897239327\"\ndata-ad-slot=\"7048180777\"\ndata-ad-format=\"auto\"><\/ins><br \/>\n<script>\n(adsbygoogle = window.adsbygoogle || []).push({});\n<\/script><\/p>\n<table width=\"573\">\n<tbody>\n<tr>\n<td colspan=\"4\" width=\"573\">4.- Aparcamiento Carlos III (GESTI\u00d3N Y APARCAMIENTOS PAMPLONA S.A.)<\/td>\n<\/tr>\n<tr>\n<td width=\"326\">Modalidad Rotacional<\/td>\n<td width=\"123\">Base imponible 2022<\/td>\n<td width=\"123\">Importe Total, IVA incluido<\/td>\n<td width=\"1\">&nbsp;<\/td>\n<\/tr>\n<tr>\n<td width=\"326\">M\u00ednimo<\/td>\n<td width=\"123\">0,1624 \u20ac<\/td>\n<td width=\"123\">0,1966 \u20ac<\/td>\n<td width=\"1\">&nbsp;<\/td>\n<\/tr>\n<tr>\n<td width=\"326\">De 0 a 15 minutos<\/td>\n<td width=\"123\">0,0344 \u20ac<\/td>\n<td width=\"123\">0,0416 \u20ac<\/td>\n<td width=\"1\">&nbsp;<\/td>\n<\/tr>\n<tr>\n<td width=\"326\">De 16 a 120 minutos<\/td>\n<td width=\"123\">0,0312 \u20ac<\/td>\n<td width=\"123\">0,0377 \u20ac<\/td>\n<td width=\"1\">&nbsp;<\/td>\n<\/tr>\n<tr>\n<td width=\"326\">De 121 a 240 minutos<\/td>\n<td width=\"123\">0,0215 \u20ac<\/td>\n<td width=\"123\">0,0260 \u20ac<\/td>\n<td width=\"1\">&nbsp;<\/td>\n<\/tr>\n<tr>\n<td width=\"326\">De 241 a 600 minutos<\/td>\n<td width=\"123\">0,0161 \u20ac<\/td>\n<td width=\"123\">0,0195 \u20ac<\/td>\n<td width=\"1\">&nbsp;<\/td>\n<\/tr>\n<tr>\n<td width=\"326\">M\u00e1ximo diario (salvo 5 a 15 de julio)<\/td>\n<td width=\"123\">10,7536 \u20ac<\/td>\n<td width=\"123\">13,0119 \u20ac<\/td>\n<td width=\"1\">&nbsp;<\/td>\n<\/tr>\n<tr>\n<td width=\"326\">Tarifa nocturna residentes<\/td>\n<td width=\"123\">2,4153 \u20ac<\/td>\n<td width=\"123\">2,9225 \u20ac<\/td>\n<td width=\"1\">&nbsp;<\/td>\n<\/tr>\n<tr>\n<td width=\"326\"><\/td>\n<td width=\"123\"><\/td>\n<td width=\"123\"><\/td>\n<td width=\"1\">&nbsp;<\/td>\n<\/tr>\n<tr>\n<td width=\"326\">Canon anual<\/td>\n<td width=\"123\">43.246,3487 \u20ac<\/td>\n<td width=\"123\"><\/td>\n<td width=\"1\">&nbsp;<\/td>\n<\/tr>\n<\/tbody>\n<\/table>\n<p>&nbsp;<br \/>\n<script async src=\"\/\/pagead2.googlesyndication.com\/pagead\/js\/adsbygoogle.js\"><\/script><br \/>\n<!-- Noticias La Guia de Pamplona --><br \/>\n<ins class=\"adsbygoogle\"\nstyle=\"display:block\"\ndata-ad-client=\"ca-pub-6943679897239327\"\ndata-ad-slot=\"7048180777\"\ndata-ad-format=\"auto\"><\/ins><br \/>\n<script>\n(adsbygoogle = window.adsbygoogle || []).push({});\n<\/script><\/p>\n<table width=\"573\">\n<tbody>\n<tr>\n<td colspan=\"4\" width=\"573\">5.- Aparcamiento de Rinc\u00f3n de la Aduana (PARKING RINC\u00d3N DE LA ADUANA S.L.)<\/td>\n<\/tr>\n<tr>\n<td width=\"326\">Modalidad Rotacional<\/td>\n<td width=\"123\">Base imponible 2022<\/td>\n<td width=\"123\">Importe Total, IVA incluido<\/td>\n<td width=\"1\">&nbsp;<\/td>\n<\/tr>\n<tr>\n<td width=\"326\">M\u00ednimo<\/td>\n<td width=\"123\">0,2688 \u20ac<\/td>\n<td width=\"123\">0,3253 \u20ac<\/td>\n<td width=\"1\">&nbsp;<\/td>\n<\/tr>\n<tr>\n<td width=\"326\">De 0 a 60 minutos<\/td>\n<td width=\"123\">0,0338 \u20ac<\/td>\n<td width=\"123\">0,0409 \u20ac<\/td>\n<td width=\"1\">&nbsp;<\/td>\n<\/tr>\n<tr>\n<td width=\"326\">De 61 a 120 minutos<\/td>\n<td width=\"123\">0,0269 \u20ac<\/td>\n<td width=\"123\">0,0325 \u20ac<\/td>\n<td width=\"1\">&nbsp;<\/td>\n<\/tr>\n<tr>\n<td width=\"326\">De 121 a 600 minutos<\/td>\n<td width=\"123\">0,0216 \u20ac<\/td>\n<td width=\"123\">0,0261 \u20ac<\/td>\n<td width=\"1\">&nbsp;<\/td>\n<\/tr>\n<tr>\n<td width=\"326\">M\u00e1ximo diario (salvo 6 a 15 de julio)<\/td>\n<td width=\"123\">14,1972 \u20ac<\/td>\n<td width=\"123\">17,1787 \u20ac<\/td>\n<td width=\"1\">&nbsp;<\/td>\n<\/tr>\n<tr>\n<td width=\"326\">Alquiler anual diurno<\/td>\n<td width=\"123\">815,6413 \u20ac<\/td>\n<td width=\"123\">986,9260 \u20ac<\/td>\n<td width=\"1\">&nbsp;<\/td>\n<\/tr>\n<tr>\n<td width=\"326\">Alquiler anual nocturno<\/td>\n<td width=\"123\">589,6230 \u20ac<\/td>\n<td width=\"123\">713,4438 \u20ac<\/td>\n<td width=\"1\">&nbsp;<\/td>\n<\/tr>\n<tr>\n<td width=\"326\">Alquiler mensual<\/td>\n<td width=\"123\">103,1924 \u20ac<\/td>\n<td width=\"123\">124,8628 \u20ac<\/td>\n<td width=\"1\">&nbsp;<\/td>\n<\/tr>\n<tr>\n<td width=\"326\"><\/td>\n<td width=\"123\"><\/td>\n<td width=\"123\"><\/td>\n<td width=\"1\">&nbsp;<\/td>\n<\/tr>\n<tr>\n<td width=\"326\">Canon anual<\/td>\n<td width=\"123\">11.988,27 \u20ac<\/td>\n<td width=\"123\"><\/td>\n<td width=\"1\">&nbsp;<\/td>\n<\/tr>\n<\/tbody>\n<\/table>\n<p>&nbsp;<br \/>\n<script async src=\"\/\/pagead2.googlesyndication.com\/pagead\/js\/adsbygoogle.js\"><\/script><br \/>\n<!-- Noticias La Guia de Pamplona --><br \/>\n<ins class=\"adsbygoogle\"\nstyle=\"display:block\"\ndata-ad-client=\"ca-pub-6943679897239327\"\ndata-ad-slot=\"7048180777\"\ndata-ad-format=\"auto\"><\/ins><br \/>\n<script>\n(adsbygoogle = window.adsbygoogle || []).push({});\n<\/script><\/p>\n<table width=\"573\">\n<tbody>\n<tr>\n<td colspan=\"4\" width=\"573\">6.- Aparcamiento Blanca de Navarra (EMPARK APARCAMIENTOS y SERVICIOS S.A.)<\/td>\n<\/tr>\n<tr>\n<td width=\"326\">Modalidad Rotacional<\/td>\n<td width=\"123\">Base imponible 2022<\/td>\n<td width=\"123\">Importe Total, IVA incluido<\/td>\n<td width=\"1\">&nbsp;<\/td>\n<\/tr>\n<tr>\n<td width=\"326\">De 0 a 15 minutos<\/td>\n<td width=\"123\">0,0463 \u20ac<\/td>\n<td width=\"123\">0,0560 \u20ac<\/td>\n<td width=\"1\">&nbsp;<\/td>\n<\/tr>\n<tr>\n<td width=\"326\">De 15 a 60 minutos<\/td>\n<td width=\"123\">0,0344 \u20ac<\/td>\n<td width=\"123\">0,0417 \u20ac<\/td>\n<td width=\"1\">&nbsp;<\/td>\n<\/tr>\n<tr>\n<td width=\"326\">De 60 a 120 minutos<\/td>\n<td width=\"123\">0,0243 \u20ac<\/td>\n<td width=\"123\">0,0294 \u20ac<\/td>\n<td width=\"1\">&nbsp;<\/td>\n<\/tr>\n<tr>\n<td width=\"326\">De 120 a 600 minutos<\/td>\n<td width=\"123\">0,0216 \u20ac<\/td>\n<td width=\"123\">0,0261 \u20ac<\/td>\n<td width=\"1\">&nbsp;<\/td>\n<\/tr>\n<tr>\n<td width=\"326\">De 600 a 1.440 minutos<\/td>\n<td width=\"123\">0,0032 \u20ac<\/td>\n<td width=\"123\">0,0039 \u20ac<\/td>\n<td width=\"1\">&nbsp;<\/td>\n<\/tr>\n<tr>\n<td width=\"326\">Alquiler anual diurno<\/td>\n<td width=\"123\">1.668,1657 \u20ac<\/td>\n<td width=\"123\">2.018,4805 \u20ac<\/td>\n<td width=\"1\">&nbsp;<\/td>\n<\/tr>\n<tr>\n<td width=\"326\">Alquiler anual nocturno<\/td>\n<td width=\"123\">790,1792 \u20ac<\/td>\n<td width=\"123\">956,1168 \u20ac<\/td>\n<td width=\"1\">&nbsp;<\/td>\n<\/tr>\n<tr>\n<td width=\"326\">Abono semanal<\/td>\n<td width=\"123\">55,6026 \u20ac<\/td>\n<td width=\"123\">67,2791 \u20ac<\/td>\n<td width=\"1\">&nbsp;<\/td>\n<\/tr>\n<tr>\n<td width=\"326\">Abono mensual<\/td>\n<td width=\"123\">175,5791 \u20ac<\/td>\n<td width=\"123\">212,4507 \u20ac<\/td>\n<td width=\"1\">&nbsp;<\/td>\n<\/tr>\n<tr>\n<td width=\"326\"><\/td>\n<td width=\"123\"><\/td>\n<td width=\"123\"><\/td>\n<td width=\"1\">&nbsp;<\/td>\n<\/tr>\n<tr>\n<td width=\"326\">Canon anual<\/td>\n<td width=\"123\">10.260,8387 \u20ac<\/td>\n<td width=\"123\"><\/td>\n<td width=\"1\">&nbsp;<\/td>\n<\/tr>\n<\/tbody>\n<\/table>\n<p>&nbsp;<\/p>\n<table width=\"572\">\n<tbody>\n<tr>\n<td colspan=\"3\" width=\"572\">7.- Aparcamiento Estaci\u00f3n Autobuses (UTE ESTACI\u00d3N DE AUTOBUSES DE PAMPLONA)<\/td>\n<\/tr>\n<tr>\n<td width=\"326\">Modalidad Rotacional<\/td>\n<td width=\"123\">Base imponible 2022<\/td>\n<td width=\"123\">Importe Total, IVA incluido<\/td>\n<\/tr>\n<tr>\n<td width=\"326\">Entrada salida autobuses<\/td>\n<td width=\"123\"><\/td>\n<td width=\"123\"><\/td>\n<\/tr>\n<tr>\n<td width=\"326\">Cercan\u00edas<\/td>\n<td width=\"123\">1,3320 \u20ac<\/td>\n<td width=\"123\">1,6117 \u20ac<\/td>\n<\/tr>\n<tr>\n<td width=\"326\">Hasta 120 Km.<\/td>\n<td width=\"123\">1,7327 \u20ac<\/td>\n<td width=\"123\">2,0966 \u20ac<\/td>\n<\/tr>\n<tr>\n<td width=\"326\">Resto servicios regulares permanentes<\/td>\n<td width=\"123\">2,5990 \u20ac<\/td>\n<td width=\"123\">3,1448 \u20ac<\/td>\n<\/tr>\n<tr>\n<td width=\"326\">Otros servicios<\/td>\n<td width=\"123\">1,3320 \u20ac<\/td>\n<td width=\"123\">1,6117 \u20ac<\/td>\n<\/tr>\n<tr>\n<td width=\"326\">Por viajero<\/td>\n<td width=\"123\"><\/td>\n<td width=\"123\"><\/td>\n<\/tr>\n<tr>\n<td width=\"326\">Cercan\u00edas<\/td>\n<td width=\"123\">0,0975 \u20ac<\/td>\n<td width=\"123\">0,1179 \u20ac<\/td>\n<\/tr>\n<tr>\n<td width=\"326\">Hasta 120 Km.<\/td>\n<td width=\"123\">0,1300 \u20ac<\/td>\n<td width=\"123\">0,1572 \u20ac<\/td>\n<\/tr>\n<tr>\n<td width=\"326\">Resto servicios regulares permanentes<\/td>\n<td width=\"123\">0,1516 \u20ac<\/td>\n<td width=\"123\">0,1834 \u20ac<\/td>\n<\/tr>\n<tr>\n<td width=\"326\">Otros servicios<\/td>\n<td width=\"123\">0,0975 \u20ac<\/td>\n<td width=\"123\">0,1179 \u20ac<\/td>\n<\/tr>\n<tr>\n<td width=\"326\">Consigna autom\u00e1tica, hasta 30 Kg.<\/td>\n<td width=\"123\">0,5327 \u20ac<\/td>\n<td width=\"123\">0,6445 \u20ac<\/td>\n<\/tr>\n<tr>\n<td width=\"326\">Consigna autom\u00e1tica, hasta 30 Kg<\/td>\n<td width=\"123\">5,3268 \u20ac<\/td>\n<td width=\"123\">6,4454 \u20ac<\/td>\n<\/tr>\n<tr>\n<td width=\"326\">Consigna autom\u00e1tica, m\u00e1s 30 Kg.<\/td>\n<td width=\"123\">1,0654 \u20ac<\/td>\n<td width=\"123\">1,2891 \u20ac<\/td>\n<\/tr>\n<tr>\n<td width=\"326\">Consigna autom\u00e1tica, m\u00e1s 30 Kg.<\/td>\n<td width=\"123\">10,6536 \u20ac<\/td>\n<td width=\"123\">12,8909 \u20ac<\/td>\n<\/tr>\n<tr>\n<td width=\"326\">Taquilla (precio m2)<\/td>\n<td width=\"123\">7,9902 \u20ac<\/td>\n<td width=\"123\">9,6682 \u20ac<\/td>\n<\/tr>\n<tr>\n<td width=\"326\">Aparcamiento autobuses, d\u00eda<\/td>\n<td width=\"123\">0,0932 \u20ac<\/td>\n<td width=\"123\">0,1128 \u20ac<\/td>\n<\/tr>\n<tr>\n<td width=\"326\">Aparcamiento autob\u00fas, noche, servicio regional<\/td>\n<td width=\"123\">11,9853 \u20ac<\/td>\n<td width=\"123\">14,5022 \u20ac<\/td>\n<\/tr>\n<tr>\n<td width=\"326\">Aparcamiento autob\u00fas, noche.<\/td>\n<td width=\"123\">11,9853 \u20ac<\/td>\n<td width=\"123\">14,5022 \u20ac<\/td>\n<\/tr>\n<tr>\n<td width=\"326\">Rotacional<\/td>\n<td width=\"123\"><\/td>\n<td width=\"123\"><\/td>\n<\/tr>\n<tr>\n<td width=\"326\">De 0 a 30 minutos<\/td>\n<td width=\"123\">0,0407 \u20ac<\/td>\n<td width=\"123\">0,0493 \u20ac<\/td>\n<\/tr>\n<tr>\n<td width=\"326\">De 31 a 60 minutos<\/td>\n<td width=\"123\">0,0335 \u20ac<\/td>\n<td width=\"123\">0,0406 \u20ac<\/td>\n<\/tr>\n<tr>\n<td width=\"326\">De 61 a 120 minutos<\/td>\n<td width=\"123\">0,0275 \u20ac<\/td>\n<td width=\"123\">0,0333 \u20ac<\/td>\n<\/tr>\n<tr>\n<td width=\"326\">De 121 a 600 minutos<\/td>\n<td width=\"123\">0,0224 \u20ac<\/td>\n<td width=\"123\">0,0272 \u20ac<\/td>\n<\/tr>\n<tr>\n<td width=\"326\">De 601 a 1440 minutos<\/td>\n<td width=\"123\">0,0023 \u20ac<\/td>\n<td width=\"123\">0,0027 \u20ac<\/td>\n<\/tr>\n<\/tbody>\n<\/table>\n<p>&nbsp;<\/p>\n<p>&nbsp;<\/p>\n<table width=\"572\">\n<tbody>\n<tr>\n<td colspan=\"3\" width=\"572\">8.- Zona Hospitalaria (EMPARK APARCAMIENTOS y SERVICIOS S.A.)<\/td>\n<\/tr>\n<tr>\n<td colspan=\"3\" width=\"572\">ROTACI\u00d3N TRABAJADORES<\/td>\n<\/tr>\n<tr>\n<td width=\"326\">Modalidad Rotacional<\/td>\n<td width=\"123\">Base imponible 2022<\/td>\n<td width=\"123\">Importe Total, IVA incluido<\/td>\n<\/tr>\n<tr>\n<td width=\"326\">0 A 15 minutos<\/td>\n<td width=\"123\">0,0257 \u20ac<\/td>\n<td width=\"123\">0,0311 \u20ac<\/td>\n<\/tr>\n<tr>\n<td width=\"326\">16 A 60 minutos<\/td>\n<td width=\"123\">0,0183 \u20ac<\/td>\n<td width=\"123\">0,0221 \u20ac<\/td>\n<\/tr>\n<tr>\n<td width=\"326\">61 A 120 minutos<\/td>\n<td width=\"123\">0,0143 \u20ac<\/td>\n<td width=\"123\">0,0173 \u20ac<\/td>\n<\/tr>\n<tr>\n<td width=\"326\">121 A 600 minutos<\/td>\n<td width=\"123\">0,0086 \u20ac<\/td>\n<td width=\"123\">0,0104 \u20ac<\/td>\n<\/tr>\n<tr>\n<td width=\"326\">01 A 1440 minutos<\/td>\n<td width=\"123\">0,0009 \u20ac<\/td>\n<td width=\"123\">0,0010 \u20ac<\/td>\n<\/tr>\n<\/tbody>\n<\/table>\n<p>&nbsp;<\/p>\n<table width=\"572\">\n<tbody>\n<tr>\n<td colspan=\"3\" width=\"572\">ROTACI\u00d3N RESTO USUARIOS<\/td>\n<\/tr>\n<tr>\n<td width=\"326\">Modalidad Rotacional<\/td>\n<td width=\"123\">Base imponible 2022<\/td>\n<td width=\"123\">Importe Total, IVA incluido<\/td>\n<\/tr>\n<tr>\n<td width=\"326\">0 A 15 minutos<\/td>\n<td width=\"123\">0,0427 \u20ac<\/td>\n<td width=\"123\">0,0516 \u20ac<\/td>\n<\/tr>\n<tr>\n<td width=\"326\">16 A 60 minutos<\/td>\n<td width=\"123\">0,0304 \u20ac<\/td>\n<td width=\"123\">0,0368 \u20ac<\/td>\n<\/tr>\n<tr>\n<td width=\"326\">61 A 120 minutos<\/td>\n<td width=\"123\">0,0237 \u20ac<\/td>\n<td width=\"123\">0,0287 \u20ac<\/td>\n<\/tr>\n<tr>\n<td width=\"326\">121 A 600 minutos<\/td>\n<td width=\"123\">0,0142 \u20ac<\/td>\n<td width=\"123\">0,0172 \u20ac<\/td>\n<\/tr>\n<tr>\n<td width=\"326\">601 A 1440 minutos<\/td>\n<td width=\"123\">0,0013 \u20ac<\/td>\n<td width=\"123\">0,0016 \u20ac<\/td>\n<\/tr>\n<\/tbody>\n<\/table>\n<p>&nbsp;<\/p>\n<table width=\"572\">\n<tbody>\n<tr>\n<td colspan=\"3\" width=\"572\">ABONOS PARA EMPLEADOS<\/td>\n<\/tr>\n<tr>\n<td width=\"326\">Modalidad Rotacional<\/td>\n<td width=\"123\">Base imponible 2022<\/td>\n<td width=\"123\">Importe Total, IVA incluido<\/td>\n<\/tr>\n<tr>\n<td width=\"326\">Alquiler mensual diurno<\/td>\n<td width=\"123\">9,3565 \u20ac<\/td>\n<td width=\"123\">11,3214 \u20ac<\/td>\n<\/tr>\n<tr>\n<td width=\"326\">Alquiler mensual nocturno<\/td>\n<td width=\"123\">3,1188 \u20ac<\/td>\n<td width=\"123\">3,7738 \u20ac<\/td>\n<\/tr>\n<tr>\n<td width=\"326\">Alquiler mensual 24 h<\/td>\n<td width=\"123\">15,6050 \u20ac<\/td>\n<td width=\"123\">18,8821 \u20ac<\/td>\n<\/tr>\n<tr>\n<td width=\"326\">Alquiler semanal diurno<\/td>\n<td width=\"123\">7,0174 \u20ac<\/td>\n<td width=\"123\">8,4910 \u20ac<\/td>\n<\/tr>\n<tr>\n<td width=\"326\">Alquiler semanal nocturno<\/td>\n<td width=\"123\">2,3391 \u20ac<\/td>\n<td width=\"123\">2,8303 \u20ac<\/td>\n<\/tr>\n<tr>\n<td width=\"326\">Alquiler semanal 24 h<\/td>\n<td width=\"123\">11,7065 \u20ac<\/td>\n<td width=\"123\">14,1648 \u20ac<\/td>\n<\/tr>\n<tr>\n<td width=\"326\">Alquiler anual diurno<\/td>\n<td width=\"123\">93,6085 \u20ac<\/td>\n<td width=\"123\">113,2663 \u20ac<\/td>\n<\/tr>\n<tr>\n<td width=\"326\">Alquiler anual nocturno<\/td>\n<td width=\"123\">31,1992 \u20ac<\/td>\n<td width=\"123\">37,7511 \u20ac<\/td>\n<\/tr>\n<tr>\n<td width=\"326\">Alquiler anual 24 h<\/td>\n<td width=\"123\">156,0177 \u20ac<\/td>\n<td width=\"123\">188,7815 \u20ac<\/td>\n<\/tr>\n<\/tbody>\n<\/table>\n<p>&nbsp;<\/p>\n<table width=\"572\">\n<tbody>\n<tr>\n<td colspan=\"3\" width=\"572\">ABONOS PARA RESTO DE USUARIOS<\/td>\n<\/tr>\n<tr>\n<td width=\"326\">Modalidad Rotacional<\/td>\n<td width=\"123\">Base imponible 2022<\/td>\n<td width=\"123\">Importe Total, IVA incluido<\/td>\n<\/tr>\n<tr>\n<td width=\"326\">Alquiler mensual diurno<\/td>\n<td width=\"123\">37,4477 \u20ac<\/td>\n<td width=\"123\">45,3117 \u20ac<\/td>\n<\/tr>\n<tr>\n<td width=\"326\">Alquiler mensual nocturno<\/td>\n<td width=\"123\">12,4862 \u20ac<\/td>\n<td width=\"123\">15,1083 \u20ac<\/td>\n<\/tr>\n<tr>\n<td width=\"326\">Alquiler mensual 24 h<\/td>\n<td width=\"123\">62,4093 \u20ac<\/td>\n<td width=\"123\">75,5152 \u20ac<\/td>\n<\/tr>\n<tr>\n<td width=\"326\">Alquiler semanal diurno<\/td>\n<td width=\"123\">24,9615 \u20ac<\/td>\n<td width=\"123\">30,2035 \u20ac<\/td>\n<\/tr>\n<tr>\n<td width=\"326\">Alquiler semanal nocturno<\/td>\n<td width=\"123\">8,3169 \u20ac<\/td>\n<td width=\"123\">10,0635 \u20ac<\/td>\n<\/tr>\n<tr>\n<td width=\"326\">Alquiler semanal 24 h<\/td>\n<td width=\"123\">41,6062 \u20ac<\/td>\n<td width=\"123\">50,3435 \u20ac<\/td>\n<\/tr>\n<tr>\n<td width=\"326\">Alquiler anual diurno<\/td>\n<td width=\"123\">374,4447 \u20ac<\/td>\n<td width=\"123\">453,0781 \u20ac<\/td>\n<\/tr>\n<tr>\n<td width=\"326\">Alquiler anual nocturno<\/td>\n<td width=\"123\">124,8185 \u20ac<\/td>\n<td width=\"123\">151,0304 \u20ac<\/td>\n<\/tr>\n<tr>\n<td width=\"326\">Alquiler anual 24 h<\/td>\n<td width=\"123\">624,0710 \u20ac<\/td>\n<td width=\"123\">755,1259 \u20ac<\/td>\n<\/tr>\n<tr>\n<td width=\"326\"><\/td>\n<td width=\"123\"><\/td>\n<td width=\"123\"><\/td>\n<\/tr>\n<tr>\n<td width=\"326\">Canon anual por plaza<\/td>\n<td width=\"123\">85,6598 \u20ac<\/td>\n<td width=\"123\"><\/td>\n<\/tr>\n<\/tbody>\n<\/table>\n","protected":false},"excerpt":{"rendered":"<p>Las nuevas tarifas y c\u00e1nones recogen un incremento del 4,6%, un porcentaje inferior al IPC interanual al que se refieren<\/p>\n","protected":false},"author":1,"featured_media":36074,"comment_status":"open","ping_status":"closed","sticky":false,"template":"","format":"standard","meta":{"footnotes":""},"categories":[2],"tags":[],"class_list":["post-37857","post","type-post","status-publish","format-standard","has-post-thumbnail","hentry","category-ayuntamiento-pamplona"],"yoast_head":"<!-- This site is optimized with the Yoast SEO plugin v27.3 - https:\/\/yoast.com\/product\/yoast-seo-wordpress\/ -->\n<title>Aprobada la actualizaci\u00f3n de las tarifas de los aparcamientos subterr\u00e1neos de Pamplona para 2022<\/title>\n<meta name=\"description\" content=\"Las nuevas tarifas y c\u00e1nones recogen un incremento del 4,6%, un porcentaje inferior al IPC interanual al que se refieren\" \/>\n<meta name=\"robots\" content=\"index, follow, max-snippet:-1, max-image-preview:large, max-video-preview:-1\" \/>\n<link rel=\"canonical\" href=\"https:\/\/www.laguiadepamplona.com\/actualidad\/aprobada-la-actualizacion-de-las-tarifas-de-los-aparcamientos-subterraneos-de-pamplona-para-2022\/\" \/>\n<meta property=\"og:locale\" content=\"es_ES\" \/>\n<meta property=\"og:type\" content=\"article\" \/>\n<meta property=\"og:title\" content=\"Aprobada la actualizaci\u00f3n de las tarifas de los aparcamientos subterr\u00e1neos de Pamplona para 2022\" \/>\n<meta property=\"og:description\" content=\"Las nuevas tarifas y c\u00e1nones recogen un incremento del 4,6%, un porcentaje inferior al IPC interanual al que se refieren\" \/>\n<meta property=\"og:url\" content=\"https:\/\/www.laguiadepamplona.com\/actualidad\/aprobada-la-actualizacion-de-las-tarifas-de-los-aparcamientos-subterraneos-de-pamplona-para-2022\/\" \/>\n<meta property=\"og:site_name\" content=\"La Gu\u00eda de Pamplona\" \/>\n<meta property=\"article:publisher\" content=\"https:\/\/www.facebook.com\/laguiadepamplonacom-133175176762273\/?ref=hl\" \/>\n<meta property=\"article:published_time\" content=\"2021-12-09T12:22:24+00:00\" \/>\n<meta property=\"article:modified_time\" content=\"2023-04-11T09:48:42+00:00\" \/>\n<meta property=\"og:image\" content=\"https:\/\/www.laguiadepamplona.com\/actualidad\/wp-content\/uploads\/2021\/08\/ayuntamiento-pamplona2.jpg\" \/>\n\t<meta property=\"og:image:width\" content=\"1920\" \/>\n\t<meta property=\"og:image:height\" content=\"1080\" \/>\n\t<meta property=\"og:image:type\" content=\"image\/jpeg\" \/>\n<meta name=\"author\" content=\"La Gu\u00eda de Pamplona\" \/>\n<meta name=\"twitter:card\" content=\"summary_large_image\" \/>\n<meta name=\"twitter:creator\" content=\"@LaGuiadPamplona\" \/>\n<meta name=\"twitter:site\" content=\"@LaGuiadPamplona\" \/>\n<meta name=\"twitter:label1\" content=\"Escrito por\" \/>\n\t<meta name=\"twitter:data1\" content=\"La Gu\u00eda de Pamplona\" \/>\n\t<meta name=\"twitter:label2\" content=\"Tiempo de lectura\" \/>\n\t<meta name=\"twitter:data2\" content=\"7 minutos\" \/>\n<script type=\"application\/ld+json\" class=\"yoast-schema-graph\">{\"@context\":\"https:\\\/\\\/schema.org\",\"@graph\":[{\"@type\":\"Article\",\"@id\":\"https:\\\/\\\/www.laguiadepamplona.com\\\/actualidad\\\/aprobada-la-actualizacion-de-las-tarifas-de-los-aparcamientos-subterraneos-de-pamplona-para-2022\\\/#article\",\"isPartOf\":{\"@id\":\"https:\\\/\\\/www.laguiadepamplona.com\\\/actualidad\\\/aprobada-la-actualizacion-de-las-tarifas-de-los-aparcamientos-subterraneos-de-pamplona-para-2022\\\/\"},\"author\":{\"name\":\"La Gu\u00eda de Pamplona\",\"@id\":\"https:\\\/\\\/www.laguiadepamplona.com\\\/actualidad\\\/#\\\/schema\\\/person\\\/efe887376f0213d4657c93adc50b1fdb\"},\"headline\":\"Aprobada la actualizaci\u00f3n de las tarifas de los aparcamientos subterr\u00e1neos de Pamplona para 2022\",\"datePublished\":\"2021-12-09T12:22:24+00:00\",\"dateModified\":\"2023-04-11T09:48:42+00:00\",\"mainEntityOfPage\":{\"@id\":\"https:\\\/\\\/www.laguiadepamplona.com\\\/actualidad\\\/aprobada-la-actualizacion-de-las-tarifas-de-los-aparcamientos-subterraneos-de-pamplona-para-2022\\\/\"},\"wordCount\":1062,\"commentCount\":0,\"publisher\":{\"@id\":\"https:\\\/\\\/www.laguiadepamplona.com\\\/actualidad\\\/#organization\"},\"image\":{\"@id\":\"https:\\\/\\\/www.laguiadepamplona.com\\\/actualidad\\\/aprobada-la-actualizacion-de-las-tarifas-de-los-aparcamientos-subterraneos-de-pamplona-para-2022\\\/#primaryimage\"},\"thumbnailUrl\":\"https:\\\/\\\/www.laguiadepamplona.com\\\/actualidad\\\/wp-content\\\/uploads\\\/2021\\\/08\\\/ayuntamiento-pamplona2.jpg\",\"articleSection\":[\"Ayto Pamplona\"],\"inLanguage\":\"es\",\"potentialAction\":[{\"@type\":\"CommentAction\",\"name\":\"Comment\",\"target\":[\"https:\\\/\\\/www.laguiadepamplona.com\\\/actualidad\\\/aprobada-la-actualizacion-de-las-tarifas-de-los-aparcamientos-subterraneos-de-pamplona-para-2022\\\/#respond\"]}]},{\"@type\":\"WebPage\",\"@id\":\"https:\\\/\\\/www.laguiadepamplona.com\\\/actualidad\\\/aprobada-la-actualizacion-de-las-tarifas-de-los-aparcamientos-subterraneos-de-pamplona-para-2022\\\/\",\"url\":\"https:\\\/\\\/www.laguiadepamplona.com\\\/actualidad\\\/aprobada-la-actualizacion-de-las-tarifas-de-los-aparcamientos-subterraneos-de-pamplona-para-2022\\\/\",\"name\":\"Aprobada la actualizaci\u00f3n de las tarifas de los aparcamientos subterr\u00e1neos de Pamplona para 2022\",\"isPartOf\":{\"@id\":\"https:\\\/\\\/www.laguiadepamplona.com\\\/actualidad\\\/#website\"},\"primaryImageOfPage\":{\"@id\":\"https:\\\/\\\/www.laguiadepamplona.com\\\/actualidad\\\/aprobada-la-actualizacion-de-las-tarifas-de-los-aparcamientos-subterraneos-de-pamplona-para-2022\\\/#primaryimage\"},\"image\":{\"@id\":\"https:\\\/\\\/www.laguiadepamplona.com\\\/actualidad\\\/aprobada-la-actualizacion-de-las-tarifas-de-los-aparcamientos-subterraneos-de-pamplona-para-2022\\\/#primaryimage\"},\"thumbnailUrl\":\"https:\\\/\\\/www.laguiadepamplona.com\\\/actualidad\\\/wp-content\\\/uploads\\\/2021\\\/08\\\/ayuntamiento-pamplona2.jpg\",\"datePublished\":\"2021-12-09T12:22:24+00:00\",\"dateModified\":\"2023-04-11T09:48:42+00:00\",\"description\":\"Las nuevas tarifas y c\u00e1nones recogen un incremento del 4,6%, un porcentaje inferior al IPC interanual al que se refieren\",\"breadcrumb\":{\"@id\":\"https:\\\/\\\/www.laguiadepamplona.com\\\/actualidad\\\/aprobada-la-actualizacion-de-las-tarifas-de-los-aparcamientos-subterraneos-de-pamplona-para-2022\\\/#breadcrumb\"},\"inLanguage\":\"es\",\"potentialAction\":[{\"@type\":\"ReadAction\",\"target\":[\"https:\\\/\\\/www.laguiadepamplona.com\\\/actualidad\\\/aprobada-la-actualizacion-de-las-tarifas-de-los-aparcamientos-subterraneos-de-pamplona-para-2022\\\/\"]}]},{\"@type\":\"ImageObject\",\"inLanguage\":\"es\",\"@id\":\"https:\\\/\\\/www.laguiadepamplona.com\\\/actualidad\\\/aprobada-la-actualizacion-de-las-tarifas-de-los-aparcamientos-subterraneos-de-pamplona-para-2022\\\/#primaryimage\",\"url\":\"https:\\\/\\\/www.laguiadepamplona.com\\\/actualidad\\\/wp-content\\\/uploads\\\/2021\\\/08\\\/ayuntamiento-pamplona2.jpg\",\"contentUrl\":\"https:\\\/\\\/www.laguiadepamplona.com\\\/actualidad\\\/wp-content\\\/uploads\\\/2021\\\/08\\\/ayuntamiento-pamplona2.jpg\",\"width\":1920,\"height\":1080,\"caption\":\"ayuntamiento pamplona\"},{\"@type\":\"BreadcrumbList\",\"@id\":\"https:\\\/\\\/www.laguiadepamplona.com\\\/actualidad\\\/aprobada-la-actualizacion-de-las-tarifas-de-los-aparcamientos-subterraneos-de-pamplona-para-2022\\\/#breadcrumb\",\"itemListElement\":[{\"@type\":\"ListItem\",\"position\":1,\"name\":\"Portada\",\"item\":\"https:\\\/\\\/www.laguiadepamplona.com\\\/actualidad\\\/\"},{\"@type\":\"ListItem\",\"position\":2,\"name\":\"Aprobada la actualizaci\u00f3n de las tarifas de los aparcamientos subterr\u00e1neos de Pamplona para 2022\"}]},{\"@type\":\"WebSite\",\"@id\":\"https:\\\/\\\/www.laguiadepamplona.com\\\/actualidad\\\/#website\",\"url\":\"https:\\\/\\\/www.laguiadepamplona.com\\\/actualidad\\\/\",\"name\":\"La gu\u00eda de Pamplona\",\"description\":\"Noticias de Pamplona\",\"publisher\":{\"@id\":\"https:\\\/\\\/www.laguiadepamplona.com\\\/actualidad\\\/#organization\"},\"potentialAction\":[{\"@type\":\"SearchAction\",\"target\":{\"@type\":\"EntryPoint\",\"urlTemplate\":\"https:\\\/\\\/www.laguiadepamplona.com\\\/actualidad\\\/?s={search_term_string}\"},\"query-input\":{\"@type\":\"PropertyValueSpecification\",\"valueRequired\":true,\"valueName\":\"search_term_string\"}}],\"inLanguage\":\"es\"},{\"@type\":\"Organization\",\"@id\":\"https:\\\/\\\/www.laguiadepamplona.com\\\/actualidad\\\/#organization\",\"name\":\"La Gu\u00eda de Pamplona \\\/ Noticias\",\"url\":\"https:\\\/\\\/www.laguiadepamplona.com\\\/actualidad\\\/\",\"logo\":{\"@type\":\"ImageObject\",\"inLanguage\":\"es\",\"@id\":\"https:\\\/\\\/www.laguiadepamplona.com\\\/actualidad\\\/#\\\/schema\\\/logo\\\/image\\\/\",\"url\":\"https:\\\/\\\/www.laguiadepamplona.com\\\/actualidad\\\/wp-content\\\/uploads\\\/2018\\\/11\\\/logo-laguiadepamplona18-web1.png\",\"contentUrl\":\"https:\\\/\\\/www.laguiadepamplona.com\\\/actualidad\\\/wp-content\\\/uploads\\\/2018\\\/11\\\/logo-laguiadepamplona18-web1.png\",\"width\":600,\"height\":196,\"caption\":\"La Gu\u00eda de Pamplona \\\/ Noticias\"},\"image\":{\"@id\":\"https:\\\/\\\/www.laguiadepamplona.com\\\/actualidad\\\/#\\\/schema\\\/logo\\\/image\\\/\"},\"sameAs\":[\"https:\\\/\\\/www.facebook.com\\\/laguiadepamplonacom-133175176762273\\\/?ref=hl\",\"https:\\\/\\\/x.com\\\/LaGuiadPamplona\",\"https:\\\/\\\/www.instagram.com\\\/la_guia_de_pamplona\\\/\",\"https:\\\/\\\/www.youtube.com\\\/user\\\/laguiadepamplona\"]},{\"@type\":\"Person\",\"@id\":\"https:\\\/\\\/www.laguiadepamplona.com\\\/actualidad\\\/#\\\/schema\\\/person\\\/efe887376f0213d4657c93adc50b1fdb\",\"name\":\"La Gu\u00eda de Pamplona\",\"image\":{\"@type\":\"ImageObject\",\"inLanguage\":\"es\",\"@id\":\"https:\\\/\\\/secure.gravatar.com\\\/avatar\\\/b6992f131dc8d30ab0dff15446e9d346d9dbd95992de0fef795073f5ea83a81c?s=96&d=mm&r=g\",\"url\":\"https:\\\/\\\/secure.gravatar.com\\\/avatar\\\/b6992f131dc8d30ab0dff15446e9d346d9dbd95992de0fef795073f5ea83a81c?s=96&d=mm&r=g\",\"contentUrl\":\"https:\\\/\\\/secure.gravatar.com\\\/avatar\\\/b6992f131dc8d30ab0dff15446e9d346d9dbd95992de0fef795073f5ea83a81c?s=96&d=mm&r=g\",\"caption\":\"La Gu\u00eda de Pamplona\"}}]}<\/script>\n<!-- \/ Yoast SEO plugin. -->","yoast_head_json":{"title":"Aprobada la actualizaci\u00f3n de las tarifas de los aparcamientos subterr\u00e1neos de Pamplona para 2022","description":"Las nuevas tarifas y c\u00e1nones recogen un incremento del 4,6%, un porcentaje inferior al IPC interanual al que se refieren","robots":{"index":"index","follow":"follow","max-snippet":"max-snippet:-1","max-image-preview":"max-image-preview:large","max-video-preview":"max-video-preview:-1"},"canonical":"https:\/\/www.laguiadepamplona.com\/actualidad\/aprobada-la-actualizacion-de-las-tarifas-de-los-aparcamientos-subterraneos-de-pamplona-para-2022\/","og_locale":"es_ES","og_type":"article","og_title":"Aprobada la actualizaci\u00f3n de las tarifas de los aparcamientos subterr\u00e1neos de Pamplona para 2022","og_description":"Las nuevas tarifas y c\u00e1nones recogen un incremento del 4,6%, un porcentaje inferior al IPC interanual al que se refieren","og_url":"https:\/\/www.laguiadepamplona.com\/actualidad\/aprobada-la-actualizacion-de-las-tarifas-de-los-aparcamientos-subterraneos-de-pamplona-para-2022\/","og_site_name":"La Gu\u00eda de Pamplona","article_publisher":"https:\/\/www.facebook.com\/laguiadepamplonacom-133175176762273\/?ref=hl","article_published_time":"2021-12-09T12:22:24+00:00","article_modified_time":"2023-04-11T09:48:42+00:00","og_image":[{"width":1920,"height":1080,"url":"https:\/\/www.laguiadepamplona.com\/actualidad\/wp-content\/uploads\/2021\/08\/ayuntamiento-pamplona2.jpg","type":"image\/jpeg"}],"author":"La Gu\u00eda de Pamplona","twitter_card":"summary_large_image","twitter_creator":"@LaGuiadPamplona","twitter_site":"@LaGuiadPamplona","twitter_misc":{"Escrito por":"La Gu\u00eda de Pamplona","Tiempo de lectura":"7 minutos"},"schema":{"@context":"https:\/\/schema.org","@graph":[{"@type":"Article","@id":"https:\/\/www.laguiadepamplona.com\/actualidad\/aprobada-la-actualizacion-de-las-tarifas-de-los-aparcamientos-subterraneos-de-pamplona-para-2022\/#article","isPartOf":{"@id":"https:\/\/www.laguiadepamplona.com\/actualidad\/aprobada-la-actualizacion-de-las-tarifas-de-los-aparcamientos-subterraneos-de-pamplona-para-2022\/"},"author":{"name":"La Gu\u00eda de Pamplona","@id":"https:\/\/www.laguiadepamplona.com\/actualidad\/#\/schema\/person\/efe887376f0213d4657c93adc50b1fdb"},"headline":"Aprobada la actualizaci\u00f3n de las tarifas de los aparcamientos subterr\u00e1neos de Pamplona para 2022","datePublished":"2021-12-09T12:22:24+00:00","dateModified":"2023-04-11T09:48:42+00:00","mainEntityOfPage":{"@id":"https:\/\/www.laguiadepamplona.com\/actualidad\/aprobada-la-actualizacion-de-las-tarifas-de-los-aparcamientos-subterraneos-de-pamplona-para-2022\/"},"wordCount":1062,"commentCount":0,"publisher":{"@id":"https:\/\/www.laguiadepamplona.com\/actualidad\/#organization"},"image":{"@id":"https:\/\/www.laguiadepamplona.com\/actualidad\/aprobada-la-actualizacion-de-las-tarifas-de-los-aparcamientos-subterraneos-de-pamplona-para-2022\/#primaryimage"},"thumbnailUrl":"https:\/\/www.laguiadepamplona.com\/actualidad\/wp-content\/uploads\/2021\/08\/ayuntamiento-pamplona2.jpg","articleSection":["Ayto Pamplona"],"inLanguage":"es","potentialAction":[{"@type":"CommentAction","name":"Comment","target":["https:\/\/www.laguiadepamplona.com\/actualidad\/aprobada-la-actualizacion-de-las-tarifas-de-los-aparcamientos-subterraneos-de-pamplona-para-2022\/#respond"]}]},{"@type":"WebPage","@id":"https:\/\/www.laguiadepamplona.com\/actualidad\/aprobada-la-actualizacion-de-las-tarifas-de-los-aparcamientos-subterraneos-de-pamplona-para-2022\/","url":"https:\/\/www.laguiadepamplona.com\/actualidad\/aprobada-la-actualizacion-de-las-tarifas-de-los-aparcamientos-subterraneos-de-pamplona-para-2022\/","name":"Aprobada la actualizaci\u00f3n de las tarifas de los aparcamientos subterr\u00e1neos de Pamplona para 2022","isPartOf":{"@id":"https:\/\/www.laguiadepamplona.com\/actualidad\/#website"},"primaryImageOfPage":{"@id":"https:\/\/www.laguiadepamplona.com\/actualidad\/aprobada-la-actualizacion-de-las-tarifas-de-los-aparcamientos-subterraneos-de-pamplona-para-2022\/#primaryimage"},"image":{"@id":"https:\/\/www.laguiadepamplona.com\/actualidad\/aprobada-la-actualizacion-de-las-tarifas-de-los-aparcamientos-subterraneos-de-pamplona-para-2022\/#primaryimage"},"thumbnailUrl":"https:\/\/www.laguiadepamplona.com\/actualidad\/wp-content\/uploads\/2021\/08\/ayuntamiento-pamplona2.jpg","datePublished":"2021-12-09T12:22:24+00:00","dateModified":"2023-04-11T09:48:42+00:00","description":"Las nuevas tarifas y c\u00e1nones recogen un incremento del 4,6%, un porcentaje inferior al IPC interanual al que se refieren","breadcrumb":{"@id":"https:\/\/www.laguiadepamplona.com\/actualidad\/aprobada-la-actualizacion-de-las-tarifas-de-los-aparcamientos-subterraneos-de-pamplona-para-2022\/#breadcrumb"},"inLanguage":"es","potentialAction":[{"@type":"ReadAction","target":["https:\/\/www.laguiadepamplona.com\/actualidad\/aprobada-la-actualizacion-de-las-tarifas-de-los-aparcamientos-subterraneos-de-pamplona-para-2022\/"]}]},{"@type":"ImageObject","inLanguage":"es","@id":"https:\/\/www.laguiadepamplona.com\/actualidad\/aprobada-la-actualizacion-de-las-tarifas-de-los-aparcamientos-subterraneos-de-pamplona-para-2022\/#primaryimage","url":"https:\/\/www.laguiadepamplona.com\/actualidad\/wp-content\/uploads\/2021\/08\/ayuntamiento-pamplona2.jpg","contentUrl":"https:\/\/www.laguiadepamplona.com\/actualidad\/wp-content\/uploads\/2021\/08\/ayuntamiento-pamplona2.jpg","width":1920,"height":1080,"caption":"ayuntamiento pamplona"},{"@type":"BreadcrumbList","@id":"https:\/\/www.laguiadepamplona.com\/actualidad\/aprobada-la-actualizacion-de-las-tarifas-de-los-aparcamientos-subterraneos-de-pamplona-para-2022\/#breadcrumb","itemListElement":[{"@type":"ListItem","position":1,"name":"Portada","item":"https:\/\/www.laguiadepamplona.com\/actualidad\/"},{"@type":"ListItem","position":2,"name":"Aprobada la actualizaci\u00f3n de las tarifas de los aparcamientos subterr\u00e1neos de Pamplona para 2022"}]},{"@type":"WebSite","@id":"https:\/\/www.laguiadepamplona.com\/actualidad\/#website","url":"https:\/\/www.laguiadepamplona.com\/actualidad\/","name":"La gu\u00eda de Pamplona","description":"Noticias de Pamplona","publisher":{"@id":"https:\/\/www.laguiadepamplona.com\/actualidad\/#organization"},"potentialAction":[{"@type":"SearchAction","target":{"@type":"EntryPoint","urlTemplate":"https:\/\/www.laguiadepamplona.com\/actualidad\/?s={search_term_string}"},"query-input":{"@type":"PropertyValueSpecification","valueRequired":true,"valueName":"search_term_string"}}],"inLanguage":"es"},{"@type":"Organization","@id":"https:\/\/www.laguiadepamplona.com\/actualidad\/#organization","name":"La Gu\u00eda de Pamplona \/ Noticias","url":"https:\/\/www.laguiadepamplona.com\/actualidad\/","logo":{"@type":"ImageObject","inLanguage":"es","@id":"https:\/\/www.laguiadepamplona.com\/actualidad\/#\/schema\/logo\/image\/","url":"https:\/\/www.laguiadepamplona.com\/actualidad\/wp-content\/uploads\/2018\/11\/logo-laguiadepamplona18-web1.png","contentUrl":"https:\/\/www.laguiadepamplona.com\/actualidad\/wp-content\/uploads\/2018\/11\/logo-laguiadepamplona18-web1.png","width":600,"height":196,"caption":"La Gu\u00eda de Pamplona \/ Noticias"},"image":{"@id":"https:\/\/www.laguiadepamplona.com\/actualidad\/#\/schema\/logo\/image\/"},"sameAs":["https:\/\/www.facebook.com\/laguiadepamplonacom-133175176762273\/?ref=hl","https:\/\/x.com\/LaGuiadPamplona","https:\/\/www.instagram.com\/la_guia_de_pamplona\/","https:\/\/www.youtube.com\/user\/laguiadepamplona"]},{"@type":"Person","@id":"https:\/\/www.laguiadepamplona.com\/actualidad\/#\/schema\/person\/efe887376f0213d4657c93adc50b1fdb","name":"La Gu\u00eda de Pamplona","image":{"@type":"ImageObject","inLanguage":"es","@id":"https:\/\/secure.gravatar.com\/avatar\/b6992f131dc8d30ab0dff15446e9d346d9dbd95992de0fef795073f5ea83a81c?s=96&d=mm&r=g","url":"https:\/\/secure.gravatar.com\/avatar\/b6992f131dc8d30ab0dff15446e9d346d9dbd95992de0fef795073f5ea83a81c?s=96&d=mm&r=g","contentUrl":"https:\/\/secure.gravatar.com\/avatar\/b6992f131dc8d30ab0dff15446e9d346d9dbd95992de0fef795073f5ea83a81c?s=96&d=mm&r=g","caption":"La Gu\u00eda de Pamplona"}}]}},"post_mailing_queue_ids":[],"_links":{"self":[{"href":"https:\/\/www.laguiadepamplona.com\/actualidad\/wp-json\/wp\/v2\/posts\/37857","targetHints":{"allow":["GET"]}}],"collection":[{"href":"https:\/\/www.laguiadepamplona.com\/actualidad\/wp-json\/wp\/v2\/posts"}],"about":[{"href":"https:\/\/www.laguiadepamplona.com\/actualidad\/wp-json\/wp\/v2\/types\/post"}],"author":[{"embeddable":true,"href":"https:\/\/www.laguiadepamplona.com\/actualidad\/wp-json\/wp\/v2\/users\/1"}],"replies":[{"embeddable":true,"href":"https:\/\/www.laguiadepamplona.com\/actualidad\/wp-json\/wp\/v2\/comments?post=37857"}],"version-history":[{"count":0,"href":"https:\/\/www.laguiadepamplona.com\/actualidad\/wp-json\/wp\/v2\/posts\/37857\/revisions"}],"wp:featuredmedia":[{"embeddable":true,"href":"https:\/\/www.laguiadepamplona.com\/actualidad\/wp-json\/wp\/v2\/media\/36074"}],"wp:attachment":[{"href":"https:\/\/www.laguiadepamplona.com\/actualidad\/wp-json\/wp\/v2\/media?parent=37857"}],"wp:term":[{"taxonomy":"category","embeddable":true,"href":"https:\/\/www.laguiadepamplona.com\/actualidad\/wp-json\/wp\/v2\/categories?post=37857"},{"taxonomy":"post_tag","embeddable":true,"href":"https:\/\/www.laguiadepamplona.com\/actualidad\/wp-json\/wp\/v2\/tags?post=37857"}],"curies":[{"name":"wp","href":"https:\/\/api.w.org\/{rel}","templated":true}]}}