{"id":37850,"date":"2021-12-09T14:17:38","date_gmt":"2021-12-09T12:17:38","guid":{"rendered":"https:\/\/www.laguiadepamplona.com\/actualidad\/?p=37850"},"modified":"2023-04-11T11:48:42","modified_gmt":"2023-04-11T09:48:42","slug":"el-belen-del-despacho-del-alcalde-se-ambienta-este-ano-en-un-refugio-tipico-del-valle-de-etxauri","status":"publish","type":"post","link":"https:\/\/www.laguiadepamplona.com\/actualidad\/el-belen-del-despacho-del-alcalde-se-ambienta-este-ano-en-un-refugio-tipico-del-valle-de-etxauri\/","title":{"rendered":"El bel\u00e9n del despacho del Alcalde se ambienta este a\u00f1o en un refugio t\u00edpico del valle de Etxauri"},"content":{"rendered":"<h5>La Asociaci\u00f3n de Belenistas de Pamplona, que un a\u00f1o m\u00e1s se ha encargado de elaborarlo, lo ha instalado esta ma\u00f1ana<\/h5>\n<p><!--more--><\/p>\n<p><a href=\"https:\/\/www.laguiadepamplona.com\/actualidad\/wp-content\/uploads\/2021\/12\/belenalcaldia2021ee5a7459.jpg\"><img loading=\"lazy\" decoding=\"async\" class=\"alignleft size-medium wp-image-37852\" src=\"https:\/\/www.laguiadepamplona.com\/actualidad\/wp-content\/uploads\/2021\/12\/belenalcaldia2021ee5a7459-450x300.jpg\" alt=\"\" width=\"450\" height=\"300\" srcset=\"https:\/\/www.laguiadepamplona.com\/actualidad\/wp-content\/uploads\/2021\/12\/belenalcaldia2021ee5a7459-450x300.jpg 450w, https:\/\/www.laguiadepamplona.com\/actualidad\/wp-content\/uploads\/2021\/12\/belenalcaldia2021ee5a7459-1024x682.jpg 1024w, https:\/\/www.laguiadepamplona.com\/actualidad\/wp-content\/uploads\/2021\/12\/belenalcaldia2021ee5a7459-768x512.jpg 768w, https:\/\/www.laguiadepamplona.com\/actualidad\/wp-content\/uploads\/2021\/12\/belenalcaldia2021ee5a7459-1536x1024.jpg 1536w, https:\/\/www.laguiadepamplona.com\/actualidad\/wp-content\/uploads\/2021\/12\/belenalcaldia2021ee5a7459-640x427.jpg 640w, https:\/\/www.laguiadepamplona.com\/actualidad\/wp-content\/uploads\/2021\/12\/belenalcaldia2021ee5a7459.jpg 1920w\" sizes=\"auto, (max-width: 450px) 100vw, 450px\" \/><\/a>El despacho del Alcalde de la Casa Consistorial ya cuenta con su tradicional bel\u00e9n de Navidad, que este a\u00f1o se ambienta en una t\u00edpica construcci\u00f3n de refugio conocida desde la prehistoria en la zona del valle de Etxauri, concretamente de la localidad de Bidaurreta. Como viene siendo habitual, ha sido elaborado por los miembros de la Asociaci\u00f3n de Belenistas de Pamplona, que tambi\u00e9n han creado el nacimiento y la representaci\u00f3n de la ciudad que se puede visitar estos d\u00edas en el zagu\u00e1n del Ayuntamiento.<br \/>\n<script async src=\"\/\/pagead2.googlesyndication.com\/pagead\/js\/adsbygoogle.js\"><\/script><br \/>\n<!-- Noticias La Guia de Pamplona --><br \/>\n<ins class=\"adsbygoogle\"\nstyle=\"display:block\"\ndata-ad-client=\"ca-pub-6943679897239327\"\ndata-ad-slot=\"7048180777\"\ndata-ad-format=\"auto\"><\/ins><br \/>\n<script>\n(adsbygoogle = window.adsbygoogle || []).push({});\n<\/script><\/p>\n<p>El presidente de la Asociaci\u00f3n de Belenistas de Pamplona, Pedro Javier Martinez, y la artista que este a\u00f1o ha dirigido los trabajos de elaboraci\u00f3n del peque\u00f1o nacimiento del despacho del alcalde, Ana Urra, se han encargado esta ma\u00f1ana de colocarlo en la sala de trabajo del primer edil. Sus peque\u00f1as dimensiones, adaptadas al espacio con el que cuentan, han hecho que los trabajos no les hayan llevado m\u00e1s de unos minutos. Posteriormente han podido explicar al alcalde Enrique Maya los detalles de elaboraci\u00f3n y el lugar elegido para su representaci\u00f3n.<\/p>\n<p>El tipo de refugio representado en este bel\u00e9n es conocido desde la prehistoria. Dentro se pueden apreciar las figuras de Jes\u00fas, Mar\u00eda y Jos\u00e9, acompa\u00f1adas en el resto del paisaje por algunos pastores que siguen sus rutinas, y otros que acuden al Portal. Las figuras con las que se ha elaborado este nacimiento han sido elaboradas por uno de los talleres m\u00e1s reconocidos en este \u00e1mbito en los \u00faltimos a\u00f1os, el de los artesanos Germans Castells de Barcelona.<br \/>\n<script async src=\"\/\/pagead2.googlesyndication.com\/pagead\/js\/adsbygoogle.js\"><\/script><br \/>\n<!-- Noticias La Guia de Pamplona --><br \/>\n<ins class=\"adsbygoogle\"\nstyle=\"display:block\"\ndata-ad-client=\"ca-pub-6943679897239327\"\ndata-ad-slot=\"7048180777\"\ndata-ad-format=\"auto\"><\/ins><br \/>\n<script>\n(adsbygoogle = window.adsbygoogle || []).push({});\n<\/script><\/p>\n<p><strong>La representaci\u00f3n de la Pamplona de los a\u00f1os 50, en el zagu\u00e1n<\/strong><\/p>\n<p>El otro bel\u00e9n que se encuentra en la Casa Consistorial, y que ya se puede visitar de manera gratuita todos los d\u00edas, se ubica, como cada a\u00f1o, en el zagu\u00e1n. En esta ocasi\u00f3n, la Asociaci\u00f3n de Belenistas de Pamplona se ha basado en una escena de la Pamplona de los a\u00f1os 50ambientada en la plaza de la Virgen de la O presidida por la antigua ermita con esa advocaci\u00f3n.<\/p>\n<p>Sus art\u00edfices son \u00c1ngel Garayoa (77 a\u00f1os) y Jes\u00fas Rezusta (41 a\u00f1os), t\u00edo y sobrino, que llevan meses trabajando nueve horas semanales en los locales de la asociaci\u00f3n y otras muchas en sus casas. Las 35 figuras humanas que componen la escena han emergido de las manos y los recuerdos de Garayoa que ha modelado el barro del que est\u00e1n hechas, lo ha cocido y pintado, una tarea a la que dedic\u00f3 su confinamiento. Entre los personajes casta\u00f1eras, bomberos, polic\u00edas locales o afiladores como los que \u00e9l ve\u00eda en su infancia en el barrio de San Pedro, entonces llamado Capuchinos extramuros. Tambi\u00e9n hay un peque\u00f1o homenaje a Osasuna. Sus figuras, ciudadan\u00eda de los a\u00f1os 50, tambi\u00e9n miran un Nacimiento en un espacio p\u00fablico.<br \/>\n<script async src=\"\/\/pagead2.googlesyndication.com\/pagead\/js\/adsbygoogle.js\"><\/script><br \/>\n<!-- Noticias La Guia de Pamplona --><br \/>\n<ins class=\"adsbygoogle\"\nstyle=\"display:block\"\ndata-ad-client=\"ca-pub-6943679897239327\"\ndata-ad-slot=\"7048180777\"\ndata-ad-format=\"auto\"><\/ins><br \/>\n<script>\n(adsbygoogle = window.adsbygoogle || []).push({});\n<\/script><\/p>\n<p>De las manos de Jes\u00fas Rezusta, a partir del 15 de enero de este a\u00f1o, han ido saliendo las 16.500 tejas talladas una a una en porexpan y que ha montado con cola blanca para la parte superior de los edificios de la plaza, el convento de Carmelitas y la antigua ermita reconstruida a escala para estos d\u00edas. Tambi\u00e9n se puede apreciar en el entorno la pared del convento de Recoletas y, presidiendo la escena desde su punto m\u00e1s alto (1,60 m.), el cimborrio y la aguja de la Iglesia de San Lorenzo. Para ajustarse a la realidad y a la historia, ambos han consultado fotograf\u00edas publicadas en libros sobre la ciudad, adem\u00e1s de hacer las suyas propias del estado actual de la plaza de la Virgen de la O.<\/p>\n","protected":false},"excerpt":{"rendered":"<p>La Asociaci\u00f3n de Belenistas de Pamplona, que un a\u00f1o m\u00e1s se ha encargado de elaborarlo, lo ha instalado esta ma\u00f1ana<\/p>\n","protected":false},"author":1,"featured_media":37851,"comment_status":"open","ping_status":"closed","sticky":false,"template":"","format":"standard","meta":{"footnotes":""},"categories":[2],"tags":[],"class_list":["post-37850","post","type-post","status-publish","format-standard","has-post-thumbnail","hentry","category-ayuntamiento-pamplona"],"yoast_head":"<!-- This site is optimized with the Yoast SEO plugin v27.3 - https:\/\/yoast.com\/product\/yoast-seo-wordpress\/ -->\n<title>El bel\u00e9n del despacho del Alcalde se ambienta este a\u00f1o en un refugio t\u00edpico del valle de Etxauri<\/title>\n<meta name=\"description\" content=\"La Asociaci\u00f3n de Belenistas de Pamplona, que un a\u00f1o m\u00e1s se ha encargado de elaborarlo, lo ha instalado esta ma\u00f1ana\" \/>\n<meta name=\"robots\" content=\"index, follow, max-snippet:-1, max-image-preview:large, max-video-preview:-1\" \/>\n<link rel=\"canonical\" href=\"https:\/\/www.laguiadepamplona.com\/actualidad\/el-belen-del-despacho-del-alcalde-se-ambienta-este-ano-en-un-refugio-tipico-del-valle-de-etxauri\/\" \/>\n<meta property=\"og:locale\" content=\"es_ES\" \/>\n<meta property=\"og:type\" content=\"article\" \/>\n<meta property=\"og:title\" content=\"El bel\u00e9n del despacho del Alcalde se ambienta este a\u00f1o en un refugio t\u00edpico del valle de Etxauri\" \/>\n<meta property=\"og:description\" content=\"La Asociaci\u00f3n de Belenistas de Pamplona, que un a\u00f1o m\u00e1s se ha encargado de elaborarlo, lo ha instalado esta ma\u00f1ana\" \/>\n<meta property=\"og:url\" content=\"https:\/\/www.laguiadepamplona.com\/actualidad\/el-belen-del-despacho-del-alcalde-se-ambienta-este-ano-en-un-refugio-tipico-del-valle-de-etxauri\/\" \/>\n<meta property=\"og:site_name\" content=\"La Gu\u00eda de Pamplona\" \/>\n<meta property=\"article:publisher\" content=\"https:\/\/www.facebook.com\/laguiadepamplonacom-133175176762273\/?ref=hl\" \/>\n<meta property=\"article:published_time\" content=\"2021-12-09T12:17:38+00:00\" \/>\n<meta property=\"article:modified_time\" content=\"2023-04-11T09:48:42+00:00\" \/>\n<meta property=\"og:image\" content=\"https:\/\/www.laguiadepamplona.com\/actualidad\/wp-content\/uploads\/2021\/12\/belenalcaldiabelenistasee5a7452.jpg\" \/>\n\t<meta property=\"og:image:width\" content=\"1920\" \/>\n\t<meta property=\"og:image:height\" content=\"1280\" \/>\n\t<meta property=\"og:image:type\" content=\"image\/jpeg\" \/>\n<meta name=\"author\" content=\"La Gu\u00eda de Pamplona\" \/>\n<meta name=\"twitter:card\" content=\"summary_large_image\" \/>\n<meta name=\"twitter:creator\" content=\"@LaGuiadPamplona\" \/>\n<meta name=\"twitter:site\" content=\"@LaGuiadPamplona\" \/>\n<meta name=\"twitter:label1\" content=\"Escrito por\" \/>\n\t<meta name=\"twitter:data1\" content=\"La Gu\u00eda de Pamplona\" \/>\n\t<meta name=\"twitter:label2\" content=\"Tiempo de lectura\" \/>\n\t<meta name=\"twitter:data2\" content=\"3 minutos\" \/>\n<script type=\"application\/ld+json\" class=\"yoast-schema-graph\">{\"@context\":\"https:\\\/\\\/schema.org\",\"@graph\":[{\"@type\":\"Article\",\"@id\":\"https:\\\/\\\/www.laguiadepamplona.com\\\/actualidad\\\/el-belen-del-despacho-del-alcalde-se-ambienta-este-ano-en-un-refugio-tipico-del-valle-de-etxauri\\\/#article\",\"isPartOf\":{\"@id\":\"https:\\\/\\\/www.laguiadepamplona.com\\\/actualidad\\\/el-belen-del-despacho-del-alcalde-se-ambienta-este-ano-en-un-refugio-tipico-del-valle-de-etxauri\\\/\"},\"author\":{\"name\":\"La Gu\u00eda de Pamplona\",\"@id\":\"https:\\\/\\\/www.laguiadepamplona.com\\\/actualidad\\\/#\\\/schema\\\/person\\\/efe887376f0213d4657c93adc50b1fdb\"},\"headline\":\"El bel\u00e9n del despacho del Alcalde se ambienta este a\u00f1o en un refugio t\u00edpico del valle de Etxauri\",\"datePublished\":\"2021-12-09T12:17:38+00:00\",\"dateModified\":\"2023-04-11T09:48:42+00:00\",\"mainEntityOfPage\":{\"@id\":\"https:\\\/\\\/www.laguiadepamplona.com\\\/actualidad\\\/el-belen-del-despacho-del-alcalde-se-ambienta-este-ano-en-un-refugio-tipico-del-valle-de-etxauri\\\/\"},\"wordCount\":681,\"commentCount\":0,\"publisher\":{\"@id\":\"https:\\\/\\\/www.laguiadepamplona.com\\\/actualidad\\\/#organization\"},\"image\":{\"@id\":\"https:\\\/\\\/www.laguiadepamplona.com\\\/actualidad\\\/el-belen-del-despacho-del-alcalde-se-ambienta-este-ano-en-un-refugio-tipico-del-valle-de-etxauri\\\/#primaryimage\"},\"thumbnailUrl\":\"https:\\\/\\\/www.laguiadepamplona.com\\\/actualidad\\\/wp-content\\\/uploads\\\/2021\\\/12\\\/belenalcaldiabelenistasee5a7452.jpg\",\"articleSection\":[\"Ayto Pamplona\"],\"inLanguage\":\"es\",\"potentialAction\":[{\"@type\":\"CommentAction\",\"name\":\"Comment\",\"target\":[\"https:\\\/\\\/www.laguiadepamplona.com\\\/actualidad\\\/el-belen-del-despacho-del-alcalde-se-ambienta-este-ano-en-un-refugio-tipico-del-valle-de-etxauri\\\/#respond\"]}]},{\"@type\":\"WebPage\",\"@id\":\"https:\\\/\\\/www.laguiadepamplona.com\\\/actualidad\\\/el-belen-del-despacho-del-alcalde-se-ambienta-este-ano-en-un-refugio-tipico-del-valle-de-etxauri\\\/\",\"url\":\"https:\\\/\\\/www.laguiadepamplona.com\\\/actualidad\\\/el-belen-del-despacho-del-alcalde-se-ambienta-este-ano-en-un-refugio-tipico-del-valle-de-etxauri\\\/\",\"name\":\"El bel\u00e9n del despacho del Alcalde se ambienta este a\u00f1o en un refugio t\u00edpico del valle de Etxauri\",\"isPartOf\":{\"@id\":\"https:\\\/\\\/www.laguiadepamplona.com\\\/actualidad\\\/#website\"},\"primaryImageOfPage\":{\"@id\":\"https:\\\/\\\/www.laguiadepamplona.com\\\/actualidad\\\/el-belen-del-despacho-del-alcalde-se-ambienta-este-ano-en-un-refugio-tipico-del-valle-de-etxauri\\\/#primaryimage\"},\"image\":{\"@id\":\"https:\\\/\\\/www.laguiadepamplona.com\\\/actualidad\\\/el-belen-del-despacho-del-alcalde-se-ambienta-este-ano-en-un-refugio-tipico-del-valle-de-etxauri\\\/#primaryimage\"},\"thumbnailUrl\":\"https:\\\/\\\/www.laguiadepamplona.com\\\/actualidad\\\/wp-content\\\/uploads\\\/2021\\\/12\\\/belenalcaldiabelenistasee5a7452.jpg\",\"datePublished\":\"2021-12-09T12:17:38+00:00\",\"dateModified\":\"2023-04-11T09:48:42+00:00\",\"description\":\"La Asociaci\u00f3n de Belenistas de Pamplona, que un a\u00f1o m\u00e1s se ha encargado de elaborarlo, lo ha instalado esta ma\u00f1ana\",\"breadcrumb\":{\"@id\":\"https:\\\/\\\/www.laguiadepamplona.com\\\/actualidad\\\/el-belen-del-despacho-del-alcalde-se-ambienta-este-ano-en-un-refugio-tipico-del-valle-de-etxauri\\\/#breadcrumb\"},\"inLanguage\":\"es\",\"potentialAction\":[{\"@type\":\"ReadAction\",\"target\":[\"https:\\\/\\\/www.laguiadepamplona.com\\\/actualidad\\\/el-belen-del-despacho-del-alcalde-se-ambienta-este-ano-en-un-refugio-tipico-del-valle-de-etxauri\\\/\"]}]},{\"@type\":\"ImageObject\",\"inLanguage\":\"es\",\"@id\":\"https:\\\/\\\/www.laguiadepamplona.com\\\/actualidad\\\/el-belen-del-despacho-del-alcalde-se-ambienta-este-ano-en-un-refugio-tipico-del-valle-de-etxauri\\\/#primaryimage\",\"url\":\"https:\\\/\\\/www.laguiadepamplona.com\\\/actualidad\\\/wp-content\\\/uploads\\\/2021\\\/12\\\/belenalcaldiabelenistasee5a7452.jpg\",\"contentUrl\":\"https:\\\/\\\/www.laguiadepamplona.com\\\/actualidad\\\/wp-content\\\/uploads\\\/2021\\\/12\\\/belenalcaldiabelenistasee5a7452.jpg\",\"width\":1920,\"height\":1280},{\"@type\":\"BreadcrumbList\",\"@id\":\"https:\\\/\\\/www.laguiadepamplona.com\\\/actualidad\\\/el-belen-del-despacho-del-alcalde-se-ambienta-este-ano-en-un-refugio-tipico-del-valle-de-etxauri\\\/#breadcrumb\",\"itemListElement\":[{\"@type\":\"ListItem\",\"position\":1,\"name\":\"Portada\",\"item\":\"https:\\\/\\\/www.laguiadepamplona.com\\\/actualidad\\\/\"},{\"@type\":\"ListItem\",\"position\":2,\"name\":\"El bel\u00e9n del despacho del Alcalde se ambienta este a\u00f1o en un refugio t\u00edpico del valle de Etxauri\"}]},{\"@type\":\"WebSite\",\"@id\":\"https:\\\/\\\/www.laguiadepamplona.com\\\/actualidad\\\/#website\",\"url\":\"https:\\\/\\\/www.laguiadepamplona.com\\\/actualidad\\\/\",\"name\":\"La gu\u00eda de Pamplona\",\"description\":\"Noticias de Pamplona\",\"publisher\":{\"@id\":\"https:\\\/\\\/www.laguiadepamplona.com\\\/actualidad\\\/#organization\"},\"potentialAction\":[{\"@type\":\"SearchAction\",\"target\":{\"@type\":\"EntryPoint\",\"urlTemplate\":\"https:\\\/\\\/www.laguiadepamplona.com\\\/actualidad\\\/?s={search_term_string}\"},\"query-input\":{\"@type\":\"PropertyValueSpecification\",\"valueRequired\":true,\"valueName\":\"search_term_string\"}}],\"inLanguage\":\"es\"},{\"@type\":\"Organization\",\"@id\":\"https:\\\/\\\/www.laguiadepamplona.com\\\/actualidad\\\/#organization\",\"name\":\"La Gu\u00eda de Pamplona \\\/ Noticias\",\"url\":\"https:\\\/\\\/www.laguiadepamplona.com\\\/actualidad\\\/\",\"logo\":{\"@type\":\"ImageObject\",\"inLanguage\":\"es\",\"@id\":\"https:\\\/\\\/www.laguiadepamplona.com\\\/actualidad\\\/#\\\/schema\\\/logo\\\/image\\\/\",\"url\":\"https:\\\/\\\/www.laguiadepamplona.com\\\/actualidad\\\/wp-content\\\/uploads\\\/2018\\\/11\\\/logo-laguiadepamplona18-web1.png\",\"contentUrl\":\"https:\\\/\\\/www.laguiadepamplona.com\\\/actualidad\\\/wp-content\\\/uploads\\\/2018\\\/11\\\/logo-laguiadepamplona18-web1.png\",\"width\":600,\"height\":196,\"caption\":\"La Gu\u00eda de Pamplona \\\/ Noticias\"},\"image\":{\"@id\":\"https:\\\/\\\/www.laguiadepamplona.com\\\/actualidad\\\/#\\\/schema\\\/logo\\\/image\\\/\"},\"sameAs\":[\"https:\\\/\\\/www.facebook.com\\\/laguiadepamplonacom-133175176762273\\\/?ref=hl\",\"https:\\\/\\\/x.com\\\/LaGuiadPamplona\",\"https:\\\/\\\/www.instagram.com\\\/la_guia_de_pamplona\\\/\",\"https:\\\/\\\/www.youtube.com\\\/user\\\/laguiadepamplona\"]},{\"@type\":\"Person\",\"@id\":\"https:\\\/\\\/www.laguiadepamplona.com\\\/actualidad\\\/#\\\/schema\\\/person\\\/efe887376f0213d4657c93adc50b1fdb\",\"name\":\"La Gu\u00eda de Pamplona\",\"image\":{\"@type\":\"ImageObject\",\"inLanguage\":\"es\",\"@id\":\"https:\\\/\\\/secure.gravatar.com\\\/avatar\\\/b6992f131dc8d30ab0dff15446e9d346d9dbd95992de0fef795073f5ea83a81c?s=96&d=mm&r=g\",\"url\":\"https:\\\/\\\/secure.gravatar.com\\\/avatar\\\/b6992f131dc8d30ab0dff15446e9d346d9dbd95992de0fef795073f5ea83a81c?s=96&d=mm&r=g\",\"contentUrl\":\"https:\\\/\\\/secure.gravatar.com\\\/avatar\\\/b6992f131dc8d30ab0dff15446e9d346d9dbd95992de0fef795073f5ea83a81c?s=96&d=mm&r=g\",\"caption\":\"La Gu\u00eda de Pamplona\"}}]}<\/script>\n<!-- \/ Yoast SEO plugin. -->","yoast_head_json":{"title":"El bel\u00e9n del despacho del Alcalde se ambienta este a\u00f1o en un refugio t\u00edpico del valle de Etxauri","description":"La Asociaci\u00f3n de Belenistas de Pamplona, que un a\u00f1o m\u00e1s se ha encargado de elaborarlo, lo ha instalado esta ma\u00f1ana","robots":{"index":"index","follow":"follow","max-snippet":"max-snippet:-1","max-image-preview":"max-image-preview:large","max-video-preview":"max-video-preview:-1"},"canonical":"https:\/\/www.laguiadepamplona.com\/actualidad\/el-belen-del-despacho-del-alcalde-se-ambienta-este-ano-en-un-refugio-tipico-del-valle-de-etxauri\/","og_locale":"es_ES","og_type":"article","og_title":"El bel\u00e9n del despacho del Alcalde se ambienta este a\u00f1o en un refugio t\u00edpico del valle de Etxauri","og_description":"La Asociaci\u00f3n de Belenistas de Pamplona, que un a\u00f1o m\u00e1s se ha encargado de elaborarlo, lo ha instalado esta ma\u00f1ana","og_url":"https:\/\/www.laguiadepamplona.com\/actualidad\/el-belen-del-despacho-del-alcalde-se-ambienta-este-ano-en-un-refugio-tipico-del-valle-de-etxauri\/","og_site_name":"La Gu\u00eda de Pamplona","article_publisher":"https:\/\/www.facebook.com\/laguiadepamplonacom-133175176762273\/?ref=hl","article_published_time":"2021-12-09T12:17:38+00:00","article_modified_time":"2023-04-11T09:48:42+00:00","og_image":[{"width":1920,"height":1280,"url":"https:\/\/www.laguiadepamplona.com\/actualidad\/wp-content\/uploads\/2021\/12\/belenalcaldiabelenistasee5a7452.jpg","type":"image\/jpeg"}],"author":"La Gu\u00eda de Pamplona","twitter_card":"summary_large_image","twitter_creator":"@LaGuiadPamplona","twitter_site":"@LaGuiadPamplona","twitter_misc":{"Escrito por":"La Gu\u00eda de Pamplona","Tiempo de lectura":"3 minutos"},"schema":{"@context":"https:\/\/schema.org","@graph":[{"@type":"Article","@id":"https:\/\/www.laguiadepamplona.com\/actualidad\/el-belen-del-despacho-del-alcalde-se-ambienta-este-ano-en-un-refugio-tipico-del-valle-de-etxauri\/#article","isPartOf":{"@id":"https:\/\/www.laguiadepamplona.com\/actualidad\/el-belen-del-despacho-del-alcalde-se-ambienta-este-ano-en-un-refugio-tipico-del-valle-de-etxauri\/"},"author":{"name":"La Gu\u00eda de Pamplona","@id":"https:\/\/www.laguiadepamplona.com\/actualidad\/#\/schema\/person\/efe887376f0213d4657c93adc50b1fdb"},"headline":"El bel\u00e9n del despacho del Alcalde se ambienta este a\u00f1o en un refugio t\u00edpico del valle de Etxauri","datePublished":"2021-12-09T12:17:38+00:00","dateModified":"2023-04-11T09:48:42+00:00","mainEntityOfPage":{"@id":"https:\/\/www.laguiadepamplona.com\/actualidad\/el-belen-del-despacho-del-alcalde-se-ambienta-este-ano-en-un-refugio-tipico-del-valle-de-etxauri\/"},"wordCount":681,"commentCount":0,"publisher":{"@id":"https:\/\/www.laguiadepamplona.com\/actualidad\/#organization"},"image":{"@id":"https:\/\/www.laguiadepamplona.com\/actualidad\/el-belen-del-despacho-del-alcalde-se-ambienta-este-ano-en-un-refugio-tipico-del-valle-de-etxauri\/#primaryimage"},"thumbnailUrl":"https:\/\/www.laguiadepamplona.com\/actualidad\/wp-content\/uploads\/2021\/12\/belenalcaldiabelenistasee5a7452.jpg","articleSection":["Ayto Pamplona"],"inLanguage":"es","potentialAction":[{"@type":"CommentAction","name":"Comment","target":["https:\/\/www.laguiadepamplona.com\/actualidad\/el-belen-del-despacho-del-alcalde-se-ambienta-este-ano-en-un-refugio-tipico-del-valle-de-etxauri\/#respond"]}]},{"@type":"WebPage","@id":"https:\/\/www.laguiadepamplona.com\/actualidad\/el-belen-del-despacho-del-alcalde-se-ambienta-este-ano-en-un-refugio-tipico-del-valle-de-etxauri\/","url":"https:\/\/www.laguiadepamplona.com\/actualidad\/el-belen-del-despacho-del-alcalde-se-ambienta-este-ano-en-un-refugio-tipico-del-valle-de-etxauri\/","name":"El bel\u00e9n del despacho del Alcalde se ambienta este a\u00f1o en un refugio t\u00edpico del valle de Etxauri","isPartOf":{"@id":"https:\/\/www.laguiadepamplona.com\/actualidad\/#website"},"primaryImageOfPage":{"@id":"https:\/\/www.laguiadepamplona.com\/actualidad\/el-belen-del-despacho-del-alcalde-se-ambienta-este-ano-en-un-refugio-tipico-del-valle-de-etxauri\/#primaryimage"},"image":{"@id":"https:\/\/www.laguiadepamplona.com\/actualidad\/el-belen-del-despacho-del-alcalde-se-ambienta-este-ano-en-un-refugio-tipico-del-valle-de-etxauri\/#primaryimage"},"thumbnailUrl":"https:\/\/www.laguiadepamplona.com\/actualidad\/wp-content\/uploads\/2021\/12\/belenalcaldiabelenistasee5a7452.jpg","datePublished":"2021-12-09T12:17:38+00:00","dateModified":"2023-04-11T09:48:42+00:00","description":"La Asociaci\u00f3n de Belenistas de Pamplona, que un a\u00f1o m\u00e1s se ha encargado de elaborarlo, lo ha instalado esta ma\u00f1ana","breadcrumb":{"@id":"https:\/\/www.laguiadepamplona.com\/actualidad\/el-belen-del-despacho-del-alcalde-se-ambienta-este-ano-en-un-refugio-tipico-del-valle-de-etxauri\/#breadcrumb"},"inLanguage":"es","potentialAction":[{"@type":"ReadAction","target":["https:\/\/www.laguiadepamplona.com\/actualidad\/el-belen-del-despacho-del-alcalde-se-ambienta-este-ano-en-un-refugio-tipico-del-valle-de-etxauri\/"]}]},{"@type":"ImageObject","inLanguage":"es","@id":"https:\/\/www.laguiadepamplona.com\/actualidad\/el-belen-del-despacho-del-alcalde-se-ambienta-este-ano-en-un-refugio-tipico-del-valle-de-etxauri\/#primaryimage","url":"https:\/\/www.laguiadepamplona.com\/actualidad\/wp-content\/uploads\/2021\/12\/belenalcaldiabelenistasee5a7452.jpg","contentUrl":"https:\/\/www.laguiadepamplona.com\/actualidad\/wp-content\/uploads\/2021\/12\/belenalcaldiabelenistasee5a7452.jpg","width":1920,"height":1280},{"@type":"BreadcrumbList","@id":"https:\/\/www.laguiadepamplona.com\/actualidad\/el-belen-del-despacho-del-alcalde-se-ambienta-este-ano-en-un-refugio-tipico-del-valle-de-etxauri\/#breadcrumb","itemListElement":[{"@type":"ListItem","position":1,"name":"Portada","item":"https:\/\/www.laguiadepamplona.com\/actualidad\/"},{"@type":"ListItem","position":2,"name":"El bel\u00e9n del despacho del Alcalde se ambienta este a\u00f1o en un refugio t\u00edpico del valle de Etxauri"}]},{"@type":"WebSite","@id":"https:\/\/www.laguiadepamplona.com\/actualidad\/#website","url":"https:\/\/www.laguiadepamplona.com\/actualidad\/","name":"La gu\u00eda de Pamplona","description":"Noticias de Pamplona","publisher":{"@id":"https:\/\/www.laguiadepamplona.com\/actualidad\/#organization"},"potentialAction":[{"@type":"SearchAction","target":{"@type":"EntryPoint","urlTemplate":"https:\/\/www.laguiadepamplona.com\/actualidad\/?s={search_term_string}"},"query-input":{"@type":"PropertyValueSpecification","valueRequired":true,"valueName":"search_term_string"}}],"inLanguage":"es"},{"@type":"Organization","@id":"https:\/\/www.laguiadepamplona.com\/actualidad\/#organization","name":"La Gu\u00eda de Pamplona \/ Noticias","url":"https:\/\/www.laguiadepamplona.com\/actualidad\/","logo":{"@type":"ImageObject","inLanguage":"es","@id":"https:\/\/www.laguiadepamplona.com\/actualidad\/#\/schema\/logo\/image\/","url":"https:\/\/www.laguiadepamplona.com\/actualidad\/wp-content\/uploads\/2018\/11\/logo-laguiadepamplona18-web1.png","contentUrl":"https:\/\/www.laguiadepamplona.com\/actualidad\/wp-content\/uploads\/2018\/11\/logo-laguiadepamplona18-web1.png","width":600,"height":196,"caption":"La Gu\u00eda de Pamplona \/ Noticias"},"image":{"@id":"https:\/\/www.laguiadepamplona.com\/actualidad\/#\/schema\/logo\/image\/"},"sameAs":["https:\/\/www.facebook.com\/laguiadepamplonacom-133175176762273\/?ref=hl","https:\/\/x.com\/LaGuiadPamplona","https:\/\/www.instagram.com\/la_guia_de_pamplona\/","https:\/\/www.youtube.com\/user\/laguiadepamplona"]},{"@type":"Person","@id":"https:\/\/www.laguiadepamplona.com\/actualidad\/#\/schema\/person\/efe887376f0213d4657c93adc50b1fdb","name":"La Gu\u00eda de Pamplona","image":{"@type":"ImageObject","inLanguage":"es","@id":"https:\/\/secure.gravatar.com\/avatar\/b6992f131dc8d30ab0dff15446e9d346d9dbd95992de0fef795073f5ea83a81c?s=96&d=mm&r=g","url":"https:\/\/secure.gravatar.com\/avatar\/b6992f131dc8d30ab0dff15446e9d346d9dbd95992de0fef795073f5ea83a81c?s=96&d=mm&r=g","contentUrl":"https:\/\/secure.gravatar.com\/avatar\/b6992f131dc8d30ab0dff15446e9d346d9dbd95992de0fef795073f5ea83a81c?s=96&d=mm&r=g","caption":"La Gu\u00eda de Pamplona"}}]}},"post_mailing_queue_ids":[],"_links":{"self":[{"href":"https:\/\/www.laguiadepamplona.com\/actualidad\/wp-json\/wp\/v2\/posts\/37850","targetHints":{"allow":["GET"]}}],"collection":[{"href":"https:\/\/www.laguiadepamplona.com\/actualidad\/wp-json\/wp\/v2\/posts"}],"about":[{"href":"https:\/\/www.laguiadepamplona.com\/actualidad\/wp-json\/wp\/v2\/types\/post"}],"author":[{"embeddable":true,"href":"https:\/\/www.laguiadepamplona.com\/actualidad\/wp-json\/wp\/v2\/users\/1"}],"replies":[{"embeddable":true,"href":"https:\/\/www.laguiadepamplona.com\/actualidad\/wp-json\/wp\/v2\/comments?post=37850"}],"version-history":[{"count":0,"href":"https:\/\/www.laguiadepamplona.com\/actualidad\/wp-json\/wp\/v2\/posts\/37850\/revisions"}],"wp:featuredmedia":[{"embeddable":true,"href":"https:\/\/www.laguiadepamplona.com\/actualidad\/wp-json\/wp\/v2\/media\/37851"}],"wp:attachment":[{"href":"https:\/\/www.laguiadepamplona.com\/actualidad\/wp-json\/wp\/v2\/media?parent=37850"}],"wp:term":[{"taxonomy":"category","embeddable":true,"href":"https:\/\/www.laguiadepamplona.com\/actualidad\/wp-json\/wp\/v2\/categories?post=37850"},{"taxonomy":"post_tag","embeddable":true,"href":"https:\/\/www.laguiadepamplona.com\/actualidad\/wp-json\/wp\/v2\/tags?post=37850"}],"curies":[{"name":"wp","href":"https:\/\/api.w.org\/{rel}","templated":true}]}}