{"id":37842,"date":"2021-12-07T14:42:45","date_gmt":"2021-12-07T12:42:45","guid":{"rendered":"https:\/\/www.laguiadepamplona.com\/actualidad\/?p=37842"},"modified":"2023-04-11T11:48:42","modified_gmt":"2023-04-11T09:48:42","slug":"pamplona-conmemora-el-aniversario-del-hermanamiento-con-paderborn-con-la-publicacion-de-una-coleccion-de-ilustraciones-animadas-en-redes-sociales","status":"publish","type":"post","link":"https:\/\/www.laguiadepamplona.com\/actualidad\/pamplona-conmemora-el-aniversario-del-hermanamiento-con-paderborn-con-la-publicacion-de-una-coleccion-de-ilustraciones-animadas-en-redes-sociales\/","title":{"rendered":"Pamplona conmemora el aniversario del hermanamiento con Paderborn con la publicaci\u00f3n de una colecci\u00f3n de ilustraciones animadas en redes sociales"},"content":{"rendered":"<h5>Esta semana se cumplen 29 a\u00f1os del hermanamiento la ciudad alemana, que se firm\u00f3 en 1992<\/h5>\n<p><!--more--><\/p>\n<p>El Ayuntamiento de Pamplona ha publicado una colecci\u00f3n de 16 ilustraciones animadas que representan diferentes escenas y estados de \u00e1nimo a trav\u00e9s de personajes y simbolog\u00eda relacionados con Navarra y la ciudad alemana de Paderborn. Los \u2018stickers\u2019, como se conocer coloquialmente, creados por el artista Mikel Santos, \u2018Belatz\u2019, ya est\u00e1n disponibles para su uso en publicaciones de redes sociales, as\u00ed como optimizados para su utilizaci\u00f3n en aplicaciones de mensajer\u00eda instant\u00e1nea como WhatsApp. Con este gesto se quieren reforzar los lazos culturales entre ambas ciudades, tambi\u00e9n por nuevas v\u00edas de ocio y comunicaci\u00f3n digitales, que se mantienen desde 1992, a\u00f1o en el que se sell\u00f3 el hermanamiento.<br \/>\n<script async src=\"\/\/pagead2.googlesyndication.com\/pagead\/js\/adsbygoogle.js\"><\/script><br \/>\n<!-- Noticias La Guia de Pamplona --><br \/>\n<ins class=\"adsbygoogle\"\nstyle=\"display:block\"\ndata-ad-client=\"ca-pub-6943679897239327\"\ndata-ad-slot=\"7048180777\"\ndata-ad-format=\"auto\"><\/ins><br \/>\n<script>\n(adsbygoogle = window.adsbygoogle || []).push({});\n<\/script><\/p>\n<p>Teniendo en cuenta el auge de las redes sociales y que cada vez es m\u00e1s habitual la utilizaci\u00f3n de elementos gr\u00e1ficos para comunicarse a trav\u00e9s de ellas, el Ayuntamiento de Pamplona ha elegido este a\u00f1o esa v\u00eda para conmemorar el 19\u00ba aniversario del hermanamiento de la ciudad con la alemana de Paderborn. Como ya se hiciera con otras ciudades hermanadas, como Yamaguchi o la Pamplona colombiana, esta iniciativa recopila personajes, situaciones o lugares t\u00edpicos de cada una de las ciudades y los a\u00fana de manera divertida a trav\u00e9s de un sentimiento u emoci\u00f3n. As\u00ed, los usuarios de las diferentes redes podr\u00e1n utilizarlos para ilustrar momentos de diversi\u00f3n, amor, enfado o aceptaci\u00f3n.<\/p>\n<p>Adem\u00e1s de su disponibilidad en redes sociales, las ilustraciones tambi\u00e9n est\u00e1n optimizadas para su uso en la aplicaci\u00f3n de mensajer\u00eda instant\u00e1nea WhatsApp. Para hacerlo, es necesario descargarse un archivo que se encuentra en la web <a href=\"http:\/\/www.pamplona.es\/stickers-ciudades-hermanas\" target=\"_blank\" rel=\"noopener\">http:\/\/www.pamplona.es\/stickers-ciudades-hermanas<\/a> y que luego se puede compartir a trav\u00e9s de la propia aplicaci\u00f3n con todos los contactos. Para que WhatsApp pueda utilizarlas, habr\u00e1 que tener instalada en el m\u00f3vil la aplicaci\u00f3n gratuita Sticker Maker (disponible en Google Play o Apple Store) y ejecutar ese archivo con ella. La app abrir\u00e1 la colecci\u00f3n de stickers y el usuario solo deber\u00e1 pulsar en la opci\u00f3n \u2018a\u00f1adir a mi librer\u00eda\u201d. Desde ese momento ya estar\u00e1n disponibles entre las opciones de stickers que ofrece WhatsApp. Para hacer m\u00e1s sencilla esta tarea, en la web <a href=\"http:\/\/www.pamplona.es\/stickers-ciudades-hermanas\" target=\"_blank\" rel=\"noopener\">http:\/\/www.pamplona.es\/stickers-ciudades-hermanas<\/a> y en las redes sociales municipales se pueden encontrar los pasos que hay que seguir de una manera visual e intuitiva.<br \/>\n<script async src=\"\/\/pagead2.googlesyndication.com\/pagead\/js\/adsbygoogle.js\"><\/script><br \/>\n<!-- Noticias La Guia de Pamplona --><br \/>\n<ins class=\"adsbygoogle\"\nstyle=\"display:block\"\ndata-ad-client=\"ca-pub-6943679897239327\"\ndata-ad-slot=\"7048180777\"\ndata-ad-format=\"auto\"><\/ins><br \/>\n<script>\n(adsbygoogle = window.adsbygoogle || []).push({});\n<\/script><\/p>\n<p><strong>Artistas navarros ilustran de una manera divertida los v\u00ednculos que comparten las ciudades hermanas<\/strong><\/p>\n<p>El Ayuntamiento sigue completando con esta publicaci\u00f3n su colecci\u00f3n de \u2018stickers\u2019 con ciudades hermanas, que ya cuenta con las im\u00e1genes de Yamaguchi, Pamplona de Colombia y Paderborn, a las que pr\u00f3ximamente se sumar\u00e1n las de Bayona. Y todas ellas han sido elaboradas por artistas navarros. El ilustrador C\u00e9sar Oroz fue el encargado de realizar la primera para reforzar por esta v\u00eda los v\u00ednculos culturales con Yamaguchi y despu\u00e9s la creadora Raquel Samitier le sigui\u00f3 con el mismo acometido en este caso con las Pamplonas navarra y colombiana como protagonistas. La nueva colecci\u00f3n, en torno a la relaci\u00f3n de la capital navarra y Paderborn ha sido dise\u00f1ada por el dibujante, guionista e ilustrador Mikel Santos, m\u00e1s conocido como \u2018Belatz\u2019. En su trayectoria profesional figura haber formado parte de Kukuxumusu y, posteriormente, del equipo creativo de Mikel Urmeneta, adem\u00e1s de la publicaci\u00f3n de varios libros de texto y cuentos infantiles.<\/p>\n<p>Paderborn (Alemania) y Pamplona celebran esta semana el aniversario de su hermanamiento, un acuerdo de amistad y colaboraci\u00f3n entre ambas ciudades que se firm\u00f3 un 6 de diciembre de 1992 con el fin de que sus poblaciones e instituciones estrechen lazos culturales, econ\u00f3micos, sociales o deportivos, as\u00ed como para promover proyectos que redunden en el beneficio de su ciudadan\u00eda. Pamplona, adem\u00e1s de con la ciudad alemana, est\u00e1 hermanada con Bayona desde 1960, la ciudad japonesa Yamaguchi (1980), y la colombiana Pamplona (2001), ciudades con las que tambi\u00e9n mantiene lazos de amistad y colaboraci\u00f3n.<\/p>\n","protected":false},"excerpt":{"rendered":"<p>Esta semana se cumplen 29 a\u00f1os del hermanamiento la ciudad alemana, que se firm\u00f3 en 1992<\/p>\n","protected":false},"author":1,"featured_media":37843,"comment_status":"open","ping_status":"closed","sticky":false,"template":"","format":"standard","meta":{"footnotes":""},"categories":[2],"tags":[],"class_list":["post-37842","post","type-post","status-publish","format-standard","has-post-thumbnail","hentry","category-ayuntamiento-pamplona"],"yoast_head":"<!-- This site is optimized with the Yoast SEO plugin v27.3 - https:\/\/yoast.com\/product\/yoast-seo-wordpress\/ -->\n<title>Pamplona conmemora el aniversario del hermanamiento con Paderborn con la publicaci\u00f3n de una colecci\u00f3n de ilustraciones animadas en redes sociales<\/title>\n<meta name=\"description\" content=\"Esta semana se cumplen 29 a\u00f1os del hermanamiento la ciudad alemana, que se firm\u00f3 en 1992\" \/>\n<meta name=\"robots\" content=\"index, follow, max-snippet:-1, max-image-preview:large, max-video-preview:-1\" \/>\n<link rel=\"canonical\" href=\"https:\/\/www.laguiadepamplona.com\/actualidad\/pamplona-conmemora-el-aniversario-del-hermanamiento-con-paderborn-con-la-publicacion-de-una-coleccion-de-ilustraciones-animadas-en-redes-sociales\/\" \/>\n<meta property=\"og:locale\" content=\"es_ES\" \/>\n<meta property=\"og:type\" content=\"article\" \/>\n<meta property=\"og:title\" content=\"Pamplona conmemora el aniversario del hermanamiento con Paderborn con la publicaci\u00f3n de una colecci\u00f3n de ilustraciones animadas en redes sociales\" \/>\n<meta property=\"og:description\" content=\"Esta semana se cumplen 29 a\u00f1os del hermanamiento la ciudad alemana, que se firm\u00f3 en 1992\" \/>\n<meta property=\"og:url\" content=\"https:\/\/www.laguiadepamplona.com\/actualidad\/pamplona-conmemora-el-aniversario-del-hermanamiento-con-paderborn-con-la-publicacion-de-una-coleccion-de-ilustraciones-animadas-en-redes-sociales\/\" \/>\n<meta property=\"og:site_name\" content=\"La Gu\u00eda de Pamplona\" \/>\n<meta property=\"article:publisher\" content=\"https:\/\/www.facebook.com\/laguiadepamplonacom-133175176762273\/?ref=hl\" \/>\n<meta property=\"article:published_time\" content=\"2021-12-07T12:42:45+00:00\" \/>\n<meta property=\"article:modified_time\" content=\"2023-04-11T09:48:42+00:00\" \/>\n<meta property=\"og:image\" content=\"https:\/\/www.laguiadepamplona.com\/actualidad\/wp-content\/uploads\/2021\/12\/paderborn-pamplona.jpg\" \/>\n\t<meta property=\"og:image:width\" content=\"827\" \/>\n\t<meta property=\"og:image:height\" content=\"827\" \/>\n\t<meta property=\"og:image:type\" content=\"image\/jpeg\" \/>\n<meta name=\"author\" content=\"La Gu\u00eda de Pamplona\" \/>\n<meta name=\"twitter:card\" content=\"summary_large_image\" \/>\n<meta name=\"twitter:creator\" content=\"@LaGuiadPamplona\" \/>\n<meta name=\"twitter:site\" content=\"@LaGuiadPamplona\" \/>\n<meta name=\"twitter:label1\" content=\"Escrito por\" \/>\n\t<meta name=\"twitter:data1\" content=\"La Gu\u00eda de Pamplona\" \/>\n\t<meta name=\"twitter:label2\" content=\"Tiempo de lectura\" \/>\n\t<meta name=\"twitter:data2\" content=\"3 minutos\" \/>\n<script type=\"application\/ld+json\" class=\"yoast-schema-graph\">{\"@context\":\"https:\\\/\\\/schema.org\",\"@graph\":[{\"@type\":\"Article\",\"@id\":\"https:\\\/\\\/www.laguiadepamplona.com\\\/actualidad\\\/pamplona-conmemora-el-aniversario-del-hermanamiento-con-paderborn-con-la-publicacion-de-una-coleccion-de-ilustraciones-animadas-en-redes-sociales\\\/#article\",\"isPartOf\":{\"@id\":\"https:\\\/\\\/www.laguiadepamplona.com\\\/actualidad\\\/pamplona-conmemora-el-aniversario-del-hermanamiento-con-paderborn-con-la-publicacion-de-una-coleccion-de-ilustraciones-animadas-en-redes-sociales\\\/\"},\"author\":{\"name\":\"La Gu\u00eda de Pamplona\",\"@id\":\"https:\\\/\\\/www.laguiadepamplona.com\\\/actualidad\\\/#\\\/schema\\\/person\\\/efe887376f0213d4657c93adc50b1fdb\"},\"headline\":\"Pamplona conmemora el aniversario del hermanamiento con Paderborn con la publicaci\u00f3n de una colecci\u00f3n de ilustraciones animadas en redes sociales\",\"datePublished\":\"2021-12-07T12:42:45+00:00\",\"dateModified\":\"2023-04-11T09:48:42+00:00\",\"mainEntityOfPage\":{\"@id\":\"https:\\\/\\\/www.laguiadepamplona.com\\\/actualidad\\\/pamplona-conmemora-el-aniversario-del-hermanamiento-con-paderborn-con-la-publicacion-de-una-coleccion-de-ilustraciones-animadas-en-redes-sociales\\\/\"},\"wordCount\":718,\"commentCount\":0,\"publisher\":{\"@id\":\"https:\\\/\\\/www.laguiadepamplona.com\\\/actualidad\\\/#organization\"},\"image\":{\"@id\":\"https:\\\/\\\/www.laguiadepamplona.com\\\/actualidad\\\/pamplona-conmemora-el-aniversario-del-hermanamiento-con-paderborn-con-la-publicacion-de-una-coleccion-de-ilustraciones-animadas-en-redes-sociales\\\/#primaryimage\"},\"thumbnailUrl\":\"https:\\\/\\\/www.laguiadepamplona.com\\\/actualidad\\\/wp-content\\\/uploads\\\/2021\\\/12\\\/paderborn-pamplona.jpg\",\"articleSection\":[\"Ayto Pamplona\"],\"inLanguage\":\"es\",\"potentialAction\":[{\"@type\":\"CommentAction\",\"name\":\"Comment\",\"target\":[\"https:\\\/\\\/www.laguiadepamplona.com\\\/actualidad\\\/pamplona-conmemora-el-aniversario-del-hermanamiento-con-paderborn-con-la-publicacion-de-una-coleccion-de-ilustraciones-animadas-en-redes-sociales\\\/#respond\"]}]},{\"@type\":\"WebPage\",\"@id\":\"https:\\\/\\\/www.laguiadepamplona.com\\\/actualidad\\\/pamplona-conmemora-el-aniversario-del-hermanamiento-con-paderborn-con-la-publicacion-de-una-coleccion-de-ilustraciones-animadas-en-redes-sociales\\\/\",\"url\":\"https:\\\/\\\/www.laguiadepamplona.com\\\/actualidad\\\/pamplona-conmemora-el-aniversario-del-hermanamiento-con-paderborn-con-la-publicacion-de-una-coleccion-de-ilustraciones-animadas-en-redes-sociales\\\/\",\"name\":\"Pamplona conmemora el aniversario del hermanamiento con Paderborn con la publicaci\u00f3n de una colecci\u00f3n de ilustraciones animadas en redes sociales\",\"isPartOf\":{\"@id\":\"https:\\\/\\\/www.laguiadepamplona.com\\\/actualidad\\\/#website\"},\"primaryImageOfPage\":{\"@id\":\"https:\\\/\\\/www.laguiadepamplona.com\\\/actualidad\\\/pamplona-conmemora-el-aniversario-del-hermanamiento-con-paderborn-con-la-publicacion-de-una-coleccion-de-ilustraciones-animadas-en-redes-sociales\\\/#primaryimage\"},\"image\":{\"@id\":\"https:\\\/\\\/www.laguiadepamplona.com\\\/actualidad\\\/pamplona-conmemora-el-aniversario-del-hermanamiento-con-paderborn-con-la-publicacion-de-una-coleccion-de-ilustraciones-animadas-en-redes-sociales\\\/#primaryimage\"},\"thumbnailUrl\":\"https:\\\/\\\/www.laguiadepamplona.com\\\/actualidad\\\/wp-content\\\/uploads\\\/2021\\\/12\\\/paderborn-pamplona.jpg\",\"datePublished\":\"2021-12-07T12:42:45+00:00\",\"dateModified\":\"2023-04-11T09:48:42+00:00\",\"description\":\"Esta semana se cumplen 29 a\u00f1os del hermanamiento la ciudad alemana, que se firm\u00f3 en 1992\",\"breadcrumb\":{\"@id\":\"https:\\\/\\\/www.laguiadepamplona.com\\\/actualidad\\\/pamplona-conmemora-el-aniversario-del-hermanamiento-con-paderborn-con-la-publicacion-de-una-coleccion-de-ilustraciones-animadas-en-redes-sociales\\\/#breadcrumb\"},\"inLanguage\":\"es\",\"potentialAction\":[{\"@type\":\"ReadAction\",\"target\":[\"https:\\\/\\\/www.laguiadepamplona.com\\\/actualidad\\\/pamplona-conmemora-el-aniversario-del-hermanamiento-con-paderborn-con-la-publicacion-de-una-coleccion-de-ilustraciones-animadas-en-redes-sociales\\\/\"]}]},{\"@type\":\"ImageObject\",\"inLanguage\":\"es\",\"@id\":\"https:\\\/\\\/www.laguiadepamplona.com\\\/actualidad\\\/pamplona-conmemora-el-aniversario-del-hermanamiento-con-paderborn-con-la-publicacion-de-una-coleccion-de-ilustraciones-animadas-en-redes-sociales\\\/#primaryimage\",\"url\":\"https:\\\/\\\/www.laguiadepamplona.com\\\/actualidad\\\/wp-content\\\/uploads\\\/2021\\\/12\\\/paderborn-pamplona.jpg\",\"contentUrl\":\"https:\\\/\\\/www.laguiadepamplona.com\\\/actualidad\\\/wp-content\\\/uploads\\\/2021\\\/12\\\/paderborn-pamplona.jpg\",\"width\":827,\"height\":827},{\"@type\":\"BreadcrumbList\",\"@id\":\"https:\\\/\\\/www.laguiadepamplona.com\\\/actualidad\\\/pamplona-conmemora-el-aniversario-del-hermanamiento-con-paderborn-con-la-publicacion-de-una-coleccion-de-ilustraciones-animadas-en-redes-sociales\\\/#breadcrumb\",\"itemListElement\":[{\"@type\":\"ListItem\",\"position\":1,\"name\":\"Portada\",\"item\":\"https:\\\/\\\/www.laguiadepamplona.com\\\/actualidad\\\/\"},{\"@type\":\"ListItem\",\"position\":2,\"name\":\"Pamplona conmemora el aniversario del hermanamiento con Paderborn con la publicaci\u00f3n de una colecci\u00f3n de ilustraciones animadas en redes sociales\"}]},{\"@type\":\"WebSite\",\"@id\":\"https:\\\/\\\/www.laguiadepamplona.com\\\/actualidad\\\/#website\",\"url\":\"https:\\\/\\\/www.laguiadepamplona.com\\\/actualidad\\\/\",\"name\":\"La gu\u00eda de Pamplona\",\"description\":\"Noticias de Pamplona\",\"publisher\":{\"@id\":\"https:\\\/\\\/www.laguiadepamplona.com\\\/actualidad\\\/#organization\"},\"potentialAction\":[{\"@type\":\"SearchAction\",\"target\":{\"@type\":\"EntryPoint\",\"urlTemplate\":\"https:\\\/\\\/www.laguiadepamplona.com\\\/actualidad\\\/?s={search_term_string}\"},\"query-input\":{\"@type\":\"PropertyValueSpecification\",\"valueRequired\":true,\"valueName\":\"search_term_string\"}}],\"inLanguage\":\"es\"},{\"@type\":\"Organization\",\"@id\":\"https:\\\/\\\/www.laguiadepamplona.com\\\/actualidad\\\/#organization\",\"name\":\"La Gu\u00eda de Pamplona \\\/ Noticias\",\"url\":\"https:\\\/\\\/www.laguiadepamplona.com\\\/actualidad\\\/\",\"logo\":{\"@type\":\"ImageObject\",\"inLanguage\":\"es\",\"@id\":\"https:\\\/\\\/www.laguiadepamplona.com\\\/actualidad\\\/#\\\/schema\\\/logo\\\/image\\\/\",\"url\":\"https:\\\/\\\/www.laguiadepamplona.com\\\/actualidad\\\/wp-content\\\/uploads\\\/2018\\\/11\\\/logo-laguiadepamplona18-web1.png\",\"contentUrl\":\"https:\\\/\\\/www.laguiadepamplona.com\\\/actualidad\\\/wp-content\\\/uploads\\\/2018\\\/11\\\/logo-laguiadepamplona18-web1.png\",\"width\":600,\"height\":196,\"caption\":\"La Gu\u00eda de Pamplona \\\/ Noticias\"},\"image\":{\"@id\":\"https:\\\/\\\/www.laguiadepamplona.com\\\/actualidad\\\/#\\\/schema\\\/logo\\\/image\\\/\"},\"sameAs\":[\"https:\\\/\\\/www.facebook.com\\\/laguiadepamplonacom-133175176762273\\\/?ref=hl\",\"https:\\\/\\\/x.com\\\/LaGuiadPamplona\",\"https:\\\/\\\/www.instagram.com\\\/la_guia_de_pamplona\\\/\",\"https:\\\/\\\/www.youtube.com\\\/user\\\/laguiadepamplona\"]},{\"@type\":\"Person\",\"@id\":\"https:\\\/\\\/www.laguiadepamplona.com\\\/actualidad\\\/#\\\/schema\\\/person\\\/efe887376f0213d4657c93adc50b1fdb\",\"name\":\"La Gu\u00eda de Pamplona\",\"image\":{\"@type\":\"ImageObject\",\"inLanguage\":\"es\",\"@id\":\"https:\\\/\\\/secure.gravatar.com\\\/avatar\\\/b6992f131dc8d30ab0dff15446e9d346d9dbd95992de0fef795073f5ea83a81c?s=96&d=mm&r=g\",\"url\":\"https:\\\/\\\/secure.gravatar.com\\\/avatar\\\/b6992f131dc8d30ab0dff15446e9d346d9dbd95992de0fef795073f5ea83a81c?s=96&d=mm&r=g\",\"contentUrl\":\"https:\\\/\\\/secure.gravatar.com\\\/avatar\\\/b6992f131dc8d30ab0dff15446e9d346d9dbd95992de0fef795073f5ea83a81c?s=96&d=mm&r=g\",\"caption\":\"La Gu\u00eda de Pamplona\"}}]}<\/script>\n<!-- \/ Yoast SEO plugin. -->","yoast_head_json":{"title":"Pamplona conmemora el aniversario del hermanamiento con Paderborn con la publicaci\u00f3n de una colecci\u00f3n de ilustraciones animadas en redes sociales","description":"Esta semana se cumplen 29 a\u00f1os del hermanamiento la ciudad alemana, que se firm\u00f3 en 1992","robots":{"index":"index","follow":"follow","max-snippet":"max-snippet:-1","max-image-preview":"max-image-preview:large","max-video-preview":"max-video-preview:-1"},"canonical":"https:\/\/www.laguiadepamplona.com\/actualidad\/pamplona-conmemora-el-aniversario-del-hermanamiento-con-paderborn-con-la-publicacion-de-una-coleccion-de-ilustraciones-animadas-en-redes-sociales\/","og_locale":"es_ES","og_type":"article","og_title":"Pamplona conmemora el aniversario del hermanamiento con Paderborn con la publicaci\u00f3n de una colecci\u00f3n de ilustraciones animadas en redes sociales","og_description":"Esta semana se cumplen 29 a\u00f1os del hermanamiento la ciudad alemana, que se firm\u00f3 en 1992","og_url":"https:\/\/www.laguiadepamplona.com\/actualidad\/pamplona-conmemora-el-aniversario-del-hermanamiento-con-paderborn-con-la-publicacion-de-una-coleccion-de-ilustraciones-animadas-en-redes-sociales\/","og_site_name":"La Gu\u00eda de Pamplona","article_publisher":"https:\/\/www.facebook.com\/laguiadepamplonacom-133175176762273\/?ref=hl","article_published_time":"2021-12-07T12:42:45+00:00","article_modified_time":"2023-04-11T09:48:42+00:00","og_image":[{"width":827,"height":827,"url":"https:\/\/www.laguiadepamplona.com\/actualidad\/wp-content\/uploads\/2021\/12\/paderborn-pamplona.jpg","type":"image\/jpeg"}],"author":"La Gu\u00eda de Pamplona","twitter_card":"summary_large_image","twitter_creator":"@LaGuiadPamplona","twitter_site":"@LaGuiadPamplona","twitter_misc":{"Escrito por":"La Gu\u00eda de Pamplona","Tiempo de lectura":"3 minutos"},"schema":{"@context":"https:\/\/schema.org","@graph":[{"@type":"Article","@id":"https:\/\/www.laguiadepamplona.com\/actualidad\/pamplona-conmemora-el-aniversario-del-hermanamiento-con-paderborn-con-la-publicacion-de-una-coleccion-de-ilustraciones-animadas-en-redes-sociales\/#article","isPartOf":{"@id":"https:\/\/www.laguiadepamplona.com\/actualidad\/pamplona-conmemora-el-aniversario-del-hermanamiento-con-paderborn-con-la-publicacion-de-una-coleccion-de-ilustraciones-animadas-en-redes-sociales\/"},"author":{"name":"La Gu\u00eda de Pamplona","@id":"https:\/\/www.laguiadepamplona.com\/actualidad\/#\/schema\/person\/efe887376f0213d4657c93adc50b1fdb"},"headline":"Pamplona conmemora el aniversario del hermanamiento con Paderborn con la publicaci\u00f3n de una colecci\u00f3n de ilustraciones animadas en redes sociales","datePublished":"2021-12-07T12:42:45+00:00","dateModified":"2023-04-11T09:48:42+00:00","mainEntityOfPage":{"@id":"https:\/\/www.laguiadepamplona.com\/actualidad\/pamplona-conmemora-el-aniversario-del-hermanamiento-con-paderborn-con-la-publicacion-de-una-coleccion-de-ilustraciones-animadas-en-redes-sociales\/"},"wordCount":718,"commentCount":0,"publisher":{"@id":"https:\/\/www.laguiadepamplona.com\/actualidad\/#organization"},"image":{"@id":"https:\/\/www.laguiadepamplona.com\/actualidad\/pamplona-conmemora-el-aniversario-del-hermanamiento-con-paderborn-con-la-publicacion-de-una-coleccion-de-ilustraciones-animadas-en-redes-sociales\/#primaryimage"},"thumbnailUrl":"https:\/\/www.laguiadepamplona.com\/actualidad\/wp-content\/uploads\/2021\/12\/paderborn-pamplona.jpg","articleSection":["Ayto Pamplona"],"inLanguage":"es","potentialAction":[{"@type":"CommentAction","name":"Comment","target":["https:\/\/www.laguiadepamplona.com\/actualidad\/pamplona-conmemora-el-aniversario-del-hermanamiento-con-paderborn-con-la-publicacion-de-una-coleccion-de-ilustraciones-animadas-en-redes-sociales\/#respond"]}]},{"@type":"WebPage","@id":"https:\/\/www.laguiadepamplona.com\/actualidad\/pamplona-conmemora-el-aniversario-del-hermanamiento-con-paderborn-con-la-publicacion-de-una-coleccion-de-ilustraciones-animadas-en-redes-sociales\/","url":"https:\/\/www.laguiadepamplona.com\/actualidad\/pamplona-conmemora-el-aniversario-del-hermanamiento-con-paderborn-con-la-publicacion-de-una-coleccion-de-ilustraciones-animadas-en-redes-sociales\/","name":"Pamplona conmemora el aniversario del hermanamiento con Paderborn con la publicaci\u00f3n de una colecci\u00f3n de ilustraciones animadas en redes sociales","isPartOf":{"@id":"https:\/\/www.laguiadepamplona.com\/actualidad\/#website"},"primaryImageOfPage":{"@id":"https:\/\/www.laguiadepamplona.com\/actualidad\/pamplona-conmemora-el-aniversario-del-hermanamiento-con-paderborn-con-la-publicacion-de-una-coleccion-de-ilustraciones-animadas-en-redes-sociales\/#primaryimage"},"image":{"@id":"https:\/\/www.laguiadepamplona.com\/actualidad\/pamplona-conmemora-el-aniversario-del-hermanamiento-con-paderborn-con-la-publicacion-de-una-coleccion-de-ilustraciones-animadas-en-redes-sociales\/#primaryimage"},"thumbnailUrl":"https:\/\/www.laguiadepamplona.com\/actualidad\/wp-content\/uploads\/2021\/12\/paderborn-pamplona.jpg","datePublished":"2021-12-07T12:42:45+00:00","dateModified":"2023-04-11T09:48:42+00:00","description":"Esta semana se cumplen 29 a\u00f1os del hermanamiento la ciudad alemana, que se firm\u00f3 en 1992","breadcrumb":{"@id":"https:\/\/www.laguiadepamplona.com\/actualidad\/pamplona-conmemora-el-aniversario-del-hermanamiento-con-paderborn-con-la-publicacion-de-una-coleccion-de-ilustraciones-animadas-en-redes-sociales\/#breadcrumb"},"inLanguage":"es","potentialAction":[{"@type":"ReadAction","target":["https:\/\/www.laguiadepamplona.com\/actualidad\/pamplona-conmemora-el-aniversario-del-hermanamiento-con-paderborn-con-la-publicacion-de-una-coleccion-de-ilustraciones-animadas-en-redes-sociales\/"]}]},{"@type":"ImageObject","inLanguage":"es","@id":"https:\/\/www.laguiadepamplona.com\/actualidad\/pamplona-conmemora-el-aniversario-del-hermanamiento-con-paderborn-con-la-publicacion-de-una-coleccion-de-ilustraciones-animadas-en-redes-sociales\/#primaryimage","url":"https:\/\/www.laguiadepamplona.com\/actualidad\/wp-content\/uploads\/2021\/12\/paderborn-pamplona.jpg","contentUrl":"https:\/\/www.laguiadepamplona.com\/actualidad\/wp-content\/uploads\/2021\/12\/paderborn-pamplona.jpg","width":827,"height":827},{"@type":"BreadcrumbList","@id":"https:\/\/www.laguiadepamplona.com\/actualidad\/pamplona-conmemora-el-aniversario-del-hermanamiento-con-paderborn-con-la-publicacion-de-una-coleccion-de-ilustraciones-animadas-en-redes-sociales\/#breadcrumb","itemListElement":[{"@type":"ListItem","position":1,"name":"Portada","item":"https:\/\/www.laguiadepamplona.com\/actualidad\/"},{"@type":"ListItem","position":2,"name":"Pamplona conmemora el aniversario del hermanamiento con Paderborn con la publicaci\u00f3n de una colecci\u00f3n de ilustraciones animadas en redes sociales"}]},{"@type":"WebSite","@id":"https:\/\/www.laguiadepamplona.com\/actualidad\/#website","url":"https:\/\/www.laguiadepamplona.com\/actualidad\/","name":"La gu\u00eda de Pamplona","description":"Noticias de Pamplona","publisher":{"@id":"https:\/\/www.laguiadepamplona.com\/actualidad\/#organization"},"potentialAction":[{"@type":"SearchAction","target":{"@type":"EntryPoint","urlTemplate":"https:\/\/www.laguiadepamplona.com\/actualidad\/?s={search_term_string}"},"query-input":{"@type":"PropertyValueSpecification","valueRequired":true,"valueName":"search_term_string"}}],"inLanguage":"es"},{"@type":"Organization","@id":"https:\/\/www.laguiadepamplona.com\/actualidad\/#organization","name":"La Gu\u00eda de Pamplona \/ Noticias","url":"https:\/\/www.laguiadepamplona.com\/actualidad\/","logo":{"@type":"ImageObject","inLanguage":"es","@id":"https:\/\/www.laguiadepamplona.com\/actualidad\/#\/schema\/logo\/image\/","url":"https:\/\/www.laguiadepamplona.com\/actualidad\/wp-content\/uploads\/2018\/11\/logo-laguiadepamplona18-web1.png","contentUrl":"https:\/\/www.laguiadepamplona.com\/actualidad\/wp-content\/uploads\/2018\/11\/logo-laguiadepamplona18-web1.png","width":600,"height":196,"caption":"La Gu\u00eda de Pamplona \/ Noticias"},"image":{"@id":"https:\/\/www.laguiadepamplona.com\/actualidad\/#\/schema\/logo\/image\/"},"sameAs":["https:\/\/www.facebook.com\/laguiadepamplonacom-133175176762273\/?ref=hl","https:\/\/x.com\/LaGuiadPamplona","https:\/\/www.instagram.com\/la_guia_de_pamplona\/","https:\/\/www.youtube.com\/user\/laguiadepamplona"]},{"@type":"Person","@id":"https:\/\/www.laguiadepamplona.com\/actualidad\/#\/schema\/person\/efe887376f0213d4657c93adc50b1fdb","name":"La Gu\u00eda de Pamplona","image":{"@type":"ImageObject","inLanguage":"es","@id":"https:\/\/secure.gravatar.com\/avatar\/b6992f131dc8d30ab0dff15446e9d346d9dbd95992de0fef795073f5ea83a81c?s=96&d=mm&r=g","url":"https:\/\/secure.gravatar.com\/avatar\/b6992f131dc8d30ab0dff15446e9d346d9dbd95992de0fef795073f5ea83a81c?s=96&d=mm&r=g","contentUrl":"https:\/\/secure.gravatar.com\/avatar\/b6992f131dc8d30ab0dff15446e9d346d9dbd95992de0fef795073f5ea83a81c?s=96&d=mm&r=g","caption":"La Gu\u00eda de Pamplona"}}]}},"post_mailing_queue_ids":[],"_links":{"self":[{"href":"https:\/\/www.laguiadepamplona.com\/actualidad\/wp-json\/wp\/v2\/posts\/37842","targetHints":{"allow":["GET"]}}],"collection":[{"href":"https:\/\/www.laguiadepamplona.com\/actualidad\/wp-json\/wp\/v2\/posts"}],"about":[{"href":"https:\/\/www.laguiadepamplona.com\/actualidad\/wp-json\/wp\/v2\/types\/post"}],"author":[{"embeddable":true,"href":"https:\/\/www.laguiadepamplona.com\/actualidad\/wp-json\/wp\/v2\/users\/1"}],"replies":[{"embeddable":true,"href":"https:\/\/www.laguiadepamplona.com\/actualidad\/wp-json\/wp\/v2\/comments?post=37842"}],"version-history":[{"count":0,"href":"https:\/\/www.laguiadepamplona.com\/actualidad\/wp-json\/wp\/v2\/posts\/37842\/revisions"}],"wp:featuredmedia":[{"embeddable":true,"href":"https:\/\/www.laguiadepamplona.com\/actualidad\/wp-json\/wp\/v2\/media\/37843"}],"wp:attachment":[{"href":"https:\/\/www.laguiadepamplona.com\/actualidad\/wp-json\/wp\/v2\/media?parent=37842"}],"wp:term":[{"taxonomy":"category","embeddable":true,"href":"https:\/\/www.laguiadepamplona.com\/actualidad\/wp-json\/wp\/v2\/categories?post=37842"},{"taxonomy":"post_tag","embeddable":true,"href":"https:\/\/www.laguiadepamplona.com\/actualidad\/wp-json\/wp\/v2\/tags?post=37842"}],"curies":[{"name":"wp","href":"https:\/\/api.w.org\/{rel}","templated":true}]}}